{"id":20002,"date":"2025-06-18T08:27:29","date_gmt":"2025-06-18T14:27:29","guid":{"rendered":"https:\/\/soymigrante.com\/revista\/?p=20002"},"modified":"2025-06-18T08:28:15","modified_gmt":"2025-06-18T14:28:15","slug":"el-arte-del-bonsai-la-pasion-que-cultiva-jeconias-guzman-esta-ahora-en-mercado","status":"publish","type":"post","link":"https:\/\/soymigrante.com\/revista\/el-arte-del-bonsai-la-pasion-que-cultiva-jeconias-guzman-esta-ahora-en-mercado\/","title":{"rendered":"El arte vivo del Bonsai es cultivado por Jecon\u00edas Guzm\u00e1n en Chimaltenango y est\u00e1 en MERCADO"},"content":{"rendered":"\t\t<div data-elementor-type=\"wp-post\" data-elementor-id=\"20002\" class=\"elementor elementor-20002\" data-elementor-post-type=\"post\">\n\t\t\t\t<div data-particle_enable=\"false\" data-particle-mobile-disabled=\"false\" class=\"elementor-element elementor-element-d228dc6 e-flex e-con-boxed e-con e-parent\" data-id=\"d228dc6\" data-element_type=\"container\" data-e-type=\"container\">\n\t\t\t\t\t<div class=\"e-con-inner\">\n\t\t\t\t<div class=\"elementor-element elementor-element-af94d25 elementor-widget elementor-widget-heading\" data-id=\"af94d25\" data-element_type=\"widget\" data-e-type=\"widget\" data-widget_type=\"heading.default\">\n\t\t\t\t\t<h2 class=\"elementor-heading-title elementor-size-default\">El arte de crear bons\u00e1i despert\u00f3 en Jenocias Guzm\u00e1n, un motivo para emprender y mostrar su talento que ahora promociona  en SoyMigrante.com MERCADO. \n<\/h2>\t\t\t\t<\/div>\n\t\t\t\t\t<\/div>\n\t\t\t\t<\/div>\n\t\t<div data-particle_enable=\"false\" data-particle-mobile-disabled=\"false\" class=\"elementor-element elementor-element-e5b33d3 e-flex e-con-boxed e-con e-parent\" data-id=\"e5b33d3\" data-element_type=\"container\" data-e-type=\"container\">\n\t\t\t\t\t<div class=\"e-con-inner\">\n\t\t\t\t<div class=\"elementor-element elementor-element-dd0bdb2 elementor-widget elementor-widget-text-editor\" data-id=\"dd0bdb2\" data-element_type=\"widget\" data-e-type=\"widget\" data-widget_type=\"text-editor.default\">\n\t\t\t\t\t\t\t\t\t<p>En Zaragoza, Chimaltenango, Ernesto Jeconias Salvador Guzm\u00e1n, de 30 a\u00f1os, ha transformado su pasi\u00f3n por la naturaleza en un arte detallado, vivo y fascinante: el cultivo de los \u00e1rboles miniatura, con la t\u00e9cnica japonesa conocida como Bonsai.<\/p><p>Con 15 a\u00f1os de experiencia, su dedicaci\u00f3n y amor por esta t\u00e9cnica milenaria lo han convertido en un referente local en el cultivo y dise\u00f1o de estas peque\u00f1as maravillas.<\/p>\t\t\t\t\t\t\t\t<\/div>\n\t\t\t\t\t<\/div>\n\t\t\t\t<\/div>\n\t\t<div data-particle_enable=\"false\" data-particle-mobile-disabled=\"false\" class=\"elementor-element elementor-element-c088c2b e-flex e-con-boxed e-con e-parent\" data-id=\"c088c2b\" data-element_type=\"container\" data-e-type=\"container\">\n\t\t\t\t\t<div class=\"e-con-inner\">\n\t\t\t\t<div class=\"elementor-element elementor-element-ad92f25 elementor-widget elementor-widget-video\" data-id=\"ad92f25\" data-element_type=\"widget\" data-e-type=\"widget\" data-settings=\"{&quot;youtube_url&quot;:&quot;https:\\\/\\\/www.youtube.com\\\/watch?v=TMWHcK5qPtA&quot;,&quot;video_type&quot;:&quot;youtube&quot;,&quot;controls&quot;:&quot;yes&quot;}\" data-widget_type=\"video.default\">\n\t\t\t\t\t\t\t<div class=\"elementor-wrapper elementor-open-inline\">\n\t\t\t<div class=\"elementor-video\"><\/div>\t\t<\/div>\n\t\t\t\t\t\t<\/div>\n\t\t\t\t\t<\/div>\n\t\t\t\t<\/div>\n\t\t<div data-particle_enable=\"false\" data-particle-mobile-disabled=\"false\" class=\"elementor-element elementor-element-6b9e5b2 e-flex e-con-boxed e-con e-parent\" data-id=\"6b9e5b2\" data-element_type=\"container\" data-e-type=\"container\">\n\t\t\t\t\t<div class=\"e-con-inner\">\n\t\t\t\t<div class=\"elementor-element elementor-element-071956c elementor-widget elementor-widget-text-editor\" data-id=\"071956c\" data-element_type=\"widget\" data-e-type=\"widget\" data-widget_type=\"text-editor.default\">\n\t\t\t\t\t\t\t\t\t<p>La tienda digital <a href=\"https:\/\/soymigrante.com\/mercado\/marketplace\/seller\/profile\/bonsaichimaltenango\" target=\"_blank\" rel=\"noopener\">Bons\u00e1i Chimaltenango<\/a> ya est\u00e1 abierta en <a href=\"https:\/\/soymigrante.com\/mercado\/\" target=\"_blank\" rel=\"noopener\">SoyMigrante.com MERCADO<\/a>, la comunidad en l\u00ednea creada para que emprendedores y compradores guatemaltecos se encuentren: un proyecto activo, proactivo e innovador para peque\u00f1os negocios y creadores de productos elaborados a mano, detr\u00e1s de las cuales siempre hay una historia. Y esta es la historia <a href=\"https:\/\/soymigrante.com\/mercado\/marketplace\/seller\/profile\/bonsaichimaltenango\" target=\"_blank\" rel=\"noopener\">Bons\u00e1i Chimaltenango.<\/a><\/p>\t\t\t\t\t\t\t\t<\/div>\n\t\t\t\t\t<\/div>\n\t\t\t\t<\/div>\n\t\t<div data-particle_enable=\"false\" data-particle-mobile-disabled=\"false\" class=\"elementor-element elementor-element-289ac48 e-flex e-con-boxed e-con e-parent\" data-id=\"289ac48\" data-element_type=\"container\" data-e-type=\"container\">\n\t\t\t\t\t<div class=\"e-con-inner\">\n\t\t\t\t<div class=\"elementor-element elementor-element-f63089b elementor-widget elementor-widget-image\" data-id=\"f63089b\" data-element_type=\"widget\" data-e-type=\"widget\" data-widget_type=\"image.default\">\n\t\t\t\t\t\t\t\t\t\t\t\t\t\t\t<img fetchpriority=\"high\" decoding=\"async\" width=\"768\" height=\"359\" src=\"https:\/\/soymigrante.com\/revista\/wp-content\/uploads\/2025\/01\/El-arte-del-bonsa\u0301i-la-pasio\u0301n-que-cultiva-Jeconias-Guzma\u0301n1-1024x478.png\" class=\"attachment-large size-large wp-image-20008\" alt=\"El arte del bons\u00e1i la pasi\u00f3n que cultiva Jeconias Guzm\u00e1n\" srcset=\"https:\/\/soymigrante.com\/revista\/wp-content\/uploads\/2025\/01\/El-arte-del-bonsa\u0301i-la-pasio\u0301n-que-cultiva-Jeconias-Guzma\u0301n1-1024x478.png 1024w, https:\/\/soymigrante.com\/revista\/wp-content\/uploads\/2025\/01\/El-arte-del-bonsa\u0301i-la-pasio\u0301n-que-cultiva-Jeconias-Guzma\u0301n1-300x140.png 300w, https:\/\/soymigrante.com\/revista\/wp-content\/uploads\/2025\/01\/El-arte-del-bonsa\u0301i-la-pasio\u0301n-que-cultiva-Jeconias-Guzma\u0301n1-768x358.png 768w, https:\/\/soymigrante.com\/revista\/wp-content\/uploads\/2025\/01\/El-arte-del-bonsa\u0301i-la-pasio\u0301n-que-cultiva-Jeconias-Guzma\u0301n1-1536x717.png 1536w, https:\/\/soymigrante.com\/revista\/wp-content\/uploads\/2025\/01\/El-arte-del-bonsa\u0301i-la-pasio\u0301n-que-cultiva-Jeconias-Guzma\u0301n1-750x350.webp 750w, https:\/\/soymigrante.com\/revista\/wp-content\/uploads\/2025\/01\/El-arte-del-bonsa\u0301i-la-pasio\u0301n-que-cultiva-Jeconias-Guzma\u0301n1-1140x532.webp 1140w, https:\/\/soymigrante.com\/revista\/wp-content\/uploads\/2025\/01\/El-arte-del-bonsa\u0301i-la-pasio\u0301n-que-cultiva-Jeconias-Guzma\u0301n1.webp 1603w\" sizes=\"(max-width: 768px) 100vw, 768px\" title=\"El arte del bonsa\u0301i la pasio\u0301n que cultiva Jeconias Guzma\u0301n1 \u2013 SoyMigrante.com REVISTA\" \/>\t\t\t\t\t\t\t\t\t\t\t\t\t\t\t<\/div>\n\t\t\t\t\t<\/div>\n\t\t\t\t<\/div>\n\t\t<div data-particle_enable=\"false\" data-particle-mobile-disabled=\"false\" class=\"elementor-element elementor-element-24cc40b e-flex e-con-boxed e-con e-parent\" data-id=\"24cc40b\" data-element_type=\"container\" data-e-type=\"container\">\n\t\t\t\t\t<div class=\"e-con-inner\">\n\t\t\t\t<div class=\"elementor-element elementor-element-faa84d7 elementor-widget elementor-widget-heading\" data-id=\"faa84d7\" data-element_type=\"widget\" data-e-type=\"widget\" data-widget_type=\"heading.default\">\n\t\t\t\t\t<h3 class=\"elementor-heading-title elementor-size-default\">Un inicio inspirado por amigos<\/h3>\t\t\t\t<\/div>\n\t\t\t\t\t<\/div>\n\t\t\t\t<\/div>\n\t\t<div data-particle_enable=\"false\" data-particle-mobile-disabled=\"false\" class=\"elementor-element elementor-element-b054fcd e-flex e-con-boxed e-con e-parent\" data-id=\"b054fcd\" data-element_type=\"container\" data-e-type=\"container\">\n\t\t\t\t\t<div class=\"e-con-inner\">\n\t\t\t\t<div class=\"elementor-element elementor-element-7edcca6 elementor-widget elementor-widget-text-editor\" data-id=\"7edcca6\" data-element_type=\"widget\" data-e-type=\"widget\" data-widget_type=\"text-editor.default\">\n\t\t\t\t\t\t\t\t\t<p>Jecon\u00edas comenz\u00f3 su trayectoria en el mundo del bons\u00e1i por consejo e insistencia de amigos que le ense\u00f1aron las bases de este arte mientras estudiaba Agronom\u00eda.\u00a0 Poco a poco fue encontrando el gusto por aquellos \u00e1rboles que caben en la palma de la mano o en el espacio de una mesa, con ramas,\u00a0 hojas, ra\u00edces e incluso flores, en peque\u00f1as dimensiones.<\/p><p>Para \u00e9l, el bons\u00e1i no es solo una extensi\u00f3n de la agricultura, <a href=\"https:\/\/soymigrante.com\/mercado\/marketplace\/seller\/profile\/bonsaichimaltenango\" target=\"_blank\" rel=\"noopener\">sino una expresi\u00f3n art\u00edstica<\/a> que le permite conectar con la naturaleza, con la espiritualidad y con la belleza.<\/p>\t\t\t\t\t\t\t\t<\/div>\n\t\t\t\t\t<\/div>\n\t\t\t\t<\/div>\n\t\t<div data-particle_enable=\"false\" data-particle-mobile-disabled=\"false\" class=\"elementor-element elementor-element-2dc6f3c e-flex e-con-boxed e-con e-parent\" data-id=\"2dc6f3c\" data-element_type=\"container\" data-e-type=\"container\">\n\t\t\t\t\t<div class=\"e-con-inner\">\n\t\t\t\t<div class=\"elementor-element elementor-element-315bb8c elementor-invisible elementor-widget elementor-widget-testimonial\" data-id=\"315bb8c\" data-element_type=\"widget\" data-e-type=\"widget\" data-settings=\"{&quot;_animation&quot;:&quot;rotateInUpRight&quot;}\" data-widget_type=\"testimonial.default\">\n\t\t\t\t\t\t\t<div class=\"elementor-testimonial-wrapper\">\n\t\t\t\t\t\t\t<div class=\"elementor-testimonial-content\">\"Lo que me motiva no es el dinero, sino la satisfacci\u00f3n de hacerlo. El bons\u00e1i no es una planta ordinaria, es un arte\".<\/div>\n\t\t\t\n\t\t\t\t\t\t<div class=\"elementor-testimonial-meta elementor-has-image elementor-testimonial-image-position-aside\">\n\t\t\t\t<div class=\"elementor-testimonial-meta-inner\">\n\t\t\t\t\t\t\t\t\t\t\t<div class=\"elementor-testimonial-image\">\n\t\t\t\t\t\t\t<img decoding=\"async\" width=\"720\" height=\"960\" src=\"https:\/\/soymigrante.com\/revista\/wp-content\/uploads\/2025\/01\/El-arte-del-bonsa\u0301i-la-pasio\u0301n-que-cultiva-Jeconias-Guzma\u0301n2.webp\" class=\"attachment-full size-full wp-image-20009\" alt=\"El arte del bons\u00e1i la pasi\u00f3n que cultiva Jeconias Guzm\u00e1n\" title=\"El arte del bonsa\u0301i la pasio\u0301n que cultiva Jeconias Guzma\u0301n2 \u2013 SoyMigrante.com REVISTA\" srcset=\"https:\/\/soymigrante.com\/revista\/wp-content\/uploads\/2025\/01\/El-arte-del-bonsa\u0301i-la-pasio\u0301n-que-cultiva-Jeconias-Guzma\u0301n2.webp 720w, https:\/\/soymigrante.com\/revista\/wp-content\/uploads\/2025\/01\/El-arte-del-bonsa\u0301i-la-pasio\u0301n-que-cultiva-Jeconias-Guzma\u0301n2-225x300.jpeg 225w\" sizes=\"(max-width: 720px) 100vw, 720px\" \/>\t\t\t\t\t\t<\/div>\n\t\t\t\t\t\n\t\t\t\t\t\t\t\t\t\t<div class=\"elementor-testimonial-details\">\n\t\t\t\t\t\t\t\t\t\t\t\t\t\t<div class=\"elementor-testimonial-name\">Jeconias Guzm\u00e1n<\/div>\n\t\t\t\t\t\t\t\t\t\t\t\t\t\t\t\t\t\t\t\t\t\t<div class=\"elementor-testimonial-job\">Emprendedor guatemalteco de Bons\u00e1i<\/div>\n\t\t\t\t\t\t\t\t\t\t\t\t\t<\/div>\n\t\t\t\t\t\t\t\t\t<\/div>\n\t\t\t<\/div>\n\t\t\t\t\t<\/div>\n\t\t\t\t\t\t<\/div>\n\t\t\t\t\t<\/div>\n\t\t\t\t<\/div>\n\t\t<div data-particle_enable=\"false\" data-particle-mobile-disabled=\"false\" class=\"elementor-element elementor-element-46a19ac e-flex e-con-boxed e-con e-parent\" data-id=\"46a19ac\" data-element_type=\"container\" data-e-type=\"container\">\n\t\t\t\t\t<div class=\"e-con-inner\">\n\t\t\t\t<div class=\"elementor-element elementor-element-895fc83 elementor-widget elementor-widget-image\" data-id=\"895fc83\" data-element_type=\"widget\" data-e-type=\"widget\" data-widget_type=\"image.default\">\n\t\t\t\t\t\t\t\t\t\t\t\t\t\t\t<img decoding=\"async\" width=\"768\" height=\"461\" src=\"https:\/\/soymigrante.com\/revista\/wp-content\/uploads\/2025\/01\/El-arte-del-bonsa\u0301i-la-pasio\u0301n-que-cultiva-Jeconias-Guzma\u0301n2.png\" class=\"attachment-large size-large wp-image-20012\" alt=\"El arte del bons\u00e1i la pasi\u00f3n que cultiva Jeconias Guzm\u00e1n\" srcset=\"https:\/\/soymigrante.com\/revista\/wp-content\/uploads\/2025\/01\/El-arte-del-bonsa\u0301i-la-pasio\u0301n-que-cultiva-Jeconias-Guzma\u0301n2.png 797w, https:\/\/soymigrante.com\/revista\/wp-content\/uploads\/2025\/01\/El-arte-del-bonsa\u0301i-la-pasio\u0301n-que-cultiva-Jeconias-Guzma\u0301n2-300x180.png 300w, https:\/\/soymigrante.com\/revista\/wp-content\/uploads\/2025\/01\/El-arte-del-bonsa\u0301i-la-pasio\u0301n-que-cultiva-Jeconias-Guzma\u0301n2-768x461.png 768w, https:\/\/soymigrante.com\/revista\/wp-content\/uploads\/2025\/01\/El-arte-del-bonsa\u0301i-la-pasio\u0301n-que-cultiva-Jeconias-Guzma\u0301n2-750x450.png 750w\" sizes=\"(max-width: 768px) 100vw, 768px\" title=\"El arte del bonsa\u0301i la pasio\u0301n que cultiva Jeconias Guzma\u0301n2 \u2013 SoyMigrante.com REVISTA\" \/>\t\t\t\t\t\t\t\t\t\t\t\t\t\t\t<\/div>\n\t\t\t\t\t<\/div>\n\t\t\t\t<\/div>\n\t\t<div data-particle_enable=\"false\" data-particle-mobile-disabled=\"false\" class=\"elementor-element elementor-element-e6dc9d0 e-flex e-con-boxed e-con e-parent\" data-id=\"e6dc9d0\" data-element_type=\"container\" data-e-type=\"container\">\n\t\t\t\t\t<div class=\"e-con-inner\">\n\t\t\t\t<div class=\"elementor-element elementor-element-bdaa40a elementor-widget elementor-widget-heading\" data-id=\"bdaa40a\" data-element_type=\"widget\" data-e-type=\"widget\" data-widget_type=\"heading.default\">\n\t\t\t\t\t<h3 class=\"elementor-heading-title elementor-size-default\">Cuidado y creatividad: el coraz\u00f3n del bons\u00e1i<\/h3>\t\t\t\t<\/div>\n\t\t\t\t\t<\/div>\n\t\t\t\t<\/div>\n\t\t<div data-particle_enable=\"false\" data-particle-mobile-disabled=\"false\" class=\"elementor-element elementor-element-002166b e-flex e-con-boxed e-con e-parent\" data-id=\"002166b\" data-element_type=\"container\" data-e-type=\"container\">\n\t\t\t\t\t<div class=\"e-con-inner\">\n\t\t\t\t<div class=\"elementor-element elementor-element-8cd3426 elementor-widget elementor-widget-text-editor\" data-id=\"8cd3426\" data-element_type=\"widget\" data-e-type=\"widget\" data-widget_type=\"text-editor.default\">\n\t\t\t\t\t\t\t\t\t<p>El proceso comienza seleccionando cuidadosamente las plantas que ser\u00e1n convertidas, a base de paciencia, en modelos a escala de los \u00e1rboles tradicionales.<\/p><p>Su favorita es la buganvilia, una especie que, seg\u00fan \u00e9l, \u201cse adapta a casi todos los climas\u201d y que domina su colecci\u00f3n. El color magenta caracter\u00edstico le da un aspecto peculiar que encanta a muchos compradores.<\/p><p><a href=\"https:\/\/soymigrante.com\/mercado\/marketplace\/seller\/profile\/bonsaichimaltenango\" target=\"_blank\" rel=\"noopener\">Cuidar un bons\u00e1i implica moldearlo constantemente, protegerlo de plagas y mantener un riego adecuado<\/a>, tareas que requieren paciencia, creatividad y dedicaci\u00f3n. Una vez adquirido, el nuevo due\u00f1o debe hacerse cargo de continuar con este cuidado, que brinda paz espiritual y un pasatiempo tranquilo.<\/p>\t\t\t\t\t\t\t\t<\/div>\n\t\t\t\t\t<\/div>\n\t\t\t\t<\/div>\n\t\t<div data-particle_enable=\"false\" data-particle-mobile-disabled=\"false\" class=\"elementor-element elementor-element-c701f26 e-flex e-con-boxed e-con e-parent\" data-id=\"c701f26\" data-element_type=\"container\" data-e-type=\"container\">\n\t\t\t\t\t<div class=\"e-con-inner\">\n\t\t\t\t<div class=\"elementor-element elementor-element-0edfdfc elementor-widget elementor-widget-image\" data-id=\"0edfdfc\" data-element_type=\"widget\" data-e-type=\"widget\" data-widget_type=\"image.default\">\n\t\t\t\t\t\t\t\t\t\t\t\t\t\t\t<img loading=\"lazy\" decoding=\"async\" width=\"768\" height=\"1020\" src=\"https:\/\/soymigrante.com\/revista\/wp-content\/uploads\/2025\/01\/El-arte-del-bonsa\u0301i-la-pasio\u0301n-que-cultiva-Jeconias-Guzma\u0301n8-771x1024.jpeg\" class=\"attachment-large size-large wp-image-20010\" alt=\"El arte del bons\u00e1i la pasi\u00f3n que cultiva Jeconias Guzm\u00e1n\" srcset=\"https:\/\/soymigrante.com\/revista\/wp-content\/uploads\/2025\/01\/El-arte-del-bonsa\u0301i-la-pasio\u0301n-que-cultiva-Jeconias-Guzma\u0301n8-771x1024.jpeg 771w, https:\/\/soymigrante.com\/revista\/wp-content\/uploads\/2025\/01\/El-arte-del-bonsa\u0301i-la-pasio\u0301n-que-cultiva-Jeconias-Guzma\u0301n8-226x300.jpeg 226w, https:\/\/soymigrante.com\/revista\/wp-content\/uploads\/2025\/01\/El-arte-del-bonsa\u0301i-la-pasio\u0301n-que-cultiva-Jeconias-Guzma\u0301n8-768x1020.jpeg 768w, https:\/\/soymigrante.com\/revista\/wp-content\/uploads\/2025\/01\/El-arte-del-bonsa\u0301i-la-pasio\u0301n-que-cultiva-Jeconias-Guzma\u0301n8-750x996.webp 750w, https:\/\/soymigrante.com\/revista\/wp-content\/uploads\/2025\/01\/El-arte-del-bonsa\u0301i-la-pasio\u0301n-que-cultiva-Jeconias-Guzma\u0301n8.webp 963w\" sizes=\"(max-width: 768px) 100vw, 768px\" title=\"El arte del bonsa\u0301i la pasio\u0301n que cultiva Jeconias Guzma\u0301n8 \u2013 SoyMigrante.com REVISTA\" \/>\t\t\t\t\t\t\t\t\t\t\t\t\t\t\t<\/div>\n\t\t\t\t\t<\/div>\n\t\t\t\t<\/div>\n\t\t<div data-particle_enable=\"false\" data-particle-mobile-disabled=\"false\" class=\"elementor-element elementor-element-617ed8a e-flex e-con-boxed e-con e-parent\" data-id=\"617ed8a\" data-element_type=\"container\" data-e-type=\"container\">\n\t\t\t\t\t<div class=\"e-con-inner\">\n\t\t\t\t<div class=\"elementor-element elementor-element-5996a00 elementor-invisible elementor-widget elementor-widget-testimonial\" data-id=\"5996a00\" data-element_type=\"widget\" data-e-type=\"widget\" data-settings=\"{&quot;_animation&quot;:&quot;rotateInUpRight&quot;}\" data-widget_type=\"testimonial.default\">\n\t\t\t\t\t\t\t<div class=\"elementor-testimonial-wrapper\">\n\t\t\t\t\t\t\t<div class=\"elementor-testimonial-content\">\"Les tengo que dar forma, cuidarlos y estar pendientes de ellos. Es un trabajo constante, pero verlos terminados me llena de satisfacci\u00f3n\".<\/div>\n\t\t\t\n\t\t\t\t\t\t<div class=\"elementor-testimonial-meta elementor-has-image elementor-testimonial-image-position-aside\">\n\t\t\t\t<div class=\"elementor-testimonial-meta-inner\">\n\t\t\t\t\t\t\t\t\t\t\t<div class=\"elementor-testimonial-image\">\n\t\t\t\t\t\t\t<img decoding=\"async\" width=\"720\" height=\"960\" src=\"https:\/\/soymigrante.com\/revista\/wp-content\/uploads\/2025\/01\/El-arte-del-bonsa\u0301i-la-pasio\u0301n-que-cultiva-Jeconias-Guzma\u0301n2.webp\" class=\"attachment-full size-full wp-image-20009\" alt=\"El arte del bons\u00e1i la pasi\u00f3n que cultiva Jeconias Guzm\u00e1n\" title=\"El arte del bonsa\u0301i la pasio\u0301n que cultiva Jeconias Guzma\u0301n2 \u2013 SoyMigrante.com REVISTA\" srcset=\"https:\/\/soymigrante.com\/revista\/wp-content\/uploads\/2025\/01\/El-arte-del-bonsa\u0301i-la-pasio\u0301n-que-cultiva-Jeconias-Guzma\u0301n2.webp 720w, https:\/\/soymigrante.com\/revista\/wp-content\/uploads\/2025\/01\/El-arte-del-bonsa\u0301i-la-pasio\u0301n-que-cultiva-Jeconias-Guzma\u0301n2-225x300.jpeg 225w\" sizes=\"(max-width: 720px) 100vw, 720px\" \/>\t\t\t\t\t\t<\/div>\n\t\t\t\t\t\n\t\t\t\t\t\t\t\t\t\t<div class=\"elementor-testimonial-details\">\n\t\t\t\t\t\t\t\t\t\t\t\t\t\t<div class=\"elementor-testimonial-name\">Jeconias Guzm\u00e1n<\/div>\n\t\t\t\t\t\t\t\t\t\t\t\t\t\t\t\t\t\t\t\t\t\t<div class=\"elementor-testimonial-job\">Emprendedor guatemalteco<\/div>\n\t\t\t\t\t\t\t\t\t\t\t\t\t<\/div>\n\t\t\t\t\t\t\t\t\t<\/div>\n\t\t\t<\/div>\n\t\t\t\t\t<\/div>\n\t\t\t\t\t\t<\/div>\n\t\t\t\t\t<\/div>\n\t\t\t\t<\/div>\n\t\t<div data-particle_enable=\"false\" data-particle-mobile-disabled=\"false\" class=\"elementor-element elementor-element-5f0fed5 e-flex e-con-boxed e-con e-parent\" data-id=\"5f0fed5\" data-element_type=\"container\" data-e-type=\"container\">\n\t\t\t\t\t<div class=\"e-con-inner\">\n\t\t\t\t<div class=\"elementor-element elementor-element-cfbe066 elementor-widget elementor-widget-heading\" data-id=\"cfbe066\" data-element_type=\"widget\" data-e-type=\"widget\" data-widget_type=\"heading.default\">\n\t\t\t\t\t<h3 class=\"elementor-heading-title elementor-size-default\">Un arte que trasciende fronteras<\/h3>\t\t\t\t<\/div>\n\t\t\t\t\t<\/div>\n\t\t\t\t<\/div>\n\t\t<div data-particle_enable=\"false\" data-particle-mobile-disabled=\"false\" class=\"elementor-element elementor-element-fb395c4 e-flex e-con-boxed e-con e-parent\" data-id=\"fb395c4\" data-element_type=\"container\" data-e-type=\"container\">\n\t\t\t\t\t<div class=\"e-con-inner\">\n\t\t\t\t<div class=\"elementor-element elementor-element-0f3ef86 elementor-widget elementor-widget-text-editor\" data-id=\"0f3ef86\" data-element_type=\"widget\" data-e-type=\"widget\" data-widget_type=\"text-editor.default\">\n\t\t\t\t\t\t\t\t\t<p>Desde 2020, Jeconias<a href=\"https:\/\/soymigrante.com\/mercado\/marketplace\/seller\/profile\/bonsaichimaltenango\" target=\"_blank\" rel=\"noopener\"> ha utilizado su p\u00e1gina en redes sociales para mostrar su trabajo y participar en exposiciones<\/a>, llevando el arte del bons\u00e1i a nuevos p\u00fablicos.<\/p><p>Su objetivo para 2025 es ambicioso: crear un museo de bons\u00e1is en Guatemala, inspirado en otros pa\u00edses, donde pueda exhibir la belleza y la historia de estas plantas. &#8220;No solo se trata de reducir, sino de comprender, crear un lenguaje y apreciar la vida&#8221;, dice.<\/p>\t\t\t\t\t\t\t\t<\/div>\n\t\t\t\t\t<\/div>\n\t\t\t\t<\/div>\n\t\t<div data-particle_enable=\"false\" data-particle-mobile-disabled=\"false\" class=\"elementor-element elementor-element-75073d2 e-flex e-con-boxed e-con e-parent\" data-id=\"75073d2\" data-element_type=\"container\" data-e-type=\"container\">\n\t\t\t\t\t<div class=\"e-con-inner\">\n\t\t\t\t<div class=\"elementor-element elementor-element-e30f440 elementor-widget elementor-widget-image\" data-id=\"e30f440\" data-element_type=\"widget\" data-e-type=\"widget\" data-widget_type=\"image.default\">\n\t\t\t\t\t\t\t\t\t\t\t\t\t\t\t<img loading=\"lazy\" decoding=\"async\" width=\"720\" height=\"960\" src=\"https:\/\/soymigrante.com\/revista\/wp-content\/uploads\/2025\/01\/El-arte-del-bonsa\u0301i-la-pasio\u0301n-que-cultiva-Jeconias-Guzma\u0301n1.jpeg\" class=\"attachment-large size-large wp-image-20011\" alt=\"El arte del bons\u00e1i la pasi\u00f3n que cultiva Jeconias Guzm\u00e1n\" srcset=\"https:\/\/soymigrante.com\/revista\/wp-content\/uploads\/2025\/01\/El-arte-del-bonsa\u0301i-la-pasio\u0301n-que-cultiva-Jeconias-Guzma\u0301n1.jpeg 720w, https:\/\/soymigrante.com\/revista\/wp-content\/uploads\/2025\/01\/El-arte-del-bonsa\u0301i-la-pasio\u0301n-que-cultiva-Jeconias-Guzma\u0301n1-225x300.jpeg 225w\" sizes=\"(max-width: 720px) 100vw, 720px\" title=\"El arte del bonsa\u0301i la pasio\u0301n que cultiva Jeconias Guzma\u0301n1 \u2013 SoyMigrante.com REVISTA\" \/>\t\t\t\t\t\t\t\t\t\t\t\t\t\t\t<\/div>\n\t\t\t\t\t<\/div>\n\t\t\t\t<\/div>\n\t\t<div data-particle_enable=\"false\" data-particle-mobile-disabled=\"false\" class=\"elementor-element elementor-element-f9f5dc1 e-flex e-con-boxed e-con e-parent\" data-id=\"f9f5dc1\" data-element_type=\"container\" data-e-type=\"container\">\n\t\t\t\t\t<div class=\"e-con-inner\">\n\t\t\t\t<div class=\"elementor-element elementor-element-4b5ca17 elementor-widget elementor-widget-heading\" data-id=\"4b5ca17\" data-element_type=\"widget\" data-e-type=\"widget\" data-widget_type=\"heading.default\">\n\t\t\t\t\t<h3 class=\"elementor-heading-title elementor-size-default\">El valor de una obra viva<\/h3>\t\t\t\t<\/div>\n\t\t\t\t\t<\/div>\n\t\t\t\t<\/div>\n\t\t<div data-particle_enable=\"false\" data-particle-mobile-disabled=\"false\" class=\"elementor-element elementor-element-519345c e-flex e-con-boxed e-con e-parent\" data-id=\"519345c\" data-element_type=\"container\" data-e-type=\"container\">\n\t\t\t\t\t<div class=\"e-con-inner\">\n\t\t\t\t<div class=\"elementor-element elementor-element-a150ed7 elementor-widget elementor-widget-text-editor\" data-id=\"a150ed7\" data-element_type=\"widget\" data-e-type=\"widget\" data-widget_type=\"text-editor.default\">\n\t\t\t\t\t\t\t\t\t<p>Aunque tiene una colecci\u00f3n privada que no est\u00e1 a la venta, Jeconias comercializa bons\u00e1is con precios que van desde, <a href=\"https:\/\/soymigrante.com\/mercado\/marketplace\/seller\/profile\/bonsaichimaltenango\" target=\"_blank\" rel=\"noopener\">Q350 hasta Q5,000, dependiendo del tama\u00f1o y la complejidad del dise\u00f1o.<\/a><\/p><p>\u201cCuando es un ejemplar peque\u00f1o, puedo enviarlo, pero los m\u00e1s grandes requieren un cuidado especial y debo entregarlos personalmente\u201d, explica.<\/p><p>Para Jeconias, el bons\u00e1i es m\u00e1s que un trabajo: es una forma de transmitir emociones y paciencia.<\/p><p>Con su dedicaci\u00f3n y visi\u00f3n, este joven emprendedor no solo da forma a \u00e1rboles, sino que tambi\u00e9n inspira a otros a valorar el arte y la naturaleza como expresiones de creatividad y esfuerzo.<\/p>\t\t\t\t\t\t\t\t<\/div>\n\t\t\t\t\t<\/div>\n\t\t\t\t<\/div>\n\t\t<div data-particle_enable=\"false\" data-particle-mobile-disabled=\"false\" class=\"elementor-element elementor-element-fe02392 e-flex e-con-boxed e-con e-parent\" data-id=\"fe02392\" data-element_type=\"container\" data-e-type=\"container\">\n\t\t\t\t\t<div class=\"e-con-inner\">\n\t\t\t\t<div class=\"elementor-element elementor-element-8c0317b elementor-widget elementor-widget-image\" data-id=\"8c0317b\" data-element_type=\"widget\" data-e-type=\"widget\" data-widget_type=\"image.default\">\n\t\t\t\t\t\t\t\t\t\t\t\t\t\t\t<img loading=\"lazy\" decoding=\"async\" width=\"768\" height=\"1024\" src=\"https:\/\/soymigrante.com\/revista\/wp-content\/uploads\/2025\/01\/El-arte-del-bonsa\u0301i-la-pasio\u0301n-que-cultiva-Jeconias-Guzma\u0301n5-768x1024.jpeg\" class=\"attachment-large size-large wp-image-20013\" alt=\"El arte del bons\u00e1i la pasi\u00f3n que cultiva Jeconias Guzm\u00e1n\" srcset=\"https:\/\/soymigrante.com\/revista\/wp-content\/uploads\/2025\/01\/El-arte-del-bonsa\u0301i-la-pasio\u0301n-que-cultiva-Jeconias-Guzma\u0301n5-768x1024.jpeg 768w, https:\/\/soymigrante.com\/revista\/wp-content\/uploads\/2025\/01\/El-arte-del-bonsa\u0301i-la-pasio\u0301n-que-cultiva-Jeconias-Guzma\u0301n5-225x300.jpeg 225w, https:\/\/soymigrante.com\/revista\/wp-content\/uploads\/2025\/01\/El-arte-del-bonsa\u0301i-la-pasio\u0301n-que-cultiva-Jeconias-Guzma\u0301n5-750x1000.webp 750w, https:\/\/soymigrante.com\/revista\/wp-content\/uploads\/2025\/01\/El-arte-del-bonsa\u0301i-la-pasio\u0301n-que-cultiva-Jeconias-Guzma\u0301n5.webp 780w\" sizes=\"(max-width: 768px) 100vw, 768px\" title=\"El arte del bonsa\u0301i la pasio\u0301n que cultiva Jeconias Guzma\u0301n5 \u2013 SoyMigrante.com REVISTA\" \/>\t\t\t\t\t\t\t\t\t\t\t\t\t\t\t<\/div>\n\t\t\t\t\t<\/div>\n\t\t\t\t<\/div>\n\t\t<div data-particle_enable=\"false\" data-particle-mobile-disabled=\"false\" class=\"elementor-element elementor-element-e99d563 e-flex e-con-boxed e-con e-parent\" data-id=\"e99d563\" data-element_type=\"container\" data-e-type=\"container\">\n\t\t\t\t\t<div class=\"e-con-inner\">\n\t\t\t\t<div class=\"elementor-element elementor-element-bbd771e elementor-invisible elementor-widget elementor-widget-testimonial\" data-id=\"bbd771e\" data-element_type=\"widget\" data-e-type=\"widget\" data-settings=\"{&quot;_animation&quot;:&quot;rotateInUpRight&quot;}\" data-widget_type=\"testimonial.default\">\n\t\t\t\t\t\t\t<div class=\"elementor-testimonial-wrapper\">\n\t\t\t\t\t\t\t<div class=\"elementor-testimonial-content\">\u201cEstoy emocionado de que el bons\u00e1i se pueda dar a conocer en otros lugares. Es un arte que demuestra la hermosura de la naturaleza\u201d.<\/div>\n\t\t\t\n\t\t\t\t\t\t<div class=\"elementor-testimonial-meta elementor-has-image elementor-testimonial-image-position-aside\">\n\t\t\t\t<div class=\"elementor-testimonial-meta-inner\">\n\t\t\t\t\t\t\t\t\t\t\t<div class=\"elementor-testimonial-image\">\n\t\t\t\t\t\t\t<img decoding=\"async\" width=\"720\" height=\"960\" src=\"https:\/\/soymigrante.com\/revista\/wp-content\/uploads\/2025\/01\/El-arte-del-bonsa\u0301i-la-pasio\u0301n-que-cultiva-Jeconias-Guzma\u0301n2.webp\" class=\"attachment-full size-full wp-image-20009\" alt=\"El arte del bons\u00e1i la pasi\u00f3n que cultiva Jeconias Guzm\u00e1n\" title=\"El arte del bonsa\u0301i la pasio\u0301n que cultiva Jeconias Guzma\u0301n2 \u2013 SoyMigrante.com REVISTA\" srcset=\"https:\/\/soymigrante.com\/revista\/wp-content\/uploads\/2025\/01\/El-arte-del-bonsa\u0301i-la-pasio\u0301n-que-cultiva-Jeconias-Guzma\u0301n2.webp 720w, https:\/\/soymigrante.com\/revista\/wp-content\/uploads\/2025\/01\/El-arte-del-bonsa\u0301i-la-pasio\u0301n-que-cultiva-Jeconias-Guzma\u0301n2-225x300.jpeg 225w\" sizes=\"(max-width: 720px) 100vw, 720px\" \/>\t\t\t\t\t\t<\/div>\n\t\t\t\t\t\n\t\t\t\t\t\t\t\t\t\t<div class=\"elementor-testimonial-details\">\n\t\t\t\t\t\t\t\t\t\t\t\t\t\t<div class=\"elementor-testimonial-name\">Jeconias Guzm\u00e1n<\/div>\n\t\t\t\t\t\t\t\t\t\t\t\t\t\t\t\t\t\t\t\t\t\t<div class=\"elementor-testimonial-job\">Emprendedor guatemalteco<\/div>\n\t\t\t\t\t\t\t\t\t\t\t\t\t<\/div>\n\t\t\t\t\t\t\t\t\t<\/div>\n\t\t\t<\/div>\n\t\t\t\t\t<\/div>\n\t\t\t\t\t\t<\/div>\n\t\t\t\t\t<\/div>\n\t\t\t\t<\/div>\n\t\t<div data-particle_enable=\"false\" data-particle-mobile-disabled=\"false\" class=\"elementor-element elementor-element-b324920 e-flex e-con-boxed e-con e-parent\" data-id=\"b324920\" data-element_type=\"container\" data-e-type=\"container\">\n\t\t\t\t\t<div class=\"e-con-inner\">\n\t\t\t\t<div class=\"elementor-element elementor-element-5e5095e elementor-widget elementor-widget-heading\" data-id=\"5e5095e\" data-element_type=\"widget\" data-e-type=\"widget\" data-widget_type=\"heading.default\">\n\t\t\t\t\t<h2 class=\"elementor-heading-title elementor-size-default\">M\u00e1s creatividad emprendedora<\/h2>\t\t\t\t<\/div>\n\t\t\t\t\t<\/div>\n\t\t\t\t<\/div>\n\t\t<div data-particle_enable=\"false\" data-particle-mobile-disabled=\"false\" class=\"elementor-element elementor-element-0a8c5bc e-flex e-con-boxed e-con e-parent\" data-id=\"0a8c5bc\" data-element_type=\"container\" data-e-type=\"container\">\n\t\t\t\t\t<div class=\"e-con-inner\">\n\t\t\t\t<div class=\"elementor-element elementor-element-bef291d elementor-grid-eael-col-3 elementor-grid-tablet-eael-col-2 elementor-grid-mobile-eael-col-1 elementor-widget elementor-widget-eael-post-grid\" data-id=\"bef291d\" data-element_type=\"widget\" data-e-type=\"widget\" data-settings=\"{&quot;eael_post_grid_columns&quot;:&quot;eael-col-3&quot;,&quot;eael_post_grid_columns_tablet&quot;:&quot;eael-col-2&quot;,&quot;eael_post_grid_columns_mobile&quot;:&quot;eael-col-1&quot;}\" data-widget_type=\"eael-post-grid.default\">\n\t\t\t\t\t<div id=\"eael-post-grid-bef291d\" class=\"eael-post-grid-container\">\n            <div class=\"eael-post-grid eael-post-appender eael-post-appender-bef291d eael-post-grid-style-one\" data-layout-mode=\"masonry\"><article class=\"eael-grid-post  eael-post-grid-column eael-pg-post-19561 category-guate-nuestra tags-mercado-emprendedores\" data-id=\"19561\">\n        <div class=\"eael-grid-post-holder\">\n            <div class=\"eael-grid-post-holder-inner\"><div class=\"eael-entry-media\"><div class=\"eael-entry-overlay fade-in\"><i class=\"far fa-hand-pointer\" aria-hidden=\"true\"><\/i><a href=\"https:\/\/soymigrante.com\/revista\/hugo-pichiya-retrata-la-vida-desde-san-juan-comalapa-y-abrio-su-galeria-digital-en-mercado\/\"><\/a><\/div><div class=\"eael-entry-thumbnail \">\n                <img loading=\"lazy\" decoding=\"async\" width=\"769\" height=\"769\" src=\"https:\/\/soymigrante.com\/revista\/wp-content\/uploads\/2025\/01\/obra-hugo-pichiya.webp\" class=\"attachment-large size-large wp-image-19744\" alt=\"Monta\u00f1a de volc\u00e1n en el fondo, agricultores trabajando en el campo con vacas, paisaje rural de cultivo y naturaleza en la cultura latinoamericana, en una ilustraci\u00f3n art\u00edstica para revista SoyMigrante.com REVISTA.\" srcset=\"https:\/\/soymigrante.com\/revista\/wp-content\/uploads\/2025\/01\/obra-hugo-pichiya.webp 769w, https:\/\/soymigrante.com\/revista\/wp-content\/uploads\/2025\/01\/obra-hugo-pichiya-300x300.jpg 300w, https:\/\/soymigrante.com\/revista\/wp-content\/uploads\/2025\/01\/obra-hugo-pichiya-150x150.jpg 150w, https:\/\/soymigrante.com\/revista\/wp-content\/uploads\/2025\/01\/obra-hugo-pichiya-75x75.webp 75w, https:\/\/soymigrante.com\/revista\/wp-content\/uploads\/2025\/01\/obra-hugo-pichiya-750x750.webp 750w\" sizes=\"(max-width: 769px) 100vw, 769px\" \/>\n            <\/div>\n        <\/div><div class=\"eael-entry-wrapper\"><header class=\"eael-entry-header\"><h2 class=\"eael-entry-title\"><a class=\"eael-grid-post-link\" href=\"https:\/\/soymigrante.com\/revista\/hugo-pichiya-retrata-la-vida-desde-san-juan-comalapa-y-abrio-su-galeria-digital-en-mercado\/\" title=\"Hugo Pichiy\u00e1 retrata la vida de Comalapa y abri\u00f3 su galer\u00eda digital en MERCADO\">Hugo Pichiy\u00e1 retrata la vida de Comalapa y abri\u00f3 su galer\u00eda digital en MERCADO<\/a><\/h2><\/header><div class=\"eael-entry-content\">\n                        <div class=\"eael-grid-post-excerpt\"><a href=\"https:\/\/soymigrante.com\/revista\/hugo-pichiya-retrata-la-vida-desde-san-juan-comalapa-y-abrio-su-galeria-digital-en-mercado\/\" class=\"eael-post-elements-readmore-btn\">CONOCE SU HISTORIA <\/a><\/div>\n                    <\/div><\/div><\/div>\n        <\/div>\n    <\/article><article class=\"eael-grid-post  eael-post-grid-column eael-pg-post-19696 category-guate-nuestra tags-mercado-emprendedores\" data-id=\"19696\">\n        <div class=\"eael-grid-post-holder\">\n            <div class=\"eael-grid-post-holder-inner\"><div class=\"eael-entry-media\"><div class=\"eael-entry-overlay fade-in\"><i class=\"far fa-hand-pointer\" aria-hidden=\"true\"><\/i><a href=\"https:\/\/soymigrante.com\/revista\/hamacas-kemert-25-anos-de-historia-calidad-y-tradicion-familiar-ahora-en-mercado\/\"><\/a><\/div><div class=\"eael-entry-thumbnail \">\n                <img loading=\"lazy\" decoding=\"async\" width=\"1024\" height=\"368\" src=\"https:\/\/soymigrante.com\/revista\/wp-content\/uploads\/2025\/01\/IMG-20250108-WA0005-1024x368.jpg\" class=\"attachment-large size-large wp-image-19835\" alt=\"Entretejido artesanal colorido en mercado tradicional mexicano, exhibiendo tejidos y accesorios culturales, representando la riqueza de la cultura ind\u00edgena en comunidades rurales.\" srcset=\"https:\/\/soymigrante.com\/revista\/wp-content\/uploads\/2025\/01\/IMG-20250108-WA0005-1024x368.jpg 1024w, https:\/\/soymigrante.com\/revista\/wp-content\/uploads\/2025\/01\/IMG-20250108-WA0005-300x108.jpg 300w, https:\/\/soymigrante.com\/revista\/wp-content\/uploads\/2025\/01\/IMG-20250108-WA0005-768x276.jpg 768w, https:\/\/soymigrante.com\/revista\/wp-content\/uploads\/2025\/01\/IMG-20250108-WA0005-750x270.webp 750w, https:\/\/soymigrante.com\/revista\/wp-content\/uploads\/2025\/01\/IMG-20250108-WA0005-1140x410.webp 1140w, https:\/\/soymigrante.com\/revista\/wp-content\/uploads\/2025\/01\/IMG-20250108-WA0005.webp 1280w\" sizes=\"(max-width: 1024px) 100vw, 1024px\" \/>\n            <\/div>\n        <\/div><div class=\"eael-entry-wrapper\"><header class=\"eael-entry-header\"><h2 class=\"eael-entry-title\"><a class=\"eael-grid-post-link\" href=\"https:\/\/soymigrante.com\/revista\/hamacas-kemert-25-anos-de-historia-calidad-y-tradicion-familiar-ahora-en-mercado\/\" title=\"Hamacas Kemert: 25 a\u00f1os de  tradici\u00f3n familiar, calidad y descanso, ahora en MERCADO\">Hamacas Kemert: 25 a\u00f1os de  tradici\u00f3n familiar, calidad y descanso, ahora en MERCADO<\/a><\/h2><\/header><div class=\"eael-entry-content\">\n                        <div class=\"eael-grid-post-excerpt\"><a href=\"https:\/\/soymigrante.com\/revista\/hamacas-kemert-25-anos-de-historia-calidad-y-tradicion-familiar-ahora-en-mercado\/\" class=\"eael-post-elements-readmore-btn\">CONOCE SU HISTORIA <\/a><\/div>\n                    <\/div><\/div><\/div>\n        <\/div>\n    <\/article><article class=\"eael-grid-post  eael-post-grid-column eael-pg-post-19344 category-guate-nuestra tags-mercado-emprendedores\" data-id=\"19344\">\n        <div class=\"eael-grid-post-holder\">\n            <div class=\"eael-grid-post-holder-inner\"><div class=\"eael-entry-media\"><div class=\"eael-entry-overlay fade-in\"><i class=\"far fa-hand-pointer\" aria-hidden=\"true\"><\/i><a href=\"https:\/\/soymigrante.com\/revista\/artista-david-de-paz-convierte-el-sentimiento-en-pinturas-de-arte-qeq\/\"><\/a><\/div><div class=\"eael-entry-thumbnail \">\n                <img loading=\"lazy\" decoding=\"async\" width=\"914\" height=\"914\" src=\"https:\/\/soymigrante.com\/revista\/wp-content\/uploads\/2025\/01\/David-Armando-De-Paz-Lopez-2.webp\" class=\"attachment-large size-large wp-image-19398\" alt=\"Retrato de un hombre con gafas y cabello largo en una galer\u00eda de arte, sonriendo.\" srcset=\"https:\/\/soymigrante.com\/revista\/wp-content\/uploads\/2025\/01\/David-Armando-De-Paz-Lopez-2.webp 914w, https:\/\/soymigrante.com\/revista\/wp-content\/uploads\/2025\/01\/David-Armando-De-Paz-Lopez-2-300x300.jpeg 300w, https:\/\/soymigrante.com\/revista\/wp-content\/uploads\/2025\/01\/David-Armando-De-Paz-Lopez-2-150x150.jpeg 150w, https:\/\/soymigrante.com\/revista\/wp-content\/uploads\/2025\/01\/David-Armando-De-Paz-Lopez-2-768x768.jpeg 768w, https:\/\/soymigrante.com\/revista\/wp-content\/uploads\/2025\/01\/David-Armando-De-Paz-Lopez-2-75x75.webp 75w, https:\/\/soymigrante.com\/revista\/wp-content\/uploads\/2025\/01\/David-Armando-De-Paz-Lopez-2-750x750.webp 750w\" sizes=\"(max-width: 914px) 100vw, 914px\" \/>\n            <\/div>\n        <\/div><div class=\"eael-entry-wrapper\"><header class=\"eael-entry-header\"><h2 class=\"eael-entry-title\"><a class=\"eael-grid-post-link\" href=\"https:\/\/soymigrante.com\/revista\/artista-david-de-paz-convierte-el-sentimiento-en-pinturas-de-arte-qeq\/\" title=\"Artista David de Paz transforma emociones en la expresi\u00f3n viva de Arte Q&#8217;eq y est\u00e1 en Mercado\">Artista David de Paz transforma emociones en la expresi\u00f3n viva de Arte Q&#8217;eq y est\u00e1 en Mercado<\/a><\/h2><\/header><div class=\"eael-entry-content\">\n                        <div class=\"eael-grid-post-excerpt\"><a href=\"https:\/\/soymigrante.com\/revista\/artista-david-de-paz-convierte-el-sentimiento-en-pinturas-de-arte-qeq\/\" class=\"eael-post-elements-readmore-btn\">CONOCE SU HISTORIA <\/a><\/div>\n                    <\/div><\/div><\/div>\n        <\/div>\n    <\/article><\/div>\n            <div class=\"clearfix\"><\/div>\n        <\/div>\t\t\t\t<\/div>\n\t\t\t\t\t<\/div>\n\t\t\t\t<\/div>\n\t\t\t\t<\/div>\n\t\t","protected":false},"excerpt":{"rendered":"<p>El arte de crear bons\u00e1i despert\u00f3 en Jenocias Guzm\u00e1n, un motivo para emprender y mostrar su talento que ahora promociona en SoyMigrante.com MERCADO. En Zaragoza, Chimaltenango, Ernesto Jeconias Salvador Guzm\u00e1n, de 30 a\u00f1os, ha transformado su pasi\u00f3n por la naturaleza en un arte detallado, vivo y fascinante: el cultivo de los \u00e1rboles miniatura, con la [&hellip;]<\/p>\n","protected":false},"author":19,"featured_media":20004,"comment_status":"open","ping_status":"open","sticky":false,"template":"","format":"standard","meta":{"_acf_changed":false,"_eb_attr":"","footnotes":""},"categories":[58],"tags":[130],"class_list":["post-20002","post","type-post","status-publish","format-standard","has-post-thumbnail","hentry","category-guate-nuestra","tag-mercado-emprendedores"],"acf":[],"aioseo_notices":[],"aioseo_head":"\n\t\t<!-- All in One SEO Pro 4.9.6.2 - aioseo.com -->\n\t<meta name=\"description\" content=\"David Armando De Paz L\u00f3pez encontr\u00f3 en el arte su su pasi\u00f3n. Su emprendimiento Arte Q\u2019eq, celebra la belleza de la vida y est\u00e1 presente en SoyMigrante MERCADO.\" \/>\n\t<meta name=\"robots\" content=\"max-snippet:-1, max-image-preview:large, max-video-preview:-1\" \/>\n\t<meta name=\"author\" content=\"Beatriz Tercero\"\/>\n\t<link rel=\"canonical\" href=\"https:\/\/soymigrante.com\/revista\/artista-david-de-paz-convierte-el-sentimiento-en-pinturas-de-arte-qeq\/\" \/>\n\t<meta name=\"generator\" content=\"All in One SEO Pro (AIOSEO) 4.9.6.2\" \/>\n\n\t\t<link rel=\"preconnect\" href=\"https:\/\/fonts.googleapis.com\" crossorigin>\n<link rel=\"preconnect\" href=\"https:\/\/fonts.gstatic.com\" crossorigin>\n\t\t<meta property=\"og:locale\" content=\"es_ES\" \/>\n\t\t<meta property=\"og:site_name\" content=\"SoyMigrante.com REVISTA \u2013 Nuestra misi\u00f3n es reconocer y dignificar al migrante.\" \/>\n\t\t<meta property=\"og:type\" content=\"article\" \/>\n\t\t<meta property=\"og:title\" content=\"Arte Q\u2019eq: Donde las emociones se transforman en arte\" \/>\n\t\t<meta property=\"og:description\" content=\"David Armando De Paz L\u00f3pez encontr\u00f3 en el arte su su pasi\u00f3n. Su emprendimiento Arte Q\u2019eq, celebra la belleza de la vida y est\u00e1 presente en SoyMigrante MERCADO.\" \/>\n\t\t<meta property=\"og:url\" content=\"https:\/\/soymigrante.com\/revista\/artista-david-de-paz-convierte-el-sentimiento-en-pinturas-de-arte-qeq\/\" \/>\n\t\t<meta property=\"og:image\" content=\"https:\/\/soymigrante.com\/revista\/wp-content\/uploads\/2025\/01\/David-Armando-De-Paz-Lopez-2.webp\" \/>\n\t\t<meta property=\"og:image:secure_url\" content=\"https:\/\/soymigrante.com\/revista\/wp-content\/uploads\/2025\/01\/David-Armando-De-Paz-Lopez-2.webp\" \/>\n\t\t<meta property=\"og:image:width\" content=\"914\" \/>\n\t\t<meta property=\"og:image:height\" content=\"914\" \/>\n\t\t<meta property=\"article:published_time\" content=\"2025-01-07T14:44:25+00:00\" \/>\n\t\t<meta property=\"article:modified_time\" content=\"2025-07-19T21:48:58+00:00\" \/>\n\t\t<meta property=\"article:publisher\" content=\"https:\/\/www.facebook.com\/soymigrantecom\" \/>\n\t\t<meta name=\"twitter:card\" content=\"summary_large_image\" \/>\n\t\t<meta name=\"twitter:site\" content=\"@SoyMigrante_com\" \/>\n\t\t<meta name=\"twitter:title\" content=\"Arte Q\u2019eq: Donde las emociones se transforman en arte\" \/>\n\t\t<meta name=\"twitter:description\" content=\"David Armando De Paz L\u00f3pez encontr\u00f3 en el arte su su pasi\u00f3n. Su emprendimiento Arte Q\u2019eq, celebra la belleza de la vida y est\u00e1 presente en SoyMigrante MERCADO.\" \/>\n\t\t<meta name=\"twitter:creator\" content=\"@SoyMigrante_com\" \/>\n\t\t<meta name=\"twitter:image\" content=\"https:\/\/soymigrante.com\/revista\/wp-content\/uploads\/2025\/01\/David-Armando-De-Paz-Lopez-2.webp\" \/>\n\t\t<!-- All in One SEO Pro -->\r\n\t\t<title>Arte Q\u2019eq: Donde las emociones se transforman en arte<\/title>\n\n","aioseo_head_json":{"title":"Arte Q\u2019eq: Donde las emociones se transforman en arte","description":"David Armando De Paz L\u00f3pez encontr\u00f3 en el arte su su pasi\u00f3n. Su emprendimiento Arte Q\u2019eq, celebra la belleza de la vida y est\u00e1 presente en SoyMigrante MERCADO.","canonical_url":"https:\/\/soymigrante.com\/revista\/artista-david-de-paz-convierte-el-sentimiento-en-pinturas-de-arte-qeq\/","robots":"max-snippet:-1, max-image-preview:large, max-video-preview:-1","keywords":"","webmasterTools":{"miscellaneous":"&lt;link rel=\"preconnect\" href=\"https:\/\/fonts.googleapis.com\" crossorigin&gt;\n&lt;link rel=\"preconnect\" href=\"https:\/\/fonts.gstatic.com\" crossorigin&gt;"},"schema":null,"og:locale":"es_ES","og:site_name":"SoyMigrante.com REVISTA \u2013 Nuestra misi\u00f3n es reconocer y dignificar al migrante.","og:type":"article","og:title":"Arte Q\u2019eq: Donde las emociones se transforman en arte","og:description":"David Armando De Paz L\u00f3pez encontr\u00f3 en el arte su su pasi\u00f3n. Su emprendimiento Arte Q\u2019eq, celebra la belleza de la vida y est\u00e1 presente en SoyMigrante MERCADO.","og:url":"https:\/\/soymigrante.com\/revista\/artista-david-de-paz-convierte-el-sentimiento-en-pinturas-de-arte-qeq\/","og:image":"https:\/\/soymigrante.com\/revista\/wp-content\/uploads\/2025\/01\/David-Armando-De-Paz-Lopez-2.webp","og:image:secure_url":"https:\/\/soymigrante.com\/revista\/wp-content\/uploads\/2025\/01\/David-Armando-De-Paz-Lopez-2.webp","og:image:width":914,"og:image:height":914,"article:published_time":"2025-01-07T14:44:25+00:00","article:modified_time":"2025-07-19T21:48:58+00:00","article:publisher":"https:\/\/www.facebook.com\/soymigrantecom","twitter:card":"summary_large_image","twitter:site":"@SoyMigrante_com","twitter:title":"Arte Q\u2019eq: Donde las emociones se transforman en arte","twitter:description":"David Armando De Paz L\u00f3pez encontr\u00f3 en el arte su su pasi\u00f3n. Su emprendimiento Arte Q\u2019eq, celebra la belleza de la vida y est\u00e1 presente en SoyMigrante MERCADO.","twitter:creator":"@SoyMigrante_com","twitter:image":"https:\/\/soymigrante.com\/revista\/wp-content\/uploads\/2025\/01\/David-Armando-De-Paz-Lopez-2.webp"},"aioseo_meta_data":{"post_id":"20002","title":"Bonsai: arte vivo cultivado por Jecon\u00edas Guzm\u00e1n","description":"El arte de crear bons\u00e1i, \u00e1rboles en miniatura, despert\u00f3 en Jecon\u00edas Guzm\u00e1n, un motivo para emprender y mostrar su talento. Ahora llega a SoyMigrante.com MERCADO","keywords":null,"keyphrases":{"focus":{"keyphrase":"bons\u00e1i","score":91,"analysis":{"keyphraseInTitle":{"score":9,"maxScore":9,"error":0},"keyphraseInDescription":{"score":9,"maxScore":9,"error":0},"keyphraseLength":{"score":9,"maxScore":9,"error":0,"length":2},"keyphraseInURL":{"score":5,"maxScore":5,"error":0},"keyphraseInIntroduction":{"score":9,"maxScore":9,"error":0},"keyphraseInSubHeadings":{"score":3,"maxScore":9,"error":1},"keyphraseInImageAlt":{"score":9,"maxScore":9,"error":0},"keywordDensity":{"type":"best","score":9,"maxScore":9,"error":0}}},"additional":[{"keyphrase":"bons\u00e1i","score":100,"analysis":{"keyphraseInDescription":{"score":9,"maxScore":9,"error":0},"keyphraseLength":{"score":9,"maxScore":9,"error":0,"length":2},"keyphraseInIntroduction":{"score":9,"maxScore":9,"error":0},"keyphraseInImageAlt":{"score":9,"maxScore":9,"error":0},"keywordDensity":{"type":"best","score":9,"maxScore":9,"error":0}}}]},"primary_term":null,"canonical_url":null,"og_title":null,"og_description":null,"og_object_type":"default","og_image_type":"default","og_image_url":null,"og_image_width":null,"og_image_height":null,"og_image_custom_url":null,"og_image_custom_fields":null,"og_video":"","og_custom_url":null,"og_article_section":null,"og_article_tags":null,"twitter_use_og":false,"twitter_card":"default","twitter_image_type":"default","twitter_image_url":null,"twitter_image_custom_url":null,"twitter_image_custom_fields":null,"twitter_title":null,"twitter_description":null,"schema":{"blockGraphs":[],"customGraphs":[],"default":{"data":{"Article":[],"Course":[],"Dataset":[],"FAQPage":[],"Movie":[],"Person":[],"Product":[],"ProductReview":[],"Car":[],"Recipe":[],"Service":[],"SoftwareApplication":[],"WebPage":[]},"graphName":"none","isEnabled":true},"graphs":[]},"schema_type":"default","schema_type_options":null,"pillar_content":false,"robots_default":true,"robots_noindex":false,"robots_noarchive":false,"robots_nosnippet":false,"robots_nofollow":false,"robots_noimageindex":false,"robots_noodp":false,"robots_notranslate":false,"robots_max_snippet":"-1","robots_max_videopreview":"-1","robots_max_imagepreview":"large","priority":null,"frequency":"default","local_seo":null,"seo_analyzer_scan_date":"2025-10-09 06:00:12","breadcrumb_settings":null,"limit_modified_date":false,"reviewed_by":"0","open_ai":"{\"title\":{\"suggestions\":[],\"usage\":0},\"description\":{\"suggestions\":[],\"usage\":0}}","ai":null,"created":"2025-01-09 15:06:43","updated":"2026-02-05 01:15:28"},"aioseo_breadcrumb":"<div class=\"aioseo-breadcrumbs\"><span class=\"aioseo-breadcrumb\">\n\t<a href=\"https:\/\/soymigrante.com\/revista\" title=\"Home\">Home<\/a>\n<\/span><span class=\"aioseo-breadcrumb-separator\">\u00bb<\/span><span class=\"aioseo-breadcrumb\">\n\t<a href=\"https:\/\/soymigrante.com\/revista\/category\/guate-nuestra\/\" title=\"Guate Nuestra\">Guate Nuestra<\/a>\n<\/span><span class=\"aioseo-breadcrumb-separator\">\u00bb<\/span><span class=\"aioseo-breadcrumb\">\n\tEl arte vivo del Bonsai es cultivado por Jecon\u00edas Guzm\u00e1n en Chimaltenango y est\u00e1 en MERCADO\n<\/span><\/div>","aioseo_breadcrumb_json":[{"label":"Home","link":"https:\/\/soymigrante.com\/revista"},{"label":"Guate Nuestra","link":"https:\/\/soymigrante.com\/revista\/category\/guate-nuestra\/"},{"label":"El arte vivo del Bonsai es cultivado por Jecon\u00edas Guzm\u00e1n en Chimaltenango y est\u00e1 en MERCADO","link":"https:\/\/soymigrante.com\/revista\/el-arte-del-bonsai-la-pasion-que-cultiva-jeconias-guzman-esta-ahora-en-mercado\/"}],"_links":{"self":[{"href":"https:\/\/soymigrante.com\/revista\/wp-json\/wp\/v2\/posts\/20002","targetHints":{"allow":["GET"]}}],"collection":[{"href":"https:\/\/soymigrante.com\/revista\/wp-json\/wp\/v2\/posts"}],"about":[{"href":"https:\/\/soymigrante.com\/revista\/wp-json\/wp\/v2\/types\/post"}],"author":[{"embeddable":true,"href":"https:\/\/soymigrante.com\/revista\/wp-json\/wp\/v2\/users\/19"}],"replies":[{"embeddable":true,"href":"https:\/\/soymigrante.com\/revista\/wp-json\/wp\/v2\/comments?post=20002"}],"version-history":[{"count":5,"href":"https:\/\/soymigrante.com\/revista\/wp-json\/wp\/v2\/posts\/20002\/revisions"}],"predecessor-version":[{"id":36545,"href":"https:\/\/soymigrante.com\/revista\/wp-json\/wp\/v2\/posts\/20002\/revisions\/36545"}],"wp:featuredmedia":[{"embeddable":true,"href":"https:\/\/soymigrante.com\/revista\/wp-json\/wp\/v2\/media\/20004"}],"wp:attachment":[{"href":"https:\/\/soymigrante.com\/revista\/wp-json\/wp\/v2\/media?parent=20002"}],"wp:term":[{"taxonomy":"category","embeddable":true,"href":"https:\/\/soymigrante.com\/revista\/wp-json\/wp\/v2\/categories?post=20002"},{"taxonomy":"post_tag","embeddable":true,"href":"https:\/\/soymigrante.com\/revista\/wp-json\/wp\/v2\/tags?post=20002"}],"curies":[{"name":"wp","href":"https:\/\/api.w.org\/{rel}","templated":true}]}}