{"id":19798,"date":"2025-01-19T13:14:05","date_gmt":"2025-01-19T19:14:05","guid":{"rendered":"https:\/\/soymigrante.com\/revista\/?p=19798"},"modified":"2025-01-19T13:14:31","modified_gmt":"2025-01-19T19:14:31","slug":"viajero-guatemalteco-leonel-ponce-presentara-su-libro-el-camino-de-las-estrellas-en-rhode-island","status":"publish","type":"post","link":"https:\/\/soymigrante.com\/revista\/viajero-guatemalteco-leonel-ponce-presentara-su-libro-el-camino-de-las-estrellas-en-rhode-island\/","title":{"rendered":"Escritor guatemalteco Leonel Ponce presenta su libro El Camino de las Estrellas en Rhode Island"},"content":{"rendered":"\t\t<div data-elementor-type=\"wp-post\" data-elementor-id=\"19798\" class=\"elementor elementor-19798\" data-elementor-post-type=\"post\">\n\t\t\t\t<div data-particle_enable=\"false\" data-particle-mobile-disabled=\"false\" class=\"elementor-element elementor-element-328a649 e-flex e-con-boxed e-con e-parent\" data-id=\"328a649\" data-element_type=\"container\" data-e-type=\"container\">\n\t\t\t\t\t<div class=\"e-con-inner\">\n\t\t\t\t<div class=\"elementor-element elementor-element-b34e472 elementor-widget elementor-widget-heading\" data-id=\"b34e472\" data-element_type=\"widget\" data-e-type=\"widget\" data-widget_type=\"heading.default\">\n\t\t\t\t\t<h2 class=\"elementor-heading-title elementor-size-default\">Leonel Ponce sobrevivi\u00f3 en 2021 a una grave situaci\u00f3n de salud  y esto lo impuls\u00f3 a cumplir un gran sue\u00f1o: una peregrinaci\u00f3n en bicicleta que dio vida a su libro Camino de Estrellas, que fue presentado en el Centro Guatemalteco de New England, Rhode Island.<\/h2>\t\t\t\t<\/div>\n\t\t\t\t\t<\/div>\n\t\t\t\t<\/div>\n\t\t<div data-particle_enable=\"false\" data-particle-mobile-disabled=\"false\" class=\"elementor-element elementor-element-d4bd04c e-flex e-con-boxed e-con e-parent\" data-id=\"d4bd04c\" data-element_type=\"container\" data-e-type=\"container\">\n\t\t\t\t\t<div class=\"e-con-inner\">\n\t\t\t\t<div class=\"elementor-element elementor-element-2974d5f elementor-widget elementor-widget-text-editor\" data-id=\"2974d5f\" data-element_type=\"widget\" data-e-type=\"widget\" data-widget_type=\"text-editor.default\">\n\t\t\t\t\t\t\t\t\t<p>El libro Camino de Estrellas es el relato de experiencias de viaje. Es un compartir de ideas, sentimientos y emociones de Leonel Ponce, originario de Cob\u00e1n, Alta Verapaz. Es ingeniero inform\u00e1tico, viajero incansable y aficionado al ciclismo de monta\u00f1a.\u00a0<\/p><p>En 2021, Leonel se someti\u00f3 a una cirug\u00eda de ap\u00e9ndice. &#8220;Por una bacteria hospitalaria, cuyo nombre nunca se me olvida, Clostridium Difficile, todo se complic\u00f3. Me cay\u00f3 una sepsis, es decir una infecci\u00f3n en la sangre que por poco y no lo cuento. Fueron dos semanas muy dif\u00edciles, de mucha angustia, riesgo, incertidumbre&#8221;.\u00a0<\/p><p>Sobrevivi\u00f3, pero aquella crisis lo hizo lanzarse a cumplir su sue\u00f1o, el cual comparte en el libro Camino de Estrellas, que present\u00f3 en Rhode Island, gracias al apoyo del <a href=\"https:\/\/soymigrante.com\/revista\/invitados-al-festival-guatemala-2024-en-rhode-island\/\">Centro Guatemalteo de New England.<\/a>\u00a0El evento fue el s\u00e1bado 18 de enero con asistencia de connacionales.<\/p>\t\t\t\t\t\t\t\t<\/div>\n\t\t\t\t\t<\/div>\n\t\t\t\t<\/div>\n\t\t<div data-particle_enable=\"false\" data-particle-mobile-disabled=\"false\" class=\"elementor-element elementor-element-ee069db e-flex e-con-boxed e-con e-parent\" data-id=\"ee069db\" data-element_type=\"container\" data-e-type=\"container\">\n\t\t\t\t\t<div class=\"e-con-inner\">\n\t\t\t\t<div class=\"elementor-element elementor-element-019b350 elementor-widget elementor-widget-image\" data-id=\"019b350\" data-element_type=\"widget\" data-e-type=\"widget\" data-widget_type=\"image.default\">\n\t\t\t\t\t\t\t\t\t\t\t\t<figure class=\"wp-caption\">\n\t\t\t\t\t\t\t\t\t\t<img fetchpriority=\"high\" decoding=\"async\" width=\"768\" height=\"571\" src=\"https:\/\/soymigrante.com\/revista\/wp-content\/uploads\/2025\/01\/leonel-ponce-1-1024x761.jpg\" class=\"attachment-large size-large wp-image-21592\" alt=\"Profesional firmando documentos en una mesa, en un entorno interior con ventana y vista urbana nocturna.\" srcset=\"https:\/\/soymigrante.com\/revista\/wp-content\/uploads\/2025\/01\/leonel-ponce-1-1024x761.jpg 1024w, https:\/\/soymigrante.com\/revista\/wp-content\/uploads\/2025\/01\/leonel-ponce-1-300x223.jpg 300w, https:\/\/soymigrante.com\/revista\/wp-content\/uploads\/2025\/01\/leonel-ponce-1-768x571.jpg 768w, https:\/\/soymigrante.com\/revista\/wp-content\/uploads\/2025\/01\/leonel-ponce-1-750x557.webp 750w, https:\/\/soymigrante.com\/revista\/wp-content\/uploads\/2025\/01\/leonel-ponce-1-1140x847.webp 1140w, https:\/\/soymigrante.com\/revista\/wp-content\/uploads\/2025\/01\/leonel-ponce-1.webp 1440w\" sizes=\"(max-width: 768px) 100vw, 768px\" title=\"Leonel Ponce firm\u00f3 ejemplares de Camino de las Estrellas en el evento de lanzamiento patrocinado por el Guatemalan Center of New England, Rhode Island. \u2013 SoyMigrante.com REVISTA\" \/>\t\t\t\t\t\t\t\t\t\t\t<figcaption class=\"widget-image-caption wp-caption-text\">Personas participando en una firma de acuerdo o encuentro laboral, en un evento relacionado con migrantes o temas laborales.<\/figcaption>\n\t\t\t\t\t\t\t\t\t\t<\/figure>\n\t\t\t\t\t\t\t\t\t<\/div>\n\t\t\t\t\t<\/div>\n\t\t\t\t<\/div>\n\t\t<div data-particle_enable=\"false\" data-particle-mobile-disabled=\"false\" class=\"elementor-element elementor-element-01768c2 e-flex e-con-boxed e-con e-parent\" data-id=\"01768c2\" data-element_type=\"container\" data-e-type=\"container\">\n\t\t\t\t\t<div class=\"e-con-inner\">\n\t\t\t\t<div class=\"elementor-element elementor-element-686b629 elementor-widget elementor-widget-heading\" data-id=\"686b629\" data-element_type=\"widget\" data-e-type=\"widget\" data-widget_type=\"heading.default\">\n\t\t\t\t\t<h3 class=\"elementor-heading-title elementor-size-default\">Un desaf\u00edo que cambia la perspectiva<\/h3>\t\t\t\t<\/div>\n\t\t\t\t\t<\/div>\n\t\t\t\t<\/div>\n\t\t<div data-particle_enable=\"false\" data-particle-mobile-disabled=\"false\" class=\"elementor-element elementor-element-427ae44 e-flex e-con-boxed e-con e-parent\" data-id=\"427ae44\" data-element_type=\"container\" data-e-type=\"container\">\n\t\t\t\t\t<div class=\"e-con-inner\">\n\t\t\t\t<div class=\"elementor-element elementor-element-58c0b86 elementor-widget elementor-widget-text-editor\" data-id=\"58c0b86\" data-element_type=\"widget\" data-e-type=\"widget\" data-widget_type=\"text-editor.default\">\n\t\t\t\t\t\t\t\t\t<p><span style=\"color: var( --e-global-color-text ); text-align: var(--text-align);\">&#8220;Me operaron en un sanatorio, pero al ver mi caso, casi que me sacaron. No quer\u00eda ir a un hospital p\u00fablico, porque todav\u00eda estaba fuerte lo del Covid. As\u00ed que me fui a mi casa y all\u00ed llev\u00e9 mi tratamiento m\u00e9dico. Pero estaba muy mal&#8221;, comparte Leonel.<\/span><\/p><p>Finalmente me recuper\u00e9 y el amigo m\u00e9dico que me trat\u00f3 me dijo: &#8220;Casi nadie sobrevive a un cuadro como el tuyo. Deber\u00edas comprar un n\u00famero de loter\u00eda porque con la suerte que ten\u00e9s, te la gan\u00e1s&#8221;.\u00a0 Leonel, durante esos d\u00edas de angustia y con riesgo de morir, valor\u00f3 a\u00fan m\u00e1s la vida y cambi\u00f3 su perspectiva.<\/p><p>&#8220;Siempre me ha gustado viajar y soy ciclista de monta\u00f1a. He ido a muchos lugares de Guatemala. Me fascinan los paisajes, me encanta la aventura. Pero desde hac\u00eda a\u00f1os quer\u00eda hacer la peregrinaci\u00f3n del Camino de Santiago&#8221;.<\/p>\t\t\t\t\t\t\t\t<\/div>\n\t\t\t\t\t<\/div>\n\t\t\t\t<\/div>\n\t\t<div data-particle_enable=\"false\" data-particle-mobile-disabled=\"false\" class=\"elementor-element elementor-element-f83ff84 e-flex e-con-boxed e-con e-parent\" data-id=\"f83ff84\" data-element_type=\"container\" data-e-type=\"container\">\n\t\t\t\t\t<div class=\"e-con-inner\">\n\t\t\t\t<div class=\"elementor-element elementor-element-bebae10 elementor-widget elementor-widget-image\" data-id=\"bebae10\" data-element_type=\"widget\" data-e-type=\"widget\" data-widget_type=\"image.default\">\n\t\t\t\t\t\t\t\t\t\t\t\t<figure class=\"wp-caption\">\n\t\t\t\t\t\t\t\t\t\t<img decoding=\"async\" width=\"768\" height=\"960\" src=\"https:\/\/soymigrante.com\/revista\/wp-content\/uploads\/2025\/01\/leonel-ponce-escritor-5-819x1024.jpg\" class=\"attachment-large size-large wp-image-19816\" alt=\"Ruta del Camino de Santiago en Castilla y Le\u00f3n, se\u00f1alizaci\u00f3n del sendero, turismo de interior, cultura migrante, historia y peregrinaje en Espa\u00f1a.\" srcset=\"https:\/\/soymigrante.com\/revista\/wp-content\/uploads\/2025\/01\/leonel-ponce-escritor-5-819x1024.jpg 819w, https:\/\/soymigrante.com\/revista\/wp-content\/uploads\/2025\/01\/leonel-ponce-escritor-5-240x300.jpg 240w, https:\/\/soymigrante.com\/revista\/wp-content\/uploads\/2025\/01\/leonel-ponce-escritor-5-768x960.jpg 768w, https:\/\/soymigrante.com\/revista\/wp-content\/uploads\/2025\/01\/leonel-ponce-escritor-5-1229x1536.jpg 1229w, https:\/\/soymigrante.com\/revista\/wp-content\/uploads\/2025\/01\/leonel-ponce-escritor-5-750x938.webp 750w, https:\/\/soymigrante.com\/revista\/wp-content\/uploads\/2025\/01\/leonel-ponce-escritor-5-1140x1425.webp 1140w, https:\/\/soymigrante.com\/revista\/wp-content\/uploads\/2025\/01\/leonel-ponce-escritor-5.webp 1440w\" sizes=\"(max-width: 768px) 100vw, 768px\" title=\"El Camino de Santiago puso a prueba la resistencia f\u00edsica, pero tambi\u00e9n las emociones y el esp\u00edritu de Leonel Ponce. \u00c9l compara esta prueba con otros recorridos y dificultades que se tienen en la vida. Por ello decidi\u00f3 convertirlo en un testimonio a trav\u00e9s de su libro El Camino de las Estrellas. Foto frente a un mapa del Camino de Santiago, en 2022. \u2013 SoyMigrante.com REVISTA\" \/>\t\t\t\t\t\t\t\t\t\t\t<figcaption class=\"widget-image-caption wp-caption-text\">Peregrino en bicicleta en la ruta del Camino de Santiago en Castilla y Le\u00f3n, junto a se\u00f1alizaci\u00f3n informativa, promoviendo turismo y cultura migrante en Espa\u00f1a.<\/figcaption>\n\t\t\t\t\t\t\t\t\t\t<\/figure>\n\t\t\t\t\t\t\t\t\t<\/div>\n\t\t\t\t\t<\/div>\n\t\t\t\t<\/div>\n\t\t<div data-particle_enable=\"false\" data-particle-mobile-disabled=\"false\" class=\"elementor-element elementor-element-ad9de42 e-flex e-con-boxed e-con e-parent\" data-id=\"ad9de42\" data-element_type=\"container\" data-e-type=\"container\">\n\t\t\t\t\t<div class=\"e-con-inner\">\n\t\t\t\t<div class=\"elementor-element elementor-element-e72de73 elementor-widget elementor-widget-heading\" data-id=\"e72de73\" data-element_type=\"widget\" data-e-type=\"widget\" data-widget_type=\"heading.default\">\n\t\t\t\t\t<h3 class=\"elementor-heading-title elementor-size-default\">El camino del redescubrimiento personal<\/h3>\t\t\t\t<\/div>\n\t\t\t\t\t<\/div>\n\t\t\t\t<\/div>\n\t\t<div data-particle_enable=\"false\" data-particle-mobile-disabled=\"false\" class=\"elementor-element elementor-element-352b3e8 e-flex e-con-boxed e-con e-parent\" data-id=\"352b3e8\" data-element_type=\"container\" data-e-type=\"container\">\n\t\t\t\t\t<div class=\"e-con-inner\">\n\t\t\t\t<div class=\"elementor-element elementor-element-dbbbdcc elementor-widget elementor-widget-text-editor\" data-id=\"dbbbdcc\" data-element_type=\"widget\" data-e-type=\"widget\" data-widget_type=\"text-editor.default\">\n\t\t\t\t\t\t\t\t\t<p><span style=\"color: var( --e-global-color-text ); text-align: var(--text-align);\">El Camino de Santiago es una ruta de fe, meditaci\u00f3n y devoci\u00f3n que que tiene varias rutas, desde Portugal, Espa\u00f1a o Francia. Todas terminan en la catedral de Santiago de Compostela, en Espa\u00f1a. All\u00ed se encuentra la tumba del ap\u00f3stol Santiago. &#8220;Despu\u00e9s que me recuper\u00e9, reflexion\u00e9 y me decid\u00ed a cumplir ese gran sue\u00f1o. Un sue\u00f1o no sirve de mucho si no lo cumples o al menos si no intentas cumplirlo&#8221;.<\/span><\/p><p>El Camino de Santiago se puede hacer a pie, en bicicleta o a caballo. &#8220;Pero no por ser en bicicleta es m\u00e1s f\u00e1cil. Tiene sus ventajas, pero es agotador tambi\u00e9n. Cada d\u00eda hay que recorrer unos 80 a 100 kil\u00f3metros seg\u00fan el tramo&#8221;, cuenta Leonel Ponce. &#8220;Tuve que hacer preparaci\u00f3n f\u00edsica. Mi padecimiento me dej\u00f3 algunas secuelas, por lo que tuve que someterme a un reacondicionamiento f\u00edsico. Pero todo era parte del viaje de cambio y transformaci\u00f3n&#8221;.<\/p><p>\u00a0<\/p>\t\t\t\t\t\t\t\t<\/div>\n\t\t\t\t\t<\/div>\n\t\t\t\t<\/div>\n\t\t<div data-particle_enable=\"false\" data-particle-mobile-disabled=\"false\" class=\"elementor-element elementor-element-38b0f56 e-flex e-con-boxed e-con e-parent\" data-id=\"38b0f56\" data-element_type=\"container\" data-e-type=\"container\">\n\t\t\t\t\t<div class=\"e-con-inner\">\n\t\t\t\t<div class=\"elementor-element elementor-element-939470e elementor-arrows-position-inside elementor-pagination-position-outside elementor-widget elementor-widget-image-carousel\" data-id=\"939470e\" data-element_type=\"widget\" data-e-type=\"widget\" data-settings=\"{&quot;slides_to_show&quot;:&quot;1&quot;,&quot;navigation&quot;:&quot;both&quot;,&quot;autoplay&quot;:&quot;yes&quot;,&quot;pause_on_hover&quot;:&quot;yes&quot;,&quot;pause_on_interaction&quot;:&quot;yes&quot;,&quot;autoplay_speed&quot;:5000,&quot;infinite&quot;:&quot;yes&quot;,&quot;effect&quot;:&quot;slide&quot;,&quot;speed&quot;:500}\" data-widget_type=\"image-carousel.default\">\n\t\t\t\t\t\t\t<div class=\"elementor-image-carousel-wrapper swiper\" role=\"region\" aria-roledescription=\"carousel\" aria-label=\"Carrusel de im\u00e1genes\" dir=\"ltr\">\n\t\t\t<div class=\"elementor-image-carousel swiper-wrapper\" aria-live=\"off\">\n\t\t\t\t\t\t\t\t<div class=\"swiper-slide\" role=\"group\" aria-roledescription=\"slide\" aria-label=\"1 de 3\"><figure class=\"swiper-slide-inner\"><img decoding=\"async\" class=\"swiper-slide-image\" src=\"https:\/\/soymigrante.com\/revista\/wp-content\/uploads\/2025\/01\/leonel-ponce-escritor-6-e1736363486756-1024x1024.webp\" alt=\"Ciclismo en paisaje rural, bicicleta en camino de tierra y campos agr\u00edcolas, aventura migrante en la naturaleza, turismo activo y vida saludable.\" \/><\/figure><\/div><div class=\"swiper-slide\" role=\"group\" aria-roledescription=\"slide\" aria-label=\"2 de 3\"><figure class=\"swiper-slide-inner\"><img decoding=\"async\" class=\"swiper-slide-image\" src=\"https:\/\/soymigrante.com\/revista\/wp-content\/uploads\/2025\/01\/leonel-ponce-escritor-1-1024x1024.jpg\" alt=\"Caminantes en un camino rural con bicicleta de monta\u00f1a en primer plano, campos abiertos y cielos azules con nubes dispersas, representando aventuras y vida al aire libre.\" \/><\/figure><\/div><div class=\"swiper-slide\" role=\"group\" aria-roledescription=\"slide\" aria-label=\"3 de 3\"><figure class=\"swiper-slide-inner\"><img decoding=\"async\" class=\"swiper-slide-image\" src=\"https:\/\/soymigrante.com\/revista\/wp-content\/uploads\/2025\/01\/leonel-ponce-escritor-7-1024x576.jpg\" alt=\"Puerta de entrada hist\u00f3rica en un pueblo rural, con arquitectura cl\u00e1sica y esculturas en piedra, en un d\u00eda nublado, con una bicicleta estacionada y calles tranquilas, reflejando patrimonio cultural y turismo en Espa\u00f1a.\" \/><\/figure><\/div>\t\t\t<\/div>\n\t\t\t\t\t\t\t\t\t\t\t\t<div class=\"elementor-swiper-button elementor-swiper-button-prev\" role=\"button\" tabindex=\"0\">\n\t\t\t\t\t\t<i aria-hidden=\"true\" class=\"eicon-chevron-left\"><\/i>\t\t\t\t\t<\/div>\n\t\t\t\t\t<div class=\"elementor-swiper-button elementor-swiper-button-next\" role=\"button\" tabindex=\"0\">\n\t\t\t\t\t\t<i aria-hidden=\"true\" class=\"eicon-chevron-right\"><\/i>\t\t\t\t\t<\/div>\n\t\t\t\t\n\t\t\t\t\t\t\t\t\t<div class=\"swiper-pagination\"><\/div>\n\t\t\t\t\t\t\t\t\t<\/div>\n\t\t\t\t\t\t<\/div>\n\t\t\t\t\t<\/div>\n\t\t\t\t<\/div>\n\t\t<div data-particle_enable=\"false\" data-particle-mobile-disabled=\"false\" class=\"elementor-element elementor-element-ffd342a e-flex e-con-boxed e-con e-parent\" data-id=\"ffd342a\" data-element_type=\"container\" data-e-type=\"container\">\n\t\t\t\t\t<div class=\"e-con-inner\">\n\t\t\t\t<div class=\"elementor-element elementor-element-bc8bbe1 elementor-widget elementor-widget-heading\" data-id=\"bc8bbe1\" data-element_type=\"widget\" data-e-type=\"widget\" data-widget_type=\"heading.default\">\n\t\t\t\t\t<h3 class=\"elementor-heading-title elementor-size-default\">El gran sue\u00f1o tambien tiene momentos cr\u00edticos<\/h3>\t\t\t\t<\/div>\n\t\t\t\t\t<\/div>\n\t\t\t\t<\/div>\n\t\t<div data-particle_enable=\"false\" data-particle-mobile-disabled=\"false\" class=\"elementor-element elementor-element-9c6b65b e-flex e-con-boxed e-con e-parent\" data-id=\"9c6b65b\" data-element_type=\"container\" data-e-type=\"container\">\n\t\t\t\t\t<div class=\"e-con-inner\">\n\t\t\t\t<div class=\"elementor-element elementor-element-4faffe4 elementor-widget elementor-widget-text-editor\" data-id=\"4faffe4\" data-element_type=\"widget\" data-e-type=\"widget\" data-widget_type=\"text-editor.default\">\n\t\t\t\t\t\t\t\t\t<p><span style=\"color: var( --e-global-color-text ); text-align: var(--text-align);\">El viaje ocurri\u00f3 en septiembre de 2022. Fue toda una prueba de resistencia para Leonal pero tambi\u00e9n un viaje por sus propias creencias, valoraciones y nuevos objetivos. &#8220;Fueron 780 kil\u00f3metros recorridos durante 12 d\u00edas,en los cuales conoc\u00ed ciudades y lugares, durante los cuales tambi\u00e9n me cuestion\u00e9. Hubo un punto en el cual me sent\u00eda cansado, agotado. Estaba lloviendo muy fuerte, estaba mojado, ten\u00eda fr\u00edo y pens\u00e9 en lo que me faltaba de camino. Pero de pronto alcanc\u00e9 a unos peregrinos que iban a pie. V\u00ed que una mujer iba descalza, no llevaba mayor abrigo. Pero iban cantando. Ten\u00eda menos que yo, pero estaba feliz. Eso me reanim\u00f3&#8221;.<\/span><\/p><p>Esa y otras vivencias son las que contiene Camino de Estrellas. Hay fotograf\u00edas, pero sobre todo instantes de admiraci\u00f3n e inspiraci\u00f3n para ver la vida de otra forma. &#8220;Mi amigo Nacho M\u00e9ndez, de Rhode Island me motiv\u00f3 a presentarlo, y con el apoyo del Centro Guatemalteco de New England, haremos la presentaci\u00f3n&#8221;.<\/p>\t\t\t\t\t\t\t\t<\/div>\n\t\t\t\t\t<\/div>\n\t\t\t\t<\/div>\n\t\t<div data-particle_enable=\"false\" data-particle-mobile-disabled=\"false\" class=\"elementor-element elementor-element-45ab0b4 e-flex e-con-boxed e-con e-parent\" data-id=\"45ab0b4\" data-element_type=\"container\" data-e-type=\"container\">\n\t\t\t\t\t<div class=\"e-con-inner\">\n\t\t\t\t<div class=\"elementor-element elementor-element-cd2586b elementor-widget elementor-widget-image\" data-id=\"cd2586b\" data-element_type=\"widget\" data-e-type=\"widget\" data-widget_type=\"image.default\">\n\t\t\t\t\t\t\t\t\t\t\t\t<figure class=\"wp-caption\">\n\t\t\t\t\t\t\t\t\t\t<img decoding=\"async\" width=\"768\" height=\"960\" src=\"https:\/\/soymigrante.com\/revista\/wp-content\/uploads\/2025\/01\/leonel-ponce-escritor-3-819x1024.jpg\" class=\"attachment-large size-large wp-image-19820\" alt=\"Ciclista celebrando en la plaza con la catedral de Santiago de Compostela de fondo, s\u00edmbolo del turismo y cultura en Galicia.\" srcset=\"https:\/\/soymigrante.com\/revista\/wp-content\/uploads\/2025\/01\/leonel-ponce-escritor-3-819x1024.jpg 819w, https:\/\/soymigrante.com\/revista\/wp-content\/uploads\/2025\/01\/leonel-ponce-escritor-3-240x300.jpg 240w, https:\/\/soymigrante.com\/revista\/wp-content\/uploads\/2025\/01\/leonel-ponce-escritor-3-768x960.jpg 768w, https:\/\/soymigrante.com\/revista\/wp-content\/uploads\/2025\/01\/leonel-ponce-escritor-3-1229x1536.jpg 1229w, https:\/\/soymigrante.com\/revista\/wp-content\/uploads\/2025\/01\/leonel-ponce-escritor-3-750x938.webp 750w, https:\/\/soymigrante.com\/revista\/wp-content\/uploads\/2025\/01\/leonel-ponce-escritor-3-1140x1425.webp 1140w, https:\/\/soymigrante.com\/revista\/wp-content\/uploads\/2025\/01\/leonel-ponce-escritor-3.webp 1440w\" sizes=\"(max-width: 768px) 100vw, 768px\" title=\"Los sue\u00f1os son para cumplirlos, afirma Leonel Ponce. Este es el momento en el cual consigue la meta de llegar a la Catedral de Santiago de Compostela, en Espa\u00f1a. El recorrido de 780 kil\u00f3metros, con todo y sus desaf\u00edos, le hizo m\u00e1s agradecido y con una perspectiva distinta para valorar la vida. Compartir este testimonio con m\u00e1s personas fue el origen del libro El Camino de las Estrellas. \u2013 SoyMigrante.com REVISTA\" \/>\t\t\t\t\t\t\t\t\t\t\t<figcaption class=\"widget-image-caption wp-caption-text\">Un ciclista feliz con una bicicleta en la Plaza del Obradoiro, en frente de la majestuosa catedral de Santiago de Compostela, un \u00edcono del turismo en Galicia.<\/figcaption>\n\t\t\t\t\t\t\t\t\t\t<\/figure>\n\t\t\t\t\t\t\t\t\t<\/div>\n\t\t\t\t\t<\/div>\n\t\t\t\t<\/div>\n\t\t<div data-particle_enable=\"false\" data-particle-mobile-disabled=\"false\" class=\"elementor-element elementor-element-d11d57a e-flex e-con-boxed e-con e-parent\" data-id=\"d11d57a\" data-element_type=\"container\" data-e-type=\"container\">\n\t\t\t\t\t<div class=\"e-con-inner\">\n\t\t\t\t<div class=\"elementor-element elementor-element-7e8b6b5 elementor-widget elementor-widget-heading\" data-id=\"7e8b6b5\" data-element_type=\"widget\" data-e-type=\"widget\" data-widget_type=\"heading.default\">\n\t\t\t\t\t<h3 class=\"elementor-heading-title elementor-size-default\">Un testimonio compartido sin fronteras<\/h3>\t\t\t\t<\/div>\n\t\t\t\t\t<\/div>\n\t\t\t\t<\/div>\n\t\t<div data-particle_enable=\"false\" data-particle-mobile-disabled=\"false\" class=\"elementor-element elementor-element-c6c6d0f e-flex e-con-boxed e-con e-parent\" data-id=\"c6c6d0f\" data-element_type=\"container\" data-e-type=\"container\">\n\t\t\t\t\t<div class=\"e-con-inner\">\n\t\t\t\t<div class=\"elementor-element elementor-element-6eb0def elementor-widget elementor-widget-text-editor\" data-id=\"6eb0def\" data-element_type=\"widget\" data-e-type=\"widget\" data-widget_type=\"text-editor.default\">\n\t\t\t\t\t\t\t\t\t<p><span style=\"color: var( --e-global-color-text ); text-align: var(--text-align);\">Realizar el libro fue otro viaje. Leonel quiso registrar en video todo el recorrido pero en el primer d\u00eda se qued\u00f3 sin el pedestal de c\u00e1mara para su bicicleta. Tom\u00f3 notas y tambi\u00e9n fotograf\u00edas.\u00a0 Una vez regres\u00f3 del viaje, intent\u00f3 recuperar los recuerdos a trav\u00e9s de las fotos.\u00a0<\/span><\/p><p><span style=\"color: var( --e-global-color-text ); text-align: var(--text-align);\">&#8220;Fue cuando empec\u00e9 a descubrir la profundidad de momentos que viv\u00ed. Aquel viaje me hizo valorar m\u00e1s la vida y ser m\u00e1s agradecido. A veces creemos que muchas cosas nos hacen falta, pero en realidad solo tenemos que ver al cielo, a las estrellas y tambien a nuestro interior. Eso es lo que comparto en Camino de Estrellas&#8221;.\u00a0\u00a0<\/span><\/p><p><span style=\"color: var( --e-global-color-text ); text-align: var(--text-align);\">Leonel efectu\u00f3 dos ediciones. Una en Amazon, que facilita su adquisici\u00f3n en EE.UU. y otra es una impresi\u00f3n que realiz\u00f3 en Cob\u00e1n, Alta Verapaz. Esta se puede comprar contact\u00e1ndolo a trav\u00e9s de su p\u00e1gina de Facebook.<\/span><\/p>\t\t\t\t\t\t\t\t<\/div>\n\t\t\t\t\t<\/div>\n\t\t\t\t<\/div>\n\t\t<div data-particle_enable=\"false\" data-particle-mobile-disabled=\"false\" class=\"elementor-element elementor-element-65892ca e-flex e-con-boxed e-con e-parent\" data-id=\"65892ca\" data-element_type=\"container\" data-e-type=\"container\">\n\t\t\t\t\t<div class=\"e-con-inner\">\n\t\t\t\t<div class=\"elementor-element elementor-element-0c8af0b elementor-widget elementor-widget-image\" data-id=\"0c8af0b\" data-element_type=\"widget\" data-e-type=\"widget\" data-widget_type=\"image.default\">\n\t\t\t\t\t\t\t\t\t\t\t\t\t\t\t<img loading=\"lazy\" decoding=\"async\" width=\"663\" height=\"1024\" src=\"https:\/\/soymigrante.com\/revista\/wp-content\/uploads\/2025\/01\/leonel-ponce-escritor-10-663x1024.jpg\" class=\"attachment-large size-large wp-image-19821\" alt=\"Majestuosa catedral iluminada en la noche, s\u00edmbolo cultural y tur\u00edstico en M\u00e9xico.\" srcset=\"https:\/\/soymigrante.com\/revista\/wp-content\/uploads\/2025\/01\/leonel-ponce-escritor-10-663x1024.jpg 663w, https:\/\/soymigrante.com\/revista\/wp-content\/uploads\/2025\/01\/leonel-ponce-escritor-10-194x300.jpg 194w, https:\/\/soymigrante.com\/revista\/wp-content\/uploads\/2025\/01\/leonel-ponce-escritor-10-768x1187.jpg 768w, https:\/\/soymigrante.com\/revista\/wp-content\/uploads\/2025\/01\/leonel-ponce-escritor-10-750x1159.webp 750w, https:\/\/soymigrante.com\/revista\/wp-content\/uploads\/2025\/01\/leonel-ponce-escritor-10.webp 792w\" sizes=\"(max-width: 663px) 100vw, 663px\" title=\"leonel ponce escritor 10 \u2013 SoyMigrante.com REVISTA\" \/>\t\t\t\t\t\t\t\t\t\t\t\t\t\t\t<\/div>\n\t\t\t\t\t<\/div>\n\t\t\t\t<\/div>\n\t\t<div data-particle_enable=\"false\" data-particle-mobile-disabled=\"false\" class=\"elementor-element elementor-element-5617d46 e-flex e-con-boxed e-con e-parent\" data-id=\"5617d46\" data-element_type=\"container\" data-e-type=\"container\">\n\t\t\t\t\t<div class=\"e-con-inner\">\n\t\t\t\t<div class=\"elementor-element elementor-element-3401882 elementor-widget elementor-widget-heading\" data-id=\"3401882\" data-element_type=\"widget\" data-e-type=\"widget\" data-widget_type=\"heading.default\">\n\t\t\t\t\t<h3 class=\"elementor-heading-title elementor-size-default\">Exitosa presentaci\u00f3n del libro<\/h3>\t\t\t\t<\/div>\n\t\t\t\t\t<\/div>\n\t\t\t\t<\/div>\n\t\t<div data-particle_enable=\"false\" data-particle-mobile-disabled=\"false\" class=\"elementor-element elementor-element-74ecf17 e-flex e-con-boxed e-con e-parent\" data-id=\"74ecf17\" data-element_type=\"container\" data-e-type=\"container\">\n\t\t\t\t\t<div class=\"e-con-inner\">\n\t\t\t\t<div class=\"elementor-element elementor-element-51b8bf9 elementor-widget elementor-widget-text-editor\" data-id=\"51b8bf9\" data-element_type=\"widget\" data-e-type=\"widget\" data-widget_type=\"text-editor.default\">\n\t\t\t\t\t\t\t\t\t<p>Leonel Ponce comparti\u00f3 un mensaje de motivaci\u00f3n y optimismo a los asistentes a la presentaci\u00f3n de su libro en Rhode Island. El libro se encuentra a la venta por medio de Amazon en EE.UU y tambi\u00e9n en Guatemala. Si alguien desea adquirirlo puede contactarlo a trav\u00e9s de su pagina de Facebook.<\/p><p>Video de la presentaci\u00f3n:<\/p>\t\t\t\t\t\t\t\t<\/div>\n\t\t\t\t\t<\/div>\n\t\t\t\t<\/div>\n\t\t<div data-particle_enable=\"false\" data-particle-mobile-disabled=\"false\" class=\"elementor-element elementor-element-416f955 e-flex e-con-boxed e-con e-parent\" data-id=\"416f955\" data-element_type=\"container\" data-e-type=\"container\">\n\t\t\t\t\t<div class=\"e-con-inner\">\n\t\t\t\t<div class=\"elementor-element elementor-element-f6992a8 elementor-invisible elementor-widget elementor-widget-facebook-embed\" data-id=\"f6992a8\" data-element_type=\"widget\" data-e-type=\"widget\" data-settings=\"{&quot;_animation&quot;:&quot;zoomInDown&quot;}\" data-widget_type=\"facebook-embed.default\">\n\t\t\t\t\t<div style=\"min-height: 1px\" class=\"elementor-facebook-widget fb-video\" data-href=\"https:\/\/fb.watch\/xd24VfcVb9\/\" data-show-text=\"false\" data-allowfullscreen=\"false\" data-autoplay=\"false\" data-show-captions=\"false\"><\/div>\t\t\t\t<\/div>\n\t\t\t\t\t<\/div>\n\t\t\t\t<\/div>\n\t\t<div data-particle_enable=\"false\" data-particle-mobile-disabled=\"false\" class=\"elementor-element elementor-element-8bdaf1f e-flex e-con-boxed e-con e-parent\" data-id=\"8bdaf1f\" data-element_type=\"container\" data-e-type=\"container\">\n\t\t\t\t\t<div class=\"e-con-inner\">\n\t\t\t\t<div class=\"elementor-element elementor-element-da16dcb elementor-widget elementor-widget-heading\" data-id=\"da16dcb\" data-element_type=\"widget\" data-e-type=\"widget\" data-widget_type=\"heading.default\">\n\t\t\t\t\t<h2 class=\"elementor-heading-title elementor-size-default\">M\u00e1s inspiraci\u00f3n en historias reales<\/h2>\t\t\t\t<\/div>\n\t\t\t\t\t<\/div>\n\t\t\t\t<\/div>\n\t\t<div data-particle_enable=\"false\" data-particle-mobile-disabled=\"false\" class=\"elementor-element elementor-element-686bd0c e-flex e-con-boxed e-con e-parent\" data-id=\"686bd0c\" data-element_type=\"container\" data-e-type=\"container\">\n\t\t\t\t\t<div class=\"e-con-inner\">\n\t\t\t\t<div class=\"elementor-element elementor-element-2cda6d2 elementor-grid-eael-col-3 elementor-grid-tablet-eael-col-2 elementor-grid-mobile-eael-col-1 elementor-widget elementor-widget-eael-post-grid\" data-id=\"2cda6d2\" data-element_type=\"widget\" data-e-type=\"widget\" data-settings=\"{&quot;eael_post_grid_columns&quot;:&quot;eael-col-3&quot;,&quot;eael_post_grid_columns_tablet&quot;:&quot;eael-col-2&quot;,&quot;eael_post_grid_columns_mobile&quot;:&quot;eael-col-1&quot;}\" data-widget_type=\"eael-post-grid.default\">\n\t\t\t\t\t<div id=\"eael-post-grid-2cda6d2\" class=\"eael-post-grid-container\">\n            <div class=\"eael-post-grid eael-post-appender eael-post-appender-2cda6d2 eael-post-grid-style-one\" data-layout-mode=\"masonry\"><article class=\"eael-grid-post  eael-post-grid-column eael-pg-post-10466 category-guate-nuestra tags-mercado-emprendedores\" data-id=\"10466\">\n        <div class=\"eael-grid-post-holder\">\n            <div class=\"eael-grid-post-holder-inner\"><div class=\"eael-entry-media\"><div class=\"eael-entry-overlay fade-in\"><i class=\"far fa-hand-pointer\" aria-hidden=\"true\"><\/i><a href=\"https:\/\/soymigrante.com\/revista\/escritor-manuel-orantes-alvarez-confecciona-relatos-que-invitan-al-cambio\/\"><\/a><\/div><div class=\"eael-entry-thumbnail \">\n                <img loading=\"lazy\" decoding=\"async\" width=\"860\" height=\"860\" src=\"https:\/\/soymigrante.com\/revista\/wp-content\/uploads\/2024\/10\/manuel-orantes-guatemalteco-escritor-migrante-3.webp\" class=\"attachment-large size-large wp-image-10542\" alt=\"Discurso de migrante latinoamericano en parque p\u00fablico, promoviendo integraci\u00f3n y cultura, con libro en mano, vestido con camiseta azul y sombrero colorido.\" srcset=\"https:\/\/soymigrante.com\/revista\/wp-content\/uploads\/2024\/10\/manuel-orantes-guatemalteco-escritor-migrante-3.webp 860w, https:\/\/soymigrante.com\/revista\/wp-content\/uploads\/2024\/10\/manuel-orantes-guatemalteco-escritor-migrante-3-300x300.webp 300w, https:\/\/soymigrante.com\/revista\/wp-content\/uploads\/2024\/10\/manuel-orantes-guatemalteco-escritor-migrante-3-150x150.webp 150w, https:\/\/soymigrante.com\/revista\/wp-content\/uploads\/2024\/10\/manuel-orantes-guatemalteco-escritor-migrante-3-768x768.webp 768w, https:\/\/soymigrante.com\/revista\/wp-content\/uploads\/2024\/10\/manuel-orantes-guatemalteco-escritor-migrante-3-75x75.webp 75w, https:\/\/soymigrante.com\/revista\/wp-content\/uploads\/2024\/10\/manuel-orantes-guatemalteco-escritor-migrante-3-750x750.webp 750w\" sizes=\"(max-width: 860px) 100vw, 860px\" \/>\n            <\/div>\n        <\/div><div class=\"eael-entry-wrapper\"><header class=\"eael-entry-header\"><h2 class=\"eael-entry-title\"><a class=\"eael-grid-post-link\" href=\"https:\/\/soymigrante.com\/revista\/escritor-manuel-orantes-alvarez-confecciona-relatos-que-invitan-al-cambio\/\" title=\"Escritor Manuel Orantes-\u00c1lvarez crea relatos que invitan a la transformaci\u00f3n personal\">Escritor Manuel Orantes-\u00c1lvarez crea relatos que invitan a la transformaci\u00f3n personal<\/a><\/h2><\/header><div class=\"eael-entry-content\">\n                        <div class=\"eael-grid-post-excerpt\"><a href=\"https:\/\/soymigrante.com\/revista\/escritor-manuel-orantes-alvarez-confecciona-relatos-que-invitan-al-cambio\/\" class=\"eael-post-elements-readmore-btn\">CONOCE SU HISTORIA <\/a><\/div>\n                    <\/div><\/div><\/div>\n        <\/div>\n    <\/article><article class=\"eael-grid-post  eael-post-grid-column eael-pg-post-1870 category-exitos tags-california\" data-id=\"1870\">\n        <div class=\"eael-grid-post-holder\">\n            <div class=\"eael-grid-post-holder-inner\"><div class=\"eael-entry-media\"><div class=\"eael-entry-overlay fade-in\"><i class=\"far fa-hand-pointer\" aria-hidden=\"true\"><\/i><a href=\"https:\/\/soymigrante.com\/revista\/walter-villatoro-mariachi-migrante-guatemalteco\/\"><\/a><\/div><div class=\"eael-entry-thumbnail \">\n                <img loading=\"lazy\" decoding=\"async\" width=\"1024\" height=\"614\" src=\"https:\/\/soymigrante.com\/revista\/wp-content\/uploads\/2023\/07\/Captura-de-pantalla-2023-07-14-142215-1024x614.webp\" class=\"attachment-large size-large wp-image-1872\" alt=\"Walter Villatoro, migrante guatemalteco, cantante, compositor, productor art\u00edstico residente en San Diego, California\" srcset=\"https:\/\/soymigrante.com\/revista\/wp-content\/uploads\/2023\/07\/Captura-de-pantalla-2023-07-14-142215-1024x614.webp 1024w, https:\/\/soymigrante.com\/revista\/wp-content\/uploads\/2023\/07\/Captura-de-pantalla-2023-07-14-142215-300x180.webp 300w, https:\/\/soymigrante.com\/revista\/wp-content\/uploads\/2023\/07\/Captura-de-pantalla-2023-07-14-142215-768x460.webp 768w, https:\/\/soymigrante.com\/revista\/wp-content\/uploads\/2023\/07\/Captura-de-pantalla-2023-07-14-142215-1536x920.webp 1536w, https:\/\/soymigrante.com\/revista\/wp-content\/uploads\/2023\/07\/Captura-de-pantalla-2023-07-14-142215-750x449.webp 750w, https:\/\/soymigrante.com\/revista\/wp-content\/uploads\/2023\/07\/Captura-de-pantalla-2023-07-14-142215-1140x683.webp 1140w, https:\/\/soymigrante.com\/revista\/wp-content\/uploads\/2023\/07\/Captura-de-pantalla-2023-07-14-142215.webp 1587w\" sizes=\"(max-width: 1024px) 100vw, 1024px\" \/>\n            <\/div>\n        <\/div><div class=\"eael-entry-wrapper\"><header class=\"eael-entry-header\"><h2 class=\"eael-entry-title\"><a class=\"eael-grid-post-link\" href=\"https:\/\/soymigrante.com\/revista\/walter-villatoro-mariachi-migrante-guatemalteco\/\" title=\"Walter Villatoro: la inspiradora historia de El Mariachi Guatemalteco\">Walter Villatoro: la inspiradora historia de El Mariachi Guatemalteco<\/a><\/h2><\/header><div class=\"eael-entry-content\">\n                        <div class=\"eael-grid-post-excerpt\"><a href=\"https:\/\/soymigrante.com\/revista\/walter-villatoro-mariachi-migrante-guatemalteco\/\" class=\"eael-post-elements-readmore-btn\">CONOCE SU HISTORIA <\/a><\/div>\n                    <\/div><\/div><\/div>\n        <\/div>\n    <\/article><article class=\"eael-grid-post  eael-post-grid-column eael-pg-post-845 category-lugar-de-voces tags-testimonio\" data-id=\"845\">\n        <div class=\"eael-grid-post-holder\">\n            <div class=\"eael-grid-post-holder-inner\"><div class=\"eael-entry-media\"><div class=\"eael-entry-overlay fade-in\"><i class=\"far fa-hand-pointer\" aria-hidden=\"true\"><\/i><a href=\"https:\/\/soymigrante.com\/revista\/hay-vida-despues-de-un-trasplante-pero-no-es-facil\/\"><\/a><\/div><div class=\"eael-entry-thumbnail \">\n                <img loading=\"lazy\" decoding=\"async\" width=\"1000\" height=\"750\" src=\"https:\/\/soymigrante.com\/revista\/wp-content\/uploads\/2023\/03\/trasplante-4-1.webp\" class=\"attachment-large size-large wp-image-850\" alt=\"\" srcset=\"https:\/\/soymigrante.com\/revista\/wp-content\/uploads\/2023\/03\/trasplante-4-1.webp 1000w, https:\/\/soymigrante.com\/revista\/wp-content\/uploads\/2023\/03\/trasplante-4-1-300x225.webp 300w, https:\/\/soymigrante.com\/revista\/wp-content\/uploads\/2023\/03\/trasplante-4-1-768x576.jpg 768w, https:\/\/soymigrante.com\/revista\/wp-content\/uploads\/2023\/03\/trasplante-4-1-750x563.webp 750w\" sizes=\"(max-width: 1000px) 100vw, 1000px\" \/>\n            <\/div>\n        <\/div><div class=\"eael-entry-wrapper\"><header class=\"eael-entry-header\"><h2 class=\"eael-entry-title\"><a class=\"eael-grid-post-link\" href=\"https:\/\/soymigrante.com\/revista\/hay-vida-despues-de-un-trasplante-pero-no-es-facil\/\" title=\"Testimonio: hay vida despu\u00e9s de un trasplante de h\u00edgado&#8230; pero no es f\u00e1cil\">Testimonio: hay vida despu\u00e9s de un trasplante de h\u00edgado&#8230; pero no es f\u00e1cil<\/a><\/h2><\/header><div class=\"eael-entry-content\">\n                        <div class=\"eael-grid-post-excerpt\"><a href=\"https:\/\/soymigrante.com\/revista\/hay-vida-despues-de-un-trasplante-pero-no-es-facil\/\" class=\"eael-post-elements-readmore-btn\">CONOCE SU HISTORIA <\/a><\/div>\n                    <\/div><\/div><\/div>\n        <\/div>\n    <\/article><\/div>\n            <div class=\"clearfix\"><\/div>\n        <\/div>\t\t\t\t<\/div>\n\t\t\t\t\t<\/div>\n\t\t\t\t<\/div>\n\t\t\t\t<\/div>\n\t\t","protected":false},"excerpt":{"rendered":"<p>Leonel Ponce sobrevivi\u00f3 en 2021 a una grave situaci\u00f3n de salud y esto lo impuls\u00f3 a cumplir un gran sue\u00f1o: una peregrinaci\u00f3n en bicicleta que dio vida a su libro Camino de Estrellas, que fue presentado en el Centro Guatemalteco de New England, Rhode Island. El libro Camino de Estrellas es el relato de experiencias [&hellip;]<\/p>\n","protected":false},"author":7,"featured_media":19799,"comment_status":"open","ping_status":"open","sticky":false,"template":"","format":"standard","meta":{"_acf_changed":false,"_eb_attr":"","footnotes":""},"categories":[54],"tags":[],"class_list":["post-19798","post","type-post","status-publish","format-standard","has-post-thumbnail","hentry","category-estamos-unidos"],"acf":[],"aioseo_notices":[],"aioseo_head":"\n\t\t<!-- All in One SEO Pro 4.9.6.2 - aioseo.com -->\n\t<meta name=\"description\" content=\"Este es el testimono de un migrante guatemalteco que recibi\u00f3 un trasplante de h\u00edgado en el hospital de la Universidad de California.\" \/>\n\t<meta name=\"robots\" content=\"max-snippet:-1, max-image-preview:large, max-video-preview:-1\" \/>\n\t<meta name=\"author\" content=\"SoyMigrante.com REVISTA\"\/>\n\t<link rel=\"canonical\" href=\"https:\/\/soymigrante.com\/revista\/hay-vida-despues-de-un-trasplante-pero-no-es-facil\/\" \/>\n\t<meta name=\"generator\" content=\"All in One SEO Pro (AIOSEO) 4.9.6.2\" \/>\n\n\t\t<link rel=\"preconnect\" href=\"https:\/\/fonts.googleapis.com\" crossorigin>\n<link rel=\"preconnect\" href=\"https:\/\/fonts.gstatic.com\" crossorigin>\n\t\t<meta property=\"og:locale\" content=\"es_ES\" \/>\n\t\t<meta property=\"og:site_name\" content=\"SoyMigrante.com REVISTA \u2013 Nuestra misi\u00f3n es reconocer y dignificar al migrante.\" \/>\n\t\t<meta property=\"og:type\" content=\"article\" \/>\n\t\t<meta property=\"og:title\" content=\"Testimonio: hay vida despu\u00e9s de un trasplante de h\u00edgado\u2026 pero no es f\u00e1cil\" \/>\n\t\t<meta property=\"og:description\" content=\"Este es el testimono de un migrante guatemalteco que recibi\u00f3 un trasplante de h\u00edgado en el hospital de la Universidad de California.\" \/>\n\t\t<meta property=\"og:url\" content=\"https:\/\/soymigrante.com\/revista\/hay-vida-despues-de-un-trasplante-pero-no-es-facil\/\" \/>\n\t\t<meta property=\"og:image\" content=\"https:\/\/soymigrante.com\/revista\/wp-content\/uploads\/2023\/03\/trasplante-4-1.webp\" \/>\n\t\t<meta property=\"og:image:secure_url\" content=\"https:\/\/soymigrante.com\/revista\/wp-content\/uploads\/2023\/03\/trasplante-4-1.webp\" \/>\n\t\t<meta property=\"og:image:width\" content=\"1000\" \/>\n\t\t<meta property=\"og:image:height\" content=\"750\" \/>\n\t\t<meta property=\"article:published_time\" content=\"2023-05-26T00:03:15+00:00\" \/>\n\t\t<meta property=\"article:modified_time\" content=\"2024-06-25T22:36:19+00:00\" \/>\n\t\t<meta property=\"article:publisher\" content=\"https:\/\/www.facebook.com\/soymigrantecom\" \/>\n\t\t<meta name=\"twitter:card\" content=\"summary_large_image\" \/>\n\t\t<meta name=\"twitter:site\" content=\"@SoyMigrante_com\" \/>\n\t\t<meta name=\"twitter:title\" content=\"Testimonio: hay vida despu\u00e9s de un trasplante de h\u00edgado\u2026 pero no es f\u00e1cil\" \/>\n\t\t<meta name=\"twitter:description\" content=\"Este es el testimono de un migrante guatemalteco que recibi\u00f3 un trasplante de h\u00edgado en el hospital de la Universidad de California.\" \/>\n\t\t<meta name=\"twitter:creator\" content=\"@SoyMigrante_com\" \/>\n\t\t<meta name=\"twitter:image\" content=\"https:\/\/soymigrante.com\/revista\/wp-content\/uploads\/2023\/03\/trasplante-4-1.webp\" \/>\n\t\t<!-- All in One SEO Pro -->\r\n\t\t<title>Testimonio: hay vida despu\u00e9s de un trasplante de h\u00edgado\u2026 pero no es f\u00e1cil<\/title>\n\n","aioseo_head_json":{"title":"Testimonio: hay vida despu\u00e9s de un trasplante de h\u00edgado\u2026 pero no es f\u00e1cil","description":"Este es el testimono de un migrante guatemalteco que recibi\u00f3 un trasplante de h\u00edgado en el hospital de la Universidad de California.","canonical_url":"https:\/\/soymigrante.com\/revista\/hay-vida-despues-de-un-trasplante-pero-no-es-facil\/","robots":"max-snippet:-1, max-image-preview:large, max-video-preview:-1","keywords":"","webmasterTools":{"miscellaneous":"&lt;link rel=\"preconnect\" href=\"https:\/\/fonts.googleapis.com\" crossorigin&gt;\n&lt;link rel=\"preconnect\" href=\"https:\/\/fonts.gstatic.com\" crossorigin&gt;"},"schema":null,"og:locale":"es_ES","og:site_name":"SoyMigrante.com REVISTA \u2013 Nuestra misi\u00f3n es reconocer y dignificar al migrante.","og:type":"article","og:title":"Testimonio: hay vida despu\u00e9s de un trasplante de h\u00edgado\u2026 pero no es f\u00e1cil","og:description":"Este es el testimono de un migrante guatemalteco que recibi\u00f3 un trasplante de h\u00edgado en el hospital de la Universidad de California.","og:url":"https:\/\/soymigrante.com\/revista\/hay-vida-despues-de-un-trasplante-pero-no-es-facil\/","og:image":"https:\/\/soymigrante.com\/revista\/wp-content\/uploads\/2023\/03\/trasplante-4-1.webp","og:image:secure_url":"https:\/\/soymigrante.com\/revista\/wp-content\/uploads\/2023\/03\/trasplante-4-1.webp","og:image:width":1000,"og:image:height":750,"article:published_time":"2023-05-26T00:03:15+00:00","article:modified_time":"2024-06-25T22:36:19+00:00","article:publisher":"https:\/\/www.facebook.com\/soymigrantecom","twitter:card":"summary_large_image","twitter:site":"@SoyMigrante_com","twitter:title":"Testimonio: hay vida despu\u00e9s de un trasplante de h\u00edgado\u2026 pero no es f\u00e1cil","twitter:description":"Este es el testimono de un migrante guatemalteco que recibi\u00f3 un trasplante de h\u00edgado en el hospital de la Universidad de California.","twitter:creator":"@SoyMigrante_com","twitter:image":"https:\/\/soymigrante.com\/revista\/wp-content\/uploads\/2023\/03\/trasplante-4-1.webp"},"aioseo_meta_data":{"post_id":"19798","title":"Guatemalteco lanza libro Camino de Estrellas en Rhode Island","description":"Escritor cobanero presenta con \u00e9xito su libro Camino de Estrellas en el Centro Guatemalteco de New England, Rhode Island. Connacionales acudieron al evento.","keywords":null,"keyphrases":{"focus":{"keyphrase":"Libro","score":91,"analysis":{"keyphraseInTitle":{"score":9,"maxScore":9,"error":0},"keyphraseInDescription":{"score":9,"maxScore":9,"error":0},"keyphraseLength":{"score":9,"maxScore":9,"error":0,"length":1},"keyphraseInURL":{"score":5,"maxScore":5,"error":0},"keyphraseInIntroduction":{"score":9,"maxScore":9,"error":0},"keyphraseInSubHeadings":{"score":3,"maxScore":9,"error":1},"keyphraseInImageAlt":{"score":9,"maxScore":9,"error":0},"keywordDensity":{"type":"best","score":9,"maxScore":9,"error":0}}},"additional":[{"keyphrase":"Guatemalteco","score":67,"analysis":{"keyphraseInDescription":{"score":9,"maxScore":9,"error":0},"keyphraseLength":{"score":9,"maxScore":9,"error":0,"length":1},"keyphraseInIntroduction":{"score":3,"maxScore":9,"error":1},"keyphraseInImageAlt":{"score":9,"maxScore":9,"error":0},"keywordDensity":{"score":0,"type":"low","maxScore":9,"error":1}}},{"keyphrase":"Migrante","score":53,"analysis":{"keyphraseInDescription":{"score":3,"maxScore":9,"error":1},"keyphraseLength":{"score":9,"maxScore":9,"error":0,"length":1},"keyphraseInIntroduction":{"score":3,"maxScore":9,"error":1},"keyphraseInImageAlt":{"score":9,"maxScore":9,"error":0},"keywordDensity":{"score":0,"type":"low","maxScore":9,"error":1}}},{"keyphrase":"Cobanero","score":53,"analysis":{"keyphraseInDescription":{"score":9,"maxScore":9,"error":0},"keyphraseLength":{"score":9,"maxScore":9,"error":0,"length":1},"keyphraseInIntroduction":{"score":3,"maxScore":9,"error":1},"keyphraseInImageAlt":{"score":3,"maxScore":9,"error":1},"keywordDensity":{"score":0,"type":"low","maxScore":9,"error":1}}},{"keyphrase":"Camino de Estrellas","score":80,"analysis":{"keyphraseInDescription":{"score":9,"maxScore":9,"error":0},"keyphraseLength":{"score":9,"maxScore":9,"error":0,"length":3},"keyphraseInIntroduction":{"score":9,"maxScore":9,"error":0},"keyphraseInImageAlt":{"score":9,"maxScore":9,"error":0},"keywordDensity":{"score":0,"type":"low","maxScore":9,"error":1}}}]},"primary_term":null,"canonical_url":null,"og_title":null,"og_description":null,"og_object_type":"default","og_image_type":"default","og_image_url":null,"og_image_width":null,"og_image_height":null,"og_image_custom_url":null,"og_image_custom_fields":null,"og_video":"","og_custom_url":null,"og_article_section":null,"og_article_tags":null,"twitter_use_og":false,"twitter_card":"default","twitter_image_type":"default","twitter_image_url":null,"twitter_image_custom_url":null,"twitter_image_custom_fields":null,"twitter_title":null,"twitter_description":null,"schema":{"blockGraphs":[],"customGraphs":[],"default":{"data":{"Article":[],"Course":[],"Dataset":[],"FAQPage":[],"Movie":[],"Person":[],"Product":[],"ProductReview":[],"Car":[],"Recipe":[],"Service":[],"SoftwareApplication":[],"WebPage":[]},"graphName":"BlogPosting","isEnabled":true},"graphs":[]},"schema_type":"default","schema_type_options":null,"pillar_content":false,"robots_default":true,"robots_noindex":false,"robots_noarchive":false,"robots_nosnippet":false,"robots_nofollow":false,"robots_noimageindex":false,"robots_noodp":false,"robots_notranslate":false,"robots_max_snippet":"-1","robots_max_videopreview":"-1","robots_max_imagepreview":"large","priority":null,"frequency":"default","local_seo":null,"seo_analyzer_scan_date":"2025-10-09 01:54:10","breadcrumb_settings":null,"limit_modified_date":false,"reviewed_by":null,"open_ai":"{\"title\":{\"suggestions\":[],\"usage\":0},\"description\":{\"suggestions\":[],\"usage\":0}}","ai":null,"created":"2025-01-08 16:34:12","updated":"2026-02-04 19:00:36"},"aioseo_breadcrumb":"<div class=\"aioseo-breadcrumbs\"><span class=\"aioseo-breadcrumb\">\n\t<a href=\"https:\/\/soymigrante.com\/revista\" title=\"Home\">Home<\/a>\n<\/span><span class=\"aioseo-breadcrumb-separator\">\u00bb<\/span><span class=\"aioseo-breadcrumb\">\n\t<a href=\"https:\/\/soymigrante.com\/revista\/category\/estamos-unidos\/\" title=\"Estamos Unidos\">Estamos Unidos<\/a>\n<\/span><span class=\"aioseo-breadcrumb-separator\">\u00bb<\/span><span class=\"aioseo-breadcrumb\">\n\tEscritor guatemalteco Leonel Ponce presenta su libro El Camino de las Estrellas en Rhode Island\n<\/span><\/div>","aioseo_breadcrumb_json":[{"label":"Home","link":"https:\/\/soymigrante.com\/revista"},{"label":"Estamos Unidos","link":"https:\/\/soymigrante.com\/revista\/category\/estamos-unidos\/"},{"label":"Escritor guatemalteco Leonel Ponce presenta su libro El Camino de las Estrellas en Rhode Island","link":"https:\/\/soymigrante.com\/revista\/viajero-guatemalteco-leonel-ponce-presentara-su-libro-el-camino-de-las-estrellas-en-rhode-island\/"}],"_links":{"self":[{"href":"https:\/\/soymigrante.com\/revista\/wp-json\/wp\/v2\/posts\/19798","targetHints":{"allow":["GET"]}}],"collection":[{"href":"https:\/\/soymigrante.com\/revista\/wp-json\/wp\/v2\/posts"}],"about":[{"href":"https:\/\/soymigrante.com\/revista\/wp-json\/wp\/v2\/types\/post"}],"author":[{"embeddable":true,"href":"https:\/\/soymigrante.com\/revista\/wp-json\/wp\/v2\/users\/7"}],"replies":[{"embeddable":true,"href":"https:\/\/soymigrante.com\/revista\/wp-json\/wp\/v2\/comments?post=19798"}],"version-history":[{"count":0,"href":"https:\/\/soymigrante.com\/revista\/wp-json\/wp\/v2\/posts\/19798\/revisions"}],"wp:featuredmedia":[{"embeddable":true,"href":"https:\/\/soymigrante.com\/revista\/wp-json\/wp\/v2\/media\/19799"}],"wp:attachment":[{"href":"https:\/\/soymigrante.com\/revista\/wp-json\/wp\/v2\/media?parent=19798"}],"wp:term":[{"taxonomy":"category","embeddable":true,"href":"https:\/\/soymigrante.com\/revista\/wp-json\/wp\/v2\/categories?post=19798"},{"taxonomy":"post_tag","embeddable":true,"href":"https:\/\/soymigrante.com\/revista\/wp-json\/wp\/v2\/tags?post=19798"}],"curies":[{"name":"wp","href":"https:\/\/api.w.org\/{rel}","templated":true}]}}