{"id":19785,"date":"2025-01-10T06:00:00","date_gmt":"2025-01-10T12:00:00","guid":{"rendered":"https:\/\/soymigrante.com\/revista\/?p=19785"},"modified":"2025-01-26T19:08:09","modified_gmt":"2025-01-27T01:08:09","slug":"cuidarse-las-unas-y-las-manos-trabajando-en-estados-unidos","status":"publish","type":"post","link":"https:\/\/soymigrante.com\/revista\/cuidarse-las-unas-y-las-manos-trabajando-en-estados-unidos\/","title":{"rendered":"\u00bfCuidarse las u\u00f1as y las manos trabajando en Estados Unidos?"},"content":{"rendered":"\t\t<div data-elementor-type=\"wp-post\" data-elementor-id=\"19785\" class=\"elementor elementor-19785\" data-elementor-post-type=\"post\">\n\t\t\t\t<div data-particle_enable=\"false\" data-particle-mobile-disabled=\"false\" class=\"elementor-element elementor-element-80a033e e-flex e-con-boxed e-con e-parent\" data-id=\"80a033e\" data-element_type=\"container\" data-e-type=\"container\">\n\t\t\t\t\t<div class=\"e-con-inner\">\n\t\t\t\t<div class=\"elementor-element elementor-element-f15402d elementor-widget elementor-widget-heading\" data-id=\"f15402d\" data-element_type=\"widget\" data-e-type=\"widget\" data-widget_type=\"heading.default\">\n\t\t\t\t\t<h2 class=\"elementor-heading-title elementor-size-default\">Cuidarse las u\u00f1as y manos es vital para los trabajadores en Estados Unidos, porque muchas de sus funciones son con las manos, estos son los consejos para migrantes guatemaltecos. \n<\/h2>\t\t\t\t<\/div>\n\t\t\t\t\t<\/div>\n\t\t\t\t<\/div>\n\t\t<div data-particle_enable=\"false\" data-particle-mobile-disabled=\"false\" class=\"elementor-element elementor-element-96c181c e-flex e-con-boxed e-con e-parent\" data-id=\"96c181c\" data-element_type=\"container\" data-e-type=\"container\">\n\t\t\t\t\t<div class=\"e-con-inner\">\n\t\t\t\t<div class=\"elementor-element elementor-element-3ec48eb elementor-widget elementor-widget-text-editor\" data-id=\"3ec48eb\" data-element_type=\"widget\" data-e-type=\"widget\" data-widget_type=\"text-editor.default\">\n\t\t\t\t\t\t\t\t\t<p>Para muchos migrantes guatemaltecos en Estados Unidos, el trabajo f\u00edsico es parte del d\u00eda a d\u00eda<a href=\"https:\/\/soymigrante.com\/revista\/trabajo-y-aporte-fiscal-de-migrantes-es-clave-para-economia-de-ee-uu-senala-estudio-realizado-en-ny\/\" target=\"_blank\" rel=\"noopener\">, ya sea en construcci\u00f3n, limpieza, cocina<\/a>, agricultura u otros oficios que requieren esfuerzo manual.<\/p><p>Este tipo de trabajos, aunque <a href=\"https:\/\/soymigrante.com\/revista\/trabajo-y-aporte-fiscal-de-migrantes-es-clave-para-economia-de-ee-uu-senala-estudio-realizado-en-ny\/\" target=\"_blank\" rel=\"noopener\">dignos y necesarios,<\/a> pueden exponer las manos y u\u00f1as a lesiones, infecciones o da\u00f1os permanentes si no se cuidan adecuadamente.<\/p><p>Aqu\u00ed te compartimos algunos consejos pr\u00e1cticos para proteger tus manos y mantenerlas saludables.<\/p>\t\t\t\t\t\t\t\t<\/div>\n\t\t\t\t\t<\/div>\n\t\t\t\t<\/div>\n\t\t<div data-particle_enable=\"false\" data-particle-mobile-disabled=\"false\" class=\"elementor-element elementor-element-fb20e0a e-flex e-con-boxed e-con e-parent\" data-id=\"fb20e0a\" data-element_type=\"container\" data-e-type=\"container\">\n\t\t\t\t\t<div class=\"e-con-inner\">\n\t\t\t\t<div class=\"elementor-element elementor-element-6f73635 elementor-widget elementor-widget-heading\" data-id=\"6f73635\" data-element_type=\"widget\" data-e-type=\"widget\" data-widget_type=\"heading.default\">\n\t\t\t\t\t<h3 class=\"elementor-heading-title elementor-size-default\">1. Usa guantes adecuados para cada actividad<\/h3>\t\t\t\t<\/div>\n\t\t\t\t\t<\/div>\n\t\t\t\t<\/div>\n\t\t<div data-particle_enable=\"false\" data-particle-mobile-disabled=\"false\" class=\"elementor-element elementor-element-475641a e-flex e-con-boxed e-con e-parent\" data-id=\"475641a\" data-element_type=\"container\" data-e-type=\"container\">\n\t\t\t\t\t<div class=\"e-con-inner\">\n\t\t\t\t<div class=\"elementor-element elementor-element-b23b653 elementor-widget elementor-widget-text-editor\" data-id=\"b23b653\" data-element_type=\"widget\" data-e-type=\"widget\" data-widget_type=\"text-editor.default\">\n\t\t\t\t\t\t\t\t\t<div>Una de las mejores formas de proteger tus manos es utilizando guantes espec\u00edficos para tu tipo de trabajo. Por ejemplo:<\/div><div><strong>\u2022Trabajo en construcci\u00f3n o agricultura:<\/strong> Guantes resistentes a cortes o materiales abrasivos.<\/div><div><strong>\u2022Limpieza:<\/strong> Guantes de goma o l\u00e1tex para evitar el contacto con productos qu\u00edmicos fuertes.<\/div><div><strong>\u2022Cocina:<\/strong> Guantes desechables para mantener la higiene y evitar cortes al manipular cuchillos.<\/div><div>\u00a0<\/div><div>Aseg\u00farate de que los guantes sean de tu talla, ya que si son demasiado grandes o peque\u00f1os, podr\u00edan dificultar el trabajo o causar molestias.<\/div>\t\t\t\t\t\t\t\t<\/div>\n\t\t\t\t\t<\/div>\n\t\t\t\t<\/div>\n\t\t<div data-particle_enable=\"false\" data-particle-mobile-disabled=\"false\" class=\"elementor-element elementor-element-71686b0 e-flex e-con-boxed e-con e-parent\" data-id=\"71686b0\" data-element_type=\"container\" data-e-type=\"container\">\n\t\t\t\t\t<div class=\"e-con-inner\">\n\t\t\t\t<div class=\"elementor-element elementor-element-ee79e65 elementor-widget elementor-widget-heading\" data-id=\"ee79e65\" data-element_type=\"widget\" data-e-type=\"widget\" data-widget_type=\"heading.default\">\n\t\t\t\t\t<h3 class=\"elementor-heading-title elementor-size-default\">2. Mant\u00e9n las u\u00f1as cortas y limpias<\/h3>\t\t\t\t<\/div>\n\t\t\t\t\t<\/div>\n\t\t\t\t<\/div>\n\t\t<div data-particle_enable=\"false\" data-particle-mobile-disabled=\"false\" class=\"elementor-element elementor-element-c7e3bab e-flex e-con-boxed e-con e-parent\" data-id=\"c7e3bab\" data-element_type=\"container\" data-e-type=\"container\">\n\t\t\t\t\t<div class=\"e-con-inner\">\n\t\t\t\t<div class=\"elementor-element elementor-element-a5370b1 elementor-widget elementor-widget-text-editor\" data-id=\"a5370b1\" data-element_type=\"widget\" data-e-type=\"widget\" data-widget_type=\"text-editor.default\">\n\t\t\t\t\t\t\t\t\t<div>El mantener las u\u00f1as cortas reduce el riesgo de que se acumulen bacterias o suciedad, y disminuye la probabilidad de que se quiebren o enganchen durante las tareas diarias.<\/div><div>\u2022C\u00f3rtalas regularmente con tijeras o corta\u00fa\u00f1as limpios.<\/div><div>\u2022L\u00e1vate las manos y u\u00f1as con jab\u00f3n, especialmente despu\u00e9s de trabajar en el campo o manejar qu\u00edmicos.<\/div>\t\t\t\t\t\t\t\t<\/div>\n\t\t\t\t\t<\/div>\n\t\t\t\t<\/div>\n\t\t<div data-particle_enable=\"false\" data-particle-mobile-disabled=\"false\" class=\"elementor-element elementor-element-88634ef e-flex e-con-boxed e-con e-parent\" data-id=\"88634ef\" data-element_type=\"container\" data-e-type=\"container\">\n\t\t\t\t\t<div class=\"e-con-inner\">\n\t\t\t\t<div class=\"elementor-element elementor-element-61e253f elementor-widget elementor-widget-image\" data-id=\"61e253f\" data-element_type=\"widget\" data-e-type=\"widget\" data-widget_type=\"image.default\">\n\t\t\t\t\t\t\t\t\t\t\t\t\t\t\t<img fetchpriority=\"high\" decoding=\"async\" width=\"768\" height=\"512\" src=\"https:\/\/soymigrante.com\/revista\/wp-content\/uploads\/2025\/01\/Cuidarse-las-un\u0303as-y-manos-trabajando-en-Estados-Unidos2-1024x682.jpg\" class=\"attachment-large size-large wp-image-19788\" alt=\"Cuidarse las u\u00f1as y manos trabajando en Estados Unidos\" srcset=\"https:\/\/soymigrante.com\/revista\/wp-content\/uploads\/2025\/01\/Cuidarse-las-un\u0303as-y-manos-trabajando-en-Estados-Unidos2-1024x682.jpg 1024w, https:\/\/soymigrante.com\/revista\/wp-content\/uploads\/2025\/01\/Cuidarse-las-un\u0303as-y-manos-trabajando-en-Estados-Unidos2-300x200.jpg 300w, https:\/\/soymigrante.com\/revista\/wp-content\/uploads\/2025\/01\/Cuidarse-las-un\u0303as-y-manos-trabajando-en-Estados-Unidos2-768x512.jpg 768w, https:\/\/soymigrante.com\/revista\/wp-content\/uploads\/2025\/01\/Cuidarse-las-un\u0303as-y-manos-trabajando-en-Estados-Unidos2-750x500.webp 750w, https:\/\/soymigrante.com\/revista\/wp-content\/uploads\/2025\/01\/Cuidarse-las-un\u0303as-y-manos-trabajando-en-Estados-Unidos2-1140x760.webp 1140w, https:\/\/soymigrante.com\/revista\/wp-content\/uploads\/2025\/01\/Cuidarse-las-un\u0303as-y-manos-trabajando-en-Estados-Unidos2.webp 1280w\" sizes=\"(max-width: 768px) 100vw, 768px\" title=\"Cuidarse las un\u0303as y manos trabajando en Estados Unidos2 \u2013 SoyMigrante.com REVISTA\" \/>\t\t\t\t\t\t\t\t\t\t\t\t\t\t\t<\/div>\n\t\t\t\t\t<\/div>\n\t\t\t\t<\/div>\n\t\t<div data-particle_enable=\"false\" data-particle-mobile-disabled=\"false\" class=\"elementor-element elementor-element-7f99603 e-flex e-con-boxed e-con e-parent\" data-id=\"7f99603\" data-element_type=\"container\" data-e-type=\"container\">\n\t\t\t\t\t<div class=\"e-con-inner\">\n\t\t\t\t<div class=\"elementor-element elementor-element-679f137 elementor-widget elementor-widget-heading\" data-id=\"679f137\" data-element_type=\"widget\" data-e-type=\"widget\" data-widget_type=\"heading.default\">\n\t\t\t\t\t<h3 class=\"elementor-heading-title elementor-size-default\">3. Hidrata tus manos diariamente<\/h3>\t\t\t\t<\/div>\n\t\t\t\t\t<\/div>\n\t\t\t\t<\/div>\n\t\t<div data-particle_enable=\"false\" data-particle-mobile-disabled=\"false\" class=\"elementor-element elementor-element-26b7fe7 e-flex e-con-boxed e-con e-parent\" data-id=\"26b7fe7\" data-element_type=\"container\" data-e-type=\"container\">\n\t\t\t\t\t<div class=\"e-con-inner\">\n\t\t\t\t<div class=\"elementor-element elementor-element-29dac0d elementor-widget elementor-widget-text-editor\" data-id=\"29dac0d\" data-element_type=\"widget\" data-e-type=\"widget\" data-widget_type=\"text-editor.default\">\n\t\t\t\t\t\t\t\t\t<div><a href=\"https:\/\/soymigrante.com\/revista\/trabajo-y-aporte-fiscal-de-migrantes-es-clave-para-economia-de-ee-uu-senala-estudio-realizado-en-ny\/\" target=\"_blank\" rel=\"noopener\">El uso constante de productos qu\u00edmicos o el contacto prolongado con agua puede resecar y agrietar las manos<\/a>. Para prevenir esto:<\/div><div>\u2022Usa crema hidratante al menos dos veces al d\u00eda, preferiblemente despu\u00e9s de lavar tus manos.<\/div><div>\u2022Busca cremas con ingredientes como aloe vera, vitamina E o aceite de coco, que ayudan a reparar la piel.<\/div>\t\t\t\t\t\t\t\t<\/div>\n\t\t\t\t\t<\/div>\n\t\t\t\t<\/div>\n\t\t<div data-particle_enable=\"false\" data-particle-mobile-disabled=\"false\" class=\"elementor-element elementor-element-b1d7a97 e-flex e-con-boxed e-con e-parent\" data-id=\"b1d7a97\" data-element_type=\"container\" data-e-type=\"container\">\n\t\t\t\t\t<div class=\"e-con-inner\">\n\t\t\t\t<div class=\"elementor-element elementor-element-91382c1 elementor-widget elementor-widget-heading\" data-id=\"91382c1\" data-element_type=\"widget\" data-e-type=\"widget\" data-widget_type=\"heading.default\">\n\t\t\t\t\t<h3 class=\"elementor-heading-title elementor-size-default\">4. Cuida las cut\u00edculas<\/h3>\t\t\t\t<\/div>\n\t\t\t\t\t<\/div>\n\t\t\t\t<\/div>\n\t\t<div data-particle_enable=\"false\" data-particle-mobile-disabled=\"false\" class=\"elementor-element elementor-element-1072066 e-flex e-con-boxed e-con e-parent\" data-id=\"1072066\" data-element_type=\"container\" data-e-type=\"container\">\n\t\t\t\t\t<div class=\"e-con-inner\">\n\t\t\t\t<div class=\"elementor-element elementor-element-a5a0444 elementor-widget elementor-widget-text-editor\" data-id=\"a5a0444\" data-element_type=\"widget\" data-e-type=\"widget\" data-widget_type=\"text-editor.default\">\n\t\t\t\t\t\t\t\t\t<div>Evita cortar las cut\u00edculas, ya que estas protegen tus u\u00f1as contra infecciones. En lugar de cortarlas:<\/div><div>\u2022Emp\u00fajalas suavemente hacia atr\u00e1s con un palito de madera.<\/div><div>\u2022Aplica aceite para cut\u00edculas para mantenerlas hidratadas y evitar que se resequen o se inflamen.<\/div>\t\t\t\t\t\t\t\t<\/div>\n\t\t\t\t\t<\/div>\n\t\t\t\t<\/div>\n\t\t<div data-particle_enable=\"false\" data-particle-mobile-disabled=\"false\" class=\"elementor-element elementor-element-a8bd247 e-flex e-con-boxed e-con e-parent\" data-id=\"a8bd247\" data-element_type=\"container\" data-e-type=\"container\">\n\t\t\t\t\t<div class=\"e-con-inner\">\n\t\t\t\t<div class=\"elementor-element elementor-element-701ce7e elementor-widget elementor-widget-image\" data-id=\"701ce7e\" data-element_type=\"widget\" data-e-type=\"widget\" data-widget_type=\"image.default\">\n\t\t\t\t\t\t\t\t\t\t\t\t\t\t\t<img decoding=\"async\" width=\"768\" height=\"506\" src=\"https:\/\/soymigrante.com\/revista\/wp-content\/uploads\/2025\/01\/Cuidarse-las-un\u0303as-y-manos-trabajando-en-Estados-Unidos4-1024x674.jpg\" class=\"attachment-large size-large wp-image-19790\" alt=\"Cuidarse las u\u00f1as y manos trabajando en Estados Unidos\" srcset=\"https:\/\/soymigrante.com\/revista\/wp-content\/uploads\/2025\/01\/Cuidarse-las-un\u0303as-y-manos-trabajando-en-Estados-Unidos4-1024x674.jpg 1024w, https:\/\/soymigrante.com\/revista\/wp-content\/uploads\/2025\/01\/Cuidarse-las-un\u0303as-y-manos-trabajando-en-Estados-Unidos4-300x198.jpg 300w, https:\/\/soymigrante.com\/revista\/wp-content\/uploads\/2025\/01\/Cuidarse-las-un\u0303as-y-manos-trabajando-en-Estados-Unidos4-768x506.jpg 768w, https:\/\/soymigrante.com\/revista\/wp-content\/uploads\/2025\/01\/Cuidarse-las-un\u0303as-y-manos-trabajando-en-Estados-Unidos4-750x494.webp 750w, https:\/\/soymigrante.com\/revista\/wp-content\/uploads\/2025\/01\/Cuidarse-las-un\u0303as-y-manos-trabajando-en-Estados-Unidos4-1140x751.webp 1140w, https:\/\/soymigrante.com\/revista\/wp-content\/uploads\/2025\/01\/Cuidarse-las-un\u0303as-y-manos-trabajando-en-Estados-Unidos4.webp 1280w\" sizes=\"(max-width: 768px) 100vw, 768px\" title=\"Cuidarse las un\u0303as y manos trabajando en Estados Unidos4 \u2013 SoyMigrante.com REVISTA\" \/>\t\t\t\t\t\t\t\t\t\t\t\t\t\t\t<\/div>\n\t\t\t\t\t<\/div>\n\t\t\t\t<\/div>\n\t\t<div data-particle_enable=\"false\" data-particle-mobile-disabled=\"false\" class=\"elementor-element elementor-element-776f178 e-flex e-con-boxed e-con e-parent\" data-id=\"776f178\" data-element_type=\"container\" data-e-type=\"container\">\n\t\t\t\t\t<div class=\"e-con-inner\">\n\t\t\t\t<div class=\"elementor-element elementor-element-d7d9940 elementor-widget elementor-widget-heading\" data-id=\"d7d9940\" data-element_type=\"widget\" data-e-type=\"widget\" data-widget_type=\"heading.default\">\n\t\t\t\t\t<h3 class=\"elementor-heading-title elementor-size-default\">5. Descansa y realiza ejercicios de manos<\/h3>\t\t\t\t<\/div>\n\t\t\t\t\t<\/div>\n\t\t\t\t<\/div>\n\t\t<div data-particle_enable=\"false\" data-particle-mobile-disabled=\"false\" class=\"elementor-element elementor-element-c170f8c e-flex e-con-boxed e-con e-parent\" data-id=\"c170f8c\" data-element_type=\"container\" data-e-type=\"container\">\n\t\t\t\t\t<div class=\"e-con-inner\">\n\t\t\t\t<div class=\"elementor-element elementor-element-2aaa167 elementor-widget elementor-widget-text-editor\" data-id=\"2aaa167\" data-element_type=\"widget\" data-e-type=\"widget\" data-widget_type=\"text-editor.default\">\n\t\t\t\t\t\t\t\t\t<div><a href=\"https:\/\/soymigrante.com\/revista\/trabajo-y-aporte-fiscal-de-migrantes-es-clave-para-economia-de-ee-uu-senala-estudio-realizado-en-ny\/\" target=\"_blank\" rel=\"noopener\">El trabajo manual constante<\/a> puede causar tensi\u00f3n en los m\u00fasculos y articulaciones de las manos. Para prevenir el cansancio o lesiones:<\/div><div>\u2022Haz pausas para estirar los dedos y las mu\u00f1ecas.<\/div><div>\u2022Realiza ejercicios simples, como abrir y cerrar las manos o rotar las mu\u00f1ecas, para mejorar la circulaci\u00f3n.<\/div>\t\t\t\t\t\t\t\t<\/div>\n\t\t\t\t\t<\/div>\n\t\t\t\t<\/div>\n\t\t<div data-particle_enable=\"false\" data-particle-mobile-disabled=\"false\" class=\"elementor-element elementor-element-d459947 e-flex e-con-boxed e-con e-parent\" data-id=\"d459947\" data-element_type=\"container\" data-e-type=\"container\">\n\t\t\t\t\t<div class=\"e-con-inner\">\n\t\t\t\t<div class=\"elementor-element elementor-element-1ae1e3c elementor-widget elementor-widget-heading\" data-id=\"1ae1e3c\" data-element_type=\"widget\" data-e-type=\"widget\" data-widget_type=\"heading.default\">\n\t\t\t\t\t<h3 class=\"elementor-heading-title elementor-size-default\">6. Busca atenci\u00f3n m\u00e9dica si notas lesiones o infecciones<\/h3>\t\t\t\t<\/div>\n\t\t\t\t\t<\/div>\n\t\t\t\t<\/div>\n\t\t<div data-particle_enable=\"false\" data-particle-mobile-disabled=\"false\" class=\"elementor-element elementor-element-e6e5065 e-flex e-con-boxed e-con e-parent\" data-id=\"e6e5065\" data-element_type=\"container\" data-e-type=\"container\">\n\t\t\t\t\t<div class=\"e-con-inner\">\n\t\t\t\t<div class=\"elementor-element elementor-element-1ec9c61 elementor-widget elementor-widget-text-editor\" data-id=\"1ec9c61\" data-element_type=\"widget\" data-e-type=\"widget\" data-widget_type=\"text-editor.default\">\n\t\t\t\t\t\t\t\t\t<p>Si tienes cortes profundos, u\u00f1as encarnadas, inflamaci\u00f3n o dolor constante en las manos, es importante buscar atenci\u00f3n m\u00e9dica. Ignorar estas se\u00f1ales puede llevar a infecciones graves que podr\u00edan afectar tu capacidad para trabajar.<\/p>\t\t\t\t\t\t\t\t<\/div>\n\t\t\t\t\t<\/div>\n\t\t\t\t<\/div>\n\t\t<div data-particle_enable=\"false\" data-particle-mobile-disabled=\"false\" class=\"elementor-element elementor-element-50a2297 e-flex e-con-boxed e-con e-parent\" data-id=\"50a2297\" data-element_type=\"container\" data-e-type=\"container\">\n\t\t\t\t\t<div class=\"e-con-inner\">\n\t\t\t\t<div class=\"elementor-element elementor-element-7d04f96 elementor-widget elementor-widget-image\" data-id=\"7d04f96\" data-element_type=\"widget\" data-e-type=\"widget\" data-widget_type=\"image.default\">\n\t\t\t\t\t\t\t\t\t\t\t\t\t\t\t<img decoding=\"async\" width=\"768\" height=\"512\" src=\"https:\/\/soymigrante.com\/revista\/wp-content\/uploads\/2025\/01\/Cuidarse-las-un\u0303as-y-manos-trabajando-en-Estados-Unidos3-1024x682.jpg\" class=\"attachment-large size-large wp-image-19789\" alt=\"Cuidarse las u\u00f1as y manos trabajando en Estados Unidos\" srcset=\"https:\/\/soymigrante.com\/revista\/wp-content\/uploads\/2025\/01\/Cuidarse-las-un\u0303as-y-manos-trabajando-en-Estados-Unidos3-1024x682.jpg 1024w, https:\/\/soymigrante.com\/revista\/wp-content\/uploads\/2025\/01\/Cuidarse-las-un\u0303as-y-manos-trabajando-en-Estados-Unidos3-300x200.jpg 300w, https:\/\/soymigrante.com\/revista\/wp-content\/uploads\/2025\/01\/Cuidarse-las-un\u0303as-y-manos-trabajando-en-Estados-Unidos3-768x512.jpg 768w, https:\/\/soymigrante.com\/revista\/wp-content\/uploads\/2025\/01\/Cuidarse-las-un\u0303as-y-manos-trabajando-en-Estados-Unidos3-750x500.webp 750w, https:\/\/soymigrante.com\/revista\/wp-content\/uploads\/2025\/01\/Cuidarse-las-un\u0303as-y-manos-trabajando-en-Estados-Unidos3-1140x760.webp 1140w, https:\/\/soymigrante.com\/revista\/wp-content\/uploads\/2025\/01\/Cuidarse-las-un\u0303as-y-manos-trabajando-en-Estados-Unidos3.webp 1280w\" sizes=\"(max-width: 768px) 100vw, 768px\" title=\"Cuidarse las un\u0303as y manos trabajando en Estados Unidos3 \u2013 SoyMigrante.com REVISTA\" \/>\t\t\t\t\t\t\t\t\t\t\t\t\t\t\t<\/div>\n\t\t\t\t\t<\/div>\n\t\t\t\t<\/div>\n\t\t<div data-particle_enable=\"false\" data-particle-mobile-disabled=\"false\" class=\"elementor-element elementor-element-bac609f e-flex e-con-boxed e-con e-parent\" data-id=\"bac609f\" data-element_type=\"container\" data-e-type=\"container\">\n\t\t\t\t\t<div class=\"e-con-inner\">\n\t\t\t\t<div class=\"elementor-element elementor-element-7a4eefb elementor-widget elementor-widget-heading\" data-id=\"7a4eefb\" data-element_type=\"widget\" data-e-type=\"widget\" data-widget_type=\"heading.default\">\n\t\t\t\t\t<h3 class=\"elementor-heading-title elementor-size-default\">Un esfuerzo por la salud integral<\/h3>\t\t\t\t<\/div>\n\t\t\t\t\t<\/div>\n\t\t\t\t<\/div>\n\t\t<div data-particle_enable=\"false\" data-particle-mobile-disabled=\"false\" class=\"elementor-element elementor-element-dd8e863 e-flex e-con-boxed e-con e-parent\" data-id=\"dd8e863\" data-element_type=\"container\" data-e-type=\"container\">\n\t\t\t\t\t<div class=\"e-con-inner\">\n\t\t\t\t<div class=\"elementor-element elementor-element-fd6cccb elementor-widget elementor-widget-text-editor\" data-id=\"fd6cccb\" data-element_type=\"widget\" data-e-type=\"widget\" data-widget_type=\"text-editor.default\">\n\t\t\t\t\t\t\t\t\t<p>Cuidar las manos y las u\u00f1as no solo es cuesti\u00f3n de est\u00e9tica, sino tambi\u00e9n de salud y bienestar. <a href=\"https:\/\/soymigrante.com\/revista\/trabajo-y-aporte-fiscal-de-migrantes-es-clave-para-economia-de-ee-uu-senala-estudio-realizado-en-ny\/\" target=\"_blank\" rel=\"noopener\">Como migrante guatemalteco, proteger tus manos es esencial para seguir adelante con tus actividades diarias<\/a> y preservar tu calidad de vida.<\/p><p>Recuerda que peque\u00f1os cambios en tus h\u00e1bitos diarios pueden hacer una gran diferencia en el largo plazo.<\/p>\t\t\t\t\t\t\t\t<\/div>\n\t\t\t\t\t<\/div>\n\t\t\t\t<\/div>\n\t\t<div data-particle_enable=\"false\" data-particle-mobile-disabled=\"false\" class=\"elementor-element elementor-element-cefac5d e-flex e-con-boxed e-con e-parent\" data-id=\"cefac5d\" data-element_type=\"container\" data-e-type=\"container\">\n\t\t\t\t\t<div class=\"e-con-inner\">\n\t\t\t\t<div class=\"elementor-element elementor-element-e1a2c5a elementor-widget elementor-widget-heading\" data-id=\"e1a2c5a\" data-element_type=\"widget\" data-e-type=\"widget\" data-widget_type=\"heading.default\">\n\t\t\t\t\t<h2 class=\"elementor-heading-title elementor-size-default\">Trabajar duro es importante, pero cuidar de ti mismo tambi\u00e9n lo es. \u00a1Tus manos son tu herramienta m\u00e1s valiosa!\n<\/h2>\t\t\t\t<\/div>\n\t\t\t\t\t<\/div>\n\t\t\t\t<\/div>\n\t\t<div data-particle_enable=\"false\" data-particle-mobile-disabled=\"false\" class=\"elementor-element elementor-element-c1952bc e-flex e-con-boxed e-con e-parent\" data-id=\"c1952bc\" data-element_type=\"container\" data-e-type=\"container\">\n\t\t\t\t\t<div class=\"e-con-inner\">\n\t\t\t\t<div class=\"elementor-element elementor-element-bfcbbb8 elementor-grid-eael-col-3 elementor-grid-tablet-eael-col-2 elementor-grid-mobile-eael-col-1 elementor-widget elementor-widget-eael-post-grid\" data-id=\"bfcbbb8\" data-element_type=\"widget\" data-e-type=\"widget\" data-settings=\"{&quot;eael_post_grid_columns&quot;:&quot;eael-col-3&quot;,&quot;eael_post_grid_columns_tablet&quot;:&quot;eael-col-2&quot;,&quot;eael_post_grid_columns_mobile&quot;:&quot;eael-col-1&quot;}\" data-widget_type=\"eael-post-grid.default\">\n\t\t\t\t\t<div id=\"eael-post-grid-bfcbbb8\" class=\"eael-post-grid-container\">\n            <div class=\"eael-post-grid eael-post-appender eael-post-appender-bfcbbb8 eael-post-grid-style-one\" data-layout-mode=\"masonry\"><article class=\"eael-grid-post  eael-post-grid-column eael-pg-post-9430 category-bienestar\" data-id=\"9430\">\n        <div class=\"eael-grid-post-holder\">\n            <div class=\"eael-grid-post-holder-inner\"><div class=\"eael-entry-media\"><div class=\"eael-entry-overlay fade-in\"><i class=\"far fa-hand-pointer\" aria-hidden=\"true\"><\/i><a href=\"https:\/\/soymigrante.com\/revista\/como-el-descanso-prolonga-tu-vida-y-el-exceso-laboral-puede-ponerla-en-riesgo\/\"><\/a><\/div><div class=\"eael-entry-thumbnail \">\n                <img loading=\"lazy\" decoding=\"async\" width=\"493\" height=\"493\" src=\"https:\/\/soymigrante.com\/revista\/wp-content\/uploads\/2024\/09\/estres-laboral-soy-migrante6-copia.webp\" class=\"attachment-large size-large wp-image-9432\" alt=\"Trabajador migrant en construcci\u00f3n cortando madera con sierra el\u00e9ctrica, enfoque en empleo y trabajo en el extranjero en la revista SoyMigrante.com.\" srcset=\"https:\/\/soymigrante.com\/revista\/wp-content\/uploads\/2024\/09\/estres-laboral-soy-migrante6-copia.webp 493w, https:\/\/soymigrante.com\/revista\/wp-content\/uploads\/2024\/09\/estres-laboral-soy-migrante6-copia-300x300.webp 300w, https:\/\/soymigrante.com\/revista\/wp-content\/uploads\/2024\/09\/estres-laboral-soy-migrante6-copia-150x150.webp 150w, https:\/\/soymigrante.com\/revista\/wp-content\/uploads\/2024\/09\/estres-laboral-soy-migrante6-copia-75x75.webp 75w\" sizes=\"(max-width: 493px) 100vw, 493px\" \/>\n            <\/div>\n        <\/div><div class=\"eael-entry-wrapper\"><header class=\"eael-entry-header\"><h2 class=\"eael-entry-title\"><a class=\"eael-grid-post-link\" href=\"https:\/\/soymigrante.com\/revista\/como-el-descanso-prolonga-tu-vida-y-el-exceso-laboral-puede-ponerla-en-riesgo\/\" title=\"C\u00f3mo el descanso prolonga tu vida y el exceso laboral puede ponerla en riesgo\">C\u00f3mo el descanso prolonga tu vida y el exceso laboral puede ponerla en riesgo<\/a><\/h2><\/header><div class=\"eael-entry-content\">\n                        <div class=\"eael-grid-post-excerpt\"><a href=\"https:\/\/soymigrante.com\/revista\/como-el-descanso-prolonga-tu-vida-y-el-exceso-laboral-puede-ponerla-en-riesgo\/\" class=\"eael-post-elements-readmore-btn\">CONOCE SU HISTORIA <\/a><\/div>\n                    <\/div><\/div><\/div>\n        <\/div>\n    <\/article><article class=\"eael-grid-post  eael-post-grid-column eael-pg-post-16791 category-estamos-unidos\" data-id=\"16791\">\n        <div class=\"eael-grid-post-holder\">\n            <div class=\"eael-grid-post-holder-inner\"><div class=\"eael-entry-media\"><div class=\"eael-entry-overlay fade-in\"><i class=\"far fa-hand-pointer\" aria-hidden=\"true\"><\/i><a href=\"https:\/\/soymigrante.com\/revista\/dia-del-migrante-fuerza-laboral-llegada-de-otros-paises-a-ee-uu-tiene-un-papel-vital\/\"><\/a><\/div><div class=\"eael-entry-thumbnail \">\n                <img loading=\"lazy\" decoding=\"async\" width=\"1024\" height=\"1024\" src=\"https:\/\/soymigrante.com\/revista\/wp-content\/uploads\/2024\/12\/migrante-2-1024x1024.jpg\" class=\"attachment-large size-large wp-image-16836\" alt=\"Reparaci\u00f3n de paredes por un trabajador en interior de edificio, renovaci\u00f3n y trabajo de pintura, servicio de mantenimiento, limpieza y rehabilitaci\u00f3n de espacios.\" srcset=\"https:\/\/soymigrante.com\/revista\/wp-content\/uploads\/2024\/12\/migrante-2-1024x1024.jpg 1024w, https:\/\/soymigrante.com\/revista\/wp-content\/uploads\/2024\/12\/migrante-2-300x300.jpg 300w, https:\/\/soymigrante.com\/revista\/wp-content\/uploads\/2024\/12\/migrante-2-150x150.jpg 150w, https:\/\/soymigrante.com\/revista\/wp-content\/uploads\/2024\/12\/migrante-2-768x768.jpg 768w, https:\/\/soymigrante.com\/revista\/wp-content\/uploads\/2024\/12\/migrante-2-1536x1536.jpg 1536w, https:\/\/soymigrante.com\/revista\/wp-content\/uploads\/2024\/12\/migrante-2-2048x2048.jpg 2048w, https:\/\/soymigrante.com\/revista\/wp-content\/uploads\/2024\/12\/migrante-2-75x75.webp 75w, https:\/\/soymigrante.com\/revista\/wp-content\/uploads\/2024\/12\/migrante-2-750x750.webp 750w, https:\/\/soymigrante.com\/revista\/wp-content\/uploads\/2024\/12\/migrante-2-1140x1140.webp 1140w, https:\/\/soymigrante.com\/revista\/wp-content\/uploads\/2024\/12\/migrante-2-scaled.webp 1920w\" sizes=\"(max-width: 1024px) 100vw, 1024px\" \/>\n            <\/div>\n        <\/div><div class=\"eael-entry-wrapper\"><header class=\"eael-entry-header\"><h2 class=\"eael-entry-title\"><a class=\"eael-grid-post-link\" href=\"https:\/\/soymigrante.com\/revista\/dia-del-migrante-fuerza-laboral-llegada-de-otros-paises-a-ee-uu-tiene-un-papel-vital\/\" title=\"D\u00eda del Migrante: Fuerza laboral llegada de otros pa\u00edses a EE.UU. tiene un papel vital\">D\u00eda del Migrante: Fuerza laboral llegada de otros pa\u00edses a EE.UU. tiene un papel vital<\/a><\/h2><\/header><div class=\"eael-entry-content\">\n                        <div class=\"eael-grid-post-excerpt\"><a href=\"https:\/\/soymigrante.com\/revista\/dia-del-migrante-fuerza-laboral-llegada-de-otros-paises-a-ee-uu-tiene-un-papel-vital\/\" class=\"eael-post-elements-readmore-btn\">CONOCE SU HISTORIA <\/a><\/div>\n                    <\/div><\/div><\/div>\n        <\/div>\n    <\/article><article class=\"eael-grid-post  eael-post-grid-column eael-pg-post-10600 category-estamos-unidos\" data-id=\"10600\">\n        <div class=\"eael-grid-post-holder\">\n            <div class=\"eael-grid-post-holder-inner\"><div class=\"eael-entry-media\"><div class=\"eael-entry-overlay fade-in\"><i class=\"far fa-hand-pointer\" aria-hidden=\"true\"><\/i><a href=\"https:\/\/soymigrante.com\/revista\/guatemaltecos-son-el-6-de-la-fuerza-laboral-migrante-hispana-en-ee-uu\/\"><\/a><\/div><div class=\"eael-entry-thumbnail \">\n                <img loading=\"lazy\" decoding=\"async\" width=\"842\" height=\"842\" src=\"https:\/\/soymigrante.com\/revista\/wp-content\/uploads\/2024\/10\/guatemaltecos-desfile-hispanidad.webp\" class=\"attachment-large size-large wp-image-10609\" alt=\"Guatemaltecos en una manifestaci\u00f3n en la ciudad de Nueva York con la bandera de Guatemala. Participaci\u00f3n en eventos culturales y sociales de la comunidad migrante en EE.UU.\" srcset=\"https:\/\/soymigrante.com\/revista\/wp-content\/uploads\/2024\/10\/guatemaltecos-desfile-hispanidad.webp 842w, https:\/\/soymigrante.com\/revista\/wp-content\/uploads\/2024\/10\/guatemaltecos-desfile-hispanidad-300x300.webp 300w, https:\/\/soymigrante.com\/revista\/wp-content\/uploads\/2024\/10\/guatemaltecos-desfile-hispanidad-150x150.webp 150w, https:\/\/soymigrante.com\/revista\/wp-content\/uploads\/2024\/10\/guatemaltecos-desfile-hispanidad-768x768.webp 768w, https:\/\/soymigrante.com\/revista\/wp-content\/uploads\/2024\/10\/guatemaltecos-desfile-hispanidad-75x75.webp 75w, https:\/\/soymigrante.com\/revista\/wp-content\/uploads\/2024\/10\/guatemaltecos-desfile-hispanidad-750x750.webp 750w\" sizes=\"(max-width: 842px) 100vw, 842px\" \/>\n            <\/div>\n        <\/div><div class=\"eael-entry-wrapper\"><header class=\"eael-entry-header\"><h2 class=\"eael-entry-title\"><a class=\"eael-grid-post-link\" href=\"https:\/\/soymigrante.com\/revista\/guatemaltecos-son-el-6-de-la-fuerza-laboral-migrante-hispana-en-ee-uu\/\" title=\"Guatemaltecos son el 6% de la fuerza laboral migrante hispana en EE.UU.\">Guatemaltecos son el 6% de la fuerza laboral migrante hispana en EE.UU.<\/a><\/h2><\/header><div class=\"eael-entry-content\">\n                        <div class=\"eael-grid-post-excerpt\"><a href=\"https:\/\/soymigrante.com\/revista\/guatemaltecos-son-el-6-de-la-fuerza-laboral-migrante-hispana-en-ee-uu\/\" class=\"eael-post-elements-readmore-btn\">CONOCE SU HISTORIA <\/a><\/div>\n                    <\/div><\/div><\/div>\n        <\/div>\n    <\/article><\/div>\n            <div class=\"clearfix\"><\/div>\n        <\/div>\t\t\t\t<\/div>\n\t\t\t\t\t<\/div>\n\t\t\t\t<\/div>\n\t\t\t\t<\/div>\n\t\t","protected":false},"excerpt":{"rendered":"<p>Cuidarse las u\u00f1as y manos es vital para los trabajadores en Estados Unidos, porque muchas de sus funciones son con las manos, estos son los consejos para migrantes guatemaltecos. Para muchos migrantes guatemaltecos en Estados Unidos, el trabajo f\u00edsico es parte del d\u00eda a d\u00eda, ya sea en construcci\u00f3n, limpieza, cocina, agricultura u otros oficios [&hellip;]<\/p>\n","protected":false},"author":19,"featured_media":20184,"comment_status":"open","ping_status":"open","sticky":false,"template":"","format":"standard","meta":{"_acf_changed":false,"_eb_attr":"","footnotes":""},"categories":[55],"tags":[],"class_list":["post-19785","post","type-post","status-publish","format-standard","has-post-thumbnail","hentry","category-bienestar"],"acf":[],"aioseo_notices":[],"aioseo_head":"\n\t\t<!-- All in One SEO Pro 4.9.6.2 - aioseo.com -->\n\t<meta name=\"description\" content=\"Entre 2012 y 2024 se ha duplicado la cifra de migrantes guatemaltecos trabajando en EE.UU. Conoce otras cifras de este informe basado en datos de US Census.\" \/>\n\t<meta name=\"robots\" content=\"max-snippet:-1, max-image-preview:large, max-video-preview:-1\" \/>\n\t<meta name=\"author\" content=\"Beatriz Tercero\"\/>\n\t<link rel=\"canonical\" href=\"https:\/\/soymigrante.com\/revista\/guatemaltecos-son-el-6-de-la-fuerza-laboral-migrante-hispana-en-ee-uu\/\" \/>\n\t<meta name=\"generator\" content=\"All in One SEO Pro (AIOSEO) 4.9.6.2\" \/>\n\n\t\t<link rel=\"preconnect\" href=\"https:\/\/fonts.googleapis.com\" crossorigin>\n<link rel=\"preconnect\" href=\"https:\/\/fonts.gstatic.com\" crossorigin>\n\t\t<meta property=\"og:locale\" content=\"es_ES\" \/>\n\t\t<meta property=\"og:site_name\" content=\"SoyMigrante.com REVISTA \u2013 Nuestra misi\u00f3n es reconocer y dignificar al migrante.\" \/>\n\t\t<meta property=\"og:type\" content=\"article\" \/>\n\t\t<meta property=\"og:title\" content=\"Guatemaltecos son 6% de fuerza laboral migrante en USA\" \/>\n\t\t<meta property=\"og:description\" content=\"Entre 2012 y 2024 se ha duplicado la cifra de migrantes guatemaltecos trabajando en EE.UU. Conoce otras cifras de este informe basado en datos de US Census.\" \/>\n\t\t<meta property=\"og:url\" content=\"https:\/\/soymigrante.com\/revista\/guatemaltecos-son-el-6-de-la-fuerza-laboral-migrante-hispana-en-ee-uu\/\" \/>\n\t\t<meta property=\"og:image\" content=\"https:\/\/soymigrante.com\/revista\/wp-content\/uploads\/2024\/10\/guatemaltecos-desfile-hispanidad.webp\" \/>\n\t\t<meta property=\"og:image:secure_url\" content=\"https:\/\/soymigrante.com\/revista\/wp-content\/uploads\/2024\/10\/guatemaltecos-desfile-hispanidad.webp\" \/>\n\t\t<meta property=\"og:image:width\" content=\"842\" \/>\n\t\t<meta property=\"og:image:height\" content=\"842\" \/>\n\t\t<meta property=\"article:published_time\" content=\"2024-10-22T19:50:10+00:00\" \/>\n\t\t<meta property=\"article:modified_time\" content=\"2024-11-26T14:18:01+00:00\" \/>\n\t\t<meta property=\"article:publisher\" content=\"https:\/\/www.facebook.com\/soymigrantecom\" \/>\n\t\t<meta name=\"twitter:card\" content=\"summary_large_image\" \/>\n\t\t<meta name=\"twitter:site\" content=\"@SoyMigrante_com\" \/>\n\t\t<meta name=\"twitter:title\" content=\"Guatemaltecos son 6% de fuerza laboral migrante en USA\" \/>\n\t\t<meta name=\"twitter:description\" content=\"Entre 2012 y 2024 se ha duplicado la cifra de migrantes guatemaltecos trabajando en EE.UU. Conoce otras cifras de este informe basado en datos de US Census.\" \/>\n\t\t<meta name=\"twitter:creator\" content=\"@SoyMigrante_com\" \/>\n\t\t<meta name=\"twitter:image\" content=\"https:\/\/soymigrante.com\/revista\/wp-content\/uploads\/2024\/10\/guatemaltecos-desfile-hispanidad.webp\" \/>\n\t\t<!-- All in One SEO Pro -->\r\n\t\t<title>Guatemaltecos son 6% de fuerza laboral migrante en USA<\/title>\n\n","aioseo_head_json":{"title":"Guatemaltecos son 6% de fuerza laboral migrante en USA","description":"Entre 2012 y 2024 se ha duplicado la cifra de migrantes guatemaltecos trabajando en EE.UU. Conoce otras cifras de este informe basado en datos de US Census.","canonical_url":"https:\/\/soymigrante.com\/revista\/guatemaltecos-son-el-6-de-la-fuerza-laboral-migrante-hispana-en-ee-uu\/","robots":"max-snippet:-1, max-image-preview:large, max-video-preview:-1","keywords":"","webmasterTools":{"miscellaneous":"&lt;link rel=\"preconnect\" href=\"https:\/\/fonts.googleapis.com\" crossorigin&gt;\n&lt;link rel=\"preconnect\" href=\"https:\/\/fonts.gstatic.com\" crossorigin&gt;"},"schema":null,"og:locale":"es_ES","og:site_name":"SoyMigrante.com REVISTA \u2013 Nuestra misi\u00f3n es reconocer y dignificar al migrante.","og:type":"article","og:title":"Guatemaltecos son 6% de fuerza laboral migrante en USA","og:description":"Entre 2012 y 2024 se ha duplicado la cifra de migrantes guatemaltecos trabajando en EE.UU. Conoce otras cifras de este informe basado en datos de US Census.","og:url":"https:\/\/soymigrante.com\/revista\/guatemaltecos-son-el-6-de-la-fuerza-laboral-migrante-hispana-en-ee-uu\/","og:image":"https:\/\/soymigrante.com\/revista\/wp-content\/uploads\/2024\/10\/guatemaltecos-desfile-hispanidad.webp","og:image:secure_url":"https:\/\/soymigrante.com\/revista\/wp-content\/uploads\/2024\/10\/guatemaltecos-desfile-hispanidad.webp","og:image:width":842,"og:image:height":842,"article:published_time":"2024-10-22T19:50:10+00:00","article:modified_time":"2024-11-26T14:18:01+00:00","article:publisher":"https:\/\/www.facebook.com\/soymigrantecom","twitter:card":"summary_large_image","twitter:site":"@SoyMigrante_com","twitter:title":"Guatemaltecos son 6% de fuerza laboral migrante en USA","twitter:description":"Entre 2012 y 2024 se ha duplicado la cifra de migrantes guatemaltecos trabajando en EE.UU. Conoce otras cifras de este informe basado en datos de US Census.","twitter:creator":"@SoyMigrante_com","twitter:image":"https:\/\/soymigrante.com\/revista\/wp-content\/uploads\/2024\/10\/guatemaltecos-desfile-hispanidad.webp"},"aioseo_meta_data":{"post_id":"19785","title":null,"description":"Cuidarse las u\u00f1as y manos es vital para los trabajadores en Estados Unidos, no solo por razones est\u00e9ticas o higi\u00e9nicas, sino tambi\u00e9n por seguridad y desempe\u00f1o.","keywords":null,"keyphrases":{"focus":{"keyphrase":"u\u00f1as","score":82,"analysis":{"keyphraseInTitle":{"score":9,"maxScore":9,"error":0},"keyphraseInDescription":{"score":9,"maxScore":9,"error":0},"keyphraseLength":{"score":9,"maxScore":9,"error":0,"length":2},"keyphraseInURL":{"score":5,"maxScore":5,"error":0},"keyphraseInIntroduction":{"score":3,"maxScore":9,"error":1},"keyphraseInSubHeadings":{"score":3,"maxScore":9,"error":1},"keyphraseInImageAlt":{"score":9,"maxScore":9,"error":0},"keywordDensity":{"type":"best","score":9,"maxScore":9,"error":0}}},"additional":[{"keyphrase":"u\u00f1as","score":87,"analysis":{"keyphraseInDescription":{"score":9,"maxScore":9,"error":0},"keyphraseLength":{"score":9,"maxScore":9,"error":0,"length":2},"keyphraseInIntroduction":{"score":3,"maxScore":9,"error":1},"keyphraseInImageAlt":{"score":9,"maxScore":9,"error":0},"keywordDensity":{"type":"best","score":9,"maxScore":9,"error":0}}},{"keyphrase":"manos","score":67,"analysis":{"keyphraseInDescription":{"score":9,"maxScore":9,"error":0},"keyphraseLength":{"score":9,"maxScore":9,"error":0,"length":1},"keyphraseInIntroduction":{"score":3,"maxScore":9,"error":1},"keyphraseInImageAlt":{"score":9,"maxScore":9,"error":0},"keywordDensity":{"type":"high","score":0,"maxScore":9,"error":1}}}]},"primary_term":null,"canonical_url":null,"og_title":null,"og_description":null,"og_object_type":"default","og_image_type":"default","og_image_url":null,"og_image_width":null,"og_image_height":null,"og_image_custom_url":null,"og_image_custom_fields":null,"og_video":"","og_custom_url":null,"og_article_section":null,"og_article_tags":null,"twitter_use_og":false,"twitter_card":"default","twitter_image_type":"default","twitter_image_url":null,"twitter_image_custom_url":null,"twitter_image_custom_fields":null,"twitter_title":null,"twitter_description":null,"schema":{"blockGraphs":[],"customGraphs":[],"default":{"data":{"Article":[],"Course":[],"Dataset":[],"FAQPage":[],"Movie":[],"Person":[],"Product":[],"ProductReview":[],"Car":[],"Recipe":[],"Service":[],"SoftwareApplication":[],"WebPage":[]},"graphName":"BlogPosting","isEnabled":true},"graphs":[]},"schema_type":"default","schema_type_options":null,"pillar_content":false,"robots_default":true,"robots_noindex":false,"robots_noarchive":false,"robots_nosnippet":false,"robots_nofollow":false,"robots_noimageindex":false,"robots_noodp":false,"robots_notranslate":false,"robots_max_snippet":"-1","robots_max_videopreview":"-1","robots_max_imagepreview":"large","priority":null,"frequency":"default","local_seo":null,"seo_analyzer_scan_date":"2025-10-09 01:42:23","breadcrumb_settings":null,"limit_modified_date":false,"reviewed_by":null,"open_ai":"{\"title\":{\"suggestions\":[],\"usage\":0},\"description\":{\"suggestions\":[],\"usage\":0}}","ai":null,"created":"2025-01-08 15:45:44","updated":"2026-02-04 18:55:19"},"aioseo_breadcrumb":"<div class=\"aioseo-breadcrumbs\"><span class=\"aioseo-breadcrumb\">\n\t<a href=\"https:\/\/soymigrante.com\/revista\" title=\"Home\">Home<\/a>\n<\/span><span class=\"aioseo-breadcrumb-separator\">\u00bb<\/span><span class=\"aioseo-breadcrumb\">\n\t<a href=\"https:\/\/soymigrante.com\/revista\/category\/bienestar\/\" title=\"Bienestar\">Bienestar<\/a>\n<\/span><span class=\"aioseo-breadcrumb-separator\">\u00bb<\/span><span class=\"aioseo-breadcrumb\">\n\t\u00bfCuidarse las u\u00f1as y las manos trabajando en Estados Unidos?\n<\/span><\/div>","aioseo_breadcrumb_json":[{"label":"Home","link":"https:\/\/soymigrante.com\/revista"},{"label":"Bienestar","link":"https:\/\/soymigrante.com\/revista\/category\/bienestar\/"},{"label":"\u00bfCuidarse las u\u00f1as y las manos trabajando en Estados Unidos?","link":"https:\/\/soymigrante.com\/revista\/cuidarse-las-unas-y-las-manos-trabajando-en-estados-unidos\/"}],"_links":{"self":[{"href":"https:\/\/soymigrante.com\/revista\/wp-json\/wp\/v2\/posts\/19785","targetHints":{"allow":["GET"]}}],"collection":[{"href":"https:\/\/soymigrante.com\/revista\/wp-json\/wp\/v2\/posts"}],"about":[{"href":"https:\/\/soymigrante.com\/revista\/wp-json\/wp\/v2\/types\/post"}],"author":[{"embeddable":true,"href":"https:\/\/soymigrante.com\/revista\/wp-json\/wp\/v2\/users\/19"}],"replies":[{"embeddable":true,"href":"https:\/\/soymigrante.com\/revista\/wp-json\/wp\/v2\/comments?post=19785"}],"version-history":[{"count":0,"href":"https:\/\/soymigrante.com\/revista\/wp-json\/wp\/v2\/posts\/19785\/revisions"}],"wp:featuredmedia":[{"embeddable":true,"href":"https:\/\/soymigrante.com\/revista\/wp-json\/wp\/v2\/media\/20184"}],"wp:attachment":[{"href":"https:\/\/soymigrante.com\/revista\/wp-json\/wp\/v2\/media?parent=19785"}],"wp:term":[{"taxonomy":"category","embeddable":true,"href":"https:\/\/soymigrante.com\/revista\/wp-json\/wp\/v2\/categories?post=19785"},{"taxonomy":"post_tag","embeddable":true,"href":"https:\/\/soymigrante.com\/revista\/wp-json\/wp\/v2\/tags?post=19785"}],"curies":[{"name":"wp","href":"https:\/\/api.w.org\/{rel}","templated":true}]}}