{"id":19696,"date":"2025-01-09T07:00:00","date_gmt":"2025-01-09T13:00:00","guid":{"rendered":"https:\/\/soymigrante.com\/revista\/?p=19696"},"modified":"2025-07-21T12:53:24","modified_gmt":"2025-07-21T18:53:24","slug":"hamacas-kemert-25-anos-de-historia-calidad-y-tradicion-familiar-ahora-en-mercado","status":"publish","type":"post","link":"https:\/\/soymigrante.com\/revista\/hamacas-kemert-25-anos-de-historia-calidad-y-tradicion-familiar-ahora-en-mercado\/","title":{"rendered":"Hamacas Kemert: 25 a\u00f1os de  tradici\u00f3n familiar, calidad y descanso, ahora en MERCADO"},"content":{"rendered":"\t\t<div data-elementor-type=\"wp-post\" data-elementor-id=\"19696\" class=\"elementor elementor-19696\" data-elementor-post-type=\"post\">\n\t\t\t\t<div data-particle_enable=\"false\" data-particle-mobile-disabled=\"false\" class=\"elementor-element elementor-element-d222911 e-flex e-con-boxed e-con e-parent\" data-id=\"d222911\" data-element_type=\"container\" data-e-type=\"container\">\n\t\t\t\t\t<div class=\"e-con-inner\">\n\t\t\t\t<div class=\"elementor-element elementor-element-0e73584 elementor-widget elementor-widget-heading\" data-id=\"0e73584\" data-element_type=\"widget\" data-e-type=\"widget\" data-widget_type=\"heading.default\">\n\t\t\t\t\t<h2 class=\"elementor-heading-title elementor-size-default\">Desde Pastores, Sacatep\u00e9quez, Hamacas Kemert ha tejido una historia de esfuerzo y pasi\u00f3n que abarca un cuarto de siglo. Este emprendimiento familiar, ofrece hamacas de alta calidad que ahora est\u00e1n en SoyMigrante.com MERCADO.<\/h2>\t\t\t\t<\/div>\n\t\t\t\t<div class=\"elementor-element elementor-element-cf4a3d1 elementor-widget elementor-widget-html\" data-id=\"cf4a3d1\" data-element_type=\"widget\" data-e-type=\"widget\" data-widget_type=\"html.default\">\n\t\t\t\t\t<div id=\"buzzsprout-player-17468334\"><\/div><script src=\"https:\/\/www.buzzsprout.com\/2444168\/episodes\/17468334-hamacas-kemert-descanso-y-relajacion-disponible-en-linea.js?container_id=buzzsprout-player-17468334&player=small\" type=\"text\/javascript\" charset=\"utf-8\"><\/script>\t\t\t\t<\/div>\n\t\t\t\t\t<\/div>\n\t\t\t\t<\/div>\n\t\t<div data-particle_enable=\"false\" data-particle-mobile-disabled=\"false\" class=\"elementor-element elementor-element-6190a10 e-flex e-con-boxed e-con e-parent\" data-id=\"6190a10\" data-element_type=\"container\" data-e-type=\"container\">\n\t\t\t\t\t<div class=\"e-con-inner\">\n\t\t\t\t<div class=\"elementor-element elementor-element-07b77d6 elementor-widget elementor-widget-text-editor\" data-id=\"07b77d6\" data-element_type=\"widget\" data-e-type=\"widget\" data-widget_type=\"text-editor.default\">\n\t\t\t\t\t\t\t\t\t<p>Con 25 a\u00f1os en el mercado, Hamacas Kemert se distingue por la dedicaci\u00f3n de la familia Canil. Cada hamaca cuenta una historia de amor, esfuerzo y creatividad, convirti\u00e9ndose en un producto que no solo resalta por su calidad, sino tambi\u00e9n por sus ra\u00edces familiares y culturales.<\/p><p>En el tranquilo municipio de Parramos, Chimaltenango, un sue\u00f1o comenz\u00f3 a tejerse hace 25 a\u00f1os. Rosendo Canil, quien ten\u00eda 24 a\u00f1os, enfrent\u00f3 un desaf\u00edo cuando el proveedor salvadore\u00f1o de hamacas que abastec\u00eda su negocio dej\u00f3 de llegar. Actualmente el punto de venta est\u00e1 en Pastores, Sacatep\u00e9quez.<\/p><p><a href=\"https:\/\/soymigrante.com\/mercado\/marketplace\/seller\/profile\/hamacaskemert\">La tienda digital Hamacas Kemert ya est\u00e1 abierta en SoyMigrante.com MERCADO,<\/a> la comunidad en l\u00ednea creada para que emprendedores y compradores guatemaltecos se encuentren: un proyecto activo, proactivo e innovador para peque\u00f1os negocios y creadores de productos elaborados a mano, detr\u00e1s de las cuales siempre hay una historia. Y esta es la historia Hamacas Kemert.<\/p>\t\t\t\t\t\t\t\t<\/div>\n\t\t\t\t\t<\/div>\n\t\t\t\t<\/div>\n\t\t<div data-particle_enable=\"false\" data-particle-mobile-disabled=\"false\" class=\"elementor-element elementor-element-9c92af1 e-flex e-con-boxed e-con e-parent\" data-id=\"9c92af1\" data-element_type=\"container\" data-e-type=\"container\">\n\t\t\t\t\t<div class=\"e-con-inner\">\n\t\t\t\t<div class=\"elementor-element elementor-element-75f605b elementor-widget elementor-widget-image\" data-id=\"75f605b\" data-element_type=\"widget\" data-e-type=\"widget\" data-widget_type=\"image.default\">\n\t\t\t\t\t\t\t\t\t\t\t\t<figure class=\"wp-caption\">\n\t\t\t\t\t\t\t\t\t\t\t<a href=\"https:\/\/soymigrante.com\/mercado\/marketplace\/seller\/profile\/hamacaskemert\">\n\t\t\t\t\t\t\t<img fetchpriority=\"high\" decoding=\"async\" width=\"768\" height=\"390\" src=\"https:\/\/soymigrante.com\/revista\/wp-content\/uploads\/2025\/01\/Kemert-hamacas-1024x520.jpg\" class=\"attachment-large size-large wp-image-19710\" alt=\"Sacos tradicionales mayas, tejidos artesanales de Guatemala, con colores vibrantes y dise\u00f1os \u00fanicos, perfectos para celebrar la cultura ind\u00edgena y el arte ancestral.\" srcset=\"https:\/\/soymigrante.com\/revista\/wp-content\/uploads\/2025\/01\/Kemert-hamacas-1024x520.jpg 1024w, https:\/\/soymigrante.com\/revista\/wp-content\/uploads\/2025\/01\/Kemert-hamacas-300x152.jpg 300w, https:\/\/soymigrante.com\/revista\/wp-content\/uploads\/2025\/01\/Kemert-hamacas-768x390.jpg 768w, https:\/\/soymigrante.com\/revista\/wp-content\/uploads\/2025\/01\/Kemert-hamacas-750x381.webp 750w, https:\/\/soymigrante.com\/revista\/wp-content\/uploads\/2025\/01\/Kemert-hamacas-1140x579.webp 1140w, https:\/\/soymigrante.com\/revista\/wp-content\/uploads\/2025\/01\/Kemert-hamacas.webp 1182w\" sizes=\"(max-width: 768px) 100vw, 768px\" title=\"Transforma tu experiencia de descanso con las hamacas y productos tejidos de  Kemert. Entra a su tienda  de SoyMigrante.com MERCADO y conocelos. CLIC EN LA IMAGEN. \u2013 SoyMigrante.com REVISTA\" \/>\t\t\t\t\t\t\t\t<\/a>\n\t\t\t\t\t\t\t\t\t\t\t<figcaption class=\"widget-image-caption wp-caption-text\">\u00e1rbol de palabras: guatemala, artesan\u00eda, cultura, hamacas, tejidos tradicionales, productos hechos a mano, artesanos, turismo cultural.<\/figcaption>\n\t\t\t\t\t\t\t\t\t\t<\/figure>\n\t\t\t\t\t\t\t\t\t<\/div>\n\t\t\t\t\t<\/div>\n\t\t\t\t<\/div>\n\t\t<div data-particle_enable=\"false\" data-particle-mobile-disabled=\"false\" class=\"elementor-element elementor-element-5d7c75f e-flex e-con-boxed e-con e-parent\" data-id=\"5d7c75f\" data-element_type=\"container\" data-e-type=\"container\">\n\t\t\t\t\t<div class=\"e-con-inner\">\n\t\t\t\t<div class=\"elementor-element elementor-element-8927dd6 elementor-widget elementor-widget-heading\" data-id=\"8927dd6\" data-element_type=\"widget\" data-e-type=\"widget\" data-widget_type=\"heading.default\">\n\t\t\t\t\t<h3 class=\"elementor-heading-title elementor-size-default\">Todo se aprende y una vez aprendido, se perfecciona<\/h3>\t\t\t\t<\/div>\n\t\t\t\t\t<\/div>\n\t\t\t\t<\/div>\n\t\t<div data-particle_enable=\"false\" data-particle-mobile-disabled=\"false\" class=\"elementor-element elementor-element-9d27cec e-flex e-con-boxed e-con e-parent\" data-id=\"9d27cec\" data-element_type=\"container\" data-e-type=\"container\">\n\t\t\t\t\t<div class=\"e-con-inner\">\n\t\t\t\t<div class=\"elementor-element elementor-element-20b1b8d elementor-widget elementor-widget-text-editor\" data-id=\"20b1b8d\" data-element_type=\"widget\" data-e-type=\"widget\" data-widget_type=\"text-editor.default\">\n\t\t\t\t\t\t\t\t\t<p>Con determinaci\u00f3n y apoyo de su esposa y un amigo, don Rosendo decidi\u00f3 aprender el arte de la elaboraci\u00f3n de hamacas. Cuatro a\u00f1os le tom\u00f3 perfeccionar la t\u00e9cnica, tiempo en el que tambi\u00e9n desarroll\u00f3&nbsp;<a href=\"https:\/\/soymigrante.com\/revista\/kemon-collection-tejiendo-suenos-y-conservando-tradiciones-ancestrales\/\" target=\"_blank\" style=\"text-align: var(--text-align)\">una red de proveedores de conos e hilos.<\/a><\/p>\n<p>El nombre de Kemert, que simboliza la unidad familiar al incluir una inicial de cada integrante, naci\u00f3 cuando la familia creci\u00f3 y todos comenzaron a involucrarse en el negocio. Actualmente, los seis miembros principales de la familia Canil, junto con primos y amigos, trabajan unidos para mantener viva esta tradici\u00f3n.<\/p>\t\t\t\t\t\t\t\t<\/div>\n\t\t\t\t\t<\/div>\n\t\t\t\t<\/div>\n\t\t<div data-particle_enable=\"false\" data-particle-mobile-disabled=\"false\" class=\"elementor-element elementor-element-3f4ce59 e-flex e-con-boxed e-con e-parent\" data-id=\"3f4ce59\" data-element_type=\"container\" data-e-type=\"container\">\n\t\t\t\t\t<div class=\"e-con-inner\">\n\t\t\t\t<div class=\"elementor-element elementor-element-8312fec elementor-widget elementor-widget-image\" data-id=\"8312fec\" data-element_type=\"widget\" data-e-type=\"widget\" data-widget_type=\"image.default\">\n\t\t\t\t\t\t\t\t\t\t\t\t<figure class=\"wp-caption\">\n\t\t\t\t\t\t\t\t\t\t\t<a href=\"https:\/\/soymigrante.com\/mercado\/marketplace\/seller\/profile\/hamacaskemert\">\n\t\t\t\t\t\t\t<img decoding=\"async\" width=\"768\" height=\"576\" src=\"https:\/\/soymigrante.com\/revista\/wp-content\/uploads\/2025\/01\/hamacas-kemert-1024x768.jpg\" class=\"attachment-large size-large wp-image-38683\" alt=\"Columpios colgados de colores vibrantes en un entorno natural, ideales para relajarse y disfrutar del aire libre en un espacio comunitario o tur\u00edstico.\" srcset=\"https:\/\/soymigrante.com\/revista\/wp-content\/uploads\/2025\/01\/hamacas-kemert-1024x768.jpg 1024w, https:\/\/soymigrante.com\/revista\/wp-content\/uploads\/2025\/01\/hamacas-kemert-300x225.jpg 300w, https:\/\/soymigrante.com\/revista\/wp-content\/uploads\/2025\/01\/hamacas-kemert-768x576.jpg 768w, https:\/\/soymigrante.com\/revista\/wp-content\/uploads\/2025\/01\/hamacas-kemert-1536x1152.jpg 1536w, https:\/\/soymigrante.com\/revista\/wp-content\/uploads\/2025\/01\/hamacas-kemert-750x563.webp 750w, https:\/\/soymigrante.com\/revista\/wp-content\/uploads\/2025\/01\/hamacas-kemert-1140x855.webp 1140w, https:\/\/soymigrante.com\/revista\/wp-content\/uploads\/2025\/01\/hamacas-kemert.webp 1920w\" sizes=\"(max-width: 768px) 100vw, 768px\" title=\"Cada hilo, cada hamaca  tiene dedicaci\u00f3n, trabajo y creatividad, as\u00ed como alta calidad. \u2013 SoyMigrante.com REVISTA\" \/>\t\t\t\t\t\t\t\t<\/a>\n\t\t\t\t\t\t\t\t\t\t\t<figcaption class=\"widget-image-caption wp-caption-text\">Disfruta de un d\u00eda en la naturaleza con columpios artesanales de colores vibrantes, ideales para descansar y conectar con el entorno natural en un espacio cultural y recreativo.<\/figcaption>\n\t\t\t\t\t\t\t\t\t\t<\/figure>\n\t\t\t\t\t\t\t\t\t<\/div>\n\t\t\t\t\t<\/div>\n\t\t\t\t<\/div>\n\t\t<div data-particle_enable=\"false\" data-particle-mobile-disabled=\"false\" class=\"elementor-element elementor-element-96bbb88 e-flex e-con-boxed e-con e-parent\" data-id=\"96bbb88\" data-element_type=\"container\" data-e-type=\"container\">\n\t\t\t\t\t<div class=\"e-con-inner\">\n\t\t\t\t<div class=\"elementor-element elementor-element-6b18d95 elementor-widget elementor-widget-heading\" data-id=\"6b18d95\" data-element_type=\"widget\" data-e-type=\"widget\" data-widget_type=\"heading.default\">\n\t\t\t\t\t<h3 class=\"elementor-heading-title elementor-size-default\">Ra\u00edces culturales y uni\u00f3n familiar\n<\/h3>\t\t\t\t<\/div>\n\t\t\t\t\t<\/div>\n\t\t\t\t<\/div>\n\t\t<div data-particle_enable=\"false\" data-particle-mobile-disabled=\"false\" class=\"elementor-element elementor-element-d824e6c e-flex e-con-boxed e-con e-parent\" data-id=\"d824e6c\" data-element_type=\"container\" data-e-type=\"container\">\n\t\t\t\t\t<div class=\"e-con-inner\">\n\t\t\t\t<div class=\"elementor-element elementor-element-826ce0b elementor-widget elementor-widget-text-editor\" data-id=\"826ce0b\" data-element_type=\"widget\" data-e-type=\"widget\" data-widget_type=\"text-editor.default\">\n\t\t\t\t\t\t\t\t\t<p>El abuelo de Lesly Canil, hija de Rosendo y pilar del negocio, era originario de Chichicastenango y vendedor ambulante en Amatitl\u00e1n y\u00a0<a href=\"https:\/\/soymigrante.com\/revista\/san-juan-del-obispo-pueblo-vecino-de-antigua-guatemala-reconocido-en-best-tourism-village-2024\/\" target=\"_blank\" rel=\"noopener\">La Antigua Guatemala.\u00a0<\/a>Finalmente, se instal\u00f3 en Parramos, donde Rosendo dio vida a Hamacas Kemert. Esta historia familiar refleja un profundo arraigo cultural y un compromiso con la comunidad.<\/p><p>Lesly Canil, quien creci\u00f3 junto al negocio y tiene la misma edad que el emprendimiento, se ha convertido en una pieza clave del equipo. Su energ\u00eda y dedicaci\u00f3n reflejan el esp\u00edritu emprendedor que caracteriza a la familia Canil. Junto a sus padres y hermanos, Lesly trabaja incansablemente para mantener viva la tradici\u00f3n de Hamacas Kemert.<\/p><p>Lo que diferencia a Hamacas Kemert de la competencia es su enfoque en la calidad y el dise\u00f1o. Cada hamaca est\u00e1 hecha para resistir y ofrecer comodidad superior, gracias a la doble malla que evita que se hunda. Adem\u00e1s, el equipo se asegura de ofrecer precios justos, haciendo que sus productos sean accesibles sin comprometer la excelencia.<\/p><div>\u00a0<\/div>\t\t\t\t\t\t\t\t<\/div>\n\t\t\t\t\t<\/div>\n\t\t\t\t<\/div>\n\t\t<div data-particle_enable=\"false\" data-particle-mobile-disabled=\"false\" class=\"elementor-element elementor-element-94a31a0 e-flex e-con-boxed e-con e-parent\" data-id=\"94a31a0\" data-element_type=\"container\" data-e-type=\"container\">\n\t\t\t\t\t<div class=\"e-con-inner\">\n\t\t\t\t<div class=\"elementor-element elementor-element-8071a65 elementor-widget elementor-widget-facebook-page\" data-id=\"8071a65\" data-element_type=\"widget\" data-e-type=\"widget\" data-widget_type=\"facebook-page.default\">\n\t\t\t\t\t<div class=\"elementor-facebook-widget fb-page\" data-href=\"https:\/\/www.facebook.com\/Hkemert\" data-tabs=\"timeline\" data-height=\"500px\" data-width=\"500px\" data-small-header=\"false\" data-hide-cover=\"false\" data-show-facepile=\"true\" data-hide-cta=\"false\" style=\"min-height: 1px;height:500px\"><\/div>\t\t\t\t<\/div>\n\t\t\t\t\t<\/div>\n\t\t\t\t<\/div>\n\t\t<div data-particle_enable=\"false\" data-particle-mobile-disabled=\"false\" class=\"elementor-element elementor-element-302ff62 e-flex e-con-boxed e-con e-parent\" data-id=\"302ff62\" data-element_type=\"container\" data-e-type=\"container\">\n\t\t\t\t\t<div class=\"e-con-inner\">\n\t\t\t\t<div class=\"elementor-element elementor-element-21898b1 elementor-widget elementor-widget-heading\" data-id=\"21898b1\" data-element_type=\"widget\" data-e-type=\"widget\" data-widget_type=\"heading.default\">\n\t\t\t\t\t<h3 class=\"elementor-heading-title elementor-size-default\">Proceso artesanal garantiza calidad\n\n<\/h3>\t\t\t\t<\/div>\n\t\t\t\t\t<\/div>\n\t\t\t\t<\/div>\n\t\t<div data-particle_enable=\"false\" data-particle-mobile-disabled=\"false\" class=\"elementor-element elementor-element-6825b90 e-flex e-con-boxed e-con e-parent\" data-id=\"6825b90\" data-element_type=\"container\" data-e-type=\"container\">\n\t\t\t\t\t<div class=\"e-con-inner\">\n\t\t\t\t<div class=\"elementor-element elementor-element-11cad1e elementor-widget elementor-widget-text-editor\" data-id=\"11cad1e\" data-element_type=\"widget\" data-e-type=\"widget\" data-widget_type=\"text-editor.default\">\n\t\t\t\t\t\t\t\t\t<p>Cada hamaca de Kemert es fruto de un minucioso proceso artesanal. Desde entorchar los hilos&nbsp;<a href=\"https:\/\/soymigrante.com\/revista\/tejedoras-mayas-preservan-su-herencia-plasmada-de-cosmovision\/\" target=\"_blank\" rel=\"noopener\">hasta tejerlos en el marco,<\/a>&nbsp;cada paso demanda atenci\u00f3n al detalle y tiempo. Aunque una hamaca puede tomar una semana para completarse, con la participaci\u00f3n de varias manos el tiempo se reduce a uno o dos d\u00edas. La doble malla y los materiales resistentes aseguran un producto duradero, ideal para quienes buscan comodidad y calidad.<\/p>\n<p>Con 25 a\u00f1os de experiencia, <a href=\"https:\/\/soymigrante.com\/mercado\/marketplace\/seller\/profile\/hamacaskemert\">Hamacas Kemert<\/a> est\u00e1 lista para seguir creciendo. Su compromiso con la calidad y el trabajo familiar garantiza que esta tradici\u00f3n contin\u00fae tejiendo historias en los hogares de Guatemala y m\u00e1s all\u00e1. Como dice Lesly: \u201cCada hamaca lleva no solo hilos, sino tambi\u00e9n el esfuerzo y amor de toda nuestra familia.\u201d<\/p>\t\t\t\t\t\t\t\t<\/div>\n\t\t\t\t\t<\/div>\n\t\t\t\t<\/div>\n\t\t<div data-particle_enable=\"false\" data-particle-mobile-disabled=\"false\" class=\"elementor-element elementor-element-d5a09f1 e-flex e-con-boxed e-con e-parent\" data-id=\"d5a09f1\" data-element_type=\"container\" data-e-type=\"container\">\n\t\t\t\t\t<div class=\"e-con-inner\">\n\t\t\t\t<div class=\"elementor-element elementor-element-a1b2438 elementor-widget elementor-widget-heading\" data-id=\"a1b2438\" data-element_type=\"widget\" data-e-type=\"widget\" data-widget_type=\"heading.default\">\n\t\t\t\t\t<h2 class=\"elementor-heading-title elementor-size-default\">De lo artesanal a tu hogar<\/h2>\t\t\t\t<\/div>\n\t\t\t\t\t<\/div>\n\t\t\t\t<\/div>\n\t\t<div data-particle_enable=\"false\" data-particle-mobile-disabled=\"false\" class=\"elementor-element elementor-element-145f07b e-flex e-con-boxed e-con e-parent\" data-id=\"145f07b\" data-element_type=\"container\" data-e-type=\"container\">\n\t\t\t\t\t<div class=\"e-con-inner\">\n\t\t\t\t<div class=\"elementor-element elementor-element-0ce2310 elementor-grid-eael-col-3 elementor-grid-tablet-eael-col-2 elementor-grid-mobile-eael-col-1 elementor-widget elementor-widget-eael-post-grid\" data-id=\"0ce2310\" data-element_type=\"widget\" data-e-type=\"widget\" data-settings=\"{&quot;eael_post_grid_columns&quot;:&quot;eael-col-3&quot;,&quot;eael_post_grid_columns_tablet&quot;:&quot;eael-col-2&quot;,&quot;eael_post_grid_columns_mobile&quot;:&quot;eael-col-1&quot;}\" data-widget_type=\"eael-post-grid.default\">\n\t\t\t\t\t<div id=\"eael-post-grid-0ce2310\" class=\"eael-post-grid-container\">\n            <div class=\"eael-post-grid eael-post-appender eael-post-appender-0ce2310 eael-post-grid-style-one\" data-layout-mode=\"masonry\"><article class=\"eael-grid-post  eael-post-grid-column eael-pg-post-15402 category-guate-nuestra tags-mercado-emprendedores\" data-id=\"15402\">\n        <div class=\"eael-grid-post-holder\">\n            <div class=\"eael-grid-post-holder-inner\"><div class=\"eael-entry-media\"><div class=\"eael-entry-overlay fade-in\"><i class=\"far fa-hand-pointer\" aria-hidden=\"true\"><\/i><a href=\"https:\/\/soymigrante.com\/revista\/tejiendo-en-el-tiempo-cultiva-el-arte-y-la-cultura-de-san-antonio-aguas-calientes\/\"><\/a><\/div><div class=\"eael-entry-thumbnail \">\n                <img decoding=\"async\" width=\"409\" height=\"383\" src=\"https:\/\/soymigrante.com\/revista\/wp-content\/uploads\/2024\/12\/tejiendo-en-el-tiempo-2.webp\" class=\"attachment-large size-large wp-image-15745\" alt=\"Vestido tradicional de Guatemala con bordados coloridos, representando la cultura ind\u00edgena y artesanal.\" srcset=\"https:\/\/soymigrante.com\/revista\/wp-content\/uploads\/2024\/12\/tejiendo-en-el-tiempo-2.webp 409w, https:\/\/soymigrante.com\/revista\/wp-content\/uploads\/2024\/12\/tejiendo-en-el-tiempo-2-300x281.jpg 300w\" sizes=\"(max-width: 409px) 100vw, 409px\" \/>\n            <\/div>\n        <\/div><div class=\"eael-entry-wrapper\"><header class=\"eael-entry-header\"><h2 class=\"eael-entry-title\"><a class=\"eael-grid-post-link\" href=\"https:\/\/soymigrante.com\/revista\/tejiendo-en-el-tiempo-cultiva-el-arte-y-la-cultura-de-san-antonio-aguas-calientes\/\" title=\"Milly L\u00f3pez da nueva vida a la tradici\u00f3n textil de San Antonio Aguas Calientes\">Milly L\u00f3pez da nueva vida a la tradici\u00f3n textil de San Antonio Aguas Calientes<\/a><\/h2><\/header><div class=\"eael-entry-content\">\n                        <div class=\"eael-grid-post-excerpt\"><a href=\"https:\/\/soymigrante.com\/revista\/tejiendo-en-el-tiempo-cultiva-el-arte-y-la-cultura-de-san-antonio-aguas-calientes\/\" class=\"eael-post-elements-readmore-btn\">CONOCE SU HISTORIA <\/a><\/div>\n                    <\/div><\/div><\/div>\n        <\/div>\n    <\/article><article class=\"eael-grid-post  eael-post-grid-column eael-pg-post-17848 category-guate-nuestra tags-mercado-emprendedores\" data-id=\"17848\">\n        <div class=\"eael-grid-post-holder\">\n            <div class=\"eael-grid-post-holder-inner\"><div class=\"eael-entry-media\"><div class=\"eael-entry-overlay fade-in\"><i class=\"far fa-hand-pointer\" aria-hidden=\"true\"><\/i><a href=\"https:\/\/soymigrante.com\/revista\/mayan-dog-cuando-el-carino-por-tu-mascota-se-encuentra-con-la-tradicion-textil\/\"><\/a><\/div><div class=\"eael-entry-thumbnail \">\n                <img loading=\"lazy\" decoding=\"async\" width=\"1024\" height=\"1024\" src=\"https:\/\/soymigrante.com\/revista\/wp-content\/uploads\/2024\/12\/mayan-dog-mercado-1024x1024.jpg\" class=\"attachment-large size-large wp-image-17879\" alt=\"Perro joven con pelaje claro y camiseta a rayas roja, sentado en banco de madera, expresi\u00f3n amigable y feliz.\" srcset=\"https:\/\/soymigrante.com\/revista\/wp-content\/uploads\/2024\/12\/mayan-dog-mercado-1024x1024.jpg 1024w, https:\/\/soymigrante.com\/revista\/wp-content\/uploads\/2024\/12\/mayan-dog-mercado-300x300.jpg 300w, https:\/\/soymigrante.com\/revista\/wp-content\/uploads\/2024\/12\/mayan-dog-mercado-150x150.jpg 150w, https:\/\/soymigrante.com\/revista\/wp-content\/uploads\/2024\/12\/mayan-dog-mercado-768x768.jpg 768w, https:\/\/soymigrante.com\/revista\/wp-content\/uploads\/2024\/12\/mayan-dog-mercado-75x75.webp 75w, https:\/\/soymigrante.com\/revista\/wp-content\/uploads\/2024\/12\/mayan-dog-mercado-750x750.webp 750w, https:\/\/soymigrante.com\/revista\/wp-content\/uploads\/2024\/12\/mayan-dog-mercado.webp 1080w\" sizes=\"(max-width: 1024px) 100vw, 1024px\" \/>\n            <\/div>\n        <\/div><div class=\"eael-entry-wrapper\"><header class=\"eael-entry-header\"><h2 class=\"eael-entry-title\"><a class=\"eael-grid-post-link\" href=\"https:\/\/soymigrante.com\/revista\/mayan-dog-cuando-el-carino-por-tu-mascota-se-encuentra-con-la-tradicion-textil\/\" title=\"Emprendimiento Mayan Dog: Cuando el cari\u00f1o por tu mascota se encuentra con la creatividad textil\">Emprendimiento Mayan Dog: Cuando el cari\u00f1o por tu mascota se encuentra con la creatividad textil<\/a><\/h2><\/header><div class=\"eael-entry-content\">\n                        <div class=\"eael-grid-post-excerpt\"><a href=\"https:\/\/soymigrante.com\/revista\/mayan-dog-cuando-el-carino-por-tu-mascota-se-encuentra-con-la-tradicion-textil\/\" class=\"eael-post-elements-readmore-btn\">CONOCE SU HISTORIA <\/a><\/div>\n                    <\/div><\/div><\/div>\n        <\/div>\n    <\/article><article class=\"eael-grid-post  eael-post-grid-column eael-pg-post-13878 category-guate-nuestra tags-mercado-emprendedores\" data-id=\"13878\">\n        <div class=\"eael-grid-post-holder\">\n            <div class=\"eael-grid-post-holder-inner\"><div class=\"eael-entry-media\"><div class=\"eael-entry-overlay fade-in\"><i class=\"far fa-hand-pointer\" aria-hidden=\"true\"><\/i><a href=\"https:\/\/soymigrante.com\/revista\/torrons-cafe-y-chocolate-sabores-unicos-de-un-sueno-emprendedor\/\"><\/a><\/div><div class=\"eael-entry-thumbnail \">\n                <img loading=\"lazy\" decoding=\"async\" width=\"586\" height=\"586\" src=\"https:\/\/soymigrante.com\/revista\/wp-content\/uploads\/2024\/11\/torrons2.webp\" class=\"attachment-large size-large wp-image-13902\" alt=\"Sabores tradicionales, chocolate mexicano con az\u00facar y canela, producto artesanal, dulce y delicioso, ideal para regalar o disfrutar en familia.\" srcset=\"https:\/\/soymigrante.com\/revista\/wp-content\/uploads\/2024\/11\/torrons2.webp 586w, https:\/\/soymigrante.com\/revista\/wp-content\/uploads\/2024\/11\/torrons2-300x300.jpg 300w, https:\/\/soymigrante.com\/revista\/wp-content\/uploads\/2024\/11\/torrons2-150x150.jpg 150w, https:\/\/soymigrante.com\/revista\/wp-content\/uploads\/2024\/11\/torrons2-75x75.webp 75w\" sizes=\"(max-width: 586px) 100vw, 586px\" \/>\n            <\/div>\n        <\/div><div class=\"eael-entry-wrapper\"><header class=\"eael-entry-header\"><h2 class=\"eael-entry-title\"><a class=\"eael-grid-post-link\" href=\"https:\/\/soymigrante.com\/revista\/torrons-cafe-y-chocolate-sabores-unicos-de-un-sueno-emprendedor\/\" title=\"Torrons Caf\u00e9 y Chocolate: sabores muy originales de un sue\u00f1o emprendedor\">Torrons Caf\u00e9 y Chocolate: sabores muy originales de un sue\u00f1o emprendedor<\/a><\/h2><\/header><div class=\"eael-entry-content\">\n                        <div class=\"eael-grid-post-excerpt\"><a href=\"https:\/\/soymigrante.com\/revista\/torrons-cafe-y-chocolate-sabores-unicos-de-un-sueno-emprendedor\/\" class=\"eael-post-elements-readmore-btn\">CONOCE SU HISTORIA <\/a><\/div>\n                    <\/div><\/div><\/div>\n        <\/div>\n    <\/article><\/div>\n            <div class=\"clearfix\"><\/div>\n        <\/div>\t\t\t\t<\/div>\n\t\t\t\t\t<\/div>\n\t\t\t\t<\/div>\n\t\t\t\t<\/div>\n\t\t","protected":false},"excerpt":{"rendered":"<p>Desde Pastores, Sacatep\u00e9quez, Hamacas Kemert ha tejido una historia de esfuerzo y pasi\u00f3n que abarca un cuarto de siglo. Este emprendimiento familiar, ofrece hamacas de alta calidad que ahora est\u00e1n en SoyMigrante.com MERCADO. Con 25 a\u00f1os en el mercado, Hamacas Kemert se distingue por la dedicaci\u00f3n de la familia Canil. Cada hamaca cuenta una historia [&hellip;]<\/p>\n","protected":false},"author":23,"featured_media":19835,"comment_status":"open","ping_status":"open","sticky":false,"template":"","format":"standard","meta":{"_acf_changed":false,"_eb_attr":"","footnotes":""},"categories":[58],"tags":[130],"class_list":["post-19696","post","type-post","status-publish","format-standard","has-post-thumbnail","hentry","category-guate-nuestra","tag-mercado-emprendedores"],"acf":[],"aioseo_notices":[],"aioseo_head":"\n\t\t<!-- All in One SEO Pro 4.9.6.2 - aioseo.com -->\n\t<meta name=\"description\" content=\"Torrons Caf\u00e9 y Chocolate combina la tradici\u00f3n guatemalteca con un toque innovador para ofrecer experiencias \u00fanicas en cada sorbo y bocado.\" \/>\n\t<meta name=\"robots\" content=\"max-snippet:-1, max-image-preview:large, max-video-preview:-1\" \/>\n\t<meta name=\"author\" content=\"Beatriz Tercero\"\/>\n\t<link rel=\"canonical\" href=\"https:\/\/soymigrante.com\/revista\/torrons-cafe-y-chocolate-sabores-unicos-de-un-sueno-emprendedor\/\" \/>\n\t<meta name=\"generator\" content=\"All in One SEO Pro (AIOSEO) 4.9.6.2\" \/>\n\n\t\t<link rel=\"preconnect\" href=\"https:\/\/fonts.googleapis.com\" crossorigin>\n<link rel=\"preconnect\" href=\"https:\/\/fonts.gstatic.com\" crossorigin>\n\t\t<meta property=\"og:locale\" content=\"es_ES\" \/>\n\t\t<meta property=\"og:site_name\" content=\"SoyMigrante.com REVISTA \u2013 Nuestra misi\u00f3n es reconocer y dignificar al migrante.\" \/>\n\t\t<meta property=\"og:type\" content=\"article\" \/>\n\t\t<meta property=\"og:title\" content=\"Torrons Caf\u00e9 y Chocolate: sabores con tradici\u00f3n e innovaci\u00f3n\" \/>\n\t\t<meta property=\"og:description\" content=\"Torrons Caf\u00e9 y Chocolate combina la tradici\u00f3n guatemalteca con un toque innovador para ofrecer experiencias \u00fanicas en cada sorbo y bocado.\" \/>\n\t\t<meta property=\"og:url\" content=\"https:\/\/soymigrante.com\/revista\/torrons-cafe-y-chocolate-sabores-unicos-de-un-sueno-emprendedor\/\" \/>\n\t\t<meta property=\"og:image\" content=\"https:\/\/soymigrante.com\/revista\/wp-content\/uploads\/2024\/11\/torrons2.webp\" \/>\n\t\t<meta property=\"og:image:secure_url\" content=\"https:\/\/soymigrante.com\/revista\/wp-content\/uploads\/2024\/11\/torrons2.webp\" \/>\n\t\t<meta property=\"og:image:width\" content=\"586\" \/>\n\t\t<meta property=\"og:image:height\" content=\"586\" \/>\n\t\t<meta property=\"article:published_time\" content=\"2024-11-29T15:25:57+00:00\" \/>\n\t\t<meta property=\"article:modified_time\" content=\"2024-11-29T15:25:58+00:00\" \/>\n\t\t<meta property=\"article:publisher\" content=\"https:\/\/www.facebook.com\/soymigrantecom\" \/>\n\t\t<meta name=\"twitter:card\" content=\"summary_large_image\" \/>\n\t\t<meta name=\"twitter:site\" content=\"@SoyMigrante_com\" \/>\n\t\t<meta name=\"twitter:title\" content=\"Torrons Caf\u00e9 y Chocolate: sabores con tradici\u00f3n e innovaci\u00f3n\" \/>\n\t\t<meta name=\"twitter:description\" content=\"Torrons Caf\u00e9 y Chocolate combina la tradici\u00f3n guatemalteca con un toque innovador para ofrecer experiencias \u00fanicas en cada sorbo y bocado.\" \/>\n\t\t<meta name=\"twitter:creator\" content=\"@SoyMigrante_com\" \/>\n\t\t<meta name=\"twitter:image\" content=\"https:\/\/soymigrante.com\/revista\/wp-content\/uploads\/2024\/11\/torrons2.webp\" \/>\n\t\t<!-- All in One SEO Pro -->\r\n\t\t<title>Torrons Caf\u00e9 y Chocolate: sabores con tradici\u00f3n e innovaci\u00f3n<\/title>\n\n","aioseo_head_json":{"title":"Torrons Caf\u00e9 y Chocolate: sabores con tradici\u00f3n e innovaci\u00f3n","description":"Torrons Caf\u00e9 y Chocolate combina la tradici\u00f3n guatemalteca con un toque innovador para ofrecer experiencias \u00fanicas en cada sorbo y bocado.","canonical_url":"https:\/\/soymigrante.com\/revista\/torrons-cafe-y-chocolate-sabores-unicos-de-un-sueno-emprendedor\/","robots":"max-snippet:-1, max-image-preview:large, max-video-preview:-1","keywords":"","webmasterTools":{"miscellaneous":"&lt;link rel=\"preconnect\" href=\"https:\/\/fonts.googleapis.com\" crossorigin&gt;\n&lt;link rel=\"preconnect\" href=\"https:\/\/fonts.gstatic.com\" crossorigin&gt;"},"schema":null,"og:locale":"es_ES","og:site_name":"SoyMigrante.com REVISTA \u2013 Nuestra misi\u00f3n es reconocer y dignificar al migrante.","og:type":"article","og:title":"Torrons Caf\u00e9 y Chocolate: sabores con tradici\u00f3n e innovaci\u00f3n","og:description":"Torrons Caf\u00e9 y Chocolate combina la tradici\u00f3n guatemalteca con un toque innovador para ofrecer experiencias \u00fanicas en cada sorbo y bocado.","og:url":"https:\/\/soymigrante.com\/revista\/torrons-cafe-y-chocolate-sabores-unicos-de-un-sueno-emprendedor\/","og:image":"https:\/\/soymigrante.com\/revista\/wp-content\/uploads\/2024\/11\/torrons2.webp","og:image:secure_url":"https:\/\/soymigrante.com\/revista\/wp-content\/uploads\/2024\/11\/torrons2.webp","og:image:width":586,"og:image:height":586,"article:published_time":"2024-11-29T15:25:57+00:00","article:modified_time":"2024-11-29T15:25:58+00:00","article:publisher":"https:\/\/www.facebook.com\/soymigrantecom","twitter:card":"summary_large_image","twitter:site":"@SoyMigrante_com","twitter:title":"Torrons Caf\u00e9 y Chocolate: sabores con tradici\u00f3n e innovaci\u00f3n","twitter:description":"Torrons Caf\u00e9 y Chocolate combina la tradici\u00f3n guatemalteca con un toque innovador para ofrecer experiencias \u00fanicas en cada sorbo y bocado.","twitter:creator":"@SoyMigrante_com","twitter:image":"https:\/\/soymigrante.com\/revista\/wp-content\/uploads\/2024\/11\/torrons2.webp"},"aioseo_meta_data":{"post_id":"19696","title":"Hamacas Kemert: 25 a\u00f1os de historia, calidad y tradici\u00f3n familiar","description":"Desde el coraz\u00f3n de Parramos, Chimaltenango, Hamacas Kemert ha tejido una historia de esfuerzo y pasi\u00f3n que abarca un cuarto de siglo. Conoce su historia.","keywords":null,"keyphrases":{"focus":{"keyphrase":"hamacas","score":82,"analysis":{"keyphraseInTitle":{"score":9,"maxScore":9,"error":0},"keyphraseInDescription":{"score":9,"maxScore":9,"error":0},"keyphraseLength":{"score":9,"maxScore":9,"error":0,"length":1},"keyphraseInURL":{"score":5,"maxScore":5,"error":0},"keyphraseInIntroduction":{"score":9,"maxScore":9,"error":0},"keyphraseInSubHeadings":{"score":3,"maxScore":9,"error":1},"keyphraseInImageAlt":{"score":3,"maxScore":9,"error":1},"keywordDensity":{"type":"best","score":9,"maxScore":9,"error":0}}},"additional":[{"keyphrase":"artesanos","score":40,"analysis":{"keyphraseInDescription":{"score":3,"maxScore":9,"error":1},"keyphraseLength":{"score":9,"maxScore":9,"error":0,"length":1},"keyphraseInIntroduction":{"score":3,"maxScore":9,"error":1},"keyphraseInImageAlt":{"score":3,"maxScore":9,"error":1},"keywordDensity":{"score":0,"type":"low","maxScore":9,"error":1}}},{"keyphrase":"Mercado","score":53,"analysis":{"keyphraseInDescription":{"score":3,"maxScore":9,"error":1},"keyphraseLength":{"score":9,"maxScore":9,"error":0,"length":1},"keyphraseInIntroduction":{"score":9,"maxScore":9,"error":0},"keyphraseInImageAlt":{"score":3,"maxScore":9,"error":1},"keywordDensity":{"score":0,"type":"low","maxScore":9,"error":1}}},{"keyphrase":"Guatemala","score":40,"analysis":{"keyphraseInDescription":{"score":3,"maxScore":9,"error":1},"keyphraseLength":{"score":9,"maxScore":9,"error":0,"length":1},"keyphraseInIntroduction":{"score":3,"maxScore":9,"error":1},"keyphraseInImageAlt":{"score":3,"maxScore":9,"error":1},"keywordDensity":{"score":0,"type":"low","maxScore":9,"error":1}}},{"keyphrase":"Soy Migrante","score":40,"analysis":{"keyphraseInDescription":{"score":3,"maxScore":9,"error":1},"keyphraseLength":{"score":9,"maxScore":9,"error":0,"length":2},"keyphraseInIntroduction":{"score":3,"maxScore":9,"error":1},"keyphraseInImageAlt":{"score":3,"maxScore":9,"error":1},"keywordDensity":{"score":0,"type":"low","maxScore":9,"error":1}}},{"keyphrase":"Chimaltenango","score":53,"analysis":{"keyphraseInDescription":{"score":9,"maxScore":9,"error":0},"keyphraseLength":{"score":9,"maxScore":9,"error":0,"length":1},"keyphraseInIntroduction":{"score":3,"maxScore":9,"error":1},"keyphraseInImageAlt":{"score":3,"maxScore":9,"error":1},"keywordDensity":{"score":0,"type":"low","maxScore":9,"error":1}}},{"keyphrase":"Parramos","score":53,"analysis":{"keyphraseInDescription":{"score":9,"maxScore":9,"error":0},"keyphraseLength":{"score":9,"maxScore":9,"error":0,"length":1},"keyphraseInIntroduction":{"score":3,"maxScore":9,"error":1},"keyphraseInImageAlt":{"score":3,"maxScore":9,"error":1},"keywordDensity":{"score":0,"type":"low","maxScore":9,"error":1}}}]},"primary_term":null,"canonical_url":null,"og_title":null,"og_description":null,"og_object_type":"default","og_image_type":"default","og_image_url":null,"og_image_width":null,"og_image_height":null,"og_image_custom_url":null,"og_image_custom_fields":null,"og_video":"","og_custom_url":null,"og_article_section":null,"og_article_tags":null,"twitter_use_og":false,"twitter_card":"default","twitter_image_type":"default","twitter_image_url":null,"twitter_image_custom_url":null,"twitter_image_custom_fields":null,"twitter_title":null,"twitter_description":null,"schema":{"blockGraphs":[],"customGraphs":[],"default":{"data":{"Article":[],"Course":[],"Dataset":[],"FAQPage":[],"Movie":[],"Person":[],"Product":[],"ProductReview":[],"Car":[],"Recipe":[],"Service":[],"SoftwareApplication":[],"WebPage":[]},"graphName":"none","isEnabled":true},"graphs":[]},"schema_type":"default","schema_type_options":null,"pillar_content":false,"robots_default":true,"robots_noindex":false,"robots_noarchive":false,"robots_nosnippet":false,"robots_nofollow":false,"robots_noimageindex":false,"robots_noodp":false,"robots_notranslate":false,"robots_max_snippet":"-1","robots_max_videopreview":"-1","robots_max_imagepreview":"large","priority":null,"frequency":"default","local_seo":null,"seo_analyzer_scan_date":"2025-10-09 01:41:12","breadcrumb_settings":null,"limit_modified_date":false,"reviewed_by":"0","open_ai":"{\"title\":{\"suggestions\":[],\"usage\":0},\"description\":{\"suggestions\":[],\"usage\":0}}","ai":{"faqs":[],"keyPoints":[],"titles":[],"descriptions":[],"socialPosts":{"email":[],"linkedin":[],"twitter":[],"facebook":[],"instagram":[]}},"created":"2025-01-08 01:32:08","updated":"2026-02-04 18:51:11"},"aioseo_breadcrumb":"<div class=\"aioseo-breadcrumbs\"><span class=\"aioseo-breadcrumb\">\n\t<a href=\"https:\/\/soymigrante.com\/revista\" title=\"Home\">Home<\/a>\n<\/span><span class=\"aioseo-breadcrumb-separator\">\u00bb<\/span><span class=\"aioseo-breadcrumb\">\n\t<a href=\"https:\/\/soymigrante.com\/revista\/category\/guate-nuestra\/\" title=\"Guate Nuestra\">Guate Nuestra<\/a>\n<\/span><span class=\"aioseo-breadcrumb-separator\">\u00bb<\/span><span class=\"aioseo-breadcrumb\">\n\tHamacas Kemert: 25 a\u00f1os de  tradici\u00f3n familiar, calidad y descanso, ahora en MERCADO\n<\/span><\/div>","aioseo_breadcrumb_json":[{"label":"Home","link":"https:\/\/soymigrante.com\/revista"},{"label":"Guate Nuestra","link":"https:\/\/soymigrante.com\/revista\/category\/guate-nuestra\/"},{"label":"Hamacas Kemert: 25 a\u00f1os de  tradici\u00f3n familiar, calidad y descanso, ahora en MERCADO","link":"https:\/\/soymigrante.com\/revista\/hamacas-kemert-25-anos-de-historia-calidad-y-tradicion-familiar-ahora-en-mercado\/"}],"_links":{"self":[{"href":"https:\/\/soymigrante.com\/revista\/wp-json\/wp\/v2\/posts\/19696","targetHints":{"allow":["GET"]}}],"collection":[{"href":"https:\/\/soymigrante.com\/revista\/wp-json\/wp\/v2\/posts"}],"about":[{"href":"https:\/\/soymigrante.com\/revista\/wp-json\/wp\/v2\/types\/post"}],"author":[{"embeddable":true,"href":"https:\/\/soymigrante.com\/revista\/wp-json\/wp\/v2\/users\/23"}],"replies":[{"embeddable":true,"href":"https:\/\/soymigrante.com\/revista\/wp-json\/wp\/v2\/comments?post=19696"}],"version-history":[{"count":14,"href":"https:\/\/soymigrante.com\/revista\/wp-json\/wp\/v2\/posts\/19696\/revisions"}],"predecessor-version":[{"id":39958,"href":"https:\/\/soymigrante.com\/revista\/wp-json\/wp\/v2\/posts\/19696\/revisions\/39958"}],"wp:featuredmedia":[{"embeddable":true,"href":"https:\/\/soymigrante.com\/revista\/wp-json\/wp\/v2\/media\/19835"}],"wp:attachment":[{"href":"https:\/\/soymigrante.com\/revista\/wp-json\/wp\/v2\/media?parent=19696"}],"wp:term":[{"taxonomy":"category","embeddable":true,"href":"https:\/\/soymigrante.com\/revista\/wp-json\/wp\/v2\/categories?post=19696"},{"taxonomy":"post_tag","embeddable":true,"href":"https:\/\/soymigrante.com\/revista\/wp-json\/wp\/v2\/tags?post=19696"}],"curies":[{"name":"wp","href":"https:\/\/api.w.org\/{rel}","templated":true}]}}