{"id":1964,"date":"2023-07-27T18:09:23","date_gmt":"2023-07-27T18:09:23","guid":{"rendered":"https:\/\/soymigrante.com\/revista\/?p=1964"},"modified":"2026-03-11T16:50:47","modified_gmt":"2026-03-11T22:50:47","slug":"antonio-lopez-migrante-guatemalteco-canada","status":"publish","type":"post","link":"https:\/\/soymigrante.com\/revista\/antonio-lopez-migrante-guatemalteco-canada\/","title":{"rendered":"Antonio L\u00f3pez: Del dise\u00f1o gr\u00e1fico en Guatemala a Canad\u00e1"},"content":{"rendered":"\t\t<div data-elementor-type=\"wp-post\" data-elementor-id=\"1964\" class=\"elementor elementor-1964\" data-elementor-post-type=\"post\">\n\t\t\t\t\t\t<section data-particle_enable=\"false\" data-particle-mobile-disabled=\"false\" class=\"elementor-section elementor-top-section elementor-element elementor-element-2dfaf53 elementor-section-boxed elementor-section-height-default elementor-section-height-default\" data-id=\"2dfaf53\" data-element_type=\"section\" data-e-type=\"section\">\n\t\t\t\t\t\t<div class=\"elementor-container elementor-column-gap-default\">\n\t\t\t\t\t<div class=\"elementor-column elementor-col-100 elementor-top-column elementor-element elementor-element-bf51ff4\" data-id=\"bf51ff4\" data-element_type=\"column\" data-e-type=\"column\">\n\t\t\t<div class=\"elementor-widget-wrap elementor-element-populated\">\n\t\t\t\t\t\t<div class=\"elementor-element elementor-element-1d57914 elementor-widget elementor-widget-heading\" data-id=\"1d57914\" data-element_type=\"widget\" data-e-type=\"widget\" data-widget_type=\"heading.default\">\n\t\t\t\t\t<h1 class=\"elementor-heading-title elementor-size-default\">Mientras hac\u00eda fila en un banco de alimentos en Vancouver, Canad\u00e1, sin empleo y sin dinero suficiente el migrante guatemalteco Antonio L\u00f3pez pensaba en las felicitaciones por haber conseguido un permiso legal para emigrar a dicho pa\u00eds.<\/h1>\t\t\t\t<\/div>\n\t\t\t\t\t<\/div>\n\t\t<\/div>\n\t\t\t\t\t<\/div>\n\t\t<\/section>\n\t\t\t\t<section data-particle_enable=\"false\" data-particle-mobile-disabled=\"false\" class=\"elementor-section elementor-top-section elementor-element elementor-element-38e3508 elementor-section-boxed elementor-section-height-default elementor-section-height-default\" data-id=\"38e3508\" data-element_type=\"section\" data-e-type=\"section\">\n\t\t\t\t\t\t<div class=\"elementor-container elementor-column-gap-default\">\n\t\t\t\t\t<div class=\"elementor-column elementor-col-100 elementor-top-column elementor-element elementor-element-0579b87\" data-id=\"0579b87\" data-element_type=\"column\" data-e-type=\"column\">\n\t\t\t<div class=\"elementor-widget-wrap elementor-element-populated\">\n\t\t\t\t\t\t<div class=\"elementor-element elementor-element-0ac924d elementor-widget elementor-widget-image\" data-id=\"0ac924d\" data-element_type=\"widget\" data-e-type=\"widget\" data-widget_type=\"image.default\">\n\t\t\t\t\t\t\t\t\t\t\t\t<figure class=\"wp-caption\">\n\t\t\t\t\t\t\t\t\t\t<img fetchpriority=\"high\" decoding=\"async\" width=\"843\" height=\"773\" src=\"https:\/\/soymigrante.com\/revista\/wp-content\/uploads\/2023\/07\/Antonio-Lopez-migrante-guatemalteco-en-Canada-desde-2009-fotos-de-diversas-etapas-de-su-vida-y-tambien-de-su-album-como-fotografo-21.webp\" class=\"attachment-large size-large wp-image-1983\" alt=\"Antonio L\u00f6pez ten\u00eda una exitosa carrera como dise\u00f1ador gr\u00e1fico en Guatemala cuando decidi\u00f3 migrar a Canad\u00e1. Vendi\u00f3 todo lo que ten\u00eda. En 2009 por fin obtuvo el permiso legal. Al llegar a la aduana con mi familia me d\u00ed cuenta que toda mi vida iba en 8 maletas, cuenta.\" srcset=\"https:\/\/soymigrante.com\/revista\/wp-content\/uploads\/2023\/07\/Antonio-Lopez-migrante-guatemalteco-en-Canada-desde-2009-fotos-de-diversas-etapas-de-su-vida-y-tambien-de-su-album-como-fotografo-21.webp 843w, https:\/\/soymigrante.com\/revista\/wp-content\/uploads\/2023\/07\/Antonio-Lopez-migrante-guatemalteco-en-Canada-desde-2009-fotos-de-diversas-etapas-de-su-vida-y-tambien-de-su-album-como-fotografo-21-300x275.webp 300w, https:\/\/soymigrante.com\/revista\/wp-content\/uploads\/2023\/07\/Antonio-Lopez-migrante-guatemalteco-en-Canada-desde-2009-fotos-de-diversas-etapas-de-su-vida-y-tambien-de-su-album-como-fotografo-21-768x704.webp 768w, https:\/\/soymigrante.com\/revista\/wp-content\/uploads\/2023\/07\/Antonio-Lopez-migrante-guatemalteco-en-Canada-desde-2009-fotos-de-diversas-etapas-de-su-vida-y-tambien-de-su-album-como-fotografo-21-750x688.webp 750w\" sizes=\"(max-width: 843px) 100vw, 843px\" title=\"Antonio L\u00f3pez migrante guatemalteco en Canad\u00e1 desde 2009 fotos de diversas etapas de su vida y tambien de su album como fot\u00f3grafo (21) \u2013 SoyMigrante.com REVISTA\" \/>\t\t\t\t\t\t\t\t\t\t\t<figcaption class=\"widget-image-caption wp-caption-text\">Antonio L\u00f6pez ten\u00eda una exitosa carrera como dise\u00f1ador gr\u00e1fico en Guatemala cuando decidi\u00f3 migrar a Canad\u00e1. Vendi\u00f3 todo lo que ten\u00eda. En 2009 por fin obtuvo el permiso legal. Al llegar a la aduana con mi familia me d\u00ed cuenta que toda mi vida iba en 8 maletas, cuenta.<\/figcaption>\n\t\t\t\t\t\t\t\t\t\t<\/figure>\n\t\t\t\t\t\t\t\t\t<\/div>\n\t\t\t\t\t<\/div>\n\t\t<\/div>\n\t\t\t\t\t<\/div>\n\t\t<\/section>\n\t\t\t\t<section data-particle_enable=\"false\" data-particle-mobile-disabled=\"false\" class=\"elementor-section elementor-top-section elementor-element elementor-element-c00cb15 elementor-section-boxed elementor-section-height-default elementor-section-height-default\" data-id=\"c00cb15\" data-element_type=\"section\" data-e-type=\"section\">\n\t\t\t\t\t\t<div class=\"elementor-container elementor-column-gap-default\">\n\t\t\t\t\t<div class=\"elementor-column elementor-col-100 elementor-top-column elementor-element elementor-element-0089540\" data-id=\"0089540\" data-element_type=\"column\" data-e-type=\"column\">\n\t\t\t<div class=\"elementor-widget-wrap elementor-element-populated\">\n\t\t\t\t\t\t<div class=\"elementor-element elementor-element-ef0dac1 elementor-widget elementor-widget-text-editor\" data-id=\"ef0dac1\" data-element_type=\"widget\" data-e-type=\"widget\" data-widget_type=\"text-editor.default\">\n\t\t\t\t\t\t\t\t\t<p>Como si fuera una escena de la pel\u00edcula En Busca de la Felicidad, de Will Smith, Antonio L\u00f3pez tuvo que hacer fila en comedores de asistencia social canadiense. No ten\u00eda empleo, sus t\u00edtulos profesionales no val\u00edan nada, no ten\u00eda equipo.<\/p><p>&#8220;Vend\u00ed todo mi equipo, mi casa, mi carro, todo, para mudarnos a Canad\u00e1, en busca de un mejor futuro y mejores oportunidades para mis hijos&#8221;. Conseguir un apartamento en d\u00f3nde vivir fue el primer reto. No ten\u00eda muebles, ni camas. Durmieron en el suelo. Se aproximaba la Navidad de 2009. Pero no hab\u00eda vuelta atr\u00e1s.\u00a0<\/p><p>Se recordaba de los amigos en Guatemala que le hab\u00edan dicho con admiraci\u00f3n: &#8220;Te rayaste&#8221;, al contarles que despu\u00e9s de dos a\u00f1os hab\u00eda cumplido los requisitos para recibir una residencia legal en Canad\u00e1.\u00a0<\/p><p>&#8220;Lo peor de todo es que el dinero se consum\u00eda aceleradamente. La vida en Canad\u00e1 es mucho m\u00e1s cara que en Guatemala. Un amigo me ofreci\u00f3 un trabajo pero a los 5 meses tuvo problemas econ\u00f3micos y ya no pude seguir all\u00ed. No aplicaba a un fondo por desempleo porque se necesita haber trabajado seis meses. Yo no hab\u00eda llegado a Canad\u00e1 para vivir de la beneficencia. Quer\u00eda producir, quer\u00eda trabajar. Buscaba un trabajo de &#8220;lo que sea&#8221;.<\/p>\t\t\t\t\t\t\t\t<\/div>\n\t\t\t\t\t<\/div>\n\t\t<\/div>\n\t\t\t\t\t<\/div>\n\t\t<\/section>\n\t\t\t\t<section data-particle_enable=\"false\" data-particle-mobile-disabled=\"false\" class=\"elementor-section elementor-top-section elementor-element elementor-element-93daef7 elementor-section-boxed elementor-section-height-default elementor-section-height-default\" data-id=\"93daef7\" data-element_type=\"section\" data-e-type=\"section\">\n\t\t\t\t\t\t<div class=\"elementor-container elementor-column-gap-default\">\n\t\t\t\t\t<div class=\"elementor-column elementor-col-100 elementor-top-column elementor-element elementor-element-a01bbbd\" data-id=\"a01bbbd\" data-element_type=\"column\" data-e-type=\"column\">\n\t\t\t<div class=\"elementor-widget-wrap elementor-element-populated\">\n\t\t\t\t\t\t<div class=\"elementor-element elementor-element-2624af2 elementor-widget elementor-widget-image\" data-id=\"2624af2\" data-element_type=\"widget\" data-e-type=\"widget\" data-widget_type=\"image.default\">\n\t\t\t\t\t\t\t\t\t\t\t\t<figure class=\"wp-caption\">\n\t\t\t\t\t\t\t\t\t\t<img decoding=\"async\" width=\"1024\" height=\"666\" src=\"https:\/\/soymigrante.com\/revista\/wp-content\/uploads\/2023\/07\/2fee792c-6896-4e32-b8fa-579d204adc8e-1-1024x666.webp\" class=\"attachment-large size-large wp-image-1987\" alt=\"\u00bfQu\u00e9 le respondes a su hijo de 9 a\u00f1os cuando te pregunta: cu\u00e1ndo regresamos a casa? No ten\u00edamos ni siquiera camas. Dormimos en el suelo y ten\u00eda el tiempo en contra para hallar un empleo&quot;, cuenta Antonio L\u00f3pez, migrante guatemalteco en Canad\u00e1.\" srcset=\"https:\/\/soymigrante.com\/revista\/wp-content\/uploads\/2023\/07\/2fee792c-6896-4e32-b8fa-579d204adc8e-1-1024x666.webp 1024w, https:\/\/soymigrante.com\/revista\/wp-content\/uploads\/2023\/07\/2fee792c-6896-4e32-b8fa-579d204adc8e-1-300x195.webp 300w, https:\/\/soymigrante.com\/revista\/wp-content\/uploads\/2023\/07\/2fee792c-6896-4e32-b8fa-579d204adc8e-1-768x500.webp 768w, https:\/\/soymigrante.com\/revista\/wp-content\/uploads\/2023\/07\/2fee792c-6896-4e32-b8fa-579d204adc8e-1-750x488.webp 750w, https:\/\/soymigrante.com\/revista\/wp-content\/uploads\/2023\/07\/2fee792c-6896-4e32-b8fa-579d204adc8e-1-1140x742.webp 1140w, https:\/\/soymigrante.com\/revista\/wp-content\/uploads\/2023\/07\/2fee792c-6896-4e32-b8fa-579d204adc8e-1.webp 1442w\" sizes=\"(max-width: 1024px) 100vw, 1024px\" title=\"\u00bfQu\u00e9 le respondes a su hijo de 9 a\u00f1os cuando te pregunta: cu\u00e1ndo regresamos a casa? No ten\u00edamos ni siquiera camas. Dormimos en el suelo y ten\u00eda el tiempo en contra para hallar un empleo&quot;, cuenta Antonio L\u00f3pez, migrante guatemalteco en Canad\u00e1. \u2013 SoyMigrante.com REVISTA\" \/>\t\t\t\t\t\t\t\t\t\t\t<figcaption class=\"widget-image-caption wp-caption-text\">\u00bfQu\u00e9 le respondes a su hijo de 9 a\u00f1os cuando te pregunta: cu\u00e1ndo regresamos a casa? No ten\u00edamos ni siquiera camas. Dormimos en el suelo y ten\u00eda el tiempo en contra para hallar un empleo\", cuenta Antonio L\u00f3pez, migrante guatemalteco en Canad\u00e1.<\/figcaption>\n\t\t\t\t\t\t\t\t\t\t<\/figure>\n\t\t\t\t\t\t\t\t\t<\/div>\n\t\t\t\t\t<\/div>\n\t\t<\/div>\n\t\t\t\t\t<\/div>\n\t\t<\/section>\n\t\t\t\t<section data-particle_enable=\"false\" data-particle-mobile-disabled=\"false\" class=\"elementor-section elementor-top-section elementor-element elementor-element-d9d2041 elementor-section-boxed elementor-section-height-default elementor-section-height-default\" data-id=\"d9d2041\" data-element_type=\"section\" data-e-type=\"section\">\n\t\t\t\t\t\t<div class=\"elementor-container elementor-column-gap-default\">\n\t\t\t\t\t<div class=\"elementor-column elementor-col-100 elementor-top-column elementor-element elementor-element-9de3aca\" data-id=\"9de3aca\" data-element_type=\"column\" data-e-type=\"column\">\n\t\t\t<div class=\"elementor-widget-wrap elementor-element-populated\">\n\t\t\t\t\t\t<div class=\"elementor-element elementor-element-22af6c0 elementor-widget elementor-widget-heading\" data-id=\"22af6c0\" data-element_type=\"widget\" data-e-type=\"widget\" data-widget_type=\"heading.default\">\n\t\t\t\t\t<h2 class=\"elementor-heading-title elementor-size-default\">Consejo: Est\u00e9s donde est\u00e9s, enf\u00f3cate en lo que s\u00ed sabes hacer<\/h2>\t\t\t\t<\/div>\n\t\t\t\t\t<\/div>\n\t\t<\/div>\n\t\t\t\t\t<\/div>\n\t\t<\/section>\n\t\t\t\t<section data-particle_enable=\"false\" data-particle-mobile-disabled=\"false\" class=\"elementor-section elementor-top-section elementor-element elementor-element-772e1fb elementor-section-boxed elementor-section-height-default elementor-section-height-default\" data-id=\"772e1fb\" data-element_type=\"section\" data-e-type=\"section\">\n\t\t\t\t\t\t<div class=\"elementor-container elementor-column-gap-default\">\n\t\t\t\t\t<div class=\"elementor-column elementor-col-100 elementor-top-column elementor-element elementor-element-b889a3e\" data-id=\"b889a3e\" data-element_type=\"column\" data-e-type=\"column\">\n\t\t\t<div class=\"elementor-widget-wrap elementor-element-populated\">\n\t\t\t\t\t\t<div class=\"elementor-element elementor-element-609fe79 elementor-widget elementor-widget-text-editor\" data-id=\"609fe79\" data-element_type=\"widget\" data-e-type=\"widget\" data-widget_type=\"text-editor.default\">\n\t\t\t\t\t\t\t\t\t<p>Antonio busc\u00f3 empleo y finalmente consigui\u00f3 uno en limpieza de edificios. &#8220;El clima de Canad\u00e1 es duro y hab\u00eda que ir aunque nevara, granizara o la temperatura fuera de 10 grados bajo cero. Le hice frente. Pens\u00e9 en crear una empresa de limpieza para salir adelante, pero no funcion\u00f3. Fueron tiempos dif\u00edciles. No ten\u00eda carro y a veces ten\u00eda que ir a trabajar en bicicleta, bajo la lluvia o la nieve, casi me congelaba&#8221;.<\/p><p>Al volver a buscar trabajo, me preguntaban qu\u00e9 tipo de empleo: Yo respond\u00eda &#8220;de lo que sea&#8221;. Y alguien me dijo. No, no diga as\u00ed porque le seguir\u00e1n cayendo trabajos que no quiere hacer y peor, que no le permitir\u00e1n crecer. Analice qu\u00e9 s\u00ed sabe hacer, qu\u00e9 domina. Obviamente no pod\u00eda ser el dise\u00f1o gr\u00e1fico porque no ten\u00eda equipo, ni t\u00edtulo, ni dinero para equipararlo ni tiempo para estudiar m\u00e1s.\u00a0 Lo \u00fanico que sab\u00eda era hablar espa\u00f1ol&#8221;.<\/p><p>&#8220;Busqu\u00e9 as\u00ed y encontr\u00e9 una empresa importadora y distribuidora de flores que necesitaba un asistente administrativo que hablara espa\u00f1ol como idioma de origen para poder entenderse con los productores de Colombia y Ecuador. Trabaj\u00e9 cinco a\u00f1os all\u00ed. Hac\u00eda de todo: entregaba pedidos, recog\u00eda env\u00edos, hac\u00eda cuentas, elaboraba arreglos. pero pude hacerlo&#8221;.\u00a0\u00a0<\/p>\t\t\t\t\t\t\t\t<\/div>\n\t\t\t\t\t<\/div>\n\t\t<\/div>\n\t\t\t\t\t<\/div>\n\t\t<\/section>\n\t\t\t\t<section data-particle_enable=\"false\" data-particle-mobile-disabled=\"false\" class=\"elementor-section elementor-top-section elementor-element elementor-element-42a5ddd elementor-section-boxed elementor-section-height-default elementor-section-height-default\" data-id=\"42a5ddd\" data-element_type=\"section\" data-e-type=\"section\">\n\t\t\t\t\t\t<div class=\"elementor-container elementor-column-gap-default\">\n\t\t\t\t\t<div class=\"elementor-column elementor-col-100 elementor-top-column elementor-element elementor-element-16ce301\" data-id=\"16ce301\" data-element_type=\"column\" data-e-type=\"column\">\n\t\t\t<div class=\"elementor-widget-wrap elementor-element-populated\">\n\t\t\t\t\t\t<div class=\"elementor-element elementor-element-8cd5ac1 elementor-widget elementor-widget-image\" data-id=\"8cd5ac1\" data-element_type=\"widget\" data-e-type=\"widget\" data-widget_type=\"image.default\">\n\t\t\t\t\t\t\t\t\t\t\t\t<figure class=\"wp-caption\">\n\t\t\t\t\t\t\t\t\t\t<img decoding=\"async\" width=\"1024\" height=\"716\" src=\"https:\/\/soymigrante.com\/revista\/wp-content\/uploads\/2023\/07\/Antonio-Lopez-migrante-guatemalteco-en-Canada-desde-2009-fotos-de-diversas-etapas-de-su-vida-y-tambien-de-su-album-como-fotografo-14-1024x716.webp\" class=\"attachment-large size-large wp-image-1976\" alt=\"En la compa\u00f1\u00eda importadora y distribuidora de arreglos florales, Antonio L\u00f3pez aprendi\u00f3 a enfocarse en objetivos y a saber valorar su potencial.\" srcset=\"https:\/\/soymigrante.com\/revista\/wp-content\/uploads\/2023\/07\/Antonio-Lopez-migrante-guatemalteco-en-Canada-desde-2009-fotos-de-diversas-etapas-de-su-vida-y-tambien-de-su-album-como-fotografo-14-1024x716.webp 1024w, https:\/\/soymigrante.com\/revista\/wp-content\/uploads\/2023\/07\/Antonio-Lopez-migrante-guatemalteco-en-Canada-desde-2009-fotos-de-diversas-etapas-de-su-vida-y-tambien-de-su-album-como-fotografo-14-300x210.webp 300w, https:\/\/soymigrante.com\/revista\/wp-content\/uploads\/2023\/07\/Antonio-Lopez-migrante-guatemalteco-en-Canada-desde-2009-fotos-de-diversas-etapas-de-su-vida-y-tambien-de-su-album-como-fotografo-14-768x537.webp 768w, https:\/\/soymigrante.com\/revista\/wp-content\/uploads\/2023\/07\/Antonio-Lopez-migrante-guatemalteco-en-Canada-desde-2009-fotos-de-diversas-etapas-de-su-vida-y-tambien-de-su-album-como-fotografo-14-1536x1074.webp 1536w, https:\/\/soymigrante.com\/revista\/wp-content\/uploads\/2023\/07\/Antonio-Lopez-migrante-guatemalteco-en-Canada-desde-2009-fotos-de-diversas-etapas-de-su-vida-y-tambien-de-su-album-como-fotografo-14-750x525.webp 750w, https:\/\/soymigrante.com\/revista\/wp-content\/uploads\/2023\/07\/Antonio-Lopez-migrante-guatemalteco-en-Canada-desde-2009-fotos-de-diversas-etapas-de-su-vida-y-tambien-de-su-album-como-fotografo-14-1140x797.webp 1140w, https:\/\/soymigrante.com\/revista\/wp-content\/uploads\/2023\/07\/Antonio-Lopez-migrante-guatemalteco-en-Canada-desde-2009-fotos-de-diversas-etapas-de-su-vida-y-tambien-de-su-album-como-fotografo-14.webp 1600w\" sizes=\"(max-width: 1024px) 100vw, 1024px\" title=\"En la compa\u00f1\u00eda importadora y distribuidora de arreglos florales, Antonio L\u00f3pez aprendi\u00f3 a enfocarse en objetivos y a saber valorar su potencial. Foto Antonio L\u00f3pez 2014 \u2013 SoyMigrante.com REVISTA\" \/>\t\t\t\t\t\t\t\t\t\t\t<figcaption class=\"widget-image-caption wp-caption-text\">En la compa\u00f1\u00eda importadora y distribuidora de arreglos florales, Antonio L\u00f3pez aprendi\u00f3 a enfocarse en objetivos y a saber valorar su potencial. Foto: Antonio L\u00f3pez 2014<\/figcaption>\n\t\t\t\t\t\t\t\t\t\t<\/figure>\n\t\t\t\t\t\t\t\t\t<\/div>\n\t\t\t\t\t<\/div>\n\t\t<\/div>\n\t\t\t\t\t<\/div>\n\t\t<\/section>\n\t\t\t\t<section data-particle_enable=\"false\" data-particle-mobile-disabled=\"false\" class=\"elementor-section elementor-top-section elementor-element elementor-element-8c0a2e0 elementor-section-boxed elementor-section-height-default elementor-section-height-default\" data-id=\"8c0a2e0\" data-element_type=\"section\" data-e-type=\"section\">\n\t\t\t\t\t\t<div class=\"elementor-container elementor-column-gap-default\">\n\t\t\t\t\t<div class=\"elementor-column elementor-col-100 elementor-top-column elementor-element elementor-element-2142239\" data-id=\"2142239\" data-element_type=\"column\" data-e-type=\"column\">\n\t\t\t<div class=\"elementor-widget-wrap elementor-element-populated\">\n\t\t\t\t\t\t<div class=\"elementor-element elementor-element-1264054 elementor-widget elementor-widget-heading\" data-id=\"1264054\" data-element_type=\"widget\" data-e-type=\"widget\" data-widget_type=\"heading.default\">\n\t\t\t\t\t<h2 class=\"elementor-heading-title elementor-size-default\">Cuando tengas un objetivo: no lo dejes ir<\/h2>\t\t\t\t<\/div>\n\t\t\t\t\t<\/div>\n\t\t<\/div>\n\t\t\t\t\t<\/div>\n\t\t<\/section>\n\t\t\t\t<section data-particle_enable=\"false\" data-particle-mobile-disabled=\"false\" class=\"elementor-section elementor-top-section elementor-element elementor-element-b3359dd elementor-section-boxed elementor-section-height-default elementor-section-height-default\" data-id=\"b3359dd\" data-element_type=\"section\" data-e-type=\"section\">\n\t\t\t\t\t\t<div class=\"elementor-container elementor-column-gap-default\">\n\t\t\t\t\t<div class=\"elementor-column elementor-col-100 elementor-top-column elementor-element elementor-element-611aba3\" data-id=\"611aba3\" data-element_type=\"column\" data-e-type=\"column\">\n\t\t\t<div class=\"elementor-widget-wrap elementor-element-populated\">\n\t\t\t\t\t\t<div class=\"elementor-element elementor-element-bbd9ff1 elementor-widget elementor-widget-text-editor\" data-id=\"bbd9ff1\" data-element_type=\"widget\" data-e-type=\"widget\" data-widget_type=\"text-editor.default\">\n\t\t\t\t\t\t\t\t\t<p>Desde 2016, Antonio trabaja en una compa\u00f1\u00eda que se encarga de recibir y acondicionar veh\u00edculos nuevos que llegan a una instalaci\u00f3n portuaria desde Asia. &#8220;A algunos hay que instalarles neum\u00e1ticos, a otros los retrovisores y otros elementos que no vienen ensamblados. Estoy a cargo de un equipo de 30 personas. Es un trabajo que me gusta, he aprendido mucho y sobre todo he podido sacar adelante a\u00a0 mis hijos&#8221;, cuenta.<\/p><p>Al reflexionar sobre las dificultades vividas en los primeros a\u00f1os de su estad\u00eda, considera que todo migrante guatemalteco que se marcha a Norte Am\u00e9rica va en busca de las oportunidades de mejora que no encuentra en su pa\u00eds. Los guatemaltecos se caracterizan por ser trabajadores, pero a veces algo falta.\u00a0<\/p><p>&#8220;Uno no puede buscar oportunidades de lo que sea. Se necesita enfocar la atenci\u00f3n en la meta y en el crecimiento. Uno debe encontrar su potencial y cuando tengas un objetivo, no lo dejes ir. Yo quer\u00eda abrirle nuevas oportunidades a mis hijos, ese era mi sue\u00f1o. As\u00ed que si tienes un objetivo: no lo dejes ir. El hijo grande estudi\u00f3 m\u00fasica y trabaja en Amazon para Canad\u00e1. El mediano es dise\u00f1ador de videojuegos y el m\u00e1s peque\u00f1o, a m\u00ed me gusta cocinar y \u00e9l ahora es Chef&#8221;.\u00a0<\/p>\t\t\t\t\t\t\t\t<\/div>\n\t\t\t\t\t<\/div>\n\t\t<\/div>\n\t\t\t\t\t<\/div>\n\t\t<\/section>\n\t\t\t\t<section data-particle_enable=\"false\" data-particle-mobile-disabled=\"false\" class=\"elementor-section elementor-top-section elementor-element elementor-element-9139f73 elementor-section-boxed elementor-section-height-default elementor-section-height-default\" data-id=\"9139f73\" data-element_type=\"section\" data-e-type=\"section\">\n\t\t\t\t\t\t<div class=\"elementor-container elementor-column-gap-default\">\n\t\t\t\t\t<div class=\"elementor-column elementor-col-100 elementor-top-column elementor-element elementor-element-c796d40\" data-id=\"c796d40\" data-element_type=\"column\" data-e-type=\"column\">\n\t\t\t<div class=\"elementor-widget-wrap elementor-element-populated\">\n\t\t\t\t\t\t<div class=\"elementor-element elementor-element-a6c3846 elementor-widget elementor-widget-heading\" data-id=\"a6c3846\" data-element_type=\"widget\" data-e-type=\"widget\" data-widget_type=\"heading.default\">\n\t\t\t\t\t<h2 class=\"elementor-heading-title elementor-size-default\">Aunque su trabajo ya no est\u00e1 en el dise\u00f1o gr\u00e1fico o la fotograf\u00eda, Antonio L\u00f3pez disfruta de captar im\u00e1genes de paisajes canadienses<\/h2>\t\t\t\t<\/div>\n\t\t\t\t\t<\/div>\n\t\t<\/div>\n\t\t\t\t\t<\/div>\n\t\t<\/section>\n\t\t\t\t<section data-particle_enable=\"false\" data-particle-mobile-disabled=\"false\" class=\"elementor-section elementor-top-section elementor-element elementor-element-b16b6ec elementor-section-boxed elementor-section-height-default elementor-section-height-default\" data-id=\"b16b6ec\" data-element_type=\"section\" data-e-type=\"section\">\n\t\t\t\t\t\t<div class=\"elementor-container elementor-column-gap-default\">\n\t\t\t\t\t<div class=\"elementor-column elementor-col-100 elementor-top-column elementor-element elementor-element-e7c1041\" data-id=\"e7c1041\" data-element_type=\"column\" data-e-type=\"column\">\n\t\t\t<div class=\"elementor-widget-wrap elementor-element-populated\">\n\t\t\t\t\t\t<div class=\"elementor-element elementor-element-b1648e9 elementor-arrows-position-inside elementor-pagination-position-outside elementor-widget elementor-widget-image-carousel\" data-id=\"b1648e9\" data-element_type=\"widget\" data-e-type=\"widget\" data-settings=\"{&quot;slides_to_show&quot;:&quot;1&quot;,&quot;effect&quot;:&quot;fade&quot;,&quot;navigation&quot;:&quot;both&quot;,&quot;autoplay&quot;:&quot;yes&quot;,&quot;pause_on_hover&quot;:&quot;yes&quot;,&quot;pause_on_interaction&quot;:&quot;yes&quot;,&quot;autoplay_speed&quot;:5000,&quot;infinite&quot;:&quot;yes&quot;,&quot;speed&quot;:500}\" data-widget_type=\"image-carousel.default\">\n\t\t\t\t\t\t\t<div class=\"elementor-image-carousel-wrapper swiper\" role=\"region\" aria-roledescription=\"carousel\" aria-label=\"Carrusel de im\u00e1genes\" dir=\"ltr\">\n\t\t\t<div class=\"elementor-image-carousel swiper-wrapper\" aria-live=\"off\">\n\t\t\t\t\t\t\t\t<div class=\"swiper-slide\" role=\"group\" aria-roledescription=\"slide\" aria-label=\"1 de 9\"><figure class=\"swiper-slide-inner\"><img decoding=\"async\" class=\"swiper-slide-image\" src=\"https:\/\/soymigrante.com\/revista\/wp-content\/uploads\/2023\/07\/Antonio-Lopez-migrante-guatemalteco-en-Canada-desde-2009-fotos-de-diversas-etapas-de-su-vida-y-tambien-de-su-album-como-fotografo-19-768x1157.webp\" alt=\"Antonio L\u00f3pez migrante guatemalteco en Canad\u00e1 desde 2009 fotos de diversas etapas de su vida y tambien de su album como fot\u00f3grafo (19)\" \/><\/figure><\/div><div class=\"swiper-slide\" role=\"group\" aria-roledescription=\"slide\" aria-label=\"2 de 9\"><figure class=\"swiper-slide-inner\"><img decoding=\"async\" class=\"swiper-slide-image\" src=\"https:\/\/soymigrante.com\/revista\/wp-content\/uploads\/2023\/07\/Antonio-Lopez-migrante-guatemalteco-en-Canada-desde-2009-fotos-de-diversas-etapas-de-su-vida-y-tambien-de-su-album-como-fotografo-15.webp\" alt=\"Antonio L\u00f3pez migrante guatemalteco en Canad\u00e1 desde 2009 fotos de diversas etapas de su vida y tambien de su album como fot\u00f3grafo (15)\" \/><\/figure><\/div><div class=\"swiper-slide\" role=\"group\" aria-roledescription=\"slide\" aria-label=\"3 de 9\"><figure class=\"swiper-slide-inner\"><img decoding=\"async\" class=\"swiper-slide-image\" src=\"https:\/\/soymigrante.com\/revista\/wp-content\/uploads\/2023\/07\/Antonio-Lopez-migrante-guatemalteco-en-Canada-desde-2009-fotos-de-diversas-etapas-de-su-vida-y-tambien-de-su-album-como-fotografo-8-768x1157.webp\" alt=\"Antonio L\u00f3pez migrante guatemalteco en Canad\u00e1 desde 2009 fotos de diversas etapas de su vida y tambien de su album como fot\u00f3grafo (8)\" \/><\/figure><\/div><div class=\"swiper-slide\" role=\"group\" aria-roledescription=\"slide\" aria-label=\"4 de 9\"><figure class=\"swiper-slide-inner\"><img decoding=\"async\" class=\"swiper-slide-image\" src=\"https:\/\/soymigrante.com\/revista\/wp-content\/uploads\/2023\/07\/Antonio-Lopez-migrante-guatemalteco-en-Canada-desde-2009-fotos-de-diversas-etapas-de-su-vida-y-tambien-de-su-album-como-fotografo-18-768x1157.webp\" alt=\"Antonio L\u00f3pez migrante guatemalteco en Canad\u00e1 desde 2009 fotos de diversas etapas de su vida y tambien de su album como fot\u00f3grafo (18)\" \/><\/figure><\/div><div class=\"swiper-slide\" role=\"group\" aria-roledescription=\"slide\" aria-label=\"5 de 9\"><figure class=\"swiper-slide-inner\"><img decoding=\"async\" class=\"swiper-slide-image\" src=\"https:\/\/soymigrante.com\/revista\/wp-content\/uploads\/2023\/07\/Antonio-Lopez-migrante-guatemalteco-en-Canada-desde-2009-fotos-de-diversas-etapas-de-su-vida-y-tambien-de-su-album-como-fotografo-17-768x1157.webp\" alt=\"Antonio L\u00f3pez migrante guatemalteco en Canad\u00e1 desde 2009 fotos de diversas etapas de su vida y tambien de su album como fot\u00f3grafo (17)\" \/><\/figure><\/div><div class=\"swiper-slide\" role=\"group\" aria-roledescription=\"slide\" aria-label=\"6 de 9\"><figure class=\"swiper-slide-inner\"><img decoding=\"async\" class=\"swiper-slide-image\" src=\"https:\/\/soymigrante.com\/revista\/wp-content\/uploads\/2023\/07\/Antonio-Lopez-migrante-guatemalteco-en-Canada-desde-2009-fotos-de-diversas-etapas-de-su-vida-y-tambien-de-su-album-como-fotografo-10-768x1157.webp\" alt=\"Antonio L\u00f3pez migrante guatemalteco en Canad\u00e1 desde 2009 fotos de diversas etapas de su vida y tambien de su album como fot\u00f3grafo (10)\" \/><\/figure><\/div><div class=\"swiper-slide\" role=\"group\" aria-roledescription=\"slide\" aria-label=\"7 de 9\"><figure class=\"swiper-slide-inner\"><img decoding=\"async\" class=\"swiper-slide-image\" src=\"https:\/\/soymigrante.com\/revista\/wp-content\/uploads\/2023\/07\/Antonio-Lopez-migrante-guatemalteco-en-Canada-desde-2009-fotos-de-diversas-etapas-de-su-vida-y-tambien-de-su-album-como-fotografo-9-768x1157.webp\" alt=\"Antonio L\u00f3pez migrante guatemalteco en Canad\u00e1 desde 2009 fotos de diversas etapas de su vida y tambien de su album como fot\u00f3grafo (9)\" \/><\/figure><\/div><div class=\"swiper-slide\" role=\"group\" aria-roledescription=\"slide\" aria-label=\"8 de 9\"><figure class=\"swiper-slide-inner\"><img decoding=\"async\" class=\"swiper-slide-image\" src=\"https:\/\/soymigrante.com\/revista\/wp-content\/uploads\/2023\/07\/Antonio-Lopez-migrante-guatemalteco-en-Canada-desde-2009-fotos-de-diversas-etapas-de-su-vida-y-tambien-de-su-album-como-fotografo-7-768x1157.webp\" alt=\"Antonio L\u00f3pez migrante guatemalteco en Canad\u00e1 desde 2009 fotos de diversas etapas de su vida y tambien de su album como fot\u00f3grafo (7)\" \/><\/figure><\/div><div class=\"swiper-slide\" role=\"group\" aria-roledescription=\"slide\" aria-label=\"9 de 9\"><figure class=\"swiper-slide-inner\"><img decoding=\"async\" class=\"swiper-slide-image\" src=\"https:\/\/soymigrante.com\/revista\/wp-content\/uploads\/2023\/07\/Antonio-Lopez-migrante-guatemalteco-en-Canada-desde-2009-fotos-de-diversas-etapas-de-su-vida-y-tambien-de-su-album-como-fotografo-16-768x1149.webp\" alt=\"Antonio L\u00f3pez migrante guatemalteco en Canad\u00e1 desde 2009 fotos de diversas etapas de su vida y tambien de su album como fot\u00f3grafo (16)\" \/><\/figure><\/div>\t\t\t<\/div>\n\t\t\t\t\t\t\t\t\t\t\t\t<div class=\"elementor-swiper-button elementor-swiper-button-prev\" role=\"button\" tabindex=\"0\">\n\t\t\t\t\t\t<i aria-hidden=\"true\" class=\"eicon-chevron-left\"><\/i>\t\t\t\t\t<\/div>\n\t\t\t\t\t<div class=\"elementor-swiper-button elementor-swiper-button-next\" role=\"button\" tabindex=\"0\">\n\t\t\t\t\t\t<i aria-hidden=\"true\" class=\"eicon-chevron-right\"><\/i>\t\t\t\t\t<\/div>\n\t\t\t\t\n\t\t\t\t\t\t\t\t\t<div class=\"swiper-pagination\"><\/div>\n\t\t\t\t\t\t\t\t\t<\/div>\n\t\t\t\t\t\t<\/div>\n\t\t\t\t\t<\/div>\n\t\t<\/div>\n\t\t\t\t\t<\/div>\n\t\t<\/section>\n\t\t\t\t<section data-particle_enable=\"false\" data-particle-mobile-disabled=\"false\" class=\"elementor-section elementor-top-section elementor-element elementor-element-190ba4e elementor-section-boxed elementor-section-height-default elementor-section-height-default\" data-id=\"190ba4e\" data-element_type=\"section\" data-e-type=\"section\">\n\t\t\t\t\t\t<div class=\"elementor-container elementor-column-gap-default\">\n\t\t\t\t\t<div class=\"elementor-column elementor-col-100 elementor-top-column elementor-element elementor-element-8236b54\" data-id=\"8236b54\" data-element_type=\"column\" data-e-type=\"column\">\n\t\t\t<div class=\"elementor-widget-wrap elementor-element-populated\">\n\t\t\t\t\t\t<div class=\"elementor-element elementor-element-a3653af elementor-widget elementor-widget-heading\" data-id=\"a3653af\" data-element_type=\"widget\" data-e-type=\"widget\" data-widget_type=\"heading.default\">\n\t\t\t\t\t<h2 class=\"elementor-heading-title elementor-size-default\">Confianza para el futuro<\/h2>\t\t\t\t<\/div>\n\t\t\t\t\t<\/div>\n\t\t<\/div>\n\t\t\t\t\t<\/div>\n\t\t<\/section>\n\t\t\t\t<section data-particle_enable=\"false\" data-particle-mobile-disabled=\"false\" class=\"elementor-section elementor-top-section elementor-element elementor-element-3b5df46 elementor-section-boxed elementor-section-height-default elementor-section-height-default\" data-id=\"3b5df46\" data-element_type=\"section\" data-e-type=\"section\">\n\t\t\t\t\t\t<div class=\"elementor-container elementor-column-gap-default\">\n\t\t\t\t\t<div class=\"elementor-column elementor-col-100 elementor-top-column elementor-element elementor-element-b73843e\" data-id=\"b73843e\" data-element_type=\"column\" data-e-type=\"column\">\n\t\t\t<div class=\"elementor-widget-wrap elementor-element-populated\">\n\t\t\t\t\t\t<div class=\"elementor-element elementor-element-fc07568 elementor-widget elementor-widget-text-editor\" data-id=\"fc07568\" data-element_type=\"widget\" data-e-type=\"widget\" data-widget_type=\"text-editor.default\">\n\t\t\t\t\t\t\t\t\t<p>Finalmente, Antonio considera que uno de los elementos m\u00e1s valiosos de la cultura canadiense es la confianza. &#8220;Si a uno le avisan que un pedido llegar\u00e1 a las 3 de la ma\u00f1ana, hay que estar all\u00ed para recibirlo.\u00a0<\/p><p>Si no, te lo dejan, con la factura encima, porque saben que al d\u00eda siguiente enviar\u00e1s un cheque.\u00a0 Cuando por fin consegu\u00ed un apartamento, acordamos t\u00e9rminos con el due\u00f1o y nos dimos la mano. Le pregunt\u00e9: \u00bfOiga, vamos a firmar un contrato? y \u00e9l me respondi\u00f3: pero si ya lo firmamos con ese apret\u00f3n de manos&#8221;<\/p><p>Ese concepto de tener palabra, de formalidad, de confianza es muy valioso para el futuro.<\/p>\t\t\t\t\t\t\t\t<\/div>\n\t\t\t\t\t<\/div>\n\t\t<\/div>\n\t\t\t\t\t<\/div>\n\t\t<\/section>\n\t\t\t\t<section data-particle_enable=\"false\" data-particle-mobile-disabled=\"false\" class=\"elementor-section elementor-top-section elementor-element elementor-element-2491326 elementor-section-boxed elementor-section-height-default elementor-section-height-default\" data-id=\"2491326\" data-element_type=\"section\" data-e-type=\"section\">\n\t\t\t\t\t\t<div class=\"elementor-container elementor-column-gap-default\">\n\t\t\t\t\t<div class=\"elementor-column elementor-col-100 elementor-top-column elementor-element elementor-element-8c1c8f0\" data-id=\"8c1c8f0\" data-element_type=\"column\" data-e-type=\"column\">\n\t\t\t<div class=\"elementor-widget-wrap elementor-element-populated\">\n\t\t\t\t\t\t<div class=\"elementor-element elementor-element-08ce9fd elementor-widget elementor-widget-image\" data-id=\"08ce9fd\" data-element_type=\"widget\" data-e-type=\"widget\" data-widget_type=\"image.default\">\n\t\t\t\t\t\t\t\t\t\t\t\t<figure class=\"wp-caption\">\n\t\t\t\t\t\t\t\t\t\t<img loading=\"lazy\" decoding=\"async\" width=\"1024\" height=\"651\" src=\"https:\/\/soymigrante.com\/revista\/wp-content\/uploads\/2023\/07\/7a09f971-8ba3-43bd-bedf-3a7420d16570-e1690481452653-1024x651.webp\" class=\"attachment-large size-large wp-image-1986\" alt=\"Antonio L\u00f3pez trabaja en una empresa que presta servicios de ensamblaje de ciertas piezas que no vienen integradas a los veh\u00edculos nuevos durante el embarque, como retrovisores, neum\u00e1ticos y otros accesorios.\" srcset=\"https:\/\/soymigrante.com\/revista\/wp-content\/uploads\/2023\/07\/7a09f971-8ba3-43bd-bedf-3a7420d16570-e1690481452653-1024x651.webp 1024w, https:\/\/soymigrante.com\/revista\/wp-content\/uploads\/2023\/07\/7a09f971-8ba3-43bd-bedf-3a7420d16570-e1690481452653-300x191.webp 300w, https:\/\/soymigrante.com\/revista\/wp-content\/uploads\/2023\/07\/7a09f971-8ba3-43bd-bedf-3a7420d16570-e1690481452653-768x488.webp 768w, https:\/\/soymigrante.com\/revista\/wp-content\/uploads\/2023\/07\/7a09f971-8ba3-43bd-bedf-3a7420d16570-e1690481452653-750x477.webp 750w, https:\/\/soymigrante.com\/revista\/wp-content\/uploads\/2023\/07\/7a09f971-8ba3-43bd-bedf-3a7420d16570-e1690481452653-1140x725.webp 1140w, https:\/\/soymigrante.com\/revista\/wp-content\/uploads\/2023\/07\/7a09f971-8ba3-43bd-bedf-3a7420d16570-e1690481452653.webp 1368w\" sizes=\"(max-width: 1024px) 100vw, 1024px\" title=\"Antonio L\u00f3pez trabaja en una empresa que presta servicios de ensamblaje de ciertas piezas que no vienen integradas a los veh\u00edculos nuevos durante el embarque, como retrovisores, neum\u00e1ticos y otros accesorios. \u2013 SoyMigrante.com REVISTA\" \/>\t\t\t\t\t\t\t\t\t\t\t<figcaption class=\"widget-image-caption wp-caption-text\">Antonio L\u00f3pez trabaja en una empresa que presta servicios de ensamblaje de ciertas piezas que no vienen integradas a los veh\u00edculos nuevos durante el embarque, como retrovisores, neum\u00e1ticos y otros accesorios.<\/figcaption>\n\t\t\t\t\t\t\t\t\t\t<\/figure>\n\t\t\t\t\t\t\t\t\t<\/div>\n\t\t\t\t\t<\/div>\n\t\t<\/div>\n\t\t\t\t\t<\/div>\n\t\t<\/section>\n\t\t\t\t<\/div>\n\t\t","protected":false},"excerpt":{"rendered":"<p>Mientras hac\u00eda fila en un banco de alimentos en Vancouver, Canad\u00e1, sin empleo y sin dinero suficiente el migrante guatemalteco Antonio L\u00f3pez pensaba en las felicitaciones por haber conseguido un permiso legal para emigrar a dicho pa\u00eds. Antonio L\u00f6pez ten\u00eda una exitosa carrera como dise\u00f1ador gr\u00e1fico en Guatemala cuando decidi\u00f3 migrar a Canad\u00e1. Vendi\u00f3 todo [&hellip;]<\/p>\n","protected":false},"author":7,"featured_media":1983,"comment_status":"open","ping_status":"open","sticky":false,"template":"","format":"standard","meta":{"_acf_changed":false,"_eb_attr":"","footnotes":""},"categories":[50],"tags":[304],"class_list":["post-1964","post","type-post","status-publish","format-standard","has-post-thumbnail","hentry","category-exitos","tag-canada"],"acf":[],"aioseo_notices":[],"aioseo_head":"\n\t\t<!-- All in One SEO Pro 4.9.6.2 - aioseo.com -->\n\t<meta name=\"description\" content=\"Antonio L\u00f3pez, migrante guatemalteco, narra su traves\u00eda desde ser dise\u00f1ador gr\u00e1fico en Guatemala hasta enfrentar retos y logros en Canad\u00e1\" \/>\n\t<meta name=\"robots\" content=\"max-snippet:-1, max-image-preview:large, max-video-preview:-1\" \/>\n\t<meta name=\"author\" content=\"Gustavo Montenegro\"\/>\n\t<link rel=\"canonical\" href=\"https:\/\/soymigrante.com\/revista\/antonio-lopez-migrante-guatemalteco-canada\/\" \/>\n\t<meta name=\"generator\" content=\"All in One SEO Pro (AIOSEO) 4.9.6.2\" \/>\n\n\t\t<link rel=\"preconnect\" href=\"https:\/\/fonts.googleapis.com\" crossorigin>\n<link rel=\"preconnect\" href=\"https:\/\/fonts.gstatic.com\" crossorigin>\n\t\t<meta property=\"og:locale\" content=\"es_ES\" \/>\n\t\t<meta property=\"og:site_name\" content=\"SoyMigrante.com REVISTA \u2013 Nuestra misi\u00f3n es reconocer y dignificar al migrante.\" \/>\n\t\t<meta property=\"og:type\" content=\"article\" \/>\n\t\t<meta property=\"og:title\" content=\"Antonio L\u00f3pez: Del dise\u00f1o gr\u00e1fico en Guatemala a Canad\u00e1\" \/>\n\t\t<meta property=\"og:description\" content=\"Antonio L\u00f3pez, migrante guatemalteco, narra su traves\u00eda desde ser dise\u00f1ador gr\u00e1fico en Guatemala hasta enfrentar retos y logros en Canad\u00e1\" \/>\n\t\t<meta property=\"og:url\" content=\"https:\/\/soymigrante.com\/revista\/antonio-lopez-migrante-guatemalteco-canada\/\" \/>\n\t\t<meta property=\"og:image\" content=\"https:\/\/soymigrante.com\/revista\/wp-content\/uploads\/2023\/07\/Antonio-Lopez-migrante-guatemalteco-en-Canada-desde-2009-fotos-de-diversas-etapas-de-su-vida-y-tambien-de-su-album-como-fotografo-21.webp\" \/>\n\t\t<meta property=\"og:image:secure_url\" content=\"https:\/\/soymigrante.com\/revista\/wp-content\/uploads\/2023\/07\/Antonio-Lopez-migrante-guatemalteco-en-Canada-desde-2009-fotos-de-diversas-etapas-de-su-vida-y-tambien-de-su-album-como-fotografo-21.webp\" \/>\n\t\t<meta property=\"og:image:width\" content=\"843\" \/>\n\t\t<meta property=\"og:image:height\" content=\"773\" \/>\n\t\t<meta property=\"article:published_time\" content=\"2023-07-27T18:09:23+00:00\" \/>\n\t\t<meta property=\"article:modified_time\" content=\"2026-03-11T22:50:47+00:00\" \/>\n\t\t<meta property=\"article:publisher\" content=\"https:\/\/www.facebook.com\/soymigrantecom\" \/>\n\t\t<meta name=\"twitter:card\" content=\"summary_large_image\" \/>\n\t\t<meta name=\"twitter:site\" content=\"@SoyMigrante_com\" \/>\n\t\t<meta name=\"twitter:title\" content=\"Antonio L\u00f3pez: Del dise\u00f1o gr\u00e1fico en Guatemala a Canad\u00e1\" \/>\n\t\t<meta name=\"twitter:description\" content=\"Antonio L\u00f3pez, migrante guatemalteco, narra su traves\u00eda desde ser dise\u00f1ador gr\u00e1fico en Guatemala hasta enfrentar retos y logros en Canad\u00e1\" \/>\n\t\t<meta name=\"twitter:creator\" content=\"@SoyMigrante_com\" \/>\n\t\t<meta name=\"twitter:image\" content=\"https:\/\/soymigrante.com\/revista\/wp-content\/uploads\/2023\/07\/Antonio-Lopez-migrante-guatemalteco-en-Canada-desde-2009-fotos-de-diversas-etapas-de-su-vida-y-tambien-de-su-album-como-fotografo-21.webp\" \/>\n\t\t<!-- All in One SEO Pro -->\r\n\t\t<title>Antonio L\u00f3pez: Del dise\u00f1o gr\u00e1fico en Guatemala a Canad\u00e1<\/title>\n\n","aioseo_head_json":{"title":"Antonio L\u00f3pez: Del dise\u00f1o gr\u00e1fico en Guatemala a Canad\u00e1","description":"Antonio L\u00f3pez, migrante guatemalteco, narra su traves\u00eda desde ser dise\u00f1ador gr\u00e1fico en Guatemala hasta enfrentar retos y logros en Canad\u00e1","canonical_url":"https:\/\/soymigrante.com\/revista\/antonio-lopez-migrante-guatemalteco-canada\/","robots":"max-snippet:-1, max-image-preview:large, max-video-preview:-1","keywords":"","webmasterTools":{"miscellaneous":"&lt;link rel=\"preconnect\" href=\"https:\/\/fonts.googleapis.com\" crossorigin&gt;\n&lt;link rel=\"preconnect\" href=\"https:\/\/fonts.gstatic.com\" crossorigin&gt;"},"schema":null,"og:locale":"es_ES","og:site_name":"SoyMigrante.com REVISTA \u2013 Nuestra misi\u00f3n es reconocer y dignificar al migrante.","og:type":"article","og:title":"Antonio L\u00f3pez: Del dise\u00f1o gr\u00e1fico en Guatemala a Canad\u00e1","og:description":"Antonio L\u00f3pez, migrante guatemalteco, narra su traves\u00eda desde ser dise\u00f1ador gr\u00e1fico en Guatemala hasta enfrentar retos y logros en Canad\u00e1","og:url":"https:\/\/soymigrante.com\/revista\/antonio-lopez-migrante-guatemalteco-canada\/","og:image":"https:\/\/soymigrante.com\/revista\/wp-content\/uploads\/2023\/07\/Antonio-Lopez-migrante-guatemalteco-en-Canada-desde-2009-fotos-de-diversas-etapas-de-su-vida-y-tambien-de-su-album-como-fotografo-21.webp","og:image:secure_url":"https:\/\/soymigrante.com\/revista\/wp-content\/uploads\/2023\/07\/Antonio-Lopez-migrante-guatemalteco-en-Canada-desde-2009-fotos-de-diversas-etapas-de-su-vida-y-tambien-de-su-album-como-fotografo-21.webp","og:image:width":843,"og:image:height":773,"article:published_time":"2023-07-27T18:09:23+00:00","article:modified_time":"2026-03-11T22:50:47+00:00","article:publisher":"https:\/\/www.facebook.com\/soymigrantecom","twitter:card":"summary_large_image","twitter:site":"@SoyMigrante_com","twitter:title":"Antonio L\u00f3pez: Del dise\u00f1o gr\u00e1fico en Guatemala a Canad\u00e1","twitter:description":"Antonio L\u00f3pez, migrante guatemalteco, narra su traves\u00eda desde ser dise\u00f1ador gr\u00e1fico en Guatemala hasta enfrentar retos y logros en Canad\u00e1","twitter:creator":"@SoyMigrante_com","twitter:image":"https:\/\/soymigrante.com\/revista\/wp-content\/uploads\/2023\/07\/Antonio-Lopez-migrante-guatemalteco-en-Canada-desde-2009-fotos-de-diversas-etapas-de-su-vida-y-tambien-de-su-album-como-fotografo-21.webp"},"aioseo_meta_data":{"post_id":"1964","title":"#post_title","description":"Antonio L\u00f3pez, migrante guatemalteco, narra su traves\u00eda desde ser dise\u00f1ador gr\u00e1fico en Guatemala hasta enfrentar retos y logros en Canad\u00e1","keywords":[],"keyphrases":{"focus":{"keyphrase":"Antonio L\u00f3pez","score":82,"analysis":{"keyphraseInTitle":{"score":9,"maxScore":9,"error":0},"keyphraseInDescription":{"score":9,"maxScore":9,"error":0},"keyphraseLength":{"score":9,"maxScore":9,"error":0,"length":3},"keyphraseInURL":{"score":5,"maxScore":5,"error":0},"keyphraseInIntroduction":{"score":3,"maxScore":9,"error":1},"keyphraseInSubHeadings":{"score":3,"maxScore":9,"error":1},"keyphraseInImageAlt":{"score":9,"maxScore":9,"error":0},"keywordDensity":{"type":"best","score":9,"maxScore":9,"error":0}}},"additional":[]},"primary_term":null,"canonical_url":null,"og_title":null,"og_description":null,"og_object_type":"default","og_image_type":"default","og_image_url":null,"og_image_width":null,"og_image_height":null,"og_image_custom_url":null,"og_image_custom_fields":null,"og_video":"","og_custom_url":null,"og_article_section":null,"og_article_tags":[],"twitter_use_og":false,"twitter_card":"default","twitter_image_type":"default","twitter_image_url":null,"twitter_image_custom_url":null,"twitter_image_custom_fields":null,"twitter_title":null,"twitter_description":null,"schema":{"blockGraphs":[],"customGraphs":[],"default":{"data":{"Article":[],"Course":[],"Dataset":[],"FAQPage":[],"Movie":[],"Person":[],"Product":[],"ProductReview":[],"Car":[],"Recipe":[],"Service":[],"SoftwareApplication":[],"WebPage":[]},"graphName":"BlogPosting","isEnabled":true},"graphs":[]},"schema_type":"default","schema_type_options":null,"pillar_content":false,"robots_default":true,"robots_noindex":false,"robots_noarchive":false,"robots_nosnippet":false,"robots_nofollow":false,"robots_noimageindex":false,"robots_noodp":false,"robots_notranslate":false,"robots_max_snippet":"-1","robots_max_videopreview":"-1","robots_max_imagepreview":"large","priority":null,"frequency":"default","local_seo":null,"seo_analyzer_scan_date":"2026-04-22 16:19:58","breadcrumb_settings":null,"limit_modified_date":false,"reviewed_by":null,"open_ai":null,"ai":null,"created":"2023-08-18 14:34:44","updated":"2026-04-22 16:19:58"},"aioseo_breadcrumb":"<div class=\"aioseo-breadcrumbs\"><span class=\"aioseo-breadcrumb\">\n\t<a href=\"https:\/\/soymigrante.com\/revista\" title=\"Home\">Home<\/a>\n<\/span><span class=\"aioseo-breadcrumb-separator\">\u00bb<\/span><span class=\"aioseo-breadcrumb\">\n\t<a href=\"https:\/\/soymigrante.com\/revista\/category\/exitos\/\" title=\"\u00c9xitos\">\u00c9xitos<\/a>\n<\/span><span class=\"aioseo-breadcrumb-separator\">\u00bb<\/span><span class=\"aioseo-breadcrumb\">\n\tAntonio L\u00f3pez: Del dise\u00f1o gr\u00e1fico en Guatemala a Canad\u00e1\n<\/span><\/div>","aioseo_breadcrumb_json":[{"label":"Home","link":"https:\/\/soymigrante.com\/revista"},{"label":"\u00c9xitos","link":"https:\/\/soymigrante.com\/revista\/category\/exitos\/"},{"label":"Antonio L\u00f3pez: Del dise\u00f1o gr\u00e1fico en Guatemala a Canad\u00e1","link":"https:\/\/soymigrante.com\/revista\/antonio-lopez-migrante-guatemalteco-canada\/"}],"_links":{"self":[{"href":"https:\/\/soymigrante.com\/revista\/wp-json\/wp\/v2\/posts\/1964","targetHints":{"allow":["GET"]}}],"collection":[{"href":"https:\/\/soymigrante.com\/revista\/wp-json\/wp\/v2\/posts"}],"about":[{"href":"https:\/\/soymigrante.com\/revista\/wp-json\/wp\/v2\/types\/post"}],"author":[{"embeddable":true,"href":"https:\/\/soymigrante.com\/revista\/wp-json\/wp\/v2\/users\/7"}],"replies":[{"embeddable":true,"href":"https:\/\/soymigrante.com\/revista\/wp-json\/wp\/v2\/comments?post=1964"}],"version-history":[{"count":1,"href":"https:\/\/soymigrante.com\/revista\/wp-json\/wp\/v2\/posts\/1964\/revisions"}],"predecessor-version":[{"id":53591,"href":"https:\/\/soymigrante.com\/revista\/wp-json\/wp\/v2\/posts\/1964\/revisions\/53591"}],"wp:featuredmedia":[{"embeddable":true,"href":"https:\/\/soymigrante.com\/revista\/wp-json\/wp\/v2\/media\/1983"}],"wp:attachment":[{"href":"https:\/\/soymigrante.com\/revista\/wp-json\/wp\/v2\/media?parent=1964"}],"wp:term":[{"taxonomy":"category","embeddable":true,"href":"https:\/\/soymigrante.com\/revista\/wp-json\/wp\/v2\/categories?post=1964"},{"taxonomy":"post_tag","embeddable":true,"href":"https:\/\/soymigrante.com\/revista\/wp-json\/wp\/v2\/tags?post=1964"}],"curies":[{"name":"wp","href":"https:\/\/api.w.org\/{rel}","templated":true}]}}