{"id":19621,"date":"2026-01-06T15:50:52","date_gmt":"2026-01-06T21:50:52","guid":{"rendered":"https:\/\/soymigrante.com\/revista\/?p=19621"},"modified":"2026-01-06T15:51:21","modified_gmt":"2026-01-06T21:51:21","slug":"ferias-titulares-municipios-guatemala-enero","status":"publish","type":"post","link":"https:\/\/soymigrante.com\/revista\/ferias-titulares-municipios-guatemala-enero\/","title":{"rendered":"\u00bfQu\u00e9 ferias titulares se celebran en Guatemala en enero?"},"content":{"rendered":"\t\t<div data-elementor-type=\"wp-post\" data-elementor-id=\"19621\" class=\"elementor elementor-19621\" data-elementor-post-type=\"post\">\n\t\t\t\t<div data-particle_enable=\"false\" data-particle-mobile-disabled=\"false\" class=\"elementor-element elementor-element-1723122 e-flex e-con-boxed e-con e-parent\" data-id=\"1723122\" data-element_type=\"container\" data-e-type=\"container\">\n\t\t\t\t\t<div class=\"e-con-inner\">\n\t\t\t\t<div class=\"elementor-element elementor-element-67423df elementor-widget elementor-widget-heading\" data-id=\"67423df\" data-element_type=\"widget\" data-e-type=\"widget\" data-widget_type=\"heading.default\">\n\t\t\t\t\t<h2 class=\"elementor-heading-title elementor-size-default\">Muchos pueblos de Guatemala se llenan de algarab\u00eda con celebraciones patronales en honor a santos y tradiciones religiosas en enero. Municipios como Esquipulas, Chichicastenango y San Sebasti\u00e1n se convierten en epicentros de fe y cultura,<\/h2>\t\t\t\t<\/div>\n\t\t\t\t\t<\/div>\n\t\t\t\t<\/div>\n\t\t<div data-particle_enable=\"false\" data-particle-mobile-disabled=\"false\" class=\"elementor-element elementor-element-563014d e-flex e-con-boxed e-con e-parent\" data-id=\"563014d\" data-element_type=\"container\" data-e-type=\"container\">\n\t\t\t\t\t<div class=\"e-con-inner\">\n\t\t\t\t<div class=\"elementor-element elementor-element-a63c9b1 elementor-widget elementor-widget-text-editor\" data-id=\"a63c9b1\" data-element_type=\"widget\" data-e-type=\"widget\" data-widget_type=\"text-editor.default\">\n\t\t\t\t\t\t\t\t\t<p>La devoci\u00f3n y el colorido se entrelazan en las ferias patronales de enero en Guatemala. Desde las celebraciones en honor\u00a0<a href=\"https:\/\/soymigrante.com\/revista\/cristo-esquipulas-veneracion-migrantes-basilica-estados-unidos-guatemala\/\" target=\"_blank\" rel=\"noopener\">al Cristo Negro de Esquipulas\u00a0<\/a>como patrono, hasta las vibrantes fiestas en San Sebasti\u00e1n y Chichicastenango. Pueblos de Guatemala se llenan de tradiciones, alegr\u00eda y\u00a0<a style=\"text-align: var(--text-align);\" href=\"https:\/\/soymigrante.com\/revista\/se-pueden-trazar-metas-espirituales-como-lograr-una-mejora-interna\/\" target=\"_blank\" rel=\"noopener\">espiritualidad.<\/a><\/p><p>Enero es un mes lleno de celebraciones y ferias patronales en diferentes municipios. Estas fiestas suelen estar vinculadas al santoral cat\u00f3lico. Las actividades se organizan en los d\u00edas previos a la festividad de cada Santo, advocaci\u00f3n de la Virgen Mar\u00eda o\u00a0alguna imagen de especial veneraci\u00f3n tradicional.<\/p><p>\u00a0<\/p>\t\t\t\t\t\t\t\t<\/div>\n\t\t\t\t\t<\/div>\n\t\t\t\t<\/div>\n\t\t<div data-particle_enable=\"false\" data-particle-mobile-disabled=\"false\" class=\"elementor-element elementor-element-20f3331 e-flex e-con-boxed e-con e-parent\" data-id=\"20f3331\" data-element_type=\"container\" data-e-type=\"container\">\n\t\t\t\t\t<div class=\"e-con-inner\">\n\t\t\t\t<div class=\"elementor-element elementor-element-6ce3433 elementor-widget elementor-widget-video\" data-id=\"6ce3433\" data-element_type=\"widget\" data-e-type=\"widget\" data-settings=\"{&quot;youtube_url&quot;:&quot;https:\\\/\\\/www.youtube.com\\\/watch?v=tDZ9HMMQFLg&quot;,&quot;video_type&quot;:&quot;youtube&quot;,&quot;controls&quot;:&quot;yes&quot;}\" data-widget_type=\"video.default\">\n\t\t\t\t\t\t\t<div class=\"elementor-wrapper elementor-open-inline\">\n\t\t\t<div class=\"elementor-video\"><\/div>\t\t<\/div>\n\t\t\t\t\t\t<\/div>\n\t\t\t\t\t<\/div>\n\t\t\t\t<\/div>\n\t\t<div data-particle_enable=\"false\" data-particle-mobile-disabled=\"false\" class=\"elementor-element elementor-element-42f6a80 e-flex e-con-boxed e-con e-parent\" data-id=\"42f6a80\" data-element_type=\"container\" data-e-type=\"container\">\n\t\t\t\t\t<div class=\"e-con-inner\">\n\t\t\t\t<div class=\"elementor-element elementor-element-b6023c2 elementor-widget elementor-widget-text-editor\" data-id=\"b6023c2\" data-element_type=\"widget\" data-e-type=\"widget\" data-widget_type=\"text-editor.default\">\n\t\t\t\t\t\t\t\t\t<p>A continuaci\u00f3n, se enumeran algunas de las principales fiestas y ferias que tienen lugar en enero:\u00a0 Ca<\/p>\t\t\t\t\t\t\t\t<\/div>\n\t\t\t\t\t<\/div>\n\t\t\t\t<\/div>\n\t\t<div data-particle_enable=\"false\" data-particle-mobile-disabled=\"false\" class=\"elementor-element elementor-element-4b33c42 e-flex e-con-boxed e-con e-parent\" data-id=\"4b33c42\" data-element_type=\"container\" data-e-type=\"container\">\n\t\t\t\t\t<div class=\"e-con-inner\">\n\t\t\t\t<div class=\"elementor-element elementor-element-fc1d313 elementor-widget elementor-widget-heading\" data-id=\"fc1d313\" data-element_type=\"widget\" data-e-type=\"widget\" data-widget_type=\"heading.default\">\n\t\t\t\t\t<h3 class=\"elementor-heading-title elementor-size-default\">\u00bfQu\u00e9 municipios de Guatemala festejan su feria titular en enero?<\/h3>\t\t\t\t<\/div>\n\t\t\t\t\t<\/div>\n\t\t\t\t<\/div>\n\t\t<div data-particle_enable=\"false\" data-particle-mobile-disabled=\"false\" class=\"elementor-element elementor-element-244cfc7 e-flex e-con-boxed e-con e-parent\" data-id=\"244cfc7\" data-element_type=\"container\" data-e-type=\"container\">\n\t\t\t\t\t<div class=\"e-con-inner\">\n\t\t\t\t<div class=\"elementor-element elementor-element-9f15ceb elementor-tabs-view-vertical elementor-widget elementor-widget-tabs\" data-id=\"9f15ceb\" data-element_type=\"widget\" data-e-type=\"widget\" data-widget_type=\"tabs.default\">\n\t\t\t\t\t\t\t<div class=\"elementor-tabs\">\n\t\t\t<div class=\"elementor-tabs-wrapper\" role=\"tablist\" >\n\t\t\t\t\t\t\t\t\t<div id=\"elementor-tab-title-1661\" class=\"elementor-tab-title elementor-tab-desktop-title\" aria-selected=\"true\" data-tab=\"1\" role=\"tab\" tabindex=\"0\" aria-controls=\"elementor-tab-content-1661\" aria-expanded=\"false\">15 de enero<\/div>\n\t\t\t\t\t\t\t\t\t<div id=\"elementor-tab-title-1662\" class=\"elementor-tab-title elementor-tab-desktop-title\" aria-selected=\"false\" data-tab=\"2\" role=\"tab\" tabindex=\"-1\" aria-controls=\"elementor-tab-content-1662\" aria-expanded=\"false\">17 de enero<\/div>\n\t\t\t\t\t\t\t\t\t<div id=\"elementor-tab-title-1663\" class=\"elementor-tab-title elementor-tab-desktop-title\" aria-selected=\"false\" data-tab=\"3\" role=\"tab\" tabindex=\"-1\" aria-controls=\"elementor-tab-content-1663\" aria-expanded=\"false\">20 de enero<\/div>\n\t\t\t\t\t\t\t\t\t<div id=\"elementor-tab-title-1664\" class=\"elementor-tab-title elementor-tab-desktop-title\" aria-selected=\"false\" data-tab=\"4\" role=\"tab\" tabindex=\"-1\" aria-controls=\"elementor-tab-content-1664\" aria-expanded=\"false\">21 de enero<\/div>\n\t\t\t\t\t\t\t\t\t<div id=\"elementor-tab-title-1665\" class=\"elementor-tab-title elementor-tab-desktop-title\" aria-selected=\"false\" data-tab=\"5\" role=\"tab\" tabindex=\"-1\" aria-controls=\"elementor-tab-content-1665\" aria-expanded=\"false\">22 de enero:<\/div>\n\t\t\t\t\t\t\t\t\t<div id=\"elementor-tab-title-1666\" class=\"elementor-tab-title elementor-tab-desktop-title\" aria-selected=\"false\" data-tab=\"6\" role=\"tab\" tabindex=\"-1\" aria-controls=\"elementor-tab-content-1666\" aria-expanded=\"false\">23 de enero<\/div>\n\t\t\t\t\t\t\t\t\t<div id=\"elementor-tab-title-1667\" class=\"elementor-tab-title elementor-tab-desktop-title\" aria-selected=\"false\" data-tab=\"7\" role=\"tab\" tabindex=\"-1\" aria-controls=\"elementor-tab-content-1667\" aria-expanded=\"false\">25 de enero:<\/div>\n\t\t\t\t\t\t\t\t\t<div id=\"elementor-tab-title-1668\" class=\"elementor-tab-title elementor-tab-desktop-title\" aria-selected=\"false\" data-tab=\"8\" role=\"tab\" tabindex=\"-1\" aria-controls=\"elementor-tab-content-1668\" aria-expanded=\"false\">31 de enero<\/div>\n\t\t\t\t\t\t\t<\/div>\n\t\t\t<div class=\"elementor-tabs-content-wrapper\" role=\"tablist\" aria-orientation=\"vertical\">\n\t\t\t\t\t\t\t\t\t<div class=\"elementor-tab-title elementor-tab-mobile-title\" aria-selected=\"true\" data-tab=\"1\" role=\"tab\" tabindex=\"0\" aria-controls=\"elementor-tab-content-1661\" aria-expanded=\"false\">15 de enero<\/div>\n\t\t\t\t\t<div id=\"elementor-tab-content-1661\" class=\"elementor-tab-content elementor-clearfix\" data-tab=\"1\" role=\"tabpanel\" aria-labelledby=\"elementor-tab-title-1661\" tabindex=\"0\" hidden=\"false\"><ul><li><b>Esquipulas, Chiquimula<\/b>:\u00a0<a href=\"https:\/\/www.youtube.com\/watch?v=lt9T2-gDLhk\" target=\"_blank\" rel=\"noopener\">Celebraci\u00f3n en honor al Cristo Negro<\/a>\u00a0de Esquipulas. Es una de las festividades religiosas m\u00e1s grandes de Guatemala, atrayendo peregrinos de toda Centroam\u00e9rica.<\/li><li><b>Esquipulas Palo Gordo,<\/b> San Marcos. Su nombre lo explica todo.<\/li><li><span style=\"color: var( --e-global-color-text );\"><b>El Cerinal, Casillas y Taxisco, Santa Rosa <\/b>tienen ferias dedicadas al Santo Cristo de Esquipulas.<\/span><\/li><li><b>Guastatoya,<\/b> cabecera de El Progreso, vive d\u00edas de fiesta en honor al Santo Cristo de Esquipulas.<\/li><li><b>Sipacate<\/b>, municipio de Escuintla.<\/li><li><b>La Libertad y Nent\u00f3n, <\/b>municipios de Huehuetenango, festejan en honor al Santo Cristo Crucificado de Esquipulas.<\/li><li><b>Flores<\/b>, cabecera de Pet\u00e9n, tiene actos c\u00edvicos, religiosos y culturales con motivo de la fiesta del Santo Cristo.<\/li><li><b>Chinique, <\/b>Quich\u00e9<\/li><li><b>Cuyotenango<\/b> y <b>Pueblo Nuevo<\/b>, municipios de Suchitep\u00e9quez<\/li><li><b>Santa Mar\u00eda Chiquimula<\/b>, Totonicap\u00e1n.\u00a0<\/li><li><b>Colomba Costa Cuca<\/b>, Quetzaltenango.<\/li><\/ul><\/div>\n\t\t\t\t\t\t\t\t\t<div class=\"elementor-tab-title elementor-tab-mobile-title\" aria-selected=\"false\" data-tab=\"2\" role=\"tab\" tabindex=\"-1\" aria-controls=\"elementor-tab-content-1662\" aria-expanded=\"false\">17 de enero<\/div>\n\t\t\t\t\t<div id=\"elementor-tab-content-1662\" class=\"elementor-tab-content elementor-clearfix\" data-tab=\"2\" role=\"tabpanel\" aria-labelledby=\"elementor-tab-title-1662\" tabindex=\"0\" hidden=\"hidden\"><ul style=\"font-style: normal; font-variant-ligatures: normal; font-variant-caps: normal; font-size: 16px; font-family: Roboto, sans-serif;\"><li><a style=\"font-weight: 400;\" href=\"https:\/\/www.facebook.com\/watch\/?v=3147773855479443\" target=\"_blank\" rel=\"noopener\">San Antonio Sacatep\u00e9quez, San Marcos:\u00a0<\/a><span style=\"font-weight: 400; color: var( --e-global-color-text );\">Feria en honor a San Antonio Abad.<\/span><\/li><li><b>San Antonio Ilotenango, <\/b>Quich\u00e9. Fiesta en honor de San Antonio Abad, monje ermita\u00f1o que vivi\u00f3 en el siglo III.<\/li><\/ul><div>\u00a0<\/div><\/div>\n\t\t\t\t\t\t\t\t\t<div class=\"elementor-tab-title elementor-tab-mobile-title\" aria-selected=\"false\" data-tab=\"3\" role=\"tab\" tabindex=\"-1\" aria-controls=\"elementor-tab-content-1663\" aria-expanded=\"false\">20 de enero<\/div>\n\t\t\t\t\t<div id=\"elementor-tab-content-1663\" class=\"elementor-tab-content elementor-clearfix\" data-tab=\"3\" role=\"tabpanel\" aria-labelledby=\"elementor-tab-title-1663\" tabindex=\"0\" hidden=\"hidden\"><ul><li>Santo Tom\u00e1s La Uni\u00f3n, Suchitep\u00e9quez: Feria patronal en honor a San Sebasti\u00e1n.<\/li><li>San Luis Jilotepeque, Jalapa: Festividades dedicadas a San Sebasti\u00e1n.<\/li><li><a href=\"https:\/\/www.youtube.com\/watch?v=QGI7kl0ZQl4\" target=\"_blank\" rel=\"noopener\">San Sebasti\u00e1n, Retalhuleu<\/a>: Feria patronal en honor a San Sebasti\u00e1n.<\/li><li><a href=\"https:\/\/www.youtube.com\/watch?v=gEUPBts2Vik\" target=\"_blank\" rel=\"noopener\">San Sebasti\u00e1n Coat\u00e1n, Huehuetenango:<\/a>\u00a0Fiesta dedicada a San Sebasti\u00e1n..<\/li><\/ul><\/div>\n\t\t\t\t\t\t\t\t\t<div class=\"elementor-tab-title elementor-tab-mobile-title\" aria-selected=\"false\" data-tab=\"4\" role=\"tab\" tabindex=\"-1\" aria-controls=\"elementor-tab-content-1664\" aria-expanded=\"false\">21 de enero<\/div>\n\t\t\t\t\t<div id=\"elementor-tab-content-1664\" class=\"elementor-tab-content elementor-clearfix\" data-tab=\"4\" role=\"tabpanel\" aria-labelledby=\"elementor-tab-title-1664\" tabindex=\"0\" hidden=\"hidden\"><ul><li>Cubilg\u00fcitz, Alta Verapaz:\u00a0<a href=\"https:\/\/www.facebook.com\/feriasantaines\/videos\/245361451844601?locale=es_LA\" target=\"_blank\" rel=\"noopener\">Feria en honor a Santa In\u00e9s.<\/a><\/li><\/ul><\/div>\n\t\t\t\t\t\t\t\t\t<div class=\"elementor-tab-title elementor-tab-mobile-title\" aria-selected=\"false\" data-tab=\"5\" role=\"tab\" tabindex=\"-1\" aria-controls=\"elementor-tab-content-1665\" aria-expanded=\"false\">22 de enero:<\/div>\n\t\t\t\t\t<div id=\"elementor-tab-content-1665\" class=\"elementor-tab-content elementor-clearfix\" data-tab=\"5\" role=\"tabpanel\" aria-labelledby=\"elementor-tab-title-1665\" tabindex=\"0\" hidden=\"hidden\"><p><b>San Vicente Pacaya,<\/b> Escuintla: Celebraci\u00f3n en honor a San Vicente M\u00e1rtir.<\/p><\/div>\n\t\t\t\t\t\t\t\t\t<div class=\"elementor-tab-title elementor-tab-mobile-title\" aria-selected=\"false\" data-tab=\"6\" role=\"tab\" tabindex=\"-1\" aria-controls=\"elementor-tab-content-1666\" aria-expanded=\"false\">23 de enero<\/div>\n\t\t\t\t\t<div id=\"elementor-tab-content-1666\" class=\"elementor-tab-content elementor-clearfix\" data-tab=\"6\" role=\"tabpanel\" aria-labelledby=\"elementor-tab-title-1666\" tabindex=\"0\" hidden=\"hidden\"><p><b>Ipala Chiquimula<\/b>, en honor a San Ildefonso, piadoso santo del siglo 7, que tuvo una visi\u00f3n de la Virgen Mar\u00eda.<\/p><p>San Ildefonso Ixtahuac\u00e1n, dedicada al mismo santo. Ixtahuac\u00e1n significa: &#8220;desde donde se divisa el paisaje&#8221;.\u00a0<\/p><p>San Raymundo, Guatemala. Festeja en honor de San Raymundo de Pe\u00f1afort. La fiesta del santoral es 7 de enero, pero se traslada de fecha para que no se cruce con la fiesta de Reyes o la de Esquipulas.<\/p><\/div>\n\t\t\t\t\t\t\t\t\t<div class=\"elementor-tab-title elementor-tab-mobile-title\" aria-selected=\"false\" data-tab=\"7\" role=\"tab\" tabindex=\"-1\" aria-controls=\"elementor-tab-content-1667\" aria-expanded=\"false\">25 de enero:<\/div>\n\t\t\t\t\t<div id=\"elementor-tab-content-1667\" class=\"elementor-tab-content elementor-clearfix\" data-tab=\"7\" role=\"tabpanel\" aria-labelledby=\"elementor-tab-title-1667\" tabindex=\"0\" hidden=\"hidden\"><p><b>San Francisco El Alto,<\/b>\u00a0<a href=\"https:\/\/soymigrante.com\/revista\/esposos-migrantes-estilistas-guatemaltecos\/\" target=\"_blank\" rel=\"noopener\">Totonicap\u00e1n:<\/a>\u00a0Feria patronal dedicada a la conversi\u00f3n de San Pablo.<\/p><p><b>San Pablo Jocopilas, Suchitep\u00e9quez<\/b>: Fiesta en honor a San Pablo Ap\u00f3stol.<\/p><p><span style=\"color: var( --e-global-color-text );\"><b>San Pablo Rabinal, Baja Verapaz<\/b> celebra su fiesta titular y con ella se presenta el tradicional baile drama del Rabinal Ach\u00ed.<\/span><\/p><p><span style=\"color: var( --e-global-color-text );\"><b>Tamah\u00fa<\/b>, Alta Verapaz tambi\u00e9n tiene feria y actividades sociales por la Fiesta de San Pablo.<\/span><\/p><p><span style=\"color: var( --e-global-color-text );\"><b>San Pablo<\/b>, departamento de San Marcos.<\/span><\/p><p><span style=\"color: var( --e-global-color-text );\"><b>San Pablo La Laguna,<\/b> Solol\u00e1. A la orilla del Lago de Atitl\u00e1n.<\/span><\/p><p><span style=\"color: var( --e-global-color-text );\"><b>Patulul <\/b>y <b>San Pablo Jocopilas,<\/b> municipios de Suchitep\u00e9quez<\/span><\/p><\/div>\n\t\t\t\t\t\t\t\t\t<div class=\"elementor-tab-title elementor-tab-mobile-title\" aria-selected=\"false\" data-tab=\"8\" role=\"tab\" tabindex=\"-1\" aria-controls=\"elementor-tab-content-1668\" aria-expanded=\"false\">31 de enero<\/div>\n\t\t\t\t\t<div id=\"elementor-tab-content-1668\" class=\"elementor-tab-content elementor-clearfix\" data-tab=\"8\" role=\"tabpanel\" aria-labelledby=\"elementor-tab-title-1668\" tabindex=\"0\" hidden=\"hidden\"><ul><li><b>Chichicastenango, Quich\u00e9<\/b>: Finalizaci\u00f3n de las celebraciones de enero con actividades tradicionales.<br \/>Celebraciones todo el mes:<\/li><li>\u00a0<\/li><\/ul><\/div>\n\t\t\t\t\t\t\t<\/div>\n\t\t<\/div>\n\t\t\t\t\t\t<\/div>\n\t\t\t\t\t<\/div>\n\t\t\t\t<\/div>\n\t\t<div data-particle_enable=\"false\" data-particle-mobile-disabled=\"false\" class=\"elementor-element elementor-element-b2635c5 e-flex e-con-boxed e-con e-parent\" data-id=\"b2635c5\" data-element_type=\"container\" data-e-type=\"container\">\n\t\t\t\t\t<div class=\"e-con-inner\">\n\t\t\t\t<div class=\"elementor-element elementor-element-15ccf34 elementor-invisible elementor-widget elementor-widget-facebook-embed\" data-id=\"15ccf34\" data-element_type=\"widget\" data-e-type=\"widget\" data-settings=\"{&quot;_animation&quot;:&quot;zoomInDown&quot;}\" data-widget_type=\"facebook-embed.default\">\n\t\t\t\t\t<div style=\"min-height: 1px\" class=\"elementor-facebook-widget fb-post\" data-href=\"https:\/\/www.facebook.com\/noticiasbajaverapaz\/posts\/pfbid0QcspvBgd9KQRvFKdt8avqLdYiKqCuqgfcemhXhdHDkofGCXVUULi6nEsDDkfGCzGl\" data-show-text=\"false\"><\/div>\t\t\t\t<\/div>\n\t\t\t\t\t<\/div>\n\t\t\t\t<\/div>\n\t\t<div data-particle_enable=\"false\" data-particle-mobile-disabled=\"false\" class=\"elementor-element elementor-element-419e40a e-flex e-con-boxed e-con e-parent\" data-id=\"419e40a\" data-element_type=\"container\" data-e-type=\"container\">\n\t\t\t\t\t<div class=\"e-con-inner\">\n\t\t\t\t<div class=\"elementor-element elementor-element-97ba9ef elementor-widget elementor-widget-image-gallery\" data-id=\"97ba9ef\" data-element_type=\"widget\" data-e-type=\"widget\" data-widget_type=\"image-gallery.default\">\n\t\t\t\t\t\t\t<div class=\"elementor-image-gallery\">\n\t\t\t<div id='gallery-34' class='gallery galleryid-19621 gallery-columns-4 gallery-size-thumbnail'><figure class='gallery-item'>\n\t\t\t<div class='gallery-icon portrait'>\n\t\t\t\t<a data-elementor-open-lightbox=\"yes\" data-elementor-lightbox-slideshow=\"97ba9ef\" data-elementor-lightbox-title=\"san sebastian\" data-elementor-lightbox-description=\"Grupo de ni\u00f1as y j\u00f3venes en trajes tradicionales guatemaltecos durante un desfile cultural y festivo en la calle, en un evento comunitario y festivo.\" data-e-action-hash=\"#elementor-action%3Aaction%3Dlightbox%26settings%3DeyJpZCI6MTk2MjQsInVybCI6Imh0dHBzOlwvXC9zb3ltaWdyYW50ZS5jb21cL3JldmlzdGFcL3dwLWNvbnRlbnRcL3VwbG9hZHNcLzIwMjVcLzAxXC9zYW4tc2ViYXN0aWFuLndlYnAiLCJzbGlkZXNob3ciOiI5N2JhOWVmIn0%3D\" href='https:\/\/soymigrante.com\/revista\/wp-content\/uploads\/2025\/01\/san-sebastian.webp'><img decoding=\"async\" width=\"150\" height=\"150\" src=\"https:\/\/soymigrante.com\/revista\/wp-content\/uploads\/2025\/01\/san-sebastian-150x150.jpg\" class=\"attachment-thumbnail size-thumbnail\" alt=\"Ni\u00f1as y j\u00f3venes en una celebraci\u00f3n tradicional de Guatemala con trajes t\u00edpicos y bandera en mano, participando en un desfile cultural y festivo en la calle.\" aria-describedby=\"gallery-34-19624\" srcset=\"https:\/\/soymigrante.com\/revista\/wp-content\/uploads\/2025\/01\/san-sebastian-150x150.jpg 150w, https:\/\/soymigrante.com\/revista\/wp-content\/uploads\/2025\/01\/san-sebastian-75x75.webp 75w\" sizes=\"(max-width: 150px) 100vw, 150px\" title=\"san sebastian \u2013 SoyMigrante.com REVISTA\" \/><\/a>\n\t\t\t<\/div>\n\t\t\t\t<figcaption class='wp-caption-text gallery-caption' id='gallery-34-19624'>\n\t\t\t\tCelebraci\u00f3n cultural de Guatemala con ni\u00f1as y j\u00f3venes en trajes tradicionales participando en desfile festivo en la calle.\n\t\t\t\t<\/figcaption><\/figure><figure class='gallery-item'>\n\t\t\t<div class='gallery-icon portrait'>\n\t\t\t\t<a data-elementor-open-lightbox=\"yes\" data-elementor-lightbox-slideshow=\"97ba9ef\" data-elementor-lightbox-title=\"festividad san antonio abad\" data-elementor-lightbox-description=\"Una casa tradicional mexicana con un peque\u00f1o porche y barbacoa en el patio, adornada con banderines de colores, en un ambiente rural tranquilo, perfecta para convivencias familiares y festividades locales.\" data-e-action-hash=\"#elementor-action%3Aaction%3Dlightbox%26settings%3DeyJpZCI6MTk2MjksInVybCI6Imh0dHBzOlwvXC9zb3ltaWdyYW50ZS5jb21cL3JldmlzdGFcL3dwLWNvbnRlbnRcL3VwbG9hZHNcLzIwMjVcLzAxXC9mZXN0aXZpZGFkLXNhbi1hbnRvbmlvLWFiYWQud2VicCIsInNsaWRlc2hvdyI6Ijk3YmE5ZWYifQ%3D%3D\" href='https:\/\/soymigrante.com\/revista\/wp-content\/uploads\/2025\/01\/festividad-san-antonio-abad.webp'><img decoding=\"async\" width=\"150\" height=\"150\" src=\"https:\/\/soymigrante.com\/revista\/wp-content\/uploads\/2025\/01\/festividad-san-antonio-abad-150x150.jpg\" class=\"attachment-thumbnail size-thumbnail\" alt=\"Casa tradicional con barbacoa en el patio, en un d\u00eda soleado, decorada con banderines de colores, en un entorno rural tranquilo, perfecta para eventos comunitarios y celebraciones familiares.\" aria-describedby=\"gallery-34-19629\" srcset=\"https:\/\/soymigrante.com\/revista\/wp-content\/uploads\/2025\/01\/festividad-san-antonio-abad-150x150.jpg 150w, https:\/\/soymigrante.com\/revista\/wp-content\/uploads\/2025\/01\/festividad-san-antonio-abad-75x75.webp 75w\" sizes=\"(max-width: 150px) 100vw, 150px\" title=\"festividad san antonio abad \u2013 SoyMigrante.com REVISTA\" \/><\/a>\n\t\t\t<\/div>\n\t\t\t\t<figcaption class='wp-caption-text gallery-caption' id='gallery-34-19629'>\n\t\t\t\tCasa rural con barbacoa, decorada con banderines de colores, en un entorno tranquilo y rural, ideal para reuniones familiares y eventos comunitarios, reflejando cultura y tradici\u00f3n mexicana.\n\t\t\t\t<\/figcaption><\/figure><figure class='gallery-item'>\n\t\t\t<div class='gallery-icon landscape'>\n\t\t\t\t<a data-elementor-open-lightbox=\"yes\" data-elementor-lightbox-slideshow=\"97ba9ef\" data-elementor-lightbox-title=\"Feria de San Antonio Sacatepequez San Marcos\" data-elementor-lightbox-description=\"Una vibrante fiesta tradicional en Chile con personas vestidas con trajes coloridos, m\u00fasica en vivo, bailes y una comunidad unida en una plaza llena de alegr\u00eda y cultura, resaltando tradiciones chilenas.\" data-e-action-hash=\"#elementor-action%3Aaction%3Dlightbox%26settings%3DeyJpZCI6MTk2MzYsInVybCI6Imh0dHBzOlwvXC9zb3ltaWdyYW50ZS5jb21cL3JldmlzdGFcL3dwLWNvbnRlbnRcL3VwbG9hZHNcLzIwMjVcLzAxXC9GZXJpYS1kZS1TYW4tQW50b25pby1TYWNhdGVwZXF1ZXotU2FuLU1hcmNvcy0ud2VicCIsInNsaWRlc2hvdyI6Ijk3YmE5ZWYifQ%3D%3D\" href='https:\/\/soymigrante.com\/revista\/wp-content\/uploads\/2025\/01\/Feria-de-San-Antonio-Sacatepequez-San-Marcos-.webp'><img decoding=\"async\" width=\"150\" height=\"150\" src=\"https:\/\/soymigrante.com\/revista\/wp-content\/uploads\/2025\/01\/Feria-de-San-Antonio-Sacatepequez-San-Marcos--150x150.jpg\" class=\"attachment-thumbnail size-thumbnail\" alt=\"Diversidad cultural en celebraci\u00f3n tradicional en Chile, con disfraces coloridos y m\u00fasica en vivo en una plaza concurrida.\" aria-describedby=\"gallery-34-19636\" srcset=\"https:\/\/soymigrante.com\/revista\/wp-content\/uploads\/2025\/01\/Feria-de-San-Antonio-Sacatepequez-San-Marcos--150x150.jpg 150w, https:\/\/soymigrante.com\/revista\/wp-content\/uploads\/2025\/01\/Feria-de-San-Antonio-Sacatepequez-San-Marcos--75x75.webp 75w\" sizes=\"(max-width: 150px) 100vw, 150px\" title=\"Feria de San Antonio Sacatepequez San Marcos \u2013 SoyMigrante.com REVISTA\" \/><\/a>\n\t\t\t<\/div>\n\t\t\t\t<figcaption class='wp-caption-text gallery-caption' id='gallery-34-19636'>\n\t\t\t\tCelebraci\u00f3n chilena con disfraces tradicionales, m\u00fasica en vivo y comunidad participando en una plaza, resaltando la cultura y tradiciones en un evento festivo.\n\t\t\t\t<\/figcaption><\/figure><figure class='gallery-item'>\n\t\t\t<div class='gallery-icon landscape'>\n\t\t\t\t<a data-elementor-open-lightbox=\"yes\" data-elementor-lightbox-slideshow=\"97ba9ef\" data-elementor-lightbox-title=\"San Pablo Jocopilas\" data-elementor-lightbox-description=\"La imagen muestra la emblem\u00e1tica puerta colonial de San Pablo, adornada con telas celestes y un cartel multicolor que dice &quot;Yo amo San Pablo&quot;, resaltando el patrimonio y el turismo en esta localidad guatemalteca.\" data-e-action-hash=\"#elementor-action%3Aaction%3Dlightbox%26settings%3DeyJpZCI6MTk2NDQsInVybCI6Imh0dHBzOlwvXC9zb3ltaWdyYW50ZS5jb21cL3JldmlzdGFcL3dwLWNvbnRlbnRcL3VwbG9hZHNcLzIwMjVcLzAxXC9TYW4tUGFibG8tSm9jb3BpbGFzLndlYnAiLCJzbGlkZXNob3ciOiI5N2JhOWVmIn0%3D\" href='https:\/\/soymigrante.com\/revista\/wp-content\/uploads\/2025\/01\/San-Pablo-Jocopilas.webp'><img loading=\"lazy\" decoding=\"async\" width=\"150\" height=\"150\" src=\"https:\/\/soymigrante.com\/revista\/wp-content\/uploads\/2025\/01\/San-Pablo-Jocopilas-150x150.jpg\" class=\"attachment-thumbnail size-thumbnail\" alt=\"Puerta hist\u00f3rica de San Pablo en Guatemala, decorada con telas azules y un cartel colorido que dice &quot;Yo amo San Pablo&quot;, destacando la belleza cultural y tur\u00edstica de este destino.\" aria-describedby=\"gallery-34-19644\" srcset=\"https:\/\/soymigrante.com\/revista\/wp-content\/uploads\/2025\/01\/San-Pablo-Jocopilas-150x150.jpg 150w, https:\/\/soymigrante.com\/revista\/wp-content\/uploads\/2025\/01\/San-Pablo-Jocopilas-300x300.jpg 300w, https:\/\/soymigrante.com\/revista\/wp-content\/uploads\/2025\/01\/San-Pablo-Jocopilas-1024x1024.jpg 1024w, https:\/\/soymigrante.com\/revista\/wp-content\/uploads\/2025\/01\/San-Pablo-Jocopilas-768x768.jpg 768w, https:\/\/soymigrante.com\/revista\/wp-content\/uploads\/2025\/01\/San-Pablo-Jocopilas-75x75.webp 75w, https:\/\/soymigrante.com\/revista\/wp-content\/uploads\/2025\/01\/San-Pablo-Jocopilas-750x750.webp 750w, https:\/\/soymigrante.com\/revista\/wp-content\/uploads\/2025\/01\/San-Pablo-Jocopilas.webp 1080w\" sizes=\"(max-width: 150px) 100vw, 150px\" title=\"San Pablo Jocopilas \u2013 SoyMigrante.com REVISTA\" \/><\/a>\n\t\t\t<\/div>\n\t\t\t\t<figcaption class='wp-caption-text gallery-caption' id='gallery-34-19644'>\n\t\t\t\tGuatemala, turismo en San Pablo, historia y cultura, atractivos tur\u00edsticos, San Pablo Guatemala, viaje y exploraci\u00f3n, destinos culturales, San Pablo, Guatemala.\n\t\t\t\t<\/figcaption><\/figure>\n\t\t<\/div>\n\t\t<\/div>\n\t\t\t\t\t\t<\/div>\n\t\t\t\t\t<\/div>\n\t\t\t\t<\/div>\n\t\t<div data-particle_enable=\"false\" data-particle-mobile-disabled=\"false\" class=\"elementor-element elementor-element-333ba10 e-flex e-con-boxed e-con e-parent\" data-id=\"333ba10\" data-element_type=\"container\" data-e-type=\"container\">\n\t\t\t\t\t<div class=\"e-con-inner\">\n\t\t\t\t<div class=\"elementor-element elementor-element-54d3661 elementor-widget elementor-widget-heading\" data-id=\"54d3661\" data-element_type=\"widget\" data-e-type=\"widget\" data-widget_type=\"heading.default\">\n\t\t\t\t\t<h2 class=\"elementor-heading-title elementor-size-default\">Datos que tal vez no conozcas...<\/h2>\t\t\t\t<\/div>\n\t\t\t\t\t<\/div>\n\t\t\t\t<\/div>\n\t\t<div data-particle_enable=\"false\" data-particle-mobile-disabled=\"false\" class=\"elementor-element elementor-element-f17decb e-flex e-con-boxed e-con e-parent\" data-id=\"f17decb\" data-element_type=\"container\" data-e-type=\"container\">\n\t\t\t\t\t<div class=\"e-con-inner\">\n\t\t\t\t<div class=\"elementor-element elementor-element-12b29e3 elementor-grid-eael-col-3 elementor-grid-tablet-eael-col-2 elementor-grid-mobile-eael-col-1 elementor-widget elementor-widget-eael-post-grid\" data-id=\"12b29e3\" data-element_type=\"widget\" data-e-type=\"widget\" data-settings=\"{&quot;eael_post_grid_columns&quot;:&quot;eael-col-3&quot;,&quot;eael_post_grid_columns_tablet&quot;:&quot;eael-col-2&quot;,&quot;eael_post_grid_columns_mobile&quot;:&quot;eael-col-1&quot;}\" data-widget_type=\"eael-post-grid.default\">\n\t\t\t\t\t<div id=\"eael-post-grid-12b29e3\" class=\"eael-post-grid-container\">\n            <div class=\"eael-post-grid eael-post-appender eael-post-appender-12b29e3 eael-post-grid-style-one\" data-layout-mode=\"masonry\"><article class=\"eael-grid-post  eael-post-grid-column eael-pg-post-363 category-guate-nuestra\" data-id=\"363\">\n        <div class=\"eael-grid-post-holder\">\n            <div class=\"eael-grid-post-holder-inner\"><div class=\"eael-entry-media\"><div class=\"eael-entry-overlay fade-in\"><i class=\"far fa-hand-pointer\" aria-hidden=\"true\"><\/i><a href=\"https:\/\/soymigrante.com\/revista\/atitlan-lago-de-atitlan\/\"><\/a><\/div><div class=\"eael-entry-thumbnail \">\n                <img loading=\"lazy\" decoding=\"async\" width=\"1024\" height=\"683\" src=\"https:\/\/soymigrante.com\/revista\/wp-content\/uploads\/2023\/03\/2-LAGO-ATITLAN-FOTO-ABEL-JUAREZ-1-1024x683.jpeg\" class=\"attachment-large size-large wp-image-681\" alt=\"\" srcset=\"https:\/\/soymigrante.com\/revista\/wp-content\/uploads\/2023\/03\/2-LAGO-ATITLAN-FOTO-ABEL-JUAREZ-1-1024x683.jpeg 1024w, https:\/\/soymigrante.com\/revista\/wp-content\/uploads\/2023\/03\/2-LAGO-ATITLAN-FOTO-ABEL-JUAREZ-1-300x200.webp 300w, https:\/\/soymigrante.com\/revista\/wp-content\/uploads\/2023\/03\/2-LAGO-ATITLAN-FOTO-ABEL-JUAREZ-1-768x512.jpeg 768w, https:\/\/soymigrante.com\/revista\/wp-content\/uploads\/2023\/03\/2-LAGO-ATITLAN-FOTO-ABEL-JUAREZ-1-1536x1024.jpeg 1536w, https:\/\/soymigrante.com\/revista\/wp-content\/uploads\/2023\/03\/2-LAGO-ATITLAN-FOTO-ABEL-JUAREZ-1-2048x1365.jpeg 2048w, https:\/\/soymigrante.com\/revista\/wp-content\/uploads\/2023\/03\/2-LAGO-ATITLAN-FOTO-ABEL-JUAREZ-1-750x500.webp 750w, https:\/\/soymigrante.com\/revista\/wp-content\/uploads\/2023\/03\/2-LAGO-ATITLAN-FOTO-ABEL-JUAREZ-1-1140x760.jpeg 1140w, https:\/\/soymigrante.com\/revista\/wp-content\/uploads\/2023\/03\/2-LAGO-ATITLAN-FOTO-ABEL-JUAREZ-1-600x400.jpeg 600w, https:\/\/soymigrante.com\/revista\/wp-content\/uploads\/2023\/03\/2-LAGO-ATITLAN-FOTO-ABEL-JUAREZ-1.webp 1920w\" sizes=\"(max-width: 1024px) 100vw, 1024px\" \/>\n            <\/div>\n        <\/div><div class=\"eael-entry-wrapper\"><header class=\"eael-entry-header\"><h2 class=\"eael-entry-title\"><a class=\"eael-grid-post-link\" href=\"https:\/\/soymigrante.com\/revista\/atitlan-lago-de-atitlan\/\" title=\"\u00bfQu\u00e9 profundidad tiene el lago de Atitl\u00e1n?&#8230; y otras preguntas con respuesta fascinante\">\u00bfQu\u00e9 profundidad tiene el lago de Atitl\u00e1n?&#8230; y otras preguntas con respuesta fascinante<\/a><\/h2><\/header><div class=\"eael-entry-content\">\n                        <div class=\"eael-grid-post-excerpt\"><a href=\"https:\/\/soymigrante.com\/revista\/atitlan-lago-de-atitlan\/\" class=\"eael-post-elements-readmore-btn\">CONOCE SU HISTORIA <\/a><\/div>\n                    <\/div><\/div><\/div>\n        <\/div>\n    <\/article><article class=\"eael-grid-post  eael-post-grid-column eael-pg-post-8058 category-bienestar\" data-id=\"8058\">\n        <div class=\"eael-grid-post-holder\">\n            <div class=\"eael-grid-post-holder-inner\"><div class=\"eael-entry-media\"><div class=\"eael-entry-overlay fade-in\"><i class=\"far fa-hand-pointer\" aria-hidden=\"true\"><\/i><a href=\"https:\/\/soymigrante.com\/revista\/datos-que-quiza-ya-sabias-o-tal-vez-no-de-las-autopistas-estatales-en-usa\/\"><\/a><\/div><div class=\"eael-entry-thumbnail \">\n                <img loading=\"lazy\" decoding=\"async\" width=\"1024\" height=\"1024\" src=\"https:\/\/soymigrante.com\/revista\/wp-content\/uploads\/2024\/08\/carreteras-americanas-soy-migrante-1024x1024.webp\" class=\"attachment-large size-large wp-image-8059\" alt=\"Bandera de EE.UU. ondeando en una autopista con ciudad en el fondo, s\u00edmbolo de migraci\u00f3n y cultura estadounidense, imagen representativa para la revista SoyMigrante.com REVISTA.\" srcset=\"https:\/\/soymigrante.com\/revista\/wp-content\/uploads\/2024\/08\/carreteras-americanas-soy-migrante-1024x1024.webp 1024w, https:\/\/soymigrante.com\/revista\/wp-content\/uploads\/2024\/08\/carreteras-americanas-soy-migrante-300x300.webp 300w, https:\/\/soymigrante.com\/revista\/wp-content\/uploads\/2024\/08\/carreteras-americanas-soy-migrante-150x150.webp 150w, https:\/\/soymigrante.com\/revista\/wp-content\/uploads\/2024\/08\/carreteras-americanas-soy-migrante-768x768.webp 768w, https:\/\/soymigrante.com\/revista\/wp-content\/uploads\/2024\/08\/carreteras-americanas-soy-migrante-1536x1536.webp 1536w, https:\/\/soymigrante.com\/revista\/wp-content\/uploads\/2024\/08\/carreteras-americanas-soy-migrante-scaled.webp 1920w, https:\/\/soymigrante.com\/revista\/wp-content\/uploads\/2024\/08\/carreteras-americanas-soy-migrante-75x75.webp 75w, https:\/\/soymigrante.com\/revista\/wp-content\/uploads\/2024\/08\/carreteras-americanas-soy-migrante-750x750.webp 750w, https:\/\/soymigrante.com\/revista\/wp-content\/uploads\/2024\/08\/carreteras-americanas-soy-migrante-1140x1140.webp 1140w\" sizes=\"(max-width: 1024px) 100vw, 1024px\" \/>\n            <\/div>\n        <\/div><div class=\"eael-entry-wrapper\"><header class=\"eael-entry-header\"><h2 class=\"eael-entry-title\"><a class=\"eael-grid-post-link\" href=\"https:\/\/soymigrante.com\/revista\/datos-que-quiza-ya-sabias-o-tal-vez-no-de-las-autopistas-estatales-en-usa\/\" title=\"Datos que quiz\u00e1 ya sab\u00edas (o tal vez no) de las autopistas estatales en USA\">Datos que quiz\u00e1 ya sab\u00edas (o tal vez no) de las autopistas estatales en USA<\/a><\/h2><\/header><div class=\"eael-entry-content\">\n                        <div class=\"eael-grid-post-excerpt\"><a href=\"https:\/\/soymigrante.com\/revista\/datos-que-quiza-ya-sabias-o-tal-vez-no-de-las-autopistas-estatales-en-usa\/\" class=\"eael-post-elements-readmore-btn\">CONOCE SU HISTORIA <\/a><\/div>\n                    <\/div><\/div><\/div>\n        <\/div>\n    <\/article><article class=\"eael-grid-post  eael-post-grid-column eael-pg-post-6808 category-guate-nuestra\" data-id=\"6808\">\n        <div class=\"eael-grid-post-holder\">\n            <div class=\"eael-grid-post-holder-inner\"><div class=\"eael-entry-media\"><div class=\"eael-entry-overlay fade-in\"><i class=\"far fa-hand-pointer\" aria-hidden=\"true\"><\/i><a href=\"https:\/\/soymigrante.com\/revista\/la-danta-de-el-mirador-la-mayor-piramide-del-mundo-7-datos\/\"><\/a><\/div><div class=\"eael-entry-thumbnail \">\n                <img loading=\"lazy\" decoding=\"async\" width=\"466\" height=\"466\" src=\"https:\/\/soymigrante.com\/revista\/wp-content\/uploads\/2024\/06\/la-danta.webp\" class=\"attachment-large size-large wp-image-6810\" alt=\"Formaci\u00f3n geol\u00f3gica con formaciones destacadas en un paisaje \u00e1rido, resaltando la belleza natural y la importancia del medio ambiente en el contexto de la migraci\u00f3n y la cultura.\" srcset=\"https:\/\/soymigrante.com\/revista\/wp-content\/uploads\/2024\/06\/la-danta.webp 466w, https:\/\/soymigrante.com\/revista\/wp-content\/uploads\/2024\/06\/la-danta-300x300.webp 300w, https:\/\/soymigrante.com\/revista\/wp-content\/uploads\/2024\/06\/la-danta-150x150.webp 150w, https:\/\/soymigrante.com\/revista\/wp-content\/uploads\/2024\/06\/la-danta-75x75.webp 75w\" sizes=\"(max-width: 466px) 100vw, 466px\" \/>\n            <\/div>\n        <\/div><div class=\"eael-entry-wrapper\"><header class=\"eael-entry-header\"><h2 class=\"eael-entry-title\"><a class=\"eael-grid-post-link\" href=\"https:\/\/soymigrante.com\/revista\/la-danta-de-el-mirador-la-mayor-piramide-del-mundo-7-datos\/\" title=\"La Danta de El Mirador, la mayor pir\u00e1mide del mundo: 7 datos\">La Danta de El Mirador, la mayor pir\u00e1mide del mundo: 7 datos<\/a><\/h2><\/header><div class=\"eael-entry-content\">\n                        <div class=\"eael-grid-post-excerpt\"><a href=\"https:\/\/soymigrante.com\/revista\/la-danta-de-el-mirador-la-mayor-piramide-del-mundo-7-datos\/\" class=\"eael-post-elements-readmore-btn\">CONOCE SU HISTORIA <\/a><\/div>\n                    <\/div><\/div><\/div>\n        <\/div>\n    <\/article><\/div>\n            <div class=\"clearfix\"><\/div>\n        <\/div>\t\t\t\t<\/div>\n\t\t\t\t\t<\/div>\n\t\t\t\t<\/div>\n\t\t\t\t<\/div>\n\t\t","protected":false},"excerpt":{"rendered":"<p>Muchos pueblos de Guatemala se llenan de algarab\u00eda con celebraciones patronales en honor a santos y tradiciones religiosas en enero. Municipios como Esquipulas, Chichicastenango y San Sebasti\u00e1n se convierten en epicentros de fe y cultura, La devoci\u00f3n y el colorido se entrelazan en las ferias patronales de enero en Guatemala. Desde las celebraciones en honor\u00a0al [&hellip;]<\/p>\n","protected":false},"author":1,"featured_media":7789,"comment_status":"open","ping_status":"open","sticky":false,"template":"","format":"standard","meta":{"_acf_changed":false,"_eb_attr":"","footnotes":""},"categories":[58],"tags":[272],"class_list":["post-19621","post","type-post","status-publish","format-standard","has-post-thumbnail","hentry","category-guate-nuestra","tag-calendario-de-ferias"],"acf":[],"aioseo_notices":[],"aioseo_head":"\n\t\t<!-- All in One SEO Pro 4.9.6.2 - aioseo.com -->\n\t<meta name=\"description\" content=\"La gigantesca pir\u00e1mide La Danta y la antigua ciudad maya de El Mirador en Pet\u00e9n, Guatemala, son s\u00edmbolos de la magnificencia prehisp\u00e1nica: un tesoro cultural, arqueol\u00f3gico y natural que debe ser protegido y conservado. El sitio El Mirador, en el norte de Pet\u00e9n, Guatemala, se encuentra dentro de una cuenca considerada como la Cuna de Es un s\u00edmbolo de la magnificencia maya preshisp\u00e1nica. La Danta es considerada la pir\u00e1mite m\u00e1s grande del mundo, pero en El Mirador hay mucho m\u00e1s. Conoce m\u00e1s.\" \/>\n\t<meta name=\"robots\" content=\"max-snippet:-1, max-image-preview:large, max-video-preview:-1\" \/>\n\t<meta name=\"author\" content=\"SoyMigrante.com REVISTA\"\/>\n\t<link rel=\"canonical\" href=\"https:\/\/soymigrante.com\/revista\/ferias-titulares-municipios-guatemala-enero\/\" \/>\n\t<meta name=\"generator\" content=\"All in One SEO Pro (AIOSEO) 4.9.6.2\" \/>\n\n\t\t<link rel=\"preconnect\" href=\"https:\/\/fonts.googleapis.com\" crossorigin>\n<link rel=\"preconnect\" href=\"https:\/\/fonts.gstatic.com\" crossorigin>\n\t\t<meta property=\"og:locale\" content=\"es_ES\" \/>\n\t\t<meta property=\"og:site_name\" content=\"SoyMigrante.com REVISTA \u2013 Nuestra misi\u00f3n es reconocer y dignificar al migrante.\" \/>\n\t\t<meta property=\"og:type\" content=\"article\" \/>\n\t\t<meta property=\"og:title\" content=\"Enero, un mes de celebrar la riqueza cultural y religiosa en Guatemala\" \/>\n\t\t<meta property=\"og:description\" content=\"Las ferias titulares de cada pueblo de Guatemala son motivo de actos religiosos, sociales y culturales, instalaci\u00f3n de juegos mec\u00e1nicos y m\u00e1s. Estas de enero\" \/>\n\t\t<meta property=\"og:url\" content=\"https:\/\/soymigrante.com\/revista\/ferias-titulares-municipios-guatemala-enero\/\" \/>\n\t\t<meta property=\"og:image\" content=\"https:\/\/soymigrante.com\/revista\/wp-content\/uploads\/2024\/08\/Ferias-patronales-en-agosto-Estas-seran-las-celebraciones4-e1736402054738.webp\" \/>\n\t\t<meta property=\"og:image:secure_url\" content=\"https:\/\/soymigrante.com\/revista\/wp-content\/uploads\/2024\/08\/Ferias-patronales-en-agosto-Estas-seran-las-celebraciones4-e1736402054738.webp\" \/>\n\t\t<meta property=\"og:image:width\" content=\"1053\" \/>\n\t\t<meta property=\"og:image:height\" content=\"1053\" \/>\n\t\t<meta property=\"article:published_time\" content=\"2026-01-06T21:50:52+00:00\" \/>\n\t\t<meta property=\"article:modified_time\" content=\"2026-01-06T21:51:21+00:00\" \/>\n\t\t<meta property=\"article:publisher\" content=\"https:\/\/www.facebook.com\/soymigrantecom\" \/>\n\t\t<meta name=\"twitter:card\" content=\"summary_large_image\" \/>\n\t\t<meta name=\"twitter:site\" content=\"@SoyMigrante_com\" \/>\n\t\t<meta name=\"twitter:title\" content=\"Enero, un mes de celebrar la riqueza cultural y religiosa en Guatemala\" \/>\n\t\t<meta name=\"twitter:description\" content=\"Las ferias titulares de cada pueblo de Guatemala son motivo de actos religiosos, sociales y culturales, instalaci\u00f3n de juegos mec\u00e1nicos y m\u00e1s. Estas de enero\" \/>\n\t\t<meta name=\"twitter:creator\" content=\"@SoyMigrante_com\" \/>\n\t\t<meta name=\"twitter:image\" content=\"https:\/\/soymigrante.com\/revista\/wp-content\/uploads\/2024\/08\/Ferias-patronales-en-agosto-Estas-seran-las-celebraciones4-e1736402054738.webp\" \/>\n\t\t<!-- All in One SEO Pro -->\r\n\t\t<title>Enero, un mes de celebrar la riqueza cultural y religiosa en Guatemala<\/title>\n\n","aioseo_head_json":{"title":"Enero, un mes de celebrar la riqueza cultural y religiosa en Guatemala","description":"Las ferias titulares de cada pueblo de Guatemala son motivo de actos religiosos, sociales y culturales, instalaci\u00f3n de juegos mec\u00e1nicos y m\u00e1s. Estas de enero","canonical_url":"https:\/\/soymigrante.com\/revista\/ferias-titulares-municipios-guatemala-enero\/","robots":"max-snippet:-1, max-image-preview:large, max-video-preview:-1","keywords":"","webmasterTools":{"miscellaneous":"&lt;link rel=\"preconnect\" href=\"https:\/\/fonts.googleapis.com\" crossorigin&gt;\n&lt;link rel=\"preconnect\" href=\"https:\/\/fonts.gstatic.com\" crossorigin&gt;"},"schema":null,"og:locale":"es_ES","og:site_name":"SoyMigrante.com REVISTA \u2013 Nuestra misi\u00f3n es reconocer y dignificar al migrante.","og:type":"article","og:title":"Enero, un mes de celebrar la riqueza cultural y religiosa en Guatemala","og:description":"Las ferias titulares de cada pueblo de Guatemala son motivo de actos religiosos, sociales y culturales, instalaci\u00f3n de juegos mec\u00e1nicos y m\u00e1s. Estas de enero","og:url":"https:\/\/soymigrante.com\/revista\/ferias-titulares-municipios-guatemala-enero\/","og:image":"https:\/\/soymigrante.com\/revista\/wp-content\/uploads\/2024\/08\/Ferias-patronales-en-agosto-Estas-seran-las-celebraciones4-e1736402054738.webp","og:image:secure_url":"https:\/\/soymigrante.com\/revista\/wp-content\/uploads\/2024\/08\/Ferias-patronales-en-agosto-Estas-seran-las-celebraciones4-e1736402054738.webp","og:image:width":1053,"og:image:height":1053,"article:published_time":"2026-01-06T21:50:52+00:00","article:modified_time":"2026-01-06T21:51:21+00:00","article:publisher":"https:\/\/www.facebook.com\/soymigrantecom","twitter:card":"summary_large_image","twitter:site":"@SoyMigrante_com","twitter:title":"Enero, un mes de celebrar la riqueza cultural y religiosa en Guatemala","twitter:description":"Las ferias titulares de cada pueblo de Guatemala son motivo de actos religiosos, sociales y culturales, instalaci\u00f3n de juegos mec\u00e1nicos y m\u00e1s. Estas de enero","twitter:creator":"@SoyMigrante_com","twitter:image":"https:\/\/soymigrante.com\/revista\/wp-content\/uploads\/2024\/08\/Ferias-patronales-en-agosto-Estas-seran-las-celebraciones4-e1736402054738.webp"},"aioseo_meta_data":{"post_id":"19621","title":"Enero, un mes de celebrar la riqueza cultural y religiosa en Guatemala","description":"Las ferias titulares de cada pueblo de Guatemala son motivo de actos religiosos, sociales y culturales, instalaci\u00f3n de juegos mec\u00e1nicos y m\u00e1s. Estas de enero","keywords":null,"keyphrases":{"focus":{"keyphrase":"Guatemala","score":91,"analysis":{"keyphraseInTitle":{"score":9,"maxScore":9,"error":0},"keyphraseInDescription":{"score":9,"maxScore":9,"error":0},"keyphraseLength":{"score":9,"maxScore":9,"error":0,"length":1},"keyphraseInURL":{"score":5,"maxScore":5,"error":0},"keyphraseInIntroduction":{"score":9,"maxScore":9,"error":0},"keyphraseInSubHeadings":{"score":9,"maxScore":9,"error":0},"keyphraseInImageAlt":{"score":3,"maxScore":9,"error":1},"keywordDensity":{"type":"best","score":9,"maxScore":9,"error":0}}},"additional":[{"keyphrase":"enero","score":67,"analysis":{"keyphraseInDescription":{"score":9,"maxScore":9,"error":0},"keyphraseLength":{"score":9,"maxScore":9,"error":0,"length":1},"keyphraseInIntroduction":{"score":9,"maxScore":9,"error":0},"keyphraseInImageAlt":{"score":3,"maxScore":9,"error":1},"keywordDensity":{"type":"high","score":0,"maxScore":9,"error":1}}},{"keyphrase":"ferias patronales","score":53,"analysis":{"keyphraseInDescription":{"score":3,"maxScore":9,"error":1},"keyphraseLength":{"score":9,"maxScore":9,"error":0,"length":2},"keyphraseInIntroduction":{"score":9,"maxScore":9,"error":0},"keyphraseInImageAlt":{"score":3,"maxScore":9,"error":1},"keywordDensity":{"score":0,"type":"low","maxScore":9,"error":1}}}]},"primary_term":null,"canonical_url":null,"og_title":null,"og_description":null,"og_object_type":"default","og_image_type":"default","og_image_url":null,"og_image_width":null,"og_image_height":null,"og_image_custom_url":null,"og_image_custom_fields":null,"og_video":"","og_custom_url":null,"og_article_section":null,"og_article_tags":null,"twitter_use_og":false,"twitter_card":"default","twitter_image_type":"default","twitter_image_url":null,"twitter_image_custom_url":null,"twitter_image_custom_fields":null,"twitter_title":null,"twitter_description":null,"schema":{"blockGraphs":[],"customGraphs":[],"default":{"data":{"Article":[],"Course":[],"Dataset":[],"FAQPage":[],"Movie":[],"Person":[],"Product":[],"ProductReview":[],"Car":[],"Recipe":[],"Service":[],"SoftwareApplication":[],"WebPage":[]},"graphName":"NewsArticle","isEnabled":true},"graphs":[]},"schema_type":"default","schema_type_options":null,"pillar_content":false,"robots_default":true,"robots_noindex":false,"robots_noarchive":false,"robots_nosnippet":false,"robots_nofollow":false,"robots_noimageindex":false,"robots_noodp":false,"robots_notranslate":false,"robots_max_snippet":"-1","robots_max_videopreview":"-1","robots_max_imagepreview":"large","priority":null,"frequency":"default","local_seo":null,"seo_analyzer_scan_date":"2026-02-16 20:12:18","breadcrumb_settings":null,"limit_modified_date":false,"reviewed_by":"0","open_ai":"{\"title\":{\"suggestions\":[],\"usage\":0},\"description\":{\"suggestions\":[],\"usage\":0}}","ai":{"faqs":[],"keyPoints":[],"titles":[],"descriptions":[],"socialPosts":{"email":[],"linkedin":[],"twitter":[],"facebook":[],"instagram":[]}},"created":"2025-01-07 20:35:02","updated":"2026-02-16 20:12:18"},"aioseo_breadcrumb":"<div class=\"aioseo-breadcrumbs\"><span class=\"aioseo-breadcrumb\">\n\t<a href=\"https:\/\/soymigrante.com\/revista\" title=\"Home\">Home<\/a>\n<\/span><span class=\"aioseo-breadcrumb-separator\">\u00bb<\/span><span class=\"aioseo-breadcrumb\">\n\t<a href=\"https:\/\/soymigrante.com\/revista\/category\/guate-nuestra\/\" title=\"Guate Nuestra\">Guate Nuestra<\/a>\n<\/span><span class=\"aioseo-breadcrumb-separator\">\u00bb<\/span><span class=\"aioseo-breadcrumb\">\n\t\u00bfQu\u00e9 ferias titulares se celebran en Guatemala en enero?\n<\/span><\/div>","aioseo_breadcrumb_json":[{"label":"Home","link":"https:\/\/soymigrante.com\/revista"},{"label":"Guate Nuestra","link":"https:\/\/soymigrante.com\/revista\/category\/guate-nuestra\/"},{"label":"\u00bfQu\u00e9 ferias titulares se celebran en Guatemala en enero?","link":"https:\/\/soymigrante.com\/revista\/ferias-titulares-municipios-guatemala-enero\/"}],"_links":{"self":[{"href":"https:\/\/soymigrante.com\/revista\/wp-json\/wp\/v2\/posts\/19621","targetHints":{"allow":["GET"]}}],"collection":[{"href":"https:\/\/soymigrante.com\/revista\/wp-json\/wp\/v2\/posts"}],"about":[{"href":"https:\/\/soymigrante.com\/revista\/wp-json\/wp\/v2\/types\/post"}],"author":[{"embeddable":true,"href":"https:\/\/soymigrante.com\/revista\/wp-json\/wp\/v2\/users\/1"}],"replies":[{"embeddable":true,"href":"https:\/\/soymigrante.com\/revista\/wp-json\/wp\/v2\/comments?post=19621"}],"version-history":[{"count":2,"href":"https:\/\/soymigrante.com\/revista\/wp-json\/wp\/v2\/posts\/19621\/revisions"}],"predecessor-version":[{"id":50651,"href":"https:\/\/soymigrante.com\/revista\/wp-json\/wp\/v2\/posts\/19621\/revisions\/50651"}],"wp:featuredmedia":[{"embeddable":true,"href":"https:\/\/soymigrante.com\/revista\/wp-json\/wp\/v2\/media\/7789"}],"wp:attachment":[{"href":"https:\/\/soymigrante.com\/revista\/wp-json\/wp\/v2\/media?parent=19621"}],"wp:term":[{"taxonomy":"category","embeddable":true,"href":"https:\/\/soymigrante.com\/revista\/wp-json\/wp\/v2\/categories?post=19621"},{"taxonomy":"post_tag","embeddable":true,"href":"https:\/\/soymigrante.com\/revista\/wp-json\/wp\/v2\/tags?post=19621"}],"curies":[{"name":"wp","href":"https:\/\/api.w.org\/{rel}","templated":true}]}}