{"id":19561,"date":"2025-04-19T10:28:37","date_gmt":"2025-04-19T16:28:37","guid":{"rendered":"https:\/\/soymigrante.com\/revista\/?p=19561"},"modified":"2026-03-06T08:12:59","modified_gmt":"2026-03-06T14:12:59","slug":"hugo-pichiya-retrata-la-vida-desde-san-juan-comalapa-y-abrio-su-galeria-digital-en-mercado","status":"publish","type":"post","link":"https:\/\/soymigrante.com\/revista\/hugo-pichiya-retrata-la-vida-desde-san-juan-comalapa-y-abrio-su-galeria-digital-en-mercado\/","title":{"rendered":"Hugo Pichiy\u00e1 retrata la vida de Comalapa y abri\u00f3 su galer\u00eda digital en MERCADO"},"content":{"rendered":"\t\t<div data-elementor-type=\"wp-post\" data-elementor-id=\"19561\" class=\"elementor elementor-19561\" data-elementor-post-type=\"post\">\n\t\t\t\t<div data-particle_enable=\"false\" data-particle-mobile-disabled=\"false\" class=\"elementor-element elementor-element-7ac15a4 e-flex e-con-boxed e-con e-parent\" data-id=\"7ac15a4\" data-element_type=\"container\" data-e-type=\"container\">\n\t\t\t\t\t<div class=\"e-con-inner\">\n\t\t\t\t<div class=\"elementor-element elementor-element-23ac3c2 elementor-widget elementor-widget-heading\" data-id=\"23ac3c2\" data-element_type=\"widget\" data-e-type=\"widget\" data-widget_type=\"heading.default\">\n\t\t\t\t\t<h2 class=\"elementor-heading-title elementor-size-default\">Hugo Leonel Pichiy\u00e1 no solo es un pintor; es un ejemplo de c\u00f3mo la pasi\u00f3n y la perseverancia pueden superar las adversidades. Abri\u00f3 su tienda digital de materiales art\u00edsticos en MERCADO.<\/h2>\t\t\t\t<\/div>\n\t\t\t\t\t<\/div>\n\t\t\t\t<\/div>\n\t\t<div data-particle_enable=\"false\" data-particle-mobile-disabled=\"false\" class=\"elementor-element elementor-element-a15f960 e-flex e-con-boxed e-con e-parent\" data-id=\"a15f960\" data-element_type=\"container\" data-e-type=\"container\">\n\t\t\t\t\t<div class=\"e-con-inner\">\n\t\t\t\t<div class=\"elementor-element elementor-element-712a8e5 elementor-widget elementor-widget-text-editor\" data-id=\"712a8e5\" data-element_type=\"widget\" data-e-type=\"widget\" data-widget_type=\"text-editor.default\">\n\t\t\t\t\t\t\t\t\t<p><span style=\"color: var( --e-global-color-text ); text-align: var(--text-align);\">Hugo Leonel Pichiy\u00e1, pintor de San Juan Comalapa, Chimaltenango, crea constantemente escenas tradicionales guatemaltecas, pero tambi\u00e9n elabora obras de arte figurativo. Su pasi\u00f3n es representar la vida misma\u00a0 con frescura y candidez, a trav\u00e9s de sus lienzos.\u00a0<\/span><\/p><p><span style=\"color: var( --e-global-color-text ); text-align: var(--text-align);\">Desde su infancia, las ganas de pintar y su amor por el arte lo han acompa\u00f1ado, a pesar de enfrentar limitaciones econ\u00f3micas y f\u00edsicas. Su historia es un ejemplo de perseverancia y pasi\u00f3n.<\/span><\/p>\t\t\t\t\t\t\t\t<\/div>\n\t\t\t\t\t<\/div>\n\t\t\t\t<\/div>\n\t\t<div data-particle_enable=\"false\" data-particle-mobile-disabled=\"false\" class=\"elementor-element elementor-element-bfd574d e-flex e-con-boxed e-con e-parent\" data-id=\"bfd574d\" data-element_type=\"container\" data-e-type=\"container\">\n\t\t\t\t\t<div class=\"e-con-inner\">\n\t\t\t\t<div class=\"elementor-element elementor-element-36c485f elementor-widget elementor-widget-text-editor\" data-id=\"36c485f\" data-element_type=\"widget\" data-e-type=\"widget\" data-widget_type=\"text-editor.default\">\n\t\t\t\t\t\t\t\t\t<p>La tienda digital <a href=\"https:\/\/soymigrante.com\/mercado\/marketplace\/mayaartgallery?srsltid=AfmBOoqTtKFY9UkqzHLIwgUxk7T_9u5jrGDuJE0imL5Hm38iFXF1FZq1\">Maya Art Gallery\u00a0<\/a>de Hugo Leonel Pichiy\u00e1 ya est\u00e1 abierta en <a href=\"https:\/\/soymigrante.com\/mercado\/marketplace\/mayaartgallery\">SoyMigrante.com MERCADO<\/a>, la comunidad en l\u00ednea creada para que emprendedores y compradores guatemaltecos se encuentren: un proyecto activo, proactivo e innovador para peque\u00f1os negocios y creadores de productos elaborados a mano, detr\u00e1s de las cuales siempre hay una historia. A trav\u00e9s de su tienda y galer\u00eda virtual ahora la obra de Hugo Pichiy\u00e1 puede ser admirada y adquirida a distancia, mediante la plataforma Mercado.\u00a0<\/p>\t\t\t\t\t\t\t\t<\/div>\n\t\t\t\t\t<\/div>\n\t\t\t\t<\/div>\n\t\t<div data-particle_enable=\"false\" data-particle-mobile-disabled=\"false\" class=\"elementor-element elementor-element-95103eb e-flex e-con-boxed e-con e-parent\" data-id=\"95103eb\" data-element_type=\"container\" data-e-type=\"container\">\n\t\t\t\t\t<div class=\"e-con-inner\">\n\t\t\t\t<div class=\"elementor-element elementor-element-046e2ea elementor-widget elementor-widget-image\" data-id=\"046e2ea\" data-element_type=\"widget\" data-e-type=\"widget\" data-widget_type=\"image.default\">\n\t\t\t\t\t\t\t\t\t\t\t\t<figure class=\"wp-caption\">\n\t\t\t\t\t\t\t\t\t\t\t<a href=\"https:\/\/soymigrante.com\/mercado\/marketplace\/mayaartgallery?srsltid=AfmBOoqTtKFY9UkqzHLIwgUxk7T_9u5jrGDuJE0imL5Hm38iFXF1FZq1\">\n\t\t\t\t\t\t\t<img fetchpriority=\"high\" decoding=\"async\" width=\"1024\" height=\"450\" src=\"https:\/\/soymigrante.com\/revista\/wp-content\/uploads\/2025\/01\/Hugo-Pichiya9-1024x450.png\" class=\"attachment-large size-large wp-image-19566\" alt=\"Aceite de oliva, arte y cultura maya, productos artesanales, \u00f3leo de 170 ml y fluorescentes de 37 ml, inspiraci\u00f3n en la cultura guatemalteca y migrante, en revista SoyMigrante.com.\" srcset=\"https:\/\/soymigrante.com\/revista\/wp-content\/uploads\/2025\/01\/Hugo-Pichiya9-1024x450.png 1024w, https:\/\/soymigrante.com\/revista\/wp-content\/uploads\/2025\/01\/Hugo-Pichiya9-300x132.png 300w, https:\/\/soymigrante.com\/revista\/wp-content\/uploads\/2025\/01\/Hugo-Pichiya9-768x337.png 768w, https:\/\/soymigrante.com\/revista\/wp-content\/uploads\/2025\/01\/Hugo-Pichiya9-1536x675.png 1536w, https:\/\/soymigrante.com\/revista\/wp-content\/uploads\/2025\/01\/Hugo-Pichiya9-750x329.webp 750w, https:\/\/soymigrante.com\/revista\/wp-content\/uploads\/2025\/01\/Hugo-Pichiya9-1140x501.webp 1140w, https:\/\/soymigrante.com\/revista\/wp-content\/uploads\/2025\/01\/Hugo-Pichiya9.webp 1653w\" sizes=\"(max-width: 1024px) 100vw, 1024px\" title=\"Hugo Pichiya9 \u2013 SoyMigrante.com REVISTA\" \/>\t\t\t\t\t\t\t\t<\/a>\n\t\t\t\t\t\t\t\t\t\t\t<figcaption class=\"widget-image-caption wp-caption-text\"><\/figcaption>\n\t\t\t\t\t\t\t\t\t\t<\/figure>\n\t\t\t\t\t\t\t\t\t<\/div>\n\t\t\t\t\t<\/div>\n\t\t\t\t<\/div>\n\t\t<div data-particle_enable=\"false\" data-particle-mobile-disabled=\"false\" class=\"elementor-element elementor-element-22537e7 e-flex e-con-boxed e-con e-parent\" data-id=\"22537e7\" data-element_type=\"container\" data-e-type=\"container\">\n\t\t\t\t\t<div class=\"e-con-inner\">\n\t\t\t\t<div class=\"elementor-element elementor-element-83547c2 elementor-widget elementor-widget-heading\" data-id=\"83547c2\" data-element_type=\"widget\" data-e-type=\"widget\" data-widget_type=\"heading.default\">\n\t\t\t\t\t<h3 class=\"elementor-heading-title elementor-size-default\">Un inicio marcado por la inspiraci\u00f3n<\/h3>\t\t\t\t<\/div>\n\t\t\t\t\t<\/div>\n\t\t\t\t<\/div>\n\t\t<div data-particle_enable=\"false\" data-particle-mobile-disabled=\"false\" class=\"elementor-element elementor-element-c929a4d e-flex e-con-boxed e-con e-parent\" data-id=\"c929a4d\" data-element_type=\"container\" data-e-type=\"container\">\n\t\t\t\t\t<div class=\"e-con-inner\">\n\t\t\t\t<div class=\"elementor-element elementor-element-3521f2f elementor-widget elementor-widget-text-editor\" data-id=\"3521f2f\" data-element_type=\"widget\" data-e-type=\"widget\" data-widget_type=\"text-editor.default\">\n\t\t\t\t\t\t\t\t\t<p>Hugo Leonel descubri\u00f3 su vocaci\u00f3n art\u00edstica observando al esposo de su t\u00eda, quien era pintor. Fascinado por las t\u00e9cnicas y los colores que ve\u00eda en sus obras, decidi\u00f3 aprender de \u00e9l.<\/p><p>Aunque su formaci\u00f3n inicial fue breve, lo poco que le ense\u00f1aron fue suficiente para despertar su curiosidad y empuje por perfeccionar su t\u00e9cnica.<\/p><p>Fue en su natal, San Juan Comalapa, un pueblo conocido por su riqueza art\u00edstica y cultural, donde Hugo comenz\u00f3 a explorar su talento. <\/p>\t\t\t\t\t\t\t\t<\/div>\n\t\t\t\t\t<\/div>\n\t\t\t\t<\/div>\n\t\t<div data-particle_enable=\"false\" data-particle-mobile-disabled=\"false\" class=\"elementor-element elementor-element-a2b2a6b e-flex e-con-boxed e-con e-parent\" data-id=\"a2b2a6b\" data-element_type=\"container\" data-e-type=\"container\">\n\t\t\t\t\t<div class=\"e-con-inner\">\n\t\t\t\t<div class=\"elementor-element elementor-element-bdf8225 elementor-widget elementor-widget-text-editor\" data-id=\"bdf8225\" data-element_type=\"widget\" data-e-type=\"widget\" data-widget_type=\"text-editor.default\">\n\t\t\t\t\t\t\t\t\t<p>Con recursos limitados, practicaba con los materiales que pod\u00eda conseguir, a menudo enfrentando la falta de apoyo financiero de su familia. Sin embargo, sus padres, aunque no pod\u00edan costear sus necesidades art\u00edsticas, siempre lo alentaron a seguir adelante con sus sue\u00f1os.<\/p>\t\t\t\t\t\t\t\t<\/div>\n\t\t\t\t\t<\/div>\n\t\t\t\t<\/div>\n\t\t<div data-particle_enable=\"false\" data-particle-mobile-disabled=\"false\" class=\"elementor-element elementor-element-a70bd52 e-flex e-con-boxed e-con e-parent\" data-id=\"a70bd52\" data-element_type=\"container\" data-e-type=\"container\">\n\t\t\t\t\t<div class=\"e-con-inner\">\n\t\t\t\t<div class=\"elementor-element elementor-element-f4971de elementor-invisible elementor-widget elementor-widget-testimonial\" data-id=\"f4971de\" data-element_type=\"widget\" data-e-type=\"widget\" data-settings=\"{&quot;_animation&quot;:&quot;rotateInUpRight&quot;}\" data-widget_type=\"testimonial.default\">\n\t\t\t\t\t\t\t<div class=\"elementor-testimonial-wrapper\">\n\t\t\t\t\t\t\t<div class=\"elementor-testimonial-content\">\"En mi casa no hab\u00eda recursos para comprar los materiales, pero mis padres siempre me motivaron. Me dec\u00edan que luchara por lo que quer\u00eda\u201d<\/div>\n\t\t\t\n\t\t\t\t\t\t<div class=\"elementor-testimonial-meta elementor-has-image elementor-testimonial-image-position-aside\">\n\t\t\t\t<div class=\"elementor-testimonial-meta-inner\">\n\t\t\t\t\t\t\t\t\t\t\t<div class=\"elementor-testimonial-image\">\n\t\t\t\t\t\t\t<a href=\"https:\/\/soymigrante.com\/mercado\/marketplace\/mayaartgallery\"><img decoding=\"async\" width=\"721\" height=\"1600\" src=\"https:\/\/soymigrante.com\/revista\/wp-content\/uploads\/2025\/01\/Hugo-Pichiya4.webp\" class=\"attachment-full size-full wp-image-19569\" alt=\"Amigo que pinta carpa koi en lienzo, arte tradicional, artista pintando acuarela, cultura y creatividad en M\u00e9xico, Pintor mexicano, proceso art\u00edstico y pasi\u00f3n por el arte en la comunidad.\" title=\"Hugo Pichiya4 \u2013 SoyMigrante.com REVISTA\" srcset=\"https:\/\/soymigrante.com\/revista\/wp-content\/uploads\/2025\/01\/Hugo-Pichiya4.webp 721w, https:\/\/soymigrante.com\/revista\/wp-content\/uploads\/2025\/01\/Hugo-Pichiya4-135x300.jpeg 135w, https:\/\/soymigrante.com\/revista\/wp-content\/uploads\/2025\/01\/Hugo-Pichiya4-461x1024.jpeg 461w, https:\/\/soymigrante.com\/revista\/wp-content\/uploads\/2025\/01\/Hugo-Pichiya4-692x1536.jpeg 692w\" sizes=\"(max-width: 721px) 100vw, 721px\" \/><\/a>\t\t\t\t\t\t<\/div>\n\t\t\t\t\t\n\t\t\t\t\t\t\t\t\t\t<div class=\"elementor-testimonial-details\">\n\t\t\t\t\t\t\t\t\t\t\t\t\t\t<a class=\"elementor-testimonial-name\" href=\"https:\/\/soymigrante.com\/mercado\/marketplace\/mayaartgallery\">Hugo Leonel Pichiy\u00e1<\/a>\n\t\t\t\t\t\t\t\t\t\t\t\t\t\t\t\t\t\t\t\t\t\t<a class=\"elementor-testimonial-job\" href=\"https:\/\/soymigrante.com\/mercado\/marketplace\/mayaartgallery\">Artista y emprendedor de San Juan Comalapa<\/a>\n\t\t\t\t\t\t\t\t\t\t\t\t\t<\/div>\n\t\t\t\t\t\t\t\t\t<\/div>\n\t\t\t<\/div>\n\t\t\t\t\t<\/div>\n\t\t\t\t\t\t<\/div>\n\t\t\t\t\t<\/div>\n\t\t\t\t<\/div>\n\t\t<div data-particle_enable=\"false\" data-particle-mobile-disabled=\"false\" class=\"elementor-element elementor-element-5a796cd e-flex e-con-boxed e-con e-parent\" data-id=\"5a796cd\" data-element_type=\"container\" data-e-type=\"container\">\n\t\t\t\t\t<div class=\"e-con-inner\">\n\t\t\t\t<div class=\"elementor-element elementor-element-e87338e elementor-widget elementor-widget-heading\" data-id=\"e87338e\" data-element_type=\"widget\" data-e-type=\"widget\" data-widget_type=\"heading.default\">\n\t\t\t\t\t<h3 class=\"elementor-heading-title elementor-size-default\">La evoluci\u00f3n de un artista autodidacta<\/h3>\t\t\t\t<\/div>\n\t\t\t\t\t<\/div>\n\t\t\t\t<\/div>\n\t\t<div data-particle_enable=\"false\" data-particle-mobile-disabled=\"false\" class=\"elementor-element elementor-element-24d78d2 e-flex e-con-boxed e-con e-parent\" data-id=\"24d78d2\" data-element_type=\"container\" data-e-type=\"container\">\n\t\t\t\t\t<div class=\"e-con-inner\">\n\t\t\t\t<div class=\"elementor-element elementor-element-fe53226 elementor-widget elementor-widget-text-editor\" data-id=\"fe53226\" data-element_type=\"widget\" data-e-type=\"widget\" data-widget_type=\"text-editor.default\">\n\t\t\t\t\t\t\t\t\t<p>Hace 25 a\u00f1os, Hugo empez\u00f3 su camino en el arte, pero fue hace 15 a\u00f1os cuando decidi\u00f3 dedicarse profesionalmente a la pintura. Las limitaciones econ\u00f3micas fueron un desaf\u00edo, pero pudo m\u00e1s la inspiraci\u00f3n.<\/p><p>Durante este tiempo, ha perfeccionado su t\u00e9cnica y desarrollado un estilo propio, con un enfoque especial en el arte figurativo. Este estilo le permite plasmar la vida real con un toque de creatividad y sensibilidad, logrando obras que cuentan historias y transmiten emociones profundas.<\/p>\t\t\t\t\t\t\t\t<\/div>\n\t\t\t\t\t<\/div>\n\t\t\t\t<\/div>\n\t\t<div data-particle_enable=\"false\" data-particle-mobile-disabled=\"false\" class=\"elementor-element elementor-element-803620b e-flex e-con-boxed e-con e-parent\" data-id=\"803620b\" data-element_type=\"container\" data-e-type=\"container\">\n\t\t\t\t\t<div class=\"e-con-inner\">\n\t\t\t\t<div class=\"elementor-element elementor-element-958e4b0 elementor-widget elementor-widget-html\" data-id=\"958e4b0\" data-element_type=\"widget\" data-e-type=\"widget\" data-widget_type=\"html.default\">\n\t\t\t\t\t<iframe width=\"560\" height=\"315\" src=\"https:\/\/www.youtube.com\/embed\/aiqFeibq1_I?si=I0oiaCPLnCwzIc1I\" title=\"YouTube video player\" frameborder=\"0\" allow=\"accelerometer; autoplay; clipboard-write; encrypted-media; gyroscope; picture-in-picture; web-share\" referrerpolicy=\"strict-origin-when-cross-origin\" allowfullscreen><\/iframe>\t\t\t\t<\/div>\n\t\t\t\t\t<\/div>\n\t\t\t\t<\/div>\n\t\t<div data-particle_enable=\"false\" data-particle-mobile-disabled=\"false\" class=\"elementor-element elementor-element-a351d5d e-flex e-con-boxed e-con e-parent\" data-id=\"a351d5d\" data-element_type=\"container\" data-e-type=\"container\">\n\t\t\t\t\t<div class=\"e-con-inner\">\n\t\t\t\t<div class=\"elementor-element elementor-element-5d42556 elementor-widget elementor-widget-heading\" data-id=\"5d42556\" data-element_type=\"widget\" data-e-type=\"widget\" data-widget_type=\"heading.default\">\n\t\t\t\t\t<h3 class=\"elementor-heading-title elementor-size-default\">Superando obst\u00e1culos y logrando reconocimientos<\/h3>\t\t\t\t<\/div>\n\t\t\t\t\t<\/div>\n\t\t\t\t<\/div>\n\t\t<div data-particle_enable=\"false\" data-particle-mobile-disabled=\"false\" class=\"elementor-element elementor-element-ceb1d06 e-flex e-con-boxed e-con e-parent\" data-id=\"ceb1d06\" data-element_type=\"container\" data-e-type=\"container\">\n\t\t\t\t\t<div class=\"e-con-inner\">\n\t\t\t\t<div class=\"elementor-element elementor-element-0214032 elementor-widget elementor-widget-text-editor\" data-id=\"0214032\" data-element_type=\"widget\" data-e-type=\"widget\" data-widget_type=\"text-editor.default\">\n\t\t\t\t\t\t\t\t\t<p>A pesar de los retos, Hugo ha logrado exponer sus obras en diversas galer\u00edas de arte, tanto en su comunidad como en otros lugares de Guatemala.<\/p><p>Estas presentaciones han sido posibles gracias al apoyo de empresas y organizaciones que han reconocido su talento. Sin embargo, para \u00e9l, la falta de espacios adecuados para mostrar y vender sus obras sigue siendo un desaf\u00edo.<\/p><p>\u201c<em>Hoy en d\u00eda es m\u00e1s dif\u00edcil encontrar lugares para vender mis obras, pero sigo buscando maneras de hacerlo. Mi mayor sue\u00f1o es participar en ferias internacionales y vender mi arte fuera de Guatemala.<\/em>\u201d, expresa con determinaci\u00f3n.<\/p>\t\t\t\t\t\t\t\t<\/div>\n\t\t\t\t\t<\/div>\n\t\t\t\t<\/div>\n\t\t<div data-particle_enable=\"false\" data-particle-mobile-disabled=\"false\" class=\"elementor-element elementor-element-540b20d e-flex e-con-boxed e-con e-parent\" data-id=\"540b20d\" data-element_type=\"container\" data-e-type=\"container\">\n\t\t\t\t\t<div class=\"e-con-inner\">\n\t\t\t\t<div class=\"elementor-element elementor-element-5f6279f elementor-widget elementor-widget-gallery\" data-id=\"5f6279f\" data-element_type=\"widget\" data-e-type=\"widget\" data-settings=\"{&quot;columns&quot;:2,&quot;aspect_ratio&quot;:&quot;1:1&quot;,&quot;lazyload&quot;:&quot;yes&quot;,&quot;gallery_layout&quot;:&quot;grid&quot;,&quot;columns_tablet&quot;:2,&quot;columns_mobile&quot;:1,&quot;gap&quot;:{&quot;unit&quot;:&quot;px&quot;,&quot;size&quot;:10,&quot;sizes&quot;:[]},&quot;gap_tablet&quot;:{&quot;unit&quot;:&quot;px&quot;,&quot;size&quot;:10,&quot;sizes&quot;:[]},&quot;gap_mobile&quot;:{&quot;unit&quot;:&quot;px&quot;,&quot;size&quot;:10,&quot;sizes&quot;:[]},&quot;link_to&quot;:&quot;file&quot;,&quot;overlay_background&quot;:&quot;yes&quot;,&quot;content_hover_animation&quot;:&quot;fade-in&quot;}\" data-widget_type=\"gallery.default\">\n\t\t\t\t\t\t\t<div class=\"elementor-gallery__container\">\n\t\t\t\t\t\t\t<a class=\"e-gallery-item elementor-gallery-item elementor-animated-content\" href=\"https:\/\/soymigrante.com\/revista\/wp-content\/uploads\/2025\/01\/Hugo-Pichiya5-1.webp\" data-elementor-open-lightbox=\"yes\" data-elementor-lightbox-slideshow=\"5f6279f\" data-elementor-lightbox-description=\"La imagen muestra a un artista pintando un lienzo con una t\u00e9cnica precisa y colorido vibrante, en un ambiente de taller, promoviendo la cultura art\u00edstica y la creatividad.\" data-e-action-hash=\"#elementor-action%3Aaction%3Dlightbox%26settings%3DeyJpZCI6MTk1NzMsInVybCI6Imh0dHBzOlwvXC9zb3ltaWdyYW50ZS5jb21cL3JldmlzdGFcL3dwLWNvbnRlbnRcL3VwbG9hZHNcLzIwMjVcLzAxXC9IdWdvLVBpY2hpeWE1LTEud2VicCIsInNsaWRlc2hvdyI6IjVmNjI3OWYifQ%3D%3D\">\n\t\t\t\t\t<div class=\"e-gallery-image elementor-gallery-item__image\" data-thumbnail=\"https:\/\/soymigrante.com\/revista\/wp-content\/uploads\/2025\/01\/Hugo-Pichiya5-1-461x1024.jpeg\" data-width=\"461\" data-height=\"1024\" aria-label=\"Colaborador creando arte en lienzo con t\u00e9cnica detallada y estilo moderno, en un entorno de taller de pintura.\" role=\"img\" ><\/div>\n\t\t\t\t\t\t\t\t\t\t\t<div class=\"elementor-gallery-item__overlay\"><\/div>\n\t\t\t\t\t\t\t\t\t\t\t\t\t\t<\/a>\n\t\t\t\t\t\t\t<a class=\"e-gallery-item elementor-gallery-item elementor-animated-content\" href=\"https:\/\/soymigrante.com\/revista\/wp-content\/uploads\/2025\/01\/PTYXsCEAXegReSmlA4dUcIW53zktLhMRWMuOKloS.webp\" data-elementor-open-lightbox=\"yes\" data-elementor-lightbox-slideshow=\"5f6279f\" data-elementor-lightbox-title=\"PTYXsCEAXegReSmlA4dUcIW53zktLhMRWMuOKloS\" data-elementor-lightbox-description=\"Una escena de mujeres ind\u00edgenas navegando en un lago guatemalteco, destacando la riqueza cultural, los trajes t\u00edpicos y el paisaje natural con monta\u00f1as y cielo claro.\" data-e-action-hash=\"#elementor-action%3Aaction%3Dlightbox%26settings%3DeyJpZCI6MTk3NTAsInVybCI6Imh0dHBzOlwvXC9zb3ltaWdyYW50ZS5jb21cL3JldmlzdGFcL3dwLWNvbnRlbnRcL3VwbG9hZHNcLzIwMjVcLzAxXC9QVFlYc0NFQVhlZ1JlU21sQTRkVWNJVzUzemt0TGhNUldNdU9LbG9TLndlYnAiLCJzbGlkZXNob3ciOiI1ZjYyNzlmIn0%3D\">\n\t\t\t\t\t<div class=\"e-gallery-image elementor-gallery-item__image\" data-thumbnail=\"https:\/\/soymigrante.com\/revista\/wp-content\/uploads\/2025\/01\/PTYXsCEAXegReSmlA4dUcIW53zktLhMRWMuOKloS.webp\" data-width=\"480\" data-height=\"974\" aria-label=\"Barco tradicional en un lago con mujeres ind\u00edgenas en atuendos coloridos, monta\u00f1as y cielo despejado al fondo, reflejando cultura y belleza natural de Guatemala.\" role=\"img\" ><\/div>\n\t\t\t\t\t\t\t\t\t\t\t<div class=\"elementor-gallery-item__overlay\"><\/div>\n\t\t\t\t\t\t\t\t\t\t\t\t\t\t<\/a>\n\t\t\t\t\t\t\t<a class=\"e-gallery-item elementor-gallery-item elementor-animated-content\" href=\"https:\/\/soymigrante.com\/revista\/wp-content\/uploads\/2025\/01\/3396OKc78sZNK4h9nF8MVolk8IS94fQsjZ9X933s.webp\" data-elementor-open-lightbox=\"yes\" data-elementor-lightbox-slideshow=\"5f6279f\" data-elementor-lightbox-title=\"3396OKc78sZNK4h9nF8MVolk8IS94fQsjZ9X933s\" data-elementor-lightbox-description=\"Vaca en un paisaje agr\u00edcola con volc\u00e1n en el fondo, campesinos junto a un r\u00edo y carreta, resaltando la vida rural, la agricultura y la naturaleza en un entorno monta\u00f1oso.\" data-e-action-hash=\"#elementor-action%3Aaction%3Dlightbox%26settings%3DeyJpZCI6MTk3NTEsInVybCI6Imh0dHBzOlwvXC9zb3ltaWdyYW50ZS5jb21cL3JldmlzdGFcL3dwLWNvbnRlbnRcL3VwbG9hZHNcLzIwMjVcLzAxXC8zMzk2T0tjNzhzWk5LNGg5bkY4TVZvbGs4SVM5NGZRc2paOVg5MzNzLndlYnAiLCJzbGlkZXNob3ciOiI1ZjYyNzlmIn0%3D\">\n\t\t\t\t\t<div class=\"e-gallery-image elementor-gallery-item__image\" data-thumbnail=\"https:\/\/soymigrante.com\/revista\/wp-content\/uploads\/2025\/01\/3396OKc78sZNK4h9nF8MVolk8IS94fQsjZ9X933s.webp\" data-width=\"480\" data-height=\"237\" aria-label=\"Vaca en un paisaje rural con volc\u00e1n en el fondo, en un entorno natural con \u00e1rboles, r\u00edo y campesinos con carreta, representando la vida rural y la agricultura en un entorno de monta\u00f1a.\" role=\"img\" ><\/div>\n\t\t\t\t\t\t\t\t\t\t\t<div class=\"elementor-gallery-item__overlay\"><\/div>\n\t\t\t\t\t\t\t\t\t\t\t\t\t\t<\/a>\n\t\t\t\t\t\t\t<a class=\"e-gallery-item elementor-gallery-item elementor-animated-content\" href=\"https:\/\/soymigrante.com\/revista\/wp-content\/uploads\/2025\/01\/bpDWKPtgFTp7X4esydnu6wnt24UHkIymKY6JXQzo.webp\" data-elementor-open-lightbox=\"yes\" data-elementor-lightbox-slideshow=\"5f6279f\" data-elementor-lightbox-title=\"bpDWKPtgFTp7X4esydnu6wnt24UHkIymKY6JXQzo\" data-elementor-lightbox-description=\"Una ni\u00f1a ind\u00edgena vestida con ropa tradicional y sombrero en un muelle con vistas a un r\u00edo y paisaje natural, destacando la cultura ind\u00edgena y la conexi\u00f3n con la naturaleza en Am\u00e9rica Latina.\" data-e-action-hash=\"#elementor-action%3Aaction%3Dlightbox%26settings%3DeyJpZCI6MTk3NTIsInVybCI6Imh0dHBzOlwvXC9zb3ltaWdyYW50ZS5jb21cL3JldmlzdGFcL3dwLWNvbnRlbnRcL3VwbG9hZHNcLzIwMjVcLzAxXC9icERXS1B0Z0ZUcDdYNGVzeWRudTZ3bnQyNFVIa0l5bUtZNkpYUXpvLndlYnAiLCJzbGlkZXNob3ciOiI1ZjYyNzlmIn0%3D\">\n\t\t\t\t\t<div class=\"e-gallery-image elementor-gallery-item__image\" data-thumbnail=\"https:\/\/soymigrante.com\/revista\/wp-content\/uploads\/2025\/01\/bpDWKPtgFTp7X4esydnu6wnt24UHkIymKY6JXQzo.webp\" data-width=\"480\" data-height=\"640\" aria-label=\"Ni\u00f1a ind\u00edgena con ropa tradicional en un muelle junto a un r\u00edo, con un paisaje natural y \u00e1rboles en el fondo, representando la cultura y diversidad en Am\u00e9rica Latina.\" role=\"img\" ><\/div>\n\t\t\t\t\t\t\t\t\t\t\t<div class=\"elementor-gallery-item__overlay\"><\/div>\n\t\t\t\t\t\t\t\t\t\t\t\t\t\t<\/a>\n\t\t\t\t\t<\/div>\n\t\t\t\t\t<\/div>\n\t\t\t\t\t<\/div>\n\t\t\t\t<\/div>\n\t\t<div data-particle_enable=\"false\" data-particle-mobile-disabled=\"false\" class=\"elementor-element elementor-element-7e2c116 e-flex e-con-boxed e-con e-parent\" data-id=\"7e2c116\" data-element_type=\"container\" data-e-type=\"container\">\n\t\t\t\t\t<div class=\"e-con-inner\">\n\t\t\t\t<div class=\"elementor-element elementor-element-2ba8d4a elementor-widget elementor-widget-heading\" data-id=\"2ba8d4a\" data-element_type=\"widget\" data-e-type=\"widget\" data-widget_type=\"heading.default\">\n\t\t\t\t\t<h3 class=\"elementor-heading-title elementor-size-default\">\nDiversificaci\u00f3n como clave para avanzar<\/h3>\t\t\t\t<\/div>\n\t\t\t\t\t<\/div>\n\t\t\t\t<\/div>\n\t\t<div data-particle_enable=\"false\" data-particle-mobile-disabled=\"false\" class=\"elementor-element elementor-element-841369a e-flex e-con-boxed e-con e-parent\" data-id=\"841369a\" data-element_type=\"container\" data-e-type=\"container\">\n\t\t\t\t\t<div class=\"e-con-inner\">\n\t\t\t\t<div class=\"elementor-element elementor-element-77ed45b elementor-widget elementor-widget-text-editor\" data-id=\"77ed45b\" data-element_type=\"widget\" data-e-type=\"widget\" data-widget_type=\"text-editor.default\">\n\t\t\t\t\t\t\t\t\t<p>Consciente de las dificultades que enfrentan los artistas para acceder a materiales de calidad, Hugo tambi\u00e9n se dedica a la venta de insumos art\u00edsticos en <a href=\"https:\/\/soymigrante.com\/mercado\/marketplace\/mayaartgallery\">Maya Art Gallery.\u00a0<\/a><\/p><p>Este emprendimiento no solo le permite generar ingresos adicionales, sino que tambi\u00e9n contribuye a que otros artistas puedan desarrollar su talento sin tantas limitaciones econ\u00f3micas.<\/p><p>Adem\u00e1s, ha complementado su formaci\u00f3n art\u00edstica con estudios en negocios empresariales, entendiendo que el arte, como cualquier otra profesi\u00f3n, requiere conocimientos en gesti\u00f3n y comercializaci\u00f3n.<\/p><p>\u201c<em>He estudiado lo que es negocio empresarial para formarme profesionalmente, porque es un campo que necesito desarrollar<\/em>\u201d, afirma.<\/p>\t\t\t\t\t\t\t\t<\/div>\n\t\t\t\t\t<\/div>\n\t\t\t\t<\/div>\n\t\t<div data-particle_enable=\"false\" data-particle-mobile-disabled=\"false\" class=\"elementor-element elementor-element-8acb28f e-flex e-con-boxed e-con e-parent\" data-id=\"8acb28f\" data-element_type=\"container\" data-e-type=\"container\">\n\t\t\t\t\t<div class=\"e-con-inner\">\n\t\t\t\t<div class=\"elementor-element elementor-element-c599987 elementor-widget elementor-widget-heading\" data-id=\"c599987\" data-element_type=\"widget\" data-e-type=\"widget\" data-widget_type=\"heading.default\">\n\t\t\t\t\t<h3 class=\"elementor-heading-title elementor-size-default\">San Juan Comalapa: su hogar y su inspiraci\u00f3n<\/h3>\t\t\t\t<\/div>\n\t\t\t\t\t<\/div>\n\t\t\t\t<\/div>\n\t\t<div data-particle_enable=\"false\" data-particle-mobile-disabled=\"false\" class=\"elementor-element elementor-element-3509a6e e-flex e-con-boxed e-con e-parent\" data-id=\"3509a6e\" data-element_type=\"container\" data-e-type=\"container\">\n\t\t\t\t\t<div class=\"e-con-inner\">\n\t\t\t\t<div class=\"elementor-element elementor-element-480dc3f elementor-widget elementor-widget-text-editor\" data-id=\"480dc3f\" data-element_type=\"widget\" data-e-type=\"widget\" data-widget_type=\"text-editor.default\">\n\t\t\t\t\t\t\t\t\t<p>San Juan Comalapa, conocido como la \u201cFlorencia de Am\u00e9rica\u201d por su gran riqueza de pintores, ha sido el escenario principal de la vida de Hugo. Sigue la huella de grandes maestros del arte popular, que valoran y enaltecen las costumbres, tradiciones y culturas del pa\u00eds.<\/p><p>Rodeado de murales, talleres y una comunidad que respira arte, encuentra en su entorno la inspiraci\u00f3n para muchas de sus obras.<\/p>\t\t\t\t\t\t\t\t<\/div>\n\t\t\t\t\t<\/div>\n\t\t\t\t<\/div>\n\t\t<div data-particle_enable=\"false\" data-particle-mobile-disabled=\"false\" class=\"elementor-element elementor-element-86bc84e e-flex e-con-boxed e-con e-parent\" data-id=\"86bc84e\" data-element_type=\"container\" data-e-type=\"container\">\n\t\t\t\t\t<div class=\"e-con-inner\">\n\t\t\t\t<div class=\"elementor-element elementor-element-13068f6 elementor-widget elementor-widget-html\" data-id=\"13068f6\" data-element_type=\"widget\" data-e-type=\"widget\" data-widget_type=\"html.default\">\n\t\t\t\t\t<iframe src=\"https:\/\/www.google.com\/maps\/embed?pb=!1m18!1m12!1m3!1d10510.528206023851!2d-90.8879292!3d14.7380406!2m3!1f0!2f0!3f0!3m2!1i1024!2i768!4f13.1!3m3!1m2!1s0x85896a1717824f61%3A0x457c5da10f3c237a!2sComalapa!5e1!3m2!1ses!2sgt!4v1772757969992!5m2!1ses!2sgt\" width=\"600\" height=\"450\" style=\"border:0;\" allowfullscreen=\"\" loading=\"lazy\" referrerpolicy=\"no-referrer-when-downgrade\"><\/iframe>\t\t\t\t<\/div>\n\t\t\t\t\t<\/div>\n\t\t\t\t<\/div>\n\t\t<div data-particle_enable=\"false\" data-particle-mobile-disabled=\"false\" class=\"elementor-element elementor-element-65bb966 e-flex e-con-boxed e-con e-parent\" data-id=\"65bb966\" data-element_type=\"container\" data-e-type=\"container\">\n\t\t\t\t\t<div class=\"e-con-inner\">\n\t\t\t\t<div class=\"elementor-element elementor-element-bb68c2c elementor-widget elementor-widget-heading\" data-id=\"bb68c2c\" data-element_type=\"widget\" data-e-type=\"widget\" data-widget_type=\"heading.default\">\n\t\t\t\t\t<h3 class=\"elementor-heading-title elementor-size-default\">Un sue\u00f1o en expansi\u00f3n: llevar su arte al mundo<\/h3>\t\t\t\t<\/div>\n\t\t\t\t\t<\/div>\n\t\t\t\t<\/div>\n\t\t<div data-particle_enable=\"false\" data-particle-mobile-disabled=\"false\" class=\"elementor-element elementor-element-4346153 e-flex e-con-boxed e-con e-parent\" data-id=\"4346153\" data-element_type=\"container\" data-e-type=\"container\">\n\t\t\t\t\t<div class=\"e-con-inner\">\n\t\t\t\t<div class=\"elementor-element elementor-element-cd2a366 elementor-widget elementor-widget-text-editor\" data-id=\"cd2a366\" data-element_type=\"widget\" data-e-type=\"widget\" data-widget_type=\"text-editor.default\">\n\t\t\t\t\t\t\t\t\t<p>Aunque Hugo ha enfrentado limitaciones f\u00edsicas que le han impedido participar en ferias presenciales, no ha dejado que eso lo detenga. Gracias a plataformas como <a href=\"https:\/\/soymigrante.com\/mercado\/\" target=\"_blank\" rel=\"noopener\">SoyMigrante.com<\/a>, espera alcanzar nuevos p\u00fablicos y mostrar su talento m\u00e1s all\u00e1 de las fronteras de Guatemala.<\/p><p>\u201cS\u00e9 que con esta oportunidad podr\u00e9 compartir mi arte con m\u00e1s personas y lograr el sue\u00f1o de que mis obras viajen a otros pa\u00edses\u201d, comenta con esperanza.<\/p>\t\t\t\t\t\t\t\t<\/div>\n\t\t\t\t\t<\/div>\n\t\t\t\t<\/div>\n\t\t<div data-particle_enable=\"false\" data-particle-mobile-disabled=\"false\" class=\"elementor-element elementor-element-9ac81bd e-flex e-con-boxed e-con e-parent\" data-id=\"9ac81bd\" data-element_type=\"container\" data-e-type=\"container\">\n\t\t\t\t\t<div class=\"e-con-inner\">\n\t\t\t\t<div class=\"elementor-element elementor-element-103c1e2 elementor-widget elementor-widget-text-editor\" data-id=\"103c1e2\" data-element_type=\"widget\" data-e-type=\"widget\" data-widget_type=\"text-editor.default\">\n\t\t\t\t\t\t\t\t\t<p>Hugo Leonel Pichiya no solo es un pintor; es un ejemplo de c\u00f3mo la pasi\u00f3n y la perseverancia pueden superar las adversidades. Su amor por el arte figurativo, su dedicaci\u00f3n a perfeccionar su t\u00e9cnica y su deseo de compartir su trabajo con el mundo lo convierten en un referente para otros artistas, a trav\u00e9s de<a href=\"https:\/\/soymigrante.com\/mercado\/marketplace\/mayaartgallery?srsltid=AfmBOoqTtKFY9UkqzHLIwgUxk7T_9u5jrGDuJE0imL5Hm38iFXF1FZq1\"> bastidores y pinceles de calidad disponibles en Maya Art Gallery.<\/a><\/p><p>Desde San Juan Comalapa, Hugo sigue pintando con la misma pasi\u00f3n que ten\u00eda cuando era ni\u00f1o, demostrando que el arte no tiene l\u00edmites y que cada pincelada es una oportunidad para contar una nueva historia.<\/p>\t\t\t\t\t\t\t\t<\/div>\n\t\t\t\t\t<\/div>\n\t\t\t\t<\/div>\n\t\t<div data-particle_enable=\"false\" data-particle-mobile-disabled=\"false\" class=\"elementor-element elementor-element-69508d1 e-flex e-con-boxed e-con e-parent\" data-id=\"69508d1\" data-element_type=\"container\" data-e-type=\"container\">\n\t\t\t\t\t<div class=\"e-con-inner\">\n\t\t\t\t<div class=\"elementor-element elementor-element-e61377a elementor-widget elementor-widget-heading\" data-id=\"e61377a\" data-element_type=\"widget\" data-e-type=\"widget\" data-widget_type=\"heading.default\">\n\t\t\t\t\t<h2 class=\"elementor-heading-title elementor-size-default\">Detr\u00e1s de cada emprendedor, una historia<\/h2>\t\t\t\t<\/div>\n\t\t\t\t\t<\/div>\n\t\t\t\t<\/div>\n\t\t<div data-particle_enable=\"false\" data-particle-mobile-disabled=\"false\" class=\"elementor-element elementor-element-13afe70 e-flex e-con-boxed e-con e-parent\" data-id=\"13afe70\" data-element_type=\"container\" data-e-type=\"container\">\n\t\t\t\t\t<div class=\"e-con-inner\">\n\t\t\t\t<div class=\"elementor-element elementor-element-72eca98 elementor-grid-eael-col-3 elementor-grid-tablet-eael-col-2 elementor-grid-mobile-eael-col-1 elementor-widget elementor-widget-eael-post-grid\" data-id=\"72eca98\" data-element_type=\"widget\" data-e-type=\"widget\" data-settings=\"{&quot;eael_post_grid_columns&quot;:&quot;eael-col-3&quot;,&quot;eael_post_grid_columns_tablet&quot;:&quot;eael-col-2&quot;,&quot;eael_post_grid_columns_mobile&quot;:&quot;eael-col-1&quot;}\" data-widget_type=\"eael-post-grid.default\">\n\t\t\t\t\t<div id=\"eael-post-grid-72eca98\" class=\"eael-post-grid-container\">\n            <div class=\"eael-post-grid eael-post-appender eael-post-appender-72eca98 eael-post-grid-style-one\" data-layout-mode=\"masonry\"><article class=\"eael-grid-post  eael-post-grid-column eael-pg-post-11094 category-guate-nuestra tags-mercado-emprendedores\" data-id=\"11094\">\n        <div class=\"eael-grid-post-holder\">\n            <div class=\"eael-grid-post-holder-inner\"><div class=\"eael-entry-media\"><div class=\"eael-entry-overlay fade-in\"><i class=\"far fa-hand-pointer\" aria-hidden=\"true\"><\/i><a href=\"https:\/\/soymigrante.com\/revista\/emprendedora-lilia-rojas-elabora-joyas-con-creatividad-marca-livero\/\"><\/a><\/div><div class=\"eael-entry-thumbnail \">\n                <img decoding=\"async\" width=\"690\" height=\"690\" src=\"https:\/\/soymigrante.com\/revista\/wp-content\/uploads\/2024\/11\/livero-lilia-rojas.webp\" class=\"attachment-large size-large wp-image-12312\" alt=\"Vera artesan\u00eda de collar y pulsera con piedras turquoise y madera en tonos marr\u00f3n y azul. Accesorios artesanales \u00fanicos hechos a mano para estilo bohemio y \u00e9tnico.\" srcset=\"https:\/\/soymigrante.com\/revista\/wp-content\/uploads\/2024\/11\/livero-lilia-rojas.webp 690w, https:\/\/soymigrante.com\/revista\/wp-content\/uploads\/2024\/11\/livero-lilia-rojas-300x300.webp 300w, https:\/\/soymigrante.com\/revista\/wp-content\/uploads\/2024\/11\/livero-lilia-rojas-150x150.webp 150w, https:\/\/soymigrante.com\/revista\/wp-content\/uploads\/2024\/11\/livero-lilia-rojas-75x75.webp 75w\" sizes=\"(max-width: 690px) 100vw, 690px\" \/>\n            <\/div>\n        <\/div><div class=\"eael-entry-wrapper\"><header class=\"eael-entry-header\"><h2 class=\"eael-entry-title\"><a class=\"eael-grid-post-link\" href=\"https:\/\/soymigrante.com\/revista\/emprendedora-lilia-rojas-elabora-joyas-con-creatividad-marca-livero\/\" title=\"Emprendedora Lilia Rojas libera su creatividad con joyas artesanales Livero\">Emprendedora Lilia Rojas libera su creatividad con joyas artesanales Livero<\/a><\/h2><\/header><div class=\"eael-entry-content\">\n                        <div class=\"eael-grid-post-excerpt\"><a href=\"https:\/\/soymigrante.com\/revista\/emprendedora-lilia-rojas-elabora-joyas-con-creatividad-marca-livero\/\" class=\"eael-post-elements-readmore-btn\">CONOCE SU HISTORIA <\/a><\/div>\n                    <\/div><\/div><\/div>\n        <\/div>\n    <\/article><article class=\"eael-grid-post  eael-post-grid-column eael-pg-post-18254 category-guate-nuestra tags-mercado-emprendedores\" data-id=\"18254\">\n        <div class=\"eael-grid-post-holder\">\n            <div class=\"eael-grid-post-holder-inner\"><div class=\"eael-entry-media\"><div class=\"eael-entry-overlay fade-in\"><i class=\"far fa-hand-pointer\" aria-hidden=\"true\"><\/i><a href=\"https:\/\/soymigrante.com\/revista\/kemon-collection-tejiendo-suenos-y-conservando-tradiciones-ancestrales\/\"><\/a><\/div><div class=\"eael-entry-thumbnail \">\n                <img loading=\"lazy\" decoding=\"async\" width=\"1024\" height=\"1024\" src=\"https:\/\/soymigrante.com\/revista\/wp-content\/uploads\/2024\/12\/kemon-1024x1024.jpg\" class=\"attachment-large size-large wp-image-18269\" alt=\"Artesana mostrando textiles tradicionales en feria de cultura ind\u00edgena en M\u00e9xico.\" srcset=\"https:\/\/soymigrante.com\/revista\/wp-content\/uploads\/2024\/12\/kemon-1024x1024.jpg 1024w, https:\/\/soymigrante.com\/revista\/wp-content\/uploads\/2024\/12\/kemon-300x300.jpg 300w, https:\/\/soymigrante.com\/revista\/wp-content\/uploads\/2024\/12\/kemon-150x150.jpg 150w, https:\/\/soymigrante.com\/revista\/wp-content\/uploads\/2024\/12\/kemon-768x768.jpg 768w, https:\/\/soymigrante.com\/revista\/wp-content\/uploads\/2024\/12\/kemon-75x75.webp 75w, https:\/\/soymigrante.com\/revista\/wp-content\/uploads\/2024\/12\/kemon-750x750.webp 750w, https:\/\/soymigrante.com\/revista\/wp-content\/uploads\/2024\/12\/kemon.webp 1080w\" sizes=\"(max-width: 1024px) 100vw, 1024px\" \/>\n            <\/div>\n        <\/div><div class=\"eael-entry-wrapper\"><header class=\"eael-entry-header\"><h2 class=\"eael-entry-title\"><a class=\"eael-grid-post-link\" href=\"https:\/\/soymigrante.com\/revista\/kemon-collection-tejiendo-suenos-y-conservando-tradiciones-ancestrales\/\" title=\"Kemon Collection: Tejiendo sue\u00f1os y conservando tradiciones ancestrales\">Kemon Collection: Tejiendo sue\u00f1os y conservando tradiciones ancestrales<\/a><\/h2><\/header><div class=\"eael-entry-content\">\n                        <div class=\"eael-grid-post-excerpt\"><a href=\"https:\/\/soymigrante.com\/revista\/kemon-collection-tejiendo-suenos-y-conservando-tradiciones-ancestrales\/\" class=\"eael-post-elements-readmore-btn\">CONOCE SU HISTORIA <\/a><\/div>\n                    <\/div><\/div><\/div>\n        <\/div>\n    <\/article><article class=\"eael-grid-post  eael-post-grid-column eael-pg-post-17848 category-guate-nuestra tags-mercado-emprendedores\" data-id=\"17848\">\n        <div class=\"eael-grid-post-holder\">\n            <div class=\"eael-grid-post-holder-inner\"><div class=\"eael-entry-media\"><div class=\"eael-entry-overlay fade-in\"><i class=\"far fa-hand-pointer\" aria-hidden=\"true\"><\/i><a href=\"https:\/\/soymigrante.com\/revista\/mayan-dog-cuando-el-carino-por-tu-mascota-se-encuentra-con-la-tradicion-textil\/\"><\/a><\/div><div class=\"eael-entry-thumbnail \">\n                <img loading=\"lazy\" decoding=\"async\" width=\"1024\" height=\"1024\" src=\"https:\/\/soymigrante.com\/revista\/wp-content\/uploads\/2024\/12\/mayan-dog-mercado-1024x1024.jpg\" class=\"attachment-large size-large wp-image-17879\" alt=\"Perro joven con pelaje claro y camiseta a rayas roja, sentado en banco de madera, expresi\u00f3n amigable y feliz.\" srcset=\"https:\/\/soymigrante.com\/revista\/wp-content\/uploads\/2024\/12\/mayan-dog-mercado-1024x1024.jpg 1024w, https:\/\/soymigrante.com\/revista\/wp-content\/uploads\/2024\/12\/mayan-dog-mercado-300x300.jpg 300w, https:\/\/soymigrante.com\/revista\/wp-content\/uploads\/2024\/12\/mayan-dog-mercado-150x150.jpg 150w, https:\/\/soymigrante.com\/revista\/wp-content\/uploads\/2024\/12\/mayan-dog-mercado-768x768.jpg 768w, https:\/\/soymigrante.com\/revista\/wp-content\/uploads\/2024\/12\/mayan-dog-mercado-75x75.webp 75w, https:\/\/soymigrante.com\/revista\/wp-content\/uploads\/2024\/12\/mayan-dog-mercado-750x750.webp 750w, https:\/\/soymigrante.com\/revista\/wp-content\/uploads\/2024\/12\/mayan-dog-mercado.webp 1080w\" sizes=\"(max-width: 1024px) 100vw, 1024px\" \/>\n            <\/div>\n        <\/div><div class=\"eael-entry-wrapper\"><header class=\"eael-entry-header\"><h2 class=\"eael-entry-title\"><a class=\"eael-grid-post-link\" href=\"https:\/\/soymigrante.com\/revista\/mayan-dog-cuando-el-carino-por-tu-mascota-se-encuentra-con-la-tradicion-textil\/\" title=\"Emprendimiento Mayan Dog: Cuando el cari\u00f1o por tu mascota se encuentra con la creatividad textil\">Emprendimiento Mayan Dog: Cuando el cari\u00f1o por tu mascota se encuentra con la creatividad textil<\/a><\/h2><\/header><div class=\"eael-entry-content\">\n                        <div class=\"eael-grid-post-excerpt\"><a href=\"https:\/\/soymigrante.com\/revista\/mayan-dog-cuando-el-carino-por-tu-mascota-se-encuentra-con-la-tradicion-textil\/\" class=\"eael-post-elements-readmore-btn\">CONOCE SU HISTORIA <\/a><\/div>\n                    <\/div><\/div><\/div>\n        <\/div>\n    <\/article><\/div>\n            <div class=\"clearfix\"><\/div>\n        <\/div>\t\t\t\t<\/div>\n\t\t\t\t\t<\/div>\n\t\t\t\t<\/div>\n\t\t\t\t<\/div>\n\t\t","protected":false},"excerpt":{"rendered":"<p>Hugo Leonel Pichiy\u00e1 no solo es un pintor; es un ejemplo de c\u00f3mo la pasi\u00f3n y la perseverancia pueden superar las adversidades. Abri\u00f3 su tienda digital de materiales art\u00edsticos en MERCADO. Hugo Leonel Pichiy\u00e1, pintor de San Juan Comalapa, Chimaltenango, crea constantemente escenas tradicionales guatemaltecas, pero tambi\u00e9n elabora obras de arte figurativo. Su pasi\u00f3n es [&hellip;]<\/p>\n","protected":false},"author":19,"featured_media":19744,"comment_status":"open","ping_status":"open","sticky":false,"template":"","format":"standard","meta":{"_acf_changed":false,"_eb_attr":"","footnotes":""},"categories":[58],"tags":[130],"class_list":["post-19561","post","type-post","status-publish","format-standard","has-post-thumbnail","hentry","category-guate-nuestra","tag-mercado-emprendedores"],"acf":[],"aioseo_notices":[],"aioseo_head":"\n\t\t<!-- All in One SEO Pro 4.9.6.2 - aioseo.com -->\n\t<meta name=\"description\" content=\"Desde 2019, Mauricio Aguilar dise\u00f1a chalecos t\u00edpicos para perros bajo su marca Mayan Dog, la cual ya cruza fronteras y genera oportunidades laborales textiles.\" \/>\n\t<meta name=\"robots\" content=\"max-snippet:-1, max-image-preview:large, max-video-preview:-1\" \/>\n\t<meta name=\"author\" content=\"Beatriz Tercero\"\/>\n\t<link rel=\"canonical\" href=\"https:\/\/soymigrante.com\/revista\/mayan-dog-cuando-el-carino-por-tu-mascota-se-encuentra-con-la-tradicion-textil\/\" \/>\n\t<meta name=\"generator\" content=\"All in One SEO Pro (AIOSEO) 4.9.6.2\" \/>\n\n\t\t<link rel=\"preconnect\" href=\"https:\/\/fonts.googleapis.com\" crossorigin>\n<link rel=\"preconnect\" href=\"https:\/\/fonts.gstatic.com\" crossorigin>\n\t\t<meta property=\"og:locale\" content=\"es_ES\" \/>\n\t\t<meta property=\"og:site_name\" content=\"SoyMigrante.com REVISTA \u2013 Nuestra misi\u00f3n es reconocer y dignificar al migrante.\" \/>\n\t\t<meta property=\"og:type\" content=\"article\" \/>\n\t\t<meta property=\"og:title\" content=\"Mayan Dog: un negocio que combina amor por las mascotas\" \/>\n\t\t<meta property=\"og:description\" content=\"Desde 2019, Mauricio Aguilar dise\u00f1a chalecos t\u00edpicos para perros bajo su marca Mayan Dog, la cual ya cruza fronteras y genera oportunidades laborales textiles.\" \/>\n\t\t<meta property=\"og:url\" content=\"https:\/\/soymigrante.com\/revista\/mayan-dog-cuando-el-carino-por-tu-mascota-se-encuentra-con-la-tradicion-textil\/\" \/>\n\t\t<meta property=\"og:image\" content=\"https:\/\/soymigrante.com\/revista\/wp-content\/uploads\/2024\/12\/mayan-dog-mercado.webp\" \/>\n\t\t<meta property=\"og:image:secure_url\" content=\"https:\/\/soymigrante.com\/revista\/wp-content\/uploads\/2024\/12\/mayan-dog-mercado.webp\" \/>\n\t\t<meta property=\"og:image:width\" content=\"1080\" \/>\n\t\t<meta property=\"og:image:height\" content=\"1080\" \/>\n\t\t<meta property=\"article:published_time\" content=\"2024-12-24T12:00:00+00:00\" \/>\n\t\t<meta property=\"article:modified_time\" content=\"2025-01-21T14:08:02+00:00\" \/>\n\t\t<meta property=\"article:publisher\" content=\"https:\/\/www.facebook.com\/soymigrantecom\" \/>\n\t\t<meta name=\"twitter:card\" content=\"summary_large_image\" \/>\n\t\t<meta name=\"twitter:site\" content=\"@SoyMigrante_com\" \/>\n\t\t<meta name=\"twitter:title\" content=\"Mayan Dog: un negocio que combina amor por las mascotas\" \/>\n\t\t<meta name=\"twitter:description\" content=\"Desde 2019, Mauricio Aguilar dise\u00f1a chalecos t\u00edpicos para perros bajo su marca Mayan Dog, la cual ya cruza fronteras y genera oportunidades laborales textiles.\" \/>\n\t\t<meta name=\"twitter:creator\" content=\"@SoyMigrante_com\" \/>\n\t\t<meta name=\"twitter:image\" content=\"https:\/\/soymigrante.com\/revista\/wp-content\/uploads\/2024\/12\/mayan-dog-mercado.webp\" \/>\n\t\t<!-- All in One SEO Pro -->\r\n\t\t<title>Mayan Dog: un negocio que combina amor por las mascotas<\/title>\n\n","aioseo_head_json":{"title":"Mayan Dog: un negocio que combina amor por las mascotas","description":"Desde 2019, Mauricio Aguilar dise\u00f1a chalecos t\u00edpicos para perros bajo su marca Mayan Dog, la cual ya cruza fronteras y genera oportunidades laborales textiles.","canonical_url":"https:\/\/soymigrante.com\/revista\/mayan-dog-cuando-el-carino-por-tu-mascota-se-encuentra-con-la-tradicion-textil\/","robots":"max-snippet:-1, max-image-preview:large, max-video-preview:-1","keywords":"","webmasterTools":{"miscellaneous":"&lt;link rel=\"preconnect\" href=\"https:\/\/fonts.googleapis.com\" crossorigin&gt;\n&lt;link rel=\"preconnect\" href=\"https:\/\/fonts.gstatic.com\" crossorigin&gt;"},"schema":null,"og:locale":"es_ES","og:site_name":"SoyMigrante.com REVISTA \u2013 Nuestra misi\u00f3n es reconocer y dignificar al migrante.","og:type":"article","og:title":"Mayan Dog: un negocio que combina amor por las mascotas","og:description":"Desde 2019, Mauricio Aguilar dise\u00f1a chalecos t\u00edpicos para perros bajo su marca Mayan Dog, la cual ya cruza fronteras y genera oportunidades laborales textiles.","og:url":"https:\/\/soymigrante.com\/revista\/mayan-dog-cuando-el-carino-por-tu-mascota-se-encuentra-con-la-tradicion-textil\/","og:image":"https:\/\/soymigrante.com\/revista\/wp-content\/uploads\/2024\/12\/mayan-dog-mercado.webp","og:image:secure_url":"https:\/\/soymigrante.com\/revista\/wp-content\/uploads\/2024\/12\/mayan-dog-mercado.webp","og:image:width":1080,"og:image:height":1080,"article:published_time":"2024-12-24T12:00:00+00:00","article:modified_time":"2025-01-21T14:08:02+00:00","article:publisher":"https:\/\/www.facebook.com\/soymigrantecom","twitter:card":"summary_large_image","twitter:site":"@SoyMigrante_com","twitter:title":"Mayan Dog: un negocio que combina amor por las mascotas","twitter:description":"Desde 2019, Mauricio Aguilar dise\u00f1a chalecos t\u00edpicos para perros bajo su marca Mayan Dog, la cual ya cruza fronteras y genera oportunidades laborales textiles.","twitter:creator":"@SoyMigrante_com","twitter:image":"https:\/\/soymigrante.com\/revista\/wp-content\/uploads\/2024\/12\/mayan-dog-mercado.webp"},"aioseo_meta_data":{"post_id":"19561","title":"Pintor Hugo Pichiy\u00e1 distribuye material para artistas","description":"Hugo Leonel Pichiya no solo es un pintor; es un ejemplo de c\u00f3mo la perseverancia puede superar las adversidades. Abri\u00f3 su tienda Maya Art Gallery en Mercado.","keywords":null,"keyphrases":{"focus":{"keyphrase":"Hugo","score":91,"analysis":{"keyphraseInTitle":{"score":9,"maxScore":9,"error":0},"keyphraseInDescription":{"score":9,"maxScore":9,"error":0},"keyphraseLength":{"score":9,"maxScore":9,"error":0,"length":1},"keyphraseInURL":{"score":5,"maxScore":5,"error":0},"keyphraseInIntroduction":{"score":9,"maxScore":9,"error":0},"keyphraseInSubHeadings":{"score":3,"maxScore":9,"error":1},"keyphraseInImageAlt":{"score":9,"maxScore":9,"error":0},"keywordDensity":{"type":"best","score":9,"maxScore":9,"error":0}}},"additional":[{"keyphrase":"Hugo","score":100,"analysis":{"keyphraseInDescription":{"score":9,"maxScore":9,"error":0},"keyphraseLength":{"score":9,"maxScore":9,"error":0,"length":1},"keyphraseInIntroduction":{"score":9,"maxScore":9,"error":0},"keyphraseInImageAlt":{"score":9,"maxScore":9,"error":0},"keywordDensity":{"type":"best","score":9,"maxScore":9,"error":0}}},{"keyphrase":"Pasi\u00f3n","score":87,"analysis":{"keyphraseInDescription":{"score":3,"maxScore":9,"error":1},"keyphraseLength":{"score":9,"maxScore":9,"error":0,"length":2},"keyphraseInIntroduction":{"score":9,"maxScore":9,"error":0},"keyphraseInImageAlt":{"score":9,"maxScore":9,"error":0},"keywordDensity":{"type":"best","score":9,"maxScore":9,"error":0}}}]},"primary_term":null,"canonical_url":null,"og_title":null,"og_description":null,"og_object_type":"default","og_image_type":"default","og_image_url":null,"og_image_width":null,"og_image_height":null,"og_image_custom_url":null,"og_image_custom_fields":null,"og_video":"","og_custom_url":null,"og_article_section":null,"og_article_tags":null,"twitter_use_og":false,"twitter_card":"default","twitter_image_type":"default","twitter_image_url":null,"twitter_image_custom_url":null,"twitter_image_custom_fields":null,"twitter_title":null,"twitter_description":null,"schema":{"blockGraphs":[],"customGraphs":[],"default":{"data":{"Article":[],"Course":[],"Dataset":[],"FAQPage":[],"Movie":[],"Person":[],"Product":[],"ProductReview":[],"Car":[],"Recipe":[],"Service":[],"SoftwareApplication":[],"WebPage":[]},"graphName":"none","isEnabled":true},"graphs":[]},"schema_type":"default","schema_type_options":null,"pillar_content":false,"robots_default":true,"robots_noindex":false,"robots_noarchive":false,"robots_nosnippet":false,"robots_nofollow":false,"robots_noimageindex":false,"robots_noodp":false,"robots_notranslate":false,"robots_max_snippet":"-1","robots_max_videopreview":"-1","robots_max_imagepreview":"large","priority":null,"frequency":"default","local_seo":null,"seo_analyzer_scan_date":"2026-03-09 21:43:29","breadcrumb_settings":null,"limit_modified_date":false,"reviewed_by":"0","open_ai":"{\"title\":{\"suggestions\":[],\"usage\":0},\"description\":{\"suggestions\":[],\"usage\":0}}","ai":{"faqs":[],"keyPoints":[],"titles":[],"descriptions":[],"socialPosts":{"email":[],"linkedin":[],"twitter":[],"facebook":[],"instagram":[]}},"created":"2025-01-07 18:08:17","updated":"2026-03-09 21:43:29"},"aioseo_breadcrumb":"<div class=\"aioseo-breadcrumbs\"><span class=\"aioseo-breadcrumb\">\n\t<a href=\"https:\/\/soymigrante.com\/revista\" title=\"Home\">Home<\/a>\n<\/span><span class=\"aioseo-breadcrumb-separator\">\u00bb<\/span><span class=\"aioseo-breadcrumb\">\n\t<a href=\"https:\/\/soymigrante.com\/revista\/category\/guate-nuestra\/\" title=\"Guate Nuestra\">Guate Nuestra<\/a>\n<\/span><span class=\"aioseo-breadcrumb-separator\">\u00bb<\/span><span class=\"aioseo-breadcrumb\">\n\tHugo Pichiy\u00e1 retrata la vida de Comalapa y abri\u00f3 su galer\u00eda digital en MERCADO\n<\/span><\/div>","aioseo_breadcrumb_json":[{"label":"Home","link":"https:\/\/soymigrante.com\/revista"},{"label":"Guate Nuestra","link":"https:\/\/soymigrante.com\/revista\/category\/guate-nuestra\/"},{"label":"Hugo Pichiy\u00e1 retrata la vida de Comalapa y abri\u00f3 su galer\u00eda digital en MERCADO","link":"https:\/\/soymigrante.com\/revista\/hugo-pichiya-retrata-la-vida-desde-san-juan-comalapa-y-abrio-su-galeria-digital-en-mercado\/"}],"_links":{"self":[{"href":"https:\/\/soymigrante.com\/revista\/wp-json\/wp\/v2\/posts\/19561","targetHints":{"allow":["GET"]}}],"collection":[{"href":"https:\/\/soymigrante.com\/revista\/wp-json\/wp\/v2\/posts"}],"about":[{"href":"https:\/\/soymigrante.com\/revista\/wp-json\/wp\/v2\/types\/post"}],"author":[{"embeddable":true,"href":"https:\/\/soymigrante.com\/revista\/wp-json\/wp\/v2\/users\/19"}],"replies":[{"embeddable":true,"href":"https:\/\/soymigrante.com\/revista\/wp-json\/wp\/v2\/comments?post=19561"}],"version-history":[{"count":29,"href":"https:\/\/soymigrante.com\/revista\/wp-json\/wp\/v2\/posts\/19561\/revisions"}],"predecessor-version":[{"id":53334,"href":"https:\/\/soymigrante.com\/revista\/wp-json\/wp\/v2\/posts\/19561\/revisions\/53334"}],"wp:featuredmedia":[{"embeddable":true,"href":"https:\/\/soymigrante.com\/revista\/wp-json\/wp\/v2\/media\/19744"}],"wp:attachment":[{"href":"https:\/\/soymigrante.com\/revista\/wp-json\/wp\/v2\/media?parent=19561"}],"wp:term":[{"taxonomy":"category","embeddable":true,"href":"https:\/\/soymigrante.com\/revista\/wp-json\/wp\/v2\/categories?post=19561"},{"taxonomy":"post_tag","embeddable":true,"href":"https:\/\/soymigrante.com\/revista\/wp-json\/wp\/v2\/tags?post=19561"}],"curies":[{"name":"wp","href":"https:\/\/api.w.org\/{rel}","templated":true}]}}