{"id":1954,"date":"2023-07-26T15:58:23","date_gmt":"2023-07-26T15:58:23","guid":{"rendered":"https:\/\/soymigrante.com\/revista\/?p=1954"},"modified":"2026-03-11T16:50:24","modified_gmt":"2026-03-11T22:50:24","slug":"julio-alvarado-migrante-contador-musico","status":"publish","type":"post","link":"https:\/\/soymigrante.com\/revista\/julio-alvarado-migrante-contador-musico\/","title":{"rendered":"Julio Alvarado: Migrante, m\u00fasico y altruista guatemalteco"},"content":{"rendered":"\t\t<div data-elementor-type=\"wp-post\" data-elementor-id=\"1954\" class=\"elementor elementor-1954\" data-elementor-post-type=\"post\">\n\t\t\t\t\t\t<section data-particle_enable=\"false\" data-particle-mobile-disabled=\"false\" class=\"elementor-section elementor-top-section elementor-element elementor-element-ccbdf99 elementor-section-boxed elementor-section-height-default elementor-section-height-default\" data-id=\"ccbdf99\" data-element_type=\"section\" data-e-type=\"section\">\n\t\t\t\t\t\t<div class=\"elementor-container elementor-column-gap-default\">\n\t\t\t\t\t<div class=\"elementor-column elementor-col-100 elementor-top-column elementor-element elementor-element-9bb3de1\" data-id=\"9bb3de1\" data-element_type=\"column\" data-e-type=\"column\">\n\t\t\t<div class=\"elementor-widget-wrap elementor-element-populated\">\n\t\t\t\t\t\t<div class=\"elementor-element elementor-element-5c284d7 elementor-widget elementor-widget-heading\" data-id=\"5c284d7\" data-element_type=\"widget\" data-e-type=\"widget\" data-widget_type=\"heading.default\">\n\t\t\t\t\t<h1 class=\"elementor-heading-title elementor-size-default\">Ten\u00eda listo el boleto para regresar a Guatemala en 2008, cuando se abri\u00f3 una oportunidad. Julio es contador, m\u00fasico, migrante pero sobre todo un guatemalteco dispuesto a aportar.  <\/h1>\t\t\t\t<\/div>\n\t\t\t\t\t<\/div>\n\t\t<\/div>\n\t\t\t\t\t<\/div>\n\t\t<\/section>\n\t\t\t\t<section data-particle_enable=\"false\" data-particle-mobile-disabled=\"false\" class=\"elementor-section elementor-top-section elementor-element elementor-element-28d9781 elementor-section-boxed elementor-section-height-default elementor-section-height-default\" data-id=\"28d9781\" data-element_type=\"section\" data-e-type=\"section\">\n\t\t\t\t\t\t<div class=\"elementor-container elementor-column-gap-default\">\n\t\t\t\t\t<div class=\"elementor-column elementor-col-100 elementor-top-column elementor-element elementor-element-6ffd491\" data-id=\"6ffd491\" data-element_type=\"column\" data-e-type=\"column\">\n\t\t\t<div class=\"elementor-widget-wrap elementor-element-populated\">\n\t\t\t\t\t\t<div class=\"elementor-element elementor-element-b75f8f2 elementor-widget elementor-widget-text-editor\" data-id=\"b75f8f2\" data-element_type=\"widget\" data-e-type=\"widget\" data-widget_type=\"text-editor.default\">\n\t\t\t\t\t\t\t\t\t<p>Hay que aclararlo de entrada: Al migrante guatemalteco Julio Alvarado n<span style=\"background-color: var(--ak-bg-color);\">o le gusta presumir la obra ben\u00e9fica que realiza de manera personal con sus propios recursos.\u00a0<\/span><span style=\"background-color: var(--ak-bg-color); color: var( --e-global-color-text );\">No lo hace por notoriedad sino por convicci\u00f3n de ayudar al pa\u00eds. Por eso se toma el tiempo de viajar desde California, donde reside, hasta su natal Sacatep\u00e9quez.<\/span><\/p><p><span style=\"background-color: var(--ak-bg-color); color: var( --e-global-color-text );\">Apoya un proyecto de marimba escolar en una escuela de Santo Domingo Xenacoj, Sacatep\u00e9quez. \u201cQuiero que los ni\u00f1os tengan mejores oportunidades. Quiero que se eduquen. Deseo que aprendan, que sean profesionales para que no tengan que migrar. Sobre todo quiero que sean guatemaltecos orgullosos de sus ra\u00edces\u201d, expresa durante una estad\u00eda de pocos d\u00edas en Antigua Guatemala, su pueblo natal.<br \/><\/span><\/p><p><span style=\"background-color: var(--ak-bg-color); color: var( --e-global-color-text );\">&#8220;Yo vivo en Estados Unidos desde hace casi 20 a\u00f1os pero me considero 100 por ciento chap\u00edn. 100 por ciento antig\u00fce\u00f1o&#8221;, exclama con orgullo. Su trabajo en los \u00faltimos 15 a\u00f1os ha sido en contabilidad y administraci\u00f3n, una oportunidad que lleg\u00f3 cuando estaba a punto de volver al pa\u00eds tras ser empleado consular entre 2005 y 2008.<\/span><\/p>\t\t\t\t\t\t\t\t<\/div>\n\t\t\t\t\t<\/div>\n\t\t<\/div>\n\t\t\t\t\t<\/div>\n\t\t<\/section>\n\t\t\t\t<section data-particle_enable=\"false\" data-particle-mobile-disabled=\"false\" class=\"elementor-section elementor-top-section elementor-element elementor-element-7845e83 elementor-section-boxed elementor-section-height-default elementor-section-height-default\" data-id=\"7845e83\" data-element_type=\"section\" data-e-type=\"section\">\n\t\t\t\t\t\t<div class=\"elementor-container elementor-column-gap-default\">\n\t\t\t\t\t<div class=\"elementor-column elementor-col-100 elementor-top-column elementor-element elementor-element-92ee487\" data-id=\"92ee487\" data-element_type=\"column\" data-e-type=\"column\">\n\t\t\t<div class=\"elementor-widget-wrap elementor-element-populated\">\n\t\t\t\t\t\t<div class=\"elementor-element elementor-element-60e6ae0 elementor-widget elementor-widget-image\" data-id=\"60e6ae0\" data-element_type=\"widget\" data-e-type=\"widget\" data-widget_type=\"image.default\">\n\t\t\t\t\t\t\t\t\t\t\t\t<figure class=\"wp-caption\">\n\t\t\t\t\t\t\t\t\t\t<img fetchpriority=\"high\" decoding=\"async\" width=\"1024\" height=\"768\" src=\"https:\/\/soymigrante.com\/revista\/wp-content\/uploads\/2023\/07\/IMG-20230704-WA0035-1024x768.webp\" class=\"attachment-large size-large wp-image-1957\" alt=\"Julio Alvarado se siente orgulloso de ser antig\u00fce\u00f1o de pura cepa. Hospedarse en su pueblo le regresa a aquellos a\u00f1os de ni\u00f1ez y juventud, aunque extra\u00f1a el clima y el silencio de anta\u00f1o.\" srcset=\"https:\/\/soymigrante.com\/revista\/wp-content\/uploads\/2023\/07\/IMG-20230704-WA0035-1024x768.webp 1024w, https:\/\/soymigrante.com\/revista\/wp-content\/uploads\/2023\/07\/IMG-20230704-WA0035-300x225.webp 300w, https:\/\/soymigrante.com\/revista\/wp-content\/uploads\/2023\/07\/IMG-20230704-WA0035-768x576.webp 768w, https:\/\/soymigrante.com\/revista\/wp-content\/uploads\/2023\/07\/IMG-20230704-WA0035-750x563.webp 750w, https:\/\/soymigrante.com\/revista\/wp-content\/uploads\/2023\/07\/IMG-20230704-WA0035-1140x855.webp 1140w, https:\/\/soymigrante.com\/revista\/wp-content\/uploads\/2023\/07\/IMG-20230704-WA0035.webp 1296w\" sizes=\"(max-width: 1024px) 100vw, 1024px\" title=\"Julio Alvarado se siente orgulloso de ser antig\u00fce\u00f1o de pura cepa. Hospedarse en su pueblo le regresa a aquellos a\u00f1os de ni\u00f1ez y juventud, aunque extra\u00f1a el clima y el silencio de anta\u00f1o. \u2013 SoyMigrante.com REVISTA\" \/>\t\t\t\t\t\t\t\t\t\t\t<figcaption class=\"widget-image-caption wp-caption-text\">Julio Alvarado se siente orgulloso de ser antig\u00fce\u00f1o de pura cepa. Hospedarse en su pueblo le regresa a aquellos a\u00f1os de ni\u00f1ez y juventud, aunque extra\u00f1a el clima y el silencio de anta\u00f1o.<\/figcaption>\n\t\t\t\t\t\t\t\t\t\t<\/figure>\n\t\t\t\t\t\t\t\t\t<\/div>\n\t\t\t\t\t<\/div>\n\t\t<\/div>\n\t\t\t\t\t<\/div>\n\t\t<\/section>\n\t\t\t\t<section data-particle_enable=\"false\" data-particle-mobile-disabled=\"false\" class=\"elementor-section elementor-top-section elementor-element elementor-element-4b6375a elementor-section-boxed elementor-section-height-default elementor-section-height-default\" data-id=\"4b6375a\" data-element_type=\"section\" data-e-type=\"section\">\n\t\t\t\t\t\t<div class=\"elementor-container elementor-column-gap-default\">\n\t\t\t\t\t<div class=\"elementor-column elementor-col-100 elementor-top-column elementor-element elementor-element-a7a2c0e\" data-id=\"a7a2c0e\" data-element_type=\"column\" data-e-type=\"column\">\n\t\t\t<div class=\"elementor-widget-wrap elementor-element-populated\">\n\t\t\t\t\t\t<div class=\"elementor-element elementor-element-2a43d1a elementor-widget elementor-widget-heading\" data-id=\"2a43d1a\" data-element_type=\"widget\" data-e-type=\"widget\" data-widget_type=\"heading.default\">\n\t\t\t\t\t<h2 class=\"elementor-heading-title elementor-size-default\">Cuentas claras y ganas de trabajar<\/h2>\t\t\t\t<\/div>\n\t\t\t\t\t<\/div>\n\t\t<\/div>\n\t\t\t\t\t<\/div>\n\t\t<\/section>\n\t\t\t\t<section data-particle_enable=\"false\" data-particle-mobile-disabled=\"false\" class=\"elementor-section elementor-top-section elementor-element elementor-element-576acac elementor-section-boxed elementor-section-height-default elementor-section-height-default\" data-id=\"576acac\" data-element_type=\"section\" data-e-type=\"section\">\n\t\t\t\t\t\t<div class=\"elementor-container elementor-column-gap-default\">\n\t\t\t\t\t<div class=\"elementor-column elementor-col-100 elementor-top-column elementor-element elementor-element-5422709\" data-id=\"5422709\" data-element_type=\"column\" data-e-type=\"column\">\n\t\t\t<div class=\"elementor-widget-wrap elementor-element-populated\">\n\t\t\t\t\t\t<div class=\"elementor-element elementor-element-21ac81c elementor-widget elementor-widget-text-editor\" data-id=\"21ac81c\" data-element_type=\"widget\" data-e-type=\"widget\" data-widget_type=\"text-editor.default\">\n\t\t\t\t\t\t\t\t\t<p>&#8220;Cuando cambian los gobiernos, no importa si usted trabaj\u00f3 bien o no. Cada gobierno lleva su gente. Yo trabaj\u00e9 apoyando a migrantes guatemaltecos e incluso facilitando el retorno de algunos que se hab\u00edan asilado por la guerra. Pero en 2008 con el cambio de gobierno, nos despidieron. Compr\u00e9 mi boleto para regresar a Guatemala, pero un amigo me dijo si quer\u00eda una recomendaci\u00f3n para un trabajo&#8221;. Yo hab\u00eda estudiado para Perito Contador, cuando hice el diversificado en Antigua Guatemala.<\/p><p>&#8220;Me dio una direcci\u00f3n y result\u00f3 ser una mansi\u00f3n. Era una se\u00f1ora que necesitaba alguien que llevara su contabilidad, pagos y administrar algunos alquileres. Yo le dije que ya me iba de regreso a mi pa\u00eds. &#8216;Intente una semana y si le gusta el trabajo, se queda, si no puede irse&#8217;.\u00a0 Y me qued\u00e9 trabajando hasta la fecha.\u00a0 Encontr\u00e9 desorden en cuentas y me puse a poner cada cuenta en su lugar. Us\u00e9 libros f\u00edsicos para llevar ingresos, gastos, pagos. Ten\u00eda que hacer retiros de dinero y siempre entregaba cuentas. La se\u00f1ora me dec\u00eda: \u00a1eres muy honrado! Y yo le dec\u00eda: eso aprend\u00ed en mi casa.\u00a0 Ella trabajaba en Disney y le iba muy bien. Ya no ten\u00eda que preocuparse por la contabilidad. Me dio carro, me pagaba bien.. Por eso yo digo que la honradez siempre abre puertas&#8221;.<\/p>\t\t\t\t\t\t\t\t<\/div>\n\t\t\t\t\t<\/div>\n\t\t<\/div>\n\t\t\t\t\t<\/div>\n\t\t<\/section>\n\t\t\t\t<section data-particle_enable=\"false\" data-particle-mobile-disabled=\"false\" class=\"elementor-section elementor-top-section elementor-element elementor-element-616fde0 elementor-section-boxed elementor-section-height-default elementor-section-height-default\" data-id=\"616fde0\" data-element_type=\"section\" data-e-type=\"section\">\n\t\t\t\t\t\t<div class=\"elementor-container elementor-column-gap-default\">\n\t\t\t\t\t<div class=\"elementor-column elementor-col-100 elementor-top-column elementor-element elementor-element-04b4ae6\" data-id=\"04b4ae6\" data-element_type=\"column\" data-e-type=\"column\">\n\t\t\t<div class=\"elementor-widget-wrap elementor-element-populated\">\n\t\t\t\t\t\t<div class=\"elementor-element elementor-element-3c2426f elementor-invisible elementor-widget elementor-widget-testimonial\" data-id=\"3c2426f\" data-element_type=\"widget\" data-e-type=\"widget\" data-settings=\"{&quot;_animation&quot;:&quot;rotateInUpLeft&quot;}\" data-widget_type=\"testimonial.default\">\n\t\t\t\t\t\t\t<div class=\"elementor-testimonial-wrapper\">\n\t\t\t\t\t\t\t<div class=\"elementor-testimonial-content\">\"\u00a1Eres muy honrado, me dijo. Y yo le respond\u00ed: es lo que aprend\u00ed en mi casa!\".<\/div>\n\t\t\t\n\t\t\t\t\t\t<div class=\"elementor-testimonial-meta elementor-has-image elementor-testimonial-image-position-aside\">\n\t\t\t\t<div class=\"elementor-testimonial-meta-inner\">\n\t\t\t\t\t\t\t\t\t\t\t<div class=\"elementor-testimonial-image\">\n\t\t\t\t\t\t\t<img decoding=\"async\" width=\"608\" height=\"513\" src=\"https:\/\/soymigrante.com\/revista\/wp-content\/uploads\/2023\/07\/julito.webp\" class=\"attachment-full size-full wp-image-1959\" alt=\"\" title=\"julito \u2013 SoyMigrante.com REVISTA\" srcset=\"https:\/\/soymigrante.com\/revista\/wp-content\/uploads\/2023\/07\/julito.webp 608w, https:\/\/soymigrante.com\/revista\/wp-content\/uploads\/2023\/07\/julito-300x253.webp 300w\" sizes=\"(max-width: 608px) 100vw, 608px\" \/>\t\t\t\t\t\t<\/div>\n\t\t\t\t\t\n\t\t\t\t\t\t\t\t\t\t<div class=\"elementor-testimonial-details\">\n\t\t\t\t\t\t\t\t\t\t\t\t\t\t<div class=\"elementor-testimonial-name\">Julio Alvarado<\/div>\n\t\t\t\t\t\t\t\t\t\t\t\t\t\t\t\t\t\t\t\t\t\t<div class=\"elementor-testimonial-job\">Contador, m\u00fasico y migrante guatemalteco<\/div>\n\t\t\t\t\t\t\t\t\t\t\t\t\t<\/div>\n\t\t\t\t\t\t\t\t\t<\/div>\n\t\t\t<\/div>\n\t\t\t\t\t<\/div>\n\t\t\t\t\t\t<\/div>\n\t\t\t\t\t<\/div>\n\t\t<\/div>\n\t\t\t\t\t<\/div>\n\t\t<\/section>\n\t\t\t\t<section data-particle_enable=\"false\" data-particle-mobile-disabled=\"false\" class=\"elementor-section elementor-top-section elementor-element elementor-element-8200797 elementor-section-boxed elementor-section-height-default elementor-section-height-default\" data-id=\"8200797\" data-element_type=\"section\" data-e-type=\"section\">\n\t\t\t\t\t\t<div class=\"elementor-container elementor-column-gap-default\">\n\t\t\t\t\t<div class=\"elementor-column elementor-col-100 elementor-top-column elementor-element elementor-element-7f5ed13\" data-id=\"7f5ed13\" data-element_type=\"column\" data-e-type=\"column\">\n\t\t\t<div class=\"elementor-widget-wrap elementor-element-populated\">\n\t\t\t\t\t\t<div class=\"elementor-element elementor-element-f035944 elementor-widget elementor-widget-spacer\" data-id=\"f035944\" data-element_type=\"widget\" data-e-type=\"widget\" data-widget_type=\"spacer.default\">\n\t\t\t\t\t\t\t<div class=\"elementor-spacer\">\n\t\t\t<div class=\"elementor-spacer-inner\"><\/div>\n\t\t<\/div>\n\t\t\t\t\t\t<\/div>\n\t\t\t\t\t<\/div>\n\t\t<\/div>\n\t\t\t\t\t<\/div>\n\t\t<\/section>\n\t\t\t\t<section data-particle_enable=\"false\" data-particle-mobile-disabled=\"false\" class=\"elementor-section elementor-top-section elementor-element elementor-element-2cb1bbe elementor-section-boxed elementor-section-height-default elementor-section-height-default\" data-id=\"2cb1bbe\" data-element_type=\"section\" data-e-type=\"section\">\n\t\t\t\t\t\t<div class=\"elementor-container elementor-column-gap-default\">\n\t\t\t\t\t<div class=\"elementor-column elementor-col-100 elementor-top-column elementor-element elementor-element-2279058\" data-id=\"2279058\" data-element_type=\"column\" data-e-type=\"column\">\n\t\t\t<div class=\"elementor-widget-wrap elementor-element-populated\">\n\t\t\t\t\t\t<div class=\"elementor-element elementor-element-8b3baab elementor-widget elementor-widget-heading\" data-id=\"8b3baab\" data-element_type=\"widget\" data-e-type=\"widget\" data-widget_type=\"heading.default\">\n\t\t\t\t\t<h2 class=\"elementor-heading-title elementor-size-default\">Apoyo personal a buenas causas<\/h2>\t\t\t\t<\/div>\n\t\t\t\t\t<\/div>\n\t\t<\/div>\n\t\t\t\t\t<\/div>\n\t\t<\/section>\n\t\t\t\t<section data-particle_enable=\"false\" data-particle-mobile-disabled=\"false\" class=\"elementor-section elementor-top-section elementor-element elementor-element-1080525 elementor-section-boxed elementor-section-height-default elementor-section-height-default\" data-id=\"1080525\" data-element_type=\"section\" data-e-type=\"section\">\n\t\t\t\t\t\t<div class=\"elementor-container elementor-column-gap-default\">\n\t\t\t\t\t<div class=\"elementor-column elementor-col-100 elementor-top-column elementor-element elementor-element-3a0e247\" data-id=\"3a0e247\" data-element_type=\"column\" data-e-type=\"column\">\n\t\t\t<div class=\"elementor-widget-wrap elementor-element-populated\">\n\t\t\t\t\t\t<div class=\"elementor-element elementor-element-9bd6dbd elementor-widget elementor-widget-text-editor\" data-id=\"9bd6dbd\" data-element_type=\"widget\" data-e-type=\"widget\" data-widget_type=\"text-editor.default\">\n\t\t\t\t\t\t\t\t\t<p><span style=\"background-color: var(--ak-bg-color);\">Julio Alvarado es una persona altruista y siempre est\u00e1 dispuesto a apoyar a quien lo necesite, en la medida de sus posibilidades.\u00a0<\/span><span style=\"font-family: Roboto, sans-serif; font-size: 16px; font-style: normal; font-variant-ligatures: normal; font-variant-caps: normal; font-weight: 400; color: var( --e-global-color-text ); background-color: var(--ak-bg-color);\">\u00a0El primer proyecto fue en un peque\u00f1o terreno.\u00a0<\/span><span style=\"font-family: Roboto, sans-serif; font-size: 16px; font-style: normal; font-variant-ligatures: normal; font-variant-caps: normal; font-weight: 400; color: var( --e-global-color-text ); background-color: var(--ak-bg-color);\">&#8220;Ten\u00eda un amigo de Santo Domingo Xenacoj que le regal\u00f3 un pedacito de terreno a una se\u00f1ora de muy escasos recursos que apenas sobreviv\u00eda de lavar ajeno. Yo le aport\u00e9 la construcci\u00f3n de su casa, as\u00ed callada la boca. Pero como no solo se trata de dar, sino de generar oportunidades, la apoyamos para que creara su negocio de verduras. Le dimos un peque\u00f1o capital y con \u00e9l las adquiri\u00f3 y sali\u00f3 adelante&#8221;.<\/span><span style=\"background-color: var(--ak-bg-color); color: var( --e-global-color-text );\">\u00a0<\/span><\/p><p><span style=\"background-color: var(--ak-bg-color); color: var( --e-global-color-text );\">Sin embargo ha tenido sinsabores.<\/span><\/p><p><span style=\"background-color: var(--ak-bg-color); color: var( --e-global-color-text );\">El af\u00e1n de aporte de Julio le llev\u00f3 a participar en reunir recursos para apoyar a las v\u00edctimas de la tragedia del Volc\u00e1n de Fuego en 2018. &#8220;Conseguimos un equipo de m\u00e9dicos a ayudar. Ellos donaron equipos e insumos para la jornada y los enviaron al pa\u00eds Pero cuando llegamos, muchos de esos aparatos se los hab\u00edan robado. Equipos de 5 mil o 10 mil d\u00f3lares no aparecieron. Y al reclamar, nos echaron a la polic\u00eda&#8221;.<\/span><\/p>\t\t\t\t\t\t\t\t<\/div>\n\t\t\t\t\t<\/div>\n\t\t<\/div>\n\t\t\t\t\t<\/div>\n\t\t<\/section>\n\t\t\t\t<section data-particle_enable=\"false\" data-particle-mobile-disabled=\"false\" class=\"elementor-section elementor-top-section elementor-element elementor-element-6021d26 elementor-section-boxed elementor-section-height-default elementor-section-height-default\" data-id=\"6021d26\" data-element_type=\"section\" data-e-type=\"section\">\n\t\t\t\t\t\t<div class=\"elementor-container elementor-column-gap-default\">\n\t\t\t\t\t<div class=\"elementor-column elementor-col-100 elementor-top-column elementor-element elementor-element-3c48a05\" data-id=\"3c48a05\" data-element_type=\"column\" data-e-type=\"column\">\n\t\t\t<div class=\"elementor-widget-wrap elementor-element-populated\">\n\t\t\t\t\t\t<div class=\"elementor-element elementor-element-f2dfbc6 elementor-widget elementor-widget-image\" data-id=\"f2dfbc6\" data-element_type=\"widget\" data-e-type=\"widget\" data-widget_type=\"image.default\">\n\t\t\t\t\t\t\t\t\t\t\t\t<figure class=\"wp-caption\">\n\t\t\t\t\t\t\t\t\t\t<img decoding=\"async\" width=\"960\" height=\"720\" src=\"https:\/\/soymigrante.com\/revista\/wp-content\/uploads\/2023\/07\/JULIO-ALVARADO.webp\" class=\"attachment-large size-large wp-image-1960\" alt=\"La mayor alegr\u00eda del migrante Julio Alvarado en cada visita a Guatemala es aportar alegr\u00eda y apoyar el talento art\u00edstico escolar de Santo Domingo Xenacoj. Lo hace sin querer presumir ni figurar, solo construir futuro y esperanza.\" srcset=\"https:\/\/soymigrante.com\/revista\/wp-content\/uploads\/2023\/07\/JULIO-ALVARADO.webp 960w, https:\/\/soymigrante.com\/revista\/wp-content\/uploads\/2023\/07\/JULIO-ALVARADO-300x225.webp 300w, https:\/\/soymigrante.com\/revista\/wp-content\/uploads\/2023\/07\/JULIO-ALVARADO-768x576.webp 768w, https:\/\/soymigrante.com\/revista\/wp-content\/uploads\/2023\/07\/JULIO-ALVARADO-750x563.webp 750w\" sizes=\"(max-width: 960px) 100vw, 960px\" title=\"La mayor alegr\u00eda del migrante Julio Alvarado en cada visita a Guatemala es aportar alegr\u00eda y apoyar el talento art\u00edstico escolar de Santo Domingo Xenacoj. Lo hace sin querer presumir ni figurar, solo construir futuro y esperanza. \u2013 SoyMigrante.com REVISTA\" \/>\t\t\t\t\t\t\t\t\t\t\t<figcaption class=\"widget-image-caption wp-caption-text\">La mayor alegr\u00eda del migrante Julio Alvarado en cada visita a Guatemala es aportar alegr\u00eda y apoyar el talento art\u00edstico escolar de Santo Domingo Xenacoj. Lo hace sin querer presumir ni figurar, solo construir futuro y esperanza.<\/figcaption>\n\t\t\t\t\t\t\t\t\t\t<\/figure>\n\t\t\t\t\t\t\t\t\t<\/div>\n\t\t\t\t\t<\/div>\n\t\t<\/div>\n\t\t\t\t\t<\/div>\n\t\t<\/section>\n\t\t\t\t<section data-particle_enable=\"false\" data-particle-mobile-disabled=\"false\" class=\"elementor-section elementor-top-section elementor-element elementor-element-07ac9e5 elementor-section-boxed elementor-section-height-default elementor-section-height-default\" data-id=\"07ac9e5\" data-element_type=\"section\" data-e-type=\"section\">\n\t\t\t\t\t\t<div class=\"elementor-container elementor-column-gap-default\">\n\t\t\t\t\t<div class=\"elementor-column elementor-col-100 elementor-top-column elementor-element elementor-element-21e3486\" data-id=\"21e3486\" data-element_type=\"column\" data-e-type=\"column\">\n\t\t\t<div class=\"elementor-widget-wrap elementor-element-populated\">\n\t\t\t\t\t\t<div class=\"elementor-element elementor-element-10b8cdf elementor-widget elementor-widget-heading\" data-id=\"10b8cdf\" data-element_type=\"widget\" data-e-type=\"widget\" data-widget_type=\"heading.default\">\n\t\t\t\t\t<h2 class=\"elementor-heading-title elementor-size-default\">Con la m\u00fasica y la ni\u00f1ez en el alma<\/h2>\t\t\t\t<\/div>\n\t\t\t\t\t<\/div>\n\t\t<\/div>\n\t\t\t\t\t<\/div>\n\t\t<\/section>\n\t\t\t\t<section data-particle_enable=\"false\" data-particle-mobile-disabled=\"false\" class=\"elementor-section elementor-top-section elementor-element elementor-element-914dc17 elementor-section-boxed elementor-section-height-default elementor-section-height-default\" data-id=\"914dc17\" data-element_type=\"section\" data-e-type=\"section\">\n\t\t\t\t\t\t<div class=\"elementor-container elementor-column-gap-default\">\n\t\t\t\t\t<div class=\"elementor-column elementor-col-100 elementor-top-column elementor-element elementor-element-df620cd\" data-id=\"df620cd\" data-element_type=\"column\" data-e-type=\"column\">\n\t\t\t<div class=\"elementor-widget-wrap elementor-element-populated\">\n\t\t\t\t\t\t<div class=\"elementor-element elementor-element-54b7652 elementor-widget elementor-widget-text-editor\" data-id=\"54b7652\" data-element_type=\"widget\" data-e-type=\"widget\" data-widget_type=\"text-editor.default\">\n\t\t\t\t\t\t\t\t\t<p>Hay varios lugares de Estados Unidos, los migrantes siempre ayudan. Entre todos juntamos ayuda, sobre todo en situaciones de emergencia. El problema es que cuando las mandan, en las bodegas de las instituciones del Estado llegan hijos de diputados e hijos de alcaldes para registrar, sacan las cosas de marca. Se llevan zapatos, pantalones y le dejan a la gente solo tallas grande. Por eso yo prefiero aportar lo poco que puedo, pero a un lugar donde yo veo que sirve la ayuda.<\/p>\n<p><span style=\"color: var( --e-global-color-text ); background-color: var(--ak-bg-color);\">&#8220;He estado apoyando a una orquestina de ni\u00f1os ind\u00edgenas de Xenacoj, que tienen amor a la marimba y mucho talento. Cada vez que regreso vengo a tocar marimba. Yo llevo el bajo, porque eso aprend\u00ed en la Estudiantina de la Merced, a la cual pertenec\u00ed por 15 a\u00f1os&#8230; antes de ser migrante&#8221;<\/span><\/p>\t\t\t\t\t\t\t\t<\/div>\n\t\t\t\t\t<\/div>\n\t\t<\/div>\n\t\t\t\t\t<\/div>\n\t\t<\/section>\n\t\t\t\t<section data-particle_enable=\"false\" data-particle-mobile-disabled=\"false\" class=\"elementor-section elementor-top-section elementor-element elementor-element-6dcf55c elementor-section-boxed elementor-section-height-default elementor-section-height-default\" data-id=\"6dcf55c\" data-element_type=\"section\" data-e-type=\"section\">\n\t\t\t\t\t\t<div class=\"elementor-container elementor-column-gap-default\">\n\t\t\t\t\t<div class=\"elementor-column elementor-col-100 elementor-top-column elementor-element elementor-element-5aa72bf\" data-id=\"5aa72bf\" data-element_type=\"column\" data-e-type=\"column\">\n\t\t\t<div class=\"elementor-widget-wrap elementor-element-populated\">\n\t\t\t\t\t\t<div class=\"elementor-element elementor-element-0a3aa88 elementor-widget elementor-widget-facebook-embed\" data-id=\"0a3aa88\" data-element_type=\"widget\" data-e-type=\"widget\" data-widget_type=\"facebook-embed.default\">\n\t\t\t\t\t<div style=\"min-height: 1px\" class=\"elementor-facebook-widget fb-video\" data-href=\"https:\/\/fb.watch\/m0_3erLcI-\/\" data-show-text=\"true\" data-allowfullscreen=\"false\" data-autoplay=\"true\" data-show-captions=\"false\"><\/div>\t\t\t\t<\/div>\n\t\t\t\t\t<\/div>\n\t\t<\/div>\n\t\t\t\t\t<\/div>\n\t\t<\/section>\n\t\t\t\t<\/div>\n\t\t","protected":false},"excerpt":{"rendered":"<p>Ten\u00eda listo el boleto para regresar a Guatemala en 2008, cuando se abri\u00f3 una oportunidad. Julio es contador, m\u00fasico, migrante pero sobre todo un guatemalteco dispuesto a aportar. Hay que aclararlo de entrada: Al migrante guatemalteco Julio Alvarado no le gusta presumir la obra ben\u00e9fica que realiza de manera personal con sus propios recursos.&nbsp;No lo [&hellip;]<\/p>\n","protected":false},"author":7,"featured_media":1962,"comment_status":"open","ping_status":"open","sticky":false,"template":"","format":"standard","meta":{"_acf_changed":false,"_eb_attr":"","footnotes":""},"categories":[50],"tags":[302],"class_list":["post-1954","post","type-post","status-publish","format-standard","has-post-thumbnail","hentry","category-exitos","tag-oregon"],"acf":[],"aioseo_notices":[],"aioseo_head":"\n\t\t<!-- All in One SEO Pro 4.9.6.2 - aioseo.com -->\n\t<meta name=\"description\" content=\"Conoce a Julio Alvarado, migrante guatemalteco en California, que combina su pasi\u00f3n por la contabilidad y la m\u00fasica para ayudar a su natal Guatemala\" \/>\n\t<meta name=\"robots\" content=\"max-snippet:-1, max-image-preview:large, max-video-preview:-1\" \/>\n\t<meta name=\"author\" content=\"Gustavo Montenegro\"\/>\n\t<link rel=\"canonical\" href=\"https:\/\/soymigrante.com\/revista\/julio-alvarado-migrante-contador-musico\/\" \/>\n\t<meta name=\"generator\" content=\"All in One SEO Pro (AIOSEO) 4.9.6.2\" \/>\n\n\t\t<link rel=\"preconnect\" href=\"https:\/\/fonts.googleapis.com\" crossorigin>\n<link rel=\"preconnect\" href=\"https:\/\/fonts.gstatic.com\" crossorigin>\n\t\t<meta property=\"og:locale\" content=\"es_ES\" \/>\n\t\t<meta property=\"og:site_name\" content=\"SoyMigrante.com REVISTA \u2013 Nuestra misi\u00f3n es reconocer y dignificar al migrante.\" \/>\n\t\t<meta property=\"og:type\" content=\"article\" \/>\n\t\t<meta property=\"og:title\" content=\"Julio Alvarado: Migrante, m\u00fasico y altruista guatemalteco\" \/>\n\t\t<meta property=\"og:description\" content=\"Conoce a Julio Alvarado, migrante guatemalteco en California, que combina su pasi\u00f3n por la contabilidad y la m\u00fasica para ayudar a su natal Guatemala\" \/>\n\t\t<meta property=\"og:url\" content=\"https:\/\/soymigrante.com\/revista\/julio-alvarado-migrante-contador-musico\/\" \/>\n\t\t<meta property=\"og:image\" content=\"https:\/\/soymigrante.com\/revista\/wp-content\/uploads\/2023\/07\/julito-julito.webp\" \/>\n\t\t<meta property=\"og:image:secure_url\" content=\"https:\/\/soymigrante.com\/revista\/wp-content\/uploads\/2023\/07\/julito-julito.webp\" \/>\n\t\t<meta property=\"og:image:width\" content=\"902\" \/>\n\t\t<meta property=\"og:image:height\" content=\"649\" \/>\n\t\t<meta property=\"article:published_time\" content=\"2023-07-26T15:58:23+00:00\" \/>\n\t\t<meta property=\"article:modified_time\" content=\"2026-03-11T22:50:24+00:00\" \/>\n\t\t<meta property=\"article:publisher\" content=\"https:\/\/www.facebook.com\/soymigrantecom\" \/>\n\t\t<meta name=\"twitter:card\" content=\"summary_large_image\" \/>\n\t\t<meta name=\"twitter:site\" content=\"@SoyMigrante_com\" \/>\n\t\t<meta name=\"twitter:title\" content=\"Julio Alvarado: Migrante, m\u00fasico y altruista guatemalteco\" \/>\n\t\t<meta name=\"twitter:description\" content=\"Conoce a Julio Alvarado, migrante guatemalteco en California, que combina su pasi\u00f3n por la contabilidad y la m\u00fasica para ayudar a su natal Guatemala\" \/>\n\t\t<meta name=\"twitter:creator\" content=\"@SoyMigrante_com\" \/>\n\t\t<meta name=\"twitter:image\" content=\"https:\/\/soymigrante.com\/revista\/wp-content\/uploads\/2023\/07\/julito-julito.webp\" \/>\n\t\t<!-- All in One SEO Pro -->\r\n\t\t<title>Julio Alvarado: Migrante, m\u00fasico y altruista guatemalteco<\/title>\n\n","aioseo_head_json":{"title":"Julio Alvarado: Migrante, m\u00fasico y altruista guatemalteco","description":"Conoce a Julio Alvarado, migrante guatemalteco en California, que combina su pasi\u00f3n por la contabilidad y la m\u00fasica para ayudar a su natal Guatemala","canonical_url":"https:\/\/soymigrante.com\/revista\/julio-alvarado-migrante-contador-musico\/","robots":"max-snippet:-1, max-image-preview:large, max-video-preview:-1","keywords":"","webmasterTools":{"miscellaneous":"&lt;link rel=\"preconnect\" href=\"https:\/\/fonts.googleapis.com\" crossorigin&gt;\n&lt;link rel=\"preconnect\" href=\"https:\/\/fonts.gstatic.com\" crossorigin&gt;"},"schema":null,"og:locale":"es_ES","og:site_name":"SoyMigrante.com REVISTA \u2013 Nuestra misi\u00f3n es reconocer y dignificar al migrante.","og:type":"article","og:title":"Julio Alvarado: Migrante, m\u00fasico y altruista guatemalteco","og:description":"Conoce a Julio Alvarado, migrante guatemalteco en California, que combina su pasi\u00f3n por la contabilidad y la m\u00fasica para ayudar a su natal Guatemala","og:url":"https:\/\/soymigrante.com\/revista\/julio-alvarado-migrante-contador-musico\/","og:image":"https:\/\/soymigrante.com\/revista\/wp-content\/uploads\/2023\/07\/julito-julito.webp","og:image:secure_url":"https:\/\/soymigrante.com\/revista\/wp-content\/uploads\/2023\/07\/julito-julito.webp","og:image:width":902,"og:image:height":649,"article:published_time":"2023-07-26T15:58:23+00:00","article:modified_time":"2026-03-11T22:50:24+00:00","article:publisher":"https:\/\/www.facebook.com\/soymigrantecom","twitter:card":"summary_large_image","twitter:site":"@SoyMigrante_com","twitter:title":"Julio Alvarado: Migrante, m\u00fasico y altruista guatemalteco","twitter:description":"Conoce a Julio Alvarado, migrante guatemalteco en California, que combina su pasi\u00f3n por la contabilidad y la m\u00fasica para ayudar a su natal Guatemala","twitter:creator":"@SoyMigrante_com","twitter:image":"https:\/\/soymigrante.com\/revista\/wp-content\/uploads\/2023\/07\/julito-julito.webp"},"aioseo_meta_data":{"post_id":"1954","title":"#post_title","description":"Conoce a Julio Alvarado, migrante guatemalteco en California, que combina su pasi\u00f3n por la contabilidad y la m\u00fasica para ayudar a su natal Guatemala","keywords":[],"keyphrases":{"focus":{"keyphrase":"migrante","score":91,"analysis":{"keyphraseInTitle":{"score":9,"maxScore":9,"error":0},"keyphraseInDescription":{"score":9,"maxScore":9,"error":0},"keyphraseLength":{"score":9,"maxScore":9,"error":0,"length":1},"keyphraseInURL":{"score":5,"maxScore":5,"error":0},"keyphraseInIntroduction":{"score":9,"maxScore":9,"error":0},"keyphraseInSubHeadings":{"score":3,"maxScore":9,"error":1},"keyphraseInImageAlt":{"score":9,"maxScore":9,"error":0},"keywordDensity":{"type":"best","score":9,"maxScore":9,"error":0}}},"additional":[]},"primary_term":null,"canonical_url":null,"og_title":null,"og_description":null,"og_object_type":"default","og_image_type":"default","og_image_url":null,"og_image_width":null,"og_image_height":null,"og_image_custom_url":null,"og_image_custom_fields":null,"og_video":"","og_custom_url":null,"og_article_section":null,"og_article_tags":[],"twitter_use_og":false,"twitter_card":"default","twitter_image_type":"default","twitter_image_url":null,"twitter_image_custom_url":null,"twitter_image_custom_fields":null,"twitter_title":null,"twitter_description":null,"schema":{"blockGraphs":[],"customGraphs":[],"default":{"data":{"Article":[],"Course":[],"Dataset":[],"FAQPage":[],"Movie":[],"Person":[],"Product":[],"ProductReview":[],"Car":[],"Recipe":[],"Service":[],"SoftwareApplication":[],"WebPage":[]},"graphName":"BlogPosting","isEnabled":true},"graphs":[]},"schema_type":"default","schema_type_options":null,"pillar_content":false,"robots_default":true,"robots_noindex":false,"robots_noarchive":false,"robots_nosnippet":false,"robots_nofollow":false,"robots_noimageindex":false,"robots_noodp":false,"robots_notranslate":false,"robots_max_snippet":"-1","robots_max_videopreview":"-1","robots_max_imagepreview":"large","priority":null,"frequency":"default","local_seo":null,"seo_analyzer_scan_date":"2026-04-22 14:15:46","breadcrumb_settings":null,"limit_modified_date":false,"reviewed_by":null,"open_ai":null,"ai":null,"created":"2023-08-18 14:33:46","updated":"2026-04-22 14:15:46"},"aioseo_breadcrumb":"<div class=\"aioseo-breadcrumbs\"><span class=\"aioseo-breadcrumb\">\n\t<a href=\"https:\/\/soymigrante.com\/revista\" title=\"Home\">Home<\/a>\n<\/span><span class=\"aioseo-breadcrumb-separator\">\u00bb<\/span><span class=\"aioseo-breadcrumb\">\n\t<a href=\"https:\/\/soymigrante.com\/revista\/category\/exitos\/\" title=\"\u00c9xitos\">\u00c9xitos<\/a>\n<\/span><span class=\"aioseo-breadcrumb-separator\">\u00bb<\/span><span class=\"aioseo-breadcrumb\">\n\tJulio Alvarado: Migrante, m\u00fasico y altruista guatemalteco\n<\/span><\/div>","aioseo_breadcrumb_json":[{"label":"Home","link":"https:\/\/soymigrante.com\/revista"},{"label":"\u00c9xitos","link":"https:\/\/soymigrante.com\/revista\/category\/exitos\/"},{"label":"Julio Alvarado: Migrante, m\u00fasico y altruista guatemalteco","link":"https:\/\/soymigrante.com\/revista\/julio-alvarado-migrante-contador-musico\/"}],"_links":{"self":[{"href":"https:\/\/soymigrante.com\/revista\/wp-json\/wp\/v2\/posts\/1954","targetHints":{"allow":["GET"]}}],"collection":[{"href":"https:\/\/soymigrante.com\/revista\/wp-json\/wp\/v2\/posts"}],"about":[{"href":"https:\/\/soymigrante.com\/revista\/wp-json\/wp\/v2\/types\/post"}],"author":[{"embeddable":true,"href":"https:\/\/soymigrante.com\/revista\/wp-json\/wp\/v2\/users\/7"}],"replies":[{"embeddable":true,"href":"https:\/\/soymigrante.com\/revista\/wp-json\/wp\/v2\/comments?post=1954"}],"version-history":[{"count":1,"href":"https:\/\/soymigrante.com\/revista\/wp-json\/wp\/v2\/posts\/1954\/revisions"}],"predecessor-version":[{"id":53590,"href":"https:\/\/soymigrante.com\/revista\/wp-json\/wp\/v2\/posts\/1954\/revisions\/53590"}],"wp:featuredmedia":[{"embeddable":true,"href":"https:\/\/soymigrante.com\/revista\/wp-json\/wp\/v2\/media\/1962"}],"wp:attachment":[{"href":"https:\/\/soymigrante.com\/revista\/wp-json\/wp\/v2\/media?parent=1954"}],"wp:term":[{"taxonomy":"category","embeddable":true,"href":"https:\/\/soymigrante.com\/revista\/wp-json\/wp\/v2\/categories?post=1954"},{"taxonomy":"post_tag","embeddable":true,"href":"https:\/\/soymigrante.com\/revista\/wp-json\/wp\/v2\/tags?post=1954"}],"curies":[{"name":"wp","href":"https:\/\/api.w.org\/{rel}","templated":true}]}}