{"id":19522,"date":"2025-01-07T08:00:00","date_gmt":"2025-01-07T14:00:00","guid":{"rendered":"https:\/\/soymigrante.com\/revista\/?p=19522"},"modified":"2025-01-07T08:53:11","modified_gmt":"2025-01-07T14:53:11","slug":"lui-donis-radio-viejo-guatemalteco-musico-los-angeles","status":"publish","type":"post","link":"https:\/\/soymigrante.com\/revista\/lui-donis-radio-viejo-guatemalteco-musico-los-angeles\/","title":{"rendered":"Volviendo a nacer como m\u00fasico, pap\u00e1 y guatemalteco en Los Angeles: Lui Donis, de Radio Viejo"},"content":{"rendered":"\t\t<div data-elementor-type=\"wp-post\" data-elementor-id=\"19522\" class=\"elementor elementor-19522\" data-elementor-post-type=\"post\">\n\t\t\t\t<div data-particle_enable=\"false\" data-particle-mobile-disabled=\"false\" class=\"elementor-element elementor-element-f52362f e-flex e-con-boxed e-con e-parent\" data-id=\"f52362f\" data-element_type=\"container\" data-e-type=\"container\">\n\t\t\t\t\t<div class=\"e-con-inner\">\n\t\t\t\t<div class=\"elementor-element elementor-element-60df804 elementor-widget elementor-widget-heading\" data-id=\"60df804\" data-element_type=\"widget\" data-e-type=\"widget\" data-widget_type=\"heading.default\">\n\t\t\t\t\t<h2 class=\"elementor-heading-title elementor-size-default\"><span style=\"font-size: 31.2px\">Despu\u00e9s de 12 a\u00f1os en Los Angeles, California, Lui Donis, cantante, compositor y vocalista de la banda guatemalteca Radio Viejo, se confiesa en constante renovaci\u00f3n y desaf\u00edo, como pap\u00e1, como esposo, tambi\u00e9n como guatemalteco. Historias, vivencias, anhelos y canciones se cruzan en la conversaci\u00f3n.<\/span><\/h2>\t\t\t\t<\/div>\n\t\t\t\t\t<\/div>\n\t\t\t\t<\/div>\n\t\t<div data-particle_enable=\"false\" data-particle-mobile-disabled=\"false\" class=\"elementor-element elementor-element-f20843b e-flex e-con-boxed e-con e-parent\" data-id=\"f20843b\" data-element_type=\"container\" data-e-type=\"container\">\n\t\t\t\t\t<div class=\"e-con-inner\">\n\t\t\t\t<div class=\"elementor-element elementor-element-6baff8f elementor-widget elementor-widget-text-editor\" data-id=\"6baff8f\" data-element_type=\"widget\" data-e-type=\"widget\" data-widget_type=\"text-editor.default\">\n\t\t\t\t\t\t\t\t\t<p>&#8220;Aqu\u00ed en Los Angeles he encontrado con paisanos que nos conocieron en\u00a0 Radio Viejo, y que vinieron a este pa\u00eds mucho antes que yo y me dicen que escucharme cantarlas aqu\u00ed les renueva las ganas de vivir&#8221;, comparte Lui Donis, cantante y compositor guatemalteco, integrante y vocalista de la banda Radio Viejo, surgida en 1989 pero que sigue sonando en conciertos, en Guatemala y Estados Unidos.<\/p><p>En octubre de 2024 Lui Donis se present\u00f3 con Radio Viejo en Guatemala y tuvo la vivencia de que varias personas se acercaron y le comentaron que su tema &#8220;Volver a vivir&#8221; (tambi\u00e9n conocido como &#8220;La Pops&#8221;), les anim\u00f3 a vivir, a seguir adelante. &#8220;Estas personas ab\u00edan pasado por episodios de depresi\u00f3n y este tema, les devolvi\u00f3 el entusiasmo cada vez que lo escuchaban&#8221;, fue emocinante saber que nuestra m\u00fasica tiene ese efecto a pesar del tiempo.<\/p>\t\t\t\t\t\t\t\t<\/div>\n\t\t\t\t\t<\/div>\n\t\t\t\t<\/div>\n\t\t<div data-particle_enable=\"false\" data-particle-mobile-disabled=\"false\" class=\"elementor-element elementor-element-9efdf05 e-flex e-con-boxed e-con e-parent\" data-id=\"9efdf05\" data-element_type=\"container\" data-e-type=\"container\">\n\t\t\t\t\t<div class=\"e-con-inner\">\n\t\t\t\t<div class=\"elementor-element elementor-element-3efca43 elementor-widget elementor-widget-video\" data-id=\"3efca43\" data-element_type=\"widget\" data-e-type=\"widget\" data-settings=\"{&quot;youtube_url&quot;:&quot;https:\\\/\\\/www.youtube.com\\\/watch?v=oDum56qWOb8&quot;,&quot;video_type&quot;:&quot;youtube&quot;,&quot;controls&quot;:&quot;yes&quot;}\" data-widget_type=\"video.default\">\n\t\t\t\t\t\t\t<div class=\"elementor-wrapper elementor-open-inline\">\n\t\t\t<div class=\"elementor-video\"><\/div>\t\t<\/div>\n\t\t\t\t\t\t<\/div>\n\t\t\t\t\t<\/div>\n\t\t\t\t<\/div>\n\t\t<div data-particle_enable=\"false\" data-particle-mobile-disabled=\"false\" class=\"elementor-element elementor-element-70eba15 e-flex e-con-boxed e-con e-parent\" data-id=\"70eba15\" data-element_type=\"container\" data-e-type=\"container\">\n\t\t\t\t\t<div class=\"e-con-inner\">\n\t\t\t\t<div class=\"elementor-element elementor-element-f084d79 elementor-widget elementor-widget-heading\" data-id=\"f084d79\" data-element_type=\"widget\" data-e-type=\"widget\" data-widget_type=\"heading.default\">\n\t\t\t\t\t<h3 class=\"elementor-heading-title elementor-size-default\">Cambio, transformaci\u00f3n y sobre todo, amor<\/h3>\t\t\t\t<\/div>\n\t\t\t\t\t<\/div>\n\t\t\t\t<\/div>\n\t\t<div data-particle_enable=\"false\" data-particle-mobile-disabled=\"false\" class=\"elementor-element elementor-element-ab0b042 e-flex e-con-boxed e-con e-parent\" data-id=\"ab0b042\" data-element_type=\"container\" data-e-type=\"container\">\n\t\t\t\t\t<div class=\"e-con-inner\">\n\t\t\t\t<div class=\"elementor-element elementor-element-5d34ad7 elementor-widget elementor-widget-text-editor\" data-id=\"5d34ad7\" data-element_type=\"widget\" data-e-type=\"widget\" data-widget_type=\"text-editor.default\">\n\t\t\t\t\t\t\t\t\t<p><span style=\"color: var( --e-global-color-text ); text-align: var(--text-align);\">&#8220;El motivo de mi traslado a Los Angeles en 2012 fue que aqu\u00ed forme mi familia, aqu\u00ed me case, aqu\u00ed nacieron mis hijos. El amor me trajo aqu\u00ed&#8230; Pero a final de cuentas pienso que esta es la segunda ciudad con m\u00e1s guatemaltecos. Hay muchos paisanos aqu\u00ed&#8221;, relata el artista.<\/span><\/p><p>\u00a0<\/p><p><span style=\"color: var( --e-global-color-text ); text-align: var(--text-align);\">&#8220;S\u00ed, aunque sea por amor, es dif\u00edcil venir a una sociedad donde ten\u00e9s que forjarte de nuevo, empezar a adecuarte, a buscar tu espacio y como artista eso aqu\u00ed es complicado&#8221;.<\/span><\/p><p>&#8220;Una de las cosas m\u00e1s impresionantes de EE.UU. es la diferencia de infraestructura, no solo de carreteras sino de arte y entretenimiento. Los Angeles es un centro neur\u00e1lgico del mundo art\u00edstico. Aqu\u00ed encuentras tremendos m\u00fasicos, camar\u00f3grafos, ingenieros de estudio, todos luchando y trabajando, esperando su oportunidad, y llega uno tambi\u00e9n buscando una&#8221;.<\/p><p>\u00a0<\/p><p>Lui buscaba como insertarse en el panorama musical, pero tambi\u00e9n hab\u00eda que pagar las facturas. Esto le llev\u00f3 a trabajar como vendedor, delivery de comida, conductor de Uber y desde hace a\u00f1os, en una empresa familiar de contabilidad. &#8220;Como a los seis meses de haber llegado tuve la suerte de hacerme\u00a0 amigo de un m\u00fasico argentino. Toc\u00e1bamos en el House of Blues de Hollywood. El hab\u00eda crecido ac\u00e1 y ten\u00eda en su garaje instrumentos, equipo, amigos. Pero lastimosamente aquel falleci\u00f3 a los pocos meses y hubo que esperar para armar otras opciones&#8221;.<\/p><p>\u00a0<\/p>\t\t\t\t\t\t\t\t<\/div>\n\t\t\t\t\t<\/div>\n\t\t\t\t<\/div>\n\t\t<div data-particle_enable=\"false\" data-particle-mobile-disabled=\"false\" class=\"elementor-element elementor-element-c23ae28 e-flex e-con-boxed e-con e-parent\" data-id=\"c23ae28\" data-element_type=\"container\" data-e-type=\"container\">\n\t\t\t\t\t<div class=\"e-con-inner\">\n\t\t\t\t<div class=\"elementor-element elementor-element-11cde23 elementor-widget elementor-widget-image\" data-id=\"11cde23\" data-element_type=\"widget\" data-e-type=\"widget\" data-widget_type=\"image.default\">\n\t\t\t\t\t\t\t\t\t\t\t\t<figure class=\"wp-caption\">\n\t\t\t\t\t\t\t\t\t\t<img fetchpriority=\"high\" decoding=\"async\" width=\"768\" height=\"576\" src=\"https:\/\/soymigrante.com\/revista\/wp-content\/uploads\/2025\/01\/radio-viejo-1024x768.jpg\" class=\"attachment-large size-large wp-image-19530\" alt=\"Escenario musical con banda en vivo frente a una multitud en un evento cultural, promoviendo m\u00fasica y migrantes en M\u00e9xico.\" srcset=\"https:\/\/soymigrante.com\/revista\/wp-content\/uploads\/2025\/01\/radio-viejo-1024x768.jpg 1024w, https:\/\/soymigrante.com\/revista\/wp-content\/uploads\/2025\/01\/radio-viejo-300x225.jpg 300w, https:\/\/soymigrante.com\/revista\/wp-content\/uploads\/2025\/01\/radio-viejo-768x576.jpg 768w, https:\/\/soymigrante.com\/revista\/wp-content\/uploads\/2025\/01\/radio-viejo-750x563.webp 750w, https:\/\/soymigrante.com\/revista\/wp-content\/uploads\/2025\/01\/radio-viejo-1140x855.webp 1140w, https:\/\/soymigrante.com\/revista\/wp-content\/uploads\/2025\/01\/radio-viejo.webp 1440w\" sizes=\"(max-width: 768px) 100vw, 768px\" title=\"Lui Donis se ha presentado junto a Radio Viejo en escenarios de Guatemala y Estados Unidos, en donde muchos migrantes compatriotas corean sus temas. \u2013 SoyMigrante.com REVISTA\" \/>\t\t\t\t\t\t\t\t\t\t\t<figcaption class=\"widget-image-caption wp-caption-text\">Concierto en vivo para migrantes y comunidad en festival cultural, m\u00fasicos en el escenario y p\u00fablico entusiasta, resaltando la diversidad y la identidad cultural.<\/figcaption>\n\t\t\t\t\t\t\t\t\t\t<\/figure>\n\t\t\t\t\t\t\t\t\t<\/div>\n\t\t\t\t\t<\/div>\n\t\t\t\t<\/div>\n\t\t<div data-particle_enable=\"false\" data-particle-mobile-disabled=\"false\" class=\"elementor-element elementor-element-7a925d2 e-flex e-con-boxed e-con e-parent\" data-id=\"7a925d2\" data-element_type=\"container\" data-e-type=\"container\">\n\t\t\t\t\t<div class=\"e-con-inner\">\n\t\t\t\t<div class=\"elementor-element elementor-element-1375337 elementor-widget elementor-widget-heading\" data-id=\"1375337\" data-element_type=\"widget\" data-e-type=\"widget\" data-widget_type=\"heading.default\">\n\t\t\t\t\t<h3 class=\"elementor-heading-title elementor-size-default\">Considera un honor seguir encontrando fans de su m\u00fasica<\/h3>\t\t\t\t<\/div>\n\t\t\t\t\t<\/div>\n\t\t\t\t<\/div>\n\t\t<div data-particle_enable=\"false\" data-particle-mobile-disabled=\"false\" class=\"elementor-element elementor-element-22a2786 e-flex e-con-boxed e-con e-parent\" data-id=\"22a2786\" data-element_type=\"container\" data-e-type=\"container\">\n\t\t\t\t\t<div class=\"e-con-inner\">\n\t\t\t\t<div class=\"elementor-element elementor-element-ab0b654 elementor-widget elementor-widget-text-editor\" data-id=\"ab0b654\" data-element_type=\"widget\" data-e-type=\"widget\" data-widget_type=\"text-editor.default\">\n\t\t\t\t\t\t\t\t\t<p><span style=\"color: var( --e-global-color-text ); text-align: var(--text-align);\">&#8220;Aqu\u00ed en Los Angeles hay much\u00edsima gente con el aluc\u00edn de la m\u00fasica. Formamos otra banda, toc\u00e1bamos una vez al mes en alg\u00fan bar, pero el Covid nos quit\u00f3 el ritmo otra vez. No obstante, el contacto con los integrantes del Radio Viejo le ha mantenido vigente y motivado&#8221;.\u00a0<\/span><\/p><p>Lui cuenta que en Guatemala, debido a la limitaci\u00f3n de recursos toca ser productor, tecladista, vocalista, un poco de todo. &#8220;Esa preparaci\u00f3n es una ventaja, porque conoces muchos aspectos del negocio musical, sin embargo tambi\u00e9n trae dificultades porque se dificulta delegar. El gran reto es pasar la barrera del amateur a lo profesional, hay mucha gente capaz compitiendo y tambi\u00e9n hay fanfarrones, de los que hay que cuidarse&#8221;<\/p><p>Algo que siempre anima a Lui es encontrarse con fans, que se alegran de encontrarse con el vocalista de canciones como Angel: &#8220;Algo que agradezco de mi carrera musical es esa apertura de coraz\u00f3n de tantas personas a las que les gustan las canciones que uno hace. La m\u00fasica hace eso posible. La m\u00fasica te gana amigos, hay conexi\u00f3n. Y s\u00ed me dicen: \u00bfVos sos el de Radio Viejo? Y me saludan como si nos conoci\u00e9ramos de toda la vida, no solo guatemaltecos, tambi\u00e9n salvadore\u00f1os y mexicanos que se acercan a decir que les gusta el music\u00f3n del Radio&#8221;.<\/p>\t\t\t\t\t\t\t\t<\/div>\n\t\t\t\t\t<\/div>\n\t\t\t\t<\/div>\n\t\t<div data-particle_enable=\"false\" data-particle-mobile-disabled=\"false\" class=\"elementor-element elementor-element-c9a0994 e-flex e-con-boxed e-con e-parent\" data-id=\"c9a0994\" data-element_type=\"container\" data-e-type=\"container\">\n\t\t\t\t\t<div class=\"e-con-inner\">\n\t\t\t\t<div class=\"elementor-element elementor-element-8658d46 elementor-widget elementor-widget-video\" data-id=\"8658d46\" data-element_type=\"widget\" data-e-type=\"widget\" data-settings=\"{&quot;youtube_url&quot;:&quot;https:\\\/\\\/www.youtube.com\\\/watch?v=0mL7qTKKN5U&quot;,&quot;video_type&quot;:&quot;youtube&quot;,&quot;controls&quot;:&quot;yes&quot;}\" data-widget_type=\"video.default\">\n\t\t\t\t\t\t\t<div class=\"elementor-wrapper elementor-open-inline\">\n\t\t\t<div class=\"elementor-video\"><\/div>\t\t<\/div>\n\t\t\t\t\t\t<\/div>\n\t\t\t\t\t<\/div>\n\t\t\t\t<\/div>\n\t\t<div data-particle_enable=\"false\" data-particle-mobile-disabled=\"false\" class=\"elementor-element elementor-element-9964763 e-flex e-con-boxed e-con e-parent\" data-id=\"9964763\" data-element_type=\"container\" data-e-type=\"container\">\n\t\t\t\t\t<div class=\"e-con-inner\">\n\t\t\t\t<div class=\"elementor-element elementor-element-155d4ee elementor-widget elementor-widget-text-editor\" data-id=\"155d4ee\" data-element_type=\"widget\" data-e-type=\"widget\" data-widget_type=\"text-editor.default\">\n\t\t\t\t\t\t\t\t\t<p><span style=\"color: var( --e-global-color-text ); text-align: var(--text-align);\">Lui Donis fue un poco migrante desde Guatemala. Creci\u00f3 en Villa Nueva, all\u00ed estudi\u00f3 la primaria y b\u00e1sicos en un colegio de monjas de Villa Canales, Despu\u00e9s estudi\u00f3 el bachillerato en el Instituto T\u00e9cnico Vocacional Imrich Fischman de la zona 13. SE gradu\u00f3 de Perito en Electr\u00f3nica. Luego estudi\u00f3 en la Universidad de San Carlos. &#8220;Viv\u00ed en la zona 13, despu\u00e9s en la zona 7 y ahora aqu\u00ed en Los Angeles&#8221;.<\/span><\/p><p>\u00a0<\/p><p>Para provocar su creatividad, le leo un poema de un migrante mexicano que hace un &#8220;inventario de su vida&#8221;: 1 cumplea\u00f1os cabizbajo, 28 dibujos, 50 acciones po\u00e9ticas, 5 amigos de confianza, un perro flaco pero divertido, 238 l\u00e1grimas, 13 ideas novedosas.<\/p><p>\u00a0<\/p><p>Lui realiza el suyo: &#8220;1 familia, 2 hijos, un poco de sobrepeso, como 20 canciones compuestas aqu\u00ed. 1 mont\u00f3n de poes\u00eda. No contabilizo mis sonrisas pero han sido como un mill\u00f3n. 1 vida tranquila, tratando de ser buen pap\u00e1, buen esposo, buen amigo&#8230; tratando siempre verdad&#8221;<\/p><p>Agrega &#8220;He le\u00eddo unos 50 buenos libros en 10 a\u00f1os, he grabado unas 10 canciones como sencillos, pero he ido a muchos conciertos&#8221;<\/p><p>\u00a0<\/p><p>\u00a0<\/p>\t\t\t\t\t\t\t\t<\/div>\n\t\t\t\t\t<\/div>\n\t\t\t\t<\/div>\n\t\t<div data-particle_enable=\"false\" data-particle-mobile-disabled=\"false\" class=\"elementor-element elementor-element-30738f2 e-flex e-con-boxed e-con e-parent\" data-id=\"30738f2\" data-element_type=\"container\" data-e-type=\"container\">\n\t\t\t\t\t<div class=\"e-con-inner\">\n\t\t\t\t<div class=\"elementor-element elementor-element-7ab2849 elementor-widget elementor-widget-image\" data-id=\"7ab2849\" data-element_type=\"widget\" data-e-type=\"widget\" data-widget_type=\"image.default\">\n\t\t\t\t\t\t\t\t\t\t\t\t<figure class=\"wp-caption\">\n\t\t\t\t\t\t\t\t\t\t<img decoding=\"async\" width=\"768\" height=\"768\" src=\"https:\/\/soymigrante.com\/revista\/wp-content\/uploads\/2025\/01\/luigi-donis-2-1-1024x1024.jpg\" class=\"attachment-large size-large wp-image-19531\" alt=\"Hombre con gafas de sol al atardecer, reflejando el sol en las lentes, en un entorno exterior con cielo despejado y cerca de una cerca de madera, transmite confianza y estilo.\" srcset=\"https:\/\/soymigrante.com\/revista\/wp-content\/uploads\/2025\/01\/luigi-donis-2-1-1024x1024.jpg 1024w, https:\/\/soymigrante.com\/revista\/wp-content\/uploads\/2025\/01\/luigi-donis-2-1-300x300.jpg 300w, https:\/\/soymigrante.com\/revista\/wp-content\/uploads\/2025\/01\/luigi-donis-2-1-150x150.jpg 150w, https:\/\/soymigrante.com\/revista\/wp-content\/uploads\/2025\/01\/luigi-donis-2-1-768x768.jpg 768w, https:\/\/soymigrante.com\/revista\/wp-content\/uploads\/2025\/01\/luigi-donis-2-1-1536x1536.jpg 1536w, https:\/\/soymigrante.com\/revista\/wp-content\/uploads\/2025\/01\/luigi-donis-2-1-75x75.webp 75w, https:\/\/soymigrante.com\/revista\/wp-content\/uploads\/2025\/01\/luigi-donis-2-1-750x750.webp 750w, https:\/\/soymigrante.com\/revista\/wp-content\/uploads\/2025\/01\/luigi-donis-2-1-1140x1140.webp 1140w, https:\/\/soymigrante.com\/revista\/wp-content\/uploads\/2025\/01\/luigi-donis-2-1.webp 1920w\" sizes=\"(max-width: 768px) 100vw, 768px\" title=\"Lui Donis anhela seguir creando m\u00fasica, tanto para Radio Viejo como para otros artistas, en la vibrante escena  creativa de Los Angeles. Sin embargo, por ser pap\u00e1, desea proyectar valores de esperanza e ideales a los j\u00f3venes. \u2013 SoyMigrante.com REVISTA\" \/>\t\t\t\t\t\t\t\t\t\t\t<figcaption class=\"widget-image-caption wp-caption-text\">Durante el atardecer, hombre con gafas de sol refleja la luz dorada del sol, en un ambiente exterior relajado y luminoso, transmitiendo tranquilidad y estilo en un entorno natural.<\/figcaption>\n\t\t\t\t\t\t\t\t\t\t<\/figure>\n\t\t\t\t\t\t\t\t\t<\/div>\n\t\t\t\t\t<\/div>\n\t\t\t\t<\/div>\n\t\t<div data-particle_enable=\"false\" data-particle-mobile-disabled=\"false\" class=\"elementor-element elementor-element-7f90825 e-flex e-con-boxed e-con e-parent\" data-id=\"7f90825\" data-element_type=\"container\" data-e-type=\"container\">\n\t\t\t\t\t<div class=\"e-con-inner\">\n\t\t\t\t<div class=\"elementor-element elementor-element-b6a083a elementor-widget elementor-widget-heading\" data-id=\"b6a083a\" data-element_type=\"widget\" data-e-type=\"widget\" data-widget_type=\"heading.default\">\n\t\t\t\t\t<h3 class=\"elementor-heading-title elementor-size-default\">Su mayor inspiraci\u00f3n<\/h3>\t\t\t\t<\/div>\n\t\t\t\t\t<\/div>\n\t\t\t\t<\/div>\n\t\t<div data-particle_enable=\"false\" data-particle-mobile-disabled=\"false\" class=\"elementor-element elementor-element-775d43d e-flex e-con-boxed e-con e-parent\" data-id=\"775d43d\" data-element_type=\"container\" data-e-type=\"container\">\n\t\t\t\t\t<div class=\"e-con-inner\">\n\t\t\t\t<div class=\"elementor-element elementor-element-745e623 elementor-widget elementor-widget-text-editor\" data-id=\"745e623\" data-element_type=\"widget\" data-e-type=\"widget\" data-widget_type=\"text-editor.default\">\n\t\t\t\t\t\t\t\t\t<p><span style=\"color: var( --e-global-color-text ); text-align: var(--text-align);\">\u00a0&#8220;He compuesto algunas canciones. Pero mi foco ha sido los chicos, mis hijos. Y de all\u00ed surgi\u00f3 una canci\u00f3n que se llama Carta abierta a los hijos, inspirada en todas esas vivencias de Pap\u00e1. La grabamos con Radio Viejo. Y seguimos componiendo nuevas canciones para seguir aportando temas&#8221;.<\/span><\/p><p>\u00a0<\/p><p>&#8220;Que a la gente le guste la m\u00fasica que hacemos es incre\u00edble y sobre todo si suceden cosas incre\u00edbles. La canci\u00f3n Angel, a lo largo de nuestra carrera (Radio Viejo surgi\u00f3 en 1989) ha acompa\u00f1ado a muchas personas en momentos duros. Pero en una ocasi\u00f3n a m\u00ed me dijeron si se la pod\u00eda cantar a una ni\u00f1a de 16 a\u00f1os que estaba falleciendo. Ella quer\u00eda o\u00edrla y me invitan para ir a cantarla al hospital. Fue impactante, una jovencita dici\u00e9ndole adios a la vida y a su familia. Eso le dio un nuevo sentido a la historia de Angel&#8221;.\u00a0<\/p><p>Su gran sue\u00f1o es seguir creando, ya sea para cantarlas o para que otros artistas la interpreten. &#8220;Que sigamos tocando conciencias, emociones para divulgar y crear conciencia de mente y esp\u00edritu. Mi sue\u00f1o es seguir siendo artista&#8221;.<\/p>\t\t\t\t\t\t\t\t<\/div>\n\t\t\t\t\t<\/div>\n\t\t\t\t<\/div>\n\t\t<div data-particle_enable=\"false\" data-particle-mobile-disabled=\"false\" class=\"elementor-element elementor-element-495ac31 e-flex e-con-boxed e-con e-parent\" data-id=\"495ac31\" data-element_type=\"container\" data-e-type=\"container\">\n\t\t\t\t\t<div class=\"e-con-inner\">\n\t\t\t\t<div class=\"elementor-element elementor-element-d916f44 elementor-widget elementor-widget-video\" data-id=\"d916f44\" data-element_type=\"widget\" data-e-type=\"widget\" data-settings=\"{&quot;youtube_url&quot;:&quot;https:\\\/\\\/www.youtube.com\\\/watch?v=8xv7zHlzY_U&quot;,&quot;video_type&quot;:&quot;youtube&quot;,&quot;controls&quot;:&quot;yes&quot;}\" data-widget_type=\"video.default\">\n\t\t\t\t\t\t\t<div class=\"elementor-wrapper elementor-open-inline\">\n\t\t\t<div class=\"elementor-video\"><\/div>\t\t<\/div>\n\t\t\t\t\t\t<\/div>\n\t\t\t\t\t<\/div>\n\t\t\t\t<\/div>\n\t\t<div data-particle_enable=\"false\" data-particle-mobile-disabled=\"false\" class=\"elementor-element elementor-element-0e8c098 e-flex e-con-boxed e-con e-parent\" data-id=\"0e8c098\" data-element_type=\"container\" data-e-type=\"container\">\n\t\t\t\t\t<div class=\"e-con-inner\">\n\t\t\t\t<div class=\"elementor-element elementor-element-fe13f51 elementor-widget elementor-widget-heading\" data-id=\"fe13f51\" data-element_type=\"widget\" data-e-type=\"widget\" data-widget_type=\"heading.default\">\n\t\t\t\t\t<h2 class=\"elementor-heading-title elementor-size-default\">M\u00e1s talento musical migrante guatemalteco<\/h2>\t\t\t\t<\/div>\n\t\t\t\t\t<\/div>\n\t\t\t\t<\/div>\n\t\t<div data-particle_enable=\"false\" data-particle-mobile-disabled=\"false\" class=\"elementor-element elementor-element-863613a e-flex e-con-boxed e-con e-parent\" data-id=\"863613a\" data-element_type=\"container\" data-e-type=\"container\">\n\t\t\t\t\t<div class=\"e-con-inner\">\n\t\t\t\t<div class=\"elementor-element elementor-element-f6e2a7b elementor-grid-eael-col-3 elementor-grid-tablet-eael-col-2 elementor-grid-mobile-eael-col-1 elementor-widget elementor-widget-eael-post-grid\" data-id=\"f6e2a7b\" data-element_type=\"widget\" data-e-type=\"widget\" data-settings=\"{&quot;eael_post_grid_columns&quot;:&quot;eael-col-3&quot;,&quot;eael_post_grid_columns_tablet&quot;:&quot;eael-col-2&quot;,&quot;eael_post_grid_columns_mobile&quot;:&quot;eael-col-1&quot;}\" data-widget_type=\"eael-post-grid.default\">\n\t\t\t\t\t<div id=\"eael-post-grid-f6e2a7b\" class=\"eael-post-grid-container\">\n            <div class=\"eael-post-grid eael-post-appender eael-post-appender-f6e2a7b eael-post-grid-style-one\" data-layout-mode=\"masonry\"><article class=\"eael-grid-post  eael-post-grid-column eael-pg-post-4589 category-exitos\" data-id=\"4589\">\n        <div class=\"eael-grid-post-holder\">\n            <div class=\"eael-grid-post-holder-inner\"><div class=\"eael-entry-media\"><div class=\"eael-entry-overlay fade-in\"><i class=\"far fa-hand-pointer\" aria-hidden=\"true\"><\/i><a href=\"https:\/\/soymigrante.com\/revista\/jose-gamez-marimba-digital-502-migrante-sonador-originario-de-quiche\/\"><\/a><\/div><div class=\"eael-entry-thumbnail \">\n                <img decoding=\"async\" width=\"1024\" height=\"947\" src=\"https:\/\/soymigrante.com\/revista\/wp-content\/uploads\/2024\/01\/marimba-502-1-1024x947.webp\" class=\"attachment-large size-large wp-image-4608\" alt=\"Migrante guatemalteco Jos\u00e9 G\u00e1mez\" srcset=\"https:\/\/soymigrante.com\/revista\/wp-content\/uploads\/2024\/01\/marimba-502-1-1024x947.webp 1024w, https:\/\/soymigrante.com\/revista\/wp-content\/uploads\/2024\/01\/marimba-502-1-300x278.webp 300w, https:\/\/soymigrante.com\/revista\/wp-content\/uploads\/2024\/01\/marimba-502-1-768x711.webp 768w, https:\/\/soymigrante.com\/revista\/wp-content\/uploads\/2024\/01\/marimba-502-1-750x694.webp 750w, https:\/\/soymigrante.com\/revista\/wp-content\/uploads\/2024\/01\/marimba-502-1-1140x1055.webp 1140w, https:\/\/soymigrante.com\/revista\/wp-content\/uploads\/2024\/01\/marimba-502-1.webp 1536w\" sizes=\"(max-width: 1024px) 100vw, 1024px\" \/>\n            <\/div>\n        <\/div><div class=\"eael-entry-wrapper\"><header class=\"eael-entry-header\"><h2 class=\"eael-entry-title\"><a class=\"eael-grid-post-link\" href=\"https:\/\/soymigrante.com\/revista\/jose-gamez-marimba-digital-502-migrante-sonador-originario-de-quiche\/\" title=\"Jos\u00e9 G\u00e1mez y un sue\u00f1o migrante llamado Marimba Digital 502\">Jos\u00e9 G\u00e1mez y un sue\u00f1o migrante llamado Marimba Digital 502<\/a><\/h2><\/header><div class=\"eael-entry-content\">\n                        <div class=\"eael-grid-post-excerpt\"><a href=\"https:\/\/soymigrante.com\/revista\/jose-gamez-marimba-digital-502-migrante-sonador-originario-de-quiche\/\" class=\"eael-post-elements-readmore-btn\">CONOCE SU HISTORIA <\/a><\/div>\n                    <\/div><\/div><\/div>\n        <\/div>\n    <\/article><article class=\"eael-grid-post  eael-post-grid-column eael-pg-post-3582 category-exitos\" data-id=\"3582\">\n        <div class=\"eael-grid-post-holder\">\n            <div class=\"eael-grid-post-holder-inner\"><div class=\"eael-entry-media\"><div class=\"eael-entry-overlay fade-in\"><i class=\"far fa-hand-pointer\" aria-hidden=\"true\"><\/i><a href=\"https:\/\/soymigrante.com\/revista\/musico-actor-guatemalteco-migrante-en-nueva-york-domingo-lemus\/\"><\/a><\/div><div class=\"eael-entry-thumbnail \">\n                <img loading=\"lazy\" decoding=\"async\" width=\"855\" height=\"755\" src=\"https:\/\/soymigrante.com\/revista\/wp-content\/uploads\/2023\/12\/minguito.webp\" class=\"attachment-large size-large wp-image-3599\" alt=\"\" srcset=\"https:\/\/soymigrante.com\/revista\/wp-content\/uploads\/2023\/12\/minguito.webp 855w, https:\/\/soymigrante.com\/revista\/wp-content\/uploads\/2023\/12\/minguito-300x265.webp 300w, https:\/\/soymigrante.com\/revista\/wp-content\/uploads\/2023\/12\/minguito-768x678.webp 768w, https:\/\/soymigrante.com\/revista\/wp-content\/uploads\/2023\/12\/minguito-750x662.jpg 750w\" sizes=\"(max-width: 855px) 100vw, 855px\" \/>\n            <\/div>\n        <\/div><div class=\"eael-entry-wrapper\"><header class=\"eael-entry-header\"><h2 class=\"eael-entry-title\"><a class=\"eael-grid-post-link\" href=\"https:\/\/soymigrante.com\/revista\/musico-actor-guatemalteco-migrante-en-nueva-york-domingo-lemus\/\" title=\"\u201cTodos somos migrantes\u201d: Domingo Lemus, cineasta y m\u00fasico en NY\">\u201cTodos somos migrantes\u201d: Domingo Lemus, cineasta y m\u00fasico en NY<\/a><\/h2><\/header><div class=\"eael-entry-content\">\n                        <div class=\"eael-grid-post-excerpt\"><a href=\"https:\/\/soymigrante.com\/revista\/musico-actor-guatemalteco-migrante-en-nueva-york-domingo-lemus\/\" class=\"eael-post-elements-readmore-btn\">CONOCE SU HISTORIA <\/a><\/div>\n                    <\/div><\/div><\/div>\n        <\/div>\n    <\/article><article class=\"eael-grid-post  eael-post-grid-column eael-pg-post-2060 category-exitos\" data-id=\"2060\">\n        <div class=\"eael-grid-post-holder\">\n            <div class=\"eael-grid-post-holder-inner\"><div class=\"eael-entry-media\"><div class=\"eael-entry-overlay fade-in\"><i class=\"far fa-hand-pointer\" aria-hidden=\"true\"><\/i><a href=\"https:\/\/soymigrante.com\/revista\/edgar-gutierrez-migrante-guatemalteco-productor-musical\/\"><\/a><\/div><div class=\"eael-entry-thumbnail \">\n                <img loading=\"lazy\" decoding=\"async\" width=\"1024\" height=\"680\" src=\"https:\/\/soymigrante.com\/revista\/wp-content\/uploads\/2023\/08\/Captura-de-pantalla-2023-08-03-171754-1024x680.webp\" class=\"attachment-large size-large wp-image-2090\" alt=\"Edgar Guti\u00e9rrez fue migrante en Estados Unidos donde trabaj\u00f3 fuerte para regresar a Guatemala para impulsar su gran pasi\u00f3n: la producci\u00f3n musical.\" srcset=\"https:\/\/soymigrante.com\/revista\/wp-content\/uploads\/2023\/08\/Captura-de-pantalla-2023-08-03-171754-1024x680.webp 1024w, https:\/\/soymigrante.com\/revista\/wp-content\/uploads\/2023\/08\/Captura-de-pantalla-2023-08-03-171754-300x199.webp 300w, https:\/\/soymigrante.com\/revista\/wp-content\/uploads\/2023\/08\/Captura-de-pantalla-2023-08-03-171754-768x510.webp 768w, https:\/\/soymigrante.com\/revista\/wp-content\/uploads\/2023\/08\/Captura-de-pantalla-2023-08-03-171754-750x498.webp 750w, https:\/\/soymigrante.com\/revista\/wp-content\/uploads\/2023\/08\/Captura-de-pantalla-2023-08-03-171754-1140x757.webp 1140w, https:\/\/soymigrante.com\/revista\/wp-content\/uploads\/2023\/08\/Captura-de-pantalla-2023-08-03-171754.webp 1403w\" sizes=\"(max-width: 1024px) 100vw, 1024px\" \/>\n            <\/div>\n        <\/div><div class=\"eael-entry-wrapper\"><header class=\"eael-entry-header\"><h2 class=\"eael-entry-title\"><a class=\"eael-grid-post-link\" href=\"https:\/\/soymigrante.com\/revista\/edgar-gutierrez-migrante-guatemalteco-productor-musical\/\" title=\"Edgar Guti\u00e9rrez: De migrante a productor musical en Guatemala\">Edgar Guti\u00e9rrez: De migrante a productor musical en Guatemala<\/a><\/h2><\/header><div class=\"eael-entry-content\">\n                        <div class=\"eael-grid-post-excerpt\"><a href=\"https:\/\/soymigrante.com\/revista\/edgar-gutierrez-migrante-guatemalteco-productor-musical\/\" class=\"eael-post-elements-readmore-btn\">CONOCE SU HISTORIA <\/a><\/div>\n                    <\/div><\/div><\/div>\n        <\/div>\n    <\/article><\/div>\n            <div class=\"clearfix\"><\/div>\n        <\/div>\t\t\t\t<\/div>\n\t\t\t\t\t<\/div>\n\t\t\t\t<\/div>\n\t\t\t\t<\/div>\n\t\t","protected":false},"excerpt":{"rendered":"<p>Despu\u00e9s de 12 a\u00f1os en Los Angeles, California, Lui Donis, cantante, compositor y vocalista de la banda guatemalteca Radio Viejo, se confiesa en constante renovaci\u00f3n y desaf\u00edo, como pap\u00e1, como esposo, tambi\u00e9n como guatemalteco. Historias, vivencias, anhelos y canciones se cruzan en la conversaci\u00f3n. &#8220;Aqu\u00ed en Los Angeles he encontrado con paisanos que nos conocieron [&hellip;]<\/p>\n","protected":false},"author":7,"featured_media":19524,"comment_status":"open","ping_status":"open","sticky":false,"template":"","format":"standard","meta":{"_acf_changed":false,"_eb_attr":"","footnotes":""},"categories":[50],"tags":[],"class_list":["post-19522","post","type-post","status-publish","format-standard","has-post-thumbnail","hentry","category-exitos"],"acf":[],"aioseo_notices":[],"aioseo_head":"\n\t\t<!-- All in One SEO Pro 4.9.6.2 - aioseo.com -->\n\t<meta name=\"description\" content=\"onoce la historia de Edgar, un migrante que, tras a\u00f1os en EE.UU., vuelve a Guatemala para convertirse en un referente musical y productor destacado\" \/>\n\t<meta name=\"robots\" content=\"max-snippet:-1, max-image-preview:large, max-video-preview:-1\" \/>\n\t<meta name=\"author\" content=\"Diana Batz\"\/>\n\t<link rel=\"canonical\" href=\"https:\/\/soymigrante.com\/revista\/edgar-gutierrez-migrante-guatemalteco-productor-musical\/\" \/>\n\t<meta name=\"generator\" content=\"All in One SEO Pro (AIOSEO) 4.9.6.2\" \/>\n\n\t\t<link rel=\"preconnect\" href=\"https:\/\/fonts.googleapis.com\" crossorigin>\n<link rel=\"preconnect\" href=\"https:\/\/fonts.gstatic.com\" crossorigin>\n\t\t<meta property=\"og:locale\" content=\"es_ES\" \/>\n\t\t<meta property=\"og:site_name\" content=\"SoyMigrante.com REVISTA \u2013 Nuestra misi\u00f3n es reconocer y dignificar al migrante.\" \/>\n\t\t<meta property=\"og:type\" content=\"article\" \/>\n\t\t<meta property=\"og:title\" content=\"Edgar Guti\u00e9rrez: De migrante a productor musical en Guatemala\" \/>\n\t\t<meta property=\"og:description\" content=\"onoce la historia de Edgar, un migrante que, tras a\u00f1os en EE.UU., vuelve a Guatemala para convertirse en un referente musical y productor destacado\" \/>\n\t\t<meta property=\"og:url\" content=\"https:\/\/soymigrante.com\/revista\/edgar-gutierrez-migrante-guatemalteco-productor-musical\/\" \/>\n\t\t<meta property=\"og:image\" content=\"https:\/\/soymigrante.com\/revista\/wp-content\/uploads\/2023\/08\/Captura-de-pantalla-2023-08-03-171754.webp\" \/>\n\t\t<meta property=\"og:image:secure_url\" content=\"https:\/\/soymigrante.com\/revista\/wp-content\/uploads\/2023\/08\/Captura-de-pantalla-2023-08-03-171754.webp\" \/>\n\t\t<meta property=\"og:image:width\" content=\"1403\" \/>\n\t\t<meta property=\"og:image:height\" content=\"932\" \/>\n\t\t<meta property=\"article:published_time\" content=\"2023-08-04T00:07:43+00:00\" \/>\n\t\t<meta property=\"article:modified_time\" content=\"2024-07-31T11:28:56+00:00\" \/>\n\t\t<meta property=\"article:publisher\" content=\"https:\/\/www.facebook.com\/soymigrantecom\" \/>\n\t\t<meta name=\"twitter:card\" content=\"summary_large_image\" \/>\n\t\t<meta name=\"twitter:site\" content=\"@SoyMigrante_com\" \/>\n\t\t<meta name=\"twitter:title\" content=\"Edgar Guti\u00e9rrez: De migrante a productor musical en Guatemala\" \/>\n\t\t<meta name=\"twitter:description\" content=\"onoce la historia de Edgar, un migrante que, tras a\u00f1os en EE.UU., vuelve a Guatemala para convertirse en un referente musical y productor destacado\" \/>\n\t\t<meta name=\"twitter:creator\" content=\"@SoyMigrante_com\" \/>\n\t\t<meta name=\"twitter:image\" content=\"https:\/\/soymigrante.com\/revista\/wp-content\/uploads\/2023\/08\/Captura-de-pantalla-2023-08-03-171754.webp\" \/>\n\t\t<!-- All in One SEO Pro -->\r\n\t\t<title>Edgar Guti\u00e9rrez: De migrante a productor musical en Guatemala<\/title>\n\n","aioseo_head_json":{"title":"Edgar Guti\u00e9rrez: De migrante a productor musical en Guatemala","description":"onoce la historia de Edgar, un migrante que, tras a\u00f1os en EE.UU., vuelve a Guatemala para convertirse en un referente musical y productor destacado","canonical_url":"https:\/\/soymigrante.com\/revista\/edgar-gutierrez-migrante-guatemalteco-productor-musical\/","robots":"max-snippet:-1, max-image-preview:large, max-video-preview:-1","keywords":"","webmasterTools":{"miscellaneous":"&lt;link rel=\"preconnect\" href=\"https:\/\/fonts.googleapis.com\" crossorigin&gt;\n&lt;link rel=\"preconnect\" href=\"https:\/\/fonts.gstatic.com\" crossorigin&gt;"},"schema":null,"og:locale":"es_ES","og:site_name":"SoyMigrante.com REVISTA \u2013 Nuestra misi\u00f3n es reconocer y dignificar al migrante.","og:type":"article","og:title":"Edgar Guti\u00e9rrez: De migrante a productor musical en Guatemala","og:description":"onoce la historia de Edgar, un migrante que, tras a\u00f1os en EE.UU., vuelve a Guatemala para convertirse en un referente musical y productor destacado","og:url":"https:\/\/soymigrante.com\/revista\/edgar-gutierrez-migrante-guatemalteco-productor-musical\/","og:image":"https:\/\/soymigrante.com\/revista\/wp-content\/uploads\/2023\/08\/Captura-de-pantalla-2023-08-03-171754.webp","og:image:secure_url":"https:\/\/soymigrante.com\/revista\/wp-content\/uploads\/2023\/08\/Captura-de-pantalla-2023-08-03-171754.webp","og:image:width":1403,"og:image:height":932,"article:published_time":"2023-08-04T00:07:43+00:00","article:modified_time":"2024-07-31T11:28:56+00:00","article:publisher":"https:\/\/www.facebook.com\/soymigrantecom","twitter:card":"summary_large_image","twitter:site":"@SoyMigrante_com","twitter:title":"Edgar Guti\u00e9rrez: De migrante a productor musical en Guatemala","twitter:description":"onoce la historia de Edgar, un migrante que, tras a\u00f1os en EE.UU., vuelve a Guatemala para convertirse en un referente musical y productor destacado","twitter:creator":"@SoyMigrante_com","twitter:image":"https:\/\/soymigrante.com\/revista\/wp-content\/uploads\/2023\/08\/Captura-de-pantalla-2023-08-03-171754.webp"},"aioseo_meta_data":{"post_id":"19522","title":"El inventario de Lui Donis de Radio Viejo en Los Angeles","description":"Cantante, compositor, pap\u00e1, esposo y sobre todo una mente creativa: Lui Donis, vocalista de la banda guatemalteca Radio Viejo relata su vivencia en Los Angeles","keywords":null,"keyphrases":{"focus":{"keyphrase":"Radio Viejo","score":91,"analysis":{"keyphraseInTitle":{"score":9,"maxScore":9,"error":0},"keyphraseInDescription":{"score":9,"maxScore":9,"error":0},"keyphraseLength":{"score":9,"maxScore":9,"error":0,"length":2},"keyphraseInURL":{"score":5,"maxScore":5,"error":0},"keyphraseInIntroduction":{"score":9,"maxScore":9,"error":0},"keyphraseInSubHeadings":{"score":3,"maxScore":9,"error":1},"keyphraseInImageAlt":{"score":9,"maxScore":9,"error":0},"keywordDensity":{"type":"best","score":9,"maxScore":9,"error":0}}},"additional":[{"keyphrase":"Lui donis","score":100,"analysis":{"keyphraseInDescription":{"score":9,"maxScore":9,"error":0},"keyphraseLength":{"score":9,"maxScore":9,"error":0,"length":2},"keyphraseInIntroduction":{"score":9,"maxScore":9,"error":0},"keyphraseInImageAlt":{"score":9,"maxScore":9,"error":0},"keywordDensity":{"type":"best","score":9,"maxScore":9,"error":0}}},{"keyphrase":"Historia","score":40,"analysis":{"keyphraseInDescription":{"score":3,"maxScore":9,"error":1},"keyphraseLength":{"score":9,"maxScore":9,"error":0,"length":1},"keyphraseInIntroduction":{"score":3,"maxScore":9,"error":1},"keyphraseInImageAlt":{"score":3,"maxScore":9,"error":1},"keywordDensity":{"score":0,"type":"low","maxScore":9,"error":1}}},{"keyphrase":"Migrante","score":73,"analysis":{"keyphraseInDescription":{"score":3,"maxScore":9,"error":1},"keyphraseLength":{"score":9,"maxScore":9,"error":0,"length":1},"keyphraseInIntroduction":{"score":3,"maxScore":9,"error":1},"keyphraseInImageAlt":{"score":9,"maxScore":9,"error":0},"keywordDensity":{"type":"best","score":9,"maxScore":9,"error":0}}}]},"primary_term":null,"canonical_url":null,"og_title":null,"og_description":null,"og_object_type":"default","og_image_type":"default","og_image_url":null,"og_image_width":null,"og_image_height":null,"og_image_custom_url":null,"og_image_custom_fields":null,"og_video":"","og_custom_url":null,"og_article_section":null,"og_article_tags":null,"twitter_use_og":false,"twitter_card":"default","twitter_image_type":"default","twitter_image_url":null,"twitter_image_custom_url":null,"twitter_image_custom_fields":null,"twitter_title":null,"twitter_description":null,"schema":{"blockGraphs":[],"customGraphs":[],"default":{"data":{"Article":[],"Course":[],"Dataset":[],"FAQPage":[],"Movie":[],"Person":[],"Product":[],"ProductReview":[],"Car":[],"Recipe":[],"Service":[],"SoftwareApplication":[],"WebPage":[]},"graphName":"BlogPosting","isEnabled":true},"graphs":[]},"schema_type":"default","schema_type_options":null,"pillar_content":false,"robots_default":true,"robots_noindex":false,"robots_noarchive":false,"robots_nosnippet":false,"robots_nofollow":false,"robots_noimageindex":false,"robots_noodp":false,"robots_notranslate":false,"robots_max_snippet":"-1","robots_max_videopreview":"-1","robots_max_imagepreview":"large","priority":null,"frequency":"default","local_seo":null,"seo_analyzer_scan_date":"2025-10-09 01:37:15","breadcrumb_settings":null,"limit_modified_date":false,"reviewed_by":null,"open_ai":"{\"title\":{\"suggestions\":[],\"usage\":0},\"description\":{\"suggestions\":[],\"usage\":0}}","ai":null,"created":"2025-01-07 06:30:59","updated":"2026-02-04 18:51:09"},"aioseo_breadcrumb":"<div class=\"aioseo-breadcrumbs\"><span class=\"aioseo-breadcrumb\">\n\t<a href=\"https:\/\/soymigrante.com\/revista\" title=\"Home\">Home<\/a>\n<\/span><span class=\"aioseo-breadcrumb-separator\">\u00bb<\/span><span class=\"aioseo-breadcrumb\">\n\t<a href=\"https:\/\/soymigrante.com\/revista\/category\/exitos\/\" title=\"\u00c9xitos\">\u00c9xitos<\/a>\n<\/span><span class=\"aioseo-breadcrumb-separator\">\u00bb<\/span><span class=\"aioseo-breadcrumb\">\n\tVolviendo a nacer como m\u00fasico, pap\u00e1 y guatemalteco en Los Angeles: Lui Donis, de Radio Viejo\n<\/span><\/div>","aioseo_breadcrumb_json":[{"label":"Home","link":"https:\/\/soymigrante.com\/revista"},{"label":"\u00c9xitos","link":"https:\/\/soymigrante.com\/revista\/category\/exitos\/"},{"label":"Volviendo a nacer como m\u00fasico, pap\u00e1 y guatemalteco en Los Angeles: Lui Donis, de Radio Viejo","link":"https:\/\/soymigrante.com\/revista\/lui-donis-radio-viejo-guatemalteco-musico-los-angeles\/"}],"_links":{"self":[{"href":"https:\/\/soymigrante.com\/revista\/wp-json\/wp\/v2\/posts\/19522","targetHints":{"allow":["GET"]}}],"collection":[{"href":"https:\/\/soymigrante.com\/revista\/wp-json\/wp\/v2\/posts"}],"about":[{"href":"https:\/\/soymigrante.com\/revista\/wp-json\/wp\/v2\/types\/post"}],"author":[{"embeddable":true,"href":"https:\/\/soymigrante.com\/revista\/wp-json\/wp\/v2\/users\/7"}],"replies":[{"embeddable":true,"href":"https:\/\/soymigrante.com\/revista\/wp-json\/wp\/v2\/comments?post=19522"}],"version-history":[{"count":0,"href":"https:\/\/soymigrante.com\/revista\/wp-json\/wp\/v2\/posts\/19522\/revisions"}],"wp:featuredmedia":[{"embeddable":true,"href":"https:\/\/soymigrante.com\/revista\/wp-json\/wp\/v2\/media\/19524"}],"wp:attachment":[{"href":"https:\/\/soymigrante.com\/revista\/wp-json\/wp\/v2\/media?parent=19522"}],"wp:term":[{"taxonomy":"category","embeddable":true,"href":"https:\/\/soymigrante.com\/revista\/wp-json\/wp\/v2\/categories?post=19522"},{"taxonomy":"post_tag","embeddable":true,"href":"https:\/\/soymigrante.com\/revista\/wp-json\/wp\/v2\/tags?post=19522"}],"curies":[{"name":"wp","href":"https:\/\/api.w.org\/{rel}","templated":true}]}}