{"id":19344,"date":"2025-01-07T08:44:25","date_gmt":"2025-01-07T14:44:25","guid":{"rendered":"https:\/\/soymigrante.com\/revista\/?p=19344"},"modified":"2025-07-19T15:48:58","modified_gmt":"2025-07-19T21:48:58","slug":"artista-david-de-paz-convierte-el-sentimiento-en-pinturas-de-arte-qeq","status":"publish","type":"post","link":"https:\/\/soymigrante.com\/revista\/artista-david-de-paz-convierte-el-sentimiento-en-pinturas-de-arte-qeq\/","title":{"rendered":"Artista David de Paz transforma emociones en la expresi\u00f3n viva de Arte Q&#8217;eq y est\u00e1 en Mercado"},"content":{"rendered":"\t\t<div data-elementor-type=\"wp-post\" data-elementor-id=\"19344\" class=\"elementor elementor-19344\" data-elementor-post-type=\"post\">\n\t\t\t\t<div data-particle_enable=\"false\" data-particle-mobile-disabled=\"false\" class=\"elementor-element elementor-element-2f15b02 e-flex e-con-boxed e-con e-parent\" data-id=\"2f15b02\" data-element_type=\"container\" data-e-type=\"container\">\n\t\t\t\t\t<div class=\"e-con-inner\">\n\t\t\t\t<div class=\"elementor-element elementor-element-faadf13 elementor-widget elementor-widget-heading\" data-id=\"faadf13\" data-element_type=\"widget\" data-e-type=\"widget\" data-widget_type=\"heading.default\">\n\t\t\t\t\t<h2 class=\"elementor-heading-title elementor-size-default\">Desde su infancia, David Armando De Paz L\u00f3pez encontr\u00f3 en el arte su refugio y su pasi\u00f3n. Hoy, a trav\u00e9s de su emprendimiento Arte Q\u2019eq, que puedes encontrar en SoyMigrante.com MERCADO, transforma emociones en piezas que celebran la est\u00e9tica y la esencia de la figura femenina.<\/h2>\t\t\t\t<\/div>\n\t\t\t\t\t<\/div>\n\t\t\t\t<\/div>\n\t\t<div data-particle_enable=\"false\" data-particle-mobile-disabled=\"false\" class=\"elementor-element elementor-element-e7bd586 e-flex e-con-boxed e-con e-parent\" data-id=\"e7bd586\" data-element_type=\"container\" data-e-type=\"container\">\n\t\t\t\t\t<div class=\"e-con-inner\">\n\t\t\t\t<div class=\"elementor-element elementor-element-b922dae elementor-widget elementor-widget-text-editor\" data-id=\"b922dae\" data-element_type=\"widget\" data-e-type=\"widget\" data-widget_type=\"text-editor.default\">\n\t\t\t\t\t\t\t\t\t<p>David Armando De Paz L\u00f3pez, creador de Arte Q\u2019eq, ha dedicado su vida a capturar la belleza de las emociones humanas. Con m\u00e1s de una d\u00e9cada de experiencia, su obra se centra en la figura femenina como un homenaje a la equidad y la expresi\u00f3n personal.<\/p><p><span style=\"font-family: Roboto, sans-serif; font-size: 16px; font-style: normal; font-weight: 400;\">Q\u2019eq en idioma significa negro, color favorito del artista David Armando por lo que as\u00ed decidi\u00f3 llamar a su emprendimiento de arte.\u00a0<\/span><\/p><p><a style=\"text-align: var(--text-align);\" href=\"https:\/\/soymigrante.com\/mercado\/marketplace\/arteqeq\" target=\"_blank\" rel=\"noopener\">La tienda digital\u00a0 Arte Q\u2019eq ya est\u00e1 abierta en SoyMigrante.com MERCADO,<\/a>\u00a0la comunidad en l\u00ednea creada para que emprendedores y compradores guatemaltecos se encuentren: un proyecto activo, proactivo e innovador\u00a0<a href=\"https:\/\/soymigrante.com\/revista\/tejiendo-en-el-tiempo-cultiva-el-arte-y-la-cultura-de-san-antonio-aguas-calientes\/\" target=\"_blank\" rel=\"noopener\">para peque\u00f1os negocios y creadores de productos<\/a>\u00a0elaborados a mano, detr\u00e1s de las cuales siempre hay una historia.<\/p>\t\t\t\t\t\t\t\t<\/div>\n\t\t\t\t\t<\/div>\n\t\t\t\t<\/div>\n\t\t<div data-particle_enable=\"false\" data-particle-mobile-disabled=\"false\" class=\"elementor-element elementor-element-068d933 e-flex e-con-boxed e-con e-parent\" data-id=\"068d933\" data-element_type=\"container\" data-e-type=\"container\">\n\t\t\t\t\t<div class=\"e-con-inner\">\n\t\t\t\t<div class=\"elementor-element elementor-element-b091164 elementor-widget elementor-widget-image\" data-id=\"b091164\" data-element_type=\"widget\" data-e-type=\"widget\" data-widget_type=\"image.default\">\n\t\t\t\t\t\t\t\t\t\t\t\t\t\t\t<img fetchpriority=\"high\" decoding=\"async\" width=\"768\" height=\"1076\" src=\"https:\/\/soymigrante.com\/revista\/wp-content\/uploads\/2025\/01\/David-Armando-De-Paz-Lopez-768x1076.jpeg\" class=\"attachment-medium_large size-medium_large wp-image-19370\" alt=\"Retrato de un hombre con lentes, cabello rizado y sonriendo, en una galer\u00eda de arte con pinturas en la pared, con un estilo formal y ambiente cultural.\" srcset=\"https:\/\/soymigrante.com\/revista\/wp-content\/uploads\/2025\/01\/David-Armando-De-Paz-Lopez-768x1076.jpeg 768w, https:\/\/soymigrante.com\/revista\/wp-content\/uploads\/2025\/01\/David-Armando-De-Paz-Lopez-214x300.jpeg 214w, https:\/\/soymigrante.com\/revista\/wp-content\/uploads\/2025\/01\/David-Armando-De-Paz-Lopez-731x1024.jpeg 731w, https:\/\/soymigrante.com\/revista\/wp-content\/uploads\/2025\/01\/David-Armando-De-Paz-Lopez-360x504.webp 360w, https:\/\/soymigrante.com\/revista\/wp-content\/uploads\/2025\/01\/David-Armando-De-Paz-Lopez-750x1050.webp 750w, https:\/\/soymigrante.com\/revista\/wp-content\/uploads\/2025\/01\/David-Armando-De-Paz-Lopez.webp 914w\" sizes=\"(max-width: 768px) 100vw, 768px\" \/>\t\t\t\t\t\t\t\t\t\t\t\t\t\t\t<\/div>\n\t\t\t\t\t<\/div>\n\t\t\t\t<\/div>\n\t\t<div data-particle_enable=\"false\" data-particle-mobile-disabled=\"false\" class=\"elementor-element elementor-element-a00521f e-flex e-con-boxed e-con e-parent\" data-id=\"a00521f\" data-element_type=\"container\" data-e-type=\"container\">\n\t\t\t\t\t<div class=\"e-con-inner\">\n\t\t\t\t<div class=\"elementor-element elementor-element-e1a9444 elementor-widget elementor-widget-heading\" data-id=\"e1a9444\" data-element_type=\"widget\" data-e-type=\"widget\" data-widget_type=\"heading.default\">\n\t\t\t\t\t<h3 class=\"elementor-heading-title elementor-size-default\">Los inicios de un artista apasionado<\/h3>\t\t\t\t<\/div>\n\t\t\t\t\t<\/div>\n\t\t\t\t<\/div>\n\t\t<div data-particle_enable=\"false\" data-particle-mobile-disabled=\"false\" class=\"elementor-element elementor-element-9959a76 e-flex e-con-boxed e-con e-parent\" data-id=\"9959a76\" data-element_type=\"container\" data-e-type=\"container\">\n\t\t\t\t\t<div class=\"e-con-inner\">\n\t\t\t\t<div class=\"elementor-element elementor-element-63f4bc1 elementor-widget elementor-widget-text-editor\" data-id=\"63f4bc1\" data-element_type=\"widget\" data-e-type=\"widget\" data-widget_type=\"text-editor.default\">\n\t\t\t\t\t\t\t\t\t<p>Desde sus primeros a\u00f1os escolares, David Armando De Paz L\u00f3pez descubri\u00f3 su talento y pasi\u00f3n por el arte. En nivel b\u00e1sico, particip\u00f3\u00a0<a href=\"https:\/\/soymigrante.com\/revista\/joyas-mayas-migrantes-guatemaltecos-pueden-admirar-vaso-de-los-11-dioses-en-los-angeles\/\" target=\"_blank\" rel=\"noopener\">en un concurso de dibujo<\/a>\u00a0y obtuvo el primer lugar. Incluso en su etapa de p\u00e1rvulos, ya tomaba clases de pintura, guiado por maestros que reconocieron y fomentaron su potencial. Uno de ellos, su maestro de pl\u00e1stica, contin\u00faa siendo una figura clave en su desarrollo art\u00edstico. Armando, zurdo de<a href=\"https:\/\/soymigrante.com\/revista\/como-tramitar-un-certificado-de-nacimiento-guatemalteco-a-distancia\/\" target=\"_blank\" rel=\"noopener\"> nacimiento<\/a>, ha canalizado su singularidad en cada trazo que realiza.<\/p><p>En una sociedad que a menudo est\u00e1 marcada por desequilibrios y falta de equidad, Armando encuentra en\u00a0<a href=\"https:\/\/soymigrante.com\/revista\/elementos-de-las-indumentarias-mayas-de-guatemala-conoce-algunos-de-ellos\/\" target=\"_blank\" rel=\"noopener\">la figura femenina\u00a0<\/a>una forma de reivindicaci\u00f3n y celebraci\u00f3n. Inspirado por las palabras de su esposa, quien considera perfecta su interpretaci\u00f3n de la silueta femenina, el artista se esfuerza por plasmar no solo la est\u00e9tica, sino tambi\u00e9n el valor intr\u00ednseco del ser mujer. Para \u00e9l, pintar estas figuras es un proceso emocional que va m\u00e1s all\u00e1 de la t\u00e9cnica.<\/p>\t\t\t\t\t\t\t\t<\/div>\n\t\t\t\t\t<\/div>\n\t\t\t\t<\/div>\n\t\t<div data-particle_enable=\"false\" data-particle-mobile-disabled=\"false\" class=\"elementor-element elementor-element-a3a343d e-flex e-con-boxed e-con e-parent\" data-id=\"a3a343d\" data-element_type=\"container\" data-e-type=\"container\">\n\t\t\t\t\t<div class=\"e-con-inner\">\n\t\t\t\t<div class=\"elementor-element elementor-element-9056920 elementor-widget elementor-widget-image\" data-id=\"9056920\" data-element_type=\"widget\" data-e-type=\"widget\" data-widget_type=\"image.default\">\n\t\t\t\t\t\t\t\t\t\t\t\t\t\t\t\t<a href=\"https:\/\/soymigrante.com\/mercado\/marketplace\/arteqeq\">\n\t\t\t\t\t\t\t<img decoding=\"async\" width=\"1024\" height=\"483\" src=\"https:\/\/soymigrante.com\/revista\/wp-content\/uploads\/2025\/01\/Arte-qeq-1024x483.jpg\" class=\"attachment-large size-large wp-image-19374\" alt=\"Arte que busca promover cultura y diversidad en Guatemala a trav\u00e9s de obras de artistas locales.\" srcset=\"https:\/\/soymigrante.com\/revista\/wp-content\/uploads\/2025\/01\/Arte-qeq-1024x483.jpg 1024w, https:\/\/soymigrante.com\/revista\/wp-content\/uploads\/2025\/01\/Arte-qeq-300x142.jpg 300w, https:\/\/soymigrante.com\/revista\/wp-content\/uploads\/2025\/01\/Arte-qeq-768x362.jpg 768w, https:\/\/soymigrante.com\/revista\/wp-content\/uploads\/2025\/01\/Arte-qeq-750x354.webp 750w, https:\/\/soymigrante.com\/revista\/wp-content\/uploads\/2025\/01\/Arte-qeq-1140x538.webp 1140w, https:\/\/soymigrante.com\/revista\/wp-content\/uploads\/2025\/01\/Arte-qeq.webp 1337w\" sizes=\"(max-width: 1024px) 100vw, 1024px\" \/>\t\t\t\t\t\t\t\t<\/a>\n\t\t\t\t\t\t\t\t\t\t\t\t\t\t\t<\/div>\n\t\t\t\t\t<\/div>\n\t\t\t\t<\/div>\n\t\t<div data-particle_enable=\"false\" data-particle-mobile-disabled=\"false\" class=\"elementor-element elementor-element-e95d88a e-flex e-con-boxed e-con e-parent\" data-id=\"e95d88a\" data-element_type=\"container\" data-e-type=\"container\">\n\t\t\t\t\t<div class=\"e-con-inner\">\n\t\t\t\t<div class=\"elementor-element elementor-element-a1dcd72 elementor-widget elementor-widget-heading\" data-id=\"a1dcd72\" data-element_type=\"widget\" data-e-type=\"widget\" data-widget_type=\"heading.default\">\n\t\t\t\t\t<h3 class=\"elementor-heading-title elementor-size-default\">El arte de sentir m\u00e1s all\u00e1 de la perfecci\u00f3n t\u00e9cnica<\/h3>\t\t\t\t<\/div>\n\t\t\t\t\t<\/div>\n\t\t\t\t<\/div>\n\t\t<div data-particle_enable=\"false\" data-particle-mobile-disabled=\"false\" class=\"elementor-element elementor-element-3ca1a08 e-flex e-con-boxed e-con e-parent\" data-id=\"3ca1a08\" data-element_type=\"container\" data-e-type=\"container\">\n\t\t\t\t\t<div class=\"e-con-inner\">\n\t\t\t\t<div class=\"elementor-element elementor-element-e87ea17 elementor-widget elementor-widget-text-editor\" data-id=\"e87ea17\" data-element_type=\"widget\" data-e-type=\"widget\" data-widget_type=\"text-editor.default\">\n\t\t\t\t\t\t\t\t\t<p>Aunque domina las t\u00e9cnicas de acuarela y \u00f3leo, David valora m\u00e1s el poder de transmitir emociones que la precisi\u00f3n t\u00e9cnica. La acuarela, que considera m\u00e1s r\u00e1pida y exigente, le permite crear obras en pocos minutos, mientras que el \u00f3leo, m\u00e1s flexible, requiere d\u00edas de dedicaci\u00f3n. Sin embargo, m\u00e1s all\u00e1 del medio, lo que importa es lo que el artista siente y expresa en cada pincelada.<\/p><p>&#8220;Me atrever\u00eda a decir que estoy enmarcado en el sentir, vivir con respecto a expresar lo que siento y pienso. Necesito una forma de expresearme\u2026.&#8221;, refiere el artista sobre sus obras. &#8220;Solamente tengo una mirada aunque las personas tienen percepciones, sentir lo que expreso. no espero generar un cambio social pero s\u00ed una identificaci\u00f3n en las obras&#8221;, a\u00f1ade el artista.<\/p><div>\u00a0<\/div>\t\t\t\t\t\t\t\t<\/div>\n\t\t\t\t\t<\/div>\n\t\t\t\t<\/div>\n\t\t<div data-particle_enable=\"false\" data-particle-mobile-disabled=\"false\" class=\"elementor-element elementor-element-3d9eaf7 e-flex e-con-boxed e-con e-parent\" data-id=\"3d9eaf7\" data-element_type=\"container\" data-e-type=\"container\">\n\t\t\t\t\t<div class=\"e-con-inner\">\n\t\t\t\t<div class=\"elementor-element elementor-element-ffc3bdc elementor-widget elementor-widget-heading\" data-id=\"ffc3bdc\" data-element_type=\"widget\" data-e-type=\"widget\" data-widget_type=\"heading.default\">\n\t\t\t\t\t<h3 class=\"elementor-heading-title elementor-size-default\">De las ventas al arte como lenguaje personal<\/h3>\t\t\t\t<\/div>\n\t\t\t\t\t<\/div>\n\t\t\t\t<\/div>\n\t\t<div data-particle_enable=\"false\" data-particle-mobile-disabled=\"false\" class=\"elementor-element elementor-element-6222cb7 e-flex e-con-boxed e-con e-parent\" data-id=\"6222cb7\" data-element_type=\"container\" data-e-type=\"container\">\n\t\t\t\t\t<div class=\"e-con-inner\">\n\t\t\t\t<div class=\"elementor-element elementor-element-1606042 elementor-widget elementor-widget-text-editor\" data-id=\"1606042\" data-element_type=\"widget\" data-e-type=\"widget\" data-widget_type=\"text-editor.default\">\n\t\t\t\t\t\t\t\t\t<p>Antes de dedicarse por completo al arte, David se desenvolvi\u00f3 en el comercio. Sin embargo, a los 30 a\u00f1os descubri\u00f3 en&nbsp;<a href=\"https:\/\/soymigrante.com\/revista\/verdelimon-un-emprendimiento-dulce-y-saludable-lleno-de-arte\/\" target=\"_blank\">la pintura una forma de expresar sus pensamientos y emociones.&nbsp;<\/a>Desde hace cinco a\u00f1os, se ha enfocado principalmente en la figura femenina, perfeccionando su estilo y su visi\u00f3n.<\/p>\n<p>David no busca transformar la sociedad con su arte, pero s\u00ed espera generar una conexi\u00f3n emocional con quienes observan sus obras. \u201cSolamente tengo una mirada, aunque las personas tienen percepciones diferentes. Mi deseo es que sientan lo que expreso\u201d, afirma. Su enfoque est\u00e1 en la identificaci\u00f3n y en la posibilidad de que el arte hable por s\u00ed mismo.<\/p>\t\t\t\t\t\t\t\t<\/div>\n\t\t\t\t\t<\/div>\n\t\t\t\t<\/div>\n\t\t<div data-particle_enable=\"false\" data-particle-mobile-disabled=\"false\" class=\"elementor-element elementor-element-ac0c6f6 e-flex e-con-boxed e-con e-parent\" data-id=\"ac0c6f6\" data-element_type=\"container\" data-e-type=\"container\">\n\t\t\t\t\t<div class=\"e-con-inner\">\n\t\t\t\t<div class=\"elementor-element elementor-element-c7c168d elementor-arrows-position-inside elementor-pagination-position-outside elementor-widget elementor-widget-image-carousel\" data-id=\"c7c168d\" data-element_type=\"widget\" data-e-type=\"widget\" data-settings=\"{&quot;slides_to_show&quot;:&quot;1&quot;,&quot;navigation&quot;:&quot;both&quot;,&quot;autoplay&quot;:&quot;yes&quot;,&quot;pause_on_hover&quot;:&quot;yes&quot;,&quot;pause_on_interaction&quot;:&quot;yes&quot;,&quot;autoplay_speed&quot;:5000,&quot;infinite&quot;:&quot;yes&quot;,&quot;effect&quot;:&quot;slide&quot;,&quot;speed&quot;:500}\" data-widget_type=\"image-carousel.default\">\n\t\t\t\t\t\t\t<div class=\"elementor-image-carousel-wrapper swiper\" role=\"region\" aria-roledescription=\"carousel\" aria-label=\"Carrusel de im\u00e1genes\" dir=\"ltr\">\n\t\t\t<div class=\"elementor-image-carousel swiper-wrapper\" aria-live=\"off\">\n\t\t\t\t\t\t\t\t<div class=\"swiper-slide\" role=\"group\" aria-roledescription=\"slide\" aria-label=\"1 de 7\"><figure class=\"swiper-slide-inner\"><img decoding=\"async\" class=\"swiper-slide-image\" src=\"https:\/\/soymigrante.com\/revista\/wp-content\/uploads\/2025\/01\/arte-qeq-7.webp\" alt=\"Alta: Mujer con cabello largo y trenza adornada con flores, vista trasera, en estilo acuarela, resaltando belleza y naturalidad.\" \/><\/figure><\/div><div class=\"swiper-slide\" role=\"group\" aria-roledescription=\"slide\" aria-label=\"2 de 7\"><figure class=\"swiper-slide-inner\"><img decoding=\"async\" class=\"swiper-slide-image\" src=\"https:\/\/soymigrante.com\/revista\/wp-content\/uploads\/2025\/01\/arte-qeq-6.webp\" alt=\"Un dibujo en acuarela de una mujer desnuda, en una pose art\u00edstica y expresiva, en tonos grises y azulados, resaltando formas y sombras con un estilo abstracto y emotivo.\" \/><\/figure><\/div><div class=\"swiper-slide\" role=\"group\" aria-roledescription=\"slide\" aria-label=\"3 de 7\"><figure class=\"swiper-slide-inner\"><img decoding=\"async\" class=\"swiper-slide-image\" src=\"https:\/\/soymigrante.com\/revista\/wp-content\/uploads\/2025\/01\/arte-qeq-5.webp\" alt=\"David Armand se identific\u00f3 con el arte desde que estaba en p\u00e1rvulos, relata.\" \/><\/figure><\/div><div class=\"swiper-slide\" role=\"group\" aria-roledescription=\"slide\" aria-label=\"4 de 7\"><figure class=\"swiper-slide-inner\"><img decoding=\"async\" class=\"swiper-slide-image\" src=\"https:\/\/soymigrante.com\/revista\/wp-content\/uploads\/2025\/01\/arte-qeq-4.webp\" alt=\"\u00c0rbol seco junto a una mujer en un paisaje lacustre, pintura con tonos suaves y enfoque en la naturaleza, reflejando la conexi\u00f3n de las migrantes con su tierra.\" \/><\/figure><\/div><div class=\"swiper-slide\" role=\"group\" aria-roledescription=\"slide\" aria-label=\"5 de 7\"><figure class=\"swiper-slide-inner\"><img decoding=\"async\" class=\"swiper-slide-image\" src=\"https:\/\/soymigrante.com\/revista\/wp-content\/uploads\/2025\/01\/Arte-qeq-3.webp\" alt=\"Una pintura abstracta que representa la interacci\u00f3n entre dos figuras femeninas, enfatizando el arte, la cultura y la identidad en Am\u00e9rica Latina.\" \/><\/figure><\/div><div class=\"swiper-slide\" role=\"group\" aria-roledescription=\"slide\" aria-label=\"6 de 7\"><figure class=\"swiper-slide-inner\"><img decoding=\"async\" class=\"swiper-slide-image\" src=\"https:\/\/soymigrante.com\/revista\/wp-content\/uploads\/2025\/01\/arte-qeq-2.webp\" alt=\"Mujer desnuda en pintura abstracta, arte moderna con colores vibrantes y l\u00edneas din\u00e1micas, estilo expresionista, enfoque en figura femenina, ideal para art\u00edculos sobre arte y cultura, revista SoyMigrante.com REVISTA.\" \/><\/figure><\/div><div class=\"swiper-slide\" role=\"group\" aria-roledescription=\"slide\" aria-label=\"7 de 7\"><figure class=\"swiper-slide-inner\"><img decoding=\"async\" class=\"swiper-slide-image\" src=\"https:\/\/soymigrante.com\/revista\/wp-content\/uploads\/2025\/01\/arte-qeq-1.webp\" alt=\"Alto texto: Ilustraci\u00f3n lineal de una figura humana abraz\u00e1ndose, estilo minimalista, en tonos negros sobre fondo blanco, transmite intimidad y emoci\u00f3n.\" \/><\/figure><\/div>\t\t\t<\/div>\n\t\t\t\t\t\t\t\t\t\t\t\t<div class=\"elementor-swiper-button elementor-swiper-button-prev\" role=\"button\" tabindex=\"0\">\n\t\t\t\t\t\t<i aria-hidden=\"true\" class=\"eicon-chevron-left\"><\/i>\t\t\t\t\t<\/div>\n\t\t\t\t\t<div class=\"elementor-swiper-button elementor-swiper-button-next\" role=\"button\" tabindex=\"0\">\n\t\t\t\t\t\t<i aria-hidden=\"true\" class=\"eicon-chevron-right\"><\/i>\t\t\t\t\t<\/div>\n\t\t\t\t\n\t\t\t\t\t\t\t\t\t<div class=\"swiper-pagination\"><\/div>\n\t\t\t\t\t\t\t\t\t<\/div>\n\t\t\t\t\t\t<\/div>\n\t\t\t\t\t<\/div>\n\t\t\t\t<\/div>\n\t\t<div data-particle_enable=\"false\" data-particle-mobile-disabled=\"false\" class=\"elementor-element elementor-element-b35a7d8 e-flex e-con-boxed e-con e-parent\" data-id=\"b35a7d8\" data-element_type=\"container\" data-e-type=\"container\">\n\t\t\t\t\t<div class=\"e-con-inner\">\n\t\t\t\t<div class=\"elementor-element elementor-element-457026c elementor-widget elementor-widget-heading\" data-id=\"457026c\" data-element_type=\"widget\" data-e-type=\"widget\" data-widget_type=\"heading.default\">\n\t\t\t\t\t<h3 class=\"elementor-heading-title elementor-size-default\">Arte Q\u2019eq: Un viaje hacia la autenticidad<\/h3>\t\t\t\t<\/div>\n\t\t\t\t\t<\/div>\n\t\t\t\t<\/div>\n\t\t<div data-particle_enable=\"false\" data-particle-mobile-disabled=\"false\" class=\"elementor-element elementor-element-f89a2ee e-flex e-con-boxed e-con e-parent\" data-id=\"f89a2ee\" data-element_type=\"container\" data-e-type=\"container\">\n\t\t\t\t\t<div class=\"e-con-inner\">\n\t\t\t\t<div class=\"elementor-element elementor-element-595d04d elementor-widget elementor-widget-text-editor\" data-id=\"595d04d\" data-element_type=\"widget\" data-e-type=\"widget\" data-widget_type=\"text-editor.default\">\n\t\t\t\t\t\t\t\t\t<p>Hoy, Arte Q\u2019eq es el reflejo de la trayectoria y la pasi\u00f3n de David Armando De Paz L\u00f3pez. Su trabajo representa un homenaje a las emociones humanas, un viaje hacia la expresi\u00f3n pura y aut\u00e9ntica que no busca la perfecci\u00f3n, sino el sentir en cada obra.<\/p>\t\t\t\t\t\t\t\t<\/div>\n\t\t\t\t\t<\/div>\n\t\t\t\t<\/div>\n\t\t<div data-particle_enable=\"false\" data-particle-mobile-disabled=\"false\" class=\"elementor-element elementor-element-494ac97 e-flex e-con-boxed e-con e-parent\" data-id=\"494ac97\" data-element_type=\"container\" data-e-type=\"container\">\n\t\t\t\t\t<div class=\"e-con-inner\">\n\t\t\t\t<div class=\"elementor-element elementor-element-f497043 elementor-widget elementor-widget-heading\" data-id=\"f497043\" data-element_type=\"widget\" data-e-type=\"widget\" data-widget_type=\"heading.default\">\n\t\t\t\t\t<h2 class=\"elementor-heading-title elementor-size-default\">M\u00e1s talento, creatividad y emprendimiento<\/h2>\t\t\t\t<\/div>\n\t\t\t\t\t<\/div>\n\t\t\t\t<\/div>\n\t\t<div data-particle_enable=\"false\" data-particle-mobile-disabled=\"false\" class=\"elementor-element elementor-element-6baee60 e-flex e-con-boxed e-con e-parent\" data-id=\"6baee60\" data-element_type=\"container\" data-e-type=\"container\">\n\t\t\t\t\t<div class=\"e-con-inner\">\n\t\t\t\t<div class=\"elementor-element elementor-element-b2c6a68 elementor-grid-eael-col-3 elementor-grid-tablet-eael-col-2 elementor-grid-mobile-eael-col-1 elementor-widget elementor-widget-eael-post-grid\" data-id=\"b2c6a68\" data-element_type=\"widget\" data-e-type=\"widget\" data-settings=\"{&quot;eael_post_grid_columns&quot;:&quot;eael-col-3&quot;,&quot;eael_post_grid_columns_tablet&quot;:&quot;eael-col-2&quot;,&quot;eael_post_grid_columns_mobile&quot;:&quot;eael-col-1&quot;}\" data-widget_type=\"eael-post-grid.default\">\n\t\t\t\t\t<div id=\"eael-post-grid-b2c6a68\" class=\"eael-post-grid-container\">\n            <div class=\"eael-post-grid eael-post-appender eael-post-appender-b2c6a68 eael-post-grid-style-one\" data-layout-mode=\"masonry\"><article class=\"eael-grid-post  eael-post-grid-column eael-pg-post-10385 category-guate-nuestra tags-mercado-emprendedores\" data-id=\"10385\">\n        <div class=\"eael-grid-post-holder\">\n            <div class=\"eael-grid-post-holder-inner\"><div class=\"eael-entry-media\"><div class=\"eael-entry-overlay fade-in\"><i class=\"far fa-hand-pointer\" aria-hidden=\"true\"><\/i><a href=\"https:\/\/soymigrante.com\/revista\/cooperativa-yax-transforma-una-planta-recicladora-en-huehuetenango-que-crea-y-genera-empleo\/\"><\/a><\/div><div class=\"eael-entry-thumbnail \">\n                <img decoding=\"async\" width=\"1024\" height=\"1024\" src=\"https:\/\/soymigrante.com\/revista\/wp-content\/uploads\/2024\/10\/yax-transforma-1024x1024.webp\" class=\"attachment-large size-large wp-image-10489\" alt=\"Transformaci\u00f3n social en eventos de SoyMigrante.com REVISTA, promoviendo inclusi\u00f3n y derechos de migrantes en Am\u00e9rica Latina.\" srcset=\"https:\/\/soymigrante.com\/revista\/wp-content\/uploads\/2024\/10\/yax-transforma-1024x1024.webp 1024w, https:\/\/soymigrante.com\/revista\/wp-content\/uploads\/2024\/10\/yax-transforma-300x300.webp 300w, https:\/\/soymigrante.com\/revista\/wp-content\/uploads\/2024\/10\/yax-transforma-150x150.webp 150w, https:\/\/soymigrante.com\/revista\/wp-content\/uploads\/2024\/10\/yax-transforma-768x768.webp 768w, https:\/\/soymigrante.com\/revista\/wp-content\/uploads\/2024\/10\/yax-transforma-75x75.webp 75w, https:\/\/soymigrante.com\/revista\/wp-content\/uploads\/2024\/10\/yax-transforma-750x750.webp 750w, https:\/\/soymigrante.com\/revista\/wp-content\/uploads\/2024\/10\/yax-transforma.webp 1049w\" sizes=\"(max-width: 1024px) 100vw, 1024px\" \/>\n            <\/div>\n        <\/div><div class=\"eael-entry-wrapper\"><header class=\"eael-entry-header\"><h2 class=\"eael-entry-title\"><a class=\"eael-grid-post-link\" href=\"https:\/\/soymigrante.com\/revista\/cooperativa-yax-transforma-una-planta-recicladora-en-huehuetenango-que-crea-y-genera-empleo\/\" title=\"Yax Transforma recolecta pl\u00e1stico y lo convierte en tablas, mesas, postes y&#8230; empleos\">Yax Transforma recolecta pl\u00e1stico y lo convierte en tablas, mesas, postes y&#8230; empleos<\/a><\/h2><\/header><div class=\"eael-entry-content\">\n                        <div class=\"eael-grid-post-excerpt\"><a href=\"https:\/\/soymigrante.com\/revista\/cooperativa-yax-transforma-una-planta-recicladora-en-huehuetenango-que-crea-y-genera-empleo\/\" class=\"eael-post-elements-readmore-btn\">CONOCE SU HISTORIA <\/a><\/div>\n                    <\/div><\/div><\/div>\n        <\/div>\n    <\/article><article class=\"eael-grid-post  eael-post-grid-column eael-pg-post-48343 category-guate-nuestra tags-mercado-emprendedores\" data-id=\"48343\">\n        <div class=\"eael-grid-post-holder\">\n            <div class=\"eael-grid-post-holder-inner\"><div class=\"eael-entry-media\"><div class=\"eael-entry-overlay fade-in\"><i class=\"far fa-hand-pointer\" aria-hidden=\"true\"><\/i><a href=\"https:\/\/soymigrante.com\/revista\/sueno-de-guate-la-pulsera-wakami-que-anima-a-la-seleccion-e-impulsa-el-desarrollo\/\"><\/a><\/div><div class=\"eael-entry-thumbnail \">\n                <img loading=\"lazy\" decoding=\"async\" width=\"1024\" height=\"1024\" src=\"https:\/\/soymigrante.com\/revista\/wp-content\/uploads\/2025\/11\/\ud83d\udc99\u26bd-El-Sueno-de-nicosam95-es-el-de-todos-y-ahora-tu-puedes-llevar-el-azul-y-blanco-siempre-con-1024x1024.jpg\" class=\"attachment-large size-large wp-image-48344\" alt=\"Pulsera Wakami Sue\u00f1o de Guate\" srcset=\"https:\/\/soymigrante.com\/revista\/wp-content\/uploads\/2025\/11\/\ud83d\udc99\u26bd-El-Sueno-de-nicosam95-es-el-de-todos-y-ahora-tu-puedes-llevar-el-azul-y-blanco-siempre-con-1024x1024.jpg 1024w, https:\/\/soymigrante.com\/revista\/wp-content\/uploads\/2025\/11\/\ud83d\udc99\u26bd-El-Sueno-de-nicosam95-es-el-de-todos-y-ahora-tu-puedes-llevar-el-azul-y-blanco-siempre-con-300x300.jpg 300w, https:\/\/soymigrante.com\/revista\/wp-content\/uploads\/2025\/11\/\ud83d\udc99\u26bd-El-Sueno-de-nicosam95-es-el-de-todos-y-ahora-tu-puedes-llevar-el-azul-y-blanco-siempre-con-150x150.jpg 150w, https:\/\/soymigrante.com\/revista\/wp-content\/uploads\/2025\/11\/\ud83d\udc99\u26bd-El-Sueno-de-nicosam95-es-el-de-todos-y-ahora-tu-puedes-llevar-el-azul-y-blanco-siempre-con-768x768.jpg 768w, https:\/\/soymigrante.com\/revista\/wp-content\/uploads\/2025\/11\/\ud83d\udc99\u26bd-El-Sueno-de-nicosam95-es-el-de-todos-y-ahora-tu-puedes-llevar-el-azul-y-blanco-siempre-con-75x75.jpg 75w, https:\/\/soymigrante.com\/revista\/wp-content\/uploads\/2025\/11\/\ud83d\udc99\u26bd-El-Sueno-de-nicosam95-es-el-de-todos-y-ahora-tu-puedes-llevar-el-azul-y-blanco-siempre-con-750x750.jpg 750w, https:\/\/soymigrante.com\/revista\/wp-content\/uploads\/2025\/11\/\ud83d\udc99\u26bd-El-Sueno-de-nicosam95-es-el-de-todos-y-ahora-tu-puedes-llevar-el-azul-y-blanco-siempre-con.jpg 1059w\" sizes=\"(max-width: 1024px) 100vw, 1024px\" \/>\n            <\/div>\n        <\/div><div class=\"eael-entry-wrapper\"><header class=\"eael-entry-header\"><h2 class=\"eael-entry-title\"><a class=\"eael-grid-post-link\" href=\"https:\/\/soymigrante.com\/revista\/sueno-de-guate-la-pulsera-wakami-que-anima-a-la-seleccion-e-impulsa-el-desarrollo\/\" title=\"Ya est\u00e1 en MERCADO Sue\u00f1o de Guate,  la pulsera Wakami que anima a la Selecci\u00f3n Nacional\">Ya est\u00e1 en MERCADO Sue\u00f1o de Guate,  la pulsera Wakami que anima a la Selecci\u00f3n Nacional<\/a><\/h2><\/header><div class=\"eael-entry-content\">\n                        <div class=\"eael-grid-post-excerpt\"><a href=\"https:\/\/soymigrante.com\/revista\/sueno-de-guate-la-pulsera-wakami-que-anima-a-la-seleccion-e-impulsa-el-desarrollo\/\" class=\"eael-post-elements-readmore-btn\">CONOCE SU HISTORIA <\/a><\/div>\n                    <\/div><\/div><\/div>\n        <\/div>\n    <\/article><article class=\"eael-grid-post  eael-post-grid-column eael-pg-post-41129 category-guate-nuestra tags-mercado-emprendedores\" data-id=\"41129\">\n        <div class=\"eael-grid-post-holder\">\n            <div class=\"eael-grid-post-holder-inner\"><div class=\"eael-entry-media\"><div class=\"eael-entry-overlay fade-in\"><i class=\"far fa-hand-pointer\" aria-hidden=\"true\"><\/i><a href=\"https:\/\/soymigrante.com\/revista\/lamparas-con-alma-textil-guatemalteca-wikoniq-ya-esta-en-mercado\/\"><\/a><\/div><div class=\"eael-entry-thumbnail \">\n                <img loading=\"lazy\" decoding=\"async\" width=\"1024\" height=\"1024\" src=\"https:\/\/soymigrante.com\/revista\/wp-content\/uploads\/2025\/08\/wikoniq-lamparas-emprendimiento-mercado-13-1024x1024.jpg\" class=\"attachment-large size-large wp-image-41130\" alt=\"Coloridos maceteros de dise\u00f1o en un entorno con vista a un lago y monta\u00f1as durante el atardecer, ideal para art\u00edculos sobre cultura y arte en M\u00e9xico.\" srcset=\"https:\/\/soymigrante.com\/revista\/wp-content\/uploads\/2025\/08\/wikoniq-lamparas-emprendimiento-mercado-13-1024x1024.jpg 1024w, https:\/\/soymigrante.com\/revista\/wp-content\/uploads\/2025\/08\/wikoniq-lamparas-emprendimiento-mercado-13-300x300.jpg 300w, https:\/\/soymigrante.com\/revista\/wp-content\/uploads\/2025\/08\/wikoniq-lamparas-emprendimiento-mercado-13-150x150.jpg 150w, https:\/\/soymigrante.com\/revista\/wp-content\/uploads\/2025\/08\/wikoniq-lamparas-emprendimiento-mercado-13-768x768.jpg 768w, https:\/\/soymigrante.com\/revista\/wp-content\/uploads\/2025\/08\/wikoniq-lamparas-emprendimiento-mercado-13-75x75.webp 75w, https:\/\/soymigrante.com\/revista\/wp-content\/uploads\/2025\/08\/wikoniq-lamparas-emprendimiento-mercado-13-750x750.webp 750w, https:\/\/soymigrante.com\/revista\/wp-content\/uploads\/2025\/08\/wikoniq-lamparas-emprendimiento-mercado-13-1140x1140.webp 1140w, https:\/\/soymigrante.com\/revista\/wp-content\/uploads\/2025\/08\/wikoniq-lamparas-emprendimiento-mercado-13.webp 1280w\" sizes=\"(max-width: 1024px) 100vw, 1024px\" \/>\n            <\/div>\n        <\/div><div class=\"eael-entry-wrapper\"><header class=\"eael-entry-header\"><h2 class=\"eael-entry-title\"><a class=\"eael-grid-post-link\" href=\"https:\/\/soymigrante.com\/revista\/lamparas-con-alma-textil-guatemalteca-wikoniq-ya-esta-en-mercado\/\" title=\"Wikoniq y sus originales l\u00e1mparas con alma textil guatemalteca ya est\u00e1n en MERCADO\">Wikoniq y sus originales l\u00e1mparas con alma textil guatemalteca ya est\u00e1n en MERCADO<\/a><\/h2><\/header><div class=\"eael-entry-content\">\n                        <div class=\"eael-grid-post-excerpt\"><a href=\"https:\/\/soymigrante.com\/revista\/lamparas-con-alma-textil-guatemalteca-wikoniq-ya-esta-en-mercado\/\" class=\"eael-post-elements-readmore-btn\">CONOCE SU HISTORIA <\/a><\/div>\n                    <\/div><\/div><\/div>\n        <\/div>\n    <\/article><\/div>\n            <div class=\"clearfix\"><\/div>\n        <\/div>            <div class=\"eael-load-more-button-wrap eael-force-hide\">\n                <button class=\"eael-load-more-button\" id=\"eael-load-more-btn-b2c6a68\" data-widget-id=\"b2c6a68\" data-widget=\"b2c6a68\" data-page-id=\"19344\" data-template=\"{&quot;dir&quot;:&quot;lite&quot;,&quot;file_name&quot;:&quot;one.php&quot;,&quot;name&quot;:&quot;Post-Grid&quot;}\" data-class=\"Essential_Addons_Elementor\\Elements\\Post_Grid\" data-layout=\"masonry\" data-page=\"1\" data-args=\"orderby=title&amp;order=desc&amp;ignore_sticky_posts=1&amp;post_status=publish&amp;posts_per_page=3&amp;offset=0&amp;post_type=post&amp;tax_query%5B0%5D%5Btaxonomy%5D=post_tag&amp;tax_query%5B0%5D%5Bfield%5D=term_id&amp;tax_query%5B0%5D%5Bterms%5D%5B0%5D=130&amp;tax_query%5Brelation%5D=AND\" data-max-page=\"35\">\n                    <span class=\"eael-btn-loader button__loader\"><\/span>\n                    <span class=\"eael_load_more_text\">Load More<\/span>\n                <\/button>\n            <\/div>\n            \t\t\t\t<\/div>\n\t\t\t\t\t<\/div>\n\t\t\t\t<\/div>\n\t\t\t\t<\/div>\n\t\t","protected":false},"excerpt":{"rendered":"<p>Desde su infancia, David Armando De Paz L\u00f3pez encontr\u00f3 en el arte su refugio y su pasi\u00f3n. Hoy, a trav\u00e9s de su emprendimiento Arte Q\u2019eq, que puedes encontrar en SoyMigrante.com MERCADO, transforma emociones en piezas que celebran la est\u00e9tica y la esencia de la figura femenina. David Armando De Paz L\u00f3pez, creador de Arte Q\u2019eq, [&hellip;]<\/p>\n","protected":false},"author":23,"featured_media":19398,"comment_status":"open","ping_status":"open","sticky":false,"template":"","format":"standard","meta":{"_acf_changed":false,"_eb_attr":"","footnotes":""},"categories":[58],"tags":[130],"class_list":["post-19344","post","type-post","status-publish","format-standard","has-post-thumbnail","hentry","category-guate-nuestra","tag-mercado-emprendedores"],"acf":[],"aioseo_notices":[],"aioseo_head":"\n\t\t<!-- All in One SEO Pro 4.9.6.2 - aioseo.com -->\n\t<meta name=\"description\" content=\"Wikoniq fabrica l\u00e1mparas artesanales con textiles mayas tejidos en Atitl\u00e1n. Dise\u00f1o industrial y tradici\u00f3n. Ya se encuentran en MERCADO y esta es su historia.\" \/>\n\t<meta name=\"robots\" content=\"max-snippet:-1, max-image-preview:large, max-video-preview:-1\" \/>\n\t<meta name=\"author\" content=\"Gustavo Montenegro\"\/>\n\t<link rel=\"canonical\" href=\"https:\/\/soymigrante.com\/revista\/lamparas-con-alma-textil-guatemalteca-wikoniq-ya-esta-en-mercado\/\" \/>\n\t<meta name=\"generator\" content=\"All in One SEO Pro (AIOSEO) 4.9.6.2\" \/>\n\n\t\t<link rel=\"preconnect\" href=\"https:\/\/fonts.googleapis.com\" crossorigin>\n<link rel=\"preconnect\" href=\"https:\/\/fonts.gstatic.com\" crossorigin>\n\t\t<meta property=\"og:locale\" content=\"es_ES\" \/>\n\t\t<meta property=\"og:site_name\" content=\"SoyMigrante.com REVISTA \u2013 Nuestra misi\u00f3n es reconocer y dignificar al migrante.\" \/>\n\t\t<meta property=\"og:type\" content=\"article\" \/>\n\t\t<meta property=\"og:title\" content=\"Wikoniq crea originales l\u00e1mparas con textiles guatemaltecos\" \/>\n\t\t<meta property=\"og:description\" content=\"Wikoniq fabrica l\u00e1mparas artesanales con textiles mayas tejidos en Atitl\u00e1n. Dise\u00f1o industrial y tradici\u00f3n. Ya se encuentran en MERCADO y esta es su historia.\" \/>\n\t\t<meta property=\"og:url\" content=\"https:\/\/soymigrante.com\/revista\/lamparas-con-alma-textil-guatemalteca-wikoniq-ya-esta-en-mercado\/\" \/>\n\t\t<meta property=\"og:image\" content=\"https:\/\/soymigrante.com\/revista\/wp-content\/uploads\/2025\/08\/wikoniq-lamparas-emprendimiento-mercado-13.webp\" \/>\n\t\t<meta property=\"og:image:secure_url\" content=\"https:\/\/soymigrante.com\/revista\/wp-content\/uploads\/2025\/08\/wikoniq-lamparas-emprendimiento-mercado-13.webp\" \/>\n\t\t<meta property=\"og:image:width\" content=\"1280\" \/>\n\t\t<meta property=\"og:image:height\" content=\"1280\" \/>\n\t\t<meta property=\"article:published_time\" content=\"2025-08-04T13:00:00+00:00\" \/>\n\t\t<meta property=\"article:modified_time\" content=\"2025-08-04T21:53:54+00:00\" \/>\n\t\t<meta property=\"article:publisher\" content=\"https:\/\/www.facebook.com\/soymigrantecom\" \/>\n\t\t<meta name=\"twitter:card\" content=\"summary_large_image\" \/>\n\t\t<meta name=\"twitter:site\" content=\"@SoyMigrante_com\" \/>\n\t\t<meta name=\"twitter:title\" content=\"Wikoniq crea originales l\u00e1mparas con textiles guatemaltecos\" \/>\n\t\t<meta name=\"twitter:description\" content=\"Wikoniq fabrica l\u00e1mparas artesanales con textiles mayas tejidos en Atitl\u00e1n. Dise\u00f1o industrial y tradici\u00f3n. Ya se encuentran en MERCADO y esta es su historia.\" \/>\n\t\t<meta name=\"twitter:creator\" content=\"@SoyMigrante_com\" \/>\n\t\t<meta name=\"twitter:image\" content=\"https:\/\/soymigrante.com\/revista\/wp-content\/uploads\/2025\/08\/wikoniq-lamparas-emprendimiento-mercado-13.webp\" \/>\n\t\t<!-- All in One SEO Pro -->\r\n\t\t<title>Wikoniq crea originales l\u00e1mparas con textiles guatemaltecos<\/title>\n\n","aioseo_head_json":{"title":"Wikoniq crea originales l\u00e1mparas con textiles guatemaltecos","description":"Wikoniq fabrica l\u00e1mparas artesanales con textiles mayas tejidos en Atitl\u00e1n. Dise\u00f1o industrial y tradici\u00f3n. Ya se encuentran en MERCADO y esta es su historia.","canonical_url":"https:\/\/soymigrante.com\/revista\/lamparas-con-alma-textil-guatemalteca-wikoniq-ya-esta-en-mercado\/","robots":"max-snippet:-1, max-image-preview:large, max-video-preview:-1","keywords":"","webmasterTools":{"miscellaneous":"&lt;link rel=\"preconnect\" href=\"https:\/\/fonts.googleapis.com\" crossorigin&gt;\n&lt;link rel=\"preconnect\" href=\"https:\/\/fonts.gstatic.com\" crossorigin&gt;"},"schema":null,"og:locale":"es_ES","og:site_name":"SoyMigrante.com REVISTA \u2013 Nuestra misi\u00f3n es reconocer y dignificar al migrante.","og:type":"article","og:title":"Wikoniq crea originales l\u00e1mparas con textiles guatemaltecos","og:description":"Wikoniq fabrica l\u00e1mparas artesanales con textiles mayas tejidos en Atitl\u00e1n. Dise\u00f1o industrial y tradici\u00f3n. Ya se encuentran en MERCADO y esta es su historia.","og:url":"https:\/\/soymigrante.com\/revista\/lamparas-con-alma-textil-guatemalteca-wikoniq-ya-esta-en-mercado\/","og:image":"https:\/\/soymigrante.com\/revista\/wp-content\/uploads\/2025\/08\/wikoniq-lamparas-emprendimiento-mercado-13.webp","og:image:secure_url":"https:\/\/soymigrante.com\/revista\/wp-content\/uploads\/2025\/08\/wikoniq-lamparas-emprendimiento-mercado-13.webp","og:image:width":1280,"og:image:height":1280,"article:published_time":"2025-08-04T13:00:00+00:00","article:modified_time":"2025-08-04T21:53:54+00:00","article:publisher":"https:\/\/www.facebook.com\/soymigrantecom","twitter:card":"summary_large_image","twitter:site":"@SoyMigrante_com","twitter:title":"Wikoniq crea originales l\u00e1mparas con textiles guatemaltecos","twitter:description":"Wikoniq fabrica l\u00e1mparas artesanales con textiles mayas tejidos en Atitl\u00e1n. Dise\u00f1o industrial y tradici\u00f3n. Ya se encuentran en MERCADO y esta es su historia.","twitter:creator":"@SoyMigrante_com","twitter:image":"https:\/\/soymigrante.com\/revista\/wp-content\/uploads\/2025\/08\/wikoniq-lamparas-emprendimiento-mercado-13.webp"},"aioseo_meta_data":{"post_id":"19344","title":"Arte Q\u2019eq: Donde las emociones se transforman en arte","description":"David Armando De Paz L\u00f3pez encontr\u00f3 en el arte su su pasi\u00f3n. Su emprendimiento Arte Q\u2019eq, celebra la belleza de la vida y est\u00e1 presente en SoyMigrante MERCADO.","keywords":null,"keyphrases":{"focus":{"keyphrase":"Arte Q\u00b4eq","score":51,"analysis":{"keyphraseInTitle":{"score":3,"maxScore":9,"error":1},"keyphraseInDescription":{"score":3,"maxScore":9,"error":1},"keyphraseLength":{"score":9,"maxScore":9,"error":0,"length":2},"keyphraseInURL":{"score":5,"maxScore":5,"error":0},"keyphraseInIntroduction":{"score":3,"maxScore":9,"error":1},"keyphraseInSubHeadings":{"score":3,"maxScore":9,"error":1},"keyphraseInImageAlt":{"score":9,"maxScore":9,"error":0},"keywordDensity":{"score":0,"type":"low","maxScore":9,"error":1}}},"additional":[{"keyphrase":"sentir","score":73,"analysis":{"keyphraseInDescription":{"score":3,"maxScore":9,"error":1},"keyphraseLength":{"score":9,"maxScore":9,"error":0,"length":1},"keyphraseInIntroduction":{"score":3,"maxScore":9,"error":1},"keyphraseInImageAlt":{"score":9,"maxScore":9,"error":0},"keywordDensity":{"type":"best","score":9,"maxScore":9,"error":0}}},{"keyphrase":"arte","score":100,"analysis":{"keyphraseInDescription":{"score":9,"maxScore":9,"error":0},"keyphraseLength":{"score":9,"maxScore":9,"error":0,"length":1},"keyphraseInIntroduction":{"score":9,"maxScore":9,"error":0},"keyphraseInImageAlt":{"score":9,"maxScore":9,"error":0},"keywordDensity":{"type":"best","score":9,"maxScore":9,"error":0}}},{"keyphrase":"MERCADO","score":73,"analysis":{"keyphraseInDescription":{"score":9,"maxScore":9,"error":0},"keyphraseLength":{"score":9,"maxScore":9,"error":0,"length":1},"keyphraseInIntroduction":{"score":3,"maxScore":9,"error":1},"keyphraseInImageAlt":{"score":3,"maxScore":9,"error":1},"keywordDensity":{"type":"best","score":9,"maxScore":9,"error":0}}},{"keyphrase":"emprendedor","score":40,"analysis":{"keyphraseInDescription":{"score":3,"maxScore":9,"error":1},"keyphraseLength":{"score":9,"maxScore":9,"error":0,"length":1},"keyphraseInIntroduction":{"score":3,"maxScore":9,"error":1},"keyphraseInImageAlt":{"score":3,"maxScore":9,"error":1},"keywordDensity":{"score":0,"type":"low","maxScore":9,"error":1}}}]},"primary_term":null,"canonical_url":null,"og_title":null,"og_description":null,"og_object_type":"default","og_image_type":"default","og_image_url":null,"og_image_width":null,"og_image_height":null,"og_image_custom_url":null,"og_image_custom_fields":null,"og_video":"","og_custom_url":null,"og_article_section":null,"og_article_tags":null,"twitter_use_og":false,"twitter_card":"default","twitter_image_type":"default","twitter_image_url":null,"twitter_image_custom_url":null,"twitter_image_custom_fields":null,"twitter_title":null,"twitter_description":null,"schema":{"blockGraphs":[],"customGraphs":[],"default":{"data":{"Article":[],"Course":[],"Dataset":[],"FAQPage":[],"Movie":[],"Person":[],"Product":[],"ProductReview":[],"Car":[],"Recipe":[],"Service":[],"SoftwareApplication":[],"WebPage":[]},"graphName":"BlogPosting","isEnabled":true},"graphs":[]},"schema_type":"default","schema_type_options":null,"pillar_content":false,"robots_default":true,"robots_noindex":false,"robots_noarchive":false,"robots_nosnippet":false,"robots_nofollow":false,"robots_noimageindex":false,"robots_noodp":false,"robots_notranslate":false,"robots_max_snippet":"-1","robots_max_videopreview":"-1","robots_max_imagepreview":"large","priority":null,"frequency":"default","local_seo":null,"seo_analyzer_scan_date":"2025-10-09 01:37:16","breadcrumb_settings":null,"limit_modified_date":false,"reviewed_by":null,"open_ai":"{\"title\":{\"suggestions\":[],\"usage\":0},\"description\":{\"suggestions\":[],\"usage\":0}}","ai":null,"created":"2025-01-07 00:33:46","updated":"2026-02-04 18:51:09"},"aioseo_breadcrumb":"<div class=\"aioseo-breadcrumbs\"><span class=\"aioseo-breadcrumb\">\n\t<a href=\"https:\/\/soymigrante.com\/revista\" title=\"Home\">Home<\/a>\n<\/span><span class=\"aioseo-breadcrumb-separator\">\u00bb<\/span><span class=\"aioseo-breadcrumb\">\n\t<a href=\"https:\/\/soymigrante.com\/revista\/category\/guate-nuestra\/\" title=\"Guate Nuestra\">Guate Nuestra<\/a>\n<\/span><span class=\"aioseo-breadcrumb-separator\">\u00bb<\/span><span class=\"aioseo-breadcrumb\">\n\tArtista David de Paz transforma emociones en la expresi\u00f3n viva de Arte Q\u2019eq y est\u00e1 en Mercado\n<\/span><\/div>","aioseo_breadcrumb_json":[{"label":"Home","link":"https:\/\/soymigrante.com\/revista"},{"label":"Guate Nuestra","link":"https:\/\/soymigrante.com\/revista\/category\/guate-nuestra\/"},{"label":"Artista David de Paz transforma emociones en la expresi\u00f3n viva de Arte Q&#8217;eq y est\u00e1 en Mercado","link":"https:\/\/soymigrante.com\/revista\/artista-david-de-paz-convierte-el-sentimiento-en-pinturas-de-arte-qeq\/"}],"_links":{"self":[{"href":"https:\/\/soymigrante.com\/revista\/wp-json\/wp\/v2\/posts\/19344","targetHints":{"allow":["GET"]}}],"collection":[{"href":"https:\/\/soymigrante.com\/revista\/wp-json\/wp\/v2\/posts"}],"about":[{"href":"https:\/\/soymigrante.com\/revista\/wp-json\/wp\/v2\/types\/post"}],"author":[{"embeddable":true,"href":"https:\/\/soymigrante.com\/revista\/wp-json\/wp\/v2\/users\/23"}],"replies":[{"embeddable":true,"href":"https:\/\/soymigrante.com\/revista\/wp-json\/wp\/v2\/comments?post=19344"}],"version-history":[{"count":3,"href":"https:\/\/soymigrante.com\/revista\/wp-json\/wp\/v2\/posts\/19344\/revisions"}],"predecessor-version":[{"id":39837,"href":"https:\/\/soymigrante.com\/revista\/wp-json\/wp\/v2\/posts\/19344\/revisions\/39837"}],"wp:featuredmedia":[{"embeddable":true,"href":"https:\/\/soymigrante.com\/revista\/wp-json\/wp\/v2\/media\/19398"}],"wp:attachment":[{"href":"https:\/\/soymigrante.com\/revista\/wp-json\/wp\/v2\/media?parent=19344"}],"wp:term":[{"taxonomy":"category","embeddable":true,"href":"https:\/\/soymigrante.com\/revista\/wp-json\/wp\/v2\/categories?post=19344"},{"taxonomy":"post_tag","embeddable":true,"href":"https:\/\/soymigrante.com\/revista\/wp-json\/wp\/v2\/tags?post=19344"}],"curies":[{"name":"wp","href":"https:\/\/api.w.org\/{rel}","templated":true}]}}