{"id":19259,"date":"2025-01-06T11:09:50","date_gmt":"2025-01-06T17:09:50","guid":{"rendered":"https:\/\/soymigrante.com\/revista\/?p=19259"},"modified":"2025-01-06T11:10:50","modified_gmt":"2025-01-06T17:10:50","slug":"red-migrante-guatemalteca-lleva-alegria-del-dia-de-reyes-a-ninos-de-refugio-fronterizo","status":"publish","type":"post","link":"https:\/\/soymigrante.com\/revista\/red-migrante-guatemalteca-lleva-alegria-del-dia-de-reyes-a-ninos-de-refugio-fronterizo\/","title":{"rendered":"Red Migrante Guatemalteca lleva alegr\u00eda del D\u00eda de Reyes a ni\u00f1os de refugio fronterizo"},"content":{"rendered":"\t\t<div data-elementor-type=\"wp-post\" data-elementor-id=\"19259\" class=\"elementor elementor-19259\" data-elementor-post-type=\"post\">\n\t\t\t\t<div data-particle_enable=\"false\" data-particle-mobile-disabled=\"false\" class=\"elementor-element elementor-element-792ee7c e-flex e-con-boxed e-con e-parent\" data-id=\"792ee7c\" data-element_type=\"container\" data-e-type=\"container\">\n\t\t\t\t\t<div class=\"e-con-inner\">\n\t\t\t\t<div class=\"elementor-element elementor-element-d9c501b elementor-widget elementor-widget-heading\" data-id=\"d9c501b\" data-element_type=\"widget\" data-e-type=\"widget\" data-widget_type=\"heading.default\">\n\t\t\t\t\t<h2 class=\"elementor-heading-title elementor-size-default\">La generosidad chapina nuevamente se hizo sentir en cuatro refugios migrantes de Tijuana, a donde voluntarios de la Red Migrante Guatemalteca llevaron juguetes y una refacci\u00f3n a los ni\u00f1os que se encuentran all\u00ed.<\/h2>\t\t\t\t<\/div>\n\t\t\t\t\t<\/div>\n\t\t\t\t<\/div>\n\t\t<div data-particle_enable=\"false\" data-particle-mobile-disabled=\"false\" class=\"elementor-element elementor-element-320d312 e-flex e-con-boxed e-con e-parent\" data-id=\"320d312\" data-element_type=\"container\" data-e-type=\"container\">\n\t\t\t\t\t<div class=\"e-con-inner\">\n\t\t\t\t<div class=\"elementor-element elementor-element-a8c1e7c elementor-widget elementor-widget-text-editor\" data-id=\"a8c1e7c\" data-element_type=\"widget\" data-e-type=\"widget\" data-widget_type=\"text-editor.default\">\n\t\t\t\t\t\t\t\t\t<p>Aprovechando que era el domingo anterior a la fiesta de los Santos Reyes, en que tradicionalmente se entregan obsequios a los ni\u00f1os, integrantes de la Red Migrante Guatemalteca llegaron a\u00a0 cuatro refugios de Tijuana, Baja California, M\u00e9xico, en donde hay familias en espera de asilo o tr\u00e1mites. La esperanza era alegrar a los peque\u00f1os, d\u00e1ndoles un s\u00edmbolo de esperanza a trav\u00e9s de un juguete y una sencilla refacci\u00f3n.<\/p>\t\t\t\t\t\t\t\t<\/div>\n\t\t\t\t\t<\/div>\n\t\t\t\t<\/div>\n\t\t<div data-particle_enable=\"false\" data-particle-mobile-disabled=\"false\" class=\"elementor-element elementor-element-b6180e0 e-flex e-con-boxed e-con e-parent\" data-id=\"b6180e0\" data-element_type=\"container\" data-e-type=\"container\">\n\t\t\t\t\t<div class=\"e-con-inner\">\n\t\t\t\t<div class=\"elementor-element elementor-element-b0afddb elementor-widget elementor-widget-image\" data-id=\"b0afddb\" data-element_type=\"widget\" data-e-type=\"widget\" data-widget_type=\"image.default\">\n\t\t\t\t\t\t\t\t\t\t\t\t<figure class=\"wp-caption\">\n\t\t\t\t\t\t\t\t\t\t<img fetchpriority=\"high\" decoding=\"async\" width=\"768\" height=\"433\" src=\"https:\/\/soymigrante.com\/revista\/wp-content\/uploads\/2025\/01\/dia-de-reyes-tijuana-1-1024x577.jpg\" class=\"attachment-large size-large wp-image-19263\" alt=\"Varias personas con mascarillas buscan en un puesto callejero con juguetes y art\u00edculos de segunda mano en Tijuana, M\u00e9xico, reflejando la comunidad y el apoyo mutuo en contextos migratorios.\" srcset=\"https:\/\/soymigrante.com\/revista\/wp-content\/uploads\/2025\/01\/dia-de-reyes-tijuana-1-1024x577.jpg 1024w, https:\/\/soymigrante.com\/revista\/wp-content\/uploads\/2025\/01\/dia-de-reyes-tijuana-1-300x169.jpg 300w, https:\/\/soymigrante.com\/revista\/wp-content\/uploads\/2025\/01\/dia-de-reyes-tijuana-1-768x432.jpg 768w, https:\/\/soymigrante.com\/revista\/wp-content\/uploads\/2025\/01\/dia-de-reyes-tijuana-1-1536x865.jpg 1536w, https:\/\/soymigrante.com\/revista\/wp-content\/uploads\/2025\/01\/dia-de-reyes-tijuana-1-750x422.webp 750w, https:\/\/soymigrante.com\/revista\/wp-content\/uploads\/2025\/01\/dia-de-reyes-tijuana-1-1140x642.webp 1140w, https:\/\/soymigrante.com\/revista\/wp-content\/uploads\/2025\/01\/dia-de-reyes-tijuana-1.webp 1920w\" sizes=\"(max-width: 768px) 100vw, 768px\" title=\"Voluntarios de la Red Migrante Guatemalteca llegaron a cuatro albergues de Tijuana, con motivo del D\u00eda de Reyes, para festejar a los ni\u00f1os. \u2013 SoyMigrante.com REVISTA\" \/>\t\t\t\t\t\t\t\t\t\t\t<figcaption class=\"widget-image-caption wp-caption-text\">Punto de venta ambulante con juguetes y art\u00edculos de segunda mano en Tijuana, donde migrantes y residentes participan en actividades solidarias y de comercio informal en la calle.<\/figcaption>\n\t\t\t\t\t\t\t\t\t\t<\/figure>\n\t\t\t\t\t\t\t\t\t<\/div>\n\t\t\t\t\t<\/div>\n\t\t\t\t<\/div>\n\t\t<div data-particle_enable=\"false\" data-particle-mobile-disabled=\"false\" class=\"elementor-element elementor-element-9a2dc12 e-flex e-con-boxed e-con e-parent\" data-id=\"9a2dc12\" data-element_type=\"container\" data-e-type=\"container\">\n\t\t\t\t\t<div class=\"e-con-inner\">\n\t\t\t\t<div class=\"elementor-element elementor-element-b72b3b7 elementor-widget elementor-widget-heading\" data-id=\"b72b3b7\" data-element_type=\"widget\" data-e-type=\"widget\" data-widget_type=\"heading.default\">\n\t\t\t\t\t<h3 class=\"elementor-heading-title elementor-size-default\">Impulsar la esperanza a trav\u00e9s de la bondad<\/h3>\t\t\t\t<\/div>\n\t\t\t\t\t<\/div>\n\t\t\t\t<\/div>\n\t\t<div data-particle_enable=\"false\" data-particle-mobile-disabled=\"false\" class=\"elementor-element elementor-element-38179f4 e-flex e-con-boxed e-con e-parent\" data-id=\"38179f4\" data-element_type=\"container\" data-e-type=\"container\">\n\t\t\t\t\t<div class=\"e-con-inner\">\n\t\t\t\t<div class=\"elementor-element elementor-element-2d693df elementor-widget elementor-widget-text-editor\" data-id=\"2d693df\" data-element_type=\"widget\" data-e-type=\"widget\" data-widget_type=\"text-editor.default\">\n\t\t\t\t\t\t\t\t\t<p><span style=\"color: var( --e-global-color-text ); text-align: var(--text-align);\">La Red Migrante Guatemalteca, presidida por Walter Batres, efect\u00faa peri\u00f3dicas visitas a los albergues para llevar alimentos, ropa, frazadas y otros insumos que puedan ser de utilidad. Pero esta vez estamos &#8220;v<\/span><span style=\"color: var( --e-global-color-text ); text-align: var(--text-align);\">isitando a los ni\u00f1os migrantes\u00a0 en la frontera en un d\u00eda tan especial\u00a0 cuando por tradici\u00f3n todos\u00a0 esperan un regalo y un pedacito de rosca o pastel&#8221;, expres\u00f3 Batres.<\/span><\/p><p>&#8220;En este lugar hay muchos ni\u00f1os, acompa\u00f1ados de uno o ambos padres que esperan poder ingresar a Estados Unidos, pero la espera por<span style=\"color: var( --e-global-color-text ); text-align: var(--text-align);\">\u00a0sus procesos de admisi\u00f3n bajo\u00a0<\/span><span style=\"color: var( --e-global-color-text ); text-align: var(--text-align);\">\u00a0refugio de la aplicaci\u00f3n CBP ONE suele tardar semanas o meses&#8221;, agrega Badres.<\/span><\/p><p>\u00a0<\/p>\t\t\t\t\t\t\t\t<\/div>\n\t\t\t\t\t<\/div>\n\t\t\t\t<\/div>\n\t\t<div data-particle_enable=\"false\" data-particle-mobile-disabled=\"false\" class=\"elementor-element elementor-element-2650114 e-flex e-con-boxed e-con e-parent\" data-id=\"2650114\" data-element_type=\"container\" data-e-type=\"container\">\n\t\t\t\t\t<div class=\"e-con-inner\">\n\t\t\t\t<div class=\"elementor-element elementor-element-1060bd8 elementor-widget elementor-widget-image\" data-id=\"1060bd8\" data-element_type=\"widget\" data-e-type=\"widget\" data-widget_type=\"image.default\">\n\t\t\t\t\t\t\t\t\t\t\t\t<figure class=\"wp-caption\">\n\t\t\t\t\t\t\t\t\t\t<img decoding=\"async\" width=\"768\" height=\"432\" src=\"https:\/\/soymigrante.com\/revista\/wp-content\/uploads\/2025\/01\/visita-hojgar-tijuana-1024x576.jpg\" class=\"attachment-large size-large wp-image-19273\" alt=\"Ni\u00f1os y adultos participan en una campa\u00f1a navide\u00f1a con regalos y decoraci\u00f3n festiva en un evento comunitario organizado por SoyMigrante.com REVISTA.\" srcset=\"https:\/\/soymigrante.com\/revista\/wp-content\/uploads\/2025\/01\/visita-hojgar-tijuana-1024x576.jpg 1024w, https:\/\/soymigrante.com\/revista\/wp-content\/uploads\/2025\/01\/visita-hojgar-tijuana-300x169.jpg 300w, https:\/\/soymigrante.com\/revista\/wp-content\/uploads\/2025\/01\/visita-hojgar-tijuana-768x432.jpg 768w, https:\/\/soymigrante.com\/revista\/wp-content\/uploads\/2025\/01\/visita-hojgar-tijuana-1536x864.jpg 1536w, https:\/\/soymigrante.com\/revista\/wp-content\/uploads\/2025\/01\/visita-hojgar-tijuana-750x422.webp 750w, https:\/\/soymigrante.com\/revista\/wp-content\/uploads\/2025\/01\/visita-hojgar-tijuana-1140x641.webp 1140w, https:\/\/soymigrante.com\/revista\/wp-content\/uploads\/2025\/01\/visita-hojgar-tijuana.webp 1600w\" sizes=\"(max-width: 768px) 100vw, 768px\" title=\"Un d\u00eda para compartir con familias migrantes necesitadas, con aporte de guatemaltecos radicados en EE.UU. a trav\u00e9s de la Red Migrante Guatemalteca. \u2013 SoyMigrante.com REVISTA\" \/>\t\t\t\t\t\t\t\t\t\t\t<figcaption class=\"widget-image-caption wp-caption-text\">Celebraci\u00f3n navide\u00f1a con participaci\u00f3n infantil y entrega de regalos en un evento organizado por SoyMigrante.com REVISTA.<\/figcaption>\n\t\t\t\t\t\t\t\t\t\t<\/figure>\n\t\t\t\t\t\t\t\t\t<\/div>\n\t\t\t\t\t<\/div>\n\t\t\t\t<\/div>\n\t\t<div data-particle_enable=\"false\" data-particle-mobile-disabled=\"false\" class=\"elementor-element elementor-element-bd12467 e-flex e-con-boxed e-con e-parent\" data-id=\"bd12467\" data-element_type=\"container\" data-e-type=\"container\">\n\t\t\t\t\t<div class=\"e-con-inner\">\n\t\t\t\t<div class=\"elementor-element elementor-element-d5b746b elementor-widget elementor-widget-heading\" data-id=\"d5b746b\" data-element_type=\"widget\" data-e-type=\"widget\" data-widget_type=\"heading.default\">\n\t\t\t\t\t<h3 class=\"elementor-heading-title elementor-size-default\">Un rayo de sol enmedio de la incertidumbre<\/h3>\t\t\t\t<\/div>\n\t\t\t\t\t<\/div>\n\t\t\t\t<\/div>\n\t\t<div data-particle_enable=\"false\" data-particle-mobile-disabled=\"false\" class=\"elementor-element elementor-element-790aab7 e-flex e-con-boxed e-con e-parent\" data-id=\"790aab7\" data-element_type=\"container\" data-e-type=\"container\">\n\t\t\t\t\t<div class=\"e-con-inner\">\n\t\t\t\t<div class=\"elementor-element elementor-element-68d95e9 elementor-widget elementor-widget-text-editor\" data-id=\"68d95e9\" data-element_type=\"widget\" data-e-type=\"widget\" data-widget_type=\"text-editor.default\">\n\t\t\t\t\t\t\t\t\t<p><span style=\"color: var( --e-global-color-text ); text-align: var(--text-align);\">&#8220;Muchos padres de familia que a\u00fan no reciben su cita de ingreso viven angustiados porque no saben si la nueva administraci\u00f3n del gobierno de USA cancelar\u00e1 o dejar\u00e1 de recibir personas utilizando este m\u00e9todo&#8221;, expone el comunicado de prensa de la Red Migrante.<\/span><\/p><p><span style=\"color: var( --e-global-color-text ); text-align: var(--text-align);\">Durante la actividad se vivieron momentos de alegr\u00eda y sonrisas enmedio de la adversidad y dificultades que se viven a diario. Entre tiendas de campa\u00f1a y la incertidumbre de la espera, los ni\u00f1os se motivaron al recibir juguetes, porciones de pizza y tambi\u00e9n rosca de reyes.\u00a0<\/span><\/p><p><span style=\"color: var( --e-global-color-text ); text-align: var(--text-align);\">&#8220;Bajas temperaturas se apoderan del territorio norte en los pr\u00f3ximos dos meses, pero esto no detiene a muchos ciudadanos de los pa\u00edses latinos a buscar su sue\u00f1o americano a trav\u00e9s de una aventura de miles de kil\u00f3metros sin importar las bajas o altas temperaturas del desierto&#8221;, se\u00f1ala la Red Migrante Guatemalteco.<\/span><\/p>\t\t\t\t\t\t\t\t<\/div>\n\t\t\t\t\t<\/div>\n\t\t\t\t<\/div>\n\t\t<div data-particle_enable=\"false\" data-particle-mobile-disabled=\"false\" class=\"elementor-element elementor-element-cff07f8 e-flex e-con-boxed e-con e-parent\" data-id=\"cff07f8\" data-element_type=\"container\" data-e-type=\"container\">\n\t\t\t\t\t<div class=\"e-con-inner\">\n\t\t\t\t<div class=\"elementor-element elementor-element-aec13a2 elementor-widget elementor-widget-image\" data-id=\"aec13a2\" data-element_type=\"widget\" data-e-type=\"widget\" data-widget_type=\"image.default\">\n\t\t\t\t\t\t\t\t\t\t\t\t<figure class=\"wp-caption\">\n\t\t\t\t\t\t\t\t\t\t<img decoding=\"async\" width=\"768\" height=\"857\" src=\"https:\/\/soymigrante.com\/revista\/wp-content\/uploads\/2025\/01\/red-migrante-tijuana-918x1024.jpg\" class=\"attachment-large size-large wp-image-19274\" alt=\"Joven con tienda de campa\u00f1a en un campamento de migrantes entregando un juguete a un ni\u00f1o en un entorno de refugio, destacando temas de migraci\u00f3n, ayuda humanitaria y comunidad migrante en Centroam\u00e9rica.\" srcset=\"https:\/\/soymigrante.com\/revista\/wp-content\/uploads\/2025\/01\/red-migrante-tijuana-918x1024.jpg 918w, https:\/\/soymigrante.com\/revista\/wp-content\/uploads\/2025\/01\/red-migrante-tijuana-269x300.jpg 269w, https:\/\/soymigrante.com\/revista\/wp-content\/uploads\/2025\/01\/red-migrante-tijuana-768x857.jpg 768w, https:\/\/soymigrante.com\/revista\/wp-content\/uploads\/2025\/01\/red-migrante-tijuana-750x837.webp 750w, https:\/\/soymigrante.com\/revista\/wp-content\/uploads\/2025\/01\/red-migrante-tijuana-1140x1272.webp 1140w, https:\/\/soymigrante.com\/revista\/wp-content\/uploads\/2025\/01\/red-migrante-tijuana.webp 1148w\" sizes=\"(max-width: 768px) 100vw, 768px\" title=\"La sonrisa de un ni\u00f1o en estas circunstancias puede ser la esperanza de una mejor persona a futuro, es uno de los principios que impulsan a la Red Migrante Guatemalteca a apoyar refugios fronterizos. \u2013 SoyMigrante.com REVISTA\" \/>\t\t\t\t\t\t\t\t\t\t\t<figcaption class=\"widget-image-caption wp-caption-text\">Jugar y asistir a ni\u00f1os migrantes en campamentos humanitarios en centroam\u00e9rica, promoviendo esperanza, ayuda y solidaridad.<\/figcaption>\n\t\t\t\t\t\t\t\t\t\t<\/figure>\n\t\t\t\t\t\t\t\t\t<\/div>\n\t\t\t\t\t<\/div>\n\t\t\t\t<\/div>\n\t\t<div data-particle_enable=\"false\" data-particle-mobile-disabled=\"false\" class=\"elementor-element elementor-element-5915c9f e-flex e-con-boxed e-con e-parent\" data-id=\"5915c9f\" data-element_type=\"container\" data-e-type=\"container\">\n\t\t\t\t\t<div class=\"e-con-inner\">\n\t\t\t\t<div class=\"elementor-element elementor-element-81e64d5 elementor-widget elementor-widget-heading\" data-id=\"81e64d5\" data-element_type=\"widget\" data-e-type=\"widget\" data-widget_type=\"heading.default\">\n\t\t\t\t\t<h2 class=\"elementor-heading-title elementor-size-default\">Solidaridad migrante guatemalteca constante<\/h2>\t\t\t\t<\/div>\n\t\t\t\t\t<\/div>\n\t\t\t\t<\/div>\n\t\t<div data-particle_enable=\"false\" data-particle-mobile-disabled=\"false\" class=\"elementor-element elementor-element-7ebfb4e e-flex e-con-boxed e-con e-parent\" data-id=\"7ebfb4e\" data-element_type=\"container\" data-e-type=\"container\">\n\t\t\t\t\t<div class=\"e-con-inner\">\n\t\t\t\t<div class=\"elementor-element elementor-element-d416f44 elementor-grid-eael-col-3 elementor-grid-tablet-eael-col-2 elementor-grid-mobile-eael-col-1 elementor-widget elementor-widget-eael-post-grid\" data-id=\"d416f44\" data-element_type=\"widget\" data-e-type=\"widget\" data-settings=\"{&quot;eael_post_grid_columns&quot;:&quot;eael-col-3&quot;,&quot;eael_post_grid_columns_tablet&quot;:&quot;eael-col-2&quot;,&quot;eael_post_grid_columns_mobile&quot;:&quot;eael-col-1&quot;}\" data-widget_type=\"eael-post-grid.default\">\n\t\t\t\t\t<div id=\"eael-post-grid-d416f44\" class=\"eael-post-grid-container\">\n            <div class=\"eael-post-grid eael-post-appender eael-post-appender-d416f44 eael-post-grid-style-one\" data-layout-mode=\"masonry\"><article class=\"eael-grid-post  eael-post-grid-column eael-pg-post-9963 category-estamos-unidos\" data-id=\"9963\">\n        <div class=\"eael-grid-post-holder\">\n            <div class=\"eael-grid-post-holder-inner\"><div class=\"eael-entry-media\"><div class=\"eael-entry-overlay fade-in\"><i class=\"far fa-hand-pointer\" aria-hidden=\"true\"><\/i><a href=\"https:\/\/soymigrante.com\/revista\/solidaridad-migrante-guatemalteca-aflora-en-emergencia-de-carolina-del-norte\/\"><\/a><\/div><div class=\"eael-entry-thumbnail \">\n                <img loading=\"lazy\" decoding=\"async\" width=\"472\" height=\"472\" src=\"https:\/\/soymigrante.com\/revista\/wp-content\/uploads\/2024\/10\/donativos-morganton.webp\" class=\"attachment-large size-large wp-image-9968\" alt=\"Joven ni\u00f1a con caja de pa\u00f1ales en parque de estacionamiento, invitando a la reflexi\u00f3n sobre derechos y bienestar infantil en comunidades migrantes.\" srcset=\"https:\/\/soymigrante.com\/revista\/wp-content\/uploads\/2024\/10\/donativos-morganton.webp 472w, https:\/\/soymigrante.com\/revista\/wp-content\/uploads\/2024\/10\/donativos-morganton-300x300.webp 300w, https:\/\/soymigrante.com\/revista\/wp-content\/uploads\/2024\/10\/donativos-morganton-150x150.webp 150w, https:\/\/soymigrante.com\/revista\/wp-content\/uploads\/2024\/10\/donativos-morganton-75x75.webp 75w\" sizes=\"(max-width: 472px) 100vw, 472px\" \/>\n            <\/div>\n        <\/div><div class=\"eael-entry-wrapper\"><header class=\"eael-entry-header\"><h2 class=\"eael-entry-title\"><a class=\"eael-grid-post-link\" href=\"https:\/\/soymigrante.com\/revista\/solidaridad-migrante-guatemalteca-aflora-en-emergencia-de-carolina-del-norte\/\" title=\"Solidaridad migrante guatemalteca aflora en emergencia de Carolina del Norte\">Solidaridad migrante guatemalteca aflora en emergencia de Carolina del Norte<\/a><\/h2><\/header><div class=\"eael-entry-content\">\n                        <div class=\"eael-grid-post-excerpt\"><a href=\"https:\/\/soymigrante.com\/revista\/solidaridad-migrante-guatemalteca-aflora-en-emergencia-de-carolina-del-norte\/\" class=\"eael-post-elements-readmore-btn\">CONOCE SU HISTORIA <\/a><\/div>\n                    <\/div><\/div><\/div>\n        <\/div>\n    <\/article><article class=\"eael-grid-post  eael-post-grid-column eael-pg-post-8692 category-exitos\" data-id=\"8692\">\n        <div class=\"eael-grid-post-holder\">\n            <div class=\"eael-grid-post-holder-inner\"><div class=\"eael-entry-media\"><div class=\"eael-entry-overlay fade-in\"><i class=\"far fa-hand-pointer\" aria-hidden=\"true\"><\/i><a href=\"https:\/\/soymigrante.com\/revista\/leonel-arenas-conecta-a-migrantes-en-connecticut-con-nobles-causas\/\"><\/a><\/div><div class=\"eael-entry-thumbnail \">\n                <img loading=\"lazy\" decoding=\"async\" width=\"562\" height=\"562\" src=\"https:\/\/soymigrante.com\/revista\/wp-content\/uploads\/2024\/09\/leonel-arenas-migrante-1.webp\" class=\"attachment-large size-large wp-image-8693\" alt=\"Nueva York, celebraci\u00f3n de la cultura guatemalteca con inmigrantes en la calle, sosteniendo la bandera nacional, en un entorno urbano moderno.\" srcset=\"https:\/\/soymigrante.com\/revista\/wp-content\/uploads\/2024\/09\/leonel-arenas-migrante-1.webp 562w, https:\/\/soymigrante.com\/revista\/wp-content\/uploads\/2024\/09\/leonel-arenas-migrante-1-300x300.webp 300w, https:\/\/soymigrante.com\/revista\/wp-content\/uploads\/2024\/09\/leonel-arenas-migrante-1-150x150.webp 150w, https:\/\/soymigrante.com\/revista\/wp-content\/uploads\/2024\/09\/leonel-arenas-migrante-1-75x75.webp 75w\" sizes=\"(max-width: 562px) 100vw, 562px\" \/>\n            <\/div>\n        <\/div><div class=\"eael-entry-wrapper\"><header class=\"eael-entry-header\"><h2 class=\"eael-entry-title\"><a class=\"eael-grid-post-link\" href=\"https:\/\/soymigrante.com\/revista\/leonel-arenas-conecta-a-migrantes-en-connecticut-con-nobles-causas\/\" title=\"Leonel Arenas conecta a migrantes en Connecticut con nobles causas\">Leonel Arenas conecta a migrantes en Connecticut con nobles causas<\/a><\/h2><\/header><div class=\"eael-entry-content\">\n                        <div class=\"eael-grid-post-excerpt\"><a href=\"https:\/\/soymigrante.com\/revista\/leonel-arenas-conecta-a-migrantes-en-connecticut-con-nobles-causas\/\" class=\"eael-post-elements-readmore-btn\">CONOCE SU HISTORIA <\/a><\/div>\n                    <\/div><\/div><\/div>\n        <\/div>\n    <\/article><article class=\"eael-grid-post  eael-post-grid-column eael-pg-post-4880 category-estamos-unidos\" data-id=\"4880\">\n        <div class=\"eael-grid-post-holder\">\n            <div class=\"eael-grid-post-holder-inner\"><div class=\"eael-entry-media\"><div class=\"eael-entry-overlay fade-in\"><i class=\"far fa-hand-pointer\" aria-hidden=\"true\"><\/i><a href=\"https:\/\/soymigrante.com\/revista\/migrantes-guatemaltecos-apoyaron-jornada-medica-en-occidente-del-pais\/\"><\/a><\/div><div class=\"eael-entry-thumbnail \">\n                <img loading=\"lazy\" decoding=\"async\" width=\"1024\" height=\"630\" src=\"https:\/\/soymigrante.com\/revista\/wp-content\/uploads\/2024\/02\/PORTADA-LIMARY-1024x630.webp\" class=\"attachment-large size-large wp-image-4912\" alt=\"Limary Gramajo es hija de migrantes guatemaltecos, Gracias al apoyo de becas y prestamos estudiantiles Limary estar\u00e1 a punto de graduarse como ginec\u00f3loga obstetra. Desde que supo de la misi\u00f3n en Guatemala se motivo a reunir insumos para las comunidades a las que se realizaba la jornada con el apoyo de la comunidad migrante guatemalteca radicada en Oklahoma\" srcset=\"https:\/\/soymigrante.com\/revista\/wp-content\/uploads\/2024\/02\/PORTADA-LIMARY-1024x630.webp 1024w, https:\/\/soymigrante.com\/revista\/wp-content\/uploads\/2024\/02\/PORTADA-LIMARY-300x185.webp 300w, https:\/\/soymigrante.com\/revista\/wp-content\/uploads\/2024\/02\/PORTADA-LIMARY-768x473.webp 768w, https:\/\/soymigrante.com\/revista\/wp-content\/uploads\/2024\/02\/PORTADA-LIMARY-750x462.webp 750w, https:\/\/soymigrante.com\/revista\/wp-content\/uploads\/2024\/02\/PORTADA-LIMARY.webp 1300w\" sizes=\"(max-width: 1024px) 100vw, 1024px\" \/>\n            <\/div>\n        <\/div><div class=\"eael-entry-wrapper\"><header class=\"eael-entry-header\"><h2 class=\"eael-entry-title\"><a class=\"eael-grid-post-link\" href=\"https:\/\/soymigrante.com\/revista\/migrantes-guatemaltecos-apoyaron-jornada-medica-en-occidente-del-pais\/\" title=\"Solidaridad migrante acompa\u00f1a misi\u00f3n de m\u00e9dicos de EE.UU. en Xela y Totonicap\u00e1n\">Solidaridad migrante acompa\u00f1a misi\u00f3n de m\u00e9dicos de EE.UU. en Xela y Totonicap\u00e1n<\/a><\/h2><\/header><div class=\"eael-entry-content\">\n                        <div class=\"eael-grid-post-excerpt\"><a href=\"https:\/\/soymigrante.com\/revista\/migrantes-guatemaltecos-apoyaron-jornada-medica-en-occidente-del-pais\/\" class=\"eael-post-elements-readmore-btn\">CONOCE SU HISTORIA <\/a><\/div>\n                    <\/div><\/div><\/div>\n        <\/div>\n    <\/article><\/div>\n            <div class=\"clearfix\"><\/div>\n        <\/div>\t\t\t\t<\/div>\n\t\t\t\t\t<\/div>\n\t\t\t\t<\/div>\n\t\t\t\t<\/div>\n\t\t","protected":false},"excerpt":{"rendered":"<p>La generosidad chapina nuevamente se hizo sentir en cuatro refugios migrantes de Tijuana, a donde voluntarios de la Red Migrante Guatemalteca llevaron juguetes y una refacci\u00f3n a los ni\u00f1os que se encuentran all\u00ed. Aprovechando que era el domingo anterior a la fiesta de los Santos Reyes, en que tradicionalmente se entregan obsequios a los ni\u00f1os, [&hellip;]<\/p>\n","protected":false},"author":7,"featured_media":19260,"comment_status":"open","ping_status":"open","sticky":false,"template":"","format":"standard","meta":{"_acf_changed":false,"_eb_attr":"","footnotes":""},"categories":[54],"tags":[],"class_list":["post-19259","post","type-post","status-publish","format-standard","has-post-thumbnail","hentry","category-estamos-unidos"],"acf":[],"aioseo_notices":[],"aioseo_head":"\n\t\t<!-- All in One SEO Pro 4.9.6.2 - aioseo.com -->\n\t<meta name=\"description\" content=\"Limayre\" \/>\n\t<meta name=\"robots\" content=\"max-snippet:-1, max-image-preview:large, max-video-preview:-1\" \/>\n\t<meta name=\"author\" content=\"Diana Batz\"\/>\n\t<link rel=\"canonical\" href=\"https:\/\/soymigrante.com\/revista\/migrantes-guatemaltecos-apoyaron-jornada-medica-en-occidente-del-pais\/\" \/>\n\t<meta name=\"generator\" content=\"All in One SEO Pro (AIOSEO) 4.9.6.2\" \/>\n\n\t\t<link rel=\"preconnect\" href=\"https:\/\/fonts.googleapis.com\" crossorigin>\n<link rel=\"preconnect\" href=\"https:\/\/fonts.gstatic.com\" crossorigin>\n\t\t<meta property=\"og:locale\" content=\"es_ES\" \/>\n\t\t<meta property=\"og:site_name\" content=\"SoyMigrante.com REVISTA \u2013 Nuestra misi\u00f3n es reconocer y dignificar al migrante.\" \/>\n\t\t<meta property=\"og:type\" content=\"article\" \/>\n\t\t<meta property=\"og:title\" content=\"Jornada m\u00e9dica en Guatemala con ayuda de migrantes chapines\" \/>\n\t\t<meta property=\"og:description\" content=\"Limayre\" \/>\n\t\t<meta property=\"og:url\" content=\"https:\/\/soymigrante.com\/revista\/migrantes-guatemaltecos-apoyaron-jornada-medica-en-occidente-del-pais\/\" \/>\n\t\t<meta property=\"og:image\" content=\"https:\/\/soymigrante.com\/revista\/wp-content\/uploads\/2024\/02\/PORTADA-LIMARY.webp\" \/>\n\t\t<meta property=\"og:image:secure_url\" content=\"https:\/\/soymigrante.com\/revista\/wp-content\/uploads\/2024\/02\/PORTADA-LIMARY.webp\" \/>\n\t\t<meta property=\"og:image:width\" content=\"1300\" \/>\n\t\t<meta property=\"og:image:height\" content=\"800\" \/>\n\t\t<meta property=\"article:published_time\" content=\"2024-02-16T04:48:37+00:00\" \/>\n\t\t<meta property=\"article:modified_time\" content=\"2024-04-30T12:07:37+00:00\" \/>\n\t\t<meta property=\"article:publisher\" content=\"https:\/\/www.facebook.com\/soymigrantecom\" \/>\n\t\t<meta name=\"twitter:card\" content=\"summary_large_image\" \/>\n\t\t<meta name=\"twitter:site\" content=\"@SoyMigrante_com\" \/>\n\t\t<meta name=\"twitter:title\" content=\"Jornada m\u00e9dica en Guatemala con ayuda de migrantes chapines\" \/>\n\t\t<meta name=\"twitter:description\" content=\"Limayre\" \/>\n\t\t<meta name=\"twitter:creator\" content=\"@SoyMigrante_com\" \/>\n\t\t<meta name=\"twitter:image\" content=\"https:\/\/soymigrante.com\/revista\/wp-content\/uploads\/2024\/02\/PORTADA-LIMARY.webp\" \/>\n\t\t<!-- All in One SEO Pro -->\r\n\t\t<title>Jornada m\u00e9dica en Guatemala con ayuda de migrantes chapines<\/title>\n\n","aioseo_head_json":{"title":"Jornada m\u00e9dica en Guatemala con ayuda de migrantes chapines","description":"Limayre","canonical_url":"https:\/\/soymigrante.com\/revista\/migrantes-guatemaltecos-apoyaron-jornada-medica-en-occidente-del-pais\/","robots":"max-snippet:-1, max-image-preview:large, max-video-preview:-1","keywords":"","webmasterTools":{"miscellaneous":"&lt;link rel=\"preconnect\" href=\"https:\/\/fonts.googleapis.com\" crossorigin&gt;\n&lt;link rel=\"preconnect\" href=\"https:\/\/fonts.gstatic.com\" crossorigin&gt;"},"schema":null,"og:locale":"es_ES","og:site_name":"SoyMigrante.com REVISTA \u2013 Nuestra misi\u00f3n es reconocer y dignificar al migrante.","og:type":"article","og:title":"Jornada m\u00e9dica en Guatemala con ayuda de migrantes chapines","og:description":"Limayre","og:url":"https:\/\/soymigrante.com\/revista\/migrantes-guatemaltecos-apoyaron-jornada-medica-en-occidente-del-pais\/","og:image":"https:\/\/soymigrante.com\/revista\/wp-content\/uploads\/2024\/02\/PORTADA-LIMARY.webp","og:image:secure_url":"https:\/\/soymigrante.com\/revista\/wp-content\/uploads\/2024\/02\/PORTADA-LIMARY.webp","og:image:width":1300,"og:image:height":800,"article:published_time":"2024-02-16T04:48:37+00:00","article:modified_time":"2024-04-30T12:07:37+00:00","article:publisher":"https:\/\/www.facebook.com\/soymigrantecom","twitter:card":"summary_large_image","twitter:site":"@SoyMigrante_com","twitter:title":"Jornada m\u00e9dica en Guatemala con ayuda de migrantes chapines","twitter:description":"Limayre","twitter:creator":"@SoyMigrante_com","twitter:image":"https:\/\/soymigrante.com\/revista\/wp-content\/uploads\/2024\/02\/PORTADA-LIMARY.webp"},"aioseo_meta_data":{"post_id":"19259","title":"Guatemaltecos festejan D\u00eda de Reyes a ni\u00f1os de refugio fronterizo","description":"La Red Migrante Guatemalteca efect\u00faa jornadas humanitarias en refugios de Tijuana, M\u00e9xico. Esta vez, celebraron el D\u00eda de Reyes a ni\u00f1os albergados all\u00ed.","keywords":null,"keyphrases":{"focus":{"keyphrase":"Migrante","score":78,"analysis":{"keyphraseInTitle":{"score":3,"maxScore":9,"error":1},"keyphraseInDescription":{"score":9,"maxScore":9,"error":0},"keyphraseLength":{"score":9,"maxScore":9,"error":0,"length":1},"keyphraseInURL":{"score":5,"maxScore":5,"error":0},"keyphraseInIntroduction":{"score":9,"maxScore":9,"error":0},"keyphraseInSubHeadings":{"score":9,"maxScore":9,"error":0},"keyphraseInImageAlt":{"score":9,"maxScore":9,"error":0},"keywordDensity":{"type":"high","score":0,"maxScore":9,"error":1}}},"additional":[{"keyphrase":"Migrantes","score":73,"analysis":{"keyphraseInDescription":{"score":3,"maxScore":9,"error":1},"keyphraseLength":{"score":9,"maxScore":9,"error":0,"length":1},"keyphraseInIntroduction":{"score":3,"maxScore":9,"error":1},"keyphraseInImageAlt":{"score":9,"maxScore":9,"error":0},"keywordDensity":{"type":"best","score":9,"maxScore":9,"error":0}}},{"keyphrase":"Refugio","score":73,"analysis":{"keyphraseInDescription":{"score":3,"maxScore":9,"error":1},"keyphraseLength":{"score":9,"maxScore":9,"error":0,"length":1},"keyphraseInIntroduction":{"score":3,"maxScore":9,"error":1},"keyphraseInImageAlt":{"score":9,"maxScore":9,"error":0},"keywordDensity":{"type":"best","score":9,"maxScore":9,"error":0}}},{"keyphrase":"D\u00eda de Reyes","score":67,"analysis":{"keyphraseInDescription":{"score":9,"maxScore":9,"error":0},"keyphraseLength":{"score":9,"maxScore":9,"error":0,"length":4},"keyphraseInIntroduction":{"score":3,"maxScore":9,"error":1},"keyphraseInImageAlt":{"score":9,"maxScore":9,"error":0},"keywordDensity":{"score":0,"type":"low","maxScore":9,"error":1}}}]},"primary_term":null,"canonical_url":null,"og_title":null,"og_description":null,"og_object_type":"default","og_image_type":"default","og_image_url":null,"og_image_width":null,"og_image_height":null,"og_image_custom_url":null,"og_image_custom_fields":null,"og_video":"","og_custom_url":null,"og_article_section":null,"og_article_tags":null,"twitter_use_og":false,"twitter_card":"default","twitter_image_type":"default","twitter_image_url":null,"twitter_image_custom_url":null,"twitter_image_custom_fields":null,"twitter_title":null,"twitter_description":null,"schema":{"blockGraphs":[],"customGraphs":[],"default":{"data":{"Article":[],"Course":[],"Dataset":[],"FAQPage":[],"Movie":[],"Person":[],"Product":[],"ProductReview":[],"Car":[],"Recipe":[],"Service":[],"SoftwareApplication":[],"WebPage":[]},"graphName":"BlogPosting","isEnabled":true},"graphs":[]},"schema_type":"default","schema_type_options":null,"pillar_content":false,"robots_default":true,"robots_noindex":false,"robots_noarchive":false,"robots_nosnippet":false,"robots_nofollow":false,"robots_noimageindex":false,"robots_noodp":false,"robots_notranslate":false,"robots_max_snippet":"-1","robots_max_videopreview":"-1","robots_max_imagepreview":"large","priority":null,"frequency":"default","local_seo":null,"seo_analyzer_scan_date":"2025-10-09 01:35:11","breadcrumb_settings":null,"limit_modified_date":false,"reviewed_by":null,"open_ai":"{\"title\":{\"suggestions\":[],\"usage\":0},\"description\":{\"suggestions\":[],\"usage\":0}}","ai":null,"created":"2025-01-06 16:02:00","updated":"2026-02-04 18:47:15"},"aioseo_breadcrumb":"<div class=\"aioseo-breadcrumbs\"><span class=\"aioseo-breadcrumb\">\n\t<a href=\"https:\/\/soymigrante.com\/revista\" title=\"Home\">Home<\/a>\n<\/span><span class=\"aioseo-breadcrumb-separator\">\u00bb<\/span><span class=\"aioseo-breadcrumb\">\n\t<a href=\"https:\/\/soymigrante.com\/revista\/category\/estamos-unidos\/\" title=\"Estamos Unidos\">Estamos Unidos<\/a>\n<\/span><span class=\"aioseo-breadcrumb-separator\">\u00bb<\/span><span class=\"aioseo-breadcrumb\">\n\tRed Migrante Guatemalteca lleva alegr\u00eda del D\u00eda de Reyes a ni\u00f1os de refugio fronterizo\n<\/span><\/div>","aioseo_breadcrumb_json":[{"label":"Home","link":"https:\/\/soymigrante.com\/revista"},{"label":"Estamos Unidos","link":"https:\/\/soymigrante.com\/revista\/category\/estamos-unidos\/"},{"label":"Red Migrante Guatemalteca lleva alegr\u00eda del D\u00eda de Reyes a ni\u00f1os de refugio fronterizo","link":"https:\/\/soymigrante.com\/revista\/red-migrante-guatemalteca-lleva-alegria-del-dia-de-reyes-a-ninos-de-refugio-fronterizo\/"}],"_links":{"self":[{"href":"https:\/\/soymigrante.com\/revista\/wp-json\/wp\/v2\/posts\/19259","targetHints":{"allow":["GET"]}}],"collection":[{"href":"https:\/\/soymigrante.com\/revista\/wp-json\/wp\/v2\/posts"}],"about":[{"href":"https:\/\/soymigrante.com\/revista\/wp-json\/wp\/v2\/types\/post"}],"author":[{"embeddable":true,"href":"https:\/\/soymigrante.com\/revista\/wp-json\/wp\/v2\/users\/7"}],"replies":[{"embeddable":true,"href":"https:\/\/soymigrante.com\/revista\/wp-json\/wp\/v2\/comments?post=19259"}],"version-history":[{"count":0,"href":"https:\/\/soymigrante.com\/revista\/wp-json\/wp\/v2\/posts\/19259\/revisions"}],"wp:featuredmedia":[{"embeddable":true,"href":"https:\/\/soymigrante.com\/revista\/wp-json\/wp\/v2\/media\/19260"}],"wp:attachment":[{"href":"https:\/\/soymigrante.com\/revista\/wp-json\/wp\/v2\/media?parent=19259"}],"wp:term":[{"taxonomy":"category","embeddable":true,"href":"https:\/\/soymigrante.com\/revista\/wp-json\/wp\/v2\/categories?post=19259"},{"taxonomy":"post_tag","embeddable":true,"href":"https:\/\/soymigrante.com\/revista\/wp-json\/wp\/v2\/tags?post=19259"}],"curies":[{"name":"wp","href":"https:\/\/api.w.org\/{rel}","templated":true}]}}