{"id":19227,"date":"2025-01-05T08:27:00","date_gmt":"2025-01-05T14:27:00","guid":{"rendered":"https:\/\/soymigrante.com\/revista\/?p=19227"},"modified":"2026-01-05T13:12:00","modified_gmt":"2026-01-05T19:12:00","slug":"cristo-mojado-de-esquipulas-los-angeles","status":"publish","type":"post","link":"https:\/\/soymigrante.com\/revista\/cristo-mojado-de-esquipulas-los-angeles\/","title":{"rendered":"Cristo Mojado de Esquipulas es venerado en Los Angeles y cruz\u00f3 la frontera en 2003"},"content":{"rendered":"\t\t<div data-elementor-type=\"wp-post\" data-elementor-id=\"19227\" class=\"elementor elementor-19227\" data-elementor-post-type=\"post\">\n\t\t\t\t<div data-particle_enable=\"false\" data-particle-mobile-disabled=\"false\" class=\"elementor-element elementor-element-2fc0e2f e-flex e-con-boxed e-con e-parent\" data-id=\"2fc0e2f\" data-element_type=\"container\" data-e-type=\"container\">\n\t\t\t\t\t<div class=\"e-con-inner\">\n\t\t\t\t<div class=\"elementor-element elementor-element-9a85b30 elementor-widget elementor-widget-heading\" data-id=\"9a85b30\" data-element_type=\"widget\" data-e-type=\"widget\" data-widget_type=\"heading.default\">\n\t\t\t\t\t<h2 class=\"elementor-heading-title elementor-size-default\">En 2002 un grupo de devotos migrantes se propone llevar desde Guatemala una r\u00e9plica del Cristo de Esquipulas a la parroquia Santa Cecilia.  Autoridades no permitieron su ingreso a EE.UU. y tuvieron que cruzarlo a escondidas. Por eso le dicen Cristo Mojado. Se le venera en Los Angeles desde 2003. <\/h2>\t\t\t\t<\/div>\n\t\t\t\t<div class=\"elementor-element elementor-element-f58ebc1 elementor-widget elementor-widget-html\" data-id=\"f58ebc1\" data-element_type=\"widget\" data-e-type=\"widget\" data-widget_type=\"html.default\">\n\t\t\t\t\t<div id=\"buzzsprout-player-18456860\"><\/div><script src=\"https:\/\/www.buzzsprout.com\/2444168\/episodes\/18456860-el-cristo-migrante-de-los-angeles-california-icono-de-fe-y-esperanza.js?container_id=buzzsprout-player-18456860&player=small\" type=\"text\/javascript\" charset=\"utf-8\"><\/script>\t\t\t\t<\/div>\n\t\t\t\t\t<\/div>\n\t\t\t\t<\/div>\n\t\t<div data-particle_enable=\"false\" data-particle-mobile-disabled=\"false\" class=\"elementor-element elementor-element-6c08cc3 e-flex e-con-boxed e-con e-parent\" data-id=\"6c08cc3\" data-element_type=\"container\" data-e-type=\"container\">\n\t\t\t\t\t<div class=\"e-con-inner\">\n\t\t\t\t<div class=\"elementor-element elementor-element-23dff27 elementor-widget elementor-widget-text-editor\" data-id=\"23dff27\" data-element_type=\"widget\" data-e-type=\"widget\" data-widget_type=\"text-editor.default\">\n\t\t\t\t\t\t\t\t\t<p>Los preparativos para celebrar el D\u00eda del <a href=\"https:\/\/soymigrante.com\/revista\/cristo-esquipulas-veneracion-migrantes-basilica-estados-unidos-guatemala\/\">Se\u00f1or de Esquipulas, el 15 de enero,\u00a0<\/a>ya empezaron en la Parroquia Santa Cecilia, donde se venera la r\u00e9plica, tambi\u00e9n conocida como el Cristo Mojado. Rezar\u00e1n la novena desde el 6 de enero, ya est\u00e1n a la venta los turnos de la procesi\u00f3n que saldr\u00e1 a las calles alrededor del templo el pr\u00f3ximo domingo 12 de enero, ya est\u00e1 en preparaci\u00f3n el adorno del anda.<\/p><p>Los integrantes de la Fraternidad de Esquipulas en Los Angeles est\u00e1n listos para servir y atender a los devotos guatemaltecos y de todas nacionalidades que llegan de ciudades de California, pero tambi\u00e9n de otros Estados a venerar al Cristo Mojado.<\/p><p><span style=\"color: var( --e-global-color-text ); text-align: var(--text-align);\">&#8220;El Santo Cristo nos une a todos en una fe. Vienen guatemaltecos pero tambi\u00e9n comunidades de mexicanos, salvadore\u00f1os, hondure\u00f1os, sudamericanos a venerarlo en todo el a\u00f1o. Pero en su d\u00eda viene gente de ciudades como Oakland y Concord, California, tambi\u00e9n de Miami y Nevada. Todos son bienvenidos&#8221;, expresa Pedro Ram\u00edrez, encargado de comunicaci\u00f3n de la Fraternidad.<\/span><\/p><p><span style=\"color: var( --e-global-color-text ); text-align: var(--text-align);\">Pero esta historia de devoci\u00f3n, hermandad y fe comenz\u00f3 hace m\u00e1s de dos d\u00e9cadas.<\/span><\/p>\t\t\t\t\t\t\t\t<\/div>\n\t\t\t\t\t<\/div>\n\t\t\t\t<\/div>\n\t\t<div data-particle_enable=\"false\" data-particle-mobile-disabled=\"false\" class=\"elementor-element elementor-element-9b8fac1 e-flex e-con-boxed e-con e-parent\" data-id=\"9b8fac1\" data-element_type=\"container\" data-e-type=\"container\">\n\t\t\t\t\t<div class=\"e-con-inner\">\n\t\t\t\t<div class=\"elementor-element elementor-element-0d77757 elementor-widget elementor-widget-image\" data-id=\"0d77757\" data-element_type=\"widget\" data-e-type=\"widget\" data-widget_type=\"image.default\">\n\t\t\t\t\t\t\t\t\t\t\t\t<figure class=\"wp-caption\">\n\t\t\t\t\t\t\t\t\t\t<img fetchpriority=\"high\" decoding=\"async\" width=\"900\" height=\"600\" src=\"https:\/\/soymigrante.com\/revista\/wp-content\/uploads\/2025\/01\/cristo-mojado-los-angeles-4.webp\" class=\"attachment-large size-large wp-image-19231\" alt=\"Cristo negro de esclavas en una iglesia, imagen religiosa con corona dorada y halo resplandeciente, s\u00edmbolo de fe y tradici\u00f3n cultural en M\u00e9xico.\" srcset=\"https:\/\/soymigrante.com\/revista\/wp-content\/uploads\/2025\/01\/cristo-mojado-los-angeles-4.webp 900w, https:\/\/soymigrante.com\/revista\/wp-content\/uploads\/2025\/01\/cristo-mojado-los-angeles-4-300x200.jpg 300w, https:\/\/soymigrante.com\/revista\/wp-content\/uploads\/2025\/01\/cristo-mojado-los-angeles-4-768x512.jpg 768w, https:\/\/soymigrante.com\/revista\/wp-content\/uploads\/2025\/01\/cristo-mojado-los-angeles-4-750x500.webp 750w\" sizes=\"(max-width: 900px) 100vw, 900px\" title=\"El Cristo de Esquipulas que se venera en la parroquia Santa Cecilia de Los Angeles, es una r\u00e9plica exacta de la imagen original, burilada por Quirio Cata\u00f1o y que se venera en la Bas\u00edlica de Esquipulas, Chiquimula. (Foto Fraternidad de Esquipulas Los Angeles) \u2013 SoyMigrante.com REVISTA\" \/>\t\t\t\t\t\t\t\t\t\t\t<figcaption class=\"widget-image-caption wp-caption-text\">Revista SoyMigrante.com presenta una imagen del Cristo negro de esclavas en una iglesia, destacando su importancia religiosa y cultural para los inmigrantes en M\u00e9xico.<\/figcaption>\n\t\t\t\t\t\t\t\t\t\t<\/figure>\n\t\t\t\t\t\t\t\t\t<\/div>\n\t\t\t\t\t<\/div>\n\t\t\t\t<\/div>\n\t\t<div data-particle_enable=\"false\" data-particle-mobile-disabled=\"false\" class=\"elementor-element elementor-element-87568e0 e-flex e-con-boxed e-con e-parent\" data-id=\"87568e0\" data-element_type=\"container\" data-e-type=\"container\">\n\t\t\t\t\t<div class=\"e-con-inner\">\n\t\t\t\t<div class=\"elementor-element elementor-element-546fbbe elementor-widget elementor-widget-heading\" data-id=\"546fbbe\" data-element_type=\"widget\" data-e-type=\"widget\" data-widget_type=\"heading.default\">\n\t\t\t\t\t<h3 class=\"elementor-heading-title elementor-size-default\">Un proyecto de fe para la comunidad migrante<\/h3>\t\t\t\t<\/div>\n\t\t\t\t\t<\/div>\n\t\t\t\t<\/div>\n\t\t<div data-particle_enable=\"false\" data-particle-mobile-disabled=\"false\" class=\"elementor-element elementor-element-a7eb113 e-flex e-con-boxed e-con e-parent\" data-id=\"a7eb113\" data-element_type=\"container\" data-e-type=\"container\">\n\t\t\t\t\t<div class=\"e-con-inner\">\n\t\t\t\t<div class=\"elementor-element elementor-element-82ca189 elementor-widget elementor-widget-text-editor\" data-id=\"82ca189\" data-element_type=\"widget\" data-e-type=\"widget\" data-widget_type=\"text-editor.default\">\n\t\t\t\t\t\t\t\t\t<p>En agosto de 2002, el p\u00e1rroco de Santa Cecilia, en Los Angeles y un grupo de fieles conversan sobre c\u00f3mo lograr tener una imagen del <a href=\"https:\/\/soymigrante.com\/revista\/cristo-esquipulas-veneracion-migrantes-basilica-estados-unidos-guatemala\/\">Cristo de Esquipulas<\/a>. En octubre, nace la Fraternidad de Esquipulas &#8220;para hacer realidad la idea de traer la r\u00e9plica ya que en este pa\u00eds lejano nos identificar\u00edamos con nuestra fe en la imagen del Cristo Negro de Esquipulas&#8230; Nombramos nuestro objetivo como Proyecto de FE&#8221;,\u00a0 se explica en el sitio <a href=\"https:\/\/elcristomojado.org\/proyecto-de-fe\">ElCristoMojado.org<\/a>.\u00a0<\/p><p>Se contrata a un escultor en Guatemala, se tramita toda la documentaci\u00f3n necesaria oara poder trasladarlo. Cuando estuvo listo fue enviado por tierra y hay muchas dificultades &#8220;En el trayecto del Cristo desde Guatemala a Tijuana, incluso teniendo que pagar sobornos en el trayecto&#8221;, relata dicho sitio.<\/p><p>En la frontera de Tijuana con EE.UU., no lo dejan pasar. Miembros de la fraternidad viajaron desde Los Angeles para trasladarla, pero se extrav\u00eda la imagen.<span style=\"font-family: Lato, arial, sans-serif;\"><i>\u00a0<\/i>Cuando la localizan y sin poder ingresarla por temas de permisos y papeler\u00eda, optan por algo impensable, pero que convierte al Santo Cristo en un migrante indocumentado m\u00e1s&#8230;.<\/span><\/p>\t\t\t\t\t\t\t\t<\/div>\n\t\t\t\t\t<\/div>\n\t\t\t\t<\/div>\n\t\t<div data-particle_enable=\"false\" data-particle-mobile-disabled=\"false\" class=\"elementor-element elementor-element-84614d9 e-flex e-con-boxed e-con e-parent\" data-id=\"84614d9\" data-element_type=\"container\" data-e-type=\"container\">\n\t\t\t\t\t<div class=\"e-con-inner\">\n\t\t\t\t<div class=\"elementor-element elementor-element-791f506 elementor-widget elementor-widget-image\" data-id=\"791f506\" data-element_type=\"widget\" data-e-type=\"widget\" data-widget_type=\"image.default\">\n\t\t\t\t\t\t\t\t\t\t\t\t<figure class=\"wp-caption\">\n\t\t\t\t\t\t\t\t\t\t<img decoding=\"async\" width=\"1024\" height=\"536\" src=\"https:\/\/soymigrante.com\/revista\/wp-content\/uploads\/2025\/01\/cristo-mojado-los-angeles-7-1024x536.jpg\" class=\"attachment-large size-large wp-image-19232\" alt=\"Cristo crucificado en la cultura mexicana con tradici\u00f3n religiosa y arte sacro para destacar en revistas sobre cultura, historia y festividades de M\u00e9xico.\" srcset=\"https:\/\/soymigrante.com\/revista\/wp-content\/uploads\/2025\/01\/cristo-mojado-los-angeles-7-1024x536.jpg 1024w, https:\/\/soymigrante.com\/revista\/wp-content\/uploads\/2025\/01\/cristo-mojado-los-angeles-7-300x157.jpg 300w, https:\/\/soymigrante.com\/revista\/wp-content\/uploads\/2025\/01\/cristo-mojado-los-angeles-7-768x402.jpg 768w, https:\/\/soymigrante.com\/revista\/wp-content\/uploads\/2025\/01\/cristo-mojado-los-angeles-7-1536x804.jpg 1536w, https:\/\/soymigrante.com\/revista\/wp-content\/uploads\/2025\/01\/cristo-mojado-los-angeles-7-750x393.webp 750w, https:\/\/soymigrante.com\/revista\/wp-content\/uploads\/2025\/01\/cristo-mojado-los-angeles-7-1140x597.webp 1140w, https:\/\/soymigrante.com\/revista\/wp-content\/uploads\/2025\/01\/cristo-mojado-los-angeles-7.webp 1920w\" sizes=\"(max-width: 1024px) 100vw, 1024px\" title=\"Desde septiembre de 2003, en que fue puesto a la veneraci\u00f3n p\u00fablica en la parroquia Santa Cecilia, de Los Angeles, el Cristo Mojado de Esquipulas ha recibido a millones de devotos de todas nacionalidades, incluyendo por supuesto a much\u00edsimos guatemaltecos. (Foto Fraternidad de Esquipulas Los Angeles) \u2013 SoyMigrante.com REVISTA\" \/>\t\t\t\t\t\t\t\t\t\t\t<figcaption class=\"widget-image-caption wp-caption-text\">Escultura religiosa de Jesucristo en cruz con detalles culturales mexicanos, emblem\u00e1tica en eventos y celebraciones religiosas, ideal para ilustrar art\u00edculos sobre tradiciones y fe.<\/figcaption>\n\t\t\t\t\t\t\t\t\t\t<\/figure>\n\t\t\t\t\t\t\t\t\t<\/div>\n\t\t\t\t\t<\/div>\n\t\t\t\t<\/div>\n\t\t<div data-particle_enable=\"false\" data-particle-mobile-disabled=\"false\" class=\"elementor-element elementor-element-73b53e3 e-flex e-con-boxed e-con e-parent\" data-id=\"73b53e3\" data-element_type=\"container\" data-e-type=\"container\">\n\t\t\t\t\t<div class=\"e-con-inner\">\n\t\t\t\t<div class=\"elementor-element elementor-element-901fc1b elementor-widget elementor-widget-heading\" data-id=\"901fc1b\" data-element_type=\"widget\" data-e-type=\"widget\" data-widget_type=\"heading.default\">\n\t\t\t\t\t<h3 class=\"elementor-heading-title elementor-size-default\">\"Fue un milagro\"<\/h3>\t\t\t\t<\/div>\n\t\t\t\t\t<\/div>\n\t\t\t\t<\/div>\n\t\t<div data-particle_enable=\"false\" data-particle-mobile-disabled=\"false\" class=\"elementor-element elementor-element-3fb2495 e-flex e-con-boxed e-con e-parent\" data-id=\"3fb2495\" data-element_type=\"container\" data-e-type=\"container\">\n\t\t\t\t\t<div class=\"e-con-inner\">\n\t\t\t\t<div class=\"elementor-element elementor-element-c2b6c0a elementor-widget elementor-widget-text-editor\" data-id=\"c2b6c0a\" data-element_type=\"widget\" data-e-type=\"widget\" data-widget_type=\"text-editor.default\">\n\t\t\t\t\t\t\t\t\t<p>\u201c\u00cdbamos a pasarlo por la aduana, pero no nos lo permitieron. Nos dijeron que se necesitaba no s\u00e9 cu\u00e1ntos papeles y que no pod\u00edan dejarlo entrar a Estados Unidos\u201d, relat\u00f3 V\u00edctor Molina el 6 de septiembre de 2003,\u00a0<span style=\"font-family: Roboto, sans-serif; font-size: 16px; font-style: normal; font-variant-ligatures: normal; font-variant-caps: normal; font-weight: 400; color: var( --e-global-color-text ); text-align: var(--text-align);\">a quien hoy escribe esta nota,<\/span><span style=\"font-family: Roboto, sans-serif; font-size: 16px; font-style: normal; font-variant-ligatures: normal; font-variant-caps: normal; font-weight: 400; color: var( --e-global-color-text ); text-align: var(--text-align);\">\u00a0<\/span><span style=\"color: var( --e-global-color-text ); text-align: var(--text-align);\">mientras el cardenal Rodolfo Quezada Toru\u00f1o, arzobispo de Guatemala, realizaba la Consagraci\u00f3n del Cristo Mojado.<\/span><\/p><p>\u201cPor debajo de los puentes lo pasamos(&#8230;) Nos dio miedo que se da\u00f1ara al pasarlo debajo del muro de la frontera(&#8230;) envuelto en papeles lo tra\u00edamos para que no lo vieran. Fue un milagro que no nos descubrieran\u201d, dijo\u00a0 Molina, que fue uno de los integrantes iniciales de la Fraternidad. Aquel 8 de septiembre fue un d\u00eda de fiesta, con marimba, migrantes con trajes de moros y una misa solemne.<br \/><a href=\"https:\/\/elcristomojado.org\/el-cristo-inmigrante\">El relato completo de la consagraci\u00f3n de 2003 est\u00e1 aqu\u00ed.<\/a><\/p>\t\t\t\t\t\t\t\t<\/div>\n\t\t\t\t\t<\/div>\n\t\t\t\t<\/div>\n\t\t<div data-particle_enable=\"false\" data-particle-mobile-disabled=\"false\" class=\"elementor-element elementor-element-2615c51 e-flex e-con-boxed e-con e-parent\" data-id=\"2615c51\" data-element_type=\"container\" data-e-type=\"container\">\n\t\t\t\t\t<div class=\"e-con-inner\">\n\t\t\t\t<div class=\"elementor-element elementor-element-c5d60f1 elementor-widget elementor-widget-image\" data-id=\"c5d60f1\" data-element_type=\"widget\" data-e-type=\"widget\" data-widget_type=\"image.default\">\n\t\t\t\t\t\t\t\t\t\t\t\t<figure class=\"wp-caption\">\n\t\t\t\t\t\t\t\t\t\t<img decoding=\"async\" width=\"429\" height=\"748\" src=\"https:\/\/soymigrante.com\/revista\/wp-content\/uploads\/2025\/01\/cristo-mojado-los-angeles-19-e1736053403263.webp\" class=\"attachment-large size-large wp-image-19233\" alt=\"Entrada de nguvu en la fraternidad del Se\u00f1or de Esquipulas, Iglesia de Santa Cecilia, Los \u00c1ngeles, California, enero 2025, con lazos decorativos y s\u00edmbolo religioso.\" srcset=\"https:\/\/soymigrante.com\/revista\/wp-content\/uploads\/2025\/01\/cristo-mojado-los-angeles-19-e1736053403263.webp 429w, https:\/\/soymigrante.com\/revista\/wp-content\/uploads\/2025\/01\/cristo-mojado-los-angeles-19-e1736053403263-172x300.webp 172w\" sizes=\"(max-width: 429px) 100vw, 429px\" title=\"Ya est\u00e1n disponibles los turnos para llevar en hombros a la venerada imagen del Santo Cristo de Esquipulas de Santa Cecilia, Los Angeles en la procesi\u00f3n del pr\u00f3ximo domingo 12 de enero. Puede dar clic en la imagen para ir al perfil de Facebook de la Fraternidad. \u2013 SoyMigrante.com REVISTA\" \/>\t\t\t\t\t\t\t\t\t\t\t<figcaption class=\"widget-image-caption wp-caption-text\">Ya est\u00e1n disponibles los turnos para llevar en hombros a la venerada imagen del Santo Cristo de Esquipulas de Santa Cecilia, Los Angeles en la procesi\u00f3n del pr\u00f3ximo domingo 12 de enero. Puede dar clic en la imagen para ir al perfil de Facebook de la Fraternidad.<\/figcaption>\n\t\t\t\t\t\t\t\t\t\t<\/figure>\n\t\t\t\t\t\t\t\t\t<\/div>\n\t\t\t\t\t<\/div>\n\t\t\t\t<\/div>\n\t\t<div data-particle_enable=\"false\" data-particle-mobile-disabled=\"false\" class=\"elementor-element elementor-element-0cdbeb0 e-flex e-con-boxed e-con e-parent\" data-id=\"0cdbeb0\" data-element_type=\"container\" data-e-type=\"container\">\n\t\t\t\t\t<div class=\"e-con-inner\">\n\t\t\t\t<div class=\"elementor-element elementor-element-b7c6bfb elementor-widget elementor-widget-heading\" data-id=\"b7c6bfb\" data-element_type=\"widget\" data-e-type=\"widget\" data-widget_type=\"heading.default\">\n\t\t\t\t\t<h3 class=\"elementor-heading-title elementor-size-default\">Un consuelo espiritual presente todos los d\u00edas<\/h3>\t\t\t\t<\/div>\n\t\t\t\t\t<\/div>\n\t\t\t\t<\/div>\n\t\t<div data-particle_enable=\"false\" data-particle-mobile-disabled=\"false\" class=\"elementor-element elementor-element-27361c3 e-flex e-con-boxed e-con e-parent\" data-id=\"27361c3\" data-element_type=\"container\" data-e-type=\"container\">\n\t\t\t\t\t<div class=\"e-con-inner\">\n\t\t\t\t<div class=\"elementor-element elementor-element-0c72bd4 elementor-widget elementor-widget-text-editor\" data-id=\"0c72bd4\" data-element_type=\"widget\" data-e-type=\"widget\" data-widget_type=\"text-editor.default\">\n\t\t\t\t\t\t\t\t\t<p>La procesi\u00f3n se efectuar\u00e1 el 12 de enero para que m\u00e1s devotos tengan la oportunidad de poder asistir, pero el d\u00eda 15 ser\u00e1 la alborada en la cual se le tocan Las Ma\u00f1anitas y llegan devotos a cantarle alabados al Cristo Mojado en la parroquia Santa Cecilia.\u00a0<\/p><p>&#8220;Pero no hay d\u00eda que no haya flores ni hay d\u00eda en que el Cristo de Esquipulas no tenga visitas. La gente llega sobre todos los domingos, llevan flores, ponen veladoras, se hincan para pedir y orar. Cuando los de la Fraternidad hacemos limpieza a veces encontramos papeles con peticiones, por su familia, por un trabajo, por un familiar que est\u00e1 en viaje, por todo: es una imagen muy venerada. Unos le dicen Morenito, otros le dicen Cristo Mojado, otros le dicen Santo Cristo&#8221;, agrega Pedro Ram\u00edrez.<\/p>\t\t\t\t\t\t\t\t<\/div>\n\t\t\t\t\t<\/div>\n\t\t\t\t<\/div>\n\t\t<div data-particle_enable=\"false\" data-particle-mobile-disabled=\"false\" class=\"elementor-element elementor-element-4e033c8 e-flex e-con-boxed e-con e-parent\" data-id=\"4e033c8\" data-element_type=\"container\" data-e-type=\"container\">\n\t\t\t\t\t<div class=\"e-con-inner\">\n\t\t\t\t<div class=\"elementor-element elementor-element-e0aa42d elementor-widget elementor-widget-google_maps\" data-id=\"e0aa42d\" data-element_type=\"widget\" data-e-type=\"widget\" data-widget_type=\"google_maps.default\">\n\t\t\t\t\t\t\t<div class=\"elementor-custom-embed\">\n\t\t\t<iframe loading=\"lazy\"\n\t\t\t\t\tsrc=\"https:\/\/maps.google.com\/maps?q=Santa%20Cecilia%2C%20Los%20Angeles&#038;t=m&#038;z=10&#038;output=embed&#038;iwloc=near\"\n\t\t\t\t\ttitle=\"Santa Cecilia, Los Angeles\"\n\t\t\t\t\taria-label=\"Santa Cecilia, Los Angeles\"\n\t\t\t><\/iframe>\n\t\t<\/div>\n\t\t\t\t\t\t<\/div>\n\t\t\t\t\t<\/div>\n\t\t\t\t<\/div>\n\t\t<div data-particle_enable=\"false\" data-particle-mobile-disabled=\"false\" class=\"elementor-element elementor-element-24f36f9 e-flex e-con-boxed e-con e-parent\" data-id=\"24f36f9\" data-element_type=\"container\" data-e-type=\"container\">\n\t\t\t\t\t<div class=\"e-con-inner\">\n\t\t\t\t<div class=\"elementor-element elementor-element-2d81220 elementor-widget elementor-widget-text-editor\" data-id=\"2d81220\" data-element_type=\"widget\" data-e-type=\"widget\" data-widget_type=\"text-editor.default\">\n\t\t\t\t\t\t\t\t\t<p>&#8220;Todos son bienvenidos, todos somos hermanos. Don Guillermo Palencia, presidente de la Fraternidad, nos ha ense\u00f1ado que debemos ser siempre amables, serviciales, ayudar a todo devoto que llega en lo que podamos&#8221;, relata Ram\u00edrez, quien se uni\u00f3 a este grupo hace unos 15 a\u00f1os y reconoce el efecto espiritual de la veneraci\u00f3n.\u00a0<\/p>\t\t\t\t\t\t\t\t<\/div>\n\t\t\t\t\t<\/div>\n\t\t\t\t<\/div>\n\t\t<div data-particle_enable=\"false\" data-particle-mobile-disabled=\"false\" class=\"elementor-element elementor-element-e21d371 e-flex e-con-boxed e-con e-parent\" data-id=\"e21d371\" data-element_type=\"container\" data-e-type=\"container\">\n\t\t\t\t\t<div class=\"e-con-inner\">\n\t\t\t\t<div class=\"elementor-element elementor-element-2d0f951 elementor-widget elementor-widget-video\" data-id=\"2d0f951\" data-element_type=\"widget\" data-e-type=\"widget\" data-settings=\"{&quot;youtube_url&quot;:&quot;https:\\\/\\\/www.youtube.com\\\/watch?v=XrOglMFZh4E&amp;t=2049s&quot;,&quot;video_type&quot;:&quot;youtube&quot;,&quot;controls&quot;:&quot;yes&quot;}\" data-widget_type=\"video.default\">\n\t\t\t\t\t\t\t<div class=\"elementor-wrapper elementor-open-inline\">\n\t\t\t<div class=\"elementor-video\"><\/div>\t\t<\/div>\n\t\t\t\t\t\t<\/div>\n\t\t\t\t\t<\/div>\n\t\t\t\t<\/div>\n\t\t<div data-particle_enable=\"false\" data-particle-mobile-disabled=\"false\" class=\"elementor-element elementor-element-58d782e e-flex e-con-boxed e-con e-parent\" data-id=\"58d782e\" data-element_type=\"container\" data-e-type=\"container\">\n\t\t\t\t\t<div class=\"e-con-inner\">\n\t\t\t\t<div class=\"elementor-element elementor-element-2e7557a elementor-widget elementor-widget-text-editor\" data-id=\"2e7557a\" data-element_type=\"widget\" data-e-type=\"widget\" data-widget_type=\"text-editor.default\">\n\t\t\t\t\t\t\t\t\t<p><span style=\"color: var( --e-global-color-text ); text-align: var(--text-align);\">&#8220;Yo estuve alejado de la Iglesia como 10 a\u00f1os. Ya estaba aqu\u00ed en Los Angeles cuando hicieron una actividad. Hab\u00eda unas personas haciendo una alfombra de aserr\u00edn y don Guillermo estaba all\u00ed. Le pregunt\u00e9 por qu\u00e9 hac\u00edan eso. Me explic\u00f3 que eran de la Fraternidad, que los mov\u00eda la fe en Jes\u00fas y que veneraban al Santo Cristo. Empec\u00e9 a participar y me sent\u00ed entre hermanos. Regres\u00e9 a la Iglesia y creo que ese fue un milagro. Ahora me permitieron ser parte de la Directiva y seguimos sirviendo a Dios y a los hermanos&#8221;, explica Pedro Ram\u00edrez, quien accedi\u00f3 a esta conversaci\u00f3n poco despu\u00e9s de una dura jornada de trabajo en Los Angeles.<\/span><\/p>\n<p>&#8220;Todav\u00eda nos quedan algunos turnos de la procesi\u00f3n. Contamos con el apoyo del experto Carlos Sandoval para el adorno del anda. Tambi\u00e9n nos apoya su hermano el historiador Juan Alberto Sandoval, la p\u00e1gina Jes\u00fas en Guatemala y tambi\u00e9n la Radio Estrella transmite la procesi\u00f3n&#8221;, expresa Ram\u00edrez.<\/p>\t\t\t\t\t\t\t\t<\/div>\n\t\t\t\t\t<\/div>\n\t\t\t\t<\/div>\n\t\t<div data-particle_enable=\"false\" data-particle-mobile-disabled=\"false\" class=\"elementor-element elementor-element-640988a e-flex e-con-boxed e-con e-parent\" data-id=\"640988a\" data-element_type=\"container\" data-e-type=\"container\">\n\t\t\t\t\t<div class=\"e-con-inner\">\n\t\t\t\t<div class=\"elementor-element elementor-element-c0e8a1c elementor-widget elementor-widget-facebook-page\" data-id=\"c0e8a1c\" data-element_type=\"widget\" data-e-type=\"widget\" data-widget_type=\"facebook-page.default\">\n\t\t\t\t\t<div class=\"elementor-facebook-widget fb-page\" data-href=\"https:\/\/www.facebook.com\/elcristomojado.org\/\" data-tabs=\"timeline\" data-height=\"500px\" data-width=\"500px\" data-small-header=\"false\" data-hide-cover=\"false\" data-show-facepile=\"true\" data-hide-cta=\"false\" style=\"min-height: 1px;height:500px\"><\/div>\t\t\t\t<\/div>\n\t\t\t\t\t<\/div>\n\t\t\t\t<\/div>\n\t\t<div data-particle_enable=\"false\" data-particle-mobile-disabled=\"false\" class=\"elementor-element elementor-element-25c585c e-flex e-con-boxed e-con e-parent\" data-id=\"25c585c\" data-element_type=\"container\" data-e-type=\"container\">\n\t\t\t\t\t<div class=\"e-con-inner\">\n\t\t\t\t<div class=\"elementor-element elementor-element-3264c4e elementor-widget elementor-widget-heading\" data-id=\"3264c4e\" data-element_type=\"widget\" data-e-type=\"widget\" data-widget_type=\"heading.default\">\n\t\t\t\t\t<h2 class=\"elementor-heading-title elementor-size-default\">Devoci\u00f3n de Esquipulas en EE.UU <\/h2>\t\t\t\t<\/div>\n\t\t\t\t\t<\/div>\n\t\t\t\t<\/div>\n\t\t<div data-particle_enable=\"false\" data-particle-mobile-disabled=\"false\" class=\"elementor-element elementor-element-6cf5d40 e-flex e-con-boxed e-con e-parent\" data-id=\"6cf5d40\" data-element_type=\"container\" data-e-type=\"container\">\n\t\t\t\t\t<div class=\"e-con-inner\">\n\t\t\t\t<div class=\"elementor-element elementor-element-f391278 elementor-grid-eael-col-1 elementor-grid-tablet-eael-col-2 elementor-grid-mobile-eael-col-1 elementor-widget elementor-widget-eael-post-grid\" data-id=\"f391278\" data-element_type=\"widget\" data-e-type=\"widget\" data-settings=\"{&quot;eael_post_grid_columns&quot;:&quot;eael-col-1&quot;,&quot;eael_post_grid_columns_tablet&quot;:&quot;eael-col-2&quot;,&quot;eael_post_grid_columns_mobile&quot;:&quot;eael-col-1&quot;}\" data-widget_type=\"eael-post-grid.default\">\n\t\t\t\t\t<div id=\"eael-post-grid-f391278\" class=\"eael-post-grid-container\">\n            <div class=\"eael-post-grid eael-post-appender eael-post-appender-f391278 eael-post-grid-style-one\" data-layout-mode=\"masonry\"><article class=\"eael-grid-post  eael-post-grid-column eael-pg-post-4383 category-estamos-unidos\" data-id=\"4383\">\n        <div class=\"eael-grid-post-holder\">\n            <div class=\"eael-grid-post-holder-inner\"><div class=\"eael-entry-media\"><div class=\"eael-entry-overlay fade-in\"><i class=\"far fa-hand-pointer\" aria-hidden=\"true\"><\/i><a href=\"https:\/\/soymigrante.com\/revista\/parroquias-estados-unidos-festejan-dia-del-cristo-de-esquipulas\/\"><\/a><\/div><div class=\"eael-entry-thumbnail eael-image-ratio\">\n                <img loading=\"lazy\" decoding=\"async\" width=\"720\" height=\"720\" src=\"https:\/\/soymigrante.com\/revista\/wp-content\/uploads\/2025\/01\/santo-cristo-esquipulas-en-hawthorne-California.webp\" class=\"attachment-large size-large wp-image-20377\" alt=\"Cristo crucificado en exhibici\u00f3n en un museo con visitantes, representaci\u00f3n religiosa, arte sacro, cultura mexicana, historia religiosa, turismo espiritual, celebrar tradiciones, patrimonio cultural, arte religioso, comunidad cat\u00f3lica.\" srcset=\"https:\/\/soymigrante.com\/revista\/wp-content\/uploads\/2025\/01\/santo-cristo-esquipulas-en-hawthorne-California.webp 720w, https:\/\/soymigrante.com\/revista\/wp-content\/uploads\/2025\/01\/santo-cristo-esquipulas-en-hawthorne-California-300x300.jpg 300w, https:\/\/soymigrante.com\/revista\/wp-content\/uploads\/2025\/01\/santo-cristo-esquipulas-en-hawthorne-California-150x150.jpg 150w, https:\/\/soymigrante.com\/revista\/wp-content\/uploads\/2025\/01\/santo-cristo-esquipulas-en-hawthorne-California-75x75.webp 75w\" sizes=\"(max-width: 720px) 100vw, 720px\" \/>\n            <\/div>\n        <\/div><div class=\"eael-entry-wrapper\"><header class=\"eael-entry-header\"><h2 class=\"eael-entry-title\"><a class=\"eael-grid-post-link\" href=\"https:\/\/soymigrante.com\/revista\/parroquias-estados-unidos-festejan-dia-del-cristo-de-esquipulas\/\" title=\"\u00bfEn qu\u00e9 iglesias de USA se venera al Cristo de Esquipulas? Listado y ubicaci\u00f3n\">\u00bfEn qu\u00e9 iglesias de USA se venera al Cristo de Esquipulas? Listado y ubicaci\u00f3n<\/a><\/h2><\/header><div class=\"eael-entry-content\">\n                        <div class=\"eael-grid-post-excerpt\"><a href=\"https:\/\/soymigrante.com\/revista\/parroquias-estados-unidos-festejan-dia-del-cristo-de-esquipulas\/\" class=\"eael-post-elements-readmore-btn\">ENT\u00c9RATE DONDE<\/a><\/div>\n                    <\/div><\/div><\/div>\n        <\/div>\n    <\/article><\/div>\n            <div class=\"clearfix\"><\/div>\n        <\/div>\t\t\t\t<\/div>\n\t\t\t\t\t<\/div>\n\t\t\t\t<\/div>\n\t\t\t\t<\/div>\n\t\t","protected":false},"excerpt":{"rendered":"<p>En 2002 un grupo de devotos migrantes se propone llevar desde Guatemala una r\u00e9plica del Cristo de Esquipulas a la parroquia Santa Cecilia. Autoridades no permitieron su ingreso a EE.UU. y tuvieron que cruzarlo a escondidas. Por eso le dicen Cristo Mojado. Se le venera en Los Angeles desde 2003. Los preparativos para celebrar el [&hellip;]<\/p>\n","protected":false},"author":7,"featured_media":19228,"comment_status":"open","ping_status":"open","sticky":false,"template":"","format":"standard","meta":{"_acf_changed":false,"_eb_attr":"","footnotes":""},"categories":[54],"tags":[],"class_list":["post-19227","post","type-post","status-publish","format-standard","has-post-thumbnail","hentry","category-estamos-unidos"],"acf":[],"aioseo_notices":[],"aioseo_head":"\n\t\t<!-- All in One SEO Pro 4.9.6.2 - aioseo.com -->\n\t<meta name=\"description\" content=\"R\u00e9plicas del Santo Cristo de Esquipulas se veneran en varias iglesias y parroquias de Estados Unidos. Algunas son muy antiguas. Esta es su ubicaci\u00f3n.\" \/>\n\t<meta name=\"robots\" content=\"max-snippet:-1, max-image-preview:large, max-video-preview:-1\" \/>\n\t<meta name=\"author\" content=\"Gustavo Montenegro\"\/>\n\t<link rel=\"canonical\" href=\"https:\/\/soymigrante.com\/revista\/parroquias-estados-unidos-festejan-dia-del-cristo-de-esquipulas\/\" \/>\n\t<meta name=\"generator\" content=\"All in One SEO Pro (AIOSEO) 4.9.6.2\" \/>\n\n\t\t<link rel=\"preconnect\" href=\"https:\/\/fonts.googleapis.com\" crossorigin>\n<link rel=\"preconnect\" href=\"https:\/\/fonts.gstatic.com\" crossorigin>\n\t\t<meta property=\"og:locale\" content=\"es_ES\" \/>\n\t\t<meta property=\"og:site_name\" content=\"SoyMigrante.com REVISTA \u2013 Nuestra misi\u00f3n es reconocer y dignificar al migrante.\" \/>\n\t\t<meta property=\"og:type\" content=\"article\" \/>\n\t\t<meta property=\"og:title\" content=\"Cristo de Esquipulas en USA: \u00bfEn qu\u00e9 templos se encuentra?\" \/>\n\t\t<meta property=\"og:description\" content=\"R\u00e9plicas del Santo Cristo de Esquipulas se veneran en varias iglesias y parroquias de Estados Unidos. Algunas son muy antiguas. Esta es su ubicaci\u00f3n.\" \/>\n\t\t<meta property=\"og:url\" content=\"https:\/\/soymigrante.com\/revista\/parroquias-estados-unidos-festejan-dia-del-cristo-de-esquipulas\/\" \/>\n\t\t<meta property=\"og:image\" content=\"https:\/\/soymigrante.com\/revista\/wp-content\/uploads\/2025\/01\/santo-cristo-esquipulas-en-hawthorne-California.webp\" \/>\n\t\t<meta property=\"og:image:secure_url\" content=\"https:\/\/soymigrante.com\/revista\/wp-content\/uploads\/2025\/01\/santo-cristo-esquipulas-en-hawthorne-California.webp\" \/>\n\t\t<meta property=\"og:image:width\" content=\"720\" \/>\n\t\t<meta property=\"og:image:height\" content=\"720\" \/>\n\t\t<meta property=\"article:published_time\" content=\"2025-01-11T17:42:22+00:00\" \/>\n\t\t<meta property=\"article:modified_time\" content=\"2025-01-27T00:52:36+00:00\" \/>\n\t\t<meta property=\"article:publisher\" content=\"https:\/\/www.facebook.com\/soymigrantecom\" \/>\n\t\t<meta name=\"twitter:card\" content=\"summary_large_image\" \/>\n\t\t<meta name=\"twitter:site\" content=\"@SoyMigrante_com\" \/>\n\t\t<meta name=\"twitter:title\" content=\"Cristo de Esquipulas en USA: \u00bfEn qu\u00e9 templos se encuentra?\" \/>\n\t\t<meta name=\"twitter:description\" content=\"R\u00e9plicas del Santo Cristo de Esquipulas se veneran en varias iglesias y parroquias de Estados Unidos. Algunas son muy antiguas. Esta es su ubicaci\u00f3n.\" \/>\n\t\t<meta name=\"twitter:creator\" content=\"@SoyMigrante_com\" \/>\n\t\t<meta name=\"twitter:image\" content=\"https:\/\/soymigrante.com\/revista\/wp-content\/uploads\/2025\/01\/santo-cristo-esquipulas-en-hawthorne-California.webp\" \/>\n\t\t<!-- All in One SEO Pro -->\r\n\t\t<title>Cristo de Esquipulas en USA: \u00bfEn qu\u00e9 templos se encuentra?<\/title>\n\n","aioseo_head_json":{"title":"Cristo de Esquipulas en USA: \u00bfEn qu\u00e9 templos se encuentra?","description":"R\u00e9plicas del Santo Cristo de Esquipulas se veneran en varias iglesias y parroquias de Estados Unidos. Algunas son muy antiguas. Esta es su ubicaci\u00f3n.","canonical_url":"https:\/\/soymigrante.com\/revista\/parroquias-estados-unidos-festejan-dia-del-cristo-de-esquipulas\/","robots":"max-snippet:-1, max-image-preview:large, max-video-preview:-1","keywords":"","webmasterTools":{"miscellaneous":"&lt;link rel=\"preconnect\" href=\"https:\/\/fonts.googleapis.com\" crossorigin&gt;\n&lt;link rel=\"preconnect\" href=\"https:\/\/fonts.gstatic.com\" crossorigin&gt;"},"schema":null,"og:locale":"es_ES","og:site_name":"SoyMigrante.com REVISTA \u2013 Nuestra misi\u00f3n es reconocer y dignificar al migrante.","og:type":"article","og:title":"Cristo de Esquipulas en USA: \u00bfEn qu\u00e9 templos se encuentra?","og:description":"R\u00e9plicas del Santo Cristo de Esquipulas se veneran en varias iglesias y parroquias de Estados Unidos. Algunas son muy antiguas. Esta es su ubicaci\u00f3n.","og:url":"https:\/\/soymigrante.com\/revista\/parroquias-estados-unidos-festejan-dia-del-cristo-de-esquipulas\/","og:image":"https:\/\/soymigrante.com\/revista\/wp-content\/uploads\/2025\/01\/santo-cristo-esquipulas-en-hawthorne-California.webp","og:image:secure_url":"https:\/\/soymigrante.com\/revista\/wp-content\/uploads\/2025\/01\/santo-cristo-esquipulas-en-hawthorne-California.webp","og:image:width":720,"og:image:height":720,"article:published_time":"2025-01-11T17:42:22+00:00","article:modified_time":"2025-01-27T00:52:36+00:00","article:publisher":"https:\/\/www.facebook.com\/soymigrantecom","twitter:card":"summary_large_image","twitter:site":"@SoyMigrante_com","twitter:title":"Cristo de Esquipulas en USA: \u00bfEn qu\u00e9 templos se encuentra?","twitter:description":"R\u00e9plicas del Santo Cristo de Esquipulas se veneran en varias iglesias y parroquias de Estados Unidos. Algunas son muy antiguas. Esta es su ubicaci\u00f3n.","twitter:creator":"@SoyMigrante_com","twitter:image":"https:\/\/soymigrante.com\/revista\/wp-content\/uploads\/2025\/01\/santo-cristo-esquipulas-en-hawthorne-California.webp"},"aioseo_meta_data":{"post_id":"19227","title":"Migrantes veneran al Cristo Mojado de Esquipulas en Los Angeles","description":"R\u00e9plica del Cristo de Esquipulas cruz\u00f3 la frontera de EE.UU. indocumentado. MIgrantes de Guatemala y otros pa\u00edses van a venerarlo a la iglesia Santa Cecilia L.A.","keywords":null,"keyphrases":{"focus":{"keyphrase":"Cristo Mojado","score":82,"analysis":{"keyphraseInTitle":{"score":9,"maxScore":9,"error":0},"keyphraseInDescription":{"score":3,"maxScore":9,"error":1},"keyphraseLength":{"score":9,"maxScore":9,"error":0,"length":2},"keyphraseInURL":{"score":5,"maxScore":5,"error":0},"keyphraseInIntroduction":{"score":9,"maxScore":9,"error":0},"keyphraseInSubHeadings":{"score":3,"maxScore":9,"error":1},"keyphraseInImageAlt":{"score":9,"maxScore":9,"error":0},"keywordDensity":{"type":"best","score":9,"maxScore":9,"error":0}}},"additional":[{"keyphrase":"Cristo de Esquipulas","score":67,"analysis":{"keyphraseInDescription":{"score":9,"maxScore":9,"error":0},"keyphraseLength":{"score":9,"maxScore":9,"error":0,"length":3},"keyphraseInIntroduction":{"score":3,"maxScore":9,"error":1},"keyphraseInImageAlt":{"score":9,"maxScore":9,"error":0},"keywordDensity":{"score":0,"type":"low","maxScore":9,"error":1}}},{"keyphrase":"Cristo","score":100,"analysis":{"keyphraseInDescription":{"score":9,"maxScore":9,"error":0},"keyphraseLength":{"score":9,"maxScore":9,"error":0,"length":1},"keyphraseInIntroduction":{"score":9,"maxScore":9,"error":0},"keyphraseInImageAlt":{"score":9,"maxScore":9,"error":0},"keywordDensity":{"type":"best","score":9,"maxScore":9,"error":0}}},{"keyphrase":"Los Angeles","score":73,"analysis":{"keyphraseInDescription":{"score":3,"maxScore":9,"error":1},"keyphraseLength":{"score":9,"maxScore":9,"error":0,"length":2},"keyphraseInIntroduction":{"score":3,"maxScore":9,"error":1},"keyphraseInImageAlt":{"score":9,"maxScore":9,"error":0},"keywordDensity":{"type":"best","score":9,"maxScore":9,"error":0}}}]},"primary_term":null,"canonical_url":null,"og_title":null,"og_description":null,"og_object_type":"default","og_image_type":"default","og_image_url":null,"og_image_width":null,"og_image_height":null,"og_image_custom_url":null,"og_image_custom_fields":null,"og_video":"","og_custom_url":null,"og_article_section":null,"og_article_tags":null,"twitter_use_og":false,"twitter_card":"default","twitter_image_type":"default","twitter_image_url":null,"twitter_image_custom_url":null,"twitter_image_custom_fields":null,"twitter_title":null,"twitter_description":null,"schema":{"blockGraphs":[],"customGraphs":[],"default":{"data":{"Article":[],"Course":[],"Dataset":[],"FAQPage":[],"Movie":[],"Person":[],"Product":[],"ProductReview":[],"Car":[],"Recipe":[],"Service":[],"SoftwareApplication":[],"WebPage":[]},"graphName":"BlogPosting","isEnabled":true},"graphs":[]},"schema_type":"default","schema_type_options":null,"pillar_content":false,"robots_default":true,"robots_noindex":false,"robots_noarchive":false,"robots_nosnippet":false,"robots_nofollow":false,"robots_noimageindex":false,"robots_noodp":false,"robots_notranslate":false,"robots_max_snippet":"-1","robots_max_videopreview":"-1","robots_max_imagepreview":"large","priority":null,"frequency":"default","local_seo":null,"seo_analyzer_scan_date":"2026-01-05 20:49:09","breadcrumb_settings":null,"limit_modified_date":false,"reviewed_by":null,"open_ai":"{\"title\":{\"suggestions\":[],\"usage\":0},\"description\":{\"suggestions\":[],\"usage\":0}}","ai":null,"created":"2025-01-05 03:57:53","updated":"2026-02-04 18:47:14"},"aioseo_breadcrumb":"<div class=\"aioseo-breadcrumbs\"><span class=\"aioseo-breadcrumb\">\n\t<a href=\"https:\/\/soymigrante.com\/revista\" title=\"Home\">Home<\/a>\n<\/span><span class=\"aioseo-breadcrumb-separator\">\u00bb<\/span><span class=\"aioseo-breadcrumb\">\n\t<a href=\"https:\/\/soymigrante.com\/revista\/category\/estamos-unidos\/\" title=\"Estamos Unidos\">Estamos Unidos<\/a>\n<\/span><span class=\"aioseo-breadcrumb-separator\">\u00bb<\/span><span class=\"aioseo-breadcrumb\">\n\tCristo Mojado de Esquipulas es venerado en Los Angeles y cruz\u00f3 la frontera en 2003\n<\/span><\/div>","aioseo_breadcrumb_json":[{"label":"Home","link":"https:\/\/soymigrante.com\/revista"},{"label":"Estamos Unidos","link":"https:\/\/soymigrante.com\/revista\/category\/estamos-unidos\/"},{"label":"Cristo Mojado de Esquipulas es venerado en Los Angeles y cruz\u00f3 la frontera en 2003","link":"https:\/\/soymigrante.com\/revista\/cristo-mojado-de-esquipulas-los-angeles\/"}],"_links":{"self":[{"href":"https:\/\/soymigrante.com\/revista\/wp-json\/wp\/v2\/posts\/19227","targetHints":{"allow":["GET"]}}],"collection":[{"href":"https:\/\/soymigrante.com\/revista\/wp-json\/wp\/v2\/posts"}],"about":[{"href":"https:\/\/soymigrante.com\/revista\/wp-json\/wp\/v2\/types\/post"}],"author":[{"embeddable":true,"href":"https:\/\/soymigrante.com\/revista\/wp-json\/wp\/v2\/users\/7"}],"replies":[{"embeddable":true,"href":"https:\/\/soymigrante.com\/revista\/wp-json\/wp\/v2\/comments?post=19227"}],"version-history":[{"count":3,"href":"https:\/\/soymigrante.com\/revista\/wp-json\/wp\/v2\/posts\/19227\/revisions"}],"predecessor-version":[{"id":50607,"href":"https:\/\/soymigrante.com\/revista\/wp-json\/wp\/v2\/posts\/19227\/revisions\/50607"}],"wp:featuredmedia":[{"embeddable":true,"href":"https:\/\/soymigrante.com\/revista\/wp-json\/wp\/v2\/media\/19228"}],"wp:attachment":[{"href":"https:\/\/soymigrante.com\/revista\/wp-json\/wp\/v2\/media?parent=19227"}],"wp:term":[{"taxonomy":"category","embeddable":true,"href":"https:\/\/soymigrante.com\/revista\/wp-json\/wp\/v2\/categories?post=19227"},{"taxonomy":"post_tag","embeddable":true,"href":"https:\/\/soymigrante.com\/revista\/wp-json\/wp\/v2\/tags?post=19227"}],"curies":[{"name":"wp","href":"https:\/\/api.w.org\/{rel}","templated":true}]}}