{"id":19139,"date":"2025-01-03T07:22:57","date_gmt":"2025-01-03T13:22:57","guid":{"rendered":"https:\/\/soymigrante.com\/revista\/?p=19139"},"modified":"2025-01-08T08:51:55","modified_gmt":"2025-01-08T14:51:55","slug":"jovenes-lean-y-participen-el-consejo-de-kaylee-lopez-baran-estudiante-destacada-en-ee-uu-de-familia-guatemalteca","status":"publish","type":"post","link":"https:\/\/soymigrante.com\/revista\/jovenes-lean-y-participen-el-consejo-de-kaylee-lopez-baran-estudiante-destacada-en-ee-uu-de-familia-guatemalteca\/","title":{"rendered":"&#8220;J\u00f3venes: lean y participen&#8221;, el consejo de Kaylee L\u00f3pez Bar\u00e1n, estudiante destacada en EE.UU. de familia guatemalteca"},"content":{"rendered":"\t\t<div data-elementor-type=\"wp-post\" data-elementor-id=\"19139\" class=\"elementor elementor-19139\" data-elementor-post-type=\"post\">\n\t\t\t\t<div data-particle_enable=\"false\" data-particle-mobile-disabled=\"false\" class=\"elementor-element elementor-element-4ca3255 e-flex e-con-boxed e-con e-parent\" data-id=\"4ca3255\" data-element_type=\"container\" data-e-type=\"container\">\n\t\t\t\t\t<div class=\"e-con-inner\">\n\t\t\t\t<div class=\"elementor-element elementor-element-a453062 elementor-widget elementor-widget-heading\" data-id=\"a453062\" data-element_type=\"widget\" data-e-type=\"widget\" data-widget_type=\"heading.default\">\n\t\t\t\t\t<h2 class=\"elementor-heading-title elementor-size-default\"><span style=\"font-size: 31.2px\">Kaylee L\u00f3pez Bar\u00e1n finalizar\u00e1 la High School en este 2025, pero ya tiene  ofertas de varias universidades para estudiar Zootecnia y Veterinaria. Creci\u00f3 en una familia migrante guatemalteca, sabe que no hay logro sin esfuerzo y por eso comparte estas l\u00facidas claves de vida a sus 17 a\u00f1os.  <\/span><\/h2>\t\t\t\t<\/div>\n\t\t\t\t\t<\/div>\n\t\t\t\t<\/div>\n\t\t<div data-particle_enable=\"false\" data-particle-mobile-disabled=\"false\" class=\"elementor-element elementor-element-dc9d065 e-flex e-con-boxed e-con e-parent\" data-id=\"dc9d065\" data-element_type=\"container\" data-e-type=\"container\">\n\t\t\t\t\t<div class=\"e-con-inner\">\n\t\t\t\t<div class=\"elementor-element elementor-element-a3b9ef2 elementor-widget elementor-widget-text-editor\" data-id=\"a3b9ef2\" data-element_type=\"widget\" data-e-type=\"widget\" data-widget_type=\"text-editor.default\">\n\t\t\t\t\t\t\t\t\t<p><b>Por Kaylee L\u00f3pez Bar\u00e1n, Virginia, EE.UU.<\/b><\/p>\t\t\t\t\t\t\t\t<\/div>\n\t\t\t\t\t<\/div>\n\t\t\t\t<\/div>\n\t\t<div data-particle_enable=\"false\" data-particle-mobile-disabled=\"false\" class=\"elementor-element elementor-element-eac3314 e-flex e-con-boxed e-con e-parent\" data-id=\"eac3314\" data-element_type=\"container\" data-e-type=\"container\">\n\t\t\t\t\t<div class=\"e-con-inner\">\n\t\t\t\t<div class=\"elementor-element elementor-element-d44435a elementor-widget elementor-widget-text-editor\" data-id=\"d44435a\" data-element_type=\"widget\" data-e-type=\"widget\" data-widget_type=\"text-editor.default\">\n\t\t\t\t\t\t\t\t\t<p>Voy a ser m\u00e9dico veterinaria zootecnista.\u00a0 Si Dios lo permite tambi\u00e9n quiero crear una tienda de comida org\u00e1nica para animales, como home made food. S\u00e9 que mi familia me apoyar\u00e1 en esto.\u00a0 Tambi\u00e9n me interesa estudiar biolog\u00eda marina. Eso es parte de mis sue\u00f1os. Y s\u00e9 que los voy a lograr. \u00bfPor qu\u00e9?<\/p><p>Me gusta leer y una vez encontr\u00e9 una frase que dice: que divida sus objetivos en tareas peque\u00f1as. Y as\u00ed lo hago.\u00a0<\/p><p>Divido mis objetivos en otros m\u00e1s peque\u00f1os y los pongo por prioridad. Voy\u00a0 ejecutando uno a uno. Y no paso a otro si no he terminado lo que comenc\u00e9.\u00a0 Tengo 17 a\u00f1os a\u00fan no s\u00e9 como describir todas mis metas dentro de los a\u00f1os, pero s\u00ed s\u00e9 que voy aprendiendo en el camino y lo que s\u00ed estoy segura es que voy a aprovechar la oportunidades que pueda obtener.\u00a0\u00a0<\/p>\t\t\t\t\t\t\t\t<\/div>\n\t\t\t\t\t<\/div>\n\t\t\t\t<\/div>\n\t\t<div data-particle_enable=\"false\" data-particle-mobile-disabled=\"false\" class=\"elementor-element elementor-element-6e3a095 e-flex e-con-boxed e-con e-parent\" data-id=\"6e3a095\" data-element_type=\"container\" data-e-type=\"container\">\n\t\t\t\t\t<div class=\"e-con-inner\">\n\t\t\t\t<div class=\"elementor-element elementor-element-36a0c45 elementor-widget elementor-widget-image\" data-id=\"36a0c45\" data-element_type=\"widget\" data-e-type=\"widget\" data-widget_type=\"image.default\">\n\t\t\t\t\t\t\t\t\t\t\t\t<figure class=\"wp-caption\">\n\t\t\t\t\t\t\t\t\t\t<img fetchpriority=\"high\" decoding=\"async\" width=\"183\" height=\"300\" src=\"https:\/\/soymigrante.com\/revista\/wp-content\/uploads\/2025\/01\/kaylee-lopez-baran-2-183x300.jpg\" class=\"attachment-medium size-medium wp-image-19144\" alt=\"Kaylee Lopez Baran, Miss Guatefest 2023-2024, luciendo traje tradicional y corona en un evento cultural, destacando la belleza y cultura de Guatemala.\" srcset=\"https:\/\/soymigrante.com\/revista\/wp-content\/uploads\/2025\/01\/kaylee-lopez-baran-2-183x300.jpg 183w, https:\/\/soymigrante.com\/revista\/wp-content\/uploads\/2025\/01\/kaylee-lopez-baran-2-626x1024.jpg 626w, https:\/\/soymigrante.com\/revista\/wp-content\/uploads\/2025\/01\/kaylee-lopez-baran-2-768x1257.jpg 768w, https:\/\/soymigrante.com\/revista\/wp-content\/uploads\/2025\/01\/kaylee-lopez-baran-2-750x1228.webp 750w, https:\/\/soymigrante.com\/revista\/wp-content\/uploads\/2025\/01\/kaylee-lopez-baran-2.webp 862w\" sizes=\"(max-width: 183px) 100vw, 183px\" title=\"Con mucho orgullo por la identidad maya guatemalteca, Kaylee L\u00f3pez Bar\u00e1n fue Miss GuateFest 2023-2024, cargo desde el cual impuls\u00f3 el aprecio por la identidad multicultural. \u2013 SoyMigrante.com REVISTA\" \/>\t\t\t\t\t\t\t\t\t\t\t<figcaption class=\"widget-image-caption wp-caption-text\">Reina de Guatefest 2023-2024, Kaylee Lopez Baran, en su traje t\u00edpico con corona, representando la cultura guatemalteca en un concurso de belleza y cultura.<\/figcaption>\n\t\t\t\t\t\t\t\t\t\t<\/figure>\n\t\t\t\t\t\t\t\t\t<\/div>\n\t\t\t\t\t<\/div>\n\t\t\t\t<\/div>\n\t\t<div data-particle_enable=\"false\" data-particle-mobile-disabled=\"false\" class=\"elementor-element elementor-element-8598954 e-flex e-con-boxed e-con e-parent\" data-id=\"8598954\" data-element_type=\"container\" data-e-type=\"container\">\n\t\t\t\t\t<div class=\"e-con-inner\">\n\t\t\t\t<div class=\"elementor-element elementor-element-2ecf529 elementor-widget elementor-widget-heading\" data-id=\"2ecf529\" data-element_type=\"widget\" data-e-type=\"widget\" data-widget_type=\"heading.default\">\n\t\t\t\t\t<h2 class=\"elementor-heading-title elementor-size-default\">Siempre se presentar\u00e1 algo...<\/h2>\t\t\t\t<\/div>\n\t\t\t\t\t<\/div>\n\t\t\t\t<\/div>\n\t\t<div data-particle_enable=\"false\" data-particle-mobile-disabled=\"false\" class=\"elementor-element elementor-element-c701b97 e-flex e-con-boxed e-con e-parent\" data-id=\"c701b97\" data-element_type=\"container\" data-e-type=\"container\">\n\t\t\t\t\t<div class=\"e-con-inner\">\n\t\t\t\t<div class=\"elementor-element elementor-element-b59d853 elementor-widget elementor-widget-text-editor\" data-id=\"b59d853\" data-element_type=\"widget\" data-e-type=\"widget\" data-widget_type=\"text-editor.default\">\n\t\t\t\t\t\t\t\t\t<p><span style=\"color: var( --e-global-color-text ); text-align: var(--text-align);\">He sido perseverante, persistente en mis estudios. No es f\u00e1cil, pero s\u00ed posible. Tengo la suerte de contar con una familia que me apoya en todo y me anima a ver los problemas c\u00f3mo algo que siempre va a presentarse, pero que yo tengo que seguir y enfrentarlos para mi propio bien. Debo solucionarlos de la mejor manera y que no lo vea c\u00f3mo un obst\u00e1culo sino como una lecci\u00f3n de vida.<\/span><\/p><p>Los maestros y mentores de escuela siempre te dan consejos. Hay que saber aceptarlos y <a href=\"https:\/\/soymigrante.com\/revista\/consejos-para-tener-a-tus-hijos-lejos-de-malas-juntas\/\">aprender<\/a>. Solo leyendo y <a href=\"https:\/\/soymigrante.com\/revista\/aun-no-sabes-que-regalar-siete-libros-guatemaltecos-repletos-de-inspiracion\/\">leyendo<\/a> te das cuenta de que las materias que crees que son dif\u00edciles se convierten en algo divertido y solucionable.\u00a0 \u00a0<\/p><p>Mi madre, Letty Bar\u00e1n, siempre nos dice: &#8220;El que lee mucho y lee todo lo que encuentre escrito sabr\u00e1 solucionar o entender cualquier duda y cualquier examen o preguntas que le hagan&#8221;. Quiz\u00e1 alguna vez no responder\u00e1s correctamente, pero s\u00ed sabr\u00e1s de lo que te est\u00e1n hablando y luego mejorar\u00e1s.\u00a0<\/p>\t\t\t\t\t\t\t\t<\/div>\n\t\t\t\t\t<\/div>\n\t\t\t\t<\/div>\n\t\t<div data-particle_enable=\"false\" data-particle-mobile-disabled=\"false\" class=\"elementor-element elementor-element-2ee9c26 e-flex e-con-boxed e-con e-parent\" data-id=\"2ee9c26\" data-element_type=\"container\" data-e-type=\"container\">\n\t\t\t\t\t<div class=\"e-con-inner\">\n\t\t\t\t<div class=\"elementor-element elementor-element-a142b25 elementor-widget elementor-widget-image\" data-id=\"a142b25\" data-element_type=\"widget\" data-e-type=\"widget\" data-widget_type=\"image.default\">\n\t\t\t\t\t\t\t\t\t\t\t\t<figure class=\"wp-caption\">\n\t\t\t\t\t\t\t\t\t\t<img decoding=\"async\" width=\"768\" height=\"432\" src=\"https:\/\/soymigrante.com\/revista\/wp-content\/uploads\/2025\/01\/baran-1024x576.jpg\" class=\"attachment-large size-large wp-image-19147\" alt=\"Vestido tradicional y accesorios culturales en evento de migrantes mexicanos en EE. UU. Celebraci\u00f3n de ra\u00edces y cultura ind\u00edgena en comunidad migrante.\" srcset=\"https:\/\/soymigrante.com\/revista\/wp-content\/uploads\/2025\/01\/baran-1024x576.jpg 1024w, https:\/\/soymigrante.com\/revista\/wp-content\/uploads\/2025\/01\/baran-300x169.jpg 300w, https:\/\/soymigrante.com\/revista\/wp-content\/uploads\/2025\/01\/baran-768x432.jpg 768w, https:\/\/soymigrante.com\/revista\/wp-content\/uploads\/2025\/01\/baran-1536x864.jpg 1536w, https:\/\/soymigrante.com\/revista\/wp-content\/uploads\/2025\/01\/baran-750x422.webp 750w, https:\/\/soymigrante.com\/revista\/wp-content\/uploads\/2025\/01\/baran-1140x641.webp 1140w, https:\/\/soymigrante.com\/revista\/wp-content\/uploads\/2025\/01\/baran.webp 1920w\" sizes=\"(max-width: 768px) 100vw, 768px\" title=\"El amor por las ra\u00edces multiculturales y la dignidad guatemalteca ha sido inculcado en Kaylee y su hermana Stephy, por su mam\u00e1, la l\u00edder migrante Letty Bar\u00e1n \u2013 SoyMigrante.com REVISTA\" \/>\t\t\t\t\t\t\t\t\t\t\t<figcaption class=\"widget-image-caption wp-caption-text\">Mujeres guatemaltecas con trajes t\u00edpicos, joyas y tocados en evento cultural en un espacio interior.<\/figcaption>\n\t\t\t\t\t\t\t\t\t\t<\/figure>\n\t\t\t\t\t\t\t\t\t<\/div>\n\t\t\t\t\t<\/div>\n\t\t\t\t<\/div>\n\t\t<div data-particle_enable=\"false\" data-particle-mobile-disabled=\"false\" class=\"elementor-element elementor-element-21783da e-flex e-con-boxed e-con e-parent\" data-id=\"21783da\" data-element_type=\"container\" data-e-type=\"container\">\n\t\t\t\t\t<div class=\"e-con-inner\">\n\t\t\t\t<div class=\"elementor-element elementor-element-60d5493 elementor-widget elementor-widget-heading\" data-id=\"60d5493\" data-element_type=\"widget\" data-e-type=\"widget\" data-widget_type=\"heading.default\">\n\t\t\t\t\t<h2 class=\"elementor-heading-title elementor-size-default\">Estudiar, preguntar, leer, participar...<\/h2>\t\t\t\t<\/div>\n\t\t\t\t\t<\/div>\n\t\t\t\t<\/div>\n\t\t<div data-particle_enable=\"false\" data-particle-mobile-disabled=\"false\" class=\"elementor-element elementor-element-b67c6e2 e-flex e-con-boxed e-con e-parent\" data-id=\"b67c6e2\" data-element_type=\"container\" data-e-type=\"container\">\n\t\t\t\t\t<div class=\"e-con-inner\">\n\t\t\t\t<div class=\"elementor-element elementor-element-69a68fa elementor-widget elementor-widget-text-editor\" data-id=\"69a68fa\" data-element_type=\"widget\" data-e-type=\"widget\" data-widget_type=\"text-editor.default\">\n\t\t\t\t\t\t\t\t\t<p>Lo he comprobado. A mi hermana y a m\u00ed nos funciona muy bien. Nunca estudiamos antes de los ex\u00e1menes que nos hacen: porque\u00a0 estudiamos todos los d\u00edas. Tambi\u00e9n funciona mucho escribir un resumen de lo que lees. Es muy bueno porque se te queda de una vez. Yo lo hago y me funciona.\u00a0<\/p><p><span style=\"color: var( --e-global-color-text ); text-align: var(--text-align);\">Recib\u00ed una menci\u00f3n de excelencia en mi <a href=\"https:\/\/soymigrante.com\/revista\/regreso-a-clases-en-estados-unidos-consejos-para-estudiantes\/\">escuela<\/a> y fui la \u00fanica hispana en recibirla. Deber\u00eda haber m\u00e1s estudiantes hispanos distinguidos porque hay potencial y hay inteligencia. Me siento muy feliz por ello, porque vale la pena mi esfuerzo.\u00a0 \u00a0Este a\u00f1o he recibido dos reconocimientos de excelencia, que abren puertas. Y por eso me preocupa que no haya m\u00e1s hispanos participando y aprovechando estas oportunidades.<\/span><\/p><p>Mi consejo para que j\u00f3venes hispanos logren avanzar es simple: Que estudien mucho que lean bastante, que participen en cualquier actividad escolar ya que en este pa\u00eds nuestros padres luchan para darnos lo que ellos no pudieron tener en su pa\u00eds de origen y por ello merecen recibir lo mejor de nosotros como hijos.<\/p><p>Prepar\u00e9monos en lo que nos guste y as\u00ed el d\u00eda que terminemos la <a href=\"https:\/\/soymigrante.com\/revista\/grandes-metas-prepararse-para-la-universidad-en-usa\/\">universidad<\/a> trabajaremos en lo que nos apasiona, porque eso es el \u00e9xito.<\/p>\t\t\t\t\t\t\t\t<\/div>\n\t\t\t\t\t<\/div>\n\t\t\t\t<\/div>\n\t\t<div data-particle_enable=\"false\" data-particle-mobile-disabled=\"false\" class=\"elementor-element elementor-element-d5273b9 e-flex e-con-boxed e-con e-parent\" data-id=\"d5273b9\" data-element_type=\"container\" data-e-type=\"container\">\n\t\t\t\t\t<div class=\"e-con-inner\">\n\t\t\t\t<div class=\"elementor-element elementor-element-9dde54d elementor-widget elementor-widget-image\" data-id=\"9dde54d\" data-element_type=\"widget\" data-e-type=\"widget\" data-widget_type=\"image.default\">\n\t\t\t\t\t\t\t\t\t\t\t\t<figure class=\"wp-caption\">\n\t\t\t\t\t\t\t\t\t\t<img decoding=\"async\" width=\"768\" height=\"546\" src=\"https:\/\/soymigrante.com\/revista\/wp-content\/uploads\/2025\/01\/kaylee-1024x728.jpg\" class=\"attachment-large size-large wp-image-19148\" alt=\"Estudiantes y profesionales en una ceremonia oficial en un sal\u00f3n decorado con detalles cl\u00e1sicos y un fondo de bandera estadounidense, promoviendo la educaci\u00f3n y migraci\u00f3n en M\u00e9xico y Estados Unidos.\" srcset=\"https:\/\/soymigrante.com\/revista\/wp-content\/uploads\/2025\/01\/kaylee-1024x728.jpg 1024w, https:\/\/soymigrante.com\/revista\/wp-content\/uploads\/2025\/01\/kaylee-300x213.jpg 300w, https:\/\/soymigrante.com\/revista\/wp-content\/uploads\/2025\/01\/kaylee-768x546.jpg 768w, https:\/\/soymigrante.com\/revista\/wp-content\/uploads\/2025\/01\/kaylee-120x86.webp 120w, https:\/\/soymigrante.com\/revista\/wp-content\/uploads\/2025\/01\/kaylee-350x250.webp 350w, https:\/\/soymigrante.com\/revista\/wp-content\/uploads\/2025\/01\/kaylee-750x533.webp 750w, https:\/\/soymigrante.com\/revista\/wp-content\/uploads\/2025\/01\/kaylee.webp 1085w\" sizes=\"(max-width: 768px) 100vw, 768px\" title=\"Las hermanas Stephy y Kaylee Bar\u00e1n participaron en la gala ofrecida en la Casa Blanca, en diciembre \u00faltimo,  en honor de la di\u00e1spora guatemalteca. Aqu\u00ed posan junto a su hermano y el empresario tecnol\u00f3gico guatemalteco Luis Von Ahn. \u2013 SoyMigrante.com REVISTA\" \/>\t\t\t\t\t\t\t\t\t\t\t<figcaption class=\"widget-image-caption wp-caption-text\">Participantes de la Revista SoyMigrante en evento oficial promoviendo temas de migraci\u00f3n, integraci\u00f3n y derechos en un entorno institucional con estilo cl\u00e1sico y elegante.<\/figcaption>\n\t\t\t\t\t\t\t\t\t\t<\/figure>\n\t\t\t\t\t\t\t\t\t<\/div>\n\t\t\t\t\t<\/div>\n\t\t\t\t<\/div>\n\t\t<div data-particle_enable=\"false\" data-particle-mobile-disabled=\"false\" class=\"elementor-element elementor-element-199c0fb e-flex e-con-boxed e-con e-parent\" data-id=\"199c0fb\" data-element_type=\"container\" data-e-type=\"container\">\n\t\t\t\t\t<div class=\"e-con-inner\">\n\t\t\t\t<div class=\"elementor-element elementor-element-02aaa90 elementor-widget elementor-widget-heading\" data-id=\"02aaa90\" data-element_type=\"widget\" data-e-type=\"widget\" data-widget_type=\"heading.default\">\n\t\t\t\t\t<h2 class=\"elementor-heading-title elementor-size-default\">Para adelante con un gran objetivo<\/h2>\t\t\t\t<\/div>\n\t\t\t\t\t<\/div>\n\t\t\t\t<\/div>\n\t\t<div data-particle_enable=\"false\" data-particle-mobile-disabled=\"false\" class=\"elementor-element elementor-element-7027a9c e-flex e-con-boxed e-con e-parent\" data-id=\"7027a9c\" data-element_type=\"container\" data-e-type=\"container\">\n\t\t\t\t\t<div class=\"e-con-inner\">\n\t\t\t\t<div class=\"elementor-element elementor-element-1890192 elementor-widget elementor-widget-text-editor\" data-id=\"1890192\" data-element_type=\"widget\" data-e-type=\"widget\" data-widget_type=\"text-editor.default\">\n\t\t\t\t\t\t\t\t\t<p style=\"font-style: normal; font-variant-ligatures: normal; font-variant-caps: normal; font-weight: 400; font-size: 16px; font-family: Roboto, sans-serif;\">En este 2025 me graduar\u00e9 de dos lugares:&nbsp; Un programa de preparaci\u00f3n universitaria llamado Early Identification Program, de casi 5 a\u00f1os. Ingrese a los 13 a\u00f1os en la Universidad George Mason, por recomendaci\u00f3n de mis maestros y escuela. Junto a ese curso culminar\u00e9 la High School.&nbsp; Mi hermana menor est\u00e1 en el programa tambi\u00e9n. Este es su segundo a\u00f1o.<\/p>\n<p style=\"font-style: normal; font-variant-ligatures: normal; font-variant-caps: normal; font-weight: 400; font-size: 16px; font-family: Roboto, sans-serif;\">Ya estoy aplicando a <a href=\"https:\/\/soymigrante.com\/revista\/grandes-metas-prepararse-para-la-universidad-en-usa\/\">universidades<\/a> y en algunas me han aceptado, pero debo ver vual es la mejor opci\u00f3n. Estoy en el Honor College de George Mason University, un grupo selecto por alto nivel acad\u00e9mico. Podr\u00eda quedarme otros cuatro a\u00f1os estudiando all\u00ed, pero tendr\u00eda que cambiar de carrera porque all\u00ed no tienen veterinaria, y ese es mi gran sue\u00f1o.<\/p>\t\t\t\t\t\t\t\t<\/div>\n\t\t\t\t\t<\/div>\n\t\t\t\t<\/div>\n\t\t<div data-particle_enable=\"false\" data-particle-mobile-disabled=\"false\" class=\"elementor-element elementor-element-ecb452b e-flex e-con-boxed e-con e-parent\" data-id=\"ecb452b\" data-element_type=\"container\" data-e-type=\"container\">\n\t\t\t\t\t<div class=\"e-con-inner\">\n\t\t\t\t<div class=\"elementor-element elementor-element-2d78a9b elementor-invisible elementor-widget elementor-widget-testimonial\" data-id=\"2d78a9b\" data-element_type=\"widget\" data-e-type=\"widget\" data-settings=\"{&quot;_animation&quot;:&quot;rotateInUpRight&quot;}\" data-widget_type=\"testimonial.default\">\n\t\t\t\t\t\t\t<div class=\"elementor-testimonial-wrapper\">\n\t\t\t\t\t\t\t<div class=\"elementor-testimonial-content\">\"Mi consejo para que j\u00f3venes hispanos logren avanzar es simple: Que estudien mucho que lean bastante, que participen en cualquier actividad escolar ya que en este pa\u00eds nuestros padres luchan para darnos lo que ellos no pudieron tener\"<\/div>\n\t\t\t\n\t\t\t\t\t\t<div class=\"elementor-testimonial-meta elementor-has-image elementor-testimonial-image-position-aside\">\n\t\t\t\t<div class=\"elementor-testimonial-meta-inner\">\n\t\t\t\t\t\t\t\t\t\t\t<div class=\"elementor-testimonial-image\">\n\t\t\t\t\t\t\t<img loading=\"lazy\" decoding=\"async\" width=\"1081\" height=\"1229\" src=\"https:\/\/soymigrante.com\/revista\/wp-content\/uploads\/2025\/01\/kaylee-baran.webp\" class=\"attachment-full size-full wp-image-19146\" alt=\"Joven mujer sonriente con cabello largo y oscuro, retrato en fondo azul, belleza y juventud, expresi\u00f3n amigable, imagen de mujer para art\u00edculos de migraci\u00f3n y cultura en SoyMigrante.com REVISTA.\" title=\"kaylee baran \u2013 SoyMigrante.com REVISTA\" srcset=\"https:\/\/soymigrante.com\/revista\/wp-content\/uploads\/2025\/01\/kaylee-baran.webp 1081w, https:\/\/soymigrante.com\/revista\/wp-content\/uploads\/2025\/01\/kaylee-baran-264x300.jpg 264w, https:\/\/soymigrante.com\/revista\/wp-content\/uploads\/2025\/01\/kaylee-baran-901x1024.jpg 901w, https:\/\/soymigrante.com\/revista\/wp-content\/uploads\/2025\/01\/kaylee-baran-768x873.jpg 768w, https:\/\/soymigrante.com\/revista\/wp-content\/uploads\/2025\/01\/kaylee-baran-750x853.webp 750w\" sizes=\"(max-width: 1081px) 100vw, 1081px\" \/>\t\t\t\t\t\t<\/div>\n\t\t\t\t\t\n\t\t\t\t\t\t\t\t\t\t<div class=\"elementor-testimonial-details\">\n\t\t\t\t\t\t\t\t\t\t\t\t\t\t<div class=\"elementor-testimonial-name\">Kaylee L\u00f3pez Bar\u00e1n<\/div>\n\t\t\t\t\t\t\t\t\t\t\t\t\t\t\t\t\t\t\t\t\t\t<div class=\"elementor-testimonial-job\">Estudiante destacada \nen Virginia, EE.UU., \nhija de migrantes\nguatemaltecos<\/div>\n\t\t\t\t\t\t\t\t\t\t\t\t\t<\/div>\n\t\t\t\t\t\t\t\t\t<\/div>\n\t\t\t<\/div>\n\t\t\t\t\t<\/div>\n\t\t\t\t\t\t<\/div>\n\t\t\t\t\t<\/div>\n\t\t\t\t<\/div>\n\t\t<div data-particle_enable=\"false\" data-particle-mobile-disabled=\"false\" class=\"elementor-element elementor-element-1750069 e-flex e-con-boxed e-con e-parent\" data-id=\"1750069\" data-element_type=\"container\" data-e-type=\"container\">\n\t\t\t\t\t<div class=\"e-con-inner\">\n\t\t\t\t<div class=\"elementor-element elementor-element-ade485c elementor-widget elementor-widget-heading\" data-id=\"ade485c\" data-element_type=\"widget\" data-e-type=\"widget\" data-widget_type=\"heading.default\">\n\t\t\t\t\t<h2 class=\"elementor-heading-title elementor-size-default\">Testimonios inspiradores de guatemaltecas<\/h2>\t\t\t\t<\/div>\n\t\t\t\t\t<\/div>\n\t\t\t\t<\/div>\n\t\t<div data-particle_enable=\"false\" data-particle-mobile-disabled=\"false\" class=\"elementor-element elementor-element-1419b75 e-flex e-con-boxed e-con e-parent\" data-id=\"1419b75\" data-element_type=\"container\" data-e-type=\"container\">\n\t\t\t\t\t<div class=\"e-con-inner\">\n\t\t\t\t<div class=\"elementor-element elementor-element-41bc608 elementor-grid-eael-col-3 elementor-grid-tablet-eael-col-2 elementor-grid-mobile-eael-col-1 elementor-widget elementor-widget-eael-post-grid\" data-id=\"41bc608\" data-element_type=\"widget\" data-e-type=\"widget\" data-settings=\"{&quot;eael_post_grid_columns&quot;:&quot;eael-col-3&quot;,&quot;eael_post_grid_columns_tablet&quot;:&quot;eael-col-2&quot;,&quot;eael_post_grid_columns_mobile&quot;:&quot;eael-col-1&quot;}\" data-widget_type=\"eael-post-grid.default\">\n\t\t\t\t\t<div id=\"eael-post-grid-41bc608\" class=\"eael-post-grid-container\">\n            <div class=\"eael-post-grid eael-post-appender eael-post-appender-41bc608 eael-post-grid-style-one\" data-layout-mode=\"masonry\"><article class=\"eael-grid-post  eael-post-grid-column eael-pg-post-16900 category-exitos\" data-id=\"16900\">\n        <div class=\"eael-grid-post-holder\">\n            <div class=\"eael-grid-post-holder-inner\"><div class=\"eael-entry-media\"><div class=\"eael-entry-overlay fade-in\"><i class=\"far fa-hand-pointer\" aria-hidden=\"true\"><\/i><a href=\"https:\/\/soymigrante.com\/revista\/karolin-espana-dirige-kika-proyecto-de-ayuda-alimentaria-impulsado-por-sus-hijas\/\"><\/a><\/div><div class=\"eael-entry-thumbnail \">\n                <img loading=\"lazy\" decoding=\"async\" width=\"861\" height=\"861\" src=\"https:\/\/soymigrante.com\/revista\/wp-content\/uploads\/2024\/12\/historia-karolin-espana-KIKA.webp\" class=\"attachment-large size-large wp-image-16901\" alt=\"Ni\u00f1a en desfile cultural participando en evento de apoyo a la infancia y la nutrici\u00f3n en M\u00e9xico, con grupo de personas en vestimenta tradicional y cartel de organizaci\u00f3n KIKA, promoviendo derechos infantiles.\" srcset=\"https:\/\/soymigrante.com\/revista\/wp-content\/uploads\/2024\/12\/historia-karolin-espana-KIKA.webp 861w, https:\/\/soymigrante.com\/revista\/wp-content\/uploads\/2024\/12\/historia-karolin-espana-KIKA-300x300.jpg 300w, https:\/\/soymigrante.com\/revista\/wp-content\/uploads\/2024\/12\/historia-karolin-espana-KIKA-150x150.jpg 150w, https:\/\/soymigrante.com\/revista\/wp-content\/uploads\/2024\/12\/historia-karolin-espana-KIKA-768x768.jpg 768w, https:\/\/soymigrante.com\/revista\/wp-content\/uploads\/2024\/12\/historia-karolin-espana-KIKA-75x75.webp 75w, https:\/\/soymigrante.com\/revista\/wp-content\/uploads\/2024\/12\/historia-karolin-espana-KIKA-750x750.webp 750w\" sizes=\"(max-width: 861px) 100vw, 861px\" \/>\n            <\/div>\n        <\/div><div class=\"eael-entry-wrapper\"><header class=\"eael-entry-header\"><h2 class=\"eael-entry-title\"><a class=\"eael-grid-post-link\" href=\"https:\/\/soymigrante.com\/revista\/karolin-espana-dirige-kika-proyecto-de-ayuda-alimentaria-impulsado-por-sus-hijas\/\" title=\"Karolin Rasc\u00f3n dirige KIKA, iniciativa de ayuda alimentaria desde L.A. a Guatemala, inspirada por sus hijas Kiara y Kaili\">Karolin Rasc\u00f3n dirige KIKA, iniciativa de ayuda alimentaria desde L.A. a Guatemala, inspirada por sus hijas Kiara y Kaili<\/a><\/h2><\/header><div class=\"eael-entry-content\">\n                        <div class=\"eael-grid-post-excerpt\"><a href=\"https:\/\/soymigrante.com\/revista\/karolin-espana-dirige-kika-proyecto-de-ayuda-alimentaria-impulsado-por-sus-hijas\/\" class=\"eael-post-elements-readmore-btn\">CONOCE SU HISTORIA <\/a><\/div>\n                    <\/div><\/div><\/div>\n        <\/div>\n    <\/article><article class=\"eael-grid-post  eael-post-grid-column eael-pg-post-1469 category-exitos tags-tennessee\" data-id=\"1469\">\n        <div class=\"eael-grid-post-holder\">\n            <div class=\"eael-grid-post-holder-inner\"><div class=\"eael-entry-media\"><div class=\"eael-entry-overlay fade-in\"><i class=\"far fa-hand-pointer\" aria-hidden=\"true\"><\/i><a href=\"https:\/\/soymigrante.com\/revista\/migrante-guatemalteca-apoya-a-compatriotas-en-tennessee\/\"><\/a><\/div><div class=\"eael-entry-thumbnail \">\n                <img loading=\"lazy\" decoding=\"async\" width=\"768\" height=\"1024\" src=\"https:\/\/soymigrante.com\/revista\/wp-content\/uploads\/2023\/06\/Migrante-guatemalteca-Velvet-Hernandez-Johnson-triunfa-como-profesional-en-Estados-Unidos-y-apoya-a-migrantes-hispanos-a-traves-de-voluntariados-2-768x1024.webp\" class=\"attachment-large size-large wp-image-1474\" alt=\"Velvet Hern\u00e1ndez-Johnson visita cada a\u00f1o a su familia en Guatemala y siempre lleva algo nuevo para la exposici\u00f3n permanente en el museo local.\" srcset=\"https:\/\/soymigrante.com\/revista\/wp-content\/uploads\/2023\/06\/Migrante-guatemalteca-Velvet-Hernandez-Johnson-triunfa-como-profesional-en-Estados-Unidos-y-apoya-a-migrantes-hispanos-a-traves-de-voluntariados-2-768x1024.webp 768w, https:\/\/soymigrante.com\/revista\/wp-content\/uploads\/2023\/06\/Migrante-guatemalteca-Velvet-Hernandez-Johnson-triunfa-como-profesional-en-Estados-Unidos-y-apoya-a-migrantes-hispanos-a-traves-de-voluntariados-2-225x300.webp 225w, https:\/\/soymigrante.com\/revista\/wp-content\/uploads\/2023\/06\/Migrante-guatemalteca-Velvet-Hernandez-Johnson-triunfa-como-profesional-en-Estados-Unidos-y-apoya-a-migrantes-hispanos-a-traves-de-voluntariados-2-750x1000.webp 750w, https:\/\/soymigrante.com\/revista\/wp-content\/uploads\/2023\/06\/Migrante-guatemalteca-Velvet-Hernandez-Johnson-triunfa-como-profesional-en-Estados-Unidos-y-apoya-a-migrantes-hispanos-a-traves-de-voluntariados-2.webp 960w\" sizes=\"(max-width: 768px) 100vw, 768px\" \/>\n            <\/div>\n        <\/div><div class=\"eael-entry-wrapper\"><header class=\"eael-entry-header\"><h2 class=\"eael-entry-title\"><a class=\"eael-grid-post-link\" href=\"https:\/\/soymigrante.com\/revista\/migrante-guatemalteca-apoya-a-compatriotas-en-tennessee\/\" title=\"Velvet Hern\u00e1ndez-Johnson triunfa en Tennessee y capacita a  migrantes\">Velvet Hern\u00e1ndez-Johnson triunfa en Tennessee y capacita a  migrantes<\/a><\/h2><\/header><div class=\"eael-entry-content\">\n                        <div class=\"eael-grid-post-excerpt\"><a href=\"https:\/\/soymigrante.com\/revista\/migrante-guatemalteca-apoya-a-compatriotas-en-tennessee\/\" class=\"eael-post-elements-readmore-btn\">CONOCE SU HISTORIA <\/a><\/div>\n                    <\/div><\/div><\/div>\n        <\/div>\n    <\/article><article class=\"eael-grid-post  eael-post-grid-column eael-pg-post-229 category-exitos\" data-id=\"229\">\n        <div class=\"eael-grid-post-holder\">\n            <div class=\"eael-grid-post-holder-inner\"><div class=\"eael-entry-media\"><div class=\"eael-entry-overlay fade-in\"><i class=\"far fa-hand-pointer\" aria-hidden=\"true\"><\/i><a href=\"https:\/\/soymigrante.com\/revista\/susana-madrigal-por-a-barahona\/\"><\/a><\/div><div class=\"eael-entry-thumbnail \">\n                <img loading=\"lazy\" decoding=\"async\" width=\"1024\" height=\"768\" src=\"https:\/\/soymigrante.com\/revista\/wp-content\/uploads\/2023\/02\/1-EXITOS-MADRIGAL-2-1.webp\" class=\"attachment-large size-large wp-image-230\" alt=\"\" srcset=\"https:\/\/soymigrante.com\/revista\/wp-content\/uploads\/2023\/02\/1-EXITOS-MADRIGAL-2-1.webp 1024w, https:\/\/soymigrante.com\/revista\/wp-content\/uploads\/2023\/02\/1-EXITOS-MADRIGAL-2-1-300x225.webp 300w, https:\/\/soymigrante.com\/revista\/wp-content\/uploads\/2023\/02\/1-EXITOS-MADRIGAL-2-1-768x576.jpeg 768w, https:\/\/soymigrante.com\/revista\/wp-content\/uploads\/2023\/02\/1-EXITOS-MADRIGAL-2-1-750x563.webp 750w\" sizes=\"(max-width: 1024px) 100vw, 1024px\" \/>\n            <\/div>\n        <\/div><div class=\"eael-entry-wrapper\"><header class=\"eael-entry-header\"><h2 class=\"eael-entry-title\"><a class=\"eael-grid-post-link\" href=\"https:\/\/soymigrante.com\/revista\/susana-madrigal-por-a-barahona\/\" title=\"Susana Madrigal: madre, esposa y emprendedora\">Susana Madrigal: madre, esposa y emprendedora<\/a><\/h2><\/header><div class=\"eael-entry-content\">\n                        <div class=\"eael-grid-post-excerpt\"><a href=\"https:\/\/soymigrante.com\/revista\/susana-madrigal-por-a-barahona\/\" class=\"eael-post-elements-readmore-btn\">CONOCE SU HISTORIA <\/a><\/div>\n                    <\/div><\/div><\/div>\n        <\/div>\n    <\/article><\/div>\n            <div class=\"clearfix\"><\/div>\n        <\/div>\t\t\t\t<\/div>\n\t\t\t\t\t<\/div>\n\t\t\t\t<\/div>\n\t\t\t\t<\/div>\n\t\t","protected":false},"excerpt":{"rendered":"<p>Kaylee L\u00f3pez Bar\u00e1n finalizar\u00e1 la High School en este 2025, pero ya tiene ofertas de varias universidades para estudiar Zootecnia y Veterinaria. Creci\u00f3 en una familia migrante guatemalteca, sabe que no hay logro sin esfuerzo y por eso comparte estas l\u00facidas claves de vida a sus 17 a\u00f1os. Por Kaylee L\u00f3pez Bar\u00e1n, Virginia, EE.UU. Voy [&hellip;]<\/p>\n","protected":false},"author":1,"featured_media":19140,"comment_status":"open","ping_status":"open","sticky":false,"template":"","format":"standard","meta":{"_acf_changed":false,"_eb_attr":"","footnotes":""},"categories":[56],"tags":[],"class_list":["post-19139","post","type-post","status-publish","format-standard","has-post-thumbnail","hentry","category-lugar-de-voces"],"acf":[],"aioseo_notices":[],"aioseo_head":"\n\t\t<!-- All in One SEO Pro 4.9.6.2 - aioseo.com -->\n\t<meta name=\"description\" content=\"Susana Madrigales de Montenegro, actualmente reside en Chicago, Illinois desde hace 25 a\u00f1os, es esposa de Jorge Montenegro con quien se cas\u00f3 en el a\u00f1o 1994 y con quien procre\u00f3 a sus dos hijos, Douglas de 27 a\u00f1os y Eunice de 25 a\u00f1os.\" \/>\n\t<meta name=\"robots\" content=\"max-snippet:-1, max-image-preview:large, max-video-preview:-1\" \/>\n\t<meta name=\"author\" content=\"SoyMigrante.com REVISTA\"\/>\n\t<link rel=\"canonical\" href=\"https:\/\/soymigrante.com\/revista\/susana-madrigal-por-a-barahona\/\" \/>\n\t<meta name=\"generator\" content=\"All in One SEO Pro (AIOSEO) 4.9.6.2\" \/>\n\n\t\t<link rel=\"preconnect\" href=\"https:\/\/fonts.googleapis.com\" crossorigin>\n<link rel=\"preconnect\" href=\"https:\/\/fonts.gstatic.com\" crossorigin>\n\t\t<meta property=\"og:locale\" content=\"es_ES\" \/>\n\t\t<meta property=\"og:site_name\" content=\"SoyMigrante.com REVISTA \u2013 Nuestra misi\u00f3n es reconocer y dignificar al migrante.\" \/>\n\t\t<meta property=\"og:type\" content=\"article\" \/>\n\t\t<meta property=\"og:title\" content=\"Susana Madrigal: madre, esposa y emprendedora\" \/>\n\t\t<meta property=\"og:description\" content=\"Susana Madrigales de Montenegro, actualmente reside en Chicago, Illinois desde hace 25 a\u00f1os, es esposa de Jorge Montenegro con quien se cas\u00f3 en el a\u00f1o 1994 y con quien procre\u00f3 a sus dos hijos, Douglas de 27 a\u00f1os y Eunice de 25 a\u00f1os.\" \/>\n\t\t<meta property=\"og:url\" content=\"https:\/\/soymigrante.com\/revista\/susana-madrigal-por-a-barahona\/\" \/>\n\t\t<meta property=\"og:image\" content=\"https:\/\/soymigrante.com\/revista\/wp-content\/uploads\/2023\/02\/1-EXITOS-MADRIGAL-2-1.webp\" \/>\n\t\t<meta property=\"og:image:secure_url\" content=\"https:\/\/soymigrante.com\/revista\/wp-content\/uploads\/2023\/02\/1-EXITOS-MADRIGAL-2-1.webp\" \/>\n\t\t<meta property=\"og:image:width\" content=\"1024\" \/>\n\t\t<meta property=\"og:image:height\" content=\"768\" \/>\n\t\t<meta property=\"article:published_time\" content=\"2023-05-26T00:50:14+00:00\" \/>\n\t\t<meta property=\"article:modified_time\" content=\"2024-06-25T22:20:44+00:00\" \/>\n\t\t<meta property=\"article:publisher\" content=\"https:\/\/www.facebook.com\/soymigrantecom\" \/>\n\t\t<meta name=\"twitter:card\" content=\"summary_large_image\" \/>\n\t\t<meta name=\"twitter:site\" content=\"@SoyMigrante_com\" \/>\n\t\t<meta name=\"twitter:title\" content=\"Susana Madrigal: madre, esposa y emprendedora\" \/>\n\t\t<meta name=\"twitter:description\" content=\"Susana Madrigales de Montenegro, actualmente reside en Chicago, Illinois desde hace 25 a\u00f1os, es esposa de Jorge Montenegro con quien se cas\u00f3 en el a\u00f1o 1994 y con quien procre\u00f3 a sus dos hijos, Douglas de 27 a\u00f1os y Eunice de 25 a\u00f1os.\" \/>\n\t\t<meta name=\"twitter:creator\" content=\"@SoyMigrante_com\" \/>\n\t\t<meta name=\"twitter:image\" content=\"https:\/\/soymigrante.com\/revista\/wp-content\/uploads\/2023\/02\/1-EXITOS-MADRIGAL-2-1.webp\" \/>\n\t\t<!-- All in One SEO Pro -->\r\n\t\t<title>Susana Madrigal: madre, esposa y emprendedora<\/title>\n\n","aioseo_head_json":{"title":"Susana Madrigal: madre, esposa y emprendedora","description":"Susana Madrigales de Montenegro, actualmente reside en Chicago, Illinois desde hace 25 a\u00f1os, es esposa de Jorge Montenegro con quien se cas\u00f3 en el a\u00f1o 1994 y con quien procre\u00f3 a sus dos hijos, Douglas de 27 a\u00f1os y Eunice de 25 a\u00f1os.","canonical_url":"https:\/\/soymigrante.com\/revista\/susana-madrigal-por-a-barahona\/","robots":"max-snippet:-1, max-image-preview:large, max-video-preview:-1","keywords":"","webmasterTools":{"miscellaneous":"&lt;link rel=\"preconnect\" href=\"https:\/\/fonts.googleapis.com\" crossorigin&gt;\n&lt;link rel=\"preconnect\" href=\"https:\/\/fonts.gstatic.com\" crossorigin&gt;"},"schema":null,"og:locale":"es_ES","og:site_name":"SoyMigrante.com REVISTA \u2013 Nuestra misi\u00f3n es reconocer y dignificar al migrante.","og:type":"article","og:title":"Susana Madrigal: madre, esposa y emprendedora","og:description":"Susana Madrigales de Montenegro, actualmente reside en Chicago, Illinois desde hace 25 a\u00f1os, es esposa de Jorge Montenegro con quien se cas\u00f3 en el a\u00f1o 1994 y con quien procre\u00f3 a sus dos hijos, Douglas de 27 a\u00f1os y Eunice de 25 a\u00f1os.","og:url":"https:\/\/soymigrante.com\/revista\/susana-madrigal-por-a-barahona\/","og:image":"https:\/\/soymigrante.com\/revista\/wp-content\/uploads\/2023\/02\/1-EXITOS-MADRIGAL-2-1.webp","og:image:secure_url":"https:\/\/soymigrante.com\/revista\/wp-content\/uploads\/2023\/02\/1-EXITOS-MADRIGAL-2-1.webp","og:image:width":1024,"og:image:height":768,"article:published_time":"2023-05-26T00:50:14+00:00","article:modified_time":"2024-06-25T22:20:44+00:00","article:publisher":"https:\/\/www.facebook.com\/soymigrantecom","twitter:card":"summary_large_image","twitter:site":"@SoyMigrante_com","twitter:title":"Susana Madrigal: madre, esposa y emprendedora","twitter:description":"Susana Madrigales de Montenegro, actualmente reside en Chicago, Illinois desde hace 25 a\u00f1os, es esposa de Jorge Montenegro con quien se cas\u00f3 en el a\u00f1o 1994 y con quien procre\u00f3 a sus dos hijos, Douglas de 27 a\u00f1os y Eunice de 25 a\u00f1os.","twitter:creator":"@SoyMigrante_com","twitter:image":"https:\/\/soymigrante.com\/revista\/wp-content\/uploads\/2023\/02\/1-EXITOS-MADRIGAL-2-1.webp"},"aioseo_meta_data":{"post_id":"19139","title":"Kaylee L\u00f3pez, de familia migrante, da claves para el \u00e9xito joven","description":"\"J\u00f3venes, lean y participen\": consejo de Kaylee L\u00f3pez Bar\u00e1n, estudiante destacada, hija de migrantes guatemaltecos en Washington DC. Su meta es estudiar zootecnia.","keywords":null,"keyphrases":{"focus":{"keyphrase":"Estudiante","score":51,"analysis":{"keyphraseInTitle":{"score":3,"maxScore":9,"error":1},"keyphraseInDescription":{"score":9,"maxScore":9,"error":0},"keyphraseLength":{"score":9,"maxScore":9,"error":0,"length":1},"keyphraseInURL":{"score":5,"maxScore":5,"error":0},"keyphraseInIntroduction":{"score":3,"maxScore":9,"error":1},"keyphraseInSubHeadings":{"score":3,"maxScore":9,"error":1},"keyphraseInImageAlt":{"score":3,"maxScore":9,"error":1},"keywordDensity":{"score":0,"type":"low","maxScore":9,"error":1}}},"additional":[{"keyphrase":"Consejo","score":53,"analysis":{"keyphraseInDescription":{"score":9,"maxScore":9,"error":0},"keyphraseLength":{"score":9,"maxScore":9,"error":0,"length":1},"keyphraseInIntroduction":{"score":3,"maxScore":9,"error":1},"keyphraseInImageAlt":{"score":3,"maxScore":9,"error":1},"keywordDensity":{"score":0,"type":"low","maxScore":9,"error":1}}},{"keyphrase":"Migrantes","score":53,"analysis":{"keyphraseInDescription":{"score":9,"maxScore":9,"error":0},"keyphraseLength":{"score":9,"maxScore":9,"error":0,"length":1},"keyphraseInIntroduction":{"score":3,"maxScore":9,"error":1},"keyphraseInImageAlt":{"score":3,"maxScore":9,"error":1},"keywordDensity":{"score":0,"type":"low","maxScore":9,"error":1}}}]},"primary_term":null,"canonical_url":null,"og_title":null,"og_description":null,"og_object_type":"default","og_image_type":"default","og_image_url":null,"og_image_width":null,"og_image_height":null,"og_image_custom_url":null,"og_image_custom_fields":null,"og_video":"","og_custom_url":null,"og_article_section":null,"og_article_tags":null,"twitter_use_og":false,"twitter_card":"default","twitter_image_type":"default","twitter_image_url":null,"twitter_image_custom_url":null,"twitter_image_custom_fields":null,"twitter_title":null,"twitter_description":null,"schema":{"blockGraphs":[],"customGraphs":[],"default":{"data":{"Article":[],"Course":[],"Dataset":[],"FAQPage":[],"Movie":[],"Person":[],"Product":[],"ProductReview":[],"Car":[],"Recipe":[],"Service":[],"SoftwareApplication":[],"WebPage":[]},"graphName":"BlogPosting","isEnabled":true},"graphs":[]},"schema_type":"default","schema_type_options":null,"pillar_content":false,"robots_default":true,"robots_noindex":false,"robots_noarchive":false,"robots_nosnippet":false,"robots_nofollow":false,"robots_noimageindex":false,"robots_noodp":false,"robots_notranslate":false,"robots_max_snippet":"-1","robots_max_videopreview":"-1","robots_max_imagepreview":"large","priority":null,"frequency":"default","local_seo":null,"seo_analyzer_scan_date":"2025-10-09 01:29:30","breadcrumb_settings":null,"limit_modified_date":false,"reviewed_by":null,"open_ai":"{\"title\":{\"suggestions\":[],\"usage\":0},\"description\":{\"suggestions\":[],\"usage\":0}}","ai":null,"created":"2025-01-03 12:17:53","updated":"2026-02-04 18:45:15"},"aioseo_breadcrumb":"<div class=\"aioseo-breadcrumbs\"><span class=\"aioseo-breadcrumb\">\n\t<a href=\"https:\/\/soymigrante.com\/revista\" title=\"Home\">Home<\/a>\n<\/span><span class=\"aioseo-breadcrumb-separator\">\u00bb<\/span><span class=\"aioseo-breadcrumb\">\n\t<a href=\"https:\/\/soymigrante.com\/revista\/category\/estamos-unidos\/\" title=\"Estamos Unidos\">Estamos Unidos<\/a>\n<\/span><span class=\"aioseo-breadcrumb-separator\">\u00bb<\/span><span class=\"aioseo-breadcrumb\">\n\t<a href=\"https:\/\/soymigrante.com\/revista\/category\/estamos-unidos\/lugar-de-voces\/\" title=\"Lugar de Voces\">Lugar de Voces<\/a>\n<\/span><span class=\"aioseo-breadcrumb-separator\">\u00bb<\/span><span class=\"aioseo-breadcrumb\">\n\t\u201cJ\u00f3venes: lean y participen\u201d, el consejo de Kaylee L\u00f3pez Bar\u00e1n, estudiante destacada en EE.UU. de familia guatemalteca\n<\/span><\/div>","aioseo_breadcrumb_json":[{"label":"Home","link":"https:\/\/soymigrante.com\/revista"},{"label":"Estamos Unidos","link":"https:\/\/soymigrante.com\/revista\/category\/estamos-unidos\/"},{"label":"Lugar de Voces","link":"https:\/\/soymigrante.com\/revista\/category\/estamos-unidos\/lugar-de-voces\/"},{"label":"&#8220;J\u00f3venes: lean y participen&#8221;, el consejo de Kaylee L\u00f3pez Bar\u00e1n, estudiante destacada en EE.UU. de familia guatemalteca","link":"https:\/\/soymigrante.com\/revista\/jovenes-lean-y-participen-el-consejo-de-kaylee-lopez-baran-estudiante-destacada-en-ee-uu-de-familia-guatemalteca\/"}],"_links":{"self":[{"href":"https:\/\/soymigrante.com\/revista\/wp-json\/wp\/v2\/posts\/19139","targetHints":{"allow":["GET"]}}],"collection":[{"href":"https:\/\/soymigrante.com\/revista\/wp-json\/wp\/v2\/posts"}],"about":[{"href":"https:\/\/soymigrante.com\/revista\/wp-json\/wp\/v2\/types\/post"}],"author":[{"embeddable":true,"href":"https:\/\/soymigrante.com\/revista\/wp-json\/wp\/v2\/users\/1"}],"replies":[{"embeddable":true,"href":"https:\/\/soymigrante.com\/revista\/wp-json\/wp\/v2\/comments?post=19139"}],"version-history":[{"count":0,"href":"https:\/\/soymigrante.com\/revista\/wp-json\/wp\/v2\/posts\/19139\/revisions"}],"wp:featuredmedia":[{"embeddable":true,"href":"https:\/\/soymigrante.com\/revista\/wp-json\/wp\/v2\/media\/19140"}],"wp:attachment":[{"href":"https:\/\/soymigrante.com\/revista\/wp-json\/wp\/v2\/media?parent=19139"}],"wp:term":[{"taxonomy":"category","embeddable":true,"href":"https:\/\/soymigrante.com\/revista\/wp-json\/wp\/v2\/categories?post=19139"},{"taxonomy":"post_tag","embeddable":true,"href":"https:\/\/soymigrante.com\/revista\/wp-json\/wp\/v2\/tags?post=19139"}],"curies":[{"name":"wp","href":"https:\/\/api.w.org\/{rel}","templated":true}]}}