{"id":1909,"date":"2023-07-26T23:35:50","date_gmt":"2023-07-26T23:35:50","guid":{"rendered":"https:\/\/soymigrante.com\/revista\/?p=1909"},"modified":"2024-07-31T06:22:24","modified_gmt":"2024-07-31T12:22:24","slug":"concepcion-chiquirichapa-agricultura-quetzaltenango","status":"publish","type":"post","link":"https:\/\/soymigrante.com\/revista\/concepcion-chiquirichapa-agricultura-quetzaltenango\/","title":{"rendered":"Concepci\u00f3n Chiquirichapa: un pueblo de hortalizas y grandes esperanzas"},"content":{"rendered":"\t\t<div data-elementor-type=\"wp-post\" data-elementor-id=\"1909\" class=\"elementor elementor-1909\" data-elementor-post-type=\"post\">\n\t\t\t\t\t\t<section data-particle_enable=\"false\" data-particle-mobile-disabled=\"false\" class=\"elementor-section elementor-top-section elementor-element elementor-element-e590d55 elementor-section-boxed elementor-section-height-default elementor-section-height-default\" data-id=\"e590d55\" data-element_type=\"section\" data-e-type=\"section\">\n\t\t\t\t\t\t<div class=\"elementor-container elementor-column-gap-default\">\n\t\t\t\t\t<div class=\"elementor-column elementor-col-100 elementor-top-column elementor-element elementor-element-cebe48e\" data-id=\"cebe48e\" data-element_type=\"column\" data-e-type=\"column\">\n\t\t\t<div class=\"elementor-widget-wrap elementor-element-populated\">\n\t\t\t\t\t\t<div class=\"elementor-element elementor-element-76af9b2 elementor-widget elementor-widget-heading\" data-id=\"76af9b2\" data-element_type=\"widget\" data-e-type=\"widget\" data-widget_type=\"heading.default\">\n\t\t\t\t\t<h1 class=\"elementor-heading-title elementor-size-default\">El Centro de Mayoreo de Concepci\u00f3n Chiquirichapa, Quetzaltenango alberga a los productores agr\u00edcolas. Alrededor de 35 mil productores al a\u00f1o sostienen la econom\u00eda local en la venta y exportaci\u00f3n de hortalizas principalmente la papa<\/h1>\t\t\t\t<\/div>\n\t\t\t\t\t<\/div>\n\t\t<\/div>\n\t\t\t\t\t<\/div>\n\t\t<\/section>\n\t\t\t\t<section data-particle_enable=\"false\" data-particle-mobile-disabled=\"false\" class=\"elementor-section elementor-top-section elementor-element elementor-element-7231aa3 elementor-section-boxed elementor-section-height-default elementor-section-height-default\" data-id=\"7231aa3\" data-element_type=\"section\" data-e-type=\"section\">\n\t\t\t\t\t\t<div class=\"elementor-container elementor-column-gap-default\">\n\t\t\t\t\t<div class=\"elementor-column elementor-col-100 elementor-top-column elementor-element elementor-element-c3a41ac\" data-id=\"c3a41ac\" data-element_type=\"column\" data-e-type=\"column\">\n\t\t\t<div class=\"elementor-widget-wrap elementor-element-populated\">\n\t\t\t\t\t\t<div class=\"elementor-element elementor-element-ad1c1c6 elementor-widget elementor-widget-image\" data-id=\"ad1c1c6\" data-element_type=\"widget\" data-e-type=\"widget\" data-widget_type=\"image.default\">\n\t\t\t\t\t\t\t\t\t\t\t\t<figure class=\"wp-caption\">\n\t\t\t\t\t\t\t\t\t\t<img fetchpriority=\"high\" decoding=\"async\" width=\"768\" height=\"512\" src=\"https:\/\/soymigrante.com\/revista\/wp-content\/uploads\/2023\/07\/Centro-de-Mayoreo-de-Hortalizas-en-Concepcion-Chiquirichapa-1024x683.webp\" class=\"attachment-large size-large wp-image-1914\" alt=\"Centro de Mayoreo de Hortalizas en Concepci\u00f3n Chiquirichapa\" srcset=\"https:\/\/soymigrante.com\/revista\/wp-content\/uploads\/2023\/07\/Centro-de-Mayoreo-de-Hortalizas-en-Concepcion-Chiquirichapa-1024x683.webp 1024w, https:\/\/soymigrante.com\/revista\/wp-content\/uploads\/2023\/07\/Centro-de-Mayoreo-de-Hortalizas-en-Concepcion-Chiquirichapa-300x200.webp 300w, https:\/\/soymigrante.com\/revista\/wp-content\/uploads\/2023\/07\/Centro-de-Mayoreo-de-Hortalizas-en-Concepcion-Chiquirichapa-768x512.webp 768w, https:\/\/soymigrante.com\/revista\/wp-content\/uploads\/2023\/07\/Centro-de-Mayoreo-de-Hortalizas-en-Concepcion-Chiquirichapa-1536x1024.webp 1536w, https:\/\/soymigrante.com\/revista\/wp-content\/uploads\/2023\/07\/Centro-de-Mayoreo-de-Hortalizas-en-Concepcion-Chiquirichapa-scaled.webp 1920w, https:\/\/soymigrante.com\/revista\/wp-content\/uploads\/2023\/07\/Centro-de-Mayoreo-de-Hortalizas-en-Concepcion-Chiquirichapa-750x500.webp 750w, https:\/\/soymigrante.com\/revista\/wp-content\/uploads\/2023\/07\/Centro-de-Mayoreo-de-Hortalizas-en-Concepcion-Chiquirichapa-1140x760.webp 1140w, https:\/\/soymigrante.com\/revista\/wp-content\/uploads\/2023\/07\/Centro-de-Mayoreo-de-Hortalizas-en-Concepcion-Chiquirichapa-600x400.webp 600w\" sizes=\"(max-width: 768px) 100vw, 768px\" title=\"Centro de Mayoreo de Hortalizas en Concepci\u00f3n Chiquirichapa \u2013 SoyMigrante.com REVISTA\" \/>\t\t\t\t\t\t\t\t\t\t\t<figcaption class=\"widget-image-caption wp-caption-text\">Centro de Mayoreo de Hortalizas en Concepci\u00f3n Chiquirichapa, Quetzaltenango<\/figcaption>\n\t\t\t\t\t\t\t\t\t\t<\/figure>\n\t\t\t\t\t\t\t\t\t<\/div>\n\t\t\t\t\t<\/div>\n\t\t<\/div>\n\t\t\t\t\t<\/div>\n\t\t<\/section>\n\t\t\t\t<section data-particle_enable=\"false\" data-particle-mobile-disabled=\"false\" class=\"elementor-section elementor-top-section elementor-element elementor-element-3d467e3 elementor-section-boxed elementor-section-height-default elementor-section-height-default\" data-id=\"3d467e3\" data-element_type=\"section\" data-e-type=\"section\">\n\t\t\t\t\t\t<div class=\"elementor-container elementor-column-gap-default\">\n\t\t\t\t\t<div class=\"elementor-column elementor-col-100 elementor-top-column elementor-element elementor-element-c1eee96\" data-id=\"c1eee96\" data-element_type=\"column\" data-e-type=\"column\">\n\t\t\t<div class=\"elementor-widget-wrap elementor-element-populated\">\n\t\t\t\t\t\t<div class=\"elementor-element elementor-element-ce962f9 elementor-widget elementor-widget-heading\" data-id=\"ce962f9\" data-element_type=\"widget\" data-e-type=\"widget\" data-widget_type=\"heading.default\">\n\t\t\t\t\t<h3 class=\"elementor-heading-title elementor-size-default\">El Centro de mayoreo Concepci\u00f3n Chiquirichapa<\/h3>\t\t\t\t<\/div>\n\t\t\t\t<div class=\"elementor-element elementor-element-bc0d034 elementor-widget elementor-widget-text-editor\" data-id=\"bc0d034\" data-element_type=\"widget\" data-e-type=\"widget\" data-widget_type=\"text-editor.default\">\n\t\t\t\t\t\t\t\t\t<p><span style=\"font-weight: 400\">El centro de mayoreo de hortalizas se ubica en la salida de San Mart\u00edn Sacatep\u00e9quez del kil\u00f3metro 216 de Concepci\u00f3n <\/span><span style=\"font-weight: 400\">Chiquirichapa, Quetzaltenango<\/span><span style=\"font-weight: 400\">, Este espacio comercial busca la venta de manera que se garantice la inocuidad y calidad de los productos.\u00a0<\/span><\/p><p><span style=\"font-weight: 400\">Arturo Cabrera administrador del centro de mayoreo de hortalizas de Concepci\u00f3n Chiquirichapa comparte detalles del trabajo y comercializaci\u00f3n. Concepci\u00f3n, San Mart\u00edn Sacatep\u00e9quez y San Juan Ostuncalco son tres municipios principales que lo abastecen, incluidos los departamentos de San Marcos y Huehuetenango.<\/span><\/p><p><span style=\"font-weight: 400\">El Centro de Mayoreo cuenta con un \u00e1rea de 8,736 metros cuadrados 16 bodegas para almacenamiento de productos, 10 locales comerciales, \u00e1rea de lavado y secado de papas, \u00e1rea de carga y descarga para furgones, camiones y m\u00faltiples veh\u00edculos livianos, tambi\u00e9n cuenta con un sal\u00f3n de reuni\u00f3n.<\/span><\/p><p><span style=\"font-weight: 400\">Los productos que se abastecen cuentan con est\u00e1ndares de calidad desde la producci\u00f3n hasta la comercializaci\u00f3n actualmente distribuyen en mercados y empresas locales nacionales y centroamericanos el centro de mayoreo es visitado por alrededor de 35 mil productores al a\u00f1o.<\/span><\/p><p>\u00a0<\/p>\t\t\t\t\t\t\t\t<\/div>\n\t\t\t\t\t<\/div>\n\t\t<\/div>\n\t\t\t\t\t<\/div>\n\t\t<\/section>\n\t\t\t\t<section data-particle_enable=\"false\" data-particle-mobile-disabled=\"false\" class=\"elementor-section elementor-top-section elementor-element elementor-element-2f581ec elementor-section-boxed elementor-section-height-default elementor-section-height-default\" data-id=\"2f581ec\" data-element_type=\"section\" data-e-type=\"section\">\n\t\t\t\t\t\t<div class=\"elementor-container elementor-column-gap-default\">\n\t\t\t\t\t<div class=\"elementor-column elementor-col-100 elementor-top-column elementor-element elementor-element-48a7c0e\" data-id=\"48a7c0e\" data-element_type=\"column\" data-e-type=\"column\">\n\t\t\t<div class=\"elementor-widget-wrap elementor-element-populated\">\n\t\t\t\t\t\t<div class=\"elementor-element elementor-element-6fc8e74 elementor-widget elementor-widget-image\" data-id=\"6fc8e74\" data-element_type=\"widget\" data-e-type=\"widget\" data-widget_type=\"image.default\">\n\t\t\t\t\t\t\t\t\t\t\t\t<figure class=\"wp-caption\">\n\t\t\t\t\t\t\t\t\t\t<img decoding=\"async\" width=\"768\" height=\"512\" src=\"https:\/\/soymigrante.com\/revista\/wp-content\/uploads\/2023\/07\/Productores-provienen-de-los-alrededores-de-Concepcion-Chiquirichapa-1024x683.webp\" class=\"attachment-large size-large wp-image-1920\" alt=\"Productores provienen de los alrededores de Concepci\u00f3n Chiquirichapa\" srcset=\"https:\/\/soymigrante.com\/revista\/wp-content\/uploads\/2023\/07\/Productores-provienen-de-los-alrededores-de-Concepcion-Chiquirichapa-1024x683.webp 1024w, https:\/\/soymigrante.com\/revista\/wp-content\/uploads\/2023\/07\/Productores-provienen-de-los-alrededores-de-Concepcion-Chiquirichapa-300x200.webp 300w, https:\/\/soymigrante.com\/revista\/wp-content\/uploads\/2023\/07\/Productores-provienen-de-los-alrededores-de-Concepcion-Chiquirichapa-768x512.webp 768w, https:\/\/soymigrante.com\/revista\/wp-content\/uploads\/2023\/07\/Productores-provienen-de-los-alrededores-de-Concepcion-Chiquirichapa-1536x1024.webp 1536w, https:\/\/soymigrante.com\/revista\/wp-content\/uploads\/2023\/07\/Productores-provienen-de-los-alrededores-de-Concepcion-Chiquirichapa-scaled.webp 1920w, https:\/\/soymigrante.com\/revista\/wp-content\/uploads\/2023\/07\/Productores-provienen-de-los-alrededores-de-Concepcion-Chiquirichapa-750x500.webp 750w, https:\/\/soymigrante.com\/revista\/wp-content\/uploads\/2023\/07\/Productores-provienen-de-los-alrededores-de-Concepcion-Chiquirichapa-1140x760.webp 1140w, https:\/\/soymigrante.com\/revista\/wp-content\/uploads\/2023\/07\/Productores-provienen-de-los-alrededores-de-Concepcion-Chiquirichapa-600x400.webp 600w\" sizes=\"(max-width: 768px) 100vw, 768px\" title=\"Productores provienen de los alrededores de Concepci\u00f3n Chiquirichapa \u2013 SoyMigrante.com REVISTA\" \/>\t\t\t\t\t\t\t\t\t\t\t<figcaption class=\"widget-image-caption wp-caption-text\"><\/figcaption>\n\t\t\t\t\t\t\t\t\t\t<\/figure>\n\t\t\t\t\t\t\t\t\t<\/div>\n\t\t\t\t\t<\/div>\n\t\t<\/div>\n\t\t\t\t\t<\/div>\n\t\t<\/section>\n\t\t\t\t<section data-particle_enable=\"false\" data-particle-mobile-disabled=\"false\" class=\"elementor-section elementor-top-section elementor-element elementor-element-b3087c0 elementor-section-boxed elementor-section-height-default elementor-section-height-default\" data-id=\"b3087c0\" data-element_type=\"section\" data-e-type=\"section\">\n\t\t\t\t\t\t<div class=\"elementor-container elementor-column-gap-default\">\n\t\t\t\t\t<div class=\"elementor-column elementor-col-100 elementor-top-column elementor-element elementor-element-de1b875\" data-id=\"de1b875\" data-element_type=\"column\" data-e-type=\"column\">\n\t\t\t<div class=\"elementor-widget-wrap elementor-element-populated\">\n\t\t\t\t\t\t<div class=\"elementor-element elementor-element-3923ff3 elementor-widget elementor-widget-heading\" data-id=\"3923ff3\" data-element_type=\"widget\" data-e-type=\"widget\" data-widget_type=\"heading.default\">\n\t\t\t\t\t<h3 class=\"elementor-heading-title elementor-size-default\">Desarrollo econ\u00f3mico local\u00a0<\/h3>\t\t\t\t<\/div>\n\t\t\t\t<div class=\"elementor-element elementor-element-17df5fc elementor-widget elementor-widget-text-editor\" data-id=\"17df5fc\" data-element_type=\"widget\" data-e-type=\"widget\" data-widget_type=\"text-editor.default\">\n\t\t\t\t\t\t\t\t\t<p><span style=\"font-weight: 400\">El trabajo de cada productor agr\u00edcola fomenta el desarrollo econ\u00f3mico del municipio a trav\u00e9s de la venta y exportaci\u00f3n. Indican que reciben constante capacitaci\u00f3n para fortalecer la siembra y cuidar los productos de plagas y enfermedades con el objetivo de responder a las demandas de los mercados nacionales y de Centroam\u00e9rica.<\/span><\/p><p><span style=\"font-weight: 400\">La productividad y competitividad de los productos de la regi\u00f3n occidental se ve reflejado en la variedad y calidad de papas, se estima que la papa de loma re\u00fane de <\/span><span style=\"font-weight: 400\">35 a 40 quintales, entre 25 o 30 papas por cuerda.<\/span><\/p><p><span style=\"font-weight: 400\">\u201cEl centro de acopio ha permitido abrir nuevos mercados, para que la producci\u00f3n tenga variedades y que nosotros podamos como municipio tener un desarrollo econ\u00f3mico\u201d , agregan.<\/span><\/p><p><span style=\"font-weight: 400\">Los productores agr\u00edcolas e instancias locales juegan un rol importante para que exista desarrollo econ\u00f3mico local y del occidente del pa\u00eds, tambi\u00e9n se impulsan ferias comerciales y gastron\u00f3micas para la promoci\u00f3n de los productos.<\/span><\/p><p>\u00a0<\/p>\t\t\t\t\t\t\t\t<\/div>\n\t\t\t\t\t<\/div>\n\t\t<\/div>\n\t\t\t\t\t<\/div>\n\t\t<\/section>\n\t\t\t\t<section data-particle_enable=\"false\" data-particle-mobile-disabled=\"false\" class=\"elementor-section elementor-top-section elementor-element elementor-element-90ae9b9 elementor-section-boxed elementor-section-height-default elementor-section-height-default\" data-id=\"90ae9b9\" data-element_type=\"section\" data-e-type=\"section\">\n\t\t\t\t\t\t<div class=\"elementor-container elementor-column-gap-default\">\n\t\t\t\t\t<div class=\"elementor-column elementor-col-100 elementor-top-column elementor-element elementor-element-439731d\" data-id=\"439731d\" data-element_type=\"column\" data-e-type=\"column\">\n\t\t\t<div class=\"elementor-widget-wrap elementor-element-populated\">\n\t\t\t\t\t\t<div class=\"elementor-element elementor-element-6d5e806 elementor-arrows-position-inside elementor-pagination-position-outside elementor-widget elementor-widget-image-carousel\" data-id=\"6d5e806\" data-element_type=\"widget\" data-e-type=\"widget\" data-settings=\"{&quot;slides_to_show&quot;:&quot;1&quot;,&quot;navigation&quot;:&quot;both&quot;,&quot;autoplay&quot;:&quot;yes&quot;,&quot;pause_on_hover&quot;:&quot;yes&quot;,&quot;pause_on_interaction&quot;:&quot;yes&quot;,&quot;autoplay_speed&quot;:5000,&quot;infinite&quot;:&quot;yes&quot;,&quot;effect&quot;:&quot;slide&quot;,&quot;speed&quot;:500}\" data-widget_type=\"image-carousel.default\">\n\t\t\t\t\t\t\t<div class=\"elementor-image-carousel-wrapper swiper\" role=\"region\" aria-roledescription=\"carousel\" aria-label=\"Carrusel de im\u00e1genes\" dir=\"ltr\">\n\t\t\t<div class=\"elementor-image-carousel swiper-wrapper\" aria-live=\"off\">\n\t\t\t\t\t\t\t\t<div class=\"swiper-slide\" role=\"group\" aria-roledescription=\"slide\" aria-label=\"1 de 3\"><figure class=\"swiper-slide-inner\"><img decoding=\"async\" class=\"swiper-slide-image\" src=\"https:\/\/soymigrante.com\/revista\/wp-content\/uploads\/2023\/07\/35-mil-productores-al-ano-sostienen-la-economia-local-en-la-venta-y-exportacion-de-hortalizas-principalmente-la-papa-1024x683.webp\" alt=\"35 mil productores al a\u00f1o sostienen la econom\u00eda local en la venta y exportaci\u00f3n de hortalizas principalmente la papa.\" \/><\/figure><\/div><div class=\"swiper-slide\" role=\"group\" aria-roledescription=\"slide\" aria-label=\"2 de 3\"><figure class=\"swiper-slide-inner\"><img decoding=\"async\" class=\"swiper-slide-image\" src=\"https:\/\/soymigrante.com\/revista\/wp-content\/uploads\/2023\/07\/Area-de-carga-en-el-centro-de-mayoreo-1024x683.webp\" alt=\"\u00c1rea de carga en el centro de mayoreo\" \/><\/figure><\/div><div class=\"swiper-slide\" role=\"group\" aria-roledescription=\"slide\" aria-label=\"3 de 3\"><figure class=\"swiper-slide-inner\"><img decoding=\"async\" class=\"swiper-slide-image\" src=\"https:\/\/soymigrante.com\/revista\/wp-content\/uploads\/2023\/07\/Camiones-y-furgones-llegan-al-centro-de-mayoreo-los-productores-agricolas-llegan-entre-las-8-a-10-de-la-manana-1024x683.webp\" alt=\"Camiones y furgones llegan al centro de mayoreo los productores agr\u00edcolas llegan entre las 8 a 10 de la ma\u00f1ana\" \/><\/figure><\/div>\t\t\t<\/div>\n\t\t\t\t\t\t\t\t\t\t\t\t<div class=\"elementor-swiper-button elementor-swiper-button-prev\" role=\"button\" tabindex=\"0\">\n\t\t\t\t\t\t<i aria-hidden=\"true\" class=\"eicon-chevron-left\"><\/i>\t\t\t\t\t<\/div>\n\t\t\t\t\t<div class=\"elementor-swiper-button elementor-swiper-button-next\" role=\"button\" tabindex=\"0\">\n\t\t\t\t\t\t<i aria-hidden=\"true\" class=\"eicon-chevron-right\"><\/i>\t\t\t\t\t<\/div>\n\t\t\t\t\n\t\t\t\t\t\t\t\t\t<div class=\"swiper-pagination\"><\/div>\n\t\t\t\t\t\t\t\t\t<\/div>\n\t\t\t\t\t\t<\/div>\n\t\t\t\t\t<\/div>\n\t\t<\/div>\n\t\t\t\t\t<\/div>\n\t\t<\/section>\n\t\t\t\t<section data-particle_enable=\"false\" data-particle-mobile-disabled=\"false\" class=\"elementor-section elementor-top-section elementor-element elementor-element-b80af71 elementor-section-boxed elementor-section-height-default elementor-section-height-default\" data-id=\"b80af71\" data-element_type=\"section\" data-e-type=\"section\">\n\t\t\t\t\t\t<div class=\"elementor-container elementor-column-gap-default\">\n\t\t\t\t\t<div class=\"elementor-column elementor-col-100 elementor-top-column elementor-element elementor-element-dda99f4\" data-id=\"dda99f4\" data-element_type=\"column\" data-e-type=\"column\">\n\t\t\t<div class=\"elementor-widget-wrap elementor-element-populated\">\n\t\t\t\t\t\t<div class=\"elementor-element elementor-element-2a72cf3 elementor-widget elementor-widget-heading\" data-id=\"2a72cf3\" data-element_type=\"widget\" data-e-type=\"widget\" data-widget_type=\"heading.default\">\n\t\t\t\t\t<h3 class=\"elementor-heading-title elementor-size-default\">Mujer productora\u00a0<\/h3>\t\t\t\t<\/div>\n\t\t\t\t<div class=\"elementor-element elementor-element-0eb6ada elementor-widget elementor-widget-text-editor\" data-id=\"0eb6ada\" data-element_type=\"widget\" data-e-type=\"widget\" data-widget_type=\"text-editor.default\">\n\t\t\t\t\t\t\t\t\t<p><span style=\"font-weight: 400\">El trabajo desde la siembra y producci\u00f3n incluye a todos los integrantes de la familia entre ni\u00f1os, ni\u00f1as, j\u00f3venes y personas de la tercera edad, sin duda alguna es un legado de generaci\u00f3n en generaci\u00f3n.<\/span><\/p><p><span style=\"font-weight: 400\">Si bien se integran todos los del hogar, en la central de mayoreo predomina los hombres quienes dirigen, cargan y tienen mayor presencia. Con fuerza y respeto se encuentra do\u00f1a Paulina S\u00e1nchez, quien compra y dirige a sus trabajadores.<\/span><\/p><p><span style=\"font-weight: 400\">Desde los 17 a\u00f1os de edad lidera su negocio, incluye a toda su familia, tambi\u00e9n su presencia en este lugar muestra respeto y autoridad, \u201cEstoy feliz de tener mi negocio y dirigirlo es la ense\u00f1anza de mis papas, este tiempo es de cosecha, los precios var\u00edan\u201d dice Paulina S\u00e1nchez.<\/span><\/p><p><br \/><br \/><\/p>\t\t\t\t\t\t\t\t<\/div>\n\t\t\t\t\t<\/div>\n\t\t<\/div>\n\t\t\t\t\t<\/div>\n\t\t<\/section>\n\t\t\t\t<section data-particle_enable=\"false\" data-particle-mobile-disabled=\"false\" class=\"elementor-section elementor-top-section elementor-element elementor-element-612fe00 elementor-section-boxed elementor-section-height-default elementor-section-height-default\" data-id=\"612fe00\" data-element_type=\"section\" data-e-type=\"section\">\n\t\t\t\t\t\t<div class=\"elementor-container elementor-column-gap-default\">\n\t\t\t\t\t<div class=\"elementor-column elementor-col-100 elementor-top-column elementor-element elementor-element-c7b15b5\" data-id=\"c7b15b5\" data-element_type=\"column\" data-e-type=\"column\">\n\t\t\t<div class=\"elementor-widget-wrap elementor-element-populated\">\n\t\t\t\t\t\t<div class=\"elementor-element elementor-element-5968058 elementor-arrows-position-inside elementor-pagination-position-outside elementor-widget elementor-widget-image-carousel\" data-id=\"5968058\" data-element_type=\"widget\" data-e-type=\"widget\" data-settings=\"{&quot;slides_to_show&quot;:&quot;1&quot;,&quot;navigation&quot;:&quot;both&quot;,&quot;autoplay&quot;:&quot;yes&quot;,&quot;pause_on_hover&quot;:&quot;yes&quot;,&quot;pause_on_interaction&quot;:&quot;yes&quot;,&quot;autoplay_speed&quot;:5000,&quot;infinite&quot;:&quot;yes&quot;,&quot;effect&quot;:&quot;slide&quot;,&quot;speed&quot;:500}\" data-widget_type=\"image-carousel.default\">\n\t\t\t\t\t\t\t<div class=\"elementor-image-carousel-wrapper swiper\" role=\"region\" aria-roledescription=\"carousel\" aria-label=\"Carrusel de im\u00e1genes\" dir=\"ltr\">\n\t\t\t<div class=\"elementor-image-carousel swiper-wrapper\" aria-live=\"off\">\n\t\t\t\t\t\t\t\t<div class=\"swiper-slide\" role=\"group\" aria-roledescription=\"slide\" aria-label=\"1 de 3\"><figure class=\"swiper-slide-inner\"><img decoding=\"async\" class=\"swiper-slide-image\" src=\"https:\/\/soymigrante.com\/revista\/wp-content\/uploads\/2023\/07\/Verifica-el-producto-dirige-y-carga-los-costales-de-papa-para-transportarlos-al-camion-de-carga-dirige-un-grupo-de-trabajadores-768x512.webp\" alt=\"Verifica el producto, dirige y carga los costales de papa para transportarlos al cami\u00f3n de carga dirige un grupo de trabajadores\" \/><\/figure><\/div><div class=\"swiper-slide\" role=\"group\" aria-roledescription=\"slide\" aria-label=\"2 de 3\"><figure class=\"swiper-slide-inner\"><img decoding=\"async\" class=\"swiper-slide-image\" src=\"https:\/\/soymigrante.com\/revista\/wp-content\/uploads\/2023\/07\/Paulina-Sanchez-trabaja-desde-los-17-anos-de-edad-trabajo-que-heredo-de-su-familia-768x512.webp\" alt=\"Paulina S\u00e1nchez trabaja desde los 17 a\u00f1os de edad trabajo que heredo de su familia\" \/><\/figure><\/div><div class=\"swiper-slide\" role=\"group\" aria-roledescription=\"slide\" aria-label=\"3 de 3\"><figure class=\"swiper-slide-inner\"><img decoding=\"async\" class=\"swiper-slide-image\" src=\"https:\/\/soymigrante.com\/revista\/wp-content\/uploads\/2023\/07\/Camina-entre-los-costales-de-papa-el-respeto-y-la-autoridad-caracteristicas-de-dona-Paulina-768x512.webp\" alt=\"Camina entre los costales de papa, el respeto y la autoridad caracter\u00edsticas de do\u00f1a Paulina\" \/><\/figure><\/div>\t\t\t<\/div>\n\t\t\t\t\t\t\t\t\t\t\t\t<div class=\"elementor-swiper-button elementor-swiper-button-prev\" role=\"button\" tabindex=\"0\">\n\t\t\t\t\t\t<i aria-hidden=\"true\" class=\"eicon-chevron-left\"><\/i>\t\t\t\t\t<\/div>\n\t\t\t\t\t<div class=\"elementor-swiper-button elementor-swiper-button-next\" role=\"button\" tabindex=\"0\">\n\t\t\t\t\t\t<i aria-hidden=\"true\" class=\"eicon-chevron-right\"><\/i>\t\t\t\t\t<\/div>\n\t\t\t\t\n\t\t\t\t\t\t\t\t\t<div class=\"swiper-pagination\"><\/div>\n\t\t\t\t\t\t\t\t\t<\/div>\n\t\t\t\t\t\t<\/div>\n\t\t\t\t\t<\/div>\n\t\t<\/div>\n\t\t\t\t\t<\/div>\n\t\t<\/section>\n\t\t\t\t<section data-particle_enable=\"false\" data-particle-mobile-disabled=\"false\" class=\"elementor-section elementor-top-section elementor-element elementor-element-f3b5414 elementor-section-boxed elementor-section-height-default elementor-section-height-default\" data-id=\"f3b5414\" data-element_type=\"section\" data-e-type=\"section\">\n\t\t\t\t\t\t<div class=\"elementor-container elementor-column-gap-default\">\n\t\t\t\t\t<div class=\"elementor-column elementor-col-100 elementor-top-column elementor-element elementor-element-f480058\" data-id=\"f480058\" data-element_type=\"column\" data-e-type=\"column\">\n\t\t\t<div class=\"elementor-widget-wrap elementor-element-populated\">\n\t\t\t\t\t\t<div class=\"elementor-element elementor-element-3ad91e7 elementor-widget elementor-widget-text-editor\" data-id=\"3ad91e7\" data-element_type=\"widget\" data-e-type=\"widget\" data-widget_type=\"text-editor.default\">\n\t\t\t\t\t\t\t\t\t<p><b>\u00bfDe d\u00f3nde son los productores agr\u00edcolas?<\/b><\/p>\n<p><span style=\"font-weight: 400\">\u201cNos da mucho orgullo presentar al centro de mayoreo, este es un centro de acopio, comercializamos la papa que cubre toda la regi\u00f3n, los municipios productores son; Quetzaltenango, San Mart\u00edn, Sacatep\u00e9quez, Concepci\u00f3n Chiquirichapa, San Carlos, Palestina de los altos\u201d<\/span><\/p>\n<p><span style=\"font-weight: 400\">La econom\u00eda de estos municipios est\u00e1 en constante movimiento por la producci\u00f3n y comercializaci\u00f3n del mismo.<\/span><\/p>\n<p><b>\u00bfCu\u00e1ntos quintales se producen?<\/b><\/p>\n<p><span style=\"font-weight: 400\">\u201cEspec\u00edficamente en el centro de mayoreo se llega a comercializar alrededor de 700.000 quintales de Papa durante el a\u00f1o entonces, pues la afluencia de los productores durante el a\u00f1o pues asciende a un total de 35 mil productores que visitan el centro de mayoreo, representan una de las actividades econ\u00f3micas del municipio que son de suma importancia, por lo tanto, pues se le presta mucha atenci\u00f3n a nivel municipal\u201d&nbsp;<\/span><\/p>\n<p><b>\u00bfEsta es la principal apuesta econ\u00f3mica del municipio?&nbsp;<\/b><\/p>\n<p><span style=\"font-weight: 400\">\u201cEsta es la principal actividad econ\u00f3mica, definitivamente acarrea, oportunidades de trabajo de forma directa e indirecta ya que involucra a la familia, pero tambi\u00e9n requiere de mano de obra extra, facilita a los vecinos del municipio, como es el caso de Coloma la boca costa partes San Mart\u00edn quienes apoyan en el tema de la siembra y la cosecha de papas\u201d&nbsp;<\/span><\/p>\n<p><span style=\"font-weight: 400\">La actividad del municipio es una fuente de alimentaci\u00f3n y sustento econ\u00f3mico a nivel municipal, la temporada baja es de enero a mayo, media de septiembre a diciembre y la temporada alta que corresponde a los meses de junio, julio y agosto.<\/span><\/p>\n<p><span style=\"font-weight: 400\">Para continuar con la producci\u00f3n, los locales indican que es importante contar con el apoyo de las autoridades y los consumidores para apreciar el esfuerzo de las personas que trabajan en el campo.<\/span><\/p>\t\t\t\t\t\t\t\t<\/div>\n\t\t\t\t\t<\/div>\n\t\t<\/div>\n\t\t\t\t\t<\/div>\n\t\t<\/section>\n\t\t\t\t<section data-particle_enable=\"false\" data-particle-mobile-disabled=\"false\" class=\"elementor-section elementor-top-section elementor-element elementor-element-cede338 elementor-section-boxed elementor-section-height-default elementor-section-height-default\" data-id=\"cede338\" data-element_type=\"section\" data-e-type=\"section\">\n\t\t\t\t\t\t<div class=\"elementor-container elementor-column-gap-default\">\n\t\t\t\t\t<div class=\"elementor-column elementor-col-100 elementor-top-column elementor-element elementor-element-f98ff21\" data-id=\"f98ff21\" data-element_type=\"column\" data-e-type=\"column\">\n\t\t\t<div class=\"elementor-widget-wrap elementor-element-populated\">\n\t\t\t\t\t\t<div class=\"elementor-element elementor-element-9762442 elementor-widget elementor-widget-heading\" data-id=\"9762442\" data-element_type=\"widget\" data-e-type=\"widget\" data-widget_type=\"heading.default\">\n\t\t\t\t\t<h3 class=\"elementor-heading-title elementor-size-default\">Un mensaje para mis paisanos\u00a0<\/h3>\t\t\t\t<\/div>\n\t\t\t\t<div class=\"elementor-element elementor-element-73fdd9d elementor-widget elementor-widget-text-editor\" data-id=\"73fdd9d\" data-element_type=\"widget\" data-e-type=\"widget\" data-widget_type=\"text-editor.default\">\n\t\t\t\t\t\t\t\t\t<p><b>\u201c<\/b><span style=\"font-weight: 400\">Para los paisanos que se encuentran en la Uni\u00f3n Americana o en cualquier otro pa\u00eds, suplicar que la experiencia que adquieran laborando puedan aplicarlos en nuestro pa\u00eds, como tecnolog\u00edas o pr\u00e1cticas agr\u00edcolas, que mejoren la producci\u00f3n\u201d finaliza Arturo Cabrera.<\/span><\/p>\t\t\t\t\t\t\t\t<\/div>\n\t\t\t\t\t<\/div>\n\t\t<\/div>\n\t\t\t\t\t<\/div>\n\t\t<\/section>\n\t\t\t\t<section data-particle_enable=\"false\" data-particle-mobile-disabled=\"false\" class=\"elementor-section elementor-top-section elementor-element elementor-element-529044d elementor-section-boxed elementor-section-height-default elementor-section-height-default\" data-id=\"529044d\" data-element_type=\"section\" data-e-type=\"section\">\n\t\t\t\t\t\t<div class=\"elementor-container elementor-column-gap-default\">\n\t\t\t\t\t<div class=\"elementor-column elementor-col-100 elementor-top-column elementor-element elementor-element-09ecab8\" data-id=\"09ecab8\" data-element_type=\"column\" data-e-type=\"column\">\n\t\t\t<div class=\"elementor-widget-wrap elementor-element-populated\">\n\t\t\t\t\t\t<div class=\"elementor-element elementor-element-b7503d5 elementor-arrows-position-inside elementor-pagination-position-outside elementor-widget elementor-widget-image-carousel\" data-id=\"b7503d5\" data-element_type=\"widget\" data-e-type=\"widget\" data-settings=\"{&quot;slides_to_show&quot;:&quot;1&quot;,&quot;navigation&quot;:&quot;both&quot;,&quot;autoplay&quot;:&quot;yes&quot;,&quot;pause_on_hover&quot;:&quot;yes&quot;,&quot;pause_on_interaction&quot;:&quot;yes&quot;,&quot;autoplay_speed&quot;:5000,&quot;infinite&quot;:&quot;yes&quot;,&quot;effect&quot;:&quot;slide&quot;,&quot;speed&quot;:500}\" data-widget_type=\"image-carousel.default\">\n\t\t\t\t\t\t\t<div class=\"elementor-image-carousel-wrapper swiper\" role=\"region\" aria-roledescription=\"carousel\" aria-label=\"Carrusel de im\u00e1genes\" dir=\"ltr\">\n\t\t\t<div class=\"elementor-image-carousel swiper-wrapper\" aria-live=\"off\">\n\t\t\t\t\t\t\t\t<div class=\"swiper-slide\" role=\"group\" aria-roledescription=\"slide\" aria-label=\"1 de 4\"><figure class=\"swiper-slide-inner\"><img decoding=\"async\" class=\"swiper-slide-image\" src=\"https:\/\/soymigrante.com\/revista\/wp-content\/uploads\/2023\/07\/Trabajo-de-jovenes-en-la-trasportacion-de-papas-768x512.webp\" alt=\"Trabajo de j\u00f3venes en la trasportaci\u00f3n de papas\" \/><\/figure><\/div><div class=\"swiper-slide\" role=\"group\" aria-roledescription=\"slide\" aria-label=\"2 de 4\"><figure class=\"swiper-slide-inner\"><img decoding=\"async\" class=\"swiper-slide-image\" src=\"https:\/\/soymigrante.com\/revista\/wp-content\/uploads\/2023\/07\/Trabajan-mayormente-hombres-en-la-carga-y-descarga-de-costales-768x512.webp\" alt=\"Trabajan mayormente hombres en la carga y descarga de costales\" \/><\/figure><\/div><div class=\"swiper-slide\" role=\"group\" aria-roledescription=\"slide\" aria-label=\"3 de 4\"><figure class=\"swiper-slide-inner\"><img decoding=\"async\" class=\"swiper-slide-image\" src=\"https:\/\/soymigrante.com\/revista\/wp-content\/uploads\/2023\/07\/Costales-llenos-de-papas-son-comprados-o-vendidos-en-el-centro-de-mayoreo-768x512.webp\" alt=\"Costales llenos de papas son comprados o vendidos en el centro de mayoreo\" \/><\/figure><\/div><div class=\"swiper-slide\" role=\"group\" aria-roledescription=\"slide\" aria-label=\"4 de 4\"><figure class=\"swiper-slide-inner\"><img decoding=\"async\" class=\"swiper-slide-image\" src=\"https:\/\/soymigrante.com\/revista\/wp-content\/uploads\/2023\/07\/Las-papas-son-vendidas-y-exportadas-a-distintas-partes-del-territorio-guatemalteco-768x512.webp\" alt=\"Las papas son vendidas y exportadas a distintas partes del territorio guatemalteco\" \/><\/figure><\/div>\t\t\t<\/div>\n\t\t\t\t\t\t\t\t\t\t\t\t<div class=\"elementor-swiper-button elementor-swiper-button-prev\" role=\"button\" tabindex=\"0\">\n\t\t\t\t\t\t<i aria-hidden=\"true\" class=\"eicon-chevron-left\"><\/i>\t\t\t\t\t<\/div>\n\t\t\t\t\t<div class=\"elementor-swiper-button elementor-swiper-button-next\" role=\"button\" tabindex=\"0\">\n\t\t\t\t\t\t<i aria-hidden=\"true\" class=\"eicon-chevron-right\"><\/i>\t\t\t\t\t<\/div>\n\t\t\t\t\n\t\t\t\t\t\t\t\t\t<div class=\"swiper-pagination\"><\/div>\n\t\t\t\t\t\t\t\t\t<\/div>\n\t\t\t\t\t\t<\/div>\n\t\t\t\t\t<\/div>\n\t\t<\/div>\n\t\t\t\t\t<\/div>\n\t\t<\/section>\n\t\t\t\t<\/div>\n\t\t","protected":false},"excerpt":{"rendered":"<p>El Centro de Mayoreo de Concepci\u00f3n Chiquirichapa, Quetzaltenango alberga a los productores agr\u00edcolas. Alrededor de 35 mil productores al a\u00f1o sostienen la econom\u00eda local en la venta y exportaci\u00f3n de hortalizas principalmente la papa Centro de Mayoreo de Hortalizas en Concepci\u00f3n Chiquirichapa, Quetzaltenango El Centro de mayoreo Concepci\u00f3n Chiquirichapa El centro de mayoreo de hortalizas [&hellip;]<\/p>\n","protected":false},"author":10,"featured_media":1919,"comment_status":"open","ping_status":"open","sticky":false,"template":"","format":"standard","meta":{"_acf_changed":false,"_eb_attr":"","footnotes":""},"categories":[58],"tags":[],"class_list":["post-1909","post","type-post","status-publish","format-standard","has-post-thumbnail","hentry","category-guate-nuestra"],"acf":[],"aioseo_notices":[],"aioseo_head":"\n\t\t<!-- All in One SEO Pro 4.9.6.2 - aioseo.com -->\n\t<meta name=\"description\" content=\"Concepci\u00f3n Chiquirichapa se destaca por su producci\u00f3n agr\u00edcola, siendo un pilar econ\u00f3mico en Quetzaltenango y fuente de esperanza para sus habitantes.\" \/>\n\t<meta name=\"robots\" content=\"max-snippet:-1, max-image-preview:large, max-video-preview:-1\" \/>\n\t<meta name=\"author\" content=\"Diana Batz\"\/>\n\t<link rel=\"canonical\" href=\"https:\/\/soymigrante.com\/revista\/concepcion-chiquirichapa-agricultura-quetzaltenango\/\" \/>\n\t<meta name=\"generator\" content=\"All in One SEO Pro (AIOSEO) 4.9.6.2\" \/>\n\n\t\t<link rel=\"preconnect\" href=\"https:\/\/fonts.googleapis.com\" crossorigin>\n<link rel=\"preconnect\" href=\"https:\/\/fonts.gstatic.com\" crossorigin>\n\t\t<meta property=\"og:locale\" content=\"es_ES\" \/>\n\t\t<meta property=\"og:site_name\" content=\"SoyMigrante.com REVISTA \u2013 Nuestra misi\u00f3n es reconocer y dignificar al migrante.\" \/>\n\t\t<meta property=\"og:type\" content=\"article\" \/>\n\t\t<meta property=\"og:title\" content=\"Concepci\u00f3n Chiquirichapa: un pueblo de hortalizas y grandes esperanzas\" \/>\n\t\t<meta property=\"og:description\" content=\"Concepci\u00f3n Chiquirichapa se destaca por su producci\u00f3n agr\u00edcola, siendo un pilar econ\u00f3mico en Quetzaltenango y fuente de esperanza para sus habitantes.\" \/>\n\t\t<meta property=\"og:url\" content=\"https:\/\/soymigrante.com\/revista\/concepcion-chiquirichapa-agricultura-quetzaltenango\/\" \/>\n\t\t<meta property=\"og:image\" content=\"https:\/\/soymigrante.com\/revista\/wp-content\/uploads\/2023\/07\/Paulina-Sanchez-trabaja-desde-los-17-anos-de-edad-trabajo-que-heredo-de-su-familia-scaled.webp\" \/>\n\t\t<meta property=\"og:image:secure_url\" content=\"https:\/\/soymigrante.com\/revista\/wp-content\/uploads\/2023\/07\/Paulina-Sanchez-trabaja-desde-los-17-anos-de-edad-trabajo-que-heredo-de-su-familia-scaled.webp\" \/>\n\t\t<meta property=\"og:image:width\" content=\"1920\" \/>\n\t\t<meta property=\"og:image:height\" content=\"1280\" \/>\n\t\t<meta property=\"article:published_time\" content=\"2023-07-26T23:35:50+00:00\" \/>\n\t\t<meta property=\"article:modified_time\" content=\"2024-07-31T12:22:24+00:00\" \/>\n\t\t<meta property=\"article:publisher\" content=\"https:\/\/www.facebook.com\/soymigrantecom\" \/>\n\t\t<meta name=\"twitter:card\" content=\"summary_large_image\" \/>\n\t\t<meta name=\"twitter:site\" content=\"@SoyMigrante_com\" \/>\n\t\t<meta name=\"twitter:title\" content=\"Concepci\u00f3n Chiquirichapa: un pueblo de hortalizas y grandes esperanzas\" \/>\n\t\t<meta name=\"twitter:description\" content=\"Concepci\u00f3n Chiquirichapa se destaca por su producci\u00f3n agr\u00edcola, siendo un pilar econ\u00f3mico en Quetzaltenango y fuente de esperanza para sus habitantes.\" \/>\n\t\t<meta name=\"twitter:creator\" content=\"@SoyMigrante_com\" \/>\n\t\t<meta name=\"twitter:image\" content=\"https:\/\/soymigrante.com\/revista\/wp-content\/uploads\/2023\/07\/Paulina-Sanchez-trabaja-desde-los-17-anos-de-edad-trabajo-que-heredo-de-su-familia-scaled.webp\" \/>\n\t\t<!-- All in One SEO Pro -->\r\n\t\t<title>Concepci\u00f3n Chiquirichapa: un pueblo de hortalizas y grandes esperanzas<\/title>\n\n","aioseo_head_json":{"title":"Concepci\u00f3n Chiquirichapa: un pueblo de hortalizas y grandes esperanzas","description":"Concepci\u00f3n Chiquirichapa se destaca por su producci\u00f3n agr\u00edcola, siendo un pilar econ\u00f3mico en Quetzaltenango y fuente de esperanza para sus habitantes.","canonical_url":"https:\/\/soymigrante.com\/revista\/concepcion-chiquirichapa-agricultura-quetzaltenango\/","robots":"max-snippet:-1, max-image-preview:large, max-video-preview:-1","keywords":"","webmasterTools":{"miscellaneous":"&lt;link rel=\"preconnect\" href=\"https:\/\/fonts.googleapis.com\" crossorigin&gt;\n&lt;link rel=\"preconnect\" href=\"https:\/\/fonts.gstatic.com\" crossorigin&gt;"},"schema":null,"og:locale":"es_ES","og:site_name":"SoyMigrante.com REVISTA \u2013 Nuestra misi\u00f3n es reconocer y dignificar al migrante.","og:type":"article","og:title":"Concepci\u00f3n Chiquirichapa: un pueblo de hortalizas y grandes esperanzas","og:description":"Concepci\u00f3n Chiquirichapa se destaca por su producci\u00f3n agr\u00edcola, siendo un pilar econ\u00f3mico en Quetzaltenango y fuente de esperanza para sus habitantes.","og:url":"https:\/\/soymigrante.com\/revista\/concepcion-chiquirichapa-agricultura-quetzaltenango\/","og:image":"https:\/\/soymigrante.com\/revista\/wp-content\/uploads\/2023\/07\/Paulina-Sanchez-trabaja-desde-los-17-anos-de-edad-trabajo-que-heredo-de-su-familia-scaled.webp","og:image:secure_url":"https:\/\/soymigrante.com\/revista\/wp-content\/uploads\/2023\/07\/Paulina-Sanchez-trabaja-desde-los-17-anos-de-edad-trabajo-que-heredo-de-su-familia-scaled.webp","og:image:width":1920,"og:image:height":1280,"article:published_time":"2023-07-26T23:35:50+00:00","article:modified_time":"2024-07-31T12:22:24+00:00","article:publisher":"https:\/\/www.facebook.com\/soymigrantecom","twitter:card":"summary_large_image","twitter:site":"@SoyMigrante_com","twitter:title":"Concepci\u00f3n Chiquirichapa: un pueblo de hortalizas y grandes esperanzas","twitter:description":"Concepci\u00f3n Chiquirichapa se destaca por su producci\u00f3n agr\u00edcola, siendo un pilar econ\u00f3mico en Quetzaltenango y fuente de esperanza para sus habitantes.","twitter:creator":"@SoyMigrante_com","twitter:image":"https:\/\/soymigrante.com\/revista\/wp-content\/uploads\/2023\/07\/Paulina-Sanchez-trabaja-desde-los-17-anos-de-edad-trabajo-que-heredo-de-su-familia-scaled.webp"},"aioseo_meta_data":{"post_id":"1909","title":"#post_title","description":"Concepci\u00f3n Chiquirichapa se destaca por su producci\u00f3n agr\u00edcola, siendo un pilar econ\u00f3mico en Quetzaltenango y fuente de esperanza para sus habitantes.","keywords":[],"keyphrases":{"focus":{"keyphrase":"Concepci\u00f3n Chiquirichapa","score":82,"analysis":{"keyphraseInTitle":{"score":9,"maxScore":9,"error":0},"keyphraseInDescription":{"score":9,"maxScore":9,"error":0},"keyphraseLength":{"score":9,"maxScore":9,"error":0,"length":3},"keyphraseInURL":{"score":5,"maxScore":5,"error":0},"keyphraseInIntroduction":{"score":3,"maxScore":9,"error":1},"keyphraseInSubHeadings":{"score":3,"maxScore":9,"error":1},"keyphraseInImageAlt":{"score":9,"maxScore":9,"error":0},"keywordDensity":{"type":"best","score":9,"maxScore":9,"error":0}}},"additional":[]},"primary_term":null,"canonical_url":null,"og_title":null,"og_description":null,"og_object_type":"default","og_image_type":"default","og_image_url":null,"og_image_width":null,"og_image_height":null,"og_image_custom_url":null,"og_image_custom_fields":null,"og_video":"","og_custom_url":null,"og_article_section":null,"og_article_tags":[],"twitter_use_og":false,"twitter_card":"default","twitter_image_type":"default","twitter_image_url":null,"twitter_image_custom_url":null,"twitter_image_custom_fields":null,"twitter_title":null,"twitter_description":null,"schema":{"blockGraphs":[],"customGraphs":[],"default":{"data":{"Article":[],"Course":[],"Dataset":[],"FAQPage":[],"Movie":[],"Person":[],"Product":[],"ProductReview":[],"Car":[],"Recipe":[],"Service":[],"SoftwareApplication":[],"WebPage":[]},"graphName":"BlogPosting","isEnabled":true},"graphs":[]},"schema_type":"default","schema_type_options":null,"pillar_content":false,"robots_default":true,"robots_noindex":false,"robots_noarchive":false,"robots_nosnippet":false,"robots_nofollow":false,"robots_noimageindex":false,"robots_noodp":false,"robots_notranslate":false,"robots_max_snippet":"-1","robots_max_videopreview":"-1","robots_max_imagepreview":"large","priority":null,"frequency":"default","local_seo":null,"seo_analyzer_scan_date":"2025-10-08 20:09:49","breadcrumb_settings":null,"limit_modified_date":false,"reviewed_by":null,"open_ai":null,"ai":null,"created":"2023-08-18 14:28:33","updated":"2026-02-04 09:11:46"},"aioseo_breadcrumb":"<div class=\"aioseo-breadcrumbs\"><span class=\"aioseo-breadcrumb\">\n\t<a href=\"https:\/\/soymigrante.com\/revista\" title=\"Home\">Home<\/a>\n<\/span><span class=\"aioseo-breadcrumb-separator\">\u00bb<\/span><span class=\"aioseo-breadcrumb\">\n\t<a href=\"https:\/\/soymigrante.com\/revista\/category\/guate-nuestra\/\" title=\"Guate Nuestra\">Guate Nuestra<\/a>\n<\/span><span class=\"aioseo-breadcrumb-separator\">\u00bb<\/span><span class=\"aioseo-breadcrumb\">\n\tConcepci\u00f3n Chiquirichapa: un pueblo de hortalizas y grandes esperanzas\n<\/span><\/div>","aioseo_breadcrumb_json":[{"label":"Home","link":"https:\/\/soymigrante.com\/revista"},{"label":"Guate Nuestra","link":"https:\/\/soymigrante.com\/revista\/category\/guate-nuestra\/"},{"label":"Concepci\u00f3n Chiquirichapa: un pueblo de hortalizas y grandes esperanzas","link":"https:\/\/soymigrante.com\/revista\/concepcion-chiquirichapa-agricultura-quetzaltenango\/"}],"_links":{"self":[{"href":"https:\/\/soymigrante.com\/revista\/wp-json\/wp\/v2\/posts\/1909","targetHints":{"allow":["GET"]}}],"collection":[{"href":"https:\/\/soymigrante.com\/revista\/wp-json\/wp\/v2\/posts"}],"about":[{"href":"https:\/\/soymigrante.com\/revista\/wp-json\/wp\/v2\/types\/post"}],"author":[{"embeddable":true,"href":"https:\/\/soymigrante.com\/revista\/wp-json\/wp\/v2\/users\/10"}],"replies":[{"embeddable":true,"href":"https:\/\/soymigrante.com\/revista\/wp-json\/wp\/v2\/comments?post=1909"}],"version-history":[{"count":0,"href":"https:\/\/soymigrante.com\/revista\/wp-json\/wp\/v2\/posts\/1909\/revisions"}],"wp:featuredmedia":[{"embeddable":true,"href":"https:\/\/soymigrante.com\/revista\/wp-json\/wp\/v2\/media\/1919"}],"wp:attachment":[{"href":"https:\/\/soymigrante.com\/revista\/wp-json\/wp\/v2\/media?parent=1909"}],"wp:term":[{"taxonomy":"category","embeddable":true,"href":"https:\/\/soymigrante.com\/revista\/wp-json\/wp\/v2\/categories?post=1909"},{"taxonomy":"post_tag","embeddable":true,"href":"https:\/\/soymigrante.com\/revista\/wp-json\/wp\/v2\/tags?post=1909"}],"curies":[{"name":"wp","href":"https:\/\/api.w.org\/{rel}","templated":true}]}}