{"id":1882,"date":"2023-07-24T19:01:11","date_gmt":"2023-07-24T19:01:11","guid":{"rendered":"https:\/\/soymigrante.com\/revista\/?p=1882"},"modified":"2024-07-31T07:02:20","modified_gmt":"2024-07-31T13:02:20","slug":"hector-sanchez-migrante-resiliente-guatemala","status":"publish","type":"post","link":"https:\/\/soymigrante.com\/revista\/hector-sanchez-migrante-resiliente-guatemala\/","title":{"rendered":"S\u00e1nchez: De migrante a agricultor resiliente en Guatemala"},"content":{"rendered":"\t\t<div data-elementor-type=\"wp-post\" data-elementor-id=\"1882\" class=\"elementor elementor-1882\" data-elementor-post-type=\"post\">\n\t\t\t\t\t\t<section data-particle_enable=\"false\" data-particle-mobile-disabled=\"false\" class=\"elementor-section elementor-top-section elementor-element elementor-element-912dade elementor-section-boxed elementor-section-height-default elementor-section-height-default\" data-id=\"912dade\" data-element_type=\"section\" data-e-type=\"section\">\n\t\t\t\t\t\t<div class=\"elementor-container elementor-column-gap-default\">\n\t\t\t\t\t<div class=\"elementor-column elementor-col-100 elementor-top-column elementor-element elementor-element-38f7747\" data-id=\"38f7747\" data-element_type=\"column\" data-e-type=\"column\">\n\t\t\t<div class=\"elementor-widget-wrap elementor-element-populated\">\n\t\t\t\t\t\t<div class=\"elementor-element elementor-element-a90c444 elementor-widget elementor-widget-heading\" data-id=\"a90c444\" data-element_type=\"widget\" data-e-type=\"widget\" data-widget_type=\"heading.default\">\n\t\t\t\t\t<h2 class=\"elementor-heading-title elementor-size-default\">El migrante guatemalteco H\u00e9ctor S\u00e1nchez estuvo en Estados Unidos y  regres\u00f3 a su tierra natal por decisi\u00f3n propia. Sufri\u00f3 un accidente que lo dej\u00f3 en silla de ruedas, pero no se rinde:  su actitud es una lecci\u00f3n de vida. <\/h2>\t\t\t\t<\/div>\n\t\t\t\t\t<\/div>\n\t\t<\/div>\n\t\t\t\t\t<\/div>\n\t\t<\/section>\n\t\t\t\t<section data-particle_enable=\"false\" data-particle-mobile-disabled=\"false\" class=\"elementor-section elementor-top-section elementor-element elementor-element-b1169fa elementor-section-boxed elementor-section-height-default elementor-section-height-default\" data-id=\"b1169fa\" data-element_type=\"section\" data-e-type=\"section\">\n\t\t\t\t\t\t<div class=\"elementor-container elementor-column-gap-default\">\n\t\t\t\t\t<div class=\"elementor-column elementor-col-100 elementor-top-column elementor-element elementor-element-9b94474\" data-id=\"9b94474\" data-element_type=\"column\" data-e-type=\"column\">\n\t\t\t<div class=\"elementor-widget-wrap elementor-element-populated\">\n\t\t\t\t\t\t<div class=\"elementor-element elementor-element-d8f706e elementor-widget elementor-widget-image\" data-id=\"d8f706e\" data-element_type=\"widget\" data-e-type=\"widget\" data-widget_type=\"image.default\">\n\t\t\t\t\t\t\t\t\t\t\t\t<figure class=\"wp-caption\">\n\t\t\t\t\t\t\t\t\t\t<img fetchpriority=\"high\" decoding=\"async\" width=\"768\" height=\"512\" src=\"https:\/\/soymigrante.com\/revista\/wp-content\/uploads\/2023\/07\/Hector-cuida-de-su-vivienda-se-ubica-en-Concepcion-Chiquirichapa-Quetzaltenango-1024x683.webp\" class=\"attachment-large size-large wp-image-1876\" alt=\"H\u00e9ctor cuida de su vivienda se ubica en Concepci\u00f3n Chiquirichapa Quetzaltenango\" srcset=\"https:\/\/soymigrante.com\/revista\/wp-content\/uploads\/2023\/07\/Hector-cuida-de-su-vivienda-se-ubica-en-Concepcion-Chiquirichapa-Quetzaltenango-1024x683.webp 1024w, https:\/\/soymigrante.com\/revista\/wp-content\/uploads\/2023\/07\/Hector-cuida-de-su-vivienda-se-ubica-en-Concepcion-Chiquirichapa-Quetzaltenango-300x200.webp 300w, https:\/\/soymigrante.com\/revista\/wp-content\/uploads\/2023\/07\/Hector-cuida-de-su-vivienda-se-ubica-en-Concepcion-Chiquirichapa-Quetzaltenango-768x512.webp 768w, https:\/\/soymigrante.com\/revista\/wp-content\/uploads\/2023\/07\/Hector-cuida-de-su-vivienda-se-ubica-en-Concepcion-Chiquirichapa-Quetzaltenango-1536x1024.webp 1536w, https:\/\/soymigrante.com\/revista\/wp-content\/uploads\/2023\/07\/Hector-cuida-de-su-vivienda-se-ubica-en-Concepcion-Chiquirichapa-Quetzaltenango-scaled.webp 1920w, https:\/\/soymigrante.com\/revista\/wp-content\/uploads\/2023\/07\/Hector-cuida-de-su-vivienda-se-ubica-en-Concepcion-Chiquirichapa-Quetzaltenango-750x500.webp 750w, https:\/\/soymigrante.com\/revista\/wp-content\/uploads\/2023\/07\/Hector-cuida-de-su-vivienda-se-ubica-en-Concepcion-Chiquirichapa-Quetzaltenango-1140x760.webp 1140w, https:\/\/soymigrante.com\/revista\/wp-content\/uploads\/2023\/07\/Hector-cuida-de-su-vivienda-se-ubica-en-Concepcion-Chiquirichapa-Quetzaltenango-600x400.webp 600w\" sizes=\"(max-width: 768px) 100vw, 768px\" title=\"H\u00e9ctor cuida de su vivienda se ubica en Concepci\u00f3n Chiquirichapa Quetzaltenango \u2013 SoyMigrante.com REVISTA\" \/>\t\t\t\t\t\t\t\t\t\t\t<figcaption class=\"widget-image-caption wp-caption-text\">H\u00e9ctor cuida de su vivienda se ubica en Concepci\u00f3n Chiquirichapa Quetzaltenango<\/figcaption>\n\t\t\t\t\t\t\t\t\t\t<\/figure>\n\t\t\t\t\t\t\t\t\t<\/div>\n\t\t\t\t\t<\/div>\n\t\t<\/div>\n\t\t\t\t\t<\/div>\n\t\t<\/section>\n\t\t\t\t<section data-particle_enable=\"false\" data-particle-mobile-disabled=\"false\" class=\"elementor-section elementor-top-section elementor-element elementor-element-83b4490 elementor-section-boxed elementor-section-height-default elementor-section-height-default\" data-id=\"83b4490\" data-element_type=\"section\" data-e-type=\"section\">\n\t\t\t\t\t\t<div class=\"elementor-container elementor-column-gap-default\">\n\t\t\t\t\t<div class=\"elementor-column elementor-col-100 elementor-top-column elementor-element elementor-element-1f2bf9a\" data-id=\"1f2bf9a\" data-element_type=\"column\" data-e-type=\"column\">\n\t\t\t<div class=\"elementor-widget-wrap elementor-element-populated\">\n\t\t\t\t\t\t<div class=\"elementor-element elementor-element-4c1312d elementor-widget elementor-widget-heading\" data-id=\"4c1312d\" data-element_type=\"widget\" data-e-type=\"widget\" data-widget_type=\"heading.default\">\n\t\t\t\t\t<h3 class=\"elementor-heading-title elementor-size-default\">Una \u00e9poca dif\u00edcil <\/h3>\t\t\t\t<\/div>\n\t\t\t\t<div class=\"elementor-element elementor-element-86d84cd elementor-widget elementor-widget-text-editor\" data-id=\"86d84cd\" data-element_type=\"widget\" data-e-type=\"widget\" data-widget_type=\"text-editor.default\">\n\t\t\t\t\t\t\t\t\t<p><span style=\"font-weight: 400;\">H\u00e9ctor S\u00e1nchez, es agricultor, oriundo del barrio San Marcos, Concepci\u00f3n Chiquirichapa, Quetzaltenango.\u00a0<\/span><span style=\"font-weight: 400; color: var( --e-global-color-text ); background-color: var(--ak-bg-color);\">Por necesidades econ\u00f3micas viaj\u00f3 a Estados Unidos como migrante en el a\u00f1o 2000.\u00a0 Permaneci\u00f3 durante cinco a\u00f1os en ese pa\u00eds. Trabaj\u00f3 en \u00e1reas de construcci\u00f3n, en empresas de mudanza, jardiner\u00eda entre muchos. Despu\u00e9s de un largo tiempo decidi\u00f3 regresar a Guatemala y retomar su trabajo como agricultor.<\/span><\/p><p><span style=\"font-weight: 400;\">\u201cTen\u00eda 35 a\u00f1os, cuando yo me fui. Regres\u00e9 voluntariamente, porque me gan\u00f3 la desesperaci\u00f3n y el trabajo es muy duro &#8220;,\u00a0 cuenta H\u00e9ctor, quien considera haber sido afortunado al haber podido volver a su tierra.\u00a0 &#8220;<\/span><span style=\"font-weight: 400; color: var( --e-global-color-text ); background-color: var(--ak-bg-color);\">No todos corren con la misma suerte&#8221;, dice H\u00e9ctor.\u00a0<\/span><\/p><p><span style=\"font-weight: 400; color: var( --e-global-color-text ); background-color: var(--ak-bg-color);\">La situaci\u00f3n a su retorno no fue para nada sencilla. Las oportunidades eran pocas para emprender o generar ingresos. Esto le desanim\u00f3 y le caus\u00f3 muchos sinsabores.\u00a0<\/span><\/p>\t\t\t\t\t\t\t\t<\/div>\n\t\t\t\t\t<\/div>\n\t\t<\/div>\n\t\t\t\t\t<\/div>\n\t\t<\/section>\n\t\t\t\t<section data-particle_enable=\"false\" data-particle-mobile-disabled=\"false\" class=\"elementor-section elementor-top-section elementor-element elementor-element-8f8b877 elementor-section-boxed elementor-section-height-default elementor-section-height-default\" data-id=\"8f8b877\" data-element_type=\"section\" data-e-type=\"section\">\n\t\t\t\t\t\t<div class=\"elementor-container elementor-column-gap-default\">\n\t\t\t\t\t<div class=\"elementor-column elementor-col-100 elementor-top-column elementor-element elementor-element-1fa766d\" data-id=\"1fa766d\" data-element_type=\"column\" data-e-type=\"column\">\n\t\t\t<div class=\"elementor-widget-wrap elementor-element-populated\">\n\t\t\t\t\t\t<div class=\"elementor-element elementor-element-6aa6c37 elementor-widget elementor-widget-google_maps\" data-id=\"6aa6c37\" data-element_type=\"widget\" data-e-type=\"widget\" data-widget_type=\"google_maps.default\">\n\t\t\t\t\t\t\t<div class=\"elementor-custom-embed\">\n\t\t\t<iframe loading=\"lazy\"\n\t\t\t\t\tsrc=\"https:\/\/maps.google.com\/maps?q=Barrio%20San%20Marcos%2C%20Concepcion%20Chiquirichapa&#038;t=m&#038;z=11&#038;output=embed&#038;iwloc=near\"\n\t\t\t\t\ttitle=\"Barrio San Marcos, Concepcion Chiquirichapa\"\n\t\t\t\t\taria-label=\"Barrio San Marcos, Concepcion Chiquirichapa\"\n\t\t\t><\/iframe>\n\t\t<\/div>\n\t\t\t\t\t\t<\/div>\n\t\t\t\t\t<\/div>\n\t\t<\/div>\n\t\t\t\t\t<\/div>\n\t\t<\/section>\n\t\t\t\t<section data-particle_enable=\"false\" data-particle-mobile-disabled=\"false\" class=\"elementor-section elementor-top-section elementor-element elementor-element-4d2bf99 elementor-section-boxed elementor-section-height-default elementor-section-height-default\" data-id=\"4d2bf99\" data-element_type=\"section\" data-e-type=\"section\">\n\t\t\t\t\t\t<div class=\"elementor-container elementor-column-gap-default\">\n\t\t\t\t\t<div class=\"elementor-column elementor-col-100 elementor-top-column elementor-element elementor-element-c5c73dc\" data-id=\"c5c73dc\" data-element_type=\"column\" data-e-type=\"column\">\n\t\t\t<div class=\"elementor-widget-wrap elementor-element-populated\">\n\t\t\t\t\t\t<div class=\"elementor-element elementor-element-28e1a43 elementor-widget elementor-widget-heading\" data-id=\"28e1a43\" data-element_type=\"widget\" data-e-type=\"widget\" data-widget_type=\"heading.default\">\n\t\t\t\t\t<h2 class=\"elementor-heading-title elementor-size-default\">Barrera adicional fue dr\u00e1stico cambio<\/h2>\t\t\t\t<\/div>\n\t\t\t\t\t<\/div>\n\t\t<\/div>\n\t\t\t\t\t<\/div>\n\t\t<\/section>\n\t\t\t\t<section data-particle_enable=\"false\" data-particle-mobile-disabled=\"false\" class=\"elementor-section elementor-top-section elementor-element elementor-element-bcb0f32 elementor-section-boxed elementor-section-height-default elementor-section-height-default\" data-id=\"bcb0f32\" data-element_type=\"section\" data-e-type=\"section\">\n\t\t\t\t\t\t<div class=\"elementor-container elementor-column-gap-default\">\n\t\t\t\t\t<div class=\"elementor-column elementor-col-100 elementor-top-column elementor-element elementor-element-e77f017\" data-id=\"e77f017\" data-element_type=\"column\" data-e-type=\"column\">\n\t\t\t<div class=\"elementor-widget-wrap elementor-element-populated\">\n\t\t\t\t\t\t<div class=\"elementor-element elementor-element-c87bc76 elementor-widget elementor-widget-text-editor\" data-id=\"c87bc76\" data-element_type=\"widget\" data-e-type=\"widget\" data-widget_type=\"text-editor.default\">\n\t\t\t\t\t\t\t\t\t<p><span style=\"font-weight: 400;\">\u00a0H\u00e9ctor reconoce que tom\u00f3 algunas decisiones equivocadas. Vivi\u00f3 varias situaciones dif\u00edciles y en 2015 sufri\u00f3 un accidente casero que lo dej\u00f3 en sillas de ruedas, un hecho que cambi\u00f3 por completo su vida. Expres\u00f3 que ante aquella inesperada barrera ten\u00eda dos opciones: salir adelante con los pocos recursos que le quedaban o darse por vencido.<\/span><\/p><p><span style=\"font-weight: 400;\">\u201cVoy a cumplir casi ocho a\u00f1os de estar en silla de ruedas, cuando sufr\u00ed el accidente, fue duro, los doctores me dijeron que me lastim\u00e9 la columna, perd\u00ed la movilidad de mis piernas y ya han pasado los a\u00f1os y he sentido algunos avances, y por eso doy gracias\u201d dice H\u00e9ctor.<\/span><\/p><p><span style=\"font-weight: 400;\">Despu\u00e9s del accidente H\u00e9ctor S\u00e1nchez aprendi\u00f3 a valorar la vida,\u00a0 aprovecharla con todo o lo poco que ten\u00eda. \u201cLa mayor riqueza es cuidar de nuestro cuerpo y estar sanos, porque uno puede trabajar y hacer muchas cosas\u201d, por lo cual invita a todos los guatemaltecos, dentro o fuera del pa\u00eds, a cuidarse y valorar la salud.<\/span><\/p>\t\t\t\t\t\t\t\t<\/div>\n\t\t\t\t\t<\/div>\n\t\t<\/div>\n\t\t\t\t\t<\/div>\n\t\t<\/section>\n\t\t\t\t<section data-particle_enable=\"false\" data-particle-mobile-disabled=\"false\" class=\"elementor-section elementor-top-section elementor-element elementor-element-ce5d2eb elementor-section-boxed elementor-section-height-default elementor-section-height-default\" data-id=\"ce5d2eb\" data-element_type=\"section\" data-e-type=\"section\">\n\t\t\t\t\t\t<div class=\"elementor-container elementor-column-gap-default\">\n\t\t\t\t\t<div class=\"elementor-column elementor-col-100 elementor-top-column elementor-element elementor-element-49c32a6\" data-id=\"49c32a6\" data-element_type=\"column\" data-e-type=\"column\">\n\t\t\t<div class=\"elementor-widget-wrap elementor-element-populated\">\n\t\t\t\t\t\t<div class=\"elementor-element elementor-element-eb96f31 elementor-widget elementor-widget-image\" data-id=\"eb96f31\" data-element_type=\"widget\" data-e-type=\"widget\" data-widget_type=\"image.default\">\n\t\t\t\t\t\t\t\t\t\t\t\t<figure class=\"wp-caption\">\n\t\t\t\t\t\t\t\t\t\t<img decoding=\"async\" width=\"768\" height=\"512\" src=\"https:\/\/soymigrante.com\/revista\/wp-content\/uploads\/2023\/07\/Una-etapa-dificil-para-Hector-vive-de-las-cosechas-1024x683.webp\" class=\"attachment-large size-large wp-image-1880\" alt=\"Una etapa dif\u00edcil para H\u00e9ctor S\u00e1nchez, vive de las cosechas\" srcset=\"https:\/\/soymigrante.com\/revista\/wp-content\/uploads\/2023\/07\/Una-etapa-dificil-para-Hector-vive-de-las-cosechas-1024x683.webp 1024w, https:\/\/soymigrante.com\/revista\/wp-content\/uploads\/2023\/07\/Una-etapa-dificil-para-Hector-vive-de-las-cosechas-300x200.webp 300w, https:\/\/soymigrante.com\/revista\/wp-content\/uploads\/2023\/07\/Una-etapa-dificil-para-Hector-vive-de-las-cosechas-768x512.webp 768w, https:\/\/soymigrante.com\/revista\/wp-content\/uploads\/2023\/07\/Una-etapa-dificil-para-Hector-vive-de-las-cosechas-1536x1024.webp 1536w, https:\/\/soymigrante.com\/revista\/wp-content\/uploads\/2023\/07\/Una-etapa-dificil-para-Hector-vive-de-las-cosechas-scaled.webp 1920w, https:\/\/soymigrante.com\/revista\/wp-content\/uploads\/2023\/07\/Una-etapa-dificil-para-Hector-vive-de-las-cosechas-750x500.webp 750w, https:\/\/soymigrante.com\/revista\/wp-content\/uploads\/2023\/07\/Una-etapa-dificil-para-Hector-vive-de-las-cosechas-1140x760.webp 1140w, https:\/\/soymigrante.com\/revista\/wp-content\/uploads\/2023\/07\/Una-etapa-dificil-para-Hector-vive-de-las-cosechas-600x400.jpg 600w\" sizes=\"(max-width: 768px) 100vw, 768px\" title=\"Una etapa dif\u00edcil para H\u00e9ctor, vive de las cosechas \u2013 SoyMigrante.com REVISTA\" \/>\t\t\t\t\t\t\t\t\t\t\t<figcaption class=\"widget-image-caption wp-caption-text\">Una etapa dif\u00edcil para H\u00e9ctor, vive de las cosechas<\/figcaption>\n\t\t\t\t\t\t\t\t\t\t<\/figure>\n\t\t\t\t\t\t\t\t\t<\/div>\n\t\t\t\t\t<\/div>\n\t\t<\/div>\n\t\t\t\t\t<\/div>\n\t\t<\/section>\n\t\t\t\t<section data-particle_enable=\"false\" data-particle-mobile-disabled=\"false\" class=\"elementor-section elementor-top-section elementor-element elementor-element-155cec3 elementor-section-boxed elementor-section-height-default elementor-section-height-default\" data-id=\"155cec3\" data-element_type=\"section\" data-e-type=\"section\">\n\t\t\t\t\t\t<div class=\"elementor-container elementor-column-gap-default\">\n\t\t\t\t\t<div class=\"elementor-column elementor-col-100 elementor-top-column elementor-element elementor-element-b387ab0\" data-id=\"b387ab0\" data-element_type=\"column\" data-e-type=\"column\">\n\t\t\t<div class=\"elementor-widget-wrap elementor-element-populated\">\n\t\t\t\t\t\t<div class=\"elementor-element elementor-element-933d435 elementor-widget elementor-widget-heading\" data-id=\"933d435\" data-element_type=\"widget\" data-e-type=\"widget\" data-widget_type=\"heading.default\">\n\t\t\t\t\t<h3 class=\"elementor-heading-title elementor-size-default\">La siembra da frutos\u00a0<\/h3>\t\t\t\t<\/div>\n\t\t\t\t<div class=\"elementor-element elementor-element-4284176 elementor-widget elementor-widget-text-editor\" data-id=\"4284176\" data-element_type=\"widget\" data-e-type=\"widget\" data-widget_type=\"text-editor.default\">\n\t\t\t\t\t\t\t\t\t<p><span style=\"font-weight: 400\">Desde los siete a\u00f1os de edad, aprendi\u00f3 el oficio de agricultor, le ha dado la oportunidad de vivir. A pesar de su condici\u00f3n H\u00e9ctor busc\u00f3 la manera de aprovechar su terreno y cultivar varios productos como: la papa, la zanahoria, br\u00f3coli y cebolla.\u00a0<\/span><\/p><p><span style=\"font-weight: 400\">Para lograr sobrevivir H\u00e9ctor, decidi\u00f3 cultivar sus productos y venderlos en el mercado local y en la central de papas de San Juan Ostuncalco, tambi\u00e9n aprovecha para su consumo diario.<\/span><\/p><p><span style=\"font-weight: 400\">La silla de ruedas le ha impedido poder movilizarse y trabajar como antes, por eso cuenta con la ayuda de otra persona quien siembra y trabaja la tierra en los sectores m\u00e1s dif\u00edciles de acceder.<\/span><\/p><p><span style=\"font-weight: 400\">Su sustento principal es la cosecha de sus productos locales, H\u00e9ctor vive solo y cuenta con el apoyo moral y f\u00edsico de vecinos y amigos, \u201cGracias a Dios tengo el apoyo de mis vecinos y algunos amigos, me visitan y me apoyan\u201d.\u00a0 Indica que el trabajo le ha permitido a \u00e9l enfocarse y dejar de estresarse.<\/span><\/p>\t\t\t\t\t\t\t\t<\/div>\n\t\t\t\t\t<\/div>\n\t\t<\/div>\n\t\t\t\t\t<\/div>\n\t\t<\/section>\n\t\t\t\t<section data-particle_enable=\"false\" data-particle-mobile-disabled=\"false\" class=\"elementor-section elementor-top-section elementor-element elementor-element-00b8c1d elementor-section-boxed elementor-section-height-default elementor-section-height-default\" data-id=\"00b8c1d\" data-element_type=\"section\" data-e-type=\"section\">\n\t\t\t\t\t\t<div class=\"elementor-container elementor-column-gap-default\">\n\t\t\t\t\t<div class=\"elementor-column elementor-col-100 elementor-top-column elementor-element elementor-element-f04d529\" data-id=\"f04d529\" data-element_type=\"column\" data-e-type=\"column\">\n\t\t\t<div class=\"elementor-widget-wrap elementor-element-populated\">\n\t\t\t\t\t\t<div class=\"elementor-element elementor-element-5b17b4a elementor-widget elementor-widget-image\" data-id=\"5b17b4a\" data-element_type=\"widget\" data-e-type=\"widget\" data-widget_type=\"image.default\">\n\t\t\t\t\t\t\t\t\t\t\t\t<figure class=\"wp-caption\">\n\t\t\t\t\t\t\t\t\t\t<img decoding=\"async\" width=\"768\" height=\"512\" src=\"https:\/\/soymigrante.com\/revista\/wp-content\/uploads\/2023\/07\/Para-la-siembra-cuenta-con-el-apoyo-de-otra-persona-los-productos-que-cosecha-se-venden-en-el-mercado-local-o-en-la-central-de-abasto-de-papas-1024x683.webp\" class=\"attachment-large size-large wp-image-1878\" alt=\"Para la siembra cuenta con el apoyo de otra persona, los productos que cosecha se venden en el mercado local o en la central de abasto de papas\" srcset=\"https:\/\/soymigrante.com\/revista\/wp-content\/uploads\/2023\/07\/Para-la-siembra-cuenta-con-el-apoyo-de-otra-persona-los-productos-que-cosecha-se-venden-en-el-mercado-local-o-en-la-central-de-abasto-de-papas-1024x683.webp 1024w, https:\/\/soymigrante.com\/revista\/wp-content\/uploads\/2023\/07\/Para-la-siembra-cuenta-con-el-apoyo-de-otra-persona-los-productos-que-cosecha-se-venden-en-el-mercado-local-o-en-la-central-de-abasto-de-papas-300x200.webp 300w, https:\/\/soymigrante.com\/revista\/wp-content\/uploads\/2023\/07\/Para-la-siembra-cuenta-con-el-apoyo-de-otra-persona-los-productos-que-cosecha-se-venden-en-el-mercado-local-o-en-la-central-de-abasto-de-papas-768x512.webp 768w, https:\/\/soymigrante.com\/revista\/wp-content\/uploads\/2023\/07\/Para-la-siembra-cuenta-con-el-apoyo-de-otra-persona-los-productos-que-cosecha-se-venden-en-el-mercado-local-o-en-la-central-de-abasto-de-papas-1536x1024.webp 1536w, https:\/\/soymigrante.com\/revista\/wp-content\/uploads\/2023\/07\/Para-la-siembra-cuenta-con-el-apoyo-de-otra-persona-los-productos-que-cosecha-se-venden-en-el-mercado-local-o-en-la-central-de-abasto-de-papas-scaled.webp 1920w, https:\/\/soymigrante.com\/revista\/wp-content\/uploads\/2023\/07\/Para-la-siembra-cuenta-con-el-apoyo-de-otra-persona-los-productos-que-cosecha-se-venden-en-el-mercado-local-o-en-la-central-de-abasto-de-papas-750x500.webp 750w, https:\/\/soymigrante.com\/revista\/wp-content\/uploads\/2023\/07\/Para-la-siembra-cuenta-con-el-apoyo-de-otra-persona-los-productos-que-cosecha-se-venden-en-el-mercado-local-o-en-la-central-de-abasto-de-papas-1140x760.webp 1140w, https:\/\/soymigrante.com\/revista\/wp-content\/uploads\/2023\/07\/Para-la-siembra-cuenta-con-el-apoyo-de-otra-persona-los-productos-que-cosecha-se-venden-en-el-mercado-local-o-en-la-central-de-abasto-de-papas-600x400.webp 600w\" sizes=\"(max-width: 768px) 100vw, 768px\" title=\"Para la siembra cuenta con el apoyo de otra persona, los productos que cosecha se venden en el mercado local o en la central de abasto de papas \u2013 SoyMigrante.com REVISTA\" \/>\t\t\t\t\t\t\t\t\t\t\t<figcaption class=\"widget-image-caption wp-caption-text\">Para la siembra cuenta con el apoyo de otra persona, los productos que cosecha se venden en el mercado local o en la central de abasto de papas<\/figcaption>\n\t\t\t\t\t\t\t\t\t\t<\/figure>\n\t\t\t\t\t\t\t\t\t<\/div>\n\t\t\t\t\t<\/div>\n\t\t<\/div>\n\t\t\t\t\t<\/div>\n\t\t<\/section>\n\t\t\t\t<section data-particle_enable=\"false\" data-particle-mobile-disabled=\"false\" class=\"elementor-section elementor-top-section elementor-element elementor-element-78bad53 elementor-section-boxed elementor-section-height-default elementor-section-height-default\" data-id=\"78bad53\" data-element_type=\"section\" data-e-type=\"section\">\n\t\t\t\t\t\t<div class=\"elementor-container elementor-column-gap-default\">\n\t\t\t\t\t<div class=\"elementor-column elementor-col-100 elementor-top-column elementor-element elementor-element-57f7574\" data-id=\"57f7574\" data-element_type=\"column\" data-e-type=\"column\">\n\t\t\t<div class=\"elementor-widget-wrap elementor-element-populated\">\n\t\t\t\t\t\t<div class=\"elementor-element elementor-element-84f1369 elementor-widget elementor-widget-heading\" data-id=\"84f1369\" data-element_type=\"widget\" data-e-type=\"widget\" data-widget_type=\"heading.default\">\n\t\t\t\t\t<h3 class=\"elementor-heading-title elementor-size-default\">La vida es una oportunidad<\/h3>\t\t\t\t<\/div>\n\t\t\t\t<div class=\"elementor-element elementor-element-6dd046d elementor-widget elementor-widget-text-editor\" data-id=\"6dd046d\" data-element_type=\"widget\" data-e-type=\"widget\" data-widget_type=\"text-editor.default\">\n\t\t\t\t\t\t\t\t\t<p><span style=\"font-weight: 400\">La vida para H\u00e9ctor actualmente se ha convertido en una traves\u00eda pero que le ha permitido disfrutar y aprovechar varios momentos con vecinos y amigos, el es considerado un ejemplo en su comunidad. Por eso lo visitan amigos y vecinos quienes le brindan\u00a0 v\u00edveres y recursos b\u00e1sicos.<\/span><\/p><p><span style=\"font-weight: 400\">\u201cEs importante apoyar a nuestros j\u00f3venes, si bien no hay trabajo, pero si se puede salir adelante, es lento pero seguro, debemos luchar y si piensan migrar, es importante tener objetivos claros para no caer en la desesperaci\u00f3n y tomar malas decisiones que pueden cambiar nuestro destino.\u201d Finaliza H\u00e9ctor.<\/span><\/p><p>H\u00e9ctor vive solo, es acompa\u00f1ado por amigos, se dedica al cuidado de su hogar, sus gallinas y tierras, a pesar de su condici\u00f3n se esfuerza y va declarando su historia con el fin de motivar a otras personas en especial a los j\u00f3venes para que puedan salir adelante.<\/p>\t\t\t\t\t\t\t\t<\/div>\n\t\t\t\t\t<\/div>\n\t\t<\/div>\n\t\t\t\t\t<\/div>\n\t\t<\/section>\n\t\t\t\t<section data-particle_enable=\"false\" data-particle-mobile-disabled=\"false\" class=\"elementor-section elementor-top-section elementor-element elementor-element-55ef41b elementor-section-boxed elementor-section-height-default elementor-section-height-default\" data-id=\"55ef41b\" data-element_type=\"section\" data-e-type=\"section\">\n\t\t\t\t\t\t<div class=\"elementor-container elementor-column-gap-default\">\n\t\t\t\t\t<div class=\"elementor-column elementor-col-100 elementor-top-column elementor-element elementor-element-8e33aeb\" data-id=\"8e33aeb\" data-element_type=\"column\" data-e-type=\"column\">\n\t\t\t<div class=\"elementor-widget-wrap elementor-element-populated\">\n\t\t\t\t\t\t<div class=\"elementor-element elementor-element-454f44d elementor-arrows-position-inside elementor-pagination-position-outside elementor-widget elementor-widget-image-carousel\" data-id=\"454f44d\" data-element_type=\"widget\" data-e-type=\"widget\" data-settings=\"{&quot;navigation&quot;:&quot;both&quot;,&quot;autoplay&quot;:&quot;yes&quot;,&quot;pause_on_hover&quot;:&quot;yes&quot;,&quot;pause_on_interaction&quot;:&quot;yes&quot;,&quot;autoplay_speed&quot;:5000,&quot;infinite&quot;:&quot;yes&quot;,&quot;speed&quot;:500}\" data-widget_type=\"image-carousel.default\">\n\t\t\t\t\t\t\t<div class=\"elementor-image-carousel-wrapper swiper\" role=\"region\" aria-roledescription=\"carousel\" aria-label=\"Carrusel de im\u00e1genes\" dir=\"ltr\">\n\t\t\t<div class=\"elementor-image-carousel swiper-wrapper\" aria-live=\"off\">\n\t\t\t\t\t\t\t\t<div class=\"swiper-slide\" role=\"group\" aria-roledescription=\"slide\" aria-label=\"1 de 3\"><figure class=\"swiper-slide-inner\"><img decoding=\"async\" class=\"swiper-slide-image\" src=\"https:\/\/soymigrante.com\/revista\/wp-content\/uploads\/2023\/07\/A-pesar-de-su-condicion-se-esfuerza-cada-dia-para-vivir-es-un-ejemplo-en-su-comunidad-150x150.webp\" alt=\"A pesar de su condici\u00f3n, se esfuerza cada d\u00eda para vivir es un ejemplo en su comunidad\" \/><figcaption class=\"elementor-image-carousel-caption\">H\u00e9ctor desde su regreso entro en depresi\u00f3n, se refugi\u00f3 en los vicios, sin embargo lucha constantemente para salir adelante<\/figcaption><\/figure><\/div><div class=\"swiper-slide\" role=\"group\" aria-roledescription=\"slide\" aria-label=\"2 de 3\"><figure class=\"swiper-slide-inner\"><img decoding=\"async\" class=\"swiper-slide-image\" src=\"https:\/\/soymigrante.com\/revista\/wp-content\/uploads\/2023\/07\/Hecor-Sanchez-prepara-sus-alimentos-150x150.webp\" alt=\"H\u00e9ctor S\u00e1nchez prepara sus alimentos, es una persona auto suficiente a pesar de estar en silla de ruedas\" \/><figcaption class=\"elementor-image-carousel-caption\">H\u00e9ctor S\u00e1nchez prepara sus alimentos, es una persona auto suficiente a pesar de estar en silla de ruedas<\/figcaption><\/figure><\/div><div class=\"swiper-slide\" role=\"group\" aria-roledescription=\"slide\" aria-label=\"3 de 3\"><figure class=\"swiper-slide-inner\"><img decoding=\"async\" class=\"swiper-slide-image\" src=\"https:\/\/soymigrante.com\/revista\/wp-content\/uploads\/2023\/07\/DSC_0127-150x150.webp\" alt=\"H\u00e9ctor es considerado un ejemplo de superaci\u00f3n personal para su comunidad.\" \/><figcaption class=\"elementor-image-carousel-caption\">H\u00e9ctor es considerado un ejemplo de superaci\u00f3n personal para su comunidad.<\/figcaption><\/figure><\/div>\t\t\t<\/div>\n\t\t\t\t\t\t\t\t\t\t\t\t<div class=\"elementor-swiper-button elementor-swiper-button-prev\" role=\"button\" tabindex=\"0\">\n\t\t\t\t\t\t<i aria-hidden=\"true\" class=\"eicon-chevron-left\"><\/i>\t\t\t\t\t<\/div>\n\t\t\t\t\t<div class=\"elementor-swiper-button elementor-swiper-button-next\" role=\"button\" tabindex=\"0\">\n\t\t\t\t\t\t<i aria-hidden=\"true\" class=\"eicon-chevron-right\"><\/i>\t\t\t\t\t<\/div>\n\t\t\t\t\n\t\t\t\t\t\t\t\t\t<div class=\"swiper-pagination\"><\/div>\n\t\t\t\t\t\t\t\t\t<\/div>\n\t\t\t\t\t\t<\/div>\n\t\t\t\t\t<\/div>\n\t\t<\/div>\n\t\t\t\t\t<\/div>\n\t\t<\/section>\n\t\t\t\t<\/div>\n\t\t","protected":false},"excerpt":{"rendered":"<p>El migrante guatemalteco H\u00e9ctor S\u00e1nchez estuvo en Estados Unidos y regres\u00f3 a su tierra natal por decisi\u00f3n propia. Sufri\u00f3 un accidente que lo dej\u00f3 en silla de ruedas, pero no se rinde: su actitud es una lecci\u00f3n de vida. H\u00e9ctor cuida de su vivienda se ubica en Concepci\u00f3n Chiquirichapa Quetzaltenango Una \u00e9poca dif\u00edcil H\u00e9ctor S\u00e1nchez, [&hellip;]<\/p>\n","protected":false},"author":10,"featured_media":1880,"comment_status":"open","ping_status":"open","sticky":false,"template":"","format":"standard","meta":{"_acf_changed":false,"_eb_attr":"","footnotes":""},"categories":[50],"tags":[],"class_list":["post-1882","post","type-post","status-publish","format-standard","has-post-thumbnail","hentry","category-exitos"],"acf":[],"aioseo_notices":[],"aioseo_head":"\n\t\t<!-- All in One SEO Pro 4.9.6.2 - aioseo.com -->\n\t<meta name=\"description\" content=\"Conoce la historia de H\u00e9ctor, un migrante que volvi\u00f3 a Guatemala y, a pesar de su discapacidad, sigue trabajando la tierra y siendo un ejemplo para su comunidad.\" \/>\n\t<meta name=\"robots\" content=\"max-snippet:-1, max-image-preview:large, max-video-preview:-1\" \/>\n\t<meta name=\"author\" content=\"Diana Batz\"\/>\n\t<link rel=\"canonical\" href=\"https:\/\/soymigrante.com\/revista\/hector-sanchez-migrante-resiliente-guatemala\/\" \/>\n\t<meta name=\"generator\" content=\"All in One SEO Pro (AIOSEO) 4.9.6.2\" \/>\n\n\t\t<link rel=\"preconnect\" href=\"https:\/\/fonts.googleapis.com\" crossorigin>\n<link rel=\"preconnect\" href=\"https:\/\/fonts.gstatic.com\" crossorigin>\n\t\t<meta property=\"og:locale\" content=\"es_ES\" \/>\n\t\t<meta property=\"og:site_name\" content=\"SoyMigrante.com REVISTA \u2013 Nuestra misi\u00f3n es reconocer y dignificar al migrante.\" \/>\n\t\t<meta property=\"og:type\" content=\"article\" \/>\n\t\t<meta property=\"og:title\" content=\"S\u00e1nchez: De migrante a agricultor resiliente en Guatemala\" \/>\n\t\t<meta property=\"og:description\" content=\"Conoce la historia de H\u00e9ctor, un migrante que volvi\u00f3 a Guatemala y, a pesar de su discapacidad, sigue trabajando la tierra y siendo un ejemplo para su comunidad.\" \/>\n\t\t<meta property=\"og:url\" content=\"https:\/\/soymigrante.com\/revista\/hector-sanchez-migrante-resiliente-guatemala\/\" \/>\n\t\t<meta property=\"og:image\" content=\"https:\/\/soymigrante.com\/revista\/wp-content\/uploads\/2023\/07\/Una-etapa-dificil-para-Hector-vive-de-las-cosechas-scaled.webp\" \/>\n\t\t<meta property=\"og:image:secure_url\" content=\"https:\/\/soymigrante.com\/revista\/wp-content\/uploads\/2023\/07\/Una-etapa-dificil-para-Hector-vive-de-las-cosechas-scaled.webp\" \/>\n\t\t<meta property=\"og:image:width\" content=\"1920\" \/>\n\t\t<meta property=\"og:image:height\" content=\"1280\" \/>\n\t\t<meta property=\"article:published_time\" content=\"2023-07-24T19:01:11+00:00\" \/>\n\t\t<meta property=\"article:modified_time\" content=\"2024-07-31T13:02:20+00:00\" \/>\n\t\t<meta property=\"article:publisher\" content=\"https:\/\/www.facebook.com\/soymigrantecom\" \/>\n\t\t<meta name=\"twitter:card\" content=\"summary_large_image\" \/>\n\t\t<meta name=\"twitter:site\" content=\"@SoyMigrante_com\" \/>\n\t\t<meta name=\"twitter:title\" content=\"S\u00e1nchez: De migrante a agricultor resiliente en Guatemala\" \/>\n\t\t<meta name=\"twitter:description\" content=\"Conoce la historia de H\u00e9ctor, un migrante que volvi\u00f3 a Guatemala y, a pesar de su discapacidad, sigue trabajando la tierra y siendo un ejemplo para su comunidad.\" \/>\n\t\t<meta name=\"twitter:creator\" content=\"@SoyMigrante_com\" \/>\n\t\t<meta name=\"twitter:image\" content=\"https:\/\/soymigrante.com\/revista\/wp-content\/uploads\/2023\/07\/Una-etapa-dificil-para-Hector-vive-de-las-cosechas-scaled.webp\" \/>\n\t\t<!-- All in One SEO Pro -->\r\n\t\t<title>S\u00e1nchez: De migrante a agricultor resiliente en Guatemala<\/title>\n\n","aioseo_head_json":{"title":"S\u00e1nchez: De migrante a agricultor resiliente en Guatemala","description":"Conoce la historia de H\u00e9ctor, un migrante que volvi\u00f3 a Guatemala y, a pesar de su discapacidad, sigue trabajando la tierra y siendo un ejemplo para su comunidad.","canonical_url":"https:\/\/soymigrante.com\/revista\/hector-sanchez-migrante-resiliente-guatemala\/","robots":"max-snippet:-1, max-image-preview:large, max-video-preview:-1","keywords":"","webmasterTools":{"miscellaneous":"&lt;link rel=\"preconnect\" href=\"https:\/\/fonts.googleapis.com\" crossorigin&gt;\n&lt;link rel=\"preconnect\" href=\"https:\/\/fonts.gstatic.com\" crossorigin&gt;"},"schema":null,"og:locale":"es_ES","og:site_name":"SoyMigrante.com REVISTA \u2013 Nuestra misi\u00f3n es reconocer y dignificar al migrante.","og:type":"article","og:title":"S\u00e1nchez: De migrante a agricultor resiliente en Guatemala","og:description":"Conoce la historia de H\u00e9ctor, un migrante que volvi\u00f3 a Guatemala y, a pesar de su discapacidad, sigue trabajando la tierra y siendo un ejemplo para su comunidad.","og:url":"https:\/\/soymigrante.com\/revista\/hector-sanchez-migrante-resiliente-guatemala\/","og:image":"https:\/\/soymigrante.com\/revista\/wp-content\/uploads\/2023\/07\/Una-etapa-dificil-para-Hector-vive-de-las-cosechas-scaled.webp","og:image:secure_url":"https:\/\/soymigrante.com\/revista\/wp-content\/uploads\/2023\/07\/Una-etapa-dificil-para-Hector-vive-de-las-cosechas-scaled.webp","og:image:width":1920,"og:image:height":1280,"article:published_time":"2023-07-24T19:01:11+00:00","article:modified_time":"2024-07-31T13:02:20+00:00","article:publisher":"https:\/\/www.facebook.com\/soymigrantecom","twitter:card":"summary_large_image","twitter:site":"@SoyMigrante_com","twitter:title":"S\u00e1nchez: De migrante a agricultor resiliente en Guatemala","twitter:description":"Conoce la historia de H\u00e9ctor, un migrante que volvi\u00f3 a Guatemala y, a pesar de su discapacidad, sigue trabajando la tierra y siendo un ejemplo para su comunidad.","twitter:creator":"@SoyMigrante_com","twitter:image":"https:\/\/soymigrante.com\/revista\/wp-content\/uploads\/2023\/07\/Una-etapa-dificil-para-Hector-vive-de-las-cosechas-scaled.webp"},"aioseo_meta_data":{"post_id":"1882","title":"#post_title","description":"Conoce la historia de H\u00e9ctor, un migrante que volvi\u00f3 a Guatemala y, a pesar de su discapacidad, sigue trabajando la tierra y siendo un ejemplo para su comunidad.","keywords":[],"keyphrases":{"focus":{"keyphrase":"migrante","score":60,"analysis":{"keyphraseInTitle":{"score":9,"maxScore":9,"error":0},"keyphraseInDescription":{"score":9,"maxScore":9,"error":0},"keyphraseLength":{"score":9,"maxScore":9,"error":0,"length":1},"keyphraseInURL":{"score":5,"maxScore":5,"error":0},"keyphraseInIntroduction":{"score":3,"maxScore":9,"error":1},"keyphraseInSubHeadings":{"score":3,"maxScore":9,"error":1},"keyphraseInImageAlt":{"score":3,"maxScore":9,"error":1},"keywordDensity":{"score":0,"type":"low","maxScore":9,"error":1}}},"additional":[]},"primary_term":null,"canonical_url":null,"og_title":null,"og_description":null,"og_object_type":"default","og_image_type":"default","og_image_url":null,"og_image_width":null,"og_image_height":null,"og_image_custom_url":null,"og_image_custom_fields":null,"og_video":"","og_custom_url":null,"og_article_section":null,"og_article_tags":[],"twitter_use_og":false,"twitter_card":"default","twitter_image_type":"default","twitter_image_url":null,"twitter_image_custom_url":null,"twitter_image_custom_fields":null,"twitter_title":null,"twitter_description":null,"schema":{"blockGraphs":[],"customGraphs":[],"default":{"data":{"Article":[],"Course":[],"Dataset":[],"FAQPage":[],"Movie":[],"Person":[],"Product":[],"ProductReview":[],"Car":[],"Recipe":[],"Service":[],"SoftwareApplication":[],"WebPage":[]},"graphName":"BlogPosting","isEnabled":true},"graphs":[]},"schema_type":"default","schema_type_options":null,"pillar_content":false,"robots_default":true,"robots_noindex":false,"robots_noarchive":false,"robots_nosnippet":false,"robots_nofollow":false,"robots_noimageindex":false,"robots_noodp":false,"robots_notranslate":false,"robots_max_snippet":"-1","robots_max_videopreview":"-1","robots_max_imagepreview":"large","priority":null,"frequency":"default","local_seo":null,"seo_analyzer_scan_date":"2025-10-08 20:08:08","breadcrumb_settings":null,"limit_modified_date":false,"reviewed_by":null,"open_ai":null,"ai":null,"created":"2023-08-18 14:24:30","updated":"2026-02-04 09:11:45"},"aioseo_breadcrumb":"<div class=\"aioseo-breadcrumbs\"><span class=\"aioseo-breadcrumb\">\n\t<a href=\"https:\/\/soymigrante.com\/revista\" title=\"Home\">Home<\/a>\n<\/span><span class=\"aioseo-breadcrumb-separator\">\u00bb<\/span><span class=\"aioseo-breadcrumb\">\n\t<a href=\"https:\/\/soymigrante.com\/revista\/category\/exitos\/\" title=\"\u00c9xitos\">\u00c9xitos<\/a>\n<\/span><span class=\"aioseo-breadcrumb-separator\">\u00bb<\/span><span class=\"aioseo-breadcrumb\">\n\tS\u00e1nchez: De migrante a agricultor resiliente en Guatemala\n<\/span><\/div>","aioseo_breadcrumb_json":[{"label":"Home","link":"https:\/\/soymigrante.com\/revista"},{"label":"\u00c9xitos","link":"https:\/\/soymigrante.com\/revista\/category\/exitos\/"},{"label":"S\u00e1nchez: De migrante a agricultor resiliente en Guatemala","link":"https:\/\/soymigrante.com\/revista\/hector-sanchez-migrante-resiliente-guatemala\/"}],"_links":{"self":[{"href":"https:\/\/soymigrante.com\/revista\/wp-json\/wp\/v2\/posts\/1882","targetHints":{"allow":["GET"]}}],"collection":[{"href":"https:\/\/soymigrante.com\/revista\/wp-json\/wp\/v2\/posts"}],"about":[{"href":"https:\/\/soymigrante.com\/revista\/wp-json\/wp\/v2\/types\/post"}],"author":[{"embeddable":true,"href":"https:\/\/soymigrante.com\/revista\/wp-json\/wp\/v2\/users\/10"}],"replies":[{"embeddable":true,"href":"https:\/\/soymigrante.com\/revista\/wp-json\/wp\/v2\/comments?post=1882"}],"version-history":[{"count":0,"href":"https:\/\/soymigrante.com\/revista\/wp-json\/wp\/v2\/posts\/1882\/revisions"}],"wp:featuredmedia":[{"embeddable":true,"href":"https:\/\/soymigrante.com\/revista\/wp-json\/wp\/v2\/media\/1880"}],"wp:attachment":[{"href":"https:\/\/soymigrante.com\/revista\/wp-json\/wp\/v2\/media?parent=1882"}],"wp:term":[{"taxonomy":"category","embeddable":true,"href":"https:\/\/soymigrante.com\/revista\/wp-json\/wp\/v2\/categories?post=1882"},{"taxonomy":"post_tag","embeddable":true,"href":"https:\/\/soymigrante.com\/revista\/wp-json\/wp\/v2\/tags?post=1882"}],"curies":[{"name":"wp","href":"https:\/\/api.w.org\/{rel}","templated":true}]}}