{"id":18805,"date":"2025-01-14T05:00:00","date_gmt":"2025-01-14T11:00:00","guid":{"rendered":"https:\/\/soymigrante.com\/revista\/?p=18805"},"modified":"2025-01-26T19:24:18","modified_gmt":"2025-01-27T01:24:18","slug":"cultivo-de-rosa-de-jamaica-en-guatemala-tiene-mas-de-cuatro-siglos","status":"publish","type":"post","link":"https:\/\/soymigrante.com\/revista\/cultivo-de-rosa-de-jamaica-en-guatemala-tiene-mas-de-cuatro-siglos\/","title":{"rendered":"Cultivo y cosecha de la Rosa de Jamaica en Guatemala tiene m\u00e1s de cuatro siglos"},"content":{"rendered":"\t\t<div data-elementor-type=\"wp-post\" data-elementor-id=\"18805\" class=\"elementor elementor-18805\" data-elementor-post-type=\"post\">\n\t\t\t\t<div data-particle_enable=\"false\" data-particle-mobile-disabled=\"false\" class=\"elementor-element elementor-element-bc65426 e-flex e-con-boxed e-con e-parent\" data-id=\"bc65426\" data-element_type=\"container\" data-e-type=\"container\">\n\t\t\t\t\t<div class=\"e-con-inner\">\n\t\t\t\t<div class=\"elementor-element elementor-element-eab957d elementor-widget elementor-widget-heading\" data-id=\"eab957d\" data-element_type=\"widget\" data-e-type=\"widget\" data-widget_type=\"heading.default\">\n\t\t\t\t\t<h2 class=\"elementor-heading-title elementor-size-default\">La rosa de Jamaica, ampliamente apreciada por sus propiedades medicinales y usos culinarios, es cultivada en regiones c\u00e1lidas de Baja Verapaz, Izabal y Huehuetenango.  En El Limonar, Jacaltenango, donde puedes conocer la experiencia de la cosecha de esta. <\/h2>\t\t\t\t<\/div>\n\t\t\t\t\t<\/div>\n\t\t\t\t<\/div>\n\t\t<div data-particle_enable=\"false\" data-particle-mobile-disabled=\"false\" class=\"elementor-element elementor-element-f5ea5fb e-flex e-con-boxed e-con e-parent\" data-id=\"f5ea5fb\" data-element_type=\"container\" data-e-type=\"container\">\n\t\t\t\t\t<div class=\"e-con-inner\">\n\t\t\t\t<div class=\"elementor-element elementor-element-2e5640b elementor-widget elementor-widget-text-editor\" data-id=\"2e5640b\" data-element_type=\"widget\" data-e-type=\"widget\" data-widget_type=\"text-editor.default\">\n\t\t\t\t\t\t\t\t\t<p>La cosecha de la rosa de Jamaica en Guatemala es un proceso que involucra varias etapas para garantizar la calidad del producto final. Este cultivo, tambi\u00e9n conocido como hibisco (Hibiscus sabdariffa), es popular por sus usos medicinales y gastron\u00f3micos, y la cosecha se realiza generalmente de forma manual.<\/p><p>Su cosecha, realizada mayormente de forma manual, involucra etapas clave: desde la recolecci\u00f3n de los s\u00e9palos hasta su secado y almacenamiento. Este cultivo representa una fuente de ingresos para comunidades rurales, combinando pr\u00e1cticas tradicionales y sostenibles que mantienen la calidad del producto para consumo local y exportaci\u00f3n.\u00a0<\/p>\t\t\t\t\t\t\t\t<\/div>\n\t\t\t\t\t<\/div>\n\t\t\t\t<\/div>\n\t\t<div data-particle_enable=\"false\" data-particle-mobile-disabled=\"false\" class=\"elementor-element elementor-element-47eac04 e-flex e-con-boxed e-con e-parent\" data-id=\"47eac04\" data-element_type=\"container\" data-e-type=\"container\">\n\t\t\t\t\t<div class=\"e-con-inner\">\n\t\t\t\t<div class=\"elementor-element elementor-element-3899614 elementor-widget elementor-widget-image\" data-id=\"3899614\" data-element_type=\"widget\" data-e-type=\"widget\" data-widget_type=\"image.default\">\n\t\t\t\t\t\t\t\t\t\t\t\t\t\t\t<img fetchpriority=\"high\" decoding=\"async\" width=\"768\" height=\"512\" src=\"https:\/\/soymigrante.com\/revista\/wp-content\/uploads\/2025\/01\/rosa-de-jamaica-4-1024x683.jpg\" class=\"attachment-large size-large wp-image-18876\" alt=\"Cosechero con sombrero pez\u00f3n y flor de guayaba en huerto agr\u00edcola en M\u00e9xico.\" srcset=\"https:\/\/soymigrante.com\/revista\/wp-content\/uploads\/2025\/01\/rosa-de-jamaica-4-1024x683.jpg 1024w, https:\/\/soymigrante.com\/revista\/wp-content\/uploads\/2025\/01\/rosa-de-jamaica-4-300x200.jpg 300w, https:\/\/soymigrante.com\/revista\/wp-content\/uploads\/2025\/01\/rosa-de-jamaica-4-768x512.jpg 768w, https:\/\/soymigrante.com\/revista\/wp-content\/uploads\/2025\/01\/rosa-de-jamaica-4-1536x1025.jpg 1536w, https:\/\/soymigrante.com\/revista\/wp-content\/uploads\/2025\/01\/rosa-de-jamaica-4-2048x1366.jpg 2048w, https:\/\/soymigrante.com\/revista\/wp-content\/uploads\/2025\/01\/rosa-de-jamaica-4-750x500.webp 750w, https:\/\/soymigrante.com\/revista\/wp-content\/uploads\/2025\/01\/rosa-de-jamaica-4-1140x760.webp 1140w, https:\/\/soymigrante.com\/revista\/wp-content\/uploads\/2025\/01\/rosa-de-jamaica-4-scaled.webp 1920w\" sizes=\"(max-width: 768px) 100vw, 768px\" title=\"rosa de jamaica 4 \u2013 SoyMigrante.com REVISTA\" \/>\t\t\t\t\t\t\t\t\t\t\t\t\t\t\t<\/div>\n\t\t\t\t\t<\/div>\n\t\t\t\t<\/div>\n\t\t<div data-particle_enable=\"false\" data-particle-mobile-disabled=\"false\" class=\"elementor-element elementor-element-ec02504 e-flex e-con-boxed e-con e-parent\" data-id=\"ec02504\" data-element_type=\"container\" data-e-type=\"container\">\n\t\t\t\t\t<div class=\"e-con-inner\">\n\t\t\t\t<div class=\"elementor-element elementor-element-c6d84d9 elementor-widget elementor-widget-text-editor\" data-id=\"c6d84d9\" data-element_type=\"widget\" data-e-type=\"widget\" data-widget_type=\"text-editor.default\">\n\t\t\t\t\t\t\t\t\t<p>La rosa de Jamaica lleg\u00f3 a Guatemala aproximadamente en el siglo XVI, junto con esclavos afrodescendientes que proven\u00edan de la isla de Jamaica. El nombre de la isla y de la planta ya dice mucho. Llegaron a trabajar a ingenios azucareros localizados sobre todo en Baja Verapaz y hasta la fecha, en los municipios de Granados y El Chol, existen sembrad\u00edos, seg\u00fan el Instituto de Ciencia y Tecnolog\u00eda Agr\u00edcola.<\/p><p>La planta de Rosa de Jamaica tiene el nombre cient\u00edfico de Hibiscus Sabdariffa, variedad Rosicta. Dicho cultivo se aclimat\u00f3 bien a zonas calurosas; se consumen sus flores. La planta\u00a0<span style=\"color: var( --e-global-color-text ); text-align: var(--text-align);\">est\u00e1 lista para cosechar entre 4 y 6 meses despu\u00e9s de la siembra.<\/span><\/p><p>La se\u00f1al principal de madurez es el secado parcial de los s\u00e9palos (la parte carnosa de color rojo que se utiliza para la infusi\u00f3n) y su separaci\u00f3n f\u00e1cil\u00a0<a style=\"text-align: var(--text-align);\" href=\"https:\/\/soymigrante.com\/revista\/arte-kat-aretes-y-accesorios-originales-elaborados-con-hilos-semillas-pero-sobre-todo-con-amor\/\" target=\"_blank\" rel=\"noopener\">de las c\u00e1psulas de semillas.<\/a><\/p>\t\t\t\t\t\t\t\t<\/div>\n\t\t\t\t\t<\/div>\n\t\t\t\t<\/div>\n\t\t<div data-particle_enable=\"false\" data-particle-mobile-disabled=\"false\" class=\"elementor-element elementor-element-250066c e-flex e-con-boxed e-con e-parent\" data-id=\"250066c\" data-element_type=\"container\" data-e-type=\"container\">\n\t\t\t\t\t<div class=\"e-con-inner\">\n\t\t\t\t<div class=\"elementor-element elementor-element-2c8124d elementor-widget elementor-widget-heading\" data-id=\"2c8124d\" data-element_type=\"widget\" data-e-type=\"widget\" data-widget_type=\"heading.default\">\n\t\t\t\t\t<h3 class=\"elementor-heading-title elementor-size-default\">As\u00ed se efect\u00faa la recolecci\u00f3n manual de flores\n<\/h3>\t\t\t\t<\/div>\n\t\t\t\t\t<\/div>\n\t\t\t\t<\/div>\n\t\t<div data-particle_enable=\"false\" data-particle-mobile-disabled=\"false\" class=\"elementor-element elementor-element-97dbc5b e-flex e-con-boxed e-con e-parent\" data-id=\"97dbc5b\" data-element_type=\"container\" data-e-type=\"container\">\n\t\t\t\t\t<div class=\"e-con-inner\">\n\t\t\t\t<div class=\"elementor-element elementor-element-e4f6932 elementor-widget elementor-widget-text-editor\" data-id=\"e4f6932\" data-element_type=\"widget\" data-e-type=\"widget\" data-widget_type=\"text-editor.default\">\n\t\t\t\t\t\t\t\t\t<p>Se realiza a mano para evitar da\u00f1ar las plantas y los s\u00e9palos (hojas). Los trabajadores cortan las c\u00e1psulas maduras con herramientas peque\u00f1as, como tijeras de podar, o manualmente si las c\u00e1psulas est\u00e1n lo suficientemente secas.<\/p>\t\t\t\t\t\t\t\t<\/div>\n\t\t\t\t\t<\/div>\n\t\t\t\t<\/div>\n\t\t<div data-particle_enable=\"false\" data-particle-mobile-disabled=\"false\" class=\"elementor-element elementor-element-482e9b8 e-flex e-con-boxed e-con e-parent\" data-id=\"482e9b8\" data-element_type=\"container\" data-e-type=\"container\">\n\t\t\t\t\t<div class=\"e-con-inner\">\n\t\t\t\t<div class=\"elementor-element elementor-element-26bc341 elementor-widget elementor-widget-image\" data-id=\"26bc341\" data-element_type=\"widget\" data-e-type=\"widget\" data-widget_type=\"image.default\">\n\t\t\t\t\t\t\t\t\t\t\t\t<figure class=\"wp-caption\">\n\t\t\t\t\t\t\t\t\t\t<img decoding=\"async\" width=\"768\" height=\"512\" src=\"https:\/\/soymigrante.com\/revista\/wp-content\/uploads\/2025\/01\/rosa-de-jamaica-2-1-1024x683.jpg\" class=\"attachment-large size-large wp-image-18877\" alt=\"Amaranto, variedad de pseudocereal saludable y nutritivo, destacado en SoyMigrante.com REVISTA.\" srcset=\"https:\/\/soymigrante.com\/revista\/wp-content\/uploads\/2025\/01\/rosa-de-jamaica-2-1-1024x683.jpg 1024w, https:\/\/soymigrante.com\/revista\/wp-content\/uploads\/2025\/01\/rosa-de-jamaica-2-1-300x200.jpg 300w, https:\/\/soymigrante.com\/revista\/wp-content\/uploads\/2025\/01\/rosa-de-jamaica-2-1-768x512.jpg 768w, https:\/\/soymigrante.com\/revista\/wp-content\/uploads\/2025\/01\/rosa-de-jamaica-2-1-1536x1024.jpg 1536w, https:\/\/soymigrante.com\/revista\/wp-content\/uploads\/2025\/01\/rosa-de-jamaica-2-1-2048x1365.jpg 2048w, https:\/\/soymigrante.com\/revista\/wp-content\/uploads\/2025\/01\/rosa-de-jamaica-2-1-750x500.webp 750w, https:\/\/soymigrante.com\/revista\/wp-content\/uploads\/2025\/01\/rosa-de-jamaica-2-1-1140x760.webp 1140w, https:\/\/soymigrante.com\/revista\/wp-content\/uploads\/2025\/01\/rosa-de-jamaica-2-1-scaled.webp 1920w\" sizes=\"(max-width: 768px) 100vw, 768px\" title=\"rosa de jamaica 2 \u2013 SoyMigrante.com REVISTA\" \/>\t\t\t\t\t\t\t\t\t\t\t<figcaption class=\"widget-image-caption wp-caption-text\">Imagen de un grano de amaranto, conocido por sus beneficios para la salud y su uso en diversas recetas, en un fondo blanco minimalista.<\/figcaption>\n\t\t\t\t\t\t\t\t\t\t<\/figure>\n\t\t\t\t\t\t\t\t\t<\/div>\n\t\t\t\t\t<\/div>\n\t\t\t\t<\/div>\n\t\t<div data-particle_enable=\"false\" data-particle-mobile-disabled=\"false\" class=\"elementor-element elementor-element-89c988f e-flex e-con-boxed e-con e-parent\" data-id=\"89c988f\" data-element_type=\"container\" data-e-type=\"container\">\n\t\t\t\t\t<div class=\"e-con-inner\">\n\t\t\t\t<div class=\"elementor-element elementor-element-e8fc726 elementor-widget elementor-widget-heading\" data-id=\"e8fc726\" data-element_type=\"widget\" data-e-type=\"widget\" data-widget_type=\"heading.default\">\n\t\t\t\t\t<h3 class=\"elementor-heading-title elementor-size-default\">Separaci\u00f3n de los s\u00e9palos\n<\/h3>\t\t\t\t<\/div>\n\t\t\t\t\t<\/div>\n\t\t\t\t<\/div>\n\t\t<div data-particle_enable=\"false\" data-particle-mobile-disabled=\"false\" class=\"elementor-element elementor-element-4f11da5 e-flex e-con-boxed e-con e-parent\" data-id=\"4f11da5\" data-element_type=\"container\" data-e-type=\"container\">\n\t\t\t\t\t<div class=\"e-con-inner\">\n\t\t\t\t<div class=\"elementor-element elementor-element-93c88d7 elementor-widget elementor-widget-text-editor\" data-id=\"93c88d7\" data-element_type=\"widget\" data-e-type=\"widget\" data-widget_type=\"text-editor.default\">\n\t\t\t\t\t\t\t\t\t<p>Los s\u00e9palos se separan de las c\u00e1psulas que contienen las semillas.<\/p><p>Esto se puede hacer manualmente o con herramientas especializadas para este prop\u00f3sito. En Guatemala, dependiendo del tama\u00f1o del cultivo, muchas comunidades ind\u00edgenas y campesinas realizan este proceso manualmente como parte de sus pr\u00e1cticas agr\u00edcolas tradicionales.<\/p>\t\t\t\t\t\t\t\t<\/div>\n\t\t\t\t\t<\/div>\n\t\t\t\t<\/div>\n\t\t<div data-particle_enable=\"false\" data-particle-mobile-disabled=\"false\" class=\"elementor-element elementor-element-58eb25c e-flex e-con-boxed e-con e-parent\" data-id=\"58eb25c\" data-element_type=\"container\" data-e-type=\"container\">\n\t\t\t\t\t<div class=\"e-con-inner\">\n\t\t\t\t<div class=\"elementor-element elementor-element-0dae68b elementor-widget elementor-widget-heading\" data-id=\"0dae68b\" data-element_type=\"widget\" data-e-type=\"widget\" data-widget_type=\"heading.default\">\n\t\t\t\t\t<h3 class=\"elementor-heading-title elementor-size-default\">Secado al sol<\/h3>\t\t\t\t<\/div>\n\t\t\t\t\t<\/div>\n\t\t\t\t<\/div>\n\t\t<div data-particle_enable=\"false\" data-particle-mobile-disabled=\"false\" class=\"elementor-element elementor-element-2e2e3e5 e-flex e-con-boxed e-con e-parent\" data-id=\"2e2e3e5\" data-element_type=\"container\" data-e-type=\"container\">\n\t\t\t\t\t<div class=\"e-con-inner\">\n\t\t\t\t<div class=\"elementor-element elementor-element-e508638 elementor-widget elementor-widget-text-editor\" data-id=\"e508638\" data-element_type=\"widget\" data-e-type=\"widget\" data-widget_type=\"text-editor.default\">\n\t\t\t\t\t\t\t\t\t<p>Los s\u00e9palos se colocan en \u00e1reas bien ventiladas y limpias para secarlos al sol o en secadores artificiales. El secado al sol es el m\u00e9todo m\u00e1s com\u00fan en comunidades rurales,\u00a0<a href=\"https:\/\/soymigrante.com\/revista\/trabajo-y-aporte-fiscal-de-migrantes-es-clave-para-economia-de-ee-uu-senala-estudio-realizado-en-ny\/\" target=\"_blank\" rel=\"noopener\">ya que es econ\u00f3mico y sostenible.\u00a0<\/a>Es importante que el secado sea uniforme para evitar la proliferaci\u00f3n de hongos o moho.<\/p>\t\t\t\t\t\t\t\t<\/div>\n\t\t\t\t\t<\/div>\n\t\t\t\t<\/div>\n\t\t<div data-particle_enable=\"false\" data-particle-mobile-disabled=\"false\" class=\"elementor-element elementor-element-c5d1125 e-flex e-con-boxed e-con e-parent\" data-id=\"c5d1125\" data-element_type=\"container\" data-e-type=\"container\">\n\t\t\t\t\t<div class=\"e-con-inner\">\n\t\t\t\t<div class=\"elementor-element elementor-element-30f0876 elementor-widget elementor-widget-image\" data-id=\"30f0876\" data-element_type=\"widget\" data-e-type=\"widget\" data-widget_type=\"image.default\">\n\t\t\t\t\t\t\t\t\t\t\t\t<figure class=\"wp-caption\">\n\t\t\t\t\t\t\t\t\t\t<img decoding=\"async\" width=\"768\" height=\"512\" src=\"https:\/\/soymigrante.com\/revista\/wp-content\/uploads\/2025\/01\/rosa-de-jamaica-5-1-1024x683.jpg\" class=\"attachment-large size-large wp-image-18881\" alt=\"Refresco de jugo de moras negras con flores de hortensia rosadas y fondo despejado, en una composici\u00f3n atractiva para contenido de migrantes y cultura en la revista SoyMigrante.com.\" srcset=\"https:\/\/soymigrante.com\/revista\/wp-content\/uploads\/2025\/01\/rosa-de-jamaica-5-1-1024x683.jpg 1024w, https:\/\/soymigrante.com\/revista\/wp-content\/uploads\/2025\/01\/rosa-de-jamaica-5-1-300x200.jpg 300w, https:\/\/soymigrante.com\/revista\/wp-content\/uploads\/2025\/01\/rosa-de-jamaica-5-1-768x512.jpg 768w, https:\/\/soymigrante.com\/revista\/wp-content\/uploads\/2025\/01\/rosa-de-jamaica-5-1-1536x1024.jpg 1536w, https:\/\/soymigrante.com\/revista\/wp-content\/uploads\/2025\/01\/rosa-de-jamaica-5-1-2048x1365.jpg 2048w, https:\/\/soymigrante.com\/revista\/wp-content\/uploads\/2025\/01\/rosa-de-jamaica-5-1-750x500.webp 750w, https:\/\/soymigrante.com\/revista\/wp-content\/uploads\/2025\/01\/rosa-de-jamaica-5-1-1140x760.webp 1140w, https:\/\/soymigrante.com\/revista\/wp-content\/uploads\/2025\/01\/rosa-de-jamaica-5-1-scaled.webp 1920w\" sizes=\"(max-width: 768px) 100vw, 768px\" title=\"rosa de jamaica 5 \u2013 SoyMigrante.com REVISTA\" \/>\t\t\t\t\t\t\t\t\t\t\t<figcaption class=\"widget-image-caption wp-caption-text\">Refresco de hibisco rojo con flores rosadas en un vaso alto, ideal para bebidas tradicionales mexicanas y recetas con ingredientes naturales en la cultura y gastronom\u00eda de M\u00e9xico.<\/figcaption>\n\t\t\t\t\t\t\t\t\t\t<\/figure>\n\t\t\t\t\t\t\t\t\t<\/div>\n\t\t\t\t\t<\/div>\n\t\t\t\t<\/div>\n\t\t<div data-particle_enable=\"false\" data-particle-mobile-disabled=\"false\" class=\"elementor-element elementor-element-82083a5 e-flex e-con-boxed e-con e-parent\" data-id=\"82083a5\" data-element_type=\"container\" data-e-type=\"container\">\n\t\t\t\t\t<div class=\"e-con-inner\">\n\t\t\t\t<div class=\"elementor-element elementor-element-b0f262a elementor-widget elementor-widget-heading\" data-id=\"b0f262a\" data-element_type=\"widget\" data-e-type=\"widget\" data-widget_type=\"heading.default\">\n\t\t\t\t\t<h3 class=\"elementor-heading-title elementor-size-default\">Almacenamiento en lugares secos\n<\/h3>\t\t\t\t<\/div>\n\t\t\t\t\t<\/div>\n\t\t\t\t<\/div>\n\t\t<div data-particle_enable=\"false\" data-particle-mobile-disabled=\"false\" class=\"elementor-element elementor-element-d43bac0 e-flex e-con-boxed e-con e-parent\" data-id=\"d43bac0\" data-element_type=\"container\" data-e-type=\"container\">\n\t\t\t\t\t<div class=\"e-con-inner\">\n\t\t\t\t<div class=\"elementor-element elementor-element-bc543b1 elementor-widget elementor-widget-text-editor\" data-id=\"bc543b1\" data-element_type=\"widget\" data-e-type=\"widget\" data-widget_type=\"text-editor.default\">\n\t\t\t\t\t\t\t\t\t<p>Una vez secos, los s\u00e9palos se almacenan en sacos o recipientes herm\u00e9ticos en lugares frescos y secos. Esto asegura que la calidad del producto se mantenga hasta su comercializaci\u00f3n o consumo.<br \/>Importancia en Guatemala<\/p>\t\t\t\t\t\t\t\t<\/div>\n\t\t\t\t\t<\/div>\n\t\t\t\t<\/div>\n\t\t<div data-particle_enable=\"false\" data-particle-mobile-disabled=\"false\" class=\"elementor-element elementor-element-b2a450c e-flex e-con-boxed e-con e-parent\" data-id=\"b2a450c\" data-element_type=\"container\" data-e-type=\"container\">\n\t\t\t\t\t<div class=\"e-con-inner\">\n\t\t\t\t<div class=\"elementor-element elementor-element-452947c elementor-widget elementor-widget-heading\" data-id=\"452947c\" data-element_type=\"widget\" data-e-type=\"widget\" data-widget_type=\"heading.default\">\n\t\t\t\t\t<h3 class=\"elementor-heading-title elementor-size-default\">Vive la experiencia de la cosecha<\/h3>\t\t\t\t<\/div>\n\t\t\t\t\t<\/div>\n\t\t\t\t<\/div>\n\t\t<div data-particle_enable=\"false\" data-particle-mobile-disabled=\"false\" class=\"elementor-element elementor-element-c43e9f4 e-flex e-con-boxed e-con e-parent\" data-id=\"c43e9f4\" data-element_type=\"container\" data-e-type=\"container\">\n\t\t\t\t\t<div class=\"e-con-inner\">\n\t\t\t\t<div class=\"elementor-element elementor-element-a9f8969 elementor-widget elementor-widget-text-editor\" data-id=\"a9f8969\" data-element_type=\"widget\" data-e-type=\"widget\" data-widget_type=\"text-editor.default\">\n\t\t\t\t\t\t\t\t\t<p>En el pa\u00eds, la rosa de Jamaica se cultiva principalmente en regiones c\u00e1lidas<a href=\"https:\/\/soymigrante.com\/revista\/seis-biotopos-guatemaltecos-con-ecosistemas-unicos-en-el-mundo\/\" target=\"_blank\" rel=\"noopener\"> como Izabal<\/a>\u00a0y algunas \u00e1reas del altiplano. Este cultivo es una fuente de ingresos para muchas familias, y su comercializaci\u00f3n puede ser local o para exportaci\u00f3n, dependiendo de la calidad.<\/p><p>Existe un lugar\u00a0<a href=\"https:\/\/soymigrante.com\/revista\/el-pueblo-chuj-tiene-firme-raiz-en-las-montanas-de-huehuetenango\/\" target=\"_blank\" rel=\"noopener\">en Jacaltenango, Huehuetenango,\u00a0<\/a>donde puedes conocer el proceso de la cosecha de la rosa de Jamaica de clase roja o amarilla y verde y esta suelta un sabor a pi\u00f1a, explica uno de los responsables de la cosecha.. Justo como comparte este grupo de guatemaltecos en el siguiente video.<\/p>\t\t\t\t\t\t\t\t<\/div>\n\t\t\t\t\t<\/div>\n\t\t\t\t<\/div>\n\t\t<div data-particle_enable=\"false\" data-particle-mobile-disabled=\"false\" class=\"elementor-element elementor-element-63018b5 e-flex e-con-boxed e-con e-parent\" data-id=\"63018b5\" data-element_type=\"container\" data-e-type=\"container\">\n\t\t\t\t\t<div class=\"e-con-inner\">\n\t\t\t\t<div class=\"elementor-element elementor-element-20dc125 elementor-widget elementor-widget-google_maps\" data-id=\"20dc125\" data-element_type=\"widget\" data-e-type=\"widget\" data-widget_type=\"google_maps.default\">\n\t\t\t\t\t\t\t<div class=\"elementor-custom-embed\">\n\t\t\t<iframe loading=\"lazy\"\n\t\t\t\t\tsrc=\"https:\/\/maps.google.com\/maps?q=Jacaltenango%2C%20Huehuetenango&#038;t=m&#038;z=10&#038;output=embed&#038;iwloc=near\"\n\t\t\t\t\ttitle=\"Jacaltenango, Huehuetenango\"\n\t\t\t\t\taria-label=\"Jacaltenango, Huehuetenango\"\n\t\t\t><\/iframe>\n\t\t<\/div>\n\t\t\t\t\t\t<\/div>\n\t\t\t\t\t<\/div>\n\t\t\t\t<\/div>\n\t\t<div data-particle_enable=\"false\" data-particle-mobile-disabled=\"false\" class=\"elementor-element elementor-element-f7c3507 e-flex e-con-boxed e-con e-parent\" data-id=\"f7c3507\" data-element_type=\"container\" data-e-type=\"container\">\n\t\t\t\t\t<div class=\"e-con-inner\">\n\t\t\t\t<div class=\"elementor-element elementor-element-1c8cf91 elementor-invisible elementor-widget elementor-widget-facebook-embed\" data-id=\"1c8cf91\" data-element_type=\"widget\" data-e-type=\"widget\" data-settings=\"{&quot;_animation&quot;:&quot;zoomInDown&quot;}\" data-widget_type=\"facebook-embed.default\">\n\t\t\t\t\t<div style=\"min-height: 1px\" class=\"elementor-facebook-widget fb-video\" data-href=\"https:\/\/www.facebook.com\/reel\/1764708677708354\" data-show-text=\"false\" data-allowfullscreen=\"false\" data-autoplay=\"false\" data-show-captions=\"false\"><\/div>\t\t\t\t<\/div>\n\t\t\t\t\t<\/div>\n\t\t\t\t<\/div>\n\t\t<div data-particle_enable=\"false\" data-particle-mobile-disabled=\"false\" class=\"elementor-element elementor-element-2ba63e6 e-flex e-con-boxed e-con e-parent\" data-id=\"2ba63e6\" data-element_type=\"container\" data-e-type=\"container\">\n\t\t\t\t\t<div class=\"e-con-inner\">\n\t\t\t\t<div class=\"elementor-element elementor-element-2d54f62 elementor-widget elementor-widget-heading\" data-id=\"2d54f62\" data-element_type=\"widget\" data-e-type=\"widget\" data-widget_type=\"heading.default\">\n\t\t\t\t\t<h3 class=\"elementor-heading-title elementor-size-default\">Preparaci\u00f3n del exquisito refresco<\/h3>\t\t\t\t<\/div>\n\t\t\t\t\t<\/div>\n\t\t\t\t<\/div>\n\t\t<div data-particle_enable=\"false\" data-particle-mobile-disabled=\"false\" class=\"elementor-element elementor-element-c1e132d e-flex e-con-boxed e-con e-parent\" data-id=\"c1e132d\" data-element_type=\"container\" data-e-type=\"container\">\n\t\t\t\t\t<div class=\"e-con-inner\">\n\t\t\t\t<div class=\"elementor-element elementor-element-8974354 elementor-widget elementor-widget-video\" data-id=\"8974354\" data-element_type=\"widget\" data-e-type=\"widget\" data-settings=\"{&quot;youtube_url&quot;:&quot;https:\\\/\\\/www.youtube.com\\\/watch?v=sejnbMfWMfo&quot;,&quot;video_type&quot;:&quot;youtube&quot;,&quot;controls&quot;:&quot;yes&quot;}\" data-widget_type=\"video.default\">\n\t\t\t\t\t\t\t<div class=\"elementor-wrapper elementor-open-inline\">\n\t\t\t<div class=\"elementor-video\"><\/div>\t\t<\/div>\n\t\t\t\t\t\t<\/div>\n\t\t\t\t\t<\/div>\n\t\t\t\t<\/div>\n\t\t<div data-particle_enable=\"false\" data-particle-mobile-disabled=\"false\" class=\"elementor-element elementor-element-3bcd803 e-flex e-con-boxed e-con e-parent\" data-id=\"3bcd803\" data-element_type=\"container\" data-e-type=\"container\">\n\t\t\t\t\t<div class=\"e-con-inner\">\n\t\t\t\t<div class=\"elementor-element elementor-element-58a987c elementor-widget elementor-widget-heading\" data-id=\"58a987c\" data-element_type=\"widget\" data-e-type=\"widget\" data-widget_type=\"heading.default\">\n\t\t\t\t\t<h3 class=\"elementor-heading-title elementor-size-default\">Conoce m\u00e1s de Guatemala<\/h3>\t\t\t\t<\/div>\n\t\t\t\t\t<\/div>\n\t\t\t\t<\/div>\n\t\t<div data-particle_enable=\"false\" data-particle-mobile-disabled=\"false\" class=\"elementor-element elementor-element-0715ed6 e-flex e-con-boxed e-con e-parent\" data-id=\"0715ed6\" data-element_type=\"container\" data-e-type=\"container\">\n\t\t\t\t\t<div class=\"e-con-inner\">\n\t\t\t\t<div class=\"elementor-element elementor-element-b5ada6b elementor-grid-eael-col-3 elementor-grid-tablet-eael-col-2 elementor-grid-mobile-eael-col-1 elementor-widget elementor-widget-eael-post-grid\" data-id=\"b5ada6b\" data-element_type=\"widget\" data-e-type=\"widget\" data-settings=\"{&quot;eael_post_grid_columns&quot;:&quot;eael-col-3&quot;,&quot;eael_post_grid_columns_tablet&quot;:&quot;eael-col-2&quot;,&quot;eael_post_grid_columns_mobile&quot;:&quot;eael-col-1&quot;}\" data-widget_type=\"eael-post-grid.default\">\n\t\t\t\t\t<div id=\"eael-post-grid-b5ada6b\" class=\"eael-post-grid-container\">\n            <div class=\"eael-post-grid eael-post-appender eael-post-appender-b5ada6b eael-post-grid-style-one\" data-layout-mode=\"masonry\"><article class=\"eael-grid-post  eael-post-grid-column eael-pg-post-16274 category-guate-nuestra\" data-id=\"16274\">\n        <div class=\"eael-grid-post-holder\">\n            <div class=\"eael-grid-post-holder-inner\"><div class=\"eael-entry-media\"><div class=\"eael-entry-overlay fade-in\"><i class=\"far fa-hand-pointer\" aria-hidden=\"true\"><\/i><a href=\"https:\/\/soymigrante.com\/revista\/uaxactun-el-legado-astronomico-y-cultural-de-los-mayas-en-el-corazon-del-peten\/\"><\/a><\/div><div class=\"eael-entry-thumbnail \">\n                <img loading=\"lazy\" decoding=\"async\" width=\"334\" height=\"334\" src=\"https:\/\/soymigrante.com\/revista\/wp-content\/uploads\/2024\/12\/uaxactun-4-1.webp\" class=\"attachment-large size-large wp-image-16306\" alt=\"Restos arqueol\u00f3gicos de una antigua ciudad en las ruinas de un sitio prehisp\u00e1nico en M\u00e9xico, muestra vestigios hist\u00f3ricos y culturales en un entorno natural verde y selv\u00e1tico.\" srcset=\"https:\/\/soymigrante.com\/revista\/wp-content\/uploads\/2024\/12\/uaxactun-4-1.webp 334w, https:\/\/soymigrante.com\/revista\/wp-content\/uploads\/2024\/12\/uaxactun-4-1-300x300.jpg 300w, https:\/\/soymigrante.com\/revista\/wp-content\/uploads\/2024\/12\/uaxactun-4-1-150x150.jpg 150w, https:\/\/soymigrante.com\/revista\/wp-content\/uploads\/2024\/12\/uaxactun-4-1-75x75.webp 75w\" sizes=\"(max-width: 334px) 100vw, 334px\" \/>\n            <\/div>\n        <\/div><div class=\"eael-entry-wrapper\"><header class=\"eael-entry-header\"><h2 class=\"eael-entry-title\"><a class=\"eael-grid-post-link\" href=\"https:\/\/soymigrante.com\/revista\/uaxactun-el-legado-astronomico-y-cultural-de-los-mayas-en-el-corazon-del-peten\/\" title=\"Comunidad y sitio maya Uaxact\u00fan, en Pet\u00e9n figura en la lista Best Tourism Villages de la ONU\">Comunidad y sitio maya Uaxact\u00fan, en Pet\u00e9n figura en la lista Best Tourism Villages de la ONU<\/a><\/h2><\/header><div class=\"eael-entry-content\">\n                        <div class=\"eael-grid-post-excerpt\"><a href=\"https:\/\/soymigrante.com\/revista\/uaxactun-el-legado-astronomico-y-cultural-de-los-mayas-en-el-corazon-del-peten\/\" class=\"eael-post-elements-readmore-btn\">CONOCE SU HISTORIA <\/a><\/div>\n                    <\/div><\/div><\/div>\n        <\/div>\n    <\/article><article class=\"eael-grid-post  eael-post-grid-column eael-pg-post-17093 category-guate-nuestra\" data-id=\"17093\">\n        <div class=\"eael-grid-post-holder\">\n            <div class=\"eael-grid-post-holder-inner\"><div class=\"eael-entry-media\"><div class=\"eael-entry-overlay fade-in\"><i class=\"far fa-hand-pointer\" aria-hidden=\"true\"><\/i><a href=\"https:\/\/soymigrante.com\/revista\/san-juan-la-laguna-tesoro-cultural-a-la-orilla-del-lago-de-atitlan-fue-aspirante-a-best-tourism-villages\/\"><\/a><\/div><div class=\"eael-entry-thumbnail \">\n                <img loading=\"lazy\" decoding=\"async\" width=\"1024\" height=\"1024\" src=\"https:\/\/soymigrante.com\/revista\/wp-content\/uploads\/2024\/12\/san-juan-la-laguna-mirador-kaqasiiwaan.webp\" class=\"attachment-large size-large wp-image-17126\" alt=\"Colorida pintura mural con motivos tradicionales en un mirador con vista a un volc\u00e1n y ciudad, en un paisaje de monta\u00f1a en Centroam\u00e9rica.\" srcset=\"https:\/\/soymigrante.com\/revista\/wp-content\/uploads\/2024\/12\/san-juan-la-laguna-mirador-kaqasiiwaan.webp 1024w, https:\/\/soymigrante.com\/revista\/wp-content\/uploads\/2024\/12\/san-juan-la-laguna-mirador-kaqasiiwaan-300x300.jpg 300w, https:\/\/soymigrante.com\/revista\/wp-content\/uploads\/2024\/12\/san-juan-la-laguna-mirador-kaqasiiwaan-150x150.jpg 150w, https:\/\/soymigrante.com\/revista\/wp-content\/uploads\/2024\/12\/san-juan-la-laguna-mirador-kaqasiiwaan-768x768.jpg 768w, https:\/\/soymigrante.com\/revista\/wp-content\/uploads\/2024\/12\/san-juan-la-laguna-mirador-kaqasiiwaan-75x75.webp 75w, https:\/\/soymigrante.com\/revista\/wp-content\/uploads\/2024\/12\/san-juan-la-laguna-mirador-kaqasiiwaan-750x750.webp 750w\" sizes=\"(max-width: 1024px) 100vw, 1024px\" \/>\n            <\/div>\n        <\/div><div class=\"eael-entry-wrapper\"><header class=\"eael-entry-header\"><h2 class=\"eael-entry-title\"><a class=\"eael-grid-post-link\" href=\"https:\/\/soymigrante.com\/revista\/san-juan-la-laguna-tesoro-cultural-a-la-orilla-del-lago-de-atitlan-fue-aspirante-a-best-tourism-villages\/\" title=\"San Juan La Laguna: Tesoro cultural a la orilla del lago de Atitl\u00e1n, fue aspirante a Best Tourism Villages\">San Juan La Laguna: Tesoro cultural a la orilla del lago de Atitl\u00e1n, fue aspirante a Best Tourism Villages<\/a><\/h2><\/header><div class=\"eael-entry-content\">\n                        <div class=\"eael-grid-post-excerpt\"><a href=\"https:\/\/soymigrante.com\/revista\/san-juan-la-laguna-tesoro-cultural-a-la-orilla-del-lago-de-atitlan-fue-aspirante-a-best-tourism-villages\/\" class=\"eael-post-elements-readmore-btn\">CONOCE SU HISTORIA <\/a><\/div>\n                    <\/div><\/div><\/div>\n        <\/div>\n    <\/article><article class=\"eael-grid-post  eael-post-grid-column eael-pg-post-16311 category-guate-nuestra\" data-id=\"16311\">\n        <div class=\"eael-grid-post-holder\">\n            <div class=\"eael-grid-post-holder-inner\"><div class=\"eael-entry-media\"><div class=\"eael-entry-overlay fade-in\"><i class=\"far fa-hand-pointer\" aria-hidden=\"true\"><\/i><a href=\"https:\/\/soymigrante.com\/revista\/san-juan-del-obispo-pueblo-vecino-de-antigua-guatemala-reconocido-en-best-tourism-village-2024\/\"><\/a><\/div><div class=\"eael-entry-thumbnail \">\n                <img loading=\"lazy\" decoding=\"async\" width=\"1024\" height=\"1024\" src=\"https:\/\/soymigrante.com\/revista\/wp-content\/uploads\/2024\/12\/san-juan-del-obispo-1024x1024.jpg\" class=\"attachment-large size-large wp-image-16335\" alt=\"Antigua iglesia colonial en un pueblo mexicano, arquitectura hist\u00f3rica y cultural, turismo en M\u00e9xico, patrimonio arquitect\u00f3nico, iglesias coloniales mexicanas.\" srcset=\"https:\/\/soymigrante.com\/revista\/wp-content\/uploads\/2024\/12\/san-juan-del-obispo-1024x1024.jpg 1024w, https:\/\/soymigrante.com\/revista\/wp-content\/uploads\/2024\/12\/san-juan-del-obispo-300x300.jpg 300w, https:\/\/soymigrante.com\/revista\/wp-content\/uploads\/2024\/12\/san-juan-del-obispo-150x150.jpg 150w, https:\/\/soymigrante.com\/revista\/wp-content\/uploads\/2024\/12\/san-juan-del-obispo-768x768.jpg 768w, https:\/\/soymigrante.com\/revista\/wp-content\/uploads\/2024\/12\/san-juan-del-obispo-75x75.webp 75w, https:\/\/soymigrante.com\/revista\/wp-content\/uploads\/2024\/12\/san-juan-del-obispo-750x750.webp 750w, https:\/\/soymigrante.com\/revista\/wp-content\/uploads\/2024\/12\/san-juan-del-obispo-1140x1140.webp 1140w, https:\/\/soymigrante.com\/revista\/wp-content\/uploads\/2024\/12\/san-juan-del-obispo.webp 1173w\" sizes=\"(max-width: 1024px) 100vw, 1024px\" \/>\n            <\/div>\n        <\/div><div class=\"eael-entry-wrapper\"><header class=\"eael-entry-header\"><h2 class=\"eael-entry-title\"><a class=\"eael-grid-post-link\" href=\"https:\/\/soymigrante.com\/revista\/san-juan-del-obispo-pueblo-vecino-de-antigua-guatemala-reconocido-en-best-tourism-village-2024\/\" title=\"San Juan del Obispo,  cerca de Antigua Guatemala, es reconocido en Best Tourism Villages 2024\">San Juan del Obispo,  cerca de Antigua Guatemala, es reconocido en Best Tourism Villages 2024<\/a><\/h2><\/header><div class=\"eael-entry-content\">\n                        <div class=\"eael-grid-post-excerpt\"><a href=\"https:\/\/soymigrante.com\/revista\/san-juan-del-obispo-pueblo-vecino-de-antigua-guatemala-reconocido-en-best-tourism-village-2024\/\" class=\"eael-post-elements-readmore-btn\">CONOCE SU HISTORIA <\/a><\/div>\n                    <\/div><\/div><\/div>\n        <\/div>\n    <\/article><\/div>\n            <div class=\"clearfix\"><\/div>\n        <\/div>\t\t\t\t<\/div>\n\t\t\t\t\t<\/div>\n\t\t\t\t<\/div>\n\t\t\t\t<\/div>\n\t\t","protected":false},"excerpt":{"rendered":"<p>La rosa de Jamaica, ampliamente apreciada por sus propiedades medicinales y usos culinarios, es cultivada en regiones c\u00e1lidas de Baja Verapaz, Izabal y Huehuetenango. En El Limonar, Jacaltenango, donde puedes conocer la experiencia de la cosecha de esta. La cosecha de la rosa de Jamaica en Guatemala es un proceso que involucra varias etapas para [&hellip;]<\/p>\n","protected":false},"author":23,"featured_media":20750,"comment_status":"open","ping_status":"open","sticky":false,"template":"","format":"standard","meta":{"_acf_changed":false,"_eb_attr":"","footnotes":""},"categories":[58],"tags":[],"class_list":["post-18805","post","type-post","status-publish","format-standard","has-post-thumbnail","hentry","category-guate-nuestra"],"acf":[],"aioseo_notices":[],"aioseo_head":"\n\t\t<!-- All in One SEO Pro 4.9.6.2 - aioseo.com -->\n\t<meta name=\"description\" content=\"A los pies del majestuoso Volc\u00e1n de Agua, San Juan del Obispo guarda siglos de historia y cultura. Listado mundial reconoce este tesoro tur\u00edstico de Guatemala\" \/>\n\t<meta name=\"robots\" content=\"max-snippet:-1, max-image-preview:large, max-video-preview:-1\" \/>\n\t<meta name=\"author\" content=\"Beatriz Tercero\"\/>\n\t<link rel=\"canonical\" href=\"https:\/\/soymigrante.com\/revista\/san-juan-del-obispo-pueblo-vecino-de-antigua-guatemala-reconocido-en-best-tourism-village-2024\/\" \/>\n\t<meta name=\"generator\" content=\"All in One SEO Pro (AIOSEO) 4.9.6.2\" \/>\n\n\t\t<link rel=\"preconnect\" href=\"https:\/\/fonts.googleapis.com\" crossorigin>\n<link rel=\"preconnect\" href=\"https:\/\/fonts.gstatic.com\" crossorigin>\n\t\t<meta property=\"og:locale\" content=\"es_ES\" \/>\n\t\t<meta property=\"og:site_name\" content=\"SoyMigrante.com REVISTA \u2013 Nuestra misi\u00f3n es reconocer y dignificar al migrante.\" \/>\n\t\t<meta property=\"og:type\" content=\"article\" \/>\n\t\t<meta property=\"og:title\" content=\"San Juan del Obispo: Historia, tradici\u00f3n y un legado reconocido por la ONU\" \/>\n\t\t<meta property=\"og:description\" content=\"A los pies del majestuoso Volc\u00e1n de Agua, San Juan del Obispo guarda siglos de historia y cultura. Listado mundial reconoce este tesoro tur\u00edstico de Guatemala\" \/>\n\t\t<meta property=\"og:url\" content=\"https:\/\/soymigrante.com\/revista\/san-juan-del-obispo-pueblo-vecino-de-antigua-guatemala-reconocido-en-best-tourism-village-2024\/\" \/>\n\t\t<meta property=\"og:image\" content=\"https:\/\/soymigrante.com\/revista\/wp-content\/uploads\/2024\/12\/san-juan-del-obispo.webp\" \/>\n\t\t<meta property=\"og:image:secure_url\" content=\"https:\/\/soymigrante.com\/revista\/wp-content\/uploads\/2024\/12\/san-juan-del-obispo.webp\" \/>\n\t\t<meta property=\"og:image:width\" content=\"1173\" \/>\n\t\t<meta property=\"og:image:height\" content=\"1173\" \/>\n\t\t<meta property=\"article:published_time\" content=\"2024-12-13T14:29:37+00:00\" \/>\n\t\t<meta property=\"article:modified_time\" content=\"2024-12-14T15:49:41+00:00\" \/>\n\t\t<meta property=\"article:publisher\" content=\"https:\/\/www.facebook.com\/soymigrantecom\" \/>\n\t\t<meta name=\"twitter:card\" content=\"summary_large_image\" \/>\n\t\t<meta name=\"twitter:site\" content=\"@SoyMigrante_com\" \/>\n\t\t<meta name=\"twitter:title\" content=\"San Juan del Obispo: Historia, tradici\u00f3n y un legado reconocido por la ONU\" \/>\n\t\t<meta name=\"twitter:description\" content=\"A los pies del majestuoso Volc\u00e1n de Agua, San Juan del Obispo guarda siglos de historia y cultura. Listado mundial reconoce este tesoro tur\u00edstico de Guatemala\" \/>\n\t\t<meta name=\"twitter:creator\" content=\"@SoyMigrante_com\" \/>\n\t\t<meta name=\"twitter:image\" content=\"https:\/\/soymigrante.com\/revista\/wp-content\/uploads\/2024\/12\/san-juan-del-obispo.webp\" \/>\n\t\t<!-- All in One SEO Pro -->\r\n\t\t<title>San Juan del Obispo: Historia, tradici\u00f3n y un legado reconocido por la ONU<\/title>\n\n","aioseo_head_json":{"title":"San Juan del Obispo: Historia, tradici\u00f3n y un legado reconocido por la ONU","description":"A los pies del majestuoso Volc\u00e1n de Agua, San Juan del Obispo guarda siglos de historia y cultura. Listado mundial reconoce este tesoro tur\u00edstico de Guatemala","canonical_url":"https:\/\/soymigrante.com\/revista\/san-juan-del-obispo-pueblo-vecino-de-antigua-guatemala-reconocido-en-best-tourism-village-2024\/","robots":"max-snippet:-1, max-image-preview:large, max-video-preview:-1","keywords":"","webmasterTools":{"miscellaneous":"&lt;link rel=\"preconnect\" href=\"https:\/\/fonts.googleapis.com\" crossorigin&gt;\n&lt;link rel=\"preconnect\" href=\"https:\/\/fonts.gstatic.com\" crossorigin&gt;"},"schema":null,"og:locale":"es_ES","og:site_name":"SoyMigrante.com REVISTA \u2013 Nuestra misi\u00f3n es reconocer y dignificar al migrante.","og:type":"article","og:title":"San Juan del Obispo: Historia, tradici\u00f3n y un legado reconocido por la ONU","og:description":"A los pies del majestuoso Volc\u00e1n de Agua, San Juan del Obispo guarda siglos de historia y cultura. Listado mundial reconoce este tesoro tur\u00edstico de Guatemala","og:url":"https:\/\/soymigrante.com\/revista\/san-juan-del-obispo-pueblo-vecino-de-antigua-guatemala-reconocido-en-best-tourism-village-2024\/","og:image":"https:\/\/soymigrante.com\/revista\/wp-content\/uploads\/2024\/12\/san-juan-del-obispo.webp","og:image:secure_url":"https:\/\/soymigrante.com\/revista\/wp-content\/uploads\/2024\/12\/san-juan-del-obispo.webp","og:image:width":1173,"og:image:height":1173,"article:published_time":"2024-12-13T14:29:37+00:00","article:modified_time":"2024-12-14T15:49:41+00:00","article:publisher":"https:\/\/www.facebook.com\/soymigrantecom","twitter:card":"summary_large_image","twitter:site":"@SoyMigrante_com","twitter:title":"San Juan del Obispo: Historia, tradici\u00f3n y un legado reconocido por la ONU","twitter:description":"A los pies del majestuoso Volc\u00e1n de Agua, San Juan del Obispo guarda siglos de historia y cultura. Listado mundial reconoce este tesoro tur\u00edstico de Guatemala","twitter:creator":"@SoyMigrante_com","twitter:image":"https:\/\/soymigrante.com\/revista\/wp-content\/uploads\/2024\/12\/san-juan-del-obispo.webp"},"aioseo_meta_data":{"post_id":"18805","title":"Rosa de Jamaica se cosecha en Guatemala hace m\u00e1s de 400 a\u00f1os","description":"La rosa de Jamaica, apreciada por propiedades medicinales y uso como exquisito refresco se cultiva en regiones c\u00e1lidas de Huehuetenango, Baja Verapaz e Izabal.","keywords":null,"keyphrases":{"focus":{"keyphrase":"cosecha","score":76,"analysis":{"keyphraseInTitle":{"score":9,"maxScore":9,"error":0},"keyphraseInDescription":{"score":3,"maxScore":9,"error":1},"keyphraseLength":{"score":9,"maxScore":9,"error":0,"length":1},"keyphraseInURL":{"score":1,"maxScore":5,"error":1},"keyphraseInIntroduction":{"score":9,"maxScore":9,"error":0},"keyphraseInSubHeadings":{"score":9,"maxScore":9,"error":0},"keyphraseInImageAlt":{"score":3,"maxScore":9,"error":1},"keywordDensity":{"type":"best","score":9,"maxScore":9,"error":0}}},"additional":[{"keyphrase":"Rosa de Jamaica","score":87,"analysis":{"keyphraseInDescription":{"score":9,"maxScore":9,"error":0},"keyphraseLength":{"score":9,"maxScore":9,"error":0,"length":3},"keyphraseInIntroduction":{"score":9,"maxScore":9,"error":0},"keyphraseInImageAlt":{"score":3,"maxScore":9,"error":1},"keywordDensity":{"type":"best","score":9,"maxScore":9,"error":0}}},{"keyphrase":"Guatemala","score":73,"analysis":{"keyphraseInDescription":{"score":3,"maxScore":9,"error":1},"keyphraseLength":{"score":9,"maxScore":9,"error":0,"length":1},"keyphraseInIntroduction":{"score":9,"maxScore":9,"error":0},"keyphraseInImageAlt":{"score":3,"maxScore":9,"error":1},"keywordDensity":{"type":"best","score":9,"maxScore":9,"error":0}}}]},"primary_term":null,"canonical_url":null,"og_title":null,"og_description":null,"og_object_type":"default","og_image_type":"default","og_image_url":null,"og_image_width":null,"og_image_height":null,"og_image_custom_url":null,"og_image_custom_fields":null,"og_video":"","og_custom_url":null,"og_article_section":null,"og_article_tags":null,"twitter_use_og":false,"twitter_card":"default","twitter_image_type":"default","twitter_image_url":null,"twitter_image_custom_url":null,"twitter_image_custom_fields":null,"twitter_title":null,"twitter_description":null,"schema":{"blockGraphs":[],"customGraphs":[],"default":{"data":{"Article":[],"Course":[],"Dataset":[],"FAQPage":[],"Movie":[],"Person":[],"Product":[],"ProductReview":[],"Car":[],"Recipe":[],"Service":[],"SoftwareApplication":[],"WebPage":[]},"graphName":"BlogPosting","isEnabled":true},"graphs":[]},"schema_type":"default","schema_type_options":null,"pillar_content":false,"robots_default":true,"robots_noindex":false,"robots_noarchive":false,"robots_nosnippet":false,"robots_nofollow":false,"robots_noimageindex":false,"robots_noodp":false,"robots_notranslate":false,"robots_max_snippet":"-1","robots_max_videopreview":"-1","robots_max_imagepreview":"large","priority":null,"frequency":"default","local_seo":null,"seo_analyzer_scan_date":"2025-10-09 01:46:24","breadcrumb_settings":null,"limit_modified_date":false,"reviewed_by":null,"open_ai":"{\"title\":{\"suggestions\":[],\"usage\":0},\"description\":{\"suggestions\":[],\"usage\":0}}","ai":null,"created":"2025-01-02 20:24:45","updated":"2026-02-04 18:58:04"},"aioseo_breadcrumb":"<div class=\"aioseo-breadcrumbs\"><span class=\"aioseo-breadcrumb\">\n\t<a href=\"https:\/\/soymigrante.com\/revista\" title=\"Home\">Home<\/a>\n<\/span><span class=\"aioseo-breadcrumb-separator\">\u00bb<\/span><span class=\"aioseo-breadcrumb\">\n\t<a href=\"https:\/\/soymigrante.com\/revista\/category\/guate-nuestra\/\" title=\"Guate Nuestra\">Guate Nuestra<\/a>\n<\/span><span class=\"aioseo-breadcrumb-separator\">\u00bb<\/span><span class=\"aioseo-breadcrumb\">\n\tCultivo y cosecha de la Rosa de Jamaica en Guatemala tiene m\u00e1s de cuatro siglos\n<\/span><\/div>","aioseo_breadcrumb_json":[{"label":"Home","link":"https:\/\/soymigrante.com\/revista"},{"label":"Guate Nuestra","link":"https:\/\/soymigrante.com\/revista\/category\/guate-nuestra\/"},{"label":"Cultivo y cosecha de la Rosa de Jamaica en Guatemala tiene m\u00e1s de cuatro siglos","link":"https:\/\/soymigrante.com\/revista\/cultivo-de-rosa-de-jamaica-en-guatemala-tiene-mas-de-cuatro-siglos\/"}],"_links":{"self":[{"href":"https:\/\/soymigrante.com\/revista\/wp-json\/wp\/v2\/posts\/18805","targetHints":{"allow":["GET"]}}],"collection":[{"href":"https:\/\/soymigrante.com\/revista\/wp-json\/wp\/v2\/posts"}],"about":[{"href":"https:\/\/soymigrante.com\/revista\/wp-json\/wp\/v2\/types\/post"}],"author":[{"embeddable":true,"href":"https:\/\/soymigrante.com\/revista\/wp-json\/wp\/v2\/users\/23"}],"replies":[{"embeddable":true,"href":"https:\/\/soymigrante.com\/revista\/wp-json\/wp\/v2\/comments?post=18805"}],"version-history":[{"count":0,"href":"https:\/\/soymigrante.com\/revista\/wp-json\/wp\/v2\/posts\/18805\/revisions"}],"wp:featuredmedia":[{"embeddable":true,"href":"https:\/\/soymigrante.com\/revista\/wp-json\/wp\/v2\/media\/20750"}],"wp:attachment":[{"href":"https:\/\/soymigrante.com\/revista\/wp-json\/wp\/v2\/media?parent=18805"}],"wp:term":[{"taxonomy":"category","embeddable":true,"href":"https:\/\/soymigrante.com\/revista\/wp-json\/wp\/v2\/categories?post=18805"},{"taxonomy":"post_tag","embeddable":true,"href":"https:\/\/soymigrante.com\/revista\/wp-json\/wp\/v2\/tags?post=18805"}],"curies":[{"name":"wp","href":"https:\/\/api.w.org\/{rel}","templated":true}]}}