{"id":1870,"date":"2023-07-14T20:16:14","date_gmt":"2023-07-14T20:16:14","guid":{"rendered":"https:\/\/soymigrante.com\/revista\/?p=1870"},"modified":"2026-03-11T16:48:18","modified_gmt":"2026-03-11T22:48:18","slug":"walter-villatoro-mariachi-migrante-guatemalteco","status":"publish","type":"post","link":"https:\/\/soymigrante.com\/revista\/walter-villatoro-mariachi-migrante-guatemalteco\/","title":{"rendered":"Walter Villatoro: la inspiradora historia de El Mariachi Guatemalteco"},"content":{"rendered":"\t\t<div data-elementor-type=\"wp-post\" data-elementor-id=\"1870\" class=\"elementor elementor-1870\" data-elementor-post-type=\"post\">\n\t\t\t\t\t\t<section data-particle_enable=\"false\" data-particle-mobile-disabled=\"false\" class=\"elementor-section elementor-top-section elementor-element elementor-element-a1b0a0d elementor-section-boxed elementor-section-height-default elementor-section-height-default\" data-id=\"a1b0a0d\" data-element_type=\"section\" data-e-type=\"section\">\n\t\t\t\t\t\t<div class=\"elementor-container elementor-column-gap-default\">\n\t\t\t\t\t<div class=\"elementor-column elementor-col-100 elementor-top-column elementor-element elementor-element-8230a41\" data-id=\"8230a41\" data-element_type=\"column\" data-e-type=\"column\">\n\t\t\t<div class=\"elementor-widget-wrap elementor-element-populated\">\n\t\t\t\t\t\t<div class=\"elementor-element elementor-element-175124d elementor-widget elementor-widget-heading\" data-id=\"175124d\" data-element_type=\"widget\" data-e-type=\"widget\" data-widget_type=\"heading.default\">\n\t\t\t\t\t<h1 class=\"elementor-heading-title elementor-size-default\">Originario de Coatepeque, Quetzaltenango, Walter Villatorio abri\u00f3, a fuerza de canciones, un camino que le lleva lejos. Cantante, compositor, cineasta y migrante, su vida podr\u00eda parecer el emocionante gui\u00f3n de una serie de TV<\/h1>\t\t\t\t<\/div>\n\t\t\t\t\t<\/div>\n\t\t<\/div>\n\t\t\t\t\t<\/div>\n\t\t<\/section>\n\t\t\t\t<section data-particle_enable=\"false\" data-particle-mobile-disabled=\"false\" class=\"elementor-section elementor-top-section elementor-element elementor-element-671be62 elementor-section-boxed elementor-section-height-default elementor-section-height-default\" data-id=\"671be62\" data-element_type=\"section\" data-e-type=\"section\">\n\t\t\t\t\t\t<div class=\"elementor-container elementor-column-gap-default\">\n\t\t\t\t\t<div class=\"elementor-column elementor-col-100 elementor-top-column elementor-element elementor-element-5551549\" data-id=\"5551549\" data-element_type=\"column\" data-e-type=\"column\">\n\t\t\t<div class=\"elementor-widget-wrap elementor-element-populated\">\n\t\t\t\t\t\t<div class=\"elementor-element elementor-element-5229c10 elementor-widget elementor-widget-image\" data-id=\"5229c10\" data-element_type=\"widget\" data-e-type=\"widget\" data-widget_type=\"image.default\">\n\t\t\t\t\t\t\t\t\t\t\t\t<figure class=\"wp-caption\">\n\t\t\t\t\t\t\t\t\t\t<img fetchpriority=\"high\" decoding=\"async\" width=\"1024\" height=\"768\" src=\"https:\/\/soymigrante.com\/revista\/wp-content\/uploads\/2023\/07\/31069001_1842365319149503_6718945068612321280_n-1024x768.webp\" class=\"attachment-large size-large wp-image-1896\" alt=\"Walter Villatoro fue integrantes de varios mariachis a su paso por M\u00e9xico, pero una vez radicado en California tuvo por varios a\u00f1os el mariachi Perlas de San Diego.\" srcset=\"https:\/\/soymigrante.com\/revista\/wp-content\/uploads\/2023\/07\/31069001_1842365319149503_6718945068612321280_n-1024x768.webp 1024w, https:\/\/soymigrante.com\/revista\/wp-content\/uploads\/2023\/07\/31069001_1842365319149503_6718945068612321280_n-300x225.webp 300w, https:\/\/soymigrante.com\/revista\/wp-content\/uploads\/2023\/07\/31069001_1842365319149503_6718945068612321280_n-768x576.webp 768w, https:\/\/soymigrante.com\/revista\/wp-content\/uploads\/2023\/07\/31069001_1842365319149503_6718945068612321280_n-750x563.webp 750w, https:\/\/soymigrante.com\/revista\/wp-content\/uploads\/2023\/07\/31069001_1842365319149503_6718945068612321280_n-1140x855.webp 1140w, https:\/\/soymigrante.com\/revista\/wp-content\/uploads\/2023\/07\/31069001_1842365319149503_6718945068612321280_n.webp 1440w\" sizes=\"(max-width: 1024px) 100vw, 1024px\" title=\"Walter Villatoro fue integrantes de varios mariachis a su paso por M\u00e9xico, pero una vez radicado en  California tuvo por varios a\u00f1os el mariachi Perlas de San Diego. \u2013 SoyMigrante.com REVISTA\" \/>\t\t\t\t\t\t\t\t\t\t\t<figcaption class=\"widget-image-caption wp-caption-text\">Walter Villatoro fue integrantes de varios mariachis a su paso por M\u00e9xico, pero una vez radicado en  California tuvo por varios a\u00f1os el mariachi Perlas de San Diego.<\/figcaption>\n\t\t\t\t\t\t\t\t\t\t<\/figure>\n\t\t\t\t\t\t\t\t\t<\/div>\n\t\t\t\t\t<\/div>\n\t\t<\/div>\n\t\t\t\t\t<\/div>\n\t\t<\/section>\n\t\t\t\t<section data-particle_enable=\"false\" data-particle-mobile-disabled=\"false\" class=\"elementor-section elementor-top-section elementor-element elementor-element-0e42505 elementor-section-boxed elementor-section-height-default elementor-section-height-default\" data-id=\"0e42505\" data-element_type=\"section\" data-e-type=\"section\">\n\t\t\t\t\t\t<div class=\"elementor-container elementor-column-gap-default\">\n\t\t\t\t\t<div class=\"elementor-column elementor-col-100 elementor-top-column elementor-element elementor-element-b327fe3\" data-id=\"b327fe3\" data-element_type=\"column\" data-e-type=\"column\">\n\t\t\t<div class=\"elementor-widget-wrap elementor-element-populated\">\n\t\t\t\t\t\t<div class=\"elementor-element elementor-element-01daa40 elementor-widget elementor-widget-heading\" data-id=\"01daa40\" data-element_type=\"widget\" data-e-type=\"widget\" data-widget_type=\"heading.default\">\n\t\t\t\t\t<h2 class=\"elementor-heading-title elementor-size-default\">El Mariachi Migrante Guatemalteco<\/h2>\t\t\t\t<\/div>\n\t\t\t\t\t<\/div>\n\t\t<\/div>\n\t\t\t\t\t<\/div>\n\t\t<\/section>\n\t\t\t\t<section data-particle_enable=\"false\" data-particle-mobile-disabled=\"false\" class=\"elementor-section elementor-top-section elementor-element elementor-element-23451f2 elementor-section-boxed elementor-section-height-default elementor-section-height-default\" data-id=\"23451f2\" data-element_type=\"section\" data-e-type=\"section\">\n\t\t\t\t\t\t<div class=\"elementor-container elementor-column-gap-default\">\n\t\t\t\t\t<div class=\"elementor-column elementor-col-100 elementor-top-column elementor-element elementor-element-7a52818\" data-id=\"7a52818\" data-element_type=\"column\" data-e-type=\"column\">\n\t\t\t<div class=\"elementor-widget-wrap elementor-element-populated\">\n\t\t\t\t\t\t<div class=\"elementor-element elementor-element-0b10988 elementor-widget elementor-widget-text-editor\" data-id=\"0b10988\" data-element_type=\"widget\" data-e-type=\"widget\" data-widget_type=\"text-editor.default\">\n\t\t\t\t\t\t\t\t\t<p><span style=\"background-color: var(--ak-bg-color);\">Incontables conciertos, grabaciones y 23 pel\u00edculas forman parte del trabajo musical, creativo y cinematogr\u00e1fico del migrante guatemalteco Walter Villatoro, radicado en San Diego desde hace m\u00e1s de 30 a\u00f1os. Sus producciones son de temas policiales, violencia delictiva y contextos de campo,\u00a0 grabadas en localidades de Guatemala\u00a0 en las cuales nunca sobra un h\u00e9roe, a menudo interpretado por Walter.\u00a0\u00a0<\/span><\/p><p><span style=\"color: var( --e-global-color-text ); background-color: var(--ak-bg-color);\">Pero el cine no lleg\u00f3 primero. La m\u00fasica ranchera fue su primera ilusi\u00f3n, vocaci\u00f3n y trabajo: lo cual le dura hasta la fecha. Aunque est\u00e1 lejos ha compuesto canciones dedicadas a\u00a0 sucesos alegres o tristes, de Guatemala.\u00a0<\/span><\/p><p><span style=\"color: var( --e-global-color-text ); background-color: var(--ak-bg-color);\">As\u00ed tambi\u00e9n a trav\u00e9s de su fanpage de Facebook efect\u00faa transmisiones para dialogar con sus m\u00e1s de 347 mil seguidores.\u00a0 Su historia tiene tantos matices sorprendentes que te la contamos como si fuesen sinopsis de<\/span><span style=\"color: var( --e-global-color-text ); background-color: var(--ak-bg-color);\">\u00a0cap\u00edtulos de una producci\u00f3n transmitida por streaming.\u00a0<\/span><\/p>\t\t\t\t\t\t\t\t<\/div>\n\t\t\t\t\t<\/div>\n\t\t<\/div>\n\t\t\t\t\t<\/div>\n\t\t<\/section>\n\t\t\t\t<section data-particle_enable=\"false\" data-particle-mobile-disabled=\"false\" class=\"elementor-section elementor-top-section elementor-element elementor-element-8b9ef66 elementor-section-boxed elementor-section-height-default elementor-section-height-default\" data-id=\"8b9ef66\" data-element_type=\"section\" data-e-type=\"section\">\n\t\t\t\t\t\t<div class=\"elementor-container elementor-column-gap-default\">\n\t\t\t\t\t<div class=\"elementor-column elementor-col-100 elementor-top-column elementor-element elementor-element-9166e00\" data-id=\"9166e00\" data-element_type=\"column\" data-e-type=\"column\">\n\t\t\t<div class=\"elementor-widget-wrap elementor-element-populated\">\n\t\t\t\t\t\t<div class=\"elementor-element elementor-element-1f43b6b elementor-widget elementor-widget-heading\" data-id=\"1f43b6b\" data-element_type=\"widget\" data-e-type=\"widget\" data-widget_type=\"heading.default\">\n\t\t\t\t\t<h2 class=\"elementor-heading-title elementor-size-default\">Introduccion. Una voz cantante en San Diego <\/h2>\t\t\t\t<\/div>\n\t\t\t\t\t<\/div>\n\t\t<\/div>\n\t\t\t\t\t<\/div>\n\t\t<\/section>\n\t\t\t\t<section data-particle_enable=\"false\" data-particle-mobile-disabled=\"false\" class=\"elementor-section elementor-top-section elementor-element elementor-element-722e666 elementor-section-boxed elementor-section-height-default elementor-section-height-default\" data-id=\"722e666\" data-element_type=\"section\" data-e-type=\"section\">\n\t\t\t\t\t\t<div class=\"elementor-container elementor-column-gap-default\">\n\t\t\t\t\t<div class=\"elementor-column elementor-col-100 elementor-top-column elementor-element elementor-element-7cc3e38\" data-id=\"7cc3e38\" data-element_type=\"column\" data-e-type=\"column\">\n\t\t\t<div class=\"elementor-widget-wrap elementor-element-populated\">\n\t\t\t\t\t\t<div class=\"elementor-element elementor-element-20f3795 elementor-widget elementor-widget-video\" data-id=\"20f3795\" data-element_type=\"widget\" data-e-type=\"widget\" data-settings=\"{&quot;youtube_url&quot;:&quot;https:\\\/\\\/www.youtube.com\\\/watch?v=oPngOSw7DI4&quot;,&quot;start&quot;:248,&quot;autoplay&quot;:&quot;yes&quot;,&quot;lazy_load&quot;:&quot;yes&quot;,&quot;end&quot;:700,&quot;video_type&quot;:&quot;youtube&quot;,&quot;controls&quot;:&quot;yes&quot;}\" data-widget_type=\"video.default\">\n\t\t\t\t\t\t\t<div class=\"elementor-wrapper elementor-open-inline\">\n\t\t\t<div class=\"elementor-video\"><\/div>\t\t<\/div>\n\t\t\t\t\t\t<\/div>\n\t\t\t\t\t<\/div>\n\t\t<\/div>\n\t\t\t\t\t<\/div>\n\t\t<\/section>\n\t\t\t\t<section data-particle_enable=\"false\" data-particle-mobile-disabled=\"false\" class=\"elementor-section elementor-top-section elementor-element elementor-element-90486f7 elementor-section-boxed elementor-section-height-default elementor-section-height-default\" data-id=\"90486f7\" data-element_type=\"section\" data-e-type=\"section\">\n\t\t\t\t\t\t<div class=\"elementor-container elementor-column-gap-default\">\n\t\t\t\t\t<div class=\"elementor-column elementor-col-100 elementor-top-column elementor-element elementor-element-eb76718\" data-id=\"eb76718\" data-element_type=\"column\" data-e-type=\"column\">\n\t\t\t<div class=\"elementor-widget-wrap elementor-element-populated\">\n\t\t\t\t\t\t<div class=\"elementor-element elementor-element-8bb201a elementor-widget elementor-widget-text-editor\" data-id=\"8bb201a\" data-element_type=\"widget\" data-e-type=\"widget\" data-widget_type=\"text-editor.default\">\n\t\t\t\t\t\t\t\t\t<p><span style=\"color: var( --e-global-color-text ); background-color: var(--ak-bg-color);\">Walter canta en escenarios, en festejos, en teatros, clubes, restaurantes y tambi\u00e9n en l\u00ednea. Es un don que aprendi\u00f3 de su padre. \u201cMe han dicho que mi voz tiene un timbre especial, pero yo lo que m\u00e1s agradezco es el cari\u00f1o de tanta gente\u201d, exclama agradecido. &#8220;Mi gran alegr\u00eda fue que a\u00fan pude llevar a mi madrecita a verme en varias presentaciones. Ella muri\u00f3 hace seis a\u00f1os.\u00a0\u00a0<br \/><\/span><span style=\"font-family: Roboto, sans-serif; font-size: 16px; font-style: normal; font-variant-ligatures: normal; font-variant-caps: normal; font-weight: 400; color: var( --e-global-color-text ); background-color: var(--ak-bg-color);\">Ahora se encuentra en la preparaci\u00f3n de su nueva pel\u00edcula. En 2022 present\u00f3 Pueblo Enfurecido, la cinta n\u00famero 23 de su carrera, acerca de una comunidad que padece el azote de una banda de extorsionistas. &#8220;Creo que nos fue muy bien con ella. Casi todas mis pel\u00edculas las ha recibido muy bien el p\u00fablico popular&#8221;, dice.<\/span><\/p>\t\t\t\t\t\t\t\t<\/div>\n\t\t\t\t\t<\/div>\n\t\t<\/div>\n\t\t\t\t\t<\/div>\n\t\t<\/section>\n\t\t\t\t<section data-particle_enable=\"false\" data-particle-mobile-disabled=\"false\" class=\"elementor-section elementor-top-section elementor-element elementor-element-525c00a elementor-section-boxed elementor-section-height-default elementor-section-height-default\" data-id=\"525c00a\" data-element_type=\"section\" data-e-type=\"section\">\n\t\t\t\t\t\t<div class=\"elementor-container elementor-column-gap-default\">\n\t\t\t\t\t<div class=\"elementor-column elementor-col-100 elementor-top-column elementor-element elementor-element-e53a285\" data-id=\"e53a285\" data-element_type=\"column\" data-e-type=\"column\">\n\t\t\t<div class=\"elementor-widget-wrap elementor-element-populated\">\n\t\t\t\t\t\t<div class=\"elementor-element elementor-element-0fd80e6 elementor-widget elementor-widget-heading\" data-id=\"0fd80e6\" data-element_type=\"widget\" data-e-type=\"widget\" data-widget_type=\"heading.default\">\n\t\t\t\t\t<h2 class=\"elementor-heading-title elementor-size-default\">Cap\u00edtulo 1. Sin pap\u00e1 en Las Palmas <\/h2>\t\t\t\t<\/div>\n\t\t\t\t\t<\/div>\n\t\t<\/div>\n\t\t\t\t\t<\/div>\n\t\t<\/section>\n\t\t\t\t<section data-particle_enable=\"false\" data-particle-mobile-disabled=\"false\" class=\"elementor-section elementor-top-section elementor-element elementor-element-2c62ed1 elementor-section-boxed elementor-section-height-default elementor-section-height-default\" data-id=\"2c62ed1\" data-element_type=\"section\" data-e-type=\"section\">\n\t\t\t\t\t\t<div class=\"elementor-container elementor-column-gap-default\">\n\t\t\t\t\t<div class=\"elementor-column elementor-col-100 elementor-top-column elementor-element elementor-element-a5215e8\" data-id=\"a5215e8\" data-element_type=\"column\" data-e-type=\"column\">\n\t\t\t<div class=\"elementor-widget-wrap elementor-element-populated\">\n\t\t\t\t\t\t<div class=\"elementor-element elementor-element-45b4fff elementor-widget elementor-widget-image\" data-id=\"45b4fff\" data-element_type=\"widget\" data-e-type=\"widget\" data-widget_type=\"image.default\">\n\t\t\t\t\t\t\t\t\t\t\t\t<figure class=\"wp-caption\">\n\t\t\t\t\t\t\t\t\t\t<img decoding=\"async\" width=\"720\" height=\"960\" src=\"https:\/\/soymigrante.com\/revista\/wp-content\/uploads\/2023\/07\/WALTER-VILLATORO-MARIACHI-MIGRANTE-5.webp\" class=\"attachment-large size-large wp-image-1888\" alt=\"Raymundo Villatoro junto a sus hijos. De camisa azul est\u00e1 Walter, que ten\u00eda entonces unos 6 a\u00f1os. &quot;Mi padre fue hombre honrado que nos ense\u00f1\u00f3 a trabajar y que a veces en las noches tocaba la guitarra&quot;, recuerda Walter Villatoro.\" srcset=\"https:\/\/soymigrante.com\/revista\/wp-content\/uploads\/2023\/07\/WALTER-VILLATORO-MARIACHI-MIGRANTE-5.webp 720w, https:\/\/soymigrante.com\/revista\/wp-content\/uploads\/2023\/07\/WALTER-VILLATORO-MARIACHI-MIGRANTE-5-225x300.webp 225w\" sizes=\"(max-width: 720px) 100vw, 720px\" title=\"Raymundo Villatoro junto a sus hijos. De camisa azul est\u00e1 Walter, que ten\u00eda entonces unos 6 a\u00f1os. &quot;Mi padre fue hombre honrado que nos ense\u00f1\u00f3 a trabajar y que a veces en las noches tocaba la guitarra&quot;, recuerda Walter Villatoro. \u2013 SoyMigrante.com REVISTA\" \/>\t\t\t\t\t\t\t\t\t\t\t<figcaption class=\"widget-image-caption wp-caption-text\">Raymundo Villatoro junto a sus hijos. De camisa azul est\u00e1 Walter, que ten\u00eda entonces unos 6 a\u00f1os. \"Mi padre fue hombre honrado que nos ense\u00f1\u00f3 a trabajar y que a veces en las noches tocaba la guitarra\", recuerda Walter Villatoro.<\/figcaption>\n\t\t\t\t\t\t\t\t\t\t<\/figure>\n\t\t\t\t\t\t\t\t\t<\/div>\n\t\t\t\t\t<\/div>\n\t\t<\/div>\n\t\t\t\t\t<\/div>\n\t\t<\/section>\n\t\t\t\t<section data-particle_enable=\"false\" data-particle-mobile-disabled=\"false\" class=\"elementor-section elementor-top-section elementor-element elementor-element-a44535f elementor-section-boxed elementor-section-height-default elementor-section-height-default\" data-id=\"a44535f\" data-element_type=\"section\" data-e-type=\"section\">\n\t\t\t\t\t\t<div class=\"elementor-container elementor-column-gap-default\">\n\t\t\t\t\t<div class=\"elementor-column elementor-col-100 elementor-top-column elementor-element elementor-element-ce9e5a8\" data-id=\"ce9e5a8\" data-element_type=\"column\" data-e-type=\"column\">\n\t\t\t<div class=\"elementor-widget-wrap elementor-element-populated\">\n\t\t\t\t\t\t<div class=\"elementor-element elementor-element-4163116 elementor-widget elementor-widget-text-editor\" data-id=\"4163116\" data-element_type=\"widget\" data-e-type=\"widget\" data-widget_type=\"text-editor.default\">\n\t\t\t\t\t\t\t\t\t<p><span style=\"color: var( --e-global-color-text ); background-color: var(--ak-bg-color);\"><a href=\"https:\/\/soymigrante.com\/revista\/migrante-rene-corado-documental-el-lustrador-en-guatemala\/\">Al igual que muchos migrantes guatemaltecos, la pobreza marc\u00f3 su infancia. <br \/><\/a>Walter naci\u00f3 en el caser\u00edo Monterrey, aldea Las Palmas, Coatepeque, Quetzaltenango. Su padre es trabajador de la finca La Florida. \u201cCrec\u00ed en una ni\u00f1ez sufrida, llena de limitaciones. La mayor parte del tiempo no ten\u00eda zapatos, porque nos compraban un par cada a\u00f1o, por Navidad, pero ya sabe usted como es un ni\u00f1o, inquieto. A medio a\u00f1o ya andaba descalzo o con caites.\u00a0<\/span><\/p><p><span style=\"color: var( --e-global-color-text ); background-color: var(--ak-bg-color);\">A veces sus padres iban a comprar alguna mercanc\u00eda a Tapachula para revenderla en el mercado local. \u201cMi pap\u00e1 muri\u00f3 cuando yo ten\u00eda 11 a\u00f1os. La situaci\u00f3n de mi familia se hizo a\u00fan m\u00e1s precaria. Mi mam\u00e1 trabaj\u00f3 muy duro por nosotros\u201d.<\/span><\/p>\t\t\t\t\t\t\t\t<\/div>\n\t\t\t\t\t<\/div>\n\t\t<\/div>\n\t\t\t\t\t<\/div>\n\t\t<\/section>\n\t\t\t\t<section data-particle_enable=\"false\" data-particle-mobile-disabled=\"false\" class=\"elementor-section elementor-top-section elementor-element elementor-element-6bf57a8 elementor-section-boxed elementor-section-height-default elementor-section-height-default\" data-id=\"6bf57a8\" data-element_type=\"section\" data-e-type=\"section\">\n\t\t\t\t\t\t<div class=\"elementor-container elementor-column-gap-default\">\n\t\t\t\t\t<div class=\"elementor-column elementor-col-100 elementor-top-column elementor-element elementor-element-af92f45\" data-id=\"af92f45\" data-element_type=\"column\" data-e-type=\"column\">\n\t\t\t<div class=\"elementor-widget-wrap elementor-element-populated\">\n\t\t\t\t\t\t<div class=\"elementor-element elementor-element-6e76f81 elementor-widget elementor-widget-heading\" data-id=\"6e76f81\" data-element_type=\"widget\" data-e-type=\"widget\" data-widget_type=\"heading.default\">\n\t\t\t\t\t<h2 class=\"elementor-heading-title elementor-size-default\">Cap\u00edtulo 2. Un mariachi en la playa<\/h2>\t\t\t\t<\/div>\n\t\t\t\t<div class=\"elementor-element elementor-element-e5b1f38 elementor-widget elementor-widget-image\" data-id=\"e5b1f38\" data-element_type=\"widget\" data-e-type=\"widget\" data-widget_type=\"image.default\">\n\t\t\t\t\t\t\t\t\t\t\t\t<figure class=\"wp-caption\">\n\t\t\t\t\t\t\t\t\t\t<img decoding=\"async\" width=\"1024\" height=\"768\" src=\"https:\/\/soymigrante.com\/revista\/wp-content\/uploads\/2023\/07\/mateo-el-charrito-de-oro-2022-copia-1024x768.webp\" class=\"attachment-large size-large wp-image-1897\" alt=\"Walter Villatoro apoya a otros talentos. Aqu\u00ed est\u00e1 con el ni\u00f1o guatemalteco Mateo Escobar, alias El Charrito de Oro, en plena grabaci\u00f3n. &quot;Me pidieron apoyar su talento y con mucho gusto lo he hecho&quot;, cuenta.\" srcset=\"https:\/\/soymigrante.com\/revista\/wp-content\/uploads\/2023\/07\/mateo-el-charrito-de-oro-2022-copia-1024x768.webp 1024w, https:\/\/soymigrante.com\/revista\/wp-content\/uploads\/2023\/07\/mateo-el-charrito-de-oro-2022-copia-300x225.webp 300w, https:\/\/soymigrante.com\/revista\/wp-content\/uploads\/2023\/07\/mateo-el-charrito-de-oro-2022-copia-768x576.webp 768w, https:\/\/soymigrante.com\/revista\/wp-content\/uploads\/2023\/07\/mateo-el-charrito-de-oro-2022-copia-750x563.webp 750w, https:\/\/soymigrante.com\/revista\/wp-content\/uploads\/2023\/07\/mateo-el-charrito-de-oro-2022-copia-1140x855.webp 1140w, https:\/\/soymigrante.com\/revista\/wp-content\/uploads\/2023\/07\/mateo-el-charrito-de-oro-2022-copia.webp 1440w\" sizes=\"(max-width: 1024px) 100vw, 1024px\" title=\"Walter Villatoro apoya a otros talentos. Aqu\u00ed est\u00e1 con el ni\u00f1o guatemalteco Mateo Escobar, alias El Charrito de Oro, en plena grabaci\u00f3n. &quot;Me pidieron apoyar su talento y con mucho gusto lo he hecho&quot;, cuenta. \u2013 SoyMigrante.com REVISTA\" \/>\t\t\t\t\t\t\t\t\t\t\t<figcaption class=\"widget-image-caption wp-caption-text\">Walter Villatoro apoya a otros talentos. Aqu\u00ed est\u00e1 con el ni\u00f1o guatemalteco Mateo Escobar, alias El Charrito de Oro, en plena grabaci\u00f3n. \"Me pidieron apoyar su talento y con mucho gusto lo he hecho\", cuenta.<\/figcaption>\n\t\t\t\t\t\t\t\t\t\t<\/figure>\n\t\t\t\t\t\t\t\t\t<\/div>\n\t\t\t\t\t<\/div>\n\t\t<\/div>\n\t\t\t\t\t<\/div>\n\t\t<\/section>\n\t\t\t\t<section data-particle_enable=\"false\" data-particle-mobile-disabled=\"false\" class=\"elementor-section elementor-top-section elementor-element elementor-element-e5754af elementor-section-boxed elementor-section-height-default elementor-section-height-default\" data-id=\"e5754af\" data-element_type=\"section\" data-e-type=\"section\">\n\t\t\t\t\t\t<div class=\"elementor-container elementor-column-gap-default\">\n\t\t\t\t\t<div class=\"elementor-column elementor-col-100 elementor-top-column elementor-element elementor-element-6eaec8a\" data-id=\"6eaec8a\" data-element_type=\"column\" data-e-type=\"column\">\n\t\t\t<div class=\"elementor-widget-wrap elementor-element-populated\">\n\t\t\t\t\t\t<div class=\"elementor-element elementor-element-8217034 elementor-widget elementor-widget-text-editor\" data-id=\"8217034\" data-element_type=\"widget\" data-e-type=\"widget\" data-widget_type=\"text-editor.default\">\n\t\t\t\t\t\t\t\t\t<p><span style=\"color: var( --e-global-color-text ); background-color: var(--ak-bg-color);\">Walter sol\u00eda cantar en actos escolares. Pero por la pobreza tuvo que dejar la escuela. So\u00f1aba con ser un cantante de mariachi, salir en la televisi\u00f3n. \u201cA los 14 a\u00f1os un amigo de mis padres, que viv\u00eda en Tapachula, me recomend\u00f3 para ir a trabajar a un peque\u00f1o bar, propiedad de un primo, en Puerto Madero. Me dieron la direcci\u00f3n, las instrucciones y llegu\u00e9. Ten\u00eda un peque\u00f1o rancho en la playa\u201d.&nbsp;&nbsp;<\/span><\/p>\n<p>Sin embargo, los primeros d\u00edas no fueron para cantar, sino para atender el bar de bebidas, llevar las cuentas de gastos y mercanc\u00edas. Hasta que un d\u00eda, \u00e9l propio Walter fue a decirle a unos clientes, guitarra en mano. \u00bfQuieren que les cante unas canciones? Y desde entonces cada noche no le faltaban unos pesos ganados con su m\u00fasica. \u201cMira este chamaco c\u00f3mo canta bien!, dec\u00edan. Y Ten\u00eda anotadas en una hoja de papel las canciones que me sab\u00eda, pero poco a poco fui aprendiendo m\u00e1s\u201d.<\/p>\t\t\t\t\t\t\t\t<\/div>\n\t\t\t\t\t<\/div>\n\t\t<\/div>\n\t\t\t\t\t<\/div>\n\t\t<\/section>\n\t\t\t\t<section data-particle_enable=\"false\" data-particle-mobile-disabled=\"false\" class=\"elementor-section elementor-top-section elementor-element elementor-element-f9edc9b elementor-section-boxed elementor-section-height-default elementor-section-height-default\" data-id=\"f9edc9b\" data-element_type=\"section\" data-e-type=\"section\">\n\t\t\t\t\t\t<div class=\"elementor-container elementor-column-gap-default\">\n\t\t\t\t\t<div class=\"elementor-column elementor-col-100 elementor-top-column elementor-element elementor-element-caa0bfe\" data-id=\"caa0bfe\" data-element_type=\"column\" data-e-type=\"column\">\n\t\t\t<div class=\"elementor-widget-wrap elementor-element-populated\">\n\t\t\t\t\t\t<div class=\"elementor-element elementor-element-3a2cd22 elementor-widget elementor-widget-heading\" data-id=\"3a2cd22\" data-element_type=\"widget\" data-e-type=\"widget\" data-widget_type=\"heading.default\">\n\t\t\t\t\t<h2 class=\"elementor-heading-title elementor-size-default\">Cap\u00edtulo 3. Con Coatepeque en el coraz\u00f3n<\/h2>\t\t\t\t<\/div>\n\t\t\t\t\t<\/div>\n\t\t<\/div>\n\t\t\t\t\t<\/div>\n\t\t<\/section>\n\t\t\t\t<section data-particle_enable=\"false\" data-particle-mobile-disabled=\"false\" class=\"elementor-section elementor-top-section elementor-element elementor-element-0d638c1 elementor-section-boxed elementor-section-height-default elementor-section-height-default\" data-id=\"0d638c1\" data-element_type=\"section\" data-e-type=\"section\">\n\t\t\t\t\t\t<div class=\"elementor-container elementor-column-gap-default\">\n\t\t\t\t\t<div class=\"elementor-column elementor-col-100 elementor-top-column elementor-element elementor-element-03db564\" data-id=\"03db564\" data-element_type=\"column\" data-e-type=\"column\">\n\t\t\t<div class=\"elementor-widget-wrap\">\n\t\t\t\t\t\t\t<\/div>\n\t\t<\/div>\n\t\t\t\t\t<\/div>\n\t\t<\/section>\n\t\t\t\t<section data-particle_enable=\"false\" data-particle-mobile-disabled=\"false\" class=\"elementor-section elementor-top-section elementor-element elementor-element-bf67766 elementor-section-boxed elementor-section-height-default elementor-section-height-default\" data-id=\"bf67766\" data-element_type=\"section\" data-e-type=\"section\">\n\t\t\t\t\t\t<div class=\"elementor-container elementor-column-gap-default\">\n\t\t\t\t\t<div class=\"elementor-column elementor-col-100 elementor-top-column elementor-element elementor-element-b53a2a5\" data-id=\"b53a2a5\" data-element_type=\"column\" data-e-type=\"column\">\n\t\t\t<div class=\"elementor-widget-wrap elementor-element-populated\">\n\t\t\t\t\t\t<div class=\"elementor-element elementor-element-bdb0bc5 elementor-widget elementor-widget-image\" data-id=\"bdb0bc5\" data-element_type=\"widget\" data-e-type=\"widget\" data-widget_type=\"image.default\">\n\t\t\t\t\t\t\t\t\t\t\t\t<figure class=\"wp-caption\">\n\t\t\t\t\t\t\t\t\t\t<img loading=\"lazy\" decoding=\"async\" width=\"1024\" height=\"768\" src=\"https:\/\/soymigrante.com\/revista\/wp-content\/uploads\/2023\/07\/61660652_2409929239059772_335443590132006912_n-1024x768.webp\" class=\"attachment-large size-large wp-image-1895\" alt=\"Walter Villatoro disfruta de visitar localidades de toda Guatemala, como turista o en exploraci\u00f3n de locaciones para sus pel\u00edculas o videos musicales. Aqu\u00ed est\u00e1 en la antigua estaci\u00f3n de Chiquimula.\" srcset=\"https:\/\/soymigrante.com\/revista\/wp-content\/uploads\/2023\/07\/61660652_2409929239059772_335443590132006912_n-1024x768.webp 1024w, https:\/\/soymigrante.com\/revista\/wp-content\/uploads\/2023\/07\/61660652_2409929239059772_335443590132006912_n-300x225.webp 300w, https:\/\/soymigrante.com\/revista\/wp-content\/uploads\/2023\/07\/61660652_2409929239059772_335443590132006912_n-768x576.webp 768w, https:\/\/soymigrante.com\/revista\/wp-content\/uploads\/2023\/07\/61660652_2409929239059772_335443590132006912_n-750x563.webp 750w, https:\/\/soymigrante.com\/revista\/wp-content\/uploads\/2023\/07\/61660652_2409929239059772_335443590132006912_n-1140x855.webp 1140w, https:\/\/soymigrante.com\/revista\/wp-content\/uploads\/2023\/07\/61660652_2409929239059772_335443590132006912_n.webp 1440w\" sizes=\"(max-width: 1024px) 100vw, 1024px\" title=\"Walter Villatoro disfruta de visitar localidades de toda Guatemala, como turista o en exploraci\u00f3n de locaciones para sus pel\u00edculas o videos musicales. Aqu\u00ed est\u00e1 en la antigua estaci\u00f3n de Chiquimula. \u2013 SoyMigrante.com REVISTA\" \/>\t\t\t\t\t\t\t\t\t\t\t<figcaption class=\"widget-image-caption wp-caption-text\">Walter Villatoro disfruta de visitar localidades de toda Guatemala, como turista o en exploraci\u00f3n de locaciones para sus pel\u00edculas o videos musicales. Aqu\u00ed est\u00e1 en la antigua estaci\u00f3n de Chiquimula.<\/figcaption>\n\t\t\t\t\t\t\t\t\t\t<\/figure>\n\t\t\t\t\t\t\t\t\t<\/div>\n\t\t\t\t<div class=\"elementor-element elementor-element-0950254 elementor-widget elementor-widget-text-editor\" data-id=\"0950254\" data-element_type=\"widget\" data-e-type=\"widget\" data-widget_type=\"text-editor.default\">\n\t\t\t\t\t\t\t\t\t<p><span style=\"color: var( --e-global-color-text ); background-color: var(--ak-bg-color);\">\u201cAl hacer cuentas con el due\u00f1o del bar, sobraba dinero. Eso me lo gan\u00e9 yo, cantando\u201d, cuenta Walter. Como a los tres meses regres\u00f3 a Coatepeque a visitar a su mam\u00e1 y entregarle parte de lo ganado. Un t\u00edo le pregunt\u00f3 de d\u00f3nde hab\u00eda sacado tanto dinero.\u00a0<\/span><\/p><p><span style=\"color: var( --e-global-color-text ); background-color: var(--ak-bg-color);\">Lo cuestiona. \u201c\u00bfDe verdad te lo ganaste cantando rancheras?\u201d<\/span><\/p><p><span style=\"color: var( --e-global-color-text ); background-color: var(--ak-bg-color);\">S\u00ed. \u201cEntonces sigue adelante, siempre con cuidado\u201d. Walter recordaba cuando su pap\u00e1 a veces cantaba en las noches o en d\u00edas de fiesta. \u201cCreo que de all\u00ed traigo la voz y la pasi\u00f3n por la m\u00fasica\u201d, relata Walter Villatoro sobre un momento decisivo en su vida.<\/span><\/p>\t\t\t\t\t\t\t\t<\/div>\n\t\t\t\t\t<\/div>\n\t\t<\/div>\n\t\t\t\t\t<\/div>\n\t\t<\/section>\n\t\t\t\t<section data-particle_enable=\"false\" data-particle-mobile-disabled=\"false\" class=\"elementor-section elementor-top-section elementor-element elementor-element-315f07e elementor-section-boxed elementor-section-height-default elementor-section-height-default\" data-id=\"315f07e\" data-element_type=\"section\" data-e-type=\"section\">\n\t\t\t\t\t\t<div class=\"elementor-container elementor-column-gap-default\">\n\t\t\t\t\t<div class=\"elementor-column elementor-col-100 elementor-top-column elementor-element elementor-element-bb8c2ea\" data-id=\"bb8c2ea\" data-element_type=\"column\" data-e-type=\"column\">\n\t\t\t<div class=\"elementor-widget-wrap elementor-element-populated\">\n\t\t\t\t\t\t<div class=\"elementor-element elementor-element-ebdeb86 elementor-widget elementor-widget-heading\" data-id=\"ebdeb86\" data-element_type=\"widget\" data-e-type=\"widget\" data-widget_type=\"heading.default\">\n\t\t\t\t\t<h2 class=\"elementor-heading-title elementor-size-default\">Cap\u00edtulo 4. Cada vez m\u00e1s lejos<\/h2>\t\t\t\t<\/div>\n\t\t\t\t\t<\/div>\n\t\t<\/div>\n\t\t\t\t\t<\/div>\n\t\t<\/section>\n\t\t\t\t<section data-particle_enable=\"false\" data-particle-mobile-disabled=\"false\" class=\"elementor-section elementor-top-section elementor-element elementor-element-a8995bb elementor-section-boxed elementor-section-height-default elementor-section-height-default\" data-id=\"a8995bb\" data-element_type=\"section\" data-e-type=\"section\">\n\t\t\t\t\t\t<div class=\"elementor-container elementor-column-gap-default\">\n\t\t\t\t\t<div class=\"elementor-column elementor-col-100 elementor-top-column elementor-element elementor-element-567d914\" data-id=\"567d914\" data-element_type=\"column\" data-e-type=\"column\">\n\t\t\t<div class=\"elementor-widget-wrap elementor-element-populated\">\n\t\t\t\t\t\t<div class=\"elementor-element elementor-element-e5235a9 elementor-pagination-position-inside elementor-arrows-position-inside elementor-widget elementor-widget-image-carousel\" data-id=\"e5235a9\" data-element_type=\"widget\" data-e-type=\"widget\" data-settings=\"{&quot;slides_to_show&quot;:&quot;1&quot;,&quot;autoplay&quot;:&quot;no&quot;,&quot;effect&quot;:&quot;fade&quot;,&quot;navigation&quot;:&quot;both&quot;,&quot;infinite&quot;:&quot;yes&quot;,&quot;speed&quot;:500}\" data-widget_type=\"image-carousel.default\">\n\t\t\t\t\t\t\t<div class=\"elementor-image-carousel-wrapper swiper\" role=\"region\" aria-roledescription=\"carousel\" aria-label=\"Carrusel de im\u00e1genes\" dir=\"ltr\">\n\t\t\t<div class=\"elementor-image-carousel swiper-wrapper\" aria-live=\"polite\">\n\t\t\t\t\t\t\t\t<div class=\"swiper-slide\" role=\"group\" aria-roledescription=\"slide\" aria-label=\"1 de 6\"><figure class=\"swiper-slide-inner\"><img decoding=\"async\" class=\"swiper-slide-image\" src=\"https:\/\/soymigrante.com\/revista\/wp-content\/uploads\/2023\/07\/WALTER-VILLATORO-MARIACHI-MIGRANTE-1-768x492.webp\" alt=\"1. En los a\u00f1os 1980, Walter viaj\u00f3 hasta Puerto Madero en busca de un espacio para poder cantar m\u00fasica ranchera. Imagen solo de referencia de Google Maps en la actualidad.\" \/><figcaption class=\"elementor-image-carousel-caption\">1. En los a\u00f1os 1980, Walter viaj\u00f3 hasta Puerto Madero en busca de un espacio para poder cantar m\u00fasica ranchera. Imagen solo de referencia de Google Maps en la actualidad.<\/figcaption><\/figure><\/div><div class=\"swiper-slide\" role=\"group\" aria-roledescription=\"slide\" aria-label=\"2 de 6\"><figure class=\"swiper-slide-inner\"><img decoding=\"async\" class=\"swiper-slide-image\" src=\"https:\/\/soymigrante.com\/revista\/wp-content\/uploads\/2023\/07\/WALTER-VILLATORO-MARIACHI-MIGRANTE-11-768x606.webp\" alt=\"2. Poco despu\u00e9s se aventur\u00f3 a ir a la costa Atl\u00e1ntica de M\u00e9xico. En Cotzacoalcos, Veracruz. Imagen solo de referencia de Google Maps en la actualidad.\" \/><figcaption class=\"elementor-image-carousel-caption\">2. Poco despu\u00e9s se aventur\u00f3 a ir a la costa Atl\u00e1ntica de M\u00e9xico. En Cotzacoalcos, Veracruz. Imagen solo de referencia de Google Maps en la actualidad.<\/figcaption><\/figure><\/div><div class=\"swiper-slide\" role=\"group\" aria-roledescription=\"slide\" aria-label=\"3 de 6\"><figure class=\"swiper-slide-inner\"><img decoding=\"async\" class=\"swiper-slide-image\" src=\"https:\/\/soymigrante.com\/revista\/wp-content\/uploads\/2023\/07\/WALTER-VILLATORO-MARIACHI-MIGRANTE-10-768x556.webp\" alt=\"Walter sigui\u00f3 explorando oportunidades en Cordoba, siempre dentro del estado de Veracruz. Imagen solo de referencia de Google Maps en la actualidad.\" \/><figcaption class=\"elementor-image-carousel-caption\">Walter sigui\u00f3 explorando oportunidades en Cordoba, siempre dentro del estado de \nVeracruz. Imagen solo de referencia de Google Maps en la actualidad.<\/figcaption><\/figure><\/div><div class=\"swiper-slide\" role=\"group\" aria-roledescription=\"slide\" aria-label=\"4 de 6\"><figure class=\"swiper-slide-inner\"><img decoding=\"async\" class=\"swiper-slide-image\" src=\"https:\/\/soymigrante.com\/revista\/wp-content\/uploads\/2023\/07\/WALTER-VILLATORO-MARIACHI-MIGRANTE-9-768x544.webp\" alt=\"Con el paso de los a\u00f1os, pas\u00f3 por el Distrito Federal y despu\u00e9s a Guadalajara\" \/><figcaption class=\"elementor-image-carousel-caption\">Con el paso de los a\u00f1os, pas\u00f3 por el Distrito Federal y despu\u00e9s a Guadalajara. Imagen de Google Maps tomada solo como referencia de distancia.<\/figcaption><\/figure><\/div><div class=\"swiper-slide\" role=\"group\" aria-roledescription=\"slide\" aria-label=\"5 de 6\"><figure class=\"swiper-slide-inner\"><img decoding=\"async\" class=\"swiper-slide-image\" src=\"https:\/\/soymigrante.com\/revista\/wp-content\/uploads\/2023\/07\/WALTER-VILLATORO-MARIACHI-MIGRANTE-8-768x524.webp\" alt=\"As\u00ed cantando con su guitarra o con mariachis, Walter Villatoro lleg\u00f3 a Tijuana, aproximadamente en 1989. Imagen de Google Maps usada solo como referencia.\" \/><figcaption class=\"elementor-image-carousel-caption\">As\u00ed cantando con su guitarra o con mariachis, Walter Villatoro lleg\u00f3 a Tijuana, aproximadamente en 1989. Imagen de Google Maps usada solo como referencia.<\/figcaption><\/figure><\/div><div class=\"swiper-slide\" role=\"group\" aria-roledescription=\"slide\" aria-label=\"6 de 6\"><figure class=\"swiper-slide-inner\"><img decoding=\"async\" class=\"swiper-slide-image\" src=\"https:\/\/soymigrante.com\/revista\/wp-content\/uploads\/2023\/07\/WALTER-VILLATORO-MARIACHI-MIGRANTE-7-768x535.webp\" alt=\"Despu\u00e9s de un buen tiempo en Tijuana, Walter decidi\u00f3 mudarse a la cercana San Diego, California. Intent\u00f3 trabajar en Los Angeles pero no le gust\u00f3 el ambiente y radica en San Diego desde hace m\u00e1s de 30 a\u00f1os.\" \/><figcaption class=\"elementor-image-carousel-caption\">Despu\u00e9s de un buen tiempo en Tijuana, Walter decidi\u00f3 mudarse a la cercana San Diego, California. Intent\u00f3 trabajar en Los Angeles pero no le gust\u00f3 el ambiente y radica en San Diego desde hace m\u00e1s de 30 a\u00f1os. <\/figcaption><\/figure><\/div>\t\t\t<\/div>\n\t\t\t\t\t\t\t\t\t\t\t\t<div class=\"elementor-swiper-button elementor-swiper-button-prev\" role=\"button\" tabindex=\"0\">\n\t\t\t\t\t\t<i aria-hidden=\"true\" class=\"eicon-chevron-left\"><\/i>\t\t\t\t\t<\/div>\n\t\t\t\t\t<div class=\"elementor-swiper-button elementor-swiper-button-next\" role=\"button\" tabindex=\"0\">\n\t\t\t\t\t\t<i aria-hidden=\"true\" class=\"eicon-chevron-right\"><\/i>\t\t\t\t\t<\/div>\n\t\t\t\t\n\t\t\t\t\t\t\t\t\t<div class=\"swiper-pagination\"><\/div>\n\t\t\t\t\t\t\t\t\t<\/div>\n\t\t\t\t\t\t<\/div>\n\t\t\t\t\t<\/div>\n\t\t<\/div>\n\t\t\t\t\t<\/div>\n\t\t<\/section>\n\t\t\t\t<section data-particle_enable=\"false\" data-particle-mobile-disabled=\"false\" class=\"elementor-section elementor-top-section elementor-element elementor-element-afd834e elementor-section-boxed elementor-section-height-default elementor-section-height-default\" data-id=\"afd834e\" data-element_type=\"section\" data-e-type=\"section\">\n\t\t\t\t\t\t<div class=\"elementor-container elementor-column-gap-default\">\n\t\t\t\t\t<div class=\"elementor-column elementor-col-100 elementor-top-column elementor-element elementor-element-8b25057\" data-id=\"8b25057\" data-element_type=\"column\" data-e-type=\"column\">\n\t\t\t<div class=\"elementor-widget-wrap elementor-element-populated\">\n\t\t\t\t\t\t<div class=\"elementor-element elementor-element-43dcba5 elementor-widget elementor-widget-text-editor\" data-id=\"43dcba5\" data-element_type=\"widget\" data-e-type=\"widget\" data-widget_type=\"text-editor.default\">\n\t\t\t\t\t\t\t\t\t<p><span style=\"color: var( --e-global-color-text ); background-color: var(--ak-bg-color);\">&#8220;Fui y vine varias veces de Puerto Madero a Coatepeque. Pero decid\u00ed que quer\u00eda ir m\u00e1s lejos. Me fui a Coatzacoalcos, Veracruz. Cant\u00e9 con un mariachi, luego me regreasaba a guatemala y de vuelta a M\u00e9xico. Cada vez iba m\u00e1s arriba, despu\u00e9s a Cordoba, Guadalajara y as\u00ed hasta que llegu\u00e9 a Tijuana. Los mariachis siempre me agarraban aprecio porque yo era muy joven y a los clientes les gustaba mi voz. Cada vez que iba a regresar a Guatemala me dec\u00edan que no me fuera. Tem\u00edan que ya no volviera ja ja\u201d.<\/span><\/p>\t\t\t\t\t\t\t\t<\/div>\n\t\t\t\t\t<\/div>\n\t\t<\/div>\n\t\t\t\t\t<\/div>\n\t\t<\/section>\n\t\t\t\t<section data-particle_enable=\"false\" data-particle-mobile-disabled=\"false\" class=\"elementor-section elementor-top-section elementor-element elementor-element-8f0b8ed elementor-section-boxed elementor-section-height-default elementor-section-height-default\" data-id=\"8f0b8ed\" data-element_type=\"section\" data-e-type=\"section\">\n\t\t\t\t\t\t<div class=\"elementor-container elementor-column-gap-default\">\n\t\t\t\t\t<div class=\"elementor-column elementor-col-100 elementor-top-column elementor-element elementor-element-7fd58ce\" data-id=\"7fd58ce\" data-element_type=\"column\" data-e-type=\"column\">\n\t\t\t<div class=\"elementor-widget-wrap elementor-element-populated\">\n\t\t\t\t\t\t<div class=\"elementor-element elementor-element-98f5305 elementor-widget elementor-widget-heading\" data-id=\"98f5305\" data-element_type=\"widget\" data-e-type=\"widget\" data-widget_type=\"heading.default\">\n\t\t\t\t\t<h2 class=\"elementor-heading-title elementor-size-default\">Cap\u00edtulo 5. Al otro lado de la frontera<\/h2>\t\t\t\t<\/div>\n\t\t\t\t\t<\/div>\n\t\t<\/div>\n\t\t\t\t\t<\/div>\n\t\t<\/section>\n\t\t\t\t<section data-particle_enable=\"false\" data-particle-mobile-disabled=\"false\" class=\"elementor-section elementor-top-section elementor-element elementor-element-5fc4bf5 elementor-section-boxed elementor-section-height-default elementor-section-height-default\" data-id=\"5fc4bf5\" data-element_type=\"section\" data-e-type=\"section\">\n\t\t\t\t\t\t<div class=\"elementor-container elementor-column-gap-default\">\n\t\t\t\t\t<div class=\"elementor-column elementor-col-100 elementor-top-column elementor-element elementor-element-7888073\" data-id=\"7888073\" data-element_type=\"column\" data-e-type=\"column\">\n\t\t\t<div class=\"elementor-widget-wrap elementor-element-populated\">\n\t\t\t\t\t\t<div class=\"elementor-element elementor-element-d7c2baf elementor-widget elementor-widget-image\" data-id=\"d7c2baf\" data-element_type=\"widget\" data-e-type=\"widget\" data-widget_type=\"image.default\">\n\t\t\t\t\t\t\t\t\t\t\t\t<figure class=\"wp-caption\">\n\t\t\t\t\t\t\t\t\t\t<img loading=\"lazy\" decoding=\"async\" width=\"951\" height=\"727\" src=\"https:\/\/soymigrante.com\/revista\/wp-content\/uploads\/2023\/07\/Captura-de-pantalla-2023-07-18-122223.webp\" class=\"attachment-large size-large wp-image-1898\" alt=\"\" srcset=\"https:\/\/soymigrante.com\/revista\/wp-content\/uploads\/2023\/07\/Captura-de-pantalla-2023-07-18-122223.webp 951w, https:\/\/soymigrante.com\/revista\/wp-content\/uploads\/2023\/07\/Captura-de-pantalla-2023-07-18-122223-300x229.webp 300w, https:\/\/soymigrante.com\/revista\/wp-content\/uploads\/2023\/07\/Captura-de-pantalla-2023-07-18-122223-768x587.webp 768w, https:\/\/soymigrante.com\/revista\/wp-content\/uploads\/2023\/07\/Captura-de-pantalla-2023-07-18-122223-750x573.webp 750w\" sizes=\"(max-width: 951px) 100vw, 951px\" title=\"Captura de pantalla 2023-07-18 122223 \u2013 SoyMigrante.com REVISTA\" \/>\t\t\t\t\t\t\t\t\t\t\t<figcaption class=\"widget-image-caption wp-caption-text\">Walter Villatoro ha compuesto decenas de canciones durante sus a\u00f1os en Estados Unidos y M\u00e9xico. Las m\u00e1s sentidas las ha dedicado a sus padres, por el amor y ejemplo brindados.<\/figcaption>\n\t\t\t\t\t\t\t\t\t\t<\/figure>\n\t\t\t\t\t\t\t\t\t<\/div>\n\t\t\t\t\t<\/div>\n\t\t<\/div>\n\t\t\t\t\t<\/div>\n\t\t<\/section>\n\t\t\t\t<section data-particle_enable=\"false\" data-particle-mobile-disabled=\"false\" class=\"elementor-section elementor-top-section elementor-element elementor-element-625612f elementor-section-boxed elementor-section-height-default elementor-section-height-default\" data-id=\"625612f\" data-element_type=\"section\" data-e-type=\"section\">\n\t\t\t\t\t\t<div class=\"elementor-container elementor-column-gap-default\">\n\t\t\t\t\t<div class=\"elementor-column elementor-col-100 elementor-top-column elementor-element elementor-element-faa9bc9\" data-id=\"faa9bc9\" data-element_type=\"column\" data-e-type=\"column\">\n\t\t\t<div class=\"elementor-widget-wrap elementor-element-populated\">\n\t\t\t\t\t\t<div class=\"elementor-element elementor-element-194ef67 elementor-widget elementor-widget-text-editor\" data-id=\"194ef67\" data-element_type=\"widget\" data-e-type=\"widget\" data-widget_type=\"text-editor.default\">\n\t\t\t\t\t\t\t\t\t<p><span style=\"color: var( --e-global-color-text ); background-color: var(--ak-bg-color);\">\u201cTen\u00eda unos 16 a\u00f1os cuando unos gringos me dijeron que me pod\u00edan cruzar el paso migratorio de Estados Unidos como si fuera su hijo. antes no era todo tan estricto como ahora. Me hablaron desde que yo iba en el bus, pero poquito antes de cruzar, me dio desconfianza y me les desaparec\u00ed entre la gente. Me escond\u00ed en un puesto del mercado y all\u00ed tambi\u00e9n estaba una muchacha escondi\u00e9ndose de la polic\u00eda mexicana. Ya tiempo despu\u00e9s, yo mismo cruc\u00e9 el arenal hacia San Diego.\u201d<\/span><\/p>\t\t\t\t\t\t\t\t<\/div>\n\t\t\t\t\t<\/div>\n\t\t<\/div>\n\t\t\t\t\t<\/div>\n\t\t<\/section>\n\t\t\t\t<section data-particle_enable=\"false\" data-particle-mobile-disabled=\"false\" class=\"elementor-section elementor-top-section elementor-element elementor-element-7b13053 elementor-section-boxed elementor-section-height-default elementor-section-height-default\" data-id=\"7b13053\" data-element_type=\"section\" data-e-type=\"section\">\n\t\t\t\t\t\t<div class=\"elementor-container elementor-column-gap-default\">\n\t\t\t\t\t<div class=\"elementor-column elementor-col-100 elementor-top-column elementor-element elementor-element-8e3f66e\" data-id=\"8e3f66e\" data-element_type=\"column\" data-e-type=\"column\">\n\t\t\t<div class=\"elementor-widget-wrap elementor-element-populated\">\n\t\t\t\t\t\t<div class=\"elementor-element elementor-element-c697dad elementor-widget elementor-widget-heading\" data-id=\"c697dad\" data-element_type=\"widget\" data-e-type=\"widget\" data-widget_type=\"heading.default\">\n\t\t\t\t\t<h2 class=\"elementor-heading-title elementor-size-default\">Cap\u00edtulo 6. Perlas, sue\u00f1os y mam\u00e1 <\/h2>\t\t\t\t<\/div>\n\t\t\t\t\t<\/div>\n\t\t<\/div>\n\t\t\t\t\t<\/div>\n\t\t<\/section>\n\t\t\t\t<section data-particle_enable=\"false\" data-particle-mobile-disabled=\"false\" class=\"elementor-section elementor-top-section elementor-element elementor-element-327f04e elementor-section-boxed elementor-section-height-default elementor-section-height-default\" data-id=\"327f04e\" data-element_type=\"section\" data-e-type=\"section\">\n\t\t\t\t\t\t<div class=\"elementor-container elementor-column-gap-default\">\n\t\t\t\t\t<div class=\"elementor-column elementor-col-100 elementor-top-column elementor-element elementor-element-2b38b54\" data-id=\"2b38b54\" data-element_type=\"column\" data-e-type=\"column\">\n\t\t\t<div class=\"elementor-widget-wrap elementor-element-populated\">\n\t\t\t\t\t\t<div class=\"elementor-element elementor-element-fa9e039 elementor-widget elementor-widget-text-editor\" data-id=\"fa9e039\" data-element_type=\"widget\" data-e-type=\"widget\" data-widget_type=\"text-editor.default\">\n\t\t\t\t\t\t\t\t\t<p><span style=\"color: var( --e-global-color-text ); background-color: var(--ak-bg-color);\">Con su voz y su guitarra Walter empez\u00f3 a ganarse la vida en San Diego California a inicios de la d\u00e9cada 1990. Luego lo invitaron a Los Angeles, pero no le gust\u00f3 la vida all\u00ed. Regres\u00f3 a San Diego, en donde lleg\u00f3 a integrar su primer mariachi \u201cPerlas de San Diego\u201d. \u201cLa vida del mariachi es bonita, te diviertes, te conocen, cantas con el coraz\u00f3n, vas a lugares que no te imaginas. Yo me he recorrido muchas ciudades de Estados Unidos, con mariachi o como solista. Gracias a Dios pude llevar a mi madrecita a que me viera cantar. Ella muri\u00f3 en 2017, pero estaba orgullosa de m\u00ed y yo agradecido por haberla tenido\u201d.<\/span><\/p>\n<p>Varias de sus pel\u00edculas hacen alusi\u00f3n a pasajes de su vida, vivencias de juventud y tambi\u00e9n sucesos noticiosos relacionados con violencia. Puede verlas gratuitamente en Youtube y en Facebook Watch&nbsp;<br><ul><li><b>Pueblo Enfurecido<\/b><\/li><li><b>Buscando a mi pap\u00e1<\/b><\/li><li><b>Inocentes tras las rejas<\/b><\/li><li><b>Tragedia en Guatemala<\/b><\/li><li><b>V\u00edctimas de tratantes<\/b><\/li><li><b>La mordida del sem\u00e1foro rojo<\/b><\/li><li><b>La muerte anda en el norte<\/b><\/li><\/ul><\/p>\n<p><br><\/p>\t\t\t\t\t\t\t\t<\/div>\n\t\t\t\t\t<\/div>\n\t\t<\/div>\n\t\t\t\t\t<\/div>\n\t\t<\/section>\n\t\t\t\t<section data-particle_enable=\"false\" data-particle-mobile-disabled=\"false\" class=\"elementor-section elementor-top-section elementor-element elementor-element-63e64a0 elementor-section-boxed elementor-section-height-default elementor-section-height-default\" data-id=\"63e64a0\" data-element_type=\"section\" data-e-type=\"section\">\n\t\t\t\t\t\t<div class=\"elementor-container elementor-column-gap-default\">\n\t\t\t\t\t<div class=\"elementor-column elementor-col-100 elementor-top-column elementor-element elementor-element-88494ee\" data-id=\"88494ee\" data-element_type=\"column\" data-e-type=\"column\">\n\t\t\t<div class=\"elementor-widget-wrap elementor-element-populated\">\n\t\t\t\t\t\t<div class=\"elementor-element elementor-element-6a5bc58 elementor-widget elementor-widget-video\" data-id=\"6a5bc58\" data-element_type=\"widget\" data-e-type=\"widget\" data-settings=\"{&quot;youtube_url&quot;:&quot;https:\\\/\\\/www.youtube.com\\\/watch?v=9TFRDxAw9A4&quot;,&quot;video_type&quot;:&quot;youtube&quot;,&quot;controls&quot;:&quot;yes&quot;}\" data-widget_type=\"video.default\">\n\t\t\t\t\t\t\t<div class=\"elementor-wrapper elementor-open-inline\">\n\t\t\t<div class=\"elementor-video\"><\/div>\t\t<\/div>\n\t\t\t\t\t\t<\/div>\n\t\t\t\t\t<\/div>\n\t\t<\/div>\n\t\t\t\t\t<\/div>\n\t\t<\/section>\n\t\t\t\t<section data-particle_enable=\"false\" data-particle-mobile-disabled=\"false\" class=\"elementor-section elementor-top-section elementor-element elementor-element-3fb4ebb elementor-section-boxed elementor-section-height-default elementor-section-height-default\" data-id=\"3fb4ebb\" data-element_type=\"section\" data-e-type=\"section\">\n\t\t\t\t\t\t<div class=\"elementor-container elementor-column-gap-default\">\n\t\t\t\t\t<div class=\"elementor-column elementor-col-100 elementor-top-column elementor-element elementor-element-4bf898a\" data-id=\"4bf898a\" data-element_type=\"column\" data-e-type=\"column\">\n\t\t\t<div class=\"elementor-widget-wrap\">\n\t\t\t\t\t\t\t<\/div>\n\t\t<\/div>\n\t\t\t\t\t<\/div>\n\t\t<\/section>\n\t\t\t\t<section data-particle_enable=\"false\" data-particle-mobile-disabled=\"false\" class=\"elementor-section elementor-top-section elementor-element elementor-element-95e6eb4 elementor-section-boxed elementor-section-height-default elementor-section-height-default\" data-id=\"95e6eb4\" data-element_type=\"section\" data-e-type=\"section\">\n\t\t\t\t\t\t<div class=\"elementor-container elementor-column-gap-default\">\n\t\t\t\t\t<div class=\"elementor-column elementor-col-100 elementor-top-column elementor-element elementor-element-b26d7e3\" data-id=\"b26d7e3\" data-element_type=\"column\" data-e-type=\"column\">\n\t\t\t<div class=\"elementor-widget-wrap elementor-element-populated\">\n\t\t\t\t\t\t<div class=\"elementor-element elementor-element-be510a8 elementor-widget elementor-widget-image\" data-id=\"be510a8\" data-element_type=\"widget\" data-e-type=\"widget\" data-widget_type=\"image.default\">\n\t\t\t\t\t\t\t\t\t\t\t\t<figure class=\"wp-caption\">\n\t\t\t\t\t\t\t\t\t\t<img loading=\"lazy\" decoding=\"async\" width=\"1017\" height=\"802\" src=\"https:\/\/soymigrante.com\/revista\/wp-content\/uploads\/2023\/07\/el-llanto-del-nino-2012-copia.webp\" class=\"attachment-large size-large wp-image-1899\" alt=\"\" srcset=\"https:\/\/soymigrante.com\/revista\/wp-content\/uploads\/2023\/07\/el-llanto-del-nino-2012-copia.webp 1017w, https:\/\/soymigrante.com\/revista\/wp-content\/uploads\/2023\/07\/el-llanto-del-nino-2012-copia-300x237.webp 300w, https:\/\/soymigrante.com\/revista\/wp-content\/uploads\/2023\/07\/el-llanto-del-nino-2012-copia-768x606.webp 768w, https:\/\/soymigrante.com\/revista\/wp-content\/uploads\/2023\/07\/el-llanto-del-nino-2012-copia-750x591.webp 750w\" sizes=\"(max-width: 1017px) 100vw, 1017px\" title=\"el llanto del ni\u00f1o 2012 - copia \u2013 SoyMigrante.com REVISTA\" \/>\t\t\t\t\t\t\t\t\t\t\t<figcaption class=\"widget-image-caption wp-caption-text\">Su pel\u00edcula El Llanto del Ni\u00f1o, de 2012, fue estrenada en el Conservatorio Nacional de M\u00fasica de Guatemala.<\/figcaption>\n\t\t\t\t\t\t\t\t\t\t<\/figure>\n\t\t\t\t\t\t\t\t\t<\/div>\n\t\t\t\t<div class=\"elementor-element elementor-element-ecc88d3 elementor-headline--style-highlight elementor-widget elementor-widget-animated-headline\" data-id=\"ecc88d3\" data-element_type=\"widget\" data-e-type=\"widget\" data-settings=\"{&quot;highlighted_text&quot;:&quot;en 23  pel\\u00edculas&quot;,&quot;highlight_animation_duration&quot;:1280,&quot;headline_style&quot;:&quot;highlight&quot;,&quot;marker&quot;:&quot;circle&quot;,&quot;loop&quot;:&quot;yes&quot;,&quot;highlight_iteration_delay&quot;:8000}\" data-widget_type=\"animated-headline.default\">\n\t\t\t\t\t\t\t<h3 class=\"elementor-headline\">\n\t\t\t\t\t<span class=\"elementor-headline-plain-text elementor-headline-text-wrapper\">Cap\u00edtulo 7. Muchas vidas y aventuras <\/span>\n\t\t\t\t<span class=\"elementor-headline-dynamic-wrapper elementor-headline-text-wrapper\">\n\t\t\t\t\t<span class=\"elementor-headline-dynamic-text elementor-headline-text-active\">en 23  pel\u00edculas<\/span>\n\t\t\t\t<\/span>\n\t\t\t\t\t<span class=\"elementor-headline-plain-text elementor-headline-text-wrapper\">de drama y acci\u00f3n<\/span>\n\t\t\t\t\t<\/h3>\n\t\t\t\t\t\t<\/div>\n\t\t\t\t\t<\/div>\n\t\t<\/div>\n\t\t\t\t\t<\/div>\n\t\t<\/section>\n\t\t\t\t<section data-particle_enable=\"false\" data-particle-mobile-disabled=\"false\" class=\"elementor-section elementor-top-section elementor-element elementor-element-7287956 elementor-section-boxed elementor-section-height-default elementor-section-height-default\" data-id=\"7287956\" data-element_type=\"section\" data-e-type=\"section\">\n\t\t\t\t\t\t<div class=\"elementor-container elementor-column-gap-default\">\n\t\t\t\t\t<div class=\"elementor-column elementor-col-100 elementor-top-column elementor-element elementor-element-1363feb\" data-id=\"1363feb\" data-element_type=\"column\" data-e-type=\"column\">\n\t\t\t<div class=\"elementor-widget-wrap elementor-element-populated\">\n\t\t\t\t\t\t<div class=\"elementor-element elementor-element-4322c45 elementor-widget elementor-widget-text-editor\" data-id=\"4322c45\" data-element_type=\"widget\" data-e-type=\"widget\" data-widget_type=\"text-editor.default\">\n\t\t\t\t\t\t\t\t\t<p><span style=\"color: var( --e-global-color-text ); background-color: var(--ak-bg-color);\">En la d\u00e9cada 1990, Walter compr\u00f3 una c\u00e1mara de viodeocasete, con la que empez\u00f3 a hacer pel\u00edculas caseras que sol\u00eda proyector para diversi\u00f3n de sus amigos y vecinos. En el a\u00f1o 2002 se mete de lleno en la producci\u00f3n de su primera pel\u00edcula, que termin\u00f3 siendo la segunda por otra producci\u00f3n inesperada.<br \/>Es esa pasi\u00f3n por producir historias la que le mueve, <a href=\"https:\/\/soymigrante.com\/revista\/musico-actor-guatemalteco-migrante-en-nueva-york-domingo-lemus\/\">al igual que a otros cineastas guatemaltecos migrantes.<\/a>\u00a0<\/span><\/p><p><span style=\"color: var( --e-global-color-text ); background-color: var(--ak-bg-color);\">\u201cUn se\u00f1or me financiaba la pel\u00edcula pero quer\u00eda que la hiciera en homenaje a un su hermano que hab\u00eda fallecido. La hicimos. Despu\u00e9s grabamos la historia de la familia de un migrante que fue masacrada. Eso en verdad ocurri\u00f3 y \u00e9l busc\u00f3 venganza. Y nosotros la convertimos en pel\u00edcula\u201d.<\/span><\/p>\t\t\t\t\t\t\t\t<\/div>\n\t\t\t\t\t<\/div>\n\t\t<\/div>\n\t\t\t\t\t<\/div>\n\t\t<\/section>\n\t\t\t\t<section data-particle_enable=\"false\" data-particle-mobile-disabled=\"false\" class=\"elementor-section elementor-top-section elementor-element elementor-element-d16d055 elementor-section-boxed elementor-section-height-default elementor-section-height-default\" data-id=\"d16d055\" data-element_type=\"section\" data-e-type=\"section\">\n\t\t\t\t\t\t<div class=\"elementor-container elementor-column-gap-default\">\n\t\t\t\t\t<div class=\"elementor-column elementor-col-100 elementor-top-column elementor-element elementor-element-6d6675e\" data-id=\"6d6675e\" data-element_type=\"column\" data-e-type=\"column\">\n\t\t\t<div class=\"elementor-widget-wrap elementor-element-populated\">\n\t\t\t\t\t\t<div class=\"elementor-element elementor-element-ca8e1ff elementor-widget elementor-widget-image\" data-id=\"ca8e1ff\" data-element_type=\"widget\" data-e-type=\"widget\" data-widget_type=\"image.default\">\n\t\t\t\t\t\t\t\t\t\t\t\t\t\t\t<img loading=\"lazy\" decoding=\"async\" width=\"626\" height=\"507\" src=\"https:\/\/soymigrante.com\/revista\/wp-content\/uploads\/2023\/07\/WALTER-VILLATORO-MARIACHI-MIGRANTE-3.webp\" class=\"attachment-large size-large wp-image-1886\" alt=\"\" srcset=\"https:\/\/soymigrante.com\/revista\/wp-content\/uploads\/2023\/07\/WALTER-VILLATORO-MARIACHI-MIGRANTE-3.webp 626w, https:\/\/soymigrante.com\/revista\/wp-content\/uploads\/2023\/07\/WALTER-VILLATORO-MARIACHI-MIGRANTE-3-300x243.webp 300w\" sizes=\"(max-width: 626px) 100vw, 626px\" title=\"WALTER VILLATORO MARIACHI MIGRANTE (3) \u2013 SoyMigrante.com REVISTA\" \/>\t\t\t\t\t\t\t\t\t\t\t\t\t\t\t<\/div>\n\t\t\t\t\t<\/div>\n\t\t<\/div>\n\t\t\t\t\t<\/div>\n\t\t<\/section>\n\t\t\t\t<section data-particle_enable=\"false\" data-particle-mobile-disabled=\"false\" class=\"elementor-section elementor-top-section elementor-element elementor-element-bb53925 elementor-section-boxed elementor-section-height-default elementor-section-height-default\" data-id=\"bb53925\" data-element_type=\"section\" data-e-type=\"section\">\n\t\t\t\t\t\t<div class=\"elementor-container elementor-column-gap-default\">\n\t\t\t\t\t<div class=\"elementor-column elementor-col-100 elementor-top-column elementor-element elementor-element-3217a0b\" data-id=\"3217a0b\" data-element_type=\"column\" data-e-type=\"column\">\n\t\t\t<div class=\"elementor-widget-wrap elementor-element-populated\">\n\t\t\t\t\t\t<div class=\"elementor-element elementor-element-deecad1 elementor-widget elementor-widget-text-editor\" data-id=\"deecad1\" data-element_type=\"widget\" data-e-type=\"widget\" data-widget_type=\"text-editor.default\">\n\t\t\t\t\t\t\t\t\t<p>Walter Villatoro sigue adelante. Siempre hay una nueva temporada para su ingenio cinematogr\u00e1fico y para expresar su constante aprecio<a href=\"https:\/\/soymigrante.com\/revista\/actor-maya-guatemalteco-dionicio-virvez-aconseja-nunca-rendirse-al-buscar-un-sueno\/\"> a los migrantes de todas nacionalidades en Estados Unidos, pero especialmente los guatemaltecos<\/a>.\u00a0<br \/>&#8220;Todos los migrantes podemos destacar si nos aplicamos en nuestro sue\u00f1o, si tenemos fe en Dios y confianza en nuestro talento. Yo he conocido a personas admirables en Estados Unidos y tambi\u00e9n en Guatemala a donde siempre me gusta regresar.<\/p><p>\u00a0<\/p>\t\t\t\t\t\t\t\t<\/div>\n\t\t\t\t\t<\/div>\n\t\t<\/div>\n\t\t\t\t\t<\/div>\n\t\t<\/section>\n\t\t\t\t<section data-particle_enable=\"false\" data-particle-mobile-disabled=\"false\" class=\"elementor-section elementor-top-section elementor-element elementor-element-db9848b elementor-section-boxed elementor-section-height-default elementor-section-height-default\" data-id=\"db9848b\" data-element_type=\"section\" data-e-type=\"section\">\n\t\t\t\t\t\t<div class=\"elementor-container elementor-column-gap-default\">\n\t\t\t\t\t<div class=\"elementor-column elementor-col-100 elementor-top-column elementor-element elementor-element-948b6bd\" data-id=\"948b6bd\" data-element_type=\"column\" data-e-type=\"column\">\n\t\t\t<div class=\"elementor-widget-wrap elementor-element-populated\">\n\t\t\t\t\t\t<div class=\"elementor-element elementor-element-04f386a elementor-widget elementor-widget-heading\" data-id=\"04f386a\" data-element_type=\"widget\" data-e-type=\"widget\" data-widget_type=\"heading.default\">\n\t\t\t\t\t<h2 class=\"elementor-heading-title elementor-size-default\">Te presentamos m\u00e1s talento f\u00edlmico migrante guatemalteco <\/h2>\t\t\t\t<\/div>\n\t\t\t\t\t<\/div>\n\t\t<\/div>\n\t\t\t\t\t<\/div>\n\t\t<\/section>\n\t\t\t\t<section data-particle_enable=\"false\" data-particle-mobile-disabled=\"false\" class=\"elementor-section elementor-top-section elementor-element elementor-element-6421f3e elementor-section-boxed elementor-section-height-default elementor-section-height-default\" data-id=\"6421f3e\" data-element_type=\"section\" data-e-type=\"section\">\n\t\t\t\t\t\t<div class=\"elementor-container elementor-column-gap-default\">\n\t\t\t\t\t<div class=\"elementor-column elementor-col-100 elementor-top-column elementor-element elementor-element-338d578\" data-id=\"338d578\" data-element_type=\"column\" data-e-type=\"column\">\n\t\t\t<div class=\"elementor-widget-wrap elementor-element-populated\">\n\t\t\t\t\t\t<div class=\"elementor-element elementor-element-5f2b253 elementor-grid-eael-col-4 elementor-grid-tablet-eael-col-2 elementor-grid-mobile-eael-col-1 elementor-widget elementor-widget-eael-post-grid\" data-id=\"5f2b253\" data-element_type=\"widget\" data-e-type=\"widget\" data-settings=\"{&quot;eael_post_grid_columns&quot;:&quot;eael-col-4&quot;,&quot;eael_post_grid_columns_tablet&quot;:&quot;eael-col-2&quot;,&quot;eael_post_grid_columns_mobile&quot;:&quot;eael-col-1&quot;}\" data-widget_type=\"eael-post-grid.default\">\n\t\t\t\t\t<div id=\"eael-post-grid-5f2b253\" class=\"eael-post-grid-container\">\n            <div class=\"eael-post-grid eael-post-appender eael-post-appender-5f2b253 eael-post-grid-style-one\" data-layout-mode=\"masonry\"><article class=\"eael-grid-post  eael-post-grid-column eael-pg-post-4741 category-exitos\" data-id=\"4741\">\n        <div class=\"eael-grid-post-holder\">\n            <div class=\"eael-grid-post-holder-inner\"><div class=\"eael-entry-media\"><div class=\"eael-entry-overlay fade-in\"><i class=\"fas fa-hand-pointer\" aria-hidden=\"true\"><\/i><a href=\"https:\/\/soymigrante.com\/revista\/actor-maya-guatemalteco-dionicio-virvez-aconseja-nunca-rendirse-al-buscar-un-sueno\/\"><\/a><\/div><div class=\"eael-entry-thumbnail \">\n                <img loading=\"lazy\" decoding=\"async\" width=\"300\" height=\"215\" src=\"https:\/\/soymigrante.com\/revista\/wp-content\/uploads\/2024\/02\/dionix-300x215.webp\" class=\"attachment-medium size-medium wp-image-4751\" alt=\"\" srcset=\"https:\/\/soymigrante.com\/revista\/wp-content\/uploads\/2024\/02\/dionix-300x215.webp 300w, https:\/\/soymigrante.com\/revista\/wp-content\/uploads\/2024\/02\/dionix-1024x733.webp 1024w, https:\/\/soymigrante.com\/revista\/wp-content\/uploads\/2024\/02\/dionix-768x550.webp 768w, https:\/\/soymigrante.com\/revista\/wp-content\/uploads\/2024\/02\/dionix-1536x1099.webp 1536w, https:\/\/soymigrante.com\/revista\/wp-content\/uploads\/2024\/02\/dionix-120x86.webp 120w, https:\/\/soymigrante.com\/revista\/wp-content\/uploads\/2024\/02\/dionix-350x250.webp 350w, https:\/\/soymigrante.com\/revista\/wp-content\/uploads\/2024\/02\/dionix-750x537.webp 750w, https:\/\/soymigrante.com\/revista\/wp-content\/uploads\/2024\/02\/dionix-1140x816.webp 1140w, https:\/\/soymigrante.com\/revista\/wp-content\/uploads\/2024\/02\/dionix.webp 1601w\" sizes=\"(max-width: 300px) 100vw, 300px\" \/>\n            <\/div>\n        <\/div><div class=\"eael-entry-wrapper\"><header class=\"eael-entry-header\"><h2 class=\"eael-entry-title\"><a class=\"eael-grid-post-link\" href=\"https:\/\/soymigrante.com\/revista\/actor-maya-guatemalteco-dionicio-virvez-aconseja-nunca-rendirse-al-buscar-un-sueno\/\" title=\"Acci\u00f3n, drama y ficci\u00f3n cruzan la vida del actor migrante maya Dionicio Virvez\">Acci\u00f3n, drama y ficci\u00f3n cruzan la vida del actor migrante maya Dionicio Virvez<\/a><\/h2><\/header><div class=\"eael-entry-content\">\n                        <div class=\"eael-grid-post-excerpt\"><a href=\"https:\/\/soymigrante.com\/revista\/actor-maya-guatemalteco-dionicio-virvez-aconseja-nunca-rendirse-al-buscar-un-sueno\/\" class=\"eael-post-elements-readmore-btn\">Conoce su historia<\/a><\/div>\n                    <\/div><\/div><\/div>\n        <\/div>\n    <\/article><article class=\"eael-grid-post  eael-post-grid-column eael-pg-post-3605 category-estamos-unidos\" data-id=\"3605\">\n        <div class=\"eael-grid-post-holder\">\n            <div class=\"eael-grid-post-holder-inner\"><div class=\"eael-entry-media\"><div class=\"eael-entry-overlay fade-in\"><i class=\"fas fa-hand-pointer\" aria-hidden=\"true\"><\/i><a href=\"https:\/\/soymigrante.com\/revista\/migrante-rene-corado-documental-el-lustrador-en-guatemala\/\"><\/a><\/div><div class=\"eael-entry-thumbnail \">\n                <img loading=\"lazy\" decoding=\"async\" width=\"300\" height=\"257\" src=\"https:\/\/soymigrante.com\/revista\/wp-content\/uploads\/2023\/12\/anti1-1-300x257.webp\" class=\"attachment-medium size-medium wp-image-3789\" alt=\"\" srcset=\"https:\/\/soymigrante.com\/revista\/wp-content\/uploads\/2023\/12\/anti1-1-300x257.webp 300w, https:\/\/soymigrante.com\/revista\/wp-content\/uploads\/2023\/12\/anti1-1-768x658.webp 768w, https:\/\/soymigrante.com\/revista\/wp-content\/uploads\/2023\/12\/anti1-1-750x643.jpg 750w, https:\/\/soymigrante.com\/revista\/wp-content\/uploads\/2023\/12\/anti1-1.webp 827w\" sizes=\"(max-width: 300px) 100vw, 300px\" \/>\n            <\/div>\n        <\/div><div class=\"eael-entry-wrapper\"><header class=\"eael-entry-header\"><h2 class=\"eael-entry-title\"><a class=\"eael-grid-post-link\" href=\"https:\/\/soymigrante.com\/revista\/migrante-rene-corado-documental-el-lustrador-en-guatemala\/\" title=\"Con 2 premios se estren\u00f3 documental El Lustrador del migrante Ren\u00e9 Corado\">Con 2 premios se estren\u00f3 documental El Lustrador del migrante Ren\u00e9 Corado<\/a><\/h2><\/header><div class=\"eael-entry-content\">\n                        <div class=\"eael-grid-post-excerpt\"><a href=\"https:\/\/soymigrante.com\/revista\/migrante-rene-corado-documental-el-lustrador-en-guatemala\/\" class=\"eael-post-elements-readmore-btn\">Conoce su historia<\/a><\/div>\n                    <\/div><\/div><\/div>\n        <\/div>\n    <\/article><article class=\"eael-grid-post  eael-post-grid-column eael-pg-post-3582 category-exitos\" data-id=\"3582\">\n        <div class=\"eael-grid-post-holder\">\n            <div class=\"eael-grid-post-holder-inner\"><div class=\"eael-entry-media\"><div class=\"eael-entry-overlay fade-in\"><i class=\"fas fa-hand-pointer\" aria-hidden=\"true\"><\/i><a href=\"https:\/\/soymigrante.com\/revista\/musico-actor-guatemalteco-migrante-en-nueva-york-domingo-lemus\/\"><\/a><\/div><div class=\"eael-entry-thumbnail \">\n                <img loading=\"lazy\" decoding=\"async\" width=\"300\" height=\"265\" src=\"https:\/\/soymigrante.com\/revista\/wp-content\/uploads\/2023\/12\/minguito-300x265.webp\" class=\"attachment-medium size-medium wp-image-3599\" alt=\"\" srcset=\"https:\/\/soymigrante.com\/revista\/wp-content\/uploads\/2023\/12\/minguito-300x265.webp 300w, https:\/\/soymigrante.com\/revista\/wp-content\/uploads\/2023\/12\/minguito-768x678.webp 768w, https:\/\/soymigrante.com\/revista\/wp-content\/uploads\/2023\/12\/minguito-750x662.jpg 750w, https:\/\/soymigrante.com\/revista\/wp-content\/uploads\/2023\/12\/minguito.webp 855w\" sizes=\"(max-width: 300px) 100vw, 300px\" \/>\n            <\/div>\n        <\/div><div class=\"eael-entry-wrapper\"><header class=\"eael-entry-header\"><h2 class=\"eael-entry-title\"><a class=\"eael-grid-post-link\" href=\"https:\/\/soymigrante.com\/revista\/musico-actor-guatemalteco-migrante-en-nueva-york-domingo-lemus\/\" title=\"\u201cTodos somos migrantes\u201d: Domingo Lemus, cineasta y m\u00fasico en NY\">\u201cTodos somos migrantes\u201d: Domingo Lemus, cineasta y m\u00fasico en NY<\/a><\/h2><\/header><div class=\"eael-entry-content\">\n                        <div class=\"eael-grid-post-excerpt\"><a href=\"https:\/\/soymigrante.com\/revista\/musico-actor-guatemalteco-migrante-en-nueva-york-domingo-lemus\/\" class=\"eael-post-elements-readmore-btn\">Conoce su historia<\/a><\/div>\n                    <\/div><\/div><\/div>\n        <\/div>\n    <\/article><article class=\"eael-grid-post  eael-post-grid-column eael-pg-post-2281 category-exitos\" data-id=\"2281\">\n        <div class=\"eael-grid-post-holder\">\n            <div class=\"eael-grid-post-holder-inner\"><div class=\"eael-entry-media\"><div class=\"eael-entry-overlay fade-in\"><i class=\"fas fa-hand-pointer\" aria-hidden=\"true\"><\/i><a href=\"https:\/\/soymigrante.com\/revista\/rosario-rodriguez-cineasta-guatemalteca-nueva-york\/\"><\/a><\/div><div class=\"eael-entry-thumbnail \">\n                <img loading=\"lazy\" decoding=\"async\" width=\"300\" height=\"244\" src=\"https:\/\/soymigrante.com\/revista\/wp-content\/uploads\/2023\/08\/rosie-300x244.webp\" class=\"attachment-medium size-medium wp-image-2341\" alt=\"Rosario Rodr\u00edguez, cineasta guatemalteca y migrante\" srcset=\"https:\/\/soymigrante.com\/revista\/wp-content\/uploads\/2023\/08\/rosie-300x244.webp 300w, https:\/\/soymigrante.com\/revista\/wp-content\/uploads\/2023\/08\/rosie-1024x834.webp 1024w, https:\/\/soymigrante.com\/revista\/wp-content\/uploads\/2023\/08\/rosie-768x626.webp 768w, https:\/\/soymigrante.com\/revista\/wp-content\/uploads\/2023\/08\/rosie-750x611.webp 750w, https:\/\/soymigrante.com\/revista\/wp-content\/uploads\/2023\/08\/rosie-1140x929.webp 1140w, https:\/\/soymigrante.com\/revista\/wp-content\/uploads\/2023\/08\/rosie.webp 1425w\" sizes=\"(max-width: 300px) 100vw, 300px\" \/>\n            <\/div>\n        <\/div><div class=\"eael-entry-wrapper\"><header class=\"eael-entry-header\"><h2 class=\"eael-entry-title\"><a class=\"eael-grid-post-link\" href=\"https:\/\/soymigrante.com\/revista\/rosario-rodriguez-cineasta-guatemalteca-nueva-york\/\" title=\"Rosario Rodr\u00edguez: La cineasta guatemalteca que brilla en Nueva York\">Rosario Rodr\u00edguez: La cineasta guatemalteca que brilla en Nueva York<\/a><\/h2><\/header><div class=\"eael-entry-content\">\n                        <div class=\"eael-grid-post-excerpt\"><a href=\"https:\/\/soymigrante.com\/revista\/rosario-rodriguez-cineasta-guatemalteca-nueva-york\/\" class=\"eael-post-elements-readmore-btn\">Conoce su historia<\/a><\/div>\n                    <\/div><\/div><\/div>\n        <\/div>\n    <\/article><\/div>\n            <div class=\"clearfix\"><\/div>\n        <\/div>\t\t\t\t<\/div>\n\t\t\t\t\t<\/div>\n\t\t<\/div>\n\t\t\t\t\t<\/div>\n\t\t<\/section>\n\t\t\t\t<\/div>\n\t\t","protected":false},"excerpt":{"rendered":"<p>Originario de Coatepeque, Quetzaltenango, Walter Villatorio abri\u00f3, a fuerza de canciones, un camino que le lleva lejos. Cantante, compositor, cineasta y migrante, su vida podr\u00eda parecer el emocionante gui\u00f3n de una serie de TV Walter Villatoro fue integrantes de varios mariachis a su paso por M\u00e9xico, pero una vez radicado en California tuvo por varios [&hellip;]<\/p>\n","protected":false},"author":7,"featured_media":1872,"comment_status":"open","ping_status":"open","sticky":false,"template":"","format":"standard","meta":{"_acf_changed":false,"_eb_attr":"","footnotes":""},"categories":[50],"tags":[294],"class_list":["post-1870","post","type-post","status-publish","format-standard","has-post-thumbnail","hentry","category-exitos","tag-california"],"acf":[],"aioseo_notices":[],"aioseo_head":"\n\t\t<!-- All in One SEO Pro 4.9.6.2 - aioseo.com -->\n\t<meta name=\"description\" content=\"Rosario Rodr\u00edguez, migrante y cineasta, refleja en su trabajo la innovaci\u00f3n y dedicaci\u00f3n de los guatemaltecos. Conoce su trayectoria y visi\u00f3n en la industria f\u00edlmica\" \/>\n\t<meta name=\"robots\" content=\"max-snippet:-1, max-image-preview:large, max-video-preview:-1\" \/>\n\t<meta name=\"author\" content=\"Gustavo Montenegro\"\/>\n\t<link rel=\"canonical\" href=\"https:\/\/soymigrante.com\/revista\/rosario-rodriguez-cineasta-guatemalteca-nueva-york\/\" \/>\n\t<meta name=\"generator\" content=\"All in One SEO Pro (AIOSEO) 4.9.6.2\" \/>\n\n\t\t<link rel=\"preconnect\" href=\"https:\/\/fonts.googleapis.com\" crossorigin>\n<link rel=\"preconnect\" href=\"https:\/\/fonts.gstatic.com\" crossorigin>\n\t\t<meta property=\"og:locale\" content=\"es_ES\" \/>\n\t\t<meta property=\"og:site_name\" content=\"SoyMigrante.com REVISTA \u2013 Nuestra misi\u00f3n es reconocer y dignificar al migrante.\" \/>\n\t\t<meta property=\"og:type\" content=\"article\" \/>\n\t\t<meta property=\"og:title\" content=\"Rosario Rodr\u00edguez: La cineasta guatemalteca que brilla en Nueva York\" \/>\n\t\t<meta property=\"og:description\" content=\"Rosario Rodr\u00edguez, migrante y cineasta, refleja en su trabajo la innovaci\u00f3n y dedicaci\u00f3n de los guatemaltecos. Conoce su trayectoria y visi\u00f3n en la industria f\u00edlmica\" \/>\n\t\t<meta property=\"og:url\" content=\"https:\/\/soymigrante.com\/revista\/rosario-rodriguez-cineasta-guatemalteca-nueva-york\/\" \/>\n\t\t<meta property=\"og:image\" content=\"https:\/\/soymigrante.com\/revista\/wp-content\/uploads\/2023\/08\/rosie.webp\" \/>\n\t\t<meta property=\"og:image:secure_url\" content=\"https:\/\/soymigrante.com\/revista\/wp-content\/uploads\/2023\/08\/rosie.webp\" \/>\n\t\t<meta property=\"og:image:width\" content=\"1425\" \/>\n\t\t<meta property=\"og:image:height\" content=\"1161\" \/>\n\t\t<meta property=\"article:published_time\" content=\"2023-08-26T19:17:45+00:00\" \/>\n\t\t<meta property=\"article:modified_time\" content=\"2024-07-30T23:23:17+00:00\" \/>\n\t\t<meta property=\"article:publisher\" content=\"https:\/\/www.facebook.com\/soymigrantecom\" \/>\n\t\t<meta name=\"twitter:card\" content=\"summary_large_image\" \/>\n\t\t<meta name=\"twitter:site\" content=\"@SoyMigrante_com\" \/>\n\t\t<meta name=\"twitter:title\" content=\"Rosario Rodr\u00edguez: La cineasta guatemalteca que brilla en Nueva York\" \/>\n\t\t<meta name=\"twitter:description\" content=\"Rosario Rodr\u00edguez, migrante y cineasta, refleja en su trabajo la innovaci\u00f3n y dedicaci\u00f3n de los guatemaltecos. Conoce su trayectoria y visi\u00f3n en la industria f\u00edlmica\" \/>\n\t\t<meta name=\"twitter:creator\" content=\"@SoyMigrante_com\" \/>\n\t\t<meta name=\"twitter:image\" content=\"https:\/\/soymigrante.com\/revista\/wp-content\/uploads\/2023\/08\/rosie.webp\" \/>\n\t\t<!-- All in One SEO Pro -->\r\n\t\t<title>Rosario Rodr\u00edguez: La cineasta guatemalteca que brilla en Nueva York<\/title>\n\n","aioseo_head_json":{"title":"Rosario Rodr\u00edguez: La cineasta guatemalteca que brilla en Nueva York","description":"Rosario Rodr\u00edguez, migrante y cineasta, refleja en su trabajo la innovaci\u00f3n y dedicaci\u00f3n de los guatemaltecos. Conoce su trayectoria y visi\u00f3n en la industria f\u00edlmica","canonical_url":"https:\/\/soymigrante.com\/revista\/rosario-rodriguez-cineasta-guatemalteca-nueva-york\/","robots":"max-snippet:-1, max-image-preview:large, max-video-preview:-1","keywords":"","webmasterTools":{"miscellaneous":"&lt;link rel=\"preconnect\" href=\"https:\/\/fonts.googleapis.com\" crossorigin&gt;\n&lt;link rel=\"preconnect\" href=\"https:\/\/fonts.gstatic.com\" crossorigin&gt;"},"schema":null,"og:locale":"es_ES","og:site_name":"SoyMigrante.com REVISTA \u2013 Nuestra misi\u00f3n es reconocer y dignificar al migrante.","og:type":"article","og:title":"Rosario Rodr\u00edguez: La cineasta guatemalteca que brilla en Nueva York","og:description":"Rosario Rodr\u00edguez, migrante y cineasta, refleja en su trabajo la innovaci\u00f3n y dedicaci\u00f3n de los guatemaltecos. Conoce su trayectoria y visi\u00f3n en la industria f\u00edlmica","og:url":"https:\/\/soymigrante.com\/revista\/rosario-rodriguez-cineasta-guatemalteca-nueva-york\/","og:image":"https:\/\/soymigrante.com\/revista\/wp-content\/uploads\/2023\/08\/rosie.webp","og:image:secure_url":"https:\/\/soymigrante.com\/revista\/wp-content\/uploads\/2023\/08\/rosie.webp","og:image:width":1425,"og:image:height":1161,"article:published_time":"2023-08-26T19:17:45+00:00","article:modified_time":"2024-07-30T23:23:17+00:00","article:publisher":"https:\/\/www.facebook.com\/soymigrantecom","twitter:card":"summary_large_image","twitter:site":"@SoyMigrante_com","twitter:title":"Rosario Rodr\u00edguez: La cineasta guatemalteca que brilla en Nueva York","twitter:description":"Rosario Rodr\u00edguez, migrante y cineasta, refleja en su trabajo la innovaci\u00f3n y dedicaci\u00f3n de los guatemaltecos. Conoce su trayectoria y visi\u00f3n en la industria f\u00edlmica","twitter:creator":"@SoyMigrante_com","twitter:image":"https:\/\/soymigrante.com\/revista\/wp-content\/uploads\/2023\/08\/rosie.webp"},"aioseo_meta_data":{"post_id":"1870","title":"#post_title","description":"Walter Villatoro, un migrante guatemalteco, ha dejado huella en EE.UU. con su m\u00fasica y cine, reflejando su amor por Guatemala y su pasi\u00f3n art\u00edstica","keywords":[],"keyphrases":{"focus":{"keyphrase":"Walter Villatoro","score":78,"analysis":{"keyphraseInTitle":{"score":9,"maxScore":9,"error":0},"keyphraseInDescription":{"score":9,"maxScore":9,"error":0},"keyphraseLength":{"score":9,"maxScore":9,"error":0,"length":2},"keyphraseInURL":{"score":5,"maxScore":5,"error":0},"keyphraseInIntroduction":{"score":9,"maxScore":9,"error":0},"keyphraseInSubHeadings":{"score":3,"maxScore":9,"error":1},"keyphraseInImageAlt":{"score":9,"maxScore":9,"error":0},"keywordDensity":{"score":0,"type":"low","maxScore":9,"error":1}}},"additional":[]},"primary_term":null,"canonical_url":null,"og_title":null,"og_description":null,"og_object_type":"default","og_image_type":"default","og_image_url":null,"og_image_width":null,"og_image_height":null,"og_image_custom_url":null,"og_image_custom_fields":null,"og_video":"","og_custom_url":null,"og_article_section":null,"og_article_tags":[],"twitter_use_og":false,"twitter_card":"default","twitter_image_type":"default","twitter_image_url":null,"twitter_image_custom_url":null,"twitter_image_custom_fields":null,"twitter_title":null,"twitter_description":null,"schema":{"blockGraphs":[],"customGraphs":[],"default":{"data":{"Article":[],"Course":[],"Dataset":[],"FAQPage":[],"Movie":[],"Person":[],"Product":[],"ProductReview":[],"Car":[],"Recipe":[],"Service":[],"SoftwareApplication":[],"WebPage":[]},"graphName":"BlogPosting","isEnabled":true},"graphs":[]},"schema_type":"default","schema_type_options":null,"pillar_content":false,"robots_default":true,"robots_noindex":false,"robots_noarchive":false,"robots_nosnippet":false,"robots_nofollow":false,"robots_noimageindex":false,"robots_noodp":false,"robots_notranslate":false,"robots_max_snippet":"-1","robots_max_videopreview":"-1","robots_max_imagepreview":"large","priority":null,"frequency":"default","local_seo":null,"seo_analyzer_scan_date":"2026-04-21 11:59:18","breadcrumb_settings":null,"limit_modified_date":false,"reviewed_by":null,"open_ai":null,"ai":null,"created":"2023-08-18 14:22:29","updated":"2026-04-21 11:59:18"},"aioseo_breadcrumb":"<div class=\"aioseo-breadcrumbs\"><span class=\"aioseo-breadcrumb\">\n\t<a href=\"https:\/\/soymigrante.com\/revista\" title=\"Home\">Home<\/a>\n<\/span><span class=\"aioseo-breadcrumb-separator\">\u00bb<\/span><span class=\"aioseo-breadcrumb\">\n\t<a href=\"https:\/\/soymigrante.com\/revista\/category\/exitos\/\" title=\"\u00c9xitos\">\u00c9xitos<\/a>\n<\/span><span class=\"aioseo-breadcrumb-separator\">\u00bb<\/span><span class=\"aioseo-breadcrumb\">\n\tWalter Villatoro: la inspiradora historia de El Mariachi Guatemalteco\n<\/span><\/div>","aioseo_breadcrumb_json":[{"label":"Home","link":"https:\/\/soymigrante.com\/revista"},{"label":"\u00c9xitos","link":"https:\/\/soymigrante.com\/revista\/category\/exitos\/"},{"label":"Walter Villatoro: la inspiradora historia de El Mariachi Guatemalteco","link":"https:\/\/soymigrante.com\/revista\/walter-villatoro-mariachi-migrante-guatemalteco\/"}],"_links":{"self":[{"href":"https:\/\/soymigrante.com\/revista\/wp-json\/wp\/v2\/posts\/1870","targetHints":{"allow":["GET"]}}],"collection":[{"href":"https:\/\/soymigrante.com\/revista\/wp-json\/wp\/v2\/posts"}],"about":[{"href":"https:\/\/soymigrante.com\/revista\/wp-json\/wp\/v2\/types\/post"}],"author":[{"embeddable":true,"href":"https:\/\/soymigrante.com\/revista\/wp-json\/wp\/v2\/users\/7"}],"replies":[{"embeddable":true,"href":"https:\/\/soymigrante.com\/revista\/wp-json\/wp\/v2\/comments?post=1870"}],"version-history":[{"count":1,"href":"https:\/\/soymigrante.com\/revista\/wp-json\/wp\/v2\/posts\/1870\/revisions"}],"predecessor-version":[{"id":53589,"href":"https:\/\/soymigrante.com\/revista\/wp-json\/wp\/v2\/posts\/1870\/revisions\/53589"}],"wp:featuredmedia":[{"embeddable":true,"href":"https:\/\/soymigrante.com\/revista\/wp-json\/wp\/v2\/media\/1872"}],"wp:attachment":[{"href":"https:\/\/soymigrante.com\/revista\/wp-json\/wp\/v2\/media?parent=1870"}],"wp:term":[{"taxonomy":"category","embeddable":true,"href":"https:\/\/soymigrante.com\/revista\/wp-json\/wp\/v2\/categories?post=1870"},{"taxonomy":"post_tag","embeddable":true,"href":"https:\/\/soymigrante.com\/revista\/wp-json\/wp\/v2\/tags?post=1870"}],"curies":[{"name":"wp","href":"https:\/\/api.w.org\/{rel}","templated":true}]}}