{"id":18580,"date":"2024-12-30T14:01:05","date_gmt":"2024-12-30T20:01:05","guid":{"rendered":"https:\/\/soymigrante.com\/revista\/?p=18580"},"modified":"2025-08-27T23:40:25","modified_gmt":"2025-08-28T05:40:25","slug":"algo-tan-sencillo-como-una-tortilla-con-carne-tiene-sabor-a-recuerdo-a-familia-y-a-felicidad","status":"publish","type":"post","link":"https:\/\/soymigrante.com\/revista\/algo-tan-sencillo-como-una-tortilla-con-carne-tiene-sabor-a-recuerdo-a-familia-y-a-felicidad\/","title":{"rendered":"Video viral de una tortilla con carne al fuego despierta sabor a recuerdos, familia y felicidad"},"content":{"rendered":"\t\t<div data-elementor-type=\"wp-post\" data-elementor-id=\"18580\" class=\"elementor elementor-18580\" data-elementor-post-type=\"post\">\n\t\t\t\t<div data-particle_enable=\"false\" data-particle-mobile-disabled=\"false\" class=\"elementor-element elementor-element-3062fa6 e-flex e-con-boxed e-con e-parent\" data-id=\"3062fa6\" data-element_type=\"container\" data-e-type=\"container\">\n\t\t\t\t\t<div class=\"e-con-inner\">\n\t\t\t\t<div class=\"elementor-element elementor-element-3378147 elementor-widget elementor-widget-heading\" data-id=\"3378147\" data-element_type=\"widget\" data-e-type=\"widget\" data-widget_type=\"heading.default\">\n\t\t\t\t\t<h2 class=\"elementor-heading-title elementor-size-default\">Un reel registra un instante en el pueblo de Santa Eulalia, Huehuetenango: es carne de cerdo al asador con pleno fuego de brasas: de pronto, una tortilla de ma\u00edz y los recuerdos brotan. Ya lleva 1 mill\u00f3n 400 mil vistas.<\/h2>\t\t\t\t<\/div>\n\t\t\t\t\t<\/div>\n\t\t\t\t<\/div>\n\t\t<div data-particle_enable=\"false\" data-particle-mobile-disabled=\"false\" class=\"elementor-element elementor-element-1b1da83 e-flex e-con-boxed e-con e-parent\" data-id=\"1b1da83\" data-element_type=\"container\" data-e-type=\"container\">\n\t\t\t\t\t<div class=\"e-con-inner\">\n\t\t\t\t<div class=\"elementor-element elementor-element-ad81650 elementor-widget elementor-widget-text-editor\" data-id=\"ad81650\" data-element_type=\"widget\" data-e-type=\"widget\" data-widget_type=\"text-editor.default\">\n\t\t\t\t\t\t\t\t\t<p>El migrante y emprendedor tecnol\u00f3gico Marcos Antil comparti\u00f3 un video con el siguiente texto: &#8220;Cuando visit\u00e9 #Paiconob, Santa Eulalia, Huehuetenango, Guatemala, tuve la inmensa dicha de regresar a la casa de mi t\u00eda Malin Cuxin (Mar\u00eda Marcos). Con el mismo amor y calidez de aquellos d\u00edas de infancia, cuando la visit\u00e1bamos, nos recibi\u00f3 con tanto cari\u00f1o y, por supuesto, con una deliciosa carne asada&#8221;.<\/p>\n<p>El recuerdo va m\u00e1s all\u00e1, pues en realidad la tortilla solo agarra el sabor que despide el trocito de carne de cerdo. &#8220;As\u00ed lo hac\u00eda nuestra mam\u00e1 para que alcanzara, pues no hab\u00eda mucha carne, pero s\u00ed muchas ganas de comer y tambi\u00e9n hab\u00eda tortillas. Entonces as\u00ed las tortillas ten\u00edan sabor para todos&#8221;, comenta Marcos Antil para explicar la masiva visualizaci\u00f3n de este reel en su Facebook, que hasta este 30 de diciembre acumulaba ya<b> m\u00e1s de 1 mill\u00f3n 400 mil vistas.<\/b><\/p>\n<p>&#8220;\u00bfRecuerdan esos momentos que llenaban el coraz\u00f3n de alegr\u00eda y uni\u00f3n familiar?&#8221;&nbsp;<\/p>\t\t\t\t\t\t\t\t<\/div>\n\t\t\t\t\t<\/div>\n\t\t\t\t<\/div>\n\t\t<div data-particle_enable=\"false\" data-particle-mobile-disabled=\"false\" class=\"elementor-element elementor-element-3dfd058 e-flex e-con-boxed e-con e-parent\" data-id=\"3dfd058\" data-element_type=\"container\" data-e-type=\"container\">\n\t\t\t\t\t<div class=\"e-con-inner\">\n\t\t\t\t<div class=\"elementor-element elementor-element-def56c9 elementor-widget elementor-widget-heading\" data-id=\"def56c9\" data-element_type=\"widget\" data-e-type=\"widget\" data-widget_type=\"heading.default\">\n\t\t\t\t\t<h3 class=\"elementor-heading-title elementor-size-default\">Este es el video y m\u00e1s abajo los comentarios<\/h3>\t\t\t\t<\/div>\n\t\t\t\t\t<\/div>\n\t\t\t\t<\/div>\n\t\t<div data-particle_enable=\"false\" data-particle-mobile-disabled=\"false\" class=\"elementor-element elementor-element-249e3b8 e-flex e-con-boxed e-con e-parent\" data-id=\"249e3b8\" data-element_type=\"container\" data-e-type=\"container\">\n\t\t\t\t\t<div class=\"e-con-inner\">\n\t\t\t\t<div class=\"elementor-element elementor-element-5086475 elementor-invisible elementor-widget elementor-widget-facebook-embed\" data-id=\"5086475\" data-element_type=\"widget\" data-e-type=\"widget\" data-settings=\"{&quot;_animation&quot;:&quot;zoomInDown&quot;}\" data-widget_type=\"facebook-embed.default\">\n\t\t\t\t\t<div style=\"min-height: 1px\" class=\"elementor-facebook-widget fb-video\" data-href=\"https:\/\/www.facebook.com\/reel\/560166140214621\" data-show-text=\"false\" data-allowfullscreen=\"false\" data-autoplay=\"false\" data-show-captions=\"false\"><\/div>\t\t\t\t<\/div>\n\t\t\t\t\t<\/div>\n\t\t\t\t<\/div>\n\t\t<div data-particle_enable=\"false\" data-particle-mobile-disabled=\"false\" class=\"elementor-element elementor-element-daabf14 e-flex e-con-boxed e-con e-parent\" data-id=\"daabf14\" data-element_type=\"container\" data-e-type=\"container\">\n\t\t\t\t\t<div class=\"e-con-inner\">\n\t\t\t\t<div class=\"elementor-element elementor-element-b432353 elementor-widget elementor-widget-heading\" data-id=\"b432353\" data-element_type=\"widget\" data-e-type=\"widget\" data-widget_type=\"heading.default\">\n\t\t\t\t\t<h3 class=\"elementor-heading-title elementor-size-default\">Memorias de infancia y m\u00e1s<\/h3>\t\t\t\t<\/div>\n\t\t\t\t\t<\/div>\n\t\t\t\t<\/div>\n\t\t<div data-particle_enable=\"false\" data-particle-mobile-disabled=\"false\" class=\"elementor-element elementor-element-c88621e e-flex e-con-boxed e-con e-parent\" data-id=\"c88621e\" data-element_type=\"container\" data-e-type=\"container\">\n\t\t\t\t\t<div class=\"e-con-inner\">\n\t\t\t\t<div class=\"elementor-element elementor-element-be69d3f elementor-widget elementor-widget-text-editor\" data-id=\"be69d3f\" data-element_type=\"widget\" data-e-type=\"widget\" data-widget_type=\"text-editor.default\">\n\t\t\t\t\t\t\t\t\t<p>Cientos de comentarios, exclamaciones adem\u00e1s de expresiones de aprecio, valoraci\u00f3n y nostalgia las que gener\u00f3 este momento grabado en video, el cual, si ya es hora de almuerzo, en verdad despierta el apetito y las ganas de volver a aquel otro tiempo&#8230; Estos son algunos comentarios.<\/p>\t\t\t\t\t\t\t\t<\/div>\n\t\t\t\t\t<\/div>\n\t\t\t\t<\/div>\n\t\t<div data-particle_enable=\"false\" data-particle-mobile-disabled=\"false\" class=\"elementor-element elementor-element-7112c98 e-flex e-con-boxed e-con e-parent\" data-id=\"7112c98\" data-element_type=\"container\" data-e-type=\"container\">\n\t\t\t\t\t<div class=\"e-con-inner\">\n\t\t\t\t<div class=\"elementor-element elementor-element-afa8850 elementor-widget elementor-widget-text-editor\" data-id=\"afa8850\" data-element_type=\"widget\" data-e-type=\"widget\" data-widget_type=\"text-editor.default\">\n\t\t\t\t\t\t\t\t\t<ul><li><span style=\"color: var( --e-global-color-text ); text-align: var(--text-align);\"><strong>Sergio Cardona<\/strong>:\u00a0&#8220;En mi pueblo tambi\u00e9n que delicia una tortilla con sabor decimos&#8221;\u00a0<\/span><\/li><li><span style=\"color: var( --e-global-color-text ); text-align: var(--text-align);\"><strong>Edwin Daniel Alvarado Delgado:<\/strong> &#8220;Realmente cada quien tiene uno y mil recuerdos de nuestra infancia.\u00a0<\/span><span style=\"color: var( --e-global-color-text ); text-align: var(--text-align);\">Pues por ac\u00e1, tambien carne asada con frijol negro reci\u00e9n cocido, tortillas reci\u00e9n salidas del comal, chile y caf\u00e9&#8230; dicen que recordar es volver a vivir&#8221;.<\/span><\/li><li><strong>Henry Pimentel:<\/strong> &#8220;<span style=\"color: var( --e-global-color-text ); text-align: var(--text-align);\">Delicia esa tortilla: nomas le echa salita y a comer con frijoles y chiltepes&#8221;<\/span><\/li><li><strong>Darnel L\u00f3pez:<\/strong> &#8220;<span style=\"color: var( --e-global-color-text ); text-align: var(--text-align);\">En mi bella Guatemala, mi mama y mi abuela me daban las tortillas asi. \u00a1Uff! que rico algun d\u00eda llegare a probarlas de nuevo&#8221;.<\/span><\/li><li><strong>Jesus y Julia Evangelista:<\/strong>\u00a0<span style=\"color: var( --e-global-color-text ); text-align: var(--text-align);\">&#8220;En mi familia le llamamos &#8216;chirunguiada'&#8221;<\/span><\/li><li><strong>Pedro Amador Garc\u00eda<\/strong>: &#8220;<span style=\"color: var( --e-global-color-text ); text-align: var(--text-align);\">No hay cosa mas rica que comer asi era feliz yo en mi infancia&#8221;<\/span><\/li><li><strong>Hernan Asuncion:<\/strong> &#8220;<span style=\"color: var( --e-global-color-text ); text-align: var(--text-align);\">Tortillas reci\u00e9n hechas con un pedazo de carne asada a la brasas&#8221;.\u00a0<\/span><\/li><li><strong>Benjam\u00edn Rodas<\/strong>: &#8220;<span style=\"color: var( --e-global-color-text ); text-align: var(--text-align);\">Eso me recuerda mucho a mi viejita linda,en el a\u00f1o 1,967 as\u00ed m\u00e9rito nos mojaba las tortillas doraditas con el aceite o manteca de la carne. Que bonito&#8221;.<\/span><\/li><li><strong>Lusvin de Leon<\/strong>: &#8220;<span style=\"color: var( --e-global-color-text ); text-align: var(--text-align);\">Qu\u00e9 rico la carne en asador: aqui en USA solo en parrilla se asa la carne y ni sabor tiene ya.\u00a0 Extra\u00f1o ese olor a carne asada&#8221;.<\/span><\/li><li><strong>Eddu Ord\u00f3\u00f1ez:<\/strong> &#8220;\u00a1<span style=\"color: var( --e-global-color-text ); text-align: var(--text-align);\">Solo con ese juguito de carne, se van unas cuantas tortillas, \u00a1que lindo se come en nuestro pa\u00eds!&#8221;<\/span><\/li><li><strong>Abelino Cano Rodas:<\/strong> &#8220;<span style=\"color: var( --e-global-color-text ); text-align: var(--text-align);\">Asi cocinaba mi madre&#8221;<\/span><\/li><li><strong>Amparito Lopez Alonso:<\/strong> &#8220;<span style=\"color: var( --e-global-color-text ); text-align: var(--text-align);\">Ay que rico cuando era ni\u00f1a all\u00e1 por los 90, con una tortilla as\u00ed gozaba comiendo&#8221;<\/span><\/li><li><strong>Belter Acevedo:<\/strong> &#8220;<span style=\"color: var( --e-global-color-text ); text-align: var(--text-align);\">Yo tengo tiempos de no comer en esa forma ya desde que me vine a la ciudad. Por eso un d\u00eda me ire de regreso para m\u00ed aldea primero Dios&#8221;<\/span><\/li><li><strong>Efrain Orellana:<\/strong> &#8220;<span style=\"color: var( --e-global-color-text ); text-align: var(--text-align);\">Yo hacia eso con carne y con tripita, que rico recuerdo de infancia&#8221;<\/span><\/li><li><strong>Mary Bedoya:<\/strong> &#8220;<span style=\"color: var( --e-global-color-text ); text-align: var(--text-align);\">Muchos recuerdos vividos con mi madre linda que en paz descansa en.los brazos de nuestro padre celestial&#8221;<\/span><\/li><li><strong>Sergio Gamaliel Borja<\/strong>: &#8220;<span style=\"color: var( --e-global-color-text ); text-align: var(--text-align);\">Yo era muy feliz cuando mi mam\u00e1 me hac\u00eda eso despu\u00e9s que yo llegaba del trabajo junto mi pap\u00e1 y ella dec\u00eda: si\u00e9ntense en la mesa ahorita les sirvo , te amo mucho mam\u00e1&#8221;<\/span><\/li><li><strong>Edwin Fuentes:<\/strong> &#8220;<span style=\"color: var( --e-global-color-text ); text-align: var(--text-align);\">Y unos granitos de sal y para que m\u00e1s&#8221;<\/span><\/li><\/ul>\t\t\t\t\t\t\t\t<\/div>\n\t\t\t\t\t<\/div>\n\t\t\t\t<\/div>\n\t\t<div data-particle_enable=\"false\" data-particle-mobile-disabled=\"false\" class=\"elementor-element elementor-element-e98b26c e-flex e-con-boxed e-con e-parent\" data-id=\"e98b26c\" data-element_type=\"container\" data-e-type=\"container\">\n\t\t\t\t\t<div class=\"e-con-inner\">\n\t\t\t\t<div class=\"elementor-element elementor-element-3f2823c elementor-widget elementor-widget-heading\" data-id=\"3f2823c\" data-element_type=\"widget\" data-e-type=\"widget\" data-widget_type=\"heading.default\">\n\t\t\t\t\t<h2 class=\"elementor-heading-title elementor-size-default\">Guatemala, tierra de sabores \u00fanicos<\/h2>\t\t\t\t<\/div>\n\t\t\t\t\t<\/div>\n\t\t\t\t<\/div>\n\t\t<div data-particle_enable=\"false\" data-particle-mobile-disabled=\"false\" class=\"elementor-element elementor-element-9c47440 e-flex e-con-boxed e-con e-parent\" data-id=\"9c47440\" data-element_type=\"container\" data-e-type=\"container\">\n\t\t\t\t\t<div class=\"e-con-inner\">\n\t\t\t\t<div class=\"elementor-element elementor-element-adec3d2 elementor-grid-eael-col-3 elementor-grid-tablet-eael-col-2 elementor-grid-mobile-eael-col-1 elementor-widget elementor-widget-eael-post-grid\" data-id=\"adec3d2\" data-element_type=\"widget\" data-e-type=\"widget\" data-settings=\"{&quot;eael_post_grid_columns&quot;:&quot;eael-col-3&quot;,&quot;eael_post_grid_columns_tablet&quot;:&quot;eael-col-2&quot;,&quot;eael_post_grid_columns_mobile&quot;:&quot;eael-col-1&quot;}\" data-widget_type=\"eael-post-grid.default\">\n\t\t\t\t\t<div id=\"eael-post-grid-adec3d2\" class=\"eael-post-grid-container\">\n            <div class=\"eael-post-grid eael-post-appender eael-post-appender-adec3d2 eael-post-grid-style-one\" data-layout-mode=\"masonry\"><article class=\"eael-grid-post  eael-post-grid-column eael-pg-post-8141 category-recetas-guatemaltecas\" data-id=\"8141\">\n        <div class=\"eael-grid-post-holder\">\n            <div class=\"eael-grid-post-holder-inner\"><div class=\"eael-entry-media\"><div class=\"eael-entry-overlay fade-in\"><i class=\"far fa-hand-pointer\" aria-hidden=\"true\"><\/i><a href=\"https:\/\/soymigrante.com\/revista\/receta-guatemalteca-para-preparar-una-exquisita-carne-guisada\/\"><\/a><\/div><div class=\"eael-entry-thumbnail \">\n                <img fetchpriority=\"high\" decoding=\"async\" width=\"960\" height=\"504\" src=\"https:\/\/soymigrante.com\/revista\/wp-content\/uploads\/2024\/08\/carne-guisada-.webp\" class=\"attachment-large size-large wp-image-8142\" alt=\"Arroz con carne y verduras en plato tradicional mexicano, servido con salsa robusta y decorado con hierbas frescas. Ideal para amantes de la gastronom\u00eda latina y platos tradicionales.\" srcset=\"https:\/\/soymigrante.com\/revista\/wp-content\/uploads\/2024\/08\/carne-guisada-.webp 960w, https:\/\/soymigrante.com\/revista\/wp-content\/uploads\/2024\/08\/carne-guisada--300x158.webp 300w, https:\/\/soymigrante.com\/revista\/wp-content\/uploads\/2024\/08\/carne-guisada--768x403.webp 768w, https:\/\/soymigrante.com\/revista\/wp-content\/uploads\/2024\/08\/carne-guisada--750x394.webp 750w\" sizes=\"(max-width: 960px) 100vw, 960px\" \/>\n            <\/div>\n        <\/div><div class=\"eael-entry-wrapper\"><header class=\"eael-entry-header\"><h2 class=\"eael-entry-title\"><a class=\"eael-grid-post-link\" href=\"https:\/\/soymigrante.com\/revista\/receta-guatemalteca-para-preparar-una-exquisita-carne-guisada\/\" title=\"Receta chapina irresistible: una exquisita carne guisada\">Receta chapina irresistible: una exquisita carne guisada<\/a><\/h2><\/header><div class=\"eael-entry-content\">\n                        <div class=\"eael-grid-post-excerpt\"><a href=\"https:\/\/soymigrante.com\/revista\/receta-guatemalteca-para-preparar-una-exquisita-carne-guisada\/\" class=\"eael-post-elements-readmore-btn\">CONOCE SU HISTORIA <\/a><\/div>\n                    <\/div><\/div><\/div>\n        <\/div>\n    <\/article><article class=\"eael-grid-post  eael-post-grid-column eael-pg-post-6626 category-guate-nuestra\" data-id=\"6626\">\n        <div class=\"eael-grid-post-holder\">\n            <div class=\"eael-grid-post-holder-inner\"><div class=\"eael-entry-media\"><div class=\"eael-entry-overlay fade-in\"><i class=\"far fa-hand-pointer\" aria-hidden=\"true\"><\/i><a href=\"https:\/\/soymigrante.com\/revista\/recetas-chapinas-que-tal-un-churrasco-guatemalteco-con-chirmolito\/\"><\/a><\/div><div class=\"eael-entry-thumbnail \">\n                <img decoding=\"async\" width=\"1024\" height=\"1024\" src=\"https:\/\/soymigrante.com\/revista\/wp-content\/uploads\/2024\/05\/chulaquin-1024x1024.jpg\" class=\"attachment-large size-large wp-image-6632\" alt=\"La ventaja del churrasco chap\u00edn es que existen muchas opciones f\u00e1ciles de conseguir: frijolitos, papas asadas, chirmol. Fotograf\u00eda cortes\u00eda Lourdes Lorena Donis Sanhueza\" srcset=\"https:\/\/soymigrante.com\/revista\/wp-content\/uploads\/2024\/05\/chulaquin-1024x1024.jpg 1024w, https:\/\/soymigrante.com\/revista\/wp-content\/uploads\/2024\/05\/chulaquin-300x300.webp 300w, https:\/\/soymigrante.com\/revista\/wp-content\/uploads\/2024\/05\/chulaquin-150x150.jpg 150w, https:\/\/soymigrante.com\/revista\/wp-content\/uploads\/2024\/05\/chulaquin-768x768.jpg 768w, https:\/\/soymigrante.com\/revista\/wp-content\/uploads\/2024\/05\/chulaquin-75x75.jpg 75w, https:\/\/soymigrante.com\/revista\/wp-content\/uploads\/2024\/05\/chulaquin-750x750.jpg 750w, https:\/\/soymigrante.com\/revista\/wp-content\/uploads\/2024\/05\/chulaquin-1140x1140.jpg 1140w, https:\/\/soymigrante.com\/revista\/wp-content\/uploads\/2024\/05\/chulaquin.webp 1200w\" sizes=\"(max-width: 1024px) 100vw, 1024px\" \/>\n            <\/div>\n        <\/div><div class=\"eael-entry-wrapper\"><header class=\"eael-entry-header\"><h2 class=\"eael-entry-title\"><a class=\"eael-grid-post-link\" href=\"https:\/\/soymigrante.com\/revista\/recetas-chapinas-que-tal-un-churrasco-guatemalteco-con-chirmolito\/\" title=\"Recetas chapinas \u00bfQu\u00e9 tal un churrasco guatemalteco con chirmolito y algo m\u00e1s?\">Recetas chapinas \u00bfQu\u00e9 tal un churrasco guatemalteco con chirmolito y algo m\u00e1s?<\/a><\/h2><\/header><div class=\"eael-entry-content\">\n                        <div class=\"eael-grid-post-excerpt\"><a href=\"https:\/\/soymigrante.com\/revista\/recetas-chapinas-que-tal-un-churrasco-guatemalteco-con-chirmolito\/\" class=\"eael-post-elements-readmore-btn\">CONOCE SU HISTORIA <\/a><\/div>\n                    <\/div><\/div><\/div>\n        <\/div>\n    <\/article><article class=\"eael-grid-post  eael-post-grid-column eael-pg-post-6251 category-recetas-guatemaltecas\" data-id=\"6251\">\n        <div class=\"eael-grid-post-holder\">\n            <div class=\"eael-grid-post-holder-inner\"><div class=\"eael-entry-media\"><div class=\"eael-entry-overlay fade-in\"><i class=\"far fa-hand-pointer\" aria-hidden=\"true\"><\/i><a href=\"https:\/\/soymigrante.com\/revista\/recetas-chapinas-pepian-quetzalteco-receta-tradicional-2\/\"><\/a><\/div><div class=\"eael-entry-thumbnail \">\n                <img decoding=\"async\" width=\"960\" height=\"720\" src=\"https:\/\/soymigrante.com\/revista\/wp-content\/uploads\/2024\/05\/Ajonjoli-miltomate-y-pepitoria-son-algunos-ingredientes-del-pepian-quetzalteco.webp\" class=\"attachment-large size-large wp-image-6253\" alt=\"Gracias por la imagen y el contexto. Aqu\u00ed tienes los textos SEO solicitados:.\" srcset=\"https:\/\/soymigrante.com\/revista\/wp-content\/uploads\/2024\/05\/Ajonjoli-miltomate-y-pepitoria-son-algunos-ingredientes-del-pepian-quetzalteco.webp 960w, https:\/\/soymigrante.com\/revista\/wp-content\/uploads\/2024\/05\/Ajonjoli-miltomate-y-pepitoria-son-algunos-ingredientes-del-pepian-quetzalteco-300x225.webp 300w, https:\/\/soymigrante.com\/revista\/wp-content\/uploads\/2024\/05\/Ajonjoli-miltomate-y-pepitoria-son-algunos-ingredientes-del-pepian-quetzalteco-768x576.webp 768w, https:\/\/soymigrante.com\/revista\/wp-content\/uploads\/2024\/05\/Ajonjoli-miltomate-y-pepitoria-son-algunos-ingredientes-del-pepian-quetzalteco-750x563.jpg 750w\" sizes=\"(max-width: 960px) 100vw, 960px\" \/>\n            <\/div>\n        <\/div><div class=\"eael-entry-wrapper\"><header class=\"eael-entry-header\"><h2 class=\"eael-entry-title\"><a class=\"eael-grid-post-link\" href=\"https:\/\/soymigrante.com\/revista\/recetas-chapinas-pepian-quetzalteco-receta-tradicional-2\/\" title=\"Recetas chapinas: pepi\u00e1n quetzalteco es delicia ceremonial\">Recetas chapinas: pepi\u00e1n quetzalteco es delicia ceremonial<\/a><\/h2><\/header><div class=\"eael-entry-content\">\n                        <div class=\"eael-grid-post-excerpt\"><a href=\"https:\/\/soymigrante.com\/revista\/recetas-chapinas-pepian-quetzalteco-receta-tradicional-2\/\" class=\"eael-post-elements-readmore-btn\">CONOCE SU HISTORIA <\/a><\/div>\n                    <\/div><\/div><\/div>\n        <\/div>\n    <\/article><\/div>\n            <div class=\"clearfix\"><\/div>\n        <\/div>\t\t\t\t<\/div>\n\t\t\t\t\t<\/div>\n\t\t\t\t<\/div>\n\t\t\t\t<\/div>\n\t\t","protected":false},"excerpt":{"rendered":"<p>Un reel registra un instante en el pueblo de Santa Eulalia, Huehuetenango: es carne de cerdo al asador con pleno fuego de brasas: de pronto, una tortilla de ma\u00edz y los recuerdos brotan. Ya lleva 1 mill\u00f3n 400 mil vistas. El migrante y emprendedor tecnol\u00f3gico Marcos Antil comparti\u00f3 un video con el siguiente texto: &#8220;Cuando [&hellip;]<\/p>\n","protected":false},"author":1,"featured_media":18591,"comment_status":"open","ping_status":"open","sticky":false,"template":"","format":"standard","meta":{"_acf_changed":false,"_eb_attr":"","footnotes":""},"categories":[58],"tags":[81],"class_list":["post-18580","post","type-post","status-publish","format-standard","has-post-thumbnail","hentry","category-guate-nuestra","tag-en-familia"],"acf":[],"aioseo_notices":[],"aioseo_head":"\n\t\t<!-- All in One SEO Pro 4.9.6.2 - aioseo.com -->\n\t<meta name=\"description\" content=\"El pepi\u00e1n es una joya de la gastronom\u00eda guatemalteca. Surgi\u00f3 en Chimaltenango pero en cada regi\u00f3n y familia toma su propio sabor.\" \/>\n\t<meta name=\"robots\" content=\"max-snippet:-1, max-image-preview:large, max-video-preview:-1\" \/>\n\t<meta name=\"author\" content=\"Mynor Toc\"\/>\n\t<link rel=\"canonical\" href=\"https:\/\/soymigrante.com\/revista\/recetas-chapinas-pepian-quetzalteco-receta-tradicional-2\/\" \/>\n\t<meta name=\"generator\" content=\"All in One SEO Pro (AIOSEO) 4.9.6.2\" \/>\n\n\t\t<link rel=\"preconnect\" href=\"https:\/\/fonts.googleapis.com\" crossorigin>\n<link rel=\"preconnect\" href=\"https:\/\/fonts.gstatic.com\" crossorigin>\n\t\t<meta property=\"og:locale\" content=\"es_ES\" \/>\n\t\t<meta property=\"og:site_name\" content=\"SoyMigrante.com REVISTA \u2013 Nuestra misi\u00f3n es reconocer y dignificar al migrante.\" \/>\n\t\t<meta property=\"og:type\" content=\"article\" \/>\n\t\t<meta property=\"og:title\" content=\"Recetas chapinas: pepi\u00e1n quetzalteco es delicia ceremonial\" \/>\n\t\t<meta property=\"og:description\" content=\"El pepi\u00e1n es una joya de la gastronom\u00eda guatemalteca. Surgi\u00f3 en Chimaltenango pero en cada regi\u00f3n y familia toma su propio sabor.\" \/>\n\t\t<meta property=\"og:url\" content=\"https:\/\/soymigrante.com\/revista\/recetas-chapinas-pepian-quetzalteco-receta-tradicional-2\/\" \/>\n\t\t<meta property=\"og:image\" content=\"https:\/\/soymigrante.com\/revista\/wp-content\/uploads\/2024\/05\/Ajonjoli-miltomate-y-pepitoria-son-algunos-ingredientes-del-pepian-quetzalteco.webp\" \/>\n\t\t<meta property=\"og:image:secure_url\" content=\"https:\/\/soymigrante.com\/revista\/wp-content\/uploads\/2024\/05\/Ajonjoli-miltomate-y-pepitoria-son-algunos-ingredientes-del-pepian-quetzalteco.webp\" \/>\n\t\t<meta property=\"og:image:width\" content=\"960\" \/>\n\t\t<meta property=\"og:image:height\" content=\"720\" \/>\n\t\t<meta property=\"article:published_time\" content=\"2024-05-06T16:25:11+00:00\" \/>\n\t\t<meta property=\"article:modified_time\" content=\"2025-06-21T20:07:48+00:00\" \/>\n\t\t<meta property=\"article:publisher\" content=\"https:\/\/www.facebook.com\/soymigrantecom\" \/>\n\t\t<meta name=\"twitter:card\" content=\"summary_large_image\" \/>\n\t\t<meta name=\"twitter:site\" content=\"@SoyMigrante_com\" \/>\n\t\t<meta name=\"twitter:title\" content=\"Recetas chapinas: pepi\u00e1n quetzalteco es delicia ceremonial\" \/>\n\t\t<meta name=\"twitter:description\" content=\"El pepi\u00e1n es una joya de la gastronom\u00eda guatemalteca. Surgi\u00f3 en Chimaltenango pero en cada regi\u00f3n y familia toma su propio sabor.\" \/>\n\t\t<meta name=\"twitter:creator\" content=\"@SoyMigrante_com\" \/>\n\t\t<meta name=\"twitter:image\" content=\"https:\/\/soymigrante.com\/revista\/wp-content\/uploads\/2024\/05\/Ajonjoli-miltomate-y-pepitoria-son-algunos-ingredientes-del-pepian-quetzalteco.webp\" \/>\n\t\t<!-- All in One SEO Pro -->\r\n\t\t<title>Recetas chapinas: pepi\u00e1n quetzalteco es delicia ceremonial<\/title>\n\n","aioseo_head_json":{"title":"Recetas chapinas: pepi\u00e1n quetzalteco es delicia ceremonial","description":"El pepi\u00e1n es una joya de la gastronom\u00eda guatemalteca. Surgi\u00f3 en Chimaltenango pero en cada regi\u00f3n y familia toma su propio sabor.","canonical_url":"https:\/\/soymigrante.com\/revista\/recetas-chapinas-pepian-quetzalteco-receta-tradicional-2\/","robots":"max-snippet:-1, max-image-preview:large, max-video-preview:-1","keywords":"","webmasterTools":{"miscellaneous":"&lt;link rel=\"preconnect\" href=\"https:\/\/fonts.googleapis.com\" crossorigin&gt;\n&lt;link rel=\"preconnect\" href=\"https:\/\/fonts.gstatic.com\" crossorigin&gt;"},"schema":null,"og:locale":"es_ES","og:site_name":"SoyMigrante.com REVISTA \u2013 Nuestra misi\u00f3n es reconocer y dignificar al migrante.","og:type":"article","og:title":"Recetas chapinas: pepi\u00e1n quetzalteco es delicia ceremonial","og:description":"El pepi\u00e1n es una joya de la gastronom\u00eda guatemalteca. Surgi\u00f3 en Chimaltenango pero en cada regi\u00f3n y familia toma su propio sabor.","og:url":"https:\/\/soymigrante.com\/revista\/recetas-chapinas-pepian-quetzalteco-receta-tradicional-2\/","og:image":"https:\/\/soymigrante.com\/revista\/wp-content\/uploads\/2024\/05\/Ajonjoli-miltomate-y-pepitoria-son-algunos-ingredientes-del-pepian-quetzalteco.webp","og:image:secure_url":"https:\/\/soymigrante.com\/revista\/wp-content\/uploads\/2024\/05\/Ajonjoli-miltomate-y-pepitoria-son-algunos-ingredientes-del-pepian-quetzalteco.webp","og:image:width":960,"og:image:height":720,"article:published_time":"2024-05-06T16:25:11+00:00","article:modified_time":"2025-06-21T20:07:48+00:00","article:publisher":"https:\/\/www.facebook.com\/soymigrantecom","twitter:card":"summary_large_image","twitter:site":"@SoyMigrante_com","twitter:title":"Recetas chapinas: pepi\u00e1n quetzalteco es delicia ceremonial","twitter:description":"El pepi\u00e1n es una joya de la gastronom\u00eda guatemalteca. Surgi\u00f3 en Chimaltenango pero en cada regi\u00f3n y familia toma su propio sabor.","twitter:creator":"@SoyMigrante_com","twitter:image":"https:\/\/soymigrante.com\/revista\/wp-content\/uploads\/2024\/05\/Ajonjoli-miltomate-y-pepitoria-son-algunos-ingredientes-del-pepian-quetzalteco.webp"},"aioseo_meta_data":{"post_id":"18580","title":"Algo tan sencillo como una tortilla con carne sabe tan bien","description":"Un video viral sobre una tortilla saborizada con carne evoca memorias y momentos. Tiene ese sabor a ayer, a nostalgia, a familia: as\u00ed lo expresan guatemaltecos.","keywords":null,"keyphrases":{"focus":{"keyphrase":"Tortilla","score":74,"analysis":{"keyphraseInTitle":{"score":9,"maxScore":9,"error":0},"keyphraseInDescription":{"score":9,"maxScore":9,"error":0},"keyphraseLength":{"score":9,"maxScore":9,"error":0,"length":1},"keyphraseInURL":{"score":5,"maxScore":5,"error":0},"keyphraseInIntroduction":{"score":3,"maxScore":9,"error":1},"keyphraseInSubHeadings":{"score":3,"maxScore":9,"error":1},"keyphraseInImageAlt":{"score":3,"maxScore":9,"error":1},"keywordDensity":{"type":"best","score":9,"maxScore":9,"error":0}}},"additional":[{"keyphrase":"Guatemala","score":53,"analysis":{"keyphraseInDescription":{"score":3,"maxScore":9,"error":1},"keyphraseLength":{"score":9,"maxScore":9,"error":0,"length":1},"keyphraseInIntroduction":{"score":9,"maxScore":9,"error":0},"keyphraseInImageAlt":{"score":3,"maxScore":9,"error":1},"keywordDensity":{"score":0,"type":"low","maxScore":9,"error":1}}}]},"primary_term":null,"canonical_url":null,"og_title":null,"og_description":null,"og_object_type":"default","og_image_type":"default","og_image_url":null,"og_image_width":null,"og_image_height":null,"og_image_custom_url":null,"og_image_custom_fields":null,"og_video":"","og_custom_url":null,"og_article_section":null,"og_article_tags":null,"twitter_use_og":false,"twitter_card":"default","twitter_image_type":"default","twitter_image_url":null,"twitter_image_custom_url":null,"twitter_image_custom_fields":null,"twitter_title":null,"twitter_description":null,"schema":{"blockGraphs":[],"customGraphs":[],"default":{"data":{"Article":[],"Course":[],"Dataset":[],"FAQPage":[],"Movie":[],"Person":[],"Product":[],"ProductReview":[],"Car":[],"Recipe":[],"Service":[],"SoftwareApplication":[],"WebPage":[]},"graphName":"BlogPosting","isEnabled":true},"graphs":[]},"schema_type":"default","schema_type_options":null,"pillar_content":false,"robots_default":true,"robots_noindex":false,"robots_noarchive":false,"robots_nosnippet":false,"robots_nofollow":false,"robots_noimageindex":false,"robots_noodp":false,"robots_notranslate":false,"robots_max_snippet":"-1","robots_max_videopreview":"-1","robots_max_imagepreview":"large","priority":null,"frequency":"default","local_seo":null,"seo_analyzer_scan_date":"2025-10-09 01:24:15","breadcrumb_settings":null,"limit_modified_date":false,"reviewed_by":null,"open_ai":"{\"title\":{\"suggestions\":[],\"usage\":0},\"description\":{\"suggestions\":[],\"usage\":0}}","ai":null,"created":"2024-12-30 15:20:35","updated":"2026-02-04 18:39:27"},"aioseo_breadcrumb":"<div class=\"aioseo-breadcrumbs\"><span class=\"aioseo-breadcrumb\">\n\t<a href=\"https:\/\/soymigrante.com\/revista\" title=\"Home\">Home<\/a>\n<\/span><span class=\"aioseo-breadcrumb-separator\">\u00bb<\/span><span class=\"aioseo-breadcrumb\">\n\t<a href=\"https:\/\/soymigrante.com\/revista\/category\/guate-nuestra\/\" title=\"Guate Nuestra\">Guate Nuestra<\/a>\n<\/span><span class=\"aioseo-breadcrumb-separator\">\u00bb<\/span><span class=\"aioseo-breadcrumb\">\n\tVideo viral de una tortilla con carne al fuego despierta sabor a recuerdos, familia y felicidad\n<\/span><\/div>","aioseo_breadcrumb_json":[{"label":"Home","link":"https:\/\/soymigrante.com\/revista"},{"label":"Guate Nuestra","link":"https:\/\/soymigrante.com\/revista\/category\/guate-nuestra\/"},{"label":"Video viral de una tortilla con carne al fuego despierta sabor a recuerdos, familia y felicidad","link":"https:\/\/soymigrante.com\/revista\/algo-tan-sencillo-como-una-tortilla-con-carne-tiene-sabor-a-recuerdo-a-familia-y-a-felicidad\/"}],"_links":{"self":[{"href":"https:\/\/soymigrante.com\/revista\/wp-json\/wp\/v2\/posts\/18580","targetHints":{"allow":["GET"]}}],"collection":[{"href":"https:\/\/soymigrante.com\/revista\/wp-json\/wp\/v2\/posts"}],"about":[{"href":"https:\/\/soymigrante.com\/revista\/wp-json\/wp\/v2\/types\/post"}],"author":[{"embeddable":true,"href":"https:\/\/soymigrante.com\/revista\/wp-json\/wp\/v2\/users\/1"}],"replies":[{"embeddable":true,"href":"https:\/\/soymigrante.com\/revista\/wp-json\/wp\/v2\/comments?post=18580"}],"version-history":[{"count":1,"href":"https:\/\/soymigrante.com\/revista\/wp-json\/wp\/v2\/posts\/18580\/revisions"}],"predecessor-version":[{"id":43011,"href":"https:\/\/soymigrante.com\/revista\/wp-json\/wp\/v2\/posts\/18580\/revisions\/43011"}],"wp:featuredmedia":[{"embeddable":true,"href":"https:\/\/soymigrante.com\/revista\/wp-json\/wp\/v2\/media\/18591"}],"wp:attachment":[{"href":"https:\/\/soymigrante.com\/revista\/wp-json\/wp\/v2\/media?parent=18580"}],"wp:term":[{"taxonomy":"category","embeddable":true,"href":"https:\/\/soymigrante.com\/revista\/wp-json\/wp\/v2\/categories?post=18580"},{"taxonomy":"post_tag","embeddable":true,"href":"https:\/\/soymigrante.com\/revista\/wp-json\/wp\/v2\/tags?post=18580"}],"curies":[{"name":"wp","href":"https:\/\/api.w.org\/{rel}","templated":true}]}}