{"id":18491,"date":"2024-12-28T11:40:35","date_gmt":"2024-12-28T17:40:35","guid":{"rendered":"https:\/\/soymigrante.com\/revista\/?p=18491"},"modified":"2025-01-20T00:11:08","modified_gmt":"2025-01-20T06:11:08","slug":"10-historias-de-guatemaltecas-triunfadoras-en-usa-top-2024","status":"publish","type":"post","link":"https:\/\/soymigrante.com\/revista\/10-historias-de-guatemaltecas-triunfadoras-en-usa-top-2024\/","title":{"rendered":"10 historias de guatemaltecas triunfadoras en USA llenas de valores e inspiraci\u00f3n"},"content":{"rendered":"\t\t<div data-elementor-type=\"wp-post\" data-elementor-id=\"18491\" class=\"elementor elementor-18491\" data-elementor-post-type=\"post\">\n\t\t\t\t<div data-particle_enable=\"false\" data-particle-mobile-disabled=\"false\" class=\"elementor-element elementor-element-2a4918f e-flex e-con-boxed e-con e-parent\" data-id=\"2a4918f\" data-element_type=\"container\" data-e-type=\"container\">\n\t\t\t\t\t<div class=\"e-con-inner\">\n\t\t\t\t<div class=\"elementor-element elementor-element-b3d22e9 elementor-widget elementor-widget-heading\" data-id=\"b3d22e9\" data-element_type=\"widget\" data-e-type=\"widget\" data-widget_type=\"heading.default\">\n\t\t\t\t\t<h2 class=\"elementor-heading-title elementor-size-default\">Este 2024 ha sido un a\u00f1o de poderosas historias de esfuerzo, talento y grandes objetivos de guatemaltecas migrantes en Estados Unidos. Salieron de Guatemala pero Guatemala sigue en su coraz\u00f3n y ponen su nombre en alto. Con\u00f3celas y comparte sus testimonios inspiradores. <\/h2>\t\t\t\t<\/div>\n\t\t\t\t\t<\/div>\n\t\t\t\t<\/div>\n\t\t<div data-particle_enable=\"false\" data-particle-mobile-disabled=\"false\" class=\"elementor-element elementor-element-f41a215 e-flex e-con-boxed e-con e-parent\" data-id=\"f41a215\" data-element_type=\"container\" data-e-type=\"container\">\n\t\t\t\t\t<div class=\"e-con-inner\">\n\t\t\t\t<div class=\"elementor-element elementor-element-2638ec7 elementor-widget elementor-widget-text-editor\" data-id=\"2638ec7\" data-element_type=\"widget\" data-e-type=\"widget\" data-widget_type=\"text-editor.default\">\n\t\t\t\t\t\t\t\t\t<p>Grandes valores convertidos en acci\u00f3n y realidad son las historias de cada migrante guatemalteco en Estados Unidos. Las guatemaltecas se trazan grandes metas y las sobrepasan, muchas de las cuales benefician ampliamente a la comunidad migrante y tambi\u00e9n a su pa\u00eds.\u00a0<\/p><p>Estos son relatos de alta inspiraci\u00f3n porque contienen valores como la resiliencia, servicio, dedicaci\u00f3n, excelencia y perseverancia.\u00a0<\/p>\t\t\t\t\t\t\t\t<\/div>\n\t\t\t\t\t<\/div>\n\t\t\t\t<\/div>\n\t\t<div data-particle_enable=\"false\" data-particle-mobile-disabled=\"false\" class=\"elementor-element elementor-element-8206289 e-flex e-con-boxed e-con e-parent\" data-id=\"8206289\" data-element_type=\"container\" data-e-type=\"container\">\n\t\t\t\t\t<div class=\"e-con-inner\">\n\t\t\t\t<div class=\"elementor-element elementor-element-9872cfe elementor-grid-eael-col-1 elementor-grid-tablet-eael-col-2 elementor-grid-mobile-eael-col-1 elementor-widget elementor-widget-eael-post-grid\" data-id=\"9872cfe\" data-element_type=\"widget\" data-e-type=\"widget\" data-settings=\"{&quot;eael_post_grid_columns&quot;:&quot;eael-col-1&quot;,&quot;eael_post_grid_columns_tablet&quot;:&quot;eael-col-2&quot;,&quot;eael_post_grid_columns_mobile&quot;:&quot;eael-col-1&quot;}\" data-widget_type=\"eael-post-grid.default\">\n\t\t\t\t\t<div id=\"eael-post-grid-9872cfe\" class=\"eael-post-grid-container\">\n            <div class=\"eael-post-grid eael-post-appender eael-post-appender-9872cfe eael-post-grid-style-one\" data-layout-mode=\"masonry\"><article class=\"eael-grid-post  eael-post-grid-column eael-pg-post-17201 category-exitos\" data-id=\"17201\">\n        <div class=\"eael-grid-post-holder\">\n            <div class=\"eael-grid-post-holder-inner\"><div class=\"eael-entry-media\"><div class=\"eael-entry-overlay fade-in\"><i class=\"far fa-hand-pointer\" aria-hidden=\"true\"><\/i><a href=\"https:\/\/soymigrante.com\/revista\/y-cuando-evelyn-desperto-su-gran-sueno-todavia-estaba-alli\/\"><\/a><\/div><div class=\"eael-entry-thumbnail eael-image-ratio\">\n                <img fetchpriority=\"high\" decoding=\"async\" width=\"1024\" height=\"1024\" src=\"https:\/\/soymigrante.com\/revista\/wp-content\/uploads\/2024\/12\/evelyn-lorena-actriz-guatemalteca-1024x1024.jpg\" class=\"attachment-large size-large wp-image-17203\" alt=\"Versi\u00f3n en Espa\u00f1ol:.\" srcset=\"https:\/\/soymigrante.com\/revista\/wp-content\/uploads\/2024\/12\/evelyn-lorena-actriz-guatemalteca-1024x1024.jpg 1024w, https:\/\/soymigrante.com\/revista\/wp-content\/uploads\/2024\/12\/evelyn-lorena-actriz-guatemalteca-300x300.jpg 300w, https:\/\/soymigrante.com\/revista\/wp-content\/uploads\/2024\/12\/evelyn-lorena-actriz-guatemalteca-150x150.jpg 150w, https:\/\/soymigrante.com\/revista\/wp-content\/uploads\/2024\/12\/evelyn-lorena-actriz-guatemalteca-768x768.jpg 768w, https:\/\/soymigrante.com\/revista\/wp-content\/uploads\/2024\/12\/evelyn-lorena-actriz-guatemalteca-1536x1536.jpg 1536w, https:\/\/soymigrante.com\/revista\/wp-content\/uploads\/2024\/12\/evelyn-lorena-actriz-guatemalteca-75x75.webp 75w, https:\/\/soymigrante.com\/revista\/wp-content\/uploads\/2024\/12\/evelyn-lorena-actriz-guatemalteca-750x750.webp 750w, https:\/\/soymigrante.com\/revista\/wp-content\/uploads\/2024\/12\/evelyn-lorena-actriz-guatemalteca-1140x1140.webp 1140w, https:\/\/soymigrante.com\/revista\/wp-content\/uploads\/2024\/12\/evelyn-lorena-actriz-guatemalteca.webp 1920w\" sizes=\"(max-width: 1024px) 100vw, 1024px\" \/>\n            <\/div>\n        <\/div><div class=\"eael-entry-wrapper\"><header class=\"eael-entry-header\"><h2 class=\"eael-entry-title\"><a class=\"eael-grid-post-link\" href=\"https:\/\/soymigrante.com\/revista\/y-cuando-evelyn-desperto-su-gran-sueno-todavia-estaba-alli\/\" title=\"Y cuando Evelyn despert\u00f3, su gran sue\u00f1o de cine todav\u00eda estaba all\u00ed\">Y cuando Evelyn despert\u00f3, su gran sue\u00f1o de cine todav\u00eda estaba all\u00ed<\/a><\/h2><\/header><div class=\"eael-entry-content\">\n                        <div class=\"eael-grid-post-excerpt\"><p>Cineasta y actriz guatemalteca, creci\u00f3 en un hogar migrante donde aprendi\u00f3 a valorar la vida y tener los pies en la tierra, dice. En entrevista cuenta detalles de su vida y de su galardonado cortometraje Gabriela, escrito en 2021, dirigido en 2022 y presentado en m\u00e1s de 50 festivales desde...<\/p><a href=\"https:\/\/soymigrante.com\/revista\/y-cuando-evelyn-desperto-su-gran-sueno-todavia-estaba-alli\/\" class=\"eael-post-elements-readmore-btn\">CONOCE M\u00c1S DE SU HISTORIA, ESFUERZO Y \u00c9XITOS <\/a><\/div>\n                    <\/div><\/div><\/div>\n        <\/div>\n    <\/article><article class=\"eael-grid-post  eael-post-grid-column eael-pg-post-16900 category-exitos\" data-id=\"16900\">\n        <div class=\"eael-grid-post-holder\">\n            <div class=\"eael-grid-post-holder-inner\"><div class=\"eael-entry-media\"><div class=\"eael-entry-overlay fade-in\"><i class=\"far fa-hand-pointer\" aria-hidden=\"true\"><\/i><a href=\"https:\/\/soymigrante.com\/revista\/karolin-espana-dirige-kika-proyecto-de-ayuda-alimentaria-impulsado-por-sus-hijas\/\"><\/a><\/div><div class=\"eael-entry-thumbnail eael-image-ratio\">\n                <img decoding=\"async\" width=\"861\" height=\"861\" src=\"https:\/\/soymigrante.com\/revista\/wp-content\/uploads\/2024\/12\/historia-karolin-espana-KIKA.webp\" class=\"attachment-large size-large wp-image-16901\" alt=\"Ni\u00f1a en desfile cultural participando en evento de apoyo a la infancia y la nutrici\u00f3n en M\u00e9xico, con grupo de personas en vestimenta tradicional y cartel de organizaci\u00f3n KIKA, promoviendo derechos infantiles.\" srcset=\"https:\/\/soymigrante.com\/revista\/wp-content\/uploads\/2024\/12\/historia-karolin-espana-KIKA.webp 861w, https:\/\/soymigrante.com\/revista\/wp-content\/uploads\/2024\/12\/historia-karolin-espana-KIKA-300x300.jpg 300w, https:\/\/soymigrante.com\/revista\/wp-content\/uploads\/2024\/12\/historia-karolin-espana-KIKA-150x150.jpg 150w, https:\/\/soymigrante.com\/revista\/wp-content\/uploads\/2024\/12\/historia-karolin-espana-KIKA-768x768.jpg 768w, https:\/\/soymigrante.com\/revista\/wp-content\/uploads\/2024\/12\/historia-karolin-espana-KIKA-75x75.webp 75w, https:\/\/soymigrante.com\/revista\/wp-content\/uploads\/2024\/12\/historia-karolin-espana-KIKA-750x750.webp 750w\" sizes=\"(max-width: 861px) 100vw, 861px\" \/>\n            <\/div>\n        <\/div><div class=\"eael-entry-wrapper\"><header class=\"eael-entry-header\"><h2 class=\"eael-entry-title\"><a class=\"eael-grid-post-link\" href=\"https:\/\/soymigrante.com\/revista\/karolin-espana-dirige-kika-proyecto-de-ayuda-alimentaria-impulsado-por-sus-hijas\/\" title=\"Karolin Rasc\u00f3n dirige KIKA, iniciativa de ayuda alimentaria desde L.A. a Guatemala, inspirada por sus hijas Kiara y Kaili\">Karolin Rasc\u00f3n dirige KIKA, iniciativa de ayuda alimentaria desde L.A. a Guatemala, inspirada por sus hijas Kiara y Kaili<\/a><\/h2><\/header><div class=\"eael-entry-content\">\n                        <div class=\"eael-grid-post-excerpt\"><p>Durante la pandemia, la migrante Karolin Rasc\u00f3n-Espa\u00f1a y su familia escucharon un serm\u00f3n en TV en el que se habl\u00f3 de la desnutrici\u00f3n infantil en Guatemala. Sus hijas Kiara y Kaili le dijeron: &#8220;Tenemos que hacer algo&#8221;. As\u00ed naci\u00f3 KIKA. Con apoyo de amigos y estudiantes env\u00eda ayuda alimentaria al...<\/p><a href=\"https:\/\/soymigrante.com\/revista\/karolin-espana-dirige-kika-proyecto-de-ayuda-alimentaria-impulsado-por-sus-hijas\/\" class=\"eael-post-elements-readmore-btn\">CONOCE M\u00c1S DE SU HISTORIA, ESFUERZO Y \u00c9XITOS <\/a><\/div>\n                    <\/div><\/div><\/div>\n        <\/div>\n    <\/article><article class=\"eael-grid-post  eael-post-grid-column eael-pg-post-10173 category-exitos\" data-id=\"10173\">\n        <div class=\"eael-grid-post-holder\">\n            <div class=\"eael-grid-post-holder-inner\"><div class=\"eael-entry-media\"><div class=\"eael-entry-overlay fade-in\"><i class=\"far fa-hand-pointer\" aria-hidden=\"true\"><\/i><a href=\"https:\/\/soymigrante.com\/revista\/hermanas-migrantes-brenda-y-ana-triunfan-con-la-fuerza-del-jaguar-en-ny\/\"><\/a><\/div><div class=\"eael-entry-thumbnail eael-image-ratio\">\n                <img decoding=\"async\" width=\"1024\" height=\"1024\" src=\"https:\/\/soymigrante.com\/revista\/wp-content\/uploads\/2024\/10\/reestaurante-ix-new-york-2-1-1024x1024.webp\" class=\"attachment-large size-large wp-image-10189\" alt=\"Trabajadoras migrantes en un restaurante latino con decoraci\u00f3n colorida y mural de jaguar en el fondo, mostrando la cultura y comunidad migrante en eventos culturales y sociales.\" srcset=\"https:\/\/soymigrante.com\/revista\/wp-content\/uploads\/2024\/10\/reestaurante-ix-new-york-2-1-1024x1024.webp 1024w, https:\/\/soymigrante.com\/revista\/wp-content\/uploads\/2024\/10\/reestaurante-ix-new-york-2-1-300x300.webp 300w, https:\/\/soymigrante.com\/revista\/wp-content\/uploads\/2024\/10\/reestaurante-ix-new-york-2-1-150x150.webp 150w, https:\/\/soymigrante.com\/revista\/wp-content\/uploads\/2024\/10\/reestaurante-ix-new-york-2-1-768x768.jpg 768w, https:\/\/soymigrante.com\/revista\/wp-content\/uploads\/2024\/10\/reestaurante-ix-new-york-2-1-75x75.webp 75w, https:\/\/soymigrante.com\/revista\/wp-content\/uploads\/2024\/10\/reestaurante-ix-new-york-2-1-750x750.webp 750w, https:\/\/soymigrante.com\/revista\/wp-content\/uploads\/2024\/10\/reestaurante-ix-new-york-2-1.webp 1093w\" sizes=\"(max-width: 1024px) 100vw, 1024px\" \/>\n            <\/div>\n        <\/div><div class=\"eael-entry-wrapper\"><header class=\"eael-entry-header\"><h2 class=\"eael-entry-title\"><a class=\"eael-grid-post-link\" href=\"https:\/\/soymigrante.com\/revista\/hermanas-migrantes-brenda-y-ana-triunfan-con-la-fuerza-del-jaguar-en-ny\/\" title=\"Hermanas migrantes Brenda y Ana triunfan con la Fuerza del Jaguar en Nueva York\">Hermanas migrantes Brenda y Ana triunfan con la Fuerza del Jaguar en Nueva York<\/a><\/h2><\/header><div class=\"eael-entry-content\">\n                        <div class=\"eael-grid-post-excerpt\"><p>El esp\u00edritu emprendedor permaneci\u00f3 en Brenda y Ana a lo largo de varios trabajos que tuvieron desde su llegada a EE.UU. Deseaban algo propio y hace 8 a\u00f1os fundaron, junto con el chef Jorge C\u00e1rdenas, el restaurante Ix (Jaguar), de comida guatemalteca en New York. Aqu\u00ed el pepi\u00e1n, el joc\u00f3n...<\/p><a href=\"https:\/\/soymigrante.com\/revista\/hermanas-migrantes-brenda-y-ana-triunfan-con-la-fuerza-del-jaguar-en-ny\/\" class=\"eael-post-elements-readmore-btn\">CONOCE M\u00c1S DE SU HISTORIA, ESFUERZO Y \u00c9XITOS <\/a><\/div>\n                    <\/div><\/div><\/div>\n        <\/div>\n    <\/article><article class=\"eael-grid-post  eael-post-grid-column eael-pg-post-11983 category-exitos\" data-id=\"11983\">\n        <div class=\"eael-grid-post-holder\">\n            <div class=\"eael-grid-post-holder-inner\"><div class=\"eael-entry-media\"><div class=\"eael-entry-overlay fade-in\"><i class=\"far fa-hand-pointer\" aria-hidden=\"true\"><\/i><a href=\"https:\/\/soymigrante.com\/revista\/cada-guatemalteco-que-pueda-votar-en-usa-cuenta-tiana-ochoa-lider-migrante-en-rhode-island\/\"><\/a><\/div><div class=\"eael-entry-thumbnail eael-image-ratio\">\n                <img loading=\"lazy\" decoding=\"async\" width=\"960\" height=\"959\" src=\"https:\/\/soymigrante.com\/revista\/wp-content\/uploads\/2024\/11\/tiana-ochoa-lider-migrante-rhode-island-18.webp\" class=\"attachment-large size-large wp-image-11984\" alt=\"Vestido de mujer con estampado azul y negro, sonrisa y accesorios elegantes, en fondo negro.\" srcset=\"https:\/\/soymigrante.com\/revista\/wp-content\/uploads\/2024\/11\/tiana-ochoa-lider-migrante-rhode-island-18.webp 960w, https:\/\/soymigrante.com\/revista\/wp-content\/uploads\/2024\/11\/tiana-ochoa-lider-migrante-rhode-island-18-300x300.webp 300w, https:\/\/soymigrante.com\/revista\/wp-content\/uploads\/2024\/11\/tiana-ochoa-lider-migrante-rhode-island-18-150x150.webp 150w, https:\/\/soymigrante.com\/revista\/wp-content\/uploads\/2024\/11\/tiana-ochoa-lider-migrante-rhode-island-18-768x767.jpg 768w, https:\/\/soymigrante.com\/revista\/wp-content\/uploads\/2024\/11\/tiana-ochoa-lider-migrante-rhode-island-18-75x75.webp 75w, https:\/\/soymigrante.com\/revista\/wp-content\/uploads\/2024\/11\/tiana-ochoa-lider-migrante-rhode-island-18-750x749.webp 750w\" sizes=\"(max-width: 960px) 100vw, 960px\" \/>\n            <\/div>\n        <\/div><div class=\"eael-entry-wrapper\"><header class=\"eael-entry-header\"><h2 class=\"eael-entry-title\"><a class=\"eael-grid-post-link\" href=\"https:\/\/soymigrante.com\/revista\/cada-guatemalteco-que-pueda-votar-en-usa-cuenta-tiana-ochoa-lider-migrante-en-rhode-island\/\" title=\"Tiana Ochoa, l\u00edder migrante en Rhode Island, sirve a la comunidad  hispana, especialmente a la ni\u00f1ez\">Tiana Ochoa, l\u00edder migrante en Rhode Island, sirve a la comunidad  hispana, especialmente a la ni\u00f1ez<\/a><\/h2><\/header><div class=\"eael-entry-content\">\n                        <div class=\"eael-grid-post-excerpt\"><p>Psic\u00f3loga, educadora, trabajadora social y presidenta del Centro Guatemalteco de New England, Rhode Island, Tiana Ochoa sirve a la comunidad migrante hispana con visi\u00f3n de futuro, desarrollo y grandes objetivos. Entusiasta impulsora de las ra\u00edces guatemaltecas y tambi\u00e9n de la hermandad entre hispanos, la migrante guatemalteca Tiana Ochoa aporta a...<\/p><a href=\"https:\/\/soymigrante.com\/revista\/cada-guatemalteco-que-pueda-votar-en-usa-cuenta-tiana-ochoa-lider-migrante-en-rhode-island\/\" class=\"eael-post-elements-readmore-btn\">CONOCE M\u00c1S DE SU HISTORIA, ESFUERZO Y \u00c9XITOS <\/a><\/div>\n                    <\/div><\/div><\/div>\n        <\/div>\n    <\/article><article class=\"eael-grid-post  eael-post-grid-column eael-pg-post-3056 category-exitos\" data-id=\"3056\">\n        <div class=\"eael-grid-post-holder\">\n            <div class=\"eael-grid-post-holder-inner\"><div class=\"eael-entry-media\"><div class=\"eael-entry-overlay fade-in\"><i class=\"far fa-hand-pointer\" aria-hidden=\"true\"><\/i><a href=\"https:\/\/soymigrante.com\/revista\/actriz-migrante-y-defensora-del-talento-de-la-mujer-hispana-sandra-chavarria\/\"><\/a><\/div><div class=\"eael-entry-thumbnail eael-image-ratio\">\n                <img loading=\"lazy\" decoding=\"async\" width=\"900\" height=\"855\" src=\"https:\/\/soymigrante.com\/revista\/wp-content\/uploads\/2024\/09\/actriz-sandra-chavarria.webp\" class=\"attachment-large size-large wp-image-9813\" alt=\"Medalla de oro en igualdad y migraci\u00f3n, mujer sonriendo con vestido colorido y fondo de ladrillos en revista SoyMigrante.com REVISTA.\" srcset=\"https:\/\/soymigrante.com\/revista\/wp-content\/uploads\/2024\/09\/actriz-sandra-chavarria.webp 900w, https:\/\/soymigrante.com\/revista\/wp-content\/uploads\/2024\/09\/actriz-sandra-chavarria-300x285.webp 300w, https:\/\/soymigrante.com\/revista\/wp-content\/uploads\/2024\/09\/actriz-sandra-chavarria-768x730.webp 768w, https:\/\/soymigrante.com\/revista\/wp-content\/uploads\/2024\/09\/actriz-sandra-chavarria-750x713.webp 750w\" sizes=\"(max-width: 900px) 100vw, 900px\" \/>\n            <\/div>\n        <\/div><div class=\"eael-entry-wrapper\"><header class=\"eael-entry-header\"><h2 class=\"eael-entry-title\"><a class=\"eael-grid-post-link\" href=\"https:\/\/soymigrante.com\/revista\/actriz-migrante-y-defensora-del-talento-de-la-mujer-hispana-sandra-chavarria\/\" title=\"Actriz guatemalteca Sandra Chavarr\u00eda cosecha \u00e9xitos en teatro y cine\">Actriz guatemalteca Sandra Chavarr\u00eda cosecha \u00e9xitos en teatro y cine<\/a><\/h2><\/header><div class=\"eael-entry-content\">\n                        <div class=\"eael-grid-post-excerpt\"><p>Naci\u00f3 en Jutiapa, Guatemala, pero se cri\u00f3 en San Antonio Pajonal, Santa Ana, El Salvador. Sandra Chavarr\u00eda es migrante en Estados Unidos desde hace 30 a\u00f1os y actriz desde hace 15. Recientemente interpret\u00f3 a la procer Dolores Bedoya de Molina y fue premiada por el corto The Wereback Sandra Chavarr\u00eda...<\/p><a href=\"https:\/\/soymigrante.com\/revista\/actriz-migrante-y-defensora-del-talento-de-la-mujer-hispana-sandra-chavarria\/\" class=\"eael-post-elements-readmore-btn\">CONOCE M\u00c1S DE SU HISTORIA, ESFUERZO Y \u00c9XITOS <\/a><\/div>\n                    <\/div><\/div><\/div>\n        <\/div>\n    <\/article><article class=\"eael-grid-post  eael-post-grid-column eael-pg-post-4877 category-exitos\" data-id=\"4877\">\n        <div class=\"eael-grid-post-holder\">\n            <div class=\"eael-grid-post-holder-inner\"><div class=\"eael-entry-media\"><div class=\"eael-entry-overlay fade-in\"><i class=\"far fa-hand-pointer\" aria-hidden=\"true\"><\/i><a href=\"https:\/\/soymigrante.com\/revista\/migrante-guatemalteca-emilia-cifuentes-ingeniera-empresaria-supera-dificultades\/\"><\/a><\/div><div class=\"eael-entry-thumbnail eael-image-ratio\">\n                <img loading=\"lazy\" decoding=\"async\" width=\"1024\" height=\"852\" src=\"https:\/\/soymigrante.com\/revista\/wp-content\/uploads\/2024\/02\/mila-1024x852.webp\" class=\"attachment-large size-large wp-image-4878\" alt=\"\" srcset=\"https:\/\/soymigrante.com\/revista\/wp-content\/uploads\/2024\/02\/mila-1024x852.webp 1024w, https:\/\/soymigrante.com\/revista\/wp-content\/uploads\/2024\/02\/mila-300x250.webp 300w, https:\/\/soymigrante.com\/revista\/wp-content\/uploads\/2024\/02\/mila-768x639.webp 768w, https:\/\/soymigrante.com\/revista\/wp-content\/uploads\/2024\/02\/mila-750x624.webp 750w, https:\/\/soymigrante.com\/revista\/wp-content\/uploads\/2024\/02\/mila.webp 1065w\" sizes=\"(max-width: 1024px) 100vw, 1024px\" \/>\n            <\/div>\n        <\/div><div class=\"eael-entry-wrapper\"><header class=\"eael-entry-header\"><h2 class=\"eael-entry-title\"><a class=\"eael-grid-post-link\" href=\"https:\/\/soymigrante.com\/revista\/migrante-guatemalteca-emilia-cifuentes-ingeniera-empresaria-supera-dificultades\/\" title=\"Emilia Cifuentes es Mrs. Guatemala Oklahoma 2024-25 por su trayectoria y aporte\">Emilia Cifuentes es Mrs. Guatemala Oklahoma 2024-25 por su trayectoria y aporte<\/a><\/h2><\/header><div class=\"eael-entry-content\">\n                        <div class=\"eael-grid-post-excerpt\"><p>Ingeniera guatemalteca Emilia Cifuentes trabaj\u00f3 en limpieza, cocina, ventas en l\u00ednea, con fe en Dios y gran esfuerzo, hasta llegar a la compa\u00f1\u00eda familiar de bienes ra\u00edces CV Premium Properties. El 7 de septiembre ser\u00e1 coronada Mrs. Guatemala-Oklahoma Por su trayectoria, logros y aportes a la comunidad guatemalteca en Oklahoma,...<\/p><a href=\"https:\/\/soymigrante.com\/revista\/migrante-guatemalteca-emilia-cifuentes-ingeniera-empresaria-supera-dificultades\/\" class=\"eael-post-elements-readmore-btn\">CONOCE M\u00c1S DE SU HISTORIA, ESFUERZO Y \u00c9XITOS <\/a><\/div>\n                    <\/div><\/div><\/div>\n        <\/div>\n    <\/article><article class=\"eael-grid-post  eael-post-grid-column eael-pg-post-6896 category-exitos\" data-id=\"6896\">\n        <div class=\"eael-grid-post-holder\">\n            <div class=\"eael-grid-post-holder-inner\"><div class=\"eael-entry-media\"><div class=\"eael-entry-overlay fade-in\"><i class=\"far fa-hand-pointer\" aria-hidden=\"true\"><\/i><a href=\"https:\/\/soymigrante.com\/revista\/en-busca-de-un-sueno-jessica-cliche-encontro-la-paz-en-chattanooga\/\"><\/a><\/div><div class=\"eael-entry-thumbnail eael-image-ratio\">\n                <img loading=\"lazy\" decoding=\"async\" width=\"617\" height=\"617\" src=\"https:\/\/soymigrante.com\/revista\/wp-content\/uploads\/2024\/06\/jes.webp\" class=\"attachment-large size-large wp-image-6897\" alt=\"Vendedora sonriendo en oficina con fondo de notas adhesivas de colores, rodeada de libros y material de oficina, mostrando un ambiente laboral acogedor y amigable.\" srcset=\"https:\/\/soymigrante.com\/revista\/wp-content\/uploads\/2024\/06\/jes.webp 617w, https:\/\/soymigrante.com\/revista\/wp-content\/uploads\/2024\/06\/jes-300x300.webp 300w, https:\/\/soymigrante.com\/revista\/wp-content\/uploads\/2024\/06\/jes-150x150.webp 150w, https:\/\/soymigrante.com\/revista\/wp-content\/uploads\/2024\/06\/jes-75x75.webp 75w\" sizes=\"(max-width: 617px) 100vw, 617px\" \/>\n            <\/div>\n        <\/div><div class=\"eael-entry-wrapper\"><header class=\"eael-entry-header\"><h2 class=\"eael-entry-title\"><a class=\"eael-grid-post-link\" href=\"https:\/\/soymigrante.com\/revista\/en-busca-de-un-sueno-jessica-cliche-encontro-la-paz-en-chattanooga\/\" title=\"En busca de un sue\u00f1o Jessica Clich\u00e9 encontr\u00f3 La Paz en Chattanooga\">En busca de un sue\u00f1o Jessica Clich\u00e9 encontr\u00f3 La Paz en Chattanooga<\/a><\/h2><\/header><div class=\"eael-entry-content\">\n                        <div class=\"eael-grid-post-excerpt\"><p>La migrante guatemalteca Jessica Cliche dirige el \u00e1rea educativa y de proyecci\u00f3n comunitaria del Centro la Paz en Chattanooga, Tennessee. Anhela que m\u00e1s guatemaltecos migrantes, sobre todo mujeres y madres, se abran puertas de desarrollo educativo y laboral. J\u00e9ssica naci\u00f3 en EE.UU. y creci\u00f3 en Guatemala desde los 4 a\u00f1os....<\/p><a href=\"https:\/\/soymigrante.com\/revista\/en-busca-de-un-sueno-jessica-cliche-encontro-la-paz-en-chattanooga\/\" class=\"eael-post-elements-readmore-btn\">CONOCE M\u00c1S DE SU HISTORIA, ESFUERZO Y \u00c9XITOS <\/a><\/div>\n                    <\/div><\/div><\/div>\n        <\/div>\n    <\/article><article class=\"eael-grid-post  eael-post-grid-column eael-pg-post-6202 category-exitos\" data-id=\"6202\">\n        <div class=\"eael-grid-post-holder\">\n            <div class=\"eael-grid-post-holder-inner\"><div class=\"eael-entry-media\"><div class=\"eael-entry-overlay fade-in\"><i class=\"far fa-hand-pointer\" aria-hidden=\"true\"><\/i><a href=\"https:\/\/soymigrante.com\/revista\/historia-vitalina-sanchez-adoptada-estados-unidos-guatemala\/\"><\/a><\/div><div class=\"eael-entry-thumbnail eael-image-ratio\">\n                <img loading=\"lazy\" decoding=\"async\" width=\"763\" height=\"596\" src=\"https:\/\/soymigrante.com\/revista\/wp-content\/uploads\/2024\/04\/Captura-de-pantalla-2024-04-26-144949.webp\" class=\"attachment-large size-large wp-image-6207\" alt=\"Madre e hijo en una tierna interacci\u00f3n, resaltando la importancia de la familia y el amor en la contexto de la inmigraci\u00f3n y la comunidad migrante.\" srcset=\"https:\/\/soymigrante.com\/revista\/wp-content\/uploads\/2024\/04\/Captura-de-pantalla-2024-04-26-144949.webp 763w, https:\/\/soymigrante.com\/revista\/wp-content\/uploads\/2024\/04\/Captura-de-pantalla-2024-04-26-144949-300x234.webp 300w, https:\/\/soymigrante.com\/revista\/wp-content\/uploads\/2024\/04\/Captura-de-pantalla-2024-04-26-144949-750x586.webp 750w\" sizes=\"(max-width: 763px) 100vw, 763px\" \/>\n            <\/div>\n        <\/div><div class=\"eael-entry-wrapper\"><header class=\"eael-entry-header\"><h2 class=\"eael-entry-title\"><a class=\"eael-grid-post-link\" href=\"https:\/\/soymigrante.com\/revista\/historia-vitalina-sanchez-adoptada-estados-unidos-guatemala\/\" title=\"As\u00ed fue c\u00f3mo Liv S\u00e1nchez, de EE.UU. pas\u00f3 a ser Vitalina, nacida en Guatemala\">As\u00ed fue c\u00f3mo Liv S\u00e1nchez, de EE.UU. pas\u00f3 a ser Vitalina, nacida en Guatemala<\/a><\/h2><\/header><div class=\"eael-entry-content\">\n                        <div class=\"eael-grid-post-excerpt\"><p>Vitalina &#8220;Liv&#8221; S\u00e1nchez es artista, fot\u00f3grafa, madre, esposa y tambi\u00e9n comadrona. Cre\u00f3 el podcast The Lost Quetzales (Los quetzales perdidos) para entrevistar a guatemaltecos adoptados en Estados Unidos. Busc\u00f3 su ra\u00edz y la encontr\u00f3 en la Tierra del Quetzal. Cuando ten\u00eda unos 12 a\u00f1os, Olivia Hart se pregunt\u00f3 qui\u00e9n era...<\/p><a href=\"https:\/\/soymigrante.com\/revista\/historia-vitalina-sanchez-adoptada-estados-unidos-guatemala\/\" class=\"eael-post-elements-readmore-btn\">CONOCE M\u00c1S DE SU HISTORIA, ESFUERZO Y \u00c9XITOS <\/a><\/div>\n                    <\/div><\/div><\/div>\n        <\/div>\n    <\/article><article class=\"eael-grid-post  eael-post-grid-column eael-pg-post-6150 category-exitos\" data-id=\"6150\">\n        <div class=\"eael-grid-post-holder\">\n            <div class=\"eael-grid-post-holder-inner\"><div class=\"eael-entry-media\"><div class=\"eael-entry-overlay fade-in\"><i class=\"far fa-hand-pointer\" aria-hidden=\"true\"><\/i><a href=\"https:\/\/soymigrante.com\/revista\/historia-de-migrante-arminda-housecleaning-exito-california\/\"><\/a><\/div><div class=\"eael-entry-thumbnail eael-image-ratio\">\n                <img loading=\"lazy\" decoding=\"async\" width=\"1024\" height=\"790\" src=\"https:\/\/soymigrante.com\/revista\/wp-content\/uploads\/2024\/04\/Captura-de-pantalla-2024-04-25-111631-1024x790.webp\" class=\"attachment-large size-large wp-image-6167\" alt=\"Persona migrante entrando a su vivienda en un d\u00eda soleado en Estados Unidos, mostrando la experiencia de migrantes en el hogar y la integraci\u00f3n en nuevas comunidades.\" srcset=\"https:\/\/soymigrante.com\/revista\/wp-content\/uploads\/2024\/04\/Captura-de-pantalla-2024-04-25-111631-1024x790.webp 1024w, https:\/\/soymigrante.com\/revista\/wp-content\/uploads\/2024\/04\/Captura-de-pantalla-2024-04-25-111631-300x231.webp 300w, https:\/\/soymigrante.com\/revista\/wp-content\/uploads\/2024\/04\/Captura-de-pantalla-2024-04-25-111631-768x592.webp 768w, https:\/\/soymigrante.com\/revista\/wp-content\/uploads\/2024\/04\/Captura-de-pantalla-2024-04-25-111631-750x578.webp 750w, https:\/\/soymigrante.com\/revista\/wp-content\/uploads\/2024\/04\/Captura-de-pantalla-2024-04-25-111631.webp 1027w\" sizes=\"(max-width: 1024px) 100vw, 1024px\" \/>\n            <\/div>\n        <\/div><div class=\"eael-entry-wrapper\"><header class=\"eael-entry-header\"><h2 class=\"eael-entry-title\"><a class=\"eael-grid-post-link\" href=\"https:\/\/soymigrante.com\/revista\/historia-de-migrante-arminda-housecleaning-exito-california\/\" title=\"Excelencia y honradez: la estrategia  de Arminda&#8217;s Housecleaning en California\">Excelencia y honradez: la estrategia  de Arminda&#8217;s Housecleaning en California<\/a><\/h2><\/header><div class=\"eael-entry-content\">\n                        <div class=\"eael-grid-post-excerpt\"><p>En su ni\u00f1ez, Arminda Zuniga padeci\u00f3 la pobreza en Jutiapa, Guatemala. Sobrevivi\u00f3. A los 22 a\u00f1os se march\u00f3 a Estados Unidos en busca de trabajo y oportunidades. Pero de nuevo tuvo que luchar contra m\u00faltiples dificultades. Hoy tiene su propia compa\u00f1\u00eda: Arminda&#8217;s Housecleaning. Arminda Zuniga es madre y abuela. Sus...<\/p><a href=\"https:\/\/soymigrante.com\/revista\/historia-de-migrante-arminda-housecleaning-exito-california\/\" class=\"eael-post-elements-readmore-btn\">CONOCE M\u00c1S DE SU HISTORIA, ESFUERZO Y \u00c9XITOS <\/a><\/div>\n                    <\/div><\/div><\/div>\n        <\/div>\n    <\/article><article class=\"eael-grid-post  eael-post-grid-column eael-pg-post-5483 category-exitos\" data-id=\"5483\">\n        <div class=\"eael-grid-post-holder\">\n            <div class=\"eael-grid-post-holder-inner\"><div class=\"eael-entry-media\"><div class=\"eael-entry-overlay fade-in\"><i class=\"far fa-hand-pointer\" aria-hidden=\"true\"><\/i><a href=\"https:\/\/soymigrante.com\/revista\/guatemalteca-ejercito-estados-unidos-garifuna-prueba\/\"><\/a><\/div><div class=\"eael-entry-thumbnail eael-image-ratio\">\n                <img loading=\"lazy\" decoding=\"async\" width=\"825\" height=\"693\" src=\"https:\/\/soymigrante.com\/revista\/wp-content\/uploads\/2024\/03\/geramycita.webp\" class=\"attachment-large size-large wp-image-5484\" alt=\"Migrante guatemalteca gar\u00edfuna Geramy Oliva se alista en el Ej\u00e9rcito de Estados Unidos\" srcset=\"https:\/\/soymigrante.com\/revista\/wp-content\/uploads\/2024\/03\/geramycita.webp 825w, https:\/\/soymigrante.com\/revista\/wp-content\/uploads\/2024\/03\/geramycita-300x252.webp 300w, https:\/\/soymigrante.com\/revista\/wp-content\/uploads\/2024\/03\/geramycita-768x645.webp 768w, https:\/\/soymigrante.com\/revista\/wp-content\/uploads\/2024\/03\/geramycita-750x630.webp 750w\" sizes=\"(max-width: 825px) 100vw, 825px\" \/>\n            <\/div>\n        <\/div><div class=\"eael-entry-wrapper\"><header class=\"eael-entry-header\"><h2 class=\"eael-entry-title\"><a class=\"eael-grid-post-link\" href=\"https:\/\/soymigrante.com\/revista\/guatemalteca-ejercito-estados-unidos-garifuna-prueba\/\" title=\"Migrante gar\u00edfuna Geramy Oliva venci\u00f3 retos para entrar al Ej\u00e9rcito de EE.UU.\">Migrante gar\u00edfuna Geramy Oliva venci\u00f3 retos para entrar al Ej\u00e9rcito de EE.UU.<\/a><\/h2><\/header><div class=\"eael-entry-content\">\n                        <div class=\"eael-grid-post-excerpt\"><p>&#8220;Ese d\u00eda lo celebr\u00e9 a\u00fan m\u00e1s que cuando me gradu\u00e9 de High School&#8221;, dice Geramy Oliva, migrante guatemalteca gar\u00edfuna de 22 a\u00f1os, sobre el d\u00eda en que fue admitida en el US Army. Cuando Geramy Oliva, joven migrante guatemalteca radicada en Nueva York, le comunic\u00f3 a sus padres su deseo...<\/p><a href=\"https:\/\/soymigrante.com\/revista\/guatemalteca-ejercito-estados-unidos-garifuna-prueba\/\" class=\"eael-post-elements-readmore-btn\">CONOCE M\u00c1S DE SU HISTORIA, ESFUERZO Y \u00c9XITOS <\/a><\/div>\n                    <\/div><\/div><\/div>\n        <\/div>\n    <\/article><\/div>\n            <div class=\"clearfix\"><\/div>\n        <\/div>\t\t\t\t<\/div>\n\t\t\t\t\t<\/div>\n\t\t\t\t<\/div>\n\t\t<div data-particle_enable=\"false\" data-particle-mobile-disabled=\"false\" class=\"elementor-element elementor-element-c958d40 e-flex e-con-boxed e-con e-parent\" data-id=\"c958d40\" data-element_type=\"container\" data-e-type=\"container\">\n\t\t\t\t\t<div class=\"e-con-inner\">\n\t\t\t\t<div class=\"elementor-element elementor-element-d3ba6cd elementor-widget elementor-widget-heading\" data-id=\"d3ba6cd\" data-element_type=\"widget\" data-e-type=\"widget\" data-widget_type=\"heading.default\">\n\t\t\t\t\t<h2 class=\"elementor-heading-title elementor-size-default\"><a href=\"https:\/\/soymigrante.com\/revista\/cuentanos-tu-historia\/\">\u00bfEres migrante guatemalteca en EE.UU y deseas compartir tu historia de esfuerzo y perseverancia? \u00bfO quiz\u00e1 conoces a alguien cuya historia sea de inspiraci\u00f3n y ejemplo? Haz clic aqu\u00ed y cu\u00e9ntanos. Ser\u00e1 un honor conocerte.<\/a><\/h2>\t\t\t\t<\/div>\n\t\t\t\t\t<\/div>\n\t\t\t\t<\/div>\n\t\t\t\t<\/div>\n\t\t","protected":false},"excerpt":{"rendered":"<p>Este 2024 ha sido un a\u00f1o de poderosas historias de esfuerzo, talento y grandes objetivos de guatemaltecas migrantes en Estados Unidos. Salieron de Guatemala pero Guatemala sigue en su coraz\u00f3n y ponen su nombre en alto. Con\u00f3celas y comparte sus testimonios inspiradores. Grandes valores convertidos en acci\u00f3n y realidad son las historias de cada migrante [&hellip;]<\/p>\n","protected":false},"author":7,"featured_media":18499,"comment_status":"open","ping_status":"open","sticky":false,"template":"","format":"standard","meta":{"_acf_changed":false,"_eb_attr":"","footnotes":""},"categories":[50],"tags":[],"class_list":["post-18491","post","type-post","status-publish","format-standard","has-post-thumbnail","hentry","category-exitos"],"acf":[],"aioseo_notices":[],"aioseo_head":"\n\t\t<!-- All in One SEO Pro 4.9.6.2 - aioseo.com -->\n\t<meta name=\"description\" content=\"&quot;Ese d\u00eda lo celebr\u00e9 a\u00fan m\u00e1s que cuando me gradu\u00e9 de High School&quot;, dice Geramy Oliva, migrante guatemalteca gar\u00edfuna de 22 a\u00f1os, sobre el d\u00eda en que fue admitida en el US Army. Cuando Geramy Oliva, joven migrante guatemalteca radicada en Nueva York, le comunic\u00f3 a sus padres su deseo de ingresar al Ej\u00e9rcito de\" \/>\n\t<meta name=\"robots\" content=\"max-snippet:-1, max-image-preview:large, max-video-preview:-1\" \/>\n\t<meta name=\"author\" content=\"Gustavo Montenegro\"\/>\n\t<link rel=\"canonical\" href=\"https:\/\/soymigrante.com\/revista\/10-historias-de-guatemaltecas-triunfadoras-en-usa-top-2024\/\" \/>\n\t<meta name=\"generator\" content=\"All in One SEO Pro (AIOSEO) 4.9.6.2\" \/>\n\n\t\t<link rel=\"preconnect\" href=\"https:\/\/fonts.googleapis.com\" crossorigin>\n<link rel=\"preconnect\" href=\"https:\/\/fonts.gstatic.com\" crossorigin>\n\t\t<meta property=\"og:locale\" content=\"es_ES\" \/>\n\t\t<meta property=\"og:site_name\" content=\"SoyMigrante.com REVISTA \u2013 Nuestra misi\u00f3n es reconocer y dignificar al migrante.\" \/>\n\t\t<meta property=\"og:type\" content=\"article\" \/>\n\t\t<meta property=\"og:title\" content=\"10 historias de guatemaltecas triunfadoras en USA: top 2024\" \/>\n\t\t<meta property=\"og:description\" content=\"Guatemaltecas migrantes en USA ponen en alto a su pa\u00eds con su trabajo, acciones y valores. Cada relato demuestra acciones poderosas y mensajes inspiradores.\" \/>\n\t\t<meta property=\"og:url\" content=\"https:\/\/soymigrante.com\/revista\/10-historias-de-guatemaltecas-triunfadoras-en-usa-top-2024\/\" \/>\n\t\t<meta property=\"og:image\" content=\"https:\/\/soymigrante.com\/revista\/wp-content\/uploads\/2024\/12\/guatemaltecas.webp\" \/>\n\t\t<meta property=\"og:image:secure_url\" content=\"https:\/\/soymigrante.com\/revista\/wp-content\/uploads\/2024\/12\/guatemaltecas.webp\" \/>\n\t\t<meta property=\"og:image:width\" content=\"1080\" \/>\n\t\t<meta property=\"og:image:height\" content=\"1080\" \/>\n\t\t<meta property=\"article:published_time\" content=\"2024-12-28T17:40:35+00:00\" \/>\n\t\t<meta property=\"article:modified_time\" content=\"2025-01-20T06:11:08+00:00\" \/>\n\t\t<meta property=\"article:publisher\" content=\"https:\/\/www.facebook.com\/soymigrantecom\" \/>\n\t\t<meta name=\"twitter:card\" content=\"summary_large_image\" \/>\n\t\t<meta name=\"twitter:site\" content=\"@SoyMigrante_com\" \/>\n\t\t<meta name=\"twitter:title\" content=\"10 historias de guatemaltecas triunfadoras en USA: top 2024\" \/>\n\t\t<meta name=\"twitter:description\" content=\"Guatemaltecas migrantes en USA ponen en alto a su pa\u00eds con su trabajo, acciones y valores. Cada relato demuestra acciones poderosas y mensajes inspiradores.\" \/>\n\t\t<meta name=\"twitter:creator\" content=\"@SoyMigrante_com\" \/>\n\t\t<meta name=\"twitter:image\" content=\"https:\/\/soymigrante.com\/revista\/wp-content\/uploads\/2024\/12\/guatemaltecas.webp\" \/>\n\t\t<!-- All in One SEO Pro -->\r\n\t\t<title>10 historias de guatemaltecas triunfadoras en USA: top 2024<\/title>\n\n","aioseo_head_json":{"title":"10 historias de guatemaltecas triunfadoras en USA: top 2024","description":"Guatemaltecas migrantes en USA ponen en alto a su pa\u00eds con su trabajo, acciones y valores. Cada relato demuestra acciones poderosas y mensajes inspiradores.","canonical_url":"https:\/\/soymigrante.com\/revista\/10-historias-de-guatemaltecas-triunfadoras-en-usa-top-2024\/","robots":"max-snippet:-1, max-image-preview:large, max-video-preview:-1","keywords":"","webmasterTools":{"miscellaneous":"&lt;link rel=\"preconnect\" href=\"https:\/\/fonts.googleapis.com\" crossorigin&gt;\n&lt;link rel=\"preconnect\" href=\"https:\/\/fonts.gstatic.com\" crossorigin&gt;"},"schema":null,"og:locale":"es_ES","og:site_name":"SoyMigrante.com REVISTA \u2013 Nuestra misi\u00f3n es reconocer y dignificar al migrante.","og:type":"article","og:title":"10 historias de guatemaltecas triunfadoras en USA: top 2024","og:description":"Guatemaltecas migrantes en USA ponen en alto a su pa\u00eds con su trabajo, acciones y valores. Cada relato demuestra acciones poderosas y mensajes inspiradores.","og:url":"https:\/\/soymigrante.com\/revista\/10-historias-de-guatemaltecas-triunfadoras-en-usa-top-2024\/","og:image":"https:\/\/soymigrante.com\/revista\/wp-content\/uploads\/2024\/12\/guatemaltecas.webp","og:image:secure_url":"https:\/\/soymigrante.com\/revista\/wp-content\/uploads\/2024\/12\/guatemaltecas.webp","og:image:width":1080,"og:image:height":1080,"article:published_time":"2024-12-28T17:40:35+00:00","article:modified_time":"2025-01-20T06:11:08+00:00","article:publisher":"https:\/\/www.facebook.com\/soymigrantecom","twitter:card":"summary_large_image","twitter:site":"@SoyMigrante_com","twitter:title":"10 historias de guatemaltecas triunfadoras en USA: top 2024","twitter:description":"Guatemaltecas migrantes en USA ponen en alto a su pa\u00eds con su trabajo, acciones y valores. Cada relato demuestra acciones poderosas y mensajes inspiradores.","twitter:creator":"@SoyMigrante_com","twitter:image":"https:\/\/soymigrante.com\/revista\/wp-content\/uploads\/2024\/12\/guatemaltecas.webp"},"aioseo_meta_data":{"post_id":"18491","title":"10 historias de guatemaltecas triunfadoras en USA: top 2024","description":"Guatemaltecas migrantes en USA ponen en alto a su pa\u00eds con su trabajo, acciones y valores. Cada relato demuestra acciones poderosas y mensajes inspiradores.","keywords":null,"keyphrases":{"focus":{"keyphrase":"GuatemaltecaS","score":78,"analysis":{"keyphraseInTitle":{"score":9,"maxScore":9,"error":0},"keyphraseInDescription":{"score":9,"maxScore":9,"error":0},"keyphraseLength":{"score":9,"maxScore":9,"error":0,"length":1},"keyphraseInURL":{"score":5,"maxScore":5,"error":0},"keyphraseInIntroduction":{"score":9,"maxScore":9,"error":0},"keyphraseInSubHeadings":{"score":9,"maxScore":9,"error":0},"keyphraseInImageAlt":{"score":3,"maxScore":9,"error":1},"keywordDensity":{"score":0,"type":"low","maxScore":9,"error":1}}},"additional":[{"keyphrase":"Historias","score":53,"analysis":{"keyphraseInDescription":{"score":3,"maxScore":9,"error":1},"keyphraseLength":{"score":9,"maxScore":9,"error":0,"length":1},"keyphraseInIntroduction":{"score":9,"maxScore":9,"error":0},"keyphraseInImageAlt":{"score":3,"maxScore":9,"error":1},"keywordDensity":{"score":0,"type":"low","maxScore":9,"error":1}}},{"keyphrase":"Migrantes","score":53,"analysis":{"keyphraseInDescription":{"score":9,"maxScore":9,"error":0},"keyphraseLength":{"score":9,"maxScore":9,"error":0,"length":1},"keyphraseInIntroduction":{"score":3,"maxScore":9,"error":1},"keyphraseInImageAlt":{"score":3,"maxScore":9,"error":1},"keywordDensity":{"score":0,"type":"low","maxScore":9,"error":1}}},{"keyphrase":"Lo mejor de 2024","score":40,"analysis":{"keyphraseInDescription":{"score":3,"maxScore":9,"error":1},"keyphraseLength":{"score":9,"maxScore":9,"error":0,"length":4},"keyphraseInIntroduction":{"score":3,"maxScore":9,"error":1},"keyphraseInImageAlt":{"score":3,"maxScore":9,"error":1},"keywordDensity":{"score":0,"type":"low","maxScore":9,"error":1}}}]},"primary_term":null,"canonical_url":null,"og_title":null,"og_description":null,"og_object_type":"default","og_image_type":"default","og_image_url":null,"og_image_width":null,"og_image_height":null,"og_image_custom_url":null,"og_image_custom_fields":null,"og_video":"","og_custom_url":null,"og_article_section":null,"og_article_tags":null,"twitter_use_og":false,"twitter_card":"default","twitter_image_type":"default","twitter_image_url":null,"twitter_image_custom_url":null,"twitter_image_custom_fields":null,"twitter_title":null,"twitter_description":null,"schema":{"blockGraphs":[],"customGraphs":[],"default":{"data":{"Article":[],"Course":[],"Dataset":[],"FAQPage":[],"Movie":[],"Person":[],"Product":[],"ProductReview":[],"Car":[],"Recipe":[],"Service":[],"SoftwareApplication":[],"WebPage":[]},"graphName":"BlogPosting","isEnabled":true},"graphs":[]},"schema_type":"default","schema_type_options":null,"pillar_content":false,"robots_default":true,"robots_noindex":false,"robots_noarchive":false,"robots_nosnippet":false,"robots_nofollow":false,"robots_noimageindex":false,"robots_noodp":false,"robots_notranslate":false,"robots_max_snippet":"-1","robots_max_videopreview":"-1","robots_max_imagepreview":"large","priority":null,"frequency":"default","local_seo":null,"seo_analyzer_scan_date":"2025-10-09 01:22:10","breadcrumb_settings":null,"limit_modified_date":false,"reviewed_by":null,"open_ai":"{\"title\":{\"suggestions\":[],\"usage\":0},\"description\":{\"suggestions\":[],\"usage\":0}}","ai":null,"created":"2024-12-28 16:53:33","updated":"2026-02-04 18:39:24"},"aioseo_breadcrumb":"<div class=\"aioseo-breadcrumbs\"><span class=\"aioseo-breadcrumb\">\n\t<a href=\"https:\/\/soymigrante.com\/revista\" title=\"Home\">Home<\/a>\n<\/span><span class=\"aioseo-breadcrumb-separator\">\u00bb<\/span><span class=\"aioseo-breadcrumb\">\n\t<a href=\"https:\/\/soymigrante.com\/revista\/category\/exitos\/\" title=\"\u00c9xitos\">\u00c9xitos<\/a>\n<\/span><span class=\"aioseo-breadcrumb-separator\">\u00bb<\/span><span class=\"aioseo-breadcrumb\">\n\t10 historias de guatemaltecas triunfadoras en USA llenas de valores e inspiraci\u00f3n\n<\/span><\/div>","aioseo_breadcrumb_json":[{"label":"Home","link":"https:\/\/soymigrante.com\/revista"},{"label":"\u00c9xitos","link":"https:\/\/soymigrante.com\/revista\/category\/exitos\/"},{"label":"10 historias de guatemaltecas triunfadoras en USA llenas de valores e inspiraci\u00f3n","link":"https:\/\/soymigrante.com\/revista\/10-historias-de-guatemaltecas-triunfadoras-en-usa-top-2024\/"}],"_links":{"self":[{"href":"https:\/\/soymigrante.com\/revista\/wp-json\/wp\/v2\/posts\/18491","targetHints":{"allow":["GET"]}}],"collection":[{"href":"https:\/\/soymigrante.com\/revista\/wp-json\/wp\/v2\/posts"}],"about":[{"href":"https:\/\/soymigrante.com\/revista\/wp-json\/wp\/v2\/types\/post"}],"author":[{"embeddable":true,"href":"https:\/\/soymigrante.com\/revista\/wp-json\/wp\/v2\/users\/7"}],"replies":[{"embeddable":true,"href":"https:\/\/soymigrante.com\/revista\/wp-json\/wp\/v2\/comments?post=18491"}],"version-history":[{"count":0,"href":"https:\/\/soymigrante.com\/revista\/wp-json\/wp\/v2\/posts\/18491\/revisions"}],"wp:featuredmedia":[{"embeddable":true,"href":"https:\/\/soymigrante.com\/revista\/wp-json\/wp\/v2\/media\/18499"}],"wp:attachment":[{"href":"https:\/\/soymigrante.com\/revista\/wp-json\/wp\/v2\/media?parent=18491"}],"wp:term":[{"taxonomy":"category","embeddable":true,"href":"https:\/\/soymigrante.com\/revista\/wp-json\/wp\/v2\/categories?post=18491"},{"taxonomy":"post_tag","embeddable":true,"href":"https:\/\/soymigrante.com\/revista\/wp-json\/wp\/v2\/tags?post=18491"}],"curies":[{"name":"wp","href":"https:\/\/api.w.org\/{rel}","templated":true}]}}