{"id":1845,"date":"2023-07-14T05:09:22","date_gmt":"2023-07-14T05:09:22","guid":{"rendered":"https:\/\/soymigrante.com\/revista\/?p=1845"},"modified":"2026-03-11T16:48:05","modified_gmt":"2026-03-11T22:48:05","slug":"arquitecto-maya-joaquin-universidad-utah","status":"publish","type":"post","link":"https:\/\/soymigrante.com\/revista\/arquitecto-maya-joaquin-universidad-utah\/","title":{"rendered":"Identidad maya viaja con arquitecto migrante Joaqu\u00edn L\u00f3pez"},"content":{"rendered":"\t\t<div data-elementor-type=\"wp-post\" data-elementor-id=\"1845\" class=\"elementor elementor-1845\" data-elementor-post-type=\"post\">\n\t\t\t\t\t\t<section data-particle_enable=\"false\" data-particle-mobile-disabled=\"false\" class=\"elementor-section elementor-top-section elementor-element elementor-element-03a6d74 elementor-section-boxed elementor-section-height-default elementor-section-height-default\" data-id=\"03a6d74\" data-element_type=\"section\" data-e-type=\"section\">\n\t\t\t\t\t\t<div class=\"elementor-container elementor-column-gap-default\">\n\t\t\t\t\t<div class=\"elementor-column elementor-col-100 elementor-top-column elementor-element elementor-element-a9a8510\" data-id=\"a9a8510\" data-element_type=\"column\" data-e-type=\"column\">\n\t\t\t<div class=\"elementor-widget-wrap elementor-element-populated\">\n\t\t\t\t\t\t<div class=\"elementor-element elementor-element-9d9a616 elementor-widget elementor-widget-heading\" data-id=\"9d9a616\" data-element_type=\"widget\" data-e-type=\"widget\" data-widget_type=\"heading.default\">\n\t\t\t\t\t<h2 class=\"elementor-heading-title elementor-size-default\">Estudia un doctorado en planificaci\u00f3n urbana en la Universidad de Utah y trabaja  proyectos de desarrollo con la etnia Navajo, con quienes se siente, literalmente, como en  casa.<\/h2>\t\t\t\t<\/div>\n\t\t\t\t\t<\/div>\n\t\t<\/div>\n\t\t\t\t\t<\/div>\n\t\t<\/section>\n\t\t\t\t<section data-particle_enable=\"false\" data-particle-mobile-disabled=\"false\" class=\"elementor-section elementor-top-section elementor-element elementor-element-a8bcfa2 elementor-section-boxed elementor-section-height-default elementor-section-height-default\" data-id=\"a8bcfa2\" data-element_type=\"section\" data-e-type=\"section\">\n\t\t\t\t\t\t<div class=\"elementor-container elementor-column-gap-default\">\n\t\t\t\t\t<div class=\"elementor-column elementor-col-100 elementor-top-column elementor-element elementor-element-f4b434f\" data-id=\"f4b434f\" data-element_type=\"column\" data-e-type=\"column\">\n\t\t\t<div class=\"elementor-widget-wrap elementor-element-populated\">\n\t\t\t\t\t\t<div class=\"elementor-element elementor-element-0710d1d elementor-widget elementor-widget-image\" data-id=\"0710d1d\" data-element_type=\"widget\" data-e-type=\"widget\" data-widget_type=\"image.default\">\n\t\t\t\t\t\t\t\t\t\t\t\t<figure class=\"wp-caption\">\n\t\t\t\t\t\t\t\t\t\t<img fetchpriority=\"high\" decoding=\"async\" width=\"1024\" height=\"756\" src=\"https:\/\/soymigrante.com\/revista\/wp-content\/uploads\/2023\/07\/Captura-de-pantalla-2023-07-13-224719-1024x756.webp\" class=\"attachment-large size-large wp-image-1850\" alt=\"Joaqu\u00edn L\u00f3pez se encuentra estudiando el doctorado en planificaci\u00f3n urbana con enfoque ind\u00edgena en la Universidad de Utah. Espec\u00edficamente ha trabajado con la Naci\u00f3n Navajo.\" srcset=\"https:\/\/soymigrante.com\/revista\/wp-content\/uploads\/2023\/07\/Captura-de-pantalla-2023-07-13-224719-1024x756.webp 1024w, https:\/\/soymigrante.com\/revista\/wp-content\/uploads\/2023\/07\/Captura-de-pantalla-2023-07-13-224719-300x221.webp 300w, https:\/\/soymigrante.com\/revista\/wp-content\/uploads\/2023\/07\/Captura-de-pantalla-2023-07-13-224719-768x567.webp 768w, https:\/\/soymigrante.com\/revista\/wp-content\/uploads\/2023\/07\/Captura-de-pantalla-2023-07-13-224719-750x553.webp 750w, https:\/\/soymigrante.com\/revista\/wp-content\/uploads\/2023\/07\/Captura-de-pantalla-2023-07-13-224719-1140x841.webp 1140w, https:\/\/soymigrante.com\/revista\/wp-content\/uploads\/2023\/07\/Captura-de-pantalla-2023-07-13-224719.webp 1255w\" sizes=\"(max-width: 1024px) 100vw, 1024px\" title=\"Joaqu\u00edn L\u00f3pez se encuentra estudiando el doctorado en planificaci\u00f3n urbana con enfoque ind\u00edgena en la Universidad de Utah. Espec\u00edficamente ha trabajado con la Naci\u00f3n Navajo. \u2013 SoyMigrante.com REVISTA\" \/>\t\t\t\t\t\t\t\t\t\t\t<figcaption class=\"widget-image-caption wp-caption-text\">Joaqu\u00edn L\u00f3pez se encuentra estudiando el doctorado en planificaci\u00f3n urbana con enfoque ind\u00edgena en la Universidad de Utah. Espec\u00edficamente ha trabajado con la Naci\u00f3n Navajo.<\/figcaption>\n\t\t\t\t\t\t\t\t\t\t<\/figure>\n\t\t\t\t\t\t\t\t\t<\/div>\n\t\t\t\t\t<\/div>\n\t\t<\/div>\n\t\t\t\t\t<\/div>\n\t\t<\/section>\n\t\t\t\t<section data-particle_enable=\"false\" data-particle-mobile-disabled=\"false\" class=\"elementor-section elementor-top-section elementor-element elementor-element-f6cfe51 elementor-section-boxed elementor-section-height-default elementor-section-height-default\" data-id=\"f6cfe51\" data-element_type=\"section\" data-e-type=\"section\">\n\t\t\t\t\t\t<div class=\"elementor-container elementor-column-gap-default\">\n\t\t\t\t\t<div class=\"elementor-column elementor-col-100 elementor-top-column elementor-element elementor-element-bfde8c7\" data-id=\"bfde8c7\" data-element_type=\"column\" data-e-type=\"column\">\n\t\t\t<div class=\"elementor-widget-wrap elementor-element-populated\">\n\t\t\t\t\t\t<div class=\"elementor-element elementor-element-c22718e elementor-widget elementor-widget-text-editor\" data-id=\"c22718e\" data-element_type=\"widget\" data-e-type=\"widget\" data-widget_type=\"text-editor.default\">\n\t\t\t\t\t\t\t\t\t<p><span style=\"background-color: var(--ak-bg-color);\">Joaqu\u00edn L\u00f3pez se identifica como maya k\u2019iche\u2019 guatemalteco a donde sea que va. Lleva en la mente y el coraz\u00f3n las ense\u00f1anzas de su abuelo, quien no ten\u00eda un apellido ind\u00edgena, pero que hered\u00f3 toda una sabidur\u00eda ancestral en agricultura y convivencia comunitaria.\u00a0<\/span><\/p><p>\u201cLos guatemaltecos somos herederos de un tesoro multicultural que se ha tratado de invisibilizar, de enterrar, denegar pero que a pesar de todo sobrevive y florece\u201d, expresa este arquitecto que estudia su doctorado en la Universidad de Utah, en donde tambi\u00e9n es profesor.\u00a0<\/p><p>\u201cNo es usual que asignen una clase a un doctorando, pero gracias a mi experiencia de trabajo con comunidades en Guatemala y Chile, me abrieron la oportunidad de compartir\u201d, ampl\u00eda.<\/p>\t\t\t\t\t\t\t\t<\/div>\n\t\t\t\t\t<\/div>\n\t\t<\/div>\n\t\t\t\t\t<\/div>\n\t\t<\/section>\n\t\t\t\t<section data-particle_enable=\"false\" data-particle-mobile-disabled=\"false\" class=\"elementor-section elementor-top-section elementor-element elementor-element-b5de073 elementor-section-boxed elementor-section-height-default elementor-section-height-default\" data-id=\"b5de073\" data-element_type=\"section\" data-e-type=\"section\">\n\t\t\t\t\t\t<div class=\"elementor-container elementor-column-gap-default\">\n\t\t\t\t\t<div class=\"elementor-column elementor-col-100 elementor-top-column elementor-element elementor-element-fa9142c\" data-id=\"fa9142c\" data-element_type=\"column\" data-e-type=\"column\">\n\t\t\t<div class=\"elementor-widget-wrap elementor-element-populated\">\n\t\t\t\t\t\t<div class=\"elementor-element elementor-element-b423d35 elementor-widget elementor-widget-image\" data-id=\"b423d35\" data-element_type=\"widget\" data-e-type=\"widget\" data-widget_type=\"image.default\">\n\t\t\t\t\t\t\t\t\t\t\t\t<figure class=\"wp-caption\">\n\t\t\t\t\t\t\t\t\t\t<img decoding=\"async\" width=\"960\" height=\"720\" src=\"https:\/\/soymigrante.com\/revista\/wp-content\/uploads\/2023\/07\/61227465_2359974267397185_2094181471769067520_n.webp\" class=\"attachment-large size-large wp-image-1851\" alt=\"Haber trabajado en proyectos de vivienda en comunidades mayas de Guatemala fortaleci\u00f3 la convicci\u00f3n de Joaqu\u00edn por aprender para promover desarrollo a zonas rurales guatemaltecas.\" srcset=\"https:\/\/soymigrante.com\/revista\/wp-content\/uploads\/2023\/07\/61227465_2359974267397185_2094181471769067520_n.webp 960w, https:\/\/soymigrante.com\/revista\/wp-content\/uploads\/2023\/07\/61227465_2359974267397185_2094181471769067520_n-300x225.webp 300w, https:\/\/soymigrante.com\/revista\/wp-content\/uploads\/2023\/07\/61227465_2359974267397185_2094181471769067520_n-768x576.webp 768w, https:\/\/soymigrante.com\/revista\/wp-content\/uploads\/2023\/07\/61227465_2359974267397185_2094181471769067520_n-750x563.webp 750w\" sizes=\"(max-width: 960px) 100vw, 960px\" title=\"Haber trabajado en proyectos de vivienda en comunidades mayas de Guatemala fortaleci\u00f3 la convicci\u00f3n de Joaqu\u00edn por aprender para promover desarrollo a zonas rurales guatemaltecas. \u2013 SoyMigrante.com REVISTA\" \/>\t\t\t\t\t\t\t\t\t\t\t<figcaption class=\"widget-image-caption wp-caption-text\">Haber trabajado en proyectos de vivienda en comunidades mayas de Guatemala fortaleci\u00f3 la convicci\u00f3n de Joaqu\u00edn por aprender para promover desarrollo a zonas rurales guatemaltecas.<\/figcaption>\n\t\t\t\t\t\t\t\t\t\t<\/figure>\n\t\t\t\t\t\t\t\t\t<\/div>\n\t\t\t\t\t<\/div>\n\t\t<\/div>\n\t\t\t\t\t<\/div>\n\t\t<\/section>\n\t\t\t\t<section data-particle_enable=\"false\" data-particle-mobile-disabled=\"false\" class=\"elementor-section elementor-top-section elementor-element elementor-element-bb46939 elementor-section-boxed elementor-section-height-default elementor-section-height-default\" data-id=\"bb46939\" data-element_type=\"section\" data-e-type=\"section\">\n\t\t\t\t\t\t<div class=\"elementor-container elementor-column-gap-default\">\n\t\t\t\t\t<div class=\"elementor-column elementor-col-100 elementor-top-column elementor-element elementor-element-79cc5af\" data-id=\"79cc5af\" data-element_type=\"column\" data-e-type=\"column\">\n\t\t\t<div class=\"elementor-widget-wrap elementor-element-populated\">\n\t\t\t\t\t\t<div class=\"elementor-element elementor-element-df99ddb elementor-widget elementor-widget-heading\" data-id=\"df99ddb\" data-element_type=\"widget\" data-e-type=\"widget\" data-widget_type=\"heading.default\">\n\t\t\t\t\t<h2 class=\"elementor-heading-title elementor-size-default\">Gran memoria y sabidur\u00eda del abuelo <\/h2>\t\t\t\t<\/div>\n\t\t\t\t\t<\/div>\n\t\t<\/div>\n\t\t\t\t\t<\/div>\n\t\t<\/section>\n\t\t\t\t<section data-particle_enable=\"false\" data-particle-mobile-disabled=\"false\" class=\"elementor-section elementor-top-section elementor-element elementor-element-0b59a3e elementor-section-boxed elementor-section-height-default elementor-section-height-default\" data-id=\"0b59a3e\" data-element_type=\"section\" data-e-type=\"section\">\n\t\t\t\t\t\t<div class=\"elementor-container elementor-column-gap-default\">\n\t\t\t\t\t<div class=\"elementor-column elementor-col-100 elementor-top-column elementor-element elementor-element-c21d8c9\" data-id=\"c21d8c9\" data-element_type=\"column\" data-e-type=\"column\">\n\t\t\t<div class=\"elementor-widget-wrap elementor-element-populated\">\n\t\t\t\t\t\t<div class=\"elementor-element elementor-element-c1599e9 elementor-widget elementor-widget-text-editor\" data-id=\"c1599e9\" data-element_type=\"widget\" data-e-type=\"widget\" data-widget_type=\"text-editor.default\">\n\t\t\t\t\t\t\t\t\t<p>Joaqu\u00edn naci\u00f3&nbsp; y creci\u00f3 en Quetzaltenango. Su abuelo, Eladio Huertas era agricultor y cultivaba ma\u00cdz, frijol, calabazas en San Crist\u00f3bal Totonicap\u00e1n. Tambi\u00e9n ten\u00eda un hato lechero.&nbsp;<\/p>\n<p>\u201cMi abuelo no utilizaba pesticidas ni fertilizantes artificiales. Tra\u00eda esa sabidur\u00eda que le hac\u00eda saber cu\u00e1ndo sembrar, cu\u00e1ndo esperar lluvia. Ingenieros agr\u00f3nomos llegaban a preguntarle por sus pr\u00e1cticas y \u00e9l compart\u00eda su saber. Su apellido ten\u00eda ascendencia espa\u00f1ola, pero la identidad es m\u00e1s que un apellido: mi abuelo se sent\u00eda y viv\u00eda bajo la cosmovisi\u00f3n maya&#8221;.&nbsp;<\/p>\n<p>&#8220;Lamentablemente mucho de ese conocimiento se perdi\u00f3 al morir \u00e9l. Yo a\u00fan era muy joven, pero hoy dimensionaba su valor y por eso me asumo tambi\u00e9n como k\u2019ich\u00e9, con toda su riqueza de cultura\u201d, explica.<\/p>\t\t\t\t\t\t\t\t<\/div>\n\t\t\t\t\t<\/div>\n\t\t<\/div>\n\t\t\t\t\t<\/div>\n\t\t<\/section>\n\t\t\t\t<section data-particle_enable=\"false\" data-particle-mobile-disabled=\"false\" class=\"elementor-section elementor-top-section elementor-element elementor-element-42cb681 elementor-section-boxed elementor-section-height-default elementor-section-height-default\" data-id=\"42cb681\" data-element_type=\"section\" data-e-type=\"section\">\n\t\t\t\t\t\t<div class=\"elementor-container elementor-column-gap-default\">\n\t\t\t\t\t<div class=\"elementor-column elementor-col-100 elementor-top-column elementor-element elementor-element-6744079\" data-id=\"6744079\" data-element_type=\"column\" data-e-type=\"column\">\n\t\t\t<div class=\"elementor-widget-wrap elementor-element-populated\">\n\t\t\t\t\t\t<div class=\"elementor-element elementor-element-981c981 elementor-widget elementor-widget-image\" data-id=\"981c981\" data-element_type=\"widget\" data-e-type=\"widget\" data-widget_type=\"image.default\">\n\t\t\t\t\t\t\t\t\t\t\t\t<figure class=\"wp-caption\">\n\t\t\t\t\t\t\t\t\t\t<img decoding=\"async\" width=\"768\" height=\"1024\" src=\"https:\/\/soymigrante.com\/revista\/wp-content\/uploads\/2023\/07\/WhatsApp-Image-2023-06-29-at-10.35.35-AM-768x1024.webp\" class=\"attachment-large size-large wp-image-1852\" alt=\"En sus tiempos libres, Joaqu\u00edn disfruta del senderismo y la exploraci\u00f3n de \u00e1reas des\u00e9rticas de Utah, en algunas de las cuales hay vestigios de antiguas poblaciones.\" srcset=\"https:\/\/soymigrante.com\/revista\/wp-content\/uploads\/2023\/07\/WhatsApp-Image-2023-06-29-at-10.35.35-AM-768x1024.webp 768w, https:\/\/soymigrante.com\/revista\/wp-content\/uploads\/2023\/07\/WhatsApp-Image-2023-06-29-at-10.35.35-AM-225x300.webp 225w, https:\/\/soymigrante.com\/revista\/wp-content\/uploads\/2023\/07\/WhatsApp-Image-2023-06-29-at-10.35.35-AM-1152x1536.webp 1152w, https:\/\/soymigrante.com\/revista\/wp-content\/uploads\/2023\/07\/WhatsApp-Image-2023-06-29-at-10.35.35-AM-750x1000.webp 750w, https:\/\/soymigrante.com\/revista\/wp-content\/uploads\/2023\/07\/WhatsApp-Image-2023-06-29-at-10.35.35-AM-1140x1520.webp 1140w, https:\/\/soymigrante.com\/revista\/wp-content\/uploads\/2023\/07\/WhatsApp-Image-2023-06-29-at-10.35.35-AM.webp 1440w\" sizes=\"(max-width: 768px) 100vw, 768px\" title=\"En sus tiempos libres, Joaqu\u00edn disfruta del senderismo y la exploraci\u00f3n de \u00e1reas des\u00e9rticas de Utah, en algunas de las cuales hay vestigios de antiguas poblaciones. \u2013 SoyMigrante.com REVISTA\" \/>\t\t\t\t\t\t\t\t\t\t\t<figcaption class=\"widget-image-caption wp-caption-text\">En sus tiempos libres, Joaqu\u00edn disfruta del senderismo y la exploraci\u00f3n de \u00e1reas des\u00e9rticas de Utah, en algunas de las cuales hay vestigios de antiguas poblaciones.<\/figcaption>\n\t\t\t\t\t\t\t\t\t\t<\/figure>\n\t\t\t\t\t\t\t\t\t<\/div>\n\t\t\t\t\t<\/div>\n\t\t<\/div>\n\t\t\t\t\t<\/div>\n\t\t<\/section>\n\t\t\t\t<section data-particle_enable=\"false\" data-particle-mobile-disabled=\"false\" class=\"elementor-section elementor-top-section elementor-element elementor-element-37aa5f4 elementor-section-boxed elementor-section-height-default elementor-section-height-default\" data-id=\"37aa5f4\" data-element_type=\"section\" data-e-type=\"section\">\n\t\t\t\t\t\t<div class=\"elementor-container elementor-column-gap-default\">\n\t\t\t\t\t<div class=\"elementor-column elementor-col-100 elementor-top-column elementor-element elementor-element-eefdb41\" data-id=\"eefdb41\" data-element_type=\"column\" data-e-type=\"column\">\n\t\t\t<div class=\"elementor-widget-wrap elementor-element-populated\">\n\t\t\t\t\t\t<div class=\"elementor-element elementor-element-eb7224f elementor-widget elementor-widget-heading\" data-id=\"eb7224f\" data-element_type=\"widget\" data-e-type=\"widget\" data-widget_type=\"heading.default\">\n\t\t\t\t\t<h2 class=\"elementor-heading-title elementor-size-default\">Redescubrimiento de la grandeza maya a trav\u00e9s de la arquitectura<\/h2>\t\t\t\t<\/div>\n\t\t\t\t\t<\/div>\n\t\t<\/div>\n\t\t\t\t\t<\/div>\n\t\t<\/section>\n\t\t\t\t<section data-particle_enable=\"false\" data-particle-mobile-disabled=\"false\" class=\"elementor-section elementor-top-section elementor-element elementor-element-e1e90f8 elementor-section-boxed elementor-section-height-default elementor-section-height-default\" data-id=\"e1e90f8\" data-element_type=\"section\" data-e-type=\"section\">\n\t\t\t\t\t\t<div class=\"elementor-container elementor-column-gap-default\">\n\t\t\t\t\t<div class=\"elementor-column elementor-col-100 elementor-top-column elementor-element elementor-element-63e5c7b\" data-id=\"63e5c7b\" data-element_type=\"column\" data-e-type=\"column\">\n\t\t\t<div class=\"elementor-widget-wrap elementor-element-populated\">\n\t\t\t\t\t\t<div class=\"elementor-element elementor-element-5197e85 elementor-widget elementor-widget-text-editor\" data-id=\"5197e85\" data-element_type=\"widget\" data-e-type=\"widget\" data-widget_type=\"text-editor.default\">\n\t\t\t\t\t\t\t\t\t<p><span style=\"color: var( --e-global-color-text ); background-color: var(--ak-bg-color);\">Joaqu\u00edn estudi\u00f3 arquitectura en la Universidad de San Carlos. All\u00ed se reencontr\u00f3 con aquellas ra\u00edces, orgullo e identidad. \u201cEstaba en el programa de Arquitectura Maya que me devuelve la conexi\u00f3n con mi ancestralidad, mis ra\u00edces y con el ser guatemalteco. Y quise recuperar, estar relacionado con esa identidad que por mucho tiempo pr\u00e1cticamente rechac\u00e9. Y es en en Guatemala habemos dos tipos de guatemaltecos: quienes se identifican como ind\u00edgenas y otros que se nos olvid\u00f3\u2026 pero eso es fruto de la discriminaci\u00f3n. Mi abuelo era maya k\u2019iche\u2019 pero no lo dec\u00eda p\u00fablicamente\u201d.<\/span><\/p><p>Joaqu\u00edn comenz\u00f3 a trabajar en la fundaci\u00f3n H\u00e1bitat para la Humanidad, espec\u00edficamente en comunidades ind\u00edgenas.rurales, buscando proveer de techo digno. \u201cEso me pone en otra perspectiva y me revela la realidad de pobreza de las comunidades y como luchar para que tengan una vivienda digna\u201d.<\/p><p>Posteriormente obtuvo una beca de la Organizaci\u00f3n de Estados Americanos. Fue a estudiar una maestr\u00eda en planificaci\u00f3n regional en Chile. Desarroll\u00f3 su tesis en el territorio de la etnia mapuche. Al volver a Guatemala contin\u00faa la labor en H\u00e1bitat, espec\u00edficamente en el valle de Palajunoj, en Quetzaltenango.<\/p>\t\t\t\t\t\t\t\t<\/div>\n\t\t\t\t\t<\/div>\n\t\t<\/div>\n\t\t\t\t\t<\/div>\n\t\t<\/section>\n\t\t\t\t<section data-particle_enable=\"false\" data-particle-mobile-disabled=\"false\" class=\"elementor-section elementor-top-section elementor-element elementor-element-7afd119 elementor-section-boxed elementor-section-height-default elementor-section-height-default\" data-id=\"7afd119\" data-element_type=\"section\" data-e-type=\"section\">\n\t\t\t\t\t\t<div class=\"elementor-container elementor-column-gap-default\">\n\t\t\t\t\t<div class=\"elementor-column elementor-col-100 elementor-top-column elementor-element elementor-element-69e3bca\" data-id=\"69e3bca\" data-element_type=\"column\" data-e-type=\"column\">\n\t\t\t<div class=\"elementor-widget-wrap elementor-element-populated\">\n\t\t\t\t\t\t<div class=\"elementor-element elementor-element-884e1fc elementor-widget elementor-widget-image\" data-id=\"884e1fc\" data-element_type=\"widget\" data-e-type=\"widget\" data-widget_type=\"image.default\">\n\t\t\t\t\t\t\t\t\t\t\t\t<figure class=\"wp-caption\">\n\t\t\t\t\t\t\t\t\t\t<img loading=\"lazy\" decoding=\"async\" width=\"1024\" height=\"768\" src=\"https:\/\/soymigrante.com\/revista\/wp-content\/uploads\/2023\/07\/WhatsApp-Image-2023-06-29-at-10.18.34-AM-1024x768.webp\" class=\"attachment-large size-large wp-image-1853\" alt=\"Reuni\u00f3n con dirigentes de la Naci\u00f3n Navajo, a quienes Joaqu\u00edn asesora en planificaci\u00f3n urbana y arquitect\u00f3nica para mejorar sus condiciones de vida.\" srcset=\"https:\/\/soymigrante.com\/revista\/wp-content\/uploads\/2023\/07\/WhatsApp-Image-2023-06-29-at-10.18.34-AM-1024x768.webp 1024w, https:\/\/soymigrante.com\/revista\/wp-content\/uploads\/2023\/07\/WhatsApp-Image-2023-06-29-at-10.18.34-AM-300x225.webp 300w, https:\/\/soymigrante.com\/revista\/wp-content\/uploads\/2023\/07\/WhatsApp-Image-2023-06-29-at-10.18.34-AM-768x576.webp 768w, https:\/\/soymigrante.com\/revista\/wp-content\/uploads\/2023\/07\/WhatsApp-Image-2023-06-29-at-10.18.34-AM-1536x1152.webp 1536w, https:\/\/soymigrante.com\/revista\/wp-content\/uploads\/2023\/07\/WhatsApp-Image-2023-06-29-at-10.18.34-AM-750x563.webp 750w, https:\/\/soymigrante.com\/revista\/wp-content\/uploads\/2023\/07\/WhatsApp-Image-2023-06-29-at-10.18.34-AM-1140x855.webp 1140w, https:\/\/soymigrante.com\/revista\/wp-content\/uploads\/2023\/07\/WhatsApp-Image-2023-06-29-at-10.18.34-AM.webp 1600w\" sizes=\"(max-width: 1024px) 100vw, 1024px\" title=\"Reuni\u00f3n con dirigentes de la Naci\u00f3n Navajo, a quienes Joaqu\u00edn asesora en planificaci\u00f3n urbana y arquitect\u00f3nica para mejorar sus condiciones de vida. \u2013 SoyMigrante.com REVISTA\" \/>\t\t\t\t\t\t\t\t\t\t\t<figcaption class=\"widget-image-caption wp-caption-text\">Reuni\u00f3n con dirigentes de la Naci\u00f3n Navajo, a quienes Joaqu\u00edn asesora en planificaci\u00f3n urbana y arquitect\u00f3nica para mejorar sus condiciones de vida.<\/figcaption>\n\t\t\t\t\t\t\t\t\t\t<\/figure>\n\t\t\t\t\t\t\t\t\t<\/div>\n\t\t\t\t\t<\/div>\n\t\t<\/div>\n\t\t\t\t\t<\/div>\n\t\t<\/section>\n\t\t\t\t<section data-particle_enable=\"false\" data-particle-mobile-disabled=\"false\" class=\"elementor-section elementor-top-section elementor-element elementor-element-c4cdb4a elementor-section-boxed elementor-section-height-default elementor-section-height-default\" data-id=\"c4cdb4a\" data-element_type=\"section\" data-e-type=\"section\">\n\t\t\t\t\t\t<div class=\"elementor-container elementor-column-gap-default\">\n\t\t\t\t\t<div class=\"elementor-column elementor-col-100 elementor-top-column elementor-element elementor-element-b92c514\" data-id=\"b92c514\" data-element_type=\"column\" data-e-type=\"column\">\n\t\t\t<div class=\"elementor-widget-wrap elementor-element-populated\">\n\t\t\t\t\t\t<div class=\"elementor-element elementor-element-7b2bd8d elementor-widget elementor-widget-heading\" data-id=\"7b2bd8d\" data-element_type=\"widget\" data-e-type=\"widget\" data-widget_type=\"heading.default\">\n\t\t\t\t\t<h2 class=\"elementor-heading-title elementor-size-default\">En busca de ra\u00edces para un mejor futuro<\/h2>\t\t\t\t<\/div>\n\t\t\t\t\t<\/div>\n\t\t<\/div>\n\t\t\t\t\t<\/div>\n\t\t<\/section>\n\t\t\t\t<section data-particle_enable=\"false\" data-particle-mobile-disabled=\"false\" class=\"elementor-section elementor-top-section elementor-element elementor-element-16ecc44 elementor-section-boxed elementor-section-height-default elementor-section-height-default\" data-id=\"16ecc44\" data-element_type=\"section\" data-e-type=\"section\">\n\t\t\t\t\t\t<div class=\"elementor-container elementor-column-gap-default\">\n\t\t\t\t\t<div class=\"elementor-column elementor-col-100 elementor-top-column elementor-element elementor-element-3f93393\" data-id=\"3f93393\" data-element_type=\"column\" data-e-type=\"column\">\n\t\t\t<div class=\"elementor-widget-wrap elementor-element-populated\">\n\t\t\t\t\t\t<div class=\"elementor-element elementor-element-2298c52 elementor-widget elementor-widget-text-editor\" data-id=\"2298c52\" data-element_type=\"widget\" data-e-type=\"widget\" data-widget_type=\"text-editor.default\">\n\t\t\t\t\t\t\t\t\t<p><span style=\"background-color: var(--ak-bg-color);\">En 2020 obtiene una beca Fulbright, del gobierno de Estados Unidos para estudiar Planificaci\u00f3n y Desarrollo. Se decidi\u00f3 por la Universidad de Utah. Cinco a\u00f1os. \u201cSigo en planificaci\u00f3n ind\u00edgena, buscando c\u00f3mo integrar tradici\u00f3n y calidad de vida. Estoy en un proyecto de mejora con la naci\u00f3n Navajo\u201d.<\/span><\/p><p>\u201cHay cosas en com\u00fan. Los Navajo sufren a causa del racismo y discriminaci\u00f3n. Pero tambi\u00e9n en Guatemala conocemos de ese problema aunque a veces no se reconozca. El gran aprendizaje es que el racismo llega a ser tan estructural y tan sutil que a veces uno puede creer que ayuda, pero en realidad los pueblos tienen su propia sabidur\u00eda, su conocimiento, otra valoraci\u00f3n de la vida\u201d.<\/p><p>Al regresar a Guatemala, Joaqu\u00edn desear\u00eda poder poner en pr\u00e1ctica modelos de desarrollo y planificaci\u00f3n territorial, urbano o rural \u201cpara que la gente pueda contar con agua, con drenaje, una vida m\u00e1s digna&#8221;.<\/p><p>Finalmente, recuerda el concepto de riqueza de su abuelo. \u201cSi alguien llegaba a pedirle dinero al abuelo, \u00e9l se met\u00eda la mano en la bolsa, sacaba unos granos de mma\u00edz y te los daba. Sembr\u00e1 esto, cuidalo, cultivalo y cosechalo. Entonces tendr\u00e1s dinero y qu\u00e9 comer.\u201d. Lamentablemente, aquella semilla nativa, que sobrevivi\u00f3 por siglos, se perdi\u00f3 a la muerte del sabio abuelo.<\/p><p>Por ello Joaqu\u00edn sue\u00f1a con una revoluci\u00f3n pero de actitud, de pensamiento. \u201cSaber de d\u00f3nde viene una tortilla, saber que se necesita de la tierra, de la agricultura, del campesino maya, tanto como de la industria y del desarrollo urbano\u2026 eso es desarrollo\u201d, finaliza.<\/p>\t\t\t\t\t\t\t\t<\/div>\n\t\t\t\t\t<\/div>\n\t\t<\/div>\n\t\t\t\t\t<\/div>\n\t\t<\/section>\n\t\t\t\t<section data-particle_enable=\"false\" data-particle-mobile-disabled=\"false\" class=\"elementor-section elementor-top-section elementor-element elementor-element-bda4f3f elementor-section-boxed elementor-section-height-default elementor-section-height-default\" data-id=\"bda4f3f\" data-element_type=\"section\" data-e-type=\"section\">\n\t\t\t\t\t\t<div class=\"elementor-container elementor-column-gap-default\">\n\t\t\t\t\t<div class=\"elementor-column elementor-col-100 elementor-top-column elementor-element elementor-element-1068a99\" data-id=\"1068a99\" data-element_type=\"column\" data-e-type=\"column\">\n\t\t\t<div class=\"elementor-widget-wrap elementor-element-populated\">\n\t\t\t\t\t\t<div class=\"elementor-element elementor-element-5923e77 elementor-widget elementor-widget-image\" data-id=\"5923e77\" data-element_type=\"widget\" data-e-type=\"widget\" data-widget_type=\"image.default\">\n\t\t\t\t\t\t\t\t\t\t\t\t<figure class=\"wp-caption\">\n\t\t\t\t\t\t\t\t\t\t<img loading=\"lazy\" decoding=\"async\" width=\"1024\" height=\"768\" src=\"https:\/\/soymigrante.com\/revista\/wp-content\/uploads\/2023\/07\/WhatsApp-Image-2023-06-29-at-10.35.38-AM-1024x768.webp\" class=\"attachment-large size-large wp-image-1854\" alt=\"El arquitecto guatemalteco Joaqu\u00edn L\u00f3pez explora un antiguo asentamiento ind\u00edgena, en una zona rocosa de Utah.\" srcset=\"https:\/\/soymigrante.com\/revista\/wp-content\/uploads\/2023\/07\/WhatsApp-Image-2023-06-29-at-10.35.38-AM-1024x768.webp 1024w, https:\/\/soymigrante.com\/revista\/wp-content\/uploads\/2023\/07\/WhatsApp-Image-2023-06-29-at-10.35.38-AM-300x225.webp 300w, https:\/\/soymigrante.com\/revista\/wp-content\/uploads\/2023\/07\/WhatsApp-Image-2023-06-29-at-10.35.38-AM-768x576.webp 768w, https:\/\/soymigrante.com\/revista\/wp-content\/uploads\/2023\/07\/WhatsApp-Image-2023-06-29-at-10.35.38-AM-1536x1152.webp 1536w, https:\/\/soymigrante.com\/revista\/wp-content\/uploads\/2023\/07\/WhatsApp-Image-2023-06-29-at-10.35.38-AM-750x563.webp 750w, https:\/\/soymigrante.com\/revista\/wp-content\/uploads\/2023\/07\/WhatsApp-Image-2023-06-29-at-10.35.38-AM-1140x855.webp 1140w, https:\/\/soymigrante.com\/revista\/wp-content\/uploads\/2023\/07\/WhatsApp-Image-2023-06-29-at-10.35.38-AM.webp 1920w\" sizes=\"(max-width: 1024px) 100vw, 1024px\" title=\"El arquitecto guatemalteco Joaqu\u00edn L\u00f3pez explora un antiguo asentamiento ind\u00edgena, en una zona rocosa de Utah. \u2013 SoyMigrante.com REVISTA\" \/>\t\t\t\t\t\t\t\t\t\t\t<figcaption class=\"widget-image-caption wp-caption-text\">El arquitecto guatemalteco Joaqu\u00edn L\u00f3pez explora un antiguo asentamiento ind\u00edgena, en una zona rocosa de Utah, cuya sabidur\u00eda para sobrevivir y perdurar le motiva asombro y admiraci\u00f3n.<\/figcaption>\n\t\t\t\t\t\t\t\t\t\t<\/figure>\n\t\t\t\t\t\t\t\t\t<\/div>\n\t\t\t\t\t<\/div>\n\t\t<\/div>\n\t\t\t\t\t<\/div>\n\t\t<\/section>\n\t\t\t\t<\/div>\n\t\t","protected":false},"excerpt":{"rendered":"<p>Estudia un doctorado en planificaci\u00f3n urbana en la Universidad de Utah y trabaja proyectos de desarrollo con la etnia Navajo, con quienes se siente, literalmente, como en casa. Joaqu\u00edn L\u00f3pez se encuentra estudiando el doctorado en planificaci\u00f3n urbana con enfoque ind\u00edgena en la Universidad de Utah. Espec\u00edficamente ha trabajado con la Naci\u00f3n Navajo. Joaqu\u00edn L\u00f3pez [&hellip;]<\/p>\n","protected":false},"author":7,"featured_media":1850,"comment_status":"open","ping_status":"open","sticky":false,"template":"","format":"standard","meta":{"_acf_changed":false,"_eb_attr":"","footnotes":""},"categories":[50],"tags":[301],"class_list":["post-1845","post","type-post","status-publish","format-standard","has-post-thumbnail","hentry","category-exitos","tag-utah"],"acf":[],"aioseo_notices":[],"aioseo_head":"\n\t\t<!-- All in One SEO Pro 4.9.6.2 - aioseo.com -->\n\t<meta name=\"description\" content=\"Joaqu\u00edn L\u00f3pez, arquitecto maya k\u2019iche\u2019, lleva su identidad desde Guatemala hasta Utah, donde estudia un doctorado y trabaja con la Naci\u00f3n Navajo\" \/>\n\t<meta name=\"robots\" content=\"max-snippet:-1, max-image-preview:large, max-video-preview:-1\" \/>\n\t<meta name=\"author\" content=\"Gustavo Montenegro\"\/>\n\t<link rel=\"canonical\" href=\"https:\/\/soymigrante.com\/revista\/arquitecto-maya-joaquin-universidad-utah\/\" \/>\n\t<meta name=\"generator\" content=\"All in One SEO Pro (AIOSEO) 4.9.6.2\" \/>\n\n\t\t<link rel=\"preconnect\" href=\"https:\/\/fonts.googleapis.com\" crossorigin>\n<link rel=\"preconnect\" href=\"https:\/\/fonts.gstatic.com\" crossorigin>\n\t\t<meta property=\"og:locale\" content=\"es_ES\" \/>\n\t\t<meta property=\"og:site_name\" content=\"SoyMigrante.com REVISTA \u2013 Nuestra misi\u00f3n es reconocer y dignificar al migrante.\" \/>\n\t\t<meta property=\"og:type\" content=\"article\" \/>\n\t\t<meta property=\"og:title\" content=\"Identidad maya viaja con arquitecto migrante Joaqu\u00edn L\u00f3pez\" \/>\n\t\t<meta property=\"og:description\" content=\"Joaqu\u00edn L\u00f3pez, arquitecto maya k\u2019iche\u2019, lleva su identidad desde Guatemala hasta Utah, donde estudia un doctorado y trabaja con la Naci\u00f3n Navajo\" \/>\n\t\t<meta property=\"og:url\" content=\"https:\/\/soymigrante.com\/revista\/arquitecto-maya-joaquin-universidad-utah\/\" \/>\n\t\t<meta property=\"og:image\" content=\"https:\/\/soymigrante.com\/revista\/wp-content\/uploads\/2023\/07\/Captura-de-pantalla-2023-07-13-224719.webp\" \/>\n\t\t<meta property=\"og:image:secure_url\" content=\"https:\/\/soymigrante.com\/revista\/wp-content\/uploads\/2023\/07\/Captura-de-pantalla-2023-07-13-224719.webp\" \/>\n\t\t<meta property=\"og:image:width\" content=\"1255\" \/>\n\t\t<meta property=\"og:image:height\" content=\"926\" \/>\n\t\t<meta property=\"article:published_time\" content=\"2023-07-14T05:09:22+00:00\" \/>\n\t\t<meta property=\"article:modified_time\" content=\"2026-03-11T22:48:05+00:00\" \/>\n\t\t<meta property=\"article:publisher\" content=\"https:\/\/www.facebook.com\/soymigrantecom\" \/>\n\t\t<meta name=\"twitter:card\" content=\"summary_large_image\" \/>\n\t\t<meta name=\"twitter:site\" content=\"@SoyMigrante_com\" \/>\n\t\t<meta name=\"twitter:title\" content=\"Identidad maya viaja con arquitecto migrante Joaqu\u00edn L\u00f3pez\" \/>\n\t\t<meta name=\"twitter:description\" content=\"Joaqu\u00edn L\u00f3pez, arquitecto maya k\u2019iche\u2019, lleva su identidad desde Guatemala hasta Utah, donde estudia un doctorado y trabaja con la Naci\u00f3n Navajo\" \/>\n\t\t<meta name=\"twitter:creator\" content=\"@SoyMigrante_com\" \/>\n\t\t<meta name=\"twitter:image\" content=\"https:\/\/soymigrante.com\/revista\/wp-content\/uploads\/2023\/07\/Captura-de-pantalla-2023-07-13-224719.webp\" \/>\n\t\t<!-- All in One SEO Pro -->\r\n\t\t<title>Identidad maya viaja con arquitecto migrante Joaqu\u00edn L\u00f3pez<\/title>\n\n","aioseo_head_json":{"title":"Identidad maya viaja con arquitecto migrante Joaqu\u00edn L\u00f3pez","description":"Joaqu\u00edn L\u00f3pez, arquitecto maya k\u2019iche\u2019, lleva su identidad desde Guatemala hasta Utah, donde estudia un doctorado y trabaja con la Naci\u00f3n Navajo","canonical_url":"https:\/\/soymigrante.com\/revista\/arquitecto-maya-joaquin-universidad-utah\/","robots":"max-snippet:-1, max-image-preview:large, max-video-preview:-1","keywords":"","webmasterTools":{"miscellaneous":"&lt;link rel=\"preconnect\" href=\"https:\/\/fonts.googleapis.com\" crossorigin&gt;\n&lt;link rel=\"preconnect\" href=\"https:\/\/fonts.gstatic.com\" crossorigin&gt;"},"schema":null,"og:locale":"es_ES","og:site_name":"SoyMigrante.com REVISTA \u2013 Nuestra misi\u00f3n es reconocer y dignificar al migrante.","og:type":"article","og:title":"Identidad maya viaja con arquitecto migrante Joaqu\u00edn L\u00f3pez","og:description":"Joaqu\u00edn L\u00f3pez, arquitecto maya k\u2019iche\u2019, lleva su identidad desde Guatemala hasta Utah, donde estudia un doctorado y trabaja con la Naci\u00f3n Navajo","og:url":"https:\/\/soymigrante.com\/revista\/arquitecto-maya-joaquin-universidad-utah\/","og:image":"https:\/\/soymigrante.com\/revista\/wp-content\/uploads\/2023\/07\/Captura-de-pantalla-2023-07-13-224719.webp","og:image:secure_url":"https:\/\/soymigrante.com\/revista\/wp-content\/uploads\/2023\/07\/Captura-de-pantalla-2023-07-13-224719.webp","og:image:width":1255,"og:image:height":926,"article:published_time":"2023-07-14T05:09:22+00:00","article:modified_time":"2026-03-11T22:48:05+00:00","article:publisher":"https:\/\/www.facebook.com\/soymigrantecom","twitter:card":"summary_large_image","twitter:site":"@SoyMigrante_com","twitter:title":"Identidad maya viaja con arquitecto migrante Joaqu\u00edn L\u00f3pez","twitter:description":"Joaqu\u00edn L\u00f3pez, arquitecto maya k\u2019iche\u2019, lleva su identidad desde Guatemala hasta Utah, donde estudia un doctorado y trabaja con la Naci\u00f3n Navajo","twitter:creator":"@SoyMigrante_com","twitter:image":"https:\/\/soymigrante.com\/revista\/wp-content\/uploads\/2023\/07\/Captura-de-pantalla-2023-07-13-224719.webp"},"aioseo_meta_data":{"post_id":"1845","title":"#post_title","description":"Joaqu\u00edn L\u00f3pez, arquitecto maya k\u2019iche\u2019, lleva su identidad desde Guatemala hasta Utah, donde estudia un doctorado y trabaja con la Naci\u00f3n Navajo","keywords":[],"keyphrases":{"focus":{"keyphrase":"Joaqu\u00edn L\u00f3pez","score":63,"analysis":{"keyphraseInTitle":{"score":9,"maxScore":9,"error":0},"keyphraseInDescription":{"score":9,"maxScore":9,"error":0},"keyphraseLength":{"score":9,"maxScore":9,"error":0,"length":4},"keyphraseInURL":{"score":1,"maxScore":5,"error":1},"keyphraseInIntroduction":{"score":3,"maxScore":9,"error":1},"keyphraseInSubHeadings":{"score":3,"maxScore":9,"error":1},"keyphraseInImageAlt":{"score":9,"maxScore":9,"error":0},"keywordDensity":{"score":0,"type":"low","maxScore":9,"error":1}}},"additional":[]},"primary_term":null,"canonical_url":null,"og_title":null,"og_description":null,"og_object_type":"default","og_image_type":"default","og_image_url":null,"og_image_width":null,"og_image_height":null,"og_image_custom_url":null,"og_image_custom_fields":null,"og_video":"","og_custom_url":null,"og_article_section":null,"og_article_tags":[],"twitter_use_og":false,"twitter_card":"default","twitter_image_type":"default","twitter_image_url":null,"twitter_image_custom_url":null,"twitter_image_custom_fields":null,"twitter_title":null,"twitter_description":null,"schema":{"blockGraphs":[],"customGraphs":[],"default":{"data":{"Article":[],"Course":[],"Dataset":[],"FAQPage":[],"Movie":[],"Person":[],"Product":[],"ProductReview":[],"Car":[],"Recipe":[],"Service":[],"SoftwareApplication":[],"WebPage":[]},"graphName":"BlogPosting","isEnabled":true},"graphs":[]},"schema_type":"default","schema_type_options":null,"pillar_content":false,"robots_default":true,"robots_noindex":false,"robots_noarchive":false,"robots_nosnippet":false,"robots_nofollow":false,"robots_noimageindex":false,"robots_noodp":false,"robots_notranslate":false,"robots_max_snippet":"-1","robots_max_videopreview":"-1","robots_max_imagepreview":"large","priority":null,"frequency":"default","local_seo":null,"seo_analyzer_scan_date":"2026-04-16 16:13:29","breadcrumb_settings":null,"limit_modified_date":false,"reviewed_by":null,"open_ai":null,"ai":null,"created":"2023-08-18 14:19:59","updated":"2026-04-16 16:13:29"},"aioseo_breadcrumb":"<div class=\"aioseo-breadcrumbs\"><span class=\"aioseo-breadcrumb\">\n\t<a href=\"https:\/\/soymigrante.com\/revista\" title=\"Home\">Home<\/a>\n<\/span><span class=\"aioseo-breadcrumb-separator\">\u00bb<\/span><span class=\"aioseo-breadcrumb\">\n\t<a href=\"https:\/\/soymigrante.com\/revista\/category\/exitos\/\" title=\"\u00c9xitos\">\u00c9xitos<\/a>\n<\/span><span class=\"aioseo-breadcrumb-separator\">\u00bb<\/span><span class=\"aioseo-breadcrumb\">\n\tIdentidad maya viaja con arquitecto migrante Joaqu\u00edn L\u00f3pez\n<\/span><\/div>","aioseo_breadcrumb_json":[{"label":"Home","link":"https:\/\/soymigrante.com\/revista"},{"label":"\u00c9xitos","link":"https:\/\/soymigrante.com\/revista\/category\/exitos\/"},{"label":"Identidad maya viaja con arquitecto migrante Joaqu\u00edn L\u00f3pez","link":"https:\/\/soymigrante.com\/revista\/arquitecto-maya-joaquin-universidad-utah\/"}],"_links":{"self":[{"href":"https:\/\/soymigrante.com\/revista\/wp-json\/wp\/v2\/posts\/1845","targetHints":{"allow":["GET"]}}],"collection":[{"href":"https:\/\/soymigrante.com\/revista\/wp-json\/wp\/v2\/posts"}],"about":[{"href":"https:\/\/soymigrante.com\/revista\/wp-json\/wp\/v2\/types\/post"}],"author":[{"embeddable":true,"href":"https:\/\/soymigrante.com\/revista\/wp-json\/wp\/v2\/users\/7"}],"replies":[{"embeddable":true,"href":"https:\/\/soymigrante.com\/revista\/wp-json\/wp\/v2\/comments?post=1845"}],"version-history":[{"count":3,"href":"https:\/\/soymigrante.com\/revista\/wp-json\/wp\/v2\/posts\/1845\/revisions"}],"predecessor-version":[{"id":40575,"href":"https:\/\/soymigrante.com\/revista\/wp-json\/wp\/v2\/posts\/1845\/revisions\/40575"}],"wp:featuredmedia":[{"embeddable":true,"href":"https:\/\/soymigrante.com\/revista\/wp-json\/wp\/v2\/media\/1850"}],"wp:attachment":[{"href":"https:\/\/soymigrante.com\/revista\/wp-json\/wp\/v2\/media?parent=1845"}],"wp:term":[{"taxonomy":"category","embeddable":true,"href":"https:\/\/soymigrante.com\/revista\/wp-json\/wp\/v2\/categories?post=1845"},{"taxonomy":"post_tag","embeddable":true,"href":"https:\/\/soymigrante.com\/revista\/wp-json\/wp\/v2\/tags?post=1845"}],"curies":[{"name":"wp","href":"https:\/\/api.w.org\/{rel}","templated":true}]}}