{"id":18449,"date":"2024-12-27T13:07:51","date_gmt":"2024-12-27T19:07:51","guid":{"rendered":"https:\/\/soymigrante.com\/revista\/?p=18449"},"modified":"2024-12-27T13:13:49","modified_gmt":"2024-12-27T19:13:49","slug":"reflexiones-de-un-migrante-guatemalteco-con-el-frio-de-diciembre-y-el-recuerdo-de-su-tierra","status":"publish","type":"post","link":"https:\/\/soymigrante.com\/revista\/reflexiones-de-un-migrante-guatemalteco-con-el-frio-de-diciembre-y-el-recuerdo-de-su-tierra\/","title":{"rendered":"Reflexiones de un migrante guatemalteco con el fr\u00edo de diciembre y el recuerdo de su tierra"},"content":{"rendered":"\t\t<div data-elementor-type=\"wp-post\" data-elementor-id=\"18449\" class=\"elementor elementor-18449\" data-elementor-post-type=\"post\">\n\t\t\t\t<div data-particle_enable=\"false\" data-particle-mobile-disabled=\"false\" class=\"elementor-element elementor-element-db5ae22 e-flex e-con-boxed e-con e-parent\" data-id=\"db5ae22\" data-element_type=\"container\" data-e-type=\"container\">\n\t\t\t\t\t<div class=\"e-con-inner\">\n\t\t\t\t<div class=\"elementor-element elementor-element-edab08e elementor-widget elementor-widget-heading\" data-id=\"edab08e\" data-element_type=\"widget\" data-e-type=\"widget\" data-widget_type=\"heading.default\">\n\t\t\t\t\t<h2 class=\"elementor-heading-title elementor-size-default\"><span style=\"font-size: 31.2px\">Fr\u00edas noches y lindos luceros de diciembre; desde Canad\u00e1 el arquitecto guatemalteco Carlos Mart\u00ednez recuerda las monta\u00f1as, los azules, los vientos de su tierra y tambi\u00e9n el paso de la vida, con sus maravillas, sus esperanzas y sus atardeceres. Sus fotograf\u00edas acompa\u00f1an las ideas.<\/span><\/h2>\t\t\t\t<\/div>\n\t\t\t\t\t<\/div>\n\t\t\t\t<\/div>\n\t\t<div data-particle_enable=\"false\" data-particle-mobile-disabled=\"false\" class=\"elementor-element elementor-element-a4139bd e-flex e-con-boxed e-con e-parent\" data-id=\"a4139bd\" data-element_type=\"container\" data-e-type=\"container\">\n\t\t\t\t\t<div class=\"e-con-inner\">\n\t\t\t\t<div class=\"elementor-element elementor-element-4a0d34b elementor-widget elementor-widget-text-editor\" data-id=\"4a0d34b\" data-element_type=\"widget\" data-e-type=\"widget\" data-widget_type=\"text-editor.default\">\n\t\t\t\t\t\t\t\t\t<p><strong>Por <a href=\"https:\/\/soymigrante.com\/revista\/arquitectura-paisajista-florecio-con-carlos-martinez-en-el-frio-de-canada\/\">Carlos Mart\u00ednez<\/a>, arquitecto guatemalteco, especializado en paisaje, <br>radicado en Montreal, Canad\u00e1.&nbsp;<\/strong><\/p>\t\t\t\t\t\t\t\t<\/div>\n\t\t\t\t\t<\/div>\n\t\t\t\t<\/div>\n\t\t<div data-particle_enable=\"false\" data-particle-mobile-disabled=\"false\" class=\"elementor-element elementor-element-f12aa93 e-flex e-con-boxed e-con e-parent\" data-id=\"f12aa93\" data-element_type=\"container\" data-e-type=\"container\">\n\t\t\t\t\t<div class=\"e-con-inner\">\n\t\t\t\t<div class=\"elementor-element elementor-element-f14e72a elementor-widget elementor-widget-text-editor\" data-id=\"f14e72a\" data-element_type=\"widget\" data-e-type=\"widget\" data-widget_type=\"text-editor.default\">\n\t\t\t\t\t\t\t\t\t<p>A trav\u00e9s del tiempo, todos pretendemos convertirnos en mejores personas. Queremos amar y ser amados por quienes somos. Queremos sentirnos \u00fatiles. Antes lo subestim\u00e9 y a medida que te a\u00f1ejas, dir\u00eda que tambi\u00e9n queremos sentirnos validados.<\/p><p>En las g\u00e9lidas noches de Diciembre, en las afueras, en las altas tierras de dormidos <a href=\"https:\/\/soymigrante.com\/revista\/tres-hermanos-tres-guardianes-del-lago-los-volcanes-atitlan-toliman-y-san-pedro\/\">volcanes<\/a>, tiritando bajo un suave manto de granizados terciopelos de una inmensa nubosa arboleda con destellos esmeralda de perlas oscuras, un r\u00fastico m\u00edtico jade tallado de hermosas monta\u00f1as de lindos platinados luceros.<\/p>\t\t\t\t\t\t\t\t<\/div>\n\t\t\t\t\t<\/div>\n\t\t\t\t<\/div>\n\t\t<div data-particle_enable=\"false\" data-particle-mobile-disabled=\"false\" class=\"elementor-element elementor-element-515b539 e-flex e-con-boxed e-con e-parent\" data-id=\"515b539\" data-element_type=\"container\" data-e-type=\"container\">\n\t\t\t\t\t<div class=\"e-con-inner\">\n\t\t\t\t<div class=\"elementor-element elementor-element-400bc9d elementor-widget elementor-widget-image\" data-id=\"400bc9d\" data-element_type=\"widget\" data-e-type=\"widget\" data-widget_type=\"image.default\">\n\t\t\t\t\t\t\t\t\t\t\t\t<figure class=\"wp-caption\">\n\t\t\t\t\t\t\t\t\t\t<img fetchpriority=\"high\" decoding=\"async\" width=\"768\" height=\"576\" src=\"https:\/\/soymigrante.com\/revista\/wp-content\/uploads\/2024\/12\/fotografias-carlos-martinez-1.jpg\" class=\"attachment-large size-large wp-image-18455\" alt=\"Puerta de iglesia antigua en un pueblo mexicano con arquitectura colonial y paredes desgastadas, formando un escenario hist\u00f3rico y cultural.\" srcset=\"https:\/\/soymigrante.com\/revista\/wp-content\/uploads\/2024\/12\/fotografias-carlos-martinez-1.jpg 800w, https:\/\/soymigrante.com\/revista\/wp-content\/uploads\/2024\/12\/fotografias-carlos-martinez-1-300x225.jpg 300w, https:\/\/soymigrante.com\/revista\/wp-content\/uploads\/2024\/12\/fotografias-carlos-martinez-1-768x576.jpg 768w, https:\/\/soymigrante.com\/revista\/wp-content\/uploads\/2024\/12\/fotografias-carlos-martinez-1-750x563.jpg 750w\" sizes=\"(max-width: 768px) 100vw, 768px\" title=\"Inmortal refugio, lugar tranquilo donde los pensamientos divagan fluidos y descansan tu coraz\u00f3n. Calle de los Pasos, Antigua Guatemala. Fotograf\u00eda Carlos Mart\u00ednez \u2013 SoyMigrante.com REVISTA\" \/>\t\t\t\t\t\t\t\t\t\t\t<figcaption class=\"widget-image-caption wp-caption-text\">Iglesia colonial en un pueblo mexicano con arquitectura tradicional, fachada amarilla y detalles hist\u00f3ricos, transmitiendo una sensaci\u00f3n de historia y tradici\u00f3n.<\/figcaption>\n\t\t\t\t\t\t\t\t\t\t<\/figure>\n\t\t\t\t\t\t\t\t\t<\/div>\n\t\t\t\t\t<\/div>\n\t\t\t\t<\/div>\n\t\t<div data-particle_enable=\"false\" data-particle-mobile-disabled=\"false\" class=\"elementor-element elementor-element-bb5b88a e-flex e-con-boxed e-con e-parent\" data-id=\"bb5b88a\" data-element_type=\"container\" data-e-type=\"container\">\n\t\t\t\t\t<div class=\"e-con-inner\">\n\t\t\t\t<div class=\"elementor-element elementor-element-6fa2b5d elementor-widget elementor-widget-heading\" data-id=\"6fa2b5d\" data-element_type=\"widget\" data-e-type=\"widget\" data-widget_type=\"heading.default\">\n\t\t\t\t\t<h2 class=\"elementor-heading-title elementor-size-default\">Improvisada en su humilde altar....<\/h2>\t\t\t\t<\/div>\n\t\t\t\t\t<\/div>\n\t\t\t\t<\/div>\n\t\t<div data-particle_enable=\"false\" data-particle-mobile-disabled=\"false\" class=\"elementor-element elementor-element-7375e4e e-flex e-con-boxed e-con e-parent\" data-id=\"7375e4e\" data-element_type=\"container\" data-e-type=\"container\">\n\t\t\t\t\t<div class=\"e-con-inner\">\n\t\t\t\t<div class=\"elementor-element elementor-element-68dc785 elementor-widget elementor-widget-text-editor\" data-id=\"68dc785\" data-element_type=\"widget\" data-e-type=\"widget\" data-widget_type=\"text-editor.default\">\n\t\t\t\t\t\t\t\t\t<p><span style=\"color: var( --e-global-color-text ); text-align: var(--text-align);\">Improvisada de un humilde altar, una estrecha antigua capilla mal alumbrada descansa, as\u00ed que no nos distraer\u00edamos por visitarla, por tanto, no olvides que all\u00ed siempre es posible de encontrar guarida a tu conciencia, inmortal refugio, lugar tranquilo donde los pensamientos divagan fluidos y descansa tu coraz\u00f3n, una fogata de alegr\u00eda en un mundo que necesitaria una lumbre.<\/span><\/p><p>Nuestros ojos ya no ven lo que est\u00e1n acostumbrados a ver. Arriba, ven una p\u00e1gina con palabras, pero no son estas a las que nuestra conciencia env\u00edan su ingenio. Debajo, ya no son m\u00e1s que una sucesi\u00f3n de letras, todo este lenguaje cobra vida, son cu\u00e1n un legado de poemas que se tornan en im\u00e1genes. No como las del cine sino como las de nuestros<a href=\"https:\/\/soymigrante.com\/revista\/el-sueno-de-la-familia-solis-tiene-madera-futbol-y-fe-en-dios\/\"> sue\u00f1os.\u00a0<\/a><\/p>\t\t\t\t\t\t\t\t<\/div>\n\t\t\t\t\t<\/div>\n\t\t\t\t<\/div>\n\t\t<div data-particle_enable=\"false\" data-particle-mobile-disabled=\"false\" class=\"elementor-element elementor-element-a15455e e-flex e-con-boxed e-con e-parent\" data-id=\"a15455e\" data-element_type=\"container\" data-e-type=\"container\">\n\t\t\t\t\t<div class=\"e-con-inner\">\n\t\t\t\t<div class=\"elementor-element elementor-element-83c9576 elementor-widget elementor-widget-image\" data-id=\"83c9576\" data-element_type=\"widget\" data-e-type=\"widget\" data-widget_type=\"image.default\">\n\t\t\t\t\t\t\t\t\t\t\t\t<figure class=\"wp-caption\">\n\t\t\t\t\t\t\t\t\t\t<img decoding=\"async\" width=\"768\" height=\"576\" src=\"https:\/\/soymigrante.com\/revista\/wp-content\/uploads\/2024\/12\/fotografias-carlos-martinez-3.webp\" class=\"attachment-large size-large wp-image-18456\" alt=\"LAVEVULC\u00c1N ERUPCI\u00d3N NOCHE, actividad volc\u00e1nica activa en un volc\u00e1n en erupci\u00f3n con lava y humo, paisaje natural, fotograf\u00eda dram\u00e1tica y peligrosa.\" srcset=\"https:\/\/soymigrante.com\/revista\/wp-content\/uploads\/2024\/12\/fotografias-carlos-martinez-3.webp 1024w, https:\/\/soymigrante.com\/revista\/wp-content\/uploads\/2024\/12\/fotografias-carlos-martinez-3-300x225.webp 300w, https:\/\/soymigrante.com\/revista\/wp-content\/uploads\/2024\/12\/fotografias-carlos-martinez-3-768x576.webp 768w, https:\/\/soymigrante.com\/revista\/wp-content\/uploads\/2024\/12\/fotografias-carlos-martinez-3-750x563.webp 750w\" sizes=\"(max-width: 768px) 100vw, 768px\" title=\"Espectacularmente en la oscuridad todo era gris, s\u00f3lo aparec\u00eda su afluente de roja lava y se extend\u00eda un suave elenco rosa se prolongaba coloreando el horizonte del paisaje, Volc\u00e1n de Fuego, Guatemala. C.A Fotograf\u00eda Carlos Mart\u00ednez \u2013 SoyMigrante.com REVISTA\" \/>\t\t\t\t\t\t\t\t\t\t\t<figcaption class=\"widget-image-caption wp-caption-text\">Vista nocturna de un volc\u00e1n en plena erupci\u00f3n, con lava incandescente y columnas de humo en el cielo oscuro, representando la fuerza de la naturaleza y la actividad volc\u00e1nica en Am\u00e9rica Central o M\u00e9xico.<\/figcaption>\n\t\t\t\t\t\t\t\t\t\t<\/figure>\n\t\t\t\t\t\t\t\t\t<\/div>\n\t\t\t\t\t<\/div>\n\t\t\t\t<\/div>\n\t\t<div data-particle_enable=\"false\" data-particle-mobile-disabled=\"false\" class=\"elementor-element elementor-element-c0c4f35 e-flex e-con-boxed e-con e-parent\" data-id=\"c0c4f35\" data-element_type=\"container\" data-e-type=\"container\">\n\t\t\t\t\t<div class=\"e-con-inner\">\n\t\t\t\t<div class=\"elementor-element elementor-element-b1e628e elementor-widget elementor-widget-heading\" data-id=\"b1e628e\" data-element_type=\"widget\" data-e-type=\"widget\" data-widget_type=\"heading.default\">\n\t\t\t\t\t<h2 class=\"elementor-heading-title elementor-size-default\">A trav\u00e9s del tiempo...<\/h2>\t\t\t\t<\/div>\n\t\t\t\t\t<\/div>\n\t\t\t\t<\/div>\n\t\t<div data-particle_enable=\"false\" data-particle-mobile-disabled=\"false\" class=\"elementor-element elementor-element-148ece9 e-flex e-con-boxed e-con e-parent\" data-id=\"148ece9\" data-element_type=\"container\" data-e-type=\"container\">\n\t\t\t\t\t<div class=\"e-con-inner\">\n\t\t\t\t<div class=\"elementor-element elementor-element-8f98d7a elementor-widget elementor-widget-text-editor\" data-id=\"8f98d7a\" data-element_type=\"widget\" data-e-type=\"widget\" data-widget_type=\"text-editor.default\">\n\t\t\t\t\t\t\t\t\t<p><span style=\"color: var( --e-global-color-text ); text-align: var(--text-align);\">Por la noche se lee un libro como se fantasea. Al ver pasar las im\u00e1genes, son m\u00e1s que la escena, son la vida. Que se impregnan en nosotros, como se fecundan nuestros a\u00f1oranzas y recuerdos.<\/span><\/p><p><span style=\"color: var( --e-global-color-text ); text-align: var(--text-align);\">A trav\u00e9s del tiempo, todos pretendemos convertirnos en <a href=\"https:\/\/soymigrante.com\/revista\/tu-puedes-trazate-mejores-habitos-para-triunfar-en-2025-experto-brinda-claves-concretas\/\">mejores personas.<\/a> Queremos amar y ser amados por quienes somos. Queremos sentirnos \u00fatiles. Antes lo subestim\u00e9 y a medida que te a\u00f1ejas, dir\u00eda que tambi\u00e9n queremos sentirnos validados.<\/span><\/p><p><span style=\"color: var( --e-global-color-text ); text-align: var(--text-align);\">Antes del amanecer, el otro d\u00eda, en la oscuridad todo era gris, se extend\u00eda un suave elenco rosa, s\u00f3lo el \u00e1mbar empolvado coloreaba el horizonte del paisaje, aparec\u00eda espectacularmente su afluente de roja lava y destacaban ante el cielo antracitas ramas de \u00e1rboles que ard\u00edan como una dorada flama.<\/span><\/p>\t\t\t\t\t\t\t\t<\/div>\n\t\t\t\t\t<\/div>\n\t\t\t\t<\/div>\n\t\t<div data-particle_enable=\"false\" data-particle-mobile-disabled=\"false\" class=\"elementor-element elementor-element-c639edf e-flex e-con-boxed e-con e-parent\" data-id=\"c639edf\" data-element_type=\"container\" data-e-type=\"container\">\n\t\t\t\t\t<div class=\"e-con-inner\">\n\t\t\t\t<div class=\"elementor-element elementor-element-e2de683 elementor-widget elementor-widget-image\" data-id=\"e2de683\" data-element_type=\"widget\" data-e-type=\"widget\" data-widget_type=\"image.default\">\n\t\t\t\t\t\t\t\t\t\t\t\t<figure class=\"wp-caption\">\n\t\t\t\t\t\t\t\t\t\t<img decoding=\"async\" width=\"768\" height=\"536\" src=\"https:\/\/soymigrante.com\/revista\/wp-content\/uploads\/2024\/12\/Un-suave-elenco-rosa-un-ambar-empolvado-que-coloreaba-el-horizonte-y-el-Volcan-de-Agua-Guatemala-CA-Fotografia-Carlma-24-\u00a9-1024x715.jpg\" class=\"attachment-large size-large wp-image-18457\" alt=\"Un suave elenco rosa, un \u00e1mbar empolvado que coloreaba el horizonte y el Volc\u00e1n de Agua, Guatemala. C.A Fotograf\u00eda Carlma 24 \u00a9\" srcset=\"https:\/\/soymigrante.com\/revista\/wp-content\/uploads\/2024\/12\/Un-suave-elenco-rosa-un-ambar-empolvado-que-coloreaba-el-horizonte-y-el-Volcan-de-Agua-Guatemala-CA-Fotografia-Carlma-24-\u00a9-1024x715.jpg 1024w, https:\/\/soymigrante.com\/revista\/wp-content\/uploads\/2024\/12\/Un-suave-elenco-rosa-un-ambar-empolvado-que-coloreaba-el-horizonte-y-el-Volcan-de-Agua-Guatemala-CA-Fotografia-Carlma-24-\u00a9-300x210.jpg 300w, https:\/\/soymigrante.com\/revista\/wp-content\/uploads\/2024\/12\/Un-suave-elenco-rosa-un-ambar-empolvado-que-coloreaba-el-horizonte-y-el-Volcan-de-Agua-Guatemala-CA-Fotografia-Carlma-24-\u00a9-768x536.jpg 768w, https:\/\/soymigrante.com\/revista\/wp-content\/uploads\/2024\/12\/Un-suave-elenco-rosa-un-ambar-empolvado-que-coloreaba-el-horizonte-y-el-Volcan-de-Agua-Guatemala-CA-Fotografia-Carlma-24-\u00a9-1536x1073.jpg 1536w, https:\/\/soymigrante.com\/revista\/wp-content\/uploads\/2024\/12\/Un-suave-elenco-rosa-un-ambar-empolvado-que-coloreaba-el-horizonte-y-el-Volcan-de-Agua-Guatemala-CA-Fotografia-Carlma-24-\u00a9-750x524.webp 750w, https:\/\/soymigrante.com\/revista\/wp-content\/uploads\/2024\/12\/Un-suave-elenco-rosa-un-ambar-empolvado-que-coloreaba-el-horizonte-y-el-Volcan-de-Agua-Guatemala-CA-Fotografia-Carlma-24-\u00a9-1140x796.webp 1140w, https:\/\/soymigrante.com\/revista\/wp-content\/uploads\/2024\/12\/Un-suave-elenco-rosa-un-ambar-empolvado-que-coloreaba-el-horizonte-y-el-Volcan-de-Agua-Guatemala-CA-Fotografia-Carlma-24-\u00a9.webp 1920w\" sizes=\"(max-width: 768px) 100vw, 768px\" title=\"Un suave elenco rosa, un \u00e1mbar empolvado que coloreaba el horizonte y el Volc\u00e1n de Agua, Guatemala. C.A Fotograf\u00eda Carlma 24 \u00a9 \u2013 SoyMigrante.com REVISTA\" \/>\t\t\t\t\t\t\t\t\t\t\t<figcaption class=\"widget-image-caption wp-caption-text\">Un suave elenco rosa, un \u00e1mbar empolvado que coloreaba el horizonte y el Volc\u00e1n de Agua, Guatemala. C.A Fotograf\u00eda Carlos Mart\u00ednez.\n\n<\/figcaption>\n\t\t\t\t\t\t\t\t\t\t<\/figure>\n\t\t\t\t\t\t\t\t\t<\/div>\n\t\t\t\t\t<\/div>\n\t\t\t\t<\/div>\n\t\t<div data-particle_enable=\"false\" data-particle-mobile-disabled=\"false\" class=\"elementor-element elementor-element-a715631 e-flex e-con-boxed e-con e-parent\" data-id=\"a715631\" data-element_type=\"container\" data-e-type=\"container\">\n\t\t\t\t\t<div class=\"e-con-inner\">\n\t\t\t\t<div class=\"elementor-element elementor-element-e4ec96f elementor-widget elementor-widget-heading\" data-id=\"e4ec96f\" data-element_type=\"widget\" data-e-type=\"widget\" data-widget_type=\"heading.default\">\n\t\t\t\t\t<h2 class=\"elementor-heading-title elementor-size-default\">Sigo esta b\u00fasqueda...<\/h2>\t\t\t\t<\/div>\n\t\t\t\t\t<\/div>\n\t\t\t\t<\/div>\n\t\t<div data-particle_enable=\"false\" data-particle-mobile-disabled=\"false\" class=\"elementor-element elementor-element-3d24d1f e-flex e-con-boxed e-con e-parent\" data-id=\"3d24d1f\" data-element_type=\"container\" data-e-type=\"container\">\n\t\t\t\t\t<div class=\"e-con-inner\">\n\t\t\t\t<div class=\"elementor-element elementor-element-8a4fa56 elementor-widget elementor-widget-text-editor\" data-id=\"8a4fa56\" data-element_type=\"widget\" data-e-type=\"widget\" data-widget_type=\"text-editor.default\">\n\t\t\t\t\t\t\t\t\t<p><span style=\"color: var( --e-global-color-text ); text-align: var(--text-align);\">La humanidad tristemente, siempre esta atrapada en el estereotipo de tener que perder cosas para darse cuenta de que eran preciosas\u2026 Aprend\u00ed que no s\u00f3lo lloramos a los muertos. No s\u00f3lo lamentamos a los seres queridos que han dejado este mundo. Tambi\u00e9n podemos sollozar por no haber subido a bordo en el tren, las esperanzas evaporadas y los sue\u00f1os ca\u00eddos.<\/span><\/p><p><span style=\"color: var( --e-global-color-text ); text-align: var(--text-align);\">Escribo regularmente al amor, a la empat\u00eda, al perd\u00f3n y a la resiliencia y se ha agregado el desaf\u00edo de los temas que busco comprender mejor. Sigo esta b\u00fasqueda, profundizando <a href=\"https:\/\/soymigrante.com\/revista\/aun-no-sabes-que-regalar-siete-libros-guatemaltecos-repletos-de-inspiracion\/\">lecturas<\/a> y ensayos, tratando de dialogar con personas que saben m\u00e1s que mi persona y me interpela mucho m\u00e1s Facundo Cabral.<\/span><\/p>\t\t\t\t\t\t\t\t<\/div>\n\t\t\t\t\t<\/div>\n\t\t\t\t<\/div>\n\t\t<div data-particle_enable=\"false\" data-particle-mobile-disabled=\"false\" class=\"elementor-element elementor-element-d3ff7ae e-flex e-con-boxed e-con e-parent\" data-id=\"d3ff7ae\" data-element_type=\"container\" data-e-type=\"container\">\n\t\t\t\t\t<div class=\"e-con-inner\">\n\t\t\t\t<div class=\"elementor-element elementor-element-733989c elementor-widget elementor-widget-heading\" data-id=\"733989c\" data-element_type=\"widget\" data-e-type=\"widget\" data-widget_type=\"heading.default\">\n\t\t\t\t\t<h4 class=\"elementor-heading-title elementor-size-default\">Conoce m\u00e1s sobre la historia del autor<\/h4>\t\t\t\t<\/div>\n\t\t\t\t\t<\/div>\n\t\t\t\t<\/div>\n\t\t<div data-particle_enable=\"false\" data-particle-mobile-disabled=\"false\" class=\"elementor-element elementor-element-8a2ad23 e-flex e-con-boxed e-con e-parent\" data-id=\"8a2ad23\" data-element_type=\"container\" data-e-type=\"container\">\n\t\t\t\t\t<div class=\"e-con-inner\">\n\t\t\t\t<div class=\"elementor-element elementor-element-925e282 elementor-grid-eael-col-1 elementor-grid-tablet-eael-col-2 elementor-grid-mobile-eael-col-1 elementor-widget elementor-widget-eael-post-grid\" data-id=\"925e282\" data-element_type=\"widget\" data-e-type=\"widget\" data-settings=\"{&quot;eael_post_grid_columns&quot;:&quot;eael-col-1&quot;,&quot;eael_post_grid_columns_tablet&quot;:&quot;eael-col-2&quot;,&quot;eael_post_grid_columns_mobile&quot;:&quot;eael-col-1&quot;}\" data-widget_type=\"eael-post-grid.default\">\n\t\t\t\t\t<div id=\"eael-post-grid-925e282\" class=\"eael-post-grid-container\">\n            <div class=\"eael-post-grid eael-post-appender eael-post-appender-925e282 eael-post-grid-style-two\" data-layout-mode=\"masonry\"><article class=\"eael-grid-post  eael-post-grid-column eael-pg-post-5857 category-exitos\" data-id=\"5857\">\n    <div class=\"eael-grid-post-holder\">\n        <div class=\"eael-grid-post-holder-inner\"><div class=\"eael-entry-media\"><div class=\"eael-entry-overlay fade-in\"><i class=\"far fa-hand-pointer\" aria-hidden=\"true\"><\/i><a href=\"https:\/\/soymigrante.com\/revista\/arquitectura-paisajista-florecio-con-carlos-martinez-en-el-frio-de-canada\/\"><\/a><\/div><div class=\"eael-entry-thumbnail eael-image-ratio\">\n                            <img loading=\"lazy\" decoding=\"async\" width=\"1024\" height=\"830\" src=\"https:\/\/soymigrante.com\/revista\/wp-content\/uploads\/2024\/04\/IMG_4969-1024x830.webp\" class=\"attachment-large size-large wp-image-5858\" alt=\"Hombre sonriendo en un entorno verde y tropical, con plantas y palmeras, ilustrando el contenido de la revista SoyMigrante.com REVISTA, que promueve historias y noticias sobre migraci\u00f3n, integraci\u00f3n y derechos en Am\u00e9rica Latina y el mundo.\" srcset=\"https:\/\/soymigrante.com\/revista\/wp-content\/uploads\/2024\/04\/IMG_4969-1024x830.webp 1024w, https:\/\/soymigrante.com\/revista\/wp-content\/uploads\/2024\/04\/IMG_4969-300x243.webp 300w, https:\/\/soymigrante.com\/revista\/wp-content\/uploads\/2024\/04\/IMG_4969-768x622.webp 768w, https:\/\/soymigrante.com\/revista\/wp-content\/uploads\/2024\/04\/IMG_4969-750x608.webp 750w, https:\/\/soymigrante.com\/revista\/wp-content\/uploads\/2024\/04\/IMG_4969-1140x924.webp 1140w, https:\/\/soymigrante.com\/revista\/wp-content\/uploads\/2024\/04\/IMG_4969.webp 1522w\" sizes=\"(max-width: 1024px) 100vw, 1024px\" \/>\n                            <\/div>\n                    <\/div><div class=\"eael-entry-wrapper\"><header class=\"eael-entry-header\"><h2 class=\"eael-entry-title\"><a class=\"eael-grid-post-link\" href=\"https:\/\/soymigrante.com\/revista\/arquitectura-paisajista-florecio-con-carlos-martinez-en-el-frio-de-canada\/\" title=\"Arquitectura paisajista floreci\u00f3 con Carlos Mart\u00ednez en el fr\u00edo de Canad\u00e1\">Arquitectura paisajista floreci\u00f3 con Carlos Mart\u00ednez en el fr\u00edo de Canad\u00e1<\/a><\/h2><\/header><div class=\"eael-entry-content\">\n                                <div class=\"eael-grid-post-excerpt\"><a href=\"https:\/\/soymigrante.com\/revista\/arquitectura-paisajista-florecio-con-carlos-martinez-en-el-frio-de-canada\/\" class=\"eael-post-elements-readmore-btn\">CONOCE SU HISTORIA <\/a><\/div>\n                            <\/div><\/div><\/div>\n    <\/div>\n<\/article><\/div>\n            <div class=\"clearfix\"><\/div>\n        <\/div>\t\t\t\t<\/div>\n\t\t\t\t\t<\/div>\n\t\t\t\t<\/div>\n\t\t<div data-particle_enable=\"false\" data-particle-mobile-disabled=\"false\" class=\"elementor-element elementor-element-58c711a e-flex e-con-boxed e-con e-parent\" data-id=\"58c711a\" data-element_type=\"container\" data-e-type=\"container\">\n\t\t\t\t\t<div class=\"e-con-inner\">\n\t\t\t\t<div class=\"elementor-element elementor-element-63a46dd elementor-widget elementor-widget-text-editor\" data-id=\"63a46dd\" data-element_type=\"widget\" data-e-type=\"widget\" data-widget_type=\"text-editor.default\">\n\t\t\t\t\t\t\t\t\t<p><span style=\"color: var( --e-global-color-text ); text-align: var(--text-align);\">Por la ventana, un fragante aroma de forestas hacia el oeste, flotaban nubes en el alba con el reflejo del d\u00eda naciente. Ninguna extravagancia, nada llamativo, s\u00f3lo la modesta oraci\u00f3n de Diciembre, vivimos en una extra\u00f1a \u00e9poca, ante la oscuridad que nos suplica y rememora que cerrando la mirada y agachando la cabeza, perdernos de vista para d\u00f3nde vamos, empezando por la f\u00e9 en la vida.<\/span><\/p><p>Como quien se da un deber de compa\u00f1erismo y conciencia de justicia social y paz, en el brillo de las luces navide\u00f1as, sin pretender de renunciar al coraz\u00f3n, que el buen viento vaya, entonces que las estrellas se transformen en faro para el camino.\u2026<\/p><p><a href=\"https:\/\/carlosrmartinez.wordpress.com\/2024\/12\/\">Si quieres conocer m\u00e1s textos y fotograf\u00edas del arquitecto guatemalteco Carlos Mart\u00ednez, puedes visitar su blog.<\/a><\/p>\t\t\t\t\t\t\t\t<\/div>\n\t\t\t\t\t<\/div>\n\t\t\t\t<\/div>\n\t\t<div data-particle_enable=\"false\" data-particle-mobile-disabled=\"false\" class=\"elementor-element elementor-element-8583c55 e-flex e-con-boxed e-con e-parent\" data-id=\"8583c55\" data-element_type=\"container\" data-e-type=\"container\">\n\t\t\t\t\t<div class=\"e-con-inner\">\n\t\t\t\t<div class=\"elementor-element elementor-element-8b66efa elementor-widget elementor-widget-image\" data-id=\"8b66efa\" data-element_type=\"widget\" data-e-type=\"widget\" data-widget_type=\"image.default\">\n\t\t\t\t\t\t\t\t\t\t\t\t<figure class=\"wp-caption\">\n\t\t\t\t\t\t\t\t\t\t\t<a href=\"https:\/\/www.prensalibre.com\/\">\n\t\t\t\t\t\t\t<img loading=\"lazy\" decoding=\"async\" width=\"692\" height=\"1024\" src=\"https:\/\/soymigrante.com\/revista\/wp-content\/uploads\/2024\/12\/arbolito-692x1024.webp\" class=\"attachment-large size-large wp-image-18458\" alt=\"Anciano \u00e1rbol en bosque de pinos con niebla, naturaleza selv\u00e1tica, paisaje forestal, ecosistema natural, flora silvestre, ambiente h\u00famedo, biodiversidad, entorno sereno y misterioso, bosque en invierno, vegetaci\u00f3n frondosa.\" srcset=\"https:\/\/soymigrante.com\/revista\/wp-content\/uploads\/2024\/12\/arbolito-692x1024.webp 692w, https:\/\/soymigrante.com\/revista\/wp-content\/uploads\/2024\/12\/arbolito-203x300.webp 203w, https:\/\/soymigrante.com\/revista\/wp-content\/uploads\/2024\/12\/arbolito-750x1110.webp 750w, https:\/\/soymigrante.com\/revista\/wp-content\/uploads\/2024\/12\/arbolito.webp 768w\" sizes=\"(max-width: 692px) 100vw, 692px\" title=\"En las fr\u00edas noches de Diciembre una arboleda titiritando sobre las inmensas veredas nubosas del volc\u00e1n Tajumulco, Guatemala. C.A Fotograf\u00eda  Carlos Mart\u00ednez \u2013 SoyMigrante.com REVISTA\" \/>\t\t\t\t\t\t\t\t<\/a>\n\t\t\t\t\t\t\t\t\t\t\t<figcaption class=\"widget-image-caption wp-caption-text\">Im\u00e1genes de un bosque denso con un \u00e1rbol viejo y retorcido en medio de la niebla, transmitiendo la belleza y el misterio de la naturaleza en su estado m\u00e1s salvaje.<\/figcaption>\n\t\t\t\t\t\t\t\t\t\t<\/figure>\n\t\t\t\t\t\t\t\t\t<\/div>\n\t\t\t\t\t<\/div>\n\t\t\t\t<\/div>\n\t\t<div data-particle_enable=\"false\" data-particle-mobile-disabled=\"false\" class=\"elementor-element elementor-element-4c50e95 e-flex e-con-boxed e-con e-parent\" data-id=\"4c50e95\" data-element_type=\"container\" data-e-type=\"container\">\n\t\t\t\t\t<div class=\"e-con-inner\">\n\t\t\t\t<div class=\"elementor-element elementor-element-a17ca6a elementor-widget elementor-widget-heading\" data-id=\"a17ca6a\" data-element_type=\"widget\" data-e-type=\"widget\" data-widget_type=\"heading.default\">\n\t\t\t\t\t<h2 class=\"elementor-heading-title elementor-size-default\">Pensamientos desde el alma migrante<\/h2>\t\t\t\t<\/div>\n\t\t\t\t\t<\/div>\n\t\t\t\t<\/div>\n\t\t<div data-particle_enable=\"false\" data-particle-mobile-disabled=\"false\" class=\"elementor-element elementor-element-8d534bf e-flex e-con-boxed e-con e-parent\" data-id=\"8d534bf\" data-element_type=\"container\" data-e-type=\"container\">\n\t\t\t\t\t<div class=\"e-con-inner\">\n\t\t\t\t<div class=\"elementor-element elementor-element-1c86d12 elementor-widget elementor-widget-blfe-post-grid\" data-id=\"1c86d12\" data-element_type=\"widget\" data-e-type=\"widget\" data-settings=\"{&quot;columns&quot;:&quot;3&quot;,&quot;columns_tablet&quot;:&quot;6&quot;,&quot;columns_mobile&quot;:&quot;12&quot;,&quot;hero1_layout_column_gap&quot;:{&quot;unit&quot;:&quot;px&quot;,&quot;size&quot;:30,&quot;sizes&quot;:[]},&quot;hero1_layout_column_gap_tablet&quot;:{&quot;unit&quot;:&quot;px&quot;,&quot;size&quot;:&quot;&quot;,&quot;sizes&quot;:[]},&quot;hero1_layout_column_gap_mobile&quot;:{&quot;unit&quot;:&quot;px&quot;,&quot;size&quot;:&quot;&quot;,&quot;sizes&quot;:[]},&quot;hero1_layout_row_gap&quot;:{&quot;unit&quot;:&quot;px&quot;,&quot;size&quot;:30,&quot;sizes&quot;:[]},&quot;hero1_layout_row_gap_tablet&quot;:{&quot;unit&quot;:&quot;px&quot;,&quot;size&quot;:&quot;&quot;,&quot;sizes&quot;:[]},&quot;hero1_layout_row_gap_mobile&quot;:{&quot;unit&quot;:&quot;px&quot;,&quot;size&quot;:&quot;&quot;,&quot;sizes&quot;:[]}}\" data-widget_type=\"blfe-post-grid.hero1\">\n\t\t\t\t<div class=\"elementor-widget-container\">\n\t\t\t\t\t\n                        <div class=\"blfe-post-grid-container \">\n            \n                <div data-skin=\"hero1\" class=\"blfe-row blfe-posts-inner blfe-hero1 blfe-posts-inner blfe-col-3 blfe-col-tab-6 blfe-col-mob-12     \">\n                            <div class=\"blfe-post-grid-item\">\n            <div class=\"blfe-post-grid-item-inner blfe-modern-zoom\">\n                        <div class=\"blfe-post-grid-bg-image\">\n            <a class=\"blfe-post-grid-image-inner\" href=\"https:\/\/soymigrante.com\/revista\/hay-vida-despues-de-un-trasplante-pero-no-es-facil\/\" title=\"Testimonio: hay vida despu\u00e9s de un trasplante de h\u00edgado&#8230; pero no es f\u00e1cil\" rel=\"nofollow\" target=\"_blank\"><img decoding=\"async\" src=\"https:\/\/soymigrante.com\/revista\/wp-content\/uploads\/2023\/03\/trasplante-4-1.webp\" alt=\"Testimonio: hay vida despu\u00e9s de un trasplante de h\u00edgado&#8230; pero no es f\u00e1cil\"\/><\/a>        <\/div>\n                        <div class=\"blfe-post-grid-details\">\n                    <div class=\"blfe-post-grid-details-inner\">\n                        <span class=\"blfe-post-category\"><a href=\"https:\/\/soymigrante.com\/revista\/category\/estamos-unidos\/lugar-de-voces\/\">Lugar de Voces<\/a><\/span>                        <h3 class=\"blfe-post-grid-title\">\n            <a href=\"https:\/\/soymigrante.com\/revista\/hay-vida-despues-de-un-trasplante-pero-no-es-facil\/\" title=\"Testimonio: hay vida despu\u00e9s de un trasplante de h\u00edgado&#8230; pero no es f\u00e1cil\" rel=\"nofollow\" target=\"_blank\">Testimonio: hay vida despu\u00e9s de un trasplante de h\u00edgado&#8230; pero no es f\u00e1cil<\/a>\n            <\/h3>                                                            <div class=\"blfe-post-grid-meta\">\n                <span class=\"blfe-post-grid-time\"><i class=\"fas fa-book-reader\"><\/i>6 Min read<\/span>            <\/div>\n                                                        <\/div>\n                <\/div>\n\n            <\/div>\n        <\/div>\n                <div class=\"blfe-post-grid-item\">\n            <div class=\"blfe-post-grid-item-inner blfe-modern-zoom\">\n                        <div class=\"blfe-post-grid-bg-image\">\n            <a class=\"blfe-post-grid-image-inner\" href=\"https:\/\/soymigrante.com\/revista\/el-migrante-llego-al-limite-de-la-desesperacion-y-tuvo-que-irse\/\" title=\"El migrante lleg\u00f3 al l\u00edmite de la desesperaci\u00f3n y tuvo que irse\" rel=\"nofollow\" target=\"_blank\"><img decoding=\"async\" src=\"https:\/\/soymigrante.com\/revista\/wp-content\/uploads\/2023\/04\/migracion5.webp\" alt=\"El migrante lleg\u00f3 al l\u00edmite de la desesperaci\u00f3n y tuvo que irse\"\/><\/a>        <\/div>\n                        <div class=\"blfe-post-grid-details\">\n                    <div class=\"blfe-post-grid-details-inner\">\n                        <span class=\"blfe-post-category\"><a href=\"https:\/\/soymigrante.com\/revista\/category\/estamos-unidos\/lugar-de-voces\/\">Lugar de Voces<\/a><\/span>                        <h3 class=\"blfe-post-grid-title\">\n            <a href=\"https:\/\/soymigrante.com\/revista\/el-migrante-llego-al-limite-de-la-desesperacion-y-tuvo-que-irse\/\" title=\"El migrante lleg\u00f3 al l\u00edmite de la desesperaci\u00f3n y tuvo que irse\" rel=\"nofollow\" target=\"_blank\">El migrante lleg\u00f3 al l\u00edmite de la desesperaci\u00f3n y tuvo que irse<\/a>\n            <\/h3>                                                            <div class=\"blfe-post-grid-meta\">\n                <span class=\"blfe-post-grid-time\"><i class=\"fas fa-book-reader\"><\/i>10 Min read<\/span>            <\/div>\n                                                        <\/div>\n                <\/div>\n\n            <\/div>\n        <\/div>\n                <div class=\"blfe-post-grid-item\">\n            <div class=\"blfe-post-grid-item-inner blfe-modern-zoom\">\n                        <div class=\"blfe-post-grid-bg-image\">\n            <a class=\"blfe-post-grid-image-inner\" href=\"https:\/\/soymigrante.com\/revista\/un-dia-me-di-ccuenta-que-eramos-migrantes\/\" title=\"Un d\u00eda me d\u00ed cuenta que \u00e9ramos migrantes\" rel=\"nofollow\" target=\"_blank\"><img decoding=\"async\" src=\"https:\/\/soymigrante.com\/revista\/wp-content\/uploads\/2023\/02\/ROSTRO-PINTANDOSE-PINTURA-DE-ARMANDO-SEB.webp\" alt=\"Un d\u00eda me d\u00ed cuenta que \u00e9ramos migrantes\"\/><\/a>        <\/div>\n                        <div class=\"blfe-post-grid-details\">\n                    <div class=\"blfe-post-grid-details-inner\">\n                        <span class=\"blfe-post-category\"><a href=\"https:\/\/soymigrante.com\/revista\/category\/estamos-unidos\/lugar-de-voces\/\">Lugar de Voces<\/a><\/span>                        <h3 class=\"blfe-post-grid-title\">\n            <a href=\"https:\/\/soymigrante.com\/revista\/un-dia-me-di-ccuenta-que-eramos-migrantes\/\" title=\"Un d\u00eda me d\u00ed cuenta que \u00e9ramos migrantes\" rel=\"nofollow\" target=\"_blank\">Un d\u00eda me d\u00ed cuenta que \u00e9ramos migrantes<\/a>\n            <\/h3>                                                            <div class=\"blfe-post-grid-meta\">\n                <span class=\"blfe-post-grid-time\"><i class=\"fas fa-book-reader\"><\/i>2 Min read<\/span>            <\/div>\n                                                        <\/div>\n                <\/div>\n\n            <\/div>\n        <\/div>\n                        <\/div>\n\n                        <\/div>\n            \n                        <div class=\"blfe-post-footer\">\n                        <\/div>\n            \t\t\t\t<\/div>\n\t\t\t\t<\/div>\n\t\t\t\t\t<\/div>\n\t\t\t\t<\/div>\n\t\t\t\t<\/div>\n\t\t","protected":false},"excerpt":{"rendered":"<p>Fr\u00edas noches y lindos luceros de diciembre; desde Canad\u00e1 el arquitecto guatemalteco Carlos Mart\u00ednez recuerda las monta\u00f1as, los azules, los vientos de su tierra y tambi\u00e9n el paso de la vida, con sus maravillas, sus esperanzas y sus atardeceres. Sus fotograf\u00edas acompa\u00f1an las ideas. Por Carlos Mart\u00ednez, arquitecto guatemalteco, especializado en paisaje, radicado en Montreal, [&hellip;]<\/p>\n","protected":false},"author":1,"featured_media":18450,"comment_status":"open","ping_status":"open","sticky":false,"template":"","format":"standard","meta":{"_acf_changed":false,"_eb_attr":"","footnotes":""},"categories":[56],"tags":[],"class_list":["post-18449","post","type-post","status-publish","format-standard","has-post-thumbnail","hentry","category-lugar-de-voces"],"acf":[],"aioseo_notices":[],"aioseo_head":"\n\t\t<!-- All in One SEO Pro 4.9.6.2 - aioseo.com -->\n\t<meta name=\"description\" content=\"Dentro o fuera de Guatemala nos desplazamos en busca de trabajo, de oportunidades, de la vida misma. Por Francisco Morales Santos, Premio Nacional de Literatura de Guatemala 1998Imagen ilustrativa: Armando Seb Era una noche muy oscura. Mi padre hab\u00eda conseguido trabajo como jornalero en una finca a unas cuatro leguas de San Lorenzo El Cubo,\" \/>\n\t<meta name=\"robots\" content=\"max-snippet:-1, max-image-preview:large, max-video-preview:-1\" \/>\n\t<meta name=\"author\" content=\"SoyMigrante.com REVISTA\"\/>\n\t<link rel=\"canonical\" href=\"https:\/\/soymigrante.com\/revista\/un-dia-me-di-ccuenta-que-eramos-migrantes\/\" \/>\n\t<meta name=\"generator\" content=\"All in One SEO Pro (AIOSEO) 4.9.6.2\" \/>\n\n\t\t<link rel=\"preconnect\" href=\"https:\/\/fonts.googleapis.com\" crossorigin>\n<link rel=\"preconnect\" href=\"https:\/\/fonts.gstatic.com\" crossorigin>\n\t\t<meta property=\"og:locale\" content=\"es_ES\" \/>\n\t\t<meta property=\"og:site_name\" content=\"SoyMigrante.com REVISTA \u2013 Nuestra misi\u00f3n es reconocer y dignificar al migrante.\" \/>\n\t\t<meta property=\"og:type\" content=\"article\" \/>\n\t\t<meta property=\"og:title\" content=\"Un d\u00eda me d\u00ed cuenta que \u00e9ramos migrantes\" \/>\n\t\t<meta property=\"og:description\" content=\"Dentro o fuera de Guatemala nos desplazamos en busca de trabajo, de oportunidades, de la vida misma. Por Francisco Morales Santos, Premio Nacional de Literatura de Guatemala 1998Imagen ilustrativa: Armando Seb Era una noche muy oscura. Mi padre hab\u00eda conseguido trabajo como jornalero en una finca a unas cuatro leguas de San Lorenzo El Cubo,\" \/>\n\t\t<meta property=\"og:url\" content=\"https:\/\/soymigrante.com\/revista\/un-dia-me-di-ccuenta-que-eramos-migrantes\/\" \/>\n\t\t<meta property=\"og:image\" content=\"https:\/\/soymigrante.com\/revista\/wp-content\/uploads\/2023\/02\/ROSTRO-PINTANDOSE-PINTURA-DE-ARMANDO-SEB.webp\" \/>\n\t\t<meta property=\"og:image:secure_url\" content=\"https:\/\/soymigrante.com\/revista\/wp-content\/uploads\/2023\/02\/ROSTRO-PINTANDOSE-PINTURA-DE-ARMANDO-SEB.webp\" \/>\n\t\t<meta property=\"og:image:width\" content=\"1365\" \/>\n\t\t<meta property=\"og:image:height\" content=\"1365\" \/>\n\t\t<meta property=\"article:published_time\" content=\"2023-05-26T00:31:02+00:00\" \/>\n\t\t<meta property=\"article:modified_time\" content=\"2024-06-25T22:43:22+00:00\" \/>\n\t\t<meta property=\"article:publisher\" content=\"https:\/\/www.facebook.com\/soymigrantecom\" \/>\n\t\t<meta name=\"twitter:card\" content=\"summary_large_image\" \/>\n\t\t<meta name=\"twitter:site\" content=\"@SoyMigrante_com\" \/>\n\t\t<meta name=\"twitter:title\" content=\"Un d\u00eda me d\u00ed cuenta que \u00e9ramos migrantes\" \/>\n\t\t<meta name=\"twitter:description\" content=\"Dentro o fuera de Guatemala nos desplazamos en busca de trabajo, de oportunidades, de la vida misma. Por Francisco Morales Santos, Premio Nacional de Literatura de Guatemala 1998Imagen ilustrativa: Armando Seb Era una noche muy oscura. Mi padre hab\u00eda conseguido trabajo como jornalero en una finca a unas cuatro leguas de San Lorenzo El Cubo,\" \/>\n\t\t<meta name=\"twitter:creator\" content=\"@SoyMigrante_com\" \/>\n\t\t<meta name=\"twitter:image\" content=\"https:\/\/soymigrante.com\/revista\/wp-content\/uploads\/2023\/02\/ROSTRO-PINTANDOSE-PINTURA-DE-ARMANDO-SEB.webp\" \/>\n\t\t<!-- All in One SEO Pro -->\r\n\t\t<title>Un d\u00eda me d\u00ed cuenta que \u00e9ramos migrantes<\/title>\n\n","aioseo_head_json":{"title":"Un d\u00eda me d\u00ed cuenta que \u00e9ramos migrantes","description":"Dentro o fuera de Guatemala nos desplazamos en busca de trabajo, de oportunidades, de la vida misma. Por Francisco Morales Santos, Premio Nacional de Literatura de Guatemala 1998Imagen ilustrativa: Armando Seb Era una noche muy oscura. Mi padre hab\u00eda conseguido trabajo como jornalero en una finca a unas cuatro leguas de San Lorenzo El Cubo,","canonical_url":"https:\/\/soymigrante.com\/revista\/un-dia-me-di-ccuenta-que-eramos-migrantes\/","robots":"max-snippet:-1, max-image-preview:large, max-video-preview:-1","keywords":"","webmasterTools":{"miscellaneous":"&lt;link rel=\"preconnect\" href=\"https:\/\/fonts.googleapis.com\" crossorigin&gt;\n&lt;link rel=\"preconnect\" href=\"https:\/\/fonts.gstatic.com\" crossorigin&gt;"},"schema":null,"og:locale":"es_ES","og:site_name":"SoyMigrante.com REVISTA \u2013 Nuestra misi\u00f3n es reconocer y dignificar al migrante.","og:type":"article","og:title":"Un d\u00eda me d\u00ed cuenta que \u00e9ramos migrantes","og:description":"Dentro o fuera de Guatemala nos desplazamos en busca de trabajo, de oportunidades, de la vida misma. Por Francisco Morales Santos, Premio Nacional de Literatura de Guatemala 1998Imagen ilustrativa: Armando Seb Era una noche muy oscura. Mi padre hab\u00eda conseguido trabajo como jornalero en una finca a unas cuatro leguas de San Lorenzo El Cubo,","og:url":"https:\/\/soymigrante.com\/revista\/un-dia-me-di-ccuenta-que-eramos-migrantes\/","og:image":"https:\/\/soymigrante.com\/revista\/wp-content\/uploads\/2023\/02\/ROSTRO-PINTANDOSE-PINTURA-DE-ARMANDO-SEB.webp","og:image:secure_url":"https:\/\/soymigrante.com\/revista\/wp-content\/uploads\/2023\/02\/ROSTRO-PINTANDOSE-PINTURA-DE-ARMANDO-SEB.webp","og:image:width":1365,"og:image:height":1365,"article:published_time":"2023-05-26T00:31:02+00:00","article:modified_time":"2024-06-25T22:43:22+00:00","article:publisher":"https:\/\/www.facebook.com\/soymigrantecom","twitter:card":"summary_large_image","twitter:site":"@SoyMigrante_com","twitter:title":"Un d\u00eda me d\u00ed cuenta que \u00e9ramos migrantes","twitter:description":"Dentro o fuera de Guatemala nos desplazamos en busca de trabajo, de oportunidades, de la vida misma. Por Francisco Morales Santos, Premio Nacional de Literatura de Guatemala 1998Imagen ilustrativa: Armando Seb Era una noche muy oscura. Mi padre hab\u00eda conseguido trabajo como jornalero en una finca a unas cuatro leguas de San Lorenzo El Cubo,","twitter:creator":"@SoyMigrante_com","twitter:image":"https:\/\/soymigrante.com\/revista\/wp-content\/uploads\/2023\/02\/ROSTRO-PINTANDOSE-PINTURA-DE-ARMANDO-SEB.webp"},"aioseo_meta_data":{"post_id":"18449","title":"Reflexiones de un migrante con el fr\u00edo de diciembre","description":"Arquitecto Carlos Mart\u00ednez, radicado en Montreal, Canad\u00e1, reflexiona sobre la fugacidad y encantos de la vida e ilustra sus ideas con paisajes de Guatemala.","keywords":null,"keyphrases":{"focus":{"keyphrase":"Migrante","score":60,"analysis":{"keyphraseInTitle":{"score":9,"maxScore":9,"error":0},"keyphraseInDescription":{"score":3,"maxScore":9,"error":1},"keyphraseLength":{"score":9,"maxScore":9,"error":0,"length":1},"keyphraseInURL":{"score":5,"maxScore":5,"error":0},"keyphraseInIntroduction":{"score":3,"maxScore":9,"error":1},"keyphraseInSubHeadings":{"score":3,"maxScore":9,"error":1},"keyphraseInImageAlt":{"score":9,"maxScore":9,"error":0},"keywordDensity":{"score":0,"type":"low","maxScore":9,"error":1}}},"additional":[{"keyphrase":"Vida","score":87,"analysis":{"keyphraseInDescription":{"score":9,"maxScore":9,"error":0},"keyphraseLength":{"score":9,"maxScore":9,"error":0,"length":1},"keyphraseInIntroduction":{"score":3,"maxScore":9,"error":1},"keyphraseInImageAlt":{"score":9,"maxScore":9,"error":0},"keywordDensity":{"type":"best","score":9,"maxScore":9,"error":0}}},{"keyphrase":"Guatemala","score":67,"analysis":{"keyphraseInDescription":{"score":9,"maxScore":9,"error":0},"keyphraseLength":{"score":9,"maxScore":9,"error":0,"length":1},"keyphraseInIntroduction":{"score":3,"maxScore":9,"error":1},"keyphraseInImageAlt":{"score":9,"maxScore":9,"error":0},"keywordDensity":{"score":0,"type":"low","maxScore":9,"error":1}}},{"keyphrase":"Canad\u00e1","score":80,"analysis":{"keyphraseInDescription":{"score":9,"maxScore":9,"error":0},"keyphraseLength":{"score":9,"maxScore":9,"error":0,"length":1},"keyphraseInIntroduction":{"score":9,"maxScore":9,"error":0},"keyphraseInImageAlt":{"score":9,"maxScore":9,"error":0},"keywordDensity":{"score":0,"type":"low","maxScore":9,"error":1}}},{"keyphrase":"Reflexi\u00f3n","score":40,"analysis":{"keyphraseInDescription":{"score":3,"maxScore":9,"error":1},"keyphraseLength":{"score":9,"maxScore":9,"error":0,"length":2},"keyphraseInIntroduction":{"score":3,"maxScore":9,"error":1},"keyphraseInImageAlt":{"score":3,"maxScore":9,"error":1},"keywordDensity":{"score":0,"type":"low","maxScore":9,"error":1}}}]},"primary_term":null,"canonical_url":null,"og_title":null,"og_description":null,"og_object_type":"default","og_image_type":"default","og_image_url":null,"og_image_width":null,"og_image_height":null,"og_image_custom_url":null,"og_image_custom_fields":null,"og_video":"","og_custom_url":null,"og_article_section":null,"og_article_tags":null,"twitter_use_og":false,"twitter_card":"default","twitter_image_type":"default","twitter_image_url":null,"twitter_image_custom_url":null,"twitter_image_custom_fields":null,"twitter_title":null,"twitter_description":null,"schema":{"blockGraphs":[],"customGraphs":[],"default":{"data":{"Article":[],"Course":[],"Dataset":[],"FAQPage":[],"Movie":[],"Person":[],"Product":[],"ProductReview":[],"Car":[],"Recipe":[],"Service":[],"SoftwareApplication":[],"WebPage":[]},"graphName":"BlogPosting","isEnabled":true},"graphs":[]},"schema_type":"default","schema_type_options":null,"pillar_content":false,"robots_default":true,"robots_noindex":false,"robots_noarchive":false,"robots_nosnippet":false,"robots_nofollow":false,"robots_noimageindex":false,"robots_noodp":false,"robots_notranslate":false,"robots_max_snippet":"-1","robots_max_videopreview":"-1","robots_max_imagepreview":"large","priority":null,"frequency":"default","local_seo":null,"seo_analyzer_scan_date":"2025-10-09 01:20:25","breadcrumb_settings":null,"limit_modified_date":false,"reviewed_by":null,"open_ai":"{\"title\":{\"suggestions\":[],\"usage\":0},\"description\":{\"suggestions\":[],\"usage\":0}}","ai":null,"created":"2024-12-27 18:36:33","updated":"2026-02-04 18:36:23"},"aioseo_breadcrumb":"<div class=\"aioseo-breadcrumbs\"><span class=\"aioseo-breadcrumb\">\n\t<a href=\"https:\/\/soymigrante.com\/revista\" title=\"Home\">Home<\/a>\n<\/span><span class=\"aioseo-breadcrumb-separator\">\u00bb<\/span><span class=\"aioseo-breadcrumb\">\n\t<a href=\"https:\/\/soymigrante.com\/revista\/category\/estamos-unidos\/\" title=\"Estamos Unidos\">Estamos Unidos<\/a>\n<\/span><span class=\"aioseo-breadcrumb-separator\">\u00bb<\/span><span class=\"aioseo-breadcrumb\">\n\t<a href=\"https:\/\/soymigrante.com\/revista\/category\/estamos-unidos\/lugar-de-voces\/\" title=\"Lugar de Voces\">Lugar de Voces<\/a>\n<\/span><span class=\"aioseo-breadcrumb-separator\">\u00bb<\/span><span class=\"aioseo-breadcrumb\">\n\tReflexiones de un migrante guatemalteco con el fr\u00edo de diciembre y el recuerdo de su tierra\n<\/span><\/div>","aioseo_breadcrumb_json":[{"label":"Home","link":"https:\/\/soymigrante.com\/revista"},{"label":"Estamos Unidos","link":"https:\/\/soymigrante.com\/revista\/category\/estamos-unidos\/"},{"label":"Lugar de Voces","link":"https:\/\/soymigrante.com\/revista\/category\/estamos-unidos\/lugar-de-voces\/"},{"label":"Reflexiones de un migrante guatemalteco con el fr\u00edo de diciembre y el recuerdo de su tierra","link":"https:\/\/soymigrante.com\/revista\/reflexiones-de-un-migrante-guatemalteco-con-el-frio-de-diciembre-y-el-recuerdo-de-su-tierra\/"}],"_links":{"self":[{"href":"https:\/\/soymigrante.com\/revista\/wp-json\/wp\/v2\/posts\/18449","targetHints":{"allow":["GET"]}}],"collection":[{"href":"https:\/\/soymigrante.com\/revista\/wp-json\/wp\/v2\/posts"}],"about":[{"href":"https:\/\/soymigrante.com\/revista\/wp-json\/wp\/v2\/types\/post"}],"author":[{"embeddable":true,"href":"https:\/\/soymigrante.com\/revista\/wp-json\/wp\/v2\/users\/1"}],"replies":[{"embeddable":true,"href":"https:\/\/soymigrante.com\/revista\/wp-json\/wp\/v2\/comments?post=18449"}],"version-history":[{"count":0,"href":"https:\/\/soymigrante.com\/revista\/wp-json\/wp\/v2\/posts\/18449\/revisions"}],"wp:featuredmedia":[{"embeddable":true,"href":"https:\/\/soymigrante.com\/revista\/wp-json\/wp\/v2\/media\/18450"}],"wp:attachment":[{"href":"https:\/\/soymigrante.com\/revista\/wp-json\/wp\/v2\/media?parent=18449"}],"wp:term":[{"taxonomy":"category","embeddable":true,"href":"https:\/\/soymigrante.com\/revista\/wp-json\/wp\/v2\/categories?post=18449"},{"taxonomy":"post_tag","embeddable":true,"href":"https:\/\/soymigrante.com\/revista\/wp-json\/wp\/v2\/tags?post=18449"}],"curies":[{"name":"wp","href":"https:\/\/api.w.org\/{rel}","templated":true}]}}