{"id":1829,"date":"2023-07-12T21:16:43","date_gmt":"2023-07-12T21:16:43","guid":{"rendered":"https:\/\/soymigrante.com\/revista\/?p=1829"},"modified":"2026-03-11T16:47:44","modified_gmt":"2026-03-11T22:47:44","slug":"rodolfo-arreaga-agronomo-guatemalteco-migrante","status":"publish","type":"post","link":"https:\/\/soymigrante.com\/revista\/rodolfo-arreaga-agronomo-guatemalteco-migrante\/","title":{"rendered":"Agr\u00f3nomo guatemalteco Rodolfo Arreaga conquista los cinco continentes: lecciones aprendidas"},"content":{"rendered":"\t\t<div data-elementor-type=\"wp-post\" data-elementor-id=\"1829\" class=\"elementor elementor-1829\" data-elementor-post-type=\"post\">\n\t\t\t\t\t\t<section data-particle_enable=\"false\" data-particle-mobile-disabled=\"false\" class=\"elementor-section elementor-top-section elementor-element elementor-element-e2d4186 elementor-section-boxed elementor-section-height-default elementor-section-height-default\" data-id=\"e2d4186\" data-element_type=\"section\" data-e-type=\"section\">\n\t\t\t\t\t\t<div class=\"elementor-container elementor-column-gap-default\">\n\t\t\t\t\t<div class=\"elementor-column elementor-col-100 elementor-top-column elementor-element elementor-element-47a3c29\" data-id=\"47a3c29\" data-element_type=\"column\" data-e-type=\"column\">\n\t\t\t<div class=\"elementor-widget-wrap elementor-element-populated\">\n\t\t\t\t\t\t<div class=\"elementor-element elementor-element-0933916 elementor-widget elementor-widget-heading\" data-id=\"0933916\" data-element_type=\"widget\" data-e-type=\"widget\" data-widget_type=\"heading.default\">\n\t\t\t\t\t<h1 class=\"elementor-heading-title elementor-size-default\">Rodolfo Arreaga ha tocado la cima pero tambi\u00e9n el suelo. Por ello define el \u00e9xito como \"asumir que solo vos sos el responsable de tu vida: nadie te va a venir a salvar y ten\u00e9s que hacerte due\u00f1o de tus decisiones\". \nEsta es es la historia de un Trotamundos s\u00faper chap\u00edn.<\/h1>\t\t\t\t<\/div>\n\t\t\t\t\t<\/div>\n\t\t<\/div>\n\t\t\t\t\t<\/div>\n\t\t<\/section>\n\t\t\t\t<section data-particle_enable=\"false\" data-particle-mobile-disabled=\"false\" class=\"elementor-section elementor-top-section elementor-element elementor-element-0c8b2b6 elementor-section-boxed elementor-section-height-default elementor-section-height-default\" data-id=\"0c8b2b6\" data-element_type=\"section\" data-e-type=\"section\">\n\t\t\t\t\t\t<div class=\"elementor-container elementor-column-gap-default\">\n\t\t\t\t\t<div class=\"elementor-column elementor-col-100 elementor-top-column elementor-element elementor-element-6d35a08\" data-id=\"6d35a08\" data-element_type=\"column\" data-e-type=\"column\">\n\t\t\t<div class=\"elementor-widget-wrap elementor-element-populated\">\n\t\t\t\t\t\t<div class=\"elementor-element elementor-element-6ed0ad0 elementor-widget elementor-widget-text-editor\" data-id=\"6ed0ad0\" data-element_type=\"widget\" data-e-type=\"widget\" data-widget_type=\"text-editor.default\">\n\t\t\t\t\t\t\t\t\t<p>El agr\u00f3nomo y migrante guatemalteco Rodolfo Arreaga lleg\u00f3 a ser representante para Europa, \u00c1frica, Ocean\u00eda y Medio Oriente,\u00a0 de una importante compa\u00f1\u00eda estadounidense de distribuci\u00f3n de insumos para la industria av\u00edcola.\u00a0\u00a0<span style=\"color: var( --e-global-color-text ); background-color: var(--ak-bg-color);\">\u00a0\u201cDesde Hungr\u00eda me mov\u00eda a Israel, India, Sud\u00e1frica, Kenia, Turqu\u00eda. Y en cada pa\u00eds tuve tantos aprendizajes\u201d, cuenta.\u00a0<\/span><\/p><p><span style=\"color: var( --e-global-color-text ); background-color: var(--ak-bg-color);\">Pero no siempre fue as\u00ed. En 2005 sufri\u00f3 una grave crisis. Todo iba perfecto. O parec\u00eda ir perfecto cuando quebr\u00f3 econ\u00f3micamente. \u201cMe qued\u00e9 con 100 quetzales en la bolsa\u201d, relata desde El Paso, Texas, donde reside.<\/span><\/p>\t\t\t\t\t\t\t\t<\/div>\n\t\t\t\t\t<\/div>\n\t\t<\/div>\n\t\t\t\t\t<\/div>\n\t\t<\/section>\n\t\t\t\t<section data-particle_enable=\"false\" data-particle-mobile-disabled=\"false\" class=\"elementor-section elementor-top-section elementor-element elementor-element-8dd8c5f elementor-section-boxed elementor-section-height-default elementor-section-height-default\" data-id=\"8dd8c5f\" data-element_type=\"section\" data-e-type=\"section\">\n\t\t\t\t\t\t<div class=\"elementor-container elementor-column-gap-default\">\n\t\t\t\t\t<div class=\"elementor-column elementor-col-100 elementor-top-column elementor-element elementor-element-2d54f04\" data-id=\"2d54f04\" data-element_type=\"column\" data-e-type=\"column\">\n\t\t\t<div class=\"elementor-widget-wrap elementor-element-populated\">\n\t\t\t\t\t\t<div class=\"elementor-element elementor-element-55526da elementor-widget elementor-widget-image\" data-id=\"55526da\" data-element_type=\"widget\" data-e-type=\"widget\" data-widget_type=\"image.default\">\n\t\t\t\t\t\t\t\t\t\t\t\t<figure class=\"wp-caption\">\n\t\t\t\t\t\t\t\t\t\t<img fetchpriority=\"high\" decoding=\"async\" width=\"960\" height=\"960\" src=\"https:\/\/soymigrante.com\/revista\/wp-content\/uploads\/2023\/07\/Migrante-guatemalteco-Rodolfo-Arreaga-empresario-y-trotamundos-3.webp\" class=\"attachment-large size-large wp-image-1833\" alt=\"El agr\u00f3nomo y migrante guatemalteco Rodolfo Arreaga ama a Guatemala, su cultura, patrimonio, sabores. Por ello disfruta visitar sus lugares y cuando se presenta en cualquier foro, mesa directiva o lugar nuevo de trabajo dice siempre con orgullo: &quot;Soy guatemalteco&quot;.\" srcset=\"https:\/\/soymigrante.com\/revista\/wp-content\/uploads\/2023\/07\/Migrante-guatemalteco-Rodolfo-Arreaga-empresario-y-trotamundos-3.webp 960w, https:\/\/soymigrante.com\/revista\/wp-content\/uploads\/2023\/07\/Migrante-guatemalteco-Rodolfo-Arreaga-empresario-y-trotamundos-3-300x300.webp 300w, https:\/\/soymigrante.com\/revista\/wp-content\/uploads\/2023\/07\/Migrante-guatemalteco-Rodolfo-Arreaga-empresario-y-trotamundos-3-150x150.webp 150w, https:\/\/soymigrante.com\/revista\/wp-content\/uploads\/2023\/07\/Migrante-guatemalteco-Rodolfo-Arreaga-empresario-y-trotamundos-3-768x768.webp 768w, https:\/\/soymigrante.com\/revista\/wp-content\/uploads\/2023\/07\/Migrante-guatemalteco-Rodolfo-Arreaga-empresario-y-trotamundos-3-75x75.webp 75w, https:\/\/soymigrante.com\/revista\/wp-content\/uploads\/2023\/07\/Migrante-guatemalteco-Rodolfo-Arreaga-empresario-y-trotamundos-3-750x750.webp 750w, https:\/\/soymigrante.com\/revista\/wp-content\/uploads\/2023\/07\/Migrante-guatemalteco-Rodolfo-Arreaga-empresario-y-trotamundos-3-600x600.webp 600w\" sizes=\"(max-width: 960px) 100vw, 960px\" title=\"El agr\u00f3nomo y migrante guatemalteco Rodolfo Arreaga ama a Guatemala, su cultura, patrimonio, sabores. Por ello disfruta visitar sus lugares y cuando se presenta en cualquier foro, mesa directiva o lugar nuevo de trabajo dice siempre con orgullo: &quot;Soy guatemalteco&quot;. \u2013 SoyMigrante.com REVISTA\" \/>\t\t\t\t\t\t\t\t\t\t\t<figcaption class=\"widget-image-caption wp-caption-text\">El agr\u00f3nomo y migrante guatemalteco Rodolfo Arreaga ama a Guatemala, su cultura, patrimonio, sabores. Por ello disfruta visitar sus lugares y cuando se presenta en cualquier foro, mesa directiva o lugar nuevo de trabajo dice siempre con orgullo: \"Soy guatemalteco\".<\/figcaption>\n\t\t\t\t\t\t\t\t\t\t<\/figure>\n\t\t\t\t\t\t\t\t\t<\/div>\n\t\t\t\t\t<\/div>\n\t\t<\/div>\n\t\t\t\t\t<\/div>\n\t\t<\/section>\n\t\t\t\t<section data-particle_enable=\"false\" data-particle-mobile-disabled=\"false\" class=\"elementor-section elementor-top-section elementor-element elementor-element-83b3967 elementor-section-boxed elementor-section-height-default elementor-section-height-default\" data-id=\"83b3967\" data-element_type=\"section\" data-e-type=\"section\">\n\t\t\t\t\t\t<div class=\"elementor-container elementor-column-gap-default\">\n\t\t\t\t\t<div class=\"elementor-column elementor-col-100 elementor-top-column elementor-element elementor-element-ca6788d\" data-id=\"ca6788d\" data-element_type=\"column\" data-e-type=\"column\">\n\t\t\t<div class=\"elementor-widget-wrap elementor-element-populated\">\n\t\t\t\t\t\t<div class=\"elementor-element elementor-element-f1535e0 elementor-widget elementor-widget-heading\" data-id=\"f1535e0\" data-element_type=\"widget\" data-e-type=\"widget\" data-widget_type=\"heading.default\">\n\t\t\t\t\t<h2 class=\"elementor-heading-title elementor-size-default\">\"En la adversidad nos descubrimos\"<\/h2>\t\t\t\t<\/div>\n\t\t\t\t\t<\/div>\n\t\t<\/div>\n\t\t\t\t\t<\/div>\n\t\t<\/section>\n\t\t\t\t<section data-particle_enable=\"false\" data-particle-mobile-disabled=\"false\" class=\"elementor-section elementor-top-section elementor-element elementor-element-b305208 elementor-section-boxed elementor-section-height-default elementor-section-height-default\" data-id=\"b305208\" data-element_type=\"section\" data-e-type=\"section\">\n\t\t\t\t\t\t<div class=\"elementor-container elementor-column-gap-default\">\n\t\t\t\t\t<div class=\"elementor-column elementor-col-100 elementor-top-column elementor-element elementor-element-eabd741\" data-id=\"eabd741\" data-element_type=\"column\" data-e-type=\"column\">\n\t\t\t<div class=\"elementor-widget-wrap elementor-element-populated\">\n\t\t\t\t\t\t<div class=\"elementor-element elementor-element-7058539 elementor-widget elementor-widget-text-editor\" data-id=\"7058539\" data-element_type=\"widget\" data-e-type=\"widget\" data-widget_type=\"text-editor.default\">\n\t\t\t\t\t\t\t\t\t<p><span style=\"background-color: var(--ak-bg-color);\">\u201cMe gradu\u00e9 de la Universidad del Valle. Mi pap\u00e1 era un exitoso m\u00e9dico. A m\u00ed me gust\u00f3 siempre la vida del campo, el trabajo agr\u00edcola.\u00a0 Hab\u00eda amigos que ten\u00edan fincas y disfrutaba mucho ir all\u00ed y eso me atrajo a la carrera de agronom\u00eda\u201d, cuenta.<\/span><\/p><p>\u201cPor eso, las historias de migrantes se basan en necesidades econ\u00f3micas, tragedia, persecuci\u00f3n. En mi caso yo ven\u00eda de una familia de clase media. Tra\u00eda una rica cultura familiar: la familia de mi pap\u00e1 de Quetzaltenango y la de mi mam\u00e1 de Jutiapa.Crec\u00ed en la fe evang\u00e9lica y aquellas par\u00e1bolas del sembrador, de la cosecha, de las semillas que germinan tambi\u00e9n me atrajeron a la agronom\u00eda\u201d.\u00a0<\/p><p>Rodolfo comenz\u00f3 trabajando en fincas de ca\u00f1a de az\u00facar, se cas\u00f3 y hasta ah\u00ed t<span style=\"color: var( --e-global-color-text ); background-color: var(--ak-bg-color);\">odo bien. Pero en 2005 vino una crisis.\u00a0\u00a0<\/span><span style=\"background-color: var(--ak-bg-color); color: var( --e-global-color-text );\">\u201cQuebr\u00e9. Mis ingresos no compensaban mis gastos. Descubr\u00ed que a veces uno gasta y se desgasta en querer aparentar, ser como otros creen y no es as\u00ed&#8221;, comparte.<\/span><\/p><p><span style=\"background-color: var(--ak-bg-color); color: var( --e-global-color-text );\">Prosigue: &#8220;<\/span><span style=\"background-color: var(--ak-bg-color); color: var( --e-global-color-text );\">Me d\u00ed cuenta que a veces la religi\u00f3n sirve como excusa, pero en realidad nadie te va a venir a salvar de las consecuencias de tus errores. Vos y solo vos ten\u00e9s que darte cuenta que ten\u00e9s que hacerte cargo de tu vida. En la adversidad nos descubrimos. Es algo que los guatemaltecos a veces\u00a0 nos damos cuenta hasta que salimos del pa\u00eds\u201d.<\/span><\/p>\t\t\t\t\t\t\t\t<\/div>\n\t\t\t\t\t<\/div>\n\t\t<\/div>\n\t\t\t\t\t<\/div>\n\t\t<\/section>\n\t\t\t\t<section data-particle_enable=\"false\" data-particle-mobile-disabled=\"false\" class=\"elementor-section elementor-top-section elementor-element elementor-element-ce1e0ad elementor-section-boxed elementor-section-height-default elementor-section-height-default\" data-id=\"ce1e0ad\" data-element_type=\"section\" data-e-type=\"section\">\n\t\t\t\t\t\t<div class=\"elementor-container elementor-column-gap-default\">\n\t\t\t\t\t<div class=\"elementor-column elementor-col-100 elementor-top-column elementor-element elementor-element-6aa7808\" data-id=\"6aa7808\" data-element_type=\"column\" data-e-type=\"column\">\n\t\t\t<div class=\"elementor-widget-wrap elementor-element-populated\">\n\t\t\t\t\t\t<div class=\"elementor-element elementor-element-8a0ae1a elementor-widget elementor-widget-image\" data-id=\"8a0ae1a\" data-element_type=\"widget\" data-e-type=\"widget\" data-widget_type=\"image.default\">\n\t\t\t\t\t\t\t\t\t\t\t\t<figure class=\"wp-caption\">\n\t\t\t\t\t\t\t\t\t\t<img decoding=\"async\" width=\"1024\" height=\"768\" src=\"https:\/\/soymigrante.com\/revista\/wp-content\/uploads\/2023\/07\/Migrante-guatemalteco-Rodolfo-Arreaga-empresario-y-trotamundos-5-1024x768.webp\" class=\"attachment-large size-large wp-image-1835\" alt=\"Rodolfo durante una visita a un proyecto en India. Su labor requer\u00eda no solo de constante actualizaci\u00f3n t\u00e9cnica sino de una constante apertura cultural y actitud de aprendizaje.\" srcset=\"https:\/\/soymigrante.com\/revista\/wp-content\/uploads\/2023\/07\/Migrante-guatemalteco-Rodolfo-Arreaga-empresario-y-trotamundos-5-1024x768.webp 1024w, https:\/\/soymigrante.com\/revista\/wp-content\/uploads\/2023\/07\/Migrante-guatemalteco-Rodolfo-Arreaga-empresario-y-trotamundos-5-300x225.webp 300w, https:\/\/soymigrante.com\/revista\/wp-content\/uploads\/2023\/07\/Migrante-guatemalteco-Rodolfo-Arreaga-empresario-y-trotamundos-5-768x576.webp 768w, https:\/\/soymigrante.com\/revista\/wp-content\/uploads\/2023\/07\/Migrante-guatemalteco-Rodolfo-Arreaga-empresario-y-trotamundos-5-750x562.webp 750w, https:\/\/soymigrante.com\/revista\/wp-content\/uploads\/2023\/07\/Migrante-guatemalteco-Rodolfo-Arreaga-empresario-y-trotamundos-5.webp 1094w\" sizes=\"(max-width: 1024px) 100vw, 1024px\" title=\"Rodolfo durante una visita a un proyecto en India. Su labor requer\u00eda no solo de constante actualizaci\u00f3n t\u00e9cnica sino de una constante apertura cultural y actitud de aprendizaje. \u2013 SoyMigrante.com REVISTA\" \/>\t\t\t\t\t\t\t\t\t\t\t<figcaption class=\"widget-image-caption wp-caption-text\">Rodolfo durante una visita a un proyecto en India. Su labor requer\u00eda no solo de constante actualizaci\u00f3n t\u00e9cnica sino de una constante apertura cultural y actitud de aprendizaje.<\/figcaption>\n\t\t\t\t\t\t\t\t\t\t<\/figure>\n\t\t\t\t\t\t\t\t\t<\/div>\n\t\t\t\t\t<\/div>\n\t\t<\/div>\n\t\t\t\t\t<\/div>\n\t\t<\/section>\n\t\t\t\t<section data-particle_enable=\"false\" data-particle-mobile-disabled=\"false\" class=\"elementor-section elementor-top-section elementor-element elementor-element-11595d1 elementor-section-boxed elementor-section-height-default elementor-section-height-default\" data-id=\"11595d1\" data-element_type=\"section\" data-e-type=\"section\">\n\t\t\t\t\t\t<div class=\"elementor-container elementor-column-gap-default\">\n\t\t\t\t\t<div class=\"elementor-column elementor-col-100 elementor-top-column elementor-element elementor-element-384a38a\" data-id=\"384a38a\" data-element_type=\"column\" data-e-type=\"column\">\n\t\t\t<div class=\"elementor-widget-wrap elementor-element-populated\">\n\t\t\t\t\t\t<div class=\"elementor-element elementor-element-84b4ece elementor-widget elementor-widget-heading\" data-id=\"84b4ece\" data-element_type=\"widget\" data-e-type=\"widget\" data-widget_type=\"heading.default\">\n\t\t\t\t\t<h2 class=\"elementor-heading-title elementor-size-default\">Cerdos, trabajos y aprendizajes<\/h2>\t\t\t\t<\/div>\n\t\t\t\t\t<\/div>\n\t\t<\/div>\n\t\t\t\t\t<\/div>\n\t\t<\/section>\n\t\t\t\t<section data-particle_enable=\"false\" data-particle-mobile-disabled=\"false\" class=\"elementor-section elementor-top-section elementor-element elementor-element-43e7afe elementor-section-boxed elementor-section-height-default elementor-section-height-default\" data-id=\"43e7afe\" data-element_type=\"section\" data-e-type=\"section\">\n\t\t\t\t\t\t<div class=\"elementor-container elementor-column-gap-default\">\n\t\t\t\t\t<div class=\"elementor-column elementor-col-100 elementor-top-column elementor-element elementor-element-ad093e3\" data-id=\"ad093e3\" data-element_type=\"column\" data-e-type=\"column\">\n\t\t\t<div class=\"elementor-widget-wrap elementor-element-populated\">\n\t\t\t\t\t\t<div class=\"elementor-element elementor-element-649ba66 elementor-widget elementor-widget-text-editor\" data-id=\"649ba66\" data-element_type=\"widget\" data-e-type=\"widget\" data-widget_type=\"text-editor.default\">\n\t\t\t\t\t\t\t\t\t<p><span style=\"background-color: var(--ak-bg-color);\">Para salir de la crisis trabaj\u00f3 en lo que fuera. \u201cAtend\u00ed una panader\u00eda, hice pan, trabaj\u00e9 en una cafeter\u00eda y despu\u00e9s entr\u00e9 a la crianza de cerdos. Siempre quise trabajar\u00a0 ganado porcino\u201d. Con el tiempo lleg\u00f3 a ser socio y presidente de Apogua, la Asociaci\u00f3n Nacional de Porcicultores de Guatemala durante varios a\u00f1os.\u00a0<\/span><\/p><p><span style=\"background-color: var(--ak-bg-color);\">Despu\u00e9s\u00a0<\/span><span style=\"color: var( --e-global-color-text ); background-color: var(--ak-bg-color);\">surgi\u00f3 la oportunidad de una compa\u00f1\u00eda estadounidense que quer\u00eda expandirse a Latinoam\u00e9rica, pero la plaza estaba en Torre\u00f3n, M\u00e9xico.\u00a0 Rodolfo se mud\u00f3 all\u00e1 con todo y familia. Le fue bien, pero\u00a0<\/span><span style=\"color: var( --e-global-color-text ); background-color: var(--ak-bg-color);\">su divisi\u00f3n fue adquirida por una empresa china.\u00a0<\/span><\/p><p><span style=\"color: var( --e-global-color-text ); background-color: var(--ak-bg-color);\">\u201cPrimero me dijeron que necesitaban alguien que fuera a organizar la oficina all\u00e1. Despu\u00e9s que ya no. Pero si quer\u00e9s ir por cultura general a China, and\u00e1,\u00a0 \u00a0pero no ten\u00e9s que presentar ning\u00fan informe. Al regresar, present\u00e9 un informe que no me hab\u00edan pedido, con sugerencias de estructura organizacional y eso. Tiempo despu\u00e9s, un amigo al que nombraron gerente all\u00e1 en China me dio las gracias. \u00a1Por ese informe que hiciste, recomendando tal perfil, me dieron el trabajo a m\u00ed, gracias. Y me contrat\u00f3 como consultor. As\u00ed viv\u00ed en China y hasta corr\u00ed la Marat\u00f3n de la Gran Muralla.<\/span><\/p>\t\t\t\t\t\t\t\t<\/div>\n\t\t\t\t\t<\/div>\n\t\t<\/div>\n\t\t\t\t\t<\/div>\n\t\t<\/section>\n\t\t\t\t<section data-particle_enable=\"false\" data-particle-mobile-disabled=\"false\" class=\"elementor-section elementor-top-section elementor-element elementor-element-60c0b62 elementor-section-boxed elementor-section-height-default elementor-section-height-default\" data-id=\"60c0b62\" data-element_type=\"section\" data-e-type=\"section\">\n\t\t\t\t\t\t<div class=\"elementor-container elementor-column-gap-default\">\n\t\t\t\t\t<div class=\"elementor-column elementor-col-100 elementor-top-column elementor-element elementor-element-c0822bc\" data-id=\"c0822bc\" data-element_type=\"column\" data-e-type=\"column\">\n\t\t\t<div class=\"elementor-widget-wrap elementor-element-populated\">\n\t\t\t\t\t\t<div class=\"elementor-element elementor-element-684a0f1 elementor-widget elementor-widget-image\" data-id=\"684a0f1\" data-element_type=\"widget\" data-e-type=\"widget\" data-widget_type=\"image.default\">\n\t\t\t\t\t\t\t\t\t\t\t\t<figure class=\"wp-caption\">\n\t\t\t\t\t\t\t\t\t\t<img decoding=\"async\" width=\"1024\" height=\"683\" src=\"https:\/\/soymigrante.com\/revista\/wp-content\/uploads\/2023\/07\/Migrante-guatemalteco-Rodolfo-Arreaga-empresario-y-trotamundos-6-1024x683.webp\" class=\"attachment-large size-large wp-image-1836\" alt=\"Rodolfo Arreaga, migrante y emprendedor guatemalteco, participando en la marat\u00f3n de la Gran Muralla China. &quot;Es una competencia muy exigente&quot;, cuenta.\" srcset=\"https:\/\/soymigrante.com\/revista\/wp-content\/uploads\/2023\/07\/Migrante-guatemalteco-Rodolfo-Arreaga-empresario-y-trotamundos-6-1024x683.webp 1024w, https:\/\/soymigrante.com\/revista\/wp-content\/uploads\/2023\/07\/Migrante-guatemalteco-Rodolfo-Arreaga-empresario-y-trotamundos-6-300x200.webp 300w, https:\/\/soymigrante.com\/revista\/wp-content\/uploads\/2023\/07\/Migrante-guatemalteco-Rodolfo-Arreaga-empresario-y-trotamundos-6-768x512.webp 768w, https:\/\/soymigrante.com\/revista\/wp-content\/uploads\/2023\/07\/Migrante-guatemalteco-Rodolfo-Arreaga-empresario-y-trotamundos-6-750x500.webp 750w, https:\/\/soymigrante.com\/revista\/wp-content\/uploads\/2023\/07\/Migrante-guatemalteco-Rodolfo-Arreaga-empresario-y-trotamundos-6-1140x760.webp 1140w, https:\/\/soymigrante.com\/revista\/wp-content\/uploads\/2023\/07\/Migrante-guatemalteco-Rodolfo-Arreaga-empresario-y-trotamundos-6-600x400.webp 600w, https:\/\/soymigrante.com\/revista\/wp-content\/uploads\/2023\/07\/Migrante-guatemalteco-Rodolfo-Arreaga-empresario-y-trotamundos-6.webp 1230w\" sizes=\"(max-width: 1024px) 100vw, 1024px\" title=\"Rodolfo Arreaga, migrante y emprendedor guatemalteco, participando en la marat\u00f3n de la Gran Muralla China. &quot;Es una competencia muy exigente&quot;, cuenta. \u2013 SoyMigrante.com REVISTA\" \/>\t\t\t\t\t\t\t\t\t\t\t<figcaption class=\"widget-image-caption wp-caption-text\">Rodolfo Arreaga, migrante y emprendedor guatemalteco, participando en la marat\u00f3n de la Gran Muralla China. \"Es una competencia muy exigente\", cuenta.<\/figcaption>\n\t\t\t\t\t\t\t\t\t\t<\/figure>\n\t\t\t\t\t\t\t\t\t<\/div>\n\t\t\t\t\t<\/div>\n\t\t<\/div>\n\t\t\t\t\t<\/div>\n\t\t<\/section>\n\t\t\t\t<section data-particle_enable=\"false\" data-particle-mobile-disabled=\"false\" class=\"elementor-section elementor-top-section elementor-element elementor-element-413f6e8 elementor-section-boxed elementor-section-height-default elementor-section-height-default\" data-id=\"413f6e8\" data-element_type=\"section\" data-e-type=\"section\">\n\t\t\t\t\t\t<div class=\"elementor-container elementor-column-gap-default\">\n\t\t\t\t\t<div class=\"elementor-column elementor-col-100 elementor-top-column elementor-element elementor-element-0ad338a\" data-id=\"0ad338a\" data-element_type=\"column\" data-e-type=\"column\">\n\t\t\t<div class=\"elementor-widget-wrap elementor-element-populated\">\n\t\t\t\t\t\t<div class=\"elementor-element elementor-element-98cbd44 animated-slow elementor-invisible elementor-widget elementor-widget-testimonial\" data-id=\"98cbd44\" data-element_type=\"widget\" data-e-type=\"widget\" data-settings=\"{&quot;_animation&quot;:&quot;zoomIn&quot;,&quot;_animation_delay&quot;:4100}\" data-widget_type=\"testimonial.default\">\n\t\t\t\t\t\t\t<div class=\"elementor-testimonial-wrapper\">\n\t\t\t\t\t\t\t<div class=\"elementor-testimonial-content\">\u00bfQu\u00e9 me ense\u00f1\u00f3 todo lo que hoy s\u00e9 y que me permite contar con \u00e9xito?  \nEl hambre, la necesidad, la certeza de que sos vos, vos vos, quien debe hacerse responsable de tu vida, tus decisiones y de las consecuencias\".<\/div>\n\t\t\t\n\t\t\t\t\t\t<div class=\"elementor-testimonial-meta elementor-has-image elementor-testimonial-image-position-aside\">\n\t\t\t\t<div class=\"elementor-testimonial-meta-inner\">\n\t\t\t\t\t\t\t\t\t\t\t<div class=\"elementor-testimonial-image\">\n\t\t\t\t\t\t\t<img loading=\"lazy\" decoding=\"async\" width=\"562\" height=\"562\" src=\"https:\/\/soymigrante.com\/revista\/wp-content\/uploads\/2023\/07\/Migrante-guatemalteco-Rodolfo-Arreaga-empresario-y-trotamundos-2.webp\" class=\"attachment-full size-full wp-image-1832\" alt=\"Migrante guatemalteco Rodolfo Arreaga, es agr\u00f3nomo y ha trabajado en los cinco continentes\" title=\"Migrante guatemalteco Rodolfo Arreaga, es agr\u00f3nomo y ha trabajado en los cinco continentes \u2013 SoyMigrante.com REVISTA\" srcset=\"https:\/\/soymigrante.com\/revista\/wp-content\/uploads\/2023\/07\/Migrante-guatemalteco-Rodolfo-Arreaga-empresario-y-trotamundos-2.webp 562w, https:\/\/soymigrante.com\/revista\/wp-content\/uploads\/2023\/07\/Migrante-guatemalteco-Rodolfo-Arreaga-empresario-y-trotamundos-2-300x300.webp 300w, https:\/\/soymigrante.com\/revista\/wp-content\/uploads\/2023\/07\/Migrante-guatemalteco-Rodolfo-Arreaga-empresario-y-trotamundos-2-150x150.webp 150w, https:\/\/soymigrante.com\/revista\/wp-content\/uploads\/2023\/07\/Migrante-guatemalteco-Rodolfo-Arreaga-empresario-y-trotamundos-2-75x75.webp 75w\" sizes=\"(max-width: 562px) 100vw, 562px\" \/>\t\t\t\t\t\t<\/div>\n\t\t\t\t\t\n\t\t\t\t\t\t\t\t\t\t<div class=\"elementor-testimonial-details\">\n\t\t\t\t\t\t\t\t\t\t\t\t\t\t<div class=\"elementor-testimonial-name\">Rodolfo Arreaga<\/div>\n\t\t\t\t\t\t\t\t\t\t\t\t\t\t\t\t\t\t\t\t\t\t<div class=\"elementor-testimonial-job\">Agr\u00f3nomo, consultor de negocios y \nmigrante guatemalteco.<\/div>\n\t\t\t\t\t\t\t\t\t\t\t\t\t<\/div>\n\t\t\t\t\t\t\t\t\t<\/div>\n\t\t\t<\/div>\n\t\t\t\t\t<\/div>\n\t\t\t\t\t\t<\/div>\n\t\t\t\t\t<\/div>\n\t\t<\/div>\n\t\t\t\t\t<\/div>\n\t\t<\/section>\n\t\t\t\t<section data-particle_enable=\"false\" data-particle-mobile-disabled=\"false\" class=\"elementor-section elementor-top-section elementor-element elementor-element-89f891c elementor-section-boxed elementor-section-height-default elementor-section-height-default\" data-id=\"89f891c\" data-element_type=\"section\" data-e-type=\"section\">\n\t\t\t\t\t\t<div class=\"elementor-container elementor-column-gap-default\">\n\t\t\t\t\t<div class=\"elementor-column elementor-col-100 elementor-top-column elementor-element elementor-element-ab17e4c\" data-id=\"ab17e4c\" data-element_type=\"column\" data-e-type=\"column\">\n\t\t\t<div class=\"elementor-widget-wrap elementor-element-populated\">\n\t\t\t\t\t\t<div class=\"elementor-element elementor-element-32d14ef elementor-widget elementor-widget-text-editor\" data-id=\"32d14ef\" data-element_type=\"widget\" data-e-type=\"widget\" data-widget_type=\"text-editor.default\">\n\t\t\t\t\t\t\t\t\t<p>Despu\u00e9s su compa\u00f1\u00eda lo traslad\u00f3 a Budapest, para dirigir las ventas en los pa\u00edses de Africa, Ocean\u00eda y Medio Oriente.\u00a0<\/p><p>\u201cMe conoc\u00ed medio mundo, pero sobre todo, conoc\u00ed gente fant\u00e1stica, maravillosa. Yo era el gerente regional, pero siempre me gustaba ir a platicar con todos los clientes, ir a sus plantas, granjas y ver de cerca el uso de los productos. As\u00ed descubr\u00ed que el mayor activo de toda persona y de todo profesional es conocer a la gente\u201d.<\/p>\t\t\t\t\t\t\t\t<\/div>\n\t\t\t\t\t<\/div>\n\t\t<\/div>\n\t\t\t\t\t<\/div>\n\t\t<\/section>\n\t\t\t\t<section data-particle_enable=\"false\" data-particle-mobile-disabled=\"false\" class=\"elementor-section elementor-top-section elementor-element elementor-element-f4488c8 elementor-section-boxed elementor-section-height-default elementor-section-height-default\" data-id=\"f4488c8\" data-element_type=\"section\" data-e-type=\"section\">\n\t\t\t\t\t\t<div class=\"elementor-container elementor-column-gap-default\">\n\t\t\t\t\t<div class=\"elementor-column elementor-col-100 elementor-top-column elementor-element elementor-element-d902a3d\" data-id=\"d902a3d\" data-element_type=\"column\" data-e-type=\"column\">\n\t\t\t<div class=\"elementor-widget-wrap elementor-element-populated\">\n\t\t\t\t\t\t<div class=\"elementor-element elementor-element-357d442 elementor-invisible elementor-widget elementor-widget-heading\" data-id=\"357d442\" data-element_type=\"widget\" data-e-type=\"widget\" data-settings=\"{&quot;_animation&quot;:&quot;bounceInLeft&quot;}\" data-widget_type=\"heading.default\">\n\t\t\t\t\t<h2 class=\"elementor-heading-title elementor-size-default\">Ning\u00fan aprendizaje es gratis <\/h2>\t\t\t\t<\/div>\n\t\t\t\t\t<\/div>\n\t\t<\/div>\n\t\t\t\t\t<\/div>\n\t\t<\/section>\n\t\t\t\t<section data-particle_enable=\"false\" data-particle-mobile-disabled=\"false\" class=\"elementor-section elementor-top-section elementor-element elementor-element-4c08d0f elementor-section-boxed elementor-section-height-default elementor-section-height-default\" data-id=\"4c08d0f\" data-element_type=\"section\" data-e-type=\"section\">\n\t\t\t\t\t\t<div class=\"elementor-container elementor-column-gap-default\">\n\t\t\t\t\t<div class=\"elementor-column elementor-col-100 elementor-top-column elementor-element elementor-element-30a054f\" data-id=\"30a054f\" data-element_type=\"column\" data-e-type=\"column\">\n\t\t\t<div class=\"elementor-widget-wrap elementor-element-populated\">\n\t\t\t\t\t\t<div class=\"elementor-element elementor-element-f3c0eb6 elementor-widget elementor-widget-text-editor\" data-id=\"f3c0eb6\" data-element_type=\"widget\" data-e-type=\"widget\" data-widget_type=\"text-editor.default\">\n\t\t\t\t\t\t\t\t\t<p>De vuelta en aquel dif\u00edcil 2005, cuando se qued\u00f3 con Q100 en la bolsa producto de la crisis recuerda algo clave.<\/p><p>\u00a0\u201cPod\u00eda comprar algo de comida o alg\u00fan cuaderno para mis hijos (tiene 3 hijos). Pero me encontr\u00e9 con un libro <i>C\u00f3mo ser exitoso en los negocios<\/i>, de Ida Greene. Lo compr\u00e9. Porque lo m\u00e1s valioso e importante que podes hacer con tu vida, sobre todo en crisis, es aprender, cultivarte, crecer. Porque nadie nos va a venir a salvar. Ni tu pareja, ni el presidente, ni tu religi\u00f3n, sino tu esfuerzo. Hasta la fecha\u00a0 \u00a0tengo el libro en mi escritorio y por eso lo recomiendo a quien puedo&#8221;.<\/p><p>&#8220;La mejor inversi\u00f3n que una persona puede hacer es en s\u00ed mismo: en cultivarse, aprender, un idioma, una nueva disciplina, una habilidad. Pero nada es gratis&#8221;.<\/p>\t\t\t\t\t\t\t\t<\/div>\n\t\t\t\t\t<\/div>\n\t\t<\/div>\n\t\t\t\t\t<\/div>\n\t\t<\/section>\n\t\t\t\t<section data-particle_enable=\"false\" data-particle-mobile-disabled=\"false\" class=\"elementor-section elementor-top-section elementor-element elementor-element-2a2d248 elementor-section-boxed elementor-section-height-default elementor-section-height-default\" data-id=\"2a2d248\" data-element_type=\"section\" data-e-type=\"section\">\n\t\t\t\t\t\t<div class=\"elementor-container elementor-column-gap-default\">\n\t\t\t\t\t<div class=\"elementor-column elementor-col-100 elementor-top-column elementor-element elementor-element-e51beb1\" data-id=\"e51beb1\" data-element_type=\"column\" data-e-type=\"column\">\n\t\t\t<div class=\"elementor-widget-wrap elementor-element-populated\">\n\t\t\t\t\t\t<div class=\"elementor-element elementor-element-e636932 elementor-widget elementor-widget-image\" data-id=\"e636932\" data-element_type=\"widget\" data-e-type=\"widget\" data-widget_type=\"image.default\">\n\t\t\t\t\t\t\t\t\t\t\t\t<figure class=\"wp-caption\">\n\t\t\t\t\t\t\t\t\t\t<img loading=\"lazy\" decoding=\"async\" width=\"1024\" height=\"682\" src=\"https:\/\/soymigrante.com\/revista\/wp-content\/uploads\/2023\/07\/Migrante-guatemalteco-Rodolfo-Arreaga-empresario-y-trotamundos-8-1024x682.webp\" class=\"attachment-large size-large wp-image-1838\" alt=\"&quot;Muy buenos d\u00edas o muy buenas tardes. Soy Rodolfo Arreaga y soy guatemalteco&quot;, es la presentaci\u00f3n usual que hace este exitoso profesional en cualquier parte del mundo al iniciar una participaci\u00f3n.\" srcset=\"https:\/\/soymigrante.com\/revista\/wp-content\/uploads\/2023\/07\/Migrante-guatemalteco-Rodolfo-Arreaga-empresario-y-trotamundos-8-1024x682.webp 1024w, https:\/\/soymigrante.com\/revista\/wp-content\/uploads\/2023\/07\/Migrante-guatemalteco-Rodolfo-Arreaga-empresario-y-trotamundos-8-300x200.webp 300w, https:\/\/soymigrante.com\/revista\/wp-content\/uploads\/2023\/07\/Migrante-guatemalteco-Rodolfo-Arreaga-empresario-y-trotamundos-8-768x512.webp 768w, https:\/\/soymigrante.com\/revista\/wp-content\/uploads\/2023\/07\/Migrante-guatemalteco-Rodolfo-Arreaga-empresario-y-trotamundos-8-750x500.webp 750w, https:\/\/soymigrante.com\/revista\/wp-content\/uploads\/2023\/07\/Migrante-guatemalteco-Rodolfo-Arreaga-empresario-y-trotamundos-8-1140x759.webp 1140w, https:\/\/soymigrante.com\/revista\/wp-content\/uploads\/2023\/07\/Migrante-guatemalteco-Rodolfo-Arreaga-empresario-y-trotamundos-8-600x400.webp 600w, https:\/\/soymigrante.com\/revista\/wp-content\/uploads\/2023\/07\/Migrante-guatemalteco-Rodolfo-Arreaga-empresario-y-trotamundos-8.webp 1231w\" sizes=\"(max-width: 1024px) 100vw, 1024px\" title=\"&quot;Muy buenos d\u00edas o muy buenas tardes. Soy Rodolfo Arreaga y soy guatemalteco&quot;, es la presentaci\u00f3n usual que hace este exitoso profesional en cualquier parte del mundo al iniciar una participaci\u00f3n. \u2013 SoyMigrante.com REVISTA\" \/>\t\t\t\t\t\t\t\t\t\t\t<figcaption class=\"widget-image-caption wp-caption-text\">\"Muy buenos d\u00edas o muy buenas tardes. Soy Rodolfo Arreaga y soy guatemalteco\", es la presentaci\u00f3n usual que hace este exitoso profesional en cualquier parte del mundo al iniciar una participaci\u00f3n.<\/figcaption>\n\t\t\t\t\t\t\t\t\t\t<\/figure>\n\t\t\t\t\t\t\t\t\t<\/div>\n\t\t\t\t\t<\/div>\n\t\t<\/div>\n\t\t\t\t\t<\/div>\n\t\t<\/section>\n\t\t\t\t<section data-particle_enable=\"false\" data-particle-mobile-disabled=\"false\" class=\"elementor-section elementor-top-section elementor-element elementor-element-0ab6dff elementor-section-boxed elementor-section-height-default elementor-section-height-default\" data-id=\"0ab6dff\" data-element_type=\"section\" data-e-type=\"section\">\n\t\t\t\t\t\t<div class=\"elementor-container elementor-column-gap-default\">\n\t\t\t\t\t<div class=\"elementor-column elementor-col-100 elementor-top-column elementor-element elementor-element-7897ddb\" data-id=\"7897ddb\" data-element_type=\"column\" data-e-type=\"column\">\n\t\t\t<div class=\"elementor-widget-wrap elementor-element-populated\">\n\t\t\t\t\t\t<div class=\"elementor-element elementor-element-5261b9d elementor-widget elementor-widget-heading\" data-id=\"5261b9d\" data-element_type=\"widget\" data-e-type=\"widget\" data-widget_type=\"heading.default\">\n\t\t\t\t\t<h2 class=\"elementor-heading-title elementor-size-default\">Desde El Paso, Texas, a\u00f1ora el sabor, la belleza y el potencial de Guatemala<\/h2>\t\t\t\t<\/div>\n\t\t\t\t\t<\/div>\n\t\t<\/div>\n\t\t\t\t\t<\/div>\n\t\t<\/section>\n\t\t\t\t<section data-particle_enable=\"false\" data-particle-mobile-disabled=\"false\" class=\"elementor-section elementor-top-section elementor-element elementor-element-5759e47 elementor-section-boxed elementor-section-height-default elementor-section-height-default\" data-id=\"5759e47\" data-element_type=\"section\" data-e-type=\"section\">\n\t\t\t\t\t\t<div class=\"elementor-container elementor-column-gap-default\">\n\t\t\t\t\t<div class=\"elementor-column elementor-col-100 elementor-top-column elementor-element elementor-element-88ec15b\" data-id=\"88ec15b\" data-element_type=\"column\" data-e-type=\"column\">\n\t\t\t<div class=\"elementor-widget-wrap elementor-element-populated\">\n\t\t\t\t\t\t<div class=\"elementor-element elementor-element-bb41f2e elementor-widget elementor-widget-text-editor\" data-id=\"bb41f2e\" data-element_type=\"widget\" data-e-type=\"widget\" data-widget_type=\"text-editor.default\">\n\t\t\t\t\t\t\t\t\t<p><span style=\"color: var( --e-global-color-text ); background-color: var(--ak-bg-color);\">Despu\u00e9s de 20 a\u00f1os de exitosa carrera en la compa\u00f1\u00eda de suministros av\u00edcolas, Rodolfo fund\u00f3 su propia consultora, en El Paso Texas.\u00a0<\/span><\/p><p><span style=\"color: var( --e-global-color-text ); background-color: var(--ak-bg-color);\">Super\u00f3 un divorcio. No fue f\u00e1cil, pero lo asumi\u00f3 como un duro aprendizaje. &#8220;Tanto viajar ten\u00eda que pasar su cuota&#8221;, comenta.\u00a0 Se volvi\u00f3 a casar y sigue adelante.\u00a0\u00a0<\/span><\/p><p><span style=\"color: var( --e-global-color-text ); background-color: var(--ak-bg-color);\">Pero eso s\u00ed. hay algo insustituible, que no valor\u00f3 de joven -seg\u00fan reconoce- pero que hoy es clave: \u201cLos sabores de Guatemala. Yo no como tortillas aqu\u00ed, ni en M\u00ebxico. Solo en Guatemala porque solo all\u00e1 tienen ese sabor. Y eso me lleva a algo m\u00e1s importante. Hay tantas cosas valiosas, \u00fanicas, que tenemos los guatemaltecos. Lamentablemente a veces se cree que alguien m\u00e1s har\u00e1 lo que nosotros no hacemos. Y por eso El Salvador o Costa Rica se venden con \u00e9xito, aunque tienen mucho menos riquezas que nosotros: mir\u00e1 Tikal, mir\u00e1 La Antigua, mir\u00e1 Atitl\u00e1n y mir\u00e1 tantos tesoros m\u00e1s, mir\u00e1 nuestra gente cordial, amable, hospitalaria, trabajadora, pero a\u00fan as\u00ed la industria tur\u00edstica de Guatemala no despega\u201d.<br \/><br \/><\/span><\/p>\t\t\t\t\t\t\t\t<\/div>\n\t\t\t\t\t<\/div>\n\t\t<\/div>\n\t\t\t\t\t<\/div>\n\t\t<\/section>\n\t\t\t\t<section data-particle_enable=\"false\" data-particle-mobile-disabled=\"false\" class=\"elementor-section elementor-top-section elementor-element elementor-element-5d680fb elementor-section-boxed elementor-section-height-default elementor-section-height-default\" data-id=\"5d680fb\" data-element_type=\"section\" data-e-type=\"section\">\n\t\t\t\t\t\t<div class=\"elementor-container elementor-column-gap-default\">\n\t\t\t\t\t<div class=\"elementor-column elementor-col-100 elementor-top-column elementor-element elementor-element-ca80704\" data-id=\"ca80704\" data-element_type=\"column\" data-e-type=\"column\">\n\t\t\t<div class=\"elementor-widget-wrap elementor-element-populated\">\n\t\t\t\t\t\t<div class=\"elementor-element elementor-element-28f648f elementor-widget elementor-widget-image\" data-id=\"28f648f\" data-element_type=\"widget\" data-e-type=\"widget\" data-widget_type=\"image.default\">\n\t\t\t\t\t\t\t\t\t\t\t\t<figure class=\"wp-caption\">\n\t\t\t\t\t\t\t\t\t\t<img loading=\"lazy\" decoding=\"async\" width=\"640\" height=\"480\" src=\"https:\/\/soymigrante.com\/revista\/wp-content\/uploads\/2023\/07\/Migrante-guatemalteco-Rodolfo-Arreaga-empresario-y-trotamundos-7.webp\" class=\"attachment-large size-large wp-image-1837\" alt=\"Participaci\u00f3n en Foro Agr\u00edcola en Arabia Sauidita en 2016. &quot;Cada viaje, cada proyecto ha sido de ganar muchas experienccias&quot;, cuenta Rodolfo Arreaga.\" srcset=\"https:\/\/soymigrante.com\/revista\/wp-content\/uploads\/2023\/07\/Migrante-guatemalteco-Rodolfo-Arreaga-empresario-y-trotamundos-7.webp 640w, https:\/\/soymigrante.com\/revista\/wp-content\/uploads\/2023\/07\/Migrante-guatemalteco-Rodolfo-Arreaga-empresario-y-trotamundos-7-300x225.webp 300w\" sizes=\"(max-width: 640px) 100vw, 640px\" title=\"Participaci\u00f3n en Foro Agr\u00edcola en Arabia Sauidita en 2016. &quot;Cada viaje, cada proyecto ha sido de ganar muchas experienccias&quot;,  cuenta Rodolfo Arreaga. \u2013 SoyMigrante.com REVISTA\" \/>\t\t\t\t\t\t\t\t\t\t\t<figcaption class=\"widget-image-caption wp-caption-text\">Participaci\u00f3n en Foro Agr\u00edcola en Arabia Sauidita en 2016. \"Cada viaje, cada proyecto ha sido de ganar muchas experienccias\",  cuenta Rodolfo Arreaga.<\/figcaption>\n\t\t\t\t\t\t\t\t\t\t<\/figure>\n\t\t\t\t\t\t\t\t\t<\/div>\n\t\t\t\t\t<\/div>\n\t\t<\/div>\n\t\t\t\t\t<\/div>\n\t\t<\/section>\n\t\t\t\t<\/div>\n\t\t","protected":false},"excerpt":{"rendered":"<p>Rodolfo Arreaga ha tocado la cima pero tambi\u00e9n el suelo. Por ello define el \u00e9xito como &#8220;asumir que solo vos sos el responsable de tu vida: nadie te va a venir a salvar y ten\u00e9s que hacerte due\u00f1o de tus decisiones&#8221;. Esta es es la historia de un Trotamundos s\u00faper chap\u00edn. El agr\u00f3nomo y migrante [&hellip;]<\/p>\n","protected":false},"author":7,"featured_media":1832,"comment_status":"open","ping_status":"open","sticky":false,"template":"","format":"standard","meta":{"_acf_changed":false,"_eb_attr":"","footnotes":""},"categories":[50,274],"tags":[295],"class_list":["post-1829","post","type-post","status-publish","format-standard","has-post-thumbnail","hentry","category-exitos","category-guatemala","tag-texas"],"acf":[],"aioseo_notices":[],"aioseo_head":"\n\t\t<!-- All in One SEO Pro 4.9.6.2 - aioseo.com -->\n\t<meta name=\"description\" content=\"Desde Guatemala hasta Texas, descubre la trayectoria de Rodolfo Arreaga, un migrante que ha dejado huella en la industria agr\u00edcola mundial.\" \/>\n\t<meta name=\"robots\" content=\"max-snippet:-1, max-image-preview:large, max-video-preview:-1\" \/>\n\t<meta name=\"author\" content=\"Gustavo Montenegro\"\/>\n\t<link rel=\"canonical\" href=\"https:\/\/soymigrante.com\/revista\/rodolfo-arreaga-agronomo-guatemalteco-migrante\/\" \/>\n\t<meta name=\"generator\" content=\"All in One SEO Pro (AIOSEO) 4.9.6.2\" \/>\n\n\t\t<link rel=\"preconnect\" href=\"https:\/\/fonts.googleapis.com\" crossorigin>\n<link rel=\"preconnect\" href=\"https:\/\/fonts.gstatic.com\" crossorigin>\n\t\t<meta property=\"og:locale\" content=\"es_ES\" \/>\n\t\t<meta property=\"og:site_name\" content=\"SoyMigrante.com REVISTA \u2013 Nuestra misi\u00f3n es reconocer y dignificar al migrante.\" \/>\n\t\t<meta property=\"og:type\" content=\"article\" \/>\n\t\t<meta property=\"og:title\" content=\"Agr\u00f3nomo guatemalteco Rodolfo Arreaga conquista los cinco continentes: lecciones aprendidas\" \/>\n\t\t<meta property=\"og:description\" content=\"Desde Guatemala hasta Texas, descubre la trayectoria de Rodolfo Arreaga, un migrante que ha dejado huella en la industria agr\u00edcola mundial.\" \/>\n\t\t<meta property=\"og:url\" content=\"https:\/\/soymigrante.com\/revista\/rodolfo-arreaga-agronomo-guatemalteco-migrante\/\" \/>\n\t\t<meta property=\"og:image\" content=\"https:\/\/soymigrante.com\/revista\/wp-content\/uploads\/2023\/07\/Migrante-guatemalteco-Rodolfo-Arreaga-empresario-y-trotamundos-2.webp\" \/>\n\t\t<meta property=\"og:image:secure_url\" content=\"https:\/\/soymigrante.com\/revista\/wp-content\/uploads\/2023\/07\/Migrante-guatemalteco-Rodolfo-Arreaga-empresario-y-trotamundos-2.webp\" \/>\n\t\t<meta property=\"og:image:width\" content=\"562\" \/>\n\t\t<meta property=\"og:image:height\" content=\"562\" \/>\n\t\t<meta property=\"article:published_time\" content=\"2023-07-12T21:16:43+00:00\" \/>\n\t\t<meta property=\"article:modified_time\" content=\"2026-03-11T22:47:44+00:00\" \/>\n\t\t<meta property=\"article:publisher\" content=\"https:\/\/www.facebook.com\/soymigrantecom\" \/>\n\t\t<meta name=\"twitter:card\" content=\"summary_large_image\" \/>\n\t\t<meta name=\"twitter:site\" content=\"@SoyMigrante_com\" \/>\n\t\t<meta name=\"twitter:title\" content=\"Agr\u00f3nomo guatemalteco Rodolfo Arreaga conquista los cinco continentes: lecciones aprendidas\" \/>\n\t\t<meta name=\"twitter:description\" content=\"Desde Guatemala hasta Texas, descubre la trayectoria de Rodolfo Arreaga, un migrante que ha dejado huella en la industria agr\u00edcola mundial.\" \/>\n\t\t<meta name=\"twitter:creator\" content=\"@SoyMigrante_com\" \/>\n\t\t<meta name=\"twitter:image\" content=\"https:\/\/soymigrante.com\/revista\/wp-content\/uploads\/2023\/07\/Migrante-guatemalteco-Rodolfo-Arreaga-empresario-y-trotamundos-2.webp\" \/>\n\t\t<!-- All in One SEO Pro -->\r\n\t\t<title>Agr\u00f3nomo guatemalteco Rodolfo Arreaga conquista los cinco continentes: lecciones aprendidas<\/title>\n\n","aioseo_head_json":{"title":"Agr\u00f3nomo guatemalteco Rodolfo Arreaga conquista los cinco continentes: lecciones aprendidas","description":"Desde Guatemala hasta Texas, descubre la trayectoria de Rodolfo Arreaga, un migrante que ha dejado huella en la industria agr\u00edcola mundial.","canonical_url":"https:\/\/soymigrante.com\/revista\/rodolfo-arreaga-agronomo-guatemalteco-migrante\/","robots":"max-snippet:-1, max-image-preview:large, max-video-preview:-1","keywords":"","webmasterTools":{"miscellaneous":"&lt;link rel=\"preconnect\" href=\"https:\/\/fonts.googleapis.com\" crossorigin&gt;\n&lt;link rel=\"preconnect\" href=\"https:\/\/fonts.gstatic.com\" crossorigin&gt;"},"schema":null,"og:locale":"es_ES","og:site_name":"SoyMigrante.com REVISTA \u2013 Nuestra misi\u00f3n es reconocer y dignificar al migrante.","og:type":"article","og:title":"Agr\u00f3nomo guatemalteco Rodolfo Arreaga conquista los cinco continentes: lecciones aprendidas","og:description":"Desde Guatemala hasta Texas, descubre la trayectoria de Rodolfo Arreaga, un migrante que ha dejado huella en la industria agr\u00edcola mundial.","og:url":"https:\/\/soymigrante.com\/revista\/rodolfo-arreaga-agronomo-guatemalteco-migrante\/","og:image":"https:\/\/soymigrante.com\/revista\/wp-content\/uploads\/2023\/07\/Migrante-guatemalteco-Rodolfo-Arreaga-empresario-y-trotamundos-2.webp","og:image:secure_url":"https:\/\/soymigrante.com\/revista\/wp-content\/uploads\/2023\/07\/Migrante-guatemalteco-Rodolfo-Arreaga-empresario-y-trotamundos-2.webp","og:image:width":562,"og:image:height":562,"article:published_time":"2023-07-12T21:16:43+00:00","article:modified_time":"2026-03-11T22:47:44+00:00","article:publisher":"https:\/\/www.facebook.com\/soymigrantecom","twitter:card":"summary_large_image","twitter:site":"@SoyMigrante_com","twitter:title":"Agr\u00f3nomo guatemalteco Rodolfo Arreaga conquista los cinco continentes: lecciones aprendidas","twitter:description":"Desde Guatemala hasta Texas, descubre la trayectoria de Rodolfo Arreaga, un migrante que ha dejado huella en la industria agr\u00edcola mundial.","twitter:creator":"@SoyMigrante_com","twitter:image":"https:\/\/soymigrante.com\/revista\/wp-content\/uploads\/2023\/07\/Migrante-guatemalteco-Rodolfo-Arreaga-empresario-y-trotamundos-2.webp"},"aioseo_meta_data":{"post_id":"1829","title":null,"description":"Desde Guatemala hasta Texas, descubre la trayectoria de Rodolfo Arreaga, un migrante que ha dejado huella en la industria agr\u00edcola mundial.","keywords":null,"keyphrases":{"focus":{"keyphrase":"guatemalteco","score":82,"analysis":{"keyphraseInTitle":{"score":9,"maxScore":9,"error":0},"keyphraseInDescription":{"score":3,"maxScore":9,"error":1},"keyphraseLength":{"score":9,"maxScore":9,"error":0,"length":1},"keyphraseInURL":{"score":5,"maxScore":5,"error":0},"keyphraseInIntroduction":{"score":9,"maxScore":9,"error":0},"keyphraseInSubHeadings":{"score":3,"maxScore":9,"error":1},"keyphraseInImageAlt":{"score":9,"maxScore":9,"error":0},"keywordDensity":{"type":"best","score":9,"maxScore":9,"error":0}}},"additional":[]},"primary_term":null,"canonical_url":null,"og_title":null,"og_description":null,"og_object_type":"default","og_image_type":"default","og_image_url":null,"og_image_width":null,"og_image_height":null,"og_image_custom_url":null,"og_image_custom_fields":null,"og_video":"","og_custom_url":null,"og_article_section":null,"og_article_tags":null,"twitter_use_og":false,"twitter_card":"default","twitter_image_type":"default","twitter_image_url":null,"twitter_image_custom_url":null,"twitter_image_custom_fields":null,"twitter_title":null,"twitter_description":null,"schema":{"blockGraphs":[],"customGraphs":[],"default":{"data":{"Article":[],"Course":[],"Dataset":[],"FAQPage":[],"Movie":[],"Person":[],"Product":[],"ProductReview":[],"Car":[],"Recipe":[],"Service":[],"SoftwareApplication":[],"WebPage":[]},"graphName":"NewsArticle","isEnabled":true},"graphs":[]},"schema_type":"default","schema_type_options":null,"pillar_content":false,"robots_default":true,"robots_noindex":false,"robots_noarchive":false,"robots_nosnippet":false,"robots_nofollow":false,"robots_noimageindex":false,"robots_noodp":false,"robots_notranslate":false,"robots_max_snippet":"-1","robots_max_videopreview":"-1","robots_max_imagepreview":"large","priority":null,"frequency":"default","local_seo":null,"seo_analyzer_scan_date":"2026-04-10 15:26:32","breadcrumb_settings":null,"limit_modified_date":false,"reviewed_by":"0","open_ai":null,"ai":{"faqs":[],"keyPoints":[],"titles":[],"descriptions":[],"socialPosts":{"email":[],"linkedin":[],"twitter":[],"facebook":[],"instagram":[]}},"created":"2023-08-18 14:18:08","updated":"2026-04-10 15:26:32"},"aioseo_breadcrumb":"<div class=\"aioseo-breadcrumbs\"><span class=\"aioseo-breadcrumb\">\n\t<a href=\"https:\/\/soymigrante.com\/revista\" title=\"Home\">Home<\/a>\n<\/span><span class=\"aioseo-breadcrumb-separator\">\u00bb<\/span><span class=\"aioseo-breadcrumb\">\n\t<a href=\"https:\/\/soymigrante.com\/revista\/category\/exitos\/\" title=\"\u00c9xitos\">\u00c9xitos<\/a>\n<\/span><span class=\"aioseo-breadcrumb-separator\">\u00bb<\/span><span class=\"aioseo-breadcrumb\">\n\t<a href=\"https:\/\/soymigrante.com\/revista\/category\/exitos\/guatemala\/\" title=\"Guatemala\">Guatemala<\/a>\n<\/span><span class=\"aioseo-breadcrumb-separator\">\u00bb<\/span><span class=\"aioseo-breadcrumb\">\n\tAgr\u00f3nomo guatemalteco Rodolfo Arreaga conquista los cinco continentes: lecciones aprendidas\n<\/span><\/div>","aioseo_breadcrumb_json":[{"label":"Home","link":"https:\/\/soymigrante.com\/revista"},{"label":"\u00c9xitos","link":"https:\/\/soymigrante.com\/revista\/category\/exitos\/"},{"label":"Guatemala","link":"https:\/\/soymigrante.com\/revista\/category\/exitos\/guatemala\/"},{"label":"Agr\u00f3nomo guatemalteco Rodolfo Arreaga conquista los cinco continentes: lecciones aprendidas","link":"https:\/\/soymigrante.com\/revista\/rodolfo-arreaga-agronomo-guatemalteco-migrante\/"}],"_links":{"self":[{"href":"https:\/\/soymigrante.com\/revista\/wp-json\/wp\/v2\/posts\/1829","targetHints":{"allow":["GET"]}}],"collection":[{"href":"https:\/\/soymigrante.com\/revista\/wp-json\/wp\/v2\/posts"}],"about":[{"href":"https:\/\/soymigrante.com\/revista\/wp-json\/wp\/v2\/types\/post"}],"author":[{"embeddable":true,"href":"https:\/\/soymigrante.com\/revista\/wp-json\/wp\/v2\/users\/7"}],"replies":[{"embeddable":true,"href":"https:\/\/soymigrante.com\/revista\/wp-json\/wp\/v2\/comments?post=1829"}],"version-history":[{"count":1,"href":"https:\/\/soymigrante.com\/revista\/wp-json\/wp\/v2\/posts\/1829\/revisions"}],"predecessor-version":[{"id":53588,"href":"https:\/\/soymigrante.com\/revista\/wp-json\/wp\/v2\/posts\/1829\/revisions\/53588"}],"wp:featuredmedia":[{"embeddable":true,"href":"https:\/\/soymigrante.com\/revista\/wp-json\/wp\/v2\/media\/1832"}],"wp:attachment":[{"href":"https:\/\/soymigrante.com\/revista\/wp-json\/wp\/v2\/media?parent=1829"}],"wp:term":[{"taxonomy":"category","embeddable":true,"href":"https:\/\/soymigrante.com\/revista\/wp-json\/wp\/v2\/categories?post=1829"},{"taxonomy":"post_tag","embeddable":true,"href":"https:\/\/soymigrante.com\/revista\/wp-json\/wp\/v2\/tags?post=1829"}],"curies":[{"name":"wp","href":"https:\/\/api.w.org\/{rel}","templated":true}]}}