{"id":18209,"date":"2026-03-01T17:23:08","date_gmt":"2026-03-01T23:23:08","guid":{"rendered":"https:\/\/soymigrante.com\/revista\/?p=18209"},"modified":"2026-03-01T14:23:31","modified_gmt":"2026-03-01T20:23:31","slug":"la-ropa-sucia-como-herramienta-de-salud-mental-reinventando-las-tareas-diarias","status":"publish","type":"post","link":"https:\/\/soymigrante.com\/revista\/la-ropa-sucia-como-herramienta-de-salud-mental-reinventando-las-tareas-diarias\/","title":{"rendered":"\u00bfLa ropa sucia como recurso de salud mental? Reinventa tus tareas diarias"},"content":{"rendered":"\t\t<div data-elementor-type=\"wp-post\" data-elementor-id=\"18209\" class=\"elementor elementor-18209\" data-elementor-post-type=\"post\">\n\t\t\t\t<div data-particle_enable=\"false\" data-particle-mobile-disabled=\"false\" class=\"elementor-element elementor-element-2abe7d7 e-flex e-con-boxed e-con e-parent\" data-id=\"2abe7d7\" data-element_type=\"container\" data-e-type=\"container\">\n\t\t\t\t\t<div class=\"e-con-inner\">\n\t\t\t\t<div class=\"elementor-element elementor-element-0ddb045 elementor-widget elementor-widget-heading\" data-id=\"0ddb045\" data-element_type=\"widget\" data-e-type=\"widget\" data-widget_type=\"heading.default\">\n\t\t\t\t\t<h2 class=\"elementor-heading-title elementor-size-default\">Cuando enfrentamos la depresi\u00f3n, incluso las tareas m\u00e1s simples como lavar la ropa pueden parecer monta\u00f1as imposibles de escalar. Pero, \u00bfy si aprendemos a verlas desde otro enfoque?<\/h2>\t\t\t\t<\/div>\n\t\t\t\t\t<\/div>\n\t\t\t\t<\/div>\n\t\t<div data-particle_enable=\"false\" data-particle-mobile-disabled=\"false\" class=\"elementor-element elementor-element-8c09ab7 e-flex e-con-boxed e-con e-parent\" data-id=\"8c09ab7\" data-element_type=\"container\" data-e-type=\"container\">\n\t\t\t\t\t<div class=\"e-con-inner\">\n\t\t\t\t<div class=\"elementor-element elementor-element-9ab53e0 elementor-widget elementor-widget-text-editor\" data-id=\"9ab53e0\" data-element_type=\"widget\" data-e-type=\"widget\" data-widget_type=\"text-editor.default\">\n\t\t\t\t\t\t\t\t\t<p>Las tareas dom\u00e9sticas no son un reflejo de nuestra moralidad, sino herramientas para cuidar de nosotros mismos. Descubre c\u00f3mo transformar\u00a0 esa situaci\u00f3n en un acto de compasi\u00f3n personal.<\/p><p>Lavar la ropa puede parecer una tarea mundana, pero para quienes luchan con la salud mental, puede convertirse en un verdadero desaf\u00edo. Esto es lo que descubri\u00f3 KC David, una terapeuta con TDAH tras enfrentarse a la ansiedad postparto, la pandemia y\u00a0<a style=\"text-align: var(--text-align)\" href=\"https:\/\/soymigrante.com\/revista\/como-lidiar-con-el-choque-cultural-en-ninos-y-jovenes-al-llegar-a-usa\/\" target=\"_blank\" rel=\"noopener\">las exigencias del cuidado de dos hijos peque\u00f1os.<\/a><\/p>\t\t\t\t\t\t\t\t<\/div>\n\t\t\t\t\t<\/div>\n\t\t\t\t<\/div>\n\t\t<div data-particle_enable=\"false\" data-particle-mobile-disabled=\"false\" class=\"elementor-element elementor-element-86b9869 e-flex e-con-boxed e-con e-parent\" data-id=\"86b9869\" data-element_type=\"container\" data-e-type=\"container\">\n\t\t\t\t\t<div class=\"e-con-inner\">\n\t\t\t\t<div class=\"elementor-element elementor-element-d8b5174 elementor-widget elementor-widget-image\" data-id=\"d8b5174\" data-element_type=\"widget\" data-e-type=\"widget\" data-widget_type=\"image.default\">\n\t\t\t\t\t\t\t\t\t\t\t\t\t\t\t<img fetchpriority=\"high\" decoding=\"async\" width=\"1024\" height=\"1024\" src=\"https:\/\/soymigrante.com\/revista\/wp-content\/uploads\/2024\/12\/depresion-lavar-ropa-4-scaled-e1735314901896-1024x1024.webp\" class=\"attachment-large size-large wp-image-18229\" alt=\"Lavander\u00eda con mujer inmigrante lavando ropa, s\u00edmbolo de trabajo y adaptaci\u00f3n en el contexto migratorio.\" srcset=\"https:\/\/soymigrante.com\/revista\/wp-content\/uploads\/2024\/12\/depresion-lavar-ropa-4-scaled-e1735314901896-1024x1024.webp 1024w, https:\/\/soymigrante.com\/revista\/wp-content\/uploads\/2024\/12\/depresion-lavar-ropa-4-scaled-e1735314901896-300x300.webp 300w, https:\/\/soymigrante.com\/revista\/wp-content\/uploads\/2024\/12\/depresion-lavar-ropa-4-scaled-e1735314901896-150x150.webp 150w, https:\/\/soymigrante.com\/revista\/wp-content\/uploads\/2024\/12\/depresion-lavar-ropa-4-scaled-e1735314901896-768x768.webp 768w, https:\/\/soymigrante.com\/revista\/wp-content\/uploads\/2024\/12\/depresion-lavar-ropa-4-scaled-e1735314901896-75x75.webp 75w, https:\/\/soymigrante.com\/revista\/wp-content\/uploads\/2024\/12\/depresion-lavar-ropa-4-scaled-e1735314901896-750x750.webp 750w, https:\/\/soymigrante.com\/revista\/wp-content\/uploads\/2024\/12\/depresion-lavar-ropa-4-scaled-e1735314901896.webp 1140w\" sizes=\"(max-width: 1024px) 100vw, 1024px\" title=\"depresion lavar ropa 4 \u2013 SoyMigrante.com REVISTA\" \/>\t\t\t\t\t\t\t\t\t\t\t\t\t\t\t<\/div>\n\t\t\t\t\t<\/div>\n\t\t\t\t<\/div>\n\t\t<div data-particle_enable=\"false\" data-particle-mobile-disabled=\"false\" class=\"elementor-element elementor-element-6fd0e27 e-flex e-con-boxed e-con e-parent\" data-id=\"6fd0e27\" data-element_type=\"container\" data-e-type=\"container\">\n\t\t\t\t\t<div class=\"e-con-inner\">\n\t\t\t\t<div class=\"elementor-element elementor-element-f74f6bc elementor-widget elementor-widget-heading\" data-id=\"f74f6bc\" data-element_type=\"widget\" data-e-type=\"widget\" data-widget_type=\"heading.default\">\n\t\t\t\t\t<h3 class=\"elementor-heading-title elementor-size-default\">Un nuevo enfoque para las tareas diarias<\/h3>\t\t\t\t<\/div>\n\t\t\t\t\t<\/div>\n\t\t\t\t<\/div>\n\t\t<div data-particle_enable=\"false\" data-particle-mobile-disabled=\"false\" class=\"elementor-element elementor-element-43ba9b5 e-flex e-con-boxed e-con e-parent\" data-id=\"43ba9b5\" data-element_type=\"container\" data-e-type=\"container\">\n\t\t\t\t\t<div class=\"e-con-inner\">\n\t\t\t\t<div class=\"elementor-element elementor-element-2cf3f71 elementor-widget elementor-widget-text-editor\" data-id=\"2cf3f71\" data-element_type=\"widget\" data-e-type=\"widget\" data-widget_type=\"text-editor.default\">\n\t\t\t\t\t\t\t\t\t<p>En un momento en que el apoyo externo desapareci\u00f3 debido al confinamiento por COVID-19, las tareas dom\u00e9sticas se acumularon y, con ellas, un sentimiento aplastante de fracaso. En un intento por lidiar con esta situaci\u00f3n, comenz\u00f3 a compartir v\u00eddeos en TikTok mostrando su desorden y las estrategias poco convencionales que implementaba para hacer frente al caos.<\/p><p>Aunque al principio tem\u00eda las cr\u00edticas, lo que recibi\u00f3 fue un torrente de historias de personas que enfrentaban barreras similares debido a la depresi\u00f3n, el TDAH, el duelo o problemas de salud cr\u00f3nicos.<\/p>\t\t\t\t\t\t\t\t<\/div>\n\t\t\t\t\t<\/div>\n\t\t\t\t<\/div>\n\t\t<div data-particle_enable=\"false\" data-particle-mobile-disabled=\"false\" class=\"elementor-element elementor-element-ddffb88 e-flex e-con-boxed e-con e-parent\" data-id=\"ddffb88\" data-element_type=\"container\" data-e-type=\"container\">\n\t\t\t\t\t<div class=\"e-con-inner\">\n\t\t\t\t<div class=\"elementor-element elementor-element-d382ed6 elementor-widget elementor-widget-image\" data-id=\"d382ed6\" data-element_type=\"widget\" data-e-type=\"widget\" data-widget_type=\"image.default\">\n\t\t\t\t\t\t\t\t\t\t\t\t\t\t\t<img decoding=\"async\" width=\"1024\" height=\"683\" src=\"https:\/\/soymigrante.com\/revista\/wp-content\/uploads\/2024\/12\/depresion-lavar-ropa-1024x683.jpg\" class=\"attachment-large size-large wp-image-18230\" alt=\"Lavador hispano en lavander\u00eda dom\u00e9stica, cargando ropa en la lavadora.\" srcset=\"https:\/\/soymigrante.com\/revista\/wp-content\/uploads\/2024\/12\/depresion-lavar-ropa-1024x683.jpg 1024w, https:\/\/soymigrante.com\/revista\/wp-content\/uploads\/2024\/12\/depresion-lavar-ropa-300x200.jpg 300w, https:\/\/soymigrante.com\/revista\/wp-content\/uploads\/2024\/12\/depresion-lavar-ropa-768x513.jpg 768w, https:\/\/soymigrante.com\/revista\/wp-content\/uploads\/2024\/12\/depresion-lavar-ropa-1536x1025.jpg 1536w, https:\/\/soymigrante.com\/revista\/wp-content\/uploads\/2024\/12\/depresion-lavar-ropa-2048x1367.jpg 2048w, https:\/\/soymigrante.com\/revista\/wp-content\/uploads\/2024\/12\/depresion-lavar-ropa-750x501.webp 750w, https:\/\/soymigrante.com\/revista\/wp-content\/uploads\/2024\/12\/depresion-lavar-ropa-1140x761.webp 1140w, https:\/\/soymigrante.com\/revista\/wp-content\/uploads\/2024\/12\/depresion-lavar-ropa-scaled.webp 1920w\" sizes=\"(max-width: 1024px) 100vw, 1024px\" title=\"depresion lavar ropa \u2013 SoyMigrante.com REVISTA\" \/>\t\t\t\t\t\t\t\t\t\t\t\t\t\t\t<\/div>\n\t\t\t\t\t<\/div>\n\t\t\t\t<\/div>\n\t\t<div data-particle_enable=\"false\" data-particle-mobile-disabled=\"false\" class=\"elementor-element elementor-element-29381bb e-flex e-con-boxed e-con e-parent\" data-id=\"29381bb\" data-element_type=\"container\" data-e-type=\"container\">\n\t\t\t\t\t<div class=\"e-con-inner\">\n\t\t\t\t<div class=\"elementor-element elementor-element-659b70b elementor-widget elementor-widget-heading\" data-id=\"659b70b\" data-element_type=\"widget\" data-e-type=\"widget\" data-widget_type=\"heading.default\">\n\t\t\t\t\t<h3 class=\"elementor-heading-title elementor-size-default\">La carga oculta de las tareas dom\u00e9sticas<\/h3>\t\t\t\t<\/div>\n\t\t\t\t\t<\/div>\n\t\t\t\t<\/div>\n\t\t<div data-particle_enable=\"false\" data-particle-mobile-disabled=\"false\" class=\"elementor-element elementor-element-d34c0fd e-flex e-con-boxed e-con e-parent\" data-id=\"d34c0fd\" data-element_type=\"container\" data-e-type=\"container\">\n\t\t\t\t\t<div class=\"e-con-inner\">\n\t\t\t\t<div class=\"elementor-element elementor-element-3834044 elementor-widget elementor-widget-text-editor\" data-id=\"3834044\" data-element_type=\"widget\" data-e-type=\"widget\" data-widget_type=\"text-editor.default\">\n\t\t\t\t\t\t\t\t\t<p>Algo tan simple como lavar la ropa implica m\u00faltiples pasos y decisiones: clasificar, elegir detergente, lavar, secar, doblar y guardar. Para muchos, estas tareas funcionan en piloto autom\u00e1tico, pero para millones de personas con salud mental fr\u00e1gil, este piloto autom\u00e1tico est\u00e1 roto.<\/p><p>\u00bfC\u00f3mo afrontar estas tareas cuando toda tu energ\u00eda se dedica a mantenerte a flote? Es aqu\u00ed donde surge un cambio radical: entender que las tareas dom\u00e9sticas son moralmente neutras. No completar la tarea no te hace una mala persona, del mismo modo que tener un armario organizado no te convierte en alguien moralmente superior. Lo importante no es c\u00f3mo se hacen las tareas, sino\u00a0<a style=\"text-align: var(--text-align)\" href=\"https:\/\/soymigrante.com\/revista\/se-pueden-trazar-metas-espirituales-como-lograr-una-mejora-interna\/\" target=\"_blank\" rel=\"noopener\">c\u00f3mo pueden adaptarse a tus necesidades actuales.<\/a><\/p>\t\t\t\t\t\t\t\t<\/div>\n\t\t\t\t\t<\/div>\n\t\t\t\t<\/div>\n\t\t<div data-particle_enable=\"false\" data-particle-mobile-disabled=\"false\" class=\"elementor-element elementor-element-3a91e2f e-flex e-con-boxed e-con e-parent\" data-id=\"3a91e2f\" data-element_type=\"container\" data-e-type=\"container\">\n\t\t\t\t\t<div class=\"e-con-inner\">\n\t\t\t\t<div class=\"elementor-element elementor-element-a0cabcb elementor-widget elementor-widget-video\" data-id=\"a0cabcb\" data-element_type=\"widget\" data-e-type=\"widget\" data-settings=\"{&quot;youtube_url&quot;:&quot;https:\\\/\\\/www.youtube.com\\\/watch?v=M1O_MjMRkPg&quot;,&quot;video_type&quot;:&quot;youtube&quot;,&quot;controls&quot;:&quot;yes&quot;}\" data-widget_type=\"video.default\">\n\t\t\t\t\t\t\t<div class=\"elementor-wrapper elementor-open-inline\">\n\t\t\t<div class=\"elementor-video\"><\/div>\t\t<\/div>\n\t\t\t\t\t\t<\/div>\n\t\t\t\t\t<\/div>\n\t\t\t\t<\/div>\n\t\t<div data-particle_enable=\"false\" data-particle-mobile-disabled=\"false\" class=\"elementor-element elementor-element-2c7e885 e-flex e-con-boxed e-con e-parent\" data-id=\"2c7e885\" data-element_type=\"container\" data-e-type=\"container\">\n\t\t\t\t\t<div class=\"e-con-inner\">\n\t\t\t\t<div class=\"elementor-element elementor-element-045a5ad elementor-widget elementor-widget-heading\" data-id=\"045a5ad\" data-element_type=\"widget\" data-e-type=\"widget\" data-widget_type=\"heading.default\">\n\t\t\t\t\t<h3 class=\"elementor-heading-title elementor-size-default\">Personalizando la funcionalidad<\/h3>\t\t\t\t<\/div>\n\t\t\t\t\t<\/div>\n\t\t\t\t<\/div>\n\t\t<div data-particle_enable=\"false\" data-particle-mobile-disabled=\"false\" class=\"elementor-element elementor-element-bb6ba3a e-flex e-con-boxed e-con e-parent\" data-id=\"bb6ba3a\" data-element_type=\"container\" data-e-type=\"container\">\n\t\t\t\t\t<div class=\"e-con-inner\">\n\t\t\t\t<div class=\"elementor-element elementor-element-43320a4 elementor-widget elementor-widget-text-editor\" data-id=\"43320a4\" data-element_type=\"widget\" data-e-type=\"widget\" data-widget_type=\"text-editor.default\">\n\t\t\t\t\t\t\t\t\t<p>Este enfoque no se trata de perfecci\u00f3n, sino de funcionalidad. Por ejemplo, la terapeuta dej\u00f3 de doblar ropa y traslad\u00f3 todas las prendas de su familia a un armario junto al lavadero. La organiz\u00f3 en cubos sin doblar, lo que transform\u00f3 una tarea agotadora en algo manejable. Su lema: \u201cLo suficientemente bueno es perfecto\u201d.<\/p>\n<p>Esta filosof\u00eda tambi\u00e9n ayud\u00f3 a personas como Lula, quien enfrentaba barreras para cepillarse los dientes debido a su depresi\u00f3n.&nbsp;<a href=\"https:\/\/soymigrante.com\/revista\/salud-bucal-de-los-ninos-migrantes-todo-reto-tiene-una-solucion\/\" target=\"_blank\" rel=\"noopener\">Con ayuda de su higienista dental,&nbsp;<\/a>personaliz\u00f3 su rutina de higiene bucal con herramientas accesibles, logrando mantenerla por primera vez en a\u00f1os.<\/p>\n<p>Estas historias destacan la importancia de abordar<a href=\"https:\/\/soymigrante.com\/revista\/siete-claves-para-lograr-enfoque-en-tus-tareas-y-lograr-resultados\/\" target=\"_blank\"> la salud mental desde las tareas diarias.<\/a>&nbsp;Si las personas se permiten adaptar estas responsabilidades a sus necesidades, pueden aliviar la carga psicol\u00f3gica que conlleva intentar encajar en est\u00e1ndares tradicionales.<\/p>\t\t\t\t\t\t\t\t<\/div>\n\t\t\t\t\t<\/div>\n\t\t\t\t<\/div>\n\t\t<div data-particle_enable=\"false\" data-particle-mobile-disabled=\"false\" class=\"elementor-element elementor-element-168f688 e-flex e-con-boxed e-con e-parent\" data-id=\"168f688\" data-element_type=\"container\" data-e-type=\"container\">\n\t\t\t\t\t<div class=\"e-con-inner\">\n\t\t\t\t<div class=\"elementor-element elementor-element-d046fc8 elementor-widget elementor-widget-image\" data-id=\"d046fc8\" data-element_type=\"widget\" data-e-type=\"widget\" data-widget_type=\"image.default\">\n\t\t\t\t\t\t\t\t\t\t\t\t\t\t\t<img decoding=\"async\" width=\"1024\" height=\"683\" src=\"https:\/\/soymigrante.com\/revista\/wp-content\/uploads\/2024\/12\/depresion-lavar-ropa-5-1024x683.jpg\" class=\"attachment-large size-large wp-image-18231\" alt=\"Lavadora de ropa en lavander\u00eda moderna con mujer joven descansando, tomando caf\u00e9 y con auriculares, estilo urbano, tecnolog\u00eda y tiempo libre, promoci\u00f3n de servicios de lavander\u00eda.\" srcset=\"https:\/\/soymigrante.com\/revista\/wp-content\/uploads\/2024\/12\/depresion-lavar-ropa-5-1024x683.jpg 1024w, https:\/\/soymigrante.com\/revista\/wp-content\/uploads\/2024\/12\/depresion-lavar-ropa-5-300x200.jpg 300w, https:\/\/soymigrante.com\/revista\/wp-content\/uploads\/2024\/12\/depresion-lavar-ropa-5-768x512.jpg 768w, https:\/\/soymigrante.com\/revista\/wp-content\/uploads\/2024\/12\/depresion-lavar-ropa-5-1536x1024.jpg 1536w, https:\/\/soymigrante.com\/revista\/wp-content\/uploads\/2024\/12\/depresion-lavar-ropa-5-2048x1365.jpg 2048w, https:\/\/soymigrante.com\/revista\/wp-content\/uploads\/2024\/12\/depresion-lavar-ropa-5-750x500.webp 750w, https:\/\/soymigrante.com\/revista\/wp-content\/uploads\/2024\/12\/depresion-lavar-ropa-5-1140x760.webp 1140w, https:\/\/soymigrante.com\/revista\/wp-content\/uploads\/2024\/12\/depresion-lavar-ropa-5-scaled.webp 1920w\" sizes=\"(max-width: 1024px) 100vw, 1024px\" title=\"depresion lavar ropa 5 \u2013 SoyMigrante.com REVISTA\" \/>\t\t\t\t\t\t\t\t\t\t\t\t\t\t\t<\/div>\n\t\t\t\t\t<\/div>\n\t\t\t\t<\/div>\n\t\t<div data-particle_enable=\"false\" data-particle-mobile-disabled=\"false\" class=\"elementor-element elementor-element-450af24 e-flex e-con-boxed e-con e-parent\" data-id=\"450af24\" data-element_type=\"container\" data-e-type=\"container\">\n\t\t\t\t\t<div class=\"e-con-inner\">\n\t\t\t\t<div class=\"elementor-element elementor-element-fc45a56 elementor-widget elementor-widget-text-editor\" data-id=\"fc45a56\" data-element_type=\"widget\" data-e-type=\"widget\" data-widget_type=\"text-editor.default\">\n\t\t\t\t\t\t\t\t\t<p>El mensaje de la conferecista KC Davis es claro: \u201cTodo lo que vale la pena hacer, vale la pena hacerlo a medias\u201d. Este enfoque puede parecer poco convencional, pero est\u00e1 enraizado en la idea de que incluso en los momentos m\u00e1s dif\u00edciles, merecemos un espacio funcional\u00a0<a style=\"text-align: var(--text-align)\" href=\"https:\/\/soymigrante.com\/revista\/empieza-con-tiempo-requisitos-y-herramientas-para-declarar-tus-taxes-en-usa\/\" target=\"_blank\" rel=\"noopener\">y una vida que se ajuste a nuestras posibilidades actuales.\u00a0<\/a><\/p><p>En lugar de castigarnos por no alcanzar ideales imposibles, podemos empezar a hablarnos con compasi\u00f3n y a construir una vida que funcione para nosotros.<\/p><p><span style=\"color: var( --e-global-color-text );text-align: var(--text-align)\">As\u00ed que la pr\u00f3xima vez que enfrentes una pila de ropa sucia o una casa desordenada, recuerda que estas tareas no definen tu val\u00eda. Puedes adaptarlas, tomarlas a tu ritmo y, sobre todo, tratarlas como una forma de cuidarte a ti mismo.<\/span><\/p>\t\t\t\t\t\t\t\t<\/div>\n\t\t\t\t\t<\/div>\n\t\t\t\t<\/div>\n\t\t<div data-particle_enable=\"false\" data-particle-mobile-disabled=\"false\" class=\"elementor-element elementor-element-fb6a9cb e-flex e-con-boxed e-con e-parent\" data-id=\"fb6a9cb\" data-element_type=\"container\" data-e-type=\"container\">\n\t\t\t\t\t<div class=\"e-con-inner\">\n\t\t\t\t<div class=\"elementor-element elementor-element-e0fec2b elementor-widget elementor-widget-heading\" data-id=\"e0fec2b\" data-element_type=\"widget\" data-e-type=\"widget\" data-widget_type=\"heading.default\">\n\t\t\t\t\t<h2 class=\"elementor-heading-title elementor-size-default\">Consejos para cuidar tu salud mental<\/h2>\t\t\t\t<\/div>\n\t\t\t\t\t<\/div>\n\t\t\t\t<\/div>\n\t\t<div data-particle_enable=\"false\" data-particle-mobile-disabled=\"false\" class=\"elementor-element elementor-element-485171b e-flex e-con-boxed e-con e-parent\" data-id=\"485171b\" data-element_type=\"container\" data-e-type=\"container\">\n\t\t\t\t\t<div class=\"e-con-inner\">\n\t\t\t\t<div class=\"elementor-element elementor-element-4986cbe elementor-grid-eael-col-3 elementor-grid-tablet-eael-col-2 elementor-grid-mobile-eael-col-1 elementor-widget elementor-widget-eael-post-grid\" data-id=\"4986cbe\" data-element_type=\"widget\" data-e-type=\"widget\" data-settings=\"{&quot;eael_post_grid_columns&quot;:&quot;eael-col-3&quot;,&quot;eael_post_grid_columns_tablet&quot;:&quot;eael-col-2&quot;,&quot;eael_post_grid_columns_mobile&quot;:&quot;eael-col-1&quot;}\" data-widget_type=\"eael-post-grid.default\">\n\t\t\t\t\t<div id=\"eael-post-grid-4986cbe\" class=\"eael-post-grid-container\">\n            <div class=\"eael-post-grid eael-post-appender eael-post-appender-4986cbe eael-post-grid-style-one\" data-layout-mode=\"masonry\"><article class=\"eael-grid-post  eael-post-grid-column eael-pg-post-12606 category-bienestar\" data-id=\"12606\">\n        <div class=\"eael-grid-post-holder\">\n            <div class=\"eael-grid-post-holder-inner\"><div class=\"eael-entry-media\"><div class=\"eael-entry-overlay fade-in\"><i class=\"far fa-hand-pointer\" aria-hidden=\"true\"><\/i><a href=\"https:\/\/soymigrante.com\/revista\/salud-bucal-de-los-ninos-migrantes-todo-reto-tiene-una-solucion\/\"><\/a><\/div><div class=\"eael-entry-thumbnail \">\n                <img loading=\"lazy\" decoding=\"async\" width=\"1024\" height=\"1024\" src=\"https:\/\/soymigrante.com\/revista\/wp-content\/uploads\/2024\/11\/Salud-bucal-de-los-nin\u0303os-migrantes-Retos-y-soluciones--scaled-e1731012276108-1024x1024.webp\" class=\"attachment-large size-large wp-image-12608\" alt=\"Salud bucal de los ni\u00f1os migrantes: Retos y soluciones\" srcset=\"https:\/\/soymigrante.com\/revista\/wp-content\/uploads\/2024\/11\/Salud-bucal-de-los-nin\u0303os-migrantes-Retos-y-soluciones--scaled-e1731012276108-1024x1024.webp 1024w, https:\/\/soymigrante.com\/revista\/wp-content\/uploads\/2024\/11\/Salud-bucal-de-los-nin\u0303os-migrantes-Retos-y-soluciones--scaled-e1731012276108-300x300.webp 300w, https:\/\/soymigrante.com\/revista\/wp-content\/uploads\/2024\/11\/Salud-bucal-de-los-nin\u0303os-migrantes-Retos-y-soluciones--scaled-e1731012276108-150x150.webp 150w, https:\/\/soymigrante.com\/revista\/wp-content\/uploads\/2024\/11\/Salud-bucal-de-los-nin\u0303os-migrantes-Retos-y-soluciones--scaled-e1731012276108-768x768.webp 768w, https:\/\/soymigrante.com\/revista\/wp-content\/uploads\/2024\/11\/Salud-bucal-de-los-nin\u0303os-migrantes-Retos-y-soluciones--scaled-e1731012276108-75x75.webp 75w, https:\/\/soymigrante.com\/revista\/wp-content\/uploads\/2024\/11\/Salud-bucal-de-los-nin\u0303os-migrantes-Retos-y-soluciones--scaled-e1731012276108-750x750.webp 750w, https:\/\/soymigrante.com\/revista\/wp-content\/uploads\/2024\/11\/Salud-bucal-de-los-nin\u0303os-migrantes-Retos-y-soluciones--scaled-e1731012276108-1140x1140.webp 1140w, https:\/\/soymigrante.com\/revista\/wp-content\/uploads\/2024\/11\/Salud-bucal-de-los-nin\u0303os-migrantes-Retos-y-soluciones--scaled-e1731012276108.webp 1280w\" sizes=\"(max-width: 1024px) 100vw, 1024px\" \/>\n            <\/div>\n        <\/div><div class=\"eael-entry-wrapper\"><header class=\"eael-entry-header\"><h2 class=\"eael-entry-title\"><a class=\"eael-grid-post-link\" href=\"https:\/\/soymigrante.com\/revista\/salud-bucal-de-los-ninos-migrantes-todo-reto-tiene-una-solucion\/\" title=\"Salud bucal de los ni\u00f1os migrantes: todo reto tiene una soluci\u00f3n\">Salud bucal de los ni\u00f1os migrantes: todo reto tiene una soluci\u00f3n<\/a><\/h2><\/header><div class=\"eael-entry-content\">\n                        <div class=\"eael-grid-post-excerpt\"><a href=\"https:\/\/soymigrante.com\/revista\/salud-bucal-de-los-ninos-migrantes-todo-reto-tiene-una-solucion\/\" class=\"eael-post-elements-readmore-btn\">CONOCE SU HISTORIA <\/a><\/div>\n                    <\/div><\/div><\/div>\n        <\/div>\n    <\/article><article class=\"eael-grid-post  eael-post-grid-column eael-pg-post-9250 category-bienestar\" data-id=\"9250\">\n        <div class=\"eael-grid-post-holder\">\n            <div class=\"eael-grid-post-holder-inner\"><div class=\"eael-entry-media\"><div class=\"eael-entry-overlay fade-in\"><i class=\"far fa-hand-pointer\" aria-hidden=\"true\"><\/i><a href=\"https:\/\/soymigrante.com\/revista\/salud-preventiva-enfermedades-cronicas-afectan-mas-a-hombres-en-usa\/\"><\/a><\/div><div class=\"eael-entry-thumbnail \">\n                <img loading=\"lazy\" decoding=\"async\" width=\"1024\" height=\"1024\" src=\"https:\/\/soymigrante.com\/revista\/wp-content\/uploads\/2024\/09\/cheque-medico-hombres-soy-migrante2-1024x1024.webp\" class=\"attachment-large size-large wp-image-9256\" alt=\"Medicamento, consulta m\u00e9dica, tratamiento farmac\u00e9utico, salud, atenci\u00f3n m\u00e9dica.\" srcset=\"https:\/\/soymigrante.com\/revista\/wp-content\/uploads\/2024\/09\/cheque-medico-hombres-soy-migrante2-1024x1024.webp 1024w, https:\/\/soymigrante.com\/revista\/wp-content\/uploads\/2024\/09\/cheque-medico-hombres-soy-migrante2-300x300.webp 300w, https:\/\/soymigrante.com\/revista\/wp-content\/uploads\/2024\/09\/cheque-medico-hombres-soy-migrante2-150x150.webp 150w, https:\/\/soymigrante.com\/revista\/wp-content\/uploads\/2024\/09\/cheque-medico-hombres-soy-migrante2-768x768.webp 768w, https:\/\/soymigrante.com\/revista\/wp-content\/uploads\/2024\/09\/cheque-medico-hombres-soy-migrante2-1536x1536.webp 1536w, https:\/\/soymigrante.com\/revista\/wp-content\/uploads\/2024\/09\/cheque-medico-hombres-soy-migrante2-scaled.webp 1920w, https:\/\/soymigrante.com\/revista\/wp-content\/uploads\/2024\/09\/cheque-medico-hombres-soy-migrante2-75x75.webp 75w, https:\/\/soymigrante.com\/revista\/wp-content\/uploads\/2024\/09\/cheque-medico-hombres-soy-migrante2-750x750.webp 750w, https:\/\/soymigrante.com\/revista\/wp-content\/uploads\/2024\/09\/cheque-medico-hombres-soy-migrante2-1140x1140.webp 1140w\" sizes=\"(max-width: 1024px) 100vw, 1024px\" \/>\n            <\/div>\n        <\/div><div class=\"eael-entry-wrapper\"><header class=\"eael-entry-header\"><h2 class=\"eael-entry-title\"><a class=\"eael-grid-post-link\" href=\"https:\/\/soymigrante.com\/revista\/salud-preventiva-enfermedades-cronicas-afectan-mas-a-hombres-en-usa\/\" title=\"Salud preventiva: Enfermedades cr\u00f3nicas afectan m\u00e1s a hombres en USA\">Salud preventiva: Enfermedades cr\u00f3nicas afectan m\u00e1s a hombres en USA<\/a><\/h2><\/header><div class=\"eael-entry-content\">\n                        <div class=\"eael-grid-post-excerpt\"><a href=\"https:\/\/soymigrante.com\/revista\/salud-preventiva-enfermedades-cronicas-afectan-mas-a-hombres-en-usa\/\" class=\"eael-post-elements-readmore-btn\">CONOCE SU HISTORIA <\/a><\/div>\n                    <\/div><\/div><\/div>\n        <\/div>\n    <\/article><article class=\"eael-grid-post  eael-post-grid-column eael-pg-post-7915 category-bienestar\" data-id=\"7915\">\n        <div class=\"eael-grid-post-holder\">\n            <div class=\"eael-grid-post-holder-inner\"><div class=\"eael-entry-media\"><div class=\"eael-entry-overlay fade-in\"><i class=\"far fa-hand-pointer\" aria-hidden=\"true\"><\/i><a href=\"https:\/\/soymigrante.com\/revista\/no-todos-pensamos-en-una-refaccion-saludable-pero-debemos\/\"><\/a><\/div><div class=\"eael-entry-thumbnail \">\n                <img loading=\"lazy\" decoding=\"async\" width=\"487\" height=\"486\" src=\"https:\/\/soymigrante.com\/revista\/wp-content\/uploads\/2024\/08\/refaccion-saludable-en-el-trabajo-soy-migrante4-e1723753062880.webp\" class=\"attachment-large size-large wp-image-7960\" alt=\"Fruta fresca en un frasco de vidrio con yogurt y cereales, s\u00edmbolo de salud y bienestar, en un entorno minimalista.\" srcset=\"https:\/\/soymigrante.com\/revista\/wp-content\/uploads\/2024\/08\/refaccion-saludable-en-el-trabajo-soy-migrante4-e1723753062880.webp 487w, https:\/\/soymigrante.com\/revista\/wp-content\/uploads\/2024\/08\/refaccion-saludable-en-el-trabajo-soy-migrante4-e1723753062880-300x300.webp 300w, https:\/\/soymigrante.com\/revista\/wp-content\/uploads\/2024\/08\/refaccion-saludable-en-el-trabajo-soy-migrante4-e1723753062880-150x150.webp 150w, https:\/\/soymigrante.com\/revista\/wp-content\/uploads\/2024\/08\/refaccion-saludable-en-el-trabajo-soy-migrante4-e1723753062880-75x75.webp 75w\" sizes=\"(max-width: 487px) 100vw, 487px\" \/>\n            <\/div>\n        <\/div><div class=\"eael-entry-wrapper\"><header class=\"eael-entry-header\"><h2 class=\"eael-entry-title\"><a class=\"eael-grid-post-link\" href=\"https:\/\/soymigrante.com\/revista\/no-todos-pensamos-en-una-refaccion-saludable-pero-debemos\/\" title=\"No todos pensamos en una refacci\u00f3n saludable, pero debemos\">No todos pensamos en una refacci\u00f3n saludable, pero debemos<\/a><\/h2><\/header><div class=\"eael-entry-content\">\n                        <div class=\"eael-grid-post-excerpt\"><a href=\"https:\/\/soymigrante.com\/revista\/no-todos-pensamos-en-una-refaccion-saludable-pero-debemos\/\" class=\"eael-post-elements-readmore-btn\">CONOCE SU HISTORIA <\/a><\/div>\n                    <\/div><\/div><\/div>\n        <\/div>\n    <\/article><\/div>\n            <div class=\"clearfix\"><\/div>\n        <\/div>\t\t\t\t<\/div>\n\t\t\t\t\t<\/div>\n\t\t\t\t<\/div>\n\t\t\t\t<\/div>\n\t\t","protected":false},"excerpt":{"rendered":"<p>Cuando enfrentamos la depresi\u00f3n, incluso las tareas m\u00e1s simples como lavar la ropa pueden parecer monta\u00f1as imposibles de escalar. Pero, \u00bfy si aprendemos a verlas desde otro enfoque? Las tareas dom\u00e9sticas no son un reflejo de nuestra moralidad, sino herramientas para cuidar de nosotros mismos. Descubre c\u00f3mo transformar\u00a0 esa situaci\u00f3n en un acto de compasi\u00f3n [&hellip;]<\/p>\n","protected":false},"author":23,"featured_media":18229,"comment_status":"open","ping_status":"open","sticky":false,"template":"","format":"standard","meta":{"_acf_changed":false,"_eb_attr":"","footnotes":""},"categories":[55],"tags":[],"class_list":["post-18209","post","type-post","status-publish","format-standard","has-post-thumbnail","hentry","category-bienestar"],"acf":[],"aioseo_notices":[],"aioseo_head":"\n\t\t<!-- All in One SEO Pro 4.9.6.2 - aioseo.com -->\n\t<meta name=\"description\" content=\"En este art\u00edculo te recomendamos varios tips para que a la hora de tu refacci\u00f3n aproveches mejor los nutrientes para desempe\u00f1ar mejor tus labores, con salud.\" \/>\n\t<meta name=\"robots\" content=\"max-snippet:-1, max-image-preview:large, max-video-preview:-1\" \/>\n\t<meta name=\"author\" content=\"Beatriz Tercero\"\/>\n\t<link rel=\"canonical\" href=\"https:\/\/soymigrante.com\/revista\/no-todos-pensamos-en-una-refaccion-saludable-pero-debemos\/\" \/>\n\t<meta name=\"generator\" content=\"All in One SEO Pro (AIOSEO) 4.9.6.2\" \/>\n\n\t\t<link rel=\"preconnect\" href=\"https:\/\/fonts.googleapis.com\" crossorigin>\n<link rel=\"preconnect\" href=\"https:\/\/fonts.gstatic.com\" crossorigin>\n\t\t<meta property=\"og:locale\" content=\"es_ES\" \/>\n\t\t<meta property=\"og:site_name\" content=\"SoyMigrante.com REVISTA \u2013 Nuestra misi\u00f3n es reconocer y dignificar al migrante.\" \/>\n\t\t<meta property=\"og:type\" content=\"article\" \/>\n\t\t<meta property=\"og:title\" content=\"Consejos para una refacci\u00f3n saludable en tu horario laboral\" \/>\n\t\t<meta property=\"og:description\" content=\"En este art\u00edculo te recomendamos varios tips para que a la hora de tu refacci\u00f3n aproveches mejor los nutrientes para desempe\u00f1ar mejor tus labores, con salud.\" \/>\n\t\t<meta property=\"og:url\" content=\"https:\/\/soymigrante.com\/revista\/no-todos-pensamos-en-una-refaccion-saludable-pero-debemos\/\" \/>\n\t\t<meta property=\"og:image\" content=\"https:\/\/soymigrante.com\/revista\/wp-content\/uploads\/2024\/08\/refaccion-saludable-en-el-trabajo-soy-migrante4-e1723753062880.webp\" \/>\n\t\t<meta property=\"og:image:secure_url\" content=\"https:\/\/soymigrante.com\/revista\/wp-content\/uploads\/2024\/08\/refaccion-saludable-en-el-trabajo-soy-migrante4-e1723753062880.webp\" \/>\n\t\t<meta property=\"og:image:width\" content=\"487\" \/>\n\t\t<meta property=\"og:image:height\" content=\"486\" \/>\n\t\t<meta property=\"article:published_time\" content=\"2024-08-12T16:24:17+00:00\" \/>\n\t\t<meta property=\"article:modified_time\" content=\"2024-08-15T20:18:48+00:00\" \/>\n\t\t<meta property=\"article:publisher\" content=\"https:\/\/www.facebook.com\/soymigrantecom\" \/>\n\t\t<meta name=\"twitter:card\" content=\"summary_large_image\" \/>\n\t\t<meta name=\"twitter:site\" content=\"@SoyMigrante_com\" \/>\n\t\t<meta name=\"twitter:title\" content=\"Consejos para una refacci\u00f3n saludable en tu horario laboral\" \/>\n\t\t<meta name=\"twitter:description\" content=\"En este art\u00edculo te recomendamos varios tips para que a la hora de tu refacci\u00f3n aproveches mejor los nutrientes para desempe\u00f1ar mejor tus labores, con salud.\" \/>\n\t\t<meta name=\"twitter:creator\" content=\"@SoyMigrante_com\" \/>\n\t\t<meta name=\"twitter:image\" content=\"https:\/\/soymigrante.com\/revista\/wp-content\/uploads\/2024\/08\/refaccion-saludable-en-el-trabajo-soy-migrante4-e1723753062880.webp\" \/>\n\t\t<!-- All in One SEO Pro -->\r\n\t\t<title>Consejos para una refacci\u00f3n saludable en tu horario laboral<\/title>\n\n","aioseo_head_json":{"title":"Consejos para una refacci\u00f3n saludable en tu horario laboral","description":"En este art\u00edculo te recomendamos varios tips para que a la hora de tu refacci\u00f3n aproveches mejor los nutrientes para desempe\u00f1ar mejor tus labores, con salud.","canonical_url":"https:\/\/soymigrante.com\/revista\/no-todos-pensamos-en-una-refaccion-saludable-pero-debemos\/","robots":"max-snippet:-1, max-image-preview:large, max-video-preview:-1","keywords":"","webmasterTools":{"miscellaneous":"&lt;link rel=\"preconnect\" href=\"https:\/\/fonts.googleapis.com\" crossorigin&gt;\n&lt;link rel=\"preconnect\" href=\"https:\/\/fonts.gstatic.com\" crossorigin&gt;"},"schema":null,"og:locale":"es_ES","og:site_name":"SoyMigrante.com REVISTA \u2013 Nuestra misi\u00f3n es reconocer y dignificar al migrante.","og:type":"article","og:title":"Consejos para una refacci\u00f3n saludable en tu horario laboral","og:description":"En este art\u00edculo te recomendamos varios tips para que a la hora de tu refacci\u00f3n aproveches mejor los nutrientes para desempe\u00f1ar mejor tus labores, con salud.","og:url":"https:\/\/soymigrante.com\/revista\/no-todos-pensamos-en-una-refaccion-saludable-pero-debemos\/","og:image":"https:\/\/soymigrante.com\/revista\/wp-content\/uploads\/2024\/08\/refaccion-saludable-en-el-trabajo-soy-migrante4-e1723753062880.webp","og:image:secure_url":"https:\/\/soymigrante.com\/revista\/wp-content\/uploads\/2024\/08\/refaccion-saludable-en-el-trabajo-soy-migrante4-e1723753062880.webp","og:image:width":487,"og:image:height":486,"article:published_time":"2024-08-12T16:24:17+00:00","article:modified_time":"2024-08-15T20:18:48+00:00","article:publisher":"https:\/\/www.facebook.com\/soymigrantecom","twitter:card":"summary_large_image","twitter:site":"@SoyMigrante_com","twitter:title":"Consejos para una refacci\u00f3n saludable en tu horario laboral","twitter:description":"En este art\u00edculo te recomendamos varios tips para que a la hora de tu refacci\u00f3n aproveches mejor los nutrientes para desempe\u00f1ar mejor tus labores, con salud.","twitter:creator":"@SoyMigrante_com","twitter:image":"https:\/\/soymigrante.com\/revista\/wp-content\/uploads\/2024\/08\/refaccion-saludable-en-el-trabajo-soy-migrante4-e1723753062880.webp"},"aioseo_meta_data":{"post_id":"18209","title":"Reinventando las tareas diarias para mejorar la salud mental","description":"Cuando una persona enfrenta depresi\u00f3n, hasta las tareas m\u00e1s simples como lavar ropa pueden parecer monta\u00f1as imposibles de escalar. \u00bfC\u00f3mo enfrentarla? Claves aqu\u00ed.","keywords":null,"keyphrases":{"focus":{"keyphrase":"ropa sucia","score":43,"analysis":{"keyphraseInTitle":{"score":3,"maxScore":9,"error":1},"keyphraseInDescription":{"score":3,"maxScore":9,"error":1},"keyphraseLength":{"score":9,"maxScore":9,"error":0,"length":2},"keyphraseInURL":{"score":5,"maxScore":5,"error":0},"keyphraseInIntroduction":{"score":3,"maxScore":9,"error":1},"keyphraseInSubHeadings":{"score":3,"maxScore":9,"error":1},"keyphraseInImageAlt":{"score":3,"maxScore":9,"error":1},"keywordDensity":{"score":0,"type":"low","maxScore":9,"error":1}}},"additional":[{"keyphrase":"salud mental","score":60,"analysis":{"keyphraseInDescription":{"score":3,"maxScore":9,"error":1},"keyphraseLength":{"score":9,"maxScore":9,"error":0,"length":2},"keyphraseInIntroduction":{"score":3,"maxScore":9,"error":1},"keyphraseInImageAlt":{"score":3,"maxScore":9,"error":1},"keywordDensity":{"type":"best","score":9,"maxScore":9,"error":0}}},{"keyphrase":"depresion","score":40,"analysis":{"keyphraseInDescription":{"score":3,"maxScore":9,"error":1},"keyphraseLength":{"score":9,"maxScore":9,"error":0,"length":1},"keyphraseInIntroduction":{"score":3,"maxScore":9,"error":1},"keyphraseInImageAlt":{"score":3,"maxScore":9,"error":1},"keywordDensity":{"score":0,"type":"low","maxScore":9,"error":1}}},{"keyphrase":"TDH","score":40,"analysis":{"keyphraseInDescription":{"score":3,"maxScore":9,"error":1},"keyphraseLength":{"score":9,"maxScore":9,"error":0,"length":1},"keyphraseInIntroduction":{"score":3,"maxScore":9,"error":1},"keyphraseInImageAlt":{"score":3,"maxScore":9,"error":1},"keywordDensity":{"score":0,"type":"low","maxScore":9,"error":1}}}]},"primary_term":null,"canonical_url":null,"og_title":null,"og_description":null,"og_object_type":"default","og_image_type":"default","og_image_url":null,"og_image_width":null,"og_image_height":null,"og_image_custom_url":null,"og_image_custom_fields":null,"og_video":"","og_custom_url":null,"og_article_section":null,"og_article_tags":null,"twitter_use_og":false,"twitter_card":"default","twitter_image_type":"default","twitter_image_url":null,"twitter_image_custom_url":null,"twitter_image_custom_fields":null,"twitter_title":null,"twitter_description":null,"schema":{"blockGraphs":[],"customGraphs":[],"default":{"data":{"Article":[],"Course":[],"Dataset":[],"FAQPage":[],"Movie":[],"Person":[],"Product":[],"ProductReview":[],"Car":[],"Recipe":[],"Service":[],"SoftwareApplication":[],"WebPage":[]},"graphName":"NewsArticle","isEnabled":true},"graphs":[]},"schema_type":"default","schema_type_options":null,"pillar_content":false,"robots_default":true,"robots_noindex":false,"robots_noarchive":false,"robots_nosnippet":false,"robots_nofollow":false,"robots_noimageindex":false,"robots_noodp":false,"robots_notranslate":false,"robots_max_snippet":"-1","robots_max_videopreview":"-1","robots_max_imagepreview":"large","priority":null,"frequency":"default","local_seo":null,"seo_analyzer_scan_date":null,"breadcrumb_settings":null,"limit_modified_date":false,"reviewed_by":"0","open_ai":"{\"title\":{\"suggestions\":[],\"usage\":0},\"description\":{\"suggestions\":[],\"usage\":0}}","ai":{"faqs":[],"keyPoints":[],"titles":[],"descriptions":[],"socialPosts":{"email":[],"linkedin":[],"twitter":[],"facebook":[],"instagram":[]}},"created":"2024-12-26 22:32:10","updated":"2026-03-06 15:45:43"},"aioseo_breadcrumb":"<div class=\"aioseo-breadcrumbs\"><span class=\"aioseo-breadcrumb\">\n\t<a href=\"https:\/\/soymigrante.com\/revista\" title=\"Home\">Home<\/a>\n<\/span><span class=\"aioseo-breadcrumb-separator\">\u00bb<\/span><span class=\"aioseo-breadcrumb\">\n\t<a href=\"https:\/\/soymigrante.com\/revista\/category\/bienestar\/\" title=\"Bienestar\">Bienestar<\/a>\n<\/span><span class=\"aioseo-breadcrumb-separator\">\u00bb<\/span><span class=\"aioseo-breadcrumb\">\n\t\u00bfLa ropa sucia como recurso de salud mental? Reinventa tus tareas diarias\n<\/span><\/div>","aioseo_breadcrumb_json":[{"label":"Home","link":"https:\/\/soymigrante.com\/revista"},{"label":"Bienestar","link":"https:\/\/soymigrante.com\/revista\/category\/bienestar\/"},{"label":"\u00bfLa ropa sucia como recurso de salud mental? Reinventa tus tareas diarias","link":"https:\/\/soymigrante.com\/revista\/la-ropa-sucia-como-herramienta-de-salud-mental-reinventando-las-tareas-diarias\/"}],"_links":{"self":[{"href":"https:\/\/soymigrante.com\/revista\/wp-json\/wp\/v2\/posts\/18209","targetHints":{"allow":["GET"]}}],"collection":[{"href":"https:\/\/soymigrante.com\/revista\/wp-json\/wp\/v2\/posts"}],"about":[{"href":"https:\/\/soymigrante.com\/revista\/wp-json\/wp\/v2\/types\/post"}],"author":[{"embeddable":true,"href":"https:\/\/soymigrante.com\/revista\/wp-json\/wp\/v2\/users\/23"}],"replies":[{"embeddable":true,"href":"https:\/\/soymigrante.com\/revista\/wp-json\/wp\/v2\/comments?post=18209"}],"version-history":[{"count":1,"href":"https:\/\/soymigrante.com\/revista\/wp-json\/wp\/v2\/posts\/18209\/revisions"}],"predecessor-version":[{"id":53018,"href":"https:\/\/soymigrante.com\/revista\/wp-json\/wp\/v2\/posts\/18209\/revisions\/53018"}],"wp:featuredmedia":[{"embeddable":true,"href":"https:\/\/soymigrante.com\/revista\/wp-json\/wp\/v2\/media\/18229"}],"wp:attachment":[{"href":"https:\/\/soymigrante.com\/revista\/wp-json\/wp\/v2\/media?parent=18209"}],"wp:term":[{"taxonomy":"category","embeddable":true,"href":"https:\/\/soymigrante.com\/revista\/wp-json\/wp\/v2\/categories?post=18209"},{"taxonomy":"post_tag","embeddable":true,"href":"https:\/\/soymigrante.com\/revista\/wp-json\/wp\/v2\/tags?post=18209"}],"curies":[{"name":"wp","href":"https:\/\/api.w.org\/{rel}","templated":true}]}}