{"id":18199,"date":"2024-12-27T09:05:50","date_gmt":"2024-12-27T15:05:50","guid":{"rendered":"https:\/\/soymigrante.com\/revista\/?p=18199"},"modified":"2024-12-30T10:25:57","modified_gmt":"2024-12-30T16:25:57","slug":"preguntas-y-respuestas-que-es-el-derecho-a-la-ciudadania-por-nacimiento-en-ee-uu","status":"publish","type":"post","link":"https:\/\/soymigrante.com\/revista\/preguntas-y-respuestas-que-es-el-derecho-a-la-ciudadania-por-nacimiento-en-ee-uu\/","title":{"rendered":"Preguntas y respuestas: \u00bfQu\u00e9 es el derecho a la ciudadan\u00eda por nacimiento en EE.UU?"},"content":{"rendered":"\t\t<div data-elementor-type=\"wp-post\" data-elementor-id=\"18199\" class=\"elementor elementor-18199\" data-elementor-post-type=\"post\">\n\t\t\t\t<div data-particle_enable=\"false\" data-particle-mobile-disabled=\"false\" class=\"elementor-element elementor-element-09b3f3e e-flex e-con-boxed e-con e-parent\" data-id=\"09b3f3e\" data-element_type=\"container\" data-e-type=\"container\">\n\t\t\t\t\t<div class=\"e-con-inner\">\n\t\t\t\t<div class=\"elementor-element elementor-element-ac8c2bd elementor-widget elementor-widget-heading\" data-id=\"ac8c2bd\" data-element_type=\"widget\" data-e-type=\"widget\" data-widget_type=\"heading.default\">\n\t\t\t\t\t<h2 class=\"elementor-heading-title elementor-size-default\">Seg\u00fan la Constituci\u00f3n de los Estados Unidos, toda persona que nace en suelo o territorio de Estados Unidos autom\u00e1ticamente adquiere la ciudadan\u00eda estadounidense, incluso aunque sus padres sean migrantes indocumentados. M\u00e1s respuestas aqu\u00ed.<\/h2>\t\t\t\t<\/div>\n\t\t\t\t\t<\/div>\n\t\t\t\t<\/div>\n\t\t<div data-particle_enable=\"false\" data-particle-mobile-disabled=\"false\" class=\"elementor-element elementor-element-224e2bb e-flex e-con-boxed e-con e-parent\" data-id=\"224e2bb\" data-element_type=\"container\" data-e-type=\"container\">\n\t\t\t\t\t<div class=\"e-con-inner\">\n\t\t\t\t<div class=\"elementor-element elementor-element-9c6399d elementor-widget elementor-widget-text-editor\" data-id=\"9c6399d\" data-element_type=\"widget\" data-e-type=\"widget\" data-widget_type=\"text-editor.default\">\n\t\t\t\t\t\t\t\t\t<p>Declaraciones del mandatario electo de EE.UU. Donald Trump\u00a0 acerca de cuestionar y tratar de eliminar el Derecho de Ciudadan\u00eda por Nacimiento han generado pol\u00e9mica, ya que se trata de un derecho existente y asentado en ley desde hace m\u00e1s de 150 a\u00f1os por Enmienda Constitucional.\u00a0\u00a0<\/p><p>Debido a su importancia y para mayor claridad, presentamos algunas preguntas y respuestas frecuentes sobre este tema. <a href=\"https:\/\/www.americanimmigrationcouncil.org\/research\/birthright-citizenship-united-states?_gl=1*ozvnfj*_gcl_au*MTg3NTczODkzOS4xNzMzNzAxMzcw*_ga*NDE3NjE4NzIxLjE3MzM3MDEzNzA.*_ga_W0MSMD2GPV*MTczNTI0NDExMi4yLjAuMTczNTI0NDExNi4wLjAuMA..\">Con informaci\u00f3n de American Immigration Council.<\/a><\/p>\t\t\t\t\t\t\t\t<\/div>\n\t\t\t\t\t<\/div>\n\t\t\t\t<\/div>\n\t\t<div data-particle_enable=\"false\" data-particle-mobile-disabled=\"false\" class=\"elementor-element elementor-element-9a8d565 e-flex e-con-boxed e-con e-parent\" data-id=\"9a8d565\" data-element_type=\"container\" data-e-type=\"container\">\n\t\t\t\t\t<div class=\"e-con-inner\">\n\t\t\t\t<div class=\"elementor-element elementor-element-2d7160f elementor-widget elementor-widget-heading\" data-id=\"2d7160f\" data-element_type=\"widget\" data-e-type=\"widget\" data-widget_type=\"heading.default\">\n\t\t\t\t\t<h2 class=\"elementor-heading-title elementor-size-default\">Preguntas y respuestas<\/h2>\t\t\t\t<\/div>\n\t\t\t\t\t<\/div>\n\t\t\t\t<\/div>\n\t\t<div data-particle_enable=\"false\" data-particle-mobile-disabled=\"false\" class=\"elementor-element elementor-element-a93189f e-flex e-con-boxed e-con e-parent\" data-id=\"a93189f\" data-element_type=\"container\" data-e-type=\"container\">\n\t\t\t\t\t<div class=\"e-con-inner\">\n\t\t\t\t<div class=\"elementor-element elementor-element-3025e79 elementor-widget elementor-widget-text-editor\" data-id=\"3025e79\" data-element_type=\"widget\" data-e-type=\"widget\" data-widget_type=\"text-editor.default\">\n\t\t\t\t\t\t\t\t\t<p>Puedes dar clic en la pregunta que te interesa y te aparecer\u00e1 la respuesta.<\/p>\t\t\t\t\t\t\t\t<\/div>\n\t\t\t\t\t<\/div>\n\t\t\t\t<\/div>\n\t\t<div data-particle_enable=\"false\" data-particle-mobile-disabled=\"false\" class=\"elementor-element elementor-element-33983c9 e-flex e-con-boxed e-con e-parent\" data-id=\"33983c9\" data-element_type=\"container\" data-e-type=\"container\">\n\t\t\t\t\t<div class=\"e-con-inner\">\n\t\t\t\t<div class=\"elementor-element elementor-element-1e28540 elementor-widget elementor-widget-eael-adv-accordion\" data-id=\"1e28540\" data-element_type=\"widget\" data-e-type=\"widget\" data-widget_type=\"eael-adv-accordion.default\">\n\t\t\t\t\t            <div class=\"eael-adv-accordion\" id=\"eael-adv-accordion-1e28540\" data-scroll-on-click=\"\" data-scroll-speed=\"300\" data-accordion-id=\"1e28540\" data-accordion-type=\"accordion\" data-toogle-speed=\"300\">\n            <div class=\"eael-accordion-list\">\n\t\t\t\t\t<div id=\"qu-es-la-ciudadana-por-nacimiento-en-estados-unidos\" class=\"elementor-tab-title eael-accordion-header\" tabindex=\"0\" data-tab=\"1\" aria-controls=\"elementor-tab-content-3161\"><span class=\"eael-advanced-accordion-icon-closed\"><i aria-hidden=\"true\" class=\"fa-accordion-icon fas fa-plus\"><\/i><\/span><span class=\"eael-advanced-accordion-icon-opened\"><i aria-hidden=\"true\" class=\"fa-accordion-icon fas fa-minus\"><\/i><\/span><span class=\"eael-accordion-tab-title\">\u00bfQu\u00e9 es la ciudadan\u00eda por nacimiento en Estados Unidos?<\/span><i aria-hidden=\"true\" class=\"fa-toggle fas fa-angle-right\"><\/i><\/div><div id=\"elementor-tab-content-3161\" class=\"eael-accordion-content clearfix\" data-tab=\"1\" aria-labelledby=\"qu-es-la-ciudadana-por-nacimiento-en-estados-unidos\"><p>Legalmente, la ciudadan\u00eda por derecho de nacimiento se define como la concesi\u00f3n autom\u00e1tica de la ciudadan\u00eda (como estatus legal) a los ni\u00f1os nacidos en territorio de Estados Unidos, tanto de ciudadanos como de migrantes en su territorio, incluso aunque est\u00e9n indocumentados al momento de nacer.<\/p><\/div>\n\t\t\t\t\t<\/div><div class=\"eael-accordion-list\">\n\t\t\t\t\t<div id=\"qu-ley-respalda-la-ciudadana-por-nacimiento-en-estados-unidos\" class=\"elementor-tab-title eael-accordion-header\" tabindex=\"0\" data-tab=\"2\" aria-controls=\"elementor-tab-content-3162\"><span class=\"eael-advanced-accordion-icon-closed\"><i aria-hidden=\"true\" class=\"fa-accordion-icon fas fa-plus\"><\/i><\/span><span class=\"eael-advanced-accordion-icon-opened\"><i aria-hidden=\"true\" class=\"fa-accordion-icon fas fa-minus\"><\/i><\/span><span class=\"eael-accordion-tab-title\">\u00bfQu\u00e9 ley respalda la ciudadan\u00eda por nacimiento en Estados Unidos?<\/span><i aria-hidden=\"true\" class=\"fa-toggle fas fa-angle-right\"><\/i><\/div><div id=\"elementor-tab-content-3162\" class=\"eael-accordion-content clearfix\" data-tab=\"2\" aria-labelledby=\"qu-ley-respalda-la-ciudadana-por-nacimiento-en-estados-unidos\"><p>La propia Constituci\u00f3n de los Estados Unidos. La 14a. Enmienda de la Constituci\u00f3n garantiza que &#8220;todas las personas nacidas o naturalizadas en los Estados Unidos, y sujetas a su jurisdicci\u00f3n, son ciudadanos de los Estados Unidos y del estado en que residen&#8221;. Esto significa que cualquier persona nacida en suelo estadounidense obtiene autom\u00e1ticamente la ciudadan\u00eda, independientemente del estatus migratorio de sus padres. La enmienda se promulg\u00f3 para asegurar que los derechos de ciudadan\u00eda se extendieran a todas las personas nacidas en los Estados Unidos, con el objetivo de eliminar la discriminaci\u00f3n racial<\/p><\/div>\n\t\t\t\t\t<\/div><div class=\"eael-accordion-list\">\n\t\t\t\t\t<div id=\"1\" class=\"elementor-tab-title eael-accordion-header\" tabindex=\"0\" data-tab=\"3\" aria-controls=\"elementor-tab-content-3163\"><span class=\"eael-advanced-accordion-icon-closed\"><i aria-hidden=\"true\" class=\"fa-accordion-icon fas fa-plus\"><\/i><\/span><span class=\"eael-advanced-accordion-icon-opened\"><i aria-hidden=\"true\" class=\"fa-accordion-icon fas fa-minus\"><\/i><\/span><span class=\"eael-accordion-tab-title\">\u00bfDesde cu\u00e1ndo se aprob\u00f3 la 14a. Enmienda?<\/span><i aria-hidden=\"true\" class=\"fa-toggle fas fa-angle-right\"><\/i><\/div><div id=\"elementor-tab-content-3163\" class=\"eael-accordion-content clearfix\" data-tab=\"3\" aria-labelledby=\"1\"><p>La 14a. enmienda fue propuesta el 13 de junio de 1866, y ratificada el 9 de julio de 1868 para brindar una definici\u00f3n incluyente de ciudadan\u00eda estadounidense. Esta enmienda anul\u00f3 una decisi\u00f3n judicial de 1857 que exclu\u00eda a los esclavos y a uss descendientes de poseer derechos constitucionales ciudadanos. Esta enmienda requiere que todos los Estados de la Uni\u00f3n provean de una protecci\u00f3n igualitaria ante la ley a todas las\u00a0<i>personas<\/i>\u00a0(no solo a los\u00a0<i>ciudadanos<\/i>) dentro de sus jurisdicciones.\u00a0<\/p><\/div>\n\t\t\t\t\t<\/div><div class=\"eael-accordion-list\">\n\t\t\t\t\t<div id=\"qu-personajes-destacados-son-ciudadanos-de-eeuu-hijos-de-padres-migrantes\" class=\"elementor-tab-title eael-accordion-header\" tabindex=\"0\" data-tab=\"4\" aria-controls=\"elementor-tab-content-3164\"><span class=\"eael-advanced-accordion-icon-closed\"><i aria-hidden=\"true\" class=\"fa-accordion-icon fas fa-plus\"><\/i><\/span><span class=\"eael-advanced-accordion-icon-opened\"><i aria-hidden=\"true\" class=\"fa-accordion-icon fas fa-minus\"><\/i><\/span><span class=\"eael-accordion-tab-title\">\u00bfQu\u00e9 personajes destacados son ciudadanos de EEUU., hijos de padres migrantes?<\/span><i aria-hidden=\"true\" class=\"fa-toggle fas fa-angle-right\"><\/i><\/div><div id=\"elementor-tab-content-3164\" class=\"eael-accordion-content clearfix\" data-tab=\"4\" aria-labelledby=\"qu-personajes-destacados-son-ciudadanos-de-eeuu-hijos-de-padres-migrantes\"><p>En Pol\u00edtica y Artes: 5 ejemplos<\/p><p>Delia Ram\u00edrez &#8211; Representante de EE. UU. por Illinois, nacida en Illinois de padres inmigrantes guatemaltecos.<\/p><p>Ted Cruz &#8211; Senador de EE. UU. por Texas, nacido en Canad\u00e1 de madre nacida en EE. UU. y padre nacido en Cuba.<\/p><p>Chris Van Hollen &#8211; Senador de EE. UU. por Maryland, nacido en Pakist\u00e1n de dos padres nacidos en EE. UU.<\/p><p>Nikki Haley &#8211; Exgobernadora de Carolina del Sur, nacida en Carolina del Sur de padres inmigrantes indios.<\/p><p>\u00a0Amy Adams &#8211; Actriz, nacida en Italia de dos padres ciudadanos estadounidenses.<\/p><\/div>\n\t\t\t\t\t<\/div><div class=\"eael-accordion-list\">\n\t\t\t\t\t<div id=\"porqu-el-derecho-de-ciudadana-por-nacimiento-es-el-alma-de-estados-unidos\" class=\"elementor-tab-title eael-accordion-header\" tabindex=\"0\" data-tab=\"5\" aria-controls=\"elementor-tab-content-3165\"><span class=\"eael-advanced-accordion-icon-closed\"><i aria-hidden=\"true\" class=\"fa-accordion-icon fas fa-plus\"><\/i><\/span><span class=\"eael-advanced-accordion-icon-opened\"><i aria-hidden=\"true\" class=\"fa-accordion-icon fas fa-minus\"><\/i><\/span><span class=\"eael-accordion-tab-title\">\u00bfPorqu\u00e9 el derecho de ciudadan\u00eda por nacimiento es el alma de Estados Unidos?<\/span><i aria-hidden=\"true\" class=\"fa-toggle fas fa-angle-right\"><\/i><\/div><div id=\"elementor-tab-content-3165\" class=\"eael-accordion-content clearfix\" data-tab=\"5\" aria-labelledby=\"porqu-el-derecho-de-ciudadana-por-nacimiento-es-el-alma-de-estados-unidos\"><p>Estados Unidos se form\u00f3 a partir de la migraci\u00f3n, inicialmente de ingleses y europeos, pero poco a poco esta se fue extendiendo a pr\u00e1cticamente todos los pa\u00edses del mundo.\u00a0<\/p><p>El principio de la ciudadan\u00eda por derecho de nacimiento (jus soli) fue adoptado por los fundadores de Estados Unidos para fomentar la inmigraci\u00f3n y promover una poblaci\u00f3n diversa. Se vio influenciado por diversas tradiciones legales, incluyendo el derecho natural y el derecho ingl\u00e9s, que enfatizaban la importancia de nacer dentro del territorio de una naci\u00f3n.<\/p><p>La enmienda 14 surgi\u00f3 para rectificar injusticias previas y aplicaci\u00f3n desigual de la ley. De esta forma se asegur\u00f3 que los derechos de ciudadan\u00eda se extendieran a todas las personas, independientemente de su raza o origen. A la vez, esta diversidad es la que ha enriquecido y convertido en una potencia a EE.UU, porque contribuiye a integrar diversas poblaciones en un solo tejido social.<\/p><\/div>\n\t\t\t\t\t<\/div><div class=\"eael-accordion-list\">\n\t\t\t\t\t<div id=\"se-puede-eliminar-la-ciudadana-por-nacimiento-de-la-14-enmienda-de-la-constitucin\" class=\"elementor-tab-title eael-accordion-header\" tabindex=\"0\" data-tab=\"6\" aria-controls=\"elementor-tab-content-3166\"><span class=\"eael-advanced-accordion-icon-closed\"><i aria-hidden=\"true\" class=\"fa-accordion-icon fas fa-plus\"><\/i><\/span><span class=\"eael-advanced-accordion-icon-opened\"><i aria-hidden=\"true\" class=\"fa-accordion-icon fas fa-minus\"><\/i><\/span><span class=\"eael-accordion-tab-title\">\u00bfSe puede eliminar la Ciudadan\u00eda por Nacimiento de la 14 enmienda de la Constituci\u00f3n?<\/span><i aria-hidden=\"true\" class=\"fa-toggle fas fa-angle-right\"><\/i><\/div><div id=\"elementor-tab-content-3166\" class=\"eael-accordion-content clearfix\" data-tab=\"6\" aria-labelledby=\"se-puede-eliminar-la-ciudadana-por-nacimiento-de-la-14-enmienda-de-la-constitucin\"><p>Seg\u00fan la mayor\u00eda de los expertos legales, la ciudadan\u00eda por derecho de nacimiento en los Estados Unidos, como lo establece la Decimocuarta Enmienda, no se puede quitar f\u00e1cilmente. Aqu\u00ed est\u00e1n los puntos clave sobre este tema:<\/p><p>Protecci\u00f3n Constitucional: La Decimocuarta Enmienda consagra la ciudadan\u00eda por derecho de nacimiento sin restricciones para aquellos nacidos en EE. UU. Esto significa que cualquier intento de revocar este derecho implicar\u00eda otros cambios significativos que atentar\u00edan contra la misma raz\u00f3n de ser de la democracia estadounidense.\u00a0<\/p><p>En todo caso, para quitar la ciudadan\u00eda por derecho de nacimiento, se necesitar\u00eda aprobar una nueva enmienda constitucional, lo cual requiere una votaci\u00f3n mayoritaria de dos tercios en ambas c\u00e1maras del Congreso, seguida de la ratificaci\u00f3n de tres cuartas partes de los los Estados de la Uni\u00f3n.<\/p><p>La Corte Suprema de EE. UU. ha mantenido el principio de la ciudadan\u00eda por derecho de nacimiento en varios casos, incluyendo el caso emblem\u00e1tico de Estados Unidos v. Wong Kim Ark (1898), que afirm\u00f3 que los ni\u00f1os nacidos en EE. UU. de padres no ciudadanos son ciudadanos.<\/p><p>Intentos Legislativos: Si bien el Congreso o el Presidente podr\u00edan intentar restringir la ciudadan\u00eda por derecho de nacimiento mediante legislaci\u00f3n u \u00f3rdenes ejecutivas, tales acciones probablemente violar\u00edan la Decimocuarta Enmienda y enfrentar\u00edan desaf\u00edos legales.<\/p><p>Curiosamente, esta misma 14a. enmienda es la que se se\u00f1al\u00f3 al pr\u00f3ximo presidente Donald Trump de haber transgredido en 2021, porque esta establece que no puede ejercer ning\u00fan cargo toda persona que a pesar de su juramento haya \u00a0ha incurrido en insurrecci\u00f3n o rebeli\u00f3n contra el Estado y sus procesos. El 6 de enero de 2021, Trump habr\u00eda azuzado con su discurso la Toma del Capitolio para impedir la oficializaci\u00f3n de los resultados electorales que dieron la victoria a su contrincante Joe Biden.\u00a0<\/p><\/div>\n\t\t\t\t\t<\/div><\/div>\t\t\t\t<\/div>\n\t\t\t\t\t<\/div>\n\t\t\t\t<\/div>\n\t\t<div data-particle_enable=\"false\" data-particle-mobile-disabled=\"false\" class=\"elementor-element elementor-element-afa0f44 e-flex e-con-boxed e-con e-parent\" data-id=\"afa0f44\" data-element_type=\"container\" data-e-type=\"container\">\n\t\t\t\t\t<div class=\"e-con-inner\">\n\t\t\t\t<div class=\"elementor-element elementor-element-2e83742 elementor-widget elementor-widget-heading\" data-id=\"2e83742\" data-element_type=\"widget\" data-e-type=\"widget\" data-widget_type=\"heading.default\">\n\t\t\t\t\t<h2 class=\"elementor-heading-title elementor-size-default\">Hijas de migrantes guatemaltecos que son ciudadanas de EE.UU. por haber nacido en ese pa\u00eds<\/h2>\t\t\t\t<\/div>\n\t\t\t\t\t<\/div>\n\t\t\t\t<\/div>\n\t\t<div data-particle_enable=\"false\" data-particle-mobile-disabled=\"false\" class=\"elementor-element elementor-element-9121836 e-flex e-con-boxed e-con e-parent\" data-id=\"9121836\" data-element_type=\"container\" data-e-type=\"container\">\n\t\t\t\t\t<div class=\"e-con-inner\">\n\t\t\t\t<div class=\"elementor-element elementor-element-9d6dfa0 elementor-grid-eael-col-2 elementor-grid-tablet-eael-col-2 elementor-grid-mobile-eael-col-1 elementor-widget elementor-widget-eael-post-grid\" data-id=\"9d6dfa0\" data-element_type=\"widget\" data-e-type=\"widget\" data-settings=\"{&quot;eael_post_grid_columns&quot;:&quot;eael-col-2&quot;,&quot;eael_post_grid_columns_tablet&quot;:&quot;eael-col-2&quot;,&quot;eael_post_grid_columns_mobile&quot;:&quot;eael-col-1&quot;}\" data-widget_type=\"eael-post-grid.default\">\n\t\t\t\t\t<div id=\"eael-post-grid-9d6dfa0\" class=\"eael-post-grid-container\">\n            <div class=\"eael-post-grid eael-post-appender eael-post-appender-9d6dfa0 eael-post-grid-style-one\" data-layout-mode=\"masonry\"><article class=\"eael-grid-post  eael-post-grid-column eael-pg-post-17201 category-exitos\" data-id=\"17201\">\n        <div class=\"eael-grid-post-holder\">\n            <div class=\"eael-grid-post-holder-inner\"><div class=\"eael-entry-media\"><div class=\"eael-entry-overlay fade-in\"><i class=\"far fa-hand-pointer\" aria-hidden=\"true\"><\/i><a href=\"https:\/\/soymigrante.com\/revista\/y-cuando-evelyn-desperto-su-gran-sueno-todavia-estaba-alli\/\"><\/a><\/div><div class=\"eael-entry-thumbnail eael-image-ratio\">\n                <img fetchpriority=\"high\" decoding=\"async\" width=\"1024\" height=\"1024\" src=\"https:\/\/soymigrante.com\/revista\/wp-content\/uploads\/2024\/12\/evelyn-lorena-actriz-guatemalteca-1024x1024.jpg\" class=\"attachment-large size-large wp-image-17203\" alt=\"Versi\u00f3n en Espa\u00f1ol:.\" srcset=\"https:\/\/soymigrante.com\/revista\/wp-content\/uploads\/2024\/12\/evelyn-lorena-actriz-guatemalteca-1024x1024.jpg 1024w, https:\/\/soymigrante.com\/revista\/wp-content\/uploads\/2024\/12\/evelyn-lorena-actriz-guatemalteca-300x300.jpg 300w, https:\/\/soymigrante.com\/revista\/wp-content\/uploads\/2024\/12\/evelyn-lorena-actriz-guatemalteca-150x150.jpg 150w, https:\/\/soymigrante.com\/revista\/wp-content\/uploads\/2024\/12\/evelyn-lorena-actriz-guatemalteca-768x768.jpg 768w, https:\/\/soymigrante.com\/revista\/wp-content\/uploads\/2024\/12\/evelyn-lorena-actriz-guatemalteca-1536x1536.jpg 1536w, https:\/\/soymigrante.com\/revista\/wp-content\/uploads\/2024\/12\/evelyn-lorena-actriz-guatemalteca-75x75.webp 75w, https:\/\/soymigrante.com\/revista\/wp-content\/uploads\/2024\/12\/evelyn-lorena-actriz-guatemalteca-750x750.webp 750w, https:\/\/soymigrante.com\/revista\/wp-content\/uploads\/2024\/12\/evelyn-lorena-actriz-guatemalteca-1140x1140.webp 1140w, https:\/\/soymigrante.com\/revista\/wp-content\/uploads\/2024\/12\/evelyn-lorena-actriz-guatemalteca.webp 1920w\" sizes=\"(max-width: 1024px) 100vw, 1024px\" \/>\n            <\/div>\n        <\/div><div class=\"eael-entry-wrapper\"><header class=\"eael-entry-header\"><h2 class=\"eael-entry-title\"><a class=\"eael-grid-post-link\" href=\"https:\/\/soymigrante.com\/revista\/y-cuando-evelyn-desperto-su-gran-sueno-todavia-estaba-alli\/\" title=\"Y cuando Evelyn despert\u00f3, su gran sue\u00f1o de cine todav\u00eda estaba all\u00ed\">Y cuando Evelyn despert\u00f3, su gran sue\u00f1o de cine todav\u00eda estaba all\u00ed<\/a><\/h2><\/header><div class=\"eael-entry-content\">\n                        <div class=\"eael-grid-post-excerpt\"><a href=\"https:\/\/soymigrante.com\/revista\/y-cuando-evelyn-desperto-su-gran-sueno-todavia-estaba-alli\/\" class=\"eael-post-elements-readmore-btn\">CONOCE SU HISTORIA <\/a><\/div>\n                    <\/div><\/div><\/div>\n        <\/div>\n    <\/article><article class=\"eael-grid-post  eael-post-grid-column eael-pg-post-2368 category-exitos\" data-id=\"2368\">\n        <div class=\"eael-grid-post-holder\">\n            <div class=\"eael-grid-post-holder-inner\"><div class=\"eael-entry-media\"><div class=\"eael-entry-overlay fade-in\"><i class=\"far fa-hand-pointer\" aria-hidden=\"true\"><\/i><a href=\"https:\/\/soymigrante.com\/revista\/elizabeth-coti-maestra-espanol-texas-guatemala\/\"><\/a><\/div><div class=\"eael-entry-thumbnail eael-image-ratio\">\n                <img decoding=\"async\" width=\"1024\" height=\"731\" src=\"https:\/\/soymigrante.com\/revista\/wp-content\/uploads\/2023\/08\/705345_4157588903679_1136987468_o-e1693334157790-1024x731.webp\" class=\"attachment-large size-large wp-image-2369\" alt=\"El cari\u00f1o de sus padres H\u00e9ctor y Guadalupe ense\u00f1\u00f3 a Elizabeth a valorar la multiculturalidad guatemalteca.\" srcset=\"https:\/\/soymigrante.com\/revista\/wp-content\/uploads\/2023\/08\/705345_4157588903679_1136987468_o-e1693334157790-1024x731.webp 1024w, https:\/\/soymigrante.com\/revista\/wp-content\/uploads\/2023\/08\/705345_4157588903679_1136987468_o-e1693334157790-300x214.webp 300w, https:\/\/soymigrante.com\/revista\/wp-content\/uploads\/2023\/08\/705345_4157588903679_1136987468_o-e1693334157790-768x548.webp 768w, https:\/\/soymigrante.com\/revista\/wp-content\/uploads\/2023\/08\/705345_4157588903679_1136987468_o-e1693334157790-1536x1096.webp 1536w, https:\/\/soymigrante.com\/revista\/wp-content\/uploads\/2023\/08\/705345_4157588903679_1136987468_o-e1693334157790-120x86.webp 120w, https:\/\/soymigrante.com\/revista\/wp-content\/uploads\/2023\/08\/705345_4157588903679_1136987468_o-e1693334157790-350x250.webp 350w, https:\/\/soymigrante.com\/revista\/wp-content\/uploads\/2023\/08\/705345_4157588903679_1136987468_o-e1693334157790-750x535.webp 750w, https:\/\/soymigrante.com\/revista\/wp-content\/uploads\/2023\/08\/705345_4157588903679_1136987468_o-e1693334157790-1140x814.webp 1140w, https:\/\/soymigrante.com\/revista\/wp-content\/uploads\/2023\/08\/705345_4157588903679_1136987468_o-e1693334157790.webp 1774w\" sizes=\"(max-width: 1024px) 100vw, 1024px\" \/>\n            <\/div>\n        <\/div><div class=\"eael-entry-wrapper\"><header class=\"eael-entry-header\"><h2 class=\"eael-entry-title\"><a class=\"eael-grid-post-link\" href=\"https:\/\/soymigrante.com\/revista\/elizabeth-coti-maestra-espanol-texas-guatemala\/\" title=\"Elizabeth Cot\u00ed: La maestra texana con ra\u00edces guatemaltecas que ense\u00f1a espa\u00f1ol\">Elizabeth Cot\u00ed: La maestra texana con ra\u00edces guatemaltecas que ense\u00f1a espa\u00f1ol<\/a><\/h2><\/header><div class=\"eael-entry-content\">\n                        <div class=\"eael-grid-post-excerpt\"><a href=\"https:\/\/soymigrante.com\/revista\/elizabeth-coti-maestra-espanol-texas-guatemala\/\" class=\"eael-post-elements-readmore-btn\">CONOCE SU HISTORIA <\/a><\/div>\n                    <\/div><\/div><\/div>\n        <\/div>\n    <\/article><\/div>\n            <div class=\"clearfix\"><\/div>\n        <\/div>\t\t\t\t<\/div>\n\t\t\t\t\t<\/div>\n\t\t\t\t<\/div>\n\t\t\t\t<\/div>\n\t\t","protected":false},"excerpt":{"rendered":"<p>Seg\u00fan la Constituci\u00f3n de los Estados Unidos, toda persona que nace en suelo o territorio de Estados Unidos autom\u00e1ticamente adquiere la ciudadan\u00eda estadounidense, incluso aunque sus padres sean migrantes indocumentados. M\u00e1s respuestas aqu\u00ed. Declaraciones del mandatario electo de EE.UU. Donald Trump\u00a0 acerca de cuestionar y tratar de eliminar el Derecho de Ciudadan\u00eda por Nacimiento han [&hellip;]<\/p>\n","protected":false},"author":7,"featured_media":18203,"comment_status":"open","ping_status":"open","sticky":false,"template":"","format":"standard","meta":{"_acf_changed":false,"_eb_attr":"","footnotes":""},"categories":[59],"tags":[135],"class_list":["post-18199","post","type-post","status-publish","format-standard","has-post-thumbnail","hentry","category-recursos-migratorios","tag-preguntas-y-respuestas"],"acf":[],"aioseo_notices":[],"aioseo_head":"\n\t\t<!-- All in One SEO Pro 4.9.6.2 - aioseo.com -->\n\t<meta name=\"description\" content=\"Elizabeth Cot\u00ed, nacida en Texas y con padres guatemaltecos, se ha destacado por su din\u00e1mico m\u00e9todo para ense\u00f1ar espa\u00f1ol, conectando culturas y tradiciones.\" \/>\n\t<meta name=\"robots\" content=\"max-snippet:-1, max-image-preview:large, max-video-preview:-1\" \/>\n\t<meta name=\"author\" content=\"Gustavo Montenegro\"\/>\n\t<link rel=\"canonical\" href=\"https:\/\/soymigrante.com\/revista\/elizabeth-coti-maestra-espanol-texas-guatemala\/\" \/>\n\t<meta name=\"generator\" content=\"All in One SEO Pro (AIOSEO) 4.9.6.2\" \/>\n\n\t\t<link rel=\"preconnect\" href=\"https:\/\/fonts.googleapis.com\" crossorigin>\n<link rel=\"preconnect\" href=\"https:\/\/fonts.gstatic.com\" crossorigin>\n\t\t<meta property=\"og:locale\" content=\"es_ES\" \/>\n\t\t<meta property=\"og:site_name\" content=\"SoyMigrante.com REVISTA \u2013 Nuestra misi\u00f3n es reconocer y dignificar al migrante.\" \/>\n\t\t<meta property=\"og:type\" content=\"article\" \/>\n\t\t<meta property=\"og:title\" content=\"Elizabeth Cot\u00ed: La maestra texana con ra\u00edces guatemaltecas que ense\u00f1a espa\u00f1ol \u2013\" \/>\n\t\t<meta property=\"og:description\" content=\"Elizabeth Cot\u00ed, nacida en Texas y con padres guatemaltecos, se ha destacado por su din\u00e1mico m\u00e9todo para ense\u00f1ar espa\u00f1ol, conectando culturas y tradiciones.\" \/>\n\t\t<meta property=\"og:url\" content=\"https:\/\/soymigrante.com\/revista\/elizabeth-coti-maestra-espanol-texas-guatemala\/\" \/>\n\t\t<meta property=\"og:image\" content=\"https:\/\/soymigrante.com\/revista\/wp-content\/uploads\/2023\/08\/705345_4157588903679_1136987468_o-e1693334157790.webp\" \/>\n\t\t<meta property=\"og:image:secure_url\" content=\"https:\/\/soymigrante.com\/revista\/wp-content\/uploads\/2023\/08\/705345_4157588903679_1136987468_o-e1693334157790.webp\" \/>\n\t\t<meta property=\"og:image:width\" content=\"1774\" \/>\n\t\t<meta property=\"og:image:height\" content=\"1266\" \/>\n\t\t<meta property=\"article:published_time\" content=\"2023-08-29T18:36:14+00:00\" \/>\n\t\t<meta property=\"article:modified_time\" content=\"2024-07-30T23:33:49+00:00\" \/>\n\t\t<meta property=\"article:publisher\" content=\"https:\/\/www.facebook.com\/soymigrantecom\" \/>\n\t\t<meta name=\"twitter:card\" content=\"summary_large_image\" \/>\n\t\t<meta name=\"twitter:site\" content=\"@SoyMigrante_com\" \/>\n\t\t<meta name=\"twitter:title\" content=\"Elizabeth Cot\u00ed: La maestra texana con ra\u00edces guatemaltecas que ense\u00f1a espa\u00f1ol \u2013\" \/>\n\t\t<meta name=\"twitter:description\" content=\"Elizabeth Cot\u00ed, nacida en Texas y con padres guatemaltecos, se ha destacado por su din\u00e1mico m\u00e9todo para ense\u00f1ar espa\u00f1ol, conectando culturas y tradiciones.\" \/>\n\t\t<meta name=\"twitter:creator\" content=\"@SoyMigrante_com\" \/>\n\t\t<meta name=\"twitter:image\" content=\"https:\/\/soymigrante.com\/revista\/wp-content\/uploads\/2023\/08\/705345_4157588903679_1136987468_o-e1693334157790.webp\" \/>\n\t\t<!-- All in One SEO Pro -->\r\n\t\t<title>Elizabeth Cot\u00ed: La maestra texana con ra\u00edces guatemaltecas que ense\u00f1a espa\u00f1ol \u2013<\/title>\n\n","aioseo_head_json":{"title":"Elizabeth Cot\u00ed: La maestra texana con ra\u00edces guatemaltecas que ense\u00f1a espa\u00f1ol \u2013","description":"Elizabeth Cot\u00ed, nacida en Texas y con padres guatemaltecos, se ha destacado por su din\u00e1mico m\u00e9todo para ense\u00f1ar espa\u00f1ol, conectando culturas y tradiciones.","canonical_url":"https:\/\/soymigrante.com\/revista\/elizabeth-coti-maestra-espanol-texas-guatemala\/","robots":"max-snippet:-1, max-image-preview:large, max-video-preview:-1","keywords":"","webmasterTools":{"miscellaneous":"&lt;link rel=\"preconnect\" href=\"https:\/\/fonts.googleapis.com\" crossorigin&gt;\n&lt;link rel=\"preconnect\" href=\"https:\/\/fonts.gstatic.com\" crossorigin&gt;"},"schema":null,"og:locale":"es_ES","og:site_name":"SoyMigrante.com REVISTA \u2013 Nuestra misi\u00f3n es reconocer y dignificar al migrante.","og:type":"article","og:title":"Elizabeth Cot\u00ed: La maestra texana con ra\u00edces guatemaltecas que ense\u00f1a espa\u00f1ol \u2013","og:description":"Elizabeth Cot\u00ed, nacida en Texas y con padres guatemaltecos, se ha destacado por su din\u00e1mico m\u00e9todo para ense\u00f1ar espa\u00f1ol, conectando culturas y tradiciones.","og:url":"https:\/\/soymigrante.com\/revista\/elizabeth-coti-maestra-espanol-texas-guatemala\/","og:image":"https:\/\/soymigrante.com\/revista\/wp-content\/uploads\/2023\/08\/705345_4157588903679_1136987468_o-e1693334157790.webp","og:image:secure_url":"https:\/\/soymigrante.com\/revista\/wp-content\/uploads\/2023\/08\/705345_4157588903679_1136987468_o-e1693334157790.webp","og:image:width":1774,"og:image:height":1266,"article:published_time":"2023-08-29T18:36:14+00:00","article:modified_time":"2024-07-30T23:33:49+00:00","article:publisher":"https:\/\/www.facebook.com\/soymigrantecom","twitter:card":"summary_large_image","twitter:site":"@SoyMigrante_com","twitter:title":"Elizabeth Cot\u00ed: La maestra texana con ra\u00edces guatemaltecas que ense\u00f1a espa\u00f1ol \u2013","twitter:description":"Elizabeth Cot\u00ed, nacida en Texas y con padres guatemaltecos, se ha destacado por su din\u00e1mico m\u00e9todo para ense\u00f1ar espa\u00f1ol, conectando culturas y tradiciones.","twitter:creator":"@SoyMigrante_com","twitter:image":"https:\/\/soymigrante.com\/revista\/wp-content\/uploads\/2023\/08\/705345_4157588903679_1136987468_o-e1693334157790.webp"},"aioseo_meta_data":{"post_id":"18199","title":"Q&amp;A \u00bfQu\u00e9 es el derecho a la ciudadan\u00eda en USA por nacimiento?","description":"\u00bfToda persona que nace en USA tiene el derecho a la ciudadan\u00eda aunque sus padres sean indocumentados? \u00bfEn qu\u00e9 se basa este derecho? Preguntas y respuestas","keywords":null,"keyphrases":{"focus":{"keyphrase":"Ciudadan\u00eda por nacimiento","score":46,"analysis":{"keyphraseInTitle":{"score":3,"maxScore":9,"error":1},"keyphraseInDescription":{"score":3,"maxScore":9,"error":1},"keyphraseLength":{"score":9,"maxScore":9,"error":0,"length":4},"keyphraseInURL":{"score":1,"maxScore":5,"error":1},"keyphraseInIntroduction":{"score":9,"maxScore":9,"error":0},"keyphraseInSubHeadings":{"score":3,"maxScore":9,"error":1},"keyphraseInImageAlt":{"score":3,"maxScore":9,"error":1},"keywordDensity":{"score":0,"type":"low","maxScore":9,"error":1}}},"additional":[{"keyphrase":"Derecho","score":87,"analysis":{"keyphraseInDescription":{"score":9,"maxScore":9,"error":0},"keyphraseLength":{"score":9,"maxScore":9,"error":0,"length":1},"keyphraseInIntroduction":{"score":9,"maxScore":9,"error":0},"keyphraseInImageAlt":{"score":3,"maxScore":9,"error":1},"keywordDensity":{"type":"best","score":9,"maxScore":9,"error":0}}},{"keyphrase":"14 enmienda","score":40,"analysis":{"keyphraseInDescription":{"score":3,"maxScore":9,"error":1},"keyphraseLength":{"score":9,"maxScore":9,"error":0,"length":2},"keyphraseInIntroduction":{"score":3,"maxScore":9,"error":1},"keyphraseInImageAlt":{"score":3,"maxScore":9,"error":1},"keywordDensity":{"score":0,"type":"low","maxScore":9,"error":1}}}]},"primary_term":null,"canonical_url":null,"og_title":null,"og_description":null,"og_object_type":"default","og_image_type":"default","og_image_url":null,"og_image_width":null,"og_image_height":null,"og_image_custom_url":null,"og_image_custom_fields":null,"og_video":"","og_custom_url":null,"og_article_section":null,"og_article_tags":null,"twitter_use_og":false,"twitter_card":"default","twitter_image_type":"default","twitter_image_url":null,"twitter_image_custom_url":null,"twitter_image_custom_fields":null,"twitter_title":null,"twitter_description":null,"schema":{"blockGraphs":[],"customGraphs":[],"default":{"data":{"Article":[],"Course":[],"Dataset":[],"FAQPage":[],"Movie":[],"Person":[],"Product":[],"ProductReview":[],"Car":[],"Recipe":[],"Service":[],"SoftwareApplication":[],"WebPage":[]},"graphName":"BlogPosting","isEnabled":true},"graphs":[]},"schema_type":"default","schema_type_options":null,"pillar_content":false,"robots_default":true,"robots_noindex":false,"robots_noarchive":false,"robots_nosnippet":false,"robots_nofollow":false,"robots_noimageindex":false,"robots_noodp":false,"robots_notranslate":false,"robots_max_snippet":"-1","robots_max_videopreview":"-1","robots_max_imagepreview":"large","priority":null,"frequency":"default","local_seo":null,"seo_analyzer_scan_date":"2025-10-09 01:19:10","breadcrumb_settings":null,"limit_modified_date":false,"reviewed_by":null,"open_ai":"{\"title\":{\"suggestions\":[],\"usage\":0},\"description\":{\"suggestions\":[],\"usage\":0}}","ai":null,"created":"2024-12-26 21:03:35","updated":"2026-02-04 18:36:22"},"aioseo_breadcrumb":"<div class=\"aioseo-breadcrumbs\"><span class=\"aioseo-breadcrumb\">\n\t<a href=\"https:\/\/soymigrante.com\/revista\" title=\"Home\">Home<\/a>\n<\/span><span class=\"aioseo-breadcrumb-separator\">\u00bb<\/span><span class=\"aioseo-breadcrumb\">\n\t<a href=\"https:\/\/soymigrante.com\/revista\/category\/recursos-migratorios\/\" title=\"Recursos Migratorios\">Recursos Migratorios<\/a>\n<\/span><span class=\"aioseo-breadcrumb-separator\">\u00bb<\/span><span class=\"aioseo-breadcrumb\">\n\tPreguntas y respuestas: \u00bfQu\u00e9 es el derecho a la ciudadan\u00eda por nacimiento en EE.UU?\n<\/span><\/div>","aioseo_breadcrumb_json":[{"label":"Home","link":"https:\/\/soymigrante.com\/revista"},{"label":"Recursos Migratorios","link":"https:\/\/soymigrante.com\/revista\/category\/recursos-migratorios\/"},{"label":"Preguntas y respuestas: \u00bfQu\u00e9 es el derecho a la ciudadan\u00eda por nacimiento en EE.UU?","link":"https:\/\/soymigrante.com\/revista\/preguntas-y-respuestas-que-es-el-derecho-a-la-ciudadania-por-nacimiento-en-ee-uu\/"}],"_links":{"self":[{"href":"https:\/\/soymigrante.com\/revista\/wp-json\/wp\/v2\/posts\/18199","targetHints":{"allow":["GET"]}}],"collection":[{"href":"https:\/\/soymigrante.com\/revista\/wp-json\/wp\/v2\/posts"}],"about":[{"href":"https:\/\/soymigrante.com\/revista\/wp-json\/wp\/v2\/types\/post"}],"author":[{"embeddable":true,"href":"https:\/\/soymigrante.com\/revista\/wp-json\/wp\/v2\/users\/7"}],"replies":[{"embeddable":true,"href":"https:\/\/soymigrante.com\/revista\/wp-json\/wp\/v2\/comments?post=18199"}],"version-history":[{"count":0,"href":"https:\/\/soymigrante.com\/revista\/wp-json\/wp\/v2\/posts\/18199\/revisions"}],"wp:featuredmedia":[{"embeddable":true,"href":"https:\/\/soymigrante.com\/revista\/wp-json\/wp\/v2\/media\/18203"}],"wp:attachment":[{"href":"https:\/\/soymigrante.com\/revista\/wp-json\/wp\/v2\/media?parent=18199"}],"wp:term":[{"taxonomy":"category","embeddable":true,"href":"https:\/\/soymigrante.com\/revista\/wp-json\/wp\/v2\/categories?post=18199"},{"taxonomy":"post_tag","embeddable":true,"href":"https:\/\/soymigrante.com\/revista\/wp-json\/wp\/v2\/tags?post=18199"}],"curies":[{"name":"wp","href":"https:\/\/api.w.org\/{rel}","templated":true}]}}