{"id":18117,"date":"2024-12-27T10:22:30","date_gmt":"2024-12-27T16:22:30","guid":{"rendered":"https:\/\/soymigrante.com\/revista\/?p=18117"},"modified":"2025-08-27T23:40:49","modified_gmt":"2025-08-28T05:40:49","slug":"sugerencias-para-crear-mensajes-motivadores-de-ano-nuevo-para-familiares-migrantes","status":"publish","type":"post","link":"https:\/\/soymigrante.com\/revista\/sugerencias-para-crear-mensajes-motivadores-de-ano-nuevo-para-familiares-migrantes\/","title":{"rendered":"Sugerencias para crear mensajes motivadores de A\u00f1o Nuevo para familiares migrantes"},"content":{"rendered":"\t\t<div data-elementor-type=\"wp-post\" data-elementor-id=\"18117\" class=\"elementor elementor-18117\" data-elementor-post-type=\"post\">\n\t\t\t\t<div data-particle_enable=\"false\" data-particle-mobile-disabled=\"false\" class=\"elementor-element elementor-element-e64308e e-flex e-con-boxed e-con e-parent\" data-id=\"e64308e\" data-element_type=\"container\" data-e-type=\"container\">\n\t\t\t\t\t<div class=\"e-con-inner\">\n\t\t\t\t<div class=\"elementor-element elementor-element-256120c elementor-widget elementor-widget-heading\" data-id=\"256120c\" data-element_type=\"widget\" data-e-type=\"widget\" data-widget_type=\"heading.default\">\n\t\t\t\t\t<h2 class=\"elementor-heading-title elementor-size-default\">Estos mensajes son un puente emocional que refuerza los lazos entre las familias guatemaltecas y sus migrantes en Estados Unidos.\n<\/h2>\t\t\t\t<\/div>\n\t\t\t\t\t<\/div>\n\t\t\t\t<\/div>\n\t\t<div data-particle_enable=\"false\" data-particle-mobile-disabled=\"false\" class=\"elementor-element elementor-element-68f7815 e-flex e-con-boxed e-con e-parent\" data-id=\"68f7815\" data-element_type=\"container\" data-e-type=\"container\">\n\t\t\t\t\t<div class=\"e-con-inner\">\n\t\t\t\t<div class=\"elementor-element elementor-element-b235a5f elementor-widget elementor-widget-text-editor\" data-id=\"b235a5f\" data-element_type=\"widget\" data-e-type=\"widget\" data-widget_type=\"text-editor.default\">\n\t\t\t\t\t\t\t\t\t<p>El A\u00f1o Nuevo es una \u00e9poca cargada de emociones, especialmente <a href=\"https:\/\/soymigrante.com\/revista\/category\/guate-nuestra\/\" target=\"_blank\" rel=\"noopener\">para las familias guatemaltecas que tienen a sus seres queridos lejos,<\/a> viviendo en Estados Unidos como migrantes.<\/p><p>A trav\u00e9s de palabras llenas de amor, esperanza y gratitud, se puede acortar la distancia y hacer sentir cerca a quienes trabajan d\u00eda a d\u00eda para construir un mejor futuro.<\/p>\t\t\t\t\t\t\t\t<\/div>\n\t\t\t\t\t<\/div>\n\t\t\t\t<\/div>\n\t\t<div data-particle_enable=\"false\" data-particle-mobile-disabled=\"false\" class=\"elementor-element elementor-element-f5f42e5 e-flex e-con-boxed e-con e-parent\" data-id=\"f5f42e5\" data-element_type=\"container\" data-e-type=\"container\">\n\t\t\t\t\t<div class=\"e-con-inner\">\n\t\t\t\t<div class=\"elementor-element elementor-element-8f2e379 elementor-widget elementor-widget-text-editor\" data-id=\"8f2e379\" data-element_type=\"widget\" data-e-type=\"widget\" data-widget_type=\"text-editor.default\">\n\t\t\t\t\t\t\t\t\t<p>A continuaci\u00f3n, te compartimos algunos de los mejores mensajes que puedes enviar a tus familiares migrantes en esta fecha tan especial.<\/p>\t\t\t\t\t\t\t\t<\/div>\n\t\t\t\t\t<\/div>\n\t\t\t\t<\/div>\n\t\t<div data-particle_enable=\"false\" data-particle-mobile-disabled=\"false\" class=\"elementor-element elementor-element-dbdb6f3 e-flex e-con-boxed e-con e-parent\" data-id=\"dbdb6f3\" data-element_type=\"container\" data-e-type=\"container\">\n\t\t\t\t\t<div class=\"e-con-inner\">\n\t\t\t\t<div class=\"elementor-element elementor-element-52927d5 elementor-widget elementor-widget-heading\" data-id=\"52927d5\" data-element_type=\"widget\" data-e-type=\"widget\" data-widget_type=\"heading.default\">\n\t\t\t\t\t<h3 class=\"elementor-heading-title elementor-size-default\">Mensajes llenos de amor y gratitud<\/h3>\t\t\t\t<\/div>\n\t\t\t\t\t<\/div>\n\t\t\t\t<\/div>\n\t\t<div data-particle_enable=\"false\" data-particle-mobile-disabled=\"false\" class=\"elementor-element elementor-element-450f7a7 e-flex e-con-boxed e-con e-parent\" data-id=\"450f7a7\" data-element_type=\"container\" data-e-type=\"container\">\n\t\t\t\t\t<div class=\"e-con-inner\">\n\t\t\t\t<div class=\"elementor-element elementor-element-6781fd5 elementor-widget elementor-widget-text-editor\" data-id=\"6781fd5\" data-element_type=\"widget\" data-e-type=\"widget\" data-widget_type=\"text-editor.default\">\n\t\t\t\t\t\t\t\t\t<div>1.\u201cGracias por tu esfuerzo y sacrificio. Aunque la distancia nos separe, tu amor siempre nos mantiene unidos. Que este A\u00f1o Nuevo est\u00e9 lleno de bendiciones para ti y todos los que te rodean. \u00a1Te queremos y extra\u00f1amos mucho!\u201d<\/div><div>\u00a0<\/div><div>2.\u201cEn cada logro que celebramos aqu\u00ed, est\u00e1 tu esfuerzo all\u00e1. Eres nuestro orgullo y<a href=\"https:\/\/soymigrante.com\/revista\/category\/guate-nuestra\/\" target=\"_blank\" rel=\"noopener\"> te llevamos siempre en el coraz\u00f3n.<\/a> Feliz A\u00f1o Nuevo, que la vida te siga regalando motivos para sonre\u00edr.\u201d<\/div><div>\u00a0<\/div><div>3.\u201cNo hay d\u00eda en que no pensemos en ti y agradezcamos todo lo que haces por nosotros. Aunque est\u00e9s lejos, est\u00e1s presente en cada momento especial. \u00a1Feliz A\u00f1o Nuevo!\u201d<\/div>\t\t\t\t\t\t\t\t<\/div>\n\t\t\t\t\t<\/div>\n\t\t\t\t<\/div>\n\t\t<div data-particle_enable=\"false\" data-particle-mobile-disabled=\"false\" class=\"elementor-element elementor-element-0681ce7 e-flex e-con-boxed e-con e-parent\" data-id=\"0681ce7\" data-element_type=\"container\" data-e-type=\"container\">\n\t\t\t\t\t<div class=\"e-con-inner\">\n\t\t\t\t<div class=\"elementor-element elementor-element-c5386c4 elementor-widget elementor-widget-image\" data-id=\"c5386c4\" data-element_type=\"widget\" data-e-type=\"widget\" data-widget_type=\"image.default\">\n\t\t\t\t\t\t\t\t\t\t\t\t\t\t\t<img fetchpriority=\"high\" decoding=\"async\" width=\"1024\" height=\"682\" src=\"https:\/\/soymigrante.com\/revista\/wp-content\/uploads\/2024\/12\/Los-mejores-mensajes-de-An\u0303o-Nuevo-para-familiares-migrantes-2-1024x682.jpg\" class=\"attachment-large size-large wp-image-18120\" alt=\"Los mejores mensajes de A\u00f1o Nuevo para familiares migrantes\" srcset=\"https:\/\/soymigrante.com\/revista\/wp-content\/uploads\/2024\/12\/Los-mejores-mensajes-de-An\u0303o-Nuevo-para-familiares-migrantes-2-1024x682.jpg 1024w, https:\/\/soymigrante.com\/revista\/wp-content\/uploads\/2024\/12\/Los-mejores-mensajes-de-An\u0303o-Nuevo-para-familiares-migrantes-2-300x200.jpg 300w, https:\/\/soymigrante.com\/revista\/wp-content\/uploads\/2024\/12\/Los-mejores-mensajes-de-An\u0303o-Nuevo-para-familiares-migrantes-2-768x512.jpg 768w, https:\/\/soymigrante.com\/revista\/wp-content\/uploads\/2024\/12\/Los-mejores-mensajes-de-An\u0303o-Nuevo-para-familiares-migrantes-2-750x500.webp 750w, https:\/\/soymigrante.com\/revista\/wp-content\/uploads\/2024\/12\/Los-mejores-mensajes-de-An\u0303o-Nuevo-para-familiares-migrantes-2-1140x760.webp 1140w, https:\/\/soymigrante.com\/revista\/wp-content\/uploads\/2024\/12\/Los-mejores-mensajes-de-An\u0303o-Nuevo-para-familiares-migrantes-2.webp 1280w\" sizes=\"(max-width: 1024px) 100vw, 1024px\" title=\"Los mejores mensajes de A\u00f1o Nuevo para familiares migrantes \u2013 SoyMigrante.com REVISTA\" \/>\t\t\t\t\t\t\t\t\t\t\t\t\t\t\t<\/div>\n\t\t\t\t\t<\/div>\n\t\t\t\t<\/div>\n\t\t<div data-particle_enable=\"false\" data-particle-mobile-disabled=\"false\" class=\"elementor-element elementor-element-7e5df1e e-flex e-con-boxed e-con e-parent\" data-id=\"7e5df1e\" data-element_type=\"container\" data-e-type=\"container\">\n\t\t\t\t\t<div class=\"e-con-inner\">\n\t\t\t\t<div class=\"elementor-element elementor-element-8c4ee14 elementor-widget elementor-widget-heading\" data-id=\"8c4ee14\" data-element_type=\"widget\" data-e-type=\"widget\" data-widget_type=\"heading.default\">\n\t\t\t\t\t<h3 class=\"elementor-heading-title elementor-size-default\">Mensajes de esperanza y fortaleza<\/h3>\t\t\t\t<\/div>\n\t\t\t\t\t<\/div>\n\t\t\t\t<\/div>\n\t\t<div data-particle_enable=\"false\" data-particle-mobile-disabled=\"false\" class=\"elementor-element elementor-element-caadc87 e-flex e-con-boxed e-con e-parent\" data-id=\"caadc87\" data-element_type=\"container\" data-e-type=\"container\">\n\t\t\t\t\t<div class=\"e-con-inner\">\n\t\t\t\t<div class=\"elementor-element elementor-element-adeb35d elementor-widget elementor-widget-text-editor\" data-id=\"adeb35d\" data-element_type=\"widget\" data-e-type=\"widget\" data-widget_type=\"text-editor.default\">\n\t\t\t\t\t\t\t\t\t<div>4. \u201cEl A\u00f1o Nuevo trae nuevas oportunidades para seguir luchando por tus sue\u00f1os. Estamos contigo en cada paso que das, aunque sea desde la distancia. \u00a1Que este a\u00f1o sea incre\u00edble para ti!\u201d<\/div><div>\u00a0<\/div><div>5.\u201c<a href=\"https:\/\/soymigrante.com\/revista\/category\/guate-nuestra\/\" target=\"_blank\" rel=\"noopener\">Tu sacrificio nos inspira a ser mejores cada d\u00eda<\/a>. Este A\u00f1o Nuevo deseamos que la vida te recompense con salud, felicidad y muchos \u00e9xitos. \u00a1Te amamos!\u201d<\/div><div>\u00a0<\/div><div>6.\u201cAunque est\u00e9s lejos, recuerda que tus ra\u00edces est\u00e1n aqu\u00ed, en nuestra tierra y en nuestros corazones. Que el 2025 te traiga muchas alegr\u00edas y la fortaleza para superar cualquier obst\u00e1culo.\u201d<\/div>\t\t\t\t\t\t\t\t<\/div>\n\t\t\t\t\t<\/div>\n\t\t\t\t<\/div>\n\t\t<div data-particle_enable=\"false\" data-particle-mobile-disabled=\"false\" class=\"elementor-element elementor-element-eb5b7d1 e-flex e-con-boxed e-con e-parent\" data-id=\"eb5b7d1\" data-element_type=\"container\" data-e-type=\"container\">\n\t\t\t\t\t<div class=\"e-con-inner\">\n\t\t\t\t<div class=\"elementor-element elementor-element-9150e3a elementor-widget elementor-widget-heading\" data-id=\"9150e3a\" data-element_type=\"widget\" data-e-type=\"widget\" data-widget_type=\"heading.default\">\n\t\t\t\t\t<h3 class=\"elementor-heading-title elementor-size-default\">Mensajes que conectan tradiciones y emociones<\/h3>\t\t\t\t<\/div>\n\t\t\t\t\t<\/div>\n\t\t\t\t<\/div>\n\t\t<div data-particle_enable=\"false\" data-particle-mobile-disabled=\"false\" class=\"elementor-element elementor-element-de19a14 e-flex e-con-boxed e-con e-parent\" data-id=\"de19a14\" data-element_type=\"container\" data-e-type=\"container\">\n\t\t\t\t\t<div class=\"e-con-inner\">\n\t\t\t\t<div class=\"elementor-element elementor-element-153246b elementor-widget elementor-widget-text-editor\" data-id=\"153246b\" data-element_type=\"widget\" data-e-type=\"widget\" data-widget_type=\"text-editor.default\">\n\t\t\t\t\t\t\t\t\t<div>7. \u201cHoy encendemos una velita por ti, para que la luz de nuestra tradici\u00f3n guatemalteca te acompa\u00f1e y te recuerde que siempre ser\u00e1s parte de nuestro hogar. \u00a1Feliz A\u00f1o Nuevo!\u201d<\/div><div>\u00a0<\/div><div>8.\u201c<a href=\"https:\/\/soymigrante.com\/revista\/category\/guate-nuestra\/\" target=\"_blank\" rel=\"noopener\">Con cada uva que comamos, pediremos un deseo por ti<\/a>. Que la vida te regale momentos de felicidad, abrazos c\u00e1lidos y sue\u00f1os cumplidos. \u00a1Te esperamos con ansias!\u201d<\/div><div>\u00a0<\/div><div>9.\u201cEste A\u00f1o Nuevo, aunque no podamos compartir el tamal juntos, brindaremos por ti y por todo lo que haces por esta familia. \u00a1Te queremos mucho!\u201d<\/div>\t\t\t\t\t\t\t\t<\/div>\n\t\t\t\t\t<\/div>\n\t\t\t\t<\/div>\n\t\t<div data-particle_enable=\"false\" data-particle-mobile-disabled=\"false\" class=\"elementor-element elementor-element-b2b6a65 e-flex e-con-boxed e-con e-parent\" data-id=\"b2b6a65\" data-element_type=\"container\" data-e-type=\"container\">\n\t\t\t\t\t<div class=\"e-con-inner\">\n\t\t\t\t<div class=\"elementor-element elementor-element-66e8d40 elementor-widget elementor-widget-image\" data-id=\"66e8d40\" data-element_type=\"widget\" data-e-type=\"widget\" data-widget_type=\"image.default\">\n\t\t\t\t\t\t\t\t\t\t\t\t\t\t\t<img decoding=\"async\" width=\"1024\" height=\"682\" src=\"https:\/\/soymigrante.com\/revista\/wp-content\/uploads\/2024\/12\/Los-mejores-mensajes-de-An\u0303o-Nuevo-para-familiares-migrantes-3-1024x682.jpg\" class=\"attachment-large size-large wp-image-18121\" alt=\"Los mejores mensajes de A\u00f1o Nuevo para familiares migrantes\" srcset=\"https:\/\/soymigrante.com\/revista\/wp-content\/uploads\/2024\/12\/Los-mejores-mensajes-de-An\u0303o-Nuevo-para-familiares-migrantes-3-1024x682.jpg 1024w, https:\/\/soymigrante.com\/revista\/wp-content\/uploads\/2024\/12\/Los-mejores-mensajes-de-An\u0303o-Nuevo-para-familiares-migrantes-3-300x200.jpg 300w, https:\/\/soymigrante.com\/revista\/wp-content\/uploads\/2024\/12\/Los-mejores-mensajes-de-An\u0303o-Nuevo-para-familiares-migrantes-3-768x512.jpg 768w, https:\/\/soymigrante.com\/revista\/wp-content\/uploads\/2024\/12\/Los-mejores-mensajes-de-An\u0303o-Nuevo-para-familiares-migrantes-3-750x500.webp 750w, https:\/\/soymigrante.com\/revista\/wp-content\/uploads\/2024\/12\/Los-mejores-mensajes-de-An\u0303o-Nuevo-para-familiares-migrantes-3-1140x760.webp 1140w, https:\/\/soymigrante.com\/revista\/wp-content\/uploads\/2024\/12\/Los-mejores-mensajes-de-An\u0303o-Nuevo-para-familiares-migrantes-3.webp 1280w\" sizes=\"(max-width: 1024px) 100vw, 1024px\" title=\"Los mejores mensajes de An\u0303o Nuevo para familiares migrantes 3 \u2013 SoyMigrante.com REVISTA\" \/>\t\t\t\t\t\t\t\t\t\t\t\t\t\t\t<\/div>\n\t\t\t\t\t<\/div>\n\t\t\t\t<\/div>\n\t\t<div data-particle_enable=\"false\" data-particle-mobile-disabled=\"false\" class=\"elementor-element elementor-element-9289b0b e-flex e-con-boxed e-con e-parent\" data-id=\"9289b0b\" data-element_type=\"container\" data-e-type=\"container\">\n\t\t\t\t\t<div class=\"e-con-inner\">\n\t\t\t\t<div class=\"elementor-element elementor-element-6df4d0f elementor-widget elementor-widget-heading\" data-id=\"6df4d0f\" data-element_type=\"widget\" data-e-type=\"widget\" data-widget_type=\"heading.default\">\n\t\t\t\t\t<h3 class=\"elementor-heading-title elementor-size-default\">Mensajes para fortalecer la uni\u00f3n familiar<\/h3>\t\t\t\t<\/div>\n\t\t\t\t\t<\/div>\n\t\t\t\t<\/div>\n\t\t<div data-particle_enable=\"false\" data-particle-mobile-disabled=\"false\" class=\"elementor-element elementor-element-814ae61 e-flex e-con-boxed e-con e-parent\" data-id=\"814ae61\" data-element_type=\"container\" data-e-type=\"container\">\n\t\t\t\t\t<div class=\"e-con-inner\">\n\t\t\t\t<div class=\"elementor-element elementor-element-ae8f4a8 elementor-widget elementor-widget-text-editor\" data-id=\"ae8f4a8\" data-element_type=\"widget\" data-e-type=\"widget\" data-widget_type=\"text-editor.default\">\n\t\t\t\t\t\t\t\t\t<div>10. \u201cAunque la distancia nos separe f\u00edsicamente, estamos unidos por el amor que nos ense\u00f1aste. Que el A\u00f1o Nuevo te d\u00e9 fuerza, salud y momentos inolvidables. \u00a1Estamos contigo siempre!\u201d<\/div><div>\u00a0<\/div><div>11.\u201c<a href=\"https:\/\/soymigrante.com\/revista\/category\/guate-nuestra\/\" target=\"_blank\" rel=\"noopener\">Tu esfuerzo nos une y nos hace m\u00e1s fuertes como familia<\/a>. En este A\u00f1o Nuevo, deseamos que todos tus sue\u00f1os se hagan realidad. \u00a1Te amamos y te extra\u00f1amos mucho!\u201d<\/div><div>\u00a0<\/div><div>12.\u201cSabemos que no es f\u00e1cil estar lejos, pero aqu\u00ed siempre tienes tu hogar esperando por ti. Feliz A\u00f1o Nuevo, y que este 2025 te acerque m\u00e1s a tus sue\u00f1os.\u201d<\/div>\t\t\t\t\t\t\t\t<\/div>\n\t\t\t\t\t<\/div>\n\t\t\t\t<\/div>\n\t\t<div data-particle_enable=\"false\" data-particle-mobile-disabled=\"false\" class=\"elementor-element elementor-element-2b5b5d0 e-flex e-con-boxed e-con e-parent\" data-id=\"2b5b5d0\" data-element_type=\"container\" data-e-type=\"container\">\n\t\t\t\t\t<div class=\"e-con-inner\">\n\t\t\t\t<div class=\"elementor-element elementor-element-ad323e9 elementor-widget elementor-widget-image\" data-id=\"ad323e9\" data-element_type=\"widget\" data-e-type=\"widget\" data-widget_type=\"image.default\">\n\t\t\t\t\t\t\t\t\t\t\t\t\t\t\t<img decoding=\"async\" width=\"1024\" height=\"682\" src=\"https:\/\/soymigrante.com\/revista\/wp-content\/uploads\/2024\/12\/Los-mejores-mensajes-de-An\u0303o-Nuevo-para-familiares-migrantes-4-1024x682.jpg\" class=\"attachment-large size-large wp-image-18122\" alt=\"Los mejores mensajes de A\u00f1o Nuevo para familiares migrantes\" srcset=\"https:\/\/soymigrante.com\/revista\/wp-content\/uploads\/2024\/12\/Los-mejores-mensajes-de-An\u0303o-Nuevo-para-familiares-migrantes-4-1024x682.jpg 1024w, https:\/\/soymigrante.com\/revista\/wp-content\/uploads\/2024\/12\/Los-mejores-mensajes-de-An\u0303o-Nuevo-para-familiares-migrantes-4-300x200.jpg 300w, https:\/\/soymigrante.com\/revista\/wp-content\/uploads\/2024\/12\/Los-mejores-mensajes-de-An\u0303o-Nuevo-para-familiares-migrantes-4-768x512.jpg 768w, https:\/\/soymigrante.com\/revista\/wp-content\/uploads\/2024\/12\/Los-mejores-mensajes-de-An\u0303o-Nuevo-para-familiares-migrantes-4-750x500.webp 750w, https:\/\/soymigrante.com\/revista\/wp-content\/uploads\/2024\/12\/Los-mejores-mensajes-de-An\u0303o-Nuevo-para-familiares-migrantes-4-1140x760.webp 1140w, https:\/\/soymigrante.com\/revista\/wp-content\/uploads\/2024\/12\/Los-mejores-mensajes-de-An\u0303o-Nuevo-para-familiares-migrantes-4.webp 1280w\" sizes=\"(max-width: 1024px) 100vw, 1024px\" title=\"Los mejores mensajes de An\u0303o Nuevo para familiares migrantes 4 \u2013 SoyMigrante.com REVISTA\" \/>\t\t\t\t\t\t\t\t\t\t\t\t\t\t\t<\/div>\n\t\t\t\t\t<\/div>\n\t\t\t\t<\/div>\n\t\t<div data-particle_enable=\"false\" data-particle-mobile-disabled=\"false\" class=\"elementor-element elementor-element-f05ffdb e-flex e-con-boxed e-con e-parent\" data-id=\"f05ffdb\" data-element_type=\"container\" data-e-type=\"container\">\n\t\t\t\t\t<div class=\"e-con-inner\">\n\t\t\t\t<div class=\"elementor-element elementor-element-2ebdb0e elementor-widget elementor-widget-heading\" data-id=\"2ebdb0e\" data-element_type=\"widget\" data-e-type=\"widget\" data-widget_type=\"heading.default\">\n\t\t\t\t\t<h3 class=\"elementor-heading-title elementor-size-default\">Un mensaje especial desde el coraz\u00f3n<\/h3>\t\t\t\t<\/div>\n\t\t\t\t\t<\/div>\n\t\t\t\t<\/div>\n\t\t<div data-particle_enable=\"false\" data-particle-mobile-disabled=\"false\" class=\"elementor-element elementor-element-5bb2730 e-flex e-con-boxed e-con e-parent\" data-id=\"5bb2730\" data-element_type=\"container\" data-e-type=\"container\">\n\t\t\t\t\t<div class=\"e-con-inner\">\n\t\t\t\t<div class=\"elementor-element elementor-element-4559506 elementor-widget elementor-widget-text-editor\" data-id=\"4559506\" data-element_type=\"widget\" data-e-type=\"widget\" data-widget_type=\"text-editor.default\">\n\t\t\t\t\t\t\t\t\t<p>\u201cQuerido\/a [nombre]: <a href=\"https:\/\/soymigrante.com\/revista\/category\/guate-nuestra\/\" target=\"_blank\" rel=\"noopener\">El A\u00f1o Nuevo no ser\u00eda igual sin enviarte este mensaje lleno de amor.<\/a> Aunque est\u00e9s lejos, cada d\u00eda nos sentimos m\u00e1s cerca de ti gracias a tus llamadas, mensajes y todo lo que haces por nosotros. Eres un ejemplo de lucha y perseverancia. Que el 2024 te d\u00e9 todo lo que mereces: salud, amor y felicidad. \u00a1Te queremos con todo el coraz\u00f3n!\u201d<\/p><p>Estos mensajes son un recordatorio de que, a pesar de la distancia, el amor y el apoyo permanecen inquebrantables, especialmente en esta \u00e9poca de esperanza y renovaci\u00f3n.<\/p>\t\t\t\t\t\t\t\t<\/div>\n\t\t\t\t\t<\/div>\n\t\t\t\t<\/div>\n\t\t<div data-particle_enable=\"false\" data-particle-mobile-disabled=\"false\" class=\"elementor-element elementor-element-ae927c0 e-flex e-con-boxed e-con e-parent\" data-id=\"ae927c0\" data-element_type=\"container\" data-e-type=\"container\">\n\t\t\t\t\t<div class=\"e-con-inner\">\n\t\t\t\t<div class=\"elementor-element elementor-element-d6dafc4 elementor-widget elementor-widget-heading\" data-id=\"d6dafc4\" data-element_type=\"widget\" data-e-type=\"widget\" data-widget_type=\"heading.default\">\n\t\t\t\t\t<h2 class=\"elementor-heading-title elementor-size-default\">Comparte esta \u00e9poca llena de amor y si\u00e9ntete orgulloso de tus ra\u00edces...<\/h2>\t\t\t\t<\/div>\n\t\t\t\t\t<\/div>\n\t\t\t\t<\/div>\n\t\t<div data-particle_enable=\"false\" data-particle-mobile-disabled=\"false\" class=\"elementor-element elementor-element-dafddf4 e-flex e-con-boxed e-con e-parent\" data-id=\"dafddf4\" data-element_type=\"container\" data-e-type=\"container\">\n\t\t\t\t\t<div class=\"e-con-inner\">\n\t\t\t\t<div class=\"elementor-element elementor-element-c173159 elementor-widget elementor-widget-blfe-post-grid\" data-id=\"c173159\" data-element_type=\"widget\" data-e-type=\"widget\" data-settings=\"{&quot;columns&quot;:&quot;3&quot;,&quot;columns_tablet&quot;:&quot;6&quot;,&quot;columns_mobile&quot;:&quot;12&quot;,&quot;hero1_layout_column_gap&quot;:{&quot;unit&quot;:&quot;px&quot;,&quot;size&quot;:30,&quot;sizes&quot;:[]},&quot;hero1_layout_column_gap_tablet&quot;:{&quot;unit&quot;:&quot;px&quot;,&quot;size&quot;:&quot;&quot;,&quot;sizes&quot;:[]},&quot;hero1_layout_column_gap_mobile&quot;:{&quot;unit&quot;:&quot;px&quot;,&quot;size&quot;:&quot;&quot;,&quot;sizes&quot;:[]},&quot;hero1_layout_row_gap&quot;:{&quot;unit&quot;:&quot;px&quot;,&quot;size&quot;:30,&quot;sizes&quot;:[]},&quot;hero1_layout_row_gap_tablet&quot;:{&quot;unit&quot;:&quot;px&quot;,&quot;size&quot;:&quot;&quot;,&quot;sizes&quot;:[]},&quot;hero1_layout_row_gap_mobile&quot;:{&quot;unit&quot;:&quot;px&quot;,&quot;size&quot;:&quot;&quot;,&quot;sizes&quot;:[]}}\" data-widget_type=\"blfe-post-grid.hero1\">\n\t\t\t\t<div class=\"elementor-widget-container\">\n\t\t\t\t\t\n                        <div class=\"blfe-post-grid-container \">\n            \n                <div data-skin=\"hero1\" class=\"blfe-row blfe-posts-inner blfe-hero1 blfe-posts-inner blfe-col-3 blfe-col-tab-6 blfe-col-mob-12     \">\n                            <div class=\"blfe-post-grid-item\">\n            <div class=\"blfe-post-grid-item-inner blfe-modern-zoom\">\n                        <div class=\"blfe-post-grid-bg-image\">\n            <a class=\"blfe-post-grid-image-inner\" href=\"https:\/\/soymigrante.com\/revista\/pueblo-kubul-vive-en-cubulco-baja-verapaz-y-busca-ser-reconocido-como-el-idioma-maya-23\/\" title=\"Pueblo K&#8217;ub&#8217;ul vive en Cubulco, Baja Verapaz y busca ser reconocido como el idioma maya 23\" rel=\"nofollow\" target=\"_blank\"><img decoding=\"async\" src=\"https:\/\/soymigrante.com\/revista\/wp-content\/uploads\/2025\/02\/pueblo-kubul-idioma-maya-1.webp\" alt=\"Pueblo K&#8217;ub&#8217;ul vive en Cubulco, Baja Verapaz y busca ser reconocido como el idioma maya 23\"\/><\/a>        <\/div>\n                        <div class=\"blfe-post-grid-details\">\n                    <div class=\"blfe-post-grid-details-inner\">\n                        <span class=\"blfe-post-category\"><a href=\"https:\/\/soymigrante.com\/revista\/category\/guate-nuestra\/pueblos-de-guatemala\/\">Pueblos de Guatemala<\/a><\/span>                        <h3 class=\"blfe-post-grid-title\">\n            <a href=\"https:\/\/soymigrante.com\/revista\/pueblo-kubul-vive-en-cubulco-baja-verapaz-y-busca-ser-reconocido-como-el-idioma-maya-23\/\" title=\"Pueblo K&#8217;ub&#8217;ul vive en Cubulco, Baja Verapaz y busca ser reconocido como el idioma maya 23\" rel=\"nofollow\" target=\"_blank\">Pueblo K&#8217;ub&#8217;ul vive en Cubulco, Baja Verapaz y busca ser reconocido como el idioma maya 23<\/a>\n            <\/h3>                                                            <div class=\"blfe-post-grid-meta\">\n                <span class=\"blfe-post-grid-time\"><i class=\"fas fa-book-reader\"><\/i>4 Min read<\/span>            <\/div>\n                                                        <\/div>\n                <\/div>\n\n            <\/div>\n        <\/div>\n                <div class=\"blfe-post-grid-item\">\n            <div class=\"blfe-post-grid-item-inner blfe-modern-zoom\">\n                        <div class=\"blfe-post-grid-bg-image\">\n            <a class=\"blfe-post-grid-image-inner\" href=\"https:\/\/soymigrante.com\/revista\/pueblo-ladino-integra-raices-y-mestizajes-de-guatemala\/\" title=\"Pueblo ladino integra ra\u00edces, identidades y mestizajes culturales de Guatemala\" rel=\"nofollow\" target=\"_blank\"><img decoding=\"async\" src=\"https:\/\/soymigrante.com\/revista\/wp-content\/uploads\/2024\/09\/mestizos.webp\" alt=\"Pueblo ladino integra ra\u00edces, identidades y mestizajes culturales de Guatemala\"\/><\/a>        <\/div>\n                        <div class=\"blfe-post-grid-details\">\n                    <div class=\"blfe-post-grid-details-inner\">\n                        <span class=\"blfe-post-category\"><a href=\"https:\/\/soymigrante.com\/revista\/category\/guate-nuestra\/pueblos-de-guatemala\/\">Pueblos de Guatemala<\/a><\/span>                        <h3 class=\"blfe-post-grid-title\">\n            <a href=\"https:\/\/soymigrante.com\/revista\/pueblo-ladino-integra-raices-y-mestizajes-de-guatemala\/\" title=\"Pueblo ladino integra ra\u00edces, identidades y mestizajes culturales de Guatemala\" rel=\"nofollow\" target=\"_blank\">Pueblo ladino integra ra\u00edces, identidades y mestizajes culturales de Guatemala<\/a>\n            <\/h3>                                                            <div class=\"blfe-post-grid-meta\">\n                <span class=\"blfe-post-grid-time\"><i class=\"fas fa-book-reader\"><\/i>7 Min read<\/span>            <\/div>\n                                                        <\/div>\n                <\/div>\n\n            <\/div>\n        <\/div>\n                <div class=\"blfe-post-grid-item\">\n            <div class=\"blfe-post-grid-item-inner blfe-modern-zoom\">\n                        <div class=\"blfe-post-grid-bg-image\">\n            <a class=\"blfe-post-grid-image-inner\" href=\"https:\/\/soymigrante.com\/revista\/el-pueblo-awakateko-llevan-siglos-al-pie-de-los-cuchumatanes\/\" title=\"El pueblo Awakateko lleva siglos al pie de los Cuchumatanes\" rel=\"nofollow\" target=\"_blank\"><img decoding=\"async\" src=\"https:\/\/soymigrante.com\/revista\/wp-content\/uploads\/2024\/08\/awakateko-1.webp\" alt=\"El pueblo Awakateko lleva siglos al pie de los Cuchumatanes\"\/><\/a>        <\/div>\n                        <div class=\"blfe-post-grid-details\">\n                    <div class=\"blfe-post-grid-details-inner\">\n                        <span class=\"blfe-post-category\"><a href=\"https:\/\/soymigrante.com\/revista\/category\/guate-nuestra\/pueblos-de-guatemala\/\">Pueblos de Guatemala<\/a><\/span>                        <h3 class=\"blfe-post-grid-title\">\n            <a href=\"https:\/\/soymigrante.com\/revista\/el-pueblo-awakateko-llevan-siglos-al-pie-de-los-cuchumatanes\/\" title=\"El pueblo Awakateko lleva siglos al pie de los Cuchumatanes\" rel=\"nofollow\" target=\"_blank\">El pueblo Awakateko lleva siglos al pie de los Cuchumatanes<\/a>\n            <\/h3>                                                            <div class=\"blfe-post-grid-meta\">\n                <span class=\"blfe-post-grid-time\"><i class=\"fas fa-book-reader\"><\/i>6 Min read<\/span>            <\/div>\n                                                        <\/div>\n                <\/div>\n\n            <\/div>\n        <\/div>\n                        <\/div>\n\n                        <\/div>\n            \n                        <div class=\"blfe-post-footer\">\n                        <\/div>\n            \t\t\t\t<\/div>\n\t\t\t\t<\/div>\n\t\t\t\t\t<\/div>\n\t\t\t\t<\/div>\n\t\t\t\t<\/div>\n\t\t","protected":false},"excerpt":{"rendered":"<p>Estos mensajes son un puente emocional que refuerza los lazos entre las familias guatemaltecas y sus migrantes en Estados Unidos. El A\u00f1o Nuevo es una \u00e9poca cargada de emociones, especialmente para las familias guatemaltecas que tienen a sus seres queridos lejos, viviendo en Estados Unidos como migrantes. A trav\u00e9s de palabras llenas de amor, esperanza [&hellip;]<\/p>\n","protected":false},"author":19,"featured_media":18439,"comment_status":"open","ping_status":"open","sticky":false,"template":"","format":"standard","meta":{"_acf_changed":false,"_eb_attr":"","footnotes":""},"categories":[266],"tags":[],"class_list":["post-18117","post","type-post","status-publish","format-standard","has-post-thumbnail","hentry","category-en-familia"],"acf":[],"aioseo_notices":[],"aioseo_head":"\n\t\t<!-- All in One SEO Pro 4.9.6.2 - aioseo.com -->\n\t<meta name=\"description\" content=\"Hay unos 12 mil 600 hablantes del idioma Awakateko, en un territorio de aproximadamente 300 kil\u00f3metros, en Aguacat\u00e1n, Huehuetenango. Mantienen su cultura y ra\u00edces.\" \/>\n\t<meta name=\"robots\" content=\"max-snippet:-1, max-image-preview:large, max-video-preview:-1\" \/>\n\t<meta name=\"author\" content=\"Edwin Castro\"\/>\n\t<link rel=\"canonical\" href=\"https:\/\/soymigrante.com\/revista\/el-pueblo-awakateko-llevan-siglos-al-pie-de-los-cuchumatanes\/\" \/>\n\t<meta name=\"generator\" content=\"All in One SEO Pro (AIOSEO) 4.9.6.2\" \/>\n\n\t\t<link rel=\"preconnect\" href=\"https:\/\/fonts.googleapis.com\" crossorigin>\n<link rel=\"preconnect\" href=\"https:\/\/fonts.gstatic.com\" crossorigin>\n\t\t<meta property=\"og:locale\" content=\"es_ES\" \/>\n\t\t<meta property=\"og:site_name\" content=\"SoyMigrante.com REVISTA \u2013 Nuestra misi\u00f3n es reconocer y dignificar al migrante.\" \/>\n\t\t<meta property=\"og:type\" content=\"article\" \/>\n\t\t<meta property=\"og:title\" content=\"El pueblo Awakateko lleva siglos al pie de los Cuchumatanes\" \/>\n\t\t<meta property=\"og:description\" content=\"Hay unos 12 mil 600 hablantes del idioma Awakateko, en un territorio de aproximadamente 300 kil\u00f3metros, en Aguacat\u00e1n, Huehuetenango. Mantienen su cultura y ra\u00edces.\" \/>\n\t\t<meta property=\"og:url\" content=\"https:\/\/soymigrante.com\/revista\/el-pueblo-awakateko-llevan-siglos-al-pie-de-los-cuchumatanes\/\" \/>\n\t\t<meta property=\"og:image\" content=\"https:\/\/soymigrante.com\/revista\/wp-content\/uploads\/2024\/08\/awakateko-1.webp\" \/>\n\t\t<meta property=\"og:image:secure_url\" content=\"https:\/\/soymigrante.com\/revista\/wp-content\/uploads\/2024\/08\/awakateko-1.webp\" \/>\n\t\t<meta property=\"og:image:width\" content=\"960\" \/>\n\t\t<meta property=\"og:image:height\" content=\"960\" \/>\n\t\t<meta property=\"article:published_time\" content=\"2024-09-20T17:24:50+00:00\" \/>\n\t\t<meta property=\"article:modified_time\" content=\"2025-09-22T04:20:16+00:00\" \/>\n\t\t<meta property=\"article:publisher\" content=\"https:\/\/www.facebook.com\/soymigrantecom\" \/>\n\t\t<meta name=\"twitter:card\" content=\"summary_large_image\" \/>\n\t\t<meta name=\"twitter:site\" content=\"@SoyMigrante_com\" \/>\n\t\t<meta name=\"twitter:title\" content=\"El pueblo Awakateko lleva siglos al pie de los Cuchumatanes\" \/>\n\t\t<meta name=\"twitter:description\" content=\"Hay unos 12 mil 600 hablantes del idioma Awakateko, en un territorio de aproximadamente 300 kil\u00f3metros, en Aguacat\u00e1n, Huehuetenango. Mantienen su cultura y ra\u00edces.\" \/>\n\t\t<meta name=\"twitter:creator\" content=\"@SoyMigrante_com\" \/>\n\t\t<meta name=\"twitter:image\" content=\"https:\/\/soymigrante.com\/revista\/wp-content\/uploads\/2024\/08\/awakateko-1.webp\" \/>\n\t\t<!-- All in One SEO Pro -->\r\n\t\t<title>El pueblo Awakateko lleva siglos al pie de los Cuchumatanes<\/title>\n\n","aioseo_head_json":{"title":"El pueblo Awakateko lleva siglos al pie de los Cuchumatanes","description":"Hay unos 12 mil 600 hablantes del idioma Awakateko, en un territorio de aproximadamente 300 kil\u00f3metros, en Aguacat\u00e1n, Huehuetenango. Mantienen su cultura y ra\u00edces.","canonical_url":"https:\/\/soymigrante.com\/revista\/el-pueblo-awakateko-llevan-siglos-al-pie-de-los-cuchumatanes\/","robots":"max-snippet:-1, max-image-preview:large, max-video-preview:-1","keywords":"","webmasterTools":{"miscellaneous":"&lt;link rel=\"preconnect\" href=\"https:\/\/fonts.googleapis.com\" crossorigin&gt;\n&lt;link rel=\"preconnect\" href=\"https:\/\/fonts.gstatic.com\" crossorigin&gt;"},"schema":null,"og:locale":"es_ES","og:site_name":"SoyMigrante.com REVISTA \u2013 Nuestra misi\u00f3n es reconocer y dignificar al migrante.","og:type":"article","og:title":"El pueblo Awakateko lleva siglos al pie de los Cuchumatanes","og:description":"Hay unos 12 mil 600 hablantes del idioma Awakateko, en un territorio de aproximadamente 300 kil\u00f3metros, en Aguacat\u00e1n, Huehuetenango. Mantienen su cultura y ra\u00edces.","og:url":"https:\/\/soymigrante.com\/revista\/el-pueblo-awakateko-llevan-siglos-al-pie-de-los-cuchumatanes\/","og:image":"https:\/\/soymigrante.com\/revista\/wp-content\/uploads\/2024\/08\/awakateko-1.webp","og:image:secure_url":"https:\/\/soymigrante.com\/revista\/wp-content\/uploads\/2024\/08\/awakateko-1.webp","og:image:width":960,"og:image:height":960,"article:published_time":"2024-09-20T17:24:50+00:00","article:modified_time":"2025-09-22T04:20:16+00:00","article:publisher":"https:\/\/www.facebook.com\/soymigrantecom","twitter:card":"summary_large_image","twitter:site":"@SoyMigrante_com","twitter:title":"El pueblo Awakateko lleva siglos al pie de los Cuchumatanes","twitter:description":"Hay unos 12 mil 600 hablantes del idioma Awakateko, en un territorio de aproximadamente 300 kil\u00f3metros, en Aguacat\u00e1n, Huehuetenango. Mantienen su cultura y ra\u00edces.","twitter:creator":"@SoyMigrante_com","twitter:image":"https:\/\/soymigrante.com\/revista\/wp-content\/uploads\/2024\/08\/awakateko-1.webp"},"aioseo_meta_data":{"post_id":"18117","title":"#post_title","description":"Un mensaje optimista fortalece el puente emocional entre las familias guatemaltecas y sus seres queridos en USA. Estas son algunas ideas para expresar.","keywords":null,"keyphrases":{"focus":{"keyphrase":"Mensajes","score":82,"analysis":{"keyphraseInTitle":{"score":9,"maxScore":9,"error":0},"keyphraseInDescription":{"score":3,"maxScore":9,"error":1},"keyphraseLength":{"score":9,"maxScore":9,"error":0,"length":1},"keyphraseInURL":{"score":5,"maxScore":5,"error":0},"keyphraseInIntroduction":{"score":3,"maxScore":9,"error":1},"keyphraseInSubHeadings":{"score":9,"maxScore":9,"error":0},"keyphraseInImageAlt":{"score":9,"maxScore":9,"error":0},"keywordDensity":{"type":"best","score":9,"maxScore":9,"error":0}}},"additional":[{"keyphrase":"Mensajes","score":73,"analysis":{"keyphraseInDescription":{"score":3,"maxScore":9,"error":1},"keyphraseLength":{"score":9,"maxScore":9,"error":0,"length":1},"keyphraseInIntroduction":{"score":3,"maxScore":9,"error":1},"keyphraseInImageAlt":{"score":9,"maxScore":9,"error":0},"keywordDensity":{"type":"best","score":9,"maxScore":9,"error":0}}},{"keyphrase":"A\u00f1o Nuevo","score":87,"analysis":{"keyphraseInDescription":{"score":3,"maxScore":9,"error":1},"keyphraseLength":{"score":9,"maxScore":9,"error":0,"length":3},"keyphraseInIntroduction":{"score":9,"maxScore":9,"error":0},"keyphraseInImageAlt":{"score":9,"maxScore":9,"error":0},"keywordDensity":{"type":"best","score":9,"maxScore":9,"error":0}}},{"keyphrase":"Migrantes","score":67,"analysis":{"keyphraseInDescription":{"score":3,"maxScore":9,"error":1},"keyphraseLength":{"score":9,"maxScore":9,"error":0,"length":1},"keyphraseInIntroduction":{"score":9,"maxScore":9,"error":0},"keyphraseInImageAlt":{"score":9,"maxScore":9,"error":0},"keywordDensity":{"score":0,"type":"low","maxScore":9,"error":1}}},{"keyphrase":"Motivaci\u00f3n","score":40,"analysis":{"keyphraseInDescription":{"score":3,"maxScore":9,"error":1},"keyphraseLength":{"score":9,"maxScore":9,"error":0,"length":2},"keyphraseInIntroduction":{"score":3,"maxScore":9,"error":1},"keyphraseInImageAlt":{"score":3,"maxScore":9,"error":1},"keywordDensity":{"score":0,"type":"low","maxScore":9,"error":1}}}]},"primary_term":null,"canonical_url":null,"og_title":null,"og_description":null,"og_object_type":"default","og_image_type":"default","og_image_url":null,"og_image_width":null,"og_image_height":null,"og_image_custom_url":null,"og_image_custom_fields":null,"og_video":"","og_custom_url":null,"og_article_section":null,"og_article_tags":null,"twitter_use_og":false,"twitter_card":"default","twitter_image_type":"default","twitter_image_url":null,"twitter_image_custom_url":null,"twitter_image_custom_fields":null,"twitter_title":null,"twitter_description":null,"schema":{"blockGraphs":[],"customGraphs":[],"default":{"data":{"Article":[],"Course":[],"Dataset":[],"FAQPage":[],"Movie":[],"Person":[],"Product":[],"ProductReview":[],"Car":[],"Recipe":[],"Service":[],"SoftwareApplication":[],"WebPage":[]},"graphName":"BlogPosting","isEnabled":true},"graphs":[]},"schema_type":"default","schema_type_options":null,"pillar_content":false,"robots_default":true,"robots_noindex":false,"robots_noarchive":false,"robots_nosnippet":false,"robots_nofollow":false,"robots_noimageindex":false,"robots_noodp":false,"robots_notranslate":false,"robots_max_snippet":"-1","robots_max_videopreview":"-1","robots_max_imagepreview":"large","priority":null,"frequency":"default","local_seo":null,"seo_analyzer_scan_date":"2025-10-09 01:20:25","breadcrumb_settings":null,"limit_modified_date":false,"reviewed_by":null,"open_ai":"{\"title\":{\"suggestions\":[],\"usage\":0},\"description\":{\"suggestions\":[],\"usage\":0}}","ai":null,"created":"2024-12-24 19:42:08","updated":"2026-02-04 18:36:23"},"aioseo_breadcrumb":"<div class=\"aioseo-breadcrumbs\"><span class=\"aioseo-breadcrumb\">\n\t<a href=\"https:\/\/soymigrante.com\/revista\" title=\"Home\">Home<\/a>\n<\/span><span class=\"aioseo-breadcrumb-separator\">\u00bb<\/span><span class=\"aioseo-breadcrumb\">\n\t<a href=\"https:\/\/soymigrante.com\/revista\/category\/bienestar\/\" title=\"Bienestar\">Bienestar<\/a>\n<\/span><span class=\"aioseo-breadcrumb-separator\">\u00bb<\/span><span class=\"aioseo-breadcrumb\">\n\t<a href=\"https:\/\/soymigrante.com\/revista\/category\/bienestar\/en-familia\/\" title=\"En Familia\">En Familia<\/a>\n<\/span><span class=\"aioseo-breadcrumb-separator\">\u00bb<\/span><span class=\"aioseo-breadcrumb\">\n\tSugerencias para crear mensajes motivadores de A\u00f1o Nuevo para familiares migrantes\n<\/span><\/div>","aioseo_breadcrumb_json":[{"label":"Home","link":"https:\/\/soymigrante.com\/revista"},{"label":"Bienestar","link":"https:\/\/soymigrante.com\/revista\/category\/bienestar\/"},{"label":"En Familia","link":"https:\/\/soymigrante.com\/revista\/category\/bienestar\/en-familia\/"},{"label":"Sugerencias para crear mensajes motivadores de A\u00f1o Nuevo para familiares migrantes","link":"https:\/\/soymigrante.com\/revista\/sugerencias-para-crear-mensajes-motivadores-de-ano-nuevo-para-familiares-migrantes\/"}],"_links":{"self":[{"href":"https:\/\/soymigrante.com\/revista\/wp-json\/wp\/v2\/posts\/18117","targetHints":{"allow":["GET"]}}],"collection":[{"href":"https:\/\/soymigrante.com\/revista\/wp-json\/wp\/v2\/posts"}],"about":[{"href":"https:\/\/soymigrante.com\/revista\/wp-json\/wp\/v2\/types\/post"}],"author":[{"embeddable":true,"href":"https:\/\/soymigrante.com\/revista\/wp-json\/wp\/v2\/users\/19"}],"replies":[{"embeddable":true,"href":"https:\/\/soymigrante.com\/revista\/wp-json\/wp\/v2\/comments?post=18117"}],"version-history":[{"count":1,"href":"https:\/\/soymigrante.com\/revista\/wp-json\/wp\/v2\/posts\/18117\/revisions"}],"predecessor-version":[{"id":43012,"href":"https:\/\/soymigrante.com\/revista\/wp-json\/wp\/v2\/posts\/18117\/revisions\/43012"}],"wp:featuredmedia":[{"embeddable":true,"href":"https:\/\/soymigrante.com\/revista\/wp-json\/wp\/v2\/media\/18439"}],"wp:attachment":[{"href":"https:\/\/soymigrante.com\/revista\/wp-json\/wp\/v2\/media?parent=18117"}],"wp:term":[{"taxonomy":"category","embeddable":true,"href":"https:\/\/soymigrante.com\/revista\/wp-json\/wp\/v2\/categories?post=18117"},{"taxonomy":"post_tag","embeddable":true,"href":"https:\/\/soymigrante.com\/revista\/wp-json\/wp\/v2\/tags?post=18117"}],"curies":[{"name":"wp","href":"https:\/\/api.w.org\/{rel}","templated":true}]}}