{"id":18082,"date":"2025-01-20T07:00:00","date_gmt":"2025-01-20T13:00:00","guid":{"rendered":"https:\/\/soymigrante.com\/revista\/?p=18082"},"modified":"2025-01-20T12:49:52","modified_gmt":"2025-01-20T18:49:52","slug":"migrantes-guatemaltecos-asi-fortalecen-y-aportan-a-estados-unidos","status":"publish","type":"post","link":"https:\/\/soymigrante.com\/revista\/migrantes-guatemaltecos-asi-fortalecen-y-aportan-a-estados-unidos\/","title":{"rendered":"Migrantes guatemaltecos: As\u00ed fortalecen y aportan a Estados Unidos"},"content":{"rendered":"\t\t<div data-elementor-type=\"wp-post\" data-elementor-id=\"18082\" class=\"elementor elementor-18082\" data-elementor-post-type=\"post\">\n\t\t\t\t<div data-particle_enable=\"false\" data-particle-mobile-disabled=\"false\" class=\"elementor-element elementor-element-4e96575 e-flex e-con-boxed e-con e-parent\" data-id=\"4e96575\" data-element_type=\"container\" data-e-type=\"container\">\n\t\t\t\t\t<div class=\"e-con-inner\">\n\t\t\t\t<div class=\"elementor-element elementor-element-0bf4cb4 elementor-widget elementor-widget-heading\" data-id=\"0bf4cb4\" data-element_type=\"widget\" data-e-type=\"widget\" data-widget_type=\"heading.default\">\n\t\t\t\t\t<h2 class=\"elementor-heading-title elementor-size-default\">Los migrantes guatemaltecos en Estados Unidos son un ejemplo de esfuerzo, dedicaci\u00f3n y resiliencia. <\/h2>\t\t\t\t<\/div>\n\t\t\t\t\t<\/div>\n\t\t\t\t<\/div>\n\t\t<div data-particle_enable=\"false\" data-particle-mobile-disabled=\"false\" class=\"elementor-element elementor-element-debcf33 e-flex e-con-boxed e-con e-parent\" data-id=\"debcf33\" data-element_type=\"container\" data-e-type=\"container\">\n\t\t\t\t\t<div class=\"e-con-inner\">\n\t\t\t\t<div class=\"elementor-element elementor-element-78ca0b1 elementor-widget elementor-widget-html\" data-id=\"78ca0b1\" data-element_type=\"widget\" data-e-type=\"widget\" data-widget_type=\"html.default\">\n\t\t\t\t\t<div id=\"buzzsprout-player-16470442\"><\/div><script src=\"https:\/\/www.buzzsprout.com\/2444168\/episodes\/16470442-migrantes-guatemaltecos-asi-fortalecen-y-aportan-a-estados-unidos.js?container_id=buzzsprout-player-16470442&player=small\" type=\"text\/javascript\" charset=\"utf-8\"><\/script>\t\t\t\t<\/div>\n\t\t\t\t<div class=\"elementor-element elementor-element-b65f3ec elementor-widget elementor-widget-text-editor\" data-id=\"b65f3ec\" data-element_type=\"widget\" data-e-type=\"widget\" data-widget_type=\"text-editor.default\">\n\t\t\t\t\t\t\t\t\t<p><a href=\"https:\/\/soymigrante.com\/revista\/category\/exitos\/\" target=\"_blank\" rel=\"noopener\">Los migrantes con un estimado de 1.6 millones de guatemaltecos<\/a> viviendo en el pa\u00eds norteamericano, seg\u00fan datos del <a href=\"https:\/\/www.pewresearch.org\/\" target=\"_blank\" rel=\"noopener\">Pew Research Center,<\/a> estos hombres y mujeres desempe\u00f1an un papel crucial en la econom\u00eda estadounidense, al tiempo que sostienen a sus familias en Guatemala a trav\u00e9s de las remesas.<\/p>\t\t\t\t\t\t\t\t<\/div>\n\t\t\t\t\t<\/div>\n\t\t\t\t<\/div>\n\t\t<div data-particle_enable=\"false\" data-particle-mobile-disabled=\"false\" class=\"elementor-element elementor-element-3081d4b e-flex e-con-boxed e-con e-parent\" data-id=\"3081d4b\" data-element_type=\"container\" data-e-type=\"container\">\n\t\t\t\t\t<div class=\"e-con-inner\">\n\t\t\t\t<div class=\"elementor-element elementor-element-694717d elementor-widget elementor-widget-heading\" data-id=\"694717d\" data-element_type=\"widget\" data-e-type=\"widget\" data-widget_type=\"heading.default\">\n\t\t\t\t\t<h3 class=\"elementor-heading-title elementor-size-default\">Contribuciones a la econom\u00eda de Estados Unidos<\/h3>\t\t\t\t<\/div>\n\t\t\t\t\t<\/div>\n\t\t\t\t<\/div>\n\t\t<div data-particle_enable=\"false\" data-particle-mobile-disabled=\"false\" class=\"elementor-element elementor-element-deb07b0 e-flex e-con-boxed e-con e-parent\" data-id=\"deb07b0\" data-element_type=\"container\" data-e-type=\"container\">\n\t\t\t\t\t<div class=\"e-con-inner\">\n\t\t\t\t<div class=\"elementor-element elementor-element-1d9d155 elementor-widget elementor-widget-text-editor\" data-id=\"1d9d155\" data-element_type=\"widget\" data-e-type=\"widget\" data-widget_type=\"text-editor.default\">\n\t\t\t\t\t\t\t\t\t<div><a href=\"https:\/\/soymigrante.com\/revista\/category\/exitos\/\" target=\"_blank\" rel=\"noopener\">Los migrantes guatemaltecos<\/a> trabajan en una amplia gama de sectores esenciales que sostienen la econom\u00eda de Estados Unidos.<\/div><div>A menudo, realizan labores que requieren un gran esfuerzo f\u00edsico y est\u00e1n en \u00e1reas que no siempre son ocupadas por los trabajadores locales.<\/div><div>Entre los trabajos m\u00e1s comunes que desempe\u00f1an est\u00e1n:<\/div>\t\t\t\t\t\t\t\t<\/div>\n\t\t\t\t\t<\/div>\n\t\t\t\t<\/div>\n\t\t<div data-particle_enable=\"false\" data-particle-mobile-disabled=\"false\" class=\"elementor-element elementor-element-6035e94 e-flex e-con-boxed e-con e-parent\" data-id=\"6035e94\" data-element_type=\"container\" data-e-type=\"container\">\n\t\t\t\t\t<div class=\"e-con-inner\">\n\t\t\t\t<div class=\"elementor-element elementor-element-35d64c9 elementor-widget elementor-widget-heading\" data-id=\"35d64c9\" data-element_type=\"widget\" data-e-type=\"widget\" data-widget_type=\"heading.default\">\n\t\t\t\t\t<h3 class=\"elementor-heading-title elementor-size-default\">1.\tAgricultura:<\/h3>\t\t\t\t<\/div>\n\t\t\t\t\t<\/div>\n\t\t\t\t<\/div>\n\t\t<div data-particle_enable=\"false\" data-particle-mobile-disabled=\"false\" class=\"elementor-element elementor-element-27c7a4e e-flex e-con-boxed e-con e-parent\" data-id=\"27c7a4e\" data-element_type=\"container\" data-e-type=\"container\">\n\t\t\t\t\t<div class=\"e-con-inner\">\n\t\t\t\t<div class=\"elementor-element elementor-element-902d6d0 elementor-widget elementor-widget-text-editor\" data-id=\"902d6d0\" data-element_type=\"widget\" data-e-type=\"widget\" data-widget_type=\"text-editor.default\">\n\t\t\t\t\t\t\t\t\t<p>En estados como California, Florida y Texas, <a href=\"https:\/\/soymigrante.com\/revista\/category\/exitos\/\" target=\"_blank\" rel=\"noopener\">los guatemaltecos son una fuerza laboral esencial<\/a> en la siembra, cosecha y empaque de frutas, verduras y otros productos agr\u00edcolas. Su labor garantiza el abastecimiento de alimentos frescos en el mercado estadounidense.<\/p>\t\t\t\t\t\t\t\t<\/div>\n\t\t\t\t\t<\/div>\n\t\t\t\t<\/div>\n\t\t<div data-particle_enable=\"false\" data-particle-mobile-disabled=\"false\" class=\"elementor-element elementor-element-8e88d47 e-flex e-con-boxed e-con e-parent\" data-id=\"8e88d47\" data-element_type=\"container\" data-e-type=\"container\">\n\t\t\t\t\t<div class=\"e-con-inner\">\n\t\t\t\t<div class=\"elementor-element elementor-element-bbc2a74 elementor-widget elementor-widget-heading\" data-id=\"bbc2a74\" data-element_type=\"widget\" data-e-type=\"widget\" data-widget_type=\"heading.default\">\n\t\t\t\t\t<h3 class=\"elementor-heading-title elementor-size-default\">2.\tConstrucci\u00f3n:<\/h3>\t\t\t\t<\/div>\n\t\t\t\t\t<\/div>\n\t\t\t\t<\/div>\n\t\t<div data-particle_enable=\"false\" data-particle-mobile-disabled=\"false\" class=\"elementor-element elementor-element-668486a e-flex e-con-boxed e-con e-parent\" data-id=\"668486a\" data-element_type=\"container\" data-e-type=\"container\">\n\t\t\t\t\t<div class=\"e-con-inner\">\n\t\t\t\t<div class=\"elementor-element elementor-element-cad7342 elementor-widget elementor-widget-text-editor\" data-id=\"cad7342\" data-element_type=\"widget\" data-e-type=\"widget\" data-widget_type=\"text-editor.default\">\n\t\t\t\t\t\t\t\t\t<p>Muchos migrantes trabajan en la construcci\u00f3n de viviendas, carreteras y edificios comerciales, contribuyendo al desarrollo urbano e infraestructura del pa\u00eds.<\/p><p>Su habilidad y disposici\u00f3n para realizar trabajos arduos<a href=\"https:\/\/soymigrante.com\/revista\/category\/exitos\/\" target=\"_blank\" rel=\"noopener\"> han ganado el reconocimiento de empresarios<\/a> del sector.<\/p>\t\t\t\t\t\t\t\t<\/div>\n\t\t\t\t\t<\/div>\n\t\t\t\t<\/div>\n\t\t<div data-particle_enable=\"false\" data-particle-mobile-disabled=\"false\" class=\"elementor-element elementor-element-ee1a728 e-flex e-con-boxed e-con e-parent\" data-id=\"ee1a728\" data-element_type=\"container\" data-e-type=\"container\">\n\t\t\t\t\t<div class=\"e-con-inner\">\n\t\t\t\t<div class=\"elementor-element elementor-element-13a34a6 elementor-widget elementor-widget-heading\" data-id=\"13a34a6\" data-element_type=\"widget\" data-e-type=\"widget\" data-widget_type=\"heading.default\">\n\t\t\t\t\t<h3 class=\"elementor-heading-title elementor-size-default\">3.\tIndustria de servicios:<\/h3>\t\t\t\t<\/div>\n\t\t\t\t\t<\/div>\n\t\t\t\t<\/div>\n\t\t<div data-particle_enable=\"false\" data-particle-mobile-disabled=\"false\" class=\"elementor-element elementor-element-4558eb7 e-flex e-con-boxed e-con e-parent\" data-id=\"4558eb7\" data-element_type=\"container\" data-e-type=\"container\">\n\t\t\t\t\t<div class=\"e-con-inner\">\n\t\t\t\t<div class=\"elementor-element elementor-element-446e782 elementor-widget elementor-widget-text-editor\" data-id=\"446e782\" data-element_type=\"widget\" data-e-type=\"widget\" data-widget_type=\"text-editor.default\">\n\t\t\t\t\t\t\t\t\t<p>Restaurantes, hoteles y empresas de limpieza cuentan con el talento y la dedicaci\u00f3n de los guatemaltecos, quienes se destacan por su compromiso y atenci\u00f3n al detalle.<\/p>\t\t\t\t\t\t\t\t<\/div>\n\t\t\t\t\t<\/div>\n\t\t\t\t<\/div>\n\t\t<div data-particle_enable=\"false\" data-particle-mobile-disabled=\"false\" class=\"elementor-element elementor-element-01bc07c e-flex e-con-boxed e-con e-parent\" data-id=\"01bc07c\" data-element_type=\"container\" data-e-type=\"container\">\n\t\t\t\t\t<div class=\"e-con-inner\">\n\t\t\t\t<div class=\"elementor-element elementor-element-f4876ee elementor-grid-eael-col-1 elementor-grid-tablet-eael-col-2 elementor-grid-mobile-eael-col-1 elementor-widget elementor-widget-eael-post-grid\" data-id=\"f4876ee\" data-element_type=\"widget\" data-e-type=\"widget\" data-settings=\"{&quot;eael_post_grid_columns&quot;:&quot;eael-col-1&quot;,&quot;eael_post_grid_columns_tablet&quot;:&quot;eael-col-2&quot;,&quot;eael_post_grid_columns_mobile&quot;:&quot;eael-col-1&quot;}\" data-widget_type=\"eael-post-grid.default\">\n\t\t\t\t\t<div id=\"eael-post-grid-f4876ee\" class=\"eael-post-grid-container\">\n            <div class=\"eael-post-grid eael-post-appender eael-post-appender-f4876ee eael-post-grid-style-one\" data-layout-mode=\"masonry\"><article class=\"eael-grid-post  eael-post-grid-column eael-pg-post-6150 category-exitos\" data-id=\"6150\">\n        <div class=\"eael-grid-post-holder\">\n            <div class=\"eael-grid-post-holder-inner\"><div class=\"eael-entry-media\"><div class=\"eael-entry-overlay fade-in\"><i class=\"far fa-hand-pointer\" aria-hidden=\"true\"><\/i><a href=\"https:\/\/soymigrante.com\/revista\/historia-de-migrante-arminda-housecleaning-exito-california\/\"><\/a><\/div><div class=\"eael-entry-thumbnail eael-image-ratio\">\n                <img fetchpriority=\"high\" decoding=\"async\" width=\"1024\" height=\"790\" src=\"https:\/\/soymigrante.com\/revista\/wp-content\/uploads\/2024\/04\/Captura-de-pantalla-2024-04-25-111631-1024x790.webp\" class=\"attachment-large size-large wp-image-6167\" alt=\"Persona migrante entrando a su vivienda en un d\u00eda soleado en Estados Unidos, mostrando la experiencia de migrantes en el hogar y la integraci\u00f3n en nuevas comunidades.\" srcset=\"https:\/\/soymigrante.com\/revista\/wp-content\/uploads\/2024\/04\/Captura-de-pantalla-2024-04-25-111631-1024x790.webp 1024w, https:\/\/soymigrante.com\/revista\/wp-content\/uploads\/2024\/04\/Captura-de-pantalla-2024-04-25-111631-300x231.webp 300w, https:\/\/soymigrante.com\/revista\/wp-content\/uploads\/2024\/04\/Captura-de-pantalla-2024-04-25-111631-768x592.webp 768w, https:\/\/soymigrante.com\/revista\/wp-content\/uploads\/2024\/04\/Captura-de-pantalla-2024-04-25-111631-750x578.webp 750w, https:\/\/soymigrante.com\/revista\/wp-content\/uploads\/2024\/04\/Captura-de-pantalla-2024-04-25-111631.webp 1027w\" sizes=\"(max-width: 1024px) 100vw, 1024px\" \/>\n            <\/div>\n        <\/div><div class=\"eael-entry-wrapper\"><header class=\"eael-entry-header\"><h2 class=\"eael-entry-title\"><a class=\"eael-grid-post-link\" href=\"https:\/\/soymigrante.com\/revista\/historia-de-migrante-arminda-housecleaning-exito-california\/\" title=\"Excelencia y honradez: la estrategia  de Arminda&#8217;s Housecleaning en California\">Excelencia y honradez: la estrategia  de Arminda&#8217;s Housecleaning en California<\/a><\/h2><\/header><div class=\"eael-entry-content\">\n                        <div class=\"eael-grid-post-excerpt\"><p>En su ni\u00f1ez, Arminda Zuniga padeci\u00f3 la pobreza en Jutiapa, Guatemala. Sobrevivi\u00f3. A los 22 a\u00f1os se march\u00f3 a Estados Unidos en busca de trabajo...<\/p><a href=\"https:\/\/soymigrante.com\/revista\/historia-de-migrante-arminda-housecleaning-exito-california\/\" class=\"eael-post-elements-readmore-btn\">CONOCE SU HISTORIA <\/a><\/div>\n                    <\/div><\/div><\/div>\n        <\/div>\n    <\/article><\/div>\n            <div class=\"clearfix\"><\/div>\n        <\/div>\t\t\t\t<\/div>\n\t\t\t\t\t<\/div>\n\t\t\t\t<\/div>\n\t\t<div data-particle_enable=\"false\" data-particle-mobile-disabled=\"false\" class=\"elementor-element elementor-element-31d0b46 e-flex e-con-boxed e-con e-parent\" data-id=\"31d0b46\" data-element_type=\"container\" data-e-type=\"container\">\n\t\t\t\t\t<div class=\"e-con-inner\">\n\t\t\t\t<div class=\"elementor-element elementor-element-71a7500 elementor-widget elementor-widget-heading\" data-id=\"71a7500\" data-element_type=\"widget\" data-e-type=\"widget\" data-widget_type=\"heading.default\">\n\t\t\t\t\t<h3 class=\"elementor-heading-title elementor-size-default\">4.\tCuidado de personas mayores y ni\u00f1os:<\/h3>\t\t\t\t<\/div>\n\t\t\t\t\t<\/div>\n\t\t\t\t<\/div>\n\t\t<div data-particle_enable=\"false\" data-particle-mobile-disabled=\"false\" class=\"elementor-element elementor-element-39063cf e-flex e-con-boxed e-con e-parent\" data-id=\"39063cf\" data-element_type=\"container\" data-e-type=\"container\">\n\t\t\t\t\t<div class=\"e-con-inner\">\n\t\t\t\t<div class=\"elementor-element elementor-element-d47abb9 elementor-widget elementor-widget-text-editor\" data-id=\"d47abb9\" data-element_type=\"widget\" data-e-type=\"widget\" data-widget_type=\"text-editor.default\">\n\t\t\t\t\t\t\t\t\t<p>Los guatemaltecos tambi\u00e9n son un pilar en el sector de cuidado, ofreciendo apoyo en el cuidado de personas mayores, ni\u00f1os y personas con discapacidades.<\/p><p>Este trabajo no solo es crucial para las familias estadounidenses, <a href=\"https:\/\/soymigrante.com\/revista\/category\/exitos\/\" target=\"_blank\" rel=\"noopener\">sino que tambi\u00e9n refleja el car\u00e1cter solidario<\/a> de esta comunidad.<\/p>\t\t\t\t\t\t\t\t<\/div>\n\t\t\t\t\t<\/div>\n\t\t\t\t<\/div>\n\t\t<div data-particle_enable=\"false\" data-particle-mobile-disabled=\"false\" class=\"elementor-element elementor-element-4157a44 e-flex e-con-boxed e-con e-parent\" data-id=\"4157a44\" data-element_type=\"container\" data-e-type=\"container\">\n\t\t\t\t\t<div class=\"e-con-inner\">\n\t\t\t\t<div class=\"elementor-element elementor-element-4028cda elementor-widget elementor-widget-heading\" data-id=\"4028cda\" data-element_type=\"widget\" data-e-type=\"widget\" data-widget_type=\"heading.default\">\n\t\t\t\t\t<h3 class=\"elementor-heading-title elementor-size-default\">5.\tF\u00e1bricas y plantas procesadoras:<\/h3>\t\t\t\t<\/div>\n\t\t\t\t\t<\/div>\n\t\t\t\t<\/div>\n\t\t<div data-particle_enable=\"false\" data-particle-mobile-disabled=\"false\" class=\"elementor-element elementor-element-1632822 e-flex e-con-boxed e-con e-parent\" data-id=\"1632822\" data-element_type=\"container\" data-e-type=\"container\">\n\t\t\t\t\t<div class=\"e-con-inner\">\n\t\t\t\t<div class=\"elementor-element elementor-element-7d2fe45 elementor-widget elementor-widget-text-editor\" data-id=\"7d2fe45\" data-element_type=\"widget\" data-e-type=\"widget\" data-widget_type=\"text-editor.default\">\n\t\t\t\t\t\t\t\t\t<p>En estados como Iowa y Nebraska, los migrantes guatemaltecos son fundamentales en la industria de procesamiento de alimentos, como la carne, el pollo y los productos l\u00e1cteos.<\/p>\t\t\t\t\t\t\t\t<\/div>\n\t\t\t\t\t<\/div>\n\t\t\t\t<\/div>\n\t\t<div data-particle_enable=\"false\" data-particle-mobile-disabled=\"false\" class=\"elementor-element elementor-element-8d1d9d8 e-flex e-con-boxed e-con e-parent\" data-id=\"8d1d9d8\" data-element_type=\"container\" data-e-type=\"container\">\n\t\t\t\t\t<div class=\"e-con-inner\">\n\t\t\t\t<div class=\"elementor-element elementor-element-34ad5c5 elementor-grid-eael-col-1 elementor-grid-tablet-eael-col-2 elementor-grid-mobile-eael-col-1 elementor-widget elementor-widget-eael-post-grid\" data-id=\"34ad5c5\" data-element_type=\"widget\" data-e-type=\"widget\" data-settings=\"{&quot;eael_post_grid_columns&quot;:&quot;eael-col-1&quot;,&quot;eael_post_grid_columns_tablet&quot;:&quot;eael-col-2&quot;,&quot;eael_post_grid_columns_mobile&quot;:&quot;eael-col-1&quot;}\" data-widget_type=\"eael-post-grid.default\">\n\t\t\t\t\t<div id=\"eael-post-grid-34ad5c5\" class=\"eael-post-grid-container\">\n            <div class=\"eael-post-grid eael-post-appender eael-post-appender-34ad5c5 eael-post-grid-style-one\" data-layout-mode=\"masonry\"><article class=\"eael-grid-post  eael-post-grid-column eael-pg-post-3582 category-exitos\" data-id=\"3582\">\n        <div class=\"eael-grid-post-holder\">\n            <div class=\"eael-grid-post-holder-inner\"><div class=\"eael-entry-media\"><div class=\"eael-entry-overlay fade-in\"><i class=\"far fa-hand-pointer\" aria-hidden=\"true\"><\/i><a href=\"https:\/\/soymigrante.com\/revista\/musico-actor-guatemalteco-migrante-en-nueva-york-domingo-lemus\/\"><\/a><\/div><div class=\"eael-entry-thumbnail eael-image-ratio\">\n                <img decoding=\"async\" width=\"855\" height=\"755\" src=\"https:\/\/soymigrante.com\/revista\/wp-content\/uploads\/2023\/12\/minguito.webp\" class=\"attachment-large size-large wp-image-3599\" alt=\"\" srcset=\"https:\/\/soymigrante.com\/revista\/wp-content\/uploads\/2023\/12\/minguito.webp 855w, https:\/\/soymigrante.com\/revista\/wp-content\/uploads\/2023\/12\/minguito-300x265.webp 300w, https:\/\/soymigrante.com\/revista\/wp-content\/uploads\/2023\/12\/minguito-768x678.webp 768w, https:\/\/soymigrante.com\/revista\/wp-content\/uploads\/2023\/12\/minguito-750x662.jpg 750w\" sizes=\"(max-width: 855px) 100vw, 855px\" \/>\n            <\/div>\n        <\/div><div class=\"eael-entry-wrapper\"><header class=\"eael-entry-header\"><h2 class=\"eael-entry-title\"><a class=\"eael-grid-post-link\" href=\"https:\/\/soymigrante.com\/revista\/musico-actor-guatemalteco-migrante-en-nueva-york-domingo-lemus\/\" title=\"\u201cTodos somos migrantes\u201d: Domingo Lemus, cineasta y m\u00fasico en NY\">\u201cTodos somos migrantes\u201d: Domingo Lemus, cineasta y m\u00fasico en NY<\/a><\/h2><\/header><div class=\"eael-entry-content\">\n                        <div class=\"eael-grid-post-excerpt\"><p>\u201cMi vida ha sido migrante casi desde que nac\u00ed\u201d, dice el guatemalteco Domingo Lemus, cuyo rostro se hizo ic\u00f3nico por la pel\u00edcula &#8220;Puro Mula&#8220;, de...<\/p><a href=\"https:\/\/soymigrante.com\/revista\/musico-actor-guatemalteco-migrante-en-nueva-york-domingo-lemus\/\" class=\"eael-post-elements-readmore-btn\">CONOCE SU HISTORIA <\/a><\/div>\n                    <\/div><\/div><\/div>\n        <\/div>\n    <\/article><\/div>\n            <div class=\"clearfix\"><\/div>\n        <\/div>\t\t\t\t<\/div>\n\t\t\t\t\t<\/div>\n\t\t\t\t<\/div>\n\t\t<div data-particle_enable=\"false\" data-particle-mobile-disabled=\"false\" class=\"elementor-element elementor-element-25b8be9 e-flex e-con-boxed e-con e-parent\" data-id=\"25b8be9\" data-element_type=\"container\" data-e-type=\"container\">\n\t\t\t\t\t<div class=\"e-con-inner\">\n\t\t\t\t<div class=\"elementor-element elementor-element-1c012e8 elementor-widget elementor-widget-heading\" data-id=\"1c012e8\" data-element_type=\"widget\" data-e-type=\"widget\" data-widget_type=\"heading.default\">\n\t\t\t\t\t<h3 class=\"elementor-heading-title elementor-size-default\">Historias de \u00e9xito y superaci\u00f3n<\/h3>\t\t\t\t<\/div>\n\t\t\t\t\t<\/div>\n\t\t\t\t<\/div>\n\t\t<div data-particle_enable=\"false\" data-particle-mobile-disabled=\"false\" class=\"elementor-element elementor-element-f8932f8 e-flex e-con-boxed e-con e-parent\" data-id=\"f8932f8\" data-element_type=\"container\" data-e-type=\"container\">\n\t\t\t\t\t<div class=\"e-con-inner\">\n\t\t\t\t<div class=\"elementor-element elementor-element-8883b2d elementor-widget elementor-widget-text-editor\" data-id=\"8883b2d\" data-element_type=\"widget\" data-e-type=\"widget\" data-widget_type=\"text-editor.default\">\n\t\t\t\t\t\t\t\t\t<p><a href=\"https:\/\/soymigrante.com\/revista\/category\/exitos\/\" target=\"_blank\" rel=\"noopener\">Detr\u00e1s de cada migrante guatemalteco hay una historia de sacrificio<\/a> y valent\u00eda.<\/p><p>Muchos de ellos dejaron su pa\u00eds enfrentando adversidades econ\u00f3micas, violencia o falta de oportunidades. Sin embargo, en Estados Unidos han demostrado su capacidad de adaptarse, aprender y prosperar.<\/p><p>Un ejemplo es el de <strong>Mar\u00eda Gonz\u00e1lez, originaria de Quich\u00e9<\/strong>, quien comenz\u00f3 trabajando como empleada dom\u00e9stica en Los \u00c1ngeles y hoy es due\u00f1a de un peque\u00f1o negocio de catering especializado en comida guatemalteca.<\/p><p>\u201cEl trabajo duro siempre da frutos\u201d, afirma Mar\u00eda, quien env\u00eda remesas regularmente para que sus hijos puedan estudiar en Guatemala.<\/p><p>Otro caso es el de<strong> Carlos L\u00f3pez<\/strong>, un joven de Escuintla que lleg\u00f3 sin documentos a Texas.<\/p><p>Con el tiempo, logr\u00f3 establecerse como supervisor en una empresa constructora.<\/p><p>\u201cNo ha sido f\u00e1cil, pero la lucha vale la pena cuando puedes ayudar a tu familia y contribuir a este pa\u00eds que te da oportunidades\u201d, comenta.<\/p>\t\t\t\t\t\t\t\t<\/div>\n\t\t\t\t\t<\/div>\n\t\t\t\t<\/div>\n\t\t<div data-particle_enable=\"false\" data-particle-mobile-disabled=\"false\" class=\"elementor-element elementor-element-f441d45 e-flex e-con-boxed e-con e-parent\" data-id=\"f441d45\" data-element_type=\"container\" data-e-type=\"container\">\n\t\t\t\t\t<div class=\"e-con-inner\">\n\t\t\t\t<div class=\"elementor-element elementor-element-6f08abe elementor-grid-eael-col-1 elementor-grid-tablet-eael-col-2 elementor-grid-mobile-eael-col-1 elementor-widget elementor-widget-eael-post-grid\" data-id=\"6f08abe\" data-element_type=\"widget\" data-e-type=\"widget\" data-settings=\"{&quot;eael_post_grid_columns&quot;:&quot;eael-col-1&quot;,&quot;eael_post_grid_columns_tablet&quot;:&quot;eael-col-2&quot;,&quot;eael_post_grid_columns_mobile&quot;:&quot;eael-col-1&quot;}\" data-widget_type=\"eael-post-grid.default\">\n\t\t\t\t\t<div id=\"eael-post-grid-6f08abe\" class=\"eael-post-grid-container\">\n            <div class=\"eael-post-grid eael-post-appender eael-post-appender-6f08abe eael-post-grid-style-one\" data-layout-mode=\"masonry\"><article class=\"eael-grid-post  eael-post-grid-column eael-pg-post-18535 category-exitos\" data-id=\"18535\">\n        <div class=\"eael-grid-post-holder\">\n            <div class=\"eael-grid-post-holder-inner\"><div class=\"eael-entry-media\"><div class=\"eael-entry-overlay fade-in\"><i class=\"far fa-hand-pointer\" aria-hidden=\"true\"><\/i><a href=\"https:\/\/soymigrante.com\/revista\/migrantes-guatemaltecos-en-ee-uu-demuestran-valores-servicio-creatividad-excelencia-y-mas\/\"><\/a><\/div><div class=\"eael-entry-thumbnail eael-image-ratio\">\n                <img decoding=\"async\" width=\"1024\" height=\"732\" src=\"https:\/\/soymigrante.com\/revista\/wp-content\/uploads\/2024\/11\/tiana-ochoa-lider-migrante-rhode-island-13-1024x732.jpg\" class=\"attachment-large size-large wp-image-12001\" alt=\"Banderas y s\u00edmbolos de Guatemala en una celebraci\u00f3n cultural llena de inmigrantes y comunidad en un parque, promoviendo la identidad y orgullo guatemalteco.\" srcset=\"https:\/\/soymigrante.com\/revista\/wp-content\/uploads\/2024\/11\/tiana-ochoa-lider-migrante-rhode-island-13-1024x732.jpg 1024w, https:\/\/soymigrante.com\/revista\/wp-content\/uploads\/2024\/11\/tiana-ochoa-lider-migrante-rhode-island-13-300x214.webp 300w, https:\/\/soymigrante.com\/revista\/wp-content\/uploads\/2024\/11\/tiana-ochoa-lider-migrante-rhode-island-13-768x549.jpg 768w, https:\/\/soymigrante.com\/revista\/wp-content\/uploads\/2024\/11\/tiana-ochoa-lider-migrante-rhode-island-13-1536x1097.jpg 1536w, https:\/\/soymigrante.com\/revista\/wp-content\/uploads\/2024\/11\/tiana-ochoa-lider-migrante-rhode-island-13-120x86.webp 120w, https:\/\/soymigrante.com\/revista\/wp-content\/uploads\/2024\/11\/tiana-ochoa-lider-migrante-rhode-island-13-350x250.webp 350w, https:\/\/soymigrante.com\/revista\/wp-content\/uploads\/2024\/11\/tiana-ochoa-lider-migrante-rhode-island-13-750x536.webp 750w, https:\/\/soymigrante.com\/revista\/wp-content\/uploads\/2024\/11\/tiana-ochoa-lider-migrante-rhode-island-13-1140x814.jpg 1140w, https:\/\/soymigrante.com\/revista\/wp-content\/uploads\/2024\/11\/tiana-ochoa-lider-migrante-rhode-island-13.webp 1920w\" sizes=\"(max-width: 1024px) 100vw, 1024px\" \/>\n            <\/div>\n        <\/div><div class=\"eael-entry-wrapper\"><header class=\"eael-entry-header\"><h2 class=\"eael-entry-title\"><a class=\"eael-grid-post-link\" href=\"https:\/\/soymigrante.com\/revista\/migrantes-guatemaltecos-en-ee-uu-demuestran-valores-servicio-creatividad-excelencia-y-mas\/\" title=\"Historias de migrantes guatemaltecos en USA muestran valores en constante acci\u00f3n\">Historias de migrantes guatemaltecos en USA muestran valores en constante acci\u00f3n<\/a><\/h2><\/header><div class=\"eael-entry-content\">\n                        <div class=\"eael-grid-post-excerpt\"><p>Los migrantes guatemaltecos en EE.UU. son trabajo, dedicaci\u00f3n, excelencia, perseverancia, creatividad, innovaci\u00f3n y tantos otros valores. En estas 10 historias se reflejan estos y otros...<\/p><a href=\"https:\/\/soymigrante.com\/revista\/migrantes-guatemaltecos-en-ee-uu-demuestran-valores-servicio-creatividad-excelencia-y-mas\/\" class=\"eael-post-elements-readmore-btn\">CONOCE SU HISTORIA <\/a><\/div>\n                    <\/div><\/div><\/div>\n        <\/div>\n    <\/article><\/div>\n            <div class=\"clearfix\"><\/div>\n        <\/div>\t\t\t\t<\/div>\n\t\t\t\t\t<\/div>\n\t\t\t\t<\/div>\n\t\t<div data-particle_enable=\"false\" data-particle-mobile-disabled=\"false\" class=\"elementor-element elementor-element-91db6dc e-flex e-con-boxed e-con e-parent\" data-id=\"91db6dc\" data-element_type=\"container\" data-e-type=\"container\">\n\t\t\t\t\t<div class=\"e-con-inner\">\n\t\t\t\t<div class=\"elementor-element elementor-element-f23e13d elementor-widget elementor-widget-heading\" data-id=\"f23e13d\" data-element_type=\"widget\" data-e-type=\"widget\" data-widget_type=\"heading.default\">\n\t\t\t\t\t<h3 class=\"elementor-heading-title elementor-size-default\">Impacto en Guatemala: Las remesas como sustento<\/h3>\t\t\t\t<\/div>\n\t\t\t\t\t<\/div>\n\t\t\t\t<\/div>\n\t\t<div data-particle_enable=\"false\" data-particle-mobile-disabled=\"false\" class=\"elementor-element elementor-element-a605738 e-flex e-con-boxed e-con e-parent\" data-id=\"a605738\" data-element_type=\"container\" data-e-type=\"container\">\n\t\t\t\t\t<div class=\"e-con-inner\">\n\t\t\t\t<div class=\"elementor-element elementor-element-77cbc24 elementor-widget elementor-widget-text-editor\" data-id=\"77cbc24\" data-element_type=\"widget\" data-e-type=\"widget\" data-widget_type=\"text-editor.default\">\n\t\t\t\t\t\t\t\t\t<p><a href=\"https:\/\/soymigrante.com\/revista\/category\/exitos\/\" target=\"_blank\" rel=\"noopener\">El trabajo de los migrantes guatemaltecos en Estados Unidos<\/a> no solo beneficia a la econom\u00eda estadounidense, sino que tambi\u00e9n es vital para la econom\u00eda de Guatemala.<\/p><p>En 2024, las remesas enviadas por los guatemaltecos alcanzaron cifras r\u00e9cord, superando los <strong>US$19 mil millones,<\/strong> seg\u00fan el Banco de Guatemala.<\/p><p>Estas remesas son el sustento de millones de familias, ayud\u00e1ndoles a cubrir gastos de alimentaci\u00f3n, educaci\u00f3n, vivienda y salud.<\/p>\t\t\t\t\t\t\t\t<\/div>\n\t\t\t\t\t<\/div>\n\t\t\t\t<\/div>\n\t\t<div data-particle_enable=\"false\" data-particle-mobile-disabled=\"false\" class=\"elementor-element elementor-element-5fb4bee e-flex e-con-boxed e-con e-parent\" data-id=\"5fb4bee\" data-element_type=\"container\" data-e-type=\"container\">\n\t\t\t\t\t<div class=\"e-con-inner\">\n\t\t\t\t<div class=\"elementor-element elementor-element-3b222c1 elementor-widget elementor-widget-video\" data-id=\"3b222c1\" data-element_type=\"widget\" data-e-type=\"widget\" data-settings=\"{&quot;youtube_url&quot;:&quot;https:\\\/\\\/www.youtube.com\\\/watch?v=migIgAsvGUc&quot;,&quot;video_type&quot;:&quot;youtube&quot;,&quot;controls&quot;:&quot;yes&quot;}\" data-widget_type=\"video.default\">\n\t\t\t\t\t\t\t<div class=\"elementor-wrapper elementor-open-inline\">\n\t\t\t<div class=\"elementor-video\"><\/div>\t\t<\/div>\n\t\t\t\t\t\t<\/div>\n\t\t\t\t\t<\/div>\n\t\t\t\t<\/div>\n\t\t<div data-particle_enable=\"false\" data-particle-mobile-disabled=\"false\" class=\"elementor-element elementor-element-863258a e-flex e-con-boxed e-con e-parent\" data-id=\"863258a\" data-element_type=\"container\" data-e-type=\"container\">\n\t\t\t\t\t<div class=\"e-con-inner\">\n\t\t\t\t<div class=\"elementor-element elementor-element-16c02dc elementor-widget elementor-widget-heading\" data-id=\"16c02dc\" data-element_type=\"widget\" data-e-type=\"widget\" data-widget_type=\"heading.default\">\n\t\t\t\t\t<h3 class=\"elementor-heading-title elementor-size-default\">Un legado de esfuerzo y dignidad<\/h3>\t\t\t\t<\/div>\n\t\t\t\t\t<\/div>\n\t\t\t\t<\/div>\n\t\t<div data-particle_enable=\"false\" data-particle-mobile-disabled=\"false\" class=\"elementor-element elementor-element-572c318 e-flex e-con-boxed e-con e-parent\" data-id=\"572c318\" data-element_type=\"container\" data-e-type=\"container\">\n\t\t\t\t\t<div class=\"e-con-inner\">\n\t\t\t\t<div class=\"elementor-element elementor-element-ff86d17 elementor-widget elementor-widget-text-editor\" data-id=\"ff86d17\" data-element_type=\"widget\" data-e-type=\"widget\" data-widget_type=\"text-editor.default\">\n\t\t\t\t\t\t\t\t\t<p>A pesar de los desaf\u00edos, como la discriminaci\u00f3n, la falta de documentos o las duras condiciones laborales, <a href=\"https:\/\/soymigrante.com\/revista\/category\/exitos\/\" target=\"_blank\" rel=\"noopener\">los guatemaltecos en Estados Unidos siguen demostrando su val\u00eda.<\/a><\/p><p>Su trabajo no solo enriquece la econom\u00eda estadounidense, sino que tambi\u00e9n lleva consigo el orgullo y la cultura de Guatemala, que se manifiestan en sus comidas, festividades y tradiciones que comparten en sus comunidades.<\/p><p>Los migrantes guatemaltecos son m\u00e1s que trabajadores; son padres, madres, hijos e hijas que sue\u00f1an con un mejor futuro para sus familias.<\/p><p>Su contribuci\u00f3n no solo fortalece econom\u00edas, sino que tambi\u00e9n inspira a otros a creer en la importancia del esfuerzo, la unidad y la resiliencia.<\/p>\t\t\t\t\t\t\t\t<\/div>\n\t\t\t\t\t<\/div>\n\t\t\t\t<\/div>\n\t\t<div data-particle_enable=\"false\" data-particle-mobile-disabled=\"false\" class=\"elementor-element elementor-element-6fe2298 e-flex e-con-boxed e-con e-parent\" data-id=\"6fe2298\" data-element_type=\"container\" data-e-type=\"container\">\n\t\t\t\t\t<div class=\"e-con-inner\">\n\t\t\t\t<div class=\"elementor-element elementor-element-7d3973d elementor-widget elementor-widget-heading\" data-id=\"7d3973d\" data-element_type=\"widget\" data-e-type=\"widget\" data-widget_type=\"heading.default\">\n\t\t\t\t\t<h2 class=\"elementor-heading-title elementor-size-default\">M\u00e1s lecciones de \u00e9xito y servicio migrante<\/h2>\t\t\t\t<\/div>\n\t\t\t\t\t<\/div>\n\t\t\t\t<\/div>\n\t\t<div data-particle_enable=\"false\" data-particle-mobile-disabled=\"false\" class=\"elementor-element elementor-element-6eb66af e-flex e-con-boxed e-con e-parent\" data-id=\"6eb66af\" data-element_type=\"container\" data-e-type=\"container\">\n\t\t\t\t\t<div class=\"e-con-inner\">\n\t\t\t\t<div class=\"elementor-element elementor-element-6406d8e elementor-widget elementor-widget-blfe-post-grid\" data-id=\"6406d8e\" data-element_type=\"widget\" data-e-type=\"widget\" data-settings=\"{&quot;columns&quot;:&quot;3&quot;,&quot;columns_tablet&quot;:&quot;6&quot;,&quot;columns_mobile&quot;:&quot;12&quot;,&quot;hero1_layout_column_gap&quot;:{&quot;unit&quot;:&quot;px&quot;,&quot;size&quot;:30,&quot;sizes&quot;:[]},&quot;hero1_layout_column_gap_tablet&quot;:{&quot;unit&quot;:&quot;px&quot;,&quot;size&quot;:&quot;&quot;,&quot;sizes&quot;:[]},&quot;hero1_layout_column_gap_mobile&quot;:{&quot;unit&quot;:&quot;px&quot;,&quot;size&quot;:&quot;&quot;,&quot;sizes&quot;:[]},&quot;hero1_layout_row_gap&quot;:{&quot;unit&quot;:&quot;px&quot;,&quot;size&quot;:30,&quot;sizes&quot;:[]},&quot;hero1_layout_row_gap_tablet&quot;:{&quot;unit&quot;:&quot;px&quot;,&quot;size&quot;:&quot;&quot;,&quot;sizes&quot;:[]},&quot;hero1_layout_row_gap_mobile&quot;:{&quot;unit&quot;:&quot;px&quot;,&quot;size&quot;:&quot;&quot;,&quot;sizes&quot;:[]}}\" data-widget_type=\"blfe-post-grid.hero1\">\n\t\t\t\t<div class=\"elementor-widget-container\">\n\t\t\t\t\t\n                        <div class=\"blfe-post-grid-container \">\n            \n                <div data-skin=\"hero1\" class=\"blfe-row blfe-posts-inner blfe-hero1 blfe-posts-inner blfe-col-3 blfe-col-tab-6 blfe-col-mob-12     \">\n                            <div class=\"blfe-post-grid-item\">\n            <div class=\"blfe-post-grid-item-inner blfe-modern-zoom\">\n                        <div class=\"blfe-post-grid-bg-image\">\n            <a class=\"blfe-post-grid-image-inner\" href=\"https:\/\/soymigrante.com\/revista\/elisa-escamilla-emprendedora-invierte-en-guatemala\/\" title=\"Elisa Escamilla: una historia de amor, foto y grandes objetivos.\" rel=\"nofollow\" target=\"_blank\"><img decoding=\"async\" src=\"https:\/\/soymigrante.com\/revista\/wp-content\/uploads\/2023\/03\/SOY-ELISA-ESCAMILLA-ENTREVISTA-3.webp\" alt=\"Elisa Escamilla: una historia de amor, foto y grandes objetivos.\"\/><\/a>        <\/div>\n                        <div class=\"blfe-post-grid-details\">\n                    <div class=\"blfe-post-grid-details-inner\">\n                        <span class=\"blfe-post-category\"><a href=\"https:\/\/soymigrante.com\/revista\/category\/exitos\/\">\u00c9xitos<\/a><\/span>                        <h3 class=\"blfe-post-grid-title\">\n            <a href=\"https:\/\/soymigrante.com\/revista\/elisa-escamilla-emprendedora-invierte-en-guatemala\/\" title=\"Elisa Escamilla: una historia de amor, foto y grandes objetivos.\" rel=\"nofollow\" target=\"_blank\">Elisa Escamilla: una historia de amor, foto y grandes objetivos.<\/a>\n            <\/h3>                                                            <div class=\"blfe-post-grid-meta\">\n                <span class=\"blfe-post-grid-time\"><i class=\"fas fa-book-reader\"><\/i>6 Min read<\/span>            <\/div>\n                                                        <\/div>\n                <\/div>\n\n            <\/div>\n        <\/div>\n                <div class=\"blfe-post-grid-item\">\n            <div class=\"blfe-post-grid-item-inner blfe-modern-zoom\">\n                        <div class=\"blfe-post-grid-bg-image\">\n            <a class=\"blfe-post-grid-image-inner\" href=\"https:\/\/soymigrante.com\/revista\/juan-francisco-es-qanjobal-comunicador-impulsor-de-talentos-y-experto-en-robotica\/\" title=\"Los guatemaltecos debemos cambiar de chip: Juan Francisco\" rel=\"nofollow\" target=\"_blank\"><img decoding=\"async\" src=\"https:\/\/soymigrante.com\/revista\/wp-content\/uploads\/2023\/02\/PANCHOLON-1.webp\" alt=\"Los guatemaltecos debemos cambiar de chip: Juan Francisco\"\/><\/a>        <\/div>\n                        <div class=\"blfe-post-grid-details\">\n                    <div class=\"blfe-post-grid-details-inner\">\n                        <span class=\"blfe-post-category\"><a href=\"https:\/\/soymigrante.com\/revista\/category\/exitos\/\">\u00c9xitos<\/a><\/span>                        <h3 class=\"blfe-post-grid-title\">\n            <a href=\"https:\/\/soymigrante.com\/revista\/juan-francisco-es-qanjobal-comunicador-impulsor-de-talentos-y-experto-en-robotica\/\" title=\"Los guatemaltecos debemos cambiar de chip: Juan Francisco\" rel=\"nofollow\" target=\"_blank\">Los guatemaltecos debemos cambiar de chip: Juan Francisco<\/a>\n            <\/h3>                                                            <div class=\"blfe-post-grid-meta\">\n                <span class=\"blfe-post-grid-time\"><i class=\"fas fa-book-reader\"><\/i>5 Min read<\/span>            <\/div>\n                                                        <\/div>\n                <\/div>\n\n            <\/div>\n        <\/div>\n                <div class=\"blfe-post-grid-item\">\n            <div class=\"blfe-post-grid-item-inner blfe-modern-zoom\">\n                        <div class=\"blfe-post-grid-bg-image\">\n            <a class=\"blfe-post-grid-image-inner\" href=\"https:\/\/soymigrante.com\/revista\/yuntos-impulsa-un-camino-a-la-generosidad\/\" title=\"Generosidad impulsa la iniciativa Yuntos, de Marvin Rodr\u00edguez\" rel=\"nofollow\" target=\"_blank\"><img decoding=\"async\" src=\"https:\/\/soymigrante.com\/revista\/wp-content\/uploads\/2023\/04\/MARVIN-RODRIGUEZ-EN-ANTIGUA-GUATEMALA.webp\" alt=\"Generosidad impulsa la iniciativa Yuntos, de Marvin Rodr\u00edguez\"\/><\/a>        <\/div>\n                        <div class=\"blfe-post-grid-details\">\n                    <div class=\"blfe-post-grid-details-inner\">\n                        <span class=\"blfe-post-category\"><a href=\"https:\/\/soymigrante.com\/revista\/category\/exitos\/\">\u00c9xitos<\/a><\/span>                        <h3 class=\"blfe-post-grid-title\">\n            <a href=\"https:\/\/soymigrante.com\/revista\/yuntos-impulsa-un-camino-a-la-generosidad\/\" title=\"Generosidad impulsa la iniciativa Yuntos, de Marvin Rodr\u00edguez\" rel=\"nofollow\" target=\"_blank\">Generosidad impulsa la iniciativa Yuntos, de Marvin Rodr\u00edguez<\/a>\n            <\/h3>                                                            <div class=\"blfe-post-grid-meta\">\n                <span class=\"blfe-post-grid-time\"><i class=\"fas fa-book-reader\"><\/i>4 Min read<\/span>            <\/div>\n                                                        <\/div>\n                <\/div>\n\n            <\/div>\n        <\/div>\n                        <\/div>\n\n                        <\/div>\n            \n                        <div class=\"blfe-post-footer\">\n                        <\/div>\n            \t\t\t\t<\/div>\n\t\t\t\t<\/div>\n\t\t\t\t\t<\/div>\n\t\t\t\t<\/div>\n\t\t\t\t<\/div>\n\t\t","protected":false},"excerpt":{"rendered":"<p>Los migrantes guatemaltecos en Estados Unidos son un ejemplo de esfuerzo, dedicaci\u00f3n y resiliencia. Los migrantes con un estimado de 1.6 millones de guatemaltecos viviendo en el pa\u00eds norteamericano, seg\u00fan datos del Pew Research Center, estos hombres y mujeres desempe\u00f1an un papel crucial en la econom\u00eda estadounidense, al tiempo que sostienen a sus familias en [&hellip;]<\/p>\n","protected":false},"author":19,"featured_media":11993,"comment_status":"open","ping_status":"open","sticky":false,"template":"","format":"standard","meta":{"_acf_changed":false,"_eb_attr":"","footnotes":""},"categories":[58],"tags":[],"class_list":["post-18082","post","type-post","status-publish","format-standard","has-post-thumbnail","hentry","category-guate-nuestra"],"acf":[],"aioseo_notices":[],"aioseo_head":"\n\t\t<!-- All in One SEO Pro 4.9.6.2 - aioseo.com -->\n\t<meta name=\"description\" content=\"Marvin Rodr\u00edguez es profesional de la programaci\u00f3n, trabaja en Boston, Massachussets. Resuelve intrincados desaf\u00edos tecnol\u00f3gicos pero tambi\u00e9n aporta nuevos pasos en su Palencia, natal. Nunca debemos olvidar de donde venimos\u201d, declara Marvin Rodr\u00edguez, analista de programaci\u00f3n guatemalteco radicado en Boston, Massachussets, fundador de la iniciativa Yuntos: cuyo objetivo es recaudar zapatos de medio uso los\" \/>\n\t<meta name=\"robots\" content=\"max-snippet:-1, max-image-preview:large, max-video-preview:-1\" \/>\n\t<meta name=\"author\" content=\"Gustavo Montenegro\"\/>\n\t<link rel=\"canonical\" href=\"https:\/\/soymigrante.com\/revista\/yuntos-impulsa-un-camino-a-la-generosidad\/\" \/>\n\t<meta name=\"generator\" content=\"All in One SEO Pro (AIOSEO) 4.9.6.2\" \/>\n\n\t\t<link rel=\"preconnect\" href=\"https:\/\/fonts.googleapis.com\" crossorigin>\n<link rel=\"preconnect\" href=\"https:\/\/fonts.gstatic.com\" crossorigin>\n\t\t<meta property=\"og:locale\" content=\"es_ES\" \/>\n\t\t<meta property=\"og:site_name\" content=\"SoyMigrante.com REVISTA \u2013 Nuestra misi\u00f3n es reconocer y dignificar al migrante.\" \/>\n\t\t<meta property=\"og:type\" content=\"article\" \/>\n\t\t<meta property=\"og:title\" content=\"Generosidad impulsa la iniciativa Yuntos, de Marvin Rodr\u00edguez\" \/>\n\t\t<meta property=\"og:description\" content=\"Marvin Rodr\u00edguez es profesional de la programaci\u00f3n, trabaja en Boston, Massachussets. Resuelve intrincados desaf\u00edos tecnol\u00f3gicos pero tambi\u00e9n aporta nuevos pasos en su Palencia, natal. Nunca debemos olvidar de donde venimos\u201d, declara Marvin Rodr\u00edguez, analista de programaci\u00f3n guatemalteco radicado en Boston, Massachussets, fundador de la iniciativa Yuntos: cuyo objetivo es recaudar zapatos de medio uso los\" \/>\n\t\t<meta property=\"og:url\" content=\"https:\/\/soymigrante.com\/revista\/yuntos-impulsa-un-camino-a-la-generosidad\/\" \/>\n\t\t<meta property=\"og:image\" content=\"https:\/\/soymigrante.com\/revista\/wp-content\/uploads\/2023\/04\/MARVIN-RODRIGUEZ-EN-ANTIGUA-GUATEMALA.webp\" \/>\n\t\t<meta property=\"og:image:secure_url\" content=\"https:\/\/soymigrante.com\/revista\/wp-content\/uploads\/2023\/04\/MARVIN-RODRIGUEZ-EN-ANTIGUA-GUATEMALA.webp\" \/>\n\t\t<meta property=\"og:image:width\" content=\"960\" \/>\n\t\t<meta property=\"og:image:height\" content=\"833\" \/>\n\t\t<meta property=\"article:published_time\" content=\"2023-05-26T00:07:24+00:00\" \/>\n\t\t<meta property=\"article:modified_time\" content=\"2026-03-11T20:36:34+00:00\" \/>\n\t\t<meta property=\"article:publisher\" content=\"https:\/\/www.facebook.com\/soymigrantecom\" \/>\n\t\t<meta name=\"twitter:card\" content=\"summary_large_image\" \/>\n\t\t<meta name=\"twitter:site\" content=\"@SoyMigrante_com\" \/>\n\t\t<meta name=\"twitter:title\" content=\"Generosidad impulsa la iniciativa Yuntos, de Marvin Rodr\u00edguez\" \/>\n\t\t<meta name=\"twitter:description\" content=\"Marvin Rodr\u00edguez es profesional de la programaci\u00f3n, trabaja en Boston, Massachussets. Resuelve intrincados desaf\u00edos tecnol\u00f3gicos pero tambi\u00e9n aporta nuevos pasos en su Palencia, natal. Nunca debemos olvidar de donde venimos\u201d, declara Marvin Rodr\u00edguez, analista de programaci\u00f3n guatemalteco radicado en Boston, Massachussets, fundador de la iniciativa Yuntos: cuyo objetivo es recaudar zapatos de medio uso los\" \/>\n\t\t<meta name=\"twitter:creator\" content=\"@SoyMigrante_com\" \/>\n\t\t<meta name=\"twitter:image\" content=\"https:\/\/soymigrante.com\/revista\/wp-content\/uploads\/2023\/04\/MARVIN-RODRIGUEZ-EN-ANTIGUA-GUATEMALA.webp\" \/>\n\t\t<!-- All in One SEO Pro -->\r\n\t\t<title>Generosidad impulsa la iniciativa Yuntos, de Marvin Rodr\u00edguez<\/title>\n\n","aioseo_head_json":{"title":"Generosidad impulsa la iniciativa Yuntos, de Marvin Rodr\u00edguez","description":"Marvin Rodr\u00edguez es profesional de la programaci\u00f3n, trabaja en Boston, Massachussets. Resuelve intrincados desaf\u00edos tecnol\u00f3gicos pero tambi\u00e9n aporta nuevos pasos en su Palencia, natal. Nunca debemos olvidar de donde venimos\u201d, declara Marvin Rodr\u00edguez, analista de programaci\u00f3n guatemalteco radicado en Boston, Massachussets, fundador de la iniciativa Yuntos: cuyo objetivo es recaudar zapatos de medio uso los","canonical_url":"https:\/\/soymigrante.com\/revista\/yuntos-impulsa-un-camino-a-la-generosidad\/","robots":"max-snippet:-1, max-image-preview:large, max-video-preview:-1","keywords":"","webmasterTools":{"miscellaneous":"&lt;link rel=\"preconnect\" href=\"https:\/\/fonts.googleapis.com\" crossorigin&gt;\n&lt;link rel=\"preconnect\" href=\"https:\/\/fonts.gstatic.com\" crossorigin&gt;"},"schema":null,"og:locale":"es_ES","og:site_name":"SoyMigrante.com REVISTA \u2013 Nuestra misi\u00f3n es reconocer y dignificar al migrante.","og:type":"article","og:title":"Generosidad impulsa la iniciativa Yuntos, de Marvin Rodr\u00edguez","og:description":"Marvin Rodr\u00edguez es profesional de la programaci\u00f3n, trabaja en Boston, Massachussets. Resuelve intrincados desaf\u00edos tecnol\u00f3gicos pero tambi\u00e9n aporta nuevos pasos en su Palencia, natal. Nunca debemos olvidar de donde venimos\u201d, declara Marvin Rodr\u00edguez, analista de programaci\u00f3n guatemalteco radicado en Boston, Massachussets, fundador de la iniciativa Yuntos: cuyo objetivo es recaudar zapatos de medio uso los","og:url":"https:\/\/soymigrante.com\/revista\/yuntos-impulsa-un-camino-a-la-generosidad\/","og:image":"https:\/\/soymigrante.com\/revista\/wp-content\/uploads\/2023\/04\/MARVIN-RODRIGUEZ-EN-ANTIGUA-GUATEMALA.webp","og:image:secure_url":"https:\/\/soymigrante.com\/revista\/wp-content\/uploads\/2023\/04\/MARVIN-RODRIGUEZ-EN-ANTIGUA-GUATEMALA.webp","og:image:width":960,"og:image:height":833,"article:published_time":"2023-05-26T00:07:24+00:00","article:modified_time":"2026-03-11T20:36:34+00:00","article:publisher":"https:\/\/www.facebook.com\/soymigrantecom","twitter:card":"summary_large_image","twitter:site":"@SoyMigrante_com","twitter:title":"Generosidad impulsa la iniciativa Yuntos, de Marvin Rodr\u00edguez","twitter:description":"Marvin Rodr\u00edguez es profesional de la programaci\u00f3n, trabaja en Boston, Massachussets. Resuelve intrincados desaf\u00edos tecnol\u00f3gicos pero tambi\u00e9n aporta nuevos pasos en su Palencia, natal. Nunca debemos olvidar de donde venimos\u201d, declara Marvin Rodr\u00edguez, analista de programaci\u00f3n guatemalteco radicado en Boston, Massachussets, fundador de la iniciativa Yuntos: cuyo objetivo es recaudar zapatos de medio uso los","twitter:creator":"@SoyMigrante_com","twitter:image":"https:\/\/soymigrante.com\/revista\/wp-content\/uploads\/2023\/04\/MARVIN-RODRIGUEZ-EN-ANTIGUA-GUATEMALA.webp"},"aioseo_meta_data":{"post_id":"18082","title":null,"description":"Hay 3.2 millones de guatemaltecos en EE.UU. M\u00e1s de la mitad est\u00e1n en situaci\u00f3n migratoria irregular, pero contribuyen con su fuerza laboral, econ\u00f3mica y cultural","keywords":null,"keyphrases":{"focus":{"keyphrase":"Migrantes","score":82,"analysis":{"keyphraseInTitle":{"score":9,"maxScore":9,"error":0},"keyphraseInDescription":{"score":3,"maxScore":9,"error":1},"keyphraseLength":{"score":9,"maxScore":9,"error":0,"length":1},"keyphraseInURL":{"score":5,"maxScore":5,"error":0},"keyphraseInIntroduction":{"score":9,"maxScore":9,"error":0},"keyphraseInSubHeadings":{"score":3,"maxScore":9,"error":1},"keyphraseInImageAlt":{"score":9,"maxScore":9,"error":0},"keywordDensity":{"type":"best","score":9,"maxScore":9,"error":0}}},"additional":[{"keyphrase":"Migrantes","score":87,"analysis":{"keyphraseInDescription":{"score":3,"maxScore":9,"error":1},"keyphraseLength":{"score":9,"maxScore":9,"error":0,"length":1},"keyphraseInIntroduction":{"score":9,"maxScore":9,"error":0},"keyphraseInImageAlt":{"score":9,"maxScore":9,"error":0},"keywordDensity":{"type":"best","score":9,"maxScore":9,"error":0}}},{"keyphrase":"guatemaltecos","score":100,"analysis":{"keyphraseInDescription":{"score":9,"maxScore":9,"error":0},"keyphraseLength":{"score":9,"maxScore":9,"error":0,"length":1},"keyphraseInIntroduction":{"score":9,"maxScore":9,"error":0},"keyphraseInImageAlt":{"score":9,"maxScore":9,"error":0},"keywordDensity":{"type":"best","score":9,"maxScore":9,"error":0}}}]},"primary_term":null,"canonical_url":null,"og_title":null,"og_description":null,"og_object_type":"default","og_image_type":"default","og_image_url":null,"og_image_width":null,"og_image_height":null,"og_image_custom_url":null,"og_image_custom_fields":null,"og_video":"","og_custom_url":null,"og_article_section":null,"og_article_tags":null,"twitter_use_og":false,"twitter_card":"default","twitter_image_type":"default","twitter_image_url":null,"twitter_image_custom_url":null,"twitter_image_custom_fields":null,"twitter_title":null,"twitter_description":null,"schema":{"blockGraphs":[],"customGraphs":[],"default":{"data":{"Article":[],"Course":[],"Dataset":[],"FAQPage":[],"Movie":[],"Person":[],"Product":[],"ProductReview":[],"Car":[],"Recipe":[],"Service":[],"SoftwareApplication":[],"WebPage":[]},"graphName":"BlogPosting","isEnabled":true},"graphs":[]},"schema_type":"default","schema_type_options":null,"pillar_content":false,"robots_default":true,"robots_noindex":false,"robots_noarchive":false,"robots_nosnippet":false,"robots_nofollow":false,"robots_noimageindex":false,"robots_noodp":false,"robots_notranslate":false,"robots_max_snippet":"-1","robots_max_videopreview":"-1","robots_max_imagepreview":"large","priority":null,"frequency":"default","local_seo":null,"seo_analyzer_scan_date":"2025-10-09 01:55:45","breadcrumb_settings":null,"limit_modified_date":false,"reviewed_by":null,"open_ai":"{\"title\":{\"suggestions\":[],\"usage\":0},\"description\":{\"suggestions\":[],\"usage\":0}}","ai":null,"created":"2024-12-24 18:32:24","updated":"2026-02-04 19:16:29"},"aioseo_breadcrumb":"<div class=\"aioseo-breadcrumbs\"><span class=\"aioseo-breadcrumb\">\n\t<a href=\"https:\/\/soymigrante.com\/revista\" title=\"Home\">Home<\/a>\n<\/span><span class=\"aioseo-breadcrumb-separator\">\u00bb<\/span><span class=\"aioseo-breadcrumb\">\n\t<a href=\"https:\/\/soymigrante.com\/revista\/category\/guate-nuestra\/\" title=\"Guate Nuestra\">Guate Nuestra<\/a>\n<\/span><span class=\"aioseo-breadcrumb-separator\">\u00bb<\/span><span class=\"aioseo-breadcrumb\">\n\tMigrantes guatemaltecos: As\u00ed fortalecen y aportan a Estados Unidos\n<\/span><\/div>","aioseo_breadcrumb_json":[{"label":"Home","link":"https:\/\/soymigrante.com\/revista"},{"label":"Guate Nuestra","link":"https:\/\/soymigrante.com\/revista\/category\/guate-nuestra\/"},{"label":"Migrantes guatemaltecos: As\u00ed fortalecen y aportan a Estados Unidos","link":"https:\/\/soymigrante.com\/revista\/migrantes-guatemaltecos-asi-fortalecen-y-aportan-a-estados-unidos\/"}],"_links":{"self":[{"href":"https:\/\/soymigrante.com\/revista\/wp-json\/wp\/v2\/posts\/18082","targetHints":{"allow":["GET"]}}],"collection":[{"href":"https:\/\/soymigrante.com\/revista\/wp-json\/wp\/v2\/posts"}],"about":[{"href":"https:\/\/soymigrante.com\/revista\/wp-json\/wp\/v2\/types\/post"}],"author":[{"embeddable":true,"href":"https:\/\/soymigrante.com\/revista\/wp-json\/wp\/v2\/users\/19"}],"replies":[{"embeddable":true,"href":"https:\/\/soymigrante.com\/revista\/wp-json\/wp\/v2\/comments?post=18082"}],"version-history":[{"count":0,"href":"https:\/\/soymigrante.com\/revista\/wp-json\/wp\/v2\/posts\/18082\/revisions"}],"wp:featuredmedia":[{"embeddable":true,"href":"https:\/\/soymigrante.com\/revista\/wp-json\/wp\/v2\/media\/11993"}],"wp:attachment":[{"href":"https:\/\/soymigrante.com\/revista\/wp-json\/wp\/v2\/media?parent=18082"}],"wp:term":[{"taxonomy":"category","embeddable":true,"href":"https:\/\/soymigrante.com\/revista\/wp-json\/wp\/v2\/categories?post=18082"},{"taxonomy":"post_tag","embeddable":true,"href":"https:\/\/soymigrante.com\/revista\/wp-json\/wp\/v2\/tags?post=18082"}],"curies":[{"name":"wp","href":"https:\/\/api.w.org\/{rel}","templated":true}]}}