{"id":18069,"date":"2025-12-27T09:24:19","date_gmt":"2025-12-27T15:24:19","guid":{"rendered":"https:\/\/soymigrante.com\/revista\/?p=18069"},"modified":"2025-12-27T09:24:25","modified_gmt":"2025-12-27T15:24:25","slug":"en-la-navidad-de-1917-terremotos-azotan-a-guatemala-un-testigo-migrante-relata-lo-que-vivio","status":"publish","type":"post","link":"https:\/\/soymigrante.com\/revista\/en-la-navidad-de-1917-terremotos-azotan-a-guatemala-un-testigo-migrante-relata-lo-que-vivio\/","title":{"rendered":"As\u00ed relata un testigo los devastadores terremotos de diciembre 1917-18 en Guatemala"},"content":{"rendered":"\t\t<div data-elementor-type=\"wp-post\" data-elementor-id=\"18069\" class=\"elementor elementor-18069\" data-elementor-post-type=\"post\">\n\t\t\t\t<div data-particle_enable=\"false\" data-particle-mobile-disabled=\"false\" class=\"elementor-element elementor-element-5acb871 e-flex e-con-boxed e-con e-parent\" data-id=\"5acb871\" data-element_type=\"container\" data-e-type=\"container\">\n\t\t\t\t\t<div class=\"e-con-inner\">\n\t\t\t\t<div class=\"elementor-element elementor-element-0ef75e3 elementor-widget elementor-widget-heading\" data-id=\"0ef75e3\" data-element_type=\"widget\" data-e-type=\"widget\" data-widget_type=\"heading.default\">\n\t\t\t\t\t<h2 class=\"elementor-heading-title elementor-size-default\">As\u00ed vi\u00f3 y vivi\u00f3 un arque\u00f3logo estadounidense los terremotos que azotaron y destruyeron la capital de Guatemala entre la Navidad de 1917 y enero de 2018. Se llamaba Marshall H. Saville y este es un testimonio real.<\/h2>\t\t\t\t<\/div>\n\t\t\t\t\t<\/div>\n\t\t\t\t<\/div>\n\t\t<div data-particle_enable=\"false\" data-particle-mobile-disabled=\"false\" class=\"elementor-element elementor-element-6495acd e-flex e-con-boxed e-con e-parent\" data-id=\"6495acd\" data-element_type=\"container\" data-e-type=\"container\">\n\t\t\t\t\t<div class=\"e-con-inner\">\n\t\t\t\t<div class=\"elementor-element elementor-element-05eb57b elementor-widget elementor-widget-text-editor\" data-id=\"05eb57b\" data-element_type=\"widget\" data-e-type=\"widget\" data-widget_type=\"text-editor.default\">\n\t\t\t\t\t\t\t\t\t<p><b>Por Marshall H. Saville, arque\u00f3logo. Art\u00edculo publicado en Nueva York en 1918<\/b><\/p>\t\t\t\t\t\t\t\t<\/div>\n\t\t\t\t\t<\/div>\n\t\t\t\t<\/div>\n\t\t<div data-particle_enable=\"false\" data-particle-mobile-disabled=\"false\" class=\"elementor-element elementor-element-85d0ad7 e-flex e-con-boxed e-con e-parent\" data-id=\"85d0ad7\" data-element_type=\"container\" data-e-type=\"container\">\n\t\t\t\t\t<div class=\"e-con-inner\">\n\t\t\t\t<div class=\"elementor-element elementor-element-b7b7db5 elementor-widget elementor-widget-text-editor\" data-id=\"b7b7db5\" data-element_type=\"widget\" data-e-type=\"widget\" data-widget_type=\"text-editor.default\">\n\t\t\t\t\t\t\t\t\t<p>&#8220;Aproximadamente a las 10:35 de la noche de Navidad, la ciudad fue sacudida por un impacto como nunca antes hab\u00eda sentido. La tierra se balance\u00f3 como el mar durante aproximadamente un minuto. La ca\u00edda de muebles, el crujir de techos y paredes, y el bamboleo de las estructuras fueron desconcertantes&#8221;.\u00a0<\/p><p>&#8220;Todos buscaron refugio inmediatamente en las calles, aunque el fr\u00edo era intenso. Las luces el\u00e9ctricas pronto se apagaron, pero a la luz clara de la luna llena se pod\u00eda ver c\u00f3mo las paredes se agrietaban y ca\u00edan, y las tejas quedaban esparcidas en confusi\u00f3n sobre los tejados&#8221;.\u00a0<\/p><p>&#8220;Las multitudes, vestidas con ropa de dormir, permanecieron en las calles, mirando aterrorizadas y con desesperaci\u00f3n impotente la ruina de sus hogares mientras relataban sus experiencias. La tierra temblaba cada pocos minutos, aunque con menos intensidad al principio&#8221;.\u00a0<\/p><p>&#8220;Sin embargo, aproximadamente media hora despu\u00e9s del primer gran temblor, otro de igual duraci\u00f3n y a\u00fan mayor violencia sacudi\u00f3 la ciudad. Las casas se balancearon de un lado a otro ante nuestros ojos, hasta que las paredes que ya estaban agrietadas o debilitadas se desplomaron con un estruendo, seguidas por techos y estructuras&#8221;.\u00a0<\/p>\t\t\t\t\t\t\t\t<\/div>\n\t\t\t\t\t<\/div>\n\t\t\t\t<\/div>\n\t\t<div data-particle_enable=\"false\" data-particle-mobile-disabled=\"false\" class=\"elementor-element elementor-element-3793236 e-flex e-con-boxed e-con e-parent\" data-id=\"3793236\" data-element_type=\"container\" data-e-type=\"container\">\n\t\t\t\t\t<div class=\"e-con-inner\">\n\t\t\t\t<div class=\"elementor-element elementor-element-e82d726 elementor-widget elementor-widget-image\" data-id=\"e82d726\" data-element_type=\"widget\" data-e-type=\"widget\" data-widget_type=\"image.default\">\n\t\t\t\t\t\t\t\t\t\t\t\t<figure class=\"wp-caption\">\n\t\t\t\t\t\t\t\t\t\t<img fetchpriority=\"high\" decoding=\"async\" width=\"750\" height=\"1024\" src=\"https:\/\/soymigrante.com\/revista\/wp-content\/uploads\/2024\/12\/terremotos-1917-guatemala-2.webp\" class=\"attachment-large size-large wp-image-18076\" alt=\"Guatemala, Plaza de Armas hist\u00f3rica con ni\u00f1os en desfile escolar, arquitectura colonial y ambiente cultural.\" srcset=\"https:\/\/soymigrante.com\/revista\/wp-content\/uploads\/2024\/12\/terremotos-1917-guatemala-2.webp 750w, https:\/\/soymigrante.com\/revista\/wp-content\/uploads\/2024\/12\/terremotos-1917-guatemala-2-220x300.jpg 220w\" sizes=\"(max-width: 750px) 100vw, 750px\" title=\"As\u00ed luc\u00eda la Catedral Metropolitana de Guatemala en 1917, pocos meses antes de que iniciaran los terremotos la noche del 25 de diciembre. \u2013 SoyMigrante.com REVISTA\" \/>\t\t\t\t\t\t\t\t\t\t\t<figcaption class=\"widget-image-caption wp-caption-text\">Ni\u00f1os participando en desfile escolar en la Plaza de Armas de Guatemala, con iglesia colonial y arquitectura cl\u00e1sica en el fondo.<\/figcaption>\n\t\t\t\t\t\t\t\t\t\t<\/figure>\n\t\t\t\t\t\t\t\t\t<\/div>\n\t\t\t\t\t<\/div>\n\t\t\t\t<\/div>\n\t\t<div data-particle_enable=\"false\" data-particle-mobile-disabled=\"false\" class=\"elementor-element elementor-element-4300f45 e-flex e-con-boxed e-con e-parent\" data-id=\"4300f45\" data-element_type=\"container\" data-e-type=\"container\">\n\t\t\t\t\t<div class=\"e-con-inner\">\n\t\t\t\t<div class=\"elementor-element elementor-element-bce0f92 elementor-widget elementor-widget-heading\" data-id=\"bce0f92\" data-element_type=\"widget\" data-e-type=\"widget\" data-widget_type=\"heading.default\">\n\t\t\t\t\t<h2 class=\"elementor-heading-title elementor-size-default\">Estruendo y rugidos de la tierra<\/h2>\t\t\t\t<\/div>\n\t\t\t\t\t<\/div>\n\t\t\t\t<\/div>\n\t\t<div data-particle_enable=\"false\" data-particle-mobile-disabled=\"false\" class=\"elementor-element elementor-element-5359ae1 e-flex e-con-boxed e-con e-parent\" data-id=\"5359ae1\" data-element_type=\"container\" data-e-type=\"container\">\n\t\t\t\t\t<div class=\"e-con-inner\">\n\t\t\t\t<div class=\"elementor-element elementor-element-bd33a86 elementor-widget elementor-widget-text-editor\" data-id=\"bd33a86\" data-element_type=\"widget\" data-e-type=\"widget\" data-widget_type=\"text-editor.default\">\n\t\t\t\t\t\t\t\t\t<p><span style=\"color: var( --e-global-color-text ); text-align: var(--text-align);\">&#8220;Durante unos breves segundos, el estruendo de las casas derrumb\u00e1ndose se mezcl\u00f3 con los rugidos subterr\u00e1neos de la tierra y los gemidos y oraciones de las mujeres clamando por misericordia. Luego, todo qued\u00f3 en silencio nuevamente. El \u00e1ngel de la destrucci\u00f3n pas\u00f3, pues su obra hab\u00eda sido cumplida completa y meticulosamente. A su paso quedaban las ruinas dispersas de la orgullosa &#8220;Ciudad de Santiago de los Caballeros de Guatemala&#8221;. Pero la tierra no se hab\u00eda calmado del todo, y los temblores continuaron con ligeras interrupciones hasta el amanecer&#8221;.<\/span><\/p><p>&#8220;Las multitudes permanecieron toda la noche estupefactas frente a sus casas o se trasladaron hacia las plazas abiertas para esperar, aterrorizadas, lo que a\u00fan pudiera ocurrir. Cuando lleg\u00f3 el amanecer, toda la escena de destrucci\u00f3n se hizo evidente&#8221;.<\/p><p>&#8220;La alta y maciza fachada de la iglesia de San Francisco estaba rota en todas direcciones, y grandes bloques de mamposter\u00eda yac\u00edan esparcidos. El techo de la iglesia de Santa Clara se hab\u00eda derrumbado desde el altar hasta el portal, abriendo de golpe la pesada puerta. La alta c\u00fapula acanalada de la iglesia de La Recolecci\u00f3n, un prodigio de gracia y belleza, hab\u00eda ca\u00eddo sobre la nave&#8221;.\u00a0<\/p><p>&#8220;La gran c\u00fapula amarilla vidriada de la Catedral se desplom\u00f3 con un estruendo terrible durante el segundo temblor. Torres, campanarios y fachadas de iglesias en toda la ciudad fueron derribados o quedaron abiertos de par en par, inclinados en \u00e1ngulos extra\u00f1os sobre sus gruesas paredes inferiores&#8221;.\u00a0<\/p>\t\t\t\t\t\t\t\t<\/div>\n\t\t\t\t\t<\/div>\n\t\t\t\t<\/div>\n\t\t<div data-particle_enable=\"false\" data-particle-mobile-disabled=\"false\" class=\"elementor-element elementor-element-87e06b6 e-flex e-con-boxed e-con e-parent\" data-id=\"87e06b6\" data-element_type=\"container\" data-e-type=\"container\">\n\t\t\t\t\t<div class=\"e-con-inner\">\n\t\t\t\t<div class=\"elementor-element elementor-element-194fc00 elementor-widget elementor-widget-image\" data-id=\"194fc00\" data-element_type=\"widget\" data-e-type=\"widget\" data-widget_type=\"image.default\">\n\t\t\t\t\t\t\t\t\t\t\t\t\t\t\t<img decoding=\"async\" width=\"817\" height=\"627\" src=\"https:\/\/soymigrante.com\/revista\/wp-content\/uploads\/2024\/12\/terremotos-1917-guatemala-5.webp\" class=\"attachment-large size-large wp-image-18077\" alt=\"Vestigios hist\u00f3ricos del Quetzal, patrimonio cultural en Guatemala, reflejo de la historia colonial y arquitectura antigua.\" srcset=\"https:\/\/soymigrante.com\/revista\/wp-content\/uploads\/2024\/12\/terremotos-1917-guatemala-5.webp 817w, https:\/\/soymigrante.com\/revista\/wp-content\/uploads\/2024\/12\/terremotos-1917-guatemala-5-300x230.jpg 300w, https:\/\/soymigrante.com\/revista\/wp-content\/uploads\/2024\/12\/terremotos-1917-guatemala-5-768x589.jpg 768w, https:\/\/soymigrante.com\/revista\/wp-content\/uploads\/2024\/12\/terremotos-1917-guatemala-5-750x576.webp 750w\" sizes=\"(max-width: 817px) 100vw, 817px\" title=\"En enero de 1918, as\u00ed estaba la Catedral. Sin campanarios, sin c\u00fapula y con las im\u00e1genes de los 4 evangelistas que estaban en el atrio totalmente destruidas. \u2013 SoyMigrante.com REVISTA\" \/>\t\t\t\t\t\t\t\t\t\t\t\t\t\t\t<\/div>\n\t\t\t\t\t<\/div>\n\t\t\t\t<\/div>\n\t\t<div data-particle_enable=\"false\" data-particle-mobile-disabled=\"false\" class=\"elementor-element elementor-element-59da6f0 e-flex e-con-boxed e-con e-parent\" data-id=\"59da6f0\" data-element_type=\"container\" data-e-type=\"container\">\n\t\t\t\t\t<div class=\"e-con-inner\">\n\t\t\t\t<div class=\"elementor-element elementor-element-92fad95 elementor-widget elementor-widget-heading\" data-id=\"92fad95\" data-element_type=\"widget\" data-e-type=\"widget\" data-widget_type=\"heading.default\">\n\t\t\t\t\t<h2 class=\"elementor-heading-title elementor-size-default\">\"Eran montones de ruinas\"<\/h2>\t\t\t\t<\/div>\n\t\t\t\t\t<\/div>\n\t\t\t\t<\/div>\n\t\t<div data-particle_enable=\"false\" data-particle-mobile-disabled=\"false\" class=\"elementor-element elementor-element-02faf6c e-flex e-con-boxed e-con e-parent\" data-id=\"02faf6c\" data-element_type=\"container\" data-e-type=\"container\">\n\t\t\t\t\t<div class=\"e-con-inner\">\n\t\t\t\t<div class=\"elementor-element elementor-element-02b8e4c elementor-widget elementor-widget-text-editor\" data-id=\"02b8e4c\" data-element_type=\"widget\" data-e-type=\"widget\" data-widget_type=\"text-editor.default\">\n\t\t\t\t\t\t\t\t\t<p><span style=\"color: var( --e-global-color-text ); text-align: var(--text-align);\">&#8220;La oficina de correos fue destruida por completo, y sus escombros llenaban la calle. Una pared entera de la estaci\u00f3n de trenes hab\u00eda ca\u00eddo, y la torre del reloj fue derribada. La Legaci\u00f3n Brit\u00e1nica y la aduana eran montones de ruinas. En cuanto a las casas, en todos lados las paredes exteriores hab\u00edan ca\u00eddo hacia la calle, los techos se desplomaron sobre dormitorios y salas, y las vigas y tejas se amontonaron sobre camas y mesas, mientras que relojes, espejos y cuadros destrozados cubr\u00edan el suelo o colgaban torcidos de las paredes&#8221;.<\/span><\/p><p>&#8220;El 26 de diciembre, cuando la violencia de los temblores hab\u00eda disminuido un poco, la gente comenz\u00f3 a regresar a sus casas para rescatar algunas de sus pertenencias, principalmente ropa de cama y vestimenta. Fue entonces cuando se descubri\u00f3 que muchas casas que parec\u00edan intactas por fuera estaban peligrosamente agrietadas por dentro, y la mayor\u00eda de las que quedaban en pie estaban tan da\u00f1adas que tendr\u00edan que ser demolidas. Sin embargo, no ser\u00eda necesario, ya que los ligeros temblores continuaron durante todo el d\u00eda 26, y a las dos de la madrugada del 27, un tercer poderoso temblor despert\u00f3 a los habitantes, y se escuch\u00f3 c\u00f3mo m\u00e1s casas se desplomaban&#8221;.\u00a0<\/p><p>\u00a0<\/p>\t\t\t\t\t\t\t\t<\/div>\n\t\t\t\t\t<\/div>\n\t\t\t\t<\/div>\n\t\t<div data-particle_enable=\"false\" data-particle-mobile-disabled=\"false\" class=\"elementor-element elementor-element-4bf09b4 e-flex e-con-boxed e-con e-parent\" data-id=\"4bf09b4\" data-element_type=\"container\" data-e-type=\"container\">\n\t\t\t\t\t<div class=\"e-con-inner\">\n\t\t\t\t<div class=\"elementor-element elementor-element-77c36cf elementor-invisible elementor-widget elementor-widget-facebook-embed\" data-id=\"77c36cf\" data-element_type=\"widget\" data-e-type=\"widget\" data-settings=\"{&quot;_animation&quot;:&quot;zoomInDown&quot;}\" data-widget_type=\"facebook-embed.default\">\n\t\t\t\t\t<div style=\"min-height: 1px\" class=\"elementor-facebook-widget fb-video\" data-href=\"https:\/\/www.facebook.com\/watch\/?ref=search&#038;v=10156027391170349&#038;external_log_id=cd16a14e-deb3-41ef-ae04-19484cf7f57a&#038;q=terremoto%201917%20guatemala\" data-show-text=\"false\" data-allowfullscreen=\"false\" data-autoplay=\"false\" data-show-captions=\"false\"><\/div>\t\t\t\t<\/div>\n\t\t\t\t\t<\/div>\n\t\t\t\t<\/div>\n\t\t<div data-particle_enable=\"false\" data-particle-mobile-disabled=\"false\" class=\"elementor-element elementor-element-aea209f e-flex e-con-boxed e-con e-parent\" data-id=\"aea209f\" data-element_type=\"container\" data-e-type=\"container\">\n\t\t\t\t\t<div class=\"e-con-inner\">\n\t\t\t\t<div class=\"elementor-element elementor-element-5020c47 elementor-widget elementor-widget-heading\" data-id=\"5020c47\" data-element_type=\"widget\" data-e-type=\"widget\" data-widget_type=\"heading.default\">\n\t\t\t\t\t<h2 class=\"elementor-heading-title elementor-size-default\">El peor de todos los sismos llega el 3 de enero<\/h2>\t\t\t\t<\/div>\n\t\t\t\t\t<\/div>\n\t\t\t\t<\/div>\n\t\t<div data-particle_enable=\"false\" data-particle-mobile-disabled=\"false\" class=\"elementor-element elementor-element-937641e e-flex e-con-boxed e-con e-parent\" data-id=\"937641e\" data-element_type=\"container\" data-e-type=\"container\">\n\t\t\t\t\t<div class=\"e-con-inner\">\n\t\t\t\t<div class=\"elementor-element elementor-element-868011e elementor-widget elementor-widget-text-editor\" data-id=\"868011e\" data-element_type=\"widget\" data-e-type=\"widget\" data-widget_type=\"text-editor.default\">\n\t\t\t\t\t\t\t\t\t<p><span style=\"color: var( --e-global-color-text ); text-align: var(--text-align);\">&#8220;Durante todos esos d\u00edas, los terremotos no cesaron. A intervalos de aproximadamente una hora, nos recordaban que a\u00fan no todo estaba bien. Sin embargo, como nuestras vidas parec\u00edan estar a salvo y nuestras propiedades ya estaban destruidas, nos hab\u00edamos vuelto bastante indiferentes, apenas mirando alrededor con cada nuevo temblor&#8221;.<\/span><\/p><p>&#8220;Pero pronto fuimos despertados de nuestra indiferencia. La noche del 3 de enero trajo el terror de los terrores, el golpe m\u00e1s despiadado y horrible que hab\u00eda golpeado a esta pobre y destrozada ciudad. A las diez y cuarenta y cinco de la noche, se escuch\u00f3 un fuerte rugido subterr\u00e1neo, y la tierra pareci\u00f3 recibir un gran impacto que la levant\u00f3, luego la dej\u00f3 caer con un golpe seco, y despu\u00e9s la sacudi\u00f3 y estremeci\u00f3 con movimientos r\u00e1pidos y bruscos que continuaron sin detenerse&#8221;.\u00a0<\/p><p>&#8220;Los rugidos subterr\u00e1neos persistieron hasta que la mente qued\u00f3 aturdida y confundida, como si el mundo se estuviera desmoronando en pedazos. Esto debi\u00f3 durar un minuto y medio&#8221;.<\/p><p>&#8220;Nadie mir\u00f3 hacia arriba con indiferencia para decir &#8220;Ah\u00ed va otro&#8221; ni hizo comentarios ligeros. Las personas afectadas, impotentes, se incorporaron desde el suelo donde hab\u00edan estado durmiendo, apoy\u00e1ndose firmemente con los brazos, y no se escuchaban m\u00e1s palabras que &#8220;Oh, Oh, Oh&#8221;. Cuando el temblor termin\u00f3, todos sintieron deseos de gritar por la crueldad y brutalidad de todo aquello, pero mientras dur\u00f3, el \u00fanico sentimiento fue de un terror abrumador&#8221;<\/p><p>&#8220;Seg\u00fan un informante confiable, el temblor dur\u00f3 once minutos&#8221;.<\/p>\t\t\t\t\t\t\t\t<\/div>\n\t\t\t\t\t<\/div>\n\t\t\t\t<\/div>\n\t\t<div data-particle_enable=\"false\" data-particle-mobile-disabled=\"false\" class=\"elementor-element elementor-element-32045e2 e-flex e-con-boxed e-con e-parent\" data-id=\"32045e2\" data-element_type=\"container\" data-e-type=\"container\">\n\t\t\t\t\t<div class=\"e-con-inner\">\n\t\t\t\t<div class=\"elementor-element elementor-element-e57bd81 elementor-widget elementor-widget-heading\" data-id=\"e57bd81\" data-element_type=\"widget\" data-e-type=\"widget\" data-widget_type=\"heading.default\">\n\t\t\t\t\t<h2 class=\"elementor-heading-title elementor-size-default\">Fotograf\u00edas de Marshall H. Saville<\/h2>\t\t\t\t<\/div>\n\t\t\t\t\t<\/div>\n\t\t\t\t<\/div>\n\t\t<div data-particle_enable=\"false\" data-particle-mobile-disabled=\"false\" class=\"elementor-element elementor-element-1e9e8fb e-flex e-con-boxed e-con e-parent\" data-id=\"1e9e8fb\" data-element_type=\"container\" data-e-type=\"container\">\n\t\t\t\t\t<div class=\"e-con-inner\">\n\t\t\t\t<div class=\"elementor-element elementor-element-dbe7bf4 elementor-arrows-position-inside elementor-pagination-position-outside elementor-widget elementor-widget-image-carousel\" data-id=\"dbe7bf4\" data-element_type=\"widget\" data-e-type=\"widget\" data-settings=\"{&quot;slides_to_show&quot;:&quot;1&quot;,&quot;navigation&quot;:&quot;both&quot;,&quot;autoplay&quot;:&quot;yes&quot;,&quot;pause_on_hover&quot;:&quot;yes&quot;,&quot;pause_on_interaction&quot;:&quot;yes&quot;,&quot;autoplay_speed&quot;:5000,&quot;infinite&quot;:&quot;yes&quot;,&quot;effect&quot;:&quot;slide&quot;,&quot;speed&quot;:500}\" data-widget_type=\"image-carousel.default\">\n\t\t\t\t\t\t\t<div class=\"elementor-image-carousel-wrapper swiper\" role=\"region\" aria-roledescription=\"carousel\" aria-label=\"Carrusel de im\u00e1genes\" dir=\"ltr\">\n\t\t\t<div class=\"elementor-image-carousel swiper-wrapper\" aria-live=\"off\">\n\t\t\t\t\t\t\t\t<div class=\"swiper-slide\" role=\"group\" aria-roledescription=\"slide\" aria-label=\"1 de 6\"><figure class=\"swiper-slide-inner\"><img decoding=\"async\" class=\"swiper-slide-image\" src=\"https:\/\/soymigrante.com\/revista\/wp-content\/uploads\/2024\/12\/terremotos-1917-guatemala-4.webp\" alt=\"Ruinas de un antiguo edificio destruido por un sismo, muestra de la historia y el impacto de desastres naturales en M\u00e9xico.\" \/><\/figure><\/div><div class=\"swiper-slide\" role=\"group\" aria-roledescription=\"slide\" aria-label=\"2 de 6\"><figure class=\"swiper-slide-inner\"><img decoding=\"async\" class=\"swiper-slide-image\" src=\"https:\/\/soymigrante.com\/revista\/wp-content\/uploads\/2024\/12\/terremotos-1917-guatemala-7.webp\" alt=\"Falta de infraestructura y condiciones precarias en zonas migrantes, accidente ferroviario en frontera, historia de migraci\u00f3n, desigualdad social, contextos hist\u00f3ricos de migrantes en Am\u00e9rica Latina.\" \/><\/figure><\/div><div class=\"swiper-slide\" role=\"group\" aria-roledescription=\"slide\" aria-label=\"3 de 6\"><figure class=\"swiper-slide-inner\"><img decoding=\"async\" class=\"swiper-slide-image\" src=\"https:\/\/soymigrante.com\/revista\/wp-content\/uploads\/2024\/12\/terremotos-1917-guatemala-8.webp\" alt=\"Ruinas de un edificio hist\u00f3rico destruido por la guerra en una imagen en blanco y negro, s\u00edmbolo de conflictos y migraci\u00f3n forzada.\" \/><\/figure><\/div><div class=\"swiper-slide\" role=\"group\" aria-roledescription=\"slide\" aria-label=\"4 de 6\"><figure class=\"swiper-slide-inner\"><img decoding=\"async\" class=\"swiper-slide-image\" src=\"https:\/\/soymigrante.com\/revista\/wp-content\/uploads\/2024\/12\/terremotos-1917-guatemala-9.webp\" alt=\"Budistas y ruinas de un templo destruido en una zona devastada por terremoto, historia y resiliencia cultural en escenarios de desastre.\" \/><\/figure><\/div><div class=\"swiper-slide\" role=\"group\" aria-roledescription=\"slide\" aria-label=\"5 de 6\"><figure class=\"swiper-slide-inner\"><img decoding=\"async\" class=\"swiper-slide-image\" src=\"https:\/\/soymigrante.com\/revista\/wp-content\/uploads\/2024\/12\/terremotos-1917-guatemala-1.webp\" alt=\"Ruinas hist\u00f3ricas de una antigua estructura con da\u00f1os causados por un terremoto, reflejando el impacto de desastres naturales en el patrimonio cultural y arquitect\u00f3nico.\" \/><\/figure><\/div><div class=\"swiper-slide\" role=\"group\" aria-roledescription=\"slide\" aria-label=\"6 de 6\"><figure class=\"swiper-slide-inner\"><img decoding=\"async\" class=\"swiper-slide-image\" src=\"https:\/\/soymigrante.com\/revista\/wp-content\/uploads\/2024\/12\/5a-avenida-1917-1024x565.jpg\" alt=\"Vestimenta tradicional mexicana en una calle hist\u00f3rica, reflejando la cultura y el migrante en la historia de M\u00e9xico.\" \/><\/figure><\/div>\t\t\t<\/div>\n\t\t\t\t\t\t\t\t\t\t\t\t<div class=\"elementor-swiper-button elementor-swiper-button-prev\" role=\"button\" tabindex=\"0\">\n\t\t\t\t\t\t<i aria-hidden=\"true\" class=\"eicon-chevron-left\"><\/i>\t\t\t\t\t<\/div>\n\t\t\t\t\t<div class=\"elementor-swiper-button elementor-swiper-button-next\" role=\"button\" tabindex=\"0\">\n\t\t\t\t\t\t<i aria-hidden=\"true\" class=\"eicon-chevron-right\"><\/i>\t\t\t\t\t<\/div>\n\t\t\t\t\n\t\t\t\t\t\t\t\t\t<div class=\"swiper-pagination\"><\/div>\n\t\t\t\t\t\t\t\t\t<\/div>\n\t\t\t\t\t\t<\/div>\n\t\t\t\t\t<\/div>\n\t\t\t\t<\/div>\n\t\t<div data-particle_enable=\"false\" data-particle-mobile-disabled=\"false\" class=\"elementor-element elementor-element-c7a127a e-flex e-con-boxed e-con e-parent\" data-id=\"c7a127a\" data-element_type=\"container\" data-e-type=\"container\">\n\t\t\t\t\t<div class=\"e-con-inner\">\n\t\t\t\t<div class=\"elementor-element elementor-element-9f6f283 elementor-widget elementor-widget-heading\" data-id=\"9f6f283\" data-element_type=\"widget\" data-e-type=\"widget\" data-widget_type=\"heading.default\">\n\t\t\t\t\t<h2 class=\"elementor-heading-title elementor-size-default\">El \u00faltimo sismo: 24 de enero, pero ya toda la ciudad estaba demolida<\/h2>\t\t\t\t<\/div>\n\t\t\t\t\t<\/div>\n\t\t\t\t<\/div>\n\t\t<div data-particle_enable=\"false\" data-particle-mobile-disabled=\"false\" class=\"elementor-element elementor-element-9d9421f e-flex e-con-boxed e-con e-parent\" data-id=\"9d9421f\" data-element_type=\"container\" data-e-type=\"container\">\n\t\t\t\t\t<div class=\"e-con-inner\">\n\t\t\t\t<div class=\"elementor-element elementor-element-c6623a6 elementor-widget elementor-widget-text-editor\" data-id=\"c6623a6\" data-element_type=\"widget\" data-e-type=\"widget\" data-widget_type=\"text-editor.default\">\n\t\t\t\t\t\t\t\t\t<p>\u00a0<\/p><p>&#8220;El sexto gran temblor ocurri\u00f3 con la luna llena en la noche del 24 de enero. El autor estaba viajando en tren desde Quirigu\u00e1 hacia Guatemala, el cual hab\u00eda sido retrasado cerca de Agua Caliente debido a un leve deslizamiento en uno de los numerosos cortes del terreno&#8221;.\u00a0<\/p><p>&#8220;Por lo tanto, el tren, que deb\u00eda llegar a la ciudad a las 6:30 P.M., llevaba m\u00e1s de una hora de retraso. A las 7:25 en punto, cuando est\u00e1bamos a unas cinco millas de distancia y sal\u00edamos de un corte profundo, una piedra del tama\u00f1o de una pelota de b\u00e9isbol rod\u00f3 por la ladera y golpe\u00f3 el marco de la ventana junto a la que yo estaba sentado. Al instante siguiente se escuch\u00f3 un profundo rugido, acompa\u00f1ado de un golpe terrible contra el lado sur del tren. Esto fue seguido de inmediato por un sacud\u00f3n que levant\u00f3 el lado opuesto&#8221;,<\/p><p><span style=\"color: var( --e-global-color-text ); text-align: var(--text-align);\">&#8220;El tren avanz\u00f3 aproximadamente una milla m\u00e1s, deteni\u00e9ndose tres veces para que se limpiaran peque\u00f1os deslizamientos en los cortes antes de continuar. Finalmente llegamos al \u00faltimo y m\u00e1s profundo corte, a unas cuatro millas de la ciudad. Lo encontramos bloqueado por una distancia considerable; no fue despejado en una semana, ya que las paredes hab\u00edan quedado tan inestables que, cada vez que se limpiaba, volv\u00eda a llenarse&#8221;.\u00a0<\/span><\/p><p><span style=\"color: var( --e-global-color-text ); text-align: var(--text-align);\">&#8220;Pasamos la noche en el tren y caminamos hacia la ciudad a la ma\u00f1ana siguiente. En muchos lugares, el camino estaba parcialmente bloqueado por escombros que hab\u00edan ca\u00eddo de los lados, especialmente donde la carretera descend\u00eda hacia la barranca justo antes de entrar en la ciudad. En los cuatro millas de camino, cont\u00e9 doscientas grietas que corr\u00edan aproximadamente de sur a norte, aunque hab\u00eda unas pocas perpendiculares&#8221;.\u00a0<\/span><\/p><p>&#8220;Muchas personas afirman que este temblor o serie de temblores fue el peor sacud\u00f3n que experiment\u00f3 la ciudad. Otros consideran que el premio se lo lleva el temblor del 3 de enero.&#8221;<\/p>\t\t\t\t\t\t\t\t<\/div>\n\t\t\t\t\t<\/div>\n\t\t\t\t<\/div>\n\t\t<div data-particle_enable=\"false\" data-particle-mobile-disabled=\"false\" class=\"elementor-element elementor-element-a1534c2 e-flex e-con-boxed e-con e-parent\" data-id=\"a1534c2\" data-element_type=\"container\" data-e-type=\"container\">\n\t\t\t\t\t<div class=\"e-con-inner\">\n\t\t\t\t<div class=\"elementor-element elementor-element-8a4b9c0 elementor-widget elementor-widget-heading\" data-id=\"8a4b9c0\" data-element_type=\"widget\" data-e-type=\"widget\" data-widget_type=\"heading.default\">\n\t\t\t\t\t<h2 class=\"elementor-heading-title elementor-size-default\">Es nuestra historia, nuestra memoria<\/h2>\t\t\t\t<\/div>\n\t\t\t\t\t<\/div>\n\t\t\t\t<\/div>\n\t\t<div data-particle_enable=\"false\" data-particle-mobile-disabled=\"false\" class=\"elementor-element elementor-element-9fb5065 e-flex e-con-boxed e-con e-parent\" data-id=\"9fb5065\" data-element_type=\"container\" data-e-type=\"container\">\n\t\t\t\t\t<div class=\"e-con-inner\">\n\t\t\t\t<div class=\"elementor-element elementor-element-928ed66 elementor-grid-eael-col-3 elementor-grid-tablet-eael-col-2 elementor-grid-mobile-eael-col-1 elementor-widget elementor-widget-eael-post-grid\" data-id=\"928ed66\" data-element_type=\"widget\" data-e-type=\"widget\" data-settings=\"{&quot;eael_post_grid_columns&quot;:&quot;eael-col-3&quot;,&quot;eael_post_grid_columns_tablet&quot;:&quot;eael-col-2&quot;,&quot;eael_post_grid_columns_mobile&quot;:&quot;eael-col-1&quot;}\" data-widget_type=\"eael-post-grid.default\">\n\t\t\t\t\t<div id=\"eael-post-grid-928ed66\" class=\"eael-post-grid-container\">\n            <div class=\"eael-post-grid eael-post-appender eael-post-appender-928ed66 eael-post-grid-style-one\" data-layout-mode=\"masonry\"><article class=\"eael-grid-post  eael-post-grid-column eael-pg-post-5538 category-arte-cultura-guate-nuestra tags-joyas-de-antigua-guatemala\" data-id=\"5538\">\n        <div class=\"eael-grid-post-holder\">\n            <div class=\"eael-grid-post-holder-inner\"><div class=\"eael-entry-media\"><div class=\"eael-entry-overlay fade-in\"><i class=\"far fa-hand-pointer\" aria-hidden=\"true\"><\/i><a href=\"https:\/\/soymigrante.com\/revista\/antigua-guatemala-arco-de-santa-catalina-tesoro-colonial-patrimonio\/\"><\/a><\/div><div class=\"eael-entry-thumbnail \">\n                <img decoding=\"async\" width=\"1024\" height=\"760\" src=\"https:\/\/soymigrante.com\/revista\/wp-content\/uploads\/2024\/03\/copia-copia-1024x760.webp\" class=\"attachment-large size-large wp-image-5539\" alt=\"Arco de Santa Catalina cumple 330 a\u00f1os en 2024, se encuentra en Antigua Guatemala, ciudad colonial Patrimonio de la Humanidad.\" srcset=\"https:\/\/soymigrante.com\/revista\/wp-content\/uploads\/2024\/03\/copia-copia-1024x760.webp 1024w, https:\/\/soymigrante.com\/revista\/wp-content\/uploads\/2024\/03\/copia-copia-300x223.webp 300w, https:\/\/soymigrante.com\/revista\/wp-content\/uploads\/2024\/03\/copia-copia-768x570.webp 768w, https:\/\/soymigrante.com\/revista\/wp-content\/uploads\/2024\/03\/copia-copia-750x557.webp 750w, https:\/\/soymigrante.com\/revista\/wp-content\/uploads\/2024\/03\/copia-copia.webp 1048w\" sizes=\"(max-width: 1024px) 100vw, 1024px\" \/>\n            <\/div>\n        <\/div><div class=\"eael-entry-wrapper\"><header class=\"eael-entry-header\"><h2 class=\"eael-entry-title\"><a class=\"eael-grid-post-link\" href=\"https:\/\/soymigrante.com\/revista\/antigua-guatemala-arco-de-santa-catalina-tesoro-colonial-patrimonio\/\" title=\"Joyas de Antigua Guatemala: \u00bfCu\u00e1ndo se construy\u00f3 el ic\u00f3nico Arco de Santa Catalina y por qu\u00e9?\">Joyas de Antigua Guatemala: \u00bfCu\u00e1ndo se construy\u00f3 el ic\u00f3nico Arco de Santa Catalina y por qu\u00e9?<\/a><\/h2><\/header><div class=\"eael-entry-content\">\n                        <div class=\"eael-grid-post-excerpt\"><a href=\"https:\/\/soymigrante.com\/revista\/antigua-guatemala-arco-de-santa-catalina-tesoro-colonial-patrimonio\/\" class=\"eael-post-elements-readmore-btn\">CONOCE SU HISTORIA <\/a><\/div>\n                    <\/div><\/div><\/div>\n        <\/div>\n    <\/article><article class=\"eael-grid-post  eael-post-grid-column eael-pg-post-15156 category-guate-nuestra\" data-id=\"15156\">\n        <div class=\"eael-grid-post-holder\">\n            <div class=\"eael-grid-post-holder-inner\"><div class=\"eael-entry-media\"><div class=\"eael-entry-overlay fade-in\"><i class=\"far fa-hand-pointer\" aria-hidden=\"true\"><\/i><a href=\"https:\/\/soymigrante.com\/revista\/sucedio-en-guatemala-en-un-diciembre-quiza-lo-recuerdas-quiza-no\/\"><\/a><\/div><div class=\"eael-entry-thumbnail \">\n                <img loading=\"lazy\" decoding=\"async\" width=\"592\" height=\"592\" src=\"https:\/\/soymigrante.com\/revista\/wp-content\/uploads\/2024\/12\/francisco-marroquin-cuadrada.webp\" class=\"attachment-large size-large wp-image-16677\" alt=\"Dinero de un billete con retrato de un personaje hist\u00f3rico, simbolizando econom\u00eda y migraci\u00f3n en Am\u00e9rica Latina.\" srcset=\"https:\/\/soymigrante.com\/revista\/wp-content\/uploads\/2024\/12\/francisco-marroquin-cuadrada.webp 592w, https:\/\/soymigrante.com\/revista\/wp-content\/uploads\/2024\/12\/francisco-marroquin-cuadrada-300x300.jpg 300w, https:\/\/soymigrante.com\/revista\/wp-content\/uploads\/2024\/12\/francisco-marroquin-cuadrada-150x150.jpg 150w, https:\/\/soymigrante.com\/revista\/wp-content\/uploads\/2024\/12\/francisco-marroquin-cuadrada-75x75.webp 75w\" sizes=\"(max-width: 592px) 100vw, 592px\" \/>\n            <\/div>\n        <\/div><div class=\"eael-entry-wrapper\"><header class=\"eael-entry-header\"><h2 class=\"eael-entry-title\"><a class=\"eael-grid-post-link\" href=\"https:\/\/soymigrante.com\/revista\/sucedio-en-guatemala-en-un-diciembre-quiza-lo-recuerdas-quiza-no\/\" title=\"Ocurri\u00f3 durante un diciembre en Guatemala: hechos que quiz\u00e1 ya conoc\u00edas o tal vez no. Compru\u00e9balo\">Ocurri\u00f3 durante un diciembre en Guatemala: hechos que quiz\u00e1 ya conoc\u00edas o tal vez no. Compru\u00e9balo<\/a><\/h2><\/header><div class=\"eael-entry-content\">\n                        <div class=\"eael-grid-post-excerpt\"><a href=\"https:\/\/soymigrante.com\/revista\/sucedio-en-guatemala-en-un-diciembre-quiza-lo-recuerdas-quiza-no\/\" class=\"eael-post-elements-readmore-btn\">CONOCE SU HISTORIA <\/a><\/div>\n                    <\/div><\/div><\/div>\n        <\/div>\n    <\/article><article class=\"eael-grid-post  eael-post-grid-column eael-pg-post-1536 category-guate-nuestra\" data-id=\"1536\">\n        <div class=\"eael-grid-post-holder\">\n            <div class=\"eael-grid-post-holder-inner\"><div class=\"eael-entry-media\"><div class=\"eael-entry-overlay fade-in\"><i class=\"far fa-hand-pointer\" aria-hidden=\"true\"><\/i><a href=\"https:\/\/soymigrante.com\/revista\/7-datos-que-ya-sabias-o-quiza-no-sobre-el-gran-jaguar-y-tikal\/\"><\/a><\/div><div class=\"eael-entry-thumbnail \">\n                <img loading=\"lazy\" decoding=\"async\" width=\"1024\" height=\"475\" src=\"https:\/\/soymigrante.com\/revista\/wp-content\/uploads\/2023\/06\/Captura-de-pantalla-2023-06-21-143338-1024x475.webp\" class=\"attachment-large size-large wp-image-1538\" alt=\"Tikal: 7 datos que ya sab\u00edas (o quiz\u00e1 no) sobre el Templo I o Gran Jaguar\" srcset=\"https:\/\/soymigrante.com\/revista\/wp-content\/uploads\/2023\/06\/Captura-de-pantalla-2023-06-21-143338-1024x475.webp 1024w, https:\/\/soymigrante.com\/revista\/wp-content\/uploads\/2023\/06\/Captura-de-pantalla-2023-06-21-143338-300x139.webp 300w, https:\/\/soymigrante.com\/revista\/wp-content\/uploads\/2023\/06\/Captura-de-pantalla-2023-06-21-143338-768x356.webp 768w, https:\/\/soymigrante.com\/revista\/wp-content\/uploads\/2023\/06\/Captura-de-pantalla-2023-06-21-143338-750x348.webp 750w, https:\/\/soymigrante.com\/revista\/wp-content\/uploads\/2023\/06\/Captura-de-pantalla-2023-06-21-143338-1140x529.webp 1140w, https:\/\/soymigrante.com\/revista\/wp-content\/uploads\/2023\/06\/Captura-de-pantalla-2023-06-21-143338.webp 1427w\" sizes=\"(max-width: 1024px) 100vw, 1024px\" \/>\n            <\/div>\n        <\/div><div class=\"eael-entry-wrapper\"><header class=\"eael-entry-header\"><h2 class=\"eael-entry-title\"><a class=\"eael-grid-post-link\" href=\"https:\/\/soymigrante.com\/revista\/7-datos-que-ya-sabias-o-quiza-no-sobre-el-gran-jaguar-y-tikal\/\" title=\"Tikal: 7 datos que ya sab\u00edas (o quiz\u00e1 no) sobre el Templo I o Gran Jaguar\">Tikal: 7 datos que ya sab\u00edas (o quiz\u00e1 no) sobre el Templo I o Gran Jaguar<\/a><\/h2><\/header><div class=\"eael-entry-content\">\n                        <div class=\"eael-grid-post-excerpt\"><a href=\"https:\/\/soymigrante.com\/revista\/7-datos-que-ya-sabias-o-quiza-no-sobre-el-gran-jaguar-y-tikal\/\" class=\"eael-post-elements-readmore-btn\">CONOCE SU HISTORIA <\/a><\/div>\n                    <\/div><\/div><\/div>\n        <\/div>\n    <\/article><\/div>\n            <div class=\"clearfix\"><\/div>\n        <\/div>\t\t\t\t<\/div>\n\t\t\t\t\t<\/div>\n\t\t\t\t<\/div>\n\t\t\t\t<\/div>\n\t\t","protected":false},"excerpt":{"rendered":"<p>As\u00ed vi\u00f3 y vivi\u00f3 un arque\u00f3logo estadounidense los terremotos que azotaron y destruyeron la capital de Guatemala entre la Navidad de 1917 y enero de 2018. Se llamaba Marshall H. Saville y este es un testimonio real. Por Marshall H. Saville, arque\u00f3logo. Art\u00edculo publicado en Nueva York en 1918 &#8220;Aproximadamente a las 10:35 de la [&hellip;]<\/p>\n","protected":false},"author":7,"featured_media":50246,"comment_status":"open","ping_status":"open","sticky":false,"template":"","format":"standard","meta":{"_acf_changed":false,"_eb_attr":"","footnotes":""},"categories":[58],"tags":[],"class_list":["post-18069","post","type-post","status-publish","format-standard","has-post-thumbnail","hentry","category-guate-nuestra"],"acf":[],"aioseo_notices":[],"aioseo_head":"\n\t\t<!-- All in One SEO Pro 4.9.6.2 - aioseo.com -->\n\t<meta name=\"description\" content=\"\u00cdcono mundial, Patrimonio Cultural de la Humanidad de la Humanidad desde 1979, Tikal a\u00fan refleja la magnificencia maya prehisp\u00e1nica e inspira recuerdos en muchos migrantes guatemaltecos. El Templo I de Tikal, m\u00e1s conocido como El Gran Jaguar, es uno de los \u00edconos mundiales de Guatemala y de la legendaria ciudad maya, enclavada en el centro\" \/>\n\t<meta name=\"robots\" content=\"max-snippet:-1, max-image-preview:large, max-video-preview:-1\" \/>\n\t<meta name=\"author\" content=\"Gustavo Montenegro\"\/>\n\t<link rel=\"canonical\" href=\"https:\/\/soymigrante.com\/revista\/7-datos-que-ya-sabias-o-quiza-no-sobre-el-gran-jaguar-y-tikal\/\" \/>\n\t<meta name=\"generator\" content=\"All in One SEO Pro (AIOSEO) 4.9.6.2\" \/>\n\n\t\t<link rel=\"preconnect\" href=\"https:\/\/fonts.googleapis.com\" crossorigin>\n<link rel=\"preconnect\" href=\"https:\/\/fonts.gstatic.com\" crossorigin>\n\t\t<meta property=\"og:locale\" content=\"es_ES\" \/>\n\t\t<meta property=\"og:site_name\" content=\"SoyMigrante.com REVISTA \u2013 Nuestra misi\u00f3n es reconocer y dignificar al migrante.\" \/>\n\t\t<meta property=\"og:type\" content=\"article\" \/>\n\t\t<meta property=\"og:title\" content=\"Tikal: 7 datos que ya sab\u00edas (o quiz\u00e1 no) sobre el Templo I o Gran Jaguar\" \/>\n\t\t<meta property=\"og:description\" content=\"\u00cdcono mundial, Patrimonio Cultural de la Humanidad de la Humanidad desde 1979, Tikal a\u00fan refleja la magnificencia maya prehisp\u00e1nica e inspira recuerdos en muchos migrantes guatemaltecos. El Templo I de Tikal, m\u00e1s conocido como El Gran Jaguar, es uno de los \u00edconos mundiales de Guatemala y de la legendaria ciudad maya, enclavada en el centro\" \/>\n\t\t<meta property=\"og:url\" content=\"https:\/\/soymigrante.com\/revista\/7-datos-que-ya-sabias-o-quiza-no-sobre-el-gran-jaguar-y-tikal\/\" \/>\n\t\t<meta property=\"og:image\" content=\"https:\/\/soymigrante.com\/revista\/wp-content\/uploads\/2023\/06\/Captura-de-pantalla-2023-06-21-143338.webp\" \/>\n\t\t<meta property=\"og:image:secure_url\" content=\"https:\/\/soymigrante.com\/revista\/wp-content\/uploads\/2023\/06\/Captura-de-pantalla-2023-06-21-143338.webp\" \/>\n\t\t<meta property=\"og:image:width\" content=\"1427\" \/>\n\t\t<meta property=\"og:image:height\" content=\"662\" \/>\n\t\t<meta property=\"article:published_time\" content=\"2023-06-22T20:28:51+00:00\" \/>\n\t\t<meta property=\"article:modified_time\" content=\"2025-09-15T23:22:23+00:00\" \/>\n\t\t<meta property=\"article:publisher\" content=\"https:\/\/www.facebook.com\/soymigrantecom\" \/>\n\t\t<meta name=\"twitter:card\" content=\"summary_large_image\" \/>\n\t\t<meta name=\"twitter:site\" content=\"@SoyMigrante_com\" \/>\n\t\t<meta name=\"twitter:title\" content=\"Tikal: 7 datos que ya sab\u00edas (o quiz\u00e1 no) sobre el Templo I o Gran Jaguar\" \/>\n\t\t<meta name=\"twitter:description\" content=\"\u00cdcono mundial, Patrimonio Cultural de la Humanidad de la Humanidad desde 1979, Tikal a\u00fan refleja la magnificencia maya prehisp\u00e1nica e inspira recuerdos en muchos migrantes guatemaltecos. El Templo I de Tikal, m\u00e1s conocido como El Gran Jaguar, es uno de los \u00edconos mundiales de Guatemala y de la legendaria ciudad maya, enclavada en el centro\" \/>\n\t\t<meta name=\"twitter:creator\" content=\"@SoyMigrante_com\" \/>\n\t\t<meta name=\"twitter:image\" content=\"https:\/\/soymigrante.com\/revista\/wp-content\/uploads\/2023\/06\/Captura-de-pantalla-2023-06-21-143338.webp\" \/>\n\t\t<!-- All in One SEO Pro -->\r\n\t\t<title>Tikal: 7 datos que ya sab\u00edas (o quiz\u00e1 no) sobre el Templo I o Gran Jaguar<\/title>\n\n","aioseo_head_json":{"title":"Tikal: 7 datos que ya sab\u00edas (o quiz\u00e1 no) sobre el Templo I o Gran Jaguar","description":"\u00cdcono mundial, Patrimonio Cultural de la Humanidad de la Humanidad desde 1979, Tikal a\u00fan refleja la magnificencia maya prehisp\u00e1nica e inspira recuerdos en muchos migrantes guatemaltecos. El Templo I de Tikal, m\u00e1s conocido como El Gran Jaguar, es uno de los \u00edconos mundiales de Guatemala y de la legendaria ciudad maya, enclavada en el centro","canonical_url":"https:\/\/soymigrante.com\/revista\/7-datos-que-ya-sabias-o-quiza-no-sobre-el-gran-jaguar-y-tikal\/","robots":"max-snippet:-1, max-image-preview:large, max-video-preview:-1","keywords":"","webmasterTools":{"miscellaneous":"&lt;link rel=\"preconnect\" href=\"https:\/\/fonts.googleapis.com\" crossorigin&gt;\n&lt;link rel=\"preconnect\" href=\"https:\/\/fonts.gstatic.com\" crossorigin&gt;"},"schema":null,"og:locale":"es_ES","og:site_name":"SoyMigrante.com REVISTA \u2013 Nuestra misi\u00f3n es reconocer y dignificar al migrante.","og:type":"article","og:title":"Tikal: 7 datos que ya sab\u00edas (o quiz\u00e1 no) sobre el Templo I o Gran Jaguar","og:description":"\u00cdcono mundial, Patrimonio Cultural de la Humanidad de la Humanidad desde 1979, Tikal a\u00fan refleja la magnificencia maya prehisp\u00e1nica e inspira recuerdos en muchos migrantes guatemaltecos. El Templo I de Tikal, m\u00e1s conocido como El Gran Jaguar, es uno de los \u00edconos mundiales de Guatemala y de la legendaria ciudad maya, enclavada en el centro","og:url":"https:\/\/soymigrante.com\/revista\/7-datos-que-ya-sabias-o-quiza-no-sobre-el-gran-jaguar-y-tikal\/","og:image":"https:\/\/soymigrante.com\/revista\/wp-content\/uploads\/2023\/06\/Captura-de-pantalla-2023-06-21-143338.webp","og:image:secure_url":"https:\/\/soymigrante.com\/revista\/wp-content\/uploads\/2023\/06\/Captura-de-pantalla-2023-06-21-143338.webp","og:image:width":1427,"og:image:height":662,"article:published_time":"2023-06-22T20:28:51+00:00","article:modified_time":"2025-09-15T23:22:23+00:00","article:publisher":"https:\/\/www.facebook.com\/soymigrantecom","twitter:card":"summary_large_image","twitter:site":"@SoyMigrante_com","twitter:title":"Tikal: 7 datos que ya sab\u00edas (o quiz\u00e1 no) sobre el Templo I o Gran Jaguar","twitter:description":"\u00cdcono mundial, Patrimonio Cultural de la Humanidad de la Humanidad desde 1979, Tikal a\u00fan refleja la magnificencia maya prehisp\u00e1nica e inspira recuerdos en muchos migrantes guatemaltecos. El Templo I de Tikal, m\u00e1s conocido como El Gran Jaguar, es uno de los \u00edconos mundiales de Guatemala y de la legendaria ciudad maya, enclavada en el centro","twitter:creator":"@SoyMigrante_com","twitter:image":"https:\/\/soymigrante.com\/revista\/wp-content\/uploads\/2023\/06\/Captura-de-pantalla-2023-06-21-143338.webp"},"aioseo_meta_data":{"post_id":"18069","title":"Testigo relata los Terremotos de Guatemala en Navidad 1917","description":"El 25 de diciembre de 1917 inician los devastadores sismos que asolaron a Guatemala y que siguieron en el A\u00f1o Nuevo de 1918. Un visitante escribi\u00f3 este relato.","keywords":null,"keyphrases":{"focus":{"keyphrase":"Terremotos","score":60,"analysis":{"keyphraseInTitle":{"score":9,"maxScore":9,"error":0},"keyphraseInDescription":{"score":3,"maxScore":9,"error":1},"keyphraseLength":{"score":9,"maxScore":9,"error":0,"length":1},"keyphraseInURL":{"score":5,"maxScore":5,"error":0},"keyphraseInIntroduction":{"score":3,"maxScore":9,"error":1},"keyphraseInSubHeadings":{"score":3,"maxScore":9,"error":1},"keyphraseInImageAlt":{"score":9,"maxScore":9,"error":0},"keywordDensity":{"score":0,"type":"low","maxScore":9,"error":1}}},"additional":[{"keyphrase":"Navidad","score":40,"analysis":{"keyphraseInDescription":{"score":3,"maxScore":9,"error":1},"keyphraseLength":{"score":9,"maxScore":9,"error":0,"length":1},"keyphraseInIntroduction":{"score":3,"maxScore":9,"error":1},"keyphraseInImageAlt":{"score":3,"maxScore":9,"error":1},"keywordDensity":{"score":0,"type":"low","maxScore":9,"error":1}}},{"keyphrase":"Guatemala","score":67,"analysis":{"keyphraseInDescription":{"score":9,"maxScore":9,"error":0},"keyphraseLength":{"score":9,"maxScore":9,"error":0,"length":1},"keyphraseInIntroduction":{"score":3,"maxScore":9,"error":1},"keyphraseInImageAlt":{"score":9,"maxScore":9,"error":0},"keywordDensity":{"score":0,"type":"low","maxScore":9,"error":1}}}]},"primary_term":null,"canonical_url":null,"og_title":null,"og_description":null,"og_object_type":"default","og_image_type":"default","og_image_url":null,"og_image_width":null,"og_image_height":null,"og_image_custom_url":null,"og_image_custom_fields":null,"og_video":"","og_custom_url":null,"og_article_section":null,"og_article_tags":null,"twitter_use_og":false,"twitter_card":"default","twitter_image_type":"default","twitter_image_url":null,"twitter_image_custom_url":null,"twitter_image_custom_fields":null,"twitter_title":null,"twitter_description":null,"schema":{"blockGraphs":[],"customGraphs":[],"default":{"data":{"Article":[],"Course":[],"Dataset":[],"FAQPage":[],"Movie":[],"Person":[],"Product":[],"ProductReview":[],"Car":[],"Recipe":[],"Service":[],"SoftwareApplication":[],"WebPage":[]},"graphName":"NewsArticle","isEnabled":true},"graphs":[]},"schema_type":"default","schema_type_options":null,"pillar_content":false,"robots_default":true,"robots_noindex":false,"robots_noarchive":false,"robots_nosnippet":false,"robots_nofollow":false,"robots_noimageindex":false,"robots_noodp":false,"robots_notranslate":false,"robots_max_snippet":"-1","robots_max_videopreview":"-1","robots_max_imagepreview":"large","priority":null,"frequency":"default","local_seo":null,"seo_analyzer_scan_date":"2026-02-02 18:08:07","breadcrumb_settings":null,"limit_modified_date":false,"reviewed_by":"0","open_ai":"{\"title\":{\"suggestions\":[],\"usage\":0},\"description\":{\"suggestions\":[],\"usage\":0}}","ai":{"faqs":[],"keyPoints":[],"titles":[],"descriptions":[],"socialPosts":{"email":[],"linkedin":[],"twitter":[],"facebook":[],"instagram":[]}},"created":"2024-12-24 17:34:20","updated":"2026-02-05 08:05:04"},"aioseo_breadcrumb":"<div class=\"aioseo-breadcrumbs\"><span class=\"aioseo-breadcrumb\">\n\t<a href=\"https:\/\/soymigrante.com\/revista\" title=\"Home\">Home<\/a>\n<\/span><span class=\"aioseo-breadcrumb-separator\">\u00bb<\/span><span class=\"aioseo-breadcrumb\">\n\t<a href=\"https:\/\/soymigrante.com\/revista\/category\/guate-nuestra\/\" title=\"Guate Nuestra\">Guate Nuestra<\/a>\n<\/span><span class=\"aioseo-breadcrumb-separator\">\u00bb<\/span><span class=\"aioseo-breadcrumb\">\n\tAs\u00ed relata un testigo los devastadores terremotos de diciembre 1917-18 en Guatemala\n<\/span><\/div>","aioseo_breadcrumb_json":[{"label":"Home","link":"https:\/\/soymigrante.com\/revista"},{"label":"Guate Nuestra","link":"https:\/\/soymigrante.com\/revista\/category\/guate-nuestra\/"},{"label":"As\u00ed relata un testigo los devastadores terremotos de diciembre 1917-18 en Guatemala","link":"https:\/\/soymigrante.com\/revista\/en-la-navidad-de-1917-terremotos-azotan-a-guatemala-un-testigo-migrante-relata-lo-que-vivio\/"}],"_links":{"self":[{"href":"https:\/\/soymigrante.com\/revista\/wp-json\/wp\/v2\/posts\/18069","targetHints":{"allow":["GET"]}}],"collection":[{"href":"https:\/\/soymigrante.com\/revista\/wp-json\/wp\/v2\/posts"}],"about":[{"href":"https:\/\/soymigrante.com\/revista\/wp-json\/wp\/v2\/types\/post"}],"author":[{"embeddable":true,"href":"https:\/\/soymigrante.com\/revista\/wp-json\/wp\/v2\/users\/7"}],"replies":[{"embeddable":true,"href":"https:\/\/soymigrante.com\/revista\/wp-json\/wp\/v2\/comments?post=18069"}],"version-history":[{"count":2,"href":"https:\/\/soymigrante.com\/revista\/wp-json\/wp\/v2\/posts\/18069\/revisions"}],"predecessor-version":[{"id":50244,"href":"https:\/\/soymigrante.com\/revista\/wp-json\/wp\/v2\/posts\/18069\/revisions\/50244"}],"wp:featuredmedia":[{"embeddable":true,"href":"https:\/\/soymigrante.com\/revista\/wp-json\/wp\/v2\/media\/50246"}],"wp:attachment":[{"href":"https:\/\/soymigrante.com\/revista\/wp-json\/wp\/v2\/media?parent=18069"}],"wp:term":[{"taxonomy":"category","embeddable":true,"href":"https:\/\/soymigrante.com\/revista\/wp-json\/wp\/v2\/categories?post=18069"},{"taxonomy":"post_tag","embeddable":true,"href":"https:\/\/soymigrante.com\/revista\/wp-json\/wp\/v2\/tags?post=18069"}],"curies":[{"name":"wp","href":"https:\/\/api.w.org\/{rel}","templated":true}]}}