{"id":18046,"date":"2024-12-26T13:15:08","date_gmt":"2024-12-26T19:15:08","guid":{"rendered":"https:\/\/soymigrante.com\/revista\/?p=18046"},"modified":"2024-12-26T13:18:55","modified_gmt":"2024-12-26T19:18:55","slug":"es-muy-importante-cuidar-tus-oidos-y-te-damos-algunas-claves-para-hacerlo","status":"publish","type":"post","link":"https:\/\/soymigrante.com\/revista\/es-muy-importante-cuidar-tus-oidos-y-te-damos-algunas-claves-para-hacerlo\/","title":{"rendered":"Es muy importante cuidar tus o\u00eddos y te damos algunas claves para hacerlo"},"content":{"rendered":"\t\t<div data-elementor-type=\"wp-post\" data-elementor-id=\"18046\" class=\"elementor elementor-18046\" data-elementor-post-type=\"post\">\n\t\t\t\t<div data-particle_enable=\"false\" data-particle-mobile-disabled=\"false\" class=\"elementor-element elementor-element-1f2d758 e-flex e-con-boxed e-con e-parent\" data-id=\"1f2d758\" data-element_type=\"container\" data-e-type=\"container\">\n\t\t\t\t\t<div class=\"e-con-inner\">\n\t\t\t\t<div class=\"elementor-element elementor-element-3e87c18 elementor-widget elementor-widget-heading\" data-id=\"3e87c18\" data-element_type=\"widget\" data-e-type=\"widget\" data-widget_type=\"heading.default\">\n\t\t\t\t\t<h2 class=\"elementor-heading-title elementor-size-default\">Los o\u00eddos son \u00f3rganos esenciales para la comunicaci\u00f3n y el equilibrio, pero a menudo se les presta poca atenci\u00f3n hasta que surge un problema. <\/h2>\t\t\t\t<\/div>\n\t\t\t\t\t<\/div>\n\t\t\t\t<\/div>\n\t\t<div data-particle_enable=\"false\" data-particle-mobile-disabled=\"false\" class=\"elementor-element elementor-element-dfa437f e-flex e-con-boxed e-con e-parent\" data-id=\"dfa437f\" data-element_type=\"container\" data-e-type=\"container\">\n\t\t\t\t\t<div class=\"e-con-inner\">\n\t\t\t\t<div class=\"elementor-element elementor-element-0170f1c elementor-widget elementor-widget-text-editor\" data-id=\"0170f1c\" data-element_type=\"widget\" data-e-type=\"widget\" data-widget_type=\"text-editor.default\">\n\t\t\t\t\t\t\t\t\t<p>Mantener una buena salud auditiva no solo mejora la calidad de vida, sino que tambi\u00e9n previene complicaciones a largo plazo, <a href=\"https:\/\/soymigrante.com\/revista\/category\/mejor\/\" target=\"_blank\" rel=\"noopener\">como infecciones cr\u00f3nicas o p\u00e9rdida de audici\u00f3n.<\/a> Aqu\u00ed te contamos por qu\u00e9 es crucial cuidar tus o\u00eddos y c\u00f3mo puedes hacerlo.<\/p><p>Cuidar tus o\u00eddos es una inversi\u00f3n en tu salud y bienestar a largo plazo, seg\u00fan el doctor Armando Escobedo, quien adem\u00e1s asegura que siguiendo estos consejos y prestando atenci\u00f3n a cualquier se\u00f1al de alerta, puedes proteger tu audici\u00f3n y disfrutar de una vida plena y conectada con tu entorno.<\/p>\t\t\t\t\t\t\t\t<\/div>\n\t\t\t\t\t<\/div>\n\t\t\t\t<\/div>\n\t\t<div data-particle_enable=\"false\" data-particle-mobile-disabled=\"false\" class=\"elementor-element elementor-element-f5e1d98 e-flex e-con-boxed e-con e-parent\" data-id=\"f5e1d98\" data-element_type=\"container\" data-e-type=\"container\">\n\t\t\t\t\t<div class=\"e-con-inner\">\n\t\t\t\t<div class=\"elementor-element elementor-element-6137c20 elementor-widget elementor-widget-heading\" data-id=\"6137c20\" data-element_type=\"widget\" data-e-type=\"widget\" data-widget_type=\"heading.default\">\n\t\t\t\t\t<h3 class=\"elementor-heading-title elementor-size-default\">\u00bfPor qu\u00e9 es importante cuidar tus o\u00eddos?<\/h3>\t\t\t\t<\/div>\n\t\t\t\t\t<\/div>\n\t\t\t\t<\/div>\n\t\t<div data-particle_enable=\"false\" data-particle-mobile-disabled=\"false\" class=\"elementor-element elementor-element-632ebbe e-flex e-con-boxed e-con e-parent\" data-id=\"632ebbe\" data-element_type=\"container\" data-e-type=\"container\">\n\t\t\t\t\t<div class=\"e-con-inner\">\n\t\t\t\t<div class=\"elementor-element elementor-element-1a43643 elementor-widget elementor-widget-text-editor\" data-id=\"1a43643\" data-element_type=\"widget\" data-e-type=\"widget\" data-widget_type=\"text-editor.default\">\n\t\t\t\t\t\t\t\t\t<div>Los o\u00eddos no solo nos permiten escuchar, sino que tambi\u00e9n juegan un papel fundamental en el equilibrio. Cuando no se cuidan adecuadamente, pueden surgir problemas como:<\/div><div><strong>\u2022P\u00e9rdida auditiva:<\/strong> causada por la exposici\u00f3n prolongada a ruidos fuertes, infecciones o acumulaci\u00f3n de cerumen.<\/div><div><strong>\u2022Infecciones:<\/strong> como la otitis, que pueden ser dolorosas y afectar la audici\u00f3n.<\/div><div><strong>\u2022Tinnitus:<\/strong> una condici\u00f3n caracterizada por zumbidos constantes en los o\u00eddos.<\/div><div><strong>\u2022Problemas de equilibrio:<\/strong> que pueden derivar en mareos o v\u00e9rtigo.<\/div>\t\t\t\t\t\t\t\t<\/div>\n\t\t\t\t\t<\/div>\n\t\t\t\t<\/div>\n\t\t<div data-particle_enable=\"false\" data-particle-mobile-disabled=\"false\" class=\"elementor-element elementor-element-042e62f e-flex e-con-boxed e-con e-parent\" data-id=\"042e62f\" data-element_type=\"container\" data-e-type=\"container\">\n\t\t\t\t\t<div class=\"e-con-inner\">\n\t\t\t\t<div class=\"elementor-element elementor-element-d370679 elementor-widget elementor-widget-text-editor\" data-id=\"d370679\" data-element_type=\"widget\" data-e-type=\"widget\" data-widget_type=\"text-editor.default\">\n\t\t\t\t\t\t\t\t\t<p>Cuidar tus o\u00eddos no solo previene estas afecciones, <a href=\"https:\/\/soymigrante.com\/revista\/category\/mejor\/\" target=\"_blank\" rel=\"noopener\">sino que tambi\u00e9n mejora tu bienestar general y tu capacidad para interactuar<\/a> con el entorno.<\/p>\t\t\t\t\t\t\t\t<\/div>\n\t\t\t\t\t<\/div>\n\t\t\t\t<\/div>\n\t\t<div data-particle_enable=\"false\" data-particle-mobile-disabled=\"false\" class=\"elementor-element elementor-element-b185f19 e-flex e-con-boxed e-con e-parent\" data-id=\"b185f19\" data-element_type=\"container\" data-e-type=\"container\">\n\t\t\t\t\t<div class=\"e-con-inner\">\n\t\t\t\t<div class=\"elementor-element elementor-element-8533243 elementor-widget elementor-widget-image\" data-id=\"8533243\" data-element_type=\"widget\" data-e-type=\"widget\" data-widget_type=\"image.default\">\n\t\t\t\t\t\t\t\t\t\t\t\t\t\t\t<img fetchpriority=\"high\" decoding=\"async\" width=\"682\" height=\"1024\" src=\"https:\/\/soymigrante.com\/revista\/wp-content\/uploads\/2024\/12\/La-importancia-de-cuidar-tus-oi\u0301dos-y-co\u0301mo-hacerlo-682x1024.jpg\" class=\"attachment-large size-large wp-image-18060\" alt=\"La importancia de cuidar tus o\u00eddos y c\u00f3mo hacerlo\" srcset=\"https:\/\/soymigrante.com\/revista\/wp-content\/uploads\/2024\/12\/La-importancia-de-cuidar-tus-oi\u0301dos-y-co\u0301mo-hacerlo-682x1024.jpg 682w, https:\/\/soymigrante.com\/revista\/wp-content\/uploads\/2024\/12\/La-importancia-de-cuidar-tus-oi\u0301dos-y-co\u0301mo-hacerlo-200x300.jpg 200w, https:\/\/soymigrante.com\/revista\/wp-content\/uploads\/2024\/12\/La-importancia-de-cuidar-tus-oi\u0301dos-y-co\u0301mo-hacerlo-768x1152.jpg 768w, https:\/\/soymigrante.com\/revista\/wp-content\/uploads\/2024\/12\/La-importancia-de-cuidar-tus-oi\u0301dos-y-co\u0301mo-hacerlo-750x1125.webp 750w, https:\/\/soymigrante.com\/revista\/wp-content\/uploads\/2024\/12\/La-importancia-de-cuidar-tus-oi\u0301dos-y-co\u0301mo-hacerlo.webp 853w\" sizes=\"(max-width: 682px) 100vw, 682px\" title=\"La importancia de cuidar tus oi\u0301dos y co\u0301mo hacerlo \u2013 SoyMigrante.com REVISTA\" \/>\t\t\t\t\t\t\t\t\t\t\t\t\t\t\t<\/div>\n\t\t\t\t\t<\/div>\n\t\t\t\t<\/div>\n\t\t<div data-particle_enable=\"false\" data-particle-mobile-disabled=\"false\" class=\"elementor-element elementor-element-c088eec e-flex e-con-boxed e-con e-parent\" data-id=\"c088eec\" data-element_type=\"container\" data-e-type=\"container\">\n\t\t\t\t\t<div class=\"e-con-inner\">\n\t\t\t\t<div class=\"elementor-element elementor-element-4498473 elementor-widget elementor-widget-heading\" data-id=\"4498473\" data-element_type=\"widget\" data-e-type=\"widget\" data-widget_type=\"heading.default\">\n\t\t\t\t\t<h3 class=\"elementor-heading-title elementor-size-default\">1. Evita la exposici\u00f3n a ruidos fuertes <\/h3>\t\t\t\t<\/div>\n\t\t\t\t\t<\/div>\n\t\t\t\t<\/div>\n\t\t<div data-particle_enable=\"false\" data-particle-mobile-disabled=\"false\" class=\"elementor-element elementor-element-cadb27b e-flex e-con-boxed e-con e-parent\" data-id=\"cadb27b\" data-element_type=\"container\" data-e-type=\"container\">\n\t\t\t\t\t<div class=\"e-con-inner\">\n\t\t\t\t<div class=\"elementor-element elementor-element-d56da61 elementor-widget elementor-widget-text-editor\" data-id=\"d56da61\" data-element_type=\"widget\" data-e-type=\"widget\" data-widget_type=\"text-editor.default\">\n\t\t\t\t\t\t\t\t\t<p>El ruido excesivo es una de las principales causas de p\u00e9rdida auditiva. Si est\u00e1s en un ambiente ruidoso constante, como en una construcci\u00f3n o un \u00e1rea de maquinaria, <a href=\"https:\/\/soymigrante.com\/revista\/category\/mejor\/\" target=\"_blank\" rel=\"noopener\">usa protecci\u00f3n auditiva como tapones para los o\u00eddos.<\/a>\u00a0Si se necesita comunicaci\u00f3n constante, puedes tener un aud\u00edfono conectado a radio o celular para no perder contacto.<\/p><p>Si utilizas auriculares, debes mantener un volumen moderado. S<span style=\"color: var( --e-global-color-text ); text-align: var(--text-align);\">igue la regla del 60\/60: no escuches a m\u00e1s del 60% del volumen m\u00e1ximo y por no m\u00e1s de 60 minutos continuos.<\/span><\/p>\t\t\t\t\t\t\t\t<\/div>\n\t\t\t\t\t<\/div>\n\t\t\t\t<\/div>\n\t\t<div data-particle_enable=\"false\" data-particle-mobile-disabled=\"false\" class=\"elementor-element elementor-element-e20323f e-flex e-con-boxed e-con e-parent\" data-id=\"e20323f\" data-element_type=\"container\" data-e-type=\"container\">\n\t\t\t\t\t<div class=\"e-con-inner\">\n\t\t\t\t<div class=\"elementor-element elementor-element-2e4b24a elementor-widget elementor-widget-heading\" data-id=\"2e4b24a\" data-element_type=\"widget\" data-e-type=\"widget\" data-widget_type=\"heading.default\">\n\t\t\t\t\t<h3 class=\"elementor-heading-title elementor-size-default\">2. Limpia tus o\u00eddos con cuidado<\/h3>\t\t\t\t<\/div>\n\t\t\t\t\t<\/div>\n\t\t\t\t<\/div>\n\t\t<div data-particle_enable=\"false\" data-particle-mobile-disabled=\"false\" class=\"elementor-element elementor-element-e4571b7 e-flex e-con-boxed e-con e-parent\" data-id=\"e4571b7\" data-element_type=\"container\" data-e-type=\"container\">\n\t\t\t\t\t<div class=\"e-con-inner\">\n\t\t\t\t<div class=\"elementor-element elementor-element-a67208d elementor-widget elementor-widget-text-editor\" data-id=\"a67208d\" data-element_type=\"widget\" data-e-type=\"widget\" data-widget_type=\"text-editor.default\">\n\t\t\t\t\t\t\t\t\t<p>La limpieza excesiva o incorrecta puede da\u00f1ar el canal auditivo. Evita el uso de hisopos de algod\u00f3n, ya que pueden empujar el cerumen hacia el interior. Lo ideal es limpiar \u00fanicamente la parte externa del o\u00eddo con una toalla h\u00fameda. Si sientes que tienes exceso de cerumen, consulta a un m\u00e9dico.<\/p>\t\t\t\t\t\t\t\t<\/div>\n\t\t\t\t\t<\/div>\n\t\t\t\t<\/div>\n\t\t<div data-particle_enable=\"false\" data-particle-mobile-disabled=\"false\" class=\"elementor-element elementor-element-3f9020f e-flex e-con-boxed e-con e-parent\" data-id=\"3f9020f\" data-element_type=\"container\" data-e-type=\"container\">\n\t\t\t\t\t<div class=\"e-con-inner\">\n\t\t\t\t<div class=\"elementor-element elementor-element-78b6d7c elementor-widget elementor-widget-heading\" data-id=\"78b6d7c\" data-element_type=\"widget\" data-e-type=\"widget\" data-widget_type=\"heading.default\">\n\t\t\t\t\t<h3 class=\"elementor-heading-title elementor-size-default\">3. Protege tus o\u00eddos del agua<\/h3>\t\t\t\t<\/div>\n\t\t\t\t\t<\/div>\n\t\t\t\t<\/div>\n\t\t<div data-particle_enable=\"false\" data-particle-mobile-disabled=\"false\" class=\"elementor-element elementor-element-4f7c821 e-flex e-con-boxed e-con e-parent\" data-id=\"4f7c821\" data-element_type=\"container\" data-e-type=\"container\">\n\t\t\t\t\t<div class=\"e-con-inner\">\n\t\t\t\t<div class=\"elementor-element elementor-element-45f032e elementor-widget elementor-widget-text-editor\" data-id=\"45f032e\" data-element_type=\"widget\" data-e-type=\"widget\" data-widget_type=\"text-editor.default\">\n\t\t\t\t\t\t\t\t\t<p>El agua en los o\u00eddos puede provocar infecciones. <a href=\"https:\/\/soymigrante.com\/revista\/category\/mejor\/\" target=\"_blank\" rel=\"noopener\">Usa tapones especiales al nadar y seca tus o\u00eddos suavemente despu\u00e9s de ducharte o nadar<\/a>. Si sientes molestias, evita usar objetos para drenar el agua y busca atenci\u00f3n m\u00e9dica si persiste.<\/p>\t\t\t\t\t\t\t\t<\/div>\n\t\t\t\t\t<\/div>\n\t\t\t\t<\/div>\n\t\t<div data-particle_enable=\"false\" data-particle-mobile-disabled=\"false\" class=\"elementor-element elementor-element-ce8892b e-flex e-con-boxed e-con e-parent\" data-id=\"ce8892b\" data-element_type=\"container\" data-e-type=\"container\">\n\t\t\t\t\t<div class=\"e-con-inner\">\n\t\t\t\t<div class=\"elementor-element elementor-element-42b3b8b elementor-widget elementor-widget-video\" data-id=\"42b3b8b\" data-element_type=\"widget\" data-e-type=\"widget\" data-settings=\"{&quot;youtube_url&quot;:&quot;https:\\\/\\\/www.youtube.com\\\/watch?v=XQMKauQnf0w&amp;t=1s&quot;,&quot;video_type&quot;:&quot;youtube&quot;,&quot;controls&quot;:&quot;yes&quot;}\" data-widget_type=\"video.default\">\n\t\t\t\t\t\t\t<div class=\"elementor-wrapper elementor-open-inline\">\n\t\t\t<div class=\"elementor-video\"><\/div>\t\t<\/div>\n\t\t\t\t\t\t<\/div>\n\t\t\t\t\t<\/div>\n\t\t\t\t<\/div>\n\t\t<div data-particle_enable=\"false\" data-particle-mobile-disabled=\"false\" class=\"elementor-element elementor-element-bbb9316 e-flex e-con-boxed e-con e-parent\" data-id=\"bbb9316\" data-element_type=\"container\" data-e-type=\"container\">\n\t\t\t\t\t<div class=\"e-con-inner\">\n\t\t\t\t<div class=\"elementor-element elementor-element-273901b elementor-widget elementor-widget-heading\" data-id=\"273901b\" data-element_type=\"widget\" data-e-type=\"widget\" data-widget_type=\"heading.default\">\n\t\t\t\t\t<h3 class=\"elementor-heading-title elementor-size-default\">4. Mant\u00e9n una buena higiene<\/h3>\t\t\t\t<\/div>\n\t\t\t\t\t<\/div>\n\t\t\t\t<\/div>\n\t\t<div data-particle_enable=\"false\" data-particle-mobile-disabled=\"false\" class=\"elementor-element elementor-element-1bdd810 e-flex e-con-boxed e-con e-parent\" data-id=\"1bdd810\" data-element_type=\"container\" data-e-type=\"container\">\n\t\t\t\t\t<div class=\"e-con-inner\">\n\t\t\t\t<div class=\"elementor-element elementor-element-00a99e7 elementor-widget elementor-widget-text-editor\" data-id=\"00a99e7\" data-element_type=\"widget\" data-e-type=\"widget\" data-widget_type=\"text-editor.default\">\n\t\t\t\t\t\t\t\t\t<p>Las infecciones en los o\u00eddos pueden ser causadas por bacterias o virus que ingresan al canal auditivo. L\u00e1vate las manos con frecuencia y evita insertar objetos en los o\u00eddos, incluyendo dedos o aud\u00edfonos sucios.<\/p>\t\t\t\t\t\t\t\t<\/div>\n\t\t\t\t\t<\/div>\n\t\t\t\t<\/div>\n\t\t<div data-particle_enable=\"false\" data-particle-mobile-disabled=\"false\" class=\"elementor-element elementor-element-897f2d2 e-flex e-con-boxed e-con e-parent\" data-id=\"897f2d2\" data-element_type=\"container\" data-e-type=\"container\">\n\t\t\t\t\t<div class=\"e-con-inner\">\n\t\t\t\t<div class=\"elementor-element elementor-element-887a880 elementor-widget elementor-widget-heading\" data-id=\"887a880\" data-element_type=\"widget\" data-e-type=\"widget\" data-widget_type=\"heading.default\">\n\t\t\t\t\t<h3 class=\"elementor-heading-title elementor-size-default\">5. Realiza revisiones auditivas peri\u00f3dicas<\/h3>\t\t\t\t<\/div>\n\t\t\t\t\t<\/div>\n\t\t\t\t<\/div>\n\t\t<div data-particle_enable=\"false\" data-particle-mobile-disabled=\"false\" class=\"elementor-element elementor-element-8ddf551 e-flex e-con-boxed e-con e-parent\" data-id=\"8ddf551\" data-element_type=\"container\" data-e-type=\"container\">\n\t\t\t\t\t<div class=\"e-con-inner\">\n\t\t\t\t<div class=\"elementor-element elementor-element-4b40009 elementor-widget elementor-widget-text-editor\" data-id=\"4b40009\" data-element_type=\"widget\" data-e-type=\"widget\" data-widget_type=\"text-editor.default\">\n\t\t\t\t\t\t\t\t\t<p>Si trabajas en entornos ruidosos o tienes antecedentes familiares de problemas auditivos, <a href=\"https:\/\/soymigrante.com\/revista\/category\/mejor\/\" target=\"_blank\" rel=\"noopener\">realiza chequeos regulares con un especialista<\/a> para detectar cualquier problema a tiempo.<\/p>\t\t\t\t\t\t\t\t<\/div>\n\t\t\t\t\t<\/div>\n\t\t\t\t<\/div>\n\t\t<div data-particle_enable=\"false\" data-particle-mobile-disabled=\"false\" class=\"elementor-element elementor-element-713baf6 e-flex e-con-boxed e-con e-parent\" data-id=\"713baf6\" data-element_type=\"container\" data-e-type=\"container\">\n\t\t\t\t\t<div class=\"e-con-inner\">\n\t\t\t\t<div class=\"elementor-element elementor-element-a7c5353 elementor-widget elementor-widget-heading\" data-id=\"a7c5353\" data-element_type=\"widget\" data-e-type=\"widget\" data-widget_type=\"heading.default\">\n\t\t\t\t\t<h3 class=\"elementor-heading-title elementor-size-default\">6. Trata las infecciones r\u00e1pidamente<\/h3>\t\t\t\t<\/div>\n\t\t\t\t\t<\/div>\n\t\t\t\t<\/div>\n\t\t<div data-particle_enable=\"false\" data-particle-mobile-disabled=\"false\" class=\"elementor-element elementor-element-7ca3c95 e-flex e-con-boxed e-con e-parent\" data-id=\"7ca3c95\" data-element_type=\"container\" data-e-type=\"container\">\n\t\t\t\t\t<div class=\"e-con-inner\">\n\t\t\t\t<div class=\"elementor-element elementor-element-0424e7b elementor-widget elementor-widget-text-editor\" data-id=\"0424e7b\" data-element_type=\"widget\" data-e-type=\"widget\" data-widget_type=\"text-editor.default\">\n\t\t\t\t\t\t\t\t\t<p>Si experimentas dolor, inflamaci\u00f3n o secreci\u00f3n en los o\u00eddos, consulta a un m\u00e9dico de inmediato. Las infecciones no tratadas pueden causar da\u00f1o permanente.<\/p>\t\t\t\t\t\t\t\t<\/div>\n\t\t\t\t\t<\/div>\n\t\t\t\t<\/div>\n\t\t<div data-particle_enable=\"false\" data-particle-mobile-disabled=\"false\" class=\"elementor-element elementor-element-880b466 e-flex e-con-boxed e-con e-parent\" data-id=\"880b466\" data-element_type=\"container\" data-e-type=\"container\">\n\t\t\t\t\t<div class=\"e-con-inner\">\n\t\t\t\t<div class=\"elementor-element elementor-element-00245f3 elementor-widget elementor-widget-image\" data-id=\"00245f3\" data-element_type=\"widget\" data-e-type=\"widget\" data-widget_type=\"image.default\">\n\t\t\t\t\t\t\t\t\t\t\t\t\t\t\t<img decoding=\"async\" width=\"768\" height=\"1024\" src=\"https:\/\/soymigrante.com\/revista\/wp-content\/uploads\/2024\/12\/La-importancia-de-cuidar-tus-oi\u0301dos-y-co\u0301mo-hacerlo3-768x1024.jpg\" class=\"attachment-large size-large wp-image-18061\" alt=\"La importancia de cuidar tus o\u00eddos y c\u00f3mo hacerlo\" srcset=\"https:\/\/soymigrante.com\/revista\/wp-content\/uploads\/2024\/12\/La-importancia-de-cuidar-tus-oi\u0301dos-y-co\u0301mo-hacerlo3-768x1024.jpg 768w, https:\/\/soymigrante.com\/revista\/wp-content\/uploads\/2024\/12\/La-importancia-de-cuidar-tus-oi\u0301dos-y-co\u0301mo-hacerlo3-225x300.jpg 225w, https:\/\/soymigrante.com\/revista\/wp-content\/uploads\/2024\/12\/La-importancia-de-cuidar-tus-oi\u0301dos-y-co\u0301mo-hacerlo3-750x1000.webp 750w, https:\/\/soymigrante.com\/revista\/wp-content\/uploads\/2024\/12\/La-importancia-de-cuidar-tus-oi\u0301dos-y-co\u0301mo-hacerlo3.webp 960w\" sizes=\"(max-width: 768px) 100vw, 768px\" title=\"La importancia de cuidar tus oi\u0301dos y co\u0301mo hacerlo3 \u2013 SoyMigrante.com REVISTA\" \/>\t\t\t\t\t\t\t\t\t\t\t\t\t\t\t<\/div>\n\t\t\t\t\t<\/div>\n\t\t\t\t<\/div>\n\t\t<div data-particle_enable=\"false\" data-particle-mobile-disabled=\"false\" class=\"elementor-element elementor-element-557c2a5 e-flex e-con-boxed e-con e-parent\" data-id=\"557c2a5\" data-element_type=\"container\" data-e-type=\"container\">\n\t\t\t\t\t<div class=\"e-con-inner\">\n\t\t\t\t<div class=\"elementor-element elementor-element-961ab98 elementor-widget elementor-widget-heading\" data-id=\"961ab98\" data-element_type=\"widget\" data-e-type=\"widget\" data-widget_type=\"heading.default\">\n\t\t\t\t\t<h3 class=\"elementor-heading-title elementor-size-default\">Beneficios de cuidar tus o\u00eddos<\/h3>\t\t\t\t<\/div>\n\t\t\t\t\t<\/div>\n\t\t\t\t<\/div>\n\t\t<div data-particle_enable=\"false\" data-particle-mobile-disabled=\"false\" class=\"elementor-element elementor-element-1b2951b e-flex e-con-boxed e-con e-parent\" data-id=\"1b2951b\" data-element_type=\"container\" data-e-type=\"container\">\n\t\t\t\t\t<div class=\"e-con-inner\">\n\t\t\t\t<div class=\"elementor-element elementor-element-768293f elementor-widget elementor-widget-text-editor\" data-id=\"768293f\" data-element_type=\"widget\" data-e-type=\"widget\" data-widget_type=\"text-editor.default\">\n\t\t\t\t\t\t\t\t\t<div><a href=\"https:\/\/soymigrante.com\/revista\/category\/mejor\/\" target=\"_blank\" rel=\"noopener\">Mantener tus o\u00eddos saludables tiene numerosos beneficios<\/a>, como:<\/div><div><strong>\u2022Mejor calidad de vida:<\/strong> una buena audici\u00f3n facilita la comunicaci\u00f3n y la interacci\u00f3n social.<\/div><div><strong>\u2022Prevenci\u00f3n de problemas graves:<\/strong> cuidar tus o\u00eddos reduce el riesgo de infecciones cr\u00f3nicas y p\u00e9rdida auditiva.<\/div><div>\u2022<strong>Mayor equilibrio:<\/strong> unos o\u00eddos sanos contribuyen a mantener una buena coordinaci\u00f3n y evitar mareos o ca\u00eddas.<\/div><div>\u2022<strong>Mejor rendimiento acad\u00e9mico y laboral:<\/strong> la audici\u00f3n es clave para el aprendizaje y la productividad.<\/div>\t\t\t\t\t\t\t\t<\/div>\n\t\t\t\t\t<\/div>\n\t\t\t\t<\/div>\n\t\t<div data-particle_enable=\"false\" data-particle-mobile-disabled=\"false\" class=\"elementor-element elementor-element-f97e4e1 e-flex e-con-boxed e-con e-parent\" data-id=\"f97e4e1\" data-element_type=\"container\" data-e-type=\"container\">\n\t\t\t\t\t<div class=\"e-con-inner\">\n\t\t\t\t<div class=\"elementor-element elementor-element-fd85262 elementor-widget elementor-widget-video\" data-id=\"fd85262\" data-element_type=\"widget\" data-e-type=\"widget\" data-settings=\"{&quot;youtube_url&quot;:&quot;https:\\\/\\\/www.youtube.com\\\/watch?v=GfywOdJCIIQ&quot;,&quot;video_type&quot;:&quot;youtube&quot;,&quot;controls&quot;:&quot;yes&quot;}\" data-widget_type=\"video.default\">\n\t\t\t\t\t\t\t<div class=\"elementor-wrapper elementor-open-inline\">\n\t\t\t<div class=\"elementor-video\"><\/div>\t\t<\/div>\n\t\t\t\t\t\t<\/div>\n\t\t\t\t\t<\/div>\n\t\t\t\t<\/div>\n\t\t<div data-particle_enable=\"false\" data-particle-mobile-disabled=\"false\" class=\"elementor-element elementor-element-b34e9bb e-flex e-con-boxed e-con e-parent\" data-id=\"b34e9bb\" data-element_type=\"container\" data-e-type=\"container\">\n\t\t\t\t\t<div class=\"e-con-inner\">\n\t\t\t\t<div class=\"elementor-element elementor-element-05fb4b8 elementor-widget elementor-widget-heading\" data-id=\"05fb4b8\" data-element_type=\"widget\" data-e-type=\"widget\" data-widget_type=\"heading.default\">\n\t\t\t\t\t<h2 class=\"elementor-heading-title elementor-size-default\">Cuida de tu salud ac\u00e1...<\/h2>\t\t\t\t<\/div>\n\t\t\t\t\t<\/div>\n\t\t\t\t<\/div>\n\t\t<div data-particle_enable=\"false\" data-particle-mobile-disabled=\"false\" class=\"elementor-element elementor-element-6765b5a e-flex e-con-boxed e-con e-parent\" data-id=\"6765b5a\" data-element_type=\"container\" data-e-type=\"container\">\n\t\t\t\t\t<div class=\"e-con-inner\">\n\t\t\t\t<div class=\"elementor-element elementor-element-cece7b5 elementor-widget elementor-widget-blfe-post-grid\" data-id=\"cece7b5\" data-element_type=\"widget\" data-e-type=\"widget\" data-settings=\"{&quot;columns&quot;:&quot;3&quot;,&quot;columns_tablet&quot;:&quot;6&quot;,&quot;columns_mobile&quot;:&quot;12&quot;,&quot;hero1_layout_column_gap&quot;:{&quot;unit&quot;:&quot;px&quot;,&quot;size&quot;:30,&quot;sizes&quot;:[]},&quot;hero1_layout_column_gap_tablet&quot;:{&quot;unit&quot;:&quot;px&quot;,&quot;size&quot;:&quot;&quot;,&quot;sizes&quot;:[]},&quot;hero1_layout_column_gap_mobile&quot;:{&quot;unit&quot;:&quot;px&quot;,&quot;size&quot;:&quot;&quot;,&quot;sizes&quot;:[]},&quot;hero1_layout_row_gap&quot;:{&quot;unit&quot;:&quot;px&quot;,&quot;size&quot;:30,&quot;sizes&quot;:[]},&quot;hero1_layout_row_gap_tablet&quot;:{&quot;unit&quot;:&quot;px&quot;,&quot;size&quot;:&quot;&quot;,&quot;sizes&quot;:[]},&quot;hero1_layout_row_gap_mobile&quot;:{&quot;unit&quot;:&quot;px&quot;,&quot;size&quot;:&quot;&quot;,&quot;sizes&quot;:[]}}\" data-widget_type=\"blfe-post-grid.hero1\">\n\t\t\t\t<div class=\"elementor-widget-container\">\n\t\t\t\t\t\n                        <div class=\"blfe-post-grid-container \">\n            \n                <div data-skin=\"hero1\" class=\"blfe-row blfe-posts-inner blfe-hero1 blfe-posts-inner blfe-col-3 blfe-col-tab-6 blfe-col-mob-12     \">\n                            <div class=\"blfe-post-grid-item\">\n            <div class=\"blfe-post-grid-item-inner blfe-modern-zoom\">\n                        <div class=\"blfe-post-grid-bg-image\">\n            <a class=\"blfe-post-grid-image-inner\" href=\"https:\/\/soymigrante.com\/revista\/cuida-tus-oidos-existen-practicas-comunes-que-pueden-causar-dano-auditivo-evitalas\/\" title=\"\u00a1Cuida  tus o\u00eddos! Existen pr\u00e1cticas comunes que pueden causar da\u00f1o auditivo. Ev\u00edtalas\" rel=\"nofollow\" target=\"_blank\"><img decoding=\"async\" src=\"https:\/\/soymigrante.com\/revista\/wp-content\/uploads\/2025\/05\/\u00a1Cuidado-con-tus-oidos-Practicas-comunes-que-pueden-causar-dano-auditivo1-e1748028025314.webp\" alt=\"\u00a1Cuida  tus o\u00eddos! Existen pr\u00e1cticas comunes que pueden causar da\u00f1o auditivo. Ev\u00edtalas\"\/><\/a>        <\/div>\n                        <div class=\"blfe-post-grid-details\">\n                    <div class=\"blfe-post-grid-details-inner\">\n                        <span class=\"blfe-post-category\"><a href=\"https:\/\/soymigrante.com\/revista\/category\/bienestar\/\">Bienestar<\/a><\/span>                        <h3 class=\"blfe-post-grid-title\">\n            <a href=\"https:\/\/soymigrante.com\/revista\/cuida-tus-oidos-existen-practicas-comunes-que-pueden-causar-dano-auditivo-evitalas\/\" title=\"\u00a1Cuida  tus o\u00eddos! Existen pr\u00e1cticas comunes que pueden causar da\u00f1o auditivo. Ev\u00edtalas\" rel=\"nofollow\" target=\"_blank\">\u00a1Cuida  tus o\u00eddos! Existen pr\u00e1cticas comunes que pueden causar da\u00f1o auditivo. Ev\u00edtalas<\/a>\n            <\/h3>                                                            <div class=\"blfe-post-grid-meta\">\n                <span class=\"blfe-post-grid-time\"><i class=\"fas fa-book-reader\"><\/i>4 Min read<\/span>            <\/div>\n                                                        <\/div>\n                <\/div>\n\n            <\/div>\n        <\/div>\n                <div class=\"blfe-post-grid-item\">\n            <div class=\"blfe-post-grid-item-inner blfe-modern-zoom\">\n                        <div class=\"blfe-post-grid-bg-image\">\n            <a class=\"blfe-post-grid-image-inner\" href=\"https:\/\/soymigrante.com\/revista\/por-que-la-gratitud-es-la-mejor-actitud-incluso-tiempos-dificiles\/\" title=\"\u00bfPor qu\u00e9 la gratitud es la mejor actitud incluso tiempos dif\u00edciles?\" rel=\"nofollow\" target=\"_blank\"><img decoding=\"async\" src=\"https:\/\/soymigrante.com\/revista\/wp-content\/uploads\/2025\/09\/gratitud-3-e1758140131618.jpg\" alt=\"\u00bfPor qu\u00e9 la gratitud es la mejor actitud incluso tiempos dif\u00edciles?\"\/><\/a>        <\/div>\n                        <div class=\"blfe-post-grid-details\">\n                    <div class=\"blfe-post-grid-details-inner\">\n                        <span class=\"blfe-post-category\"><a href=\"https:\/\/soymigrante.com\/revista\/category\/bienestar\/\">Bienestar<\/a><\/span>                        <h3 class=\"blfe-post-grid-title\">\n            <a href=\"https:\/\/soymigrante.com\/revista\/por-que-la-gratitud-es-la-mejor-actitud-incluso-tiempos-dificiles\/\" title=\"\u00bfPor qu\u00e9 la gratitud es la mejor actitud incluso tiempos dif\u00edciles?\" rel=\"nofollow\" target=\"_blank\">\u00bfPor qu\u00e9 la gratitud es la mejor actitud incluso tiempos dif\u00edciles?<\/a>\n            <\/h3>                                                            <div class=\"blfe-post-grid-meta\">\n                <span class=\"blfe-post-grid-time\"><i class=\"fas fa-book-reader\"><\/i>3 Min read<\/span>            <\/div>\n                                                        <\/div>\n                <\/div>\n\n            <\/div>\n        <\/div>\n                <div class=\"blfe-post-grid-item\">\n            <div class=\"blfe-post-grid-item-inner blfe-modern-zoom\">\n                        <div class=\"blfe-post-grid-bg-image\">\n            <a class=\"blfe-post-grid-image-inner\" href=\"https:\/\/soymigrante.com\/revista\/como-inscribir-a-hijos-de-migrantes-en-escuelas-de-usa\/\" title=\"C\u00f3mo inscribir a hijos de migrantes en escuelas de USA\" rel=\"nofollow\" target=\"_blank\"><img decoding=\"async\" src=\"https:\/\/soymigrante.com\/revista\/wp-content\/uploads\/2024\/09\/Como-inscribir-a-los-hijos-de-migrantes-guatemaltecos-en-las-escuelas-de-Estados-Unidos.webp\" alt=\"C\u00f3mo inscribir a hijos de migrantes en escuelas de USA\"\/><\/a>        <\/div>\n                        <div class=\"blfe-post-grid-details\">\n                    <div class=\"blfe-post-grid-details-inner\">\n                        <span class=\"blfe-post-category\"><a href=\"https:\/\/soymigrante.com\/revista\/category\/bienestar\/\">Bienestar<\/a><\/span>                        <h3 class=\"blfe-post-grid-title\">\n            <a href=\"https:\/\/soymigrante.com\/revista\/como-inscribir-a-hijos-de-migrantes-en-escuelas-de-usa\/\" title=\"C\u00f3mo inscribir a hijos de migrantes en escuelas de USA\" rel=\"nofollow\" target=\"_blank\">C\u00f3mo inscribir a hijos de migrantes en escuelas de USA<\/a>\n            <\/h3>                                                            <div class=\"blfe-post-grid-meta\">\n                <span class=\"blfe-post-grid-time\"><i class=\"fas fa-book-reader\"><\/i>8 Min read<\/span>            <\/div>\n                                                        <\/div>\n                <\/div>\n\n            <\/div>\n        <\/div>\n                        <\/div>\n\n                        <\/div>\n            \n                        <div class=\"blfe-post-footer\">\n                        <\/div>\n            \t\t\t\t<\/div>\n\t\t\t\t<\/div>\n\t\t\t\t\t<\/div>\n\t\t\t\t<\/div>\n\t\t\t\t<\/div>\n\t\t","protected":false},"excerpt":{"rendered":"<p>Los o\u00eddos son \u00f3rganos esenciales para la comunicaci\u00f3n y el equilibrio, pero a menudo se les presta poca atenci\u00f3n hasta que surge un problema. Mantener una buena salud auditiva no solo mejora la calidad de vida, sino que tambi\u00e9n previene complicaciones a largo plazo, como infecciones cr\u00f3nicas o p\u00e9rdida de audici\u00f3n. Aqu\u00ed te contamos por [&hellip;]<\/p>\n","protected":false},"author":19,"featured_media":18048,"comment_status":"open","ping_status":"open","sticky":false,"template":"","format":"standard","meta":{"_acf_changed":false,"_eb_attr":"","footnotes":""},"categories":[55],"tags":[],"class_list":["post-18046","post","type-post","status-publish","format-standard","has-post-thumbnail","hentry","category-bienestar"],"acf":[],"aioseo_notices":[],"aioseo_head":"\n\t\t<!-- All in One SEO Pro 4.9.6.2 - aioseo.com -->\n\t<meta name=\"description\" content=\"La educaci\u00f3n es prioridad para muchos padres migrantes que desean un mejor futuro para sus hijos. Estos son algunos consejos para registrarlos en planteles de EE.UU.\" \/>\n\t<meta name=\"robots\" content=\"max-snippet:-1, max-image-preview:large, max-video-preview:-1\" \/>\n\t<meta name=\"author\" content=\"Marysabel Aldana\"\/>\n\t<link rel=\"canonical\" href=\"https:\/\/soymigrante.com\/revista\/como-inscribir-a-hijos-de-migrantes-en-escuelas-de-usa\/\" \/>\n\t<meta name=\"generator\" content=\"All in One SEO Pro (AIOSEO) 4.9.6.2\" \/>\n\n\t\t<link rel=\"preconnect\" href=\"https:\/\/fonts.googleapis.com\" crossorigin>\n<link rel=\"preconnect\" href=\"https:\/\/fonts.gstatic.com\" crossorigin>\n\t\t<meta property=\"og:locale\" content=\"es_ES\" \/>\n\t\t<meta property=\"og:site_name\" content=\"SoyMigrante.com REVISTA \u2013 Nuestra misi\u00f3n es reconocer y dignificar al migrante.\" \/>\n\t\t<meta property=\"og:type\" content=\"article\" \/>\n\t\t<meta property=\"og:title\" content=\"C\u00f3mo inscribir a hijos de migrantes en escuelas de USA\" \/>\n\t\t<meta property=\"og:description\" content=\"La educaci\u00f3n es prioridad para muchos padres migrantes que desean un mejor futuro para sus hijos. Estos son algunos consejos para registrarlos en planteles de EE.UU.\" \/>\n\t\t<meta property=\"og:url\" content=\"https:\/\/soymigrante.com\/revista\/como-inscribir-a-hijos-de-migrantes-en-escuelas-de-usa\/\" \/>\n\t\t<meta property=\"og:image\" content=\"https:\/\/soymigrante.com\/revista\/wp-content\/uploads\/2024\/09\/Como-inscribir-a-los-hijos-de-migrantes-guatemaltecos-en-las-escuelas-de-Estados-Unidos.webp\" \/>\n\t\t<meta property=\"og:image:secure_url\" content=\"https:\/\/soymigrante.com\/revista\/wp-content\/uploads\/2024\/09\/Como-inscribir-a-los-hijos-de-migrantes-guatemaltecos-en-las-escuelas-de-Estados-Unidos.webp\" \/>\n\t\t<meta property=\"og:image:width\" content=\"1280\" \/>\n\t\t<meta property=\"og:image:height\" content=\"1280\" \/>\n\t\t<meta property=\"article:published_time\" content=\"2024-10-01T20:27:18+00:00\" \/>\n\t\t<meta property=\"article:modified_time\" content=\"2024-10-01T20:27:20+00:00\" \/>\n\t\t<meta property=\"article:publisher\" content=\"https:\/\/www.facebook.com\/soymigrantecom\" \/>\n\t\t<meta name=\"twitter:card\" content=\"summary_large_image\" \/>\n\t\t<meta name=\"twitter:site\" content=\"@SoyMigrante_com\" \/>\n\t\t<meta name=\"twitter:title\" content=\"C\u00f3mo inscribir a hijos de migrantes en escuelas de USA\" \/>\n\t\t<meta name=\"twitter:description\" content=\"La educaci\u00f3n es prioridad para muchos padres migrantes que desean un mejor futuro para sus hijos. Estos son algunos consejos para registrarlos en planteles de EE.UU.\" \/>\n\t\t<meta name=\"twitter:creator\" content=\"@SoyMigrante_com\" \/>\n\t\t<meta name=\"twitter:image\" content=\"https:\/\/soymigrante.com\/revista\/wp-content\/uploads\/2024\/09\/Como-inscribir-a-los-hijos-de-migrantes-guatemaltecos-en-las-escuelas-de-Estados-Unidos.webp\" \/>\n\t\t<!-- All in One SEO Pro -->\r\n\t\t<title>C\u00f3mo inscribir a hijos de migrantes en escuelas de USA<\/title>\n\n","aioseo_head_json":{"title":"C\u00f3mo inscribir a hijos de migrantes en escuelas de USA","description":"La educaci\u00f3n es prioridad para muchos padres migrantes que desean un mejor futuro para sus hijos. Estos son algunos consejos para registrarlos en planteles de EE.UU.","canonical_url":"https:\/\/soymigrante.com\/revista\/como-inscribir-a-hijos-de-migrantes-en-escuelas-de-usa\/","robots":"max-snippet:-1, max-image-preview:large, max-video-preview:-1","keywords":"","webmasterTools":{"miscellaneous":"&lt;link rel=\"preconnect\" href=\"https:\/\/fonts.googleapis.com\" crossorigin&gt;\n&lt;link rel=\"preconnect\" href=\"https:\/\/fonts.gstatic.com\" crossorigin&gt;"},"schema":null,"og:locale":"es_ES","og:site_name":"SoyMigrante.com REVISTA \u2013 Nuestra misi\u00f3n es reconocer y dignificar al migrante.","og:type":"article","og:title":"C\u00f3mo inscribir a hijos de migrantes en escuelas de USA","og:description":"La educaci\u00f3n es prioridad para muchos padres migrantes que desean un mejor futuro para sus hijos. Estos son algunos consejos para registrarlos en planteles de EE.UU.","og:url":"https:\/\/soymigrante.com\/revista\/como-inscribir-a-hijos-de-migrantes-en-escuelas-de-usa\/","og:image":"https:\/\/soymigrante.com\/revista\/wp-content\/uploads\/2024\/09\/Como-inscribir-a-los-hijos-de-migrantes-guatemaltecos-en-las-escuelas-de-Estados-Unidos.webp","og:image:secure_url":"https:\/\/soymigrante.com\/revista\/wp-content\/uploads\/2024\/09\/Como-inscribir-a-los-hijos-de-migrantes-guatemaltecos-en-las-escuelas-de-Estados-Unidos.webp","og:image:width":1280,"og:image:height":1280,"article:published_time":"2024-10-01T20:27:18+00:00","article:modified_time":"2024-10-01T20:27:20+00:00","article:publisher":"https:\/\/www.facebook.com\/soymigrantecom","twitter:card":"summary_large_image","twitter:site":"@SoyMigrante_com","twitter:title":"C\u00f3mo inscribir a hijos de migrantes en escuelas de USA","twitter:description":"La educaci\u00f3n es prioridad para muchos padres migrantes que desean un mejor futuro para sus hijos. Estos son algunos consejos para registrarlos en planteles de EE.UU.","twitter:creator":"@SoyMigrante_com","twitter:image":"https:\/\/soymigrante.com\/revista\/wp-content\/uploads\/2024\/09\/Como-inscribir-a-los-hijos-de-migrantes-guatemaltecos-en-las-escuelas-de-Estados-Unidos.webp"},"aioseo_meta_data":{"post_id":"18046","title":null,"description":"Los o\u00eddos son \u00f3rganos esenciales para la comunicaci\u00f3n y el equilibrio, pero a menudo se les presta poca atenci\u00f3n hasta que surge un problema.","keywords":null,"keyphrases":{"focus":{"keyphrase":"O\u00eddos","score":87,"analysis":{"keyphraseInTitle":{"score":9,"maxScore":9,"error":0},"keyphraseInDescription":{"score":9,"maxScore":9,"error":0},"keyphraseLength":{"score":9,"maxScore":9,"error":0,"length":2},"keyphraseInURL":{"score":5,"maxScore":5,"error":0},"keyphraseInIntroduction":{"score":9,"maxScore":9,"error":0},"keyphraseInSubHeadings":{"score":9,"maxScore":9,"error":0},"keyphraseInImageAlt":{"score":9,"maxScore":9,"error":0},"keywordDensity":{"type":"high","score":0,"maxScore":9,"error":1}}},"additional":[{"keyphrase":"O\u00eddos","score":80,"analysis":{"keyphraseInDescription":{"score":9,"maxScore":9,"error":0},"keyphraseLength":{"score":9,"maxScore":9,"error":0,"length":2},"keyphraseInIntroduction":{"score":9,"maxScore":9,"error":0},"keyphraseInImageAlt":{"score":9,"maxScore":9,"error":0},"keywordDensity":{"type":"high","score":0,"maxScore":9,"error":1}}}]},"primary_term":null,"canonical_url":null,"og_title":null,"og_description":null,"og_object_type":"default","og_image_type":"default","og_image_url":null,"og_image_width":null,"og_image_height":null,"og_image_custom_url":null,"og_image_custom_fields":null,"og_video":"","og_custom_url":null,"og_article_section":null,"og_article_tags":null,"twitter_use_og":false,"twitter_card":"default","twitter_image_type":"default","twitter_image_url":null,"twitter_image_custom_url":null,"twitter_image_custom_fields":null,"twitter_title":null,"twitter_description":null,"schema":{"blockGraphs":[],"customGraphs":[],"default":{"data":{"Article":[],"Course":[],"Dataset":[],"FAQPage":[],"Movie":[],"Person":[],"Product":[],"ProductReview":[],"Car":[],"Recipe":[],"Service":[],"SoftwareApplication":[],"WebPage":[]},"graphName":"BlogPosting","isEnabled":true},"graphs":[]},"schema_type":"default","schema_type_options":null,"pillar_content":false,"robots_default":true,"robots_noindex":false,"robots_noarchive":false,"robots_nosnippet":false,"robots_nofollow":false,"robots_noimageindex":false,"robots_noodp":false,"robots_notranslate":false,"robots_max_snippet":"-1","robots_max_videopreview":"-1","robots_max_imagepreview":"large","priority":null,"frequency":"default","local_seo":null,"seo_analyzer_scan_date":"2025-10-09 01:19:10","breadcrumb_settings":null,"limit_modified_date":false,"reviewed_by":null,"open_ai":"{\"title\":{\"suggestions\":[],\"usage\":0},\"description\":{\"suggestions\":[],\"usage\":0}}","ai":null,"created":"2024-12-24 16:54:24","updated":"2026-02-04 18:36:22"},"aioseo_breadcrumb":"<div class=\"aioseo-breadcrumbs\"><span class=\"aioseo-breadcrumb\">\n\t<a href=\"https:\/\/soymigrante.com\/revista\" title=\"Home\">Home<\/a>\n<\/span><span class=\"aioseo-breadcrumb-separator\">\u00bb<\/span><span class=\"aioseo-breadcrumb\">\n\t<a href=\"https:\/\/soymigrante.com\/revista\/category\/bienestar\/\" title=\"Bienestar\">Bienestar<\/a>\n<\/span><span class=\"aioseo-breadcrumb-separator\">\u00bb<\/span><span class=\"aioseo-breadcrumb\">\n\tEs muy importante cuidar tus o\u00eddos y te damos algunas claves para hacerlo\n<\/span><\/div>","aioseo_breadcrumb_json":[{"label":"Home","link":"https:\/\/soymigrante.com\/revista"},{"label":"Bienestar","link":"https:\/\/soymigrante.com\/revista\/category\/bienestar\/"},{"label":"Es muy importante cuidar tus o\u00eddos y te damos algunas claves para hacerlo","link":"https:\/\/soymigrante.com\/revista\/es-muy-importante-cuidar-tus-oidos-y-te-damos-algunas-claves-para-hacerlo\/"}],"_links":{"self":[{"href":"https:\/\/soymigrante.com\/revista\/wp-json\/wp\/v2\/posts\/18046","targetHints":{"allow":["GET"]}}],"collection":[{"href":"https:\/\/soymigrante.com\/revista\/wp-json\/wp\/v2\/posts"}],"about":[{"href":"https:\/\/soymigrante.com\/revista\/wp-json\/wp\/v2\/types\/post"}],"author":[{"embeddable":true,"href":"https:\/\/soymigrante.com\/revista\/wp-json\/wp\/v2\/users\/19"}],"replies":[{"embeddable":true,"href":"https:\/\/soymigrante.com\/revista\/wp-json\/wp\/v2\/comments?post=18046"}],"version-history":[{"count":0,"href":"https:\/\/soymigrante.com\/revista\/wp-json\/wp\/v2\/posts\/18046\/revisions"}],"wp:featuredmedia":[{"embeddable":true,"href":"https:\/\/soymigrante.com\/revista\/wp-json\/wp\/v2\/media\/18048"}],"wp:attachment":[{"href":"https:\/\/soymigrante.com\/revista\/wp-json\/wp\/v2\/media?parent=18046"}],"wp:term":[{"taxonomy":"category","embeddable":true,"href":"https:\/\/soymigrante.com\/revista\/wp-json\/wp\/v2\/categories?post=18046"},{"taxonomy":"post_tag","embeddable":true,"href":"https:\/\/soymigrante.com\/revista\/wp-json\/wp\/v2\/tags?post=18046"}],"curies":[{"name":"wp","href":"https:\/\/api.w.org\/{rel}","templated":true}]}}