{"id":18016,"date":"2025-01-08T18:16:34","date_gmt":"2025-01-09T00:16:34","guid":{"rendered":"https:\/\/soymigrante.com\/revista\/?p=18016"},"modified":"2025-03-04T12:34:13","modified_gmt":"2025-03-04T18:34:13","slug":"departamentos-de-guatemala-escuintla-es-corredor-economico-destino-turistico-y-puerta-al-pacifico","status":"publish","type":"post","link":"https:\/\/soymigrante.com\/revista\/departamentos-de-guatemala-escuintla-es-corredor-economico-destino-turistico-y-puerta-al-pacifico\/","title":{"rendered":"Departamentos de Guatemala: Escuintla es corredor econ\u00f3mico, destino tur\u00edstico y puerta al Pac\u00edfico"},"content":{"rendered":"\t\t<div data-elementor-type=\"wp-post\" data-elementor-id=\"18016\" class=\"elementor elementor-18016\" data-elementor-post-type=\"post\">\n\t\t\t\t<div data-particle_enable=\"false\" data-particle-mobile-disabled=\"false\" class=\"elementor-element elementor-element-6b007ff e-flex e-con-boxed e-con e-parent\" data-id=\"6b007ff\" data-element_type=\"container\" data-e-type=\"container\">\n\t\t\t\t\t<div class=\"e-con-inner\">\n\t\t\t\t<div class=\"elementor-element elementor-element-7655ae0 elementor-widget elementor-widget-text-editor\" data-id=\"7655ae0\" data-element_type=\"widget\" data-e-type=\"widget\" data-widget_type=\"text-editor.default\">\n\t\t\t\t\t\t\t\t\t<p>Localizado en la regi\u00f3n sur central de Guatemala, Escuintla es uno de los departamentos con mayor actividad econ\u00f3mica; se estima que se genera hasta un 10% del Producto Interno Bruto, pero adem\u00e1s tiene riqueza hist\u00f3rica, arqueol\u00f3gica y cultural.<\/p><p>Escuintla abarca desde la llamada &#8220;bocacosta&#8221;, al pie de los volcanes de Pacaya y Fuego,hasta una l\u00ednea costera sobre el Oc\u00e9ano Pac\u00edfico, que se extiende por unos 180 kil\u00f3metros. Aqu\u00ed te presentamos algunas preguntas y respuestas con datos sobre Escuintla.<\/p>\t\t\t\t\t\t\t\t<\/div>\n\t\t\t\t\t<\/div>\n\t\t\t\t<\/div>\n\t\t<div data-particle_enable=\"false\" data-particle-mobile-disabled=\"false\" class=\"elementor-element elementor-element-8102c08 e-flex e-con-boxed e-con e-parent\" data-id=\"8102c08\" data-element_type=\"container\" data-e-type=\"container\">\n\t\t\t\t\t<div class=\"e-con-inner\">\n\t\t\t\t<div class=\"elementor-element elementor-element-48f0fc7 elementor-widget elementor-widget-google_maps\" data-id=\"48f0fc7\" data-element_type=\"widget\" data-e-type=\"widget\" data-widget_type=\"google_maps.default\">\n\t\t\t\t\t\t\t<div class=\"elementor-custom-embed\">\n\t\t\t<iframe loading=\"lazy\"\n\t\t\t\t\tsrc=\"https:\/\/maps.google.com\/maps?q=Departamento%20de%20Escuintla&#038;t=m&#038;z=10&#038;output=embed&#038;iwloc=near\"\n\t\t\t\t\ttitle=\"Departamento de Escuintla\"\n\t\t\t\t\taria-label=\"Departamento de Escuintla\"\n\t\t\t><\/iframe>\n\t\t<\/div>\n\t\t\t\t\t\t<\/div>\n\t\t\t\t\t<\/div>\n\t\t\t\t<\/div>\n\t\t<div data-particle_enable=\"false\" data-particle-mobile-disabled=\"false\" class=\"elementor-element elementor-element-ccd867a e-flex e-con-boxed e-con e-parent\" data-id=\"ccd867a\" data-element_type=\"container\" data-e-type=\"container\">\n\t\t\t\t\t<div class=\"e-con-inner\">\n\t\t\t\t<div class=\"elementor-element elementor-element-0318137 elementor-widget elementor-widget-heading\" data-id=\"0318137\" data-element_type=\"widget\" data-e-type=\"widget\" data-widget_type=\"heading.default\">\n\t\t\t\t\t<h3 class=\"elementor-heading-title elementor-size-default\">\u00bfDe d\u00f3nde viene su nombre?<\/h3>\t\t\t\t<\/div>\n\t\t\t\t\t<\/div>\n\t\t\t\t<\/div>\n\t\t<div data-particle_enable=\"false\" data-particle-mobile-disabled=\"false\" class=\"elementor-element elementor-element-daf8e22 e-flex e-con-boxed e-con e-parent\" data-id=\"daf8e22\" data-element_type=\"container\" data-e-type=\"container\">\n\t\t\t\t\t<div class=\"e-con-inner\">\n\t\t\t\t<div class=\"elementor-element elementor-element-988a108 elementor-widget elementor-widget-text-editor\" data-id=\"988a108\" data-element_type=\"widget\" data-e-type=\"widget\" data-widget_type=\"text-editor.default\">\n\t\t\t\t\t\t\t\t\t<p>El nombre Escuintla proviene del <a href=\"https:\/\/soymigrante.com\/revista\/pueblo-poqomam-los-nietos-de-la-luna-estan-presentes-en-4-territorios\/\" target=\"_blank\" rel=\"noopener\">n\u00e1huatl Itzcuintl\u00e1n, que significa \u201clugar de perros\u201d,<\/a> aunque el t\u00e9rmino &#8220;perros&#8221; podr\u00eda hacer alusi\u00f3n a los &#8220;perros de agua&#8221; o nutrias y no necesariamente a canes. Este territorio, habitado desde la \u00e9poca prehisp\u00e1nica por pueblos pipiles y mayas, fue un importante paso de comercio.<\/p><p>Durante la conquista espa\u00f1ola, la regi\u00f3n se convirti\u00f3 en una zona estrat\u00e9gica debido a su conexi\u00f3n entre la capital y el Puerto de Iztapa, que fue fundado en 1533.<\/p><p>Escuintla fue uno de los departamentos fundadores del pa\u00eds tras la independencia. Fue fundado en 1825, aunque su territorio ya era de importante significado comercial, agr\u00edcola y productivo desde la \u00e9poca colonial.<\/p>\t\t\t\t\t\t\t\t<\/div>\n\t\t\t\t\t<\/div>\n\t\t\t\t<\/div>\n\t\t<div data-particle_enable=\"false\" data-particle-mobile-disabled=\"false\" class=\"elementor-element elementor-element-1dd7e19 e-flex e-con-boxed e-con e-parent\" data-id=\"1dd7e19\" data-element_type=\"container\" data-e-type=\"container\">\n\t\t\t\t\t<div class=\"e-con-inner\">\n\t\t\t\t<div class=\"elementor-element elementor-element-a356f5d elementor-widget elementor-widget-image\" data-id=\"a356f5d\" data-element_type=\"widget\" data-e-type=\"widget\" data-widget_type=\"image.default\">\n\t\t\t\t\t\t\t\t\t\t\t\t<figure class=\"wp-caption\">\n\t\t\t\t\t\t\t\t\t\t<img fetchpriority=\"high\" decoding=\"async\" width=\"768\" height=\"433\" src=\"https:\/\/soymigrante.com\/revista\/wp-content\/uploads\/2025\/01\/Captura-de-pantalla-2025-01-08-181508.webp\" class=\"attachment-large size-large wp-image-19920\" alt=\"Antiguo edificio colonial en ruinadas condiciones, junto a palmeras y una cruz de piedra, fotografiado en blanco y negro en un estilo hist\u00f3rico y patrimonial.\" srcset=\"https:\/\/soymigrante.com\/revista\/wp-content\/uploads\/2025\/01\/Captura-de-pantalla-2025-01-08-181508.webp 1003w, https:\/\/soymigrante.com\/revista\/wp-content\/uploads\/2025\/01\/Captura-de-pantalla-2025-01-08-181508-300x169.jpg 300w, https:\/\/soymigrante.com\/revista\/wp-content\/uploads\/2025\/01\/Captura-de-pantalla-2025-01-08-181508-768x433.jpg 768w, https:\/\/soymigrante.com\/revista\/wp-content\/uploads\/2025\/01\/Captura-de-pantalla-2025-01-08-181508-750x422.webp 750w\" sizes=\"(max-width: 768px) 100vw, 768px\" title=\"La Catedral de Escuintla fue erigida en el a\u00f1o 1649, aunque solo fue terminada sino hasta unos 70 a\u00f1os despu\u00e9s. Dicho templo sigue en pie en el centro de la cabecera. \u2013 SoyMigrante.com REVISTA\" \/>\t\t\t\t\t\t\t\t\t\t\t<figcaption class=\"widget-image-caption wp-caption-text\">Im\u00e1genes hist\u00f3ricas de arquitectura colonial mexicana y su historia en la revista SoyMigrante.com.<\/figcaption>\n\t\t\t\t\t\t\t\t\t\t<\/figure>\n\t\t\t\t\t\t\t\t\t<\/div>\n\t\t\t\t\t<\/div>\n\t\t\t\t<\/div>\n\t\t<div data-particle_enable=\"false\" data-particle-mobile-disabled=\"false\" class=\"elementor-element elementor-element-1dd0975 e-flex e-con-boxed e-con e-parent\" data-id=\"1dd0975\" data-element_type=\"container\" data-e-type=\"container\">\n\t\t\t\t\t<div class=\"e-con-inner\">\n\t\t\t\t<div class=\"elementor-element elementor-element-a1421f4 elementor-widget elementor-widget-heading\" data-id=\"a1421f4\" data-element_type=\"widget\" data-e-type=\"widget\" data-widget_type=\"heading.default\">\n\t\t\t\t\t<h3 class=\"elementor-heading-title elementor-size-default\">\u00bfQu\u00e9 extensi\u00f3n tiene Escuintla?<\/h3>\t\t\t\t<\/div>\n\t\t\t\t\t<\/div>\n\t\t\t\t<\/div>\n\t\t<div data-particle_enable=\"false\" data-particle-mobile-disabled=\"false\" class=\"elementor-element elementor-element-6cdeddd e-flex e-con-boxed e-con e-parent\" data-id=\"6cdeddd\" data-element_type=\"container\" data-e-type=\"container\">\n\t\t\t\t\t<div class=\"e-con-inner\">\n\t\t\t\t<div class=\"elementor-element elementor-element-b1266bf elementor-widget elementor-widget-text-editor\" data-id=\"b1266bf\" data-element_type=\"widget\" data-e-type=\"widget\" data-widget_type=\"text-editor.default\">\n\t\t\t\t\t\t\t\t\t<p>Este departamento tiene 4384 kil\u00f3metros de extensi\u00f3n, colinda con Suchitep\u00e9quez, Chimaltenango, Sacatep\u00e9quez, Guatemala y Santa Rosa. Su altura m\u00e1xima sobre el nivel del mar es de 1,265 metros, en la regi\u00f3n norte. Luego llega hasta el nivel del mar. Su altura promedio es de 347 metros sobre el nivel del mar, lo que le hace muy caluroso.<\/p><p>\u00a0<\/p>\t\t\t\t\t\t\t\t<\/div>\n\t\t\t\t\t<\/div>\n\t\t\t\t<\/div>\n\t\t<div data-particle_enable=\"false\" data-particle-mobile-disabled=\"false\" class=\"elementor-element elementor-element-9740659 e-flex e-con-boxed e-con e-parent\" data-id=\"9740659\" data-element_type=\"container\" data-e-type=\"container\">\n\t\t\t\t\t<div class=\"e-con-inner\">\n\t\t\t\t<div class=\"elementor-element elementor-element-f4d308c elementor-widget elementor-widget-video\" data-id=\"f4d308c\" data-element_type=\"widget\" data-e-type=\"widget\" data-settings=\"{&quot;youtube_url&quot;:&quot;https:\\\/\\\/www.youtube.com\\\/watch?v=nmkUnkLEZSw&quot;,&quot;video_type&quot;:&quot;youtube&quot;,&quot;controls&quot;:&quot;yes&quot;}\" data-widget_type=\"video.default\">\n\t\t\t\t\t\t\t<div class=\"elementor-wrapper elementor-open-inline\">\n\t\t\t<div class=\"elementor-video\"><\/div>\t\t<\/div>\n\t\t\t\t\t\t<\/div>\n\t\t\t\t\t<\/div>\n\t\t\t\t<\/div>\n\t\t<div data-particle_enable=\"false\" data-particle-mobile-disabled=\"false\" class=\"elementor-element elementor-element-cec71eb e-flex e-con-boxed e-con e-parent\" data-id=\"cec71eb\" data-element_type=\"container\" data-e-type=\"container\">\n\t\t\t\t\t<div class=\"e-con-inner\">\n\t\t\t\t<div class=\"elementor-element elementor-element-ea5b79d elementor-widget elementor-widget-heading\" data-id=\"ea5b79d\" data-element_type=\"widget\" data-e-type=\"widget\" data-widget_type=\"heading.default\">\n\t\t\t\t\t<h3 class=\"elementor-heading-title elementor-size-default\">\u00bfCu\u00e1l es la poblaci\u00f3n en Escuintla?<\/h3>\t\t\t\t<\/div>\n\t\t\t\t\t<\/div>\n\t\t\t\t<\/div>\n\t\t<div data-particle_enable=\"false\" data-particle-mobile-disabled=\"false\" class=\"elementor-element elementor-element-498082d e-flex e-con-boxed e-con e-parent\" data-id=\"498082d\" data-element_type=\"container\" data-e-type=\"container\">\n\t\t\t\t\t<div class=\"e-con-inner\">\n\t\t\t\t<div class=\"elementor-element elementor-element-dbfb28a elementor-widget elementor-widget-text-editor\" data-id=\"dbfb28a\" data-element_type=\"widget\" data-e-type=\"widget\" data-widget_type=\"text-editor.default\">\n\t\t\t\t\t\t\t\t\t<p>Con una poblaci\u00f3n de m\u00e1s de 733,000 habitantes, de los cuales 156,300 est\u00e1n en el \u00e1rea de la cabecera departamental.\u00a0 Escuintla tiene mucha poblaci\u00f3n llegada de otras regiones del pa\u00eds, siendo un pilar esencial para el desarrollo del pa\u00eds, combinando sus riquezas naturales, su historia y su dinamismo econ\u00f3mico.<\/p>\t\t\t\t\t\t\t\t<\/div>\n\t\t\t\t\t<\/div>\n\t\t\t\t<\/div>\n\t\t<div data-particle_enable=\"false\" data-particle-mobile-disabled=\"false\" class=\"elementor-element elementor-element-ad01e56 e-flex e-con-boxed e-con e-parent\" data-id=\"ad01e56\" data-element_type=\"container\" data-e-type=\"container\">\n\t\t\t\t\t<div class=\"e-con-inner\">\n\t\t\t\t<div class=\"elementor-element elementor-element-fec39d3 elementor-widget elementor-widget-text-editor\" data-id=\"fec39d3\" data-element_type=\"widget\" data-e-type=\"widget\" data-widget_type=\"text-editor.default\">\n\t\t\t\t\t\t\t\t\t<p>Seg\u00fan el Censo de Poblaci\u00f3n 2018, efectuado por el\u00a0<a href=\"https:\/\/censo2018.ine.gob.gt\/dondeestamos\" target=\"_blank\" rel=\"noopener\">Instituto Nacional de Estad\u00edstica<\/a> (INE) en Escuintla el 94% de personas\u00a0 se identifican como ladinas y un 5.1% de ind\u00edgenas nayas. Esta poblaci\u00f3n maya se integra por un 28% de pueblo <a href=\"https:\/\/soymigrante.com\/revista\/pueblo-poqomam-los-nietos-de-la-luna-estan-presentes-en-4-territorios\/\">poqomam<\/a>, 27% de <a href=\"https:\/\/soymigrante.com\/revista\/el-pueblo-kiche-es-heredero-y-continuador-de-la-tradicion-del-popol-vuh\/\">k&#8217;iche<\/a>, 21% de pueblo <a href=\"https:\/\/soymigrante.com\/revista\/el-pueblo-kaqchikel-abarca-a-1-millon-68-mil-guatemaltecos\/\">kaqchiqel<\/a> y 9% <a href=\"https:\/\/soymigrante.com\/revista\/el-pueblo-mam-brilla-crece-y-se-expresa-fiel-a-sus-raices-de-identidad\/\">mam<\/a>. El municipio de Pal\u00edn es el principal n\u00facleo de poblaci\u00f3n poqomam.<\/p>\t\t\t\t\t\t\t\t<\/div>\n\t\t\t\t\t<\/div>\n\t\t\t\t<\/div>\n\t\t<div data-particle_enable=\"false\" data-particle-mobile-disabled=\"false\" class=\"elementor-element elementor-element-b5dfbee e-flex e-con-boxed e-con e-parent\" data-id=\"b5dfbee\" data-element_type=\"container\" data-e-type=\"container\">\n\t\t\t\t\t<div class=\"e-con-inner\">\n\t\t\t\t<div class=\"elementor-element elementor-element-417da4e elementor-widget elementor-widget-video\" data-id=\"417da4e\" data-element_type=\"widget\" data-e-type=\"widget\" data-settings=\"{&quot;youtube_url&quot;:&quot;https:\\\/\\\/www.youtube.com\\\/watch?v=IEKTabI0mV4&quot;,&quot;video_type&quot;:&quot;youtube&quot;,&quot;controls&quot;:&quot;yes&quot;}\" data-widget_type=\"video.default\">\n\t\t\t\t\t\t\t<div class=\"elementor-wrapper elementor-open-inline\">\n\t\t\t<div class=\"elementor-video\"><\/div>\t\t<\/div>\n\t\t\t\t\t\t<\/div>\n\t\t\t\t\t<\/div>\n\t\t\t\t<\/div>\n\t\t<div data-particle_enable=\"false\" data-particle-mobile-disabled=\"false\" class=\"elementor-element elementor-element-f6019b8 e-flex e-con-boxed e-con e-parent\" data-id=\"f6019b8\" data-element_type=\"container\" data-e-type=\"container\">\n\t\t\t\t\t<div class=\"e-con-inner\">\n\t\t\t\t<div class=\"elementor-element elementor-element-a537a68 elementor-widget elementor-widget-heading\" data-id=\"a537a68\" data-element_type=\"widget\" data-e-type=\"widget\" data-widget_type=\"heading.default\">\n\t\t\t\t\t<h3 class=\"elementor-heading-title elementor-size-default\">\u00bfCu\u00e1ntos municipios tiene Escuintla?<\/h3>\t\t\t\t<\/div>\n\t\t\t\t\t<\/div>\n\t\t\t\t<\/div>\n\t\t<div data-particle_enable=\"false\" data-particle-mobile-disabled=\"false\" class=\"elementor-element elementor-element-6b3535b e-flex e-con-boxed e-con e-parent\" data-id=\"6b3535b\" data-element_type=\"container\" data-e-type=\"container\">\n\t\t\t\t\t<div class=\"e-con-inner\">\n\t\t\t\t<div class=\"elementor-element elementor-element-8124132 elementor-widget elementor-widget-text-editor\" data-id=\"8124132\" data-element_type=\"widget\" data-e-type=\"widget\" data-widget_type=\"text-editor.default\">\n\t\t\t\t\t\t\t\t\t<div>Tiene 13 municipios.<br \/>1. Escuintla (cabecera departamental)<\/div><div>2.Puerto San Jos\u00e9<\/div><div>3.Iztapa<\/div><div>4.Pal\u00edn<\/div><div>5.Masagua<\/div><div>6.Santa Luc\u00eda Cotzumalguapa<\/div><div>7.La Democracia<\/div><div>8.Siquinal\u00e1<\/div><div>9.Tiquisate<\/div><div>10.La Gomera<\/div><div>11.Guanagazapa<\/div><div>12.San Vicente Pacaya<\/div><div>13.Nueva Concepci\u00f3n<\/div><div><span style=\"color: var( --e-global-color-text ); text-align: var(--text-align);\">\u00a0<\/span><\/div>\t\t\t\t\t\t\t\t<\/div>\n\t\t\t\t\t<\/div>\n\t\t\t\t<\/div>\n\t\t<div data-particle_enable=\"false\" data-particle-mobile-disabled=\"false\" class=\"elementor-element elementor-element-87f846e e-flex e-con-boxed e-con e-parent\" data-id=\"87f846e\" data-element_type=\"container\" data-e-type=\"container\">\n\t\t\t\t\t<div class=\"e-con-inner\">\n\t\t\t\t<div class=\"elementor-element elementor-element-f9566d0 elementor-widget elementor-widget-video\" data-id=\"f9566d0\" data-element_type=\"widget\" data-e-type=\"widget\" data-settings=\"{&quot;youtube_url&quot;:&quot;https:\\\/\\\/www.youtube.com\\\/watch?v=5xapTj3P8z0&quot;,&quot;video_type&quot;:&quot;youtube&quot;,&quot;controls&quot;:&quot;yes&quot;}\" data-widget_type=\"video.default\">\n\t\t\t\t\t\t\t<div class=\"elementor-wrapper elementor-open-inline\">\n\t\t\t<div class=\"elementor-video\"><\/div>\t\t<\/div>\n\t\t\t\t\t\t<\/div>\n\t\t\t\t\t<\/div>\n\t\t\t\t<\/div>\n\t\t<div data-particle_enable=\"false\" data-particle-mobile-disabled=\"false\" class=\"elementor-element elementor-element-6fa4005 e-flex e-con-boxed e-con e-parent\" data-id=\"6fa4005\" data-element_type=\"container\" data-e-type=\"container\">\n\t\t\t\t\t<div class=\"e-con-inner\">\n\t\t\t\t<div class=\"elementor-element elementor-element-945ae0c elementor-widget elementor-widget-heading\" data-id=\"945ae0c\" data-element_type=\"widget\" data-e-type=\"widget\" data-widget_type=\"heading.default\">\n\t\t\t\t\t<h3 class=\"elementor-heading-title elementor-size-default\">\u00bfQu\u00e9 producci\u00f3n tiene Escuintla?<\/h3>\t\t\t\t<\/div>\n\t\t\t\t\t<\/div>\n\t\t\t\t<\/div>\n\t\t<div data-particle_enable=\"false\" data-particle-mobile-disabled=\"false\" class=\"elementor-element elementor-element-880c88e e-flex e-con-boxed e-con e-parent\" data-id=\"880c88e\" data-element_type=\"container\" data-e-type=\"container\">\n\t\t\t\t\t<div class=\"e-con-inner\">\n\t\t\t\t<div class=\"elementor-element elementor-element-984d230 elementor-widget elementor-widget-text-editor\" data-id=\"984d230\" data-element_type=\"widget\" data-e-type=\"widget\" data-widget_type=\"text-editor.default\">\n\t\t\t\t\t\t\t\t\t<div><a href=\"https:\/\/soymigrante.com\/revista\/pueblo-poqomam-los-nietos-de-la-luna-estan-presentes-en-4-territorios\/\" target=\"_blank\" rel=\"noopener\">Escuintla es uno de los departamentos m\u00e1s productivos de Guatemala<\/a>. Su clima tropical y sus tierras f\u00e9rtiles lo convierten en un l\u00edder en la producci\u00f3n de:<\/div><div><strong>\u2022Ca\u00f1a de az\u00facar:<\/strong> Escuintla es la cuna de las principales azucareras del pa\u00eds, exportando a mercados internacionales.<\/div><div><strong>\u2022Frutas tropicales:<\/strong> Como pl\u00e1tanos, pi\u00f1as y cocos.<\/div><div><strong>\u2022Caf\u00e9:<\/strong> Cultivado en las laderas de sus monta\u00f1as.<br \/><span style=\"color: var( --e-global-color-text ); text-align: var(--text-align);\"><br \/><\/span><span style=\"color: var( --e-global-color-text ); text-align: var(--text-align);\">Adem\u00e1s, Escuintla alberga importantes zonas industriales y energ\u00e9ticas. Adem\u00e1s aqu\u00ed se encuentra la Portuaria Quetzal, por donde salen exportaciones e ingresan productos de importaci\u00f3n. Por ello, toda la conexi\u00f3n vial y comercial de Escuintla con la capital y el resto del pa\u00eds le hace ser considerado un &#8220;corredor log\u00edstico&#8221;<\/span><\/div><p>\u00a0<\/p>\t\t\t\t\t\t\t\t<\/div>\n\t\t\t\t\t<\/div>\n\t\t\t\t<\/div>\n\t\t<div data-particle_enable=\"false\" data-particle-mobile-disabled=\"false\" class=\"elementor-element elementor-element-2c25d47 e-flex e-con-boxed e-con e-parent\" data-id=\"2c25d47\" data-element_type=\"container\" data-e-type=\"container\">\n\t\t\t\t\t<div class=\"e-con-inner\">\n\t\t\t\t<div class=\"elementor-element elementor-element-dde7783 elementor-widget elementor-widget-image\" data-id=\"dde7783\" data-element_type=\"widget\" data-e-type=\"widget\" data-widget_type=\"image.default\">\n\t\t\t\t\t\t\t\t\t\t\t\t<figure class=\"wp-caption\">\n\t\t\t\t\t\t\t\t\t\t<img decoding=\"async\" width=\"768\" height=\"432\" src=\"https:\/\/soymigrante.com\/revista\/wp-content\/uploads\/2025\/01\/471942798_18083404126575317_4407203444257504895_n-1024x576.jpg\" class=\"attachment-large size-large wp-image-19919\" alt=\"Contenedor de puerto con mercanc\u00edas y gr\u00faas portuarias en un traslado mar\u00edtimo de carga internacional.\" srcset=\"https:\/\/soymigrante.com\/revista\/wp-content\/uploads\/2025\/01\/471942798_18083404126575317_4407203444257504895_n-1024x576.jpg 1024w, https:\/\/soymigrante.com\/revista\/wp-content\/uploads\/2025\/01\/471942798_18083404126575317_4407203444257504895_n-300x169.jpg 300w, https:\/\/soymigrante.com\/revista\/wp-content\/uploads\/2025\/01\/471942798_18083404126575317_4407203444257504895_n-768x432.jpg 768w, https:\/\/soymigrante.com\/revista\/wp-content\/uploads\/2025\/01\/471942798_18083404126575317_4407203444257504895_n-750x422.webp 750w, https:\/\/soymigrante.com\/revista\/wp-content\/uploads\/2025\/01\/471942798_18083404126575317_4407203444257504895_n-1140x641.webp 1140w, https:\/\/soymigrante.com\/revista\/wp-content\/uploads\/2025\/01\/471942798_18083404126575317_4407203444257504895_n.webp 1440w\" sizes=\"(max-width: 768px) 100vw, 768px\" title=\"La portuaria Quetzal es la \u00fanica salida mar\u00edtima de Guatemala sobre el oc\u00e9ano Pac\u00edfico. Por ello aqu\u00ed pasan muchas exportaciones e importaciones. Foto Puerto Quetzal. \u2013 SoyMigrante.com REVISTA\" \/>\t\t\t\t\t\t\t\t\t\t\t<figcaption class=\"widget-image-caption wp-caption-text\">Gran imagen de un buque de carga en puerto con containers y gr\u00faas para log\u00edstica y comercio global.<\/figcaption>\n\t\t\t\t\t\t\t\t\t\t<\/figure>\n\t\t\t\t\t\t\t\t\t<\/div>\n\t\t\t\t\t<\/div>\n\t\t\t\t<\/div>\n\t\t<div data-particle_enable=\"false\" data-particle-mobile-disabled=\"false\" class=\"elementor-element elementor-element-f6151b3 e-flex e-con-boxed e-con e-parent\" data-id=\"f6151b3\" data-element_type=\"container\" data-e-type=\"container\">\n\t\t\t\t\t<div class=\"e-con-inner\">\n\t\t\t\t<div class=\"elementor-element elementor-element-7f9e656 elementor-widget elementor-widget-heading\" data-id=\"7f9e656\" data-element_type=\"widget\" data-e-type=\"widget\" data-widget_type=\"heading.default\">\n\t\t\t\t\t<h3 class=\"elementor-heading-title elementor-size-default\">\u00bfCu\u00e1les son los principales atractivos tur\u00edsticos de Escuintla?<\/h3>\t\t\t\t<\/div>\n\t\t\t\t\t<\/div>\n\t\t\t\t<\/div>\n\t\t<div data-particle_enable=\"false\" data-particle-mobile-disabled=\"false\" class=\"elementor-element elementor-element-15c0453 e-flex e-con-boxed e-con e-parent\" data-id=\"15c0453\" data-element_type=\"container\" data-e-type=\"container\">\n\t\t\t\t\t<div class=\"e-con-inner\">\n\t\t\t\t<div class=\"elementor-element elementor-element-ad167f8 elementor-widget elementor-widget-text-editor\" data-id=\"ad167f8\" data-element_type=\"widget\" data-e-type=\"widget\" data-widget_type=\"text-editor.default\">\n\t\t\t\t\t\t\t\t\t<div>Escuintla ofrece una diversidad de destinos tur\u00edsticos que combinan belleza natural, aventura y cultura:<\/div><div><strong>\u2022Volc\u00e1n de Pacaya:<\/strong> Uno de los volcanes m\u00e1s activos de Guatemala, es un destino popular para el senderismo y la observaci\u00f3n de paisajes volc\u00e1nicos \u00fanicos. Las excursiones guiadas permiten a los visitantes experimentar de cerca la actividad volc\u00e1nica.<\/div><div><strong>\u2022Parque Nacional Sipacate-Naranjo:<\/strong> Ubicado en la costa del Pac\u00edfico, este parque es conocido por sus playas v\u00edrgenes, manglares y biodiversidad, siendo un lugar ideal para el ecoturismo y la observaci\u00f3n de aves.<\/div><div><strong>\u2022Auto Safari Chap\u00edn:<\/strong> Un parque tem\u00e1tico en Guanagazapa, Escuintla, que ofrece la oportunidad de observar una variedad de animales en un entorno que simula su h\u00e1bitat natural, proporcionando una experiencia educativa y recreativa para toda la familia.<\/div><div><strong>\u2022Playas de Iztapa y Puerto San Jos\u00e9:<\/strong> Destinos costeros populares por sus arenas negras volc\u00e1nicas y aguas c\u00e1lidas, ideales para actividades como el surf, la pesca deportiva y el descanso.<\/div><div>\u2022<strong>Museo Regional de Arqueolog\u00eda de La Democracia<\/strong>: Este museo exhibe una colecci\u00f3n de esculturas y artefactos precolombinos, incluyendo las famosas cabezas esculpidas de la cultura Monte Alto, ofreciendo una visi\u00f3n profunda de la historia antigua de la regi\u00f3n.<\/div>\t\t\t\t\t\t\t\t<\/div>\n\t\t\t\t\t<\/div>\n\t\t\t\t<\/div>\n\t\t<div data-particle_enable=\"false\" data-particle-mobile-disabled=\"false\" class=\"elementor-element elementor-element-35ab1a8 e-flex e-con-boxed e-con e-parent\" data-id=\"35ab1a8\" data-element_type=\"container\" data-e-type=\"container\">\n\t\t\t\t\t<div class=\"e-con-inner\">\n\t\t\t\t<div class=\"elementor-element elementor-element-af1fa4a elementor-invisible elementor-widget elementor-widget-facebook-embed\" data-id=\"af1fa4a\" data-element_type=\"widget\" data-e-type=\"widget\" data-settings=\"{&quot;_animation&quot;:&quot;zoomInDown&quot;}\" data-widget_type=\"facebook-embed.default\">\n\t\t\t\t\t<div style=\"min-height: 1px\" class=\"elementor-facebook-widget fb-post\" data-href=\"https:\/\/www.facebook.com\/inguatoficial\/posts\/pfbid0o4SfBacdT5YkgxHSQrmF1dHLzUBQZxj3bKF3aaXhyxbVyrZpwmQXW8iqP4eqJnLvl\" data-show-text=\"false\"><\/div>\t\t\t\t<\/div>\n\t\t\t\t\t<\/div>\n\t\t\t\t<\/div>\n\t\t<div data-particle_enable=\"false\" data-particle-mobile-disabled=\"false\" class=\"elementor-element elementor-element-2acf872 e-flex e-con-boxed e-con e-parent\" data-id=\"2acf872\" data-element_type=\"container\" data-e-type=\"container\">\n\t\t\t\t\t<div class=\"e-con-inner\">\n\t\t\t\t<div class=\"elementor-element elementor-element-1f2b00c elementor-widget elementor-widget-heading\" data-id=\"1f2b00c\" data-element_type=\"widget\" data-e-type=\"widget\" data-widget_type=\"heading.default\">\n\t\t\t\t\t<h3 class=\"elementor-heading-title elementor-size-default\">\u00bfCu\u00e1nto recibe Escuintla de remesas migrantes?<\/h3>\t\t\t\t<\/div>\n\t\t\t\t\t<\/div>\n\t\t\t\t<\/div>\n\t\t<div data-particle_enable=\"false\" data-particle-mobile-disabled=\"false\" class=\"elementor-element elementor-element-64a8ae5 e-flex e-con-boxed e-con e-parent\" data-id=\"64a8ae5\" data-element_type=\"container\" data-e-type=\"container\">\n\t\t\t\t\t<div class=\"e-con-inner\">\n\t\t\t\t<div class=\"elementor-element elementor-element-2f21fa7 elementor-widget elementor-widget-text-editor\" data-id=\"2f21fa7\" data-element_type=\"widget\" data-e-type=\"widget\" data-widget_type=\"text-editor.default\">\n\t\t\t\t\t\t\t\t\t<p>Las remesas enviadas por migrantes guatemaltecos, principalmente desde Estados Unidos, <a href=\"https:\/\/soymigrante.com\/revista\/pueblo-poqomam-los-nietos-de-la-luna-estan-presentes-en-4-territorios\/\" target=\"_blank\" rel=\"noopener\">representan una fuente significativa de ingresos<\/a> para muchas familias en Escuintla. Seg\u00fan la Encuesta de Remesas 2022, de la OIM, Escuintla recibi\u00f3 en dicho a\u00f1o un 5.4% del total nacional, lo cual equivale aproximadamente a US$947 millones. Este es el dato m\u00e1s reciente por distribuci\u00f3n departamental.<\/p><p>Hay <a href=\"https:\/\/soymigrante.com\/revista\/leonel-arenas-conecta-a-migrantes-en-connecticut-con-nobles-causas\/\">migrantes originarios de Escuintla<\/a> que buscan apoyar a comunidades y sectores necesitados en el pa\u00eds, no solo con remesas sino con iniciativas ben\u00e9ficas.<\/p>\t\t\t\t\t\t\t\t<\/div>\n\t\t\t\t\t<\/div>\n\t\t\t\t<\/div>\n\t\t<div data-particle_enable=\"false\" data-particle-mobile-disabled=\"false\" class=\"elementor-element elementor-element-6fd7d6e e-flex e-con-boxed e-con e-parent\" data-id=\"6fd7d6e\" data-element_type=\"container\" data-e-type=\"container\">\n\t\t\t\t\t<div class=\"e-con-inner\">\n\t\t\t\t<div class=\"elementor-element elementor-element-2be686a elementor-widget elementor-widget-video\" data-id=\"2be686a\" data-element_type=\"widget\" data-e-type=\"widget\" data-settings=\"{&quot;youtube_url&quot;:&quot;https:\\\/\\\/www.youtube.com\\\/watch?v=zGNiNhKJVxw&quot;,&quot;video_type&quot;:&quot;youtube&quot;,&quot;controls&quot;:&quot;yes&quot;}\" data-widget_type=\"video.default\">\n\t\t\t\t\t\t\t<div class=\"elementor-wrapper elementor-open-inline\">\n\t\t\t<div class=\"elementor-video\"><\/div>\t\t<\/div>\n\t\t\t\t\t\t<\/div>\n\t\t\t\t\t<\/div>\n\t\t\t\t<\/div>\n\t\t<div data-particle_enable=\"false\" data-particle-mobile-disabled=\"false\" class=\"elementor-element elementor-element-7870d18 e-flex e-con-boxed e-con e-parent\" data-id=\"7870d18\" data-element_type=\"container\" data-e-type=\"container\">\n\t\t\t\t\t<div class=\"e-con-inner\">\n\t\t\t\t<div class=\"elementor-element elementor-element-8ee3da1 elementor-widget elementor-widget-text-editor\" data-id=\"8ee3da1\" data-element_type=\"widget\" data-e-type=\"widget\" data-widget_type=\"text-editor.default\">\n\t\t\t\t\t\t\t\t\t<p>La promoci\u00f3n del turismo, la inversi\u00f3n en infraestructura y el fortalecimiento de las comunidades locales<a href=\"https:\/\/soymigrante.com\/revista\/pueblo-poqomam-los-nietos-de-la-luna-estan-presentes-en-4-territorios\/\" target=\"_blank\" rel=\"noopener\"> ser\u00e1n clave para asegurar un futuro pr\u00f3spero para sus habitantes.<\/a><\/p><p>Escuintla contin\u00faa siendo un ejemplo de resiliencia y adaptaci\u00f3n, integrando su rica historia con las oportunidades del presente para construir un futuro lleno de posibilidades.<\/p>\t\t\t\t\t\t\t\t<\/div>\n\t\t\t\t\t<\/div>\n\t\t\t\t<\/div>\n\t\t<div data-particle_enable=\"false\" data-particle-mobile-disabled=\"false\" class=\"elementor-element elementor-element-ebfbbe3 e-flex e-con-boxed e-con e-parent\" data-id=\"ebfbbe3\" data-element_type=\"container\" data-e-type=\"container\">\n\t\t\t\t\t<div class=\"e-con-inner\">\n\t\t\t\t<div class=\"elementor-element elementor-element-c0c4bb4 elementor-widget elementor-widget-heading\" data-id=\"c0c4bb4\" data-element_type=\"widget\" data-e-type=\"widget\" data-widget_type=\"heading.default\">\n\t\t\t\t\t<h2 class=\"elementor-heading-title elementor-size-default\">Conoce m\u00e1s de los departamentos de Guatemala<\/h2>\t\t\t\t<\/div>\n\t\t\t\t\t<\/div>\n\t\t\t\t<\/div>\n\t\t<div data-particle_enable=\"false\" data-particle-mobile-disabled=\"false\" class=\"elementor-element elementor-element-c6360d9 e-flex e-con-boxed e-con e-parent\" data-id=\"c6360d9\" data-element_type=\"container\" data-e-type=\"container\">\n\t\t\t\t\t<div class=\"e-con-inner\">\n\t\t\t\t<div class=\"elementor-element elementor-element-031b36a elementor-grid-eael-col-3 elementor-grid-tablet-eael-col-2 elementor-grid-mobile-eael-col-1 elementor-widget elementor-widget-eael-post-grid\" data-id=\"031b36a\" data-element_type=\"widget\" data-e-type=\"widget\" data-settings=\"{&quot;eael_post_grid_columns&quot;:&quot;eael-col-3&quot;,&quot;eael_post_grid_columns_tablet&quot;:&quot;eael-col-2&quot;,&quot;eael_post_grid_columns_mobile&quot;:&quot;eael-col-1&quot;}\" data-widget_type=\"eael-post-grid.default\">\n\t\t\t\t\t<div id=\"eael-post-grid-031b36a\" class=\"eael-post-grid-container\">\n            <div class=\"eael-post-grid eael-post-appender eael-post-appender-031b36a eael-post-grid-style-one\" data-layout-mode=\"masonry\"><article class=\"eael-grid-post  eael-post-grid-column eael-pg-post-17968 category-guate-nuestra tags-departamentos-de-guatemala\" data-id=\"17968\">\n        <div class=\"eael-grid-post-holder\">\n            <div class=\"eael-grid-post-holder-inner\"><div class=\"eael-entry-media\"><div class=\"eael-entry-overlay fade-in\"><i class=\"far fa-hand-pointer\" aria-hidden=\"true\"><\/i><a href=\"https:\/\/soymigrante.com\/revista\/departamentos-de-guatemala-chimaltenango-tiene-montanas-tradicion-y-la-primera-capital-de-guatemala\/\"><\/a><\/div><div class=\"eael-entry-thumbnail \">\n                <img decoding=\"async\" width=\"1024\" height=\"1024\" src=\"https:\/\/soymigrante.com\/revista\/wp-content\/uploads\/2024\/12\/eduardo-cot-patzun-cuadrada-1024x1024.jpg\" class=\"attachment-large size-large wp-image-18646\" alt=\"Nube cubriendo monta\u00f1as al amanecer en un paisaje rural con volcanes, cielo colorido y casas en primer plano, resaltando la belleza natural y cultural de Guatemala.\" srcset=\"https:\/\/soymigrante.com\/revista\/wp-content\/uploads\/2024\/12\/eduardo-cot-patzun-cuadrada-1024x1024.jpg 1024w, https:\/\/soymigrante.com\/revista\/wp-content\/uploads\/2024\/12\/eduardo-cot-patzun-cuadrada-300x300.jpg 300w, https:\/\/soymigrante.com\/revista\/wp-content\/uploads\/2024\/12\/eduardo-cot-patzun-cuadrada-150x150.jpg 150w, https:\/\/soymigrante.com\/revista\/wp-content\/uploads\/2024\/12\/eduardo-cot-patzun-cuadrada-768x768.jpg 768w, https:\/\/soymigrante.com\/revista\/wp-content\/uploads\/2024\/12\/eduardo-cot-patzun-cuadrada-75x75.webp 75w, https:\/\/soymigrante.com\/revista\/wp-content\/uploads\/2024\/12\/eduardo-cot-patzun-cuadrada-750x750.webp 750w, https:\/\/soymigrante.com\/revista\/wp-content\/uploads\/2024\/12\/eduardo-cot-patzun-cuadrada.webp 1059w\" sizes=\"(max-width: 1024px) 100vw, 1024px\" \/>\n            <\/div>\n        <\/div><div class=\"eael-entry-wrapper\"><header class=\"eael-entry-header\"><h2 class=\"eael-entry-title\"><a class=\"eael-grid-post-link\" href=\"https:\/\/soymigrante.com\/revista\/departamentos-de-guatemala-chimaltenango-tiene-montanas-tradicion-y-la-primera-capital-de-guatemala\/\" title=\"Departamentos de Guatemala: Chimaltenango tiene monta\u00f1as, tradici\u00f3n y la primera capital de Guatemala\">Departamentos de Guatemala: Chimaltenango tiene monta\u00f1as, tradici\u00f3n y la primera capital de Guatemala<\/a><\/h2><\/header><div class=\"eael-entry-content\">\n                        <div class=\"eael-grid-post-excerpt\"><a href=\"https:\/\/soymigrante.com\/revista\/departamentos-de-guatemala-chimaltenango-tiene-montanas-tradicion-y-la-primera-capital-de-guatemala\/\" class=\"eael-post-elements-readmore-btn\">CONOCE SU HISTORIA <\/a><\/div>\n                    <\/div><\/div><\/div>\n        <\/div>\n    <\/article><article class=\"eael-grid-post  eael-post-grid-column eael-pg-post-17922 category-guate-nuestra tags-departamentos-de-guatemala\" data-id=\"17922\">\n        <div class=\"eael-grid-post-holder\">\n            <div class=\"eael-grid-post-holder-inner\"><div class=\"eael-entry-media\"><div class=\"eael-entry-overlay fade-in\"><i class=\"far fa-hand-pointer\" aria-hidden=\"true\"><\/i><a href=\"https:\/\/soymigrante.com\/revista\/baja-verapaz-tierra-de-trabajo-del-gran-rabinal-achi-y-el-salto-de-chilasco\/\"><\/a><\/div><div class=\"eael-entry-thumbnail \">\n                <img loading=\"lazy\" decoding=\"async\" width=\"706\" height=\"706\" src=\"https:\/\/soymigrante.com\/revista\/wp-content\/uploads\/2024\/12\/salto-de-chilasco-gustavo-2.webp\" class=\"attachment-large size-large wp-image-18474\" alt=\"Ca\u00edda de agua en naturaleza, cascada en la selva, paisaje de flora y r\u00edo, fotograf\u00eda de paisaje natural, belleza del bosque lluvioso, cascada proyectada en niebla, vegetaci\u00f3n exuberante en medio de la naturaleza, naturaleza en su estado puro, ecosistema selv\u00e1tico, paisaje de agua y \u00e1rboles, relevancia: alta para art\u00edculos sobre naturaleza y turismo ecol\u00f3gico.\" srcset=\"https:\/\/soymigrante.com\/revista\/wp-content\/uploads\/2024\/12\/salto-de-chilasco-gustavo-2.webp 706w, https:\/\/soymigrante.com\/revista\/wp-content\/uploads\/2024\/12\/salto-de-chilasco-gustavo-2-300x300.jpg 300w, https:\/\/soymigrante.com\/revista\/wp-content\/uploads\/2024\/12\/salto-de-chilasco-gustavo-2-150x150.jpg 150w, https:\/\/soymigrante.com\/revista\/wp-content\/uploads\/2024\/12\/salto-de-chilasco-gustavo-2-75x75.webp 75w\" sizes=\"(max-width: 706px) 100vw, 706px\" \/>\n            <\/div>\n        <\/div><div class=\"eael-entry-wrapper\"><header class=\"eael-entry-header\"><h2 class=\"eael-entry-title\"><a class=\"eael-grid-post-link\" href=\"https:\/\/soymigrante.com\/revista\/baja-verapaz-tierra-de-trabajo-del-gran-rabinal-achi-y-el-salto-de-chilasco\/\" title=\"Departamentos de Guatemala: Baja Verapaz: tierra de trabajo, del Rabinal Ach\u00ed y el salto de Chilasc\u00f3\">Departamentos de Guatemala: Baja Verapaz: tierra de trabajo, del Rabinal Ach\u00ed y el salto de Chilasc\u00f3<\/a><\/h2><\/header><div class=\"eael-entry-content\">\n                        <div class=\"eael-grid-post-excerpt\"><a href=\"https:\/\/soymigrante.com\/revista\/baja-verapaz-tierra-de-trabajo-del-gran-rabinal-achi-y-el-salto-de-chilasco\/\" class=\"eael-post-elements-readmore-btn\">CONOCE SU HISTORIA <\/a><\/div>\n                    <\/div><\/div><\/div>\n        <\/div>\n    <\/article><article class=\"eael-grid-post  eael-post-grid-column eael-pg-post-15953 category-guate-nuestra tags-departamentos-de-guatemala\" data-id=\"15953\">\n        <div class=\"eael-grid-post-holder\">\n            <div class=\"eael-grid-post-holder-inner\"><div class=\"eael-entry-media\"><div class=\"eael-entry-overlay fade-in\"><i class=\"far fa-hand-pointer\" aria-hidden=\"true\"><\/i><a href=\"https:\/\/soymigrante.com\/revista\/departamentos-de-guatemala-alta-verapaz-mosaico-cultural-y-natural\/\"><\/a><\/div><div class=\"eael-entry-thumbnail \">\n                <img loading=\"lazy\" decoding=\"async\" width=\"1024\" height=\"1024\" src=\"https:\/\/soymigrante.com\/revista\/wp-content\/uploads\/2024\/12\/Alta-verapaz-e1733850705973-1024x1024.jpeg\" class=\"attachment-large size-large wp-image-15955\" alt=\"L\u00e1grimas gigantes en la selva tropical con cascada y piscina de agua, vista a\u00e9rea de exuberante vegetaci\u00f3n verde en un paisaje natural impresionante.\" srcset=\"https:\/\/soymigrante.com\/revista\/wp-content\/uploads\/2024\/12\/Alta-verapaz-e1733850705973-1024x1024.jpeg 1024w, https:\/\/soymigrante.com\/revista\/wp-content\/uploads\/2024\/12\/Alta-verapaz-e1733850705973-300x300.jpeg 300w, https:\/\/soymigrante.com\/revista\/wp-content\/uploads\/2024\/12\/Alta-verapaz-e1733850705973-150x150.jpeg 150w, https:\/\/soymigrante.com\/revista\/wp-content\/uploads\/2024\/12\/Alta-verapaz-e1733850705973-768x768.jpeg 768w, https:\/\/soymigrante.com\/revista\/wp-content\/uploads\/2024\/12\/Alta-verapaz-e1733850705973-75x75.webp 75w, https:\/\/soymigrante.com\/revista\/wp-content\/uploads\/2024\/12\/Alta-verapaz-e1733850705973-750x750.webp 750w, https:\/\/soymigrante.com\/revista\/wp-content\/uploads\/2024\/12\/Alta-verapaz-e1733850705973.webp 1078w\" sizes=\"(max-width: 1024px) 100vw, 1024px\" \/>\n            <\/div>\n        <\/div><div class=\"eael-entry-wrapper\"><header class=\"eael-entry-header\"><h2 class=\"eael-entry-title\"><a class=\"eael-grid-post-link\" href=\"https:\/\/soymigrante.com\/revista\/departamentos-de-guatemala-alta-verapaz-mosaico-cultural-y-natural\/\" title=\"Departamentos de Guatemala : Alta Verapaz, cuna de la Monja Blanca\">Departamentos de Guatemala : Alta Verapaz, cuna de la Monja Blanca<\/a><\/h2><\/header><div class=\"eael-entry-content\">\n                        <div class=\"eael-grid-post-excerpt\"><a href=\"https:\/\/soymigrante.com\/revista\/departamentos-de-guatemala-alta-verapaz-mosaico-cultural-y-natural\/\" class=\"eael-post-elements-readmore-btn\">CONOCE SU HISTORIA <\/a><\/div>\n                    <\/div><\/div><\/div>\n        <\/div>\n    <\/article><\/div>\n            <div class=\"clearfix\"><\/div>\n        <\/div>\t\t\t\t<\/div>\n\t\t\t\t\t<\/div>\n\t\t\t\t<\/div>\n\t\t\t\t<\/div>\n\t\t","protected":false},"excerpt":{"rendered":"<p>Localizado en la regi\u00f3n sur central de Guatemala, Escuintla es uno de los departamentos con mayor actividad econ\u00f3mica; se estima que se genera hasta un 10% del Producto Interno Bruto, pero adem\u00e1s tiene riqueza hist\u00f3rica, arqueol\u00f3gica y cultural. Escuintla abarca desde la llamada &#8220;bocacosta&#8221;, al pie de los volcanes de Pacaya y Fuego,hasta una l\u00ednea [&hellip;]<\/p>\n","protected":false},"author":19,"featured_media":19926,"comment_status":"open","ping_status":"open","sticky":false,"template":"","format":"standard","meta":{"_acf_changed":false,"_eb_attr":"","footnotes":""},"categories":[58],"tags":[137],"class_list":["post-18016","post","type-post","status-publish","format-standard","has-post-thumbnail","hentry","category-guate-nuestra","tag-departamentos-de-guatemala"],"acf":[],"aioseo_notices":[],"aioseo_head":"\n\t\t<!-- All in One SEO Pro 4.9.6.2 - aioseo.com -->\n\t<meta name=\"description\" content=\"Alta Verapaz es la tierra de Manuel Tot y de la maravilla natural de Semuc Champey, entre muchos otros tesoros de historia y naturaleza.\" \/>\n\t<meta name=\"robots\" content=\"max-snippet:-1, max-image-preview:large, max-video-preview:-1\" \/>\n\t<meta name=\"author\" content=\"Marysabel Aldana\"\/>\n\t<link rel=\"canonical\" href=\"https:\/\/soymigrante.com\/revista\/departamentos-de-guatemala-alta-verapaz-mosaico-cultural-y-natural\/\" \/>\n\t<meta name=\"generator\" content=\"All in One SEO Pro (AIOSEO) 4.9.6.2\" \/>\n\n\t\t<link rel=\"preconnect\" href=\"https:\/\/fonts.googleapis.com\" crossorigin>\n<link rel=\"preconnect\" href=\"https:\/\/fonts.gstatic.com\" crossorigin>\n\t\t<meta property=\"og:locale\" content=\"es_ES\" \/>\n\t\t<meta property=\"og:site_name\" content=\"SoyMigrante.com REVISTA \u2013 Nuestra misi\u00f3n es reconocer y dignificar al migrante.\" \/>\n\t\t<meta property=\"og:type\" content=\"article\" \/>\n\t\t<meta property=\"og:title\" content=\"Departamentos de Guatemala : Alta Verapaz, cuna de la Monja Blanca\" \/>\n\t\t<meta property=\"og:description\" content=\"Alta Verapaz es la tierra de Manuel Tot y de la maravilla natural de Semuc Champey, entre muchos otros tesoros de historia y naturaleza.\" \/>\n\t\t<meta property=\"og:url\" content=\"https:\/\/soymigrante.com\/revista\/departamentos-de-guatemala-alta-verapaz-mosaico-cultural-y-natural\/\" \/>\n\t\t<meta property=\"og:image\" content=\"https:\/\/soymigrante.com\/revista\/wp-content\/uploads\/2024\/12\/Alta-verapaz-e1733850705973.webp\" \/>\n\t\t<meta property=\"og:image:secure_url\" content=\"https:\/\/soymigrante.com\/revista\/wp-content\/uploads\/2024\/12\/Alta-verapaz-e1733850705973.webp\" \/>\n\t\t<meta property=\"og:image:width\" content=\"1078\" \/>\n\t\t<meta property=\"og:image:height\" content=\"1078\" \/>\n\t\t<meta property=\"article:published_time\" content=\"2024-12-26T18:56:53+00:00\" \/>\n\t\t<meta property=\"article:modified_time\" content=\"2025-03-04T18:38:32+00:00\" \/>\n\t\t<meta property=\"article:publisher\" content=\"https:\/\/www.facebook.com\/soymigrantecom\" \/>\n\t\t<meta name=\"twitter:card\" content=\"summary_large_image\" \/>\n\t\t<meta name=\"twitter:site\" content=\"@SoyMigrante_com\" \/>\n\t\t<meta name=\"twitter:title\" content=\"Departamentos de Guatemala : Alta Verapaz, cuna de la Monja Blanca\" \/>\n\t\t<meta name=\"twitter:description\" content=\"Alta Verapaz es la tierra de Manuel Tot y de la maravilla natural de Semuc Champey, entre muchos otros tesoros de historia y naturaleza.\" \/>\n\t\t<meta name=\"twitter:creator\" content=\"@SoyMigrante_com\" \/>\n\t\t<meta name=\"twitter:image\" content=\"https:\/\/soymigrante.com\/revista\/wp-content\/uploads\/2024\/12\/Alta-verapaz-e1733850705973.webp\" \/>\n\t\t<!-- All in One SEO Pro -->\r\n\t\t<title>Departamentos de Guatemala : Alta Verapaz, cuna de la Monja Blanca<\/title>\n\n","aioseo_head_json":{"title":"Departamentos de Guatemala : Alta Verapaz, cuna de la Monja Blanca","description":"Alta Verapaz es la tierra de Manuel Tot y de la maravilla natural de Semuc Champey, entre muchos otros tesoros de historia y naturaleza.","canonical_url":"https:\/\/soymigrante.com\/revista\/departamentos-de-guatemala-alta-verapaz-mosaico-cultural-y-natural\/","robots":"max-snippet:-1, max-image-preview:large, max-video-preview:-1","keywords":"","webmasterTools":{"miscellaneous":"&lt;link rel=\"preconnect\" href=\"https:\/\/fonts.googleapis.com\" crossorigin&gt;\n&lt;link rel=\"preconnect\" href=\"https:\/\/fonts.gstatic.com\" crossorigin&gt;"},"schema":null,"og:locale":"es_ES","og:site_name":"SoyMigrante.com REVISTA \u2013 Nuestra misi\u00f3n es reconocer y dignificar al migrante.","og:type":"article","og:title":"Departamentos de Guatemala : Alta Verapaz, cuna de la Monja Blanca","og:description":"Alta Verapaz es la tierra de Manuel Tot y de la maravilla natural de Semuc Champey, entre muchos otros tesoros de historia y naturaleza.","og:url":"https:\/\/soymigrante.com\/revista\/departamentos-de-guatemala-alta-verapaz-mosaico-cultural-y-natural\/","og:image":"https:\/\/soymigrante.com\/revista\/wp-content\/uploads\/2024\/12\/Alta-verapaz-e1733850705973.webp","og:image:secure_url":"https:\/\/soymigrante.com\/revista\/wp-content\/uploads\/2024\/12\/Alta-verapaz-e1733850705973.webp","og:image:width":1078,"og:image:height":1078,"article:published_time":"2024-12-26T18:56:53+00:00","article:modified_time":"2025-03-04T18:38:32+00:00","article:publisher":"https:\/\/www.facebook.com\/soymigrantecom","twitter:card":"summary_large_image","twitter:site":"@SoyMigrante_com","twitter:title":"Departamentos de Guatemala : Alta Verapaz, cuna de la Monja Blanca","twitter:description":"Alta Verapaz es la tierra de Manuel Tot y de la maravilla natural de Semuc Champey, entre muchos otros tesoros de historia y naturaleza.","twitter:creator":"@SoyMigrante_com","twitter:image":"https:\/\/soymigrante.com\/revista\/wp-content\/uploads\/2024\/12\/Alta-verapaz-e1733850705973.webp"},"aioseo_meta_data":{"post_id":"18016","title":"Departamentos de Guatemala: Escuintla, motor econ\u00f3mico","description":"\u00bfQu\u00e9 significa Escuintla? \u00bfCu\u00e1ntos municipios tiene? \u00bfCu\u00e1ndo fue fundado? Estas y otras preguntas de las respondemos en esta serie Departamentos de Guatemala","keywords":null,"keyphrases":{"focus":{"keyphrase":"Escuintla","score":100,"analysis":{"keyphraseInTitle":{"score":9,"maxScore":9,"error":0},"keyphraseInDescription":{"score":9,"maxScore":9,"error":0},"keyphraseLength":{"score":9,"maxScore":9,"error":0,"length":1},"keyphraseInURL":{"score":5,"maxScore":5,"error":0},"keyphraseInIntroduction":{"score":9,"maxScore":9,"error":0},"keyphraseInSubHeadings":{"score":9,"maxScore":9,"error":0},"keyphraseInImageAlt":{"score":9,"maxScore":9,"error":0},"keywordDensity":{"type":"best","score":9,"maxScore":9,"error":0}}},"additional":[{"keyphrase":"Escuintla","score":100,"analysis":{"keyphraseInDescription":{"score":9,"maxScore":9,"error":0},"keyphraseLength":{"score":9,"maxScore":9,"error":0,"length":1},"keyphraseInIntroduction":{"score":9,"maxScore":9,"error":0},"keyphraseInImageAlt":{"score":9,"maxScore":9,"error":0},"keywordDensity":{"type":"best","score":9,"maxScore":9,"error":0}}}]},"primary_term":null,"canonical_url":null,"og_title":null,"og_description":null,"og_object_type":"default","og_image_type":"default","og_image_url":null,"og_image_width":null,"og_image_height":null,"og_image_custom_url":null,"og_image_custom_fields":null,"og_video":"","og_custom_url":null,"og_article_section":null,"og_article_tags":null,"twitter_use_og":false,"twitter_card":"default","twitter_image_type":"default","twitter_image_url":null,"twitter_image_custom_url":null,"twitter_image_custom_fields":null,"twitter_title":null,"twitter_description":null,"schema":{"blockGraphs":[],"customGraphs":[],"default":{"data":{"Article":[],"Course":[],"Dataset":[],"FAQPage":[],"Movie":[],"Person":[],"Product":[],"ProductReview":[],"Car":[],"Recipe":[],"Service":[],"SoftwareApplication":[],"WebPage":[]},"graphName":"BlogPosting","isEnabled":true},"graphs":[]},"schema_type":"default","schema_type_options":null,"pillar_content":false,"robots_default":true,"robots_noindex":false,"robots_noarchive":false,"robots_nosnippet":false,"robots_nofollow":false,"robots_noimageindex":false,"robots_noodp":false,"robots_notranslate":false,"robots_max_snippet":"-1","robots_max_videopreview":"-1","robots_max_imagepreview":"large","priority":null,"frequency":"default","local_seo":null,"seo_analyzer_scan_date":"2025-10-09 01:39:39","breadcrumb_settings":null,"limit_modified_date":false,"reviewed_by":null,"open_ai":"{\"title\":{\"suggestions\":[],\"usage\":0},\"description\":{\"suggestions\":[],\"usage\":0}}","ai":null,"created":"2024-12-24 15:29:07","updated":"2026-02-04 18:51:10"},"aioseo_breadcrumb":"<div class=\"aioseo-breadcrumbs\"><span class=\"aioseo-breadcrumb\">\n\t<a href=\"https:\/\/soymigrante.com\/revista\" title=\"Home\">Home<\/a>\n<\/span><span class=\"aioseo-breadcrumb-separator\">\u00bb<\/span><span class=\"aioseo-breadcrumb\">\n\t<a href=\"https:\/\/soymigrante.com\/revista\/category\/guate-nuestra\/\" title=\"Guate Nuestra\">Guate Nuestra<\/a>\n<\/span><span class=\"aioseo-breadcrumb-separator\">\u00bb<\/span><span class=\"aioseo-breadcrumb\">\n\tDepartamentos de Guatemala: Escuintla es corredor econ\u00f3mico, destino tur\u00edstico y puerta al Pac\u00edfico\n<\/span><\/div>","aioseo_breadcrumb_json":[{"label":"Home","link":"https:\/\/soymigrante.com\/revista"},{"label":"Guate Nuestra","link":"https:\/\/soymigrante.com\/revista\/category\/guate-nuestra\/"},{"label":"Departamentos de Guatemala: Escuintla es corredor econ\u00f3mico, destino tur\u00edstico y puerta al Pac\u00edfico","link":"https:\/\/soymigrante.com\/revista\/departamentos-de-guatemala-escuintla-es-corredor-economico-destino-turistico-y-puerta-al-pacifico\/"}],"_links":{"self":[{"href":"https:\/\/soymigrante.com\/revista\/wp-json\/wp\/v2\/posts\/18016","targetHints":{"allow":["GET"]}}],"collection":[{"href":"https:\/\/soymigrante.com\/revista\/wp-json\/wp\/v2\/posts"}],"about":[{"href":"https:\/\/soymigrante.com\/revista\/wp-json\/wp\/v2\/types\/post"}],"author":[{"embeddable":true,"href":"https:\/\/soymigrante.com\/revista\/wp-json\/wp\/v2\/users\/19"}],"replies":[{"embeddable":true,"href":"https:\/\/soymigrante.com\/revista\/wp-json\/wp\/v2\/comments?post=18016"}],"version-history":[{"count":0,"href":"https:\/\/soymigrante.com\/revista\/wp-json\/wp\/v2\/posts\/18016\/revisions"}],"wp:featuredmedia":[{"embeddable":true,"href":"https:\/\/soymigrante.com\/revista\/wp-json\/wp\/v2\/media\/19926"}],"wp:attachment":[{"href":"https:\/\/soymigrante.com\/revista\/wp-json\/wp\/v2\/media?parent=18016"}],"wp:term":[{"taxonomy":"category","embeddable":true,"href":"https:\/\/soymigrante.com\/revista\/wp-json\/wp\/v2\/categories?post=18016"},{"taxonomy":"post_tag","embeddable":true,"href":"https:\/\/soymigrante.com\/revista\/wp-json\/wp\/v2\/tags?post=18016"}],"curies":[{"name":"wp","href":"https:\/\/api.w.org\/{rel}","templated":true}]}}