{"id":1801,"date":"2023-07-10T18:17:59","date_gmt":"2023-07-10T18:17:59","guid":{"rendered":"https:\/\/soymigrante.com\/revista\/?p=1801"},"modified":"2024-07-31T09:52:35","modified_gmt":"2024-07-31T15:52:35","slug":"realidades-sueno-americano-inmigrantes","status":"publish","type":"post","link":"https:\/\/soymigrante.com\/revista\/realidades-sueno-americano-inmigrantes\/","title":{"rendered":"Luces y sombras del llamado &#8220;sue\u00f1o americano&#8221;"},"content":{"rendered":"\t\t<div data-elementor-type=\"wp-post\" data-elementor-id=\"1801\" class=\"elementor elementor-1801\" data-elementor-post-type=\"post\">\n\t\t\t\t\t\t<section data-particle_enable=\"false\" data-particle-mobile-disabled=\"false\" class=\"elementor-section elementor-top-section elementor-element elementor-element-06f42c0 elementor-section-boxed elementor-section-height-default elementor-section-height-default\" data-id=\"06f42c0\" data-element_type=\"section\" data-e-type=\"section\">\n\t\t\t\t\t\t<div class=\"elementor-container elementor-column-gap-default\">\n\t\t\t\t\t<div class=\"elementor-column elementor-col-100 elementor-top-column elementor-element elementor-element-f496209\" data-id=\"f496209\" data-element_type=\"column\" data-e-type=\"column\">\n\t\t\t<div class=\"elementor-widget-wrap elementor-element-populated\">\n\t\t\t\t\t\t<div class=\"elementor-element elementor-element-6f61b59 elementor-widget elementor-widget-heading\" data-id=\"6f61b59\" data-element_type=\"widget\" data-e-type=\"widget\" data-widget_type=\"heading.default\">\n\t\t\t\t\t<h1 class=\"elementor-heading-title elementor-size-default\">No se trata de un sue\u00f1o para todos pero eso no quiere decir una opini\u00f3n excluyente de mi parte. Es simplemente reconocer que hay factores adversos contra los cuales se debe luchar.<\/h1>\t\t\t\t<\/div>\n\t\t\t\t\t<\/div>\n\t\t<\/div>\n\t\t\t\t\t<\/div>\n\t\t<\/section>\n\t\t\t\t<section data-particle_enable=\"false\" data-particle-mobile-disabled=\"false\" class=\"elementor-section elementor-top-section elementor-element elementor-element-b8e00da elementor-section-boxed elementor-section-height-default elementor-section-height-default\" data-id=\"b8e00da\" data-element_type=\"section\" data-e-type=\"section\">\n\t\t\t\t\t\t<div class=\"elementor-container elementor-column-gap-default\">\n\t\t\t\t\t<div class=\"elementor-column elementor-col-100 elementor-top-column elementor-element elementor-element-e397fa9\" data-id=\"e397fa9\" data-element_type=\"column\" data-e-type=\"column\">\n\t\t\t<div class=\"elementor-widget-wrap elementor-element-populated\">\n\t\t\t\t\t\t<div class=\"elementor-element elementor-element-a7432b7 elementor-widget elementor-widget-image\" data-id=\"a7432b7\" data-element_type=\"widget\" data-e-type=\"widget\" data-widget_type=\"image.default\">\n\t\t\t\t\t\t\t\t\t\t\t\t<figure class=\"wp-caption\">\n\t\t\t\t\t\t\t\t\t\t<img fetchpriority=\"high\" decoding=\"async\" width=\"394\" height=\"254\" src=\"https:\/\/soymigrante.com\/revista\/wp-content\/uploads\/2023\/07\/maugdo-3-1.webp\" class=\"attachment-large size-large wp-image-1802\" alt=\"Boceto original del artista guatemalteco Maugdo V\u00e1squez\" srcset=\"https:\/\/soymigrante.com\/revista\/wp-content\/uploads\/2023\/07\/maugdo-3-1.webp 394w, https:\/\/soymigrante.com\/revista\/wp-content\/uploads\/2023\/07\/maugdo-3-1-300x193.webp 300w\" sizes=\"(max-width: 394px) 100vw, 394px\" title=\"Boceto original del artista guatemalteco Maugdo V\u00e1squez \u2013 SoyMigrante.com REVISTA\" \/>\t\t\t\t\t\t\t\t\t\t\t<figcaption class=\"widget-image-caption wp-caption-text\">Boceto original del artista guatemalteco Maugdo V\u00e1squez<\/figcaption>\n\t\t\t\t\t\t\t\t\t\t<\/figure>\n\t\t\t\t\t\t\t\t\t<\/div>\n\t\t\t\t\t<\/div>\n\t\t<\/div>\n\t\t\t\t\t<\/div>\n\t\t<\/section>\n\t\t\t\t<section data-particle_enable=\"false\" data-particle-mobile-disabled=\"false\" class=\"elementor-section elementor-top-section elementor-element elementor-element-6b706af elementor-section-boxed elementor-section-height-default elementor-section-height-default\" data-id=\"6b706af\" data-element_type=\"section\" data-e-type=\"section\">\n\t\t\t\t\t\t<div class=\"elementor-container elementor-column-gap-default\">\n\t\t\t\t\t<div class=\"elementor-column elementor-col-100 elementor-top-column elementor-element elementor-element-c8b589a\" data-id=\"c8b589a\" data-element_type=\"column\" data-e-type=\"column\">\n\t\t\t<div class=\"elementor-widget-wrap elementor-element-populated\">\n\t\t\t\t\t\t<div class=\"elementor-element elementor-element-5208002 elementor-widget elementor-widget-text-editor\" data-id=\"5208002\" data-element_type=\"widget\" data-e-type=\"widget\" data-widget_type=\"text-editor.default\">\n\t\t\t\t\t\t\t\t\t<p><span style=\"color: var( --e-global-color-text ); background-color: var(--ak-bg-color);\">&nbsp;<b>Por Catalino Ortega, guatemalteco residente en Estados Unidos&nbsp;<br>Ilustraciones: bocetos del artista guatemalteco Maugdo V\u00e1squez<\/b><\/span><\/p>\n<p>Muchos inmigrantes de distintos pa\u00edses&nbsp; vienen aqu\u00ed a los Estados Unidos, en b\u00fasqueda del llamado &#8220;sue\u00f1o americano&#8221;. Algunos lo han alcanzado pero tambi\u00e9n hay muchos para quienes&nbsp; ha quedado precisamente en eso: solo un sue\u00f1o.&nbsp;<\/p>\n<p><span style=\"color: var( --e-global-color-text ); background-color: var(--ak-bg-color);\">En muchos de los casos porque no se es nada f\u00e1cil conseguir un permiso de trabajo debidamente autorizado, as\u00ed como tener la preparaci\u00f3n intelectual o bien se han topado con la barrera del idioma que no han podido superar por diversos motivos.&nbsp; Uno de estos es porque se viene a trabajar duro para costearse gastos de alimentaci\u00f3n, vivienda y vestuario.&nbsp;<\/span><\/p>\n<p><span style=\"color: var( --e-global-color-text ); background-color: var(--ak-bg-color);\">A ello se a\u00f1ade tener la obligaci\u00f3n de enviar remesas a sus familiares que dejaron en sus pa\u00edses de origen y en algunos casos tener que completarle el pago al &#8220;coyote&#8221; que los hizo pasar un suplicio para ingresarlos a estas tierras. Estas salidas de dinero les impiden estudiar o pagarse un curso de idioma ingl\u00e9s. A veces no hay tiempo.&nbsp; No es nada f\u00e1cil pensar venirse y conseguir los prop\u00f3sitos de &#8220;mejorar la vida&#8221; como muchos piensan.<\/span><\/p>\n<p><\/p>\t\t\t\t\t\t\t\t<\/div>\n\t\t\t\t\t<\/div>\n\t\t<\/div>\n\t\t\t\t\t<\/div>\n\t\t<\/section>\n\t\t\t\t<section data-particle_enable=\"false\" data-particle-mobile-disabled=\"false\" class=\"elementor-section elementor-top-section elementor-element elementor-element-44e415e elementor-section-boxed elementor-section-height-default elementor-section-height-default\" data-id=\"44e415e\" data-element_type=\"section\" data-e-type=\"section\">\n\t\t\t\t\t\t<div class=\"elementor-container elementor-column-gap-default\">\n\t\t\t\t\t<div class=\"elementor-column elementor-col-100 elementor-top-column elementor-element elementor-element-622fa77\" data-id=\"622fa77\" data-element_type=\"column\" data-e-type=\"column\">\n\t\t\t<div class=\"elementor-widget-wrap elementor-element-populated\">\n\t\t\t\t\t\t<div class=\"elementor-element elementor-element-767b95d elementor-widget elementor-widget-image\" data-id=\"767b95d\" data-element_type=\"widget\" data-e-type=\"widget\" data-widget_type=\"image.default\">\n\t\t\t\t\t\t\t\t\t\t\t\t<figure class=\"wp-caption\">\n\t\t\t\t\t\t\t\t\t\t<img decoding=\"async\" width=\"437\" height=\"287\" src=\"https:\/\/soymigrante.com\/revista\/wp-content\/uploads\/2023\/07\/nina.webp\" class=\"attachment-large size-large wp-image-1804\" alt=\"El llamado &quot;sue\u00f1o americano&quot; es una especie de ideal atado a muchas limitaciones de tiempo, trabajo, recursos, barrera idiom\u00e1tica y muchos sacrificios. (Ilustraci\u00f3n: boceto del maestro guatemalteco Maugdo V\u00e1squez)\" srcset=\"https:\/\/soymigrante.com\/revista\/wp-content\/uploads\/2023\/07\/nina.webp 437w, https:\/\/soymigrante.com\/revista\/wp-content\/uploads\/2023\/07\/nina-300x197.webp 300w\" sizes=\"(max-width: 437px) 100vw, 437px\" title=\"El llamado &quot;sue\u00f1o americano&quot; es una especie de ideal atado a muchas limitaciones de tiempo, trabajo, recursos, barrera idiom\u00e1tica y muchos sacrificios. (Ilustraci\u00f3n: boceto del maestro guatemalteco Maugdo V\u00e1squez) \u2013 SoyMigrante.com REVISTA\" \/>\t\t\t\t\t\t\t\t\t\t\t<figcaption class=\"widget-image-caption wp-caption-text\">El llamado \"sue\u00f1o americano\" es una especie de ideal atado a muchas limitaciones de tiempo, trabajo, recursos, barrera idiom\u00e1tica y muchos sacrificios. (Ilustraci\u00f3n: boceto del maestro guatemalteco Maugdo V\u00e1squez)<\/figcaption>\n\t\t\t\t\t\t\t\t\t\t<\/figure>\n\t\t\t\t\t\t\t\t\t<\/div>\n\t\t\t\t\t<\/div>\n\t\t<\/div>\n\t\t\t\t\t<\/div>\n\t\t<\/section>\n\t\t\t\t<section data-particle_enable=\"false\" data-particle-mobile-disabled=\"false\" class=\"elementor-section elementor-top-section elementor-element elementor-element-0380760 elementor-section-boxed elementor-section-height-default elementor-section-height-default\" data-id=\"0380760\" data-element_type=\"section\" data-e-type=\"section\">\n\t\t\t\t\t\t<div class=\"elementor-container elementor-column-gap-default\">\n\t\t\t\t\t<div class=\"elementor-column elementor-col-100 elementor-top-column elementor-element elementor-element-e352a3a\" data-id=\"e352a3a\" data-element_type=\"column\" data-e-type=\"column\">\n\t\t\t<div class=\"elementor-widget-wrap elementor-element-populated\">\n\t\t\t\t\t\t<div class=\"elementor-element elementor-element-a086745 elementor-widget elementor-widget-heading\" data-id=\"a086745\" data-element_type=\"widget\" data-e-type=\"widget\" data-widget_type=\"heading.default\">\n\t\t\t\t\t<h2 class=\"elementor-heading-title elementor-size-default\">Cuesta llegar pero no basta con llegar<\/h2>\t\t\t\t<\/div>\n\t\t\t\t\t<\/div>\n\t\t<\/div>\n\t\t\t\t\t<\/div>\n\t\t<\/section>\n\t\t\t\t<section data-particle_enable=\"false\" data-particle-mobile-disabled=\"false\" class=\"elementor-section elementor-top-section elementor-element elementor-element-1da5ca5 elementor-section-boxed elementor-section-height-default elementor-section-height-default\" data-id=\"1da5ca5\" data-element_type=\"section\" data-e-type=\"section\">\n\t\t\t\t\t\t<div class=\"elementor-container elementor-column-gap-default\">\n\t\t\t\t\t<div class=\"elementor-column elementor-col-100 elementor-top-column elementor-element elementor-element-c57bb1e\" data-id=\"c57bb1e\" data-element_type=\"column\" data-e-type=\"column\">\n\t\t\t<div class=\"elementor-widget-wrap elementor-element-populated\">\n\t\t\t\t\t\t<div class=\"elementor-element elementor-element-555d62a elementor-widget elementor-widget-text-editor\" data-id=\"555d62a\" data-element_type=\"widget\" data-e-type=\"widget\" data-widget_type=\"text-editor.default\">\n\t\t\t\t\t\t\t\t\t<p><span style=\"background-color: var(--ak-bg-color);\">El solo hecho de estar ya en suelo americano y mantenerse, quiz\u00e1 sin documentos es ya una situaci\u00f3n de inestabilidad.\u00a0Conseguir trabajo es otro problema no por el hecho que no existan oportunidades laborales, porque s\u00ed hay mucha demanda de\u00a0 mano de obra.<br \/>El problema es que las autoridades migratorias imponen a los patronos o due\u00f1os de empresas condiciones para que contraten personal: cada empresa requiere de cada solicitante de empleo un permiso\u00a0 \u00a0debidamente autorizado para evitarse problemas legales o fuertes multas. Un caso especialmente grave es lo que est\u00e1 ocurriendo en Florida, en donde no se puede ni siquiera alojar, ayudar o transportar a una persona migrante indocumentada.<\/span><\/p><p><span style=\"background-color: var(--ak-bg-color); color: var( --e-global-color-text );\">\u00a0Los empresarios due\u00f1os de negocios tienen mucha necesidad de empleados y hay\u00a0 quienes se ven en la necesidad de recurrir a agencias de empleo para poder contratar empleados y respaldarse ante cualquier problema. Estas agencias ven la forma de validar a ciertos empleados, aunque quiz\u00e1 con un sueldo menor al de los trabajadores legales.\u00a0<\/span><\/p><p><span style=\"color: var( --e-global-color-text ); background-color: var(--ak-bg-color);\">Quede claro que Estados Unidos es el pa\u00eds de las oportunidades, pero eso depende de cada persona que viene el saber aprovechar esos espacios de crecimiento. Las personas m\u00e1s inteligentes son las que tienen \u00e9xito y no me refiero solo a conocimientos sino a su forma de conducirse, correctamente y con respeto a las leyes y normas.<br \/>S\u00ed hay un sue\u00f1o americano, pero a veces es solo eso: un sue\u00f1o.<\/span><\/p>\t\t\t\t\t\t\t\t<\/div>\n\t\t\t\t\t<\/div>\n\t\t<\/div>\n\t\t\t\t\t<\/div>\n\t\t<\/section>\n\t\t\t\t<section data-particle_enable=\"false\" data-particle-mobile-disabled=\"false\" class=\"elementor-section elementor-top-section elementor-element elementor-element-3111ac5 elementor-section-boxed elementor-section-height-default elementor-section-height-default\" data-id=\"3111ac5\" data-element_type=\"section\" data-e-type=\"section\">\n\t\t\t\t\t\t<div class=\"elementor-container elementor-column-gap-default\">\n\t\t\t\t\t<div class=\"elementor-column elementor-col-100 elementor-top-column elementor-element elementor-element-01ff866\" data-id=\"01ff866\" data-element_type=\"column\" data-e-type=\"column\">\n\t\t\t<div class=\"elementor-widget-wrap elementor-element-populated\">\n\t\t\t\t\t\t<div class=\"elementor-element elementor-element-3c3e56f elementor-widget elementor-widget-image\" data-id=\"3c3e56f\" data-element_type=\"widget\" data-e-type=\"widget\" data-widget_type=\"image.default\">\n\t\t\t\t\t\t\t\t\t\t\t\t\t\t\t<img decoding=\"async\" width=\"392\" height=\"577\" src=\"https:\/\/soymigrante.com\/revista\/wp-content\/uploads\/2023\/07\/maugdo.webp\" class=\"attachment-large size-large wp-image-1805\" alt=\"Muchos migrantes dejan a sus familias en Guatemala y deben hacer frente a adversidades, tener varios trabajos y vivir con limitaciones para poder enviar remesas. (Ilustraci\u00f3n: boceto del maestro guatemalteco Maugdo V\u00e1squez)\" srcset=\"https:\/\/soymigrante.com\/revista\/wp-content\/uploads\/2023\/07\/maugdo.webp 392w, https:\/\/soymigrante.com\/revista\/wp-content\/uploads\/2023\/07\/maugdo-204x300.webp 204w\" sizes=\"(max-width: 392px) 100vw, 392px\" title=\"Muchos migrantes dejan a sus familias en Guatemala y deben hacer frente a adversidades, tener varios trabajos y vivir con limitaciones para poder enviar remesas. (Ilustraci\u00f3n: boceto del maestro guatemalteco Maugdo V\u00e1squez) \u2013 SoyMigrante.com REVISTA\" \/>\t\t\t\t\t\t\t\t\t\t\t\t\t\t\t<\/div>\n\t\t\t\t\t<\/div>\n\t\t<\/div>\n\t\t\t\t\t<\/div>\n\t\t<\/section>\n\t\t\t\t<\/div>\n\t\t","protected":false},"excerpt":{"rendered":"<p>No se trata de un sue\u00f1o para todos pero eso no quiere decir una opini\u00f3n excluyente de mi parte. Es simplemente reconocer que hay factores adversos contra los cuales se debe luchar. Boceto original del artista guatemalteco Maugdo V\u00e1squez &nbsp;Por Catalino Ortega, guatemalteco residente en Estados Unidos&nbsp; Ilustraciones: bocetos del artista guatemalteco Maugdo V\u00e1squez Muchos [&hellip;]<\/p>\n","protected":false},"author":1,"featured_media":1807,"comment_status":"open","ping_status":"open","sticky":false,"template":"","format":"standard","meta":{"_acf_changed":false,"_eb_attr":"","footnotes":""},"categories":[56],"tags":[],"class_list":["post-1801","post","type-post","status-publish","format-standard","has-post-thumbnail","hentry","category-lugar-de-voces"],"acf":[],"aioseo_notices":[],"aioseo_head":"\n\t\t<!-- All in One SEO Pro 4.9.6.2 - aioseo.com -->\n\t<meta name=\"description\" content=\"Explora las realidades del &#039;sue\u00f1o americano&#039; para inmigrantes en EE.UU. y los desaf\u00edos que enfrentan en su b\u00fasqueda de una vida mejor\" \/>\n\t<meta name=\"robots\" content=\"max-snippet:-1, max-image-preview:large, max-video-preview:-1\" \/>\n\t<meta name=\"author\" content=\"SoyMigrante.com REVISTA\"\/>\n\t<link rel=\"canonical\" href=\"https:\/\/soymigrante.com\/revista\/realidades-sueno-americano-inmigrantes\/\" \/>\n\t<meta name=\"generator\" content=\"All in One SEO Pro (AIOSEO) 4.9.6.2\" \/>\n\n\t\t<link rel=\"preconnect\" href=\"https:\/\/fonts.googleapis.com\" crossorigin>\n<link rel=\"preconnect\" href=\"https:\/\/fonts.gstatic.com\" crossorigin>\n\t\t<meta property=\"og:locale\" content=\"es_ES\" \/>\n\t\t<meta property=\"og:site_name\" content=\"SoyMigrante.com REVISTA \u2013 Nuestra misi\u00f3n es reconocer y dignificar al migrante.\" \/>\n\t\t<meta property=\"og:type\" content=\"article\" \/>\n\t\t<meta property=\"og:title\" content=\"Desmitificando el &#039;sue\u00f1o americano&#039;: Historias de inmigrantes\" \/>\n\t\t<meta property=\"og:description\" content=\"Explora las realidades del &#039;sue\u00f1o americano&#039; para inmigrantes en EE.UU. y los desaf\u00edos que enfrentan en su b\u00fasqueda de una vida mejor\" \/>\n\t\t<meta property=\"og:url\" content=\"https:\/\/soymigrante.com\/revista\/realidades-sueno-americano-inmigrantes\/\" \/>\n\t\t<meta property=\"og:image\" content=\"https:\/\/soymigrante.com\/revista\/wp-content\/uploads\/2023\/07\/ave-cesar.webp\" \/>\n\t\t<meta property=\"og:image:secure_url\" content=\"https:\/\/soymigrante.com\/revista\/wp-content\/uploads\/2023\/07\/ave-cesar.webp\" \/>\n\t\t<meta property=\"og:image:width\" content=\"262\" \/>\n\t\t<meta property=\"og:image:height\" content=\"244\" \/>\n\t\t<meta property=\"article:published_time\" content=\"2023-07-10T18:17:59+00:00\" \/>\n\t\t<meta property=\"article:modified_time\" content=\"2024-07-31T15:52:35+00:00\" \/>\n\t\t<meta property=\"article:publisher\" content=\"https:\/\/www.facebook.com\/soymigrantecom\" \/>\n\t\t<meta name=\"twitter:card\" content=\"summary_large_image\" \/>\n\t\t<meta name=\"twitter:site\" content=\"@SoyMigrante_com\" \/>\n\t\t<meta name=\"twitter:title\" content=\"Desmitificando el &#039;sue\u00f1o americano&#039;: Historias de inmigrantes\" \/>\n\t\t<meta name=\"twitter:description\" content=\"Explora las realidades del &#039;sue\u00f1o americano&#039; para inmigrantes en EE.UU. y los desaf\u00edos que enfrentan en su b\u00fasqueda de una vida mejor\" \/>\n\t\t<meta name=\"twitter:creator\" content=\"@SoyMigrante_com\" \/>\n\t\t<meta name=\"twitter:image\" content=\"https:\/\/soymigrante.com\/revista\/wp-content\/uploads\/2023\/07\/ave-cesar.webp\" \/>\n\t\t<!-- All in One SEO Pro -->\r\n\t\t<title>Desmitificando el 'sue\u00f1o americano': Historias de inmigrantes<\/title>\n\n","aioseo_head_json":{"title":"Desmitificando el 'sue\u00f1o americano': Historias de inmigrantes","description":"Explora las realidades del 'sue\u00f1o americano' para inmigrantes en EE.UU. y los desaf\u00edos que enfrentan en su b\u00fasqueda de una vida mejor","canonical_url":"https:\/\/soymigrante.com\/revista\/realidades-sueno-americano-inmigrantes\/","robots":"max-snippet:-1, max-image-preview:large, max-video-preview:-1","keywords":"","webmasterTools":{"miscellaneous":"&lt;link rel=\"preconnect\" href=\"https:\/\/fonts.googleapis.com\" crossorigin&gt;\n&lt;link rel=\"preconnect\" href=\"https:\/\/fonts.gstatic.com\" crossorigin&gt;"},"schema":null,"og:locale":"es_ES","og:site_name":"SoyMigrante.com REVISTA \u2013 Nuestra misi\u00f3n es reconocer y dignificar al migrante.","og:type":"article","og:title":"Desmitificando el 'sue\u00f1o americano': Historias de inmigrantes","og:description":"Explora las realidades del 'sue\u00f1o americano' para inmigrantes en EE.UU. y los desaf\u00edos que enfrentan en su b\u00fasqueda de una vida mejor","og:url":"https:\/\/soymigrante.com\/revista\/realidades-sueno-americano-inmigrantes\/","og:image":"https:\/\/soymigrante.com\/revista\/wp-content\/uploads\/2023\/07\/ave-cesar.webp","og:image:secure_url":"https:\/\/soymigrante.com\/revista\/wp-content\/uploads\/2023\/07\/ave-cesar.webp","og:image:width":262,"og:image:height":244,"article:published_time":"2023-07-10T18:17:59+00:00","article:modified_time":"2024-07-31T15:52:35+00:00","article:publisher":"https:\/\/www.facebook.com\/soymigrantecom","twitter:card":"summary_large_image","twitter:site":"@SoyMigrante_com","twitter:title":"Desmitificando el 'sue\u00f1o americano': Historias de inmigrantes","twitter:description":"Explora las realidades del 'sue\u00f1o americano' para inmigrantes en EE.UU. y los desaf\u00edos que enfrentan en su b\u00fasqueda de una vida mejor","twitter:creator":"@SoyMigrante_com","twitter:image":"https:\/\/soymigrante.com\/revista\/wp-content\/uploads\/2023\/07\/ave-cesar.webp"},"aioseo_meta_data":{"post_id":"1801","title":"Desmitificando el 'sue\u00f1o americano': Historias de inmigrantes","description":"Explora las realidades del 'sue\u00f1o americano' para inmigrantes en EE.UU. y los desaf\u00edos que enfrentan en su b\u00fasqueda de una vida mejor","keywords":[],"keyphrases":{"focus":{"keyphrase":"sue\u00f1o americano","score":74,"analysis":{"keyphraseInTitle":{"score":9,"maxScore":9,"error":0},"keyphraseInDescription":{"score":9,"maxScore":9,"error":0},"keyphraseLength":{"score":9,"maxScore":9,"error":0,"length":3},"keyphraseInURL":{"score":5,"maxScore":5,"error":0},"keyphraseInIntroduction":{"score":3,"maxScore":9,"error":1},"keyphraseInSubHeadings":{"score":3,"maxScore":9,"error":1},"keyphraseInImageAlt":{"score":3,"maxScore":9,"error":1},"keywordDensity":{"type":"best","score":9,"maxScore":9,"error":0}}},"additional":[]},"primary_term":null,"canonical_url":null,"og_title":null,"og_description":null,"og_object_type":"default","og_image_type":"default","og_image_url":null,"og_image_width":null,"og_image_height":null,"og_image_custom_url":null,"og_image_custom_fields":null,"og_video":"","og_custom_url":null,"og_article_section":null,"og_article_tags":[],"twitter_use_og":false,"twitter_card":"default","twitter_image_type":"default","twitter_image_url":null,"twitter_image_custom_url":null,"twitter_image_custom_fields":null,"twitter_title":null,"twitter_description":null,"schema":{"blockGraphs":[],"customGraphs":[],"default":{"data":{"Article":[],"Course":[],"Dataset":[],"FAQPage":[],"Movie":[],"Person":[],"Product":[],"ProductReview":[],"Car":[],"Recipe":[],"Service":[],"SoftwareApplication":[],"WebPage":[]},"graphName":"BlogPosting","isEnabled":true},"graphs":[]},"schema_type":"default","schema_type_options":null,"pillar_content":false,"robots_default":true,"robots_noindex":false,"robots_noarchive":false,"robots_nosnippet":false,"robots_nofollow":false,"robots_noimageindex":false,"robots_noodp":false,"robots_notranslate":false,"robots_max_snippet":"-1","robots_max_videopreview":"-1","robots_max_imagepreview":"large","priority":null,"frequency":"default","local_seo":null,"seo_analyzer_scan_date":"2025-10-08 20:03:22","breadcrumb_settings":null,"limit_modified_date":false,"reviewed_by":null,"open_ai":null,"ai":null,"created":"2023-08-18 14:16:26","updated":"2026-02-04 09:10:02"},"aioseo_breadcrumb":"<div class=\"aioseo-breadcrumbs\"><span class=\"aioseo-breadcrumb\">\n\t<a href=\"https:\/\/soymigrante.com\/revista\" title=\"Home\">Home<\/a>\n<\/span><span class=\"aioseo-breadcrumb-separator\">\u00bb<\/span><span class=\"aioseo-breadcrumb\">\n\t<a href=\"https:\/\/soymigrante.com\/revista\/category\/estamos-unidos\/\" title=\"Estamos Unidos\">Estamos Unidos<\/a>\n<\/span><span class=\"aioseo-breadcrumb-separator\">\u00bb<\/span><span class=\"aioseo-breadcrumb\">\n\t<a href=\"https:\/\/soymigrante.com\/revista\/category\/estamos-unidos\/lugar-de-voces\/\" title=\"Lugar de Voces\">Lugar de Voces<\/a>\n<\/span><span class=\"aioseo-breadcrumb-separator\">\u00bb<\/span><span class=\"aioseo-breadcrumb\">\n\tLuces y sombras del llamado \u201csue\u00f1o americano\u201d\n<\/span><\/div>","aioseo_breadcrumb_json":[{"label":"Home","link":"https:\/\/soymigrante.com\/revista"},{"label":"Estamos Unidos","link":"https:\/\/soymigrante.com\/revista\/category\/estamos-unidos\/"},{"label":"Lugar de Voces","link":"https:\/\/soymigrante.com\/revista\/category\/estamos-unidos\/lugar-de-voces\/"},{"label":"Luces y sombras del llamado &#8220;sue\u00f1o americano&#8221;","link":"https:\/\/soymigrante.com\/revista\/realidades-sueno-americano-inmigrantes\/"}],"_links":{"self":[{"href":"https:\/\/soymigrante.com\/revista\/wp-json\/wp\/v2\/posts\/1801","targetHints":{"allow":["GET"]}}],"collection":[{"href":"https:\/\/soymigrante.com\/revista\/wp-json\/wp\/v2\/posts"}],"about":[{"href":"https:\/\/soymigrante.com\/revista\/wp-json\/wp\/v2\/types\/post"}],"author":[{"embeddable":true,"href":"https:\/\/soymigrante.com\/revista\/wp-json\/wp\/v2\/users\/1"}],"replies":[{"embeddable":true,"href":"https:\/\/soymigrante.com\/revista\/wp-json\/wp\/v2\/comments?post=1801"}],"version-history":[{"count":0,"href":"https:\/\/soymigrante.com\/revista\/wp-json\/wp\/v2\/posts\/1801\/revisions"}],"wp:featuredmedia":[{"embeddable":true,"href":"https:\/\/soymigrante.com\/revista\/wp-json\/wp\/v2\/media\/1807"}],"wp:attachment":[{"href":"https:\/\/soymigrante.com\/revista\/wp-json\/wp\/v2\/media?parent=1801"}],"wp:term":[{"taxonomy":"category","embeddable":true,"href":"https:\/\/soymigrante.com\/revista\/wp-json\/wp\/v2\/categories?post=1801"},{"taxonomy":"post_tag","embeddable":true,"href":"https:\/\/soymigrante.com\/revista\/wp-json\/wp\/v2\/tags?post=1801"}],"curies":[{"name":"wp","href":"https:\/\/api.w.org\/{rel}","templated":true}]}}