{"id":17996,"date":"2025-01-07T10:14:35","date_gmt":"2025-01-07T16:14:35","guid":{"rendered":"https:\/\/soymigrante.com\/revista\/?p=17996"},"modified":"2025-03-04T12:34:52","modified_gmt":"2025-03-04T18:34:52","slug":"departamentos-de-guatemala-preguntas-y-respuestas-sobre-el-progreso","status":"publish","type":"post","link":"https:\/\/soymigrante.com\/revista\/departamentos-de-guatemala-preguntas-y-respuestas-sobre-el-progreso\/","title":{"rendered":"Departamentos de Guatemala: El Progreso re\u00fane riqueza hist\u00f3rica, cultural y productiva"},"content":{"rendered":"\t\t<div data-elementor-type=\"wp-post\" data-elementor-id=\"17996\" class=\"elementor elementor-17996\" data-elementor-post-type=\"post\">\n\t\t\t\t<div data-particle_enable=\"false\" data-particle-mobile-disabled=\"false\" class=\"elementor-element elementor-element-0b17492 e-flex e-con-boxed e-con e-parent\" data-id=\"0b17492\" data-element_type=\"container\" data-e-type=\"container\">\n\t\t\t\t\t<div class=\"e-con-inner\">\n\t\t\t\t<div class=\"elementor-element elementor-element-394e7e0 elementor-widget elementor-widget-heading\" data-id=\"394e7e0\" data-element_type=\"widget\" data-e-type=\"widget\" data-widget_type=\"heading.default\">\n\t\t\t\t\t<h2 class=\"elementor-heading-title elementor-size-default\">El departamento de El Progreso tiene modernidad pero tambi\u00e9n historia prehisp\u00e1nica y colonial. \u00bfCu\u00e1ndo fue creado? \u00bfQu\u00e9 extensi\u00f3n total tiene? \u00bfCu\u00e1ntos municipios? Esas y otras preguntas tienen respuesta aqu\u00ed.\n<\/h2>\t\t\t\t<\/div>\n\t\t\t\t\t<\/div>\n\t\t\t\t<\/div>\n\t\t<div data-particle_enable=\"false\" data-particle-mobile-disabled=\"false\" class=\"elementor-element elementor-element-83f0056 e-flex e-con-boxed e-con e-parent\" data-id=\"83f0056\" data-element_type=\"container\" data-e-type=\"container\">\n\t\t\t\t\t<div class=\"e-con-inner\">\n\t\t\t\t<div class=\"elementor-element elementor-element-4de32fe elementor-widget elementor-widget-text-editor\" data-id=\"4de32fe\" data-element_type=\"widget\" data-e-type=\"widget\" data-widget_type=\"text-editor.default\">\n\t\t\t\t\t\t\t\t\t<p><a href=\"https:\/\/soymigrante.com\/revista\/category\/guate-nuestra\/\" target=\"_blank\" rel=\"noopener\">El departamento de El Progreso,<\/a> ubicado en la regi\u00f3n nororiental de Guatemala, tiene una historia rica y fascinante que combina elementos de la cultura prehisp\u00e1nica, el desarrollo colonial y los procesos de modernizaci\u00f3n del pa\u00eds. Es uno de los departamentos m\u00e1s &#8220;j\u00f3venes&#8221;, aunque su historia ya tiene m\u00e1s de un siglo. Estas son algunas preguntas y respuestas.<\/p>\t\t\t\t\t\t\t\t<\/div>\n\t\t\t\t\t<\/div>\n\t\t\t\t<\/div>\n\t\t<div data-particle_enable=\"false\" data-particle-mobile-disabled=\"false\" class=\"elementor-element elementor-element-1c02566 e-flex e-con-boxed e-con e-parent\" data-id=\"1c02566\" data-element_type=\"container\" data-e-type=\"container\">\n\t\t\t\t\t<div class=\"e-con-inner\">\n\t\t\t\t<div class=\"elementor-element elementor-element-d32f578 elementor-widget elementor-widget-google_maps\" data-id=\"d32f578\" data-element_type=\"widget\" data-e-type=\"widget\" data-widget_type=\"google_maps.default\">\n\t\t\t\t\t\t\t<div class=\"elementor-custom-embed\">\n\t\t\t<iframe loading=\"lazy\"\n\t\t\t\t\tsrc=\"https:\/\/maps.google.com\/maps?q=el%20progreso&#038;t=m&#038;z=10&#038;output=embed&#038;iwloc=near\"\n\t\t\t\t\ttitle=\"el progreso\"\n\t\t\t\t\taria-label=\"el progreso\"\n\t\t\t><\/iframe>\n\t\t<\/div>\n\t\t\t\t\t\t<\/div>\n\t\t\t\t\t<\/div>\n\t\t\t\t<\/div>\n\t\t<div data-particle_enable=\"false\" data-particle-mobile-disabled=\"false\" class=\"elementor-element elementor-element-c338f67 e-flex e-con-boxed e-con e-parent\" data-id=\"c338f67\" data-element_type=\"container\" data-e-type=\"container\">\n\t\t\t\t\t<div class=\"e-con-inner\">\n\t\t\t\t<div class=\"elementor-element elementor-element-8b04060 elementor-widget elementor-widget-heading\" data-id=\"8b04060\" data-element_type=\"widget\" data-e-type=\"widget\" data-widget_type=\"heading.default\">\n\t\t\t\t\t<h3 class=\"elementor-heading-title elementor-size-default\">\u00bfQu\u00e9 extensi\u00f3n tiene El Progreso?<\/h3>\t\t\t\t<\/div>\n\t\t\t\t\t<\/div>\n\t\t\t\t<\/div>\n\t\t<div data-particle_enable=\"false\" data-particle-mobile-disabled=\"false\" class=\"elementor-element elementor-element-bcd2c0f e-flex e-con-boxed e-con e-parent\" data-id=\"bcd2c0f\" data-element_type=\"container\" data-e-type=\"container\">\n\t\t\t\t\t<div class=\"e-con-inner\">\n\t\t\t\t<div class=\"elementor-element elementor-element-35e0d81 elementor-widget elementor-widget-text-editor\" data-id=\"35e0d81\" data-element_type=\"widget\" data-e-type=\"widget\" data-widget_type=\"text-editor.default\">\n\t\t\t\t\t\t\t\t\t<div><strong style=\"color: var( --e-global-color-text ); text-align: var(--text-align);\">\u2022Extensi\u00f3n territorial:<\/strong><span style=\"color: var( --e-global-color-text ); text-align: var(--text-align);\"> Aproximadamente 1,922 kil\u00f3metros cuadrados.<\/span><\/div><div>\u2022<strong>Municipios:<\/strong> Cuenta con 8 municipios: Guastatoya es la cabeeera; El J\u00edcaro, Sansare, Sanarate, Moraz\u00e1n, San Antonio La Paz, San Agust\u00edn Acasaguastl\u00e1n y San Crist\u00f3bal Acasaguastl\u00e1n.<\/div>\t\t\t\t\t\t\t\t<\/div>\n\t\t\t\t\t<\/div>\n\t\t\t\t<\/div>\n\t\t<div data-particle_enable=\"false\" data-particle-mobile-disabled=\"false\" class=\"elementor-element elementor-element-4514228 e-flex e-con-boxed e-con e-parent\" data-id=\"4514228\" data-element_type=\"container\" data-e-type=\"container\">\n\t\t\t\t\t<div class=\"e-con-inner\">\n\t\t\t\t<div class=\"elementor-element elementor-element-1d8c5aa elementor-widget elementor-widget-heading\" data-id=\"1d8c5aa\" data-element_type=\"widget\" data-e-type=\"widget\" data-widget_type=\"heading.default\">\n\t\t\t\t\t<h3 class=\"elementor-heading-title elementor-size-default\">\u00bfCu\u00e1ndo fue fundado El Progreso?<\/h3>\t\t\t\t<\/div>\n\t\t\t\t\t<\/div>\n\t\t\t\t<\/div>\n\t\t<div data-particle_enable=\"false\" data-particle-mobile-disabled=\"false\" class=\"elementor-element elementor-element-2339aef e-flex e-con-boxed e-con e-parent\" data-id=\"2339aef\" data-element_type=\"container\" data-e-type=\"container\">\n\t\t\t\t\t<div class=\"e-con-inner\">\n\t\t\t\t<div class=\"elementor-element elementor-element-60282ab elementor-widget elementor-widget-text-editor\" data-id=\"60282ab\" data-element_type=\"widget\" data-e-type=\"widget\" data-widget_type=\"text-editor.default\">\n\t\t\t\t\t\t\t\t\t<p>El Progreso se fund\u00f3 como departamento el 13 de abril de 1908, durante el gobierno de Manuel Estrada Cabrera. Su creaci\u00f3n buscaba facilitar la administraci\u00f3n y el desarrollo de una regi\u00f3n que hasta entonces depend\u00eda de otros departamentos. El trayecto del Ferrocarril proveniente de Puerto Barrios empez\u00f3 a llevar progreso a esta regi\u00f3n.<\/p><p>El nuevo departamento se conform\u00f3 con territorios que pertenec\u00edan a Guatemala, Zacapa y Baja Verapaz.<\/p>\t\t\t\t\t\t\t\t<\/div>\n\t\t\t\t\t<\/div>\n\t\t\t\t<\/div>\n\t\t<div data-particle_enable=\"false\" data-particle-mobile-disabled=\"false\" class=\"elementor-element elementor-element-f93ed93 e-flex e-con-boxed e-con e-parent\" data-id=\"f93ed93\" data-element_type=\"container\" data-e-type=\"container\">\n\t\t\t\t\t<div class=\"e-con-inner\">\n\t\t\t\t<div class=\"elementor-element elementor-element-76a6b3e elementor-invisible elementor-widget elementor-widget-facebook-embed\" data-id=\"76a6b3e\" data-element_type=\"widget\" data-e-type=\"widget\" data-settings=\"{&quot;_animation&quot;:&quot;zoomInDown&quot;}\" data-widget_type=\"facebook-embed.default\">\n\t\t\t\t\t<div style=\"min-height: 1px\" class=\"elementor-facebook-widget fb-post\" data-href=\"https:\/\/www.facebook.com\/HistoriadeGuatemalaenFotos\/posts\/pfbid02ghRLM5BoP65ynhSrf3kvh4sV7SKotGJyfaAtbFavrYxTokYriwKn52VWgeYNaXgql\" data-show-text=\"true\"><\/div>\t\t\t\t<\/div>\n\t\t\t\t\t<\/div>\n\t\t\t\t<\/div>\n\t\t<div data-particle_enable=\"false\" data-particle-mobile-disabled=\"false\" class=\"elementor-element elementor-element-c2252d0 e-flex e-con-boxed e-con e-parent\" data-id=\"c2252d0\" data-element_type=\"container\" data-e-type=\"container\">\n\t\t\t\t\t<div class=\"e-con-inner\">\n\t\t\t\t<div class=\"elementor-element elementor-element-ae0d181 elementor-widget elementor-widget-heading\" data-id=\"ae0d181\" data-element_type=\"widget\" data-e-type=\"widget\" data-widget_type=\"heading.default\">\n\t\t\t\t\t<h3 class=\"elementor-heading-title elementor-size-default\">\u00bfS\u00f3lo el ferrocarril le aport\u00f3 progreso a este departaento?<\/h3>\t\t\t\t<\/div>\n\t\t\t\t\t<\/div>\n\t\t\t\t<\/div>\n\t\t<div data-particle_enable=\"false\" data-particle-mobile-disabled=\"false\" class=\"elementor-element elementor-element-e6ea6f1 e-flex e-con-boxed e-con e-parent\" data-id=\"e6ea6f1\" data-element_type=\"container\" data-e-type=\"container\">\n\t\t\t\t\t<div class=\"e-con-inner\">\n\t\t\t\t<div class=\"elementor-element elementor-element-b814ede elementor-widget elementor-widget-text-editor\" data-id=\"b814ede\" data-element_type=\"widget\" data-e-type=\"widget\" data-widget_type=\"text-editor.default\">\n\t\t\t\t\t\t\t\t\t<p>La construcci\u00f3n del Ferrocarril del Norte a finales del siglo XIX y principios del XX fue fundamental para el desarrollo de El Progreso\u00a0y el crecimiento de comunidades. La l\u00ednea ferroviaria cruzaba el departamento, conect\u00e1ndolo con la Ciudad de Guatemala y Zacapa, hasta Puerto Barrios, facilitando el comercio y el transporte de productos agr\u00edcolas.<\/p><p>El departamento tambi\u00e9n experiment\u00f3 un auge con la construcci\u00f3n de la carretera al Atl\u00e1ntico, impulsada durante el gobierno de Jacobo Arbenz Guzm\u00e1n para romper con el monopolio del ferrocarril. Dicha ruta fue concluida 1954, lo que reforz\u00f3 a El Progreso como un importante nodo log\u00edstico en Guatemala. Actualmente, en el cruce El Rancho, El Progreso, existe un fuerte auge comercial, porque aqu\u00ed se divide la ruta hacia Izabal y hacia <a href=\"https:\/\/soymigrante.com\/revista\/baja-verapaz-tierra-de-trabajo-del-gran-rabinal-achi-y-el-salto-de-chilasco\/\">Baja Verapaz<\/a> y <a href=\"https:\/\/soymigrante.com\/revista\/departamentos-de-guatemala-alta-verapaz-mosaico-cultural-y-natural\/\">Alta Verapaz<\/a>.<\/p><p>Desde 1974 existe en Sanarate, El Progreso, la planta cementera San Miguel.\u00a0<\/p>\t\t\t\t\t\t\t\t<\/div>\n\t\t\t\t\t<\/div>\n\t\t\t\t<\/div>\n\t\t<div data-particle_enable=\"false\" data-particle-mobile-disabled=\"false\" class=\"elementor-element elementor-element-d96cd93 e-flex e-con-boxed e-con e-parent\" data-id=\"d96cd93\" data-element_type=\"container\" data-e-type=\"container\">\n\t\t\t\t\t<div class=\"e-con-inner\">\n\t\t\t\t<div class=\"elementor-element elementor-element-f662f2d elementor-widget elementor-widget-heading\" data-id=\"f662f2d\" data-element_type=\"widget\" data-e-type=\"widget\" data-widget_type=\"heading.default\">\n\t\t\t\t\t<h3 class=\"elementor-heading-title elementor-size-default\">\u00bfC\u00f3mo se llama su cabecera y qu\u00e9 significa?<\/h3>\t\t\t\t<\/div>\n\t\t\t\t\t<\/div>\n\t\t\t\t<\/div>\n\t\t<div data-particle_enable=\"false\" data-particle-mobile-disabled=\"false\" class=\"elementor-element elementor-element-c7202bd e-con-full e-flex e-con e-parent\" data-id=\"c7202bd\" data-element_type=\"container\" data-e-type=\"container\">\n\t\t\t\t<div class=\"elementor-element elementor-element-d5f7c82 elementor-widget elementor-widget-text-editor\" data-id=\"d5f7c82\" data-element_type=\"widget\" data-e-type=\"widget\" data-widget_type=\"text-editor.default\">\n\t\t\t\t\t\t\t\t\t<p>Guastatoya, cuyo nombre\u00a0 significa &#8220;lugar donde termina el fr\u00edo y comienza el calor&#8221; y proviene del idioma N\u00e1huatl.\u00a0<span style=\"color: var( --e-global-color-text ); text-align: var(--text-align);\">\u00a0La feria patronal de Guastatoya, dedicada a San Crist\u00f3bal, es una de las celebraciones m\u00e1s destacadas del departamento, con actividades religiosas, culturales y sociales que atraen visitantes de toda la regi\u00f3n.<\/span><\/p>\t\t\t\t\t\t\t\t<\/div>\n\t\t\t\t<\/div>\n\t\t<div data-particle_enable=\"false\" data-particle-mobile-disabled=\"false\" class=\"elementor-element elementor-element-7803359 e-flex e-con-boxed e-con e-parent\" data-id=\"7803359\" data-element_type=\"container\" data-e-type=\"container\">\n\t\t\t\t\t<div class=\"e-con-inner\">\n\t\t\t\t<div class=\"elementor-element elementor-element-ab370ea elementor-widget elementor-widget-video\" data-id=\"ab370ea\" data-element_type=\"widget\" data-e-type=\"widget\" data-settings=\"{&quot;youtube_url&quot;:&quot;https:\\\/\\\/www.youtube.com\\\/watch?v=cP3Qu7OB8io&quot;,&quot;video_type&quot;:&quot;youtube&quot;,&quot;controls&quot;:&quot;yes&quot;}\" data-widget_type=\"video.default\">\n\t\t\t\t\t\t\t<div class=\"elementor-wrapper elementor-open-inline\">\n\t\t\t<div class=\"elementor-video\"><\/div>\t\t<\/div>\n\t\t\t\t\t\t<\/div>\n\t\t\t\t\t<\/div>\n\t\t\t\t<\/div>\n\t\t<div data-particle_enable=\"false\" data-particle-mobile-disabled=\"false\" class=\"elementor-element elementor-element-20736ec e-flex e-con-boxed e-con e-parent\" data-id=\"20736ec\" data-element_type=\"container\" data-e-type=\"container\">\n\t\t\t\t\t<div class=\"e-con-inner\">\n\t\t\t\t<div class=\"elementor-element elementor-element-67de767 elementor-widget elementor-widget-heading\" data-id=\"67de767\" data-element_type=\"widget\" data-e-type=\"widget\" data-widget_type=\"heading.default\">\n\t\t\t\t\t<h3 class=\"elementor-heading-title elementor-size-default\">\u00bfC\u00f3mo se integra su poblaci\u00f3n?<\/h3>\t\t\t\t<\/div>\n\t\t\t\t\t<\/div>\n\t\t\t\t<\/div>\n\t\t<div data-particle_enable=\"false\" data-particle-mobile-disabled=\"false\" class=\"elementor-element elementor-element-75edac9 e-flex e-con-boxed e-con e-parent\" data-id=\"75edac9\" data-element_type=\"container\" data-e-type=\"container\">\n\t\t\t\t\t<div class=\"e-con-inner\">\n\t\t\t\t<div class=\"elementor-element elementor-element-ad49c30 elementor-widget elementor-widget-text-editor\" data-id=\"ad49c30\" data-element_type=\"widget\" data-e-type=\"widget\" data-widget_type=\"text-editor.default\">\n\t\t\t\t\t\t\t\t\t<p>Seg\u00fan el Censo Nacional de Poblaci\u00f3n, El Progreso tiene 176,632 habitantes. La cabecera tiene 24,150 habitantes.<\/p><p>La poblaci\u00f3n del departamento de El Progreso se integra as\u00ed:<span style=\"color: #333333; font-family: Helvetica Neue, Helvetica, Arial, sans-serif;\"><span style=\"font-size: 13px; text-wrap-mode: nowrap; background-color: #f6f6f6;\">\u00a0<\/span><\/span><span style=\"color: var( --e-global-color-text ); text-align: var(--text-align);\">\u00a0hay un 56% de pueblo<\/span><a style=\"text-align: var(--text-align);\" href=\"https:\/\/soymigrante.com\/revista\/pueblo-ladino-integra-raices-y-mestizajes-de-guatemala\/\"> ladino<\/a><span style=\"color: var( --e-global-color-text ); text-align: var(--text-align);\">, 42% de idiomas mayas y 2% de pueblo <\/span><a style=\"text-align: var(--text-align);\" href=\"https:\/\/soymigrante.com\/revista\/pueblo-xinka-esta-vivo-y-presente-en-el-suroriente-guatemalteco\/\">Xinca<\/a><span style=\"color: var( --e-global-color-text ); text-align: var(--text-align);\">.\u00a0 La poblaci\u00f3n maya se integra con un 27% de <\/span><a style=\"text-align: var(--text-align);\" href=\"https:\/\/soymigrante.com\/revista\/el-pueblo-kiche-es-heredero-y-continuador-de-la-tradicion-del-popol-vuh\/\">K&#8217;iche<\/a><span style=\"color: var( --e-global-color-text ); text-align: var(--text-align);\">; 22% <\/span><a style=\"text-align: var(--text-align);\" href=\"https:\/\/soymigrante.com\/revista\/pueblo-qeqchi-es-el-idioma-maya-con-mayor-cifra-de-hablantes\/\">Q&#8217;eqchi&#8217;<\/a><span style=\"color: var( --e-global-color-text ); text-align: var(--text-align);\">, 17% <\/span><a style=\"text-align: var(--text-align);\" href=\"https:\/\/soymigrante.com\/revista\/el-pueblo-kaqchikel-abarca-a-1-millon-68-mil-guatemaltecos\/\">K&#8217;aqchik&#8217;el<\/a><span style=\"color: var( --e-global-color-text ); text-align: var(--text-align);\">, 12% <\/span><a style=\"text-align: var(--text-align);\" href=\"https:\/\/soymigrante.com\/revista\/el-pueblo-mam-brilla-crece-y-se-expresa-fiel-a-sus-raices-de-identidad\/\">Mam<\/a><span style=\"color: var( --e-global-color-text ); text-align: var(--text-align);\">, 3% <\/span><a style=\"text-align: var(--text-align);\" href=\"https:\/\/soymigrante.com\/revista\/pueblo-poqomchi-existe-y-vive-en-torno-al-mayijinic-y-el-kuxanik\/\">Poqomchi&#8217;<\/a><span style=\"color: var( --e-global-color-text ); text-align: var(--text-align);\">.<\/span><\/p>\t\t\t\t\t\t\t\t<\/div>\n\t\t\t\t\t<\/div>\n\t\t\t\t<\/div>\n\t\t<div data-particle_enable=\"false\" data-particle-mobile-disabled=\"false\" class=\"elementor-element elementor-element-72c5393 e-flex e-con-boxed e-con e-parent\" data-id=\"72c5393\" data-element_type=\"container\" data-e-type=\"container\">\n\t\t\t\t\t<div class=\"e-con-inner\">\n\t\t\t\t<div class=\"elementor-element elementor-element-1f88b85 elementor-widget elementor-widget-video\" data-id=\"1f88b85\" data-element_type=\"widget\" data-e-type=\"widget\" data-settings=\"{&quot;youtube_url&quot;:&quot;https:\\\/\\\/www.youtube.com\\\/watch?v=XbDDPZA-m04&quot;,&quot;start&quot;:62,&quot;video_type&quot;:&quot;youtube&quot;,&quot;controls&quot;:&quot;yes&quot;}\" data-widget_type=\"video.default\">\n\t\t\t\t\t\t\t<div class=\"elementor-wrapper elementor-open-inline\">\n\t\t\t<div class=\"elementor-video\"><\/div>\t\t<\/div>\n\t\t\t\t\t\t<\/div>\n\t\t\t\t\t<\/div>\n\t\t\t\t<\/div>\n\t\t<div data-particle_enable=\"false\" data-particle-mobile-disabled=\"false\" class=\"elementor-element elementor-element-1685c3d e-flex e-con-boxed e-con e-parent\" data-id=\"1685c3d\" data-element_type=\"container\" data-e-type=\"container\">\n\t\t\t\t\t<div class=\"e-con-inner\">\n\t\t\t\t<div class=\"elementor-element elementor-element-6ccf7fa elementor-widget elementor-widget-heading\" data-id=\"6ccf7fa\" data-element_type=\"widget\" data-e-type=\"widget\" data-widget_type=\"heading.default\">\n\t\t\t\t\t<h3 class=\"elementor-heading-title elementor-size-default\">\u00bfCu\u00e1ntos recursos de remesas llegan a El Progreso?<\/h3>\t\t\t\t<\/div>\n\t\t\t\t\t<\/div>\n\t\t\t\t<\/div>\n\t\t<div data-particle_enable=\"false\" data-particle-mobile-disabled=\"false\" class=\"elementor-element elementor-element-00c62af e-flex e-con-boxed e-con e-parent\" data-id=\"00c62af\" data-element_type=\"container\" data-e-type=\"container\">\n\t\t\t\t\t<div class=\"e-con-inner\">\n\t\t\t\t<div class=\"elementor-element elementor-element-d312457 elementor-widget elementor-widget-text-editor\" data-id=\"d312457\" data-element_type=\"widget\" data-e-type=\"widget\" data-widget_type=\"text-editor.default\">\n\t\t\t\t\t\t\t\t\t<p><a href=\"https:\/\/soymigrante.com\/revista\/category\/guate-nuestra\/\" target=\"_blank\" rel=\"noopener\">Las remesas enviadas por migrantes guatemaltecos desde Estados Unidos juegan un papel crucial<\/a> en la econom\u00eda del pa\u00eds. El Progreso es uno de los departamentos con menor porcentaje, solo 1.4% del pa\u00eds, seg\u00fan la Encuesta de Remesas, de la OIM. Sin embargo a\u00fan este peque\u00f1o porcentaje equivale a unos US$250 millones en el a\u00f1o 2022.<\/p>\t\t\t\t\t\t\t\t<\/div>\n\t\t\t\t\t<\/div>\n\t\t\t\t<\/div>\n\t\t<div data-particle_enable=\"false\" data-particle-mobile-disabled=\"false\" class=\"elementor-element elementor-element-cbe8ce5 e-flex e-con-boxed e-con e-parent\" data-id=\"cbe8ce5\" data-element_type=\"container\" data-e-type=\"container\">\n\t\t\t\t\t<div class=\"e-con-inner\">\n\t\t\t\t<div class=\"elementor-element elementor-element-f21a126 elementor-widget elementor-widget-video\" data-id=\"f21a126\" data-element_type=\"widget\" data-e-type=\"widget\" data-settings=\"{&quot;youtube_url&quot;:&quot;https:\\\/\\\/www.youtube.com\\\/watch?v=vk0ZAn8nRoc&quot;,&quot;video_type&quot;:&quot;youtube&quot;,&quot;controls&quot;:&quot;yes&quot;}\" data-widget_type=\"video.default\">\n\t\t\t\t\t\t\t<div class=\"elementor-wrapper elementor-open-inline\">\n\t\t\t<div class=\"elementor-video\"><\/div>\t\t<\/div>\n\t\t\t\t\t\t<\/div>\n\t\t\t\t\t<\/div>\n\t\t\t\t<\/div>\n\t\t<div data-particle_enable=\"false\" data-particle-mobile-disabled=\"false\" class=\"elementor-element elementor-element-de91161 e-flex e-con-boxed e-con e-parent\" data-id=\"de91161\" data-element_type=\"container\" data-e-type=\"container\">\n\t\t\t\t\t<div class=\"e-con-inner\">\n\t\t\t\t<div class=\"elementor-element elementor-element-c685e59 elementor-widget elementor-widget-heading\" data-id=\"c685e59\" data-element_type=\"widget\" data-e-type=\"widget\" data-widget_type=\"heading.default\">\n\t\t\t\t\t<h3 class=\"elementor-heading-title elementor-size-default\">\u00bfQu\u00e9 atractivos tur\u00edsticos tiene El Progreso?<\/h3>\t\t\t\t<\/div>\n\t\t\t\t\t<\/div>\n\t\t\t\t<\/div>\n\t\t<div data-particle_enable=\"false\" data-particle-mobile-disabled=\"false\" class=\"elementor-element elementor-element-540a0e9 e-flex e-con-boxed e-con e-parent\" data-id=\"540a0e9\" data-element_type=\"container\" data-e-type=\"container\">\n\t\t\t\t\t<div class=\"e-con-inner\">\n\t\t\t\t<div class=\"elementor-element elementor-element-5cf5f59 elementor-widget elementor-widget-text-editor\" data-id=\"5cf5f59\" data-element_type=\"widget\" data-e-type=\"widget\" data-widget_type=\"text-editor.default\">\n\t\t\t\t\t\t\t\t\t<div>El Progreso ofrece una variedad de destinos tur\u00edsticos que combinan belleza natural e historia. Entre ellos est\u00e1n.<\/div><div><ul><li><strong>Parque Acu\u00e1tico Guastatoya:<\/strong> Ubicado en la cabecera departamental, este parque es ideal para disfrutar en familia, ofreciendo piscinas, toboganes y \u00e1reas de descanso.\u00a0<\/li><li><strong>Balneario Pozas Los Pl\u00e1tanos:<\/strong> Situado en Sanarate, es un paraje natural que combina aguas cristalinas, \u00e1reas verdes y espacios para actividades al aire libre.\u00a0<\/li><li><strong>Iglesias Coloniales de San Agust\u00edn y San Crist\u00f3bal Acasaguastl\u00e1n<\/strong>: Estas edificaciones religiosas son ejemplos del barroco guatemalteco y reflejan la rica herencia hist\u00f3rica de la regi\u00f3n.\u00a0<\/li><li><strong>Puente Colgante \u201cOrellana\u201d:<\/strong> Construido entre 1925 y 1927, este puente es una muestra de la ingenier\u00eda de la \u00e9poca y ofrece vistas panor\u00e1micas del r\u00edo Motagua.\u00a0<\/li><li><strong>Sierra de las Minas:<\/strong> Una reserva natural que alberga una biodiversidad \u00fanica, ideal para el ecoturismo, senderismo y observaci\u00f3n de aves. Su \u00e1rea es compartida con Zacapa y Baja Verapaz.<\/li><li><b>Sitio prehisp\u00e1nico Guayt\u00e1n:<\/b> Esta \u00e1rea fue un antiguo poblado de comercio de jade, localizado en las proximidades del r\u00edo Motagua, que un\u00eda el Altiplano con la salida al Oc\u00e9ano Atl\u00e1ntico. Se encuentra en mal estado, pero resulta interesante recorrerlo.\u00a0<\/li><\/ul><\/div>\t\t\t\t\t\t\t\t<\/div>\n\t\t\t\t\t<\/div>\n\t\t\t\t<\/div>\n\t\t<div data-particle_enable=\"false\" data-particle-mobile-disabled=\"false\" class=\"elementor-element elementor-element-d13ad53 e-flex e-con-boxed e-con e-parent\" data-id=\"d13ad53\" data-element_type=\"container\" data-e-type=\"container\">\n\t\t\t\t\t<div class=\"e-con-inner\">\n\t\t\t\t<div class=\"elementor-element elementor-element-2e5c4f1 elementor-invisible elementor-widget elementor-widget-facebook-embed\" data-id=\"2e5c4f1\" data-element_type=\"widget\" data-e-type=\"widget\" data-settings=\"{&quot;_animation&quot;:&quot;zoomInDown&quot;}\" data-widget_type=\"facebook-embed.default\">\n\t\t\t\t\t<div style=\"min-height: 1px\" class=\"elementor-facebook-widget fb-post\" data-href=\"https:\/\/www.facebook.com\/arqueoguatemala\/posts\/pfbid0DNTMAycoPD3dPvZARejL6YNCdS41hvJyf4SfMd7H6Gi5eTaNpXZF4tdELuwkUKoFl\" data-show-text=\"false\"><\/div>\t\t\t\t<\/div>\n\t\t\t\t\t<\/div>\n\t\t\t\t<\/div>\n\t\t<div data-particle_enable=\"false\" data-particle-mobile-disabled=\"false\" class=\"elementor-element elementor-element-11fc7c3 e-flex e-con-boxed e-con e-parent\" data-id=\"11fc7c3\" data-element_type=\"container\" data-e-type=\"container\">\n\t\t\t\t\t<div class=\"e-con-inner\">\n\t\t\t\t<div class=\"elementor-element elementor-element-9d6dffa elementor-widget elementor-widget-heading\" data-id=\"9d6dffa\" data-element_type=\"widget\" data-e-type=\"widget\" data-widget_type=\"heading.default\">\n\t\t\t\t\t<h3 class=\"elementor-heading-title elementor-size-default\">\u00bfCu\u00e1les son las principales actividades econ\u00f3micas de El Progreso?<\/h3>\t\t\t\t<\/div>\n\t\t\t\t\t<\/div>\n\t\t\t\t<\/div>\n\t\t<div data-particle_enable=\"false\" data-particle-mobile-disabled=\"false\" class=\"elementor-element elementor-element-cead168 e-flex e-con-boxed e-con e-parent\" data-id=\"cead168\" data-element_type=\"container\" data-e-type=\"container\">\n\t\t\t\t\t<div class=\"e-con-inner\">\n\t\t\t\t<div class=\"elementor-element elementor-element-54b35c0 elementor-widget elementor-widget-text-editor\" data-id=\"54b35c0\" data-element_type=\"widget\" data-e-type=\"widget\" data-widget_type=\"text-editor.default\">\n\t\t\t\t\t\t\t\t\t<p>Adem\u00e1s de las remesas, la econom\u00eda de El Progreso se basa en la agricultura, con cultivos de ma\u00edz, yuca, frijol. La ubicaci\u00f3n estrat\u00e9gica del departamento facilita el comercio y el transporte de mercanc\u00edas entre la capital y el oriente del pa\u00eds.\u00a0<\/p><p>Hay varias industrias que se han asentado en este territorio debido a su ubicaci\u00f3n estrat\u00e9gica: est\u00e1 la principal f\u00e1brica de cemento del pa\u00eds, pero tambi\u00e9n hay procesadoras de pisos, de papel y extracci\u00f3n de piedra para construcci\u00f3n.<\/p><p>El tramo de la ruta al Atl\u00e1ntico que cruza El Progreso fue construido por la cooperaci\u00f3n Taiwanesa y tiene cuatro carriles, lo cual implic\u00f3 la construcci\u00f3n de varios puentes, incluyendo uno colgante sobre el r\u00edo Motagua.\u00a0 El tr\u00e1nsito de personas ha generado un interesante mercado de consumo de alimentos en El Rancho.<\/p>\t\t\t\t\t\t\t\t<\/div>\n\t\t\t\t\t<\/div>\n\t\t\t\t<\/div>\n\t\t<div data-particle_enable=\"false\" data-particle-mobile-disabled=\"false\" class=\"elementor-element elementor-element-9f11f2c e-flex e-con-boxed e-con e-parent\" data-id=\"9f11f2c\" data-element_type=\"container\" data-e-type=\"container\">\n\t\t\t\t\t<div class=\"e-con-inner\">\n\t\t\t\t<div class=\"elementor-element elementor-element-3a35976 elementor-widget elementor-widget-video\" data-id=\"3a35976\" data-element_type=\"widget\" data-e-type=\"widget\" data-settings=\"{&quot;youtube_url&quot;:&quot;https:\\\/\\\/www.youtube.com\\\/watch?v=EGNtSOIeono&quot;,&quot;video_type&quot;:&quot;youtube&quot;,&quot;controls&quot;:&quot;yes&quot;}\" data-widget_type=\"video.default\">\n\t\t\t\t\t\t\t<div class=\"elementor-wrapper elementor-open-inline\">\n\t\t\t<div class=\"elementor-video\"><\/div>\t\t<\/div>\n\t\t\t\t\t\t<\/div>\n\t\t\t\t\t<\/div>\n\t\t\t\t<\/div>\n\t\t<div data-particle_enable=\"false\" data-particle-mobile-disabled=\"false\" class=\"elementor-element elementor-element-44d1c7b e-flex e-con-boxed e-con e-parent\" data-id=\"44d1c7b\" data-element_type=\"container\" data-e-type=\"container\">\n\t\t\t\t\t<div class=\"e-con-inner\">\n\t\t\t\t<div class=\"elementor-element elementor-element-a8c0537 elementor-widget elementor-widget-heading\" data-id=\"a8c0537\" data-element_type=\"widget\" data-e-type=\"widget\" data-widget_type=\"heading.default\">\n\t\t\t\t\t<h2 class=\"elementor-heading-title elementor-size-default\">Guatemala es maravillosa \u00bfverdad?<\/h2>\t\t\t\t<\/div>\n\t\t\t\t\t<\/div>\n\t\t\t\t<\/div>\n\t\t<div data-particle_enable=\"false\" data-particle-mobile-disabled=\"false\" class=\"elementor-element elementor-element-08d313c e-flex e-con-boxed e-con e-parent\" data-id=\"08d313c\" data-element_type=\"container\" data-e-type=\"container\">\n\t\t\t\t\t<div class=\"e-con-inner\">\n\t\t\t\t<div class=\"elementor-element elementor-element-4845efd elementor-widget elementor-widget-blfe-post-grid\" data-id=\"4845efd\" data-element_type=\"widget\" data-e-type=\"widget\" data-settings=\"{&quot;columns&quot;:&quot;3&quot;,&quot;columns_tablet&quot;:&quot;6&quot;,&quot;columns_mobile&quot;:&quot;12&quot;,&quot;hero1_layout_column_gap&quot;:{&quot;unit&quot;:&quot;px&quot;,&quot;size&quot;:30,&quot;sizes&quot;:[]},&quot;hero1_layout_column_gap_tablet&quot;:{&quot;unit&quot;:&quot;px&quot;,&quot;size&quot;:&quot;&quot;,&quot;sizes&quot;:[]},&quot;hero1_layout_column_gap_mobile&quot;:{&quot;unit&quot;:&quot;px&quot;,&quot;size&quot;:&quot;&quot;,&quot;sizes&quot;:[]},&quot;hero1_layout_row_gap&quot;:{&quot;unit&quot;:&quot;px&quot;,&quot;size&quot;:30,&quot;sizes&quot;:[]},&quot;hero1_layout_row_gap_tablet&quot;:{&quot;unit&quot;:&quot;px&quot;,&quot;size&quot;:&quot;&quot;,&quot;sizes&quot;:[]},&quot;hero1_layout_row_gap_mobile&quot;:{&quot;unit&quot;:&quot;px&quot;,&quot;size&quot;:&quot;&quot;,&quot;sizes&quot;:[]}}\" data-widget_type=\"blfe-post-grid.hero1\">\n\t\t\t\t<div class=\"elementor-widget-container\">\n\t\t\t\t\t\n                        <div class=\"blfe-post-grid-container \">\n            \n                <div data-skin=\"hero1\" class=\"blfe-row blfe-posts-inner blfe-hero1 blfe-posts-inner blfe-col-3 blfe-col-tab-6 blfe-col-mob-12     \">\n                            <div class=\"blfe-post-grid-item\">\n            <div class=\"blfe-post-grid-item-inner blfe-modern-zoom\">\n                        <div class=\"blfe-post-grid-bg-image\">\n            <a class=\"blfe-post-grid-image-inner\" href=\"https:\/\/soymigrante.com\/revista\/como-fue-vencido-cabrakan-el-gigante-de-los-terremotos-en-el-popol-vuh\/\" title=\"\u00bfC\u00f3mo fue vencido Cabrak\u00e1n, el gigante de los terremotos en el Popol Vuh?\" rel=\"nofollow\" target=\"_blank\"><img decoding=\"async\" src=\"https:\/\/soymigrante.com\/revista\/wp-content\/uploads\/2025\/07\/cabracan-o-cabrakan-dios-maya-de-los-terremotos-2.webp\" alt=\"\u00bfC\u00f3mo fue vencido Cabrak\u00e1n, el gigante de los terremotos en el Popol Vuh?\"\/><\/a>        <\/div>\n                        <div class=\"blfe-post-grid-details\">\n                    <div class=\"blfe-post-grid-details-inner\">\n                        <span class=\"blfe-post-category\"><a href=\"https:\/\/soymigrante.com\/revista\/category\/guate-nuestra\/\">Guate Nuestra<\/a><\/span>                        <h3 class=\"blfe-post-grid-title\">\n            <a href=\"https:\/\/soymigrante.com\/revista\/como-fue-vencido-cabrakan-el-gigante-de-los-terremotos-en-el-popol-vuh\/\" title=\"\u00bfC\u00f3mo fue vencido Cabrak\u00e1n, el gigante de los terremotos en el Popol Vuh?\" rel=\"nofollow\" target=\"_blank\">\u00bfC\u00f3mo fue vencido Cabrak\u00e1n, el gigante de los terremotos en el Popol Vuh?<\/a>\n            <\/h3>                                                            <div class=\"blfe-post-grid-meta\">\n                <span class=\"blfe-post-grid-time\"><i class=\"fas fa-book-reader\"><\/i>6 Min read<\/span>            <\/div>\n                                                        <\/div>\n                <\/div>\n\n            <\/div>\n        <\/div>\n                <div class=\"blfe-post-grid-item\">\n            <div class=\"blfe-post-grid-item-inner blfe-modern-zoom\">\n                        <div class=\"blfe-post-grid-bg-image\">\n            <a class=\"blfe-post-grid-image-inner\" href=\"https:\/\/soymigrante.com\/revista\/piedras-de-kabtzin-huehuetenango-cuchumatanes-leyenda-misterio\/\" title=\"\u00bfConoces la leyenda de las piedras de Kab&#8217;Tzin en Huehuetenango?\" rel=\"nofollow\" target=\"_blank\"><img decoding=\"async\" src=\"https:\/\/soymigrante.com\/revista\/wp-content\/uploads\/2025\/07\/piedras-de-capsin-5-e1753064925683.webp\" alt=\"\u00bfConoces la leyenda de las piedras de Kab&#8217;Tzin en Huehuetenango?\"\/><\/a>        <\/div>\n                        <div class=\"blfe-post-grid-details\">\n                    <div class=\"blfe-post-grid-details-inner\">\n                        <span class=\"blfe-post-category\"><a href=\"https:\/\/soymigrante.com\/revista\/category\/guate-nuestra\/\">Guate Nuestra<\/a><\/span>                        <h3 class=\"blfe-post-grid-title\">\n            <a href=\"https:\/\/soymigrante.com\/revista\/piedras-de-kabtzin-huehuetenango-cuchumatanes-leyenda-misterio\/\" title=\"\u00bfConoces la leyenda de las piedras de Kab&#8217;Tzin en Huehuetenango?\" rel=\"nofollow\" target=\"_blank\">\u00bfConoces la leyenda de las piedras de Kab&#8217;Tzin en Huehuetenango?<\/a>\n            <\/h3>                                                            <div class=\"blfe-post-grid-meta\">\n                <span class=\"blfe-post-grid-time\"><i class=\"fas fa-book-reader\"><\/i>4 Min read<\/span>            <\/div>\n                                                        <\/div>\n                <\/div>\n\n            <\/div>\n        <\/div>\n                <div class=\"blfe-post-grid-item\">\n            <div class=\"blfe-post-grid-item-inner blfe-modern-zoom\">\n                        <div class=\"blfe-post-grid-bg-image\">\n            <a class=\"blfe-post-grid-image-inner\" href=\"https:\/\/soymigrante.com\/revista\/ruta-volcanica-hunahpu-el-antiguo-nombre-del-volcan-de-agua-lo-sabias\/\" title=\"\u00bfCu\u00e1l es el nombre prehisp\u00e1nico del Volc\u00e1n de Agua?\" rel=\"nofollow\" target=\"_blank\"><img decoding=\"async\" src=\"https:\/\/soymigrante.com\/revista\/wp-content\/uploads\/2025\/02\/Volcan-de-Agua-desde-el-Acatenango-1.webp\" alt=\"\u00bfCu\u00e1l es el nombre prehisp\u00e1nico del Volc\u00e1n de Agua?\"\/><\/a>        <\/div>\n                        <div class=\"blfe-post-grid-details\">\n                    <div class=\"blfe-post-grid-details-inner\">\n                        <span class=\"blfe-post-category\"><a href=\"https:\/\/soymigrante.com\/revista\/category\/guate-nuestra\/\">Guate Nuestra<\/a><\/span>                        <h3 class=\"blfe-post-grid-title\">\n            <a href=\"https:\/\/soymigrante.com\/revista\/ruta-volcanica-hunahpu-el-antiguo-nombre-del-volcan-de-agua-lo-sabias\/\" title=\"\u00bfCu\u00e1l es el nombre prehisp\u00e1nico del Volc\u00e1n de Agua?\" rel=\"nofollow\" target=\"_blank\">\u00bfCu\u00e1l es el nombre prehisp\u00e1nico del Volc\u00e1n de Agua?<\/a>\n            <\/h3>                                                            <div class=\"blfe-post-grid-meta\">\n                <span class=\"blfe-post-grid-time\"><i class=\"fas fa-book-reader\"><\/i>4 Min read<\/span>            <\/div>\n                                                        <\/div>\n                <\/div>\n\n            <\/div>\n        <\/div>\n                        <\/div>\n\n                        <\/div>\n            \n                        <div class=\"blfe-post-footer\">\n                        <\/div>\n            \t\t\t\t<\/div>\n\t\t\t\t<\/div>\n\t\t\t\t\t<\/div>\n\t\t\t\t<\/div>\n\t\t\t\t<\/div>\n\t\t","protected":false},"excerpt":{"rendered":"<p>El departamento de El Progreso tiene modernidad pero tambi\u00e9n historia prehisp\u00e1nica y colonial. \u00bfCu\u00e1ndo fue creado? \u00bfQu\u00e9 extensi\u00f3n total tiene? \u00bfCu\u00e1ntos municipios? Esas y otras preguntas tienen respuesta aqu\u00ed. El departamento de El Progreso, ubicado en la regi\u00f3n nororiental de Guatemala, tiene una historia rica y fascinante que combina elementos de la cultura prehisp\u00e1nica, el [&hellip;]<\/p>\n","protected":false},"author":19,"featured_media":19513,"comment_status":"open","ping_status":"open","sticky":false,"template":"","format":"standard","meta":{"_acf_changed":false,"_eb_attr":"","footnotes":""},"categories":[58],"tags":[137],"class_list":["post-17996","post","type-post","status-publish","format-standard","has-post-thumbnail","hentry","category-guate-nuestra","tag-departamentos-de-guatemala"],"acf":[],"aioseo_notices":[],"aioseo_head":"\n\t\t<!-- All in One SEO Pro 4.9.6.2 - aioseo.com -->\n\t<meta name=\"description\" content=\"El Volc\u00e1n de Agua, con sus 3,766 metros de altura, se alza majestuosamente entre Escuintla y Sacatep\u00e9quez. Expl\u00f3ralo.\" \/>\n\t<meta name=\"robots\" content=\"max-snippet:-1, max-image-preview:large, max-video-preview:-1\" \/>\n\t<meta name=\"author\" content=\"SoyMigrante.com REVISTA\"\/>\n\t<link rel=\"canonical\" href=\"https:\/\/soymigrante.com\/revista\/ruta-volcanica-hunahpu-el-antiguo-nombre-del-volcan-de-agua-lo-sabias\/\" \/>\n\t<meta name=\"generator\" content=\"All in One SEO Pro (AIOSEO) 4.9.6.2\" \/>\n\n\t\t<link rel=\"preconnect\" href=\"https:\/\/fonts.googleapis.com\" crossorigin>\n<link rel=\"preconnect\" href=\"https:\/\/fonts.gstatic.com\" crossorigin>\n\t\t<meta property=\"og:locale\" content=\"es_ES\" \/>\n\t\t<meta property=\"og:site_name\" content=\"SoyMigrante.com REVISTA \u2013 Nuestra misi\u00f3n es reconocer y dignificar al migrante.\" \/>\n\t\t<meta property=\"og:type\" content=\"article\" \/>\n\t\t<meta property=\"og:title\" content=\"Hunahp\u00fa, el antiguo nombre del volc\u00e1n de Agua \u00bfLo sab\u00edas?\" \/>\n\t\t<meta property=\"og:description\" content=\"El Volc\u00e1n de Agua, con sus 3,766 metros de altura, se alza majestuosamente entre Escuintla y Sacatep\u00e9quez. Expl\u00f3ralo.\" \/>\n\t\t<meta property=\"og:url\" content=\"https:\/\/soymigrante.com\/revista\/ruta-volcanica-hunahpu-el-antiguo-nombre-del-volcan-de-agua-lo-sabias\/\" \/>\n\t\t<meta property=\"og:image\" content=\"https:\/\/soymigrante.com\/revista\/wp-content\/uploads\/2025\/02\/Volcan-de-Agua-desde-el-Acatenango-1.webp\" \/>\n\t\t<meta property=\"og:image:secure_url\" content=\"https:\/\/soymigrante.com\/revista\/wp-content\/uploads\/2025\/02\/Volcan-de-Agua-desde-el-Acatenango-1.webp\" \/>\n\t\t<meta property=\"og:image:width\" content=\"720\" \/>\n\t\t<meta property=\"og:image:height\" content=\"720\" \/>\n\t\t<meta property=\"article:published_time\" content=\"2025-06-06T10:00:00+00:00\" \/>\n\t\t<meta property=\"article:modified_time\" content=\"2025-09-17T14:12:35+00:00\" \/>\n\t\t<meta property=\"article:publisher\" content=\"https:\/\/www.facebook.com\/soymigrantecom\" \/>\n\t\t<meta name=\"twitter:card\" content=\"summary_large_image\" \/>\n\t\t<meta name=\"twitter:site\" content=\"@SoyMigrante_com\" \/>\n\t\t<meta name=\"twitter:title\" content=\"Hunahp\u00fa, el antiguo nombre del volc\u00e1n de Agua \u00bfLo sab\u00edas?\" \/>\n\t\t<meta name=\"twitter:description\" content=\"El Volc\u00e1n de Agua, con sus 3,766 metros de altura, se alza majestuosamente entre Escuintla y Sacatep\u00e9quez. Expl\u00f3ralo.\" \/>\n\t\t<meta name=\"twitter:creator\" content=\"@SoyMigrante_com\" \/>\n\t\t<meta name=\"twitter:image\" content=\"https:\/\/soymigrante.com\/revista\/wp-content\/uploads\/2025\/02\/Volcan-de-Agua-desde-el-Acatenango-1.webp\" \/>\n\t\t<!-- All in One SEO Pro -->\r\n\t\t<title>Hunahp\u00fa, el antiguo nombre del volc\u00e1n de Agua \u00bfLo sab\u00edas?<\/title>\n\n","aioseo_head_json":{"title":"Hunahp\u00fa, el antiguo nombre del volc\u00e1n de Agua \u00bfLo sab\u00edas?","description":"El Volc\u00e1n de Agua, con sus 3,766 metros de altura, se alza majestuosamente entre Escuintla y Sacatep\u00e9quez. Expl\u00f3ralo.","canonical_url":"https:\/\/soymigrante.com\/revista\/ruta-volcanica-hunahpu-el-antiguo-nombre-del-volcan-de-agua-lo-sabias\/","robots":"max-snippet:-1, max-image-preview:large, max-video-preview:-1","keywords":"","webmasterTools":{"miscellaneous":"&lt;link rel=\"preconnect\" href=\"https:\/\/fonts.googleapis.com\" crossorigin&gt;\n&lt;link rel=\"preconnect\" href=\"https:\/\/fonts.gstatic.com\" crossorigin&gt;"},"schema":null,"og:locale":"es_ES","og:site_name":"SoyMigrante.com REVISTA \u2013 Nuestra misi\u00f3n es reconocer y dignificar al migrante.","og:type":"article","og:title":"Hunahp\u00fa, el antiguo nombre del volc\u00e1n de Agua \u00bfLo sab\u00edas?","og:description":"El Volc\u00e1n de Agua, con sus 3,766 metros de altura, se alza majestuosamente entre Escuintla y Sacatep\u00e9quez. Expl\u00f3ralo.","og:url":"https:\/\/soymigrante.com\/revista\/ruta-volcanica-hunahpu-el-antiguo-nombre-del-volcan-de-agua-lo-sabias\/","og:image":"https:\/\/soymigrante.com\/revista\/wp-content\/uploads\/2025\/02\/Volcan-de-Agua-desde-el-Acatenango-1.webp","og:image:secure_url":"https:\/\/soymigrante.com\/revista\/wp-content\/uploads\/2025\/02\/Volcan-de-Agua-desde-el-Acatenango-1.webp","og:image:width":720,"og:image:height":720,"article:published_time":"2025-06-06T10:00:00+00:00","article:modified_time":"2025-09-17T14:12:35+00:00","article:publisher":"https:\/\/www.facebook.com\/soymigrantecom","twitter:card":"summary_large_image","twitter:site":"@SoyMigrante_com","twitter:title":"Hunahp\u00fa, el antiguo nombre del volc\u00e1n de Agua \u00bfLo sab\u00edas?","twitter:description":"El Volc\u00e1n de Agua, con sus 3,766 metros de altura, se alza majestuosamente entre Escuintla y Sacatep\u00e9quez. Expl\u00f3ralo.","twitter:creator":"@SoyMigrante_com","twitter:image":"https:\/\/soymigrante.com\/revista\/wp-content\/uploads\/2025\/02\/Volcan-de-Agua-desde-el-Acatenango-1.webp"},"aioseo_meta_data":{"post_id":"17996","title":"Departamentos de Guatemala: El Progreso honra su nombre","description":"\u00bfQu\u00e9 extensi\u00f3n tiene El Progreso? \u00bfCu\u00e1ndo fue fundado? \u00bfQu\u00e9 significa el nombre de su cabecera Guastatoya? Estas y otras preguntas te las respondemos aqu\u00ed.","keywords":null,"keyphrases":{"focus":{"keyphrase":"El Progreso","score":91,"analysis":{"keyphraseInTitle":{"score":9,"maxScore":9,"error":0},"keyphraseInDescription":{"score":9,"maxScore":9,"error":0},"keyphraseLength":{"score":9,"maxScore":9,"error":0,"length":2},"keyphraseInURL":{"score":5,"maxScore":5,"error":0},"keyphraseInIntroduction":{"score":9,"maxScore":9,"error":0},"keyphraseInSubHeadings":{"score":9,"maxScore":9,"error":0},"keyphraseInImageAlt":{"score":3,"maxScore":9,"error":1},"keywordDensity":{"type":"best","score":9,"maxScore":9,"error":0}}},"additional":[{"keyphrase":"Departamentos de Guatemala","score":40,"analysis":{"keyphraseInDescription":{"score":3,"maxScore":9,"error":1},"keyphraseLength":{"score":9,"maxScore":9,"error":0,"length":3},"keyphraseInIntroduction":{"score":3,"maxScore":9,"error":1},"keyphraseInImageAlt":{"score":3,"maxScore":9,"error":1},"keywordDensity":{"score":0,"type":"low","maxScore":9,"error":1}}},{"keyphrase":"Guastatoya","score":53,"analysis":{"keyphraseInDescription":{"score":9,"maxScore":9,"error":0},"keyphraseLength":{"score":9,"maxScore":9,"error":0,"length":1},"keyphraseInIntroduction":{"score":3,"maxScore":9,"error":1},"keyphraseInImageAlt":{"score":3,"maxScore":9,"error":1},"keywordDensity":{"score":0,"type":"low","maxScore":9,"error":1}}}]},"primary_term":null,"canonical_url":null,"og_title":null,"og_description":null,"og_object_type":"default","og_image_type":"default","og_image_url":null,"og_image_width":null,"og_image_height":null,"og_image_custom_url":null,"og_image_custom_fields":null,"og_video":"","og_custom_url":null,"og_article_section":null,"og_article_tags":null,"twitter_use_og":false,"twitter_card":"default","twitter_image_type":"default","twitter_image_url":null,"twitter_image_custom_url":null,"twitter_image_custom_fields":null,"twitter_title":null,"twitter_description":null,"schema":{"blockGraphs":[],"customGraphs":[],"default":{"data":{"Article":[],"Course":[],"Dataset":[],"FAQPage":[],"Movie":[],"Person":[],"Product":[],"ProductReview":[],"Car":[],"Recipe":[],"Service":[],"SoftwareApplication":[],"WebPage":[]},"graphName":"BlogPosting","isEnabled":true},"graphs":[]},"schema_type":"default","schema_type_options":null,"pillar_content":false,"robots_default":true,"robots_noindex":false,"robots_noarchive":false,"robots_nosnippet":false,"robots_nofollow":false,"robots_noimageindex":false,"robots_noodp":false,"robots_notranslate":false,"robots_max_snippet":"-1","robots_max_videopreview":"-1","robots_max_imagepreview":"large","priority":null,"frequency":"default","local_seo":null,"seo_analyzer_scan_date":"2025-10-09 01:37:16","breadcrumb_settings":null,"limit_modified_date":false,"reviewed_by":null,"open_ai":"{\"title\":{\"suggestions\":[],\"usage\":0},\"description\":{\"suggestions\":[],\"usage\":0}}","ai":null,"created":"2024-12-24 05:59:20","updated":"2026-02-04 18:51:09"},"aioseo_breadcrumb":"<div class=\"aioseo-breadcrumbs\"><span class=\"aioseo-breadcrumb\">\n\t<a href=\"https:\/\/soymigrante.com\/revista\" title=\"Home\">Home<\/a>\n<\/span><span class=\"aioseo-breadcrumb-separator\">\u00bb<\/span><span class=\"aioseo-breadcrumb\">\n\t<a href=\"https:\/\/soymigrante.com\/revista\/category\/guate-nuestra\/\" title=\"Guate Nuestra\">Guate Nuestra<\/a>\n<\/span><span class=\"aioseo-breadcrumb-separator\">\u00bb<\/span><span class=\"aioseo-breadcrumb\">\n\tDepartamentos de Guatemala: El Progreso re\u00fane riqueza hist\u00f3rica, cultural y productiva\n<\/span><\/div>","aioseo_breadcrumb_json":[{"label":"Home","link":"https:\/\/soymigrante.com\/revista"},{"label":"Guate Nuestra","link":"https:\/\/soymigrante.com\/revista\/category\/guate-nuestra\/"},{"label":"Departamentos de Guatemala: El Progreso re\u00fane riqueza hist\u00f3rica, cultural y productiva","link":"https:\/\/soymigrante.com\/revista\/departamentos-de-guatemala-preguntas-y-respuestas-sobre-el-progreso\/"}],"_links":{"self":[{"href":"https:\/\/soymigrante.com\/revista\/wp-json\/wp\/v2\/posts\/17996","targetHints":{"allow":["GET"]}}],"collection":[{"href":"https:\/\/soymigrante.com\/revista\/wp-json\/wp\/v2\/posts"}],"about":[{"href":"https:\/\/soymigrante.com\/revista\/wp-json\/wp\/v2\/types\/post"}],"author":[{"embeddable":true,"href":"https:\/\/soymigrante.com\/revista\/wp-json\/wp\/v2\/users\/19"}],"replies":[{"embeddable":true,"href":"https:\/\/soymigrante.com\/revista\/wp-json\/wp\/v2\/comments?post=17996"}],"version-history":[{"count":0,"href":"https:\/\/soymigrante.com\/revista\/wp-json\/wp\/v2\/posts\/17996\/revisions"}],"wp:featuredmedia":[{"embeddable":true,"href":"https:\/\/soymigrante.com\/revista\/wp-json\/wp\/v2\/media\/19513"}],"wp:attachment":[{"href":"https:\/\/soymigrante.com\/revista\/wp-json\/wp\/v2\/media?parent=17996"}],"wp:term":[{"taxonomy":"category","embeddable":true,"href":"https:\/\/soymigrante.com\/revista\/wp-json\/wp\/v2\/categories?post=17996"},{"taxonomy":"post_tag","embeddable":true,"href":"https:\/\/soymigrante.com\/revista\/wp-json\/wp\/v2\/tags?post=17996"}],"curies":[{"name":"wp","href":"https:\/\/api.w.org\/{rel}","templated":true}]}}