{"id":17984,"date":"2025-01-03T13:47:49","date_gmt":"2025-01-03T19:47:49","guid":{"rendered":"https:\/\/soymigrante.com\/revista\/?p=17984"},"modified":"2026-03-02T11:18:43","modified_gmt":"2026-03-02T17:18:43","slug":"departamentos-de-guatemala-chiquimula-la-perla-de-oriente-cumple-200-anos-este-2025","status":"publish","type":"post","link":"https:\/\/soymigrante.com\/revista\/departamentos-de-guatemala-chiquimula-la-perla-de-oriente-cumple-200-anos-este-2025\/","title":{"rendered":"Departamentos de Guatemala: Chiquimula, bicentenaria Perla de Oriente sigue brillando"},"content":{"rendered":"\t\t<div data-elementor-type=\"wp-post\" data-elementor-id=\"17984\" class=\"elementor elementor-17984\" data-elementor-post-type=\"post\">\n\t\t\t\t<div data-particle_enable=\"false\" data-particle-mobile-disabled=\"false\" class=\"elementor-element elementor-element-745ed5c e-flex e-con-boxed e-con e-parent\" data-id=\"745ed5c\" data-element_type=\"container\" data-e-type=\"container\">\n\t\t\t\t\t<div class=\"e-con-inner\">\n\t\t\t\t<div class=\"elementor-element elementor-element-de9b37e elementor-widget elementor-widget-heading\" data-id=\"de9b37e\" data-element_type=\"widget\" data-e-type=\"widget\" data-widget_type=\"heading.default\">\n\t\t\t\t\t<h2 class=\"elementor-heading-title elementor-size-default\">Chiquimula sigue siendo un ejemplo de resiliencia, adapt\u00e1ndose a los cambios y aprovechando sus recursos para construir un mejor porvenir para sus habitantes.\n<\/h2>\t\t\t\t<\/div>\n\t\t\t\t\t<\/div>\n\t\t\t\t<\/div>\n\t\t<div data-particle_enable=\"false\" data-particle-mobile-disabled=\"false\" class=\"elementor-element elementor-element-66c0959 e-flex e-con-boxed e-con e-parent\" data-id=\"66c0959\" data-element_type=\"container\" data-e-type=\"container\">\n\t\t\t\t\t<div class=\"e-con-inner\">\n\t\t\t\t<div class=\"elementor-element elementor-element-75bcab9 elementor-widget elementor-widget-text-editor\" data-id=\"75bcab9\" data-element_type=\"widget\" data-e-type=\"widget\" data-widget_type=\"text-editor.default\">\n\t\t\t\t\t\t\t\t\t<p>Cuando el Estado de Guatemala se cre\u00f3 el 4 de noviembre de1825, uno de los departamentos originales fue el de Chiquimula, con cabecera en el pueblo del mismo nombre que fue fundado en 1821, el cual se localizaba un poco m\u00e1s al norte que el actual. Un terremoto y tormentas causaron tal destrucci\u00f3n que fue trasladado.\u00a0 Este a\u00f1o, Chiquimula cumple su bicentenario.<\/p><p>En la \u00e9poca colonial, Chiquimula fue un corregimiento desde el siglo XVI. Sin embargo, la historia de este territorio abarca tiempos prehisp\u00e1nicos, debido a la presencia del pueblo maya <a href=\"https:\/\/soymigrante.com\/revista\/el-pueblo-chorti-es-el-corazon-maya-del-oriente-guatemalteco\/\">chort\u00ed<\/a>, que a\u00fan habita varios municipios.<\/p><p>Popularmente conocido como \u201cLa Perla de Oriente\u201d, el departamento de Chiquimula abarca actualmente 2,376 kil\u00f3metros cuadrados, con una <a href=\"https:\/\/censo2018.ine.gob.gt\/censo2018\/poblacion.php\">poblaci\u00f3n de 415 mil habitantes<\/a>.\u00a0 Los municipios de Chiquimula son Camot\u00e1n, Concepci\u00f3n Las Minas, Esquipulas, Ipala, San Jacinto, Jocot\u00e1n, Quezaltepeque, San Juan Ermita y la cabecera, Chiquimula.<\/p>\t\t\t\t\t\t\t\t<\/div>\n\t\t\t\t\t<\/div>\n\t\t\t\t<\/div>\n\t\t<div data-particle_enable=\"false\" data-particle-mobile-disabled=\"false\" class=\"elementor-element elementor-element-3305d62 e-flex e-con-boxed e-con e-parent\" data-id=\"3305d62\" data-element_type=\"container\" data-e-type=\"container\">\n\t\t\t\t\t<div class=\"e-con-inner\">\n\t\t\t\t<div class=\"elementor-element elementor-element-2bd54e9 elementor-widget elementor-widget-google_maps\" data-id=\"2bd54e9\" data-element_type=\"widget\" data-e-type=\"widget\" data-widget_type=\"google_maps.default\">\n\t\t\t\t\t\t\t<div class=\"elementor-custom-embed\">\n\t\t\t<iframe loading=\"lazy\"\n\t\t\t\t\tsrc=\"https:\/\/maps.google.com\/maps?q=Chiquimula%2C%20departamento&#038;t=m&#038;z=10&#038;output=embed&#038;iwloc=near\"\n\t\t\t\t\ttitle=\"Chiquimula, departamento\"\n\t\t\t\t\taria-label=\"Chiquimula, departamento\"\n\t\t\t><\/iframe>\n\t\t<\/div>\n\t\t\t\t\t\t<\/div>\n\t\t\t\t\t<\/div>\n\t\t\t\t<\/div>\n\t\t<div data-particle_enable=\"false\" data-particle-mobile-disabled=\"false\" class=\"elementor-element elementor-element-3ab70bb e-flex e-con-boxed e-con e-parent\" data-id=\"3ab70bb\" data-element_type=\"container\" data-e-type=\"container\">\n\t\t\t\t\t<div class=\"e-con-inner\">\n\t\t\t\t<div class=\"elementor-element elementor-element-5ad4671 elementor-widget elementor-widget-heading\" data-id=\"5ad4671\" data-element_type=\"widget\" data-e-type=\"widget\" data-widget_type=\"heading.default\">\n\t\t\t\t\t<h2 class=\"elementor-heading-title elementor-size-default\">Multiculturalidad, fe y turismo<\/h2>\t\t\t\t<\/div>\n\t\t\t\t\t<\/div>\n\t\t\t\t<\/div>\n\t\t<div data-particle_enable=\"false\" data-particle-mobile-disabled=\"false\" class=\"elementor-element elementor-element-5c6eca5 e-flex e-con-boxed e-con e-parent\" data-id=\"5c6eca5\" data-element_type=\"container\" data-e-type=\"container\">\n\t\t\t\t\t<div class=\"e-con-inner\">\n\t\t\t\t<div class=\"elementor-element elementor-element-9db77ec elementor-widget elementor-widget-text-editor\" data-id=\"9db77ec\" data-element_type=\"widget\" data-e-type=\"widget\" data-widget_type=\"text-editor.default\">\n\t\t\t\t\t\t\t\t\t<p>La poblaci\u00f3n de Chiquimula est\u00e1 integrada por un 70% de pueblo ladino y un 27% de pueblo maya, del cual la mayor\u00eda son los ch&#8217;orti&#8217;. Tambi\u00e9n hay poblaci\u00f3n fluctuante debido a los altos \u00edndices de migraci\u00f3n que se registran, desde otros pa\u00edses a su paso por Guatemala.<\/p><p>Vale decir tambi\u00e9n que Chiquimula y espec\u00edficamente el municipio de Esquipulas, se encuentran dentro de los m\u00e1s visitados por turistas nacionales y extranjeros, que llegan a visitar al Santo Cristo\u00a0 que se venera en la Bas\u00edlica de Esquipulas, <a href=\"https:\/\/soymigrante.com\/revista\/ocurrio-durante-un-enero-en-guatemala-hechos-que-ya-conocias-o-quiza-no-compruebalo\/\">la cual fue bendecida en 1759 y desde entonces no ha parado de recibir peregrinos.<\/a>\u00a0<\/p><p>Seg\u00fan c\u00e1lculos del Plan Departamental de Desarrollo cada a\u00f1o llegan entre 3.5 a 4 millones de fieles, lo cual a su vez representa un ingreso econ\u00f3mico por concepto de hospedaje, alimentos, servicios y venta de productos artesanales.\u00a0\u00a0<span style=\"color: var( --e-global-color-text ); text-align: var(--text-align);\">Sin embargo, este departamento cuenta con otros atractivos emblem\u00e1ticos.<\/span><\/p>\t\t\t\t\t\t\t\t<\/div>\n\t\t\t\t\t<\/div>\n\t\t\t\t<\/div>\n\t\t<div data-particle_enable=\"false\" data-particle-mobile-disabled=\"false\" class=\"elementor-element elementor-element-111c675 e-flex e-con-boxed e-con e-parent\" data-id=\"111c675\" data-element_type=\"container\" data-e-type=\"container\">\n\t\t\t\t\t<div class=\"e-con-inner\">\n\t\t\t\t<div class=\"elementor-element elementor-element-25d09ac elementor-widget elementor-widget-facebook-page\" data-id=\"25d09ac\" data-element_type=\"widget\" data-e-type=\"widget\" data-widget_type=\"facebook-page.default\">\n\t\t\t\t\t<div class=\"elementor-facebook-widget fb-page\" data-href=\"https:\/\/www.facebook.com\/basilicadelsantocristodeesquipulas\" data-tabs=\"timeline\" data-height=\"500px\" data-width=\"500px\" data-small-header=\"false\" data-hide-cover=\"false\" data-show-facepile=\"true\" data-hide-cta=\"false\" style=\"min-height: 1px;height:500px\"><\/div>\t\t\t\t<\/div>\n\t\t\t\t\t<\/div>\n\t\t\t\t<\/div>\n\t\t<div data-particle_enable=\"false\" data-particle-mobile-disabled=\"false\" class=\"elementor-element elementor-element-9a5e342 e-flex e-con-boxed e-con e-parent\" data-id=\"9a5e342\" data-element_type=\"container\" data-e-type=\"container\">\n\t\t\t\t\t<div class=\"e-con-inner\">\n\t\t\t\t<div class=\"elementor-element elementor-element-0afafb7 elementor-widget elementor-widget-heading\" data-id=\"0afafb7\" data-element_type=\"widget\" data-e-type=\"widget\" data-widget_type=\"heading.default\">\n\t\t\t\t\t<h3 class=\"elementor-heading-title elementor-size-default\">Riqueza natural y atractivos tur\u00edsticos<\/h3>\t\t\t\t<\/div>\n\t\t\t\t\t<\/div>\n\t\t\t\t<\/div>\n\t\t<div data-particle_enable=\"false\" data-particle-mobile-disabled=\"false\" class=\"elementor-element elementor-element-b8e4ce5 e-flex e-con-boxed e-con e-parent\" data-id=\"b8e4ce5\" data-element_type=\"container\" data-e-type=\"container\">\n\t\t\t\t\t<div class=\"e-con-inner\">\n\t\t\t\t<div class=\"elementor-element elementor-element-93d7b24 elementor-widget elementor-widget-text-editor\" data-id=\"93d7b24\" data-element_type=\"widget\" data-e-type=\"widget\" data-widget_type=\"text-editor.default\">\n\t\t\t\t\t\t\t\t\t<div>Chiquimula es un destino tur\u00edstico \u00fanico que combina belleza natural y legado cultural. Entre sus principales atractivos destacan:<\/div><div><ul><li><strong style=\"color: var( --e-global-color-text ); text-align: var(--text-align);\">Volc\u00e1n y Laguna de Ipala:<\/strong><span style=\"color: var( --e-global-color-text ); text-align: var(--text-align);\"> Una de las joyas de la regi\u00f3n, este volc\u00e1n tiene una laguna en su cr\u00e1ter, rodeada de senderos para caminatas y vistas espectaculares. Es ideal para los amantes de la naturaleza y la aventura.<\/span><\/li><li><strong>Bas\u00edlica de Esquipulas:<\/strong> Este centro religioso es conocido como \u201cLa Capital Centroamericana de la Fe\u201d y atrae a miles de peregrinos cada a\u00f1o, especialmente el 15 de enero, d\u00eda del Cristo Negro de Esquipulas.<\/li><li><strong>Aguas Termales de Cofrad\u00edas:<\/strong> Ubicadas en Ipala, estas aguas termales naturales son perfectas para la relajaci\u00f3n y el turismo de salud.<\/li><li><strong>Cueva de las Minas:<\/strong> Un espacio natural con formaciones rocosas \u00fanicas, ideal para el ecoturismo y la exploraci\u00f3n.<\/li><li><strong>Laguna El Jute:<\/strong> Un lugar tranquilo y pintoresco rodeado de monta\u00f1as, ideal para la pesca, caminatas y d\u00edas de campo.<\/li><\/ul><\/div>\t\t\t\t\t\t\t\t<\/div>\n\t\t\t\t\t<\/div>\n\t\t\t\t<\/div>\n\t\t<div data-particle_enable=\"false\" data-particle-mobile-disabled=\"false\" class=\"elementor-element elementor-element-4f44332 e-flex e-con-boxed e-con e-parent\" data-id=\"4f44332\" data-element_type=\"container\" data-e-type=\"container\">\n\t\t\t\t\t<div class=\"e-con-inner\">\n\t\t\t\t<div class=\"elementor-element elementor-element-f732190 elementor-widget elementor-widget-video\" data-id=\"f732190\" data-element_type=\"widget\" data-e-type=\"widget\" data-settings=\"{&quot;youtube_url&quot;:&quot;https:\\\/\\\/www.youtube.com\\\/watch?v=j66aBjG-pI0&quot;,&quot;video_type&quot;:&quot;youtube&quot;,&quot;controls&quot;:&quot;yes&quot;}\" data-widget_type=\"video.default\">\n\t\t\t\t\t\t\t<div class=\"elementor-wrapper elementor-open-inline\">\n\t\t\t<div class=\"elementor-video\"><\/div>\t\t<\/div>\n\t\t\t\t\t\t<\/div>\n\t\t\t\t\t<\/div>\n\t\t\t\t<\/div>\n\t\t<div data-particle_enable=\"false\" data-particle-mobile-disabled=\"false\" class=\"elementor-element elementor-element-9a84e36 e-flex e-con-boxed e-con e-parent\" data-id=\"9a84e36\" data-element_type=\"container\" data-e-type=\"container\">\n\t\t\t\t\t<div class=\"e-con-inner\">\n\t\t\t\t<div class=\"elementor-element elementor-element-50deb6b elementor-widget elementor-widget-heading\" data-id=\"50deb6b\" data-element_type=\"widget\" data-e-type=\"widget\" data-widget_type=\"heading.default\">\n\t\t\t\t\t<h3 class=\"elementor-heading-title elementor-size-default\">Econom\u00eda y comercio<\/h3>\t\t\t\t<\/div>\n\t\t\t\t\t<\/div>\n\t\t\t\t<\/div>\n\t\t<div data-particle_enable=\"false\" data-particle-mobile-disabled=\"false\" class=\"elementor-element elementor-element-164fb5b e-flex e-con-boxed e-con e-parent\" data-id=\"164fb5b\" data-element_type=\"container\" data-e-type=\"container\">\n\t\t\t\t\t<div class=\"e-con-inner\">\n\t\t\t\t<div class=\"elementor-element elementor-element-dea4213 elementor-widget elementor-widget-text-editor\" data-id=\"dea4213\" data-element_type=\"widget\" data-e-type=\"widget\" data-widget_type=\"text-editor.default\">\n\t\t\t\t\t\t\t\t\t<p>La<a href=\"https:\/\/soymigrante.com\/revista\/category\/guate-nuestra\/\" target=\"_blank\" rel=\"noopener\">\u00a0econom\u00eda de Chiquimula se sustenta, adem\u00e1s del turismo, en la agricultura y el comercio transfronterizo<\/a>. Es un productor clave de ma\u00edz, frijol, caf\u00e9 y man\u00ed, los cuales se venden en el mercado guatemalteco. Sin embargo e<span style=\"color: var( --e-global-color-text ); text-align: var(--text-align);\">l comercio con Honduras y El Salvador, gracias a su proximidad, fortalece la econom\u00eda del departamento.\u00a0<\/span><\/p><p><span style=\"color: var( --e-global-color-text ); text-align: var(--text-align);\">Adem\u00e1s, la artesan\u00eda, especialmente los textiles y productos hechos a mano constituyen otro factor de ingresos. Cabe decir, que la regi\u00f3n monta\u00f1osa de Chiquimula se encuentra dentro del llamado Corredor Seco, en donde predominan los cultivos de subsistencia, que no siempre alcanzan para la alimentaci\u00f3n de las familias. Por ello, en municipios como Camot\u00e1n y Jocot\u00e1n prevalecen altos \u00edndices de desnutrici\u00f3n. Esto ha motivado a varias instituciones nacionales, pero <a href=\"https:\/\/soymigrante.com\/revista\/karolin-espana-dirige-kika-proyecto-de-ayuda-alimentaria-impulsado-por-sus-hijas\/\">tambi\u00e9n a migrantes guatemaltecos, a tratar de brindar ayuda alimentaria.\u00a0<\/a><\/span><\/p>\t\t\t\t\t\t\t\t<\/div>\n\t\t\t\t\t<\/div>\n\t\t\t\t<\/div>\n\t\t<div data-particle_enable=\"false\" data-particle-mobile-disabled=\"false\" class=\"elementor-element elementor-element-fa8204d e-flex e-con-boxed e-con e-parent\" data-id=\"fa8204d\" data-element_type=\"container\" data-e-type=\"container\">\n\t\t\t\t\t<div class=\"e-con-inner\">\n\t\t\t\t<div class=\"elementor-element elementor-element-a357727 elementor-invisible elementor-widget elementor-widget-facebook-embed\" data-id=\"a357727\" data-element_type=\"widget\" data-e-type=\"widget\" data-settings=\"{&quot;_animation&quot;:&quot;zoomInDown&quot;}\" data-widget_type=\"facebook-embed.default\">\n\t\t\t\t\t<div style=\"min-height: 1px\" class=\"elementor-facebook-widget fb-video\" data-href=\"https:\/\/www.facebook.com\/reel\/604355701928368\" data-show-text=\"false\" data-allowfullscreen=\"false\" data-autoplay=\"false\" data-show-captions=\"false\"><\/div>\t\t\t\t<\/div>\n\t\t\t\t\t<\/div>\n\t\t\t\t<\/div>\n\t\t<div data-particle_enable=\"false\" data-particle-mobile-disabled=\"false\" class=\"elementor-element elementor-element-ef7d424 e-flex e-con-boxed e-con e-parent\" data-id=\"ef7d424\" data-element_type=\"container\" data-e-type=\"container\">\n\t\t\t\t\t<div class=\"e-con-inner\">\n\t\t\t\t<div class=\"elementor-element elementor-element-3c370a1 elementor-widget elementor-widget-heading\" data-id=\"3c370a1\" data-element_type=\"widget\" data-e-type=\"widget\" data-widget_type=\"heading.default\">\n\t\t\t\t\t<h3 class=\"elementor-heading-title elementor-size-default\">Las remesas: un aporte para muchas familias<\/h3>\t\t\t\t<\/div>\n\t\t\t\t\t<\/div>\n\t\t\t\t<\/div>\n\t\t<div data-particle_enable=\"false\" data-particle-mobile-disabled=\"false\" class=\"elementor-element elementor-element-cb74fc3 e-flex e-con-boxed e-con e-parent\" data-id=\"cb74fc3\" data-element_type=\"container\" data-e-type=\"container\">\n\t\t\t\t\t<div class=\"e-con-inner\">\n\t\t\t\t<div class=\"elementor-element elementor-element-c1fa506 elementor-widget elementor-widget-text-editor\" data-id=\"c1fa506\" data-element_type=\"widget\" data-e-type=\"widget\" data-widget_type=\"text-editor.default\">\n\t\t\t\t\t\t\t\t\t<p>Las remesas enviadas por migrantes guatemaltecos, en su mayor\u00eda desde Estados Unidos, han cambiado la vida de muchas familias en Chiquimula. Del total nacional, Chiquimula recibe aproximadamente un 4%, seg\u00fan la Encuesta de Remesas de la OIM. Esto representa aproximadamente unos US$725 millones en 2023.<\/p><p>Los ingresos provenientes de las remesas son destinados a mejorar viviendas, invertir en educaci\u00f3n y emprender peque\u00f1os negocios.<\/p><p><a href=\"https:\/\/soymigrante.com\/revista\/category\/guate-nuestra\/\" target=\"_blank\" rel=\"noopener\">El impacto es particularmente visible en comunidades rurales<\/a>, donde las remesas han facilitado la construcci\u00f3n de sistemas de agua potable, electrificaci\u00f3n y caminos que conectan a los poblados m\u00e1s alejados con las principales ciudades del departamento. Sin embargo, esto representa a menudo la separaci\u00f3n de familias y tambi\u00e9n la salida de fuerza laboral joven.<\/p>\t\t\t\t\t\t\t\t<\/div>\n\t\t\t\t\t<\/div>\n\t\t\t\t<\/div>\n\t\t<div data-particle_enable=\"false\" data-particle-mobile-disabled=\"false\" class=\"elementor-element elementor-element-7ba8e63 e-flex e-con-boxed e-con e-parent\" data-id=\"7ba8e63\" data-element_type=\"container\" data-e-type=\"container\">\n\t\t\t\t\t<div class=\"e-con-inner\">\n\t\t\t\t<div class=\"elementor-element elementor-element-f068020 elementor-widget elementor-widget-video\" data-id=\"f068020\" data-element_type=\"widget\" data-e-type=\"widget\" data-settings=\"{&quot;youtube_url&quot;:&quot;https:\\\/\\\/www.youtube.com\\\/watch?v=TlH9UPujGkU&quot;,&quot;video_type&quot;:&quot;youtube&quot;,&quot;controls&quot;:&quot;yes&quot;}\" data-widget_type=\"video.default\">\n\t\t\t\t\t\t\t<div class=\"elementor-wrapper elementor-open-inline\">\n\t\t\t<div class=\"elementor-video\"><\/div>\t\t<\/div>\n\t\t\t\t\t\t<\/div>\n\t\t\t\t\t<\/div>\n\t\t\t\t<\/div>\n\t\t<div data-particle_enable=\"false\" data-particle-mobile-disabled=\"false\" class=\"elementor-element elementor-element-d067a9b e-flex e-con-boxed e-con e-parent\" data-id=\"d067a9b\" data-element_type=\"container\" data-e-type=\"container\">\n\t\t\t\t\t<div class=\"e-con-inner\">\n\t\t\t\t<div class=\"elementor-element elementor-element-f6e711c elementor-widget elementor-widget-heading\" data-id=\"f6e711c\" data-element_type=\"widget\" data-e-type=\"widget\" data-widget_type=\"heading.default\">\n\t\t\t\t\t<h3 class=\"elementor-heading-title elementor-size-default\">Un futuro para La Perla de Oriente<\/h3>\t\t\t\t<\/div>\n\t\t\t\t\t<\/div>\n\t\t\t\t<\/div>\n\t\t<div data-particle_enable=\"false\" data-particle-mobile-disabled=\"false\" class=\"elementor-element elementor-element-46f6f53 e-flex e-con-boxed e-con e-parent\" data-id=\"46f6f53\" data-element_type=\"container\" data-e-type=\"container\">\n\t\t\t\t\t<div class=\"e-con-inner\">\n\t\t\t\t<div class=\"elementor-element elementor-element-6547edf elementor-widget elementor-widget-text-editor\" data-id=\"6547edf\" data-element_type=\"widget\" data-e-type=\"widget\" data-widget_type=\"text-editor.default\">\n\t\t\t\t\t\t\t\t\t<p>Con su combinaci\u00f3n de riquezas naturales, herencia cultural y apoyo econ\u00f3mico de su di\u00e1spora, <a href=\"https:\/\/soymigrante.com\/revista\/category\/guate-nuestra\/\" target=\"_blank\" rel=\"noopener\">Chiquimula tiene un enorme potencial para convertirse en un referente de desarrollo en la regi\u00f3n<\/a> oriental de Guatemala.\u00a0<span style=\"color: var( --e-global-color-text ); text-align: var(--text-align);\">La promoci\u00f3n del turismo, la diversificaci\u00f3n de su econom\u00eda y la inversi\u00f3n en infraestructura ser\u00e1n clave para su crecimiento sostenido en los pr\u00f3ximos a\u00f1os.<\/span><\/p>\t\t\t\t\t\t\t\t<\/div>\n\t\t\t\t\t<\/div>\n\t\t\t\t<\/div>\n\t\t<div data-particle_enable=\"false\" data-particle-mobile-disabled=\"false\" class=\"elementor-element elementor-element-2e87da4 e-flex e-con-boxed e-con e-parent\" data-id=\"2e87da4\" data-element_type=\"container\" data-e-type=\"container\">\n\t\t\t\t\t<div class=\"e-con-inner\">\n\t\t\t\t<div class=\"elementor-element elementor-element-9dc9e53 elementor-widget elementor-widget-video\" data-id=\"9dc9e53\" data-element_type=\"widget\" data-e-type=\"widget\" data-settings=\"{&quot;youtube_url&quot;:&quot;https:\\\/\\\/www.youtube.com\\\/watch?v=-_lqRA1AP_0&quot;,&quot;video_type&quot;:&quot;youtube&quot;,&quot;controls&quot;:&quot;yes&quot;}\" data-widget_type=\"video.default\">\n\t\t\t\t\t\t\t<div class=\"elementor-wrapper elementor-open-inline\">\n\t\t\t<div class=\"elementor-video\"><\/div>\t\t<\/div>\n\t\t\t\t\t\t<\/div>\n\t\t\t\t\t<\/div>\n\t\t\t\t<\/div>\n\t\t<div data-particle_enable=\"false\" data-particle-mobile-disabled=\"false\" class=\"elementor-element elementor-element-e85a9cb e-flex e-con-boxed e-con e-parent\" data-id=\"e85a9cb\" data-element_type=\"container\" data-e-type=\"container\">\n\t\t\t\t\t<div class=\"e-con-inner\">\n\t\t\t\t<div class=\"elementor-element elementor-element-253a30a elementor-widget elementor-widget-heading\" data-id=\"253a30a\" data-element_type=\"widget\" data-e-type=\"widget\" data-widget_type=\"heading.default\">\n\t\t\t\t\t<h2 class=\"elementor-heading-title elementor-size-default\">Enam\u00f3rate m\u00e1s de Guatemala...<\/h2>\t\t\t\t<\/div>\n\t\t\t\t\t<\/div>\n\t\t\t\t<\/div>\n\t\t<div data-particle_enable=\"false\" data-particle-mobile-disabled=\"false\" class=\"elementor-element elementor-element-94652eb e-flex e-con-boxed e-con e-parent\" data-id=\"94652eb\" data-element_type=\"container\" data-e-type=\"container\">\n\t\t\t\t\t<div class=\"e-con-inner\">\n\t\t\t\t<div class=\"elementor-element elementor-element-cbf012f elementor-widget elementor-widget-blfe-post-grid\" data-id=\"cbf012f\" data-element_type=\"widget\" data-e-type=\"widget\" data-settings=\"{&quot;columns&quot;:&quot;3&quot;,&quot;columns_tablet&quot;:&quot;6&quot;,&quot;columns_mobile&quot;:&quot;12&quot;,&quot;hero1_layout_column_gap&quot;:{&quot;unit&quot;:&quot;px&quot;,&quot;size&quot;:30,&quot;sizes&quot;:[]},&quot;hero1_layout_column_gap_tablet&quot;:{&quot;unit&quot;:&quot;px&quot;,&quot;size&quot;:&quot;&quot;,&quot;sizes&quot;:[]},&quot;hero1_layout_column_gap_mobile&quot;:{&quot;unit&quot;:&quot;px&quot;,&quot;size&quot;:&quot;&quot;,&quot;sizes&quot;:[]},&quot;hero1_layout_row_gap&quot;:{&quot;unit&quot;:&quot;px&quot;,&quot;size&quot;:30,&quot;sizes&quot;:[]},&quot;hero1_layout_row_gap_tablet&quot;:{&quot;unit&quot;:&quot;px&quot;,&quot;size&quot;:&quot;&quot;,&quot;sizes&quot;:[]},&quot;hero1_layout_row_gap_mobile&quot;:{&quot;unit&quot;:&quot;px&quot;,&quot;size&quot;:&quot;&quot;,&quot;sizes&quot;:[]}}\" data-widget_type=\"blfe-post-grid.hero1\">\n\t\t\t\t<div class=\"elementor-widget-container\">\n\t\t\t\t\t\n                        <div class=\"blfe-post-grid-container \">\n            \n                <div data-skin=\"hero1\" class=\"blfe-row blfe-posts-inner blfe-hero1 blfe-posts-inner blfe-col-3 blfe-col-tab-6 blfe-col-mob-12     \">\n                            <div class=\"blfe-post-grid-item\">\n            <div class=\"blfe-post-grid-item-inner blfe-modern-zoom\">\n                        <div class=\"blfe-post-grid-bg-image\">\n            <a class=\"blfe-post-grid-image-inner\" href=\"https:\/\/soymigrante.com\/revista\/como-fue-vencido-cabrakan-el-gigante-de-los-terremotos-en-el-popol-vuh\/\" title=\"\u00bfC\u00f3mo fue vencido Cabrak\u00e1n, el gigante de los terremotos en el Popol Vuh?\" rel=\"nofollow\" target=\"_blank\"><img decoding=\"async\" src=\"https:\/\/soymigrante.com\/revista\/wp-content\/uploads\/2025\/07\/cabracan-o-cabrakan-dios-maya-de-los-terremotos-2.webp\" alt=\"\u00bfC\u00f3mo fue vencido Cabrak\u00e1n, el gigante de los terremotos en el Popol Vuh?\"\/><\/a>        <\/div>\n                        <div class=\"blfe-post-grid-details\">\n                    <div class=\"blfe-post-grid-details-inner\">\n                        <span class=\"blfe-post-category\"><a href=\"https:\/\/soymigrante.com\/revista\/category\/guate-nuestra\/\">Guate Nuestra<\/a><\/span>                        <h3 class=\"blfe-post-grid-title\">\n            <a href=\"https:\/\/soymigrante.com\/revista\/como-fue-vencido-cabrakan-el-gigante-de-los-terremotos-en-el-popol-vuh\/\" title=\"\u00bfC\u00f3mo fue vencido Cabrak\u00e1n, el gigante de los terremotos en el Popol Vuh?\" rel=\"nofollow\" target=\"_blank\">\u00bfC\u00f3mo fue vencido Cabrak\u00e1n, el gigante de los terremotos en el Popol Vuh?<\/a>\n            <\/h3>                                                            <div class=\"blfe-post-grid-meta\">\n                <span class=\"blfe-post-grid-time\"><i class=\"fas fa-book-reader\"><\/i>6 Min read<\/span>            <\/div>\n                                                        <\/div>\n                <\/div>\n\n            <\/div>\n        <\/div>\n                <div class=\"blfe-post-grid-item\">\n            <div class=\"blfe-post-grid-item-inner blfe-modern-zoom\">\n                        <div class=\"blfe-post-grid-bg-image\">\n            <a class=\"blfe-post-grid-image-inner\" href=\"https:\/\/soymigrante.com\/revista\/piedras-de-kabtzin-huehuetenango-cuchumatanes-leyenda-misterio\/\" title=\"\u00bfConoces la leyenda de las piedras de Kab&#8217;Tzin en Huehuetenango?\" rel=\"nofollow\" target=\"_blank\"><img decoding=\"async\" src=\"https:\/\/soymigrante.com\/revista\/wp-content\/uploads\/2025\/07\/piedras-de-capsin-5-e1753064925683.webp\" alt=\"\u00bfConoces la leyenda de las piedras de Kab&#8217;Tzin en Huehuetenango?\"\/><\/a>        <\/div>\n                        <div class=\"blfe-post-grid-details\">\n                    <div class=\"blfe-post-grid-details-inner\">\n                        <span class=\"blfe-post-category\"><a href=\"https:\/\/soymigrante.com\/revista\/category\/guate-nuestra\/\">Guate Nuestra<\/a><\/span>                        <h3 class=\"blfe-post-grid-title\">\n            <a href=\"https:\/\/soymigrante.com\/revista\/piedras-de-kabtzin-huehuetenango-cuchumatanes-leyenda-misterio\/\" title=\"\u00bfConoces la leyenda de las piedras de Kab&#8217;Tzin en Huehuetenango?\" rel=\"nofollow\" target=\"_blank\">\u00bfConoces la leyenda de las piedras de Kab&#8217;Tzin en Huehuetenango?<\/a>\n            <\/h3>                                                            <div class=\"blfe-post-grid-meta\">\n                <span class=\"blfe-post-grid-time\"><i class=\"fas fa-book-reader\"><\/i>4 Min read<\/span>            <\/div>\n                                                        <\/div>\n                <\/div>\n\n            <\/div>\n        <\/div>\n                <div class=\"blfe-post-grid-item\">\n            <div class=\"blfe-post-grid-item-inner blfe-modern-zoom\">\n                        <div class=\"blfe-post-grid-bg-image\">\n            <a class=\"blfe-post-grid-image-inner\" href=\"https:\/\/soymigrante.com\/revista\/ruta-volcanica-hunahpu-el-antiguo-nombre-del-volcan-de-agua-lo-sabias\/\" title=\"\u00bfCu\u00e1l es el nombre prehisp\u00e1nico del Volc\u00e1n de Agua?\" rel=\"nofollow\" target=\"_blank\"><img decoding=\"async\" src=\"https:\/\/soymigrante.com\/revista\/wp-content\/uploads\/2025\/02\/Volcan-de-Agua-desde-el-Acatenango-1.webp\" alt=\"\u00bfCu\u00e1l es el nombre prehisp\u00e1nico del Volc\u00e1n de Agua?\"\/><\/a>        <\/div>\n                        <div class=\"blfe-post-grid-details\">\n                    <div class=\"blfe-post-grid-details-inner\">\n                        <span class=\"blfe-post-category\"><a href=\"https:\/\/soymigrante.com\/revista\/category\/guate-nuestra\/\">Guate Nuestra<\/a><\/span>                        <h3 class=\"blfe-post-grid-title\">\n            <a href=\"https:\/\/soymigrante.com\/revista\/ruta-volcanica-hunahpu-el-antiguo-nombre-del-volcan-de-agua-lo-sabias\/\" title=\"\u00bfCu\u00e1l es el nombre prehisp\u00e1nico del Volc\u00e1n de Agua?\" rel=\"nofollow\" target=\"_blank\">\u00bfCu\u00e1l es el nombre prehisp\u00e1nico del Volc\u00e1n de Agua?<\/a>\n            <\/h3>                                                            <div class=\"blfe-post-grid-meta\">\n                <span class=\"blfe-post-grid-time\"><i class=\"fas fa-book-reader\"><\/i>4 Min read<\/span>            <\/div>\n                                                        <\/div>\n                <\/div>\n\n            <\/div>\n        <\/div>\n                        <\/div>\n\n                        <\/div>\n            \n                        <div class=\"blfe-post-footer\">\n                        <\/div>\n            \t\t\t\t<\/div>\n\t\t\t\t<\/div>\n\t\t\t\t\t<\/div>\n\t\t\t\t<\/div>\n\t\t\t\t<\/div>\n\t\t","protected":false},"excerpt":{"rendered":"<p>Chiquimula sigue siendo un ejemplo de resiliencia, adapt\u00e1ndose a los cambios y aprovechando sus recursos para construir un mejor porvenir para sus habitantes. Cuando el Estado de Guatemala se cre\u00f3 el 4 de noviembre de1825, uno de los departamentos originales fue el de Chiquimula, con cabecera en el pueblo del mismo nombre que fue fundado [&hellip;]<\/p>\n","protected":false},"author":19,"featured_media":19178,"comment_status":"open","ping_status":"open","sticky":false,"template":"","format":"standard","meta":{"_acf_changed":false,"_eb_attr":"","footnotes":""},"categories":[58],"tags":[137],"class_list":["post-17984","post","type-post","status-publish","format-standard","has-post-thumbnail","hentry","category-guate-nuestra","tag-departamentos-de-guatemala"],"acf":[],"aioseo_notices":[],"aioseo_head":"\n\t\t<!-- All in One SEO Pro 4.9.6.2 - aioseo.com -->\n\t<meta name=\"description\" content=\"El Volc\u00e1n de Agua, con sus 3,766 metros de altura, se alza majestuosamente entre Escuintla y Sacatep\u00e9quez. Expl\u00f3ralo.\" \/>\n\t<meta name=\"robots\" content=\"max-snippet:-1, max-image-preview:large, max-video-preview:-1\" \/>\n\t<meta name=\"author\" content=\"SoyMigrante.com REVISTA\"\/>\n\t<link rel=\"canonical\" href=\"https:\/\/soymigrante.com\/revista\/ruta-volcanica-hunahpu-el-antiguo-nombre-del-volcan-de-agua-lo-sabias\/\" \/>\n\t<meta name=\"generator\" content=\"All in One SEO Pro (AIOSEO) 4.9.6.2\" \/>\n\n\t\t<link rel=\"preconnect\" href=\"https:\/\/fonts.googleapis.com\" crossorigin>\n<link rel=\"preconnect\" href=\"https:\/\/fonts.gstatic.com\" crossorigin>\n\t\t<meta property=\"og:locale\" content=\"es_ES\" \/>\n\t\t<meta property=\"og:site_name\" content=\"SoyMigrante.com REVISTA \u2013 Nuestra misi\u00f3n es reconocer y dignificar al migrante.\" \/>\n\t\t<meta property=\"og:type\" content=\"article\" \/>\n\t\t<meta property=\"og:title\" content=\"Hunahp\u00fa, el antiguo nombre del volc\u00e1n de Agua \u00bfLo sab\u00edas?\" \/>\n\t\t<meta property=\"og:description\" content=\"El Volc\u00e1n de Agua, con sus 3,766 metros de altura, se alza majestuosamente entre Escuintla y Sacatep\u00e9quez. Expl\u00f3ralo.\" \/>\n\t\t<meta property=\"og:url\" content=\"https:\/\/soymigrante.com\/revista\/ruta-volcanica-hunahpu-el-antiguo-nombre-del-volcan-de-agua-lo-sabias\/\" \/>\n\t\t<meta property=\"og:image\" content=\"https:\/\/soymigrante.com\/revista\/wp-content\/uploads\/2025\/02\/Volcan-de-Agua-desde-el-Acatenango-1.webp\" \/>\n\t\t<meta property=\"og:image:secure_url\" content=\"https:\/\/soymigrante.com\/revista\/wp-content\/uploads\/2025\/02\/Volcan-de-Agua-desde-el-Acatenango-1.webp\" \/>\n\t\t<meta property=\"og:image:width\" content=\"720\" \/>\n\t\t<meta property=\"og:image:height\" content=\"720\" \/>\n\t\t<meta property=\"article:published_time\" content=\"2025-06-06T10:00:00+00:00\" \/>\n\t\t<meta property=\"article:modified_time\" content=\"2025-09-17T14:12:35+00:00\" \/>\n\t\t<meta property=\"article:publisher\" content=\"https:\/\/www.facebook.com\/soymigrantecom\" \/>\n\t\t<meta name=\"twitter:card\" content=\"summary_large_image\" \/>\n\t\t<meta name=\"twitter:site\" content=\"@SoyMigrante_com\" \/>\n\t\t<meta name=\"twitter:title\" content=\"Hunahp\u00fa, el antiguo nombre del volc\u00e1n de Agua \u00bfLo sab\u00edas?\" \/>\n\t\t<meta name=\"twitter:description\" content=\"El Volc\u00e1n de Agua, con sus 3,766 metros de altura, se alza majestuosamente entre Escuintla y Sacatep\u00e9quez. Expl\u00f3ralo.\" \/>\n\t\t<meta name=\"twitter:creator\" content=\"@SoyMigrante_com\" \/>\n\t\t<meta name=\"twitter:image\" content=\"https:\/\/soymigrante.com\/revista\/wp-content\/uploads\/2025\/02\/Volcan-de-Agua-desde-el-Acatenango-1.webp\" \/>\n\t\t<!-- All in One SEO Pro -->\r\n\t\t<title>Hunahp\u00fa, el antiguo nombre del volc\u00e1n de Agua \u00bfLo sab\u00edas?<\/title>\n\n","aioseo_head_json":{"title":"Hunahp\u00fa, el antiguo nombre del volc\u00e1n de Agua \u00bfLo sab\u00edas?","description":"El Volc\u00e1n de Agua, con sus 3,766 metros de altura, se alza majestuosamente entre Escuintla y Sacatep\u00e9quez. Expl\u00f3ralo.","canonical_url":"https:\/\/soymigrante.com\/revista\/ruta-volcanica-hunahpu-el-antiguo-nombre-del-volcan-de-agua-lo-sabias\/","robots":"max-snippet:-1, max-image-preview:large, max-video-preview:-1","keywords":"","webmasterTools":{"miscellaneous":"&lt;link rel=\"preconnect\" href=\"https:\/\/fonts.googleapis.com\" crossorigin&gt;\n&lt;link rel=\"preconnect\" href=\"https:\/\/fonts.gstatic.com\" crossorigin&gt;"},"schema":null,"og:locale":"es_ES","og:site_name":"SoyMigrante.com REVISTA \u2013 Nuestra misi\u00f3n es reconocer y dignificar al migrante.","og:type":"article","og:title":"Hunahp\u00fa, el antiguo nombre del volc\u00e1n de Agua \u00bfLo sab\u00edas?","og:description":"El Volc\u00e1n de Agua, con sus 3,766 metros de altura, se alza majestuosamente entre Escuintla y Sacatep\u00e9quez. Expl\u00f3ralo.","og:url":"https:\/\/soymigrante.com\/revista\/ruta-volcanica-hunahpu-el-antiguo-nombre-del-volcan-de-agua-lo-sabias\/","og:image":"https:\/\/soymigrante.com\/revista\/wp-content\/uploads\/2025\/02\/Volcan-de-Agua-desde-el-Acatenango-1.webp","og:image:secure_url":"https:\/\/soymigrante.com\/revista\/wp-content\/uploads\/2025\/02\/Volcan-de-Agua-desde-el-Acatenango-1.webp","og:image:width":720,"og:image:height":720,"article:published_time":"2025-06-06T10:00:00+00:00","article:modified_time":"2025-09-17T14:12:35+00:00","article:publisher":"https:\/\/www.facebook.com\/soymigrantecom","twitter:card":"summary_large_image","twitter:site":"@SoyMigrante_com","twitter:title":"Hunahp\u00fa, el antiguo nombre del volc\u00e1n de Agua \u00bfLo sab\u00edas?","twitter:description":"El Volc\u00e1n de Agua, con sus 3,766 metros de altura, se alza majestuosamente entre Escuintla y Sacatep\u00e9quez. Expl\u00f3ralo.","twitter:creator":"@SoyMigrante_com","twitter:image":"https:\/\/soymigrante.com\/revista\/wp-content\/uploads\/2025\/02\/Volcan-de-Agua-desde-el-Acatenango-1.webp"},"aioseo_meta_data":{"post_id":"17984","title":"Chiquimula, la Perla de Oriente cumple 200 a\u00f1os este 2025","description":"El departamento de Chiquimula fue creado en 1825, como parte del Estado de Guatemala, pero con una extensi\u00f3n mayor a la actual. Esos y otros datos: aqu\u00ed.","keywords":null,"keyphrases":{"focus":{"keyphrase":"Chiquimula","score":82,"analysis":{"keyphraseInTitle":{"score":9,"maxScore":9,"error":0},"keyphraseInDescription":{"score":9,"maxScore":9,"error":0},"keyphraseLength":{"score":9,"maxScore":9,"error":0,"length":1},"keyphraseInURL":{"score":5,"maxScore":5,"error":0},"keyphraseInIntroduction":{"score":9,"maxScore":9,"error":0},"keyphraseInSubHeadings":{"score":3,"maxScore":9,"error":1},"keyphraseInImageAlt":{"score":3,"maxScore":9,"error":1},"keywordDensity":{"type":"best","score":9,"maxScore":9,"error":0}}},"additional":[{"keyphrase":"Chiquimula","score":87,"analysis":{"keyphraseInDescription":{"score":9,"maxScore":9,"error":0},"keyphraseLength":{"score":9,"maxScore":9,"error":0,"length":1},"keyphraseInIntroduction":{"score":9,"maxScore":9,"error":0},"keyphraseInImageAlt":{"score":3,"maxScore":9,"error":1},"keywordDensity":{"type":"best","score":9,"maxScore":9,"error":0}}},{"keyphrase":"Departamentos de Guatemala","score":40,"analysis":{"keyphraseInDescription":{"score":3,"maxScore":9,"error":1},"keyphraseLength":{"score":9,"maxScore":9,"error":0,"length":3},"keyphraseInIntroduction":{"score":3,"maxScore":9,"error":1},"keyphraseInImageAlt":{"score":3,"maxScore":9,"error":1},"keywordDensity":{"score":0,"type":"low","maxScore":9,"error":1}}},{"keyphrase":"Departamento","score":73,"analysis":{"keyphraseInDescription":{"score":9,"maxScore":9,"error":0},"keyphraseLength":{"score":9,"maxScore":9,"error":0,"length":1},"keyphraseInIntroduction":{"score":3,"maxScore":9,"error":1},"keyphraseInImageAlt":{"score":3,"maxScore":9,"error":1},"keywordDensity":{"type":"best","score":9,"maxScore":9,"error":0}}},{"keyphrase":"Guatemala","score":87,"analysis":{"keyphraseInDescription":{"score":9,"maxScore":9,"error":0},"keyphraseLength":{"score":9,"maxScore":9,"error":0,"length":1},"keyphraseInIntroduction":{"score":9,"maxScore":9,"error":0},"keyphraseInImageAlt":{"score":3,"maxScore":9,"error":1},"keywordDensity":{"type":"best","score":9,"maxScore":9,"error":0}}}]},"primary_term":null,"canonical_url":null,"og_title":null,"og_description":null,"og_object_type":"default","og_image_type":"default","og_image_url":null,"og_image_width":null,"og_image_height":null,"og_image_custom_url":null,"og_image_custom_fields":null,"og_video":"","og_custom_url":null,"og_article_section":null,"og_article_tags":null,"twitter_use_og":false,"twitter_card":"default","twitter_image_type":"default","twitter_image_url":null,"twitter_image_custom_url":null,"twitter_image_custom_fields":null,"twitter_title":null,"twitter_description":null,"schema":{"blockGraphs":[],"customGraphs":[],"default":{"data":{"Article":[],"Course":[],"Dataset":[],"FAQPage":[],"Movie":[],"Person":[],"Product":[],"ProductReview":[],"Car":[],"Recipe":[],"Service":[],"SoftwareApplication":[],"WebPage":[]},"graphName":"NewsArticle","isEnabled":true},"graphs":[]},"schema_type":"default","schema_type_options":null,"pillar_content":false,"robots_default":true,"robots_noindex":false,"robots_noarchive":false,"robots_nosnippet":false,"robots_nofollow":false,"robots_noimageindex":false,"robots_noodp":false,"robots_notranslate":false,"robots_max_snippet":"-1","robots_max_videopreview":"-1","robots_max_imagepreview":"large","priority":null,"frequency":"default","local_seo":null,"seo_analyzer_scan_date":"2026-03-02 20:23:37","breadcrumb_settings":null,"limit_modified_date":false,"reviewed_by":"0","open_ai":"{\"title\":{\"suggestions\":[],\"usage\":0},\"description\":{\"suggestions\":[],\"usage\":0}}","ai":{"faqs":[],"keyPoints":[],"titles":[],"descriptions":[],"socialPosts":{"email":[],"linkedin":[],"twitter":[],"facebook":[],"instagram":[]}},"created":"2024-12-24 05:22:02","updated":"2026-03-06 15:45:34"},"aioseo_breadcrumb":"<div class=\"aioseo-breadcrumbs\"><span class=\"aioseo-breadcrumb\">\n\t<a href=\"https:\/\/soymigrante.com\/revista\" title=\"Home\">Home<\/a>\n<\/span><span class=\"aioseo-breadcrumb-separator\">\u00bb<\/span><span class=\"aioseo-breadcrumb\">\n\t<a href=\"https:\/\/soymigrante.com\/revista\/category\/guate-nuestra\/\" title=\"Guate Nuestra\">Guate Nuestra<\/a>\n<\/span><span class=\"aioseo-breadcrumb-separator\">\u00bb<\/span><span class=\"aioseo-breadcrumb\">\n\tDepartamentos de Guatemala: Chiquimula, bicentenaria Perla de Oriente sigue brillando\n<\/span><\/div>","aioseo_breadcrumb_json":[{"label":"Home","link":"https:\/\/soymigrante.com\/revista"},{"label":"Guate Nuestra","link":"https:\/\/soymigrante.com\/revista\/category\/guate-nuestra\/"},{"label":"Departamentos de Guatemala: Chiquimula, bicentenaria Perla de Oriente sigue brillando","link":"https:\/\/soymigrante.com\/revista\/departamentos-de-guatemala-chiquimula-la-perla-de-oriente-cumple-200-anos-este-2025\/"}],"_links":{"self":[{"href":"https:\/\/soymigrante.com\/revista\/wp-json\/wp\/v2\/posts\/17984","targetHints":{"allow":["GET"]}}],"collection":[{"href":"https:\/\/soymigrante.com\/revista\/wp-json\/wp\/v2\/posts"}],"about":[{"href":"https:\/\/soymigrante.com\/revista\/wp-json\/wp\/v2\/types\/post"}],"author":[{"embeddable":true,"href":"https:\/\/soymigrante.com\/revista\/wp-json\/wp\/v2\/users\/19"}],"replies":[{"embeddable":true,"href":"https:\/\/soymigrante.com\/revista\/wp-json\/wp\/v2\/comments?post=17984"}],"version-history":[{"count":1,"href":"https:\/\/soymigrante.com\/revista\/wp-json\/wp\/v2\/posts\/17984\/revisions"}],"predecessor-version":[{"id":53041,"href":"https:\/\/soymigrante.com\/revista\/wp-json\/wp\/v2\/posts\/17984\/revisions\/53041"}],"wp:featuredmedia":[{"embeddable":true,"href":"https:\/\/soymigrante.com\/revista\/wp-json\/wp\/v2\/media\/19178"}],"wp:attachment":[{"href":"https:\/\/soymigrante.com\/revista\/wp-json\/wp\/v2\/media?parent=17984"}],"wp:term":[{"taxonomy":"category","embeddable":true,"href":"https:\/\/soymigrante.com\/revista\/wp-json\/wp\/v2\/categories?post=17984"},{"taxonomy":"post_tag","embeddable":true,"href":"https:\/\/soymigrante.com\/revista\/wp-json\/wp\/v2\/tags?post=17984"}],"curies":[{"name":"wp","href":"https:\/\/api.w.org\/{rel}","templated":true}]}}