{"id":17968,"date":"2024-12-30T18:15:53","date_gmt":"2024-12-31T00:15:53","guid":{"rendered":"https:\/\/soymigrante.com\/revista\/?p=17968"},"modified":"2025-03-04T12:36:11","modified_gmt":"2025-03-04T18:36:11","slug":"departamentos-de-guatemala-chimaltenango-tiene-montanas-tradicion-y-la-primera-capital-de-guatemala","status":"publish","type":"post","link":"https:\/\/soymigrante.com\/revista\/departamentos-de-guatemala-chimaltenango-tiene-montanas-tradicion-y-la-primera-capital-de-guatemala\/","title":{"rendered":"Departamentos de Guatemala: Chimaltenango tiene monta\u00f1as, tradici\u00f3n y la primera capital de Guatemala"},"content":{"rendered":"\t\t<div data-elementor-type=\"wp-post\" data-elementor-id=\"17968\" class=\"elementor elementor-17968\" data-elementor-post-type=\"post\">\n\t\t\t\t<div data-particle_enable=\"false\" data-particle-mobile-disabled=\"false\" class=\"elementor-element elementor-element-0df40d5 e-flex e-con-boxed e-con e-parent\" data-id=\"0df40d5\" data-element_type=\"container\" data-e-type=\"container\">\n\t\t\t\t\t<div class=\"e-con-inner\">\n\t\t\t\t<div class=\"elementor-element elementor-element-8ae2db0 elementor-widget elementor-widget-heading\" data-id=\"8ae2db0\" data-element_type=\"widget\" data-e-type=\"widget\" data-widget_type=\"heading.default\">\n\t\t\t\t\t<h2 class=\"elementor-heading-title elementor-size-default\">Chimaltenango es un lugar lleno de historia, costumbres. monta\u00f1as y productividad. En su territorio se encuentra la primera capital de Santiago de los Caballeros, en Iximch\u00e9, antigua capital k'aqchik'el<\/h2>\t\t\t\t<\/div>\n\t\t\t\t\t<\/div>\n\t\t\t\t<\/div>\n\t\t<div data-particle_enable=\"false\" data-particle-mobile-disabled=\"false\" class=\"elementor-element elementor-element-9413842 e-flex e-con-boxed e-con e-parent\" data-id=\"9413842\" data-element_type=\"container\" data-e-type=\"container\">\n\t\t\t\t\t<div class=\"e-con-inner\">\n\t\t\t\t<div class=\"elementor-element elementor-element-e56f5ff elementor-widget elementor-widget-text-editor\" data-id=\"e56f5ff\" data-element_type=\"widget\" data-e-type=\"widget\" data-widget_type=\"text-editor.default\">\n\t\t\t\t\t\t\t\t\t<p>En el coraz\u00f3n de Guatemala, el departamento de Chimaltenango resplandece como un centro de riqueza cultural, belleza natural y crecimiento econ\u00f3mico.<\/p><p>Con una extensi\u00f3n de 1,979 kil\u00f3metros cuadrados y m\u00e1s de 600,000 habitantes seg\u00fan el \u00faltimo censo- este departamento combina su herencia maya, paisajes majestuosos y el esp\u00edritu de trabajo de sus habitantes.\u00a0<\/p>\t\t\t\t\t\t\t\t<\/div>\n\t\t\t\t\t<\/div>\n\t\t\t\t<\/div>\n\t\t<div data-particle_enable=\"false\" data-particle-mobile-disabled=\"false\" class=\"elementor-element elementor-element-d44f556 e-flex e-con-boxed e-con e-parent\" data-id=\"d44f556\" data-element_type=\"container\" data-e-type=\"container\">\n\t\t\t\t\t<div class=\"e-con-inner\">\n\t\t\t\t<div class=\"elementor-element elementor-element-a98d790 elementor-widget elementor-widget-google_maps\" data-id=\"a98d790\" data-element_type=\"widget\" data-e-type=\"widget\" data-widget_type=\"google_maps.default\">\n\t\t\t\t\t\t\t<div class=\"elementor-custom-embed\">\n\t\t\t<iframe loading=\"lazy\"\n\t\t\t\t\tsrc=\"https:\/\/maps.google.com\/maps?q=DEPARTAMENTO%20DE%20CHIMALTENANGO&#038;t=m&#038;z=12&#038;output=embed&#038;iwloc=near\"\n\t\t\t\t\ttitle=\"DEPARTAMENTO DE CHIMALTENANGO\"\n\t\t\t\t\taria-label=\"DEPARTAMENTO DE CHIMALTENANGO\"\n\t\t\t><\/iframe>\n\t\t<\/div>\n\t\t\t\t\t\t<\/div>\n\t\t\t\t\t<\/div>\n\t\t\t\t<\/div>\n\t\t<div data-particle_enable=\"false\" data-particle-mobile-disabled=\"false\" class=\"elementor-element elementor-element-d077c9b e-flex e-con-boxed e-con e-parent\" data-id=\"d077c9b\" data-element_type=\"container\" data-e-type=\"container\">\n\t\t\t\t\t<div class=\"e-con-inner\">\n\t\t\t\t<div class=\"elementor-element elementor-element-1b5e0e1 elementor-widget elementor-widget-text-editor\" data-id=\"1b5e0e1\" data-element_type=\"widget\" data-e-type=\"widget\" data-widget_type=\"text-editor.default\">\n\t\t\t\t\t\t\t\t\t<p>Fundado oficialmente como departamento en 1825, Chimaltenango tiene una historia profundamente ligada a las ra\u00edces mayas, en particular al pueblo <a href=\"https:\/\/soymigrante.com\/revista\/el-pueblo-kaqchikel-abarca-a-1-millon-68-mil-guatemaltecos\/\">k&#8217;akchik&#8217;e<\/a>l. Este grupo ling\u00fcistico solo abarca un 96% de la poblaci\u00f3n maya; los k&#8217;iche son un 2%. El 78% de poblaci\u00f3n es maya y un 32% ladino.<\/p><p>Fue hogar de importantes centros ceremoniales <a href=\"https:\/\/soymigrante.com\/revista\/en-iximche-se-fundo-la-primera-capital-de-guatemala-hace-500-anos\/\">como Iximch\u00e9, que fungi\u00f3 como la \u00faltima capital del reino k&#8217;akchik&#8217;el <\/a>antes de la llegada de los conquistadores espa\u00f1oles. Fue as\u00ed como surgi\u00f3 otro emblem\u00e1tico pueblo: Tecp\u00e1n Guatemala.<\/p><p>La riqueza cultural tambi\u00e9n se refleja en su poblaci\u00f3n actual, donde muchas comunidades a\u00fan preservan su idioma, costumbres y tradiciones.<\/p><p>Municipios como Santa Apolonia y San Juan Comalapa destacan por su producci\u00f3n artesanal, especialmente textiles y cer\u00e1mica, los cuales son muy valorados tanto a nivel nacional como internacional.<\/p>\t\t\t\t\t\t\t\t<\/div>\n\t\t\t\t\t<\/div>\n\t\t\t\t<\/div>\n\t\t<div data-particle_enable=\"false\" data-particle-mobile-disabled=\"false\" class=\"elementor-element elementor-element-bbeb290 e-flex e-con-boxed e-con e-parent\" data-id=\"bbeb290\" data-element_type=\"container\" data-e-type=\"container\">\n\t\t\t\t\t<div class=\"e-con-inner\">\n\t\t\t\t<div class=\"elementor-element elementor-element-1878b1c elementor-widget elementor-widget-image\" data-id=\"1878b1c\" data-element_type=\"widget\" data-e-type=\"widget\" data-widget_type=\"image.default\">\n\t\t\t\t\t\t\t\t\t\t\t\t\t\t\t<img fetchpriority=\"high\" decoding=\"async\" width=\"278\" height=\"208\" src=\"https:\/\/soymigrante.com\/revista\/wp-content\/uploads\/2024\/12\/Chimaltenango-3.webp\" class=\"attachment-large size-large wp-image-17971\" alt=\"Ruinas antiguas en un sitio arqueol\u00f3gico con terrazas y escalinatas, rodeadas de naturaleza y monta\u00f1as al fondo, ambientadas en un entorno hist\u00f3rico y cultural.\" title=\"Chimaltenango 3 \u2013 SoyMigrante.com REVISTA\" \/>\t\t\t\t\t\t\t\t\t\t\t\t\t\t\t<\/div>\n\t\t\t\t\t<\/div>\n\t\t\t\t<\/div>\n\t\t<div data-particle_enable=\"false\" data-particle-mobile-disabled=\"false\" class=\"elementor-element elementor-element-0caeef8 e-flex e-con-boxed e-con e-parent\" data-id=\"0caeef8\" data-element_type=\"container\" data-e-type=\"container\">\n\t\t\t\t\t<div class=\"e-con-inner\">\n\t\t\t\t<div class=\"elementor-element elementor-element-7a154ed elementor-widget elementor-widget-heading\" data-id=\"7a154ed\" data-element_type=\"widget\" data-e-type=\"widget\" data-widget_type=\"heading.default\">\n\t\t\t\t\t<h3 class=\"elementor-heading-title elementor-size-default\">\u00bfCu\u00e1les son los 16 municipios de Chimaltenango?<\/h3>\t\t\t\t<\/div>\n\t\t\t\t\t<\/div>\n\t\t\t\t<\/div>\n\t\t<div data-particle_enable=\"false\" data-particle-mobile-disabled=\"false\" class=\"elementor-element elementor-element-e6789f2 e-flex e-con-boxed e-con e-parent\" data-id=\"e6789f2\" data-element_type=\"container\" data-e-type=\"container\">\n\t\t\t\t\t<div class=\"e-con-inner\">\n\t\t\t\t<div class=\"elementor-element elementor-element-f6cfd0d elementor-widget elementor-widget-text-editor\" data-id=\"f6cfd0d\" data-element_type=\"widget\" data-e-type=\"widget\" data-widget_type=\"text-editor.default\">\n\t\t\t\t\t\t\t\t\t<p>Chimaltenango, San Jos\u00e9 Poaquil, San Mart\u00edn Jilotepeque, Comalapa, Santa Apolonia, Tecp\u00e1n Guatemala, Patz\u00fan, Pochuta, Patzic\u00eda, Santa Cruz Balany\u00e1, Acatenango, Yepocapa, San Andr\u00e9s Itzapa, Parramos, Zaragoza, y El Tejar.<\/p>\t\t\t\t\t\t\t\t<\/div>\n\t\t\t\t\t<\/div>\n\t\t\t\t<\/div>\n\t\t<div data-particle_enable=\"false\" data-particle-mobile-disabled=\"false\" class=\"elementor-element elementor-element-aaa33be e-flex e-con-boxed e-con e-parent\" data-id=\"aaa33be\" data-element_type=\"container\" data-e-type=\"container\">\n\t\t\t\t\t<div class=\"e-con-inner\">\n\t\t\t\t<div class=\"elementor-element elementor-element-2d9bfc4 elementor-widget elementor-widget-image\" data-id=\"2d9bfc4\" data-element_type=\"widget\" data-e-type=\"widget\" data-widget_type=\"image.default\">\n\t\t\t\t\t\t\t\t\t\t\t\t\t\t\t<img decoding=\"async\" width=\"768\" height=\"576\" src=\"https:\/\/soymigrante.com\/revista\/wp-content\/uploads\/2024\/12\/Chimaltenango-4.webp\" class=\"attachment-large size-large wp-image-17972\" alt=\"Caba\u00f1as de madera en un entorno forestal, ideales para turismo sostenible y experiencias en la naturaleza, resaltando la cultura y el estilo de vida rural en espacios ecol\u00f3gicos.\" srcset=\"https:\/\/soymigrante.com\/revista\/wp-content\/uploads\/2024\/12\/Chimaltenango-4.webp 960w, https:\/\/soymigrante.com\/revista\/wp-content\/uploads\/2024\/12\/Chimaltenango-4-300x225.jpeg 300w, https:\/\/soymigrante.com\/revista\/wp-content\/uploads\/2024\/12\/Chimaltenango-4-768x576.jpeg 768w, https:\/\/soymigrante.com\/revista\/wp-content\/uploads\/2024\/12\/Chimaltenango-4-750x563.webp 750w\" sizes=\"(max-width: 768px) 100vw, 768px\" title=\"Chimaltenango: herencia maya y paisajes majestuosos \u2013 SoyMigrante.com REVISTA\" \/>\t\t\t\t\t\t\t\t\t\t\t\t\t\t\t<\/div>\n\t\t\t\t\t<\/div>\n\t\t\t\t<\/div>\n\t\t<div data-particle_enable=\"false\" data-particle-mobile-disabled=\"false\" class=\"elementor-element elementor-element-85f6932 e-flex e-con-boxed e-con e-parent\" data-id=\"85f6932\" data-element_type=\"container\" data-e-type=\"container\">\n\t\t\t\t\t<div class=\"e-con-inner\">\n\t\t\t\t<div class=\"elementor-element elementor-element-ec60633 elementor-widget elementor-widget-heading\" data-id=\"ec60633\" data-element_type=\"widget\" data-e-type=\"widget\" data-widget_type=\"heading.default\">\n\t\t\t\t\t<h3 class=\"elementor-heading-title elementor-size-default\">Atractivos tur\u00edsticos de Chimaltenango<\/h3>\t\t\t\t<\/div>\n\t\t\t\t\t<\/div>\n\t\t\t\t<\/div>\n\t\t<div data-particle_enable=\"false\" data-particle-mobile-disabled=\"false\" class=\"elementor-element elementor-element-43547c5 e-flex e-con-boxed e-con e-parent\" data-id=\"43547c5\" data-element_type=\"container\" data-e-type=\"container\">\n\t\t\t\t\t<div class=\"e-con-inner\">\n\t\t\t\t<div class=\"elementor-element elementor-element-c4f71ed elementor-widget elementor-widget-text-editor\" data-id=\"c4f71ed\" data-element_type=\"widget\" data-e-type=\"widget\" data-widget_type=\"text-editor.default\">\n\t\t\t\t\t\t\t\t\t<div><a href=\"https:\/\/soymigrante.com\/revista\/category\/guate-nuestra\/\" target=\"_blank\" rel=\"noopener\">El departamento de Chimaltenango es un destino tur\u00edstico por excelencia<\/a>, ofreciendo una mezcla de arqueolog\u00eda, naturaleza y tradiciones:<\/div><div>\u00a0<\/div><div><strong>\u2022Iximch\u00e9:<\/strong> Este emblem\u00e1tico sitio arqueol\u00f3gico maya, ubicado cerca de Tecp\u00e1n, fue escenario de importantes eventos hist\u00f3ricos y es un lugar sagrado donde a\u00fan se realizan ceremonias ind\u00edgenas.<\/div><div><strong>\u2022Los Aposentos:<\/strong> Este parque natural es ideal para el descanso y la recreaci\u00f3n familiar, con lagunas, bosques y espacios perfectos para actividades al aire libre.<\/div><div><strong>\u2022Volc\u00e1n Acatenango:<\/strong> Uno de los destinos m\u00e1s visitados por aventureros, ofrece una experiencia \u00fanica de senderismo y vistas inolvidables al Volc\u00e1n de Fuego, especialmente durante sus erupciones.<\/div><div>\u2022<strong>Mixco Viejo:<\/strong> Aunque compite en fama con Iximch\u00e9, este sitio arqueol\u00f3gico es un lugar de inter\u00e9s hist\u00f3rico y cultural que atrae a turistas nacionales e internacionales.<\/div><div>\u2022<strong>San Juan Comalapa:<\/strong> Conocido como \u201cLa Florencia de Am\u00e9rica\u201d por sus murales y arte local, este municipio es un centro art\u00edstico que refleja la riqueza creativa del pueblo maya.<\/div><div><strong>\u2022Molino Helvetia y Casa Xara:<\/strong> En Tecp\u00e1n, estos lugares combinan historia y naturaleza, ideales para desconectarse y aprender sobre la vida rural en Guatemala.<\/div>\t\t\t\t\t\t\t\t<\/div>\n\t\t\t\t\t<\/div>\n\t\t\t\t<\/div>\n\t\t<div data-particle_enable=\"false\" data-particle-mobile-disabled=\"false\" class=\"elementor-element elementor-element-d65d0cc e-flex e-con-boxed e-con e-parent\" data-id=\"d65d0cc\" data-element_type=\"container\" data-e-type=\"container\">\n\t\t\t\t\t<div class=\"e-con-inner\">\n\t\t\t\t<div class=\"elementor-element elementor-element-0af7447 elementor-widget elementor-widget-video\" data-id=\"0af7447\" data-element_type=\"widget\" data-e-type=\"widget\" data-settings=\"{&quot;youtube_url&quot;:&quot;https:\\\/\\\/www.youtube.com\\\/watch?v=HdeVhZvamcg&quot;,&quot;video_type&quot;:&quot;youtube&quot;,&quot;controls&quot;:&quot;yes&quot;}\" data-widget_type=\"video.default\">\n\t\t\t\t\t\t\t<div class=\"elementor-wrapper elementor-open-inline\">\n\t\t\t<div class=\"elementor-video\"><\/div>\t\t<\/div>\n\t\t\t\t\t\t<\/div>\n\t\t\t\t\t<\/div>\n\t\t\t\t<\/div>\n\t\t<div data-particle_enable=\"false\" data-particle-mobile-disabled=\"false\" class=\"elementor-element elementor-element-cd9e749 e-flex e-con-boxed e-con e-parent\" data-id=\"cd9e749\" data-element_type=\"container\" data-e-type=\"container\">\n\t\t\t\t\t<div class=\"e-con-inner\">\n\t\t\t\t<div class=\"elementor-element elementor-element-47edd29 elementor-widget elementor-widget-heading\" data-id=\"47edd29\" data-element_type=\"widget\" data-e-type=\"widget\" data-widget_type=\"heading.default\">\n\t\t\t\t\t<h3 class=\"elementor-heading-title elementor-size-default\">Econom\u00eda diversificada<\/h3>\t\t\t\t<\/div>\n\t\t\t\t\t<\/div>\n\t\t\t\t<\/div>\n\t\t<div data-particle_enable=\"false\" data-particle-mobile-disabled=\"false\" class=\"elementor-element elementor-element-cbc1f88 e-flex e-con-boxed e-con e-parent\" data-id=\"cbc1f88\" data-element_type=\"container\" data-e-type=\"container\">\n\t\t\t\t\t<div class=\"e-con-inner\">\n\t\t\t\t<div class=\"elementor-element elementor-element-b1b67a7 elementor-widget elementor-widget-text-editor\" data-id=\"b1b67a7\" data-element_type=\"widget\" data-e-type=\"widget\" data-widget_type=\"text-editor.default\">\n\t\t\t\t\t\t\t\t\t<p>Adem\u00e1s de las remesas, <a href=\"https:\/\/soymigrante.com\/revista\/category\/guate-nuestra\/\" target=\"_blank\" rel=\"noopener\">la econom\u00eda de Chimaltenango se sostiene gracias a la agricultura y el comercio.<\/a> El departamento es uno de los principales productores de ma\u00edz, caf\u00e9 y hortalizas, que se distribuyen tanto en el mercado nacional como en el internacional.<\/p><p>Municipios como Parramos y Patz\u00fan destacan por sus cultivos de alta calidad, mientras que San Mart\u00edn Jilotepeque es conocido por sus mercados locales.<\/p><p>La producci\u00f3n artesanal tambi\u00e9n tiene un papel importante, especialmente en municipios como Santa Apolonia y San Juan Comalapa, donde los textiles tejidos a mano y la cer\u00e1mica se exportan a varios pa\u00edses.<\/p><p>Sin embargo, su rica geograf\u00eda, bosques y recursos naturales tambi\u00e9n convierten a Chimaltenango en un destino inagotable para el turismo ambiental, ya sea por sus balnearios, sus parques ecol\u00f3gicos o la escalada al volc\u00e1n Acatenango, desde donde se aprecia la intensa actividad del volc\u00e1n de Fuego.<\/p>\t\t\t\t\t\t\t\t<\/div>\n\t\t\t\t\t<\/div>\n\t\t\t\t<\/div>\n\t\t<div data-particle_enable=\"false\" data-particle-mobile-disabled=\"false\" class=\"elementor-element elementor-element-567d1f9 e-flex e-con-boxed e-con e-parent\" data-id=\"567d1f9\" data-element_type=\"container\" data-e-type=\"container\">\n\t\t\t\t\t<div class=\"e-con-inner\">\n\t\t\t\t<div class=\"elementor-element elementor-element-272f435 elementor-invisible elementor-widget elementor-widget-facebook-embed\" data-id=\"272f435\" data-element_type=\"widget\" data-e-type=\"widget\" data-settings=\"{&quot;_animation&quot;:&quot;zoomInDown&quot;}\" data-widget_type=\"facebook-embed.default\">\n\t\t\t\t\t<div style=\"min-height: 1px\" class=\"elementor-facebook-widget fb-video\" data-href=\"https:\/\/www.facebook.com\/reel\/645550623726111\" data-show-text=\"false\" data-allowfullscreen=\"false\" data-autoplay=\"false\" data-show-captions=\"false\"><\/div>\t\t\t\t<\/div>\n\t\t\t\t\t<\/div>\n\t\t\t\t<\/div>\n\t\t<div data-particle_enable=\"false\" data-particle-mobile-disabled=\"false\" class=\"elementor-element elementor-element-27ba86b e-flex e-con-boxed e-con e-parent\" data-id=\"27ba86b\" data-element_type=\"container\" data-e-type=\"container\">\n\t\t\t\t\t<div class=\"e-con-inner\">\n\t\t\t\t<div class=\"elementor-element elementor-element-73a83bc elementor-widget elementor-widget-heading\" data-id=\"73a83bc\" data-element_type=\"widget\" data-e-type=\"widget\" data-widget_type=\"heading.default\">\n\t\t\t\t\t<h3 class=\"elementor-heading-title elementor-size-default\">Impacto de las remesas en Chimaltenango<\/h3>\t\t\t\t<\/div>\n\t\t\t\t\t<\/div>\n\t\t\t\t<\/div>\n\t\t<div data-particle_enable=\"false\" data-particle-mobile-disabled=\"false\" class=\"elementor-element elementor-element-5c50bc1 e-flex e-con-boxed e-con e-parent\" data-id=\"5c50bc1\" data-element_type=\"container\" data-e-type=\"container\">\n\t\t\t\t\t<div class=\"e-con-inner\">\n\t\t\t\t<div class=\"elementor-element elementor-element-5c452ce elementor-widget elementor-widget-text-editor\" data-id=\"5c452ce\" data-element_type=\"widget\" data-e-type=\"widget\" data-widget_type=\"text-editor.default\">\n\t\t\t\t\t\t\t\t\t<p>Las remesas provenientes de Estados Unidos han transformado la econom\u00eda local de Chimaltenango.<a href=\"https:\/\/soymigrante.com\/revista\/category\/guate-nuestra\/\" target=\"_blank\" rel=\"noopener\"> Seg\u00fan datos recientes, este departamento recibe el 4.7% del total de remesas<\/a> enviadas al pa\u00eds, lo que equivale aproximadamente a 850 millones de d\u00f3lares anuales.<\/p><p>Estos fondos no solo sostienen a miles de familias, sino que tambi\u00e9n financian proyectos comunitarios, educaci\u00f3n y emprendimientos locales.<\/p><p>En municipios como Tecp\u00e1n y Comalapa, las remesas han permitido la mejora de carreteras, escuelas y sistemas de agua potable. Adem\u00e1s, han sido esenciales para el crecimiento del comercio local, generando empleos y fortaleciendo la econom\u00eda interna.<\/p>\t\t\t\t\t\t\t\t<\/div>\n\t\t\t\t\t<\/div>\n\t\t\t\t<\/div>\n\t\t<div data-particle_enable=\"false\" data-particle-mobile-disabled=\"false\" class=\"elementor-element elementor-element-ddef2ce e-flex e-con-boxed e-con e-parent\" data-id=\"ddef2ce\" data-element_type=\"container\" data-e-type=\"container\">\n\t\t\t\t\t<div class=\"e-con-inner\">\n\t\t\t\t<div class=\"elementor-element elementor-element-7d23580 elementor-widget elementor-widget-image\" data-id=\"7d23580\" data-element_type=\"widget\" data-e-type=\"widget\" data-widget_type=\"image.default\">\n\t\t\t\t\t\t\t\t\t\t\t\t\t\t\t<img decoding=\"async\" width=\"768\" height=\"384\" src=\"https:\/\/soymigrante.com\/revista\/wp-content\/uploads\/2024\/12\/Chimaltenango-2.webp\" class=\"attachment-large size-large wp-image-17974\" alt=\"Paisaje volc\u00e1nico con monta\u00f1as y vegetaci\u00f3n en un entorno rural de Guatemala, ideal para art\u00edculos sobre migraci\u00f3n y cultura en Am\u00e9rica Central.\" srcset=\"https:\/\/soymigrante.com\/revista\/wp-content\/uploads\/2024\/12\/Chimaltenango-2.webp 800w, https:\/\/soymigrante.com\/revista\/wp-content\/uploads\/2024\/12\/Chimaltenango-2-300x150.jpeg 300w, https:\/\/soymigrante.com\/revista\/wp-content\/uploads\/2024\/12\/Chimaltenango-2-768x384.jpeg 768w, https:\/\/soymigrante.com\/revista\/wp-content\/uploads\/2024\/12\/Chimaltenango-2-360x180.webp 360w, https:\/\/soymigrante.com\/revista\/wp-content\/uploads\/2024\/12\/Chimaltenango-2-750x375.webp 750w\" sizes=\"(max-width: 768px) 100vw, 768px\" title=\"Chimaltenango 2 \u2013 SoyMigrante.com REVISTA\" \/>\t\t\t\t\t\t\t\t\t\t\t\t\t\t\t<\/div>\n\t\t\t\t\t<\/div>\n\t\t\t\t<\/div>\n\t\t<div data-particle_enable=\"false\" data-particle-mobile-disabled=\"false\" class=\"elementor-element elementor-element-c1461b5 e-flex e-con-boxed e-con e-parent\" data-id=\"c1461b5\" data-element_type=\"container\" data-e-type=\"container\">\n\t\t\t\t\t<div class=\"e-con-inner\">\n\t\t\t\t<div class=\"elementor-element elementor-element-18f8a54 elementor-widget elementor-widget-heading\" data-id=\"18f8a54\" data-element_type=\"widget\" data-e-type=\"widget\" data-widget_type=\"heading.default\">\n\t\t\t\t\t<h3 class=\"elementor-heading-title elementor-size-default\">Un lugar para disfrutar <\/h3>\t\t\t\t<\/div>\n\t\t\t\t\t<\/div>\n\t\t\t\t<\/div>\n\t\t<div data-particle_enable=\"false\" data-particle-mobile-disabled=\"false\" class=\"elementor-element elementor-element-1219b19 e-flex e-con-boxed e-con e-parent\" data-id=\"1219b19\" data-element_type=\"container\" data-e-type=\"container\">\n\t\t\t\t\t<div class=\"e-con-inner\">\n\t\t\t\t<div class=\"elementor-element elementor-element-7e7e2ce elementor-widget elementor-widget-text-editor\" data-id=\"7e7e2ce\" data-element_type=\"widget\" data-e-type=\"widget\" data-widget_type=\"text-editor.default\">\n\t\t\t\t\t\t\t\t\t<p>Chimaltenango est\u00e1 en una posici\u00f3n estrat\u00e9gica para el desarrollo, ya que cuenta con una ubicaci\u00f3n privilegiada cerca de la Ciudad de Guatemala y una creciente inversi\u00f3n en infraestructura.<\/p><p>El turismo sostenible, la promoci\u00f3n del comercio y el fortalecimiento de las comunidades rurales<a href=\"https:\/\/soymigrante.com\/revista\/category\/guate-nuestra\/\" target=\"_blank\" rel=\"noopener\"> son pilares clave para el progreso del departamento.<\/a><\/p><p>Con su combinaci\u00f3n de tradici\u00f3n cultural, recursos naturales y el apoyo incondicional de su di\u00e1spora, Chimaltenango es un modelo de resiliencia y desarrollo que contin\u00faa escribiendo su historia en el coraz\u00f3n de Guatemala.<\/p>\t\t\t\t\t\t\t\t<\/div>\n\t\t\t\t\t<\/div>\n\t\t\t\t<\/div>\n\t\t<div data-particle_enable=\"false\" data-particle-mobile-disabled=\"false\" class=\"elementor-element elementor-element-7c3deb4 e-flex e-con-boxed e-con e-parent\" data-id=\"7c3deb4\" data-element_type=\"container\" data-e-type=\"container\">\n\t\t\t\t\t<div class=\"e-con-inner\">\n\t\t\t\t<div class=\"elementor-element elementor-element-b2ab998 elementor-widget elementor-widget-video\" data-id=\"b2ab998\" data-element_type=\"widget\" data-e-type=\"widget\" data-settings=\"{&quot;youtube_url&quot;:&quot;https:\\\/\\\/youtu.be\\\/6yzSlvKB2k4&quot;,&quot;video_type&quot;:&quot;youtube&quot;,&quot;controls&quot;:&quot;yes&quot;}\" data-widget_type=\"video.default\">\n\t\t\t\t\t\t\t<div class=\"elementor-wrapper elementor-open-inline\">\n\t\t\t<div class=\"elementor-video\"><\/div>\t\t<\/div>\n\t\t\t\t\t\t<\/div>\n\t\t\t\t\t<\/div>\n\t\t\t\t<\/div>\n\t\t<div data-particle_enable=\"false\" data-particle-mobile-disabled=\"false\" class=\"elementor-element elementor-element-7ac90d6 e-flex e-con-boxed e-con e-parent\" data-id=\"7ac90d6\" data-element_type=\"container\" data-e-type=\"container\">\n\t\t\t\t\t<div class=\"e-con-inner\">\n\t\t\t\t<div class=\"elementor-element elementor-element-0f73378 elementor-widget elementor-widget-heading\" data-id=\"0f73378\" data-element_type=\"widget\" data-e-type=\"widget\" data-widget_type=\"heading.default\">\n\t\t\t\t\t<h2 class=\"elementor-heading-title elementor-size-default\">Conoce m\u00e1s y ama Guatemala...<\/h2>\t\t\t\t<\/div>\n\t\t\t\t\t<\/div>\n\t\t\t\t<\/div>\n\t\t<div data-particle_enable=\"false\" data-particle-mobile-disabled=\"false\" class=\"elementor-element elementor-element-2956ecb e-flex e-con-boxed e-con e-parent\" data-id=\"2956ecb\" data-element_type=\"container\" data-e-type=\"container\">\n\t\t\t\t\t<div class=\"e-con-inner\">\n\t\t\t\t<div class=\"elementor-element elementor-element-9e9621c elementor-grid-eael-col-3 elementor-grid-tablet-eael-col-2 elementor-grid-mobile-eael-col-1 elementor-widget elementor-widget-eael-post-grid\" data-id=\"9e9621c\" data-element_type=\"widget\" data-e-type=\"widget\" data-settings=\"{&quot;eael_post_grid_columns&quot;:&quot;eael-col-3&quot;,&quot;eael_post_grid_columns_tablet&quot;:&quot;eael-col-2&quot;,&quot;eael_post_grid_columns_mobile&quot;:&quot;eael-col-1&quot;}\" data-widget_type=\"eael-post-grid.default\">\n\t\t\t\t\t<div id=\"eael-post-grid-9e9621c\" class=\"eael-post-grid-container\">\n            <div class=\"eael-post-grid eael-post-appender eael-post-appender-9e9621c eael-post-grid-style-one\" data-layout-mode=\"masonry\"><article class=\"eael-grid-post  eael-post-grid-column eael-pg-post-8856 category-pueblos-de-guatemala\" data-id=\"8856\">\n        <div class=\"eael-grid-post-holder\">\n            <div class=\"eael-grid-post-holder-inner\"><div class=\"eael-entry-media\"><div class=\"eael-entry-overlay fade-in\"><i class=\"far fa-hand-pointer\" aria-hidden=\"true\"><\/i><a href=\"https:\/\/soymigrante.com\/revista\/el-pueblo-kaqchikel-abarca-a-1-millon-68-mil-guatemaltecos\/\"><\/a><\/div><div class=\"eael-entry-thumbnail \">\n                <img loading=\"lazy\" decoding=\"async\" width=\"797\" height=\"797\" src=\"https:\/\/soymigrante.com\/revista\/wp-content\/uploads\/2024\/09\/Captura-de-pantalla-2024-09-05-170648-e1725577693900.webp\" class=\"attachment-large size-large wp-image-8865\" alt=\"Her royalty-free photo of a smiling woman holding a bouquet of flowers, wearing traditional indigenous clothing, standing against a rustic wall in a rural setting, representing migrant culture and heritage.\" srcset=\"https:\/\/soymigrante.com\/revista\/wp-content\/uploads\/2024\/09\/Captura-de-pantalla-2024-09-05-170648-e1725577693900.webp 797w, https:\/\/soymigrante.com\/revista\/wp-content\/uploads\/2024\/09\/Captura-de-pantalla-2024-09-05-170648-e1725577693900-300x300.webp 300w, https:\/\/soymigrante.com\/revista\/wp-content\/uploads\/2024\/09\/Captura-de-pantalla-2024-09-05-170648-e1725577693900-150x150.webp 150w, https:\/\/soymigrante.com\/revista\/wp-content\/uploads\/2024\/09\/Captura-de-pantalla-2024-09-05-170648-e1725577693900-768x768.webp 768w, https:\/\/soymigrante.com\/revista\/wp-content\/uploads\/2024\/09\/Captura-de-pantalla-2024-09-05-170648-e1725577693900-75x75.webp 75w, https:\/\/soymigrante.com\/revista\/wp-content\/uploads\/2024\/09\/Captura-de-pantalla-2024-09-05-170648-e1725577693900-750x750.webp 750w\" sizes=\"(max-width: 797px) 100vw, 797px\" \/>\n            <\/div>\n        <\/div><div class=\"eael-entry-wrapper\"><header class=\"eael-entry-header\"><h2 class=\"eael-entry-title\"><a class=\"eael-grid-post-link\" href=\"https:\/\/soymigrante.com\/revista\/el-pueblo-kaqchikel-abarca-a-1-millon-68-mil-guatemaltecos\/\" title=\"El pueblo Kaqchikel abarca a 1 mill\u00f3n 68 mil guatemaltecos\">El pueblo Kaqchikel abarca a 1 mill\u00f3n 68 mil guatemaltecos<\/a><\/h2><\/header><div class=\"eael-entry-content\">\n                        <div class=\"eael-grid-post-excerpt\"><a href=\"https:\/\/soymigrante.com\/revista\/el-pueblo-kaqchikel-abarca-a-1-millon-68-mil-guatemaltecos\/\" class=\"eael-post-elements-readmore-btn\">CONOCE SU HISTORIA <\/a><\/div>\n                    <\/div><\/div><\/div>\n        <\/div>\n    <\/article><article class=\"eael-grid-post  eael-post-grid-column eael-pg-post-7275 category-guate-nuestra tags-capitales-de-guatemala\" data-id=\"7275\">\n        <div class=\"eael-grid-post-holder\">\n            <div class=\"eael-grid-post-holder-inner\"><div class=\"eael-entry-media\"><div class=\"eael-entry-overlay fade-in\"><i class=\"far fa-hand-pointer\" aria-hidden=\"true\"><\/i><a href=\"https:\/\/soymigrante.com\/revista\/en-iximche-se-fundo-la-primera-capital-de-guatemala-hace-500-anos\/\"><\/a><\/div><div class=\"eael-entry-thumbnail \">\n                <img loading=\"lazy\" decoding=\"async\" width=\"782\" height=\"782\" src=\"https:\/\/soymigrante.com\/revista\/wp-content\/uploads\/2024\/07\/Captura-de-pantalla-2024-07-02-144947.webp\" class=\"attachment-large size-large wp-image-7277\" alt=\"Ruinas arqueol\u00f3gicas en medio de un bosque, vista a\u00e9rea, exploraci\u00f3n hist\u00f3rica y cultura ancestral, vestigios de una antigua civilizaci\u00f3n en un entorno natural.\" srcset=\"https:\/\/soymigrante.com\/revista\/wp-content\/uploads\/2024\/07\/Captura-de-pantalla-2024-07-02-144947.webp 782w, https:\/\/soymigrante.com\/revista\/wp-content\/uploads\/2024\/07\/Captura-de-pantalla-2024-07-02-144947-300x300.webp 300w, https:\/\/soymigrante.com\/revista\/wp-content\/uploads\/2024\/07\/Captura-de-pantalla-2024-07-02-144947-150x150.webp 150w, https:\/\/soymigrante.com\/revista\/wp-content\/uploads\/2024\/07\/Captura-de-pantalla-2024-07-02-144947-768x768.webp 768w, https:\/\/soymigrante.com\/revista\/wp-content\/uploads\/2024\/07\/Captura-de-pantalla-2024-07-02-144947-75x75.webp 75w, https:\/\/soymigrante.com\/revista\/wp-content\/uploads\/2024\/07\/Captura-de-pantalla-2024-07-02-144947-750x750.webp 750w\" sizes=\"(max-width: 782px) 100vw, 782px\" \/>\n            <\/div>\n        <\/div><div class=\"eael-entry-wrapper\"><header class=\"eael-entry-header\"><h2 class=\"eael-entry-title\"><a class=\"eael-grid-post-link\" href=\"https:\/\/soymigrante.com\/revista\/en-iximche-se-fundo-la-primera-capital-de-guatemala-hace-500-anos\/\" title=\"En Iximche se fund\u00f3 la primera capital de Guatemala en 1524\">En Iximche se fund\u00f3 la primera capital de Guatemala en 1524<\/a><\/h2><\/header><div class=\"eael-entry-content\">\n                        <div class=\"eael-grid-post-excerpt\"><a href=\"https:\/\/soymigrante.com\/revista\/en-iximche-se-fundo-la-primera-capital-de-guatemala-hace-500-anos\/\" class=\"eael-post-elements-readmore-btn\">CONOCE SU HISTORIA <\/a><\/div>\n                    <\/div><\/div><\/div>\n        <\/div>\n    <\/article><article class=\"eael-grid-post  eael-post-grid-column eael-pg-post-1740 category-exitos\" data-id=\"1740\">\n        <div class=\"eael-grid-post-holder\">\n            <div class=\"eael-grid-post-holder-inner\"><div class=\"eael-entry-media\"><div class=\"eael-entry-overlay fade-in\"><i class=\"far fa-hand-pointer\" aria-hidden=\"true\"><\/i><a href=\"https:\/\/soymigrante.com\/revista\/historia-retorno-migrante-guatemalteco\/\"><\/a><\/div><div class=\"eael-entry-thumbnail \">\n                <img loading=\"lazy\" decoding=\"async\" width=\"1024\" height=\"748\" src=\"https:\/\/soymigrante.com\/revista\/wp-content\/uploads\/2023\/07\/Captura-de-pantalla-2023-07-05-221228-1024x748.webp\" class=\"attachment-large size-large wp-image-1745\" alt=\"Santos Ram\u00edrez es un migrante guatemalteco que logr\u00f3 trabajar en Pensilvania y luego regresar con su familia a su aldea natal en San Juan Comalapa, Chimaltenango.\" srcset=\"https:\/\/soymigrante.com\/revista\/wp-content\/uploads\/2023\/07\/Captura-de-pantalla-2023-07-05-221228-1024x748.webp 1024w, https:\/\/soymigrante.com\/revista\/wp-content\/uploads\/2023\/07\/Captura-de-pantalla-2023-07-05-221228-300x219.webp 300w, https:\/\/soymigrante.com\/revista\/wp-content\/uploads\/2023\/07\/Captura-de-pantalla-2023-07-05-221228-768x561.webp 768w, https:\/\/soymigrante.com\/revista\/wp-content\/uploads\/2023\/07\/Captura-de-pantalla-2023-07-05-221228-750x548.webp 750w, https:\/\/soymigrante.com\/revista\/wp-content\/uploads\/2023\/07\/Captura-de-pantalla-2023-07-05-221228-1140x832.webp 1140w, https:\/\/soymigrante.com\/revista\/wp-content\/uploads\/2023\/07\/Captura-de-pantalla-2023-07-05-221228.webp 1263w\" sizes=\"(max-width: 1024px) 100vw, 1024px\" \/>\n            <\/div>\n        <\/div><div class=\"eael-entry-wrapper\"><header class=\"eael-entry-header\"><h2 class=\"eael-entry-title\"><a class=\"eael-grid-post-link\" href=\"https:\/\/soymigrante.com\/revista\/historia-retorno-migrante-guatemalteco\/\" title=\"Santos se hizo migrante por amor y regres\u00f3 a su aldea por una deuda\">Santos se hizo migrante por amor y regres\u00f3 a su aldea por una deuda<\/a><\/h2><\/header><div class=\"eael-entry-content\">\n                        <div class=\"eael-grid-post-excerpt\"><a href=\"https:\/\/soymigrante.com\/revista\/historia-retorno-migrante-guatemalteco\/\" class=\"eael-post-elements-readmore-btn\">CONOCE SU HISTORIA <\/a><\/div>\n                    <\/div><\/div><\/div>\n        <\/div>\n    <\/article><\/div>\n            <div class=\"clearfix\"><\/div>\n        <\/div>\t\t\t\t<\/div>\n\t\t\t\t\t<\/div>\n\t\t\t\t<\/div>\n\t\t\t\t<\/div>\n\t\t","protected":false},"excerpt":{"rendered":"<p>Chimaltenango es un lugar lleno de historia, costumbres. monta\u00f1as y productividad. En su territorio se encuentra la primera capital de Santiago de los Caballeros, en Iximch\u00e9, antigua capital k&#8217;aqchik&#8217;el En el coraz\u00f3n de Guatemala, el departamento de Chimaltenango resplandece como un centro de riqueza cultural, belleza natural y crecimiento econ\u00f3mico. Con una extensi\u00f3n de 1,979 [&hellip;]<\/p>\n","protected":false},"author":19,"featured_media":18646,"comment_status":"open","ping_status":"open","sticky":false,"template":"","format":"standard","meta":{"_acf_changed":false,"_eb_attr":"","footnotes":""},"categories":[58],"tags":[137],"class_list":["post-17968","post","type-post","status-publish","format-standard","has-post-thumbnail","hentry","category-guate-nuestra","tag-departamentos-de-guatemala"],"acf":[],"aioseo_notices":[],"aioseo_head":"\n\t\t<!-- All in One SEO Pro 4.9.6.2 - aioseo.com -->\n\t<meta name=\"description\" content=\"Conoce la historia inspiradora de un migrante guatemalteco que logr\u00f3 regresar y vivir en su pueblo natal. Un viaje de retorno y pertenencia\" \/>\n\t<meta name=\"robots\" content=\"max-snippet:-1, max-image-preview:large, max-video-preview:-1\" \/>\n\t<meta name=\"author\" content=\"Gustavo Montenegro\"\/>\n\t<link rel=\"canonical\" href=\"https:\/\/soymigrante.com\/revista\/historia-retorno-migrante-guatemalteco\/\" \/>\n\t<meta name=\"generator\" content=\"All in One SEO Pro (AIOSEO) 4.9.6.2\" \/>\n\n\t\t<link rel=\"preconnect\" href=\"https:\/\/fonts.googleapis.com\" crossorigin>\n<link rel=\"preconnect\" href=\"https:\/\/fonts.gstatic.com\" crossorigin>\n\t\t<meta property=\"og:locale\" content=\"es_ES\" \/>\n\t\t<meta property=\"og:site_name\" content=\"SoyMigrante.com REVISTA \u2013 Nuestra misi\u00f3n es reconocer y dignificar al migrante.\" \/>\n\t\t<meta property=\"og:type\" content=\"article\" \/>\n\t\t<meta property=\"og:title\" content=\"Santos se hizo migrante por amor y regres\u00f3 a su aldea por una deuda\" \/>\n\t\t<meta property=\"og:description\" content=\"Conoce la historia inspiradora de un migrante guatemalteco que logr\u00f3 regresar y vivir en su pueblo natal. Un viaje de retorno y pertenencia\" \/>\n\t\t<meta property=\"og:url\" content=\"https:\/\/soymigrante.com\/revista\/historia-retorno-migrante-guatemalteco\/\" \/>\n\t\t<meta property=\"og:image\" content=\"https:\/\/soymigrante.com\/revista\/wp-content\/uploads\/2023\/07\/Captura-de-pantalla-2023-07-05-221228.webp\" \/>\n\t\t<meta property=\"og:image:secure_url\" content=\"https:\/\/soymigrante.com\/revista\/wp-content\/uploads\/2023\/07\/Captura-de-pantalla-2023-07-05-221228.webp\" \/>\n\t\t<meta property=\"og:image:width\" content=\"1263\" \/>\n\t\t<meta property=\"og:image:height\" content=\"922\" \/>\n\t\t<meta property=\"article:published_time\" content=\"2023-07-06T17:13:47+00:00\" \/>\n\t\t<meta property=\"article:modified_time\" content=\"2024-10-06T16:14:25+00:00\" \/>\n\t\t<meta property=\"article:publisher\" content=\"https:\/\/www.facebook.com\/soymigrantecom\" \/>\n\t\t<meta name=\"twitter:card\" content=\"summary_large_image\" \/>\n\t\t<meta name=\"twitter:site\" content=\"@SoyMigrante_com\" \/>\n\t\t<meta name=\"twitter:title\" content=\"Santos se hizo migrante por amor y regres\u00f3 a su aldea por una deuda\" \/>\n\t\t<meta name=\"twitter:description\" content=\"Conoce la historia inspiradora de un migrante guatemalteco que logr\u00f3 regresar y vivir en su pueblo natal. Un viaje de retorno y pertenencia\" \/>\n\t\t<meta name=\"twitter:creator\" content=\"@SoyMigrante_com\" \/>\n\t\t<meta name=\"twitter:image\" content=\"https:\/\/soymigrante.com\/revista\/wp-content\/uploads\/2023\/07\/Captura-de-pantalla-2023-07-05-221228.webp\" \/>\n\t\t<!-- All in One SEO Pro -->\r\n\t\t<title>Santos se hizo migrante por amor y regres\u00f3 a su aldea por una deuda<\/title>\n\n","aioseo_head_json":{"title":"Santos se hizo migrante por amor y regres\u00f3 a su aldea por una deuda","description":"Conoce la historia inspiradora de un migrante guatemalteco que logr\u00f3 regresar y vivir en su pueblo natal. Un viaje de retorno y pertenencia","canonical_url":"https:\/\/soymigrante.com\/revista\/historia-retorno-migrante-guatemalteco\/","robots":"max-snippet:-1, max-image-preview:large, max-video-preview:-1","keywords":"","webmasterTools":{"miscellaneous":"&lt;link rel=\"preconnect\" href=\"https:\/\/fonts.googleapis.com\" crossorigin&gt;\n&lt;link rel=\"preconnect\" href=\"https:\/\/fonts.gstatic.com\" crossorigin&gt;"},"schema":null,"og:locale":"es_ES","og:site_name":"SoyMigrante.com REVISTA \u2013 Nuestra misi\u00f3n es reconocer y dignificar al migrante.","og:type":"article","og:title":"Santos se hizo migrante por amor y regres\u00f3 a su aldea por una deuda","og:description":"Conoce la historia inspiradora de un migrante guatemalteco que logr\u00f3 regresar y vivir en su pueblo natal. Un viaje de retorno y pertenencia","og:url":"https:\/\/soymigrante.com\/revista\/historia-retorno-migrante-guatemalteco\/","og:image":"https:\/\/soymigrante.com\/revista\/wp-content\/uploads\/2023\/07\/Captura-de-pantalla-2023-07-05-221228.webp","og:image:secure_url":"https:\/\/soymigrante.com\/revista\/wp-content\/uploads\/2023\/07\/Captura-de-pantalla-2023-07-05-221228.webp","og:image:width":1263,"og:image:height":922,"article:published_time":"2023-07-06T17:13:47+00:00","article:modified_time":"2024-10-06T16:14:25+00:00","article:publisher":"https:\/\/www.facebook.com\/soymigrantecom","twitter:card":"summary_large_image","twitter:site":"@SoyMigrante_com","twitter:title":"Santos se hizo migrante por amor y regres\u00f3 a su aldea por una deuda","twitter:description":"Conoce la historia inspiradora de un migrante guatemalteco que logr\u00f3 regresar y vivir en su pueblo natal. Un viaje de retorno y pertenencia","twitter:creator":"@SoyMigrante_com","twitter:image":"https:\/\/soymigrante.com\/revista\/wp-content\/uploads\/2023\/07\/Captura-de-pantalla-2023-07-05-221228.webp"},"aioseo_meta_data":{"post_id":"17968","title":"Chimaltenango tiene monta\u00f1as, tradici\u00f3n y la primera capital","description":"Chimaltenango es departamento lleno de historia, costumbres, naturaleza y su atractiva frescura monta\u00f1osa le provee de un gran potencial ecotur\u00edstico.","keywords":null,"keyphrases":{"focus":{"keyphrase":"Chimaltenango","score":100,"analysis":{"keyphraseInTitle":{"score":9,"maxScore":9,"error":0},"keyphraseInDescription":{"score":9,"maxScore":9,"error":0},"keyphraseLength":{"score":9,"maxScore":9,"error":0,"length":1},"keyphraseInURL":{"score":5,"maxScore":5,"error":0},"keyphraseInIntroduction":{"score":9,"maxScore":9,"error":0},"keyphraseInSubHeadings":{"score":9,"maxScore":9,"error":0},"keyphraseInImageAlt":{"score":9,"maxScore":9,"error":0},"keywordDensity":{"type":"best","score":9,"maxScore":9,"error":0}}},"additional":[{"keyphrase":"Chimaltenango","score":100,"analysis":{"keyphraseInDescription":{"score":9,"maxScore":9,"error":0},"keyphraseLength":{"score":9,"maxScore":9,"error":0,"length":1},"keyphraseInIntroduction":{"score":9,"maxScore":9,"error":0},"keyphraseInImageAlt":{"score":9,"maxScore":9,"error":0},"keywordDensity":{"type":"best","score":9,"maxScore":9,"error":0}}},{"keyphrase":"Departamentos de Guatemala","score":40,"analysis":{"keyphraseInDescription":{"score":3,"maxScore":9,"error":1},"keyphraseLength":{"score":9,"maxScore":9,"error":0,"length":3},"keyphraseInIntroduction":{"score":3,"maxScore":9,"error":1},"keyphraseInImageAlt":{"score":3,"maxScore":9,"error":1},"keywordDensity":{"score":0,"type":"low","maxScore":9,"error":1}}}]},"primary_term":null,"canonical_url":null,"og_title":null,"og_description":null,"og_object_type":"default","og_image_type":"default","og_image_url":null,"og_image_width":null,"og_image_height":null,"og_image_custom_url":null,"og_image_custom_fields":null,"og_video":"","og_custom_url":null,"og_article_section":null,"og_article_tags":null,"twitter_use_og":false,"twitter_card":"default","twitter_image_type":"default","twitter_image_url":null,"twitter_image_custom_url":null,"twitter_image_custom_fields":null,"twitter_title":null,"twitter_description":null,"schema":{"blockGraphs":[],"customGraphs":[],"default":{"data":{"Article":[],"Course":[],"Dataset":[],"FAQPage":[],"Movie":[],"Person":[],"Product":[],"ProductReview":[],"Car":[],"Recipe":[],"Service":[],"SoftwareApplication":[],"WebPage":[]},"graphName":"BlogPosting","isEnabled":true},"graphs":[]},"schema_type":"default","schema_type_options":null,"pillar_content":false,"robots_default":true,"robots_noindex":false,"robots_noarchive":false,"robots_nosnippet":false,"robots_nofollow":false,"robots_noimageindex":false,"robots_noodp":false,"robots_notranslate":false,"robots_max_snippet":"-1","robots_max_videopreview":"-1","robots_max_imagepreview":"large","priority":null,"frequency":"default","local_seo":null,"seo_analyzer_scan_date":"2025-10-09 01:26:26","breadcrumb_settings":null,"limit_modified_date":false,"reviewed_by":null,"open_ai":"{\"title\":{\"suggestions\":[],\"usage\":0},\"description\":{\"suggestions\":[],\"usage\":0}}","ai":null,"created":"2024-12-24 04:51:07","updated":"2026-02-04 18:39:27"},"aioseo_breadcrumb":"<div class=\"aioseo-breadcrumbs\"><span class=\"aioseo-breadcrumb\">\n\t<a href=\"https:\/\/soymigrante.com\/revista\" title=\"Home\">Home<\/a>\n<\/span><span class=\"aioseo-breadcrumb-separator\">\u00bb<\/span><span class=\"aioseo-breadcrumb\">\n\t<a href=\"https:\/\/soymigrante.com\/revista\/category\/guate-nuestra\/\" title=\"Guate Nuestra\">Guate Nuestra<\/a>\n<\/span><span class=\"aioseo-breadcrumb-separator\">\u00bb<\/span><span class=\"aioseo-breadcrumb\">\n\tDepartamentos de Guatemala: Chimaltenango tiene monta\u00f1as, tradici\u00f3n y la primera capital de Guatemala\n<\/span><\/div>","aioseo_breadcrumb_json":[{"label":"Home","link":"https:\/\/soymigrante.com\/revista"},{"label":"Guate Nuestra","link":"https:\/\/soymigrante.com\/revista\/category\/guate-nuestra\/"},{"label":"Departamentos de Guatemala: Chimaltenango tiene monta\u00f1as, tradici\u00f3n y la primera capital de Guatemala","link":"https:\/\/soymigrante.com\/revista\/departamentos-de-guatemala-chimaltenango-tiene-montanas-tradicion-y-la-primera-capital-de-guatemala\/"}],"_links":{"self":[{"href":"https:\/\/soymigrante.com\/revista\/wp-json\/wp\/v2\/posts\/17968","targetHints":{"allow":["GET"]}}],"collection":[{"href":"https:\/\/soymigrante.com\/revista\/wp-json\/wp\/v2\/posts"}],"about":[{"href":"https:\/\/soymigrante.com\/revista\/wp-json\/wp\/v2\/types\/post"}],"author":[{"embeddable":true,"href":"https:\/\/soymigrante.com\/revista\/wp-json\/wp\/v2\/users\/19"}],"replies":[{"embeddable":true,"href":"https:\/\/soymigrante.com\/revista\/wp-json\/wp\/v2\/comments?post=17968"}],"version-history":[{"count":0,"href":"https:\/\/soymigrante.com\/revista\/wp-json\/wp\/v2\/posts\/17968\/revisions"}],"wp:featuredmedia":[{"embeddable":true,"href":"https:\/\/soymigrante.com\/revista\/wp-json\/wp\/v2\/media\/18646"}],"wp:attachment":[{"href":"https:\/\/soymigrante.com\/revista\/wp-json\/wp\/v2\/media?parent=17968"}],"wp:term":[{"taxonomy":"category","embeddable":true,"href":"https:\/\/soymigrante.com\/revista\/wp-json\/wp\/v2\/categories?post=17968"},{"taxonomy":"post_tag","embeddable":true,"href":"https:\/\/soymigrante.com\/revista\/wp-json\/wp\/v2\/tags?post=17968"}],"curies":[{"name":"wp","href":"https:\/\/api.w.org\/{rel}","templated":true}]}}