{"id":17922,"date":"2024-12-27T17:55:13","date_gmt":"2024-12-27T23:55:13","guid":{"rendered":"https:\/\/soymigrante.com\/revista\/?p=17922"},"modified":"2025-03-04T12:36:48","modified_gmt":"2025-03-04T18:36:48","slug":"baja-verapaz-tierra-de-trabajo-del-gran-rabinal-achi-y-el-salto-de-chilasco","status":"publish","type":"post","link":"https:\/\/soymigrante.com\/revista\/baja-verapaz-tierra-de-trabajo-del-gran-rabinal-achi-y-el-salto-de-chilasco\/","title":{"rendered":"Departamentos de Guatemala: Baja Verapaz: tierra de trabajo, del Rabinal Ach\u00ed y el salto de Chilasc\u00f3"},"content":{"rendered":"\t\t<div data-elementor-type=\"wp-post\" data-elementor-id=\"17922\" class=\"elementor elementor-17922\" data-elementor-post-type=\"post\">\n\t\t\t\t<div data-particle_enable=\"false\" data-particle-mobile-disabled=\"false\" class=\"elementor-element elementor-element-a755010 e-flex e-con-boxed e-con e-parent\" data-id=\"a755010\" data-element_type=\"container\" data-e-type=\"container\">\n\t\t\t\t\t<div class=\"e-con-inner\">\n\t\t\t\t<div class=\"elementor-element elementor-element-864587d elementor-widget elementor-widget-heading\" data-id=\"864587d\" data-element_type=\"widget\" data-e-type=\"widget\" data-widget_type=\"heading.default\">\n\t\t\t\t\t<h2 class=\"elementor-heading-title elementor-size-default\">Baja Verapaz tiene la combinaci\u00f3n fascinante de naturaleza y culturas ancestrales.  Este departamento fue creado en 1877 en el gobierno de Justo Rufino Barrios, tras la separaci\u00f3n de Alta Verapaz.<\/h2>\t\t\t\t<\/div>\n\t\t\t\t\t<\/div>\n\t\t\t\t<\/div>\n\t\t<div data-particle_enable=\"false\" data-particle-mobile-disabled=\"false\" class=\"elementor-element elementor-element-8de81b3 e-flex e-con-boxed e-con e-parent\" data-id=\"8de81b3\" data-element_type=\"container\" data-e-type=\"container\">\n\t\t\t\t\t<div class=\"e-con-inner\">\n\t\t\t\t<div class=\"elementor-element elementor-element-23353b5 elementor-widget elementor-widget-text-editor\" data-id=\"23353b5\" data-element_type=\"widget\" data-e-type=\"widget\" data-widget_type=\"text-editor.default\">\n\t\t\t\t\t\t\t\t\t<p>Enclavado en el coraz\u00f3n de Guatemala,<a href=\"https:\/\/soymigrante.com\/revista\/category\/guate-nuestra\/\" target=\"_blank\" rel=\"noopener\"> el departamento de Baja Verapaz destaca por su rica herencia cultural<\/a>\u00a0y\u00a0sus paisajes naturales \u00fanicos\u00a0 por lo que su econom\u00eda local tiene un fuerte componente en el turismo nacional e internacional.<\/p><p>Tiene una poblaci\u00f3n aproximada de 330 mil habitantes y una extensi\u00f3n de 3,124 kil\u00f3metros cuadrados, lo que equivale a 3% del territorio nacional. Posee un clima semic\u00e1lido y h\u00famedo que van desde los 17.7 a los 27.3 \u00baC (63.9 a 81.1 \u00baF), debido a que sus regiones se encuentran a alturas entre 940 a 1,570 metros sobre el nivel del mar.<\/p><p>En Baja Verapaz hay cuatro pueblos: <a href=\"https:\/\/soymigrante.com\/revista\/etnias-de-guatemala-los-achi\/\">Ach\u00ed<\/a>, <a href=\"https:\/\/soymigrante.com\/revista\/pueblo-poqomchi-existe-y-vive-en-torno-al-mayijinic-y-el-kuxanik\/\">Poqomchi<\/a>, <a href=\"https:\/\/soymigrante.com\/revista\/pueblo-qeqchi-es-el-idioma-maya-con-mayor-cifra-de-hablantes\/\">Q&#8217;eqchi&#8217;<\/a> y <a href=\"https:\/\/soymigrante.com\/revista\/pueblo-ladino-integra-raices-y-mestizajes-de-guatemala\/\">Ladino<\/a>. Se conservan muchas tradiciones en los municipios, pero sin duda alguna la m\u00e1s importante es el baile drama prehisp\u00e1nico <a href=\"https:\/\/soymigrante.com\/revista\/rabinal-achi-drama-prehispanico-patrimonio-cultural-de-guatemala\/\">Rabinal Ach\u00ed,<\/a> \u00fanico en su tipo y que cobra vida en cada enero.<\/p>\t\t\t\t\t\t\t\t<\/div>\n\t\t\t\t\t<\/div>\n\t\t\t\t<\/div>\n\t\t<div data-particle_enable=\"false\" data-particle-mobile-disabled=\"false\" class=\"elementor-element elementor-element-56b27b5 e-flex e-con-boxed e-con e-parent\" data-id=\"56b27b5\" data-element_type=\"container\" data-e-type=\"container\">\n\t\t\t\t\t<div class=\"e-con-inner\">\n\t\t\t\t<div class=\"elementor-element elementor-element-d56f32d elementor-widget elementor-widget-google_maps\" data-id=\"d56f32d\" data-element_type=\"widget\" data-e-type=\"widget\" data-widget_type=\"google_maps.default\">\n\t\t\t\t\t\t\t<div class=\"elementor-custom-embed\">\n\t\t\t<iframe loading=\"lazy\"\n\t\t\t\t\tsrc=\"https:\/\/maps.google.com\/maps?q=Baja%20Verapaz&#038;t=m&#038;z=9&#038;output=embed&#038;iwloc=near\"\n\t\t\t\t\ttitle=\"Baja Verapaz\"\n\t\t\t\t\taria-label=\"Baja Verapaz\"\n\t\t\t><\/iframe>\n\t\t<\/div>\n\t\t\t\t\t\t<\/div>\n\t\t\t\t\t<\/div>\n\t\t\t\t<\/div>\n\t\t<div data-particle_enable=\"false\" data-particle-mobile-disabled=\"false\" class=\"elementor-element elementor-element-388fc12 e-flex e-con-boxed e-con e-parent\" data-id=\"388fc12\" data-element_type=\"container\" data-e-type=\"container\">\n\t\t\t\t\t<div class=\"e-con-inner\">\n\t\t\t\t<div class=\"elementor-element elementor-element-f195bbd elementor-widget elementor-widget-heading\" data-id=\"f195bbd\" data-element_type=\"widget\" data-e-type=\"widget\" data-widget_type=\"heading.default\">\n\t\t\t\t\t<h3 class=\"elementor-heading-title elementor-size-default\">Historia y tradici\u00f3n<\/h3>\t\t\t\t<\/div>\n\t\t\t\t\t<\/div>\n\t\t\t\t<\/div>\n\t\t<div data-particle_enable=\"false\" data-particle-mobile-disabled=\"false\" class=\"elementor-element elementor-element-4d8ac10 e-flex e-con-boxed e-con e-parent\" data-id=\"4d8ac10\" data-element_type=\"container\" data-e-type=\"container\">\n\t\t\t\t\t<div class=\"e-con-inner\">\n\t\t\t\t<div class=\"elementor-element elementor-element-60fa9fb elementor-widget elementor-widget-text-editor\" data-id=\"60fa9fb\" data-element_type=\"widget\" data-e-type=\"widget\" data-widget_type=\"text-editor.default\">\n\t\t\t\t\t\t\t\t\t<p>Fundado en 1877 tras separarse de Alta Verapaz, el departamento de <a href=\"https:\/\/soymigrante.com\/revista\/category\/guate-nuestra\/\" target=\"_blank\" rel=\"noopener\">Baja Verapaz conserva profundas ra\u00edces mayas, en particular del pueblo Achi.<\/a> Durante la \u00e9poca colonial, los frailes dominicos trabajaron en la evangelizaci\u00f3n de la regi\u00f3n, lo que dej\u00f3 un legado cultural que a\u00fan perdura.<\/p><p>La cabecera departamental, Salam\u00e1, es el centro administrativo y cultural, pero los otros municipios\u00a0 tambi\u00e9n brillan por sus propias tradiciones y atractivos. El departamento colinda al norte con Alta Verapaz, al oriente con Zacapa y el Progreso; al sur con Guatemala y al Oeste con El Quich\u00e9.<\/p>\t\t\t\t\t\t\t\t<\/div>\n\t\t\t\t\t<\/div>\n\t\t\t\t<\/div>\n\t\t<div data-particle_enable=\"false\" data-particle-mobile-disabled=\"false\" class=\"elementor-element elementor-element-82acbc8 e-flex e-con-boxed e-con e-parent\" data-id=\"82acbc8\" data-element_type=\"container\" data-e-type=\"container\">\n\t\t\t\t\t<div class=\"e-con-inner\">\n\t\t\t\t<div class=\"elementor-element elementor-element-6ff2c5a elementor-widget elementor-widget-image\" data-id=\"6ff2c5a\" data-element_type=\"widget\" data-e-type=\"widget\" data-widget_type=\"image.default\">\n\t\t\t\t\t\t\t\t\t\t\t\t<figure class=\"wp-caption\">\n\t\t\t\t\t\t\t\t\t\t<img fetchpriority=\"high\" decoding=\"async\" width=\"768\" height=\"576\" src=\"https:\/\/soymigrante.com\/revista\/wp-content\/uploads\/2024\/12\/salto-de-chilasco-gustavo-1024x768.jpg\" class=\"attachment-large size-large wp-image-18470\" alt=\"Bosque nuboso con cascada en medio de la selva, rodeada de vegetaci\u00f3n espesa y niebla, representando la belleza natural y biodiversidad de los ecosistemas tropicales.\" srcset=\"https:\/\/soymigrante.com\/revista\/wp-content\/uploads\/2024\/12\/salto-de-chilasco-gustavo-1024x768.jpg 1024w, https:\/\/soymigrante.com\/revista\/wp-content\/uploads\/2024\/12\/salto-de-chilasco-gustavo-300x225.jpg 300w, https:\/\/soymigrante.com\/revista\/wp-content\/uploads\/2024\/12\/salto-de-chilasco-gustavo-768x576.jpg 768w, https:\/\/soymigrante.com\/revista\/wp-content\/uploads\/2024\/12\/salto-de-chilasco-gustavo-750x563.webp 750w, https:\/\/soymigrante.com\/revista\/wp-content\/uploads\/2024\/12\/salto-de-chilasco-gustavo-1140x855.webp 1140w, https:\/\/soymigrante.com\/revista\/wp-content\/uploads\/2024\/12\/salto-de-chilasco-gustavo.webp 1440w\" sizes=\"(max-width: 768px) 100vw, 768px\" title=\"El Salto de Chilasc\u00f3, en la aldea del mismo nombre es un atractivo natural rodeado de espesa vegetaci\u00f3n. \u2013 SoyMigrante.com REVISTA\" \/>\t\t\t\t\t\t\t\t\t\t\t<figcaption class=\"widget-image-caption wp-caption-text\">Paisaje de cascada en medio de la selva con \u00e1rboles, niebla y vegetaci\u00f3n densa, destacando la belleza natural y la biodiversidad de la regi\u00f3n.<\/figcaption>\n\t\t\t\t\t\t\t\t\t\t<\/figure>\n\t\t\t\t\t\t\t\t\t<\/div>\n\t\t\t\t\t<\/div>\n\t\t\t\t<\/div>\n\t\t<div data-particle_enable=\"false\" data-particle-mobile-disabled=\"false\" class=\"elementor-element elementor-element-dce27be e-flex e-con-boxed e-con e-parent\" data-id=\"dce27be\" data-element_type=\"container\" data-e-type=\"container\">\n\t\t\t\t\t<div class=\"e-con-inner\">\n\t\t\t\t<div class=\"elementor-element elementor-element-467025f elementor-widget elementor-widget-heading\" data-id=\"467025f\" data-element_type=\"widget\" data-e-type=\"widget\" data-widget_type=\"heading.default\">\n\t\t\t\t\t<h3 class=\"elementor-heading-title elementor-size-default\">\u00bfCu\u00e1les son los 8 municipios de Baja Verapaz?<\/h3>\t\t\t\t<\/div>\n\t\t\t\t\t<\/div>\n\t\t\t\t<\/div>\n\t\t<div data-particle_enable=\"false\" data-particle-mobile-disabled=\"false\" class=\"elementor-element elementor-element-bd36684 e-flex e-con-boxed e-con e-parent\" data-id=\"bd36684\" data-element_type=\"container\" data-e-type=\"container\">\n\t\t\t\t\t<div class=\"e-con-inner\">\n\t\t\t\t<div class=\"elementor-element elementor-element-d764545 elementor-widget elementor-widget-text-editor\" data-id=\"d764545\" data-element_type=\"widget\" data-e-type=\"widget\" data-widget_type=\"text-editor.default\">\n\t\t\t\t\t\t\t\t\t<p><strong>Baja Verapaz est\u00e1 compuesto por ocho municipios:<\/strong><br \/>Salam\u00e1<br \/>Granados.<br \/>Rabinal.<br \/>San Jer\u00f3nimo.<br \/>El Chol.<br \/>Purulh\u00e1<br \/>Cubulco.<br \/>San Miguel Chicaj.<\/p>\t\t\t\t\t\t\t\t<\/div>\n\t\t\t\t\t<\/div>\n\t\t\t\t<\/div>\n\t\t<div data-particle_enable=\"false\" data-particle-mobile-disabled=\"false\" class=\"elementor-element elementor-element-b5ee1fe e-flex e-con-boxed e-con e-parent\" data-id=\"b5ee1fe\" data-element_type=\"container\" data-e-type=\"container\">\n\t\t\t\t\t<div class=\"e-con-inner\">\n\t\t\t\t<div class=\"elementor-element elementor-element-680a874 elementor-widget elementor-widget-image\" data-id=\"680a874\" data-element_type=\"widget\" data-e-type=\"widget\" data-widget_type=\"image.default\">\n\t\t\t\t\t\t\t\t\t\t\t\t<figure class=\"wp-caption\">\n\t\t\t\t\t\t\t\t\t\t<img decoding=\"async\" width=\"768\" height=\"543\" src=\"https:\/\/soymigrante.com\/revista\/wp-content\/uploads\/2024\/12\/cerro-de-la-cruz-salama-1024x724.jpg\" class=\"attachment-large size-large wp-image-18478\" alt=\"Cargando una iglesia en un paisaje monta\u00f1oso seco y \u00e1rido, con senderos que rodean la estructura y un cielo con nubes dispersas, en un entorno rural de M\u00e9xico.\" srcset=\"https:\/\/soymigrante.com\/revista\/wp-content\/uploads\/2024\/12\/cerro-de-la-cruz-salama-1024x724.jpg 1024w, https:\/\/soymigrante.com\/revista\/wp-content\/uploads\/2024\/12\/cerro-de-la-cruz-salama-300x212.jpg 300w, https:\/\/soymigrante.com\/revista\/wp-content\/uploads\/2024\/12\/cerro-de-la-cruz-salama-768x543.jpg 768w, https:\/\/soymigrante.com\/revista\/wp-content\/uploads\/2024\/12\/cerro-de-la-cruz-salama-1536x1085.jpg 1536w, https:\/\/soymigrante.com\/revista\/wp-content\/uploads\/2024\/12\/cerro-de-la-cruz-salama-120x86.webp 120w, https:\/\/soymigrante.com\/revista\/wp-content\/uploads\/2024\/12\/cerro-de-la-cruz-salama-750x530.webp 750w, https:\/\/soymigrante.com\/revista\/wp-content\/uploads\/2024\/12\/cerro-de-la-cruz-salama-1140x805.webp 1140w, https:\/\/soymigrante.com\/revista\/wp-content\/uploads\/2024\/12\/cerro-de-la-cruz-salama.webp 1920w\" sizes=\"(max-width: 768px) 100vw, 768px\" title=\"La mayor\u00eda del territorio de Alta Verapaz est\u00e1 surcado por la Sierra de Chuac\u00fas, lo que le da variadas alturas. Cerro de la Cruz, en Salam\u00e1. Fotograf\u00eda Abel Ju\u00e1rez \u2013 SoyMigrante.com REVISTA\" \/>\t\t\t\t\t\t\t\t\t\t\t<figcaption class=\"widget-image-caption wp-caption-text\">Iglesia en las monta\u00f1as \u00e1ridas de M\u00e9xico, paisaje rural y senderos en entorno seco, cultura y tradici\u00f3n en la regi\u00f3n.<\/figcaption>\n\t\t\t\t\t\t\t\t\t\t<\/figure>\n\t\t\t\t\t\t\t\t\t<\/div>\n\t\t\t\t\t<\/div>\n\t\t\t\t<\/div>\n\t\t<div data-particle_enable=\"false\" data-particle-mobile-disabled=\"false\" class=\"elementor-element elementor-element-bf2f705 e-flex e-con-boxed e-con e-parent\" data-id=\"bf2f705\" data-element_type=\"container\" data-e-type=\"container\">\n\t\t\t\t\t<div class=\"e-con-inner\">\n\t\t\t\t<div class=\"elementor-element elementor-element-75232b1 elementor-widget elementor-widget-video\" data-id=\"75232b1\" data-element_type=\"widget\" data-e-type=\"widget\" data-settings=\"{&quot;youtube_url&quot;:&quot;https:\\\/\\\/www.youtube.com\\\/watch?v=uqNyECOLYT8&quot;,&quot;video_type&quot;:&quot;youtube&quot;,&quot;controls&quot;:&quot;yes&quot;}\" data-widget_type=\"video.default\">\n\t\t\t\t\t\t\t<div class=\"elementor-wrapper elementor-open-inline\">\n\t\t\t<div class=\"elementor-video\"><\/div>\t\t<\/div>\n\t\t\t\t\t\t<\/div>\n\t\t\t\t\t<\/div>\n\t\t\t\t<\/div>\n\t\t<div data-particle_enable=\"false\" data-particle-mobile-disabled=\"false\" class=\"elementor-element elementor-element-67db1e1 e-flex e-con-boxed e-con e-parent\" data-id=\"67db1e1\" data-element_type=\"container\" data-e-type=\"container\">\n\t\t\t\t\t<div class=\"e-con-inner\">\n\t\t\t\t<div class=\"elementor-element elementor-element-491b43f elementor-widget elementor-widget-heading\" data-id=\"491b43f\" data-element_type=\"widget\" data-e-type=\"widget\" data-widget_type=\"heading.default\">\n\t\t\t\t\t<h3 class=\"elementor-heading-title elementor-size-default\">Riquezas naturales y culturales<\/h3>\t\t\t\t<\/div>\n\t\t\t\t\t<\/div>\n\t\t\t\t<\/div>\n\t\t<div data-particle_enable=\"false\" data-particle-mobile-disabled=\"false\" class=\"elementor-element elementor-element-689b428 e-flex e-con-boxed e-con e-parent\" data-id=\"689b428\" data-element_type=\"container\" data-e-type=\"container\">\n\t\t\t\t\t<div class=\"e-con-inner\">\n\t\t\t\t<div class=\"elementor-element elementor-element-91c2496 elementor-widget elementor-widget-text-editor\" data-id=\"91c2496\" data-element_type=\"widget\" data-e-type=\"widget\" data-widget_type=\"text-editor.default\">\n\t\t\t\t\t\t\t\t\t<div>Baja Verapaz no solo destaca por su intensa econ\u00f3mica en agricultura, producci\u00f3n pisc\u00edcola y artesanal, sino tambi\u00e9n <a href=\"https:\/\/soymigrante.com\/revista\/category\/guate-nuestra\/\" target=\"_blank\" rel=\"noopener\">por sus impresionantes atractivos naturales<\/a> y culturales que lo convierten en un destino ideal para el turismo.<\/div><div><ul><li><strong>Salto de Chilasc\u00f3:<\/strong> Con una ca\u00edda de 130 metros, esta cascada es una de las m\u00e1s altas de Centroam\u00e9rica. Rodeada de senderos y exuberante vegetaci\u00f3n, es ideal para los amantes del ecoturismo.<\/li><li><strong>Biotopo del Quetzal:<\/strong> Esta reserva natural, dedicada a la protecci\u00f3n del ave nacional de Guatemala, ofrece senderos donde los visitantes pueden explorar su biodiversidad \u00fanica.<\/li><li><strong>Rabinal:<\/strong> Reconocido por el famoso Rabinal Ach\u00ed, una danza declarada Patrimonio Oral e Inmaterial de la Humanidad por la UNESCO. Aqu\u00ed tambi\u00e9n se encuentra el Museo Comunitario Rabinal Achi, un espacio que preserva la historia y la tradici\u00f3n maya Achi.<\/li><li><strong>Museo Regional del Trapiche:<\/strong> Situado en San Jer\u00f3nimo, este museo ilustra la historia de la producci\u00f3n de az\u00facar en la regi\u00f3n.<\/li><\/ul><\/div><div><b>\u00a0<\/b><\/div>\t\t\t\t\t\t\t\t<\/div>\n\t\t\t\t\t<\/div>\n\t\t\t\t<\/div>\n\t\t<div data-particle_enable=\"false\" data-particle-mobile-disabled=\"false\" class=\"elementor-element elementor-element-f54351c e-flex e-con-boxed e-con e-parent\" data-id=\"f54351c\" data-element_type=\"container\" data-e-type=\"container\">\n\t\t\t\t\t<div class=\"e-con-inner\">\n\t\t\t\t<div class=\"elementor-element elementor-element-c580506 elementor-invisible elementor-widget elementor-widget-facebook-embed\" data-id=\"c580506\" data-element_type=\"widget\" data-e-type=\"widget\" data-settings=\"{&quot;_animation&quot;:&quot;zoomInDown&quot;}\" data-widget_type=\"facebook-embed.default\">\n\t\t\t\t\t<div style=\"min-height: 1px\" class=\"elementor-facebook-widget fb-post\" data-href=\"https:\/\/www.facebook.com\/arqueoguatemala\/posts\/pfbid021PerD693uqMSYcN8qDAxdq88zC4z72ZR8uWbNzb171EA8Vo5wHZ9ArqsyMCVt6hnl\" data-show-text=\"false\"><\/div>\t\t\t\t<\/div>\n\t\t\t\t\t<\/div>\n\t\t\t\t<\/div>\n\t\t<div data-particle_enable=\"false\" data-particle-mobile-disabled=\"false\" class=\"elementor-element elementor-element-2bf077a e-flex e-con-boxed e-con e-parent\" data-id=\"2bf077a\" data-element_type=\"container\" data-e-type=\"container\">\n\t\t\t\t\t<div class=\"e-con-inner\">\n\t\t\t\t<div class=\"elementor-element elementor-element-ea7dc0a elementor-widget elementor-widget-heading\" data-id=\"ea7dc0a\" data-element_type=\"widget\" data-e-type=\"widget\" data-widget_type=\"heading.default\">\n\t\t\t\t\t<h3 class=\"elementor-heading-title elementor-size-default\">\u00bfQu\u00e9 es lo que m\u00e1s produce Baja Verapaz?<\/h3>\t\t\t\t<\/div>\n\t\t\t\t\t<\/div>\n\t\t\t\t<\/div>\n\t\t<div data-particle_enable=\"false\" data-particle-mobile-disabled=\"false\" class=\"elementor-element elementor-element-dbf6723 e-flex e-con-boxed e-con e-parent\" data-id=\"dbf6723\" data-element_type=\"container\" data-e-type=\"container\">\n\t\t\t\t\t<div class=\"e-con-inner\">\n\t\t\t\t<div class=\"elementor-element elementor-element-9495bb4 elementor-widget elementor-widget-text-editor\" data-id=\"9495bb4\" data-element_type=\"widget\" data-e-type=\"widget\" data-widget_type=\"text-editor.default\">\n\t\t\t\t\t\t\t\t\t<p>La producci\u00f3n agr\u00edcola predominante en el municipio se concentra en plantas ornamentales, (leather leaf), cultivos de Ejote Franc\u00e9s, tomate, arveja china, papa, chile pimiento, pepino, hortalizas (repollo, br\u00f3coli, coliflor, g\u00fcisquil, zanahoria, lechuga, Col. de Bruselas, cebolla, berenjena, g\u00fcicoy), ma\u00edz y frijol.<\/p><p>Sin embargo tambi\u00e9n existen emprendimientos innovadores como la crianza de tilapias, la cual cuenta con varios peque\u00f1os y medianos productores que incluso han innovado en sus m\u00e9todos a trav\u00e9s del uso de energ\u00eda solar, para hacer sostenible ambientalmente su producci\u00f3n.<\/p>\t\t\t\t\t\t\t\t<\/div>\n\t\t\t\t\t<\/div>\n\t\t\t\t<\/div>\n\t\t<div data-particle_enable=\"false\" data-particle-mobile-disabled=\"false\" class=\"elementor-element elementor-element-c5e5f60 e-flex e-con-boxed e-con e-parent\" data-id=\"c5e5f60\" data-element_type=\"container\" data-e-type=\"container\">\n\t\t\t\t\t<div class=\"e-con-inner\">\n\t\t\t\t<div class=\"elementor-element elementor-element-4d2f95c elementor-invisible elementor-widget elementor-widget-facebook-embed\" data-id=\"4d2f95c\" data-element_type=\"widget\" data-e-type=\"widget\" data-settings=\"{&quot;_animation&quot;:&quot;zoomInDown&quot;}\" data-widget_type=\"facebook-embed.default\">\n\t\t\t\t\t<div style=\"min-height: 1px\" class=\"elementor-facebook-widget fb-post\" data-href=\"https:\/\/www.facebook.com\/TilapiasElPatron\/photos\/pb.100057347812679.-2207520000\/4072781179443571\/?type=3\" data-show-text=\"false\"><\/div>\t\t\t\t<\/div>\n\t\t\t\t\t<\/div>\n\t\t\t\t<\/div>\n\t\t<div data-particle_enable=\"false\" data-particle-mobile-disabled=\"false\" class=\"elementor-element elementor-element-bdfbd7e e-flex e-con-boxed e-con e-parent\" data-id=\"bdfbd7e\" data-element_type=\"container\" data-e-type=\"container\">\n\t\t\t\t\t<div class=\"e-con-inner\">\n\t\t\t\t<div class=\"elementor-element elementor-element-b467273 elementor-widget elementor-widget-heading\" data-id=\"b467273\" data-element_type=\"widget\" data-e-type=\"widget\" data-widget_type=\"heading.default\">\n\t\t\t\t\t<h3 class=\"elementor-heading-title elementor-size-default\">Una econom\u00eda reforzada por las remesas<\/h3>\t\t\t\t<\/div>\n\t\t\t\t\t<\/div>\n\t\t\t\t<\/div>\n\t\t<div data-particle_enable=\"false\" data-particle-mobile-disabled=\"false\" class=\"elementor-element elementor-element-ed04b9c e-flex e-con-boxed e-con e-parent\" data-id=\"ed04b9c\" data-element_type=\"container\" data-e-type=\"container\">\n\t\t\t\t\t<div class=\"e-con-inner\">\n\t\t\t\t<div class=\"elementor-element elementor-element-b27da9d elementor-widget elementor-widget-text-editor\" data-id=\"b27da9d\" data-element_type=\"widget\" data-e-type=\"widget\" data-widget_type=\"text-editor.default\">\n\t\t\t\t\t\t\t\t\t<p>Las <a href=\"https:\/\/soymigrante.com\/revista\/category\/guate-nuestra\/\" target=\"_blank\" rel=\"noopener\">remesas enviadas desde Estados Unidos representan una fuente clave de ingresos para muchas familias en Baja Verapaz.<\/a> Aunque no existen datos desglosados espec\u00edficamente para este departamento, a nivel nacional las remesas constituyen cerca del 19% del Producto Interno Bruto (PIB).<\/p><p>Estas contribuciones han transformado la vida de comunidades rurales, permitiendo la construcci\u00f3n de infraestructura b\u00e1sica como caminos, escuelas y servicios esenciales.<\/p><p>Un ejemplo notable es la comunidad de Chupel, donde, con el apoyo de las remesas, los vecinos construyeron un camino de 17 kil\u00f3metros para mejorar la conectividad.<\/p><p>Este esfuerzo demuestra c\u00f3mo los recursos enviados por migrantes se convierten en un motor de desarrollo local.<\/p>\t\t\t\t\t\t\t\t<\/div>\n\t\t\t\t\t<\/div>\n\t\t\t\t<\/div>\n\t\t<div data-particle_enable=\"false\" data-particle-mobile-disabled=\"false\" class=\"elementor-element elementor-element-68dc13b e-flex e-con-boxed e-con e-parent\" data-id=\"68dc13b\" data-element_type=\"container\" data-e-type=\"container\">\n\t\t\t\t\t<div class=\"e-con-inner\">\n\t\t\t\t<div class=\"elementor-element elementor-element-a7010c6 elementor-widget elementor-widget-video\" data-id=\"a7010c6\" data-element_type=\"widget\" data-e-type=\"widget\" data-settings=\"{&quot;youtube_url&quot;:&quot;https:\\\/\\\/www.youtube.com\\\/watch?v=kvPrgVRfrYQ&quot;,&quot;video_type&quot;:&quot;youtube&quot;,&quot;controls&quot;:&quot;yes&quot;}\" data-widget_type=\"video.default\">\n\t\t\t\t\t\t\t<div class=\"elementor-wrapper elementor-open-inline\">\n\t\t\t<div class=\"elementor-video\"><\/div>\t\t<\/div>\n\t\t\t\t\t\t<\/div>\n\t\t\t\t\t<\/div>\n\t\t\t\t<\/div>\n\t\t<div data-particle_enable=\"false\" data-particle-mobile-disabled=\"false\" class=\"elementor-element elementor-element-c9673f2 e-flex e-con-boxed e-con e-parent\" data-id=\"c9673f2\" data-element_type=\"container\" data-e-type=\"container\">\n\t\t\t\t\t<div class=\"e-con-inner\">\n\t\t\t\t<div class=\"elementor-element elementor-element-fc30880 elementor-widget elementor-widget-heading\" data-id=\"fc30880\" data-element_type=\"widget\" data-e-type=\"widget\" data-widget_type=\"heading.default\">\n\t\t\t\t\t<h3 class=\"elementor-heading-title elementor-size-default\">Un lugar para explorar y descubrir <\/h3>\t\t\t\t<\/div>\n\t\t\t\t\t<\/div>\n\t\t\t\t<\/div>\n\t\t<div data-particle_enable=\"false\" data-particle-mobile-disabled=\"false\" class=\"elementor-element elementor-element-bdfb6ed e-flex e-con-boxed e-con e-parent\" data-id=\"bdfb6ed\" data-element_type=\"container\" data-e-type=\"container\">\n\t\t\t\t\t<div class=\"e-con-inner\">\n\t\t\t\t<div class=\"elementor-element elementor-element-feefb37 elementor-widget elementor-widget-text-editor\" data-id=\"feefb37\" data-element_type=\"widget\" data-e-type=\"widget\" data-widget_type=\"text-editor.default\">\n\t\t\t\t\t\t\t\t\t<p><a href=\"https:\/\/soymigrante.com\/revista\/category\/guate-nuestra\/\" target=\"_blank\" rel=\"noopener\">Con una econom\u00eda que avanza gracias a la inversi\u00f3n de su di\u00e1spora<\/a> y un turismo que sigue creciendo, Baja Verapaz se posiciona como un destino que combina modernidad con tradici\u00f3n.<\/p><p>Ya sea para explorar su riqueza natural, aprender de su legado cultural o admirar el impacto transformador de sus comunidades, este departamento contin\u00faa escribiendo una historia de desarrollo y resiliencia.<\/p>\t\t\t\t\t\t\t\t<\/div>\n\t\t\t\t\t<\/div>\n\t\t\t\t<\/div>\n\t\t<div data-particle_enable=\"false\" data-particle-mobile-disabled=\"false\" class=\"elementor-element elementor-element-dbfaa22 e-flex e-con-boxed e-con e-parent\" data-id=\"dbfaa22\" data-element_type=\"container\" data-e-type=\"container\">\n\t\t\t\t\t<div class=\"e-con-inner\">\n\t\t\t\t<div class=\"elementor-element elementor-element-f302c6b elementor-widget elementor-widget-video\" data-id=\"f302c6b\" data-element_type=\"widget\" data-e-type=\"widget\" data-settings=\"{&quot;youtube_url&quot;:&quot;https:\\\/\\\/www.youtube.com\\\/watch?v=rwztlWGHedw&quot;,&quot;video_type&quot;:&quot;youtube&quot;,&quot;controls&quot;:&quot;yes&quot;}\" data-widget_type=\"video.default\">\n\t\t\t\t\t\t\t<div class=\"elementor-wrapper elementor-open-inline\">\n\t\t\t<div class=\"elementor-video\"><\/div>\t\t<\/div>\n\t\t\t\t\t\t<\/div>\n\t\t\t\t\t<\/div>\n\t\t\t\t<\/div>\n\t\t<div data-particle_enable=\"false\" data-particle-mobile-disabled=\"false\" class=\"elementor-element elementor-element-8a26778 e-flex e-con-boxed e-con e-parent\" data-id=\"8a26778\" data-element_type=\"container\" data-e-type=\"container\">\n\t\t\t\t\t<div class=\"e-con-inner\">\n\t\t\t\t<div class=\"elementor-element elementor-element-53c90a0 elementor-widget elementor-widget-heading\" data-id=\"53c90a0\" data-element_type=\"widget\" data-e-type=\"widget\" data-widget_type=\"heading.default\">\n\t\t\t\t\t<h2 class=\"elementor-heading-title elementor-size-default\">Conoce m\u00e1s de Guatemala y si\u00e9ntete orgulloso...<\/h2>\t\t\t\t<\/div>\n\t\t\t\t\t<\/div>\n\t\t\t\t<\/div>\n\t\t<div data-particle_enable=\"false\" data-particle-mobile-disabled=\"false\" class=\"elementor-element elementor-element-de1f160 e-flex e-con-boxed e-con e-parent\" data-id=\"de1f160\" data-element_type=\"container\" data-e-type=\"container\">\n\t\t\t\t\t<div class=\"e-con-inner\">\n\t\t\t\t<div class=\"elementor-element elementor-element-5f8a5fa elementor-widget elementor-widget-blfe-post-grid\" data-id=\"5f8a5fa\" data-element_type=\"widget\" data-e-type=\"widget\" data-settings=\"{&quot;columns&quot;:&quot;3&quot;,&quot;columns_tablet&quot;:&quot;6&quot;,&quot;columns_mobile&quot;:&quot;12&quot;,&quot;hero1_layout_column_gap&quot;:{&quot;unit&quot;:&quot;px&quot;,&quot;size&quot;:30,&quot;sizes&quot;:[]},&quot;hero1_layout_column_gap_tablet&quot;:{&quot;unit&quot;:&quot;px&quot;,&quot;size&quot;:&quot;&quot;,&quot;sizes&quot;:[]},&quot;hero1_layout_column_gap_mobile&quot;:{&quot;unit&quot;:&quot;px&quot;,&quot;size&quot;:&quot;&quot;,&quot;sizes&quot;:[]},&quot;hero1_layout_row_gap&quot;:{&quot;unit&quot;:&quot;px&quot;,&quot;size&quot;:30,&quot;sizes&quot;:[]},&quot;hero1_layout_row_gap_tablet&quot;:{&quot;unit&quot;:&quot;px&quot;,&quot;size&quot;:&quot;&quot;,&quot;sizes&quot;:[]},&quot;hero1_layout_row_gap_mobile&quot;:{&quot;unit&quot;:&quot;px&quot;,&quot;size&quot;:&quot;&quot;,&quot;sizes&quot;:[]}}\" data-widget_type=\"blfe-post-grid.hero1\">\n\t\t\t\t<div class=\"elementor-widget-container\">\n\t\t\t\t\t\n                        <div class=\"blfe-post-grid-container \">\n            \n                <div data-skin=\"hero1\" class=\"blfe-row blfe-posts-inner blfe-hero1 blfe-posts-inner blfe-col-3 blfe-col-tab-6 blfe-col-mob-12     \">\n                            <div class=\"blfe-post-grid-item\">\n            <div class=\"blfe-post-grid-item-inner blfe-modern-zoom\">\n                        <div class=\"blfe-post-grid-bg-image\">\n            <a class=\"blfe-post-grid-image-inner\" href=\"https:\/\/soymigrante.com\/revista\/ecoturismo-en-guatemala\/\" title=\"Joya natural en la bocacosta de Chiquimulilla, Santa Rosa\" rel=\"nofollow\" target=\"_blank\"><img decoding=\"async\" src=\"https:\/\/soymigrante.com\/revista\/wp-content\/uploads\/2023\/02\/3-Guate-Nuestra-Chiquimulilla-1-scaled.webp\" alt=\"Joya natural en la bocacosta de Chiquimulilla, Santa Rosa\"\/><\/a>        <\/div>\n                        <div class=\"blfe-post-grid-details\">\n                    <div class=\"blfe-post-grid-details-inner\">\n                        <span class=\"blfe-post-category\"><a href=\"https:\/\/soymigrante.com\/revista\/category\/guate-nuestra\/\">Guate Nuestra<\/a><\/span>                        <h3 class=\"blfe-post-grid-title\">\n            <a href=\"https:\/\/soymigrante.com\/revista\/ecoturismo-en-guatemala\/\" title=\"Joya natural en la bocacosta de Chiquimulilla, Santa Rosa\" rel=\"nofollow\" target=\"_blank\">Joya natural en la bocacosta de Chiquimulilla, Santa Rosa<\/a>\n            <\/h3>                                                            <div class=\"blfe-post-grid-meta\">\n                <span class=\"blfe-post-grid-time\"><i class=\"fas fa-book-reader\"><\/i>3 Min read<\/span>            <\/div>\n                                                        <\/div>\n                <\/div>\n\n            <\/div>\n        <\/div>\n                <div class=\"blfe-post-grid-item\">\n            <div class=\"blfe-post-grid-item-inner blfe-modern-zoom\">\n                        <div class=\"blfe-post-grid-bg-image\">\n            <a class=\"blfe-post-grid-image-inner\" href=\"https:\/\/soymigrante.com\/revista\/indumentaria-tradicional-del-varon-tzutujil\/\" title=\"Legendario \u201cN\u2019skaw\u201d: pantal\u00f3n del var\u00f3n tz&#8217;utuj&#8217;il de San Juan la Laguna\" rel=\"nofollow\" target=\"_blank\"><img decoding=\"async\" src=\"https:\/\/soymigrante.com\/revista\/wp-content\/uploads\/2023\/02\/San-Juan-pantalon-3-ecastro.webp\" alt=\"Legendario \u201cN\u2019skaw\u201d: pantal\u00f3n del var\u00f3n tz&#8217;utuj&#8217;il de San Juan la Laguna\"\/><\/a>        <\/div>\n                        <div class=\"blfe-post-grid-details\">\n                    <div class=\"blfe-post-grid-details-inner\">\n                        <span class=\"blfe-post-category\"><a href=\"https:\/\/soymigrante.com\/revista\/category\/guate-nuestra\/\">Guate Nuestra<\/a><\/span>                        <h3 class=\"blfe-post-grid-title\">\n            <a href=\"https:\/\/soymigrante.com\/revista\/indumentaria-tradicional-del-varon-tzutujil\/\" title=\"Legendario \u201cN\u2019skaw\u201d: pantal\u00f3n del var\u00f3n tz&#8217;utuj&#8217;il de San Juan la Laguna\" rel=\"nofollow\" target=\"_blank\">Legendario \u201cN\u2019skaw\u201d: pantal\u00f3n del var\u00f3n tz&#8217;utuj&#8217;il de San Juan la Laguna<\/a>\n            <\/h3>                                                            <div class=\"blfe-post-grid-meta\">\n                <span class=\"blfe-post-grid-time\"><i class=\"fas fa-book-reader\"><\/i>2 Min read<\/span>            <\/div>\n                                                        <\/div>\n                <\/div>\n\n            <\/div>\n        <\/div>\n                <div class=\"blfe-post-grid-item\">\n            <div class=\"blfe-post-grid-item-inner blfe-modern-zoom\">\n                        <div class=\"blfe-post-grid-bg-image\">\n            <a class=\"blfe-post-grid-image-inner\" href=\"https:\/\/soymigrante.com\/revista\/viaje-en-autobus-extraurbano-de-guatemala\/\" title=\"Cr\u00f3nica: el viaje en camioneta, recuerdo de muchos migrantes\" rel=\"nofollow\" target=\"_blank\"><img decoding=\"async\" src=\"https:\/\/soymigrante.com\/revista\/wp-content\/uploads\/2023\/06\/Camionetas-en-paso-adesnivel-cuatro-caminos-San-Cistobal-Totonicapan.webp\" alt=\"Cr\u00f3nica: el viaje en camioneta, recuerdo de muchos migrantes\"\/><\/a>        <\/div>\n                        <div class=\"blfe-post-grid-details\">\n                    <div class=\"blfe-post-grid-details-inner\">\n                        <span class=\"blfe-post-category\"><a href=\"https:\/\/soymigrante.com\/revista\/category\/guate-nuestra\/\">Guate Nuestra<\/a><\/span>                        <h3 class=\"blfe-post-grid-title\">\n            <a href=\"https:\/\/soymigrante.com\/revista\/viaje-en-autobus-extraurbano-de-guatemala\/\" title=\"Cr\u00f3nica: el viaje en camioneta, recuerdo de muchos migrantes\" rel=\"nofollow\" target=\"_blank\">Cr\u00f3nica: el viaje en camioneta, recuerdo de muchos migrantes<\/a>\n            <\/h3>                                                            <div class=\"blfe-post-grid-meta\">\n                <span class=\"blfe-post-grid-time\"><i class=\"fas fa-book-reader\"><\/i>5 Min read<\/span>            <\/div>\n                                                        <\/div>\n                <\/div>\n\n            <\/div>\n        <\/div>\n                        <\/div>\n\n                        <\/div>\n            \n                        <div class=\"blfe-post-footer\">\n                        <\/div>\n            \t\t\t\t<\/div>\n\t\t\t\t<\/div>\n\t\t\t\t\t<\/div>\n\t\t\t\t<\/div>\n\t\t\t\t<\/div>\n\t\t","protected":false},"excerpt":{"rendered":"<p>Baja Verapaz tiene la combinaci\u00f3n fascinante de naturaleza y culturas ancestrales. Este departamento fue creado en 1877 en el gobierno de Justo Rufino Barrios, tras la separaci\u00f3n de Alta Verapaz. Enclavado en el coraz\u00f3n de Guatemala, el departamento de Baja Verapaz destaca por su rica herencia cultural\u00a0y\u00a0sus paisajes naturales \u00fanicos\u00a0 por lo que su econom\u00eda [&hellip;]<\/p>\n","protected":false},"author":19,"featured_media":18474,"comment_status":"open","ping_status":"open","sticky":false,"template":"","format":"standard","meta":{"_acf_changed":false,"_eb_attr":"","footnotes":""},"categories":[58],"tags":[137],"class_list":["post-17922","post","type-post","status-publish","format-standard","has-post-thumbnail","hentry","category-guate-nuestra","tag-departamentos-de-guatemala"],"acf":[],"aioseo_notices":[],"aioseo_head":"\n\t\t<!-- All in One SEO Pro 4.9.6.2 - aioseo.com -->\n\t<meta name=\"description\" content=\"\u00a1S\u00fabale s\u00fabale!, \u00bfA d\u00f3nde va? \u00a1llega, llega! Toto, Xela, Guate, San Marcos, Huhue: el viaje tantas veces efectuado en camioneta extraurbana\" \/>\n\t<meta name=\"robots\" content=\"max-snippet:-1, max-image-preview:large, max-video-preview:-1\" \/>\n\t<meta name=\"author\" content=\"Diana Batz\"\/>\n\t<link rel=\"canonical\" href=\"https:\/\/soymigrante.com\/revista\/viaje-en-autobus-extraurbano-de-guatemala\/\" \/>\n\t<meta name=\"generator\" content=\"All in One SEO Pro (AIOSEO) 4.9.6.2\" \/>\n\n\t\t<link rel=\"preconnect\" href=\"https:\/\/fonts.googleapis.com\" crossorigin>\n<link rel=\"preconnect\" href=\"https:\/\/fonts.gstatic.com\" crossorigin>\n\t\t<meta property=\"og:locale\" content=\"es_ES\" \/>\n\t\t<meta property=\"og:site_name\" content=\"SoyMigrante.com REVISTA \u2013 Nuestra misi\u00f3n es reconocer y dignificar al migrante.\" \/>\n\t\t<meta property=\"og:type\" content=\"article\" \/>\n\t\t<meta property=\"og:title\" content=\"Cr\u00f3nica: el viaje en camioneta, recuerdo de muchos migrantes\" \/>\n\t\t<meta property=\"og:description\" content=\"\u00a1S\u00fabale s\u00fabale!, \u00bfA d\u00f3nde va? \u00a1llega, llega! Toto, Xela, Guate, San Marcos, Huhue: el viaje tantas veces efectuado en camioneta extraurbana\" \/>\n\t\t<meta property=\"og:url\" content=\"https:\/\/soymigrante.com\/revista\/viaje-en-autobus-extraurbano-de-guatemala\/\" \/>\n\t\t<meta property=\"og:image\" content=\"https:\/\/soymigrante.com\/revista\/wp-content\/uploads\/2023\/06\/Camionetas-en-paso-adesnivel-cuatro-caminos-San-Cistobal-Totonicapan.webp\" \/>\n\t\t<meta property=\"og:image:secure_url\" content=\"https:\/\/soymigrante.com\/revista\/wp-content\/uploads\/2023\/06\/Camionetas-en-paso-adesnivel-cuatro-caminos-San-Cistobal-Totonicapan.webp\" \/>\n\t\t<meta property=\"og:image:width\" content=\"1101\" \/>\n\t\t<meta property=\"og:image:height\" content=\"619\" \/>\n\t\t<meta property=\"article:published_time\" content=\"2023-06-08T07:30:00+00:00\" \/>\n\t\t<meta property=\"article:modified_time\" content=\"2024-11-01T10:35:50+00:00\" \/>\n\t\t<meta property=\"article:publisher\" content=\"https:\/\/www.facebook.com\/soymigrantecom\" \/>\n\t\t<meta name=\"twitter:card\" content=\"summary_large_image\" \/>\n\t\t<meta name=\"twitter:site\" content=\"@SoyMigrante_com\" \/>\n\t\t<meta name=\"twitter:title\" content=\"Cr\u00f3nica: el viaje en camioneta, recuerdo de muchos migrantes\" \/>\n\t\t<meta name=\"twitter:description\" content=\"\u00a1S\u00fabale s\u00fabale!, \u00bfA d\u00f3nde va? \u00a1llega, llega! Toto, Xela, Guate, San Marcos, Huhue: el viaje tantas veces efectuado en camioneta extraurbana\" \/>\n\t\t<meta name=\"twitter:creator\" content=\"@SoyMigrante_com\" \/>\n\t\t<meta name=\"twitter:image\" content=\"https:\/\/soymigrante.com\/revista\/wp-content\/uploads\/2023\/06\/Camionetas-en-paso-adesnivel-cuatro-caminos-San-Cistobal-Totonicapan.webp\" \/>\n\t\t<!-- All in One SEO Pro -->\r\n\t\t<title>Cr\u00f3nica: el viaje en camioneta, recuerdo de muchos migrantes<\/title>\n\n","aioseo_head_json":{"title":"Cr\u00f3nica: el viaje en camioneta, recuerdo de muchos migrantes","description":"\u00a1S\u00fabale s\u00fabale!, \u00bfA d\u00f3nde va? \u00a1llega, llega! Toto, Xela, Guate, San Marcos, Huhue: el viaje tantas veces efectuado en camioneta extraurbana","canonical_url":"https:\/\/soymigrante.com\/revista\/viaje-en-autobus-extraurbano-de-guatemala\/","robots":"max-snippet:-1, max-image-preview:large, max-video-preview:-1","keywords":"","webmasterTools":{"miscellaneous":"&lt;link rel=\"preconnect\" href=\"https:\/\/fonts.googleapis.com\" crossorigin&gt;\n&lt;link rel=\"preconnect\" href=\"https:\/\/fonts.gstatic.com\" crossorigin&gt;"},"schema":null,"og:locale":"es_ES","og:site_name":"SoyMigrante.com REVISTA \u2013 Nuestra misi\u00f3n es reconocer y dignificar al migrante.","og:type":"article","og:title":"Cr\u00f3nica: el viaje en camioneta, recuerdo de muchos migrantes","og:description":"\u00a1S\u00fabale s\u00fabale!, \u00bfA d\u00f3nde va? \u00a1llega, llega! Toto, Xela, Guate, San Marcos, Huhue: el viaje tantas veces efectuado en camioneta extraurbana","og:url":"https:\/\/soymigrante.com\/revista\/viaje-en-autobus-extraurbano-de-guatemala\/","og:image":"https:\/\/soymigrante.com\/revista\/wp-content\/uploads\/2023\/06\/Camionetas-en-paso-adesnivel-cuatro-caminos-San-Cistobal-Totonicapan.webp","og:image:secure_url":"https:\/\/soymigrante.com\/revista\/wp-content\/uploads\/2023\/06\/Camionetas-en-paso-adesnivel-cuatro-caminos-San-Cistobal-Totonicapan.webp","og:image:width":1101,"og:image:height":619,"article:published_time":"2023-06-08T07:30:00+00:00","article:modified_time":"2024-11-01T10:35:50+00:00","article:publisher":"https:\/\/www.facebook.com\/soymigrantecom","twitter:card":"summary_large_image","twitter:site":"@SoyMigrante_com","twitter:title":"Cr\u00f3nica: el viaje en camioneta, recuerdo de muchos migrantes","twitter:description":"\u00a1S\u00fabale s\u00fabale!, \u00bfA d\u00f3nde va? \u00a1llega, llega! Toto, Xela, Guate, San Marcos, Huhue: el viaje tantas veces efectuado en camioneta extraurbana","twitter:creator":"@SoyMigrante_com","twitter:image":"https:\/\/soymigrante.com\/revista\/wp-content\/uploads\/2023\/06\/Camionetas-en-paso-adesnivel-cuatro-caminos-San-Cistobal-Totonicapan.webp"},"aioseo_meta_data":{"post_id":"17922","title":"Departamentos de Guatemala: Baja Verapaz, cuna del Rabinal Ach\u00ed","description":"En Baja Verapaz est\u00e1 el Biotopo del Quetzal, El Salto de Chilasc\u00f3 y es la cuna del Rabinal Ach\u00ed. Territorio de trabajo, riqueza natural y multiculturalidad.","keywords":null,"keyphrases":{"focus":{"keyphrase":"Baja Verapaz","score":91,"analysis":{"keyphraseInTitle":{"score":9,"maxScore":9,"error":0},"keyphraseInDescription":{"score":9,"maxScore":9,"error":0},"keyphraseLength":{"score":9,"maxScore":9,"error":0,"length":2},"keyphraseInURL":{"score":5,"maxScore":5,"error":0},"keyphraseInIntroduction":{"score":9,"maxScore":9,"error":0},"keyphraseInSubHeadings":{"score":9,"maxScore":9,"error":0},"keyphraseInImageAlt":{"score":3,"maxScore":9,"error":1},"keywordDensity":{"type":"best","score":9,"maxScore":9,"error":0}}},"additional":[{"keyphrase":"Baja Verapaz","score":87,"analysis":{"keyphraseInDescription":{"score":9,"maxScore":9,"error":0},"keyphraseLength":{"score":9,"maxScore":9,"error":0,"length":2},"keyphraseInIntroduction":{"score":9,"maxScore":9,"error":0},"keyphraseInImageAlt":{"score":3,"maxScore":9,"error":1},"keywordDensity":{"type":"best","score":9,"maxScore":9,"error":0}}},{"keyphrase":"Rabinal Ach\u00ed","score":53,"analysis":{"keyphraseInDescription":{"score":9,"maxScore":9,"error":0},"keyphraseLength":{"score":9,"maxScore":9,"error":0,"length":2},"keyphraseInIntroduction":{"score":3,"maxScore":9,"error":1},"keyphraseInImageAlt":{"score":3,"maxScore":9,"error":1},"keywordDensity":{"score":0,"type":"low","maxScore":9,"error":1}}}]},"primary_term":null,"canonical_url":null,"og_title":null,"og_description":null,"og_object_type":"default","og_image_type":"default","og_image_url":null,"og_image_width":null,"og_image_height":null,"og_image_custom_url":null,"og_image_custom_fields":null,"og_video":"","og_custom_url":null,"og_article_section":null,"og_article_tags":null,"twitter_use_og":false,"twitter_card":"default","twitter_image_type":"default","twitter_image_url":null,"twitter_image_custom_url":null,"twitter_image_custom_fields":null,"twitter_title":null,"twitter_description":null,"schema":{"blockGraphs":[],"customGraphs":[],"default":{"data":{"Article":[],"Course":[],"Dataset":[],"FAQPage":[],"Movie":[],"Person":[],"Product":[],"ProductReview":[],"Car":[],"Recipe":[],"Service":[],"SoftwareApplication":[],"WebPage":[]},"graphName":"BlogPosting","isEnabled":true},"graphs":[]},"schema_type":"default","schema_type_options":null,"pillar_content":false,"robots_default":true,"robots_noindex":false,"robots_noarchive":false,"robots_nosnippet":false,"robots_nofollow":false,"robots_noimageindex":false,"robots_noodp":false,"robots_notranslate":false,"robots_max_snippet":"-1","robots_max_videopreview":"-1","robots_max_imagepreview":"large","priority":null,"frequency":"default","local_seo":null,"seo_analyzer_scan_date":"2025-10-09 01:20:26","breadcrumb_settings":null,"limit_modified_date":false,"reviewed_by":null,"open_ai":"{\"title\":{\"suggestions\":[],\"usage\":0},\"description\":{\"suggestions\":[],\"usage\":0}}","ai":null,"created":"2024-12-24 04:16:36","updated":"2026-02-04 18:36:24"},"aioseo_breadcrumb":"<div class=\"aioseo-breadcrumbs\"><span class=\"aioseo-breadcrumb\">\n\t<a href=\"https:\/\/soymigrante.com\/revista\" title=\"Home\">Home<\/a>\n<\/span><span class=\"aioseo-breadcrumb-separator\">\u00bb<\/span><span class=\"aioseo-breadcrumb\">\n\t<a href=\"https:\/\/soymigrante.com\/revista\/category\/guate-nuestra\/\" title=\"Guate Nuestra\">Guate Nuestra<\/a>\n<\/span><span class=\"aioseo-breadcrumb-separator\">\u00bb<\/span><span class=\"aioseo-breadcrumb\">\n\tDepartamentos de Guatemala: Baja Verapaz: tierra de trabajo, del Rabinal Ach\u00ed y el salto de Chilasc\u00f3\n<\/span><\/div>","aioseo_breadcrumb_json":[{"label":"Home","link":"https:\/\/soymigrante.com\/revista"},{"label":"Guate Nuestra","link":"https:\/\/soymigrante.com\/revista\/category\/guate-nuestra\/"},{"label":"Departamentos de Guatemala: Baja Verapaz: tierra de trabajo, del Rabinal Ach\u00ed y el salto de Chilasc\u00f3","link":"https:\/\/soymigrante.com\/revista\/baja-verapaz-tierra-de-trabajo-del-gran-rabinal-achi-y-el-salto-de-chilasco\/"}],"_links":{"self":[{"href":"https:\/\/soymigrante.com\/revista\/wp-json\/wp\/v2\/posts\/17922","targetHints":{"allow":["GET"]}}],"collection":[{"href":"https:\/\/soymigrante.com\/revista\/wp-json\/wp\/v2\/posts"}],"about":[{"href":"https:\/\/soymigrante.com\/revista\/wp-json\/wp\/v2\/types\/post"}],"author":[{"embeddable":true,"href":"https:\/\/soymigrante.com\/revista\/wp-json\/wp\/v2\/users\/19"}],"replies":[{"embeddable":true,"href":"https:\/\/soymigrante.com\/revista\/wp-json\/wp\/v2\/comments?post=17922"}],"version-history":[{"count":0,"href":"https:\/\/soymigrante.com\/revista\/wp-json\/wp\/v2\/posts\/17922\/revisions"}],"wp:featuredmedia":[{"embeddable":true,"href":"https:\/\/soymigrante.com\/revista\/wp-json\/wp\/v2\/media\/18474"}],"wp:attachment":[{"href":"https:\/\/soymigrante.com\/revista\/wp-json\/wp\/v2\/media?parent=17922"}],"wp:term":[{"taxonomy":"category","embeddable":true,"href":"https:\/\/soymigrante.com\/revista\/wp-json\/wp\/v2\/categories?post=17922"},{"taxonomy":"post_tag","embeddable":true,"href":"https:\/\/soymigrante.com\/revista\/wp-json\/wp\/v2\/tags?post=17922"}],"curies":[{"name":"wp","href":"https:\/\/api.w.org\/{rel}","templated":true}]}}