{"id":17894,"date":"2024-12-24T11:02:29","date_gmt":"2024-12-24T17:02:29","guid":{"rendered":"https:\/\/soymigrante.com\/revista\/?p=17894"},"modified":"2024-12-24T11:21:18","modified_gmt":"2024-12-24T17:21:18","slug":"guatemaltecos-migrantes-le-dan-el-toque-chapin-a-su-navidad","status":"publish","type":"post","link":"https:\/\/soymigrante.com\/revista\/guatemaltecos-migrantes-le-dan-el-toque-chapin-a-su-navidad\/","title":{"rendered":"Guatemaltecos migrantes le dan el toque chap\u00edn a su Navidad"},"content":{"rendered":"\t\t<div data-elementor-type=\"wp-post\" data-elementor-id=\"17894\" class=\"elementor elementor-17894\" data-elementor-post-type=\"post\">\n\t\t\t\t<div data-particle_enable=\"false\" data-particle-mobile-disabled=\"false\" class=\"elementor-element elementor-element-45db90d e-flex e-con-boxed e-con e-parent\" data-id=\"45db90d\" data-element_type=\"container\" data-e-type=\"container\">\n\t\t\t\t\t<div class=\"e-con-inner\">\n\t\t\t\t<div class=\"elementor-element elementor-element-681cec0 elementor-widget elementor-widget-heading\" data-id=\"681cec0\" data-element_type=\"widget\" data-e-type=\"widget\" data-widget_type=\"heading.default\">\n\t\t\t\t\t<h2 class=\"elementor-heading-title elementor-size-default\">A trav\u00e9s de an\u00e9cdotas, reuni\u00f3n con familiares y amigos, platillos tradicionales guatemaltecos, pero sobre todo con el recuerdo siempre vivo de las Navidades de infancia y juventud, migrantes  le dan el sabor chap\u00edn a su conmemoraci\u00f3n de fin de a\u00f1o.<\/h2>\t\t\t\t<\/div>\n\t\t\t\t\t<\/div>\n\t\t\t\t<\/div>\n\t\t<div data-particle_enable=\"false\" data-particle-mobile-disabled=\"false\" class=\"elementor-element elementor-element-070642c e-flex e-con-boxed e-con e-parent\" data-id=\"070642c\" data-element_type=\"container\" data-e-type=\"container\">\n\t\t\t\t\t<div class=\"e-con-inner\">\n\t\t\t\t<div class=\"elementor-element elementor-element-d3cc09b elementor-widget elementor-widget-text-editor\" data-id=\"d3cc09b\" data-element_type=\"widget\" data-e-type=\"widget\" data-widget_type=\"text-editor.default\">\n\t\t\t\t\t\t\t\t\t<p>&#8220;Nosotros celebramos una navidad Chapina siempre: tamales al estilo de la Costa Sur con hoja de pl\u00e1tano, carne de cerdo y gallina vieja&#8221;, comparte Walter Batres, presidente de la Red Migrante Guatemalteca, al ser consultado sobre c\u00f3mo le da toque guatemalteco a su festejo navide\u00f1o en Los Angeles.<\/p><p>&#8220;Tambi\u00e9n preparamos y bebemos ponche caliente, con piquete o sin piquete.. escuchamos m\u00fasica de anta\u00f1o, de nuestra adolescencia, canciones cl\u00e1sicas, para estar alegres&#8221;, cuenta.<\/p>\t\t\t\t\t\t\t\t<\/div>\n\t\t\t\t\t<\/div>\n\t\t\t\t<\/div>\n\t\t<div data-particle_enable=\"false\" data-particle-mobile-disabled=\"false\" class=\"elementor-element elementor-element-3221c11 e-flex e-con-boxed e-con e-parent\" data-id=\"3221c11\" data-element_type=\"container\" data-e-type=\"container\">\n\t\t\t\t\t<div class=\"e-con-inner\">\n\t\t\t\t<div class=\"elementor-element elementor-element-bac3a30 elementor-grid-eael-col-1 elementor-grid-tablet-eael-col-2 elementor-grid-mobile-eael-col-1 elementor-widget elementor-widget-eael-post-grid\" data-id=\"bac3a30\" data-element_type=\"widget\" data-e-type=\"widget\" data-settings=\"{&quot;eael_post_grid_columns&quot;:&quot;eael-col-1&quot;,&quot;eael_post_grid_columns_tablet&quot;:&quot;eael-col-2&quot;,&quot;eael_post_grid_columns_mobile&quot;:&quot;eael-col-1&quot;}\" data-widget_type=\"eael-post-grid.default\">\n\t\t\t\t\t<div id=\"eael-post-grid-bac3a30\" class=\"eael-post-grid-container\">\n            <div class=\"eael-post-grid eael-post-appender eael-post-appender-bac3a30 eael-post-grid-style-one\" data-layout-mode=\"masonry\"><article class=\"eael-grid-post  eael-post-grid-column eael-pg-post-15388 category-guate-nuestra\" data-id=\"15388\">\n        <div class=\"eael-grid-post-holder\">\n            <div class=\"eael-grid-post-holder-inner\"><div class=\"eael-entry-media\"><div class=\"eael-entry-overlay fade-in\"><i class=\"far fa-hand-pointer\" aria-hidden=\"true\"><\/i><a href=\"https:\/\/soymigrante.com\/revista\/que-tiene-la-navidad-chapina-que-los-migrantes-la-recuerdan-tanto-mira-esta-lista\/\"><\/a><\/div><div class=\"eael-entry-thumbnail \">\n                <img fetchpriority=\"high\" decoding=\"async\" width=\"1024\" height=\"1024\" src=\"https:\/\/soymigrante.com\/revista\/wp-content\/uploads\/2025\/12\/posada-guatemalteca-navidad-chapina-tradicion-envato-labs.png\" class=\"attachment-large size-large wp-image-50025\" alt=\"posada guatemalteca navidad chapina tradicion envato labs\" srcset=\"https:\/\/soymigrante.com\/revista\/wp-content\/uploads\/2025\/12\/posada-guatemalteca-navidad-chapina-tradicion-envato-labs.png 1024w, https:\/\/soymigrante.com\/revista\/wp-content\/uploads\/2025\/12\/posada-guatemalteca-navidad-chapina-tradicion-envato-labs-300x300.png 300w, https:\/\/soymigrante.com\/revista\/wp-content\/uploads\/2025\/12\/posada-guatemalteca-navidad-chapina-tradicion-envato-labs-150x150.png 150w, https:\/\/soymigrante.com\/revista\/wp-content\/uploads\/2025\/12\/posada-guatemalteca-navidad-chapina-tradicion-envato-labs-768x768.png 768w, https:\/\/soymigrante.com\/revista\/wp-content\/uploads\/2025\/12\/posada-guatemalteca-navidad-chapina-tradicion-envato-labs-75x75.png 75w, https:\/\/soymigrante.com\/revista\/wp-content\/uploads\/2025\/12\/posada-guatemalteca-navidad-chapina-tradicion-envato-labs-750x750.png 750w\" sizes=\"(max-width: 1024px) 100vw, 1024px\" \/>\n            <\/div>\n        <\/div><div class=\"eael-entry-wrapper\"><header class=\"eael-entry-header\"><h2 class=\"eael-entry-title\"><a class=\"eael-grid-post-link\" href=\"https:\/\/soymigrante.com\/revista\/que-tiene-la-navidad-chapina-que-los-migrantes-la-recuerdan-tanto-mira-esta-lista\/\" title=\"\u00bfEn qu\u00e9 radica el encanto de la Navidad chapina que los migrantes tanto recuerdan?\">\u00bfEn qu\u00e9 radica el encanto de la Navidad chapina que los migrantes tanto recuerdan?<\/a><\/h2><\/header><div class=\"eael-entry-content\">\n                        <div class=\"eael-grid-post-excerpt\"><a href=\"https:\/\/soymigrante.com\/revista\/que-tiene-la-navidad-chapina-que-los-migrantes-la-recuerdan-tanto-mira-esta-lista\/\" class=\"eael-post-elements-readmore-btn\">CONOCE SU HISTORIA <\/a><\/div>\n                    <\/div><\/div><\/div>\n        <\/div>\n    <\/article><\/div>\n            <div class=\"clearfix\"><\/div>\n        <\/div>\t\t\t\t<\/div>\n\t\t\t\t\t<\/div>\n\t\t\t\t<\/div>\n\t\t<div data-particle_enable=\"false\" data-particle-mobile-disabled=\"false\" class=\"elementor-element elementor-element-eb58890 e-flex e-con-boxed e-con e-parent\" data-id=\"eb58890\" data-element_type=\"container\" data-e-type=\"container\">\n\t\t\t\t\t<div class=\"e-con-inner\">\n\t\t\t\t<div class=\"elementor-element elementor-element-1cfbd7b elementor-widget elementor-widget-heading\" data-id=\"1cfbd7b\" data-element_type=\"widget\" data-e-type=\"widget\" data-widget_type=\"heading.default\">\n\t\t\t\t\t<h2 class=\"elementor-heading-title elementor-size-default\">Tradici\u00f3n y memoria con sabor guatemalteco<\/h2>\t\t\t\t<\/div>\n\t\t\t\t\t<\/div>\n\t\t\t\t<\/div>\n\t\t<div data-particle_enable=\"false\" data-particle-mobile-disabled=\"false\" class=\"elementor-element elementor-element-203627f e-flex e-con-boxed e-con e-parent\" data-id=\"203627f\" data-element_type=\"container\" data-e-type=\"container\">\n\t\t\t\t\t<div class=\"e-con-inner\">\n\t\t\t\t<div class=\"elementor-element elementor-element-afd50b0 elementor-widget elementor-widget-text-editor\" data-id=\"afd50b0\" data-element_type=\"widget\" data-e-type=\"widget\" data-widget_type=\"text-editor.default\">\n\t\t\t\t\t\t\t\t\t<p>&#8220;Desde que llegu\u00e9 a Estados Unidos, impuls\u00e9 la tradici\u00f3n de las posadas. Hice la primera posada, con una sola estaci\u00f3n, nos dieron permiso en la parroquia a la que asisto y ahora visita m\u00e1s casas&#8221;.\u00a0<\/p><p>&#8220;Pienso que ese es el toque guatemalteco que compartimos con otras comunidades latinoamericanas migrantes&#8221;, cuenta Lisset Garc\u00eda, migrante guatemalteca residente en Florida, quien adem\u00e1s ya prepar\u00f3 los deliciosos tamales.<\/p>\t\t\t\t\t\t\t\t<\/div>\n\t\t\t\t\t<\/div>\n\t\t\t\t<\/div>\n\t\t<div data-particle_enable=\"false\" data-particle-mobile-disabled=\"false\" class=\"elementor-element elementor-element-3012748 e-flex e-con-boxed e-con e-parent\" data-id=\"3012748\" data-element_type=\"container\" data-e-type=\"container\">\n\t\t\t\t\t<div class=\"e-con-inner\">\n\t\t\t\t<div class=\"elementor-element elementor-element-92397cc elementor-invisible elementor-widget elementor-widget-facebook-embed\" data-id=\"92397cc\" data-element_type=\"widget\" data-e-type=\"widget\" data-settings=\"{&quot;_animation&quot;:&quot;zoomInDown&quot;}\" data-widget_type=\"facebook-embed.default\">\n\t\t\t\t\t<div style=\"min-height: 1px\" class=\"elementor-facebook-widget fb-video\" data-href=\"https:\/\/www.facebook.com\/reel\/908070337744213\" data-show-text=\"false\" data-allowfullscreen=\"false\" data-autoplay=\"false\" data-show-captions=\"false\"><\/div>\t\t\t\t<\/div>\n\t\t\t\t\t<\/div>\n\t\t\t\t<\/div>\n\t\t<div data-particle_enable=\"false\" data-particle-mobile-disabled=\"false\" class=\"elementor-element elementor-element-65eb906 e-flex e-con-boxed e-con e-parent\" data-id=\"65eb906\" data-element_type=\"container\" data-e-type=\"container\">\n\t\t\t\t\t<div class=\"e-con-inner\">\n\t\t\t\t<div class=\"elementor-element elementor-element-91080b3 elementor-widget elementor-widget-text-editor\" data-id=\"91080b3\" data-element_type=\"widget\" data-e-type=\"widget\" data-widget_type=\"text-editor.default\">\n\t\t\t\t\t\t\t\t\t<p>&#8220;Yo aqu\u00ed trabajo todos los d\u00edas festivos, me gusta trabajar mucho, pero mi forma de celebrar con toque guatemalteco es mandar algo para que festeje la familia en Guatemala. Me da mucha satisfacci\u00f3n que est\u00e9n felices&#8221;, cuenta el chef Juan Guarcas, del restaurante Bella M\u00eda, en McCallen, Texas.<\/p><p><span style=\"color: var( --e-global-color-text ); text-align: var(--text-align);\">&#8220;Ahora aqu\u00ed, mi alegr\u00eda es dar ese mi toque chap\u00edn a la comida italiana que preparlo, que los disfruten mis hermanos hispanos y con m\u00e1s alegr\u00eda ahora que ya estamos incluidos en la Lista de Sabores Hispanos de Texas&#8221;, comparte.\u00a0<\/span><\/p>\t\t\t\t\t\t\t\t<\/div>\n\t\t\t\t\t<\/div>\n\t\t\t\t<\/div>\n\t\t<div data-particle_enable=\"false\" data-particle-mobile-disabled=\"false\" class=\"elementor-element elementor-element-3514aaa e-flex e-con-boxed e-con e-parent\" data-id=\"3514aaa\" data-element_type=\"container\" data-e-type=\"container\">\n\t\t\t\t\t<div class=\"e-con-inner\">\n\t\t\t\t<div class=\"elementor-element elementor-element-c75c11c elementor-widget elementor-widget-html\" data-id=\"c75c11c\" data-element_type=\"widget\" data-e-type=\"widget\" data-widget_type=\"html.default\">\n\t\t\t\t\t<iframe src=\"https:\/\/www.facebook.com\/plugins\/video.php?height=476&href=https%3A%2F%2Fwww.facebook.com%2F100010500543267%2Fvideos%2F928099972613224%2F&show_text=false&width=267&t=193\" width=\"267\" height=\"476\" style=\"border:none;overflow:hidden\" scrolling=\"no\" frameborder=\"0\" allowfullscreen=\"true\" allow=\"autoplay; clipboard-write; encrypted-media; picture-in-picture; web-share\" allowFullScreen=\"true\"><\/iframe>\t\t\t\t<\/div>\n\t\t\t\t\t<\/div>\n\t\t\t\t<\/div>\n\t\t<div data-particle_enable=\"false\" data-particle-mobile-disabled=\"false\" class=\"elementor-element elementor-element-375569a e-flex e-con-boxed e-con e-parent\" data-id=\"375569a\" data-element_type=\"container\" data-e-type=\"container\">\n\t\t\t\t\t<div class=\"e-con-inner\">\n\t\t\t\t<div class=\"elementor-element elementor-element-b095000 elementor-widget elementor-widget-heading\" data-id=\"b095000\" data-element_type=\"widget\" data-e-type=\"widget\" data-widget_type=\"heading.default\">\n\t\t\t\t\t<h2 class=\"elementor-heading-title elementor-size-default\">Navidad que sabe bien y se ve muy bien<\/h2>\t\t\t\t<\/div>\n\t\t\t\t\t<\/div>\n\t\t\t\t<\/div>\n\t\t<div data-particle_enable=\"false\" data-particle-mobile-disabled=\"false\" class=\"elementor-element elementor-element-e491297 e-flex e-con-boxed e-con e-parent\" data-id=\"e491297\" data-element_type=\"container\" data-e-type=\"container\">\n\t\t\t\t\t<div class=\"e-con-inner\">\n\t\t\t\t<div class=\"elementor-element elementor-element-ad840db elementor-widget elementor-widget-text-editor\" data-id=\"ad840db\" data-element_type=\"widget\" data-e-type=\"widget\" data-widget_type=\"text-editor.default\">\n\t\t\t\t\t\t\t\t\t<p>\u00a0<\/p><p>La comida guatemalteca (tamales, costilla horneada, pepi\u00e1n, chile en escabeche, ensalada rusa) forma parte del sabor con el cual muchos connacionales disfrutan la velada de Nochebuena.<\/p><p><span style=\"color: var( --e-global-color-text ); text-align: var(--text-align);\">&#8220;Comemos tamales con pan franc\u00e9s. Y esperamos el 24 hasta la media noche juntos y en familia, tambi\u00e9n con amigos, para darnos el abrazo&#8221;, cuenta Pablo Mazariegos, educador, psic\u00f3logo y documentalista radicado en Tennessee.<\/span><\/p>\t\t\t\t\t\t\t\t<\/div>\n\t\t\t\t\t<\/div>\n\t\t\t\t<\/div>\n\t\t<div data-particle_enable=\"false\" data-particle-mobile-disabled=\"false\" class=\"elementor-element elementor-element-2ff6b31 e-flex e-con-boxed e-con e-parent\" data-id=\"2ff6b31\" data-element_type=\"container\" data-e-type=\"container\">\n\t\t\t\t\t<div class=\"e-con-inner\">\n\t\t\t\t<div class=\"elementor-element elementor-element-c94cb5d elementor-widget elementor-widget-text-editor\" data-id=\"c94cb5d\" data-element_type=\"widget\" data-e-type=\"widget\" data-widget_type=\"text-editor.default\">\n\t\t\t\t\t\t\t\t\t<p>&#8220;A m\u00ed me gusta siempre decorar mi casa con motivos guatemaltecos, para recordar ese ambiente que se viv\u00eda en la ni\u00f1ez, y compartirlo ahora con los m\u00e1s j\u00f3venes&#8221;, dice Kiara Venegas, l\u00edder migrante radicada en Texas.<\/p>\t\t\t\t\t\t\t\t<\/div>\n\t\t\t\t\t<\/div>\n\t\t\t\t<\/div>\n\t\t<div data-particle_enable=\"false\" data-particle-mobile-disabled=\"false\" class=\"elementor-element elementor-element-b3d2025 e-flex e-con-boxed e-con e-parent\" data-id=\"b3d2025\" data-element_type=\"container\" data-e-type=\"container\">\n\t\t\t\t\t<div class=\"e-con-inner\">\n\t\t\t\t<div class=\"elementor-element elementor-element-5ee11a6 elementor-widget elementor-widget-text-editor\" data-id=\"5ee11a6\" data-element_type=\"widget\" data-e-type=\"widget\" data-widget_type=\"text-editor.default\">\n\t\t\t\t\t\t\t\t\t<p>&#8220;Me encanta que disfrutemos el recalentadito el 25 de diciembre.\u00a0 Me gusta que mis hijos aprenda que son d\u00edas especiales y que tenemos que convivir y compartir juntos.\u00a0 La pasamos\u00a0 de lo mejor al ver la alegr\u00eda de mis hijos de abrir sus regalitos es lo m\u00e1s bonito. Una celebraci\u00f3n simple pero con mucho amor y junto a ellos, le damos gracias a Dios por todas sus bondades y misericordia hacia nosotros y m\u00e1s bien hacia la humanidad&#8221;, expresa Letty Bar\u00e1n, desde Maryland.\u00a0<\/p>\t\t\t\t\t\t\t\t<\/div>\n\t\t\t\t\t<\/div>\n\t\t\t\t<\/div>\n\t\t<div data-particle_enable=\"false\" data-particle-mobile-disabled=\"false\" class=\"elementor-element elementor-element-e7f4668 e-flex e-con-boxed e-con e-parent\" data-id=\"e7f4668\" data-element_type=\"container\" data-e-type=\"container\">\n\t\t\t\t\t<div class=\"e-con-inner\">\n\t\t\t\t<div class=\"elementor-element elementor-element-2572736 elementor-invisible elementor-widget elementor-widget-facebook-embed\" data-id=\"2572736\" data-element_type=\"widget\" data-e-type=\"widget\" data-settings=\"{&quot;_animation&quot;:&quot;zoomInDown&quot;}\" data-widget_type=\"facebook-embed.default\">\n\t\t\t\t\t<div style=\"min-height: 1px\" class=\"elementor-facebook-widget fb-video\" data-href=\"https:\/\/www.facebook.com\/100001283868232\/videos\/1307832990563877\/\" data-show-text=\"false\" data-allowfullscreen=\"false\" data-autoplay=\"false\" data-show-captions=\"false\"><\/div>\t\t\t\t<\/div>\n\t\t\t\t\t<\/div>\n\t\t\t\t<\/div>\n\t\t<div data-particle_enable=\"false\" data-particle-mobile-disabled=\"false\" class=\"elementor-element elementor-element-6590812 e-flex e-con-boxed e-con e-parent\" data-id=\"6590812\" data-element_type=\"container\" data-e-type=\"container\">\n\t\t\t\t\t<div class=\"e-con-inner\">\n\t\t\t\t<div class=\"elementor-element elementor-element-b235f7c elementor-widget elementor-widget-text-editor\" data-id=\"b235f7c\" data-element_type=\"widget\" data-e-type=\"widget\" data-widget_type=\"text-editor.default\">\n\t\t\t\t\t\t\t\t\t<p>&#8220;El toque chap\u00edn que yo le doy a la Navidad es cocinarle a mis amigos platillos y antojitos guatemaltecos&#8221; comparte el actor y comunicador migrante Mynor Osorio, radicado en New Jersey.<\/p><p>Para ello se prepara con antelaci\u00f3n, pues este 24 de diciembre, como siempre, le toc\u00f3 trabajar a pesar de la nieve y de la fecha. Sin embargo, ya en la Nochebuena espera poder estar con compatriotas compartiendo un tamal, ponche y sobre todo la hermandad.<\/p>\t\t\t\t\t\t\t\t<\/div>\n\t\t\t\t\t<\/div>\n\t\t\t\t<\/div>\n\t\t<div data-particle_enable=\"false\" data-particle-mobile-disabled=\"false\" class=\"elementor-element elementor-element-6e87a8f e-flex e-con-boxed e-con e-parent\" data-id=\"6e87a8f\" data-element_type=\"container\" data-e-type=\"container\">\n\t\t\t\t\t<div class=\"e-con-inner\">\n\t\t\t\t<div class=\"elementor-element elementor-element-0a3e0e0 elementor-widget elementor-widget-heading\" data-id=\"0a3e0e0\" data-element_type=\"widget\" data-e-type=\"widget\" data-widget_type=\"heading.default\">\n\t\t\t\t\t<h2 class=\"elementor-heading-title elementor-size-default\">Navidad es compartir con su propia tierra<\/h2>\t\t\t\t<\/div>\n\t\t\t\t\t<\/div>\n\t\t\t\t<\/div>\n\t\t<div data-particle_enable=\"false\" data-particle-mobile-disabled=\"false\" class=\"elementor-element elementor-element-707d406 e-flex e-con-boxed e-con e-parent\" data-id=\"707d406\" data-element_type=\"container\" data-e-type=\"container\">\n\t\t\t\t\t<div class=\"e-con-inner\">\n\t\t\t\t<div class=\"elementor-element elementor-element-51e2aed elementor-widget elementor-widget-image\" data-id=\"51e2aed\" data-element_type=\"widget\" data-e-type=\"widget\" data-widget_type=\"image.default\">\n\t\t\t\t\t\t\t\t\t\t\t\t<figure class=\"wp-caption\">\n\t\t\t\t\t\t\t\t\t\t<img decoding=\"async\" width=\"768\" height=\"576\" src=\"https:\/\/soymigrante.com\/revista\/wp-content\/uploads\/2024\/12\/la-gomera-leonel-arenas-1024x768.jpg\" class=\"attachment-large size-large wp-image-18049\" alt=\"Ni\u00f1os y adultos en celebraci\u00f3n navide\u00f1a en un entorno dom\u00e9stico decorado con motivos festivos, compartiendo regalos en una comunidad vulnerable, promoviendo la integraci\u00f3n y la solidaridad.\" srcset=\"https:\/\/soymigrante.com\/revista\/wp-content\/uploads\/2024\/12\/la-gomera-leonel-arenas-1024x768.jpg 1024w, https:\/\/soymigrante.com\/revista\/wp-content\/uploads\/2024\/12\/la-gomera-leonel-arenas-300x225.jpg 300w, https:\/\/soymigrante.com\/revista\/wp-content\/uploads\/2024\/12\/la-gomera-leonel-arenas-768x576.jpg 768w, https:\/\/soymigrante.com\/revista\/wp-content\/uploads\/2024\/12\/la-gomera-leonel-arenas-1536x1152.jpg 1536w, https:\/\/soymigrante.com\/revista\/wp-content\/uploads\/2024\/12\/la-gomera-leonel-arenas-750x563.webp 750w, https:\/\/soymigrante.com\/revista\/wp-content\/uploads\/2024\/12\/la-gomera-leonel-arenas-1140x855.webp 1140w, https:\/\/soymigrante.com\/revista\/wp-content\/uploads\/2024\/12\/la-gomera-leonel-arenas.webp 1600w\" sizes=\"(max-width: 768px) 100vw, 768px\" title=\"Leonel Arenas aporta recursos propios y tambien recibe donativos de migrantes en Connecticut, para hacer posible el reparto de uvas y manzanas en aldeas de La Gomera, Escuintla. Fotograf\u00eda del 22 de diciembre de 2024. \u2013 SoyMigrante.com REVISTA\" \/>\t\t\t\t\t\t\t\t\t\t\t<figcaption class=\"widget-image-caption wp-caption-text\">Ni\u00f1os recibiendo regalos en una celebraci\u00f3n navide\u00f1a en un ambiente comunitario, mostrando alegr\u00eda y esperanza en medio de condiciones humildes, promoviendo la inclusi\u00f3n social y el esp\u00edritu solidario.<\/figcaption>\n\t\t\t\t\t\t\t\t\t\t<\/figure>\n\t\t\t\t\t\t\t\t\t<\/div>\n\t\t\t\t\t<\/div>\n\t\t\t\t<\/div>\n\t\t<div data-particle_enable=\"false\" data-particle-mobile-disabled=\"false\" class=\"elementor-element elementor-element-30ef53a e-flex e-con-boxed e-con e-parent\" data-id=\"30ef53a\" data-element_type=\"container\" data-e-type=\"container\">\n\t\t\t\t\t<div class=\"e-con-inner\">\n\t\t\t\t<div class=\"elementor-element elementor-element-0b9dc7f elementor-widget elementor-widget-text-editor\" data-id=\"0b9dc7f\" data-element_type=\"widget\" data-e-type=\"widget\" data-widget_type=\"text-editor.default\">\n\t\t\t\t\t\t\t\t\t<p>Para Leonel Arenas, radicado en Connecticut, la Navidad es compartir con amigos all\u00e1, pero sobre todo con ni\u00f1os y familias, a la distancia, mediante el env\u00edo de uvas y manzanas a aldeas de La Gomera, Escuintla, su tierra natal. Esto es posible gracias a las donaciones de otros migrantes guatemaltecos.<\/p><p>Cada a\u00f1o ya es una tradici\u00f3n junto con la entrega de juguetes. &#8220;Es una forma de agradecer a Dios lo que nos da, dando a los dem\u00e1s&#8221;.\u00a0 Para este fin, Arenas cuenta con el apoyo de su hijo, quien se encarga de llegar a las \u00e1reas m\u00e1s necesitadas.<\/p>\t\t\t\t\t\t\t\t<\/div>\n\t\t\t\t\t<\/div>\n\t\t\t\t<\/div>\n\t\t<div data-particle_enable=\"false\" data-particle-mobile-disabled=\"false\" class=\"elementor-element elementor-element-ac38e6f e-flex e-con-boxed e-con e-parent\" data-id=\"ac38e6f\" data-element_type=\"container\" data-e-type=\"container\">\n\t\t\t\t\t<div class=\"e-con-inner\">\n\t\t\t\t<div class=\"elementor-element elementor-element-176d04b elementor-widget elementor-widget-heading\" data-id=\"176d04b\" data-element_type=\"widget\" data-e-type=\"widget\" data-widget_type=\"heading.default\">\n\t\t\t\t\t<h2 class=\"elementor-heading-title elementor-size-default\">Relatos de esperanza, testimonios de logro<\/h2>\t\t\t\t<\/div>\n\t\t\t\t\t<\/div>\n\t\t\t\t<\/div>\n\t\t<div data-particle_enable=\"false\" data-particle-mobile-disabled=\"false\" class=\"elementor-element elementor-element-64e0b19 e-flex e-con-boxed e-con e-parent\" data-id=\"64e0b19\" data-element_type=\"container\" data-e-type=\"container\">\n\t\t\t\t\t<div class=\"e-con-inner\">\n\t\t\t\t<div class=\"elementor-element elementor-element-8d5cf4b elementor-grid-eael-col-3 elementor-grid-tablet-eael-col-2 elementor-grid-mobile-eael-col-1 elementor-widget elementor-widget-eael-post-grid\" data-id=\"8d5cf4b\" data-element_type=\"widget\" data-e-type=\"widget\" data-settings=\"{&quot;eael_post_grid_columns&quot;:&quot;eael-col-3&quot;,&quot;eael_post_grid_columns_tablet&quot;:&quot;eael-col-2&quot;,&quot;eael_post_grid_columns_mobile&quot;:&quot;eael-col-1&quot;}\" data-widget_type=\"eael-post-grid.default\">\n\t\t\t\t\t<div id=\"eael-post-grid-8d5cf4b\" class=\"eael-post-grid-container\">\n            <div class=\"eael-post-grid eael-post-appender eael-post-appender-8d5cf4b eael-post-grid-style-one\" data-layout-mode=\"masonry\"><article class=\"eael-grid-post  eael-post-grid-column eael-pg-post-12682 category-exitos\" data-id=\"12682\">\n        <div class=\"eael-grid-post-holder\">\n            <div class=\"eael-grid-post-holder-inner\"><div class=\"eael-entry-media\"><div class=\"eael-entry-overlay fade-in\"><i class=\"far fa-hand-pointer\" aria-hidden=\"true\"><\/i><a href=\"https:\/\/soymigrante.com\/revista\/mynor-osorio-es-gerente-de-mantenimiento-de-edificio-hincha-y-actor-en-new-york\/\"><\/a><\/div><div class=\"eael-entry-thumbnail \">\n                <img decoding=\"async\" width=\"1024\" height=\"1024\" src=\"https:\/\/soymigrante.com\/revista\/wp-content\/uploads\/2024\/11\/mynor-osoario-migrante-ny-1024x1024.jpg\" class=\"attachment-large size-large wp-image-12684\" alt=\"Guatemalteco con bandera en marcha patri\u00f3tica, s\u00edmbolo de orgullo y celebraci\u00f3n nacional, participando en evento cultural y c\u00edvico.\" srcset=\"https:\/\/soymigrante.com\/revista\/wp-content\/uploads\/2024\/11\/mynor-osoario-migrante-ny-1024x1024.jpg 1024w, https:\/\/soymigrante.com\/revista\/wp-content\/uploads\/2024\/11\/mynor-osoario-migrante-ny-300x300.webp 300w, https:\/\/soymigrante.com\/revista\/wp-content\/uploads\/2024\/11\/mynor-osoario-migrante-ny-150x150.webp 150w, https:\/\/soymigrante.com\/revista\/wp-content\/uploads\/2024\/11\/mynor-osoario-migrante-ny-768x768.jpg 768w, https:\/\/soymigrante.com\/revista\/wp-content\/uploads\/2024\/11\/mynor-osoario-migrante-ny-75x75.webp 75w, https:\/\/soymigrante.com\/revista\/wp-content\/uploads\/2024\/11\/mynor-osoario-migrante-ny-750x750.webp 750w, https:\/\/soymigrante.com\/revista\/wp-content\/uploads\/2024\/11\/mynor-osoario-migrante-ny-1140x1140.jpg 1140w, https:\/\/soymigrante.com\/revista\/wp-content\/uploads\/2024\/11\/mynor-osoario-migrante-ny.webp 1365w\" sizes=\"(max-width: 1024px) 100vw, 1024px\" \/>\n            <\/div>\n        <\/div><div class=\"eael-entry-wrapper\"><header class=\"eael-entry-header\"><h2 class=\"eael-entry-title\"><a class=\"eael-grid-post-link\" href=\"https:\/\/soymigrante.com\/revista\/mynor-osorio-es-gerente-de-mantenimiento-de-edificio-hincha-y-actor-en-new-york\/\" title=\"Mynor Osorio es superintendente de 12 edificios, fan de f\u00fatbol y actor en New York\">Mynor Osorio es superintendente de 12 edificios, fan de f\u00fatbol y actor en New York<\/a><\/h2><\/header><div class=\"eael-entry-content\">\n                        <div class=\"eael-grid-post-excerpt\"><a href=\"https:\/\/soymigrante.com\/revista\/mynor-osorio-es-gerente-de-mantenimiento-de-edificio-hincha-y-actor-en-new-york\/\" class=\"eael-post-elements-readmore-btn\">CONOCE SU HISTORIA <\/a><\/div>\n                    <\/div><\/div><\/div>\n        <\/div>\n    <\/article><article class=\"eael-grid-post  eael-post-grid-column eael-pg-post-8692 category-exitos\" data-id=\"8692\">\n        <div class=\"eael-grid-post-holder\">\n            <div class=\"eael-grid-post-holder-inner\"><div class=\"eael-entry-media\"><div class=\"eael-entry-overlay fade-in\"><i class=\"far fa-hand-pointer\" aria-hidden=\"true\"><\/i><a href=\"https:\/\/soymigrante.com\/revista\/leonel-arenas-conecta-a-migrantes-en-connecticut-con-nobles-causas\/\"><\/a><\/div><div class=\"eael-entry-thumbnail \">\n                <img loading=\"lazy\" decoding=\"async\" width=\"562\" height=\"562\" src=\"https:\/\/soymigrante.com\/revista\/wp-content\/uploads\/2024\/09\/leonel-arenas-migrante-1.webp\" class=\"attachment-large size-large wp-image-8693\" alt=\"Nueva York, celebraci\u00f3n de la cultura guatemalteca con inmigrantes en la calle, sosteniendo la bandera nacional, en un entorno urbano moderno.\" srcset=\"https:\/\/soymigrante.com\/revista\/wp-content\/uploads\/2024\/09\/leonel-arenas-migrante-1.webp 562w, https:\/\/soymigrante.com\/revista\/wp-content\/uploads\/2024\/09\/leonel-arenas-migrante-1-300x300.webp 300w, https:\/\/soymigrante.com\/revista\/wp-content\/uploads\/2024\/09\/leonel-arenas-migrante-1-150x150.webp 150w, https:\/\/soymigrante.com\/revista\/wp-content\/uploads\/2024\/09\/leonel-arenas-migrante-1-75x75.webp 75w\" sizes=\"(max-width: 562px) 100vw, 562px\" \/>\n            <\/div>\n        <\/div><div class=\"eael-entry-wrapper\"><header class=\"eael-entry-header\"><h2 class=\"eael-entry-title\"><a class=\"eael-grid-post-link\" href=\"https:\/\/soymigrante.com\/revista\/leonel-arenas-conecta-a-migrantes-en-connecticut-con-nobles-causas\/\" title=\"Leonel Arenas conecta a migrantes en Connecticut con nobles causas\">Leonel Arenas conecta a migrantes en Connecticut con nobles causas<\/a><\/h2><\/header><div class=\"eael-entry-content\">\n                        <div class=\"eael-grid-post-excerpt\"><a href=\"https:\/\/soymigrante.com\/revista\/leonel-arenas-conecta-a-migrantes-en-connecticut-con-nobles-causas\/\" class=\"eael-post-elements-readmore-btn\">CONOCE SU HISTORIA <\/a><\/div>\n                    <\/div><\/div><\/div>\n        <\/div>\n    <\/article><article class=\"eael-grid-post  eael-post-grid-column eael-pg-post-2124 category-exitos\" data-id=\"2124\">\n        <div class=\"eael-grid-post-holder\">\n            <div class=\"eael-grid-post-holder-inner\"><div class=\"eael-entry-media\"><div class=\"eael-entry-overlay fade-in\"><i class=\"far fa-hand-pointer\" aria-hidden=\"true\"><\/i><a href=\"https:\/\/soymigrante.com\/revista\/pablo-mazariegos-psicologo-migrante-guatemalteco\/\"><\/a><\/div><div class=\"eael-entry-thumbnail \">\n                <img loading=\"lazy\" decoding=\"async\" width=\"1024\" height=\"686\" src=\"https:\/\/soymigrante.com\/revista\/wp-content\/uploads\/2023\/08\/pablo-mazariegos-b-1024x686.webp\" class=\"attachment-large size-large wp-image-2130\" alt=\"Pablo Mazariegos es graduado universitario en terapia familiar y psicolog\u00eda escolar, pero a su vez estas facetas e historias le condujeron a ser creador audiovisual, a trav\u00e9s de documentales propositivos y optimistas dedicados sobre todo a j\u00f3venes.\" srcset=\"https:\/\/soymigrante.com\/revista\/wp-content\/uploads\/2023\/08\/pablo-mazariegos-b-1024x686.webp 1024w, https:\/\/soymigrante.com\/revista\/wp-content\/uploads\/2023\/08\/pablo-mazariegos-b-300x201.webp 300w, https:\/\/soymigrante.com\/revista\/wp-content\/uploads\/2023\/08\/pablo-mazariegos-b-768x514.webp 768w, https:\/\/soymigrante.com\/revista\/wp-content\/uploads\/2023\/08\/pablo-mazariegos-b-1536x1028.webp 1536w, https:\/\/soymigrante.com\/revista\/wp-content\/uploads\/2023\/08\/pablo-mazariegos-b-750x502.webp 750w, https:\/\/soymigrante.com\/revista\/wp-content\/uploads\/2023\/08\/pablo-mazariegos-b-1140x763.webp 1140w, https:\/\/soymigrante.com\/revista\/wp-content\/uploads\/2023\/08\/pablo-mazariegos-b.webp 1920w\" sizes=\"(max-width: 1024px) 100vw, 1024px\" \/>\n            <\/div>\n        <\/div><div class=\"eael-entry-wrapper\"><header class=\"eael-entry-header\"><h2 class=\"eael-entry-title\"><a class=\"eael-grid-post-link\" href=\"https:\/\/soymigrante.com\/revista\/pablo-mazariegos-psicologo-migrante-guatemalteco\/\" title=\"Pablo Mazariegos: Transformando historias migrantes en esperanza\">Pablo Mazariegos: Transformando historias migrantes en esperanza<\/a><\/h2><\/header><div class=\"eael-entry-content\">\n                        <div class=\"eael-grid-post-excerpt\"><a href=\"https:\/\/soymigrante.com\/revista\/pablo-mazariegos-psicologo-migrante-guatemalteco\/\" class=\"eael-post-elements-readmore-btn\">CONOCE SU HISTORIA <\/a><\/div>\n                    <\/div><\/div><\/div>\n        <\/div>\n    <\/article><\/div>\n            <div class=\"clearfix\"><\/div>\n        <\/div>\t\t\t\t<\/div>\n\t\t\t\t\t<\/div>\n\t\t\t\t<\/div>\n\t\t\t\t<\/div>\n\t\t","protected":false},"excerpt":{"rendered":"<p>A trav\u00e9s de an\u00e9cdotas, reuni\u00f3n con familiares y amigos, platillos tradicionales guatemaltecos, pero sobre todo con el recuerdo siempre vivo de las Navidades de infancia y juventud, migrantes le dan el sabor chap\u00edn a su conmemoraci\u00f3n de fin de a\u00f1o. &#8220;Nosotros celebramos una navidad Chapina siempre: tamales al estilo de la Costa Sur con hoja [&hellip;]<\/p>\n","protected":false},"author":7,"featured_media":18013,"comment_status":"open","ping_status":"open","sticky":false,"template":"","format":"standard","meta":{"_acf_changed":false,"_eb_attr":"","footnotes":""},"categories":[54],"tags":[],"class_list":["post-17894","post","type-post","status-publish","format-standard","has-post-thumbnail","hentry","category-estamos-unidos"],"acf":[],"aioseo_notices":[],"aioseo_head":"\n\t\t<!-- All in One SEO Pro 4.9.6.2 - aioseo.com -->\n\t<meta name=\"description\" content=\"Pablo Mazariegos, psic\u00f3logo y migrante, dedica su vida a ayudar a j\u00f3venes migrantes en EE.UU. a superar traumas y construir un futuro prometedor\" \/>\n\t<meta name=\"robots\" content=\"max-snippet:-1, max-image-preview:large, max-video-preview:-1\" \/>\n\t<meta name=\"author\" content=\"Gustavo Montenegro\"\/>\n\t<link rel=\"canonical\" href=\"https:\/\/soymigrante.com\/revista\/pablo-mazariegos-psicologo-migrante-guatemalteco\/\" \/>\n\t<meta name=\"generator\" content=\"All in One SEO Pro (AIOSEO) 4.9.6.2\" \/>\n\n\t\t<link rel=\"preconnect\" href=\"https:\/\/fonts.googleapis.com\" crossorigin>\n<link rel=\"preconnect\" href=\"https:\/\/fonts.gstatic.com\" crossorigin>\n\t\t<meta property=\"og:locale\" content=\"es_ES\" \/>\n\t\t<meta property=\"og:site_name\" content=\"SoyMigrante.com REVISTA \u2013 Nuestra misi\u00f3n es reconocer y dignificar al migrante.\" \/>\n\t\t<meta property=\"og:type\" content=\"article\" \/>\n\t\t<meta property=\"og:title\" content=\"Pablo Mazariegos: Transformando historias migrantes en esperanza\" \/>\n\t\t<meta property=\"og:description\" content=\"Pablo Mazariegos, psic\u00f3logo y migrante, dedica su vida a ayudar a j\u00f3venes migrantes en EE.UU. a superar traumas y construir un futuro prometedor\" \/>\n\t\t<meta property=\"og:url\" content=\"https:\/\/soymigrante.com\/revista\/pablo-mazariegos-psicologo-migrante-guatemalteco\/\" \/>\n\t\t<meta property=\"og:image\" content=\"https:\/\/soymigrante.com\/revista\/wp-content\/uploads\/2023\/08\/pablo-mazariegos-b.webp\" \/>\n\t\t<meta property=\"og:image:secure_url\" content=\"https:\/\/soymigrante.com\/revista\/wp-content\/uploads\/2023\/08\/pablo-mazariegos-b.webp\" \/>\n\t\t<meta property=\"og:image:width\" content=\"1920\" \/>\n\t\t<meta property=\"og:image:height\" content=\"1285\" \/>\n\t\t<meta property=\"article:published_time\" content=\"2023-08-07T14:01:17+00:00\" \/>\n\t\t<meta property=\"article:modified_time\" content=\"2024-07-31T04:28:35+00:00\" \/>\n\t\t<meta property=\"article:publisher\" content=\"https:\/\/www.facebook.com\/soymigrantecom\" \/>\n\t\t<meta name=\"twitter:card\" content=\"summary_large_image\" \/>\n\t\t<meta name=\"twitter:site\" content=\"@SoyMigrante_com\" \/>\n\t\t<meta name=\"twitter:title\" content=\"Pablo Mazariegos: Transformando historias migrantes en esperanza\" \/>\n\t\t<meta name=\"twitter:description\" content=\"Pablo Mazariegos, psic\u00f3logo y migrante, dedica su vida a ayudar a j\u00f3venes migrantes en EE.UU. a superar traumas y construir un futuro prometedor\" \/>\n\t\t<meta name=\"twitter:creator\" content=\"@SoyMigrante_com\" \/>\n\t\t<meta name=\"twitter:image\" content=\"https:\/\/soymigrante.com\/revista\/wp-content\/uploads\/2023\/08\/pablo-mazariegos-b.webp\" \/>\n\t\t<!-- All in One SEO Pro -->\r\n\t\t<title>Pablo Mazariegos: Transformando historias migrantes en esperanza<\/title>\n\n","aioseo_head_json":{"title":"Pablo Mazariegos: Transformando historias migrantes en esperanza","description":"Pablo Mazariegos, psic\u00f3logo y migrante, dedica su vida a ayudar a j\u00f3venes migrantes en EE.UU. a superar traumas y construir un futuro prometedor","canonical_url":"https:\/\/soymigrante.com\/revista\/pablo-mazariegos-psicologo-migrante-guatemalteco\/","robots":"max-snippet:-1, max-image-preview:large, max-video-preview:-1","keywords":"","webmasterTools":{"miscellaneous":"&lt;link rel=\"preconnect\" href=\"https:\/\/fonts.googleapis.com\" crossorigin&gt;\n&lt;link rel=\"preconnect\" href=\"https:\/\/fonts.gstatic.com\" crossorigin&gt;"},"schema":null,"og:locale":"es_ES","og:site_name":"SoyMigrante.com REVISTA \u2013 Nuestra misi\u00f3n es reconocer y dignificar al migrante.","og:type":"article","og:title":"Pablo Mazariegos: Transformando historias migrantes en esperanza","og:description":"Pablo Mazariegos, psic\u00f3logo y migrante, dedica su vida a ayudar a j\u00f3venes migrantes en EE.UU. a superar traumas y construir un futuro prometedor","og:url":"https:\/\/soymigrante.com\/revista\/pablo-mazariegos-psicologo-migrante-guatemalteco\/","og:image":"https:\/\/soymigrante.com\/revista\/wp-content\/uploads\/2023\/08\/pablo-mazariegos-b.webp","og:image:secure_url":"https:\/\/soymigrante.com\/revista\/wp-content\/uploads\/2023\/08\/pablo-mazariegos-b.webp","og:image:width":1920,"og:image:height":1285,"article:published_time":"2023-08-07T14:01:17+00:00","article:modified_time":"2024-07-31T04:28:35+00:00","article:publisher":"https:\/\/www.facebook.com\/soymigrantecom","twitter:card":"summary_large_image","twitter:site":"@SoyMigrante_com","twitter:title":"Pablo Mazariegos: Transformando historias migrantes en esperanza","twitter:description":"Pablo Mazariegos, psic\u00f3logo y migrante, dedica su vida a ayudar a j\u00f3venes migrantes en EE.UU. a superar traumas y construir un futuro prometedor","twitter:creator":"@SoyMigrante_com","twitter:image":"https:\/\/soymigrante.com\/revista\/wp-content\/uploads\/2023\/08\/pablo-mazariegos-b.webp"},"aioseo_meta_data":{"post_id":"17894","title":"Guatemaltecos migrantes le dan el toque chap\u00edn a su Navidad","description":"Con nostalgia por estar lejos, en tiempo y distancia de su tierra o su barrio, los guatemaltecos en EE.UU. reconectan con sus ra\u00edces en el festejo de Navidad","keywords":null,"keyphrases":{"focus":{"keyphrase":"Navidad","score":91,"analysis":{"keyphraseInTitle":{"score":9,"maxScore":9,"error":0},"keyphraseInDescription":{"score":9,"maxScore":9,"error":0},"keyphraseLength":{"score":9,"maxScore":9,"error":0,"length":1},"keyphraseInURL":{"score":5,"maxScore":5,"error":0},"keyphraseInIntroduction":{"score":9,"maxScore":9,"error":0},"keyphraseInSubHeadings":{"score":9,"maxScore":9,"error":0},"keyphraseInImageAlt":{"score":3,"maxScore":9,"error":1},"keywordDensity":{"type":"best","score":9,"maxScore":9,"error":0}}},"additional":[{"keyphrase":"Migrantes","score":73,"analysis":{"keyphraseInDescription":{"score":3,"maxScore":9,"error":1},"keyphraseLength":{"score":9,"maxScore":9,"error":0,"length":1},"keyphraseInIntroduction":{"score":3,"maxScore":9,"error":1},"keyphraseInImageAlt":{"score":9,"maxScore":9,"error":0},"keywordDensity":{"type":"best","score":9,"maxScore":9,"error":0}}}]},"primary_term":null,"canonical_url":null,"og_title":null,"og_description":null,"og_object_type":"default","og_image_type":"default","og_image_url":null,"og_image_width":null,"og_image_height":null,"og_image_custom_url":null,"og_image_custom_fields":null,"og_video":"","og_custom_url":null,"og_article_section":null,"og_article_tags":null,"twitter_use_og":false,"twitter_card":"default","twitter_image_type":"default","twitter_image_url":null,"twitter_image_custom_url":null,"twitter_image_custom_fields":null,"twitter_title":null,"twitter_description":null,"schema":{"blockGraphs":[],"customGraphs":[],"default":{"data":{"Article":[],"Course":[],"Dataset":[],"FAQPage":[],"Movie":[],"Person":[],"Product":[],"ProductReview":[],"Car":[],"Recipe":[],"Service":[],"SoftwareApplication":[],"WebPage":[]},"graphName":"BlogPosting","isEnabled":true},"graphs":[]},"schema_type":"default","schema_type_options":null,"pillar_content":false,"robots_default":true,"robots_noindex":false,"robots_noarchive":false,"robots_nosnippet":false,"robots_nofollow":false,"robots_noimageindex":false,"robots_noodp":false,"robots_notranslate":false,"robots_max_snippet":"-1","robots_max_videopreview":"-1","robots_max_imagepreview":"large","priority":null,"frequency":"default","local_seo":null,"seo_analyzer_scan_date":"2025-10-09 01:17:21","breadcrumb_settings":null,"limit_modified_date":false,"reviewed_by":null,"open_ai":"{\"title\":{\"suggestions\":[],\"usage\":0},\"description\":{\"suggestions\":[],\"usage\":0}}","ai":null,"created":"2024-12-24 01:39:14","updated":"2026-02-04 18:33:31"},"aioseo_breadcrumb":"<div class=\"aioseo-breadcrumbs\"><span class=\"aioseo-breadcrumb\">\n\t<a href=\"https:\/\/soymigrante.com\/revista\" title=\"Home\">Home<\/a>\n<\/span><span class=\"aioseo-breadcrumb-separator\">\u00bb<\/span><span class=\"aioseo-breadcrumb\">\n\t<a href=\"https:\/\/soymigrante.com\/revista\/category\/estamos-unidos\/\" title=\"Estamos Unidos\">Estamos Unidos<\/a>\n<\/span><span class=\"aioseo-breadcrumb-separator\">\u00bb<\/span><span class=\"aioseo-breadcrumb\">\n\tGuatemaltecos migrantes le dan el toque chap\u00edn a su Navidad\n<\/span><\/div>","aioseo_breadcrumb_json":[{"label":"Home","link":"https:\/\/soymigrante.com\/revista"},{"label":"Estamos Unidos","link":"https:\/\/soymigrante.com\/revista\/category\/estamos-unidos\/"},{"label":"Guatemaltecos migrantes le dan el toque chap\u00edn a su Navidad","link":"https:\/\/soymigrante.com\/revista\/guatemaltecos-migrantes-le-dan-el-toque-chapin-a-su-navidad\/"}],"_links":{"self":[{"href":"https:\/\/soymigrante.com\/revista\/wp-json\/wp\/v2\/posts\/17894","targetHints":{"allow":["GET"]}}],"collection":[{"href":"https:\/\/soymigrante.com\/revista\/wp-json\/wp\/v2\/posts"}],"about":[{"href":"https:\/\/soymigrante.com\/revista\/wp-json\/wp\/v2\/types\/post"}],"author":[{"embeddable":true,"href":"https:\/\/soymigrante.com\/revista\/wp-json\/wp\/v2\/users\/7"}],"replies":[{"embeddable":true,"href":"https:\/\/soymigrante.com\/revista\/wp-json\/wp\/v2\/comments?post=17894"}],"version-history":[{"count":0,"href":"https:\/\/soymigrante.com\/revista\/wp-json\/wp\/v2\/posts\/17894\/revisions"}],"wp:featuredmedia":[{"embeddable":true,"href":"https:\/\/soymigrante.com\/revista\/wp-json\/wp\/v2\/media\/18013"}],"wp:attachment":[{"href":"https:\/\/soymigrante.com\/revista\/wp-json\/wp\/v2\/media?parent=17894"}],"wp:term":[{"taxonomy":"category","embeddable":true,"href":"https:\/\/soymigrante.com\/revista\/wp-json\/wp\/v2\/categories?post=17894"},{"taxonomy":"post_tag","embeddable":true,"href":"https:\/\/soymigrante.com\/revista\/wp-json\/wp\/v2\/tags?post=17894"}],"curies":[{"name":"wp","href":"https:\/\/api.w.org\/{rel}","templated":true}]}}