{"id":17848,"date":"2024-12-24T06:00:00","date_gmt":"2024-12-24T12:00:00","guid":{"rendered":"https:\/\/soymigrante.com\/revista\/?p=17848"},"modified":"2025-01-21T08:08:02","modified_gmt":"2025-01-21T14:08:02","slug":"mayan-dog-cuando-el-carino-por-tu-mascota-se-encuentra-con-la-tradicion-textil","status":"publish","type":"post","link":"https:\/\/soymigrante.com\/revista\/mayan-dog-cuando-el-carino-por-tu-mascota-se-encuentra-con-la-tradicion-textil\/","title":{"rendered":"Emprendimiento Mayan Dog: Cuando el cari\u00f1o por tu mascota se encuentra con la creatividad textil"},"content":{"rendered":"\t\t<div data-elementor-type=\"wp-post\" data-elementor-id=\"17848\" class=\"elementor elementor-17848\" data-elementor-post-type=\"post\">\n\t\t\t\t<div data-particle_enable=\"false\" data-particle-mobile-disabled=\"false\" class=\"elementor-element elementor-element-6304ecb e-flex e-con-boxed e-con e-parent\" data-id=\"6304ecb\" data-element_type=\"container\" data-e-type=\"container\">\n\t\t\t\t\t<div class=\"e-con-inner\">\n\t\t\t\t<div class=\"elementor-element elementor-element-1024e42 elementor-widget elementor-widget-heading\" data-id=\"1024e42\" data-element_type=\"widget\" data-e-type=\"widget\" data-widget_type=\"heading.default\">\n\t\t\t\t\t<h2 class=\"elementor-heading-title elementor-size-default\">Mauricio Aguilar, periodista deportivo y emprendedor guatemalteco, fusiona su pasi\u00f3n por las tradiciones mayas y los animales en Mayan Dog, una marca de chalecos t\u00edpicos para mascotas que destaca por su dise\u00f1o \u00fanico y conexi\u00f3n con la identidad cultural.<\/h2>\t\t\t\t<\/div>\n\t\t\t\t<div class=\"elementor-element elementor-element-cdca03c elementor-widget elementor-widget-html\" data-id=\"cdca03c\" data-element_type=\"widget\" data-e-type=\"widget\" data-widget_type=\"html.default\">\n\t\t\t\t\t<div id=\"buzzsprout-player-16468971\"><\/div><script src=\"https:\/\/www.buzzsprout.com\/2444168\/episodes\/16468971-emprendimiento-mayan-dog-chalecos-tipicos-para-mascotas-de-mauricio-aguilar-en-soymigrante-com.js?container_id=buzzsprout-player-16468971&player=small\" type=\"text\/javascript\" charset=\"utf-8\"><\/script>\t\t\t\t<\/div>\n\t\t\t\t\t<\/div>\n\t\t\t\t<\/div>\n\t\t<div data-particle_enable=\"false\" data-particle-mobile-disabled=\"false\" class=\"elementor-element elementor-element-5b9aced e-flex e-con-boxed e-con e-parent\" data-id=\"5b9aced\" data-element_type=\"container\" data-e-type=\"container\">\n\t\t\t\t\t<div class=\"e-con-inner\">\n\t\t\t\t<div class=\"elementor-element elementor-element-a2853fb elementor-widget elementor-widget-text-editor\" data-id=\"a2853fb\" data-element_type=\"widget\" data-e-type=\"widget\" data-widget_type=\"text-editor.default\">\n\t\t\t\t\t\t\t\t\t<p>Desde 2019, Mauricio Aguilar dise\u00f1a chalecos t\u00edpicos para perros bajo su marca Mayan Dog. Con telas tradicionales y un enfoque artesanal, busca que sus productos sean un puente entre la cultura guatemalteca y los migrantes en Estados Unidos que extra\u00f1an sus ra\u00edces.<\/p><p><span style=\"color: var( --e-global-color-text );text-align: var(--text-align)\">Mauricio, periodista deportivo desde 1996, recuerda c\u00f3mo inici\u00f3 este proyecto. \u201cSiempre me han gustado las cosas t\u00edpicas y los perros. Hice un chaleco para mis mascotas y me gust\u00f3 c\u00f3mo se ve\u00edan\u201d, relata. Ese primer dise\u00f1o no solo le encant\u00f3 a \u00e9l, sino tambi\u00e9n a quienes lo vieron, lo que lo impuls\u00f3 a emprender en esta nueva faceta.<\/span><\/p><p><a href=\"https:\/\/soymigrante.com\/mercado\/marketplace\/seller\/profile\/Mayandog\">La tienda digital Mayan Dog ya est\u00e1 abierta en SoyMigrante.com MERCADO,<\/a><span style=\"font-family: Roboto, sans-serif;font-size: 16px;font-style: normal;font-weight: 400\">\u00a0la comunidad en l\u00ednea creada para que emprendedores y compradores guatemaltecos se encuentren:\u00a0<\/span><a style=\"font-style: normal;font-weight: 400;font-size: 16px;font-family: Roboto, sans-serif\" href=\"https:\/\/soymigrante.com\/revista\/escritor-manuel-orantes-alvarez-confecciona-relatos-que-invitan-al-cambio\/\" target=\"_blank\" rel=\"noopener\">un proyecto activo, proactivo e innovador\u00a0<\/a><span style=\"font-family: Roboto, sans-serif;font-size: 16px;font-style: normal;font-weight: 400\">para peque\u00f1os negocios y creadores de productos elaborados a mano, detr\u00e1s de los cuales siempre hay una historia. Y esta es la historia de como naci\u00f3 este emprendimiento de Brenda Zelada junto a sus dos hijos.<\/span><\/p>\t\t\t\t\t\t\t\t<\/div>\n\t\t\t\t\t<\/div>\n\t\t\t\t<\/div>\n\t\t<div data-particle_enable=\"false\" data-particle-mobile-disabled=\"false\" class=\"elementor-element elementor-element-e4bd068 e-flex e-con-boxed e-con e-parent\" data-id=\"e4bd068\" data-element_type=\"container\" data-e-type=\"container\">\n\t\t\t\t\t<div class=\"e-con-inner\">\n\t\t\t\t<div class=\"elementor-element elementor-element-864e43d elementor-widget elementor-widget-image\" data-id=\"864e43d\" data-element_type=\"widget\" data-e-type=\"widget\" data-widget_type=\"image.default\">\n\t\t\t\t\t\t\t\t\t\t\t\t\t\t\t<img fetchpriority=\"high\" decoding=\"async\" width=\"768\" height=\"768\" src=\"https:\/\/soymigrante.com\/revista\/wp-content\/uploads\/2024\/12\/mayan-dog-5-1024x1024.jpg\" class=\"attachment-large size-large wp-image-17860\" alt=\"Perros disfrazados con tejidos tradicionales mexicanos en exposici\u00f3n cultural al aire libre.\" srcset=\"https:\/\/soymigrante.com\/revista\/wp-content\/uploads\/2024\/12\/mayan-dog-5-1024x1024.jpg 1024w, https:\/\/soymigrante.com\/revista\/wp-content\/uploads\/2024\/12\/mayan-dog-5-300x300.jpg 300w, https:\/\/soymigrante.com\/revista\/wp-content\/uploads\/2024\/12\/mayan-dog-5-150x150.jpg 150w, https:\/\/soymigrante.com\/revista\/wp-content\/uploads\/2024\/12\/mayan-dog-5-768x768.jpg 768w, https:\/\/soymigrante.com\/revista\/wp-content\/uploads\/2024\/12\/mayan-dog-5-75x75.webp 75w, https:\/\/soymigrante.com\/revista\/wp-content\/uploads\/2024\/12\/mayan-dog-5-750x750.webp 750w, https:\/\/soymigrante.com\/revista\/wp-content\/uploads\/2024\/12\/mayan-dog-5.webp 1080w\" sizes=\"(max-width: 768px) 100vw, 768px\" title=\"mayan dog 5 \u2013 SoyMigrante.com REVISTA\" \/>\t\t\t\t\t\t\t\t\t\t\t\t\t\t\t<\/div>\n\t\t\t\t\t<\/div>\n\t\t\t\t<\/div>\n\t\t<div data-particle_enable=\"false\" data-particle-mobile-disabled=\"false\" class=\"elementor-element elementor-element-fbd4658 e-flex e-con-boxed e-con e-parent\" data-id=\"fbd4658\" data-element_type=\"container\" data-e-type=\"container\">\n\t\t\t\t\t<div class=\"e-con-inner\">\n\t\t\t\t<div class=\"elementor-element elementor-element-74ad4c5 elementor-widget elementor-widget-heading\" data-id=\"74ad4c5\" data-element_type=\"widget\" data-e-type=\"widget\" data-widget_type=\"heading.default\">\n\t\t\t\t\t<h3 class=\"elementor-heading-title elementor-size-default\">Dise\u00f1os peculiares<\/h3>\t\t\t\t<\/div>\n\t\t\t\t\t<\/div>\n\t\t\t\t<\/div>\n\t\t<div data-particle_enable=\"false\" data-particle-mobile-disabled=\"false\" class=\"elementor-element elementor-element-0bedf04 e-flex e-con-boxed e-con e-parent\" data-id=\"0bedf04\" data-element_type=\"container\" data-e-type=\"container\">\n\t\t\t\t\t<div class=\"e-con-inner\">\n\t\t\t\t<div class=\"elementor-element elementor-element-c181a68 elementor-widget elementor-widget-text-editor\" data-id=\"c181a68\" data-element_type=\"widget\" data-e-type=\"widget\" data-widget_type=\"text-editor.default\">\n\t\t\t\t\t\t\t\t\t<p>Los chalecos de Mayan Dog est\u00e1n disponibles en siete tama\u00f1os, desde extra Small hasta extra Large, y se adaptan f\u00e1cilmente a cualquier raza gracias a su dise\u00f1o pr\u00e1ctico con cierres de velcro en el cuello y pecho. Mauricio colabora con artesanos locales para fabricar las prendas, eligiendo cuidadosamente las telas t\u00edpicas y los detalles que las distinguen. \u201cVoy con la gente que hace ropa t\u00edpica, compro las telas y el velcro, y luego los llevo con alguien que los elabora\u201d, explica.<\/p><p>El proceso de elaboraci\u00f3n puede tardar una semana, dependiendo del dise\u00f1o y los materiales. Cada chaleco lleva una etiqueta de tela o cart\u00f3n, reflejando la dedicaci\u00f3n puesta en cada pieza. Aunque las telas t\u00edpicas son costosas, Mauricio ofrece precios accesibles, pensando en quienes quieren vestir a sus mascotas con un toque especial que resalte<a style=\"text-align: var(--text-align)\" href=\"https:\/\/soymigrante.com\/revista\/diciembre-trae-rezados-danzas-y-tradiciones-guatemaltecas-que-encienden-nostalgia-migrante\/\" target=\"_blank\" rel=\"noopener\">las tradiciones guatemaltecas.<\/a><\/p>\t\t\t\t\t\t\t\t<\/div>\n\t\t\t\t\t<\/div>\n\t\t\t\t<\/div>\n\t\t<div data-particle_enable=\"false\" data-particle-mobile-disabled=\"false\" class=\"elementor-element elementor-element-84a9778 e-flex e-con-boxed e-con e-parent\" data-id=\"84a9778\" data-element_type=\"container\" data-e-type=\"container\">\n\t\t\t\t\t<div class=\"e-con-inner\">\n\t\t\t\t<div class=\"elementor-element elementor-element-03be01f elementor-widget elementor-widget-image\" data-id=\"03be01f\" data-element_type=\"widget\" data-e-type=\"widget\" data-widget_type=\"image.default\">\n\t\t\t\t\t\t\t\t\t\t\t\t\t\t\t\t<a href=\"https:\/\/soymigrante.com\/mercado\/marketplace\/seller\/profile\/Mayandog\">\n\t\t\t\t\t\t\t<img decoding=\"async\" width=\"768\" height=\"389\" src=\"https:\/\/soymigrante.com\/revista\/wp-content\/uploads\/2024\/12\/mayan-dog-1024x519.jpg\" class=\"attachment-large size-large wp-image-17856\" alt=\"MAYAN DOG producto de SoyMigrante.com, tienda en l\u00ednea de Guatemala especializada en art\u00edculos para mascotas y cultura maya para perros.\" srcset=\"https:\/\/soymigrante.com\/revista\/wp-content\/uploads\/2024\/12\/mayan-dog-1024x519.jpg 1024w, https:\/\/soymigrante.com\/revista\/wp-content\/uploads\/2024\/12\/mayan-dog-300x152.jpg 300w, https:\/\/soymigrante.com\/revista\/wp-content\/uploads\/2024\/12\/mayan-dog-768x389.jpg 768w, https:\/\/soymigrante.com\/revista\/wp-content\/uploads\/2024\/12\/mayan-dog-750x380.webp 750w, https:\/\/soymigrante.com\/revista\/wp-content\/uploads\/2024\/12\/mayan-dog-1140x578.webp 1140w, https:\/\/soymigrante.com\/revista\/wp-content\/uploads\/2024\/12\/mayan-dog.webp 1202w\" sizes=\"(max-width: 768px) 100vw, 768px\" title=\"mayan dog \u2013 SoyMigrante.com REVISTA\" \/>\t\t\t\t\t\t\t\t<\/a>\n\t\t\t\t\t\t\t\t\t\t\t\t\t\t\t<\/div>\n\t\t\t\t\t<\/div>\n\t\t\t\t<\/div>\n\t\t<div data-particle_enable=\"false\" data-particle-mobile-disabled=\"false\" class=\"elementor-element elementor-element-981f140 e-flex e-con-boxed e-con e-parent\" data-id=\"981f140\" data-element_type=\"container\" data-e-type=\"container\">\n\t\t\t\t\t<div class=\"e-con-inner\">\n\t\t\t\t<div class=\"elementor-element elementor-element-3aefbe9 elementor-widget elementor-widget-text-editor\" data-id=\"3aefbe9\" data-element_type=\"widget\" data-e-type=\"widget\" data-widget_type=\"text-editor.default\">\n\t\t\t\t\t\t\t\t\t<p>La misi\u00f3n de Mayan Dog no se limita al mercado local. Mauricio espera que, a trav\u00e9s de la plataforma SoyMigrante.com MERCADO, sus chalecos lleguen a migrantes en Estados Unidos. \u201cAl que le gusta Guatemala y\u00a0<a href=\"https:\/\/soymigrante.com\/revista\/tener-mascota-en-usa-no-es-cualquier-cosa-detalles-que-quiza-ya-sabias-o-tal-vez-no\/\" target=\"_blank\" rel=\"noopener\">quiere que su perro resalte por las tradiciones,<\/a>\u00a0Mayan Dog es la forma de hacerlo. Es una manera de conectar con nuestra identidad, sin importar d\u00f3nde estemos\u201d, se\u00f1ala.<\/p><p>El emprendimiento de Mauricio no solo viste a las mascotas, sino que tambi\u00e9n celebra la cultura guatemalteca y la lleva al mundo, recordando a todos los amantes de los animales que la tradici\u00f3n y el cari\u00f1o pueden ir de la mano.<\/p>\t\t\t\t\t\t\t\t<\/div>\n\t\t\t\t\t<\/div>\n\t\t\t\t<\/div>\n\t\t<div data-particle_enable=\"false\" data-particle-mobile-disabled=\"false\" class=\"elementor-element elementor-element-aa910a2 e-flex e-con-boxed e-con e-parent\" data-id=\"aa910a2\" data-element_type=\"container\" data-e-type=\"container\">\n\t\t\t\t\t<div class=\"e-con-inner\">\n\t\t\t\t<div class=\"elementor-element elementor-element-6b0406f elementor-arrows-position-inside elementor-pagination-position-outside elementor-widget elementor-widget-image-carousel\" data-id=\"6b0406f\" data-element_type=\"widget\" data-e-type=\"widget\" data-settings=\"{&quot;slides_to_show&quot;:&quot;1&quot;,&quot;navigation&quot;:&quot;both&quot;,&quot;autoplay&quot;:&quot;yes&quot;,&quot;pause_on_hover&quot;:&quot;yes&quot;,&quot;pause_on_interaction&quot;:&quot;yes&quot;,&quot;autoplay_speed&quot;:5000,&quot;infinite&quot;:&quot;yes&quot;,&quot;effect&quot;:&quot;slide&quot;,&quot;speed&quot;:500}\" data-widget_type=\"image-carousel.default\">\n\t\t\t\t\t\t\t<div class=\"elementor-image-carousel-wrapper swiper\" role=\"region\" aria-roledescription=\"carousel\" aria-label=\"Carrusel de im\u00e1genes\" dir=\"ltr\">\n\t\t\t<div class=\"elementor-image-carousel swiper-wrapper\" aria-live=\"off\">\n\t\t\t\t\t\t\t\t<div class=\"swiper-slide\" role=\"group\" aria-roledescription=\"slide\" aria-label=\"1 de 5\"><figure class=\"swiper-slide-inner\"><img decoding=\"async\" class=\"swiper-slide-image\" src=\"https:\/\/soymigrante.com\/revista\/wp-content\/uploads\/2024\/12\/Mayan-Dog-7-1024x1024.jpg\" alt=\"Perro con abrigo azul y rayas, en interior, en estilo urbano, mascota adorable, perro de compa\u00f1\u00eda, moda canina, imagen tierna.\" \/><\/figure><\/div><div class=\"swiper-slide\" role=\"group\" aria-roledescription=\"slide\" aria-label=\"2 de 5\"><figure class=\"swiper-slide-inner\"><img decoding=\"async\" class=\"swiper-slide-image\" src=\"https:\/\/soymigrante.com\/revista\/wp-content\/uploads\/2024\/12\/Mayan-dog-2-1024x1024.jpg\" alt=\"Perro mestizo con vestido tradicional de colores brillantes, recostado en un sof\u00e1 negro, en un ambiente acogedor y moderno.\" \/><\/figure><\/div><div class=\"swiper-slide\" role=\"group\" aria-roledescription=\"slide\" aria-label=\"3 de 5\"><figure class=\"swiper-slide-inner\"><img decoding=\"async\" class=\"swiper-slide-image\" src=\"https:\/\/soymigrante.com\/revista\/wp-content\/uploads\/2024\/12\/Mayan-dog-mercado-88-768x1024.jpg\" alt=\"Perro mestizo con sonrisa, vistiendo un abrigo azul con patrones, en interior de restaurante o cafeter\u00eda con suelo de madera, s\u00edmbolo de alegr\u00eda y amistad para migrantes y expatriados.\" \/><\/figure><\/div><div class=\"swiper-slide\" role=\"group\" aria-roledescription=\"slide\" aria-label=\"4 de 5\"><figure class=\"swiper-slide-inner\"><img decoding=\"async\" class=\"swiper-slide-image\" src=\"https:\/\/soymigrante.com\/revista\/wp-content\/uploads\/2024\/12\/mayan-dog-4-883x1024.jpg\" alt=\"Perro con disfraz de mariachi, sentado en una alfombra, con sof\u00e1 de cuero en el fondo, en un ambiente hogare\u00f1o.\" \/><\/figure><\/div><div class=\"swiper-slide\" role=\"group\" aria-roledescription=\"slide\" aria-label=\"5 de 5\"><figure class=\"swiper-slide-inner\"><img decoding=\"async\" class=\"swiper-slide-image\" src=\"https:\/\/soymigrante.com\/revista\/wp-content\/uploads\/2024\/12\/Mayan-dog-3-1024x1018.jpg\" alt=\"Perro mestizo con bandana roja, mascota adorable en apartamento, imagen de animales de compa\u00f1\u00eda para revista sobre migrantes y comunidad.\" \/><\/figure><\/div>\t\t\t<\/div>\n\t\t\t\t\t\t\t\t\t\t\t\t<div class=\"elementor-swiper-button elementor-swiper-button-prev\" role=\"button\" tabindex=\"0\">\n\t\t\t\t\t\t<i aria-hidden=\"true\" class=\"eicon-chevron-left\"><\/i>\t\t\t\t\t<\/div>\n\t\t\t\t\t<div class=\"elementor-swiper-button elementor-swiper-button-next\" role=\"button\" tabindex=\"0\">\n\t\t\t\t\t\t<i aria-hidden=\"true\" class=\"eicon-chevron-right\"><\/i>\t\t\t\t\t<\/div>\n\t\t\t\t\n\t\t\t\t\t\t\t\t\t<div class=\"swiper-pagination\"><\/div>\n\t\t\t\t\t\t\t\t\t<\/div>\n\t\t\t\t\t\t<\/div>\n\t\t\t\t\t<\/div>\n\t\t\t\t<\/div>\n\t\t<div data-particle_enable=\"false\" data-particle-mobile-disabled=\"false\" class=\"elementor-element elementor-element-4a1d5c5 e-flex e-con-boxed e-con e-parent\" data-id=\"4a1d5c5\" data-element_type=\"container\" data-e-type=\"container\">\n\t\t\t\t\t<div class=\"e-con-inner\">\n\t\t\t\t<div class=\"elementor-element elementor-element-554c5ef elementor-widget elementor-widget-heading\" data-id=\"554c5ef\" data-element_type=\"widget\" data-e-type=\"widget\" data-widget_type=\"heading.default\">\n\t\t\t\t\t<h2 class=\"elementor-heading-title elementor-size-default\">Apoya a estos emprendedores chapines<\/h2>\t\t\t\t<\/div>\n\t\t\t\t\t<\/div>\n\t\t\t\t<\/div>\n\t\t<div data-particle_enable=\"false\" data-particle-mobile-disabled=\"false\" class=\"elementor-element elementor-element-9b16779 e-flex e-con-boxed e-con e-parent\" data-id=\"9b16779\" data-element_type=\"container\" data-e-type=\"container\">\n\t\t\t\t\t<div class=\"e-con-inner\">\n\t\t\t\t<div class=\"elementor-element elementor-element-eb2028e elementor-grid-eael-col-3 elementor-grid-tablet-eael-col-2 elementor-grid-mobile-eael-col-1 elementor-widget elementor-widget-eael-post-grid\" data-id=\"eb2028e\" data-element_type=\"widget\" data-e-type=\"widget\" data-settings=\"{&quot;eael_post_grid_columns&quot;:&quot;eael-col-3&quot;,&quot;eael_post_grid_columns_tablet&quot;:&quot;eael-col-2&quot;,&quot;eael_post_grid_columns_mobile&quot;:&quot;eael-col-1&quot;}\" data-widget_type=\"eael-post-grid.default\">\n\t\t\t\t\t<div id=\"eael-post-grid-eb2028e\" class=\"eael-post-grid-container\">\n            <div class=\"eael-post-grid eael-post-appender eael-post-appender-eb2028e eael-post-grid-style-one\" data-layout-mode=\"masonry\"><article class=\"eael-grid-post  eael-post-grid-column eael-pg-post-16441 category-guate-nuestra tags-mercado-emprendedores\" data-id=\"16441\">\n        <div class=\"eael-grid-post-holder\">\n            <div class=\"eael-grid-post-holder-inner\"><div class=\"eael-entry-media\"><div class=\"eael-entry-overlay fade-in\"><i class=\"far fa-hand-pointer\" aria-hidden=\"true\"><\/i><a href=\"https:\/\/soymigrante.com\/revista\/candeleria-san-miguel-un-legado-familiar-iluminado-por-la-devocion\/\"><\/a><\/div><div class=\"eael-entry-thumbnail \">\n                <img decoding=\"async\" width=\"829\" height=\"829\" src=\"https:\/\/soymigrante.com\/revista\/wp-content\/uploads\/2024\/12\/CANDELERIA-SAN-MIGUEL-8.webp\" class=\"attachment-large size-large wp-image-16492\" alt=\"Exposici\u00f3n de velas artesanales en un puesto de mercado, mostrando la variedad de colores y dise\u00f1os, en un contexto de comunidad migrante en M\u00e9xico.\" srcset=\"https:\/\/soymigrante.com\/revista\/wp-content\/uploads\/2024\/12\/CANDELERIA-SAN-MIGUEL-8.webp 829w, https:\/\/soymigrante.com\/revista\/wp-content\/uploads\/2024\/12\/CANDELERIA-SAN-MIGUEL-8-300x300.jpeg 300w, https:\/\/soymigrante.com\/revista\/wp-content\/uploads\/2024\/12\/CANDELERIA-SAN-MIGUEL-8-150x150.jpeg 150w, https:\/\/soymigrante.com\/revista\/wp-content\/uploads\/2024\/12\/CANDELERIA-SAN-MIGUEL-8-768x768.jpeg 768w, https:\/\/soymigrante.com\/revista\/wp-content\/uploads\/2024\/12\/CANDELERIA-SAN-MIGUEL-8-75x75.webp 75w, https:\/\/soymigrante.com\/revista\/wp-content\/uploads\/2024\/12\/CANDELERIA-SAN-MIGUEL-8-750x750.webp 750w\" sizes=\"(max-width: 829px) 100vw, 829px\" \/>\n            <\/div>\n        <\/div><div class=\"eael-entry-wrapper\"><header class=\"eael-entry-header\"><h2 class=\"eael-entry-title\"><a class=\"eael-grid-post-link\" href=\"https:\/\/soymigrante.com\/revista\/candeleria-san-miguel-un-legado-familiar-iluminado-por-la-devocion\/\" title=\"Candeler\u00eda San Miguel: Un legado  familiar de amor y trabajo iluminado por la devoci\u00f3n\">Candeler\u00eda San Miguel: Un legado  familiar de amor y trabajo iluminado por la devoci\u00f3n<\/a><\/h2><\/header><div class=\"eael-entry-content\">\n                        <div class=\"eael-grid-post-excerpt\"><a href=\"https:\/\/soymigrante.com\/revista\/candeleria-san-miguel-un-legado-familiar-iluminado-por-la-devocion\/\" class=\"eael-post-elements-readmore-btn\">CONOCE SU HISTORIA <\/a><\/div>\n                    <\/div><\/div><\/div>\n        <\/div>\n    <\/article><article class=\"eael-grid-post  eael-post-grid-column eael-pg-post-15424 category-guate-nuestra tags-mercado-emprendedores\" data-id=\"15424\">\n        <div class=\"eael-grid-post-holder\">\n            <div class=\"eael-grid-post-holder-inner\"><div class=\"eael-entry-media\"><div class=\"eael-entry-overlay fade-in\"><i class=\"far fa-hand-pointer\" aria-hidden=\"true\"><\/i><a href=\"https:\/\/soymigrante.com\/revista\/un-gran-sueno-en-coban-lleno-de-imaginacion-munecas-y-amor-por-la-cultura-maya-qeqchi\/\"><\/a><\/div><div class=\"eael-entry-thumbnail \">\n                <img loading=\"lazy\" decoding=\"async\" width=\"685\" height=\"685\" src=\"https:\/\/soymigrante.com\/revista\/wp-content\/uploads\/2024\/12\/munecas-emprendimiento-2.webp\" class=\"attachment-large size-large wp-image-16055\" alt=\"Diversidad cultural en celebraci\u00f3n, figura de mu\u00f1ecos de pareja con trajes tradicionales, representaci\u00f3n art\u00edstica de migrantes en la Revista SoyMigrante, enfatizando la integraci\u00f3n y cultura latinoamericana.\" srcset=\"https:\/\/soymigrante.com\/revista\/wp-content\/uploads\/2024\/12\/munecas-emprendimiento-2.webp 685w, https:\/\/soymigrante.com\/revista\/wp-content\/uploads\/2024\/12\/munecas-emprendimiento-2-300x300.jpg 300w, https:\/\/soymigrante.com\/revista\/wp-content\/uploads\/2024\/12\/munecas-emprendimiento-2-150x150.jpg 150w, https:\/\/soymigrante.com\/revista\/wp-content\/uploads\/2024\/12\/munecas-emprendimiento-2-75x75.webp 75w\" sizes=\"(max-width: 685px) 100vw, 685px\" \/>\n            <\/div>\n        <\/div><div class=\"eael-entry-wrapper\"><header class=\"eael-entry-header\"><h2 class=\"eael-entry-title\"><a class=\"eael-grid-post-link\" href=\"https:\/\/soymigrante.com\/revista\/un-gran-sueno-en-coban-lleno-de-imaginacion-munecas-y-amor-por-la-cultura-maya-qeqchi\/\" title=\"Un gran sue\u00f1o lleno de mu\u00f1ecas, creatividad y amor por la cultura q&#8217;eqchi&#8217; llega a MERCADO\">Un gran sue\u00f1o lleno de mu\u00f1ecas, creatividad y amor por la cultura q&#8217;eqchi&#8217; llega a MERCADO<\/a><\/h2><\/header><div class=\"eael-entry-content\">\n                        <div class=\"eael-grid-post-excerpt\"><a href=\"https:\/\/soymigrante.com\/revista\/un-gran-sueno-en-coban-lleno-de-imaginacion-munecas-y-amor-por-la-cultura-maya-qeqchi\/\" class=\"eael-post-elements-readmore-btn\">CONOCE SU HISTORIA <\/a><\/div>\n                    <\/div><\/div><\/div>\n        <\/div>\n    <\/article><article class=\"eael-grid-post  eael-post-grid-column eael-pg-post-11002 category-guate-nuestra tags-mercado-emprendedores\" data-id=\"11002\">\n        <div class=\"eael-grid-post-holder\">\n            <div class=\"eael-grid-post-holder-inner\"><div class=\"eael-entry-media\"><div class=\"eael-entry-overlay fade-in\"><i class=\"far fa-hand-pointer\" aria-hidden=\"true\"><\/i><a href=\"https:\/\/soymigrante.com\/revista\/alumin-art-128-crea-pistas-de-formula-1-orquestas-o-procesiones-mini-a-base-de-alambre\/\"><\/a><\/div><div class=\"eael-entry-thumbnail \">\n                <img loading=\"lazy\" decoding=\"async\" width=\"440\" height=\"440\" src=\"https:\/\/soymigrante.com\/revista\/wp-content\/uploads\/2024\/10\/alambre-piezas-10-1.webp\" class=\"attachment-large size-large wp-image-11035\" alt=\"Creador de arte con latas recicladas de colores y musicalina que forma a un personaje con guitarra y nombre Marely, promoviendo la creatividad y el reciclaje en la comunidad migrante.\" srcset=\"https:\/\/soymigrante.com\/revista\/wp-content\/uploads\/2024\/10\/alambre-piezas-10-1.webp 440w, https:\/\/soymigrante.com\/revista\/wp-content\/uploads\/2024\/10\/alambre-piezas-10-1-300x300.webp 300w, https:\/\/soymigrante.com\/revista\/wp-content\/uploads\/2024\/10\/alambre-piezas-10-1-150x150.webp 150w, https:\/\/soymigrante.com\/revista\/wp-content\/uploads\/2024\/10\/alambre-piezas-10-1-75x75.webp 75w\" sizes=\"(max-width: 440px) 100vw, 440px\" \/>\n            <\/div>\n        <\/div><div class=\"eael-entry-wrapper\"><header class=\"eael-entry-header\"><h2 class=\"eael-entry-title\"><a class=\"eael-grid-post-link\" href=\"https:\/\/soymigrante.com\/revista\/alumin-art-128-crea-pistas-de-formula-1-orquestas-o-procesiones-mini-a-base-de-alambre\/\" title=\"Alumin-Art transforma el alambre en creativas figuras y recuerdos con nombre\">Alumin-Art transforma el alambre en creativas figuras y recuerdos con nombre<\/a><\/h2><\/header><div class=\"eael-entry-content\">\n                        <div class=\"eael-grid-post-excerpt\"><a href=\"https:\/\/soymigrante.com\/revista\/alumin-art-128-crea-pistas-de-formula-1-orquestas-o-procesiones-mini-a-base-de-alambre\/\" class=\"eael-post-elements-readmore-btn\">CONOCE SU HISTORIA <\/a><\/div>\n                    <\/div><\/div><\/div>\n        <\/div>\n    <\/article><\/div>\n            <div class=\"clearfix\"><\/div>\n        <\/div>\t\t\t\t<\/div>\n\t\t\t\t\t<\/div>\n\t\t\t\t<\/div>\n\t\t\t\t<\/div>\n\t\t","protected":false},"excerpt":{"rendered":"<p>Mauricio Aguilar, periodista deportivo y emprendedor guatemalteco, fusiona su pasi\u00f3n por las tradiciones mayas y los animales en Mayan Dog, una marca de chalecos t\u00edpicos para mascotas que destaca por su dise\u00f1o \u00fanico y conexi\u00f3n con la identidad cultural. Desde 2019, Mauricio Aguilar dise\u00f1a chalecos t\u00edpicos para perros bajo su marca Mayan Dog. Con telas [&hellip;]<\/p>\n","protected":false},"author":23,"featured_media":17879,"comment_status":"open","ping_status":"open","sticky":false,"template":"","format":"standard","meta":{"_acf_changed":false,"_eb_attr":"","footnotes":""},"categories":[58],"tags":[130],"class_list":["post-17848","post","type-post","status-publish","format-standard","has-post-thumbnail","hentry","category-guate-nuestra","tag-mercado-emprendedores"],"acf":[],"aioseo_notices":[],"aioseo_head":"\n\t\t<!-- All in One SEO Pro 4.9.6.2 - aioseo.com -->\n\t<meta name=\"description\" content=\"Cada pieza de Alumin-Art tiene el sello creativo de Juan Antonio Escobar Larios: un artista cuyo medio de expresi\u00f3n es alambre, convertido en fant\u00e1sticas figuras\" \/>\n\t<meta name=\"robots\" content=\"max-snippet:-1, max-image-preview:large, max-video-preview:-1\" \/>\n\t<meta name=\"author\" content=\"Beatriz Tercero\"\/>\n\t<link rel=\"canonical\" href=\"https:\/\/soymigrante.com\/revista\/alumin-art-128-crea-pistas-de-formula-1-orquestas-o-procesiones-mini-a-base-de-alambre\/\" \/>\n\t<meta name=\"generator\" content=\"All in One SEO Pro (AIOSEO) 4.9.6.2\" \/>\n\n\t\t<link rel=\"preconnect\" href=\"https:\/\/fonts.googleapis.com\" crossorigin>\n<link rel=\"preconnect\" href=\"https:\/\/fonts.gstatic.com\" crossorigin>\n\t\t<meta property=\"og:locale\" content=\"es_ES\" \/>\n\t\t<meta property=\"og:site_name\" content=\"SoyMigrante.com REVISTA \u2013 Nuestra misi\u00f3n es reconocer y dignificar al migrante.\" \/>\n\t\t<meta property=\"og:type\" content=\"article\" \/>\n\t\t<meta property=\"og:title\" content=\"Alumin-Art crea creativas figuras a base de alambre\" \/>\n\t\t<meta property=\"og:description\" content=\"Cada pieza de Alumin-Art tiene el sello creativo de Juan Antonio Escobar Larios: un artista cuyo medio de expresi\u00f3n es alambre, convertido en fant\u00e1sticas figuras\" \/>\n\t\t<meta property=\"og:url\" content=\"https:\/\/soymigrante.com\/revista\/alumin-art-128-crea-pistas-de-formula-1-orquestas-o-procesiones-mini-a-base-de-alambre\/\" \/>\n\t\t<meta property=\"og:image\" content=\"https:\/\/soymigrante.com\/revista\/wp-content\/uploads\/2024\/10\/alambre-piezas-10-1.webp\" \/>\n\t\t<meta property=\"og:image:secure_url\" content=\"https:\/\/soymigrante.com\/revista\/wp-content\/uploads\/2024\/10\/alambre-piezas-10-1.webp\" \/>\n\t\t<meta property=\"og:image:width\" content=\"440\" \/>\n\t\t<meta property=\"og:image:height\" content=\"440\" \/>\n\t\t<meta property=\"article:published_time\" content=\"2024-11-14T14:03:47+00:00\" \/>\n\t\t<meta property=\"article:modified_time\" content=\"2024-11-26T00:35:24+00:00\" \/>\n\t\t<meta property=\"article:publisher\" content=\"https:\/\/www.facebook.com\/soymigrantecom\" \/>\n\t\t<meta name=\"twitter:card\" content=\"summary_large_image\" \/>\n\t\t<meta name=\"twitter:site\" content=\"@SoyMigrante_com\" \/>\n\t\t<meta name=\"twitter:title\" content=\"Alumin-Art crea creativas figuras a base de alambre\" \/>\n\t\t<meta name=\"twitter:description\" content=\"Cada pieza de Alumin-Art tiene el sello creativo de Juan Antonio Escobar Larios: un artista cuyo medio de expresi\u00f3n es alambre, convertido en fant\u00e1sticas figuras\" \/>\n\t\t<meta name=\"twitter:creator\" content=\"@SoyMigrante_com\" \/>\n\t\t<meta name=\"twitter:image\" content=\"https:\/\/soymigrante.com\/revista\/wp-content\/uploads\/2024\/10\/alambre-piezas-10-1.webp\" \/>\n\t\t<!-- All in One SEO Pro -->\r\n\t\t<title>Alumin-Art crea creativas figuras a base de alambre<\/title>\n\n","aioseo_head_json":{"title":"Alumin-Art crea creativas figuras a base de alambre","description":"Cada pieza de Alumin-Art tiene el sello creativo de Juan Antonio Escobar Larios: un artista cuyo medio de expresi\u00f3n es alambre, convertido en fant\u00e1sticas figuras","canonical_url":"https:\/\/soymigrante.com\/revista\/alumin-art-128-crea-pistas-de-formula-1-orquestas-o-procesiones-mini-a-base-de-alambre\/","robots":"max-snippet:-1, max-image-preview:large, max-video-preview:-1","keywords":"","webmasterTools":{"miscellaneous":"&lt;link rel=\"preconnect\" href=\"https:\/\/fonts.googleapis.com\" crossorigin&gt;\n&lt;link rel=\"preconnect\" href=\"https:\/\/fonts.gstatic.com\" crossorigin&gt;"},"schema":null,"og:locale":"es_ES","og:site_name":"SoyMigrante.com REVISTA \u2013 Nuestra misi\u00f3n es reconocer y dignificar al migrante.","og:type":"article","og:title":"Alumin-Art crea creativas figuras a base de alambre","og:description":"Cada pieza de Alumin-Art tiene el sello creativo de Juan Antonio Escobar Larios: un artista cuyo medio de expresi\u00f3n es alambre, convertido en fant\u00e1sticas figuras","og:url":"https:\/\/soymigrante.com\/revista\/alumin-art-128-crea-pistas-de-formula-1-orquestas-o-procesiones-mini-a-base-de-alambre\/","og:image":"https:\/\/soymigrante.com\/revista\/wp-content\/uploads\/2024\/10\/alambre-piezas-10-1.webp","og:image:secure_url":"https:\/\/soymigrante.com\/revista\/wp-content\/uploads\/2024\/10\/alambre-piezas-10-1.webp","og:image:width":440,"og:image:height":440,"article:published_time":"2024-11-14T14:03:47+00:00","article:modified_time":"2024-11-26T00:35:24+00:00","article:publisher":"https:\/\/www.facebook.com\/soymigrantecom","twitter:card":"summary_large_image","twitter:site":"@SoyMigrante_com","twitter:title":"Alumin-Art crea creativas figuras a base de alambre","twitter:description":"Cada pieza de Alumin-Art tiene el sello creativo de Juan Antonio Escobar Larios: un artista cuyo medio de expresi\u00f3n es alambre, convertido en fant\u00e1sticas figuras","twitter:creator":"@SoyMigrante_com","twitter:image":"https:\/\/soymigrante.com\/revista\/wp-content\/uploads\/2024\/10\/alambre-piezas-10-1.webp"},"aioseo_meta_data":{"post_id":"17848","title":"Mayan Dog: un negocio que combina amor por las mascotas","description":"Desde 2019, Mauricio Aguilar dise\u00f1a chalecos t\u00edpicos para perros bajo su marca Mayan Dog, la cual ya cruza fronteras y genera oportunidades laborales textiles.","keywords":null,"keyphrases":{"focus":{"keyphrase":"Mayan Dog","score":100,"analysis":{"keyphraseInTitle":{"score":9,"maxScore":9,"error":0},"keyphraseInDescription":{"score":9,"maxScore":9,"error":0},"keyphraseLength":{"score":9,"maxScore":9,"error":0,"length":2},"keyphraseInURL":{"score":5,"maxScore":5,"error":0},"keyphraseInIntroduction":{"score":9,"maxScore":9,"error":0},"keyphraseInSubHeadings":{"score":9,"maxScore":9,"error":0},"keyphraseInImageAlt":{"score":9,"maxScore":9,"error":0},"keywordDensity":{"type":"best","score":9,"maxScore":9,"error":0}}},"additional":[{"keyphrase":"emprendimiento","score":40,"analysis":{"keyphraseInDescription":{"score":3,"maxScore":9,"error":1},"keyphraseLength":{"score":9,"maxScore":9,"error":0,"length":1},"keyphraseInIntroduction":{"score":3,"maxScore":9,"error":1},"keyphraseInImageAlt":{"score":3,"maxScore":9,"error":1},"keywordDensity":{"score":0,"type":"low","maxScore":9,"error":1}}},{"keyphrase":"tradiciones","score":60,"analysis":{"keyphraseInDescription":{"score":3,"maxScore":9,"error":1},"keyphraseLength":{"score":9,"maxScore":9,"error":0,"length":1},"keyphraseInIntroduction":{"score":3,"maxScore":9,"error":1},"keyphraseInImageAlt":{"score":3,"maxScore":9,"error":1},"keywordDensity":{"type":"best","score":9,"maxScore":9,"error":0}}},{"keyphrase":"mascotas","score":60,"analysis":{"keyphraseInDescription":{"score":3,"maxScore":9,"error":1},"keyphraseLength":{"score":9,"maxScore":9,"error":0,"length":1},"keyphraseInIntroduction":{"score":3,"maxScore":9,"error":1},"keyphraseInImageAlt":{"score":3,"maxScore":9,"error":1},"keywordDensity":{"type":"best","score":9,"maxScore":9,"error":0}}},{"keyphrase":"Mercado","score":60,"analysis":{"keyphraseInDescription":{"score":3,"maxScore":9,"error":1},"keyphraseLength":{"score":9,"maxScore":9,"error":0,"length":1},"keyphraseInIntroduction":{"score":3,"maxScore":9,"error":1},"keyphraseInImageAlt":{"score":3,"maxScore":9,"error":1},"keywordDensity":{"type":"best","score":9,"maxScore":9,"error":0}}},{"keyphrase":"soymigrante.com","score":40,"analysis":{"keyphraseInDescription":{"score":3,"maxScore":9,"error":1},"keyphraseLength":{"score":9,"maxScore":9,"error":0,"length":1},"keyphraseInIntroduction":{"score":3,"maxScore":9,"error":1},"keyphraseInImageAlt":{"score":3,"maxScore":9,"error":1},"keywordDensity":{"score":0,"type":"low","maxScore":9,"error":1}}}]},"primary_term":null,"canonical_url":null,"og_title":null,"og_description":null,"og_object_type":"default","og_image_type":"default","og_image_url":null,"og_image_width":null,"og_image_height":null,"og_image_custom_url":null,"og_image_custom_fields":null,"og_video":"","og_custom_url":null,"og_article_section":null,"og_article_tags":null,"twitter_use_og":false,"twitter_card":"default","twitter_image_type":"default","twitter_image_url":null,"twitter_image_custom_url":null,"twitter_image_custom_fields":null,"twitter_title":null,"twitter_description":null,"schema":{"blockGraphs":[],"customGraphs":[],"default":{"data":{"Article":[],"Course":[],"Dataset":[],"FAQPage":[],"Movie":[],"Person":[],"Product":[],"ProductReview":[],"Car":[],"Recipe":[],"Service":[],"SoftwareApplication":[],"WebPage":[]},"graphName":"BlogPosting","isEnabled":true},"graphs":[]},"schema_type":"default","schema_type_options":null,"pillar_content":false,"robots_default":true,"robots_noindex":false,"robots_noarchive":false,"robots_nosnippet":false,"robots_nofollow":false,"robots_noimageindex":false,"robots_noodp":false,"robots_notranslate":false,"robots_max_snippet":"-1","robots_max_videopreview":"-1","robots_max_imagepreview":"large","priority":null,"frequency":"default","local_seo":null,"seo_analyzer_scan_date":"2025-10-09 01:15:13","breadcrumb_settings":null,"limit_modified_date":false,"reviewed_by":null,"open_ai":"{\"title\":{\"suggestions\":[],\"usage\":0},\"description\":{\"suggestions\":[],\"usage\":0}}","ai":null,"created":"2024-12-23 21:44:14","updated":"2026-02-04 18:33:31"},"aioseo_breadcrumb":"<div class=\"aioseo-breadcrumbs\"><span class=\"aioseo-breadcrumb\">\n\t<a href=\"https:\/\/soymigrante.com\/revista\" title=\"Home\">Home<\/a>\n<\/span><span class=\"aioseo-breadcrumb-separator\">\u00bb<\/span><span class=\"aioseo-breadcrumb\">\n\t<a href=\"https:\/\/soymigrante.com\/revista\/category\/guate-nuestra\/\" title=\"Guate Nuestra\">Guate Nuestra<\/a>\n<\/span><span class=\"aioseo-breadcrumb-separator\">\u00bb<\/span><span class=\"aioseo-breadcrumb\">\n\tEmprendimiento Mayan Dog: Cuando el cari\u00f1o por tu mascota se encuentra con la creatividad textil\n<\/span><\/div>","aioseo_breadcrumb_json":[{"label":"Home","link":"https:\/\/soymigrante.com\/revista"},{"label":"Guate Nuestra","link":"https:\/\/soymigrante.com\/revista\/category\/guate-nuestra\/"},{"label":"Emprendimiento Mayan Dog: Cuando el cari\u00f1o por tu mascota se encuentra con la creatividad textil","link":"https:\/\/soymigrante.com\/revista\/mayan-dog-cuando-el-carino-por-tu-mascota-se-encuentra-con-la-tradicion-textil\/"}],"_links":{"self":[{"href":"https:\/\/soymigrante.com\/revista\/wp-json\/wp\/v2\/posts\/17848","targetHints":{"allow":["GET"]}}],"collection":[{"href":"https:\/\/soymigrante.com\/revista\/wp-json\/wp\/v2\/posts"}],"about":[{"href":"https:\/\/soymigrante.com\/revista\/wp-json\/wp\/v2\/types\/post"}],"author":[{"embeddable":true,"href":"https:\/\/soymigrante.com\/revista\/wp-json\/wp\/v2\/users\/23"}],"replies":[{"embeddable":true,"href":"https:\/\/soymigrante.com\/revista\/wp-json\/wp\/v2\/comments?post=17848"}],"version-history":[{"count":0,"href":"https:\/\/soymigrante.com\/revista\/wp-json\/wp\/v2\/posts\/17848\/revisions"}],"wp:featuredmedia":[{"embeddable":true,"href":"https:\/\/soymigrante.com\/revista\/wp-json\/wp\/v2\/media\/17879"}],"wp:attachment":[{"href":"https:\/\/soymigrante.com\/revista\/wp-json\/wp\/v2\/media?parent=17848"}],"wp:term":[{"taxonomy":"category","embeddable":true,"href":"https:\/\/soymigrante.com\/revista\/wp-json\/wp\/v2\/categories?post=17848"},{"taxonomy":"post_tag","embeddable":true,"href":"https:\/\/soymigrante.com\/revista\/wp-json\/wp\/v2\/tags?post=17848"}],"curies":[{"name":"wp","href":"https:\/\/api.w.org\/{rel}","templated":true}]}}