{"id":17805,"date":"2024-12-26T08:49:45","date_gmt":"2024-12-26T14:49:45","guid":{"rendered":"https:\/\/soymigrante.com\/revista\/?p=17805"},"modified":"2025-04-30T16:06:56","modified_gmt":"2025-04-30T22:06:56","slug":"rosasyg-un-emprendimiento-de-acatenango-que-convierte-la-tradicion-en-arte-con-sus-carteras-y-canastas","status":"publish","type":"post","link":"https:\/\/soymigrante.com\/revista\/rosasyg-un-emprendimiento-de-acatenango-que-convierte-la-tradicion-en-arte-con-sus-carteras-y-canastas\/","title":{"rendered":"Rosa&#8217;syG, un emprendimiento de Acatenango que convierte la tradici\u00f3n en arte con sus carteras y canastas"},"content":{"rendered":"\t\t<div data-elementor-type=\"wp-post\" data-elementor-id=\"17805\" class=\"elementor elementor-17805\" data-elementor-post-type=\"post\">\n\t\t\t\t<div data-particle_enable=\"false\" data-particle-mobile-disabled=\"false\" class=\"elementor-element elementor-element-2c7f4a2 e-flex e-con-boxed e-con e-parent\" data-id=\"2c7f4a2\" data-element_type=\"container\" data-e-type=\"container\">\n\t\t\t\t\t<div class=\"e-con-inner\">\n\t\t\t\t<div class=\"elementor-element elementor-element-cc6eccf elementor-widget elementor-widget-heading\" data-id=\"cc6eccf\" data-element_type=\"widget\" data-e-type=\"widget\" data-widget_type=\"heading.default\">\n\t\t\t\t\t<h2 class=\"elementor-heading-title elementor-size-default\">Rosa Mar\u00eda Turcios transform\u00f3 su talento artesanal en un negocio prometedor: Rosa'syG. Desde canastas hasta elegantes carteras hechas a mano, su iniciativa resalta el valor del trabajo creativo y comunitario. Conoce el emprenidimiento en SoyMigrante.com MERCADO<\/h2>\t\t\t\t<\/div>\n\t\t\t\t\t<\/div>\n\t\t\t\t<\/div>\n\t\t<div data-particle_enable=\"false\" data-particle-mobile-disabled=\"false\" class=\"elementor-element elementor-element-7b4a63e e-flex e-con-boxed e-con e-parent\" data-id=\"7b4a63e\" data-element_type=\"container\" data-e-type=\"container\">\n\t\t\t\t\t<div class=\"e-con-inner\">\n\t\t\t\t<div class=\"elementor-element elementor-element-191190b elementor-widget elementor-widget-text-editor\" data-id=\"191190b\" data-element_type=\"widget\" data-e-type=\"widget\" data-widget_type=\"text-editor.default\">\n\t\t\t\t\t\t\t\t\t<p>Rosa Mar\u00eda Turcios, una madre emprendedora de Acatenango, convirti\u00f3 un curso municipal de elaboraci\u00f3n de canastas en la base de un negocio artesanal que fusiona tradici\u00f3n y estilo. Hoy, sus carteras hechas a mano destacan por su calidad y dise\u00f1o \u00fanico, conquistando a clientes locales y promoviendo el valor del comercio comunitario.<\/p>\n<p><span style=\"color: var( --e-global-color-text ); text-align: var(--text-align);\"><a href=\"https:\/\/soymigrante.com\/mercado\/marketplace\/seller\/profile\/rosasyg\">La tienda digital Rosa&#8217;syG ya est\u00e1 abierta en SoyMigrante.com MERCADO,<\/a> la comunidad en l\u00ednea creada para que emprendedores y compradores guatemaltecos se encuentren: un proyecto activo, proactivo e innovador para peque\u00f1os negocios y creadores de productos elaborados a mano, detr\u00e1s de las cuales siempre hay una historia.<\/span><\/p>\t\t\t\t\t\t\t\t<\/div>\n\t\t\t\t\t<\/div>\n\t\t\t\t<\/div>\n\t\t<div data-particle_enable=\"false\" data-particle-mobile-disabled=\"false\" class=\"elementor-element elementor-element-7469d0c e-flex e-con-boxed e-con e-parent\" data-id=\"7469d0c\" data-element_type=\"container\" data-e-type=\"container\">\n\t\t\t\t\t<div class=\"e-con-inner\">\n\t\t\t\t<div class=\"elementor-element elementor-element-35f1a73 elementor-widget elementor-widget-image\" data-id=\"35f1a73\" data-element_type=\"widget\" data-e-type=\"widget\" data-widget_type=\"image.default\">\n\t\t\t\t\t\t\t\t\t\t\t\t\t\t\t<img fetchpriority=\"high\" decoding=\"async\" width=\"741\" height=\"431\" src=\"https:\/\/soymigrante.com\/revista\/wp-content\/uploads\/2024\/12\/rosa-mercado.webp\" class=\"attachment-large size-large wp-image-17832\" alt=\"Bolsos artesanales de colores y dise\u00f1os \u00fanicos, ideales para complementar tu estilo y apoyar el talento de los migrantes en Am\u00e9rica Latina.\" srcset=\"https:\/\/soymigrante.com\/revista\/wp-content\/uploads\/2024\/12\/rosa-mercado.webp 741w, https:\/\/soymigrante.com\/revista\/wp-content\/uploads\/2024\/12\/rosa-mercado-300x174.jpg 300w\" sizes=\"(max-width: 741px) 100vw, 741px\" title=\"rosa mercado \u2013 SoyMigrante.com REVISTA\" \/>\t\t\t\t\t\t\t\t\t\t\t\t\t\t\t<\/div>\n\t\t\t\t\t<\/div>\n\t\t\t\t<\/div>\n\t\t<div data-particle_enable=\"false\" data-particle-mobile-disabled=\"false\" class=\"elementor-element elementor-element-98adc6a e-flex e-con-boxed e-con e-parent\" data-id=\"98adc6a\" data-element_type=\"container\" data-e-type=\"container\">\n\t\t\t\t\t<div class=\"e-con-inner\">\n\t\t\t\t<div class=\"elementor-element elementor-element-0d0fc03 elementor-widget elementor-widget-heading\" data-id=\"0d0fc03\" data-element_type=\"widget\" data-e-type=\"widget\" data-widget_type=\"heading.default\">\n\t\t\t\t\t<h3 class=\"elementor-heading-title elementor-size-default\">La historia por conocer<\/h3>\t\t\t\t<\/div>\n\t\t\t\t\t<\/div>\n\t\t\t\t<\/div>\n\t\t<div data-particle_enable=\"false\" data-particle-mobile-disabled=\"false\" class=\"elementor-element elementor-element-aa98372 e-flex e-con-boxed e-con e-parent\" data-id=\"aa98372\" data-element_type=\"container\" data-e-type=\"container\">\n\t\t\t\t\t<div class=\"e-con-inner\">\n\t\t\t\t<div class=\"elementor-element elementor-element-7e258be elementor-widget elementor-widget-text-editor\" data-id=\"7e258be\" data-element_type=\"widget\" data-e-type=\"widget\" data-widget_type=\"text-editor.default\">\n\t\t\t\t\t\t\t\t\t<p>En 2024, la vida de Rosa Mar\u00eda Turcios, una joven madre y emprendedora de Acatenango, tom\u00f3 un giro inesperado gracias a un curso de elaboraci\u00f3n de canastas promovido por la municipalidad local. Inicialmente dise\u00f1adas para uso dom\u00e9stico, sus creaciones llamaron la atenci\u00f3n por su calidad y estilo \u00fanico, lo que la llev\u00f3 a explorar un nuevo horizonte:\u00a0<a style=\"text-align: var(--text-align)\" href=\"https:\/\/soymigrante.com\/revista\/tejiendo-en-el-tiempo-cultiva-el-arte-y-la-cultura-de-san-antonio-aguas-calientes\/\" target=\"_blank\" rel=\"noopener\">la fabricaci\u00f3n de carteras artesanales.<\/a><\/p><p>Rosa Mar\u00eda combina la tradici\u00f3n con la innovaci\u00f3n en cada una de sus piezas. \u201cA m\u00ed me gustan. Son bonitas\u201d, dice, mientras explica c\u00f3mo cada producto, hecho a mano, refleja dedicaci\u00f3n y creatividad. Utiliza pl\u00e1stico lavable para las canastas, lo que las hace pr\u00e1cticas y duraderas, mientras que las carteras pueden personalizarse con detalles como trenzas hechas a mano, cinchos de cuero, entre otros.<\/p>\t\t\t\t\t\t\t\t<\/div>\n\t\t\t\t\t<\/div>\n\t\t\t\t<\/div>\n\t\t<div data-particle_enable=\"false\" data-particle-mobile-disabled=\"false\" class=\"elementor-element elementor-element-c72a5df e-flex e-con-boxed e-con e-parent\" data-id=\"c72a5df\" data-element_type=\"container\" data-e-type=\"container\">\n\t\t\t\t\t<div class=\"e-con-inner\">\n\t\t\t\t<div class=\"elementor-element elementor-element-9a2c577 elementor-widget elementor-widget-image\" data-id=\"9a2c577\" data-element_type=\"widget\" data-e-type=\"widget\" data-widget_type=\"image.default\">\n\t\t\t\t\t\t\t\t\t\t\t\t\t\t\t\t<a href=\"https:\/\/soymigrante.com\/mercado\/marketplace\/seller\/profile\/rosasyg\">\n\t\t\t\t\t\t\t<img decoding=\"async\" width=\"768\" height=\"368\" src=\"https:\/\/soymigrante.com\/revista\/wp-content\/uploads\/2024\/12\/Captura-de-pantalla-2025-04-10-165204-1024x491.png\" class=\"attachment-large size-large wp-image-30662\" alt=\"Bolsas artesanales tejidas a mano con dise\u00f1os coloridos y tradicionales de Guatemala, ideales para mujeres migrantes que buscan accesorios \u00fanicos y con significado cultural.\" srcset=\"https:\/\/soymigrante.com\/revista\/wp-content\/uploads\/2024\/12\/Captura-de-pantalla-2025-04-10-165204-1024x491.png 1024w, https:\/\/soymigrante.com\/revista\/wp-content\/uploads\/2024\/12\/Captura-de-pantalla-2025-04-10-165204-300x144.png 300w, https:\/\/soymigrante.com\/revista\/wp-content\/uploads\/2024\/12\/Captura-de-pantalla-2025-04-10-165204-768x368.png 768w, https:\/\/soymigrante.com\/revista\/wp-content\/uploads\/2024\/12\/Captura-de-pantalla-2025-04-10-165204-750x360.webp 750w, https:\/\/soymigrante.com\/revista\/wp-content\/uploads\/2024\/12\/Captura-de-pantalla-2025-04-10-165204-1140x547.webp 1140w, https:\/\/soymigrante.com\/revista\/wp-content\/uploads\/2024\/12\/Captura-de-pantalla-2025-04-10-165204.webp 1191w\" sizes=\"(max-width: 768px) 100vw, 768px\" title=\"Captura de pantalla 2025-04-10 165204 \u2013 SoyMigrante.com REVISTA\" \/>\t\t\t\t\t\t\t\t<\/a>\n\t\t\t\t\t\t\t\t\t\t\t\t\t\t\t<\/div>\n\t\t\t\t\t<\/div>\n\t\t\t\t<\/div>\n\t\t<div data-particle_enable=\"false\" data-particle-mobile-disabled=\"false\" class=\"elementor-element elementor-element-8f01d56 e-flex e-con-boxed e-con e-parent\" data-id=\"8f01d56\" data-element_type=\"container\" data-e-type=\"container\">\n\t\t\t\t\t<div class=\"e-con-inner\">\n\t\t\t\t<div class=\"elementor-element elementor-element-2795073 elementor-widget elementor-widget-text-editor\" data-id=\"2795073\" data-element_type=\"widget\" data-e-type=\"widget\" data-widget_type=\"text-editor.default\">\n\t\t\t\t\t\t\t\t\t<p>El proceso de creaci\u00f3n es meticuloso. Primero, se manda a fabricar el marco en las medidas solicitadas; luego, se realiza el entramado del material, tomando en cuenta\u00a0<a style=\"text-align: var(--text-align)\" href=\"https:\/\/soymigrante.com\/revista\/joyas-jade-luis-prieto-emprendedores-mercado\/\" target=\"_blank\" rel=\"noopener\">si el cliente desea un dise\u00f1o espec\u00edfico.\u00a0<\/a><\/p><p>Finalmente, se borda y se ensamblan las piezas, asegurando un acabado impecable. Aunque el tiempo de elaboraci\u00f3n var\u00eda dependiendo del dise\u00f1o, Rosa Mar\u00eda puede completar una pieza urgente en un d\u00eda. Normalmente le toma un d\u00eda y medio la elaboraci\u00f3n.<\/p><p>La municipalidad de Acatenango tambi\u00e9n juega un papel clave al proporcionar espacios como bazares para la venta de los productos. Esto ha permitido a Rosa Mar\u00eda llegar a m\u00e1s personas, incluyendo clientes que conoci\u00f3 a trav\u00e9s de su primer negocio, la venta de ropa americana.<\/p>\t\t\t\t\t\t\t\t<\/div>\n\t\t\t\t\t<\/div>\n\t\t\t\t<\/div>\n\t\t<div data-particle_enable=\"false\" data-particle-mobile-disabled=\"false\" class=\"elementor-element elementor-element-f4c8704 e-flex e-con-boxed e-con e-parent\" data-id=\"f4c8704\" data-element_type=\"container\" data-e-type=\"container\">\n\t\t\t\t\t<div class=\"e-con-inner\">\n\t\t\t\t<div class=\"elementor-element elementor-element-83f7e31 elementor-arrows-position-inside elementor-pagination-position-outside elementor-widget elementor-widget-image-carousel\" data-id=\"83f7e31\" data-element_type=\"widget\" data-e-type=\"widget\" data-settings=\"{&quot;slides_to_show&quot;:&quot;1&quot;,&quot;navigation&quot;:&quot;both&quot;,&quot;autoplay&quot;:&quot;yes&quot;,&quot;pause_on_hover&quot;:&quot;yes&quot;,&quot;pause_on_interaction&quot;:&quot;yes&quot;,&quot;autoplay_speed&quot;:5000,&quot;infinite&quot;:&quot;yes&quot;,&quot;effect&quot;:&quot;slide&quot;,&quot;speed&quot;:500}\" data-widget_type=\"image-carousel.default\">\n\t\t\t\t\t\t\t<div class=\"elementor-image-carousel-wrapper swiper\" role=\"region\" aria-roledescription=\"carousel\" aria-label=\"Carrusel de im\u00e1genes\" dir=\"ltr\">\n\t\t\t<div class=\"elementor-image-carousel swiper-wrapper\" aria-live=\"off\">\n\t\t\t\t\t\t\t\t<div class=\"swiper-slide\" role=\"group\" aria-roledescription=\"slide\" aria-label=\"1 de 4\"><figure class=\"swiper-slide-inner\"><img decoding=\"async\" class=\"swiper-slide-image\" src=\"https:\/\/soymigrante.com\/revista\/wp-content\/uploads\/2025\/04\/7.webp\" alt=\"Bolso de fibra natural con dise\u00f1o geom\u00e9trico en negro y rosa, colgado de una rama de madera, modo artesanal y eco-friendly, accesorios de moda sostenible.\" \/><\/figure><\/div><div class=\"swiper-slide\" role=\"group\" aria-roledescription=\"slide\" aria-label=\"2 de 4\"><figure class=\"swiper-slide-inner\"><img decoding=\"async\" class=\"swiper-slide-image\" src=\"https:\/\/soymigrante.com\/revista\/wp-content\/uploads\/2025\/04\/9.webp\" alt=\"Bolso tradicional de tejidos ind\u00edgenas con dise\u00f1o colorido y estilo artesanal, colgado en una rama de \u00e1rbol, s\u00edmbolo de cultura y identidad en la comunidad ind\u00edgena.\" \/><\/figure><\/div><div class=\"swiper-slide\" role=\"group\" aria-roledescription=\"slide\" aria-label=\"3 de 4\"><figure class=\"swiper-slide-inner\"><img decoding=\"async\" class=\"swiper-slide-image\" src=\"https:\/\/soymigrante.com\/revista\/wp-content\/uploads\/2025\/04\/2.webp\" alt=\"Bolso de mano con dise\u00f1o textil en tonos rosas y blancos colgado en un rama de \u00e1rbol.\" \/><\/figure><\/div><div class=\"swiper-slide\" role=\"group\" aria-roledescription=\"slide\" aria-label=\"4 de 4\"><figure class=\"swiper-slide-inner\"><img decoding=\"async\" class=\"swiper-slide-image\" src=\"https:\/\/soymigrante.com\/revista\/wp-content\/uploads\/2025\/04\/Productos-600-px-550-px.webp\" alt=\"BOLSA \u00c9TNICA DE TEJIDO CON ASAS AJUSTABLES, PERFECTA PARA ESTILO BOHEMIO Y CULTURA IND\u00cdGENA.\" \/><\/figure><\/div>\t\t\t<\/div>\n\t\t\t\t\t\t\t\t\t\t\t\t<div class=\"elementor-swiper-button elementor-swiper-button-prev\" role=\"button\" tabindex=\"0\">\n\t\t\t\t\t\t<i aria-hidden=\"true\" class=\"eicon-chevron-left\"><\/i>\t\t\t\t\t<\/div>\n\t\t\t\t\t<div class=\"elementor-swiper-button elementor-swiper-button-next\" role=\"button\" tabindex=\"0\">\n\t\t\t\t\t\t<i aria-hidden=\"true\" class=\"eicon-chevron-right\"><\/i>\t\t\t\t\t<\/div>\n\t\t\t\t\n\t\t\t\t\t\t\t\t\t<div class=\"swiper-pagination\"><\/div>\n\t\t\t\t\t\t\t\t\t<\/div>\n\t\t\t\t\t\t<\/div>\n\t\t\t\t\t<\/div>\n\t\t\t\t<\/div>\n\t\t<div data-particle_enable=\"false\" data-particle-mobile-disabled=\"false\" class=\"elementor-element elementor-element-69f7e48 e-flex e-con-boxed e-con e-parent\" data-id=\"69f7e48\" data-element_type=\"container\" data-e-type=\"container\">\n\t\t\t\t\t<div class=\"e-con-inner\">\n\t\t\t\t<div class=\"elementor-element elementor-element-4366b82 elementor-widget elementor-widget-text-editor\" data-id=\"4366b82\" data-element_type=\"widget\" data-e-type=\"widget\" data-widget_type=\"text-editor.default\">\n\t\t\t\t\t\t\t\t\t<p>\u201cAl comprar mis productos, est\u00e1n apoyando un emprendimiento local y ayudando a mi familia a salir adelante\u201d, comenta Rosa Mar\u00eda, quien no deja de so\u00f1ar en grande.<a href=\"https:\/\/soymigrante.com\/revista\/lumiz-naturals-un-emprendimiento-familiar-que-alimenta-con-amor-y-proposito\/\" target=\"_blank\" rel=\"noopener\"> Su historia es un ejemplo de c\u00f3mo el talento y la perseverancia pueden transformar<\/a>&nbsp;un aprendizaje en una oportunidad de crecimiento personal y comunitario.&nbsp;<\/p>\t\t\t\t\t\t\t\t<\/div>\n\t\t\t\t\t<\/div>\n\t\t\t\t<\/div>\n\t\t<div data-particle_enable=\"false\" data-particle-mobile-disabled=\"false\" class=\"elementor-element elementor-element-f3e3050 e-flex e-con-boxed e-con e-parent\" data-id=\"f3e3050\" data-element_type=\"container\" data-e-type=\"container\">\n\t\t\t\t\t<div class=\"e-con-inner\">\n\t\t\t\t<div class=\"elementor-element elementor-element-a8a9593 elementor-widget elementor-widget-video\" data-id=\"a8a9593\" data-element_type=\"widget\" data-e-type=\"widget\" data-settings=\"{&quot;youtube_url&quot;:&quot;https:\\\/\\\/www.youtube.com\\\/watch?v=wTLs1GE1z9g&quot;,&quot;video_type&quot;:&quot;youtube&quot;,&quot;controls&quot;:&quot;yes&quot;}\" data-widget_type=\"video.default\">\n\t\t\t\t\t\t\t<div class=\"elementor-wrapper elementor-open-inline\">\n\t\t\t<div class=\"elementor-video\"><\/div>\t\t<\/div>\n\t\t\t\t\t\t<\/div>\n\t\t\t\t\t<\/div>\n\t\t\t\t<\/div>\n\t\t<div data-particle_enable=\"false\" data-particle-mobile-disabled=\"false\" class=\"elementor-element elementor-element-940ac76 e-flex e-con-boxed e-con e-parent\" data-id=\"940ac76\" data-element_type=\"container\" data-e-type=\"container\">\n\t\t\t\t\t<div class=\"e-con-inner\">\n\t\t\t\t<div class=\"elementor-element elementor-element-57421cb elementor-widget elementor-widget-heading\" data-id=\"57421cb\" data-element_type=\"widget\" data-e-type=\"widget\" data-widget_type=\"heading.default\">\n\t\t\t\t\t<h2 class=\"elementor-heading-title elementor-size-default\">Emprendedores que inspiran<\/h2>\t\t\t\t<\/div>\n\t\t\t\t\t<\/div>\n\t\t\t\t<\/div>\n\t\t<div data-particle_enable=\"false\" data-particle-mobile-disabled=\"false\" class=\"elementor-element elementor-element-8bc33c1 e-flex e-con-boxed e-con e-parent\" data-id=\"8bc33c1\" data-element_type=\"container\" data-e-type=\"container\">\n\t\t\t\t\t<div class=\"e-con-inner\">\n\t\t\t\t<div class=\"elementor-element elementor-element-94cbbf6 elementor-grid-eael-col-3 elementor-grid-tablet-eael-col-2 elementor-grid-mobile-eael-col-1 elementor-widget elementor-widget-eael-post-grid\" data-id=\"94cbbf6\" data-element_type=\"widget\" data-e-type=\"widget\" data-settings=\"{&quot;eael_post_grid_columns&quot;:&quot;eael-col-3&quot;,&quot;eael_post_grid_columns_tablet&quot;:&quot;eael-col-2&quot;,&quot;eael_post_grid_columns_mobile&quot;:&quot;eael-col-1&quot;}\" data-widget_type=\"eael-post-grid.default\">\n\t\t\t\t\t<div id=\"eael-post-grid-94cbbf6\" class=\"eael-post-grid-container\">\n            <div class=\"eael-post-grid eael-post-appender eael-post-appender-94cbbf6 eael-post-grid-style-one\" data-layout-mode=\"masonry\"><article class=\"eael-grid-post  eael-post-grid-column eael-pg-post-16558 category-guate-nuestra tags-mercado-emprendedores\" data-id=\"16558\">\n        <div class=\"eael-grid-post-holder\">\n            <div class=\"eael-grid-post-holder-inner\"><div class=\"eael-entry-media\"><div class=\"eael-entry-overlay fade-in\"><i class=\"far fa-hand-pointer\" aria-hidden=\"true\"><\/i><a href=\"https:\/\/soymigrante.com\/revista\/joyas-jade-luis-prieto-emprendedores-mercado\/\"><\/a><\/div><div class=\"eael-entry-thumbnail \">\n                <img decoding=\"async\" width=\"377\" height=\"356\" src=\"https:\/\/soymigrante.com\/revista\/wp-content\/uploads\/2024\/12\/joyas3-1.webp\" class=\"attachment-large size-large wp-image-16601\" alt=\"Pulsera y pendientes de piedra azul y \u00f3nix, accesorios de joyer\u00eda artesanal y elegante.\" srcset=\"https:\/\/soymigrante.com\/revista\/wp-content\/uploads\/2024\/12\/joyas3-1.webp 377w, https:\/\/soymigrante.com\/revista\/wp-content\/uploads\/2024\/12\/joyas3-1-300x283.jpg 300w\" sizes=\"(max-width: 377px) 100vw, 377px\" \/>\n            <\/div>\n        <\/div><div class=\"eael-entry-wrapper\"><header class=\"eael-entry-header\"><h2 class=\"eael-entry-title\"><a class=\"eael-grid-post-link\" href=\"https:\/\/soymigrante.com\/revista\/joyas-jade-luis-prieto-emprendedores-mercado\/\" title=\"Luis F. Prieto Jeweler y la pasi\u00f3n por crear piezas originales en jade y otros materiales\">Luis F. Prieto Jeweler y la pasi\u00f3n por crear piezas originales en jade y otros materiales<\/a><\/h2><\/header><div class=\"eael-entry-content\">\n                        <div class=\"eael-grid-post-excerpt\"><a href=\"https:\/\/soymigrante.com\/revista\/joyas-jade-luis-prieto-emprendedores-mercado\/\" class=\"eael-post-elements-readmore-btn\">CONOCE SU HISTORIA <\/a><\/div>\n                    <\/div><\/div><\/div>\n        <\/div>\n    <\/article><article class=\"eael-grid-post  eael-post-grid-column eael-pg-post-16494 category-guate-nuestra tags-mercado-emprendedores\" data-id=\"16494\">\n        <div class=\"eael-grid-post-holder\">\n            <div class=\"eael-grid-post-holder-inner\"><div class=\"eael-entry-media\"><div class=\"eael-entry-overlay fade-in\"><i class=\"far fa-hand-pointer\" aria-hidden=\"true\"><\/i><a href=\"https:\/\/soymigrante.com\/revista\/lumiz-naturals-un-emprendimiento-familiar-que-alimenta-con-amor-y-proposito\/\"><\/a><\/div><div class=\"eael-entry-thumbnail \">\n                <img loading=\"lazy\" decoding=\"async\" width=\"1024\" height=\"1024\" src=\"https:\/\/soymigrante.com\/revista\/wp-content\/uploads\/2024\/12\/lumiz-naturals-9-1024x1024.jpg\" class=\"attachment-large size-large wp-image-16551\" alt=\"Jarras de frutos secos y snacks caseros en envases reutilizables, ideales para alimentaci\u00f3n saludable y sostenible, con etiquetas personalizadas en el estilo de SoyMigrante.com REVISTA.\" srcset=\"https:\/\/soymigrante.com\/revista\/wp-content\/uploads\/2024\/12\/lumiz-naturals-9-1024x1024.jpg 1024w, https:\/\/soymigrante.com\/revista\/wp-content\/uploads\/2024\/12\/lumiz-naturals-9-300x300.jpg 300w, https:\/\/soymigrante.com\/revista\/wp-content\/uploads\/2024\/12\/lumiz-naturals-9-150x150.jpg 150w, https:\/\/soymigrante.com\/revista\/wp-content\/uploads\/2024\/12\/lumiz-naturals-9-768x768.jpg 768w, https:\/\/soymigrante.com\/revista\/wp-content\/uploads\/2024\/12\/lumiz-naturals-9-75x75.webp 75w, https:\/\/soymigrante.com\/revista\/wp-content\/uploads\/2024\/12\/lumiz-naturals-9-750x750.webp 750w, https:\/\/soymigrante.com\/revista\/wp-content\/uploads\/2024\/12\/lumiz-naturals-9-1140x1140.webp 1140w, https:\/\/soymigrante.com\/revista\/wp-content\/uploads\/2024\/12\/lumiz-naturals-9.webp 1536w\" sizes=\"(max-width: 1024px) 100vw, 1024px\" \/>\n            <\/div>\n        <\/div><div class=\"eael-entry-wrapper\"><header class=\"eael-entry-header\"><h2 class=\"eael-entry-title\"><a class=\"eael-grid-post-link\" href=\"https:\/\/soymigrante.com\/revista\/lumiz-naturals-un-emprendimiento-familiar-que-alimenta-con-amor-y-proposito\/\" title=\"Lumiz Naturals: Emprendimiento familiar que nutre con amor, sabor y prop\u00f3sito\">Lumiz Naturals: Emprendimiento familiar que nutre con amor, sabor y prop\u00f3sito<\/a><\/h2><\/header><div class=\"eael-entry-content\">\n                        <div class=\"eael-grid-post-excerpt\"><a href=\"https:\/\/soymigrante.com\/revista\/lumiz-naturals-un-emprendimiento-familiar-que-alimenta-con-amor-y-proposito\/\" class=\"eael-post-elements-readmore-btn\">CONOCE SU HISTORIA <\/a><\/div>\n                    <\/div><\/div><\/div>\n        <\/div>\n    <\/article><article class=\"eael-grid-post  eael-post-grid-column eael-pg-post-13619 category-guate-nuestra tags-mercado-emprendedores\" data-id=\"13619\">\n        <div class=\"eael-grid-post-holder\">\n            <div class=\"eael-grid-post-holder-inner\"><div class=\"eael-entry-media\"><div class=\"eael-entry-overlay fade-in\"><i class=\"far fa-hand-pointer\" aria-hidden=\"true\"><\/i><a href=\"https:\/\/soymigrante.com\/revista\/verdelimon-un-emprendimiento-dulce-y-saludable-lleno-de-arte\/\"><\/a><\/div><div class=\"eael-entry-thumbnail \">\n                <img loading=\"lazy\" decoding=\"async\" width=\"428\" height=\"428\" src=\"https:\/\/soymigrante.com\/revista\/wp-content\/uploads\/2024\/11\/Verde-y-limon-Carolina-Alvarado-Argueta.webp\" class=\"attachment-large size-large wp-image-13645\" alt=\"Pintora muralista adolescente creando arte en la pared con aer\u00f3grafo en un mural colorido con nubes y globo aerost\u00e1tico, promoviendo cultura y arte en la comunidad.\" srcset=\"https:\/\/soymigrante.com\/revista\/wp-content\/uploads\/2024\/11\/Verde-y-limon-Carolina-Alvarado-Argueta.webp 428w, https:\/\/soymigrante.com\/revista\/wp-content\/uploads\/2024\/11\/Verde-y-limon-Carolina-Alvarado-Argueta-300x300.jpeg 300w, https:\/\/soymigrante.com\/revista\/wp-content\/uploads\/2024\/11\/Verde-y-limon-Carolina-Alvarado-Argueta-150x150.jpeg 150w, https:\/\/soymigrante.com\/revista\/wp-content\/uploads\/2024\/11\/Verde-y-limon-Carolina-Alvarado-Argueta-75x75.webp 75w\" sizes=\"(max-width: 428px) 100vw, 428px\" \/>\n            <\/div>\n        <\/div><div class=\"eael-entry-wrapper\"><header class=\"eael-entry-header\"><h2 class=\"eael-entry-title\"><a class=\"eael-grid-post-link\" href=\"https:\/\/soymigrante.com\/revista\/verdelimon-un-emprendimiento-dulce-y-saludable-lleno-de-arte\/\" title=\"Verde&amp;Lim\u00f3n: un emprendimiento dulce y saludable lleno de arte est\u00e1 ahora en MERCADO\">Verde&amp;Lim\u00f3n: un emprendimiento dulce y saludable lleno de arte est\u00e1 ahora en MERCADO<\/a><\/h2><\/header><div class=\"eael-entry-content\">\n                        <div class=\"eael-grid-post-excerpt\"><a href=\"https:\/\/soymigrante.com\/revista\/verdelimon-un-emprendimiento-dulce-y-saludable-lleno-de-arte\/\" class=\"eael-post-elements-readmore-btn\">CONOCE SU HISTORIA <\/a><\/div>\n                    <\/div><\/div><\/div>\n        <\/div>\n    <\/article><\/div>\n            <div class=\"clearfix\"><\/div>\n        <\/div>\t\t\t\t<\/div>\n\t\t\t\t\t<\/div>\n\t\t\t\t<\/div>\n\t\t\t\t<\/div>\n\t\t","protected":false},"excerpt":{"rendered":"<p>Rosa Mar\u00eda Turcios transform\u00f3 su talento artesanal en un negocio prometedor: Rosa&#8217;syG. Desde canastas hasta elegantes carteras hechas a mano, su iniciativa resalta el valor del trabajo creativo y comunitario. Conoce el emprenidimiento en SoyMigrante.com MERCADO Rosa Mar\u00eda Turcios, una madre emprendedora de Acatenango, convirti\u00f3 un curso municipal de elaboraci\u00f3n de canastas en la base [&hellip;]<\/p>\n","protected":false},"author":23,"featured_media":30660,"comment_status":"open","ping_status":"open","sticky":false,"template":"","format":"standard","meta":{"_acf_changed":false,"_eb_attr":"","footnotes":""},"categories":[58],"tags":[130],"class_list":["post-17805","post","type-post","status-publish","format-standard","has-post-thumbnail","hentry","category-guate-nuestra","tag-mercado-emprendedores"],"acf":[],"aioseo_notices":[],"aioseo_head":"\n\t\t<!-- All in One SEO Pro 4.9.6.2 - aioseo.com -->\n\t<meta name=\"description\" content=\"Carolina Alvarado Argueta, inspirada por los aromas dulces y los paisajes de Guatemala procesa y distribuye frutas deshidratadas. Ahora en SoyMigrante MERCADO\" \/>\n\t<meta name=\"robots\" content=\"max-snippet:-1, max-image-preview:large, max-video-preview:-1\" \/>\n\t<meta name=\"author\" content=\"Beatriz Tercero\"\/>\n\t<link rel=\"canonical\" href=\"https:\/\/soymigrante.com\/revista\/verdelimon-un-emprendimiento-dulce-y-saludable-lleno-de-arte\/\" \/>\n\t<meta name=\"generator\" content=\"All in One SEO Pro (AIOSEO) 4.9.6.2\" \/>\n\n\t\t<link rel=\"preconnect\" href=\"https:\/\/fonts.googleapis.com\" crossorigin>\n<link rel=\"preconnect\" href=\"https:\/\/fonts.gstatic.com\" crossorigin>\n\t\t<meta property=\"og:locale\" content=\"es_ES\" \/>\n\t\t<meta property=\"og:site_name\" content=\"SoyMigrante.com REVISTA \u2013 Nuestra misi\u00f3n es reconocer y dignificar al migrante.\" \/>\n\t\t<meta property=\"og:type\" content=\"article\" \/>\n\t\t<meta property=\"og:title\" content=\"Verde&amp;Lim\u00f3n: un sue\u00f1o dulce y saludable lleno de arte y de sabor\" \/>\n\t\t<meta property=\"og:description\" content=\"Carolina Alvarado Argueta, inspirada por los aromas dulces y los paisajes de Guatemala procesa y distribuye frutas deshidratadas. Ahora en SoyMigrante MERCADO\" \/>\n\t\t<meta property=\"og:url\" content=\"https:\/\/soymigrante.com\/revista\/verdelimon-un-emprendimiento-dulce-y-saludable-lleno-de-arte\/\" \/>\n\t\t<meta property=\"og:image\" content=\"https:\/\/soymigrante.com\/revista\/wp-content\/uploads\/2024\/11\/Verde-y-limon-Carolina-Alvarado-Argueta.webp\" \/>\n\t\t<meta property=\"og:image:secure_url\" content=\"https:\/\/soymigrante.com\/revista\/wp-content\/uploads\/2024\/11\/Verde-y-limon-Carolina-Alvarado-Argueta.webp\" \/>\n\t\t<meta property=\"og:image:width\" content=\"428\" \/>\n\t\t<meta property=\"og:image:height\" content=\"428\" \/>\n\t\t<meta property=\"article:published_time\" content=\"2024-11-21T17:01:11+00:00\" \/>\n\t\t<meta property=\"article:modified_time\" content=\"2024-11-26T00:03:44+00:00\" \/>\n\t\t<meta property=\"article:publisher\" content=\"https:\/\/www.facebook.com\/soymigrantecom\" \/>\n\t\t<meta name=\"twitter:card\" content=\"summary_large_image\" \/>\n\t\t<meta name=\"twitter:site\" content=\"@SoyMigrante_com\" \/>\n\t\t<meta name=\"twitter:title\" content=\"Verde&amp;Lim\u00f3n: un sue\u00f1o dulce y saludable lleno de arte y de sabor\" \/>\n\t\t<meta name=\"twitter:description\" content=\"Carolina Alvarado Argueta, inspirada por los aromas dulces y los paisajes de Guatemala procesa y distribuye frutas deshidratadas. Ahora en SoyMigrante MERCADO\" \/>\n\t\t<meta name=\"twitter:creator\" content=\"@SoyMigrante_com\" \/>\n\t\t<meta name=\"twitter:image\" content=\"https:\/\/soymigrante.com\/revista\/wp-content\/uploads\/2024\/11\/Verde-y-limon-Carolina-Alvarado-Argueta.webp\" \/>\n\t\t<!-- All in One SEO Pro -->\r\n\t\t<title>Verde&amp;Lim\u00f3n: un sue\u00f1o dulce y saludable lleno de arte y de sabor<\/title>\n\n","aioseo_head_json":{"title":"Verde&Lim\u00f3n: un sue\u00f1o dulce y saludable lleno de arte y de sabor","description":"Carolina Alvarado Argueta, inspirada por los aromas dulces y los paisajes de Guatemala procesa y distribuye frutas deshidratadas. Ahora en SoyMigrante MERCADO","canonical_url":"https:\/\/soymigrante.com\/revista\/verdelimon-un-emprendimiento-dulce-y-saludable-lleno-de-arte\/","robots":"max-snippet:-1, max-image-preview:large, max-video-preview:-1","keywords":"","webmasterTools":{"miscellaneous":"&lt;link rel=\"preconnect\" href=\"https:\/\/fonts.googleapis.com\" crossorigin&gt;\n&lt;link rel=\"preconnect\" href=\"https:\/\/fonts.gstatic.com\" crossorigin&gt;"},"schema":null,"og:locale":"es_ES","og:site_name":"SoyMigrante.com REVISTA \u2013 Nuestra misi\u00f3n es reconocer y dignificar al migrante.","og:type":"article","og:title":"Verde&amp;Lim\u00f3n: un sue\u00f1o dulce y saludable lleno de arte y de sabor","og:description":"Carolina Alvarado Argueta, inspirada por los aromas dulces y los paisajes de Guatemala procesa y distribuye frutas deshidratadas. Ahora en SoyMigrante MERCADO","og:url":"https:\/\/soymigrante.com\/revista\/verdelimon-un-emprendimiento-dulce-y-saludable-lleno-de-arte\/","og:image":"https:\/\/soymigrante.com\/revista\/wp-content\/uploads\/2024\/11\/Verde-y-limon-Carolina-Alvarado-Argueta.webp","og:image:secure_url":"https:\/\/soymigrante.com\/revista\/wp-content\/uploads\/2024\/11\/Verde-y-limon-Carolina-Alvarado-Argueta.webp","og:image:width":428,"og:image:height":428,"article:published_time":"2024-11-21T17:01:11+00:00","article:modified_time":"2024-11-26T00:03:44+00:00","article:publisher":"https:\/\/www.facebook.com\/soymigrantecom","twitter:card":"summary_large_image","twitter:site":"@SoyMigrante_com","twitter:title":"Verde&amp;Lim\u00f3n: un sue\u00f1o dulce y saludable lleno de arte y de sabor","twitter:description":"Carolina Alvarado Argueta, inspirada por los aromas dulces y los paisajes de Guatemala procesa y distribuye frutas deshidratadas. Ahora en SoyMigrante MERCADO","twitter:creator":"@SoyMigrante_com","twitter:image":"https:\/\/soymigrante.com\/revista\/wp-content\/uploads\/2024\/11\/Verde-y-limon-Carolina-Alvarado-Argueta.webp"},"aioseo_meta_data":{"post_id":"17805","title":"Rosa\u00b4syG elabora creativas bolsas artesanales ene Acatenango","description":"Rosa Mar\u00eda Turcios transform\u00f3 su talento artesanal en un negocio prometedor: Rosa'syG, marca de bolsas artesanales con sello de Acatenango, Chimaltenango.","keywords":null,"keyphrases":{"focus":{"keyphrase":"Rosa\u00b4syG","score":51,"analysis":{"keyphraseInTitle":{"score":9,"maxScore":9,"error":0},"keyphraseInDescription":{"score":3,"maxScore":9,"error":1},"keyphraseLength":{"score":9,"maxScore":9,"error":0,"length":1},"keyphraseInURL":{"score":5,"maxScore":5,"error":0},"keyphraseInIntroduction":{"score":3,"maxScore":9,"error":1},"keyphraseInSubHeadings":{"score":3,"maxScore":9,"error":1},"keyphraseInImageAlt":{"score":3,"maxScore":9,"error":1},"keywordDensity":{"score":0,"type":"low","maxScore":9,"error":1}}},"additional":[{"keyphrase":"emprendimiento","score":60,"analysis":{"keyphraseInDescription":{"score":3,"maxScore":9,"error":1},"keyphraseLength":{"score":9,"maxScore":9,"error":0,"length":1},"keyphraseInIntroduction":{"score":3,"maxScore":9,"error":1},"keyphraseInImageAlt":{"score":3,"maxScore":9,"error":1},"keywordDensity":{"type":"best","score":9,"maxScore":9,"error":0}}},{"keyphrase":"canastas","score":73,"analysis":{"keyphraseInDescription":{"score":3,"maxScore":9,"error":1},"keyphraseLength":{"score":9,"maxScore":9,"error":0,"length":1},"keyphraseInIntroduction":{"score":9,"maxScore":9,"error":0},"keyphraseInImageAlt":{"score":3,"maxScore":9,"error":1},"keywordDensity":{"type":"best","score":9,"maxScore":9,"error":0}}},{"keyphrase":"carteras","score":73,"analysis":{"keyphraseInDescription":{"score":3,"maxScore":9,"error":1},"keyphraseLength":{"score":9,"maxScore":9,"error":0,"length":1},"keyphraseInIntroduction":{"score":9,"maxScore":9,"error":0},"keyphraseInImageAlt":{"score":3,"maxScore":9,"error":1},"keywordDensity":{"type":"best","score":9,"maxScore":9,"error":0}}},{"keyphrase":"Mercado","score":60,"analysis":{"keyphraseInDescription":{"score":3,"maxScore":9,"error":1},"keyphraseLength":{"score":9,"maxScore":9,"error":0,"length":1},"keyphraseInIntroduction":{"score":3,"maxScore":9,"error":1},"keyphraseInImageAlt":{"score":3,"maxScore":9,"error":1},"keywordDensity":{"type":"best","score":9,"maxScore":9,"error":0}}},{"keyphrase":"Acatenango","score":87,"analysis":{"keyphraseInDescription":{"score":9,"maxScore":9,"error":0},"keyphraseLength":{"score":9,"maxScore":9,"error":0,"length":1},"keyphraseInIntroduction":{"score":9,"maxScore":9,"error":0},"keyphraseInImageAlt":{"score":3,"maxScore":9,"error":1},"keywordDensity":{"type":"best","score":9,"maxScore":9,"error":0}}}]},"primary_term":null,"canonical_url":null,"og_title":null,"og_description":null,"og_object_type":"default","og_image_type":"default","og_image_url":null,"og_image_width":null,"og_image_height":null,"og_image_custom_url":null,"og_image_custom_fields":null,"og_video":"","og_custom_url":null,"og_article_section":null,"og_article_tags":null,"twitter_use_og":false,"twitter_card":"default","twitter_image_type":"default","twitter_image_url":null,"twitter_image_custom_url":null,"twitter_image_custom_fields":null,"twitter_title":null,"twitter_description":null,"schema":{"blockGraphs":[],"customGraphs":[],"default":{"data":{"Article":[],"Course":[],"Dataset":[],"FAQPage":[],"Movie":[],"Person":[],"Product":[],"ProductReview":[],"Car":[],"Recipe":[],"Service":[],"SoftwareApplication":[],"WebPage":[]},"graphName":"none","isEnabled":true},"graphs":[]},"schema_type":"default","schema_type_options":null,"pillar_content":false,"robots_default":true,"robots_noindex":false,"robots_noarchive":false,"robots_nosnippet":false,"robots_nofollow":false,"robots_noimageindex":false,"robots_noodp":false,"robots_notranslate":false,"robots_max_snippet":"-1","robots_max_videopreview":"-1","robots_max_imagepreview":"large","priority":null,"frequency":"default","local_seo":null,"seo_analyzer_scan_date":"2025-10-09 01:19:09","breadcrumb_settings":null,"limit_modified_date":false,"reviewed_by":null,"open_ai":"{\"title\":{\"suggestions\":[],\"usage\":0},\"description\":{\"suggestions\":[],\"usage\":0}}","ai":null,"created":"2024-12-23 20:47:49","updated":"2026-02-04 18:36:21"},"aioseo_breadcrumb":"<div class=\"aioseo-breadcrumbs\"><span class=\"aioseo-breadcrumb\">\n\t<a href=\"https:\/\/soymigrante.com\/revista\" title=\"Home\">Home<\/a>\n<\/span><span class=\"aioseo-breadcrumb-separator\">\u00bb<\/span><span class=\"aioseo-breadcrumb\">\n\t<a href=\"https:\/\/soymigrante.com\/revista\/category\/guate-nuestra\/\" title=\"Guate Nuestra\">Guate Nuestra<\/a>\n<\/span><span class=\"aioseo-breadcrumb-separator\">\u00bb<\/span><span class=\"aioseo-breadcrumb\">\n\tRosa\u2019syG, un emprendimiento de Acatenango que convierte la tradici\u00f3n en arte con sus carteras y canastas\n<\/span><\/div>","aioseo_breadcrumb_json":[{"label":"Home","link":"https:\/\/soymigrante.com\/revista"},{"label":"Guate Nuestra","link":"https:\/\/soymigrante.com\/revista\/category\/guate-nuestra\/"},{"label":"Rosa&#8217;syG, un emprendimiento de Acatenango que convierte la tradici\u00f3n en arte con sus carteras y canastas","link":"https:\/\/soymigrante.com\/revista\/rosasyg-un-emprendimiento-de-acatenango-que-convierte-la-tradicion-en-arte-con-sus-carteras-y-canastas\/"}],"_links":{"self":[{"href":"https:\/\/soymigrante.com\/revista\/wp-json\/wp\/v2\/posts\/17805","targetHints":{"allow":["GET"]}}],"collection":[{"href":"https:\/\/soymigrante.com\/revista\/wp-json\/wp\/v2\/posts"}],"about":[{"href":"https:\/\/soymigrante.com\/revista\/wp-json\/wp\/v2\/types\/post"}],"author":[{"embeddable":true,"href":"https:\/\/soymigrante.com\/revista\/wp-json\/wp\/v2\/users\/23"}],"replies":[{"embeddable":true,"href":"https:\/\/soymigrante.com\/revista\/wp-json\/wp\/v2\/comments?post=17805"}],"version-history":[{"count":8,"href":"https:\/\/soymigrante.com\/revista\/wp-json\/wp\/v2\/posts\/17805\/revisions"}],"predecessor-version":[{"id":32329,"href":"https:\/\/soymigrante.com\/revista\/wp-json\/wp\/v2\/posts\/17805\/revisions\/32329"}],"wp:featuredmedia":[{"embeddable":true,"href":"https:\/\/soymigrante.com\/revista\/wp-json\/wp\/v2\/media\/30660"}],"wp:attachment":[{"href":"https:\/\/soymigrante.com\/revista\/wp-json\/wp\/v2\/media?parent=17805"}],"wp:term":[{"taxonomy":"category","embeddable":true,"href":"https:\/\/soymigrante.com\/revista\/wp-json\/wp\/v2\/categories?post=17805"},{"taxonomy":"post_tag","embeddable":true,"href":"https:\/\/soymigrante.com\/revista\/wp-json\/wp\/v2\/tags?post=17805"}],"curies":[{"name":"wp","href":"https:\/\/api.w.org\/{rel}","templated":true}]}}