{"id":17735,"date":"2024-12-23T14:20:37","date_gmt":"2024-12-23T20:20:37","guid":{"rendered":"https:\/\/soymigrante.com\/revista\/?p=17735"},"modified":"2024-12-27T08:38:00","modified_gmt":"2024-12-27T14:38:00","slug":"galeria-de-fotos-caminando-por-el-mercado-la-terminal-para-ver-y-oir-la-abundancia-de-guatemala","status":"publish","type":"post","link":"https:\/\/soymigrante.com\/revista\/galeria-de-fotos-caminando-por-el-mercado-la-terminal-para-ver-y-oir-la-abundancia-de-guatemala\/","title":{"rendered":"En im\u00e1genes: caminar por el Mercado La Terminal en fin de a\u00f1o para ver y o\u00edr la abundancia de Guatemala"},"content":{"rendered":"\t\t<div data-elementor-type=\"wp-post\" data-elementor-id=\"17735\" class=\"elementor elementor-17735\" data-elementor-post-type=\"post\">\n\t\t\t\t<div data-particle_enable=\"false\" data-particle-mobile-disabled=\"false\" class=\"elementor-element elementor-element-d5747ad e-flex e-con-boxed e-con e-parent\" data-id=\"d5747ad\" data-element_type=\"container\" data-e-type=\"container\">\n\t\t\t\t\t<div class=\"e-con-inner\">\n\t\t\t\t<div class=\"elementor-element elementor-element-83def9e elementor-widget elementor-widget-heading\" data-id=\"83def9e\" data-element_type=\"widget\" data-e-type=\"widget\" data-widget_type=\"heading.default\">\n\t\t\t\t\t<h2 class=\"elementor-heading-title elementor-size-default\">La Terminal de la zona 4 se llena todo el a\u00f1o a diario, pero sobre todo en los \u00faltimos d\u00edas de diciembre se multiplican las ventas, los gritos de vendedores y los regateos infaltables de los compradores, para que al final sea un gana-gana.<\/h2>\t\t\t\t<\/div>\n\t\t\t\t\t<\/div>\n\t\t\t\t<\/div>\n\t\t<div data-particle_enable=\"false\" data-particle-mobile-disabled=\"false\" class=\"elementor-element elementor-element-73066c2 e-flex e-con-boxed e-con e-parent\" data-id=\"73066c2\" data-element_type=\"container\" data-e-type=\"container\">\n\t\t\t\t\t<div class=\"e-con-inner\">\n\t\t\t\t<div class=\"elementor-element elementor-element-0e4e3b3 elementor-widget elementor-widget-text-editor\" data-id=\"0e4e3b3\" data-element_type=\"widget\" data-e-type=\"widget\" data-widget_type=\"text-editor.default\">\n\t\t\t\t\t\t\t\t\t<p>Todav\u00eda siguen llegando buses a la Terminal de Buses de la zona 4, nombre que se convirti\u00f3 en gen\u00e9rico para el de este mercado: La Terminal, a donde tambi\u00e9n llegan verduras en cajas y bultos, frutas que piden una mordida, flores que recuerdan que hace m\u00e1s de mes y medio pas\u00f3 el D\u00eda de Difuntos pero aqu\u00ed estamos listos para dar la bienvenida a otra Navidad y otro A\u00f1o Nuevo, mientras el A\u00f1o Viejo pasa con su carreta repleta de recuerdos, alegr\u00edas, penas, aprendizajes: se parece a cualquiera de estos cargadores que llevan con mecapal o trocket el pedido hacia una venta o le transportan la compra a un cliente hasta su veh\u00edculo.&nbsp;<\/p><p>Esta es la Terminal de la zona 4 de Guatemala, bullicio productivo, ofertas en el aire, comidas a\u00fan no preparadas, pero si quiere comer algo venden tacos, dobladas, churrascos y hasta pepi\u00e1n si lo desea.&nbsp;<\/p>\t\t\t\t\t\t\t\t<\/div>\n\t\t\t\t\t<\/div>\n\t\t\t\t<\/div>\n\t\t<div data-particle_enable=\"false\" data-particle-mobile-disabled=\"false\" class=\"elementor-element elementor-element-2c9a11d e-flex e-con-boxed e-con e-parent\" data-id=\"2c9a11d\" data-element_type=\"container\" data-e-type=\"container\">\n\t\t\t\t\t<div class=\"e-con-inner\">\n\t\t\t\t<div class=\"elementor-element elementor-element-42a95b4 elementor-widget elementor-widget-image\" data-id=\"42a95b4\" data-element_type=\"widget\" data-e-type=\"widget\" data-widget_type=\"image.default\">\n\t\t\t\t\t\t\t\t\t\t\t\t<figure class=\"wp-caption\">\n\t\t\t\t\t\t\t\t\t\t<img fetchpriority=\"high\" decoding=\"async\" width=\"768\" height=\"1024\" src=\"https:\/\/soymigrante.com\/revista\/wp-content\/uploads\/2024\/12\/terminal-zona-4-768x1024.jpg\" class=\"attachment-large size-large wp-image-17760\" alt=\"Cargador de flores en moto en mercado urbano, en un d\u00eda con iluminaci\u00f3n intensa y ambiente vibrante de comercio y cultura en la ciudad.\" srcset=\"https:\/\/soymigrante.com\/revista\/wp-content\/uploads\/2024\/12\/terminal-zona-4-768x1024.jpg 768w, https:\/\/soymigrante.com\/revista\/wp-content\/uploads\/2024\/12\/terminal-zona-4-225x300.jpg 225w, https:\/\/soymigrante.com\/revista\/wp-content\/uploads\/2024\/12\/terminal-zona-4-1152x1536.jpg 1152w, https:\/\/soymigrante.com\/revista\/wp-content\/uploads\/2024\/12\/terminal-zona-4-750x1000.webp 750w, https:\/\/soymigrante.com\/revista\/wp-content\/uploads\/2024\/12\/terminal-zona-4-1140x1520.webp 1140w, https:\/\/soymigrante.com\/revista\/wp-content\/uploads\/2024\/12\/terminal-zona-4.webp 1200w\" sizes=\"(max-width: 768px) 100vw, 768px\" title=\"Las hojas de max\u00e1n son la promesa de un tamal humeante el pr\u00f3ximo 24.  En carro, en moto o en taxi, los compradores van en busca de lo que falta para celebrar, aunque sea humildemente, el 24. \u2013 SoyMigrante.com REVISTA\" \/>\t\t\t\t\t\t\t\t\t\t\t<figcaption class=\"widget-image-caption wp-caption-text\">Fotograf\u00eda que muestra una escena urbana en un mercado popular con movimiento, comercio local y actividad diaria en un entorno urbano.<\/figcaption>\n\t\t\t\t\t\t\t\t\t\t<\/figure>\n\t\t\t\t\t\t\t\t\t<\/div>\n\t\t\t\t\t<\/div>\n\t\t\t\t<\/div>\n\t\t<div data-particle_enable=\"false\" data-particle-mobile-disabled=\"false\" class=\"elementor-element elementor-element-95defe9 e-flex e-con-boxed e-con e-parent\" data-id=\"95defe9\" data-element_type=\"container\" data-e-type=\"container\">\n\t\t\t\t\t<div class=\"e-con-inner\">\n\t\t\t\t<div class=\"elementor-element elementor-element-cb6dee5 elementor-widget elementor-widget-image\" data-id=\"cb6dee5\" data-element_type=\"widget\" data-e-type=\"widget\" data-widget_type=\"image.default\">\n\t\t\t\t\t\t\t\t\t\t\t\t<figure class=\"wp-caption\">\n\t\t\t\t\t\t\t\t\t\t<img decoding=\"async\" width=\"768\" height=\"576\" src=\"https:\/\/soymigrante.com\/revista\/wp-content\/uploads\/2024\/12\/MERCADO-LA-TERMINAL-10-1024x768.jpg\" class=\"attachment-large size-large wp-image-17753\" alt=\"Camiones de carga en un mercado al aire libre con personas comprando y vendiendo, en un entorno urbano, ilustrando la din\u00e1mica del comercio en zonas metropolitanas de M\u00e9xico.\" srcset=\"https:\/\/soymigrante.com\/revista\/wp-content\/uploads\/2024\/12\/MERCADO-LA-TERMINAL-10-1024x768.jpg 1024w, https:\/\/soymigrante.com\/revista\/wp-content\/uploads\/2024\/12\/MERCADO-LA-TERMINAL-10-300x225.jpg 300w, https:\/\/soymigrante.com\/revista\/wp-content\/uploads\/2024\/12\/MERCADO-LA-TERMINAL-10-768x576.jpg 768w, https:\/\/soymigrante.com\/revista\/wp-content\/uploads\/2024\/12\/MERCADO-LA-TERMINAL-10-1536x1152.jpg 1536w, https:\/\/soymigrante.com\/revista\/wp-content\/uploads\/2024\/12\/MERCADO-LA-TERMINAL-10-750x563.webp 750w, https:\/\/soymigrante.com\/revista\/wp-content\/uploads\/2024\/12\/MERCADO-LA-TERMINAL-10-1140x855.webp 1140w, https:\/\/soymigrante.com\/revista\/wp-content\/uploads\/2024\/12\/MERCADO-LA-TERMINAL-10.webp 1600w\" sizes=\"(max-width: 768px) 100vw, 768px\" title=\"Afuera les dicen &quot;chicken bus&quot;, aqu\u00ed simplemente son &quot;las camionetas&quot;. Estas van para municipios de Santa Rosa. Ya se fueron varias cargadas con bicicletas, cajas de cohetillos, tinajas pl\u00e1sticas y tambi\u00e9n cajas de uvas y manzanas. A veces llevan hasta motocicletas. \u2013 SoyMigrante.com REVISTA\" \/>\t\t\t\t\t\t\t\t\t\t\t<figcaption class=\"widget-image-caption wp-caption-text\">Afuera les dicen \"chicken bus\", aqu\u00ed simplemente son \"las camionetas\". Estas van para municipios de Santa Rosa. Ya se fueron varias cargadas con bicicletas, cajas de cohetillos, tinajas pl\u00e1sticas y tambi\u00e9n cajas de uvas y manzanas. A veces llevan hasta motocicletas.<\/figcaption>\n\t\t\t\t\t\t\t\t\t\t<\/figure>\n\t\t\t\t\t\t\t\t\t<\/div>\n\t\t\t\t\t<\/div>\n\t\t\t\t<\/div>\n\t\t<div data-particle_enable=\"false\" data-particle-mobile-disabled=\"false\" class=\"elementor-element elementor-element-c95c8de e-flex e-con-boxed e-con e-parent\" data-id=\"c95c8de\" data-element_type=\"container\" data-e-type=\"container\">\n\t\t\t\t\t<div class=\"e-con-inner\">\n\t\t\t\t<div class=\"elementor-element elementor-element-31ca022 elementor-widget elementor-widget-image\" data-id=\"31ca022\" data-element_type=\"widget\" data-e-type=\"widget\" data-widget_type=\"image.default\">\n\t\t\t\t\t\t\t\t\t\t\t\t<figure class=\"wp-caption\">\n\t\t\t\t\t\t\t\t\t\t<img decoding=\"async\" width=\"768\" height=\"1024\" src=\"https:\/\/soymigrante.com\/revista\/wp-content\/uploads\/2024\/12\/MERCADO-LA-TERMINAL-5-768x1024.jpg\" class=\"attachment-large size-large wp-image-17748\" alt=\"Pi\u00f1as de fruta tropical en mercado popular, coloridas y frescas, con otras frutas en fondo, representando la cultura agr\u00edcola y la variedad de productos en la revista SoyMigrante.com.\" srcset=\"https:\/\/soymigrante.com\/revista\/wp-content\/uploads\/2024\/12\/MERCADO-LA-TERMINAL-5-768x1024.jpg 768w, https:\/\/soymigrante.com\/revista\/wp-content\/uploads\/2024\/12\/MERCADO-LA-TERMINAL-5-225x300.jpg 225w, https:\/\/soymigrante.com\/revista\/wp-content\/uploads\/2024\/12\/MERCADO-LA-TERMINAL-5-1152x1536.jpg 1152w, https:\/\/soymigrante.com\/revista\/wp-content\/uploads\/2024\/12\/MERCADO-LA-TERMINAL-5-750x1000.webp 750w, https:\/\/soymigrante.com\/revista\/wp-content\/uploads\/2024\/12\/MERCADO-LA-TERMINAL-5-1140x1520.webp 1140w, https:\/\/soymigrante.com\/revista\/wp-content\/uploads\/2024\/12\/MERCADO-LA-TERMINAL-5.webp 1200w\" sizes=\"(max-width: 768px) 100vw, 768px\" title=\"No se como hace el vendedor para decir muchas veces seguidas &quot;Lapi\u00f1a-lapi\u00f1a-lapi\u00f1a-lapi\u00f1a-lapi\u00f1a...&quot; Ingrediente fundamental para el ponche guatemalteco, mas no el \u00fanico, porque tambi\u00e9n lleva manzana, mamey, jocote, pl\u00e1tano y \u00bfqu\u00e9 m\u00e1s? \u2013 SoyMigrante.com REVISTA\" \/>\t\t\t\t\t\t\t\t\t\t\t<figcaption class=\"widget-image-caption wp-caption-text\">Fruta tropical, mercado, tradici\u00f3n mexicana, frutas frescas.<\/figcaption>\n\t\t\t\t\t\t\t\t\t\t<\/figure>\n\t\t\t\t\t\t\t\t\t<\/div>\n\t\t\t\t\t<\/div>\n\t\t\t\t<\/div>\n\t\t<div data-particle_enable=\"false\" data-particle-mobile-disabled=\"false\" class=\"elementor-element elementor-element-63fb7af e-flex e-con-boxed e-con e-parent\" data-id=\"63fb7af\" data-element_type=\"container\" data-e-type=\"container\">\n\t\t\t\t\t<div class=\"e-con-inner\">\n\t\t\t\t<div class=\"elementor-element elementor-element-16d766c elementor-widget elementor-widget-image\" data-id=\"16d766c\" data-element_type=\"widget\" data-e-type=\"widget\" data-widget_type=\"image.default\">\n\t\t\t\t\t\t\t\t\t\t\t\t<figure class=\"wp-caption\">\n\t\t\t\t\t\t\t\t\t\t<img loading=\"lazy\" decoding=\"async\" width=\"768\" height=\"576\" src=\"https:\/\/soymigrante.com\/revista\/wp-content\/uploads\/2024\/12\/MERCADO-LA-TERMINAL-12-1024x768.jpg\" class=\"attachment-large size-large wp-image-17756\" alt=\"Colorido mercado navide\u00f1o con puestos de frutas, verduras y productos locales decorados con guirnaldas y luces festivas en un ambiente animado y concurrido, ideal para conocer tradiciones y cultura local.\" srcset=\"https:\/\/soymigrante.com\/revista\/wp-content\/uploads\/2024\/12\/MERCADO-LA-TERMINAL-12-1024x768.jpg 1024w, https:\/\/soymigrante.com\/revista\/wp-content\/uploads\/2024\/12\/MERCADO-LA-TERMINAL-12-300x225.jpg 300w, https:\/\/soymigrante.com\/revista\/wp-content\/uploads\/2024\/12\/MERCADO-LA-TERMINAL-12-768x576.jpg 768w, https:\/\/soymigrante.com\/revista\/wp-content\/uploads\/2024\/12\/MERCADO-LA-TERMINAL-12-1536x1152.jpg 1536w, https:\/\/soymigrante.com\/revista\/wp-content\/uploads\/2024\/12\/MERCADO-LA-TERMINAL-12-750x563.webp 750w, https:\/\/soymigrante.com\/revista\/wp-content\/uploads\/2024\/12\/MERCADO-LA-TERMINAL-12-1140x855.webp 1140w, https:\/\/soymigrante.com\/revista\/wp-content\/uploads\/2024\/12\/MERCADO-LA-TERMINAL-12.webp 1600w\" sizes=\"(max-width: 768px) 100vw, 768px\" title=\"Las estrellas titilan colgadas de alambres y las voces se multiplican con la esperanza de vender. La Terminal es lugar de actividad econ\u00f3mica intensa,  el \u00faltimo tramo despu\u00e9s de un largo proceso de cultivo o la primera escala de una deliciosa cena de Navidad o A\u00f1o Nuevo. \u2013 SoyMigrante.com REVISTA\" \/>\t\t\t\t\t\t\t\t\t\t\t<figcaption class=\"widget-image-caption wp-caption-text\">Las estrellas titilan colgadas de alambres y las voces se multiplican con la esperanza de vender. La Terminal es lugar de actividad econ\u00f3mica intensa,  el \u00faltimo tramo despu\u00e9s de un largo proceso de cultivo o la primera escala de una deliciosa cena de Navidad o A\u00f1o Nuevo.<\/figcaption>\n\t\t\t\t\t\t\t\t\t\t<\/figure>\n\t\t\t\t\t\t\t\t\t<\/div>\n\t\t\t\t\t<\/div>\n\t\t\t\t<\/div>\n\t\t<div data-particle_enable=\"false\" data-particle-mobile-disabled=\"false\" class=\"elementor-element elementor-element-54f5c51 e-flex e-con-boxed e-con e-parent\" data-id=\"54f5c51\" data-element_type=\"container\" data-e-type=\"container\">\n\t\t\t\t\t<div class=\"e-con-inner\">\n\t\t\t\t<div class=\"elementor-element elementor-element-baf014e elementor-widget elementor-widget-image\" data-id=\"baf014e\" data-element_type=\"widget\" data-e-type=\"widget\" data-widget_type=\"image.default\">\n\t\t\t\t\t\t\t\t\t\t\t\t<figure class=\"wp-caption\">\n\t\t\t\t\t\t\t\t\t\t<img loading=\"lazy\" decoding=\"async\" width=\"768\" height=\"576\" src=\"https:\/\/soymigrante.com\/revista\/wp-content\/uploads\/2024\/12\/MERCADO-LA-TERMINAL-2-1024x768.jpg\" class=\"attachment-large size-large wp-image-17745\" alt=\"Vendedor ambulante cargando bolsas y mercanc\u00eda en un mercado al aire libre en una ciudad mexicana, promoviendo la econom\u00eda local y el comercio informal.\" srcset=\"https:\/\/soymigrante.com\/revista\/wp-content\/uploads\/2024\/12\/MERCADO-LA-TERMINAL-2-1024x768.jpg 1024w, https:\/\/soymigrante.com\/revista\/wp-content\/uploads\/2024\/12\/MERCADO-LA-TERMINAL-2-300x225.jpg 300w, https:\/\/soymigrante.com\/revista\/wp-content\/uploads\/2024\/12\/MERCADO-LA-TERMINAL-2-768x576.jpg 768w, https:\/\/soymigrante.com\/revista\/wp-content\/uploads\/2024\/12\/MERCADO-LA-TERMINAL-2-1536x1152.jpg 1536w, https:\/\/soymigrante.com\/revista\/wp-content\/uploads\/2024\/12\/MERCADO-LA-TERMINAL-2-750x563.webp 750w, https:\/\/soymigrante.com\/revista\/wp-content\/uploads\/2024\/12\/MERCADO-LA-TERMINAL-2-1140x855.webp 1140w, https:\/\/soymigrante.com\/revista\/wp-content\/uploads\/2024\/12\/MERCADO-LA-TERMINAL-2.webp 1600w\" sizes=\"(max-width: 768px) 100vw, 768px\" title=\"\u00a1Voy voy voy! o \u00a1Cuidado, cuidado, cuidado! son las frases que anticipan el paso de un cargador con bultos de fruta, verdura o mercader\u00eda. Mejor qu\u00edtese porque no se detienen. Y se comprende: esa carga pesa bastante, sobre todo en bajada.  Estos cargamentos se ven a diario, pero en fin de a\u00f1o, aumentan.  Son un verdadero s\u00edmbolo de la capacidad y convicci\u00f3n de trabajo del guatemalteco. \u2013 SoyMigrante.com REVISTA\" \/>\t\t\t\t\t\t\t\t\t\t\t<figcaption class=\"widget-image-caption wp-caption-text\">\u00a1Voy voy voy! o \u00a1Cuidado, cuidado, cuidado! son las frases que anticipan el paso de un cargador con bultos de fruta, verdura o mercader\u00eda. Mejor qu\u00edtese porque no se detienen. Y se comprende: esa carga pesa bastante, sobre todo en bajada.  Estos cargamentos se ven a diario, pero en fin de a\u00f1o, aumentan.  Son un verdadero s\u00edmbolo de la capacidad y convicci\u00f3n de trabajo del guatemalteco.<\/figcaption>\n\t\t\t\t\t\t\t\t\t\t<\/figure>\n\t\t\t\t\t\t\t\t\t<\/div>\n\t\t\t\t\t<\/div>\n\t\t\t\t<\/div>\n\t\t<div data-particle_enable=\"false\" data-particle-mobile-disabled=\"false\" class=\"elementor-element elementor-element-92a1674 e-flex e-con-boxed e-con e-parent\" data-id=\"92a1674\" data-element_type=\"container\" data-e-type=\"container\">\n\t\t\t\t\t<div class=\"e-con-inner\">\n\t\t\t\t<div class=\"elementor-element elementor-element-4b83b8a elementor-widget elementor-widget-heading\" data-id=\"4b83b8a\" data-element_type=\"widget\" data-e-type=\"widget\" data-widget_type=\"heading.default\">\n\t\t\t\t\t<h2 class=\"elementor-heading-title elementor-size-default\">\u00a1Cuidado que ah\u00ed viene la camioneta! Como dice el meme: si vivieras en Suiza te perder\u00edas esto<\/h2>\t\t\t\t<\/div>\n\t\t\t\t\t<\/div>\n\t\t\t\t<\/div>\n\t\t<div data-particle_enable=\"false\" data-particle-mobile-disabled=\"false\" class=\"elementor-element elementor-element-558fa22 e-flex e-con-boxed e-con e-parent\" data-id=\"558fa22\" data-element_type=\"container\" data-e-type=\"container\">\n\t\t\t\t\t<div class=\"e-con-inner\">\n\t\t\t\t<div class=\"elementor-element elementor-element-b9940e3 elementor-invisible elementor-widget elementor-widget-facebook-embed\" data-id=\"b9940e3\" data-element_type=\"widget\" data-e-type=\"widget\" data-settings=\"{&quot;_animation&quot;:&quot;zoomInDown&quot;}\" data-widget_type=\"facebook-embed.default\">\n\t\t\t\t\t<div style=\"min-height: 1px\" class=\"elementor-facebook-widget fb-video\" data-href=\"https:\/\/www.facebook.com\/reel\/564810313059819\" data-show-text=\"false\" data-allowfullscreen=\"false\" data-autoplay=\"false\" data-show-captions=\"false\"><\/div>\t\t\t\t<\/div>\n\t\t\t\t\t<\/div>\n\t\t\t\t<\/div>\n\t\t<div data-particle_enable=\"false\" data-particle-mobile-disabled=\"false\" class=\"elementor-element elementor-element-63fa4a8 e-flex e-con-boxed e-con e-parent\" data-id=\"63fa4a8\" data-element_type=\"container\" data-e-type=\"container\">\n\t\t\t\t\t<div class=\"e-con-inner\">\n\t\t\t\t<div class=\"elementor-element elementor-element-104e369 elementor-widget elementor-widget-image\" data-id=\"104e369\" data-element_type=\"widget\" data-e-type=\"widget\" data-widget_type=\"image.default\">\n\t\t\t\t\t\t\t\t\t\t\t\t<figure class=\"wp-caption\">\n\t\t\t\t\t\t\t\t\t\t<img loading=\"lazy\" decoding=\"async\" width=\"768\" height=\"1024\" src=\"https:\/\/soymigrante.com\/revista\/wp-content\/uploads\/2024\/12\/MERCADO-LA-TERMINAL-4-768x1024.jpg\" class=\"attachment-large size-large wp-image-17747\" alt=\"Colorido puesto de mercado con tomates y vegetales, en un entorno urbano con se\u00f1aleticas de bendici\u00f3n en el fondo, resaltando la cultura y la vida de los migrantes en el contexto de SoyMigrante.com REVISTA.\" srcset=\"https:\/\/soymigrante.com\/revista\/wp-content\/uploads\/2024\/12\/MERCADO-LA-TERMINAL-4-768x1024.jpg 768w, https:\/\/soymigrante.com\/revista\/wp-content\/uploads\/2024\/12\/MERCADO-LA-TERMINAL-4-225x300.jpg 225w, https:\/\/soymigrante.com\/revista\/wp-content\/uploads\/2024\/12\/MERCADO-LA-TERMINAL-4-1152x1536.jpg 1152w, https:\/\/soymigrante.com\/revista\/wp-content\/uploads\/2024\/12\/MERCADO-LA-TERMINAL-4-750x1000.webp 750w, https:\/\/soymigrante.com\/revista\/wp-content\/uploads\/2024\/12\/MERCADO-LA-TERMINAL-4-1140x1520.webp 1140w, https:\/\/soymigrante.com\/revista\/wp-content\/uploads\/2024\/12\/MERCADO-LA-TERMINAL-4.webp 1200w\" sizes=\"(max-width: 768px) 100vw, 768px\" title=\"Tomates con T de Trajes Tradicionales. En La Terminal usted encontrar\u00e1 de todo, fresco y al gusto. El precio s\u00ed ya es otra discusi\u00f3n. Pero no se ir\u00e1 con las manos vac\u00edas. En La Terminal todos coexisten, conviven, llegan a vender o a comprar en un perfecto concepto de libre mercado que dar\u00eda una buena tesis de Econom\u00eda. \u2013 SoyMigrante.com REVISTA\" \/>\t\t\t\t\t\t\t\t\t\t\t<figcaption class=\"widget-image-caption wp-caption-text\">Vendedores y consumidores en un mercado callejero, reflejando la diversidad y la econom\u00eda local en la comunidad migrante en M\u00e9xico.<\/figcaption>\n\t\t\t\t\t\t\t\t\t\t<\/figure>\n\t\t\t\t\t\t\t\t\t<\/div>\n\t\t\t\t\t<\/div>\n\t\t\t\t<\/div>\n\t\t<div data-particle_enable=\"false\" data-particle-mobile-disabled=\"false\" class=\"elementor-element elementor-element-47f9d6d e-flex e-con-boxed e-con e-parent\" data-id=\"47f9d6d\" data-element_type=\"container\" data-e-type=\"container\">\n\t\t\t\t\t<div class=\"e-con-inner\">\n\t\t\t\t<div class=\"elementor-element elementor-element-a9a5dfa elementor-widget elementor-widget-image\" data-id=\"a9a5dfa\" data-element_type=\"widget\" data-e-type=\"widget\" data-widget_type=\"image.default\">\n\t\t\t\t\t\t\t\t\t\t\t\t<figure class=\"wp-caption\">\n\t\t\t\t\t\t\t\t\t\t<img loading=\"lazy\" decoding=\"async\" width=\"768\" height=\"1024\" src=\"https:\/\/soymigrante.com\/revista\/wp-content\/uploads\/2024\/12\/MERCADO-LA-TERMINAL-3-768x1024.jpg\" class=\"attachment-large size-large wp-image-17746\" alt=\"Cami\u00f3n de reparto en la avenida con motociclistas y autos, envuelto en actividad comercial en un entorno urbano con publicidad y sky de fondo.\" srcset=\"https:\/\/soymigrante.com\/revista\/wp-content\/uploads\/2024\/12\/MERCADO-LA-TERMINAL-3-768x1024.jpg 768w, https:\/\/soymigrante.com\/revista\/wp-content\/uploads\/2024\/12\/MERCADO-LA-TERMINAL-3-225x300.jpg 225w, https:\/\/soymigrante.com\/revista\/wp-content\/uploads\/2024\/12\/MERCADO-LA-TERMINAL-3-1152x1536.jpg 1152w, https:\/\/soymigrante.com\/revista\/wp-content\/uploads\/2024\/12\/MERCADO-LA-TERMINAL-3-750x1000.webp 750w, https:\/\/soymigrante.com\/revista\/wp-content\/uploads\/2024\/12\/MERCADO-LA-TERMINAL-3-1140x1520.webp 1140w, https:\/\/soymigrante.com\/revista\/wp-content\/uploads\/2024\/12\/MERCADO-LA-TERMINAL-3.webp 1200w\" sizes=\"(max-width: 768px) 100vw, 768px\" title=\"Mejor si se estaciona lejos y entra a pie en los d\u00edas de diciembre a La Terminal. El tr\u00e1nsito se vuelve un parqueo con piloto y pasajeros dentro del veh\u00edculo. \u2013 SoyMigrante.com REVISTA\" \/>\t\t\t\t\t\t\t\t\t\t\t<figcaption class=\"widget-image-caption wp-caption-text\">Un comercio en la calle con reparto y tr\u00e1nsito de veh\u00edculos, reflejando movimiento y vida en la ciudad.<\/figcaption>\n\t\t\t\t\t\t\t\t\t\t<\/figure>\n\t\t\t\t\t\t\t\t\t<\/div>\n\t\t\t\t\t<\/div>\n\t\t\t\t<\/div>\n\t\t<div data-particle_enable=\"false\" data-particle-mobile-disabled=\"false\" class=\"elementor-element elementor-element-fa85f7a e-flex e-con-boxed e-con e-parent\" data-id=\"fa85f7a\" data-element_type=\"container\" data-e-type=\"container\">\n\t\t\t\t\t<div class=\"e-con-inner\">\n\t\t\t\t<div class=\"elementor-element elementor-element-2623ac6 elementor-widget elementor-widget-image\" data-id=\"2623ac6\" data-element_type=\"widget\" data-e-type=\"widget\" data-widget_type=\"image.default\">\n\t\t\t\t\t\t\t\t\t\t\t\t<figure class=\"wp-caption\">\n\t\t\t\t\t\t\t\t\t\t<img loading=\"lazy\" decoding=\"async\" width=\"768\" height=\"1024\" src=\"https:\/\/soymigrante.com\/revista\/wp-content\/uploads\/2024\/12\/IMG-20241220-WA0040-768x1024.jpg\" class=\"attachment-large size-large wp-image-17767\" alt=\"Camiones de migrantes entregando ayuda en M\u00e9xico en un entorno urbano con cables el\u00e9ctricos y poblaci\u00f3n.\" srcset=\"https:\/\/soymigrante.com\/revista\/wp-content\/uploads\/2024\/12\/IMG-20241220-WA0040-768x1024.jpg 768w, https:\/\/soymigrante.com\/revista\/wp-content\/uploads\/2024\/12\/IMG-20241220-WA0040-225x300.jpg 225w, https:\/\/soymigrante.com\/revista\/wp-content\/uploads\/2024\/12\/IMG-20241220-WA0040-1152x1536.jpg 1152w, https:\/\/soymigrante.com\/revista\/wp-content\/uploads\/2024\/12\/IMG-20241220-WA0040-750x1000.webp 750w, https:\/\/soymigrante.com\/revista\/wp-content\/uploads\/2024\/12\/IMG-20241220-WA0040-1140x1520.webp 1140w, https:\/\/soymigrante.com\/revista\/wp-content\/uploads\/2024\/12\/IMG-20241220-WA0040.webp 1200w\" sizes=\"(max-width: 768px) 100vw, 768px\" title=\"A veces no basta uno sino dos cargadores patra transportar todo lo del mandado. A lo largo del a\u00f1o muchas personas vienen a comprar sus verduras para toda la semana. Cada cargador no tiene una tarifa fija. \u00bfCu\u00e1nto le debo? &quot;Lo que sea su voluntad&quot;.... Ah\u00ed s\u00ed ya depende de cu\u00e1nto vale su voluntad. \u2013 SoyMigrante.com REVISTA\" \/>\t\t\t\t\t\t\t\t\t\t\t<figcaption class=\"widget-image-caption wp-caption-text\">Distribuci\u00f3n de ayuda para migrantes en M\u00e9xico, con personas cargando cajas en la calle en un d\u00eda soleado.<\/figcaption>\n\t\t\t\t\t\t\t\t\t\t<\/figure>\n\t\t\t\t\t\t\t\t\t<\/div>\n\t\t\t\t\t<\/div>\n\t\t\t\t<\/div>\n\t\t<div data-particle_enable=\"false\" data-particle-mobile-disabled=\"false\" class=\"elementor-element elementor-element-050fc28 e-flex e-con-boxed e-con e-parent\" data-id=\"050fc28\" data-element_type=\"container\" data-e-type=\"container\">\n\t\t\t\t\t<div class=\"e-con-inner\">\n\t\t\t\t<div class=\"elementor-element elementor-element-22c8bf9 elementor-widget elementor-widget-heading\" data-id=\"22c8bf9\" data-element_type=\"widget\" data-e-type=\"widget\" data-widget_type=\"heading.default\">\n\t\t\t\t\t<h2 class=\"elementor-heading-title elementor-size-default\">Arte en lo alto que casi no se ve pero all\u00ed sigue<\/h2>\t\t\t\t<\/div>\n\t\t\t\t\t<\/div>\n\t\t\t\t<\/div>\n\t\t<div data-particle_enable=\"false\" data-particle-mobile-disabled=\"false\" class=\"elementor-element elementor-element-e96d7ed e-flex e-con-boxed e-con e-parent\" data-id=\"e96d7ed\" data-element_type=\"container\" data-e-type=\"container\">\n\t\t\t\t\t<div class=\"e-con-inner\">\n\t\t\t\t<div class=\"elementor-element elementor-element-cf85247 elementor-widget elementor-widget-text-editor\" data-id=\"cf85247\" data-element_type=\"widget\" data-e-type=\"widget\" data-widget_type=\"text-editor.default\">\n\t\t\t\t\t\t\t\t\t<p>Aqu\u00ed la historia es que: Hab\u00eda una vez, en la d\u00e9cada 1970,l un proyecto de un edificio llamado Hotel Terminal. Como parte de su dise\u00f1o, incluy\u00f3 un mural del artista guatemalteco Dagoberto V\u00e1squez. Est\u00e1 en la 1a. calle y 3a. avenida zona 9. El Edificio tuvo que ser demolido por los da\u00f1os sufridos durante el terremoto que azot\u00f3 a Guatemala en 1976.\u00a0 Solo qued\u00f3 la planta baja con locales comerciales, que a\u00fan existen y funcionan. El Mural volvi\u00f3 a quedar descubierto cuando la Municipalidad capitalina tech\u00f3 el paso sobre el mercado.\u00a0 Si un d\u00eda vas a La Terminal, quiz\u00e1 desees ver c\u00f3mo el arte de vender, el arte de ofrecer de todo y el arte de trabajar con intensidad, tambi\u00e9n tiene un homenaje de arte escult\u00f3rico ac\u00e1.\u00a0<\/p>\t\t\t\t\t\t\t\t<\/div>\n\t\t\t\t\t<\/div>\n\t\t\t\t<\/div>\n\t\t<div data-particle_enable=\"false\" data-particle-mobile-disabled=\"false\" class=\"elementor-element elementor-element-4ccd1bd e-flex e-con-boxed e-con e-parent\" data-id=\"4ccd1bd\" data-element_type=\"container\" data-e-type=\"container\">\n\t\t\t\t\t<div class=\"e-con-inner\">\n\t\t\t\t<div class=\"elementor-element elementor-element-ae4e182 elementor-arrows-position-inside elementor-pagination-position-outside elementor-widget elementor-widget-image-carousel\" data-id=\"ae4e182\" data-element_type=\"widget\" data-e-type=\"widget\" data-settings=\"{&quot;slides_to_show&quot;:&quot;1&quot;,&quot;navigation&quot;:&quot;both&quot;,&quot;autoplay&quot;:&quot;yes&quot;,&quot;pause_on_hover&quot;:&quot;yes&quot;,&quot;pause_on_interaction&quot;:&quot;yes&quot;,&quot;autoplay_speed&quot;:5000,&quot;infinite&quot;:&quot;yes&quot;,&quot;effect&quot;:&quot;slide&quot;,&quot;speed&quot;:500}\" data-widget_type=\"image-carousel.default\">\n\t\t\t\t\t\t\t<div class=\"elementor-image-carousel-wrapper swiper\" role=\"region\" aria-roledescription=\"carousel\" aria-label=\"Carrusel de im\u00e1genes\" dir=\"ltr\">\n\t\t\t<div class=\"elementor-image-carousel swiper-wrapper\" aria-live=\"off\">\n\t\t\t\t\t\t\t\t<div class=\"swiper-slide\" role=\"group\" aria-roledescription=\"slide\" aria-label=\"1 de 5\"><figure class=\"swiper-slide-inner\"><img decoding=\"async\" class=\"swiper-slide-image\" src=\"https:\/\/soymigrante.com\/revista\/wp-content\/uploads\/2024\/12\/MERCADO-LA-TERMINAL-12-1-1024x1024.jpg\" alt=\"Balc\u00f3n decorado con guirnaldas navide\u00f1as en mercado cubierto, con puestos de frutas y verduras, lleno de personas comprando, en un ambiente festivo y comunitario en M\u00e9xico.\" \/><\/figure><\/div><div class=\"swiper-slide\" role=\"group\" aria-roledescription=\"slide\" aria-label=\"2 de 5\"><figure class=\"swiper-slide-inner\"><img decoding=\"async\" class=\"swiper-slide-image\" src=\"https:\/\/soymigrante.com\/revista\/wp-content\/uploads\/2024\/12\/MERCADO-LA-TERMINAL-14-1-1024x1024.jpg\" alt=\"Arco de Navidad decorado con luces y adornos, ubicado en una zona comercial con se\u00f1alizaci\u00f3n visible en el fondo. Decoraci\u00f3n festiva y ambiente navide\u00f1o en espacio p\u00fablico.\" \/><\/figure><\/div><div class=\"swiper-slide\" role=\"group\" aria-roledescription=\"slide\" aria-label=\"3 de 5\"><figure class=\"swiper-slide-inner\"><img decoding=\"async\" class=\"swiper-slide-image\" src=\"https:\/\/soymigrante.com\/revista\/wp-content\/uploads\/2024\/12\/hotel-terminal.webp\" alt=\"Edificio emblem\u00e1tico con columnas arqueadas y estructura moderna en blanco y negro.\" \/><\/figure><\/div><div class=\"swiper-slide\" role=\"group\" aria-roledescription=\"slide\" aria-label=\"4 de 5\"><figure class=\"swiper-slide-inner\"><img decoding=\"async\" class=\"swiper-slide-image\" src=\"https:\/\/soymigrante.com\/revista\/wp-content\/uploads\/2024\/12\/Fr7oodaWIAAmQqE.webp\" alt=\"Muro con relieves y esculturas de arte mexicano en granito, representando cultura y patrimonio en un espacio p\u00fablico, con s\u00edmbolos culturales y modernidad.\" \/><\/figure><\/div><div class=\"swiper-slide\" role=\"group\" aria-roledescription=\"slide\" aria-label=\"5 de 5\"><figure class=\"swiper-slide-inner\"><img decoding=\"async\" class=\"swiper-slide-image\" src=\"https:\/\/soymigrante.com\/revista\/wp-content\/uploads\/2024\/12\/Fr7ok6KXoAEO4Ho-1024x1024.jpeg\" alt=\"Da\u00f1o estructural en edificio con cristales rotos y paredes agrietadas, evidenciando un sismo o desastre natural. Imagen en blanco y negro de una zona urbana afectada, reflejando destrucci\u00f3n y riesgo s\u00edsmico.\" \/><\/figure><\/div>\t\t\t<\/div>\n\t\t\t\t\t\t\t\t\t\t\t\t<div class=\"elementor-swiper-button elementor-swiper-button-prev\" role=\"button\" tabindex=\"0\">\n\t\t\t\t\t\t<i aria-hidden=\"true\" class=\"eicon-chevron-left\"><\/i>\t\t\t\t\t<\/div>\n\t\t\t\t\t<div class=\"elementor-swiper-button elementor-swiper-button-next\" role=\"button\" tabindex=\"0\">\n\t\t\t\t\t\t<i aria-hidden=\"true\" class=\"eicon-chevron-right\"><\/i>\t\t\t\t\t<\/div>\n\t\t\t\t\n\t\t\t\t\t\t\t\t\t<div class=\"swiper-pagination\"><\/div>\n\t\t\t\t\t\t\t\t\t<\/div>\n\t\t\t\t\t\t<\/div>\n\t\t\t\t\t<\/div>\n\t\t\t\t<\/div>\n\t\t<div data-particle_enable=\"false\" data-particle-mobile-disabled=\"false\" class=\"elementor-element elementor-element-bb7bc1b e-flex e-con-boxed e-con e-parent\" data-id=\"bb7bc1b\" data-element_type=\"container\" data-e-type=\"container\">\n\t\t\t\t\t<div class=\"e-con-inner\">\n\t\t\t\t<div class=\"elementor-element elementor-element-acdc100 elementor-widget elementor-widget-heading\" data-id=\"acdc100\" data-element_type=\"widget\" data-e-type=\"widget\" data-widget_type=\"heading.default\">\n\t\t\t\t\t<h2 class=\"elementor-heading-title elementor-size-default\">M\u00e1s sobre la Guatemala nuestra<\/h2>\t\t\t\t<\/div>\n\t\t\t\t\t<\/div>\n\t\t\t\t<\/div>\n\t\t<div data-particle_enable=\"false\" data-particle-mobile-disabled=\"false\" class=\"elementor-element elementor-element-99f0d3f e-flex e-con-boxed e-con e-parent\" data-id=\"99f0d3f\" data-element_type=\"container\" data-e-type=\"container\">\n\t\t\t\t\t<div class=\"e-con-inner\">\n\t\t\t\t<div class=\"elementor-element elementor-element-4a044ef elementor-grid-eael-col-3 elementor-grid-tablet-eael-col-2 elementor-grid-mobile-eael-col-1 elementor-widget elementor-widget-eael-post-grid\" data-id=\"4a044ef\" data-element_type=\"widget\" data-e-type=\"widget\" data-settings=\"{&quot;eael_post_grid_columns&quot;:&quot;eael-col-3&quot;,&quot;eael_post_grid_columns_tablet&quot;:&quot;eael-col-2&quot;,&quot;eael_post_grid_columns_mobile&quot;:&quot;eael-col-1&quot;}\" data-widget_type=\"eael-post-grid.default\">\n\t\t\t\t\t<div id=\"eael-post-grid-4a044ef\" class=\"eael-post-grid-container\">\n            <div class=\"eael-post-grid eael-post-appender eael-post-appender-4a044ef eael-post-grid-style-one\" data-layout-mode=\"masonry\"><article class=\"eael-grid-post  eael-post-grid-column eael-pg-post-15388 category-guate-nuestra\" data-id=\"15388\">\n        <div class=\"eael-grid-post-holder\">\n            <div class=\"eael-grid-post-holder-inner\"><div class=\"eael-entry-media\"><div class=\"eael-entry-overlay fade-in\"><i class=\"far fa-hand-pointer\" aria-hidden=\"true\"><\/i><a href=\"https:\/\/soymigrante.com\/revista\/que-tiene-la-navidad-chapina-que-los-migrantes-la-recuerdan-tanto-mira-esta-lista\/\"><\/a><\/div><div class=\"eael-entry-thumbnail \">\n                <img loading=\"lazy\" decoding=\"async\" width=\"1024\" height=\"1024\" src=\"https:\/\/soymigrante.com\/revista\/wp-content\/uploads\/2025\/12\/posada-guatemalteca-navidad-chapina-tradicion-envato-labs.png\" class=\"attachment-large size-large wp-image-50025\" alt=\"posada guatemalteca navidad chapina tradicion envato labs\" srcset=\"https:\/\/soymigrante.com\/revista\/wp-content\/uploads\/2025\/12\/posada-guatemalteca-navidad-chapina-tradicion-envato-labs.png 1024w, https:\/\/soymigrante.com\/revista\/wp-content\/uploads\/2025\/12\/posada-guatemalteca-navidad-chapina-tradicion-envato-labs-300x300.png 300w, https:\/\/soymigrante.com\/revista\/wp-content\/uploads\/2025\/12\/posada-guatemalteca-navidad-chapina-tradicion-envato-labs-150x150.png 150w, https:\/\/soymigrante.com\/revista\/wp-content\/uploads\/2025\/12\/posada-guatemalteca-navidad-chapina-tradicion-envato-labs-768x768.png 768w, https:\/\/soymigrante.com\/revista\/wp-content\/uploads\/2025\/12\/posada-guatemalteca-navidad-chapina-tradicion-envato-labs-75x75.png 75w, https:\/\/soymigrante.com\/revista\/wp-content\/uploads\/2025\/12\/posada-guatemalteca-navidad-chapina-tradicion-envato-labs-750x750.png 750w\" sizes=\"(max-width: 1024px) 100vw, 1024px\" \/>\n            <\/div>\n        <\/div><div class=\"eael-entry-wrapper\"><header class=\"eael-entry-header\"><h2 class=\"eael-entry-title\"><a class=\"eael-grid-post-link\" href=\"https:\/\/soymigrante.com\/revista\/que-tiene-la-navidad-chapina-que-los-migrantes-la-recuerdan-tanto-mira-esta-lista\/\" title=\"\u00bfEn qu\u00e9 radica el encanto de la Navidad chapina que los migrantes tanto recuerdan?\">\u00bfEn qu\u00e9 radica el encanto de la Navidad chapina que los migrantes tanto recuerdan?<\/a><\/h2><\/header><div class=\"eael-entry-content\">\n                        <div class=\"eael-grid-post-excerpt\"><a href=\"https:\/\/soymigrante.com\/revista\/que-tiene-la-navidad-chapina-que-los-migrantes-la-recuerdan-tanto-mira-esta-lista\/\" class=\"eael-post-elements-readmore-btn\">CONOCE SU HISTORIA <\/a><\/div>\n                    <\/div><\/div><\/div>\n        <\/div>\n    <\/article><article class=\"eael-grid-post  eael-post-grid-column eael-pg-post-14362 category-guate-nuestra\" data-id=\"14362\">\n        <div class=\"eael-grid-post-holder\">\n            <div class=\"eael-grid-post-holder-inner\"><div class=\"eael-entry-media\"><div class=\"eael-entry-overlay fade-in\"><i class=\"far fa-hand-pointer\" aria-hidden=\"true\"><\/i><a href=\"https:\/\/soymigrante.com\/revista\/regalos-unicos-para-navidad-hechos-a-mano-en-guatemala\/\"><\/a><\/div><div class=\"eael-entry-thumbnail \">\n                <img loading=\"lazy\" decoding=\"async\" width=\"421\" height=\"416\" src=\"https:\/\/soymigrante.com\/revista\/wp-content\/uploads\/2024\/11\/obsequios-navidad-soymigrante-mercado.png\" class=\"attachment-large size-large wp-image-50005\" alt=\"obsequios navidad soymigrante mercado\" srcset=\"https:\/\/soymigrante.com\/revista\/wp-content\/uploads\/2024\/11\/obsequios-navidad-soymigrante-mercado.png 421w, https:\/\/soymigrante.com\/revista\/wp-content\/uploads\/2024\/11\/obsequios-navidad-soymigrante-mercado-300x296.png 300w, https:\/\/soymigrante.com\/revista\/wp-content\/uploads\/2024\/11\/obsequios-navidad-soymigrante-mercado-75x75.png 75w\" sizes=\"(max-width: 421px) 100vw, 421px\" \/>\n            <\/div>\n        <\/div><div class=\"eael-entry-wrapper\"><header class=\"eael-entry-header\"><h2 class=\"eael-entry-title\"><a class=\"eael-grid-post-link\" href=\"https:\/\/soymigrante.com\/revista\/regalos-unicos-para-navidad-hechos-a-mano-en-guatemala\/\" title=\"11 regalos \u00fanicos, hechos por manos guatemaltecas, para obsequiar en Navidad\">11 regalos \u00fanicos, hechos por manos guatemaltecas, para obsequiar en Navidad<\/a><\/h2><\/header><div class=\"eael-entry-content\">\n                        <div class=\"eael-grid-post-excerpt\"><a href=\"https:\/\/soymigrante.com\/revista\/regalos-unicos-para-navidad-hechos-a-mano-en-guatemala\/\" class=\"eael-post-elements-readmore-btn\">CONOCE SU HISTORIA <\/a><\/div>\n                    <\/div><\/div><\/div>\n        <\/div>\n    <\/article><article class=\"eael-grid-post  eael-post-grid-column eael-pg-post-334 category-lugar-de-voces\" data-id=\"334\">\n        <div class=\"eael-grid-post-holder\">\n            <div class=\"eael-grid-post-holder-inner\"><div class=\"eael-entry-media\"><div class=\"eael-entry-overlay fade-in\"><i class=\"far fa-hand-pointer\" aria-hidden=\"true\"><\/i><a href=\"https:\/\/soymigrante.com\/revista\/a-guatemala-poema-del-nobel-de-literatura-miguel-angel-asturias\/\"><\/a><\/div><div class=\"eael-entry-thumbnail \">\n                <img loading=\"lazy\" decoding=\"async\" width=\"1024\" height=\"1024\" src=\"https:\/\/soymigrante.com\/revista\/wp-content\/uploads\/2023\/02\/mural-mariposa-scaled-e1728581437924-1024x1024.jpg\" class=\"attachment-large size-large wp-image-701\" alt=\"Mural en Momostenango\" srcset=\"https:\/\/soymigrante.com\/revista\/wp-content\/uploads\/2023\/02\/mural-mariposa-scaled-e1728581437924-1024x1024.jpg 1024w, https:\/\/soymigrante.com\/revista\/wp-content\/uploads\/2023\/02\/mural-mariposa-scaled-e1728581437924-300x300.webp 300w, https:\/\/soymigrante.com\/revista\/wp-content\/uploads\/2023\/02\/mural-mariposa-scaled-e1728581437924-150x150.webp 150w, https:\/\/soymigrante.com\/revista\/wp-content\/uploads\/2023\/02\/mural-mariposa-scaled-e1728581437924-768x768.jpg 768w, https:\/\/soymigrante.com\/revista\/wp-content\/uploads\/2023\/02\/mural-mariposa-scaled-e1728581437924-75x75.webp 75w, https:\/\/soymigrante.com\/revista\/wp-content\/uploads\/2023\/02\/mural-mariposa-scaled-e1728581437924-750x750.webp 750w, https:\/\/soymigrante.com\/revista\/wp-content\/uploads\/2023\/02\/mural-mariposa-scaled-e1728581437924-1140x1140.jpg 1140w, https:\/\/soymigrante.com\/revista\/wp-content\/uploads\/2023\/02\/mural-mariposa-scaled-e1728581437924.webp 1160w\" sizes=\"(max-width: 1024px) 100vw, 1024px\" \/>\n            <\/div>\n        <\/div><div class=\"eael-entry-wrapper\"><header class=\"eael-entry-header\"><h2 class=\"eael-entry-title\"><a class=\"eael-grid-post-link\" href=\"https:\/\/soymigrante.com\/revista\/a-guatemala-poema-del-nobel-de-literatura-miguel-angel-asturias\/\" title=\"A Guatemala, poema de Miguel \u00c1ngel Asturias\">A Guatemala, poema de Miguel \u00c1ngel Asturias<\/a><\/h2><\/header><div class=\"eael-entry-content\">\n                        <div class=\"eael-grid-post-excerpt\"><a href=\"https:\/\/soymigrante.com\/revista\/a-guatemala-poema-del-nobel-de-literatura-miguel-angel-asturias\/\" class=\"eael-post-elements-readmore-btn\">CONOCE SU HISTORIA <\/a><\/div>\n                    <\/div><\/div><\/div>\n        <\/div>\n    <\/article><\/div>\n            <div class=\"clearfix\"><\/div>\n        <\/div>\t\t\t\t<\/div>\n\t\t\t\t\t<\/div>\n\t\t\t\t<\/div>\n\t\t\t\t<\/div>\n\t\t","protected":false},"excerpt":{"rendered":"<p>La Terminal de la zona 4 se llena todo el a\u00f1o a diario, pero sobre todo en los \u00faltimos d\u00edas de diciembre se multiplican las ventas, los gritos de vendedores y los regateos infaltables de los compradores, para que al final sea un gana-gana. Todav\u00eda siguen llegando buses a la Terminal de Buses de la [&hellip;]<\/p>\n","protected":false},"author":7,"featured_media":17801,"comment_status":"open","ping_status":"open","sticky":false,"template":"","format":"standard","meta":{"_acf_changed":false,"_eb_attr":"","footnotes":""},"categories":[58],"tags":[],"class_list":["post-17735","post","type-post","status-publish","format-standard","has-post-thumbnail","hentry","category-guate-nuestra"],"acf":[],"aioseo_notices":[],"aioseo_head":"\n\t\t<!-- All in One SEO Pro 4.9.6.2 - aioseo.com -->\n\t<meta name=\"description\" content=\"A Guatemala, poema de Miguel \u00c1ngel Asturias\" \/>\n\t<meta name=\"robots\" content=\"max-snippet:-1, max-image-preview:large, max-video-preview:-1\" \/>\n\t<meta name=\"author\" content=\"SoyMigrante.com REVISTA\"\/>\n\t<link rel=\"canonical\" href=\"https:\/\/soymigrante.com\/revista\/a-guatemala-poema-del-nobel-de-literatura-miguel-angel-asturias\/\" \/>\n\t<meta name=\"generator\" content=\"All in One SEO Pro (AIOSEO) 4.9.6.2\" \/>\n\n\t\t<link rel=\"preconnect\" href=\"https:\/\/fonts.googleapis.com\" crossorigin>\n<link rel=\"preconnect\" href=\"https:\/\/fonts.gstatic.com\" crossorigin>\n\t\t<meta property=\"og:locale\" content=\"es_ES\" \/>\n\t\t<meta property=\"og:site_name\" content=\"SoyMigrante.com REVISTA \u2013 Nuestra misi\u00f3n es reconocer y dignificar al migrante.\" \/>\n\t\t<meta property=\"og:type\" content=\"article\" \/>\n\t\t<meta property=\"og:title\" content=\"A Guatemala, poema de Miguel \u00c1ngel Asturias\" \/>\n\t\t<meta property=\"og:description\" content=\"A Guatemala, poema de Miguel \u00c1ngel Asturias\" \/>\n\t\t<meta property=\"og:url\" content=\"https:\/\/soymigrante.com\/revista\/a-guatemala-poema-del-nobel-de-literatura-miguel-angel-asturias\/\" \/>\n\t\t<meta property=\"og:image\" content=\"https:\/\/soymigrante.com\/revista\/wp-content\/uploads\/2023\/02\/mural-mariposa-scaled-e1728581437924.webp\" \/>\n\t\t<meta property=\"og:image:secure_url\" content=\"https:\/\/soymigrante.com\/revista\/wp-content\/uploads\/2023\/02\/mural-mariposa-scaled-e1728581437924.webp\" \/>\n\t\t<meta property=\"og:image:width\" content=\"1160\" \/>\n\t\t<meta property=\"og:image:height\" content=\"1160\" \/>\n\t\t<meta property=\"article:published_time\" content=\"2023-05-26T00:33:23+00:00\" \/>\n\t\t<meta property=\"article:modified_time\" content=\"2025-09-16T13:18:14+00:00\" \/>\n\t\t<meta property=\"article:publisher\" content=\"https:\/\/www.facebook.com\/soymigrantecom\" \/>\n\t\t<meta name=\"twitter:card\" content=\"summary_large_image\" \/>\n\t\t<meta name=\"twitter:site\" content=\"@SoyMigrante_com\" \/>\n\t\t<meta name=\"twitter:title\" content=\"A Guatemala, poema de Miguel \u00c1ngel Asturias\" \/>\n\t\t<meta name=\"twitter:description\" content=\"A Guatemala, poema de Miguel \u00c1ngel Asturias\" \/>\n\t\t<meta name=\"twitter:creator\" content=\"@SoyMigrante_com\" \/>\n\t\t<meta name=\"twitter:image\" content=\"https:\/\/soymigrante.com\/revista\/wp-content\/uploads\/2023\/02\/mural-mariposa-scaled-e1728581437924.webp\" \/>\n\t\t<!-- All in One SEO Pro -->\r\n\t\t<title>A Guatemala, poema de Miguel \u00c1ngel Asturias<\/title>\n\n","aioseo_head_json":{"title":"A Guatemala, poema de Miguel \u00c1ngel Asturias","description":"A Guatemala, poema de Miguel \u00c1ngel Asturias","canonical_url":"https:\/\/soymigrante.com\/revista\/a-guatemala-poema-del-nobel-de-literatura-miguel-angel-asturias\/","robots":"max-snippet:-1, max-image-preview:large, max-video-preview:-1","keywords":"","webmasterTools":{"miscellaneous":"&lt;link rel=\"preconnect\" href=\"https:\/\/fonts.googleapis.com\" crossorigin&gt;\n&lt;link rel=\"preconnect\" href=\"https:\/\/fonts.gstatic.com\" crossorigin&gt;"},"schema":null,"og:locale":"es_ES","og:site_name":"SoyMigrante.com REVISTA \u2013 Nuestra misi\u00f3n es reconocer y dignificar al migrante.","og:type":"article","og:title":"A Guatemala, poema de Miguel \u00c1ngel Asturias","og:description":"A Guatemala, poema de Miguel \u00c1ngel Asturias","og:url":"https:\/\/soymigrante.com\/revista\/a-guatemala-poema-del-nobel-de-literatura-miguel-angel-asturias\/","og:image":"https:\/\/soymigrante.com\/revista\/wp-content\/uploads\/2023\/02\/mural-mariposa-scaled-e1728581437924.webp","og:image:secure_url":"https:\/\/soymigrante.com\/revista\/wp-content\/uploads\/2023\/02\/mural-mariposa-scaled-e1728581437924.webp","og:image:width":1160,"og:image:height":1160,"article:published_time":"2023-05-26T00:33:23+00:00","article:modified_time":"2025-09-16T13:18:14+00:00","article:publisher":"https:\/\/www.facebook.com\/soymigrantecom","twitter:card":"summary_large_image","twitter:site":"@SoyMigrante_com","twitter:title":"A Guatemala, poema de Miguel \u00c1ngel Asturias","twitter:description":"A Guatemala, poema de Miguel \u00c1ngel Asturias","twitter:creator":"@SoyMigrante_com","twitter:image":"https:\/\/soymigrante.com\/revista\/wp-content\/uploads\/2023\/02\/mural-mariposa-scaled-e1728581437924.webp"},"aioseo_meta_data":{"post_id":"17735","title":"Mercado La Terminal exhibe la abundancia de Guatemala","description":"En el Mercado La Terminal de la zona 4 de Guatemala llegan y salen verduras, frutas y productos de todo el pa\u00eds. Esta es una cr\u00f3nica en fotos antes de Navidad.","keywords":null,"keyphrases":{"focus":{"keyphrase":"Mercado","score":78,"analysis":{"keyphraseInTitle":{"score":9,"maxScore":9,"error":0},"keyphraseInDescription":{"score":9,"maxScore":9,"error":0},"keyphraseLength":{"score":9,"maxScore":9,"error":0,"length":1},"keyphraseInURL":{"score":5,"maxScore":5,"error":0},"keyphraseInIntroduction":{"score":9,"maxScore":9,"error":0},"keyphraseInSubHeadings":{"score":3,"maxScore":9,"error":1},"keyphraseInImageAlt":{"score":9,"maxScore":9,"error":0},"keywordDensity":{"score":0,"type":"low","maxScore":9,"error":1}}},"additional":[]},"primary_term":null,"canonical_url":null,"og_title":null,"og_description":null,"og_object_type":"default","og_image_type":"default","og_image_url":null,"og_image_width":null,"og_image_height":null,"og_image_custom_url":null,"og_image_custom_fields":null,"og_video":"","og_custom_url":null,"og_article_section":null,"og_article_tags":null,"twitter_use_og":false,"twitter_card":"default","twitter_image_type":"default","twitter_image_url":null,"twitter_image_custom_url":null,"twitter_image_custom_fields":null,"twitter_title":null,"twitter_description":null,"schema":{"blockGraphs":[],"customGraphs":[],"default":{"data":{"Article":[],"Course":[],"Dataset":[],"FAQPage":[],"Movie":[],"Person":[],"Product":[],"ProductReview":[],"Car":[],"Recipe":[],"Service":[],"SoftwareApplication":[],"WebPage":[]},"graphName":"BlogPosting","isEnabled":true},"graphs":[]},"schema_type":"default","schema_type_options":null,"pillar_content":false,"robots_default":true,"robots_noindex":false,"robots_noarchive":false,"robots_nosnippet":false,"robots_nofollow":false,"robots_noimageindex":false,"robots_noodp":false,"robots_notranslate":false,"robots_max_snippet":"-1","robots_max_videopreview":"-1","robots_max_imagepreview":"large","priority":null,"frequency":"default","local_seo":null,"seo_analyzer_scan_date":"2025-10-09 01:15:10","breadcrumb_settings":null,"limit_modified_date":false,"reviewed_by":null,"open_ai":"{\"title\":{\"suggestions\":[],\"usage\":0},\"description\":{\"suggestions\":[],\"usage\":0}}","ai":null,"created":"2024-12-23 19:07:00","updated":"2026-02-04 18:33:31"},"aioseo_breadcrumb":"<div class=\"aioseo-breadcrumbs\"><span class=\"aioseo-breadcrumb\">\n\t<a href=\"https:\/\/soymigrante.com\/revista\" title=\"Home\">Home<\/a>\n<\/span><span class=\"aioseo-breadcrumb-separator\">\u00bb<\/span><span class=\"aioseo-breadcrumb\">\n\t<a href=\"https:\/\/soymigrante.com\/revista\/category\/guate-nuestra\/\" title=\"Guate Nuestra\">Guate Nuestra<\/a>\n<\/span><span class=\"aioseo-breadcrumb-separator\">\u00bb<\/span><span class=\"aioseo-breadcrumb\">\n\tEn im\u00e1genes: caminar por el Mercado La Terminal en fin de a\u00f1o para ver y o\u00edr la abundancia de Guatemala\n<\/span><\/div>","aioseo_breadcrumb_json":[{"label":"Home","link":"https:\/\/soymigrante.com\/revista"},{"label":"Guate Nuestra","link":"https:\/\/soymigrante.com\/revista\/category\/guate-nuestra\/"},{"label":"En im\u00e1genes: caminar por el Mercado La Terminal en fin de a\u00f1o para ver y o\u00edr la abundancia de Guatemala","link":"https:\/\/soymigrante.com\/revista\/galeria-de-fotos-caminando-por-el-mercado-la-terminal-para-ver-y-oir-la-abundancia-de-guatemala\/"}],"_links":{"self":[{"href":"https:\/\/soymigrante.com\/revista\/wp-json\/wp\/v2\/posts\/17735","targetHints":{"allow":["GET"]}}],"collection":[{"href":"https:\/\/soymigrante.com\/revista\/wp-json\/wp\/v2\/posts"}],"about":[{"href":"https:\/\/soymigrante.com\/revista\/wp-json\/wp\/v2\/types\/post"}],"author":[{"embeddable":true,"href":"https:\/\/soymigrante.com\/revista\/wp-json\/wp\/v2\/users\/7"}],"replies":[{"embeddable":true,"href":"https:\/\/soymigrante.com\/revista\/wp-json\/wp\/v2\/comments?post=17735"}],"version-history":[{"count":0,"href":"https:\/\/soymigrante.com\/revista\/wp-json\/wp\/v2\/posts\/17735\/revisions"}],"wp:featuredmedia":[{"embeddable":true,"href":"https:\/\/soymigrante.com\/revista\/wp-json\/wp\/v2\/media\/17801"}],"wp:attachment":[{"href":"https:\/\/soymigrante.com\/revista\/wp-json\/wp\/v2\/media?parent=17735"}],"wp:term":[{"taxonomy":"category","embeddable":true,"href":"https:\/\/soymigrante.com\/revista\/wp-json\/wp\/v2\/categories?post=17735"},{"taxonomy":"post_tag","embeddable":true,"href":"https:\/\/soymigrante.com\/revista\/wp-json\/wp\/v2\/tags?post=17735"}],"curies":[{"name":"wp","href":"https:\/\/api.w.org\/{rel}","templated":true}]}}