{"id":17721,"date":"2024-12-23T11:14:34","date_gmt":"2024-12-23T17:14:34","guid":{"rendered":"https:\/\/soymigrante.com\/revista\/?p=17721"},"modified":"2024-12-23T13:02:29","modified_gmt":"2024-12-23T19:02:29","slug":"guatemaltecos-en-ee-uu-y-canada-evocan-el-dulce-espiritu-de-la-navidad-de-su-ninez","status":"publish","type":"post","link":"https:\/\/soymigrante.com\/revista\/guatemaltecos-en-ee-uu-y-canada-evocan-el-dulce-espiritu-de-la-navidad-de-su-ninez\/","title":{"rendered":"Guatemaltecos en EE.UU. y Canad\u00e1 evocan el dulce esp\u00edritu de la Navidad de su ni\u00f1ez"},"content":{"rendered":"\t\t<div data-elementor-type=\"wp-post\" data-elementor-id=\"17721\" class=\"elementor elementor-17721\" data-elementor-post-type=\"post\">\n\t\t\t\t<div data-particle_enable=\"false\" data-particle-mobile-disabled=\"false\" class=\"elementor-element elementor-element-66f915e e-flex e-con-boxed e-con e-parent\" data-id=\"66f915e\" data-element_type=\"container\" data-e-type=\"container\">\n\t\t\t\t\t<div class=\"e-con-inner\">\n\t\t\t\t<div class=\"elementor-element elementor-element-36b1187 elementor-widget elementor-widget-heading\" data-id=\"36b1187\" data-element_type=\"widget\" data-e-type=\"widget\" data-widget_type=\"heading.default\">\n\t\t\t\t\t<h2 class=\"elementor-heading-title elementor-size-default\"><span style=\"font-size: 31.2px\">Ese aroma de pino regado en el piso de la casa, ese vapor del ponche de frutas hirviendo en una olla grande, ese sonido de chinchines y percusi\u00f3n de tortugas de las posadas... Nadie lo puede olvidar aunque est\u00e9 lejos. As\u00ed comparten migrantes guatemaltecos sus vivencias navide\u00f1as de anta\u00f1o. \n<\/span><div><br><\/div><\/h2>\t\t\t\t<\/div>\n\t\t\t\t\t<\/div>\n\t\t\t\t<\/div>\n\t\t<div data-particle_enable=\"false\" data-particle-mobile-disabled=\"false\" class=\"elementor-element elementor-element-2a52412 e-flex e-con-boxed e-con e-parent\" data-id=\"2a52412\" data-element_type=\"container\" data-e-type=\"container\">\n\t\t\t\t\t<div class=\"e-con-inner\">\n\t\t\t\t<div class=\"elementor-element elementor-element-8fb3245 elementor-widget elementor-widget-text-editor\" data-id=\"8fb3245\" data-element_type=\"widget\" data-e-type=\"widget\" data-widget_type=\"text-editor.default\">\n\t\t\t\t\t\t\t\t\t<p><span style=\"color: var( --e-global-color-text ); text-align: var(--text-align);\">&#8220;\u00c9ramos siete patojos en una casa que solo ten\u00eda dos cuartos. As\u00ed que la alegr\u00eda la viv\u00edamos afuera quemando cuetes. Nos encantaba ver los programas infantiles de M\u00e9xico as\u00ed que siempre so\u00f1\u00e1bamos con comer los dulces que le premiaban a los patojos en esos programas, pues no hab\u00eda en Guatemala&#8221;.\u00a0<\/span><\/p><p><span style=\"color: var( --e-global-color-text ); text-align: var(--text-align);\">&#8220;Una Navidad mi t\u00edo nos dio la sorpresa de regalarnos un chocolate Snickers a cada uno de nosotros. \u00a1Wow! Eso fue el mejor regalo navide\u00f1o de mi ni\u00f1ez jajaja&#8221;, recuerda Pablo Mazariegos, psic\u00f3logo, educador y documentalista guatemalteco, originario de Quetzaltenango y\u00a0 radicado en Chattanooga, Tennessee.<\/span><\/p>\t\t\t\t\t\t\t\t<\/div>\n\t\t\t\t\t<\/div>\n\t\t\t\t<\/div>\n\t\t<div data-particle_enable=\"false\" data-particle-mobile-disabled=\"false\" class=\"elementor-element elementor-element-1a57396 e-flex e-con-boxed e-con e-parent\" data-id=\"1a57396\" data-element_type=\"container\" data-e-type=\"container\">\n\t\t\t\t\t<div class=\"e-con-inner\">\n\t\t\t\t<div class=\"elementor-element elementor-element-e03087b elementor-widget elementor-widget-image\" data-id=\"e03087b\" data-element_type=\"widget\" data-e-type=\"widget\" data-widget_type=\"image.default\">\n\t\t\t\t\t\t\t\t\t\t\t\t<figure class=\"wp-caption\">\n\t\t\t\t\t\t\t\t\t\t<img fetchpriority=\"high\" decoding=\"async\" width=\"768\" height=\"512\" src=\"https:\/\/soymigrante.com\/revista\/wp-content\/uploads\/2024\/12\/fotografia-ninos-1024x683.jpg\" class=\"attachment-large size-large wp-image-17725\" alt=\"\u00c1rbol de Navidad decorado con luces en una plaza durante la temporada navide\u00f1a, vista desde un marco de puertas con dos ni\u00f1os sentados observando la escena festiva en la noche.\" srcset=\"https:\/\/soymigrante.com\/revista\/wp-content\/uploads\/2024\/12\/fotografia-ninos-1024x683.jpg 1024w, https:\/\/soymigrante.com\/revista\/wp-content\/uploads\/2024\/12\/fotografia-ninos-300x200.jpg 300w, https:\/\/soymigrante.com\/revista\/wp-content\/uploads\/2024\/12\/fotografia-ninos-768x512.jpg 768w, https:\/\/soymigrante.com\/revista\/wp-content\/uploads\/2024\/12\/fotografia-ninos-1536x1025.jpg 1536w, https:\/\/soymigrante.com\/revista\/wp-content\/uploads\/2024\/12\/fotografia-ninos-750x500.webp 750w, https:\/\/soymigrante.com\/revista\/wp-content\/uploads\/2024\/12\/fotografia-ninos-1140x760.webp 1140w, https:\/\/soymigrante.com\/revista\/wp-content\/uploads\/2024\/12\/fotografia-ninos.webp 1920w\" sizes=\"(max-width: 768px) 100vw, 768px\" title=\"&quot;Esa mirada inocente mirando las lucecitas. Esa  luz que me inspir\u00f3&quot;, dice el prestigioso fot\u00f3grafo M\u00e1rcos Z\u00e1rate, originario de Momostenango. Fotograf\u00eda en el Parque Central de dicha localidad. \u2013 SoyMigrante.com REVISTA\" \/>\t\t\t\t\t\t\t\t\t\t\t<figcaption class=\"widget-image-caption wp-caption-text\">Un \u00e1rbol de Navidad iluminado en una plaza navide\u00f1a, con ni\u00f1os peque\u00f1os disfrutando la noche y la decoraci\u00f3n luminosa, creando un ambiente c\u00e1lido y festivo ideal para la revista SoyMigrante.com.<\/figcaption>\n\t\t\t\t\t\t\t\t\t\t<\/figure>\n\t\t\t\t\t\t\t\t\t<\/div>\n\t\t\t\t\t<\/div>\n\t\t\t\t<\/div>\n\t\t<div data-particle_enable=\"false\" data-particle-mobile-disabled=\"false\" class=\"elementor-element elementor-element-1dcf1fe e-flex e-con-boxed e-con e-parent\" data-id=\"1dcf1fe\" data-element_type=\"container\" data-e-type=\"container\">\n\t\t\t\t\t<div class=\"e-con-inner\">\n\t\t\t\t<div class=\"elementor-element elementor-element-eca8a46 elementor-widget elementor-widget-heading\" data-id=\"eca8a46\" data-element_type=\"widget\" data-e-type=\"widget\" data-widget_type=\"heading.default\">\n\t\t\t\t\t<h3 class=\"elementor-heading-title elementor-size-default\">Tradici\u00f3n se traslad\u00f3 de El Palmar a Maryland <\/h3>\t\t\t\t<\/div>\n\t\t\t\t\t<\/div>\n\t\t\t\t<\/div>\n\t\t<div data-particle_enable=\"false\" data-particle-mobile-disabled=\"false\" class=\"elementor-element elementor-element-fc8021f e-flex e-con-boxed e-con e-parent\" data-id=\"fc8021f\" data-element_type=\"container\" data-e-type=\"container\">\n\t\t\t\t\t<div class=\"e-con-inner\">\n\t\t\t\t<div class=\"elementor-element elementor-element-c4f6fae elementor-widget elementor-widget-text-editor\" data-id=\"c4f6fae\" data-element_type=\"widget\" data-e-type=\"widget\" data-widget_type=\"text-editor.default\">\n\t\t\t\t\t\t\t\t\t<p>&#8220;Los tamales y el ponche nunca pod\u00edan faltar en nuestra casapero m\u00e1s que todo una fecha donde todos nos junt\u00e1bamos en casa. No esper\u00e1bamos regalos tampoco llegaba santa.\u00a0 Pero as\u00ed \u00e9ramos felices&#8221;, cuenta Letty Bar\u00e1n, l\u00edder migrante guatemalteca, originaria de El Palmar, Quetzaltenango y radicada en Maryland.<\/p><p>&#8220;En la ma\u00f1ana del 25 de diciembre nos daban una ficha de a 25 centavos a cada uno. Para que se lo di\u00e9ramos al ni\u00f1o Dios pero antes nos pas\u00e1bamos la ficha en los ojos, seg\u00fan mi mam\u00e1 era para el mal de ojo.\u00a0 Costumbres que a\u00fan recordamos. Ahora en EE.UU. hago tamales, acompa\u00f1ados de Pan Las Victorias, ponche y chocolate. El 25 de diciembre<span style=\"color: var( --e-global-color-text ); text-align: var(--text-align);\">no salimos de casa\u00a0 prefiero mantener unida a mi peque\u00f1a familia y que aprendan que son d\u00edas especiales, para compartir juntos&#8221;, agrega.\u00a0<\/span><\/p>\t\t\t\t\t\t\t\t<\/div>\n\t\t\t\t\t<\/div>\n\t\t\t\t<\/div>\n\t\t<div data-particle_enable=\"false\" data-particle-mobile-disabled=\"false\" class=\"elementor-element elementor-element-09a0a2b e-flex e-con-boxed e-con e-parent\" data-id=\"09a0a2b\" data-element_type=\"container\" data-e-type=\"container\">\n\t\t\t\t\t<div class=\"e-con-inner\">\n\t\t\t\t<div class=\"elementor-element elementor-element-6c5e77d elementor-widget elementor-widget-video\" data-id=\"6c5e77d\" data-element_type=\"widget\" data-e-type=\"widget\" data-settings=\"{&quot;youtube_url&quot;:&quot;https:\\\/\\\/www.youtube.com\\\/watch?v=80DsDMrMQqY&quot;,&quot;video_type&quot;:&quot;youtube&quot;,&quot;controls&quot;:&quot;yes&quot;}\" data-widget_type=\"video.default\">\n\t\t\t\t\t\t\t<div class=\"elementor-wrapper elementor-open-inline\">\n\t\t\t<div class=\"elementor-video\"><\/div>\t\t<\/div>\n\t\t\t\t\t\t<\/div>\n\t\t\t\t\t<\/div>\n\t\t\t\t<\/div>\n\t\t<div data-particle_enable=\"false\" data-particle-mobile-disabled=\"false\" class=\"elementor-element elementor-element-26b921a e-flex e-con-boxed e-con e-parent\" data-id=\"26b921a\" data-element_type=\"container\" data-e-type=\"container\">\n\t\t\t\t\t<div class=\"e-con-inner\">\n\t\t\t\t<div class=\"elementor-element elementor-element-7f03fb8 elementor-widget elementor-widget-heading\" data-id=\"7f03fb8\" data-element_type=\"widget\" data-e-type=\"widget\" data-widget_type=\"heading.default\">\n\t\t\t\t\t<h3 class=\"elementor-heading-title elementor-size-default\">Aromas que jam\u00e1s se olvidan<\/h3>\t\t\t\t<\/div>\n\t\t\t\t\t<\/div>\n\t\t\t\t<\/div>\n\t\t<div data-particle_enable=\"false\" data-particle-mobile-disabled=\"false\" class=\"elementor-element elementor-element-64076ad e-flex e-con-boxed e-con e-parent\" data-id=\"64076ad\" data-element_type=\"container\" data-e-type=\"container\">\n\t\t\t\t\t<div class=\"e-con-inner\">\n\t\t\t\t<div class=\"elementor-element elementor-element-301d726 elementor-widget elementor-widget-text-editor\" data-id=\"301d726\" data-element_type=\"widget\" data-e-type=\"widget\" data-widget_type=\"text-editor.default\">\n\t\t\t\t\t\t\t\t\t<p><span style=\"color: var( --e-global-color-text ); text-align: var(--text-align);\">&#8220;Cuando llegaba el 24 de diciembre era super emocionante: olia a caliente, a tamal,, a las chichas amarillas que cort\u00e1bamos en la loma, al \u00e1rbol del nopal y lo adorn\u00e1bamos con los tuntunes de los \u00e1rboles: esos eran nuestros adornitos, con bricho de colores. Pon\u00edamos el nacimiento: Mar\u00eda, Jos\u00e9 y el Ni\u00f1o Jes\u00fas, esperando la posada&#8221; es el dulce recuerdo de Lissete Rodr\u00edguez, originaria de Joyabaj, Quich\u00e9, actualmente residente en Florida.<\/span><\/p><p><span style=\"color: var( --e-global-color-text ); text-align: var(--text-align);\">&#8220;Siempre esper\u00e1bamos que\u00a0<\/span><span style=\"color: var( --e-global-color-text ); text-align: var(--text-align);\">alguien se robara el ni\u00f1o para que regreasara, con una fiesta el 6 de enero. Era muy emocionante ver los faroles, las candelas. Viv\u00ed una infancia maravillosa y siempre le voy a llevar en el coraz\u00f3n. Siempre habr\u00e1 una posada sonando en mi memoria, en donde est\u00e9&#8221;, agrega.<\/span><\/p><p>\u00a0<\/p>\t\t\t\t\t\t\t\t<\/div>\n\t\t\t\t\t<\/div>\n\t\t\t\t<\/div>\n\t\t<div data-particle_enable=\"false\" data-particle-mobile-disabled=\"false\" class=\"elementor-element elementor-element-6d05535 e-flex e-con-boxed e-con e-parent\" data-id=\"6d05535\" data-element_type=\"container\" data-e-type=\"container\">\n\t\t\t\t\t<div class=\"e-con-inner\">\n\t\t\t\t<div class=\"elementor-element elementor-element-69aa174 elementor-grid-eael-col-1 elementor-grid-tablet-eael-col-2 elementor-grid-mobile-eael-col-1 elementor-widget elementor-widget-eael-post-grid\" data-id=\"69aa174\" data-element_type=\"widget\" data-e-type=\"widget\" data-settings=\"{&quot;eael_post_grid_columns&quot;:&quot;eael-col-1&quot;,&quot;eael_post_grid_columns_tablet&quot;:&quot;eael-col-2&quot;,&quot;eael_post_grid_columns_mobile&quot;:&quot;eael-col-1&quot;}\" data-widget_type=\"eael-post-grid.default\">\n\t\t\t\t\t<div id=\"eael-post-grid-69aa174\" class=\"eael-post-grid-container\">\n            <div class=\"eael-post-grid eael-post-appender eael-post-appender-69aa174 eael-post-grid-style-one\" data-layout-mode=\"masonry\"><article class=\"eael-grid-post  eael-post-grid-column eael-pg-post-17022 category-guate-nuestra\" data-id=\"17022\">\n        <div class=\"eael-grid-post-holder\">\n            <div class=\"eael-grid-post-holder-inner\"><div class=\"eael-entry-media\"><div class=\"eael-entry-overlay fade-in\"><i class=\"far fa-hand-pointer\" aria-hidden=\"true\"><\/i><a href=\"https:\/\/soymigrante.com\/revista\/significado-personajes-nacimiento-gigante-de-esquipulas\/\"><\/a><\/div><div class=\"eael-entry-thumbnail \">\n                <img decoding=\"async\" width=\"1024\" height=\"1024\" src=\"https:\/\/soymigrante.com\/revista\/wp-content\/uploads\/2024\/12\/nacimiento-gigante-cuadrado-1024x1024.jpg\" class=\"attachment-large size-large wp-image-17024\" alt=\"Refugio navide\u00f1o con figuras de la Natividad, incluyendo el burro, en un ambiente natural con palmeras y monta\u00f1as de fondo, ideal para celebrar la temporada en comunidades migrantes y apoyar la cultura mexicana.\" srcset=\"https:\/\/soymigrante.com\/revista\/wp-content\/uploads\/2024\/12\/nacimiento-gigante-cuadrado-1024x1024.jpg 1024w, https:\/\/soymigrante.com\/revista\/wp-content\/uploads\/2024\/12\/nacimiento-gigante-cuadrado-300x300.jpg 300w, https:\/\/soymigrante.com\/revista\/wp-content\/uploads\/2024\/12\/nacimiento-gigante-cuadrado-150x150.jpg 150w, https:\/\/soymigrante.com\/revista\/wp-content\/uploads\/2024\/12\/nacimiento-gigante-cuadrado-768x768.jpg 768w, https:\/\/soymigrante.com\/revista\/wp-content\/uploads\/2024\/12\/nacimiento-gigante-cuadrado-75x75.webp 75w, https:\/\/soymigrante.com\/revista\/wp-content\/uploads\/2024\/12\/nacimiento-gigante-cuadrado-750x750.webp 750w, https:\/\/soymigrante.com\/revista\/wp-content\/uploads\/2024\/12\/nacimiento-gigante-cuadrado.webp 1049w\" sizes=\"(max-width: 1024px) 100vw, 1024px\" \/>\n            <\/div>\n        <\/div><div class=\"eael-entry-wrapper\"><header class=\"eael-entry-header\"><h2 class=\"eael-entry-title\"><a class=\"eael-grid-post-link\" href=\"https:\/\/soymigrante.com\/revista\/significado-personajes-nacimiento-gigante-de-esquipulas\/\" title=\"Significado de los personajes de la Natividad, en Nacimiento Gigante de Esquipulas\">Significado de los personajes de la Natividad, en Nacimiento Gigante de Esquipulas<\/a><\/h2><\/header><div class=\"eael-entry-content\">\n                        <div class=\"eael-grid-post-excerpt\"><a href=\"https:\/\/soymigrante.com\/revista\/significado-personajes-nacimiento-gigante-de-esquipulas\/\" class=\"eael-post-elements-readmore-btn\">CONOCE SU HISTORIA <\/a><\/div>\n                    <\/div><\/div><\/div>\n        <\/div>\n    <\/article><\/div>\n            <div class=\"clearfix\"><\/div>\n        <\/div>\t\t\t\t<\/div>\n\t\t\t\t\t<\/div>\n\t\t\t\t<\/div>\n\t\t<div data-particle_enable=\"false\" data-particle-mobile-disabled=\"false\" class=\"elementor-element elementor-element-a027388 e-flex e-con-boxed e-con e-parent\" data-id=\"a027388\" data-element_type=\"container\" data-e-type=\"container\">\n\t\t\t\t\t<div class=\"e-con-inner\">\n\t\t\t\t<div class=\"elementor-element elementor-element-1d969f7 elementor-widget elementor-widget-heading\" data-id=\"1d969f7\" data-element_type=\"widget\" data-e-type=\"widget\" data-widget_type=\"heading.default\">\n\t\t\t\t\t<h3 class=\"elementor-heading-title elementor-size-default\">Uni\u00f3n familiar es el entra\u00f1able recuerdo <\/h3>\t\t\t\t<\/div>\n\t\t\t\t\t<\/div>\n\t\t\t\t<\/div>\n\t\t<div data-particle_enable=\"false\" data-particle-mobile-disabled=\"false\" class=\"elementor-element elementor-element-dca47b3 e-flex e-con-boxed e-con e-parent\" data-id=\"dca47b3\" data-element_type=\"container\" data-e-type=\"container\">\n\t\t\t\t\t<div class=\"e-con-inner\">\n\t\t\t\t<div class=\"elementor-element elementor-element-e8785a4 elementor-widget elementor-widget-text-editor\" data-id=\"e8785a4\" data-element_type=\"widget\" data-e-type=\"widget\" data-widget_type=\"text-editor.default\">\n\t\t\t\t\t\t\t\t\t<p><span style=\"color: var( --e-global-color-text ); text-align: var(--text-align);\">Paulino Garc\u00eda, experto digital radicado en Houston y originario de Totonicap\u00e1n recuerda: &#8220;En mi memoria esta ese fr\u00edo que se viv\u00eda en diciembre, fr\u00edo de temporada y la decoraci\u00f3n del Nacimiento, era algo tradicional y muy esperado. Actualmente, en Houston, con mi familia, siempre preparamos comida t\u00edpica nacional y bebidas nost\u00e1lgicas de temporada&#8221;.<\/span><\/p><p><span style=\"color: var( --e-global-color-text ); text-align: var(--text-align);\">Mientras tanto, en Oklahoma, William Vel\u00e1squez comparte: &#8220;En diciembre regresaba a visitar a mi familia. Recuerdo que al bajar de la camionera en El Trebol, hab\u00eda mucha gente con ventas de pino, manzanilla. Ese olor del pino <\/span><span style=\"color: var( --e-global-color-text ); text-align: var(--text-align);\">lo llevo en el alma. REcuerdo que visit\u00e1bamos a mis t\u00edos, a mis primos, de casa en casa. El 24 desde la ma\u00f1ana nos pon\u00edamos nuestra mudada nueva, el estreno y a comer tamales&#8221;, recuerda William quien creci\u00f3 en las zonas 18 y 19 capitalinas.\u00a0<\/span><\/p>\t\t\t\t\t\t\t\t<\/div>\n\t\t\t\t\t<\/div>\n\t\t\t\t<\/div>\n\t\t<div data-particle_enable=\"false\" data-particle-mobile-disabled=\"false\" class=\"elementor-element elementor-element-72bcfee e-flex e-con-boxed e-con e-parent\" data-id=\"72bcfee\" data-element_type=\"container\" data-e-type=\"container\">\n\t\t\t\t\t<div class=\"e-con-inner\">\n\t\t\t\t<div class=\"elementor-element elementor-element-6e99348 elementor-grid-eael-col-1 elementor-grid-tablet-eael-col-2 elementor-grid-mobile-eael-col-1 elementor-widget elementor-widget-eael-post-grid\" data-id=\"6e99348\" data-element_type=\"widget\" data-e-type=\"widget\" data-settings=\"{&quot;eael_post_grid_columns&quot;:&quot;eael-col-1&quot;,&quot;eael_post_grid_columns_tablet&quot;:&quot;eael-col-2&quot;,&quot;eael_post_grid_columns_mobile&quot;:&quot;eael-col-1&quot;}\" data-widget_type=\"eael-post-grid.default\">\n\t\t\t\t\t<div id=\"eael-post-grid-6e99348\" class=\"eael-post-grid-container\">\n            <div class=\"eael-post-grid eael-post-appender eael-post-appender-6e99348 eael-post-grid-style-one\" data-layout-mode=\"masonry\"><article class=\"eael-grid-post  eael-post-grid-column eael-pg-post-15905 category-guate-nuestra\" data-id=\"15905\">\n        <div class=\"eael-grid-post-holder\">\n            <div class=\"eael-grid-post-holder-inner\"><div class=\"eael-entry-media\"><div class=\"eael-entry-overlay fade-in\"><i class=\"far fa-hand-pointer\" aria-hidden=\"true\"><\/i><a href=\"https:\/\/soymigrante.com\/revista\/el-espiritu-de-alguna-navidad-pasada-se-refleja-en-etiquetas-de-cohetillos-cual-recuerdas\/\"><\/a><\/div><div class=\"eael-entry-thumbnail \">\n                <img decoding=\"async\" width=\"635\" height=\"635\" src=\"https:\/\/soymigrante.com\/revista\/wp-content\/uploads\/2024\/12\/toro-negro.webp\" class=\"attachment-large size-large wp-image-15908\" alt=\"El Toro Negro - Revista SoyMigrante, imagen infantil de un toro negro en la portada, s\u00edmbolo de cultura y tradici\u00f3n mexicana, resaltando temas de migraci\u00f3n y folclore.\" srcset=\"https:\/\/soymigrante.com\/revista\/wp-content\/uploads\/2024\/12\/toro-negro.webp 635w, https:\/\/soymigrante.com\/revista\/wp-content\/uploads\/2024\/12\/toro-negro-300x300.jpg 300w, https:\/\/soymigrante.com\/revista\/wp-content\/uploads\/2024\/12\/toro-negro-150x150.jpg 150w, https:\/\/soymigrante.com\/revista\/wp-content\/uploads\/2024\/12\/toro-negro-75x75.webp 75w\" sizes=\"(max-width: 635px) 100vw, 635px\" \/>\n            <\/div>\n        <\/div><div class=\"eael-entry-wrapper\"><header class=\"eael-entry-header\"><h2 class=\"eael-entry-title\"><a class=\"eael-grid-post-link\" href=\"https:\/\/soymigrante.com\/revista\/el-espiritu-de-alguna-navidad-pasada-se-refleja-en-etiquetas-de-cohetillos-cual-recuerdas\/\" title=\"Etiquetas de cohetillos  guatemaltecos hacen estallar recuerdos de diciembres de ni\u00f1ez y juventud \u00bfCu\u00e1les recuerdas?\">Etiquetas de cohetillos  guatemaltecos hacen estallar recuerdos de diciembres de ni\u00f1ez y juventud \u00bfCu\u00e1les recuerdas?<\/a><\/h2><\/header><div class=\"eael-entry-content\">\n                        <div class=\"eael-grid-post-excerpt\"><a href=\"https:\/\/soymigrante.com\/revista\/el-espiritu-de-alguna-navidad-pasada-se-refleja-en-etiquetas-de-cohetillos-cual-recuerdas\/\" class=\"eael-post-elements-readmore-btn\">CONOCE SU HISTORIA <\/a><\/div>\n                    <\/div><\/div><\/div>\n        <\/div>\n    <\/article><\/div>\n            <div class=\"clearfix\"><\/div>\n        <\/div>\t\t\t\t<\/div>\n\t\t\t\t\t<\/div>\n\t\t\t\t<\/div>\n\t\t<div data-particle_enable=\"false\" data-particle-mobile-disabled=\"false\" class=\"elementor-element elementor-element-b978854 e-flex e-con-boxed e-con e-parent\" data-id=\"b978854\" data-element_type=\"container\" data-e-type=\"container\">\n\t\t\t\t\t<div class=\"e-con-inner\">\n\t\t\t\t<div class=\"elementor-element elementor-element-ab135e4 elementor-widget elementor-widget-heading\" data-id=\"ab135e4\" data-element_type=\"widget\" data-e-type=\"widget\" data-widget_type=\"heading.default\">\n\t\t\t\t\t<h3 class=\"elementor-heading-title elementor-size-default\">En el Barrio Moderno, zona 2 de Guatemala<\/h3>\t\t\t\t<\/div>\n\t\t\t\t\t<\/div>\n\t\t\t\t<\/div>\n\t\t<div data-particle_enable=\"false\" data-particle-mobile-disabled=\"false\" class=\"elementor-element elementor-element-9fed5ac e-flex e-con-boxed e-con e-parent\" data-id=\"9fed5ac\" data-element_type=\"container\" data-e-type=\"container\">\n\t\t\t\t\t<div class=\"e-con-inner\">\n\t\t\t\t<div class=\"elementor-element elementor-element-9012b99 elementor-widget elementor-widget-text-editor\" data-id=\"9012b99\" data-element_type=\"widget\" data-e-type=\"widget\" data-widget_type=\"text-editor.default\">\n\t\t\t\t\t\t\t\t\t<p>&#8220;La solidaridad abrazaba mi barrio, los cohetes, la alegr\u00eda junto a mi familia, mis amigos, mis vecinos, la apertura, la comprensi\u00f3n del cuidarse los unos a los otros, la empat\u00eda de animar a los que hab\u00edan sufrido en el a\u00f1o una perdida para reconfortar y en la medida de lo posible unirse a la celebraci\u00f3n&#8221;, recuerda el arquitecto Carlos Mart\u00ednez, residente en Montreal, Canad\u00e1 desde hace tres d\u00e9cadas.<\/p><p>&#8220;A media noche los tamales y la velada en el aprecio de las cosas sencillas.\u00a0 El olor a pino y los humildes nacimientos poblados de peque\u00f1os personajes de barro que prepar\u00e1bamos en familia. La ausencia de celulares o pantallas, el leg\u00edtimo sentimiento de humanidad de estar ah\u00ed, la puesta en com\u00fan, la musica, el ambiente, el sue\u00f1o que llenaba nuestros vac\u00edos con brillo de las luces multicolores&#8221;, completan su memoria. Sin embargo, a pesar de la distancia, dice: &#8220;Conservo la alegr\u00eda de la Navidad en mi coraz\u00f3n&#8221;.\u00a0<\/p><div>\u00a0<\/div>\t\t\t\t\t\t\t\t<\/div>\n\t\t\t\t\t<\/div>\n\t\t\t\t<\/div>\n\t\t<div data-particle_enable=\"false\" data-particle-mobile-disabled=\"false\" class=\"elementor-element elementor-element-e5bccb5 e-flex e-con-boxed e-con e-parent\" data-id=\"e5bccb5\" data-element_type=\"container\" data-e-type=\"container\">\n\t\t\t\t\t<div class=\"e-con-inner\">\n\t\t\t\t<div class=\"elementor-element elementor-element-fc79d38 elementor-widget elementor-widget-image\" data-id=\"fc79d38\" data-element_type=\"widget\" data-e-type=\"widget\" data-widget_type=\"image.default\">\n\t\t\t\t\t\t\t\t\t\t\t\t<figure class=\"wp-caption\">\n\t\t\t\t\t\t\t\t\t\t<img loading=\"lazy\" decoding=\"async\" width=\"576\" height=\"1024\" src=\"https:\/\/soymigrante.com\/revista\/wp-content\/uploads\/2024\/12\/marcos-zarate-navidad-576x1024.jpg\" class=\"attachment-large size-large wp-image-17726\" alt=\"Espectacular fuegos artificiales y celebraci\u00f3n navide\u00f1a en un evento cultural en la plaza principal, presentado por SoyMigrante.com Revista, promoviendo cultura y comunidad en la migraci\u00f3n.\" srcset=\"https:\/\/soymigrante.com\/revista\/wp-content\/uploads\/2024\/12\/marcos-zarate-navidad-576x1024.jpg 576w, https:\/\/soymigrante.com\/revista\/wp-content\/uploads\/2024\/12\/marcos-zarate-navidad-169x300.jpg 169w, https:\/\/soymigrante.com\/revista\/wp-content\/uploads\/2024\/12\/marcos-zarate-navidad-768x1365.jpg 768w, https:\/\/soymigrante.com\/revista\/wp-content\/uploads\/2024\/12\/marcos-zarate-navidad-864x1536.jpg 864w, https:\/\/soymigrante.com\/revista\/wp-content\/uploads\/2024\/12\/marcos-zarate-navidad-750x1333.webp 750w, https:\/\/soymigrante.com\/revista\/wp-content\/uploads\/2024\/12\/marcos-zarate-navidad.webp 1080w\" sizes=\"(max-width: 576px) 100vw, 576px\" title=\"Magn\u00edfica fotograf\u00eda de dron, a la medianoche del 24 de diciembre, en Momostenango, Totonicap\u00e1n. La coheter\u00eda y las luces artificiales vuelven a sonar y brillar. Fotograf\u00eda de Marcos Z\u00e1rate, prestigioso fot\u00f3grafo momosteco. \u2013 SoyMigrante.com REVISTA\" \/>\t\t\t\t\t\t\t\t\t\t\t<figcaption class=\"widget-image-caption wp-caption-text\">Celebraci\u00f3n de A\u00f1o Nuevo con fuegos artificiales, alegr\u00eda y luces en un evento urbano con ambiente festivo y familiar.<\/figcaption>\n\t\t\t\t\t\t\t\t\t\t<\/figure>\n\t\t\t\t\t\t\t\t\t<\/div>\n\t\t\t\t\t<\/div>\n\t\t\t\t<\/div>\n\t\t<div data-particle_enable=\"false\" data-particle-mobile-disabled=\"false\" class=\"elementor-element elementor-element-75980dd e-flex e-con-boxed e-con e-parent\" data-id=\"75980dd\" data-element_type=\"container\" data-e-type=\"container\">\n\t\t\t\t\t<div class=\"e-con-inner\">\n\t\t\t\t<div class=\"elementor-element elementor-element-cf2cc87 elementor-widget elementor-widget-heading\" data-id=\"cf2cc87\" data-element_type=\"widget\" data-e-type=\"widget\" data-widget_type=\"heading.default\">\n\t\t\t\t\t<h3 class=\"elementor-heading-title elementor-size-default\">Bajo cero en Canad\u00e1<\/h3>\t\t\t\t<\/div>\n\t\t\t\t\t<\/div>\n\t\t\t\t<\/div>\n\t\t<div data-particle_enable=\"false\" data-particle-mobile-disabled=\"false\" class=\"elementor-element elementor-element-a60a0fc e-flex e-con-boxed e-con e-parent\" data-id=\"a60a0fc\" data-element_type=\"container\" data-e-type=\"container\">\n\t\t\t\t\t<div class=\"e-con-inner\">\n\t\t\t\t<div class=\"elementor-element elementor-element-8b515a1 elementor-widget elementor-widget-text-editor\" data-id=\"8b515a1\" data-element_type=\"widget\" data-e-type=\"widget\" data-widget_type=\"text-editor.default\">\n\t\t\t\t\t\t\t\t\t<p>David Aguilar, conductor de transporte de carga radicado en Quebec, Canad\u00e1 coincide en evocar los aromas de pino y manzanilla, pero algo m\u00e1s: &#8220;Las fiestas tienen olor a p\u00f3lvora de las posadas o quemar la p\u00f3lvora de cohetes que no estallaron&#8221;.<\/p><p>Ello contrasta con su primera Navidad en Canad\u00e1. &#8220;Est\u00e1bamos a 39 grados F bajo cero, no ten\u00edamos ni radio ni nada. Aca<span style=\"color: var( --e-global-color-text ); text-align: var(--text-align);\">b\u00e1bamos de.llegar y cada quien cantaba una canci\u00f3n, o un comercial que llevaba en la memoria. Mucha nostalgia. Y despu\u00e9s de 25 inviernos g\u00e9lidos, a\u00fan a\u00f1oro ese bullicio de las ventas de Guatemala&#8221;, comparte.\u00a0<\/span><\/p>\t\t\t\t\t\t\t\t<\/div>\n\t\t\t\t\t<\/div>\n\t\t\t\t<\/div>\n\t\t<div data-particle_enable=\"false\" data-particle-mobile-disabled=\"false\" class=\"elementor-element elementor-element-33c16bc e-flex e-con-boxed e-con e-parent\" data-id=\"33c16bc\" data-element_type=\"container\" data-e-type=\"container\">\n\t\t\t\t\t<div class=\"e-con-inner\">\n\t\t\t\t<div class=\"elementor-element elementor-element-5720d90 elementor-widget elementor-widget-heading\" data-id=\"5720d90\" data-element_type=\"widget\" data-e-type=\"widget\" data-widget_type=\"heading.default\">\n\t\t\t\t\t<h2 class=\"elementor-heading-title elementor-size-default\">Historias e ideales de inspiraci\u00f3n<\/h2>\t\t\t\t<\/div>\n\t\t\t\t\t<\/div>\n\t\t\t\t<\/div>\n\t\t<div data-particle_enable=\"false\" data-particle-mobile-disabled=\"false\" class=\"elementor-element elementor-element-8e8caf2 e-flex e-con-boxed e-con e-parent\" data-id=\"8e8caf2\" data-element_type=\"container\" data-e-type=\"container\">\n\t\t\t\t\t<div class=\"e-con-inner\">\n\t\t\t\t<div class=\"elementor-element elementor-element-191d240 elementor-grid-eael-col-3 elementor-grid-tablet-eael-col-2 elementor-grid-mobile-eael-col-1 elementor-widget elementor-widget-eael-post-grid\" data-id=\"191d240\" data-element_type=\"widget\" data-e-type=\"widget\" data-settings=\"{&quot;eael_post_grid_columns&quot;:&quot;eael-col-3&quot;,&quot;eael_post_grid_columns_tablet&quot;:&quot;eael-col-2&quot;,&quot;eael_post_grid_columns_mobile&quot;:&quot;eael-col-1&quot;}\" data-widget_type=\"eael-post-grid.default\">\n\t\t\t\t\t<div id=\"eael-post-grid-191d240\" class=\"eael-post-grid-container\">\n            <div class=\"eael-post-grid eael-post-appender eael-post-appender-191d240 eael-post-grid-style-one\" data-layout-mode=\"masonry\"><article class=\"eael-grid-post  eael-post-grid-column eael-pg-post-7294 category-exitos\" data-id=\"7294\">\n        <div class=\"eael-grid-post-holder\">\n            <div class=\"eael-grid-post-holder-inner\"><div class=\"eael-entry-media\"><div class=\"eael-entry-overlay fade-in\"><i class=\"far fa-hand-pointer\" aria-hidden=\"true\"><\/i><a href=\"https:\/\/soymigrante.com\/revista\/david-aguilar-es-jaguar-venado-y-quetzal-migrante-en-canada\/\"><\/a><\/div><div class=\"eael-entry-thumbnail \">\n                <img loading=\"lazy\" decoding=\"async\" width=\"482\" height=\"482\" src=\"https:\/\/soymigrante.com\/revista\/wp-content\/uploads\/2024\/07\/migrante-en-canada.webp\" class=\"attachment-large size-large wp-image-7311\" alt=\"Relevancia.\" srcset=\"https:\/\/soymigrante.com\/revista\/wp-content\/uploads\/2024\/07\/migrante-en-canada.webp 482w, https:\/\/soymigrante.com\/revista\/wp-content\/uploads\/2024\/07\/migrante-en-canada-300x300.webp 300w, https:\/\/soymigrante.com\/revista\/wp-content\/uploads\/2024\/07\/migrante-en-canada-150x150.webp 150w, https:\/\/soymigrante.com\/revista\/wp-content\/uploads\/2024\/07\/migrante-en-canada-75x75.webp 75w\" sizes=\"(max-width: 482px) 100vw, 482px\" \/>\n            <\/div>\n        <\/div><div class=\"eael-entry-wrapper\"><header class=\"eael-entry-header\"><h2 class=\"eael-entry-title\"><a class=\"eael-grid-post-link\" href=\"https:\/\/soymigrante.com\/revista\/david-aguilar-es-jaguar-venado-y-quetzal-migrante-en-canada\/\" title=\"David Aguilar es jaguar, venado y quetzal migrante en Canad\u00e1\">David Aguilar es jaguar, venado y quetzal migrante en Canad\u00e1<\/a><\/h2><\/header><div class=\"eael-entry-content\">\n                        <div class=\"eael-grid-post-excerpt\"><a href=\"https:\/\/soymigrante.com\/revista\/david-aguilar-es-jaguar-venado-y-quetzal-migrante-en-canada\/\" class=\"eael-post-elements-readmore-btn\">CONOCE SU HISTORIA <\/a><\/div>\n                    <\/div><\/div><\/div>\n        <\/div>\n    <\/article><article class=\"eael-grid-post  eael-post-grid-column eael-pg-post-5857 category-exitos\" data-id=\"5857\">\n        <div class=\"eael-grid-post-holder\">\n            <div class=\"eael-grid-post-holder-inner\"><div class=\"eael-entry-media\"><div class=\"eael-entry-overlay fade-in\"><i class=\"far fa-hand-pointer\" aria-hidden=\"true\"><\/i><a href=\"https:\/\/soymigrante.com\/revista\/arquitectura-paisajista-florecio-con-carlos-martinez-en-el-frio-de-canada\/\"><\/a><\/div><div class=\"eael-entry-thumbnail \">\n                <img loading=\"lazy\" decoding=\"async\" width=\"1024\" height=\"830\" src=\"https:\/\/soymigrante.com\/revista\/wp-content\/uploads\/2024\/04\/IMG_4969-1024x830.webp\" class=\"attachment-large size-large wp-image-5858\" alt=\"Hombre sonriendo en un entorno verde y tropical, con plantas y palmeras, ilustrando el contenido de la revista SoyMigrante.com REVISTA, que promueve historias y noticias sobre migraci\u00f3n, integraci\u00f3n y derechos en Am\u00e9rica Latina y el mundo.\" srcset=\"https:\/\/soymigrante.com\/revista\/wp-content\/uploads\/2024\/04\/IMG_4969-1024x830.webp 1024w, https:\/\/soymigrante.com\/revista\/wp-content\/uploads\/2024\/04\/IMG_4969-300x243.webp 300w, https:\/\/soymigrante.com\/revista\/wp-content\/uploads\/2024\/04\/IMG_4969-768x622.webp 768w, https:\/\/soymigrante.com\/revista\/wp-content\/uploads\/2024\/04\/IMG_4969-750x608.webp 750w, https:\/\/soymigrante.com\/revista\/wp-content\/uploads\/2024\/04\/IMG_4969-1140x924.webp 1140w, https:\/\/soymigrante.com\/revista\/wp-content\/uploads\/2024\/04\/IMG_4969.webp 1522w\" sizes=\"(max-width: 1024px) 100vw, 1024px\" \/>\n            <\/div>\n        <\/div><div class=\"eael-entry-wrapper\"><header class=\"eael-entry-header\"><h2 class=\"eael-entry-title\"><a class=\"eael-grid-post-link\" href=\"https:\/\/soymigrante.com\/revista\/arquitectura-paisajista-florecio-con-carlos-martinez-en-el-frio-de-canada\/\" title=\"Arquitectura paisajista floreci\u00f3 con Carlos Mart\u00ednez en el fr\u00edo de Canad\u00e1\">Arquitectura paisajista floreci\u00f3 con Carlos Mart\u00ednez en el fr\u00edo de Canad\u00e1<\/a><\/h2><\/header><div class=\"eael-entry-content\">\n                        <div class=\"eael-grid-post-excerpt\"><a href=\"https:\/\/soymigrante.com\/revista\/arquitectura-paisajista-florecio-con-carlos-martinez-en-el-frio-de-canada\/\" class=\"eael-post-elements-readmore-btn\">CONOCE SU HISTORIA <\/a><\/div>\n                    <\/div><\/div><\/div>\n        <\/div>\n    <\/article><article class=\"eael-grid-post  eael-post-grid-column eael-pg-post-2124 category-exitos\" data-id=\"2124\">\n        <div class=\"eael-grid-post-holder\">\n            <div class=\"eael-grid-post-holder-inner\"><div class=\"eael-entry-media\"><div class=\"eael-entry-overlay fade-in\"><i class=\"far fa-hand-pointer\" aria-hidden=\"true\"><\/i><a href=\"https:\/\/soymigrante.com\/revista\/pablo-mazariegos-psicologo-migrante-guatemalteco\/\"><\/a><\/div><div class=\"eael-entry-thumbnail \">\n                <img loading=\"lazy\" decoding=\"async\" width=\"1024\" height=\"686\" src=\"https:\/\/soymigrante.com\/revista\/wp-content\/uploads\/2023\/08\/pablo-mazariegos-b-1024x686.webp\" class=\"attachment-large size-large wp-image-2130\" alt=\"Pablo Mazariegos es graduado universitario en terapia familiar y psicolog\u00eda escolar, pero a su vez estas facetas e historias le condujeron a ser creador audiovisual, a trav\u00e9s de documentales propositivos y optimistas dedicados sobre todo a j\u00f3venes.\" srcset=\"https:\/\/soymigrante.com\/revista\/wp-content\/uploads\/2023\/08\/pablo-mazariegos-b-1024x686.webp 1024w, https:\/\/soymigrante.com\/revista\/wp-content\/uploads\/2023\/08\/pablo-mazariegos-b-300x201.webp 300w, https:\/\/soymigrante.com\/revista\/wp-content\/uploads\/2023\/08\/pablo-mazariegos-b-768x514.webp 768w, https:\/\/soymigrante.com\/revista\/wp-content\/uploads\/2023\/08\/pablo-mazariegos-b-1536x1028.webp 1536w, https:\/\/soymigrante.com\/revista\/wp-content\/uploads\/2023\/08\/pablo-mazariegos-b-750x502.webp 750w, https:\/\/soymigrante.com\/revista\/wp-content\/uploads\/2023\/08\/pablo-mazariegos-b-1140x763.webp 1140w, https:\/\/soymigrante.com\/revista\/wp-content\/uploads\/2023\/08\/pablo-mazariegos-b.webp 1920w\" sizes=\"(max-width: 1024px) 100vw, 1024px\" \/>\n            <\/div>\n        <\/div><div class=\"eael-entry-wrapper\"><header class=\"eael-entry-header\"><h2 class=\"eael-entry-title\"><a class=\"eael-grid-post-link\" href=\"https:\/\/soymigrante.com\/revista\/pablo-mazariegos-psicologo-migrante-guatemalteco\/\" title=\"Pablo Mazariegos: Transformando historias migrantes en esperanza\">Pablo Mazariegos: Transformando historias migrantes en esperanza<\/a><\/h2><\/header><div class=\"eael-entry-content\">\n                        <div class=\"eael-grid-post-excerpt\"><a href=\"https:\/\/soymigrante.com\/revista\/pablo-mazariegos-psicologo-migrante-guatemalteco\/\" class=\"eael-post-elements-readmore-btn\">CONOCE SU HISTORIA <\/a><\/div>\n                    <\/div><\/div><\/div>\n        <\/div>\n    <\/article><\/div>\n            <div class=\"clearfix\"><\/div>\n        <\/div>\t\t\t\t<\/div>\n\t\t\t\t\t<\/div>\n\t\t\t\t<\/div>\n\t\t\t\t<\/div>\n\t\t","protected":false},"excerpt":{"rendered":"<p>Ese aroma de pino regado en el piso de la casa, ese vapor del ponche de frutas hirviendo en una olla grande, ese sonido de chinchines y percusi\u00f3n de tortugas de las posadas&#8230; Nadie lo puede olvidar aunque est\u00e9 lejos. As\u00ed comparten migrantes guatemaltecos sus vivencias navide\u00f1as de anta\u00f1o. &#8220;\u00c9ramos siete patojos en una casa [&hellip;]<\/p>\n","protected":false},"author":7,"featured_media":17722,"comment_status":"open","ping_status":"open","sticky":false,"template":"","format":"standard","meta":{"_acf_changed":false,"_eb_attr":"","footnotes":""},"categories":[54],"tags":[],"class_list":["post-17721","post","type-post","status-publish","format-standard","has-post-thumbnail","hentry","category-estamos-unidos"],"acf":[],"aioseo_notices":[],"aioseo_head":"\n\t\t<!-- All in One SEO Pro 4.9.6.2 - aioseo.com -->\n\t<meta name=\"description\" content=\"Pablo Mazariegos, psic\u00f3logo y migrante, dedica su vida a ayudar a j\u00f3venes migrantes en EE.UU. a superar traumas y construir un futuro prometedor\" \/>\n\t<meta name=\"robots\" content=\"max-snippet:-1, max-image-preview:large, max-video-preview:-1\" \/>\n\t<meta name=\"author\" content=\"Gustavo Montenegro\"\/>\n\t<link rel=\"canonical\" href=\"https:\/\/soymigrante.com\/revista\/pablo-mazariegos-psicologo-migrante-guatemalteco\/\" \/>\n\t<meta name=\"generator\" content=\"All in One SEO Pro (AIOSEO) 4.9.6.2\" \/>\n\n\t\t<link rel=\"preconnect\" href=\"https:\/\/fonts.googleapis.com\" crossorigin>\n<link rel=\"preconnect\" href=\"https:\/\/fonts.gstatic.com\" crossorigin>\n\t\t<meta property=\"og:locale\" content=\"es_ES\" \/>\n\t\t<meta property=\"og:site_name\" content=\"SoyMigrante.com REVISTA \u2013 Nuestra misi\u00f3n es reconocer y dignificar al migrante.\" \/>\n\t\t<meta property=\"og:type\" content=\"article\" \/>\n\t\t<meta property=\"og:title\" content=\"Pablo Mazariegos: Transformando historias migrantes en esperanza\" \/>\n\t\t<meta property=\"og:description\" content=\"Pablo Mazariegos, psic\u00f3logo y migrante, dedica su vida a ayudar a j\u00f3venes migrantes en EE.UU. a superar traumas y construir un futuro prometedor\" \/>\n\t\t<meta property=\"og:url\" content=\"https:\/\/soymigrante.com\/revista\/pablo-mazariegos-psicologo-migrante-guatemalteco\/\" \/>\n\t\t<meta property=\"og:image\" content=\"https:\/\/soymigrante.com\/revista\/wp-content\/uploads\/2023\/08\/pablo-mazariegos-b.webp\" \/>\n\t\t<meta property=\"og:image:secure_url\" content=\"https:\/\/soymigrante.com\/revista\/wp-content\/uploads\/2023\/08\/pablo-mazariegos-b.webp\" \/>\n\t\t<meta property=\"og:image:width\" content=\"1920\" \/>\n\t\t<meta property=\"og:image:height\" content=\"1285\" \/>\n\t\t<meta property=\"article:published_time\" content=\"2023-08-07T14:01:17+00:00\" \/>\n\t\t<meta property=\"article:modified_time\" content=\"2024-07-31T04:28:35+00:00\" \/>\n\t\t<meta property=\"article:publisher\" content=\"https:\/\/www.facebook.com\/soymigrantecom\" \/>\n\t\t<meta name=\"twitter:card\" content=\"summary_large_image\" \/>\n\t\t<meta name=\"twitter:site\" content=\"@SoyMigrante_com\" \/>\n\t\t<meta name=\"twitter:title\" content=\"Pablo Mazariegos: Transformando historias migrantes en esperanza\" \/>\n\t\t<meta name=\"twitter:description\" content=\"Pablo Mazariegos, psic\u00f3logo y migrante, dedica su vida a ayudar a j\u00f3venes migrantes en EE.UU. a superar traumas y construir un futuro prometedor\" \/>\n\t\t<meta name=\"twitter:creator\" content=\"@SoyMigrante_com\" \/>\n\t\t<meta name=\"twitter:image\" content=\"https:\/\/soymigrante.com\/revista\/wp-content\/uploads\/2023\/08\/pablo-mazariegos-b.webp\" \/>\n\t\t<!-- All in One SEO Pro -->\r\n\t\t<title>Pablo Mazariegos: Transformando historias migrantes en esperanza<\/title>\n\n","aioseo_head_json":{"title":"Pablo Mazariegos: Transformando historias migrantes en esperanza","description":"Pablo Mazariegos, psic\u00f3logo y migrante, dedica su vida a ayudar a j\u00f3venes migrantes en EE.UU. a superar traumas y construir un futuro prometedor","canonical_url":"https:\/\/soymigrante.com\/revista\/pablo-mazariegos-psicologo-migrante-guatemalteco\/","robots":"max-snippet:-1, max-image-preview:large, max-video-preview:-1","keywords":"","webmasterTools":{"miscellaneous":"&lt;link rel=\"preconnect\" href=\"https:\/\/fonts.googleapis.com\" crossorigin&gt;\n&lt;link rel=\"preconnect\" href=\"https:\/\/fonts.gstatic.com\" crossorigin&gt;"},"schema":null,"og:locale":"es_ES","og:site_name":"SoyMigrante.com REVISTA \u2013 Nuestra misi\u00f3n es reconocer y dignificar al migrante.","og:type":"article","og:title":"Pablo Mazariegos: Transformando historias migrantes en esperanza","og:description":"Pablo Mazariegos, psic\u00f3logo y migrante, dedica su vida a ayudar a j\u00f3venes migrantes en EE.UU. a superar traumas y construir un futuro prometedor","og:url":"https:\/\/soymigrante.com\/revista\/pablo-mazariegos-psicologo-migrante-guatemalteco\/","og:image":"https:\/\/soymigrante.com\/revista\/wp-content\/uploads\/2023\/08\/pablo-mazariegos-b.webp","og:image:secure_url":"https:\/\/soymigrante.com\/revista\/wp-content\/uploads\/2023\/08\/pablo-mazariegos-b.webp","og:image:width":1920,"og:image:height":1285,"article:published_time":"2023-08-07T14:01:17+00:00","article:modified_time":"2024-07-31T04:28:35+00:00","article:publisher":"https:\/\/www.facebook.com\/soymigrantecom","twitter:card":"summary_large_image","twitter:site":"@SoyMigrante_com","twitter:title":"Pablo Mazariegos: Transformando historias migrantes en esperanza","twitter:description":"Pablo Mazariegos, psic\u00f3logo y migrante, dedica su vida a ayudar a j\u00f3venes migrantes en EE.UU. a superar traumas y construir un futuro prometedor","twitter:creator":"@SoyMigrante_com","twitter:image":"https:\/\/soymigrante.com\/revista\/wp-content\/uploads\/2023\/08\/pablo-mazariegos-b.webp"},"aioseo_meta_data":{"post_id":"17721","title":"Guatemaltecos en USA y Canad\u00e1 recuerdan Navidad de su tierra","description":"Olor a pino, sabor a ponche, pero sobre todo la uni\u00f3n con seres queridos, incluyendo abuelos que quiz\u00e1 ya no est\u00e1n, figuran en los recuerdos migrantes de Navidad","keywords":null,"keyphrases":{"focus":{"keyphrase":"Navidad","score":60,"analysis":{"keyphraseInTitle":{"score":9,"maxScore":9,"error":0},"keyphraseInDescription":{"score":9,"maxScore":9,"error":0},"keyphraseLength":{"score":9,"maxScore":9,"error":0,"length":1},"keyphraseInURL":{"score":5,"maxScore":5,"error":0},"keyphraseInIntroduction":{"score":3,"maxScore":9,"error":1},"keyphraseInSubHeadings":{"score":3,"maxScore":9,"error":1},"keyphraseInImageAlt":{"score":3,"maxScore":9,"error":1},"keywordDensity":{"score":0,"type":"low","maxScore":9,"error":1}}},"additional":[{"keyphrase":"Guatemaltecos","score":40,"analysis":{"keyphraseInDescription":{"score":3,"maxScore":9,"error":1},"keyphraseLength":{"score":9,"maxScore":9,"error":0,"length":1},"keyphraseInIntroduction":{"score":3,"maxScore":9,"error":1},"keyphraseInImageAlt":{"score":3,"maxScore":9,"error":1},"keywordDensity":{"score":0,"type":"low","maxScore":9,"error":1}}}]},"primary_term":null,"canonical_url":null,"og_title":null,"og_description":null,"og_object_type":"default","og_image_type":"default","og_image_url":null,"og_image_width":null,"og_image_height":null,"og_image_custom_url":null,"og_image_custom_fields":null,"og_video":"","og_custom_url":null,"og_article_section":null,"og_article_tags":null,"twitter_use_og":false,"twitter_card":"default","twitter_image_type":"default","twitter_image_url":null,"twitter_image_custom_url":null,"twitter_image_custom_fields":null,"twitter_title":null,"twitter_description":null,"schema":{"blockGraphs":[],"customGraphs":[],"default":{"data":{"Article":[],"Course":[],"Dataset":[],"FAQPage":[],"Movie":[],"Person":[],"Product":[],"ProductReview":[],"Car":[],"Recipe":[],"Service":[],"SoftwareApplication":[],"WebPage":[]},"graphName":"BlogPosting","isEnabled":true},"graphs":[]},"schema_type":"default","schema_type_options":null,"pillar_content":false,"robots_default":true,"robots_noindex":false,"robots_noarchive":false,"robots_nosnippet":false,"robots_nofollow":false,"robots_noimageindex":false,"robots_noodp":false,"robots_notranslate":false,"robots_max_snippet":"-1","robots_max_videopreview":"-1","robots_max_imagepreview":"large","priority":null,"frequency":"default","local_seo":null,"seo_analyzer_scan_date":"2025-10-09 01:15:09","breadcrumb_settings":null,"limit_modified_date":false,"reviewed_by":null,"open_ai":"{\"title\":{\"suggestions\":[],\"usage\":0},\"description\":{\"suggestions\":[],\"usage\":0}}","ai":null,"created":"2024-12-23 16:30:08","updated":"2026-02-04 18:33:30"},"aioseo_breadcrumb":"<div class=\"aioseo-breadcrumbs\"><span class=\"aioseo-breadcrumb\">\n\t<a href=\"https:\/\/soymigrante.com\/revista\" title=\"Home\">Home<\/a>\n<\/span><span class=\"aioseo-breadcrumb-separator\">\u00bb<\/span><span class=\"aioseo-breadcrumb\">\n\t<a href=\"https:\/\/soymigrante.com\/revista\/category\/estamos-unidos\/\" title=\"Estamos Unidos\">Estamos Unidos<\/a>\n<\/span><span class=\"aioseo-breadcrumb-separator\">\u00bb<\/span><span class=\"aioseo-breadcrumb\">\n\tGuatemaltecos en EE.UU. y Canad\u00e1 evocan el dulce esp\u00edritu de la Navidad de su ni\u00f1ez\n<\/span><\/div>","aioseo_breadcrumb_json":[{"label":"Home","link":"https:\/\/soymigrante.com\/revista"},{"label":"Estamos Unidos","link":"https:\/\/soymigrante.com\/revista\/category\/estamos-unidos\/"},{"label":"Guatemaltecos en EE.UU. y Canad\u00e1 evocan el dulce esp\u00edritu de la Navidad de su ni\u00f1ez","link":"https:\/\/soymigrante.com\/revista\/guatemaltecos-en-ee-uu-y-canada-evocan-el-dulce-espiritu-de-la-navidad-de-su-ninez\/"}],"_links":{"self":[{"href":"https:\/\/soymigrante.com\/revista\/wp-json\/wp\/v2\/posts\/17721","targetHints":{"allow":["GET"]}}],"collection":[{"href":"https:\/\/soymigrante.com\/revista\/wp-json\/wp\/v2\/posts"}],"about":[{"href":"https:\/\/soymigrante.com\/revista\/wp-json\/wp\/v2\/types\/post"}],"author":[{"embeddable":true,"href":"https:\/\/soymigrante.com\/revista\/wp-json\/wp\/v2\/users\/7"}],"replies":[{"embeddable":true,"href":"https:\/\/soymigrante.com\/revista\/wp-json\/wp\/v2\/comments?post=17721"}],"version-history":[{"count":0,"href":"https:\/\/soymigrante.com\/revista\/wp-json\/wp\/v2\/posts\/17721\/revisions"}],"wp:featuredmedia":[{"embeddable":true,"href":"https:\/\/soymigrante.com\/revista\/wp-json\/wp\/v2\/media\/17722"}],"wp:attachment":[{"href":"https:\/\/soymigrante.com\/revista\/wp-json\/wp\/v2\/media?parent=17721"}],"wp:term":[{"taxonomy":"category","embeddable":true,"href":"https:\/\/soymigrante.com\/revista\/wp-json\/wp\/v2\/categories?post=17721"},{"taxonomy":"post_tag","embeddable":true,"href":"https:\/\/soymigrante.com\/revista\/wp-json\/wp\/v2\/tags?post=17721"}],"curies":[{"name":"wp","href":"https:\/\/api.w.org\/{rel}","templated":true}]}}