{"id":17697,"date":"2024-12-23T05:30:00","date_gmt":"2024-12-23T11:30:00","guid":{"rendered":"https:\/\/soymigrante.com\/revista\/?p=17697"},"modified":"2024-12-23T09:00:09","modified_gmt":"2024-12-23T15:00:09","slug":"red-migrante-guatemalteca-celebra-festival-del-tamal-en-los-angeles","status":"publish","type":"post","link":"https:\/\/soymigrante.com\/revista\/red-migrante-guatemalteca-celebra-festival-del-tamal-en-los-angeles\/","title":{"rendered":"Red Migrante Guatemalteca celebra Festival del Tamal en Los Angeles"},"content":{"rendered":"\t\t<div data-elementor-type=\"wp-post\" data-elementor-id=\"17697\" class=\"elementor elementor-17697\" data-elementor-post-type=\"post\">\n\t\t\t\t<div data-particle_enable=\"false\" data-particle-mobile-disabled=\"false\" class=\"elementor-element elementor-element-0328da3 e-flex e-con-boxed e-con e-parent\" data-id=\"0328da3\" data-element_type=\"container\" data-e-type=\"container\">\n\t\t\t\t\t<div class=\"e-con-inner\">\n\t\t\t\t<div class=\"elementor-element elementor-element-9079e3b elementor-widget elementor-widget-heading\" data-id=\"9079e3b\" data-element_type=\"widget\" data-e-type=\"widget\" data-widget_type=\"heading.default\">\n\t\t\t\t\t<h2 class=\"elementor-heading-title elementor-size-default\">Hermandad, alegr\u00eda y el inconfundible sabor del tamal guatemalteco marcaron el festival navide\u00f1o desarrollado este domingo 21 de diciembre en Los Angeles, organizado por la Red Migrante Guatemalteca.<\/h2>\t\t\t\t<\/div>\n\t\t\t\t\t<\/div>\n\t\t\t\t<\/div>\n\t\t<div data-particle_enable=\"false\" data-particle-mobile-disabled=\"false\" class=\"elementor-element elementor-element-507b751 e-flex e-con-boxed e-con e-parent\" data-id=\"507b751\" data-element_type=\"container\" data-e-type=\"container\">\n\t\t\t\t\t<div class=\"e-con-inner\">\n\t\t\t\t<div class=\"elementor-element elementor-element-c0a27fe elementor-widget elementor-widget-text-editor\" data-id=\"c0a27fe\" data-element_type=\"widget\" data-e-type=\"widget\" data-widget_type=\"text-editor.default\">\n\t\t\t\t\t\t\t\t\t<p>La Red Migrante Guatemalteca y el Movimiento TPS Guatemalteco realizaron El Festival del Tamal Guatemalteco en Los Angeles, en el cual ser pudieron degustar 7 diferentes variedades del aut\u00e9ntico sabor regional del ancestral y tradicional platillo festivo guatemalteco.\u00a0<\/p><p>Con esta actividad tambi\u00e9n celebra un a\u00f1o lleno de actividades, incluyendo la campa\u00f1a TPS Guatemalteco y las jornadas de ayuda a migrantes en albergues fronterizos.<\/p><p>Seg\u00fan la tradici\u00f3n, el Tamal era una comida especial presentada como obsequio a los gobernantes mayas en ceremonias para agradarlos.\u00a0<span style=\"color: var( --e-global-color-text ); text-align: var(--text-align);\">Esta preparaci\u00f3n es tradicional de cada s\u00e1bado en Guatemala, pero se incrementan las recetas y versiones familiares en la \u00e9poca de Navidad y Fin de A\u00f1o, cuando en los hogares se preparan las hojas, la masa, la salsa y las carnes, seg\u00fan la tradici\u00f3n familiar, ya sea del occidente, oriente o sur del pa\u00eds.\u00a0<\/span><\/p>\t\t\t\t\t\t\t\t<\/div>\n\t\t\t\t\t<\/div>\n\t\t\t\t<\/div>\n\t\t<div data-particle_enable=\"false\" data-particle-mobile-disabled=\"false\" class=\"elementor-element elementor-element-8165261 e-flex e-con-boxed e-con e-parent\" data-id=\"8165261\" data-element_type=\"container\" data-e-type=\"container\">\n\t\t\t\t\t<div class=\"e-con-inner\">\n\t\t\t\t<div class=\"elementor-element elementor-element-66df86c elementor-widget elementor-widget-image\" data-id=\"66df86c\" data-element_type=\"widget\" data-e-type=\"widget\" data-widget_type=\"image.default\">\n\t\t\t\t\t\t\t\t\t\t\t\t<figure class=\"wp-caption\">\n\t\t\t\t\t\t\t\t\t\t<img fetchpriority=\"high\" decoding=\"async\" width=\"768\" height=\"432\" src=\"https:\/\/soymigrante.com\/revista\/wp-content\/uploads\/2024\/12\/festival-del-tamal-1024x576.jpg\" class=\"attachment-large size-large wp-image-17706\" alt=\"Celebraci\u00f3n festiva de migrantes con comida tradicional en evento comunitario, promoviendo cultura y uni\u00f3n entre migrantes en una feria multicultural.\" srcset=\"https:\/\/soymigrante.com\/revista\/wp-content\/uploads\/2024\/12\/festival-del-tamal-1024x576.jpg 1024w, https:\/\/soymigrante.com\/revista\/wp-content\/uploads\/2024\/12\/festival-del-tamal-300x169.jpg 300w, https:\/\/soymigrante.com\/revista\/wp-content\/uploads\/2024\/12\/festival-del-tamal-768x432.jpg 768w, https:\/\/soymigrante.com\/revista\/wp-content\/uploads\/2024\/12\/festival-del-tamal-1536x864.jpg 1536w, https:\/\/soymigrante.com\/revista\/wp-content\/uploads\/2024\/12\/festival-del-tamal-750x422.webp 750w, https:\/\/soymigrante.com\/revista\/wp-content\/uploads\/2024\/12\/festival-del-tamal-1140x641.webp 1140w, https:\/\/soymigrante.com\/revista\/wp-content\/uploads\/2024\/12\/festival-del-tamal.webp 1600w\" sizes=\"(max-width: 768px) 100vw, 768px\" title=\"Siete tipos de tamales, de diversas regiones y  tradiciones familiares  disfrutaron los guatemaltecos reunidos en un peque\u00f1o convivio para conmemorar un a\u00f1o de intensa actividad en favor de los migrantes en EE.UU. \u2013 SoyMigrante.com REVISTA\" \/>\t\t\t\t\t\t\t\t\t\t\t<figcaption class=\"widget-image-caption wp-caption-text\">Personas disfrutando de comida y convivencia en un festival de inmigrantes.<\/figcaption>\n\t\t\t\t\t\t\t\t\t\t<\/figure>\n\t\t\t\t\t\t\t\t\t<\/div>\n\t\t\t\t\t<\/div>\n\t\t\t\t<\/div>\n\t\t<div data-particle_enable=\"false\" data-particle-mobile-disabled=\"false\" class=\"elementor-element elementor-element-c381108 e-flex e-con-boxed e-con e-parent\" data-id=\"c381108\" data-element_type=\"container\" data-e-type=\"container\">\n\t\t\t\t\t<div class=\"e-con-inner\">\n\t\t\t\t<div class=\"elementor-element elementor-element-4c8842d elementor-widget elementor-widget-heading\" data-id=\"4c8842d\" data-element_type=\"widget\" data-e-type=\"widget\" data-widget_type=\"heading.default\">\n\t\t\t\t\t<h2 class=\"elementor-heading-title elementor-size-default\">El sabor de la uni\u00f3n y la cultura<\/h2>\t\t\t\t<\/div>\n\t\t\t\t\t<\/div>\n\t\t\t\t<\/div>\n\t\t<div data-particle_enable=\"false\" data-particle-mobile-disabled=\"false\" class=\"elementor-element elementor-element-f3aafec e-flex e-con-boxed e-con e-parent\" data-id=\"f3aafec\" data-element_type=\"container\" data-e-type=\"container\">\n\t\t\t\t\t<div class=\"e-con-inner\">\n\t\t\t\t<div class=\"elementor-element elementor-element-7985c2e elementor-widget elementor-widget-text-editor\" data-id=\"7985c2e\" data-element_type=\"widget\" data-e-type=\"widget\" data-widget_type=\"text-editor.default\">\n\t\t\t\t\t\t\t\t\t<p><span style=\"color: var( --e-global-color-text ); text-align: var(--text-align);\">&#8220;Con la llegada de casi 4 millones de chapines a USA tambi\u00e9n llegaron sus costumbres originarias y su gastronom\u00eda. El tamal chap\u00edn es una de ellas&#8221; expresan los dirigentes de la Red Migrante Guatemalteca, organizaci\u00f3n de migrantes guatemaltecos y sus familias con presencia organizada en 43 Estados, Canad\u00e1, M\u00e9xico,\u00a0 Espa\u00f1a y 110 municipios en Guatemala. La Red Migrante vela por los asuntos que les afectan positiva o negativamente y en su labor est\u00e1n defendiendo, dignificando y empoderando al ser Guatemalteco d\u00f3nde quiera que est\u00e9&#8221;, agrega el comunicado de la entidad, presidida por el guatemalteco Walter Batres.<\/span><\/p>\t\t\t\t\t\t\t\t<\/div>\n\t\t\t\t\t<\/div>\n\t\t\t\t<\/div>\n\t\t<div data-particle_enable=\"false\" data-particle-mobile-disabled=\"false\" class=\"elementor-element elementor-element-f130c8e e-flex e-con-boxed e-con e-parent\" data-id=\"f130c8e\" data-element_type=\"container\" data-e-type=\"container\">\n\t\t\t\t\t<div class=\"e-con-inner\">\n\t\t\t\t<div class=\"elementor-element elementor-element-bea55e9 elementor-invisible elementor-widget elementor-widget-facebook-embed\" data-id=\"bea55e9\" data-element_type=\"widget\" data-e-type=\"widget\" data-settings=\"{&quot;_animation&quot;:&quot;zoomInDown&quot;}\" data-widget_type=\"facebook-embed.default\">\n\t\t\t\t\t<div style=\"min-height: 1px\" class=\"elementor-facebook-widget fb-post\" data-href=\"https:\/\/www.facebook.com\/rene.corado.35\/posts\/pfbid023d4gnc2H9uEWCA2LDX7MeyETG9VRkZ3MDXtVnfbhN1opBRNz3Wzuunh6uGqBLrE4l\" data-show-text=\"false\"><\/div>\t\t\t\t<\/div>\n\t\t\t\t\t<\/div>\n\t\t\t\t<\/div>\n\t\t<div data-particle_enable=\"false\" data-particle-mobile-disabled=\"false\" class=\"elementor-element elementor-element-5c615e2 e-flex e-con-boxed e-con e-parent\" data-id=\"5c615e2\" data-element_type=\"container\" data-e-type=\"container\">\n\t\t\t\t\t<div class=\"e-con-inner\">\n\t\t\t\t<div class=\"elementor-element elementor-element-1bd0cbc elementor-widget elementor-widget-text-editor\" data-id=\"1bd0cbc\" data-element_type=\"widget\" data-e-type=\"widget\" data-widget_type=\"text-editor.default\">\n\t\t\t\t\t\t\t\t\t<p><span style=\"color: var( --e-global-color-text ); text-align: var(--text-align);\">En la actividad se degustaron tamales de varias regiones de Guatemala y a la vez hubo un certamen para elegir aquel que tuviera mayores cualidades.&nbsp;<\/span><\/p>\n<p>La familia Reyes de la zona 3 de la ciudad capital se llev\u00f3 la simpat\u00eda de los jueces por sabor, originalidad y presentaci\u00f3n del delicioso Tamal Chap\u00edn, un evento que reparti\u00f3&nbsp; gratuitamente antojitos, postres y bebidas navide\u00f1as a los asistentes, al igual que golosinas enviadas desde Guatemala.<\/p>\t\t\t\t\t\t\t\t<\/div>\n\t\t\t\t\t<\/div>\n\t\t\t\t<\/div>\n\t\t<div data-particle_enable=\"false\" data-particle-mobile-disabled=\"false\" class=\"elementor-element elementor-element-49dd735 e-flex e-con-boxed e-con e-parent\" data-id=\"49dd735\" data-element_type=\"container\" data-e-type=\"container\">\n\t\t\t\t\t<div class=\"e-con-inner\">\n\t\t\t\t<div class=\"elementor-element elementor-element-6644a25 elementor-widget elementor-widget-html\" data-id=\"6644a25\" data-element_type=\"widget\" data-e-type=\"widget\" data-widget_type=\"html.default\">\n\t\t\t\t\t<iframe src=\"https:\/\/www.facebook.com\/plugins\/video.php?height=476&href=https%3A%2F%2Fwww.facebook.com%2FRedMigranteGuate%2Fvideos%2F1601202293855103%2F&show_text=false&width=267&t=720\" width=\"267\" height=\"476\" style=\"border:none;overflow:hidden\" scrolling=\"no\" frameborder=\"0\" allowfullscreen=\"true\" allow=\"autoplay; clipboard-write; encrypted-media; picture-in-picture; web-share\" allowFullScreen=\"true\"><\/iframe>\t\t\t\t<\/div>\n\t\t\t\t\t<\/div>\n\t\t\t\t<\/div>\n\t\t<div data-particle_enable=\"false\" data-particle-mobile-disabled=\"false\" class=\"elementor-element elementor-element-95dad5d e-flex e-con-boxed e-con e-parent\" data-id=\"95dad5d\" data-element_type=\"container\" data-e-type=\"container\">\n\t\t\t\t\t<div class=\"e-con-inner\">\n\t\t\t\t<div class=\"elementor-element elementor-element-ecdc2c9 elementor-widget elementor-widget-heading\" data-id=\"ecdc2c9\" data-element_type=\"widget\" data-e-type=\"widget\" data-widget_type=\"heading.default\">\n\t\t\t\t\t<h2 class=\"elementor-heading-title elementor-size-default\">Convivencia y solidaridad<\/h2>\t\t\t\t<\/div>\n\t\t\t\t\t<\/div>\n\t\t\t\t<\/div>\n\t\t<div data-particle_enable=\"false\" data-particle-mobile-disabled=\"false\" class=\"elementor-element elementor-element-806d1e0 e-flex e-con-boxed e-con e-parent\" data-id=\"806d1e0\" data-element_type=\"container\" data-e-type=\"container\">\n\t\t\t\t\t<div class=\"e-con-inner\">\n\t\t\t\t<div class=\"elementor-element elementor-element-0bae081 elementor-widget elementor-widget-text-editor\" data-id=\"0bae081\" data-element_type=\"widget\" data-e-type=\"widget\" data-widget_type=\"text-editor.default\">\n\t\t\t\t\t\t\t\t\t<p><span style=\"color: var( --e-global-color-text ); text-align: var(--text-align);\">Tambi\u00e9n hubo exhibici\u00f3n de baile tradicional y sobre todo mucha hermandad y sonrisas de los asistentes.<\/span><\/p><p>La Red Migrante Guatemalteca organiz\u00f3 en noviembre la preparaci\u00f3n del iambre Gigante m\u00e1s grande elaborado fuera de Guatemala. As\u00ed tambi\u00e9n efect\u00faa viajes de ayuda humanitaria a albergues de migrantes\u00a0 en la frontera de M\u00e9xico, actividad que desarrolla desde 2011.\u00a0 De igual forma, peri\u00f3dicamente lleva agua, suero, hidratantes y medicamentos b\u00e1sicos a las rutas del desierto fronterizo de Arizona y California.<\/p><p>En este 2024 han impulsado la gesti\u00f3n del TPS Guatemalteco qu\u00e9 busca proteger a los chapines vulnerables en USA, participando en reuniones con autoridades de EE.UU. y Guatemala.<\/p><p>Un Tamal con sabor a TPS fue el convivio de muchos de sus miembros que han colectado firmas activando a\u00a0 millones de Guatemaltecos en ambos pa\u00edses informando y socializando el tema<\/p>\t\t\t\t\t\t\t\t<\/div>\n\t\t\t\t\t<\/div>\n\t\t\t\t<\/div>\n\t\t<div data-particle_enable=\"false\" data-particle-mobile-disabled=\"false\" class=\"elementor-element elementor-element-612b70a e-flex e-con-boxed e-con e-parent\" data-id=\"612b70a\" data-element_type=\"container\" data-e-type=\"container\">\n\t\t\t\t\t<div class=\"e-con-inner\">\n\t\t\t\t<div class=\"elementor-element elementor-element-28ca513 elementor-widget elementor-widget-image\" data-id=\"28ca513\" data-element_type=\"widget\" data-e-type=\"widget\" data-widget_type=\"image.default\">\n\t\t\t\t\t\t\t\t\t\t\t\t<figure class=\"wp-caption\">\n\t\t\t\t\t\t\t\t\t\t<img decoding=\"async\" width=\"768\" height=\"576\" src=\"https:\/\/soymigrante.com\/revista\/wp-content\/uploads\/2024\/12\/red-migrante-guatemalteca-2024-1024x768.jpg\" class=\"attachment-large size-large wp-image-17707\" alt=\"Derechos de los migrantes en Estados Unidos, manifestaci\u00f3n por TPS en Guatemala, apoyo y solidaridad con inmigrantes, protestas por justicia migratoria, promover derechos y protecci\u00f3n para migrantes en EE. UU.\" srcset=\"https:\/\/soymigrante.com\/revista\/wp-content\/uploads\/2024\/12\/red-migrante-guatemalteca-2024-1024x768.jpg 1024w, https:\/\/soymigrante.com\/revista\/wp-content\/uploads\/2024\/12\/red-migrante-guatemalteca-2024-300x225.jpg 300w, https:\/\/soymigrante.com\/revista\/wp-content\/uploads\/2024\/12\/red-migrante-guatemalteca-2024-768x576.jpg 768w, https:\/\/soymigrante.com\/revista\/wp-content\/uploads\/2024\/12\/red-migrante-guatemalteca-2024-1536x1152.jpg 1536w, https:\/\/soymigrante.com\/revista\/wp-content\/uploads\/2024\/12\/red-migrante-guatemalteca-2024-750x563.webp 750w, https:\/\/soymigrante.com\/revista\/wp-content\/uploads\/2024\/12\/red-migrante-guatemalteca-2024-1140x855.webp 1140w, https:\/\/soymigrante.com\/revista\/wp-content\/uploads\/2024\/12\/red-migrante-guatemalteca-2024.webp 1600w\" sizes=\"(max-width: 768px) 100vw, 768px\" title=\"Desde febrero la Red Migrante Guatemalteca ha impulsado la solicitud de TPS para Guatemaltecos, con apoyo de congresistas de EE.UU., alcaldes guatemaltecos y miles de firmas recolectadas en 42 Estados de la Uni\u00f3n. \u2013 SoyMigrante.com REVISTA\" \/>\t\t\t\t\t\t\t\t\t\t\t<figcaption class=\"widget-image-caption wp-caption-text\">Protesta activa por derechos migrantes, TPS y protecci\u00f3n para guatemaltecos en Estados Unidos, en una manifestaci\u00f3n con pancartas y mensajes de apoyo y justicia social.<\/figcaption>\n\t\t\t\t\t\t\t\t\t\t<\/figure>\n\t\t\t\t\t\t\t\t\t<\/div>\n\t\t\t\t\t<\/div>\n\t\t\t\t<\/div>\n\t\t<div data-particle_enable=\"false\" data-particle-mobile-disabled=\"false\" class=\"elementor-element elementor-element-a082fbf e-flex e-con-boxed e-con e-parent\" data-id=\"a082fbf\" data-element_type=\"container\" data-e-type=\"container\">\n\t\t\t\t\t<div class=\"e-con-inner\">\n\t\t\t\t<div class=\"elementor-element elementor-element-d66405b elementor-widget elementor-widget-heading\" data-id=\"d66405b\" data-element_type=\"widget\" data-e-type=\"widget\" data-widget_type=\"heading.default\">\n\t\t\t\t\t<h2 class=\"elementor-heading-title elementor-size-default\">Identidad guatemalteca decembrina<\/h2>\t\t\t\t<\/div>\n\t\t\t\t\t<\/div>\n\t\t\t\t<\/div>\n\t\t<div data-particle_enable=\"false\" data-particle-mobile-disabled=\"false\" class=\"elementor-element elementor-element-cf79110 e-flex e-con-boxed e-con e-parent\" data-id=\"cf79110\" data-element_type=\"container\" data-e-type=\"container\">\n\t\t\t\t\t<div class=\"e-con-inner\">\n\t\t\t\t<div class=\"elementor-element elementor-element-bfa541c elementor-grid-eael-col-3 elementor-grid-tablet-eael-col-2 elementor-grid-mobile-eael-col-1 elementor-widget elementor-widget-eael-post-grid\" data-id=\"bfa541c\" data-element_type=\"widget\" data-e-type=\"widget\" data-settings=\"{&quot;eael_post_grid_columns&quot;:&quot;eael-col-3&quot;,&quot;eael_post_grid_columns_tablet&quot;:&quot;eael-col-2&quot;,&quot;eael_post_grid_columns_mobile&quot;:&quot;eael-col-1&quot;}\" data-widget_type=\"eael-post-grid.default\">\n\t\t\t\t\t<div id=\"eael-post-grid-bfa541c\" class=\"eael-post-grid-container\">\n            <div class=\"eael-post-grid eael-post-appender eael-post-appender-bfa541c eael-post-grid-style-one\" data-layout-mode=\"masonry\"><article class=\"eael-grid-post  eael-post-grid-column eael-pg-post-15388 category-guate-nuestra\" data-id=\"15388\">\n        <div class=\"eael-grid-post-holder\">\n            <div class=\"eael-grid-post-holder-inner\"><div class=\"eael-entry-media\"><div class=\"eael-entry-overlay fade-in\"><i class=\"far fa-hand-pointer\" aria-hidden=\"true\"><\/i><a href=\"https:\/\/soymigrante.com\/revista\/que-tiene-la-navidad-chapina-que-los-migrantes-la-recuerdan-tanto-mira-esta-lista\/\"><\/a><\/div><div class=\"eael-entry-thumbnail \">\n                <img decoding=\"async\" width=\"1024\" height=\"1024\" src=\"https:\/\/soymigrante.com\/revista\/wp-content\/uploads\/2025\/12\/posada-guatemalteca-navidad-chapina-tradicion-envato-labs.png\" class=\"attachment-large size-large wp-image-50025\" alt=\"posada guatemalteca navidad chapina tradicion envato labs\" srcset=\"https:\/\/soymigrante.com\/revista\/wp-content\/uploads\/2025\/12\/posada-guatemalteca-navidad-chapina-tradicion-envato-labs.png 1024w, https:\/\/soymigrante.com\/revista\/wp-content\/uploads\/2025\/12\/posada-guatemalteca-navidad-chapina-tradicion-envato-labs-300x300.png 300w, https:\/\/soymigrante.com\/revista\/wp-content\/uploads\/2025\/12\/posada-guatemalteca-navidad-chapina-tradicion-envato-labs-150x150.png 150w, https:\/\/soymigrante.com\/revista\/wp-content\/uploads\/2025\/12\/posada-guatemalteca-navidad-chapina-tradicion-envato-labs-768x768.png 768w, https:\/\/soymigrante.com\/revista\/wp-content\/uploads\/2025\/12\/posada-guatemalteca-navidad-chapina-tradicion-envato-labs-75x75.png 75w, https:\/\/soymigrante.com\/revista\/wp-content\/uploads\/2025\/12\/posada-guatemalteca-navidad-chapina-tradicion-envato-labs-750x750.png 750w\" sizes=\"(max-width: 1024px) 100vw, 1024px\" \/>\n            <\/div>\n        <\/div><div class=\"eael-entry-wrapper\"><header class=\"eael-entry-header\"><h2 class=\"eael-entry-title\"><a class=\"eael-grid-post-link\" href=\"https:\/\/soymigrante.com\/revista\/que-tiene-la-navidad-chapina-que-los-migrantes-la-recuerdan-tanto-mira-esta-lista\/\" title=\"\u00bfEn qu\u00e9 radica el encanto de la Navidad chapina que los migrantes tanto recuerdan?\">\u00bfEn qu\u00e9 radica el encanto de la Navidad chapina que los migrantes tanto recuerdan?<\/a><\/h2><\/header><div class=\"eael-entry-content\">\n                        <div class=\"eael-grid-post-excerpt\"><a href=\"https:\/\/soymigrante.com\/revista\/que-tiene-la-navidad-chapina-que-los-migrantes-la-recuerdan-tanto-mira-esta-lista\/\" class=\"eael-post-elements-readmore-btn\">CONOCE SU HISTORIA <\/a><\/div>\n                    <\/div><\/div><\/div>\n        <\/div>\n    <\/article><article class=\"eael-grid-post  eael-post-grid-column eael-pg-post-16850 category-guate-nuestra tags-18-diciembre-dia-del-migrante\" data-id=\"16850\">\n        <div class=\"eael-grid-post-holder\">\n            <div class=\"eael-grid-post-holder-inner\"><div class=\"eael-entry-media\"><div class=\"eael-entry-overlay fade-in\"><i class=\"far fa-hand-pointer\" aria-hidden=\"true\"><\/i><a href=\"https:\/\/soymigrante.com\/revista\/paseo-por-un-mercadito-navideno-guatemalteco-una-galeria-de-colores-alegrias-y-recuerdos\/\"><\/a><\/div><div class=\"eael-entry-thumbnail \">\n                <img loading=\"lazy\" decoding=\"async\" width=\"1024\" height=\"683\" src=\"https:\/\/soymigrante.com\/revista\/wp-content\/uploads\/2024\/12\/mercado-navideno-fotos-muniguate-15-1024x683.jpg\" class=\"attachment-large size-large wp-image-16855\" alt=\"Puesto de venta de figuritas navide\u00f1as y decoraciones tradicionales en un mercado mexicano, con ni\u00f1o sonriendo en primer plano y colores festivos.\" \/>\n            <\/div>\n        <\/div><div class=\"eael-entry-wrapper\"><header class=\"eael-entry-header\"><h2 class=\"eael-entry-title\"><a class=\"eael-grid-post-link\" href=\"https:\/\/soymigrante.com\/revista\/paseo-por-un-mercadito-navideno-guatemalteco-una-galeria-de-colores-alegrias-y-recuerdos\/\" title=\"Paseo por un mercadito navide\u00f1o guatemalteco: una galer\u00eda de colores, alegr\u00edas y recuerdos\">Paseo por un mercadito navide\u00f1o guatemalteco: una galer\u00eda de colores, alegr\u00edas y recuerdos<\/a><\/h2><\/header><div class=\"eael-entry-content\">\n                        <div class=\"eael-grid-post-excerpt\"><a href=\"https:\/\/soymigrante.com\/revista\/paseo-por-un-mercadito-navideno-guatemalteco-una-galeria-de-colores-alegrias-y-recuerdos\/\" class=\"eael-post-elements-readmore-btn\">CONOCE SU HISTORIA <\/a><\/div>\n                    <\/div><\/div><\/div>\n        <\/div>\n    <\/article><article class=\"eael-grid-post  eael-post-grid-column eael-pg-post-3975 category-guate-nuestra\" data-id=\"3975\">\n        <div class=\"eael-grid-post-holder\">\n            <div class=\"eael-grid-post-holder-inner\"><div class=\"eael-entry-media\"><div class=\"eael-entry-overlay fade-in\"><i class=\"far fa-hand-pointer\" aria-hidden=\"true\"><\/i><a href=\"https:\/\/soymigrante.com\/revista\/tamal-guatemalteco-sabor-dentro-guatemala-migrante-estados-unidos\/\"><\/a><\/div><div class=\"eael-entry-thumbnail \">\n                <img loading=\"lazy\" decoding=\"async\" width=\"768\" height=\"1024\" src=\"https:\/\/soymigrante.com\/revista\/wp-content\/uploads\/2023\/12\/WhatsApp-Image-2023-12-23-at-4.20.00-PM-768x1024.webp\" class=\"attachment-large size-large wp-image-3977\" alt=\"\" srcset=\"https:\/\/soymigrante.com\/revista\/wp-content\/uploads\/2023\/12\/WhatsApp-Image-2023-12-23-at-4.20.00-PM-768x1024.webp 768w, https:\/\/soymigrante.com\/revista\/wp-content\/uploads\/2023\/12\/WhatsApp-Image-2023-12-23-at-4.20.00-PM-225x300.webp 225w, https:\/\/soymigrante.com\/revista\/wp-content\/uploads\/2023\/12\/WhatsApp-Image-2023-12-23-at-4.20.00-PM-1152x1536.webp 1152w, https:\/\/soymigrante.com\/revista\/wp-content\/uploads\/2023\/12\/WhatsApp-Image-2023-12-23-at-4.20.00-PM-750x1000.webp 750w, https:\/\/soymigrante.com\/revista\/wp-content\/uploads\/2023\/12\/WhatsApp-Image-2023-12-23-at-4.20.00-PM-1140x1520.webp 1140w, https:\/\/soymigrante.com\/revista\/wp-content\/uploads\/2023\/12\/WhatsApp-Image-2023-12-23-at-4.20.00-PM.webp 1200w\" sizes=\"(max-width: 768px) 100vw, 768px\" \/>\n            <\/div>\n        <\/div><div class=\"eael-entry-wrapper\"><header class=\"eael-entry-header\"><h2 class=\"eael-entry-title\"><a class=\"eael-grid-post-link\" href=\"https:\/\/soymigrante.com\/revista\/tamal-guatemalteco-sabor-dentro-guatemala-migrante-estados-unidos\/\" title=\"El tamal: sabor migrante que acompa\u00f1a la Navidad lejos de Guatemala\">El tamal: sabor migrante que acompa\u00f1a la Navidad lejos de Guatemala<\/a><\/h2><\/header><div class=\"eael-entry-content\">\n                        <div class=\"eael-grid-post-excerpt\"><a href=\"https:\/\/soymigrante.com\/revista\/tamal-guatemalteco-sabor-dentro-guatemala-migrante-estados-unidos\/\" class=\"eael-post-elements-readmore-btn\">CONOCE SU HISTORIA <\/a><\/div>\n                    <\/div><\/div><\/div>\n        <\/div>\n    <\/article><\/div>\n            <div class=\"clearfix\"><\/div>\n        <\/div>\t\t\t\t<\/div>\n\t\t\t\t\t<\/div>\n\t\t\t\t<\/div>\n\t\t<div data-particle_enable=\"false\" data-particle-mobile-disabled=\"false\" class=\"elementor-element elementor-element-fc096a5 e-flex e-con-boxed e-con e-parent\" data-id=\"fc096a5\" data-element_type=\"container\" data-e-type=\"container\">\n\t\t\t\t\t<div class=\"e-con-inner\">\n\t\t\t\t\t<\/div>\n\t\t\t\t<\/div>\n\t\t\t\t<\/div>\n\t\t","protected":false},"excerpt":{"rendered":"<p>Hermandad, alegr\u00eda y el inconfundible sabor del tamal guatemalteco marcaron el festival navide\u00f1o desarrollado este domingo 21 de diciembre en Los Angeles, organizado por la Red Migrante Guatemalteca. La Red Migrante Guatemalteca y el Movimiento TPS Guatemalteco realizaron El Festival del Tamal Guatemalteco en Los Angeles, en el cual ser pudieron degustar 7 diferentes variedades [&hellip;]<\/p>\n","protected":false},"author":7,"featured_media":17718,"comment_status":"open","ping_status":"open","sticky":false,"template":"","format":"standard","meta":{"_acf_changed":false,"_eb_attr":"","footnotes":""},"categories":[54],"tags":[],"class_list":["post-17697","post","type-post","status-publish","format-standard","has-post-thumbnail","hentry","category-estamos-unidos"],"acf":[],"aioseo_notices":[],"aioseo_head":"\n\t\t<!-- All in One SEO Pro 4.9.6.2 - aioseo.com -->\n\t<meta name=\"description\" content=\"Lejos del suelo patrio, en la Uni\u00f3n Americana, la familia migrante se reencuentra con un sabor tradicional de fin de a\u00f1o: el tamal preparado en casa. Versiones hay muchas pero hay un solo coraz\u00f3n guatemalteco. El tamal sigue all\u00ed, todos los s\u00e1bados, a veces desde los jueves, pero cuando llegan las fiestas de Navidad y\" \/>\n\t<meta name=\"robots\" content=\"max-snippet:-1, max-image-preview:large, max-video-preview:-1\" \/>\n\t<meta name=\"author\" content=\"Gustavo Montenegro\"\/>\n\t<link rel=\"canonical\" href=\"https:\/\/soymigrante.com\/revista\/tamal-guatemalteco-sabor-dentro-guatemala-migrante-estados-unidos\/\" \/>\n\t<meta name=\"generator\" content=\"All in One SEO Pro (AIOSEO) 4.9.6.2\" \/>\n\n\t\t<link rel=\"preconnect\" href=\"https:\/\/fonts.googleapis.com\" crossorigin>\n<link rel=\"preconnect\" href=\"https:\/\/fonts.gstatic.com\" crossorigin>\n\t\t<meta property=\"og:locale\" content=\"es_ES\" \/>\n\t\t<meta property=\"og:site_name\" content=\"SoyMigrante.com REVISTA \u2013 Nuestra misi\u00f3n es reconocer y dignificar al migrante.\" \/>\n\t\t<meta property=\"og:type\" content=\"article\" \/>\n\t\t<meta property=\"og:title\" content=\"El tamal: sabor migrante que acompa\u00f1a la Navidad lejos de Guatemala\" \/>\n\t\t<meta property=\"og:description\" content=\"Lejos del suelo patrio, en la Uni\u00f3n Americana, la familia migrante se reencuentra con un sabor tradicional de fin de a\u00f1o: el tamal preparado en casa. Versiones hay muchas pero hay un solo coraz\u00f3n guatemalteco. El tamal sigue all\u00ed, todos los s\u00e1bados, a veces desde los jueves, pero cuando llegan las fiestas de Navidad y\" \/>\n\t\t<meta property=\"og:url\" content=\"https:\/\/soymigrante.com\/revista\/tamal-guatemalteco-sabor-dentro-guatemala-migrante-estados-unidos\/\" \/>\n\t\t<meta property=\"og:image\" content=\"https:\/\/soymigrante.com\/revista\/wp-content\/uploads\/2023\/12\/WhatsApp-Image-2023-12-23-at-4.20.00-PM.webp\" \/>\n\t\t<meta property=\"og:image:secure_url\" content=\"https:\/\/soymigrante.com\/revista\/wp-content\/uploads\/2023\/12\/WhatsApp-Image-2023-12-23-at-4.20.00-PM.webp\" \/>\n\t\t<meta property=\"og:image:width\" content=\"1200\" \/>\n\t\t<meta property=\"og:image:height\" content=\"1600\" \/>\n\t\t<meta property=\"article:published_time\" content=\"2023-12-24T20:27:47+00:00\" \/>\n\t\t<meta property=\"article:modified_time\" content=\"2024-07-28T17:42:22+00:00\" \/>\n\t\t<meta property=\"article:publisher\" content=\"https:\/\/www.facebook.com\/soymigrantecom\" \/>\n\t\t<meta name=\"twitter:card\" content=\"summary_large_image\" \/>\n\t\t<meta name=\"twitter:site\" content=\"@SoyMigrante_com\" \/>\n\t\t<meta name=\"twitter:title\" content=\"El tamal: sabor migrante que acompa\u00f1a la Navidad lejos de Guatemala\" \/>\n\t\t<meta name=\"twitter:description\" content=\"Lejos del suelo patrio, en la Uni\u00f3n Americana, la familia migrante se reencuentra con un sabor tradicional de fin de a\u00f1o: el tamal preparado en casa. Versiones hay muchas pero hay un solo coraz\u00f3n guatemalteco. El tamal sigue all\u00ed, todos los s\u00e1bados, a veces desde los jueves, pero cuando llegan las fiestas de Navidad y\" \/>\n\t\t<meta name=\"twitter:creator\" content=\"@SoyMigrante_com\" \/>\n\t\t<meta name=\"twitter:image\" content=\"https:\/\/soymigrante.com\/revista\/wp-content\/uploads\/2023\/12\/WhatsApp-Image-2023-12-23-at-4.20.00-PM.webp\" \/>\n\t\t<!-- All in One SEO Pro -->\r\n\t\t<title>El tamal: sabor migrante que acompa\u00f1a la Navidad lejos de Guatemala<\/title>\n\n","aioseo_head_json":{"title":"El tamal: sabor migrante que acompa\u00f1a la Navidad lejos de Guatemala","description":"Lejos del suelo patrio, en la Uni\u00f3n Americana, la familia migrante se reencuentra con un sabor tradicional de fin de a\u00f1o: el tamal preparado en casa. Versiones hay muchas pero hay un solo coraz\u00f3n guatemalteco. El tamal sigue all\u00ed, todos los s\u00e1bados, a veces desde los jueves, pero cuando llegan las fiestas de Navidad y","canonical_url":"https:\/\/soymigrante.com\/revista\/tamal-guatemalteco-sabor-dentro-guatemala-migrante-estados-unidos\/","robots":"max-snippet:-1, max-image-preview:large, max-video-preview:-1","keywords":"","webmasterTools":{"miscellaneous":"&lt;link rel=\"preconnect\" href=\"https:\/\/fonts.googleapis.com\" crossorigin&gt;\n&lt;link rel=\"preconnect\" href=\"https:\/\/fonts.gstatic.com\" crossorigin&gt;"},"schema":null,"og:locale":"es_ES","og:site_name":"SoyMigrante.com REVISTA \u2013 Nuestra misi\u00f3n es reconocer y dignificar al migrante.","og:type":"article","og:title":"El tamal: sabor migrante que acompa\u00f1a la Navidad lejos de Guatemala","og:description":"Lejos del suelo patrio, en la Uni\u00f3n Americana, la familia migrante se reencuentra con un sabor tradicional de fin de a\u00f1o: el tamal preparado en casa. Versiones hay muchas pero hay un solo coraz\u00f3n guatemalteco. El tamal sigue all\u00ed, todos los s\u00e1bados, a veces desde los jueves, pero cuando llegan las fiestas de Navidad y","og:url":"https:\/\/soymigrante.com\/revista\/tamal-guatemalteco-sabor-dentro-guatemala-migrante-estados-unidos\/","og:image":"https:\/\/soymigrante.com\/revista\/wp-content\/uploads\/2023\/12\/WhatsApp-Image-2023-12-23-at-4.20.00-PM.webp","og:image:secure_url":"https:\/\/soymigrante.com\/revista\/wp-content\/uploads\/2023\/12\/WhatsApp-Image-2023-12-23-at-4.20.00-PM.webp","og:image:width":1200,"og:image:height":1600,"article:published_time":"2023-12-24T20:27:47+00:00","article:modified_time":"2024-07-28T17:42:22+00:00","article:publisher":"https:\/\/www.facebook.com\/soymigrantecom","twitter:card":"summary_large_image","twitter:site":"@SoyMigrante_com","twitter:title":"El tamal: sabor migrante que acompa\u00f1a la Navidad lejos de Guatemala","twitter:description":"Lejos del suelo patrio, en la Uni\u00f3n Americana, la familia migrante se reencuentra con un sabor tradicional de fin de a\u00f1o: el tamal preparado en casa. Versiones hay muchas pero hay un solo coraz\u00f3n guatemalteco. El tamal sigue all\u00ed, todos los s\u00e1bados, a veces desde los jueves, pero cuando llegan las fiestas de Navidad y","twitter:creator":"@SoyMigrante_com","twitter:image":"https:\/\/soymigrante.com\/revista\/wp-content\/uploads\/2023\/12\/WhatsApp-Image-2023-12-23-at-4.20.00-PM.webp"},"aioseo_meta_data":{"post_id":"17697","title":null,"description":"Exquisito platillo tradicional guatemalteco y emblema gastron\u00f3mico de las fiestas de fin de a\u00f1o se disfrut\u00f3 en compa\u00f1\u00eda de compatriotas migrantes en Los Angeles.","keywords":null,"keyphrases":{"focus":{"keyphrase":"Tamal","score":82,"analysis":{"keyphraseInTitle":{"score":9,"maxScore":9,"error":0},"keyphraseInDescription":{"score":3,"maxScore":9,"error":1},"keyphraseLength":{"score":9,"maxScore":9,"error":0,"length":1},"keyphraseInURL":{"score":5,"maxScore":5,"error":0},"keyphraseInIntroduction":{"score":9,"maxScore":9,"error":0},"keyphraseInSubHeadings":{"score":3,"maxScore":9,"error":1},"keyphraseInImageAlt":{"score":9,"maxScore":9,"error":0},"keywordDensity":{"type":"best","score":9,"maxScore":9,"error":0}}},"additional":[{"keyphrase":"Guatemaltecos","score":73,"analysis":{"keyphraseInDescription":{"score":3,"maxScore":9,"error":1},"keyphraseLength":{"score":9,"maxScore":9,"error":0,"length":1},"keyphraseInIntroduction":{"score":3,"maxScore":9,"error":1},"keyphraseInImageAlt":{"score":9,"maxScore":9,"error":0},"keywordDensity":{"type":"best","score":9,"maxScore":9,"error":0}}},{"keyphrase":"Migrantes","score":87,"analysis":{"keyphraseInDescription":{"score":9,"maxScore":9,"error":0},"keyphraseLength":{"score":9,"maxScore":9,"error":0,"length":1},"keyphraseInIntroduction":{"score":3,"maxScore":9,"error":1},"keyphraseInImageAlt":{"score":9,"maxScore":9,"error":0},"keywordDensity":{"type":"best","score":9,"maxScore":9,"error":0}}}]},"primary_term":null,"canonical_url":null,"og_title":null,"og_description":null,"og_object_type":"default","og_image_type":"default","og_image_url":null,"og_image_width":null,"og_image_height":null,"og_image_custom_url":null,"og_image_custom_fields":null,"og_video":"","og_custom_url":null,"og_article_section":null,"og_article_tags":null,"twitter_use_og":false,"twitter_card":"default","twitter_image_type":"default","twitter_image_url":null,"twitter_image_custom_url":null,"twitter_image_custom_fields":null,"twitter_title":null,"twitter_description":null,"schema":{"blockGraphs":[],"customGraphs":[],"default":{"data":{"Article":[],"Course":[],"Dataset":[],"FAQPage":[],"Movie":[],"Person":[],"Product":[],"ProductReview":[],"Car":[],"Recipe":[],"Service":[],"SoftwareApplication":[],"WebPage":[]},"graphName":"BlogPosting","isEnabled":true},"graphs":[]},"schema_type":"default","schema_type_options":null,"pillar_content":false,"robots_default":true,"robots_noindex":false,"robots_noarchive":false,"robots_nosnippet":false,"robots_nofollow":false,"robots_noimageindex":false,"robots_noodp":false,"robots_notranslate":false,"robots_max_snippet":"-1","robots_max_videopreview":"-1","robots_max_imagepreview":"large","priority":null,"frequency":"default","local_seo":null,"seo_analyzer_scan_date":"2025-10-09 01:13:24","breadcrumb_settings":null,"limit_modified_date":false,"reviewed_by":null,"open_ai":"{\"title\":{\"suggestions\":[],\"usage\":0},\"description\":{\"suggestions\":[],\"usage\":0}}","ai":null,"created":"2024-12-23 02:22:47","updated":"2026-02-04 18:33:29"},"aioseo_breadcrumb":"<div class=\"aioseo-breadcrumbs\"><span class=\"aioseo-breadcrumb\">\n\t<a href=\"https:\/\/soymigrante.com\/revista\" title=\"Home\">Home<\/a>\n<\/span><span class=\"aioseo-breadcrumb-separator\">\u00bb<\/span><span class=\"aioseo-breadcrumb\">\n\t<a href=\"https:\/\/soymigrante.com\/revista\/category\/estamos-unidos\/\" title=\"Estamos Unidos\">Estamos Unidos<\/a>\n<\/span><span class=\"aioseo-breadcrumb-separator\">\u00bb<\/span><span class=\"aioseo-breadcrumb\">\n\tRed Migrante Guatemalteca celebra Festival del Tamal en Los Angeles\n<\/span><\/div>","aioseo_breadcrumb_json":[{"label":"Home","link":"https:\/\/soymigrante.com\/revista"},{"label":"Estamos Unidos","link":"https:\/\/soymigrante.com\/revista\/category\/estamos-unidos\/"},{"label":"Red Migrante Guatemalteca celebra Festival del Tamal en Los Angeles","link":"https:\/\/soymigrante.com\/revista\/red-migrante-guatemalteca-celebra-festival-del-tamal-en-los-angeles\/"}],"_links":{"self":[{"href":"https:\/\/soymigrante.com\/revista\/wp-json\/wp\/v2\/posts\/17697","targetHints":{"allow":["GET"]}}],"collection":[{"href":"https:\/\/soymigrante.com\/revista\/wp-json\/wp\/v2\/posts"}],"about":[{"href":"https:\/\/soymigrante.com\/revista\/wp-json\/wp\/v2\/types\/post"}],"author":[{"embeddable":true,"href":"https:\/\/soymigrante.com\/revista\/wp-json\/wp\/v2\/users\/7"}],"replies":[{"embeddable":true,"href":"https:\/\/soymigrante.com\/revista\/wp-json\/wp\/v2\/comments?post=17697"}],"version-history":[{"count":0,"href":"https:\/\/soymigrante.com\/revista\/wp-json\/wp\/v2\/posts\/17697\/revisions"}],"wp:featuredmedia":[{"embeddable":true,"href":"https:\/\/soymigrante.com\/revista\/wp-json\/wp\/v2\/media\/17718"}],"wp:attachment":[{"href":"https:\/\/soymigrante.com\/revista\/wp-json\/wp\/v2\/media?parent=17697"}],"wp:term":[{"taxonomy":"category","embeddable":true,"href":"https:\/\/soymigrante.com\/revista\/wp-json\/wp\/v2\/categories?post=17697"},{"taxonomy":"post_tag","embeddable":true,"href":"https:\/\/soymigrante.com\/revista\/wp-json\/wp\/v2\/tags?post=17697"}],"curies":[{"name":"wp","href":"https:\/\/api.w.org\/{rel}","templated":true}]}}