{"id":1756,"date":"2023-07-06T22:41:36","date_gmt":"2023-07-06T22:41:36","guid":{"rendered":"https:\/\/soymigrante.com\/revista\/?p=1756"},"modified":"2024-07-31T11:50:42","modified_gmt":"2024-07-31T17:50:42","slug":"aporte-economico-migrantes-guatemala","status":"publish","type":"post","link":"https:\/\/soymigrante.com\/revista\/aporte-economico-migrantes-guatemala\/","title":{"rendered":"EDITORIAL: Noble gesto de amor migrante fortalece econom\u00eda de todo un pa\u00eds"},"content":{"rendered":"\t\t<div data-elementor-type=\"wp-post\" data-elementor-id=\"1756\" class=\"elementor elementor-1756\" data-elementor-post-type=\"post\">\n\t\t\t\t\t\t<section data-particle_enable=\"false\" data-particle-mobile-disabled=\"false\" class=\"elementor-section elementor-top-section elementor-element elementor-element-9ea79a0 elementor-section-boxed elementor-section-height-default elementor-section-height-default\" data-id=\"9ea79a0\" data-element_type=\"section\" data-e-type=\"section\">\n\t\t\t\t\t\t<div class=\"elementor-container elementor-column-gap-default\">\n\t\t\t\t\t<div class=\"elementor-column elementor-col-100 elementor-top-column elementor-element elementor-element-481a571\" data-id=\"481a571\" data-element_type=\"column\" data-e-type=\"column\">\n\t\t\t<div class=\"elementor-widget-wrap elementor-element-populated\">\n\t\t\t\t\t\t<div class=\"elementor-element elementor-element-91e9c60 elementor-widget elementor-widget-heading\" data-id=\"91e9c60\" data-element_type=\"widget\" data-e-type=\"widget\" data-widget_type=\"heading.default\">\n\t\t\t\t\t<h1 class=\"elementor-heading-title elementor-size-default\">Remesas de migrantes guatemaltecos superan los US$1,800 millones por segundo mes consecutivo y suma  US$9,658 millones en solo medio a\u00f1o.<\/h1>\t\t\t\t<\/div>\n\t\t\t\t\t<\/div>\n\t\t<\/div>\n\t\t\t\t\t<\/div>\n\t\t<\/section>\n\t\t\t\t<section data-particle_enable=\"false\" data-particle-mobile-disabled=\"false\" class=\"elementor-section elementor-top-section elementor-element elementor-element-c189b4e elementor-section-boxed elementor-section-height-default elementor-section-height-default\" data-id=\"c189b4e\" data-element_type=\"section\" data-e-type=\"section\">\n\t\t\t\t\t\t<div class=\"elementor-container elementor-column-gap-default\">\n\t\t\t\t\t<div class=\"elementor-column elementor-col-100 elementor-top-column elementor-element elementor-element-2301eda\" data-id=\"2301eda\" data-element_type=\"column\" data-e-type=\"column\">\n\t\t\t<div class=\"elementor-widget-wrap elementor-element-populated\">\n\t\t\t\t\t\t<div class=\"elementor-element elementor-element-66273ac elementor-widget elementor-widget-text-editor\" data-id=\"66273ac\" data-element_type=\"widget\" data-e-type=\"widget\" data-widget_type=\"text-editor.default\">\n\t\t\t\t\t\t\t\t\t<p>Con un monto de US$1881 millones\u00a0 durante el mes de junio de 2023, los migrantes guatemaltecos superan una vez m\u00e1s su propia marca de remesas enviadas a sus familiares en Guatemala: un gesto de amor, para proveer alimentaci\u00f3n, techo, gastos escolares y mejoras de vida a padres, hijos, hermanos, abuelos y otros seres queridos, de quienes se separaron en busca de oportunidades.<\/p><p>Este esfuerzo, ya &#8220;traducido&#8221; en moneda nacional de enero a junio, equivale a unos <b>Q74 mil 367<\/b> <strong>millones<\/strong>: una cifra que a su vez se convierte en el mayor pilar econ\u00f3mico nacional, con impacto en el consumo, el comercio y la estabilidad macroecon\u00f3mica. De hecho este efecto ben\u00e9fico genera numerosos elogios para los connacionales radicados en Estados Unidos, muchos de ellos, con un estatus migratorio irregular, con el constante miedo a una deportaci\u00f3n pero con el compromiso de seguir ayudando a sus seres amados.<\/p><p>Este inmenso aporte, que sigue creciendo mes tras mes, a\u00f1o tras a\u00f1o, deber\u00e1 mover al Estado a proveer mejores servicios a la comunidad guatemalteca en Estados Unidos, as\u00ed como a defender con gallard\u00eda sus derechos ante el gobierno de dicho pa\u00eds.<\/p>\t\t\t\t\t\t\t\t<\/div>\n\t\t\t\t\t<\/div>\n\t\t<\/div>\n\t\t\t\t\t<\/div>\n\t\t<\/section>\n\t\t\t\t<section data-particle_enable=\"false\" data-particle-mobile-disabled=\"false\" class=\"elementor-section elementor-top-section elementor-element elementor-element-18608db elementor-section-boxed elementor-section-height-default elementor-section-height-default\" data-id=\"18608db\" data-element_type=\"section\" data-e-type=\"section\">\n\t\t\t\t\t\t<div class=\"elementor-container elementor-column-gap-default\">\n\t\t\t\t\t<div class=\"elementor-column elementor-col-100 elementor-top-column elementor-element elementor-element-7ab082d\" data-id=\"7ab082d\" data-element_type=\"column\" data-e-type=\"column\">\n\t\t\t<div class=\"elementor-widget-wrap elementor-element-populated\">\n\t\t\t\t\t\t<div class=\"elementor-element elementor-element-4649ef2 elementor-widget elementor-widget-heading\" data-id=\"4649ef2\" data-element_type=\"widget\" data-e-type=\"widget\" data-widget_type=\"heading.default\">\n\t\t\t\t\t<h2 class=\"elementor-heading-title elementor-size-default\">No basta con elogios a los migrantes<\/h2>\t\t\t\t<\/div>\n\t\t\t\t\t<\/div>\n\t\t<\/div>\n\t\t\t\t\t<\/div>\n\t\t<\/section>\n\t\t\t\t<section data-particle_enable=\"false\" data-particle-mobile-disabled=\"false\" class=\"elementor-section elementor-top-section elementor-element elementor-element-9487eb1 elementor-section-boxed elementor-section-height-default elementor-section-height-default\" data-id=\"9487eb1\" data-element_type=\"section\" data-e-type=\"section\">\n\t\t\t\t\t\t<div class=\"elementor-container elementor-column-gap-default\">\n\t\t\t\t\t<div class=\"elementor-column elementor-col-100 elementor-top-column elementor-element elementor-element-1d2033e\" data-id=\"1d2033e\" data-element_type=\"column\" data-e-type=\"column\">\n\t\t\t<div class=\"elementor-widget-wrap elementor-element-populated\">\n\t\t\t\t\t\t<div class=\"elementor-element elementor-element-6d09f67 elementor-widget elementor-widget-text-editor\" data-id=\"6d09f67\" data-element_type=\"widget\" data-e-type=\"widget\" data-widget_type=\"text-editor.default\">\n\t\t\t\t\t\t\t\t\t<p><span style=\"color: var( --e-global-color-text ); background-color: var(--ak-bg-color);\">Lamentablemente, los servicios de provisi\u00f3n de documentos como DPI, pasaportes, y certificados de nacimiento siguen adoleciendo de deficiencias, tardanzas y altos costos. El reciente proceso de empadronamiento fue tard\u00edo, poco pr\u00e1ctico y la informaci\u00f3n sobre centros de votaci\u00f3n fue escasa, lo cual devino en poca participaci\u00f3n.<\/span><\/p><p>La defensa de los migrantes guatemaltecos tambi\u00e9n es d\u00e9bil, por no decir nula. Ninguna autoridad guatemalteca reclam\u00f3 al gobierno del Estado de la Florida por la reciente ley antimigrante SB171.<br \/>En junio fue prolongado el Estatus de Protecci\u00f3n Temporal, o TPS a favor de migrantes salvadore\u00f1os, nicarag\u00fcenses y hondure\u00f1os. Mientras tanto, la petici\u00f3n hecha por el gobierno guatemalteca sigue a un lado y sin que este act\u00fae para reforzarla, reiterarla e incluso exigirla.\u00a0\u00a0<\/p>\t\t\t\t\t\t\t\t<\/div>\n\t\t\t\t\t<\/div>\n\t\t<\/div>\n\t\t\t\t\t<\/div>\n\t\t<\/section>\n\t\t\t\t<section data-particle_enable=\"false\" data-particle-mobile-disabled=\"false\" class=\"elementor-section elementor-top-section elementor-element elementor-element-a88e847 elementor-section-boxed elementor-section-height-default elementor-section-height-default\" data-id=\"a88e847\" data-element_type=\"section\" data-e-type=\"section\">\n\t\t\t\t\t\t<div class=\"elementor-container elementor-column-gap-default\">\n\t\t\t\t\t<div class=\"elementor-column elementor-col-100 elementor-top-column elementor-element elementor-element-17c6d8c\" data-id=\"17c6d8c\" data-element_type=\"column\" data-e-type=\"column\">\n\t\t\t<div class=\"elementor-widget-wrap elementor-element-populated\">\n\t\t\t\t\t\t<div class=\"elementor-element elementor-element-1ac673a elementor-widget elementor-widget-image\" data-id=\"1ac673a\" data-element_type=\"widget\" data-e-type=\"widget\" data-widget_type=\"image.default\">\n\t\t\t\t\t\t\t\t\t\t\t\t\t\t\t<img fetchpriority=\"high\" decoding=\"async\" width=\"768\" height=\"450\" src=\"https:\/\/soymigrante.com\/revista\/wp-content\/uploads\/2023\/06\/protesta-1024x600.webp\" class=\"attachment-large size-large wp-image-1686\" alt=\"Guatemaltecos participan el 30 de junio en las protestas contra la ley antimigrante SB1718\" srcset=\"https:\/\/soymigrante.com\/revista\/wp-content\/uploads\/2023\/06\/protesta-1024x600.webp 1024w, https:\/\/soymigrante.com\/revista\/wp-content\/uploads\/2023\/06\/protesta-300x176.webp 300w, https:\/\/soymigrante.com\/revista\/wp-content\/uploads\/2023\/06\/protesta-768x450.webp 768w, https:\/\/soymigrante.com\/revista\/wp-content\/uploads\/2023\/06\/protesta-1536x899.webp 1536w, https:\/\/soymigrante.com\/revista\/wp-content\/uploads\/2023\/06\/protesta-750x439.webp 750w, https:\/\/soymigrante.com\/revista\/wp-content\/uploads\/2023\/06\/protesta-1140x667.webp 1140w, https:\/\/soymigrante.com\/revista\/wp-content\/uploads\/2023\/06\/protesta.webp 1561w\" sizes=\"(max-width: 768px) 100vw, 768px\" title=\"Guatemaltecos participan el 30 de junio en las protestas contra la ley antimigrante SB1718 \u2013 SoyMigrante.com REVISTA\" \/>\t\t\t\t\t\t\t\t\t\t\t\t\t\t\t<\/div>\n\t\t\t\t\t<\/div>\n\t\t<\/div>\n\t\t\t\t\t<\/div>\n\t\t<\/section>\n\t\t\t\t<section data-particle_enable=\"false\" data-particle-mobile-disabled=\"false\" class=\"elementor-section elementor-top-section elementor-element elementor-element-6504abd elementor-section-boxed elementor-section-height-default elementor-section-height-default\" data-id=\"6504abd\" data-element_type=\"section\" data-e-type=\"section\">\n\t\t\t\t\t\t<div class=\"elementor-container elementor-column-gap-default\">\n\t\t\t\t\t<div class=\"elementor-column elementor-col-100 elementor-top-column elementor-element elementor-element-08cfb6e\" data-id=\"08cfb6e\" data-element_type=\"column\" data-e-type=\"column\">\n\t\t\t<div class=\"elementor-widget-wrap elementor-element-populated\">\n\t\t\t\t\t\t<div class=\"elementor-element elementor-element-7016d36 elementor-widget elementor-widget-text-editor\" data-id=\"7016d36\" data-element_type=\"widget\" data-e-type=\"widget\" data-widget_type=\"text-editor.default\">\n\t\t\t\t\t\t\t\t\t<p><span style=\"font-family: Roboto, sans-serif; font-size: 16px; font-style: normal; font-variant-ligatures: normal; font-variant-caps: normal; font-weight: 400; color: var( --e-global-color-text ); background-color: var(--ak-bg-color);\">Los migrantes guatemaltecos no necesitan de elogios de pol\u00edticos o funcionarios sino de acciones concretas.\u00a0<\/span><span style=\"background-color: var(--ak-bg-color); color: var( --e-global-color-text ); font-family: Roboto, sans-serif; font-size: 16px; font-style: normal; font-variant-ligatures: normal; font-variant-caps: normal; font-weight: 400;\">Los guatemaltecos en Estados Unidos est\u00e1n aportando de manera masiva y constante a la econom\u00eda, pero necesitan de una mayor solidaridad de la ciudadan\u00eda.\u00a0<\/span><\/p><h4><span style=\"font-family: Roboto, sans-serif; font-size: 16px; font-style: normal; font-variant-ligatures: normal; font-variant-caps: normal; color: var( --e-global-color-text ); background-color: var(--ak-bg-color);\">Al fin y al cabo, las remesas son mucho m\u00e1s que dinero: son amor, son dedicaci\u00f3n, son esfuerzo en una tierra extra\u00f1a para labrar un nuevo futuro en esa aldea, ese barrio, esa comunidad de donde un d\u00eda tuvieron que salir.<\/span><\/h4>\t\t\t\t\t\t\t\t<\/div>\n\t\t\t\t\t<\/div>\n\t\t<\/div>\n\t\t\t\t\t<\/div>\n\t\t<\/section>\n\t\t\t\t<section data-particle_enable=\"false\" data-particle-mobile-disabled=\"false\" class=\"elementor-section elementor-top-section elementor-element elementor-element-7e59dfd elementor-section-boxed elementor-section-height-default elementor-section-height-default\" data-id=\"7e59dfd\" data-element_type=\"section\" data-e-type=\"section\">\n\t\t\t\t\t\t<div class=\"elementor-container elementor-column-gap-default\">\n\t\t\t\t\t<div class=\"elementor-column elementor-col-100 elementor-top-column elementor-element elementor-element-9ad94c1\" data-id=\"9ad94c1\" data-element_type=\"column\" data-e-type=\"column\">\n\t\t\t<div class=\"elementor-widget-wrap elementor-element-populated\">\n\t\t\t\t\t\t<div class=\"elementor-element elementor-element-bd55490 elementor-widget elementor-widget-image\" data-id=\"bd55490\" data-element_type=\"widget\" data-e-type=\"widget\" data-widget_type=\"image.default\">\n\t\t\t\t\t\t\t\t\t\t\t\t<figure class=\"wp-caption\">\n\t\t\t\t\t\t\t\t\t\t<img decoding=\"async\" width=\"768\" height=\"513\" src=\"https:\/\/soymigrante.com\/revista\/wp-content\/uploads\/2023\/07\/mural-seb-1024x684.webp\" class=\"attachment-large size-large wp-image-1760\" alt=\"Mural del artista huehueteco Armando Seb\" srcset=\"https:\/\/soymigrante.com\/revista\/wp-content\/uploads\/2023\/07\/mural-seb-1024x684.webp 1024w, https:\/\/soymigrante.com\/revista\/wp-content\/uploads\/2023\/07\/mural-seb-300x200.webp 300w, https:\/\/soymigrante.com\/revista\/wp-content\/uploads\/2023\/07\/mural-seb-768x513.webp 768w, https:\/\/soymigrante.com\/revista\/wp-content\/uploads\/2023\/07\/mural-seb-1536x1025.webp 1536w, https:\/\/soymigrante.com\/revista\/wp-content\/uploads\/2023\/07\/mural-seb-750x501.webp 750w, https:\/\/soymigrante.com\/revista\/wp-content\/uploads\/2023\/07\/mural-seb-1140x761.webp 1140w, https:\/\/soymigrante.com\/revista\/wp-content\/uploads\/2023\/07\/mural-seb-600x400.webp 600w, https:\/\/soymigrante.com\/revista\/wp-content\/uploads\/2023\/07\/mural-seb.webp 1920w\" sizes=\"(max-width: 768px) 100vw, 768px\" title=\"Mural del artista huehueteco Armando Seb \u2013 SoyMigrante.com REVISTA\" \/>\t\t\t\t\t\t\t\t\t\t\t<figcaption class=\"widget-image-caption wp-caption-text\">Mural del artista huehueteco Armando Seb<\/figcaption>\n\t\t\t\t\t\t\t\t\t\t<\/figure>\n\t\t\t\t\t\t\t\t\t<\/div>\n\t\t\t\t\t<\/div>\n\t\t<\/div>\n\t\t\t\t\t<\/div>\n\t\t<\/section>\n\t\t\t\t<\/div>\n\t\t","protected":false},"excerpt":{"rendered":"<p>Remesas de migrantes guatemaltecos superan los US$1,800 millones por segundo mes consecutivo y suma US$9,658 millones en solo medio a\u00f1o. Con un monto de US$1881 millones\u00a0 durante el mes de junio de 2023, los migrantes guatemaltecos superan una vez m\u00e1s su propia marca de remesas enviadas a sus familiares en Guatemala: un gesto de amor, [&hellip;]<\/p>\n","protected":false},"author":7,"featured_media":1760,"comment_status":"open","ping_status":"open","sticky":false,"template":"","format":"standard","meta":{"_acf_changed":false,"_eb_attr":"","footnotes":""},"categories":[54],"tags":[],"class_list":["post-1756","post","type-post","status-publish","format-standard","has-post-thumbnail","hentry","category-estamos-unidos"],"acf":[],"aioseo_notices":[],"aioseo_head":"\n\t\t<!-- All in One SEO Pro 4.9.6.2 - aioseo.com -->\n\t<meta name=\"description\" content=\"Remesas de migrantes guatemaltecos reflejan su esfuerzo y amor, siendo el principal pilar econ\u00f3mico de Guatemala y superando marcas mes tras mes\" \/>\n\t<meta name=\"robots\" content=\"max-snippet:-1, max-image-preview:large, max-video-preview:-1\" \/>\n\t<meta name=\"author\" content=\"Gustavo Montenegro\"\/>\n\t<link rel=\"canonical\" href=\"https:\/\/soymigrante.com\/revista\/aporte-economico-migrantes-guatemala\/\" \/>\n\t<meta name=\"generator\" content=\"All in One SEO Pro (AIOSEO) 4.9.6.2\" \/>\n\n\t\t<link rel=\"preconnect\" href=\"https:\/\/fonts.googleapis.com\" crossorigin>\n<link rel=\"preconnect\" href=\"https:\/\/fonts.gstatic.com\" crossorigin>\n\t\t<meta property=\"og:locale\" content=\"es_ES\" \/>\n\t\t<meta property=\"og:site_name\" content=\"SoyMigrante.com REVISTA \u2013 Nuestra misi\u00f3n es reconocer y dignificar al migrante.\" \/>\n\t\t<meta property=\"og:type\" content=\"article\" \/>\n\t\t<meta property=\"og:title\" content=\"EDITORIAL: Noble gesto de amor migrante fortalece econom\u00eda de todo un pa\u00eds\" \/>\n\t\t<meta property=\"og:description\" content=\"Remesas de migrantes guatemaltecos reflejan su esfuerzo y amor, siendo el principal pilar econ\u00f3mico de Guatemala y superando marcas mes tras mes\" \/>\n\t\t<meta property=\"og:url\" content=\"https:\/\/soymigrante.com\/revista\/aporte-economico-migrantes-guatemala\/\" \/>\n\t\t<meta property=\"og:image\" content=\"https:\/\/soymigrante.com\/revista\/wp-content\/uploads\/2023\/07\/mural-seb.webp\" \/>\n\t\t<meta property=\"og:image:secure_url\" content=\"https:\/\/soymigrante.com\/revista\/wp-content\/uploads\/2023\/07\/mural-seb.webp\" \/>\n\t\t<meta property=\"og:image:width\" content=\"1920\" \/>\n\t\t<meta property=\"og:image:height\" content=\"1282\" \/>\n\t\t<meta property=\"article:published_time\" content=\"2023-07-06T22:41:36+00:00\" \/>\n\t\t<meta property=\"article:modified_time\" content=\"2024-07-31T17:50:42+00:00\" \/>\n\t\t<meta property=\"article:publisher\" content=\"https:\/\/www.facebook.com\/soymigrantecom\" \/>\n\t\t<meta name=\"twitter:card\" content=\"summary_large_image\" \/>\n\t\t<meta name=\"twitter:site\" content=\"@SoyMigrante_com\" \/>\n\t\t<meta name=\"twitter:title\" content=\"EDITORIAL: Noble gesto de amor migrante fortalece econom\u00eda de todo un pa\u00eds\" \/>\n\t\t<meta name=\"twitter:description\" content=\"Remesas de migrantes guatemaltecos reflejan su esfuerzo y amor, siendo el principal pilar econ\u00f3mico de Guatemala y superando marcas mes tras mes\" \/>\n\t\t<meta name=\"twitter:creator\" content=\"@SoyMigrante_com\" \/>\n\t\t<meta name=\"twitter:image\" content=\"https:\/\/soymigrante.com\/revista\/wp-content\/uploads\/2023\/07\/mural-seb.webp\" \/>\n\t\t<!-- All in One SEO Pro -->\r\n\t\t<title>EDITORIAL: Noble gesto de amor migrante fortalece econom\u00eda de todo un pa\u00eds<\/title>\n\n","aioseo_head_json":{"title":"EDITORIAL: Noble gesto de amor migrante fortalece econom\u00eda de todo un pa\u00eds","description":"Remesas de migrantes guatemaltecos reflejan su esfuerzo y amor, siendo el principal pilar econ\u00f3mico de Guatemala y superando marcas mes tras mes","canonical_url":"https:\/\/soymigrante.com\/revista\/aporte-economico-migrantes-guatemala\/","robots":"max-snippet:-1, max-image-preview:large, max-video-preview:-1","keywords":"","webmasterTools":{"miscellaneous":"&lt;link rel=\"preconnect\" href=\"https:\/\/fonts.googleapis.com\" crossorigin&gt;\n&lt;link rel=\"preconnect\" href=\"https:\/\/fonts.gstatic.com\" crossorigin&gt;"},"schema":null,"og:locale":"es_ES","og:site_name":"SoyMigrante.com REVISTA \u2013 Nuestra misi\u00f3n es reconocer y dignificar al migrante.","og:type":"article","og:title":"EDITORIAL: Noble gesto de amor migrante fortalece econom\u00eda de todo un pa\u00eds","og:description":"Remesas de migrantes guatemaltecos reflejan su esfuerzo y amor, siendo el principal pilar econ\u00f3mico de Guatemala y superando marcas mes tras mes","og:url":"https:\/\/soymigrante.com\/revista\/aporte-economico-migrantes-guatemala\/","og:image":"https:\/\/soymigrante.com\/revista\/wp-content\/uploads\/2023\/07\/mural-seb.webp","og:image:secure_url":"https:\/\/soymigrante.com\/revista\/wp-content\/uploads\/2023\/07\/mural-seb.webp","og:image:width":1920,"og:image:height":1282,"article:published_time":"2023-07-06T22:41:36+00:00","article:modified_time":"2024-07-31T17:50:42+00:00","article:publisher":"https:\/\/www.facebook.com\/soymigrantecom","twitter:card":"summary_large_image","twitter:site":"@SoyMigrante_com","twitter:title":"EDITORIAL: Noble gesto de amor migrante fortalece econom\u00eda de todo un pa\u00eds","twitter:description":"Remesas de migrantes guatemaltecos reflejan su esfuerzo y amor, siendo el principal pilar econ\u00f3mico de Guatemala y superando marcas mes tras mes","twitter:creator":"@SoyMigrante_com","twitter:image":"https:\/\/soymigrante.com\/revista\/wp-content\/uploads\/2023\/07\/mural-seb.webp"},"aioseo_meta_data":{"post_id":"1756","title":null,"description":"Remesas de migrantes guatemaltecos reflejan su esfuerzo y amor, siendo el principal pilar econ\u00f3mico de Guatemala y superando marcas mes tras mes","keywords":[],"keyphrases":{"focus":{"keyphrase":"Migrantes","score":74,"analysis":{"keyphraseInTitle":{"score":3,"maxScore":9,"error":1},"keyphraseInDescription":{"score":9,"maxScore":9,"error":0},"keyphraseLength":{"score":9,"maxScore":9,"error":0,"length":1},"keyphraseInURL":{"score":5,"maxScore":5,"error":0},"keyphraseInIntroduction":{"score":9,"maxScore":9,"error":0},"keyphraseInSubHeadings":{"score":3,"maxScore":9,"error":1},"keyphraseInImageAlt":{"score":3,"maxScore":9,"error":1},"keywordDensity":{"type":"best","score":9,"maxScore":9,"error":0}}},"additional":[]},"primary_term":null,"canonical_url":null,"og_title":null,"og_description":null,"og_object_type":"default","og_image_type":"default","og_image_url":null,"og_image_width":null,"og_image_height":null,"og_image_custom_url":null,"og_image_custom_fields":null,"og_video":"","og_custom_url":null,"og_article_section":null,"og_article_tags":[],"twitter_use_og":false,"twitter_card":"default","twitter_image_type":"default","twitter_image_url":null,"twitter_image_custom_url":null,"twitter_image_custom_fields":null,"twitter_title":null,"twitter_description":null,"schema":{"blockGraphs":[],"customGraphs":[],"default":{"data":{"Article":[],"Course":[],"Dataset":[],"FAQPage":[],"Movie":[],"Person":[],"Product":[],"ProductReview":[],"Car":[],"Recipe":[],"Service":[],"SoftwareApplication":[],"WebPage":[]},"graphName":"BlogPosting","isEnabled":true},"graphs":[]},"schema_type":"default","schema_type_options":null,"pillar_content":false,"robots_default":true,"robots_noindex":false,"robots_noarchive":false,"robots_nosnippet":false,"robots_nofollow":false,"robots_noimageindex":false,"robots_noodp":false,"robots_notranslate":false,"robots_max_snippet":"-1","robots_max_videopreview":"-1","robots_max_imagepreview":"large","priority":null,"frequency":"default","local_seo":null,"seo_analyzer_scan_date":"2025-10-08 20:01:15","breadcrumb_settings":null,"limit_modified_date":false,"reviewed_by":null,"open_ai":null,"ai":null,"created":"2023-08-18 14:11:42","updated":"2026-02-04 04:59:14"},"aioseo_breadcrumb":"<div class=\"aioseo-breadcrumbs\"><span class=\"aioseo-breadcrumb\">\n\t<a href=\"https:\/\/soymigrante.com\/revista\" title=\"Home\">Home<\/a>\n<\/span><span class=\"aioseo-breadcrumb-separator\">\u00bb<\/span><span class=\"aioseo-breadcrumb\">\n\t<a href=\"https:\/\/soymigrante.com\/revista\/category\/estamos-unidos\/\" title=\"Estamos Unidos\">Estamos Unidos<\/a>\n<\/span><span class=\"aioseo-breadcrumb-separator\">\u00bb<\/span><span class=\"aioseo-breadcrumb\">\n\tEDITORIAL: Noble gesto de amor migrante fortalece econom\u00eda de todo un pa\u00eds\n<\/span><\/div>","aioseo_breadcrumb_json":[{"label":"Home","link":"https:\/\/soymigrante.com\/revista"},{"label":"Estamos Unidos","link":"https:\/\/soymigrante.com\/revista\/category\/estamos-unidos\/"},{"label":"EDITORIAL: Noble gesto de amor migrante fortalece econom\u00eda de todo un pa\u00eds","link":"https:\/\/soymigrante.com\/revista\/aporte-economico-migrantes-guatemala\/"}],"_links":{"self":[{"href":"https:\/\/soymigrante.com\/revista\/wp-json\/wp\/v2\/posts\/1756","targetHints":{"allow":["GET"]}}],"collection":[{"href":"https:\/\/soymigrante.com\/revista\/wp-json\/wp\/v2\/posts"}],"about":[{"href":"https:\/\/soymigrante.com\/revista\/wp-json\/wp\/v2\/types\/post"}],"author":[{"embeddable":true,"href":"https:\/\/soymigrante.com\/revista\/wp-json\/wp\/v2\/users\/7"}],"replies":[{"embeddable":true,"href":"https:\/\/soymigrante.com\/revista\/wp-json\/wp\/v2\/comments?post=1756"}],"version-history":[{"count":0,"href":"https:\/\/soymigrante.com\/revista\/wp-json\/wp\/v2\/posts\/1756\/revisions"}],"wp:featuredmedia":[{"embeddable":true,"href":"https:\/\/soymigrante.com\/revista\/wp-json\/wp\/v2\/media\/1760"}],"wp:attachment":[{"href":"https:\/\/soymigrante.com\/revista\/wp-json\/wp\/v2\/media?parent=1756"}],"wp:term":[{"taxonomy":"category","embeddable":true,"href":"https:\/\/soymigrante.com\/revista\/wp-json\/wp\/v2\/categories?post=1756"},{"taxonomy":"post_tag","embeddable":true,"href":"https:\/\/soymigrante.com\/revista\/wp-json\/wp\/v2\/tags?post=1756"}],"curies":[{"name":"wp","href":"https:\/\/api.w.org\/{rel}","templated":true}]}}