{"id":17523,"date":"2024-12-21T18:20:48","date_gmt":"2024-12-22T00:20:48","guid":{"rendered":"https:\/\/soymigrante.com\/revista\/?p=17523"},"modified":"2024-12-21T18:50:40","modified_gmt":"2024-12-22T00:50:40","slug":"sugerencia-a-migrantes-para-proteger-el-cuidado-de-sus-hijos-menores","status":"publish","type":"post","link":"https:\/\/soymigrante.com\/revista\/sugerencia-a-migrantes-para-proteger-el-cuidado-de-sus-hijos-menores\/","title":{"rendered":"Sugerencia a migrantes indocumentados en USA para proteger el cuidado de sus hijos menores"},"content":{"rendered":"\t\t<div data-elementor-type=\"wp-post\" data-elementor-id=\"17523\" class=\"elementor elementor-17523\" data-elementor-post-type=\"post\">\n\t\t\t\t<div data-particle_enable=\"false\" data-particle-mobile-disabled=\"false\" class=\"elementor-element elementor-element-f4ddaab e-flex e-con-boxed e-con e-parent\" data-id=\"f4ddaab\" data-element_type=\"container\" data-e-type=\"container\">\n\t\t\t\t\t<div class=\"e-con-inner\">\n\t\t\t\t<div class=\"elementor-element elementor-element-5a70f6c elementor-widget elementor-widget-heading\" data-id=\"5a70f6c\" data-element_type=\"widget\" data-e-type=\"widget\" data-widget_type=\"heading.default\">\n\t\t\t\t\t<h2 class=\"elementor-heading-title elementor-size-default\">Migrantes en situaci\u00f3n irregular que tienen hijos en EE.UU., deben considerar una carta poder para que un familiar o persona de confianza que sea residente legal pueda tener la custodia de sus hijos, aconseja el experto migratorio Fernando Castro.<\/h2>\t\t\t\t<\/div>\n\t\t\t\t\t<\/div>\n\t\t\t\t<\/div>\n\t\t<div data-particle_enable=\"false\" data-particle-mobile-disabled=\"false\" class=\"elementor-element elementor-element-13ff758 e-flex e-con-boxed e-con e-parent\" data-id=\"13ff758\" data-element_type=\"container\" data-e-type=\"container\">\n\t\t\t\t\t<div class=\"e-con-inner\">\n\t\t\t\t<div class=\"elementor-element elementor-element-c599c51 elementor-widget elementor-widget-text-editor\" data-id=\"c599c51\" data-element_type=\"widget\" data-e-type=\"widget\" data-widget_type=\"text-editor.default\">\n\t\t\t\t\t\t\t\t\t<p><b>Por Fernando Castro, experto migratorio guatemalteco<\/b><\/p>\t\t\t\t\t\t\t\t<\/div>\n\t\t\t\t\t<\/div>\n\t\t\t\t<\/div>\n\t\t<div data-particle_enable=\"false\" data-particle-mobile-disabled=\"false\" class=\"elementor-element elementor-element-9751e82 e-flex e-con-boxed e-con e-parent\" data-id=\"9751e82\" data-element_type=\"container\" data-e-type=\"container\">\n\t\t\t\t\t<div class=\"e-con-inner\">\n\t\t\t\t<div class=\"elementor-element elementor-element-b1371ac elementor-widget elementor-widget-text-editor\" data-id=\"b1371ac\" data-element_type=\"widget\" data-e-type=\"widget\" data-widget_type=\"text-editor.default\">\n\t\t\t\t\t\t\t\t\t<p>Ante la falta de informaci\u00f3n de orientaci\u00f3n a poblaci\u00f3n migrante guatemalteca viviendo en Estados Unidos sin un documento legal de residencia, comparto la siguiente sugerencia. Como una aporte a la comunidad, para realizar una acci\u00f3n en posible resguardo de sus hijos menores de edad, evitando queden en el desamparo, en caso de una detenci\u00f3n y deportaci\u00f3n de sus padres.<\/p><p>Es necesario contar con el Poder legal, para declarar la Patria Potestad. El modelo de esta carta deber\u00eda estar disponible\u00a0<span style=\"color: var( --e-global-color-text ); text-align: var(--text-align);\">en las p\u00e1ginas web de los consulados. Tambi\u00e9n se puede enviar en forma masiva por correo electr\u00f3nico registrados de sus connacionales, entregar a las personas que asisten para realizar tr\u00e1mites\u00a0<\/span><span style=\"color: var( --e-global-color-text ); text-align: var(--text-align);\">en la sede y publicitar en los pa\u00edses de origen para que familiares compartan la informaci\u00f3n.\u00a0<\/span><\/p><div>\u00a0<\/div>\t\t\t\t\t\t\t\t<\/div>\n\t\t\t\t\t<\/div>\n\t\t\t\t<\/div>\n\t\t<div data-particle_enable=\"false\" data-particle-mobile-disabled=\"false\" class=\"elementor-element elementor-element-6dacb44 e-flex e-con-boxed e-con e-parent\" data-id=\"6dacb44\" data-element_type=\"container\" data-e-type=\"container\">\n\t\t\t\t\t<div class=\"e-con-inner\">\n\t\t\t\t<div class=\"elementor-element elementor-element-42abb5a elementor-widget elementor-widget-image\" data-id=\"42abb5a\" data-element_type=\"widget\" data-e-type=\"widget\" data-widget_type=\"image.default\">\n\t\t\t\t\t\t\t\t\t\t\t\t<figure class=\"wp-caption\">\n\t\t\t\t\t\t\t\t\t\t<img fetchpriority=\"high\" decoding=\"async\" width=\"768\" height=\"513\" src=\"https:\/\/soymigrante.com\/revista\/wp-content\/uploads\/2024\/12\/50044963547_85d525aea5_k-1024x684.jpg\" class=\"attachment-large size-large wp-image-17539\" alt=\"Migrantes en situaci\u00f3n irregular reuni\u00e9ndose en un punto de encuentro nocturno, compartiendo informaci\u00f3n y recursos en un ambiente de apoyo y solidaridad.\" srcset=\"https:\/\/soymigrante.com\/revista\/wp-content\/uploads\/2024\/12\/50044963547_85d525aea5_k-1024x684.jpg 1024w, https:\/\/soymigrante.com\/revista\/wp-content\/uploads\/2024\/12\/50044963547_85d525aea5_k-300x200.jpg 300w, https:\/\/soymigrante.com\/revista\/wp-content\/uploads\/2024\/12\/50044963547_85d525aea5_k-768x513.jpg 768w, https:\/\/soymigrante.com\/revista\/wp-content\/uploads\/2024\/12\/50044963547_85d525aea5_k-1536x1025.jpg 1536w, https:\/\/soymigrante.com\/revista\/wp-content\/uploads\/2024\/12\/50044963547_85d525aea5_k-750x501.webp 750w, https:\/\/soymigrante.com\/revista\/wp-content\/uploads\/2024\/12\/50044963547_85d525aea5_k-1140x761.webp 1140w, https:\/\/soymigrante.com\/revista\/wp-content\/uploads\/2024\/12\/50044963547_85d525aea5_k.webp 1920w\" sizes=\"(max-width: 768px) 100vw, 768px\" title=\"Expertos migratorios recomiendan a migrantes que sean detenidos NO firmar ning\u00fan documento sin haberlo consultado antes con un abogado migratorio, al cual tienen derecho. Sin saberlo podrian estar firmando la aceptaci\u00f3n de su propia deportaci\u00f3n, advierte el experto migratorio Fernando Castro. \u2013 SoyMigrante.com REVISTA\" \/>\t\t\t\t\t\t\t\t\t\t\t<figcaption class=\"widget-image-caption wp-caption-text\">Grupo de migrantes en una reuni\u00f3n nocturna, intercambiando experiencias y estrategias mientras usan tel\u00e9fonos m\u00f3viles y miran un libro en un ambiente de comunidad y esperanza.<\/figcaption>\n\t\t\t\t\t\t\t\t\t\t<\/figure>\n\t\t\t\t\t\t\t\t\t<\/div>\n\t\t\t\t\t<\/div>\n\t\t\t\t<\/div>\n\t\t<div data-particle_enable=\"false\" data-particle-mobile-disabled=\"false\" class=\"elementor-element elementor-element-a9c69a2 e-flex e-con-boxed e-con e-parent\" data-id=\"a9c69a2\" data-element_type=\"container\" data-e-type=\"container\">\n\t\t\t\t\t<div class=\"e-con-inner\">\n\t\t\t\t<div class=\"elementor-element elementor-element-16bea83 elementor-widget elementor-widget-text-editor\" data-id=\"16bea83\" data-element_type=\"widget\" data-e-type=\"widget\" data-widget_type=\"text-editor.default\">\n\t\t\t\t\t\t\t\t\t<p>El Poder Legal para delegar la Patria Potestad de hijos menores de inmigrantes, tambi\u00e9n conocida como Carta de Poder, es un documento que autoriza en forma temporal a otra persona que sea residente legal o ciudadano americano, a tomar decisiones para beneficio de los hijos menores de edad, en caso sean capturados sus padres y deportados a su pa\u00eds de origen.<\/p><p>No debe dejarse a los menores a cargo de otra persona que est\u00e9 en situaci\u00f3n\u00a0<span style=\"color: var( --e-global-color-text ); text-align: var(--text-align);\">irregular o ilegal, pues no se encuentra libre del riesgo de ser deportada y en tal caso quedar\u00edan desprotegidos los menores.<\/span><\/p><p>La persona elegida debe ser de confianza de los padres y tener una residencia legal. Esta persona asume los deberes y obligaciones importantes sobre el cuidado de los menores y tomar\u00e1 las decisiones relevantes en acuerdo con los padres, aunque estos est\u00e9n a distancia.<\/p><p>Esta persona designada para el cuidado de los menores, puede ser un pariente o\u00a0<span style=\"color: var( --e-global-color-text ); text-align: var(--text-align);\">un amigo de la familia, reiterando que sea residente o ciudadano americano,\u00a0<\/span><span style=\"color: var( --e-global-color-text ); text-align: var(--text-align);\">que estar\u00e1 dispuesto a continuar con el cuidado y crianza de los menores de los que se hace responsable de su cuidado, durante el tiempo que est\u00e9n separados de sus padres.<\/span><\/p>\t\t\t\t\t\t\t\t<\/div>\n\t\t\t\t\t<\/div>\n\t\t\t\t<\/div>\n\t\t<div data-particle_enable=\"false\" data-particle-mobile-disabled=\"false\" class=\"elementor-element elementor-element-b9e8863 e-flex e-con-boxed e-con e-parent\" data-id=\"b9e8863\" data-element_type=\"container\" data-e-type=\"container\">\n\t\t\t\t\t<div class=\"e-con-inner\">\n\t\t\t\t<div class=\"elementor-element elementor-element-e57cab0 elementor-widget elementor-widget-video\" data-id=\"e57cab0\" data-element_type=\"widget\" data-e-type=\"widget\" data-settings=\"{&quot;youtube_url&quot;:&quot;https:\\\/\\\/www.youtube.com\\\/watch?v=FwcMgJwKCQk&quot;,&quot;video_type&quot;:&quot;youtube&quot;,&quot;controls&quot;:&quot;yes&quot;}\" data-widget_type=\"video.default\">\n\t\t\t\t\t\t\t<div class=\"elementor-wrapper elementor-open-inline\">\n\t\t\t<div class=\"elementor-video\"><\/div>\t\t<\/div>\n\t\t\t\t\t\t<\/div>\n\t\t\t\t\t<\/div>\n\t\t\t\t<\/div>\n\t\t<div data-particle_enable=\"false\" data-particle-mobile-disabled=\"false\" class=\"elementor-element elementor-element-dd2c990 e-flex e-con-boxed e-con e-parent\" data-id=\"dd2c990\" data-element_type=\"container\" data-e-type=\"container\">\n\t\t\t\t\t<div class=\"e-con-inner\">\n\t\t\t\t<div class=\"elementor-element elementor-element-62186e0 elementor-widget elementor-widget-heading\" data-id=\"62186e0\" data-element_type=\"widget\" data-e-type=\"widget\" data-widget_type=\"heading.default\">\n\t\t\t\t\t<h3 class=\"elementor-heading-title elementor-size-default\">Delegado o delegada debe ser residente legal<\/h3>\t\t\t\t<\/div>\n\t\t\t\t\t<\/div>\n\t\t\t\t<\/div>\n\t\t<div data-particle_enable=\"false\" data-particle-mobile-disabled=\"false\" class=\"elementor-element elementor-element-351e0d1 e-flex e-con-boxed e-con e-parent\" data-id=\"351e0d1\" data-element_type=\"container\" data-e-type=\"container\">\n\t\t\t\t\t<div class=\"e-con-inner\">\n\t\t\t\t<div class=\"elementor-element elementor-element-b69a7d8 elementor-widget elementor-widget-text-editor\" data-id=\"b69a7d8\" data-element_type=\"widget\" data-e-type=\"widget\" data-widget_type=\"text-editor.default\">\n\t\t\t\t\t\t\t\t\t<p><span style=\"color: var( --e-global-color-text ); text-align: var(--text-align);\">No elija para este cuidado de sus hijos a una persona en situaci\u00f3n irregular, pues tambi\u00e9n est\u00e1 expuesta a\u00a0 ser capturada y en ese caso los menores tambi\u00e9n\u00a0<\/span><span style=\"color: var( --e-global-color-text ); text-align: var(--text-align);\">quedar\u00e1n desamparados y a merced de que las autoridades de Servicios de\u00a0<\/span><span style=\"color: var( --e-global-color-text ); text-align: var(--text-align);\">Seguridad de Menores DCS, los recojan y se los lleven.<\/span><\/p><p><span style=\"color: var( --e-global-color-text ); text-align: var(--text-align);\">Debo advertir que el poder legal, no es un mandato judicial, y solo tiene una\u00a0\u00a0<\/span><span style=\"color: var( --e-global-color-text ); text-align: var(--text-align);\">duraci\u00f3n de hasta 6 meses, por lo que se debe renovar dos veces al a\u00f1o para\u00a0<\/span><span style=\"color: var( --e-global-color-text ); text-align: var(--text-align);\">que est\u00e9 vigente.<\/span><\/p><p>Con este poder legal para la delegaci\u00f3n de la patria potestad de los menores\u00a0<span style=\"color: var( --e-global-color-text ); text-align: var(--text-align);\">migrantes, cuyos padres han sido capturados y deportados, se permite\u00a0<\/span><span style=\"color: var( --e-global-color-text ); text-align: var(--text-align);\">mantener menores de otra persona en el hogar en forma legal.<\/span><\/p><p>Existen casos que con poder legal otorgado, a veces no aceptan al menor para\u00a0<span style=\"color: var( --e-global-color-text ); text-align: var(--text-align);\">poder inscribirlo en otra escuela y a veces no es aceptado el menor para\u00a0<\/span><span style=\"color: var( --e-global-color-text ); text-align: var(--text-align);\">tratamiento m\u00e9dico, ni de emergencia, en un hospital.<\/span><\/p><p>Esas funciones generalmente, requieren que la persona tenga el estado de\u00a0<span style=\"color: var( --e-global-color-text ); text-align: var(--text-align);\">guardi\u00e1n\/tutor legal de los menores.\u00a0<\/span><\/p>\t\t\t\t\t\t\t\t<\/div>\n\t\t\t\t\t<\/div>\n\t\t\t\t<\/div>\n\t\t<div data-particle_enable=\"false\" data-particle-mobile-disabled=\"false\" class=\"elementor-element elementor-element-76e7c82 e-flex e-con-boxed e-con e-parent\" data-id=\"76e7c82\" data-element_type=\"container\" data-e-type=\"container\">\n\t\t\t\t\t<div class=\"e-con-inner\">\n\t\t\t\t<div class=\"elementor-element elementor-element-8e4dc5f elementor-grid-eael-col-1 elementor-grid-tablet-eael-col-2 elementor-grid-mobile-eael-col-1 elementor-widget elementor-widget-eael-post-grid\" data-id=\"8e4dc5f\" data-element_type=\"widget\" data-e-type=\"widget\" data-settings=\"{&quot;eael_post_grid_columns&quot;:&quot;eael-col-1&quot;,&quot;eael_post_grid_columns_tablet&quot;:&quot;eael-col-2&quot;,&quot;eael_post_grid_columns_mobile&quot;:&quot;eael-col-1&quot;}\" data-widget_type=\"eael-post-grid.default\">\n\t\t\t\t\t<div id=\"eael-post-grid-8e4dc5f\" class=\"eael-post-grid-container\">\n            <div class=\"eael-post-grid eael-post-appender eael-post-appender-8e4dc5f eael-post-grid-style-one\" data-layout-mode=\"masonry\"><article class=\"eael-grid-post  eael-post-grid-column eael-pg-post-13125 category-recursos-migratorios\" data-id=\"13125\">\n        <div class=\"eael-grid-post-holder\">\n            <div class=\"eael-grid-post-holder-inner\"><div class=\"eael-entry-media\"><div class=\"eael-entry-overlay fade-in\"><i class=\"far fa-hand-pointer\" aria-hidden=\"true\"><\/i><a href=\"https:\/\/soymigrante.com\/revista\/suman-mas-de-66-mil-las-deportacioens-de-guatemaltecos-en-2024\/\"><\/a><\/div><div class=\"eael-entry-thumbnail \">\n                <img decoding=\"async\" width=\"1024\" height=\"1024\" src=\"https:\/\/soymigrante.com\/revista\/wp-content\/uploads\/2024\/11\/Aumento-en-las-deportaciones-de-guatemaltecos-en-este-2024-e1731513866970-1024x1024.jpeg\" class=\"attachment-large size-large wp-image-13127\" alt=\"Vuelos de migrantes y refugiados en el aeropuerto, personas con maletas y ni\u00f1os en proceso de emigraci\u00f3n, en el contexto de SoyMigrante.com REVISTA sobre migraci\u00f3n y derechos.\" srcset=\"https:\/\/soymigrante.com\/revista\/wp-content\/uploads\/2024\/11\/Aumento-en-las-deportaciones-de-guatemaltecos-en-este-2024-e1731513866970-1024x1024.jpeg 1024w, https:\/\/soymigrante.com\/revista\/wp-content\/uploads\/2024\/11\/Aumento-en-las-deportaciones-de-guatemaltecos-en-este-2024-e1731513866970-300x300.webp 300w, https:\/\/soymigrante.com\/revista\/wp-content\/uploads\/2024\/11\/Aumento-en-las-deportaciones-de-guatemaltecos-en-este-2024-e1731513866970-150x150.webp 150w, https:\/\/soymigrante.com\/revista\/wp-content\/uploads\/2024\/11\/Aumento-en-las-deportaciones-de-guatemaltecos-en-este-2024-e1731513866970-768x768.jpeg 768w, https:\/\/soymigrante.com\/revista\/wp-content\/uploads\/2024\/11\/Aumento-en-las-deportaciones-de-guatemaltecos-en-este-2024-e1731513866970-1536x1536.jpeg 1536w, https:\/\/soymigrante.com\/revista\/wp-content\/uploads\/2024\/11\/Aumento-en-las-deportaciones-de-guatemaltecos-en-este-2024-e1731513866970-75x75.webp 75w, https:\/\/soymigrante.com\/revista\/wp-content\/uploads\/2024\/11\/Aumento-en-las-deportaciones-de-guatemaltecos-en-este-2024-e1731513866970-750x750.webp 750w, https:\/\/soymigrante.com\/revista\/wp-content\/uploads\/2024\/11\/Aumento-en-las-deportaciones-de-guatemaltecos-en-este-2024-e1731513866970-1140x1140.jpeg 1140w, https:\/\/soymigrante.com\/revista\/wp-content\/uploads\/2024\/11\/Aumento-en-las-deportaciones-de-guatemaltecos-en-este-2024-e1731513866970.webp 1706w\" sizes=\"(max-width: 1024px) 100vw, 1024px\" \/>\n            <\/div>\n        <\/div><div class=\"eael-entry-wrapper\"><header class=\"eael-entry-header\"><h2 class=\"eael-entry-title\"><a class=\"eael-grid-post-link\" href=\"https:\/\/soymigrante.com\/revista\/suman-mas-de-66-mil-las-deportacioens-de-guatemaltecos-en-2024\/\" title=\"Suman m\u00e1s de 66 mil las deportacioens de guatemaltecos en  2024\">Suman m\u00e1s de 66 mil las deportacioens de guatemaltecos en  2024<\/a><\/h2><\/header><div class=\"eael-entry-content\">\n                        <div class=\"eael-grid-post-excerpt\"><a href=\"https:\/\/soymigrante.com\/revista\/suman-mas-de-66-mil-las-deportacioens-de-guatemaltecos-en-2024\/\" class=\"eael-post-elements-readmore-btn\">CONOCE SU HISTORIA <\/a><\/div>\n                    <\/div><\/div><\/div>\n        <\/div>\n    <\/article><\/div>\n            <div class=\"clearfix\"><\/div>\n        <\/div>\t\t\t\t<\/div>\n\t\t\t\t\t<\/div>\n\t\t\t\t<\/div>\n\t\t<div data-particle_enable=\"false\" data-particle-mobile-disabled=\"false\" class=\"elementor-element elementor-element-21b35a8 e-flex e-con-boxed e-con e-parent\" data-id=\"21b35a8\" data-element_type=\"container\" data-e-type=\"container\">\n\t\t\t\t\t<div class=\"e-con-inner\">\n\t\t\t\t<div class=\"elementor-element elementor-element-c5b9275 elementor-widget elementor-widget-heading\" data-id=\"c5b9275\" data-element_type=\"widget\" data-e-type=\"widget\" data-widget_type=\"heading.default\">\n\t\t\t\t\t<h3 class=\"elementor-heading-title elementor-size-default\">Pasos de una decisi\u00f3n que no es f\u00e1cil<\/h3>\t\t\t\t<\/div>\n\t\t\t\t\t<\/div>\n\t\t\t\t<\/div>\n\t\t<div data-particle_enable=\"false\" data-particle-mobile-disabled=\"false\" class=\"elementor-element elementor-element-cef0987 e-flex e-con-boxed e-con e-parent\" data-id=\"cef0987\" data-element_type=\"container\" data-e-type=\"container\">\n\t\t\t\t\t<div class=\"e-con-inner\">\n\t\t\t\t<div class=\"elementor-element elementor-element-f0469bf elementor-widget elementor-widget-text-editor\" data-id=\"f0469bf\" data-element_type=\"widget\" data-e-type=\"widget\" data-widget_type=\"text-editor.default\">\n\t\t\t\t\t\t\t\t\t<p><span style=\"color: var( --e-global-color-text ); text-align: var(--text-align);\">Los Pasos Para Completar el Poder Legal Para Delegaci\u00f3n de la Patria\u00a0<\/span><span style=\"color: var( --e-global-color-text ); text-align: var(--text-align);\">Potestad, son los siguientes:<\/span><\/p><p>1. Debe llenar el formulario correspondiente que constituye un poder legal para delegaci\u00f3n de la patria potestad de los menores a la persona preferiblemente residente o ciudadano americano. El formulario es v\u00e1lido en cada uno de los condados de los Estados Unidos.<\/p><p>2. Debe tener 3 formularios originales del poder legal para delegar la patria\u00a0<span style=\"color: var( --e-global-color-text ); text-align: var(--text-align);\">potestad de los menores, debiendo ser llevado ante un notario p\u00fablico,\u00a0<\/span><span style=\"color: var( --e-global-color-text ); text-align: var(--text-align);\">acompa\u00f1ado por una persona que pueda servir como testigo del acto.<\/span><\/p><p>A veces los notarios buscan ser identificados con foto.\u00a0<span style=\"color: var( --e-global-color-text ); text-align: var(--text-align);\">Los notarios indicar\u00e1n el costo de este servicio pero los padres tambi\u00e9n pueden solicitar el apoyo en organizaciones pro migrantes para que les asesoren e incluso les apoyen para que salga m\u00e1s barato.<\/span><\/p><p>3. Tanto el encargado como el testigo, deben firmar los formularios del poder\u00a0<span style=\"color: var( --e-global-color-text ); text-align: var(--text-align);\">notarial en presencia del notario, realizando la certificaci\u00f3n.\u00a0<\/span><\/p><p><span style=\"color: var( --e-global-color-text ); text-align: var(--text-align);\">4. Ya con la firma del notario, debe tenerlo junto con los otros documentos\u00a0\u00a0<\/span><span style=\"color: var( --e-global-color-text ); text-align: var(--text-align);\">necesarios de su Plan Familiar guardado en un lugar de la casa y en el que\u00a0<\/span><span style=\"color: var( --e-global-color-text ); text-align: var(--text-align);\">pueda ser localizado por cualquier miembro de la familia.<\/span><\/p><p>5. Es recomendable tener otro expediente de todos los documentos en otro\u00a0<span style=\"color: var( --e-global-color-text ); text-align: var(--text-align);\">lugar, pudiendo ser en casa de un familiar o persona de confianza.<\/span><\/p><p>6. Recomiendo que tambi\u00e9n puede entregar un expediente completo de la\u00a0<span style=\"color: var( --e-global-color-text ); text-align: var(--text-align);\">documentaci\u00f3n del poder legal a quien fue escogido para realizar el cuidado de\u00a0<\/span><span style=\"color: var( --e-global-color-text ); text-align: var(--text-align);\">los menores en caso de captura y deportaci\u00f3n de los padres.<\/span><\/p><p>Si un migrante en situaci\u00f3n irregular es capturado por agentes de ICE, tiene el derecho de realizar una llamada telef\u00f3nica a quien est\u00e9 a cargo de sus hijos para que conozca de la situaci\u00f3n y avise a la familia y que consigan un abogado migratorio que le asista.<\/p><p><span style=\"color: var( --e-global-color-text ); text-align: var(--text-align);\">De no realizar un documento que proteja a sus hijos\u00a0<\/span><span style=\"color: var( --e-global-color-text ); text-align: var(--text-align);\">menores, es posible que las autoridades realizar\u00e1n llamada telef\u00f3nica para que personal\u00a0<\/span><span style=\"color: var( --e-global-color-text ); text-align: var(--text-align);\">de Servicios de Seguridad de Menores DCS se hagan cargo de ellos.\u00a0<\/span><\/p><p>En todo caso se recomienda buscar ayuda de instituciones de ayuda a migrantes.<\/p>\t\t\t\t\t\t\t\t<\/div>\n\t\t\t\t\t<\/div>\n\t\t\t\t<\/div>\n\t\t<div data-particle_enable=\"false\" data-particle-mobile-disabled=\"false\" class=\"elementor-element elementor-element-18d331f e-flex e-con-boxed e-con e-parent\" data-id=\"18d331f\" data-element_type=\"container\" data-e-type=\"container\">\n\t\t\t\t\t<div class=\"e-con-inner\">\n\t\t\t\t<div class=\"elementor-element elementor-element-39c2954 elementor-widget elementor-widget-heading\" data-id=\"39c2954\" data-element_type=\"widget\" data-e-type=\"widget\" data-widget_type=\"heading.default\">\n\t\t\t\t\t<h2 class=\"elementor-heading-title elementor-size-default\">\u00bfD\u00f3nde puedo buscar ayuda?<\/h2>\t\t\t\t<\/div>\n\t\t\t\t\t<\/div>\n\t\t\t\t<\/div>\n\t\t<div data-particle_enable=\"false\" data-particle-mobile-disabled=\"false\" class=\"elementor-element elementor-element-3b2f31b e-flex e-con-boxed e-con e-parent\" data-id=\"3b2f31b\" data-element_type=\"container\" data-e-type=\"container\">\n\t\t\t\t\t<div class=\"e-con-inner\">\n\t\t\t\t<div class=\"elementor-element elementor-element-9724571 elementor-grid-eael-col-1 elementor-grid-tablet-eael-col-2 elementor-grid-mobile-eael-col-1 elementor-widget elementor-widget-eael-post-grid\" data-id=\"9724571\" data-element_type=\"widget\" data-e-type=\"widget\" data-settings=\"{&quot;eael_post_grid_columns&quot;:&quot;eael-col-1&quot;,&quot;eael_post_grid_columns_tablet&quot;:&quot;eael-col-2&quot;,&quot;eael_post_grid_columns_mobile&quot;:&quot;eael-col-1&quot;}\" data-widget_type=\"eael-post-grid.default\">\n\t\t\t\t\t<div id=\"eael-post-grid-9724571\" class=\"eael-post-grid-container\">\n            <div class=\"eael-post-grid eael-post-appender eael-post-appender-9724571 eael-post-grid-style-one\" data-layout-mode=\"masonry\"><article class=\"eael-grid-post  eael-post-grid-column eael-pg-post-16944 category-recursos-migratorios\" data-id=\"16944\">\n        <div class=\"eael-grid-post-holder\">\n            <div class=\"eael-grid-post-holder-inner\"><div class=\"eael-entry-media\"><div class=\"eael-entry-overlay fade-in\"><i class=\"far fa-hand-pointer\" aria-hidden=\"true\"><\/i><a href=\"https:\/\/soymigrante.com\/revista\/todo-migrante-tiene-derechos-la-union-americana-de-libertades-civiles-recomienda\/\"><\/a><\/div><div class=\"eael-entry-thumbnail \">\n                <img decoding=\"async\" width=\"1024\" height=\"1024\" src=\"https:\/\/soymigrante.com\/revista\/wp-content\/uploads\/2024\/12\/migrantes-ruta-1-1024x1024.jpg\" class=\"attachment-large size-large wp-image-17020\" alt=\"Camino con peatones en carretera lluviosa, se\u00f1al de obra vial y l\u00edmite de velocidad de 30 km\/h, en un entorno natural y monta\u00f1oso, en la publicaci\u00f3n de SoyMigrante.com REVISTA.\" srcset=\"https:\/\/soymigrante.com\/revista\/wp-content\/uploads\/2024\/12\/migrantes-ruta-1-1024x1024.jpg 1024w, https:\/\/soymigrante.com\/revista\/wp-content\/uploads\/2024\/12\/migrantes-ruta-1-300x300.jpg 300w, https:\/\/soymigrante.com\/revista\/wp-content\/uploads\/2024\/12\/migrantes-ruta-1-150x150.jpg 150w, https:\/\/soymigrante.com\/revista\/wp-content\/uploads\/2024\/12\/migrantes-ruta-1-768x768.jpg 768w, https:\/\/soymigrante.com\/revista\/wp-content\/uploads\/2024\/12\/migrantes-ruta-1-1536x1536.jpg 1536w, https:\/\/soymigrante.com\/revista\/wp-content\/uploads\/2024\/12\/migrantes-ruta-1-2048x2048.jpg 2048w, https:\/\/soymigrante.com\/revista\/wp-content\/uploads\/2024\/12\/migrantes-ruta-1-75x75.webp 75w, https:\/\/soymigrante.com\/revista\/wp-content\/uploads\/2024\/12\/migrantes-ruta-1-750x750.webp 750w, https:\/\/soymigrante.com\/revista\/wp-content\/uploads\/2024\/12\/migrantes-ruta-1-1140x1140.webp 1140w, https:\/\/soymigrante.com\/revista\/wp-content\/uploads\/2024\/12\/migrantes-ruta-1-scaled.webp 1920w\" sizes=\"(max-width: 1024px) 100vw, 1024px\" \/>\n            <\/div>\n        <\/div><div class=\"eael-entry-wrapper\"><header class=\"eael-entry-header\"><h2 class=\"eael-entry-title\"><a class=\"eael-grid-post-link\" href=\"https:\/\/soymigrante.com\/revista\/todo-migrante-tiene-derechos-la-union-americana-de-libertades-civiles-recomienda\/\" title=\"Todo migrante tiene derechos: la Uni\u00f3n Americana de Libertades Civiles recomienda&#8230;\">Todo migrante tiene derechos: la Uni\u00f3n Americana de Libertades Civiles recomienda&#8230;<\/a><\/h2><\/header><div class=\"eael-entry-content\">\n                        <div class=\"eael-grid-post-excerpt\"><a href=\"https:\/\/soymigrante.com\/revista\/todo-migrante-tiene-derechos-la-union-americana-de-libertades-civiles-recomienda\/\" class=\"eael-post-elements-readmore-btn\">CONOCE SU HISTORIA <\/a><\/div>\n                    <\/div><\/div><\/div>\n        <\/div>\n    <\/article><\/div>\n            <div class=\"clearfix\"><\/div>\n        <\/div>\t\t\t\t<\/div>\n\t\t\t\t\t<\/div>\n\t\t\t\t<\/div>\n\t\t\t\t<\/div>\n\t\t","protected":false},"excerpt":{"rendered":"<p>Migrantes en situaci\u00f3n irregular que tienen hijos en EE.UU., deben considerar una carta poder para que un familiar o persona de confianza que sea residente legal pueda tener la custodia de sus hijos, aconseja el experto migratorio Fernando Castro. Por Fernando Castro, experto migratorio guatemalteco Ante la falta de informaci\u00f3n de orientaci\u00f3n a poblaci\u00f3n migrante [&hellip;]<\/p>\n","protected":false},"author":1,"featured_media":17529,"comment_status":"open","ping_status":"open","sticky":false,"template":"","format":"standard","meta":{"_acf_changed":false,"_eb_attr":"","footnotes":""},"categories":[56],"tags":[],"class_list":["post-17523","post","type-post","status-publish","format-standard","has-post-thumbnail","hentry","category-lugar-de-voces"],"acf":[],"aioseo_notices":[],"aioseo_head":"\n\t\t<!-- All in One SEO Pro 4.9.6.2 - aioseo.com -->\n\t<meta name=\"description\" content=\"En USA, los migrantes enfrentan desaf\u00edos legales y sociales que pueden poner en riesgo su seguridad y estabilidad. Conocer sus derechos es fundamental.\" \/>\n\t<meta name=\"robots\" content=\"max-snippet:-1, max-image-preview:large, max-video-preview:-1\" \/>\n\t<meta name=\"author\" content=\"Beatriz Tercero\"\/>\n\t<link rel=\"canonical\" href=\"https:\/\/soymigrante.com\/revista\/todo-migrante-tiene-derechos-la-union-americana-de-libertades-civiles-recomienda\/\" \/>\n\t<meta name=\"generator\" content=\"All in One SEO Pro (AIOSEO) 4.9.6.2\" \/>\n\n\t\t<link rel=\"preconnect\" href=\"https:\/\/fonts.googleapis.com\" crossorigin>\n<link rel=\"preconnect\" href=\"https:\/\/fonts.gstatic.com\" crossorigin>\n\t\t<meta property=\"og:locale\" content=\"es_ES\" \/>\n\t\t<meta property=\"og:site_name\" content=\"SoyMigrante.com REVISTA \u2013 Nuestra misi\u00f3n es reconocer y dignificar al migrante.\" \/>\n\t\t<meta property=\"og:type\" content=\"article\" \/>\n\t\t<meta property=\"og:title\" content=\"Los derechos de los migrantes: Una gu\u00eda para protegerte y actuar\" \/>\n\t\t<meta property=\"og:description\" content=\"En USA, los migrantes enfrentan desaf\u00edos legales y sociales que pueden poner en riesgo su seguridad y estabilidad. Conocer sus derechos es fundamental.\" \/>\n\t\t<meta property=\"og:url\" content=\"https:\/\/soymigrante.com\/revista\/todo-migrante-tiene-derechos-la-union-americana-de-libertades-civiles-recomienda\/\" \/>\n\t\t<meta property=\"og:image\" content=\"https:\/\/soymigrante.com\/revista\/wp-content\/uploads\/2024\/12\/migrantes-ruta-1-scaled.webp\" \/>\n\t\t<meta property=\"og:image:secure_url\" content=\"https:\/\/soymigrante.com\/revista\/wp-content\/uploads\/2024\/12\/migrantes-ruta-1-scaled.webp\" \/>\n\t\t<meta property=\"og:image:width\" content=\"1920\" \/>\n\t\t<meta property=\"og:image:height\" content=\"1920\" \/>\n\t\t<meta property=\"article:published_time\" content=\"2025-01-22T19:08:00+00:00\" \/>\n\t\t<meta property=\"article:modified_time\" content=\"2025-01-29T02:52:50+00:00\" \/>\n\t\t<meta property=\"article:publisher\" content=\"https:\/\/www.facebook.com\/soymigrantecom\" \/>\n\t\t<meta name=\"twitter:card\" content=\"summary_large_image\" \/>\n\t\t<meta name=\"twitter:site\" content=\"@SoyMigrante_com\" \/>\n\t\t<meta name=\"twitter:title\" content=\"Los derechos de los migrantes: Una gu\u00eda para protegerte y actuar\" \/>\n\t\t<meta name=\"twitter:description\" content=\"En USA, los migrantes enfrentan desaf\u00edos legales y sociales que pueden poner en riesgo su seguridad y estabilidad. Conocer sus derechos es fundamental.\" \/>\n\t\t<meta name=\"twitter:creator\" content=\"@SoyMigrante_com\" \/>\n\t\t<meta name=\"twitter:image\" content=\"https:\/\/soymigrante.com\/revista\/wp-content\/uploads\/2024\/12\/migrantes-ruta-1-scaled.webp\" \/>\n\t\t<!-- All in One SEO Pro -->\r\n\t\t<title>Los derechos de los migrantes: Una gu\u00eda para protegerte y actuar<\/title>\n\n","aioseo_head_json":{"title":"Los derechos de los migrantes: Una gu\u00eda para protegerte y actuar","description":"En USA, los migrantes enfrentan desaf\u00edos legales y sociales que pueden poner en riesgo su seguridad y estabilidad. Conocer sus derechos es fundamental.","canonical_url":"https:\/\/soymigrante.com\/revista\/todo-migrante-tiene-derechos-la-union-americana-de-libertades-civiles-recomienda\/","robots":"max-snippet:-1, max-image-preview:large, max-video-preview:-1","keywords":"","webmasterTools":{"miscellaneous":"&lt;link rel=\"preconnect\" href=\"https:\/\/fonts.googleapis.com\" crossorigin&gt;\n&lt;link rel=\"preconnect\" href=\"https:\/\/fonts.gstatic.com\" crossorigin&gt;"},"schema":null,"og:locale":"es_ES","og:site_name":"SoyMigrante.com REVISTA \u2013 Nuestra misi\u00f3n es reconocer y dignificar al migrante.","og:type":"article","og:title":"Los derechos de los migrantes: Una gu\u00eda para protegerte y actuar","og:description":"En USA, los migrantes enfrentan desaf\u00edos legales y sociales que pueden poner en riesgo su seguridad y estabilidad. Conocer sus derechos es fundamental.","og:url":"https:\/\/soymigrante.com\/revista\/todo-migrante-tiene-derechos-la-union-americana-de-libertades-civiles-recomienda\/","og:image":"https:\/\/soymigrante.com\/revista\/wp-content\/uploads\/2024\/12\/migrantes-ruta-1-scaled.webp","og:image:secure_url":"https:\/\/soymigrante.com\/revista\/wp-content\/uploads\/2024\/12\/migrantes-ruta-1-scaled.webp","og:image:width":1920,"og:image:height":1920,"article:published_time":"2025-01-22T19:08:00+00:00","article:modified_time":"2025-01-29T02:52:50+00:00","article:publisher":"https:\/\/www.facebook.com\/soymigrantecom","twitter:card":"summary_large_image","twitter:site":"@SoyMigrante_com","twitter:title":"Los derechos de los migrantes: Una gu\u00eda para protegerte y actuar","twitter:description":"En USA, los migrantes enfrentan desaf\u00edos legales y sociales que pueden poner en riesgo su seguridad y estabilidad. Conocer sus derechos es fundamental.","twitter:creator":"@SoyMigrante_com","twitter:image":"https:\/\/soymigrante.com\/revista\/wp-content\/uploads\/2024\/12\/migrantes-ruta-1-scaled.webp"},"aioseo_meta_data":{"post_id":"17523","title":"Sugerencia a migrantes: aseguren el cuidado de sus hijos menores","description":"Una carta poder con un familiar o persona de confianza residente legal, puede asegurar la custodia de hijos menores advierte experto migratorio Fernando Castro","keywords":null,"keyphrases":{"focus":{"keyphrase":"migrantes","score":74,"analysis":{"keyphraseInTitle":{"score":9,"maxScore":9,"error":0},"keyphraseInDescription":{"score":3,"maxScore":9,"error":1},"keyphraseLength":{"score":9,"maxScore":9,"error":0,"length":1},"keyphraseInURL":{"score":5,"maxScore":5,"error":0},"keyphraseInIntroduction":{"score":3,"maxScore":9,"error":1},"keyphraseInSubHeadings":{"score":3,"maxScore":9,"error":1},"keyphraseInImageAlt":{"score":9,"maxScore":9,"error":0},"keywordDensity":{"type":"best","score":9,"maxScore":9,"error":0}}},"additional":[{"keyphrase":"carta poder","score":53,"analysis":{"keyphraseInDescription":{"score":9,"maxScore":9,"error":0},"keyphraseLength":{"score":9,"maxScore":9,"error":0,"length":2},"keyphraseInIntroduction":{"score":3,"maxScore":9,"error":1},"keyphraseInImageAlt":{"score":3,"maxScore":9,"error":1},"keywordDensity":{"score":0,"type":"low","maxScore":9,"error":1}}}]},"primary_term":null,"canonical_url":null,"og_title":null,"og_description":null,"og_object_type":"default","og_image_type":"default","og_image_url":null,"og_image_width":null,"og_image_height":null,"og_image_custom_url":null,"og_image_custom_fields":null,"og_video":"","og_custom_url":null,"og_article_section":null,"og_article_tags":null,"twitter_use_og":false,"twitter_card":"default","twitter_image_type":"default","twitter_image_url":null,"twitter_image_custom_url":null,"twitter_image_custom_fields":null,"twitter_title":null,"twitter_description":null,"schema":{"blockGraphs":[],"customGraphs":[],"default":{"data":{"Article":[],"Course":[],"Dataset":[],"FAQPage":[],"Movie":[],"Person":[],"Product":[],"ProductReview":[],"Car":[],"Recipe":[],"Service":[],"SoftwareApplication":[],"WebPage":[]},"graphName":"BlogPosting","isEnabled":true},"graphs":[]},"schema_type":"default","schema_type_options":null,"pillar_content":false,"robots_default":true,"robots_noindex":false,"robots_noarchive":false,"robots_nosnippet":false,"robots_nofollow":false,"robots_noimageindex":false,"robots_noodp":false,"robots_notranslate":false,"robots_max_snippet":"-1","robots_max_videopreview":"-1","robots_max_imagepreview":"large","priority":null,"frequency":"default","local_seo":null,"seo_analyzer_scan_date":"2025-10-09 01:13:24","breadcrumb_settings":null,"limit_modified_date":false,"reviewed_by":null,"open_ai":"{\"title\":{\"suggestions\":[],\"usage\":0},\"description\":{\"suggestions\":[],\"usage\":0}}","ai":null,"created":"2024-12-22 00:01:37","updated":"2026-02-04 18:33:29"},"aioseo_breadcrumb":"<div class=\"aioseo-breadcrumbs\"><span class=\"aioseo-breadcrumb\">\n\t<a href=\"https:\/\/soymigrante.com\/revista\" title=\"Home\">Home<\/a>\n<\/span><span class=\"aioseo-breadcrumb-separator\">\u00bb<\/span><span class=\"aioseo-breadcrumb\">\n\t<a href=\"https:\/\/soymigrante.com\/revista\/category\/estamos-unidos\/\" title=\"Estamos Unidos\">Estamos Unidos<\/a>\n<\/span><span class=\"aioseo-breadcrumb-separator\">\u00bb<\/span><span class=\"aioseo-breadcrumb\">\n\t<a href=\"https:\/\/soymigrante.com\/revista\/category\/estamos-unidos\/lugar-de-voces\/\" title=\"Lugar de Voces\">Lugar de Voces<\/a>\n<\/span><span class=\"aioseo-breadcrumb-separator\">\u00bb<\/span><span class=\"aioseo-breadcrumb\">\n\tSugerencia a migrantes indocumentados en USA para proteger el cuidado de sus hijos menores\n<\/span><\/div>","aioseo_breadcrumb_json":[{"label":"Home","link":"https:\/\/soymigrante.com\/revista"},{"label":"Estamos Unidos","link":"https:\/\/soymigrante.com\/revista\/category\/estamos-unidos\/"},{"label":"Lugar de Voces","link":"https:\/\/soymigrante.com\/revista\/category\/estamos-unidos\/lugar-de-voces\/"},{"label":"Sugerencia a migrantes indocumentados en USA para proteger el cuidado de sus hijos menores","link":"https:\/\/soymigrante.com\/revista\/sugerencia-a-migrantes-para-proteger-el-cuidado-de-sus-hijos-menores\/"}],"_links":{"self":[{"href":"https:\/\/soymigrante.com\/revista\/wp-json\/wp\/v2\/posts\/17523","targetHints":{"allow":["GET"]}}],"collection":[{"href":"https:\/\/soymigrante.com\/revista\/wp-json\/wp\/v2\/posts"}],"about":[{"href":"https:\/\/soymigrante.com\/revista\/wp-json\/wp\/v2\/types\/post"}],"author":[{"embeddable":true,"href":"https:\/\/soymigrante.com\/revista\/wp-json\/wp\/v2\/users\/1"}],"replies":[{"embeddable":true,"href":"https:\/\/soymigrante.com\/revista\/wp-json\/wp\/v2\/comments?post=17523"}],"version-history":[{"count":0,"href":"https:\/\/soymigrante.com\/revista\/wp-json\/wp\/v2\/posts\/17523\/revisions"}],"wp:featuredmedia":[{"embeddable":true,"href":"https:\/\/soymigrante.com\/revista\/wp-json\/wp\/v2\/media\/17529"}],"wp:attachment":[{"href":"https:\/\/soymigrante.com\/revista\/wp-json\/wp\/v2\/media?parent=17523"}],"wp:term":[{"taxonomy":"category","embeddable":true,"href":"https:\/\/soymigrante.com\/revista\/wp-json\/wp\/v2\/categories?post=17523"},{"taxonomy":"post_tag","embeddable":true,"href":"https:\/\/soymigrante.com\/revista\/wp-json\/wp\/v2\/tags?post=17523"}],"curies":[{"name":"wp","href":"https:\/\/api.w.org\/{rel}","templated":true}]}}