{"id":17457,"date":"2024-12-29T17:24:10","date_gmt":"2024-12-29T23:24:10","guid":{"rendered":"https:\/\/soymigrante.com\/revista\/?p=17457"},"modified":"2025-01-03T12:30:58","modified_gmt":"2025-01-03T18:30:58","slug":"aun-no-sabes-que-regalar-siete-libros-guatemaltecos-repletos-de-inspiracion","status":"publish","type":"post","link":"https:\/\/soymigrante.com\/revista\/aun-no-sabes-que-regalar-siete-libros-guatemaltecos-repletos-de-inspiracion\/","title":{"rendered":"Siete libros guatemaltecos llenos de inspiraci\u00f3n para comenzar el 2025"},"content":{"rendered":"\t\t<div data-elementor-type=\"wp-post\" data-elementor-id=\"17457\" class=\"elementor elementor-17457\" data-elementor-post-type=\"post\">\n\t\t\t\t<div data-particle_enable=\"false\" data-particle-mobile-disabled=\"false\" class=\"elementor-element elementor-element-2b2ed2d e-flex e-con-boxed e-con e-parent\" data-id=\"2b2ed2d\" data-element_type=\"container\" data-e-type=\"container\">\n\t\t\t\t\t<div class=\"e-con-inner\">\n\t\t\t\t<div class=\"elementor-element elementor-element-e03285d elementor-widget elementor-widget-heading\" data-id=\"e03285d\" data-element_type=\"widget\" data-e-type=\"widget\" data-widget_type=\"heading.default\">\n\t\t\t\t\t<h2 class=\"elementor-heading-title elementor-size-default\">Estos siete libros no solo reflejan el talento y la creatividad de los autores guatemaltecos, sino que tambi\u00e9n tocan temas universales que pueden motivar para vivir mejor el inicio del a\u00f1o y todo el 2025.\n<\/h2>\t\t\t\t<\/div>\n\t\t\t\t\t<\/div>\n\t\t\t\t<\/div>\n\t\t<div data-particle_enable=\"false\" data-particle-mobile-disabled=\"false\" class=\"elementor-element elementor-element-f144e87 e-flex e-con-boxed e-con e-parent\" data-id=\"f144e87\" data-element_type=\"container\" data-e-type=\"container\">\n\t\t\t\t\t<div class=\"e-con-inner\">\n\t\t\t\t<div class=\"elementor-element elementor-element-fcabdbd elementor-widget elementor-widget-text-editor\" data-id=\"fcabdbd\" data-element_type=\"widget\" data-e-type=\"widget\" data-widget_type=\"text-editor.default\">\n\t\t\t\t\t\t\t\t\t<p>La literatura guatemalteca sigue ganando terreno a nivel nacional e internacional, con obras que inspiran, motivan y relatan historias que resuenan profundamente con los lectores.<\/p><p>Sus ense\u00f1anzas van desde la importancia de la resiliencia y el amor hasta el liderazgo consciente y la conexi\u00f3n espiritual. Por eso, cada uno de ellos se ha convertido en un puente para conectar corazones, inspirar acciones y dejar un legado imborrable.<\/p><p>Aqu\u00ed presentamos <strong>siete libros escritos por guatemaltecos<\/strong> que han logrado destacar por sus contenidos \u00fanicos y significativos.<\/p>\t\t\t\t\t\t\t\t<\/div>\n\t\t\t\t\t<\/div>\n\t\t\t\t<\/div>\n\t\t<div data-particle_enable=\"false\" data-particle-mobile-disabled=\"false\" class=\"elementor-element elementor-element-ef22f3c e-flex e-con-boxed e-con e-parent\" data-id=\"ef22f3c\" data-element_type=\"container\" data-e-type=\"container\">\n\t\t\t\t\t<div class=\"e-con-inner\">\n\t\t\t\t<div class=\"elementor-element elementor-element-db073f9 elementor-widget elementor-widget-heading\" data-id=\"db073f9\" data-element_type=\"widget\" data-e-type=\"widget\" data-widget_type=\"heading.default\">\n\t\t\t\t\t<h3 class=\"elementor-heading-title elementor-size-default\">1. \u201cMigrante\u201d<\/h3>\t\t\t\t<\/div>\n\t\t\t\t\t<\/div>\n\t\t\t\t<\/div>\n\t\t<div data-particle_enable=\"false\" data-particle-mobile-disabled=\"false\" class=\"elementor-element elementor-element-89e8b57 e-flex e-con-boxed e-con e-parent\" data-id=\"89e8b57\" data-element_type=\"container\" data-e-type=\"container\">\n\t\t\t\t\t<div class=\"e-con-inner\">\n\t\t\t\t<div class=\"elementor-element elementor-element-82c827a elementor-widget elementor-widget-text-editor\" data-id=\"82c827a\" data-element_type=\"widget\" data-e-type=\"widget\" data-widget_type=\"text-editor.default\">\n\t\t\t\t\t\t\t\t\t<p>Este libro aborda las vivencias, retos y esperanzas de <a href=\"https:\/\/soymigrante.com\/mercado\/libro-migrante-marcos-antil\" target=\"_blank\" rel=\"noopener\">Marcos Antil,\u00a0 empresario digital nacido en Huehuetenango<\/a> que tuvo que migrar a Estados Unidos producto de la guerra, en este escrito Marcos narra como paso de trabajar como ayudante de jardiner\u00eda los fines de semana a encontrar una oportunidad de negocios en la tecnolog\u00eda.<\/p><p>El \u00e9xito del <a href=\"https:\/\/soymigrante.com\/mercado\/libro-migrante-marcos-antil\" target=\"_blank\" rel=\"noopener\">libro radica en conectar con personas<\/a> que viven una realidad desafiante, que buscan un gran sue\u00f1o y que necesitan un testimonio de resiliencia. Ense\u00f1a la importancia de la identidad y la fortaleza frente a la adversidad, as\u00ed como la certeza de que nada, absolutamente nada en esta vida es imposible.<\/p><p><a href=\"https:\/\/soymigrante.com\/mercado\/public\/libro-migrante-marcos-antil?srsltid=AfmBOoq9fcUTSx-kRV-ZSPQt-03A2jb7IA7NHpwHqveCvdk0NSQZ2wF2\">C\u00f3mpralo aqu\u00ed en SoyMigrante.com MERCADO<\/a><\/p>\t\t\t\t\t\t\t\t<\/div>\n\t\t\t\t\t<\/div>\n\t\t\t\t<\/div>\n\t\t<div data-particle_enable=\"false\" data-particle-mobile-disabled=\"false\" class=\"elementor-element elementor-element-0984268 e-flex e-con-boxed e-con e-parent\" data-id=\"0984268\" data-element_type=\"container\" data-e-type=\"container\">\n\t\t\t\t\t<div class=\"e-con-inner\">\n\t\t\t\t<div class=\"elementor-element elementor-element-68d13f9 elementor-widget elementor-widget-image\" data-id=\"68d13f9\" data-element_type=\"widget\" data-e-type=\"widget\" data-widget_type=\"image.default\">\n\t\t\t\t\t\t\t\t\t\t\t\t\t\t\t\t<a href=\"https:\/\/soymigrante.com\/mercado\/public\/libro-migrante-marcos-antil?srsltid=AfmBOoq9fcUTSx-kRV-ZSPQt-03A2jb7IA7NHpwHqveCvdk0NSQZ2wF2\">\n\t\t\t\t\t\t\t<img fetchpriority=\"high\" decoding=\"async\" width=\"768\" height=\"449\" src=\"https:\/\/soymigrante.com\/revista\/wp-content\/uploads\/2024\/12\/libro-migrante-1024x598.png\" class=\"attachment-large size-large wp-image-17460\" alt=\"Libro Migrante autobiograf\u00eda Marcos Antil Soy migrante guatemalteco, historia de migraci\u00f3n, hijo, hermano, esposo, padre, emprendedor, ra\u00edces, testimonio, libro de migrante, autobiograf\u00eda.\" srcset=\"https:\/\/soymigrante.com\/revista\/wp-content\/uploads\/2024\/12\/libro-migrante-1024x598.png 1024w, https:\/\/soymigrante.com\/revista\/wp-content\/uploads\/2024\/12\/libro-migrante-300x175.png 300w, https:\/\/soymigrante.com\/revista\/wp-content\/uploads\/2024\/12\/libro-migrante-768x449.png 768w, https:\/\/soymigrante.com\/revista\/wp-content\/uploads\/2024\/12\/libro-migrante-750x438.webp 750w, https:\/\/soymigrante.com\/revista\/wp-content\/uploads\/2024\/12\/libro-migrante-1140x666.webp 1140w, https:\/\/soymigrante.com\/revista\/wp-content\/uploads\/2024\/12\/libro-migrante.webp 1279w\" sizes=\"(max-width: 768px) 100vw, 768px\" title=\"Los 7 libros guatemaltecos y sus valiosas ense\u00f1anzas \u2013 SoyMigrante.com REVISTA\" \/>\t\t\t\t\t\t\t\t<\/a>\n\t\t\t\t\t\t\t\t\t\t\t\t\t\t\t<\/div>\n\t\t\t\t\t<\/div>\n\t\t\t\t<\/div>\n\t\t<div data-particle_enable=\"false\" data-particle-mobile-disabled=\"false\" class=\"elementor-element elementor-element-911c924 e-flex e-con-boxed e-con e-parent\" data-id=\"911c924\" data-element_type=\"container\" data-e-type=\"container\">\n\t\t\t\t\t<div class=\"e-con-inner\">\n\t\t\t\t<div class=\"elementor-element elementor-element-237966b elementor-widget elementor-widget-heading\" data-id=\"237966b\" data-element_type=\"widget\" data-e-type=\"widget\" data-widget_type=\"heading.default\">\n\t\t\t\t\t<h3 class=\"elementor-heading-title elementor-size-default\">2. \u201cEn la silla de Morfeo\u201d<\/h3>\t\t\t\t<\/div>\n\t\t\t\t\t<\/div>\n\t\t\t\t<\/div>\n\t\t<div data-particle_enable=\"false\" data-particle-mobile-disabled=\"false\" class=\"elementor-element elementor-element-cf74b8f e-flex e-con-boxed e-con e-parent\" data-id=\"cf74b8f\" data-element_type=\"container\" data-e-type=\"container\">\n\t\t\t\t\t<div class=\"e-con-inner\">\n\t\t\t\t<div class=\"elementor-element elementor-element-b969b2a elementor-widget elementor-widget-text-editor\" data-id=\"b969b2a\" data-element_type=\"widget\" data-e-type=\"widget\" data-widget_type=\"text-editor.default\">\n\t\t\t\t\t\t\t\t\t<p>Esta es una novela basada en la <a href=\"https:\/\/soymigrante.com\/mercado\/en-la-silla-de-morfeo\" target=\"_blank\" rel=\"noopener\">historia ver\u00eddica de su autor, Alan Tenenbaum W.<\/a>, sobre un misterioso clavado a una piscina que lo deja cuadripl\u00e9jico, vinculado a una silla de ruedas a sus veintis\u00e9is a\u00f1os.<\/p>\n<p>Al protagonista le obsequian una segunda vida y el lector lo acompa\u00f1a, desde el momento del accidente hasta unos a\u00f1os despu\u00e9s, pasando por su rehabilitaci\u00f3n en Miami, una depresi\u00f3n que lo lleva al momento m\u00e1s oscuro de su vida, y muchas aventuras que lo ayudan a superarse.<\/p>\n<p>El autor utiliza un p\u00edcaro humor que ablanda momentos bastante fuertes e impactantes de la vida del personaje principal. <a href=\"https:\/\/soymigrante.com\/mercado\/en-la-silla-de-morfeo\" target=\"_blank\" rel=\"noopener\">La historia es relatada entre sue\u00f1os y realidad<\/a>, lo que le crea confusi\u00f3n al lector y lo hace cuestionar entre ambos mundos. \u00bfHabr\u00e1 pasado esto? \u00bfQu\u00e9 realmente sucedi\u00f3 y qu\u00e9 no? Son preguntas que el lector se har\u00e1 mientras avanza en la lectura.<br><\/p><p><a href=\"https:\/\/soymigrante.com\/mercado\/en-la-silla-de-morfeo?srsltid=AfmBOoqDhqc8JrR0WU5wYvM07_lzyK1RW3GZG7sImy3fBfbW9mc9J9aI\">Este libro se encuentra disponible, junto a otros de Alan Tenembaum en SoyMigrante.com MERCADO<\/a><\/p>\t\t\t\t\t\t\t\t<\/div>\n\t\t\t\t\t<\/div>\n\t\t\t\t<\/div>\n\t\t<div data-particle_enable=\"false\" data-particle-mobile-disabled=\"false\" class=\"elementor-element elementor-element-148e54c e-flex e-con-boxed e-con e-parent\" data-id=\"148e54c\" data-element_type=\"container\" data-e-type=\"container\">\n\t\t\t\t\t<div class=\"e-con-inner\">\n\t\t\t\t<div class=\"elementor-element elementor-element-3e91e32 elementor-widget elementor-widget-image\" data-id=\"3e91e32\" data-element_type=\"widget\" data-e-type=\"widget\" data-widget_type=\"image.default\">\n\t\t\t\t\t\t\t\t\t\t\t\t<figure class=\"wp-caption\">\n\t\t\t\t\t\t\t\t\t\t\t<a href=\"https:\/\/soymigrante.com\/mercado\/en-la-silla-de-morfeo?srsltid=AfmBOoqDhqc8JrR0WU5wYvM07_lzyK1RW3GZG7sImy3fBfbW9mc9J9aI\">\n\t\t\t\t\t\t\t<img decoding=\"async\" width=\"768\" height=\"501\" src=\"https:\/\/soymigrante.com\/revista\/wp-content\/uploads\/2024\/12\/Los-7-libros-guatemaltecos-y-sus-valiosas-ensen\u0303anzas-1024x668.png\" class=\"attachment-large size-large wp-image-17461\" alt=\"Los 7 libros guatemaltecos y sus valiosas ense\u00f1anzas\" srcset=\"https:\/\/soymigrante.com\/revista\/wp-content\/uploads\/2024\/12\/Los-7-libros-guatemaltecos-y-sus-valiosas-ensen\u0303anzas-1024x668.png 1024w, https:\/\/soymigrante.com\/revista\/wp-content\/uploads\/2024\/12\/Los-7-libros-guatemaltecos-y-sus-valiosas-ensen\u0303anzas-300x196.png 300w, https:\/\/soymigrante.com\/revista\/wp-content\/uploads\/2024\/12\/Los-7-libros-guatemaltecos-y-sus-valiosas-ensen\u0303anzas-768x501.png 768w, https:\/\/soymigrante.com\/revista\/wp-content\/uploads\/2024\/12\/Los-7-libros-guatemaltecos-y-sus-valiosas-ensen\u0303anzas-750x490.webp 750w, https:\/\/soymigrante.com\/revista\/wp-content\/uploads\/2024\/12\/Los-7-libros-guatemaltecos-y-sus-valiosas-ensen\u0303anzas-1140x744.webp 1140w, https:\/\/soymigrante.com\/revista\/wp-content\/uploads\/2024\/12\/Los-7-libros-guatemaltecos-y-sus-valiosas-ensen\u0303anzas.webp 1293w\" sizes=\"(max-width: 768px) 100vw, 768px\" title=\"Los 7 libros guatemaltecos y sus valiosas ensen\u0303anzas \u2013 SoyMigrante.com REVISTA\" \/>\t\t\t\t\t\t\t\t<\/a>\n\t\t\t\t\t\t\t\t\t\t\t<figcaption class=\"widget-image-caption wp-caption-text\">Los 7 libros guatemaltecos y sus valiosas ense\u00f1anzas<\/figcaption>\n\t\t\t\t\t\t\t\t\t\t<\/figure>\n\t\t\t\t\t\t\t\t\t<\/div>\n\t\t\t\t\t<\/div>\n\t\t\t\t<\/div>\n\t\t<div data-particle_enable=\"false\" data-particle-mobile-disabled=\"false\" class=\"elementor-element elementor-element-2a558dd e-flex e-con-boxed e-con e-parent\" data-id=\"2a558dd\" data-element_type=\"container\" data-e-type=\"container\">\n\t\t\t\t\t<div class=\"e-con-inner\">\n\t\t\t\t<div class=\"elementor-element elementor-element-3b781be elementor-widget elementor-widget-heading\" data-id=\"3b781be\" data-element_type=\"widget\" data-e-type=\"widget\" data-widget_type=\"heading.default\">\n\t\t\t\t\t<h3 class=\"elementor-heading-title elementor-size-default\">3. \u201cHistoria de un amor expatriado\u201d<\/h3>\t\t\t\t<\/div>\n\t\t\t\t\t<\/div>\n\t\t\t\t<\/div>\n\t\t<div data-particle_enable=\"false\" data-particle-mobile-disabled=\"false\" class=\"elementor-element elementor-element-3f1ea39 e-flex e-con-boxed e-con e-parent\" data-id=\"3f1ea39\" data-element_type=\"container\" data-e-type=\"container\">\n\t\t\t\t\t<div class=\"e-con-inner\">\n\t\t\t\t<div class=\"elementor-element elementor-element-317f4f3 elementor-widget elementor-widget-text-editor\" data-id=\"317f4f3\" data-element_type=\"widget\" data-e-type=\"widget\" data-widget_type=\"text-editor.default\">\n\t\t\t\t\t\t\t\t\t<p>Este es un relato profundo de Manuel Orantes, <a href=\"https:\/\/soymigrante.com\/mercado\/libro-historia-de-un-amor-expatriado\" target=\"_blank\" rel=\"noopener\">sobre el amor y el desarraigo, este libro cuenta la historia de una pareja separada por la migraci\u00f3n.<\/a><\/p><p>Con un enfoque humano y emotivo, destaca los sacrificios y los desaf\u00edos de mantener relaciones en medio de la distancia. <a href=\"https:\/\/soymigrante.com\/mercado\/chumilal-wuj-libro-del-destino?srsltid=AfmBOor8PVdy_RajvsfjGKFK0Qs_5Jk7oo7qLDRGwl7Bd6-wHsf6_EXM\">Este libro se encuentra disponible en la plataforma SoyMigrante.com MERCADO.<\/a><\/p><p><a href=\"https:\/\/soymigrante.com\/mercado\/libro-historia-de-un-amor-expatriado\" target=\"_blank\" rel=\"noopener\">Su popularidad reside en su capacidad de tocar fibras sensibles y en ofrecer una reflexi\u00f3n sobre el poder del amor<\/a>. Ense\u00f1a que la conexi\u00f3n humana trasciende fronteras y tiempos.<\/p>\t\t\t\t\t\t\t\t<\/div>\n\t\t\t\t\t<\/div>\n\t\t\t\t<\/div>\n\t\t<div data-particle_enable=\"false\" data-particle-mobile-disabled=\"false\" class=\"elementor-element elementor-element-d79bd3f e-flex e-con-boxed e-con e-parent\" data-id=\"d79bd3f\" data-element_type=\"container\" data-e-type=\"container\">\n\t\t\t\t\t<div class=\"e-con-inner\">\n\t\t\t\t<div class=\"elementor-element elementor-element-2b97efc elementor-widget elementor-widget-image\" data-id=\"2b97efc\" data-element_type=\"widget\" data-e-type=\"widget\" data-widget_type=\"image.default\">\n\t\t\t\t\t\t\t\t\t\t\t\t\t\t\t\t<a href=\"https:\/\/soymigrante.com\/mercado\/chumilal-wuj-libro-del-destino?srsltid=AfmBOor8PVdy_RajvsfjGKFK0Qs_5Jk7oo7qLDRGwl7Bd6-wHsf6_EXM\">\n\t\t\t\t\t\t\t<img decoding=\"async\" width=\"768\" height=\"555\" src=\"https:\/\/soymigrante.com\/revista\/wp-content\/uploads\/2024\/12\/Los-7-libros-guatemaltecos-y-sus-valiosas-ensen\u0303anzas2-1024x740.png\" class=\"attachment-large size-large wp-image-17462\" alt=\"Los 7 libros guatemaltecos y sus valiosas ense\u00f1anzas\" srcset=\"https:\/\/soymigrante.com\/revista\/wp-content\/uploads\/2024\/12\/Los-7-libros-guatemaltecos-y-sus-valiosas-ensen\u0303anzas2-1024x740.png 1024w, https:\/\/soymigrante.com\/revista\/wp-content\/uploads\/2024\/12\/Los-7-libros-guatemaltecos-y-sus-valiosas-ensen\u0303anzas2-300x217.png 300w, https:\/\/soymigrante.com\/revista\/wp-content\/uploads\/2024\/12\/Los-7-libros-guatemaltecos-y-sus-valiosas-ensen\u0303anzas2-768x555.png 768w, https:\/\/soymigrante.com\/revista\/wp-content\/uploads\/2024\/12\/Los-7-libros-guatemaltecos-y-sus-valiosas-ensen\u0303anzas2-120x86.webp 120w, https:\/\/soymigrante.com\/revista\/wp-content\/uploads\/2024\/12\/Los-7-libros-guatemaltecos-y-sus-valiosas-ensen\u0303anzas2-750x542.webp 750w, https:\/\/soymigrante.com\/revista\/wp-content\/uploads\/2024\/12\/Los-7-libros-guatemaltecos-y-sus-valiosas-ensen\u0303anzas2-1140x824.webp 1140w, https:\/\/soymigrante.com\/revista\/wp-content\/uploads\/2024\/12\/Los-7-libros-guatemaltecos-y-sus-valiosas-ensen\u0303anzas2.webp 1169w\" sizes=\"(max-width: 768px) 100vw, 768px\" title=\"Los 7 libros guatemaltecos y sus valiosas ensen\u0303anzas2 \u2013 SoyMigrante.com REVISTA\" \/>\t\t\t\t\t\t\t\t<\/a>\n\t\t\t\t\t\t\t\t\t\t\t\t\t\t\t<\/div>\n\t\t\t\t\t<\/div>\n\t\t\t\t<\/div>\n\t\t<div data-particle_enable=\"false\" data-particle-mobile-disabled=\"false\" class=\"elementor-element elementor-element-fba36d3 e-flex e-con-boxed e-con e-parent\" data-id=\"fba36d3\" data-element_type=\"container\" data-e-type=\"container\">\n\t\t\t\t\t<div class=\"e-con-inner\">\n\t\t\t\t<div class=\"elementor-element elementor-element-d9f36bc elementor-widget elementor-widget-heading\" data-id=\"d9f36bc\" data-element_type=\"widget\" data-e-type=\"widget\" data-widget_type=\"heading.default\">\n\t\t\t\t\t<h3 class=\"elementor-heading-title elementor-size-default\">4. El Lustrador,  de Ren\u00e9 Corado<\/h3>\t\t\t\t<\/div>\n\t\t\t\t\t<\/div>\n\t\t\t\t<\/div>\n\t\t<div data-particle_enable=\"false\" data-particle-mobile-disabled=\"false\" class=\"elementor-element elementor-element-5e0de0f e-flex e-con-boxed e-con e-parent\" data-id=\"5e0de0f\" data-element_type=\"container\" data-e-type=\"container\">\n\t\t\t\t\t<div class=\"e-con-inner\">\n\t\t\t\t<div class=\"elementor-element elementor-element-7d3429f elementor-widget elementor-widget-text-editor\" data-id=\"7d3429f\" data-element_type=\"widget\" data-e-type=\"widget\" data-widget_type=\"text-editor.default\">\n\t\t\t\t\t\t\t\t\t<p><a href=\"https:\/\/silverlibros.com\/product\/totalmente-on-emilio-mendez\/\" target=\"_blank\" rel=\"noopener\">Esta obra combina motivaci\u00f3n, creatividad y desarrollo personal.<\/a> Ren\u00e9 Corado, bi\u00f3logo y migrante guatemalteco es director del museo de aves del condado de Ventura en California. Pero sus inicios en dicha instituci\u00f3n fueron como encargado de la limpieza.<\/p><p>Y antes de llegar a Estados Unidos, Corado tuvo dif\u00edciles experiencias que lo llevaron incluso a buscar comida en basureros. A pesar de tantas barreras y sufrimientos, \u00e9l decidi\u00f3 optar con construirse mejor como persona y buscar su talento interior para brillar.<br \/>Lectura ideal para todas las edades.<\/p>\t\t\t\t\t\t\t\t<\/div>\n\t\t\t\t\t<\/div>\n\t\t\t\t<\/div>\n\t\t<div data-particle_enable=\"false\" data-particle-mobile-disabled=\"false\" class=\"elementor-element elementor-element-cc6b33a e-flex e-con-boxed e-con e-parent\" data-id=\"cc6b33a\" data-element_type=\"container\" data-e-type=\"container\">\n\t\t\t\t\t<div class=\"e-con-inner\">\n\t\t\t\t<div class=\"elementor-element elementor-element-5df984f elementor-widget elementor-widget-image\" data-id=\"5df984f\" data-element_type=\"widget\" data-e-type=\"widget\" data-widget_type=\"image.default\">\n\t\t\t\t\t\t\t\t\t\t\t\t\t\t\t<img loading=\"lazy\" decoding=\"async\" width=\"768\" height=\"619\" src=\"https:\/\/soymigrante.com\/revista\/wp-content\/uploads\/2023\/05\/Captura-de-pantalla-2023-12-02-112957.webp\" class=\"attachment-large size-large wp-image-3620\" alt=\"\" srcset=\"https:\/\/soymigrante.com\/revista\/wp-content\/uploads\/2023\/05\/Captura-de-pantalla-2023-12-02-112957.webp 865w, https:\/\/soymigrante.com\/revista\/wp-content\/uploads\/2023\/05\/Captura-de-pantalla-2023-12-02-112957-300x242.webp 300w, https:\/\/soymigrante.com\/revista\/wp-content\/uploads\/2023\/05\/Captura-de-pantalla-2023-12-02-112957-768x619.jpg 768w, https:\/\/soymigrante.com\/revista\/wp-content\/uploads\/2023\/05\/Captura-de-pantalla-2023-12-02-112957-750x604.jpg 750w\" sizes=\"(max-width: 768px) 100vw, 768px\" title=\"El libro El Lustrador ya lleva tres ediciones y existe adem\u00e1s una versi\u00f3n biling\u00fce llamada Las Aventuras de un Lustrador. La venta de ambos contribuye a los proyectos educativos de la Fundaci\u00f3n El Lustrador, de Ren\u00e9 Corado \u2013 SoyMigrante.com REVISTA\" \/>\t\t\t\t\t\t\t\t\t\t\t\t\t\t\t<\/div>\n\t\t\t\t\t<\/div>\n\t\t\t\t<\/div>\n\t\t<div data-particle_enable=\"false\" data-particle-mobile-disabled=\"false\" class=\"elementor-element elementor-element-23db1e8 e-flex e-con-boxed e-con e-parent\" data-id=\"23db1e8\" data-element_type=\"container\" data-e-type=\"container\">\n\t\t\t\t\t<div class=\"e-con-inner\">\n\t\t\t\t<div class=\"elementor-element elementor-element-27a3d1f elementor-widget elementor-widget-heading\" data-id=\"27a3d1f\" data-element_type=\"widget\" data-e-type=\"widget\" data-widget_type=\"heading.default\">\n\t\t\t\t\t<h3 class=\"elementor-heading-title elementor-size-default\">5. \u201cInfluir, no competir\u201d de Janine Sikaffy<\/h3>\t\t\t\t<\/div>\n\t\t\t\t\t<\/div>\n\t\t\t\t<\/div>\n\t\t<div data-particle_enable=\"false\" data-particle-mobile-disabled=\"false\" class=\"elementor-element elementor-element-e2095fc e-flex e-con-boxed e-con e-parent\" data-id=\"e2095fc\" data-element_type=\"container\" data-e-type=\"container\">\n\t\t\t\t\t<div class=\"e-con-inner\">\n\t\t\t\t<div class=\"elementor-element elementor-element-d323002 elementor-widget elementor-widget-text-editor\" data-id=\"d323002\" data-element_type=\"widget\" data-e-type=\"widget\" data-widget_type=\"text-editor.default\">\n\t\t\t\t\t\t\t\t\t<p><a href=\"https:\/\/tienda.sophosenlinea.com\/libro\/influir-no-competir_320550\" target=\"_blank\" rel=\"noopener\">Este libro de liderazgo<\/a> ofrece una nueva perspectiva para quienes buscan sobresalir en el \u00e1mbito profesional sin caer en la competencia desleal.<\/p><p>Sikaffy explica c\u00f3mo el poder de la influencia puede generar resultados positivos y sostenibles en cualquier entorno. Su \u00e9xito radica en ser una gu\u00eda \u00fatil para l\u00edderes modernos. Ense\u00f1a que la verdadera fuerza radica en construir puentes y colaborar.<\/p>\t\t\t\t\t\t\t\t<\/div>\n\t\t\t\t\t<\/div>\n\t\t\t\t<\/div>\n\t\t<div data-particle_enable=\"false\" data-particle-mobile-disabled=\"false\" class=\"elementor-element elementor-element-a8b2c93 e-flex e-con-boxed e-con e-parent\" data-id=\"a8b2c93\" data-element_type=\"container\" data-e-type=\"container\">\n\t\t\t\t\t<div class=\"e-con-inner\">\n\t\t\t\t<div class=\"elementor-element elementor-element-4e19f06 elementor-widget elementor-widget-image\" data-id=\"4e19f06\" data-element_type=\"widget\" data-e-type=\"widget\" data-widget_type=\"image.default\">\n\t\t\t\t\t\t\t\t\t\t\t\t\t\t\t<img loading=\"lazy\" decoding=\"async\" width=\"768\" height=\"260\" src=\"https:\/\/soymigrante.com\/revista\/wp-content\/uploads\/2024\/12\/Los-7-libros-guatemaltecos-y-sus-valiosas-ensen\u0303anzas4-1024x346.png\" class=\"attachment-large size-large wp-image-17464\" alt=\"Los 7 libros guatemaltecos y sus valiosas ense\u00f1anzas\" srcset=\"https:\/\/soymigrante.com\/revista\/wp-content\/uploads\/2024\/12\/Los-7-libros-guatemaltecos-y-sus-valiosas-ensen\u0303anzas4-1024x346.png 1024w, https:\/\/soymigrante.com\/revista\/wp-content\/uploads\/2024\/12\/Los-7-libros-guatemaltecos-y-sus-valiosas-ensen\u0303anzas4-300x101.png 300w, https:\/\/soymigrante.com\/revista\/wp-content\/uploads\/2024\/12\/Los-7-libros-guatemaltecos-y-sus-valiosas-ensen\u0303anzas4-768x260.png 768w, https:\/\/soymigrante.com\/revista\/wp-content\/uploads\/2024\/12\/Los-7-libros-guatemaltecos-y-sus-valiosas-ensen\u0303anzas4-750x254.webp 750w, https:\/\/soymigrante.com\/revista\/wp-content\/uploads\/2024\/12\/Los-7-libros-guatemaltecos-y-sus-valiosas-ensen\u0303anzas4-1140x385.webp 1140w, https:\/\/soymigrante.com\/revista\/wp-content\/uploads\/2024\/12\/Los-7-libros-guatemaltecos-y-sus-valiosas-ensen\u0303anzas4.webp 1204w\" sizes=\"(max-width: 768px) 100vw, 768px\" title=\"Los 7 libros guatemaltecos y sus valiosas ensen\u0303anzas4 \u2013 SoyMigrante.com REVISTA\" \/>\t\t\t\t\t\t\t\t\t\t\t\t\t\t\t<\/div>\n\t\t\t\t\t<\/div>\n\t\t\t\t<\/div>\n\t\t<div data-particle_enable=\"false\" data-particle-mobile-disabled=\"false\" class=\"elementor-element elementor-element-4934eb3 e-flex e-con-boxed e-con e-parent\" data-id=\"4934eb3\" data-element_type=\"container\" data-e-type=\"container\">\n\t\t\t\t\t<div class=\"e-con-inner\">\n\t\t\t\t<div class=\"elementor-element elementor-element-6f34d0b elementor-widget elementor-widget-heading\" data-id=\"6f34d0b\" data-element_type=\"widget\" data-e-type=\"widget\" data-widget_type=\"heading.default\">\n\t\t\t\t\t<h3 class=\"elementor-heading-title elementor-size-default\">6. \u201cSin l\u00edmites Everest\u201d de Andrea Cardona<\/h3>\t\t\t\t<\/div>\n\t\t\t\t\t<\/div>\n\t\t\t\t<\/div>\n\t\t<div data-particle_enable=\"false\" data-particle-mobile-disabled=\"false\" class=\"elementor-element elementor-element-df45aff e-flex e-con-boxed e-con e-parent\" data-id=\"df45aff\" data-element_type=\"container\" data-e-type=\"container\">\n\t\t\t\t\t<div class=\"e-con-inner\">\n\t\t\t\t<div class=\"elementor-element elementor-element-73a7758 elementor-widget elementor-widget-text-editor\" data-id=\"73a7758\" data-element_type=\"widget\" data-e-type=\"widget\" data-widget_type=\"text-editor.default\">\n\t\t\t\t\t\t\t\t\t<p>Andrea Cardona, la primera mujer centroamericana en conquistar el Monte Everest, <a href=\"https:\/\/issuu.com\/elsaul\/docs\/librosinlimites\" target=\"_blank\" rel=\"noopener\">relata su incre\u00edble traves\u00eda hacia la cima del mundo.<\/a><\/p><p>Este libro es una invitaci\u00f3n a superar miedos, perseverar y luchar por los sue\u00f1os. Ha cautivado a los lectores con su mensaje de empoderamiento y valent\u00eda. Su ense\u00f1anza principal es que no hay meta demasiado alta si se enfrenta con preparaci\u00f3n y determinaci\u00f3n.<\/p>\t\t\t\t\t\t\t\t<\/div>\n\t\t\t\t\t<\/div>\n\t\t\t\t<\/div>\n\t\t<div data-particle_enable=\"false\" data-particle-mobile-disabled=\"false\" class=\"elementor-element elementor-element-3ee1312 e-flex e-con-boxed e-con e-parent\" data-id=\"3ee1312\" data-element_type=\"container\" data-e-type=\"container\">\n\t\t\t\t\t<div class=\"e-con-inner\">\n\t\t\t\t<div class=\"elementor-element elementor-element-44c2681 elementor-widget elementor-widget-image\" data-id=\"44c2681\" data-element_type=\"widget\" data-e-type=\"widget\" data-widget_type=\"image.default\">\n\t\t\t\t\t\t\t\t\t\t\t\t\t\t\t<img loading=\"lazy\" decoding=\"async\" width=\"768\" height=\"433\" src=\"https:\/\/soymigrante.com\/revista\/wp-content\/uploads\/2024\/12\/Los-7-libros-guatemaltecos-y-sus-valiosas-ensen\u0303anzas5-1024x577.png\" class=\"attachment-large size-large wp-image-17465\" alt=\"Los 7 libros guatemaltecos y sus valiosas ense\u00f1anzas\" srcset=\"https:\/\/soymigrante.com\/revista\/wp-content\/uploads\/2024\/12\/Los-7-libros-guatemaltecos-y-sus-valiosas-ensen\u0303anzas5-1024x577.png 1024w, https:\/\/soymigrante.com\/revista\/wp-content\/uploads\/2024\/12\/Los-7-libros-guatemaltecos-y-sus-valiosas-ensen\u0303anzas5-300x169.png 300w, https:\/\/soymigrante.com\/revista\/wp-content\/uploads\/2024\/12\/Los-7-libros-guatemaltecos-y-sus-valiosas-ensen\u0303anzas5-768x433.png 768w, https:\/\/soymigrante.com\/revista\/wp-content\/uploads\/2024\/12\/Los-7-libros-guatemaltecos-y-sus-valiosas-ensen\u0303anzas5-750x423.webp 750w, https:\/\/soymigrante.com\/revista\/wp-content\/uploads\/2024\/12\/Los-7-libros-guatemaltecos-y-sus-valiosas-ensen\u0303anzas5-1140x642.webp 1140w, https:\/\/soymigrante.com\/revista\/wp-content\/uploads\/2024\/12\/Los-7-libros-guatemaltecos-y-sus-valiosas-ensen\u0303anzas5.webp 1276w\" sizes=\"(max-width: 768px) 100vw, 768px\" title=\"Los 7 libros guatemaltecos y sus valiosas ensen\u0303anzas5 \u2013 SoyMigrante.com REVISTA\" \/>\t\t\t\t\t\t\t\t\t\t\t\t\t\t\t<\/div>\n\t\t\t\t\t<\/div>\n\t\t\t\t<\/div>\n\t\t<div data-particle_enable=\"false\" data-particle-mobile-disabled=\"false\" class=\"elementor-element elementor-element-0a6da5e e-flex e-con-boxed e-con e-parent\" data-id=\"0a6da5e\" data-element_type=\"container\" data-e-type=\"container\">\n\t\t\t\t\t<div class=\"e-con-inner\">\n\t\t\t\t<div class=\"elementor-element elementor-element-239af96 elementor-widget elementor-widget-heading\" data-id=\"239af96\" data-element_type=\"widget\" data-e-type=\"widget\" data-widget_type=\"heading.default\">\n\t\t\t\t\t<h3 class=\"elementor-heading-title elementor-size-default\">7. \u201cEl libro del destino\u201d de Carlos Barrios<\/h3>\t\t\t\t<\/div>\n\t\t\t\t\t<\/div>\n\t\t\t\t<\/div>\n\t\t<div data-particle_enable=\"false\" data-particle-mobile-disabled=\"false\" class=\"elementor-element elementor-element-6e16668 e-flex e-con-boxed e-con e-parent\" data-id=\"6e16668\" data-element_type=\"container\" data-e-type=\"container\">\n\t\t\t\t\t<div class=\"e-con-inner\">\n\t\t\t\t<div class=\"elementor-element elementor-element-aa43f7c elementor-widget elementor-widget-text-editor\" data-id=\"aa43f7c\" data-element_type=\"widget\" data-e-type=\"widget\" data-widget_type=\"text-editor.default\">\n\t\t\t\t\t\t\t\t\t<p><a href=\"https:\/\/soymigrante.com\/mercado\/chumilal-wuj-libro-del-destino\" target=\"_blank\" rel=\"noopener\">Esta obra est\u00e1 basada en el conocimiento ancestral de los pueblos mayas<\/a> y ofrece una gu\u00eda espiritual para quienes buscan sentido en sus vidas. Carlos Barrios, investigador y gu\u00eda espiritual, utiliza el calendario sagrado maya para ofrecer herramientas que ayudan a las personas a comprender su prop\u00f3sito y su conexi\u00f3n con el universo.\u00a0 <a href=\"https:\/\/soymigrante.com\/mercado\/chumilal-wuj-libro-del-destino?srsltid=AfmBOor8PVdy_RajvsfjGKFK0Qs_5Jk7oo7qLDRGwl7Bd6-wHsf6_EXM\">Es una publicaci\u00f3n de la editorial Maya Wuj, disponible en SoyMigrante.com MERCADO<\/a><\/p><p><a href=\"https:\/\/soymigrante.com\/mercado\/chumilal-wuj-libro-del-destino\" target=\"_blank\" rel=\"noopener\">Su \u00e9xito se debe a su profundidad y relevancia, ya que conecta a los lectores con su esencia y con la sabidur\u00eda<\/a> de una de las culturas m\u00e1s influyentes del mundo. Ense\u00f1a la importancia de reconectar con nuestras ra\u00edces y vivir de manera consciente.<\/p>\t\t\t\t\t\t\t\t<\/div>\n\t\t\t\t\t<\/div>\n\t\t\t\t<\/div>\n\t\t<div data-particle_enable=\"false\" data-particle-mobile-disabled=\"false\" class=\"elementor-element elementor-element-1d447db e-flex e-con-boxed e-con e-parent\" data-id=\"1d447db\" data-element_type=\"container\" data-e-type=\"container\">\n\t\t\t\t\t<div class=\"e-con-inner\">\n\t\t\t\t<div class=\"elementor-element elementor-element-b03c200 elementor-widget elementor-widget-image\" data-id=\"b03c200\" data-element_type=\"widget\" data-e-type=\"widget\" data-widget_type=\"image.default\">\n\t\t\t\t\t\t\t\t\t\t\t\t\t\t\t\t<a href=\"https:\/\/soymigrante.com\/mercado\/chumilal-wuj-libro-del-destino?srsltid=AfmBOor8PVdy_RajvsfjGKFK0Qs_5Jk7oo7qLDRGwl7Bd6-wHsf6_EXM\">\n\t\t\t\t\t\t\t<img loading=\"lazy\" decoding=\"async\" width=\"768\" height=\"453\" src=\"https:\/\/soymigrante.com\/revista\/wp-content\/uploads\/2024\/12\/Los-7-libros-guatemaltecos-y-sus-valiosas-ensen\u0303anzas6-1024x604.png\" class=\"attachment-large size-large wp-image-17466\" alt=\"Los 7 libros guatemaltecos y sus valiosas ense\u00f1anzas\" srcset=\"https:\/\/soymigrante.com\/revista\/wp-content\/uploads\/2024\/12\/Los-7-libros-guatemaltecos-y-sus-valiosas-ensen\u0303anzas6-1024x604.png 1024w, https:\/\/soymigrante.com\/revista\/wp-content\/uploads\/2024\/12\/Los-7-libros-guatemaltecos-y-sus-valiosas-ensen\u0303anzas6-300x177.png 300w, https:\/\/soymigrante.com\/revista\/wp-content\/uploads\/2024\/12\/Los-7-libros-guatemaltecos-y-sus-valiosas-ensen\u0303anzas6-768x453.png 768w, https:\/\/soymigrante.com\/revista\/wp-content\/uploads\/2024\/12\/Los-7-libros-guatemaltecos-y-sus-valiosas-ensen\u0303anzas6-750x442.webp 750w, https:\/\/soymigrante.com\/revista\/wp-content\/uploads\/2024\/12\/Los-7-libros-guatemaltecos-y-sus-valiosas-ensen\u0303anzas6-1140x672.webp 1140w, https:\/\/soymigrante.com\/revista\/wp-content\/uploads\/2024\/12\/Los-7-libros-guatemaltecos-y-sus-valiosas-ensen\u0303anzas6.webp 1428w\" sizes=\"(max-width: 768px) 100vw, 768px\" title=\"Los 7 libros guatemaltecos y sus valiosas ensen\u0303anzas6 \u2013 SoyMigrante.com REVISTA\" \/>\t\t\t\t\t\t\t\t<\/a>\n\t\t\t\t\t\t\t\t\t\t\t\t\t\t\t<\/div>\n\t\t\t\t\t<\/div>\n\t\t\t\t<\/div>\n\t\t<div data-particle_enable=\"false\" data-particle-mobile-disabled=\"false\" class=\"elementor-element elementor-element-ca87f41 e-flex e-con-boxed e-con e-parent\" data-id=\"ca87f41\" data-element_type=\"container\" data-e-type=\"container\">\n\t\t\t\t\t<div class=\"e-con-inner\">\n\t\t\t\t<div class=\"elementor-element elementor-element-f99bb00 elementor-widget elementor-widget-heading\" data-id=\"f99bb00\" data-element_type=\"widget\" data-e-type=\"widget\" data-widget_type=\"heading.default\">\n\t\t\t\t\t<h2 class=\"elementor-heading-title elementor-size-default\">Insp\u00edrate m\u00e1s ac\u00e1...<\/h2>\t\t\t\t<\/div>\n\t\t\t\t\t<\/div>\n\t\t\t\t<\/div>\n\t\t<div data-particle_enable=\"false\" data-particle-mobile-disabled=\"false\" class=\"elementor-element elementor-element-3b140e1 e-flex e-con-boxed e-con e-parent\" data-id=\"3b140e1\" data-element_type=\"container\" data-e-type=\"container\">\n\t\t\t\t\t<div class=\"e-con-inner\">\n\t\t\t\t<div class=\"elementor-element elementor-element-5c63313 elementor-widget elementor-widget-blfe-post-grid\" data-id=\"5c63313\" data-element_type=\"widget\" data-e-type=\"widget\" data-settings=\"{&quot;columns&quot;:&quot;3&quot;,&quot;columns_tablet&quot;:&quot;6&quot;,&quot;columns_mobile&quot;:&quot;12&quot;,&quot;hero1_layout_column_gap&quot;:{&quot;unit&quot;:&quot;px&quot;,&quot;size&quot;:30,&quot;sizes&quot;:[]},&quot;hero1_layout_column_gap_tablet&quot;:{&quot;unit&quot;:&quot;px&quot;,&quot;size&quot;:&quot;&quot;,&quot;sizes&quot;:[]},&quot;hero1_layout_column_gap_mobile&quot;:{&quot;unit&quot;:&quot;px&quot;,&quot;size&quot;:&quot;&quot;,&quot;sizes&quot;:[]},&quot;hero1_layout_row_gap&quot;:{&quot;unit&quot;:&quot;px&quot;,&quot;size&quot;:30,&quot;sizes&quot;:[]},&quot;hero1_layout_row_gap_tablet&quot;:{&quot;unit&quot;:&quot;px&quot;,&quot;size&quot;:&quot;&quot;,&quot;sizes&quot;:[]},&quot;hero1_layout_row_gap_mobile&quot;:{&quot;unit&quot;:&quot;px&quot;,&quot;size&quot;:&quot;&quot;,&quot;sizes&quot;:[]}}\" data-widget_type=\"blfe-post-grid.hero1\">\n\t\t\t\t<div class=\"elementor-widget-container\">\n\t\t\t\t\t\n                        <div class=\"blfe-post-grid-container \">\n            \n                <div data-skin=\"hero1\" class=\"blfe-row blfe-posts-inner blfe-hero1 blfe-posts-inner blfe-col-3 blfe-col-tab-6 blfe-col-mob-12     \">\n                            <div class=\"blfe-post-grid-item\">\n            <div class=\"blfe-post-grid-item-inner blfe-modern-zoom\">\n                        <div class=\"blfe-post-grid-bg-image\">\n            <a class=\"blfe-post-grid-image-inner\" href=\"https:\/\/soymigrante.com\/revista\/ecoturismo-en-guatemala\/\" title=\"Joya natural en la bocacosta de Chiquimulilla, Santa Rosa\" rel=\"nofollow\" target=\"_blank\"><img decoding=\"async\" src=\"https:\/\/soymigrante.com\/revista\/wp-content\/uploads\/2023\/02\/3-Guate-Nuestra-Chiquimulilla-1-scaled.webp\" alt=\"Joya natural en la bocacosta de Chiquimulilla, Santa Rosa\"\/><\/a>        <\/div>\n                        <div class=\"blfe-post-grid-details\">\n                    <div class=\"blfe-post-grid-details-inner\">\n                        <span class=\"blfe-post-category\"><a href=\"https:\/\/soymigrante.com\/revista\/category\/guate-nuestra\/\">Guate Nuestra<\/a><\/span>                        <h3 class=\"blfe-post-grid-title\">\n            <a href=\"https:\/\/soymigrante.com\/revista\/ecoturismo-en-guatemala\/\" title=\"Joya natural en la bocacosta de Chiquimulilla, Santa Rosa\" rel=\"nofollow\" target=\"_blank\">Joya natural en la bocacosta de Chiquimulilla, Santa Rosa<\/a>\n            <\/h3>                                                            <div class=\"blfe-post-grid-meta\">\n                <span class=\"blfe-post-grid-time\"><i class=\"fas fa-book-reader\"><\/i>3 Min read<\/span>            <\/div>\n                                                        <\/div>\n                <\/div>\n\n            <\/div>\n        <\/div>\n                <div class=\"blfe-post-grid-item\">\n            <div class=\"blfe-post-grid-item-inner blfe-modern-zoom\">\n                        <div class=\"blfe-post-grid-bg-image\">\n            <a class=\"blfe-post-grid-image-inner\" href=\"https:\/\/soymigrante.com\/revista\/indumentaria-tradicional-del-varon-tzutujil\/\" title=\"Legendario \u201cN\u2019skaw\u201d: pantal\u00f3n del var\u00f3n tz&#8217;utuj&#8217;il de San Juan la Laguna\" rel=\"nofollow\" target=\"_blank\"><img decoding=\"async\" src=\"https:\/\/soymigrante.com\/revista\/wp-content\/uploads\/2023\/02\/San-Juan-pantalon-3-ecastro.webp\" alt=\"Legendario \u201cN\u2019skaw\u201d: pantal\u00f3n del var\u00f3n tz&#8217;utuj&#8217;il de San Juan la Laguna\"\/><\/a>        <\/div>\n                        <div class=\"blfe-post-grid-details\">\n                    <div class=\"blfe-post-grid-details-inner\">\n                        <span class=\"blfe-post-category\"><a href=\"https:\/\/soymigrante.com\/revista\/category\/guate-nuestra\/\">Guate Nuestra<\/a><\/span>                        <h3 class=\"blfe-post-grid-title\">\n            <a href=\"https:\/\/soymigrante.com\/revista\/indumentaria-tradicional-del-varon-tzutujil\/\" title=\"Legendario \u201cN\u2019skaw\u201d: pantal\u00f3n del var\u00f3n tz&#8217;utuj&#8217;il de San Juan la Laguna\" rel=\"nofollow\" target=\"_blank\">Legendario \u201cN\u2019skaw\u201d: pantal\u00f3n del var\u00f3n tz&#8217;utuj&#8217;il de San Juan la Laguna<\/a>\n            <\/h3>                                                            <div class=\"blfe-post-grid-meta\">\n                <span class=\"blfe-post-grid-time\"><i class=\"fas fa-book-reader\"><\/i>2 Min read<\/span>            <\/div>\n                                                        <\/div>\n                <\/div>\n\n            <\/div>\n        <\/div>\n                <div class=\"blfe-post-grid-item\">\n            <div class=\"blfe-post-grid-item-inner blfe-modern-zoom\">\n                        <div class=\"blfe-post-grid-bg-image\">\n            <a class=\"blfe-post-grid-image-inner\" href=\"https:\/\/soymigrante.com\/revista\/viaje-en-autobus-extraurbano-de-guatemala\/\" title=\"Cr\u00f3nica: el viaje en camioneta, recuerdo de muchos migrantes\" rel=\"nofollow\" target=\"_blank\"><img decoding=\"async\" src=\"https:\/\/soymigrante.com\/revista\/wp-content\/uploads\/2023\/06\/Camionetas-en-paso-adesnivel-cuatro-caminos-San-Cistobal-Totonicapan.webp\" alt=\"Cr\u00f3nica: el viaje en camioneta, recuerdo de muchos migrantes\"\/><\/a>        <\/div>\n                        <div class=\"blfe-post-grid-details\">\n                    <div class=\"blfe-post-grid-details-inner\">\n                        <span class=\"blfe-post-category\"><a href=\"https:\/\/soymigrante.com\/revista\/category\/guate-nuestra\/\">Guate Nuestra<\/a><\/span>                        <h3 class=\"blfe-post-grid-title\">\n            <a href=\"https:\/\/soymigrante.com\/revista\/viaje-en-autobus-extraurbano-de-guatemala\/\" title=\"Cr\u00f3nica: el viaje en camioneta, recuerdo de muchos migrantes\" rel=\"nofollow\" target=\"_blank\">Cr\u00f3nica: el viaje en camioneta, recuerdo de muchos migrantes<\/a>\n            <\/h3>                                                            <div class=\"blfe-post-grid-meta\">\n                <span class=\"blfe-post-grid-time\"><i class=\"fas fa-book-reader\"><\/i>5 Min read<\/span>            <\/div>\n                                                        <\/div>\n                <\/div>\n\n            <\/div>\n        <\/div>\n                        <\/div>\n\n                        <\/div>\n            \n                        <div class=\"blfe-post-footer\">\n                        <\/div>\n            \t\t\t\t<\/div>\n\t\t\t\t<\/div>\n\t\t\t\t\t<\/div>\n\t\t\t\t<\/div>\n\t\t\t\t<\/div>\n\t\t","protected":false},"excerpt":{"rendered":"<p>Estos siete libros no solo reflejan el talento y la creatividad de los autores guatemaltecos, sino que tambi\u00e9n tocan temas universales que pueden motivar para vivir mejor el inicio del a\u00f1o y todo el 2025. La literatura guatemalteca sigue ganando terreno a nivel nacional e internacional, con obras que inspiran, motivan y relatan historias que [&hellip;]<\/p>\n","protected":false},"author":19,"featured_media":17459,"comment_status":"open","ping_status":"open","sticky":false,"template":"","format":"standard","meta":{"_acf_changed":false,"_eb_attr":"","footnotes":""},"categories":[58],"tags":[],"class_list":["post-17457","post","type-post","status-publish","format-standard","has-post-thumbnail","hentry","category-guate-nuestra"],"acf":[],"aioseo_notices":[],"aioseo_head":"\n\t\t<!-- All in One SEO Pro 4.9.6.2 - aioseo.com -->\n\t<meta name=\"description\" content=\"\u00a1S\u00fabale s\u00fabale!, \u00bfA d\u00f3nde va? \u00a1llega, llega! Toto, Xela, Guate, San Marcos, Huhue: el viaje tantas veces efectuado en camioneta extraurbana\" \/>\n\t<meta name=\"robots\" content=\"max-snippet:-1, max-image-preview:large, max-video-preview:-1\" \/>\n\t<meta name=\"author\" content=\"Diana Batz\"\/>\n\t<link rel=\"canonical\" href=\"https:\/\/soymigrante.com\/revista\/viaje-en-autobus-extraurbano-de-guatemala\/\" \/>\n\t<meta name=\"generator\" content=\"All in One SEO Pro (AIOSEO) 4.9.6.2\" \/>\n\n\t\t<link rel=\"preconnect\" href=\"https:\/\/fonts.googleapis.com\" crossorigin>\n<link rel=\"preconnect\" href=\"https:\/\/fonts.gstatic.com\" crossorigin>\n\t\t<meta property=\"og:locale\" content=\"es_ES\" \/>\n\t\t<meta property=\"og:site_name\" content=\"SoyMigrante.com REVISTA \u2013 Nuestra misi\u00f3n es reconocer y dignificar al migrante.\" \/>\n\t\t<meta property=\"og:type\" content=\"article\" \/>\n\t\t<meta property=\"og:title\" content=\"Cr\u00f3nica: el viaje en camioneta, recuerdo de muchos migrantes\" \/>\n\t\t<meta property=\"og:description\" content=\"\u00a1S\u00fabale s\u00fabale!, \u00bfA d\u00f3nde va? \u00a1llega, llega! Toto, Xela, Guate, San Marcos, Huhue: el viaje tantas veces efectuado en camioneta extraurbana\" \/>\n\t\t<meta property=\"og:url\" content=\"https:\/\/soymigrante.com\/revista\/viaje-en-autobus-extraurbano-de-guatemala\/\" \/>\n\t\t<meta property=\"og:image\" content=\"https:\/\/soymigrante.com\/revista\/wp-content\/uploads\/2023\/06\/Camionetas-en-paso-adesnivel-cuatro-caminos-San-Cistobal-Totonicapan.webp\" \/>\n\t\t<meta property=\"og:image:secure_url\" content=\"https:\/\/soymigrante.com\/revista\/wp-content\/uploads\/2023\/06\/Camionetas-en-paso-adesnivel-cuatro-caminos-San-Cistobal-Totonicapan.webp\" \/>\n\t\t<meta property=\"og:image:width\" content=\"1101\" \/>\n\t\t<meta property=\"og:image:height\" content=\"619\" \/>\n\t\t<meta property=\"article:published_time\" content=\"2023-06-08T07:30:00+00:00\" \/>\n\t\t<meta property=\"article:modified_time\" content=\"2024-11-01T10:35:50+00:00\" \/>\n\t\t<meta property=\"article:publisher\" content=\"https:\/\/www.facebook.com\/soymigrantecom\" \/>\n\t\t<meta name=\"twitter:card\" content=\"summary_large_image\" \/>\n\t\t<meta name=\"twitter:site\" content=\"@SoyMigrante_com\" \/>\n\t\t<meta name=\"twitter:title\" content=\"Cr\u00f3nica: el viaje en camioneta, recuerdo de muchos migrantes\" \/>\n\t\t<meta name=\"twitter:description\" content=\"\u00a1S\u00fabale s\u00fabale!, \u00bfA d\u00f3nde va? \u00a1llega, llega! Toto, Xela, Guate, San Marcos, Huhue: el viaje tantas veces efectuado en camioneta extraurbana\" \/>\n\t\t<meta name=\"twitter:creator\" content=\"@SoyMigrante_com\" \/>\n\t\t<meta name=\"twitter:image\" content=\"https:\/\/soymigrante.com\/revista\/wp-content\/uploads\/2023\/06\/Camionetas-en-paso-adesnivel-cuatro-caminos-San-Cistobal-Totonicapan.webp\" \/>\n\t\t<!-- All in One SEO Pro -->\r\n\t\t<title>Cr\u00f3nica: el viaje en camioneta, recuerdo de muchos migrantes<\/title>\n\n","aioseo_head_json":{"title":"Cr\u00f3nica: el viaje en camioneta, recuerdo de muchos migrantes","description":"\u00a1S\u00fabale s\u00fabale!, \u00bfA d\u00f3nde va? \u00a1llega, llega! Toto, Xela, Guate, San Marcos, Huhue: el viaje tantas veces efectuado en camioneta extraurbana","canonical_url":"https:\/\/soymigrante.com\/revista\/viaje-en-autobus-extraurbano-de-guatemala\/","robots":"max-snippet:-1, max-image-preview:large, max-video-preview:-1","keywords":"","webmasterTools":{"miscellaneous":"&lt;link rel=\"preconnect\" href=\"https:\/\/fonts.googleapis.com\" crossorigin&gt;\n&lt;link rel=\"preconnect\" href=\"https:\/\/fonts.gstatic.com\" crossorigin&gt;"},"schema":null,"og:locale":"es_ES","og:site_name":"SoyMigrante.com REVISTA \u2013 Nuestra misi\u00f3n es reconocer y dignificar al migrante.","og:type":"article","og:title":"Cr\u00f3nica: el viaje en camioneta, recuerdo de muchos migrantes","og:description":"\u00a1S\u00fabale s\u00fabale!, \u00bfA d\u00f3nde va? \u00a1llega, llega! Toto, Xela, Guate, San Marcos, Huhue: el viaje tantas veces efectuado en camioneta extraurbana","og:url":"https:\/\/soymigrante.com\/revista\/viaje-en-autobus-extraurbano-de-guatemala\/","og:image":"https:\/\/soymigrante.com\/revista\/wp-content\/uploads\/2023\/06\/Camionetas-en-paso-adesnivel-cuatro-caminos-San-Cistobal-Totonicapan.webp","og:image:secure_url":"https:\/\/soymigrante.com\/revista\/wp-content\/uploads\/2023\/06\/Camionetas-en-paso-adesnivel-cuatro-caminos-San-Cistobal-Totonicapan.webp","og:image:width":1101,"og:image:height":619,"article:published_time":"2023-06-08T07:30:00+00:00","article:modified_time":"2024-11-01T10:35:50+00:00","article:publisher":"https:\/\/www.facebook.com\/soymigrantecom","twitter:card":"summary_large_image","twitter:site":"@SoyMigrante_com","twitter:title":"Cr\u00f3nica: el viaje en camioneta, recuerdo de muchos migrantes","twitter:description":"\u00a1S\u00fabale s\u00fabale!, \u00bfA d\u00f3nde va? \u00a1llega, llega! Toto, Xela, Guate, San Marcos, Huhue: el viaje tantas veces efectuado en camioneta extraurbana","twitter:creator":"@SoyMigrante_com","twitter:image":"https:\/\/soymigrante.com\/revista\/wp-content\/uploads\/2023\/06\/Camionetas-en-paso-adesnivel-cuatro-caminos-San-Cistobal-Totonicapan.webp"},"aioseo_meta_data":{"post_id":"17457","title":"Siete libros guatemaltecos inspiradores para empezar el 2025","description":"Estos libros reflejan talento, creatividad y soluciones para inspirar una renovaci\u00f3n vital. Todos los autores son guatemaltecos. Para regalar o regalarse.","keywords":null,"keyphrases":{"focus":{"keyphrase":"libros","score":69,"analysis":{"keyphraseInTitle":{"score":9,"maxScore":9,"error":0},"keyphraseInDescription":{"score":9,"maxScore":9,"error":0},"keyphraseLength":{"score":9,"maxScore":9,"error":0,"length":1},"keyphraseInURL":{"score":5,"maxScore":5,"error":0},"keyphraseInIntroduction":{"score":3,"maxScore":9,"error":1},"keyphraseInSubHeadings":{"score":3,"maxScore":9,"error":1},"keyphraseInImageAlt":{"score":9,"maxScore":9,"error":0},"keywordDensity":{"score":0,"type":"low","maxScore":9,"error":1}}},"additional":[{"keyphrase":"libros","score":67,"analysis":{"keyphraseInDescription":{"score":9,"maxScore":9,"error":0},"keyphraseLength":{"score":9,"maxScore":9,"error":0,"length":1},"keyphraseInIntroduction":{"score":3,"maxScore":9,"error":1},"keyphraseInImageAlt":{"score":9,"maxScore":9,"error":0},"keywordDensity":{"score":0,"type":"low","maxScore":9,"error":1}}},{"keyphrase":"guatemaltecos","score":67,"analysis":{"keyphraseInDescription":{"score":9,"maxScore":9,"error":0},"keyphraseLength":{"score":9,"maxScore":9,"error":0,"length":1},"keyphraseInIntroduction":{"score":3,"maxScore":9,"error":1},"keyphraseInImageAlt":{"score":9,"maxScore":9,"error":0},"keywordDensity":{"score":0,"type":"low","maxScore":9,"error":1}}}]},"primary_term":null,"canonical_url":null,"og_title":null,"og_description":null,"og_object_type":"default","og_image_type":"default","og_image_url":null,"og_image_width":null,"og_image_height":null,"og_image_custom_url":null,"og_image_custom_fields":null,"og_video":"","og_custom_url":null,"og_article_section":null,"og_article_tags":null,"twitter_use_og":false,"twitter_card":"default","twitter_image_type":"default","twitter_image_url":null,"twitter_image_custom_url":null,"twitter_image_custom_fields":null,"twitter_title":null,"twitter_description":null,"schema":{"blockGraphs":[],"customGraphs":[],"default":{"data":{"Article":[],"Course":[],"Dataset":[],"FAQPage":[],"Movie":[],"Person":[],"Product":[],"ProductReview":[],"Car":[],"Recipe":[],"Service":[],"SoftwareApplication":[],"WebPage":[]},"graphName":"BlogPosting","isEnabled":true},"graphs":[]},"schema_type":"default","schema_type_options":null,"pillar_content":false,"robots_default":true,"robots_noindex":false,"robots_noarchive":false,"robots_nosnippet":false,"robots_nofollow":false,"robots_noimageindex":false,"robots_noodp":false,"robots_notranslate":false,"robots_max_snippet":"-1","robots_max_videopreview":"-1","robots_max_imagepreview":"large","priority":null,"frequency":"default","local_seo":null,"seo_analyzer_scan_date":"2025-10-09 01:22:11","breadcrumb_settings":null,"limit_modified_date":false,"reviewed_by":null,"open_ai":"{\"title\":{\"suggestions\":[],\"usage\":0},\"description\":{\"suggestions\":[],\"usage\":0}}","ai":null,"created":"2024-12-20 15:25:29","updated":"2026-02-04 18:39:25"},"aioseo_breadcrumb":"<div class=\"aioseo-breadcrumbs\"><span class=\"aioseo-breadcrumb\">\n\t<a href=\"https:\/\/soymigrante.com\/revista\" title=\"Home\">Home<\/a>\n<\/span><span class=\"aioseo-breadcrumb-separator\">\u00bb<\/span><span class=\"aioseo-breadcrumb\">\n\t<a href=\"https:\/\/soymigrante.com\/revista\/category\/guate-nuestra\/\" title=\"Guate Nuestra\">Guate Nuestra<\/a>\n<\/span><span class=\"aioseo-breadcrumb-separator\">\u00bb<\/span><span class=\"aioseo-breadcrumb\">\n\tSiete libros guatemaltecos llenos de inspiraci\u00f3n para comenzar el 2025\n<\/span><\/div>","aioseo_breadcrumb_json":[{"label":"Home","link":"https:\/\/soymigrante.com\/revista"},{"label":"Guate Nuestra","link":"https:\/\/soymigrante.com\/revista\/category\/guate-nuestra\/"},{"label":"Siete libros guatemaltecos llenos de inspiraci\u00f3n para comenzar el 2025","link":"https:\/\/soymigrante.com\/revista\/aun-no-sabes-que-regalar-siete-libros-guatemaltecos-repletos-de-inspiracion\/"}],"_links":{"self":[{"href":"https:\/\/soymigrante.com\/revista\/wp-json\/wp\/v2\/posts\/17457","targetHints":{"allow":["GET"]}}],"collection":[{"href":"https:\/\/soymigrante.com\/revista\/wp-json\/wp\/v2\/posts"}],"about":[{"href":"https:\/\/soymigrante.com\/revista\/wp-json\/wp\/v2\/types\/post"}],"author":[{"embeddable":true,"href":"https:\/\/soymigrante.com\/revista\/wp-json\/wp\/v2\/users\/19"}],"replies":[{"embeddable":true,"href":"https:\/\/soymigrante.com\/revista\/wp-json\/wp\/v2\/comments?post=17457"}],"version-history":[{"count":0,"href":"https:\/\/soymigrante.com\/revista\/wp-json\/wp\/v2\/posts\/17457\/revisions"}],"wp:featuredmedia":[{"embeddable":true,"href":"https:\/\/soymigrante.com\/revista\/wp-json\/wp\/v2\/media\/17459"}],"wp:attachment":[{"href":"https:\/\/soymigrante.com\/revista\/wp-json\/wp\/v2\/media?parent=17457"}],"wp:term":[{"taxonomy":"category","embeddable":true,"href":"https:\/\/soymigrante.com\/revista\/wp-json\/wp\/v2\/categories?post=17457"},{"taxonomy":"post_tag","embeddable":true,"href":"https:\/\/soymigrante.com\/revista\/wp-json\/wp\/v2\/tags?post=17457"}],"curies":[{"name":"wp","href":"https:\/\/api.w.org\/{rel}","templated":true}]}}