{"id":17291,"date":"2025-01-06T22:44:38","date_gmt":"2025-01-07T04:44:38","guid":{"rendered":"https:\/\/soymigrante.com\/revista\/?p=17291"},"modified":"2025-01-06T22:44:39","modified_gmt":"2025-01-07T04:44:39","slug":"chiabal-conecta-cultura-y-naturaleza-en-lo-alto-de-los-cuchumatanes","status":"publish","type":"post","link":"https:\/\/soymigrante.com\/revista\/chiabal-conecta-cultura-y-naturaleza-en-lo-alto-de-los-cuchumatanes\/","title":{"rendered":"Chiabal conecta cultura y naturaleza en lo alto de los Cuchumatanes"},"content":{"rendered":"\t\t<div data-elementor-type=\"wp-post\" data-elementor-id=\"17291\" class=\"elementor elementor-17291\" data-elementor-post-type=\"post\">\n\t\t\t\t<div data-particle_enable=\"false\" data-particle-mobile-disabled=\"false\" class=\"elementor-element elementor-element-d72d31c e-flex e-con-boxed e-con e-parent\" data-id=\"d72d31c\" data-element_type=\"container\" data-e-type=\"container\">\n\t\t\t\t\t<div class=\"e-con-inner\">\n\t\t\t\t<div class=\"elementor-element elementor-element-5617a49 elementor-widget elementor-widget-heading\" data-id=\"5617a49\" data-element_type=\"widget\" data-e-type=\"widget\" data-widget_type=\"heading.default\">\n\t\t\t\t\t<h2 class=\"elementor-heading-title elementor-size-default\">Enclavada en las impresionantes monta\u00f1as de los Cuchumatanes, Chiabal ha sido reconocida como uno de los Best Tourist Villages por la Organizaci\u00f3n Mundial del Turismo.\n<\/h2>\t\t\t\t<\/div>\n\t\t\t\t\t<\/div>\n\t\t\t\t<\/div>\n\t\t<div data-particle_enable=\"false\" data-particle-mobile-disabled=\"false\" class=\"elementor-element elementor-element-54f6eb7 e-flex e-con-boxed e-con e-parent\" data-id=\"54f6eb7\" data-element_type=\"container\" data-e-type=\"container\">\n\t\t\t\t\t<div class=\"e-con-inner\">\n\t\t\t\t<div class=\"elementor-element elementor-element-6283941 elementor-widget elementor-widget-text-editor\" data-id=\"6283941\" data-element_type=\"widget\" data-e-type=\"widget\" data-widget_type=\"text-editor.default\">\n\t\t\t\t\t\t\t\t\t<p><span style=\"font-weight: 400\">Chiabal, una encantadora aldea\u00a0<\/span><a href=\"https:\/\/soymigrante.com\/revista\/esteban-matias-ramos-capta-bellezas-naturales-de-los-cuchumatanes\/\" target=\"_blank\" rel=\"noopener\">ubicada en los imponentes Cuchumatanes<\/a><span style=\"font-weight: 400\">, dentro del municipio de Todos Santos Cuchumat\u00e1n, Huehuetenango, ha sido reconocida por la Organizaci\u00f3n Mundial del Turismo (OMT) como uno de los Best Tourist Villages.<\/span><\/p><p><span style=\"font-weight: 400\">Este prestigioso galard\u00f3n pone de manifiesto el compromiso de Chiabal con la preservaci\u00f3n de su herencia cultural, su entorno natural y el desarrollo de un turismo sostenible e inclusivo.<\/span><\/p>\t\t\t\t\t\t\t\t<\/div>\n\t\t\t\t\t<\/div>\n\t\t\t\t<\/div>\n\t\t<div data-particle_enable=\"false\" data-particle-mobile-disabled=\"false\" class=\"elementor-element elementor-element-f3e6532 e-flex e-con-boxed e-con e-parent\" data-id=\"f3e6532\" data-element_type=\"container\" data-e-type=\"container\">\n\t\t\t\t\t<div class=\"e-con-inner\">\n\t\t\t\t<div class=\"elementor-element elementor-element-e161e8e elementor-widget elementor-widget-image\" data-id=\"e161e8e\" data-element_type=\"widget\" data-e-type=\"widget\" data-widget_type=\"image.default\">\n\t\t\t\t\t\t\t\t\t\t\t\t<figure class=\"wp-caption\">\n\t\t\t\t\t\t\t\t\t\t<img fetchpriority=\"high\" decoding=\"async\" width=\"768\" height=\"769\" src=\"https:\/\/soymigrante.com\/revista\/wp-content\/uploads\/2024\/12\/Chiabala-huehuetenango.jpg\" class=\"attachment-large size-large wp-image-17308\" alt=\"Llamas y alpacas en un paisaje monta\u00f1oso con vegetaci\u00f3n diversa y cielo azul, exhibiendo la belleza natural y la cultura de las comunidades rurales en M\u00e9xico.\" srcset=\"https:\/\/soymigrante.com\/revista\/wp-content\/uploads\/2024\/12\/Chiabala-huehuetenango.jpg 959w, https:\/\/soymigrante.com\/revista\/wp-content\/uploads\/2024\/12\/Chiabala-huehuetenango-300x300.jpg 300w, https:\/\/soymigrante.com\/revista\/wp-content\/uploads\/2024\/12\/Chiabala-huehuetenango-150x150.jpg 150w, https:\/\/soymigrante.com\/revista\/wp-content\/uploads\/2024\/12\/Chiabala-huehuetenango-768x769.jpg 768w, https:\/\/soymigrante.com\/revista\/wp-content\/uploads\/2024\/12\/Chiabala-huehuetenango-75x75.webp 75w, https:\/\/soymigrante.com\/revista\/wp-content\/uploads\/2024\/12\/Chiabala-huehuetenango-750x751.webp 750w\" sizes=\"(max-width: 768px) 100vw, 768px\" title=\"Chiabala huehuetenango \u2013 SoyMigrante.com REVISTA\" \/>\t\t\t\t\t\t\t\t\t\t\t<figcaption class=\"widget-image-caption wp-caption-text\">Reba\u00f1o de llamas y alpacas en un paisaje rural en M\u00e9xico, mostrando la biodiversidad y tradiciones locales en una escena de agricultura y ganader\u00eda ecol\u00f3gica.<\/figcaption>\n\t\t\t\t\t\t\t\t\t\t<\/figure>\n\t\t\t\t\t\t\t\t\t<\/div>\n\t\t\t\t\t<\/div>\n\t\t\t\t<\/div>\n\t\t<div data-particle_enable=\"false\" data-particle-mobile-disabled=\"false\" class=\"elementor-element elementor-element-1e94dd8 e-flex e-con-boxed e-con e-parent\" data-id=\"1e94dd8\" data-element_type=\"container\" data-e-type=\"container\">\n\t\t\t\t\t<div class=\"e-con-inner\">\n\t\t\t\t<div class=\"elementor-element elementor-element-3e3d98f elementor-widget elementor-widget-heading\" data-id=\"3e3d98f\" data-element_type=\"widget\" data-e-type=\"widget\" data-widget_type=\"heading.default\">\n\t\t\t\t\t<h3 class=\"elementor-heading-title elementor-size-default\">Cultura<\/h3>\t\t\t\t<\/div>\n\t\t\t\t\t<\/div>\n\t\t\t\t<\/div>\n\t\t<div data-particle_enable=\"false\" data-particle-mobile-disabled=\"false\" class=\"elementor-element elementor-element-0d49a30 e-flex e-con-boxed e-con e-parent\" data-id=\"0d49a30\" data-element_type=\"container\" data-e-type=\"container\">\n\t\t\t\t\t<div class=\"e-con-inner\">\n\t\t\t\t<div class=\"elementor-element elementor-element-85a2aca elementor-widget elementor-widget-text-editor\" data-id=\"85a2aca\" data-element_type=\"widget\" data-e-type=\"widget\" data-widget_type=\"text-editor.default\">\n\t\t\t\t\t\t\t\t\t<p><span style=\"font-weight: 400\">Chiabal es hogar de una comunidad mayoritariamente maya, que conserva con orgullo sus tradiciones, lengua y vestimenta.\u00a0<\/span><a href=\"https:\/\/soymigrante.com\/revista\/el-pueblo-awakateko-llevan-siglos-al-pie-de-los-cuchumatanes\/\" target=\"_blank\" rel=\"noopener\">La aldea es conocida por su vibrante atuendo tradicional,<\/a><span style=\"font-weight: 400\">\u00a0especialmente los trajes masculinos de Todos Santos, que son \u00fanicos por su colorido y simbolismo. Cada prenda cuenta historias de identidad y pertenencia, y los visitantes tienen la oportunidad de conocer de cerca estas tradiciones al participar en talleres culturales ofrecidos por la comunidad.<\/span><\/p><p><span style=\"font-weight: 400\">Pasear por Chiabal es como retroceder en el tiempo: las casas t\u00edpicas, los campos de cultivo y los rituales ancestrales se combinan con una hospitalidad genuina que invita a los turistas a sumergirse en una forma de vida arraigada en el respeto por la naturaleza y los valores comunitarios.<\/span><\/p>\t\t\t\t\t\t\t\t<\/div>\n\t\t\t\t\t<\/div>\n\t\t\t\t<\/div>\n\t\t<div data-particle_enable=\"false\" data-particle-mobile-disabled=\"false\" class=\"elementor-element elementor-element-a948f51 e-flex e-con-boxed e-con e-parent\" data-id=\"a948f51\" data-element_type=\"container\" data-e-type=\"container\">\n\t\t\t\t\t<div class=\"e-con-inner\">\n\t\t\t\t<div class=\"elementor-element elementor-element-3846171 elementor-invisible elementor-widget elementor-widget-facebook-embed\" data-id=\"3846171\" data-element_type=\"widget\" data-e-type=\"widget\" data-settings=\"{&quot;_animation&quot;:&quot;zoomInDown&quot;}\" data-widget_type=\"facebook-embed.default\">\n\t\t\t\t\t<div style=\"min-height: 1px\" class=\"elementor-facebook-widget fb-video\" data-href=\"https:\/\/www.facebook.com\/inguatoficial\/videos\/2180719662299684?locale=es_LA\" data-show-text=\"false\" data-allowfullscreen=\"false\" data-autoplay=\"false\" data-show-captions=\"false\"><\/div>\t\t\t\t<\/div>\n\t\t\t\t\t<\/div>\n\t\t\t\t<\/div>\n\t\t<div data-particle_enable=\"false\" data-particle-mobile-disabled=\"false\" class=\"elementor-element elementor-element-1c381ce e-flex e-con-boxed e-con e-parent\" data-id=\"1c381ce\" data-element_type=\"container\" data-e-type=\"container\">\n\t\t\t\t\t<div class=\"e-con-inner\">\n\t\t\t\t<div class=\"elementor-element elementor-element-bdbf59e elementor-widget elementor-widget-heading\" data-id=\"bdbf59e\" data-element_type=\"widget\" data-e-type=\"widget\" data-widget_type=\"heading.default\">\n\t\t\t\t\t<h3 class=\"elementor-heading-title elementor-size-default\">Aventura en las alturas<\/h3>\t\t\t\t<\/div>\n\t\t\t\t\t<\/div>\n\t\t\t\t<\/div>\n\t\t<div data-particle_enable=\"false\" data-particle-mobile-disabled=\"false\" class=\"elementor-element elementor-element-a7142f5 e-flex e-con-boxed e-con e-parent\" data-id=\"a7142f5\" data-element_type=\"container\" data-e-type=\"container\">\n\t\t\t\t\t<div class=\"e-con-inner\">\n\t\t\t\t<div class=\"elementor-element elementor-element-e78721e elementor-widget elementor-widget-text-editor\" data-id=\"e78721e\" data-element_type=\"widget\" data-e-type=\"widget\" data-widget_type=\"text-editor.default\">\n\t\t\t\t\t\t\t\t\t<p><span style=\"font-weight: 400\">Situada a m\u00e1s de 3,000 metros sobre el nivel del mar, Chiabal ofrece vistas espectaculares de los Cuchumatanes, el sistema monta\u00f1oso m\u00e1s alto de Centroam\u00e9rica. Los amantes de la naturaleza y la aventura encontrar\u00e1n en esta aldea el punto de partida perfecto para caminatas, cabalgatas y exploraciones por los paisajes \u00fanicos de la regi\u00f3n, que incluyen praderas, bosques de pino y formaciones rocosas impresionantes.<\/span><\/p><p><span style=\"font-weight: 400\">Los amaneceres y atardeceres en Chiabal son momentos m\u00e1gicos que conectan a los visitantes con la majestuosidad de la tierra. Adem\u00e1s, la regi\u00f3n es rica en biodiversidad, lo que permite a los turistas observar aves y otras especies locales en su h\u00e1bitat natural. Tambi\u00e9n puedes visitar<\/span><a href=\"https:\/\/soymigrante.com\/revista\/llamas-de-los-cuchumatanes-migraron-hace-23-anos-a-guatemala\/\" target=\"_blank\" rel=\"noopener\"> las Llamas de los Cuchumatanes,\u00a0<\/a><span style=\"font-weight: 400\">un proyecto local para convivir con esta especie originaria de Suram\u00e9rica.\u00a0<\/span><\/p>\t\t\t\t\t\t\t\t<\/div>\n\t\t\t\t\t<\/div>\n\t\t\t\t<\/div>\n\t\t<div data-particle_enable=\"false\" data-particle-mobile-disabled=\"false\" class=\"elementor-element elementor-element-dc6dfe9 e-flex e-con-boxed e-con e-parent\" data-id=\"dc6dfe9\" data-element_type=\"container\" data-e-type=\"container\">\n\t\t\t\t\t<div class=\"e-con-inner\">\n\t\t\t\t<div class=\"elementor-element elementor-element-67f0922 elementor-invisible elementor-widget elementor-widget-facebook-embed\" data-id=\"67f0922\" data-element_type=\"widget\" data-e-type=\"widget\" data-settings=\"{&quot;_animation&quot;:&quot;zoomInDown&quot;}\" data-widget_type=\"facebook-embed.default\">\n\t\t\t\t\t<div style=\"min-height: 1px\" class=\"elementor-facebook-widget fb-video\" data-href=\"https:\/\/www.facebook.com\/reel\/1611909346084986\" data-show-text=\"false\" data-allowfullscreen=\"false\" data-autoplay=\"false\" data-show-captions=\"false\"><\/div>\t\t\t\t<\/div>\n\t\t\t\t\t<\/div>\n\t\t\t\t<\/div>\n\t\t<div data-particle_enable=\"false\" data-particle-mobile-disabled=\"false\" class=\"elementor-element elementor-element-439d415 e-flex e-con-boxed e-con e-parent\" data-id=\"439d415\" data-element_type=\"container\" data-e-type=\"container\">\n\t\t\t\t\t<div class=\"e-con-inner\">\n\t\t\t\t<div class=\"elementor-element elementor-element-a669a0d elementor-widget elementor-widget-heading\" data-id=\"a669a0d\" data-element_type=\"widget\" data-e-type=\"widget\" data-widget_type=\"heading.default\">\n\t\t\t\t\t<h3 class=\"elementor-heading-title elementor-size-default\">Turismo sostenible y comunitario\n<\/h3>\t\t\t\t<\/div>\n\t\t\t\t\t<\/div>\n\t\t\t\t<\/div>\n\t\t<div data-particle_enable=\"false\" data-particle-mobile-disabled=\"false\" class=\"elementor-element elementor-element-d1500fa e-flex e-con-boxed e-con e-parent\" data-id=\"d1500fa\" data-element_type=\"container\" data-e-type=\"container\">\n\t\t\t\t\t<div class=\"e-con-inner\">\n\t\t\t\t<div class=\"elementor-element elementor-element-381e549 elementor-widget elementor-widget-text-editor\" data-id=\"381e549\" data-element_type=\"widget\" data-e-type=\"widget\" data-widget_type=\"text-editor.default\">\n\t\t\t\t\t\t\t\t\t<p><span style=\"font-weight: 400\">El modelo tur\u00edstico de Chiabal se centra en la participaci\u00f3n activa de sus habitantes. La aldea ha desarrollado iniciativas para ofrecer hospedajes familiares, gastronom\u00eda t\u00edpica elaborada con ingredientes locales y&nbsp;<\/span><a href=\"https:\/\/soymigrante.com\/revista\/carrera-de-todos-santos-cuchumatan-un-icono-de-guatemala-y-de-la-cultura-mam\/\" target=\"_blank\" style=\"text-align: var(--text-align)\">experiencias culturales que conectan a los visitantes con la esencia del lugar.<\/a><\/p>\n<p><span style=\"font-weight: 400\">Este enfoque asegura que los beneficios del turismo se distribuyan equitativamente y que la comunidad conserve el control sobre el desarrollo de su entorno. Adem\u00e1s, la aldea trabaja arduamente en la protecci\u00f3n de su medio ambiente, promoviendo pr\u00e1cticas sostenibles en todas sus actividades.<\/span><\/p>\n<p><span style=\"font-weight: 400\">El reconocimiento de Chiabal como uno de los Best Tourist Villages refleja los esfuerzos colectivos de sus habitantes por mantener viva su identidad mientras abren sus puertas al mundo. Este galard\u00f3n internacional no solo celebra la autenticidad y belleza del lugar, sino tambi\u00e9n inspira a otras comunidades a seguir el ejemplo de Chiabal en la b\u00fasqueda de un turismo responsable.<\/span><\/p>\t\t\t\t\t\t\t\t<\/div>\n\t\t\t\t\t<\/div>\n\t\t\t\t<\/div>\n\t\t<div data-particle_enable=\"false\" data-particle-mobile-disabled=\"false\" class=\"elementor-element elementor-element-343c364 e-flex e-con-boxed e-con e-parent\" data-id=\"343c364\" data-element_type=\"container\" data-e-type=\"container\">\n\t\t\t\t\t<div class=\"e-con-inner\">\n\t\t\t\t<div class=\"elementor-element elementor-element-7321cb4 elementor-widget elementor-widget-heading\" data-id=\"7321cb4\" data-element_type=\"widget\" data-e-type=\"widget\" data-widget_type=\"heading.default\">\n\t\t\t\t\t<h2 class=\"elementor-heading-title elementor-size-default\">Descubre m\u00e1s de Huehuetenango<\/h2>\t\t\t\t<\/div>\n\t\t\t\t\t<\/div>\n\t\t\t\t<\/div>\n\t\t<div data-particle_enable=\"false\" data-particle-mobile-disabled=\"false\" class=\"elementor-element elementor-element-cda0076 e-flex e-con-boxed e-con e-parent\" data-id=\"cda0076\" data-element_type=\"container\" data-e-type=\"container\">\n\t\t\t\t\t<div class=\"e-con-inner\">\n\t\t\t\t<div class=\"elementor-element elementor-element-17c2c5a elementor-grid-eael-col-3 elementor-grid-tablet-eael-col-2 elementor-grid-mobile-eael-col-1 elementor-widget elementor-widget-eael-post-grid\" data-id=\"17c2c5a\" data-element_type=\"widget\" data-e-type=\"widget\" data-settings=\"{&quot;eael_post_grid_columns&quot;:&quot;eael-col-3&quot;,&quot;eael_post_grid_columns_tablet&quot;:&quot;eael-col-2&quot;,&quot;eael_post_grid_columns_mobile&quot;:&quot;eael-col-1&quot;}\" data-widget_type=\"eael-post-grid.default\">\n\t\t\t\t\t<div id=\"eael-post-grid-17c2c5a\" class=\"eael-post-grid-container\">\n            <div class=\"eael-post-grid eael-post-appender eael-post-appender-17c2c5a eael-post-grid-style-one\" data-layout-mode=\"masonry\"><article class=\"eael-grid-post  eael-post-grid-column eael-pg-post-8563 category-pueblos-de-guatemala\" data-id=\"8563\">\n        <div class=\"eael-grid-post-holder\">\n            <div class=\"eael-grid-post-holder-inner\"><div class=\"eael-entry-media\"><div class=\"eael-entry-overlay fade-in\"><i class=\"far fa-hand-pointer\" aria-hidden=\"true\"><\/i><a href=\"https:\/\/soymigrante.com\/revista\/el-pueblo-awakateko-llevan-siglos-al-pie-de-los-cuchumatanes\/\"><\/a><\/div><div class=\"eael-entry-thumbnail \">\n                <img decoding=\"async\" width=\"960\" height=\"960\" src=\"https:\/\/soymigrante.com\/revista\/wp-content\/uploads\/2024\/08\/awakateko-1.webp\" class=\"attachment-large size-large wp-image-8565\" alt=\"El pueblo Awakateko lleva siglos al pie de los Cuchumatanes\" srcset=\"https:\/\/soymigrante.com\/revista\/wp-content\/uploads\/2024\/08\/awakateko-1.webp 960w, https:\/\/soymigrante.com\/revista\/wp-content\/uploads\/2024\/08\/awakateko-1-300x300.webp 300w, https:\/\/soymigrante.com\/revista\/wp-content\/uploads\/2024\/08\/awakateko-1-150x150.webp 150w, https:\/\/soymigrante.com\/revista\/wp-content\/uploads\/2024\/08\/awakateko-1-768x768.webp 768w, https:\/\/soymigrante.com\/revista\/wp-content\/uploads\/2024\/08\/awakateko-1-75x75.webp 75w, https:\/\/soymigrante.com\/revista\/wp-content\/uploads\/2024\/08\/awakateko-1-750x750.webp 750w\" sizes=\"(max-width: 960px) 100vw, 960px\" \/>\n            <\/div>\n        <\/div><div class=\"eael-entry-wrapper\"><header class=\"eael-entry-header\"><h2 class=\"eael-entry-title\"><a class=\"eael-grid-post-link\" href=\"https:\/\/soymigrante.com\/revista\/el-pueblo-awakateko-llevan-siglos-al-pie-de-los-cuchumatanes\/\" title=\"El pueblo Awakateko lleva siglos al pie de los Cuchumatanes\">El pueblo Awakateko lleva siglos al pie de los Cuchumatanes<\/a><\/h2><\/header><div class=\"eael-entry-content\">\n                        <div class=\"eael-grid-post-excerpt\"><a href=\"https:\/\/soymigrante.com\/revista\/el-pueblo-awakateko-llevan-siglos-al-pie-de-los-cuchumatanes\/\" class=\"eael-post-elements-readmore-btn\">CONOCE SU HISTORIA <\/a><\/div>\n                    <\/div><\/div><\/div>\n        <\/div>\n    <\/article><article class=\"eael-grid-post  eael-post-grid-column eael-pg-post-8740 category-pueblos-de-guatemala\" data-id=\"8740\">\n        <div class=\"eael-grid-post-holder\">\n            <div class=\"eael-grid-post-holder-inner\"><div class=\"eael-entry-media\"><div class=\"eael-entry-overlay fade-in\"><i class=\"far fa-hand-pointer\" aria-hidden=\"true\"><\/i><a href=\"https:\/\/soymigrante.com\/revista\/el-pueblo-chuj-tiene-firme-raiz-en-las-montanas-de-huehuetenango\/\"><\/a><\/div><div class=\"eael-entry-thumbnail \">\n                <img decoding=\"async\" width=\"1024\" height=\"1024\" src=\"https:\/\/soymigrante.com\/revista\/wp-content\/uploads\/2024\/09\/chuj-abel-juarez-1024x1024.webp\" class=\"attachment-large size-large wp-image-8742\" alt=\"El pueblo Chuj tiene firme ra\u00edz en las monta\u00f1as de Huehuetenango. Tejido chuj, g\u00fcipil de San Mateo Ixtat\u00e1n, Huehuetenango. Museo Ixchel del Traje Ind\u00edgena.\" srcset=\"https:\/\/soymigrante.com\/revista\/wp-content\/uploads\/2024\/09\/chuj-abel-juarez-1024x1024.webp 1024w, https:\/\/soymigrante.com\/revista\/wp-content\/uploads\/2024\/09\/chuj-abel-juarez-300x300.webp 300w, https:\/\/soymigrante.com\/revista\/wp-content\/uploads\/2024\/09\/chuj-abel-juarez-150x150.webp 150w, https:\/\/soymigrante.com\/revista\/wp-content\/uploads\/2024\/09\/chuj-abel-juarez-768x768.webp 768w, https:\/\/soymigrante.com\/revista\/wp-content\/uploads\/2024\/09\/chuj-abel-juarez-75x75.webp 75w, https:\/\/soymigrante.com\/revista\/wp-content\/uploads\/2024\/09\/chuj-abel-juarez-750x750.webp 750w, https:\/\/soymigrante.com\/revista\/wp-content\/uploads\/2024\/09\/chuj-abel-juarez-1140x1140.webp 1140w, https:\/\/soymigrante.com\/revista\/wp-content\/uploads\/2024\/09\/chuj-abel-juarez.webp 1367w\" sizes=\"(max-width: 1024px) 100vw, 1024px\" \/>\n            <\/div>\n        <\/div><div class=\"eael-entry-wrapper\"><header class=\"eael-entry-header\"><h2 class=\"eael-entry-title\"><a class=\"eael-grid-post-link\" href=\"https:\/\/soymigrante.com\/revista\/el-pueblo-chuj-tiene-firme-raiz-en-las-montanas-de-huehuetenango\/\" title=\"El pueblo Chuj tiene firme ra\u00edz en las monta\u00f1as de Huehuetenango\">El pueblo Chuj tiene firme ra\u00edz en las monta\u00f1as de Huehuetenango<\/a><\/h2><\/header><div class=\"eael-entry-content\">\n                        <div class=\"eael-grid-post-excerpt\"><a href=\"https:\/\/soymigrante.com\/revista\/el-pueblo-chuj-tiene-firme-raiz-en-las-montanas-de-huehuetenango\/\" class=\"eael-post-elements-readmore-btn\">CONOCE SU HISTORIA <\/a><\/div>\n                    <\/div><\/div><\/div>\n        <\/div>\n    <\/article><article class=\"eael-grid-post  eael-post-grid-column eael-pg-post-7926 category-guate-nuestra\" data-id=\"7926\">\n        <div class=\"eael-grid-post-holder\">\n            <div class=\"eael-grid-post-holder-inner\"><div class=\"eael-entry-media\"><div class=\"eael-entry-overlay fade-in\"><i class=\"far fa-hand-pointer\" aria-hidden=\"true\"><\/i><a href=\"https:\/\/soymigrante.com\/revista\/llamas-de-los-cuchumatanes-migraron-hace-23-anos-a-guatemala\/\"><\/a><\/div><div class=\"eael-entry-thumbnail \">\n                <img loading=\"lazy\" decoding=\"async\" width=\"701\" height=\"406\" src=\"https:\/\/soymigrante.com\/revista\/wp-content\/uploads\/2024\/08\/Llama-de-los-Cuchumatanes-Huehuetenango-Soy-Migrante-1.webp\" class=\"attachment-large size-large wp-image-7965\" alt=\"Alt: Joven con sombrero interactuando con llamas en un campo verde, naturaleza y animales en un entorno rural en Per\u00fa.\" srcset=\"https:\/\/soymigrante.com\/revista\/wp-content\/uploads\/2024\/08\/Llama-de-los-Cuchumatanes-Huehuetenango-Soy-Migrante-1.webp 701w, https:\/\/soymigrante.com\/revista\/wp-content\/uploads\/2024\/08\/Llama-de-los-Cuchumatanes-Huehuetenango-Soy-Migrante-1-300x174.webp 300w\" sizes=\"(max-width: 701px) 100vw, 701px\" \/>\n            <\/div>\n        <\/div><div class=\"eael-entry-wrapper\"><header class=\"eael-entry-header\"><h2 class=\"eael-entry-title\"><a class=\"eael-grid-post-link\" href=\"https:\/\/soymigrante.com\/revista\/llamas-de-los-cuchumatanes-migraron-hace-23-anos-a-guatemala\/\" title=\"Llamas de los Cuchumatanes &#8220;migraron&#8221; hace 23 a\u00f1os a Guatemala\">Llamas de los Cuchumatanes &#8220;migraron&#8221; hace 23 a\u00f1os a Guatemala<\/a><\/h2><\/header><div class=\"eael-entry-content\">\n                        <div class=\"eael-grid-post-excerpt\"><a href=\"https:\/\/soymigrante.com\/revista\/llamas-de-los-cuchumatanes-migraron-hace-23-anos-a-guatemala\/\" class=\"eael-post-elements-readmore-btn\">CONOCE SU HISTORIA <\/a><\/div>\n                    <\/div><\/div><\/div>\n        <\/div>\n    <\/article><\/div>\n            <div class=\"clearfix\"><\/div>\n        <\/div>\t\t\t\t<\/div>\n\t\t\t\t\t<\/div>\n\t\t\t\t<\/div>\n\t\t\t\t<\/div>\n\t\t","protected":false},"excerpt":{"rendered":"<p>Enclavada en las impresionantes monta\u00f1as de los Cuchumatanes, Chiabal ha sido reconocida como uno de los Best Tourist Villages por la Organizaci\u00f3n Mundial del Turismo. Chiabal, una encantadora aldea\u00a0ubicada en los imponentes Cuchumatanes, dentro del municipio de Todos Santos Cuchumat\u00e1n, Huehuetenango, ha sido reconocida por la Organizaci\u00f3n Mundial del Turismo (OMT) como uno de los [&hellip;]<\/p>\n","protected":false},"author":23,"featured_media":17308,"comment_status":"open","ping_status":"open","sticky":false,"template":"","format":"standard","meta":{"_acf_changed":false,"_eb_attr":"","footnotes":""},"categories":[58],"tags":[],"class_list":["post-17291","post","type-post","status-publish","format-standard","has-post-thumbnail","hentry","category-guate-nuestra"],"acf":[],"aioseo_notices":[],"aioseo_head":"\n\t\t<!-- All in One SEO Pro 4.9.6.2 - aioseo.com -->\n\t<meta name=\"description\" content=\"La granja de las Llamas de los Cuchumatanes est\u00e1 ubicada a 260 kil\u00f3metros de la Ciudad de Guatemala, a una hora de la cabecera departamental de Huehuetenango.\" \/>\n\t<meta name=\"robots\" content=\"max-snippet:-1, max-image-preview:large, max-video-preview:-1\" \/>\n\t<meta name=\"author\" content=\"Beatriz Tercero\"\/>\n\t<link rel=\"canonical\" href=\"https:\/\/soymigrante.com\/revista\/llamas-de-los-cuchumatanes-migraron-hace-23-anos-a-guatemala\/\" \/>\n\t<meta name=\"generator\" content=\"All in One SEO Pro (AIOSEO) 4.9.6.2\" \/>\n\n\t\t<link rel=\"preconnect\" href=\"https:\/\/fonts.googleapis.com\" crossorigin>\n<link rel=\"preconnect\" href=\"https:\/\/fonts.gstatic.com\" crossorigin>\n\t\t<meta property=\"og:locale\" content=\"es_ES\" \/>\n\t\t<meta property=\"og:site_name\" content=\"SoyMigrante.com REVISTA \u2013 Nuestra misi\u00f3n es reconocer y dignificar al migrante.\" \/>\n\t\t<meta property=\"og:type\" content=\"article\" \/>\n\t\t<meta property=\"og:title\" content=\"Llamas chilenas &quot;migraron&quot; a los Cuchumatanes hace 23 a\u00f1os\" \/>\n\t\t<meta property=\"og:description\" content=\"La granja de las Llamas de los Cuchumatanes est\u00e1 ubicada a 260 kil\u00f3metros de la Ciudad de Guatemala, a una hora de la cabecera departamental de Huehuetenango.\" \/>\n\t\t<meta property=\"og:url\" content=\"https:\/\/soymigrante.com\/revista\/llamas-de-los-cuchumatanes-migraron-hace-23-anos-a-guatemala\/\" \/>\n\t\t<meta property=\"og:image\" content=\"https:\/\/soymigrante.com\/revista\/wp-content\/uploads\/2024\/08\/Llama-de-los-Cuchumatanes-Huehuetenango-Soy-Migrante-1.webp\" \/>\n\t\t<meta property=\"og:image:secure_url\" content=\"https:\/\/soymigrante.com\/revista\/wp-content\/uploads\/2024\/08\/Llama-de-los-Cuchumatanes-Huehuetenango-Soy-Migrante-1.webp\" \/>\n\t\t<meta property=\"og:image:width\" content=\"701\" \/>\n\t\t<meta property=\"og:image:height\" content=\"406\" \/>\n\t\t<meta property=\"article:published_time\" content=\"2024-08-13T16:46:19+00:00\" \/>\n\t\t<meta property=\"article:modified_time\" content=\"2024-11-01T07:52:24+00:00\" \/>\n\t\t<meta property=\"article:publisher\" content=\"https:\/\/www.facebook.com\/soymigrantecom\" \/>\n\t\t<meta name=\"twitter:card\" content=\"summary_large_image\" \/>\n\t\t<meta name=\"twitter:site\" content=\"@SoyMigrante_com\" \/>\n\t\t<meta name=\"twitter:title\" content=\"Llamas chilenas &quot;migraron&quot; a los Cuchumatanes hace 23 a\u00f1os\" \/>\n\t\t<meta name=\"twitter:description\" content=\"La granja de las Llamas de los Cuchumatanes est\u00e1 ubicada a 260 kil\u00f3metros de la Ciudad de Guatemala, a una hora de la cabecera departamental de Huehuetenango.\" \/>\n\t\t<meta name=\"twitter:creator\" content=\"@SoyMigrante_com\" \/>\n\t\t<meta name=\"twitter:image\" content=\"https:\/\/soymigrante.com\/revista\/wp-content\/uploads\/2024\/08\/Llama-de-los-Cuchumatanes-Huehuetenango-Soy-Migrante-1.webp\" \/>\n\t\t<!-- All in One SEO Pro -->\r\n\t\t<title>Llamas chilenas &quot;migraron&quot; a los Cuchumatanes hace 23 a\u00f1os<\/title>\n\n","aioseo_head_json":{"title":"Llamas chilenas \"migraron\" a los Cuchumatanes hace 23 a\u00f1os","description":"La granja de las Llamas de los Cuchumatanes est\u00e1 ubicada a 260 kil\u00f3metros de la Ciudad de Guatemala, a una hora de la cabecera departamental de Huehuetenango.","canonical_url":"https:\/\/soymigrante.com\/revista\/llamas-de-los-cuchumatanes-migraron-hace-23-anos-a-guatemala\/","robots":"max-snippet:-1, max-image-preview:large, max-video-preview:-1","keywords":"","webmasterTools":{"miscellaneous":"&lt;link rel=\"preconnect\" href=\"https:\/\/fonts.googleapis.com\" crossorigin&gt;\n&lt;link rel=\"preconnect\" href=\"https:\/\/fonts.gstatic.com\" crossorigin&gt;"},"schema":null,"og:locale":"es_ES","og:site_name":"SoyMigrante.com REVISTA \u2013 Nuestra misi\u00f3n es reconocer y dignificar al migrante.","og:type":"article","og:title":"Llamas chilenas &quot;migraron&quot; a los Cuchumatanes hace 23 a\u00f1os","og:description":"La granja de las Llamas de los Cuchumatanes est\u00e1 ubicada a 260 kil\u00f3metros de la Ciudad de Guatemala, a una hora de la cabecera departamental de Huehuetenango.","og:url":"https:\/\/soymigrante.com\/revista\/llamas-de-los-cuchumatanes-migraron-hace-23-anos-a-guatemala\/","og:image":"https:\/\/soymigrante.com\/revista\/wp-content\/uploads\/2024\/08\/Llama-de-los-Cuchumatanes-Huehuetenango-Soy-Migrante-1.webp","og:image:secure_url":"https:\/\/soymigrante.com\/revista\/wp-content\/uploads\/2024\/08\/Llama-de-los-Cuchumatanes-Huehuetenango-Soy-Migrante-1.webp","og:image:width":701,"og:image:height":406,"article:published_time":"2024-08-13T16:46:19+00:00","article:modified_time":"2024-11-01T07:52:24+00:00","article:publisher":"https:\/\/www.facebook.com\/soymigrantecom","twitter:card":"summary_large_image","twitter:site":"@SoyMigrante_com","twitter:title":"Llamas chilenas &quot;migraron&quot; a los Cuchumatanes hace 23 a\u00f1os","twitter:description":"La granja de las Llamas de los Cuchumatanes est\u00e1 ubicada a 260 kil\u00f3metros de la Ciudad de Guatemala, a una hora de la cabecera departamental de Huehuetenango.","twitter:creator":"@SoyMigrante_com","twitter:image":"https:\/\/soymigrante.com\/revista\/wp-content\/uploads\/2024\/08\/Llama-de-los-Cuchumatanes-Huehuetenango-Soy-Migrante-1.webp"},"aioseo_meta_data":{"post_id":"17291","title":"Chiabal une cultura y naturaleza en Los Cuchumatanes","description":"Chiabal estuvo nominada a formar parte de la lista Best Tourism Villages de la ONU. No fue seleccionada pero esto no le resta nada a su encanto natural de altura.","keywords":null,"keyphrases":{"focus":{"keyphrase":"Chiabal","score":82,"analysis":{"keyphraseInTitle":{"score":9,"maxScore":9,"error":0},"keyphraseInDescription":{"score":9,"maxScore":9,"error":0},"keyphraseLength":{"score":9,"maxScore":9,"error":0,"length":1},"keyphraseInURL":{"score":5,"maxScore":5,"error":0},"keyphraseInIntroduction":{"score":9,"maxScore":9,"error":0},"keyphraseInSubHeadings":{"score":3,"maxScore":9,"error":1},"keyphraseInImageAlt":{"score":3,"maxScore":9,"error":1},"keywordDensity":{"type":"best","score":9,"maxScore":9,"error":0}}},"additional":[{"keyphrase":"Cuchumatanes","score":87,"analysis":{"keyphraseInDescription":{"score":3,"maxScore":9,"error":1},"keyphraseLength":{"score":9,"maxScore":9,"error":0,"length":1},"keyphraseInIntroduction":{"score":9,"maxScore":9,"error":0},"keyphraseInImageAlt":{"score":9,"maxScore":9,"error":0},"keywordDensity":{"type":"best","score":9,"maxScore":9,"error":0}}},{"keyphrase":"cultura","score":60,"analysis":{"keyphraseInDescription":{"score":3,"maxScore":9,"error":1},"keyphraseLength":{"score":9,"maxScore":9,"error":0,"length":1},"keyphraseInIntroduction":{"score":3,"maxScore":9,"error":1},"keyphraseInImageAlt":{"score":3,"maxScore":9,"error":1},"keywordDensity":{"type":"best","score":9,"maxScore":9,"error":0}}}]},"primary_term":null,"canonical_url":null,"og_title":null,"og_description":null,"og_object_type":"default","og_image_type":"default","og_image_url":null,"og_image_width":null,"og_image_height":null,"og_image_custom_url":null,"og_image_custom_fields":null,"og_video":"","og_custom_url":null,"og_article_section":null,"og_article_tags":null,"twitter_use_og":false,"twitter_card":"default","twitter_image_type":"default","twitter_image_url":null,"twitter_image_custom_url":null,"twitter_image_custom_fields":null,"twitter_title":null,"twitter_description":null,"schema":{"blockGraphs":[],"customGraphs":[],"default":{"data":{"Article":[],"Course":[],"Dataset":[],"FAQPage":[],"Movie":[],"Person":[],"Product":[],"ProductReview":[],"Car":[],"Recipe":[],"Service":[],"SoftwareApplication":[],"WebPage":[]},"graphName":"BlogPosting","isEnabled":true},"graphs":[]},"schema_type":"default","schema_type_options":null,"pillar_content":false,"robots_default":true,"robots_noindex":false,"robots_noarchive":false,"robots_nosnippet":false,"robots_nofollow":false,"robots_noimageindex":false,"robots_noodp":false,"robots_notranslate":false,"robots_max_snippet":"-1","robots_max_videopreview":"-1","robots_max_imagepreview":"large","priority":null,"frequency":"default","local_seo":null,"seo_analyzer_scan_date":"2025-10-09 01:35:13","breadcrumb_settings":null,"limit_modified_date":false,"reviewed_by":null,"open_ai":"{\"title\":{\"suggestions\":[],\"usage\":0},\"description\":{\"suggestions\":[],\"usage\":0}}","ai":null,"created":"2024-12-19 19:06:49","updated":"2026-02-04 18:47:15"},"aioseo_breadcrumb":"<div class=\"aioseo-breadcrumbs\"><span class=\"aioseo-breadcrumb\">\n\t<a href=\"https:\/\/soymigrante.com\/revista\" title=\"Home\">Home<\/a>\n<\/span><span class=\"aioseo-breadcrumb-separator\">\u00bb<\/span><span class=\"aioseo-breadcrumb\">\n\t<a href=\"https:\/\/soymigrante.com\/revista\/category\/guate-nuestra\/\" title=\"Guate Nuestra\">Guate Nuestra<\/a>\n<\/span><span class=\"aioseo-breadcrumb-separator\">\u00bb<\/span><span class=\"aioseo-breadcrumb\">\n\tChiabal conecta cultura y naturaleza en lo alto de los Cuchumatanes\n<\/span><\/div>","aioseo_breadcrumb_json":[{"label":"Home","link":"https:\/\/soymigrante.com\/revista"},{"label":"Guate Nuestra","link":"https:\/\/soymigrante.com\/revista\/category\/guate-nuestra\/"},{"label":"Chiabal conecta cultura y naturaleza en lo alto de los Cuchumatanes","link":"https:\/\/soymigrante.com\/revista\/chiabal-conecta-cultura-y-naturaleza-en-lo-alto-de-los-cuchumatanes\/"}],"_links":{"self":[{"href":"https:\/\/soymigrante.com\/revista\/wp-json\/wp\/v2\/posts\/17291","targetHints":{"allow":["GET"]}}],"collection":[{"href":"https:\/\/soymigrante.com\/revista\/wp-json\/wp\/v2\/posts"}],"about":[{"href":"https:\/\/soymigrante.com\/revista\/wp-json\/wp\/v2\/types\/post"}],"author":[{"embeddable":true,"href":"https:\/\/soymigrante.com\/revista\/wp-json\/wp\/v2\/users\/23"}],"replies":[{"embeddable":true,"href":"https:\/\/soymigrante.com\/revista\/wp-json\/wp\/v2\/comments?post=17291"}],"version-history":[{"count":0,"href":"https:\/\/soymigrante.com\/revista\/wp-json\/wp\/v2\/posts\/17291\/revisions"}],"wp:featuredmedia":[{"embeddable":true,"href":"https:\/\/soymigrante.com\/revista\/wp-json\/wp\/v2\/media\/17308"}],"wp:attachment":[{"href":"https:\/\/soymigrante.com\/revista\/wp-json\/wp\/v2\/media?parent=17291"}],"wp:term":[{"taxonomy":"category","embeddable":true,"href":"https:\/\/soymigrante.com\/revista\/wp-json\/wp\/v2\/categories?post=17291"},{"taxonomy":"post_tag","embeddable":true,"href":"https:\/\/soymigrante.com\/revista\/wp-json\/wp\/v2\/tags?post=17291"}],"curies":[{"name":"wp","href":"https:\/\/api.w.org\/{rel}","templated":true}]}}