{"id":17201,"date":"2024-12-19T11:20:35","date_gmt":"2024-12-19T17:20:35","guid":{"rendered":"https:\/\/soymigrante.com\/revista\/?p=17201"},"modified":"2024-12-28T12:17:12","modified_gmt":"2024-12-28T18:17:12","slug":"y-cuando-evelyn-desperto-su-gran-sueno-todavia-estaba-alli","status":"publish","type":"post","link":"https:\/\/soymigrante.com\/revista\/y-cuando-evelyn-desperto-su-gran-sueno-todavia-estaba-alli\/","title":{"rendered":"Y cuando Evelyn despert\u00f3, su gran sue\u00f1o de cine todav\u00eda estaba all\u00ed"},"content":{"rendered":"\t\t<div data-elementor-type=\"wp-post\" data-elementor-id=\"17201\" class=\"elementor elementor-17201\" data-elementor-post-type=\"post\">\n\t\t\t\t<div data-particle_enable=\"false\" data-particle-mobile-disabled=\"false\" class=\"elementor-element elementor-element-59e021e5 e-flex e-con-boxed e-con e-parent\" data-id=\"59e021e5\" data-element_type=\"container\" data-e-type=\"container\">\n\t\t\t\t\t<div class=\"e-con-inner\">\n\t\t\t\t<div class=\"elementor-element elementor-element-73e2d1da elementor-widget elementor-widget-text-editor\" data-id=\"73e2d1da\" data-element_type=\"widget\" data-e-type=\"widget\" data-widget_type=\"text-editor.default\">\n\t\t\t\t\t\t\t\t\t\n<p> <\/p>\n\t\t\t\t\t\t\t\t<\/div>\n\t\t\t\t\t<\/div>\n\t\t\t\t<\/div>\n\t\t<div data-particle_enable=\"false\" data-particle-mobile-disabled=\"false\" class=\"elementor-element elementor-element-b74749c e-flex e-con-boxed e-con e-parent\" data-id=\"b74749c\" data-element_type=\"container\" data-e-type=\"container\">\n\t\t\t\t\t<div class=\"e-con-inner\">\n\t\t\t\t<div class=\"elementor-element elementor-element-83a9594 elementor-widget elementor-widget-heading\" data-id=\"83a9594\" data-element_type=\"widget\" data-e-type=\"widget\" data-widget_type=\"heading.default\">\n\t\t\t\t\t<h2 class=\"elementor-heading-title elementor-size-default\"><span style=\"font-size: 31.2px\">Cineasta y actriz guatemalteca, creci\u00f3 en un hogar migrante donde aprendi\u00f3 a valorar la vida  y tener los pies en la tierra, dice. En entrevista cuenta detalles de su vida y de su galardonado cortometraje Gabriela, escrito en 2021, dirigido en 2022 y presentado en m\u00e1s de 50 festivales desde 2022. \"Hay elementos de mi vida en Gabriela\", expresa. Esta es su historia.\n<\/span><div><br><\/div><\/h2>\t\t\t\t<\/div>\n\t\t\t\t\t<\/div>\n\t\t\t\t<\/div>\n\t\t<div data-particle_enable=\"false\" data-particle-mobile-disabled=\"false\" class=\"elementor-element elementor-element-3b06afe e-flex e-con-boxed e-con e-parent\" data-id=\"3b06afe\" data-element_type=\"container\" data-e-type=\"container\">\n\t\t\t\t\t<div class=\"e-con-inner\">\n\t\t\t\t<div class=\"elementor-element elementor-element-0a1c86f elementor-widget elementor-widget-text-editor\" data-id=\"0a1c86f\" data-element_type=\"widget\" data-e-type=\"widget\" data-widget_type=\"text-editor.default\">\n\t\t\t\t\t\t\t\t\t<p><\/p>\n<h5 style=\"font-variant-ligatures: normal; font-variant-caps: normal;\"><i style=\"\"><span style=\"font-style: normal;\">&#8220;Y cuando despert\u00f3, el Dinosaurio todav\u00eda estaba all\u00ed&#8221;.<\/span><br><\/i><span style=\"color: var( --e-global-color-text ); font-family: Roboto, sans-serif; font-size: 16px; font-variant-ligatures: normal; font-variant-caps: normal; font-weight: 400; text-align: var(--text-align);\"><i>Cuento El Dinosaurio del escritor guatemalteco Augusto Monterroso (1921-2006)<\/i><\/span><\/h5><div><span style=\"color: var( --e-global-color-text ); font-family: Roboto, sans-serif; font-size: 16px; font-variant-ligatures: normal; font-variant-caps: normal; font-weight: 400; text-align: var(--text-align);\"><i><br><\/i><\/span><\/div>\n<p><span style=\"font-family: Roboto, sans-serif; font-size: 16px; font-style: normal; font-variant-ligatures: normal; font-variant-caps: normal; font-weight: 400; color: var( --e-global-color-text ); text-align: var(--text-align);\">Debido a una situaci\u00f3n de salud, en 2021 Evelyn Lorena estuvo hospitalizada, en coma, durante un mes.&nbsp;<\/span>Por eso, recordando el famoso y breve relato de Monterroso decimos: Cuando Evelyn Lorena despert\u00f3, su gran sue\u00f1o todav\u00eda estaba all\u00ed, al iigual que proyecto de gui\u00f3n del futuro cortometraje Gabriela. Quien ya no era la misma era Evelyn, como ella misma lo descibir\u00e1.<\/p>\n<p>Evelyn Lorena c<span style=\"color: var( --e-global-color-text ); text-align: var(--text-align);\">reci\u00f3 en Wilmington, Carolina del Norte, junto a sus padres, migrantes guatemaltecos. E<\/span><span style=\"color: var( --e-global-color-text ); text-align: var(--text-align);\">studi\u00f3 arte y actuaci\u00f3n en la Universidad de Nueva York. Ha participado en obras teatro y audicionado para papeles en pel\u00edculas. Es autora y directora del cortometraje &#8220;Gabriela&#8221;, producido con una beca de Netflix y el Festival F\u00edlmico de Los Angeles, cone l cual ha ganado m\u00faltiples premios en varios festivales.&nbsp;<\/span><\/p>\n<p>Gabriela es la historia de una joven migrante que sue\u00f1a con competir en nataci\u00f3n, pero su situaci\u00f3n legal irregular es una de las barreras.&nbsp;<span style=\"color: var( --e-global-color-text ); text-align: var(--text-align);\">\u00bfQuieres ver Gabriela? Aqu\u00ed est\u00e1.<\/span><\/p>\n<p><\/p>\t\t\t\t\t\t\t\t<\/div>\n\t\t\t\t<div class=\"elementor-element elementor-element-041f572 elementor-widget elementor-widget-text-editor\" data-id=\"041f572\" data-element_type=\"widget\" data-e-type=\"widget\" data-widget_type=\"text-editor.default\">\n\t\t\t\t\t\t\t\t\t<h4><span style=\"color: var( --e-global-color-text ); text-align: var(--text-align);\">\u00bfAlguna vez te has puesto nerviosa al actuar?<\/span><\/h4>\n<p>\u00a0<\/p>\t\t\t\t\t\t\t\t<\/div>\n\t\t\t\t\t<\/div>\n\t\t\t\t<\/div>\n\t\t<div data-particle_enable=\"false\" data-particle-mobile-disabled=\"false\" class=\"elementor-element elementor-element-de0d15b e-flex e-con-boxed e-con e-parent\" data-id=\"de0d15b\" data-element_type=\"container\" data-e-type=\"container\">\n\t\t\t\t\t<div class=\"e-con-inner\">\n\t\t\t\t<div class=\"elementor-element elementor-element-00d5d7c elementor-widget elementor-widget-heading\" data-id=\"00d5d7c\" data-element_type=\"widget\" data-e-type=\"widget\" data-widget_type=\"heading.default\">\n\t\t\t\t\t<h4 class=\"elementor-heading-title elementor-size-default\">\u00bfQuieres ver a Evelyn Lorena en <i>Gabriela<\/i>? Aqu\u00ed est\u00e1 el corto completo<\/h4>\t\t\t\t<\/div>\n\t\t\t\t\t<\/div>\n\t\t\t\t<\/div>\n\t\t<div data-particle_enable=\"false\" data-particle-mobile-disabled=\"false\" class=\"elementor-element elementor-element-e7d7582 e-flex e-con-boxed e-con e-parent\" data-id=\"e7d7582\" data-element_type=\"container\" data-e-type=\"container\">\n\t\t\t\t\t<div class=\"e-con-inner\">\n\t\t\t\t<div class=\"elementor-element elementor-element-3b6db7e elementor-widget elementor-widget-video\" data-id=\"3b6db7e\" data-element_type=\"widget\" data-e-type=\"widget\" data-settings=\"{&quot;youtube_url&quot;:&quot;https:\\\/\\\/www.youtube.com\\\/watch?v=no-20lBmOIA&quot;,&quot;start&quot;:7,&quot;video_type&quot;:&quot;youtube&quot;,&quot;controls&quot;:&quot;yes&quot;}\" data-widget_type=\"video.default\">\n\t\t\t\t\t\t\t<div class=\"elementor-wrapper elementor-open-inline\">\n\t\t\t<div class=\"elementor-video\"><\/div>\t\t<\/div>\n\t\t\t\t\t\t<\/div>\n\t\t\t\t\t<\/div>\n\t\t\t\t<\/div>\n\t\t<div data-particle_enable=\"false\" data-particle-mobile-disabled=\"false\" class=\"elementor-element elementor-element-a47818a e-flex e-con-boxed e-con e-parent\" data-id=\"a47818a\" data-element_type=\"container\" data-e-type=\"container\">\n\t\t\t\t\t<div class=\"e-con-inner\">\n\t\t\t\t<div class=\"elementor-element elementor-element-3dc5a0d elementor-widget elementor-widget-text-editor\" data-id=\"3dc5a0d\" data-element_type=\"widget\" data-e-type=\"widget\" data-widget_type=\"text-editor.default\">\n\t\t\t\t\t\t\t\t\t<h4><span style=\"color: var( --e-global-color-text ); text-align: var(--text-align);\">Gabriela ha tenido una ruta afortunada, muy buena recepci\u00f3n \u00bfEn qu\u00e9 radica su \u00e9xito?\u00a0<\/span><\/h4>\n<p><span style=\"color: var( --e-global-color-text ); text-align: var(--text-align);\">La verdad no lo s\u00e9. Pero s\u00ed dir\u00e9 que todo el equipo de producci\u00f3n del corto hemos trabajado muy duro para hacer algo que tenga mucha emoci\u00f3n, que sea una historia honesta, aut\u00e9ntica y en conexi\u00f3n con la gente. Para m\u00ed fue algo muy personal y creo que eso es parte de lo que crea empat\u00eda en la gente, especialmente\u00a0 los migrantes.<\/span><\/p>\n<h4 style=\"font-style: normal; font-variant-ligatures: normal; font-variant-caps: normal;\"><span style=\"color: var( --e-global-color-text ); text-align: var(--text-align);\">Gabriela tambi\u00e9n est\u00e1 enferma&#8230;<\/span><\/h4>\n<p style=\"font-style: normal; font-variant-ligatures: normal; font-variant-caps: normal; font-weight: 400; font-size: 16px; font-family: Roboto, sans-serif;\">No es un documental de mi vida, pero s\u00ed agarr\u00e9 cosas emocionalmente verdaderas. Esa experiencia de estar muy enferma yo la quer\u00eda traer al corto pero para que sirviera a la historia y la narrativa.<\/p>\n<h4 style=\"font-style: normal; font-variant-ligatures: normal; font-variant-caps: normal;\"><span style=\"color: var( --e-global-color-text ); text-align: var(--text-align);\">\u00bfCu\u00e1ndo fue producida?\u00a0<\/span><\/h4>\n<p style=\"font-style: normal; font-variant-ligatures: normal; font-variant-caps: normal; font-weight: 400; font-size: 16px; font-family: Roboto, sans-serif;\">Ganamos la beca de Netflix en 2021, comenzamos en 2022 y se termin\u00f3 la producci\u00f3n en 2023. Ha sido todo un proceso.<\/p>\n<p>\u00a0<\/p>\t\t\t\t\t\t\t\t<\/div>\n\t\t\t\t\t<\/div>\n\t\t\t\t<\/div>\n\t\t<div data-particle_enable=\"false\" data-particle-mobile-disabled=\"false\" class=\"elementor-element elementor-element-7686272 e-flex e-con-boxed e-con e-parent\" data-id=\"7686272\" data-element_type=\"container\" data-e-type=\"container\">\n\t\t\t\t\t<div class=\"e-con-inner\">\n\t\t\t\t<div class=\"elementor-element elementor-element-eb176a2 elementor-widget elementor-widget-image\" data-id=\"eb176a2\" data-element_type=\"widget\" data-e-type=\"widget\" data-widget_type=\"image.default\">\n\t\t\t\t\t\t\t\t\t\t\t\t<figure class=\"wp-caption\">\n\t\t\t\t\t\t\t\t\t\t<img fetchpriority=\"high\" decoding=\"async\" width=\"768\" height=\"519\" src=\"https:\/\/soymigrante.com\/revista\/wp-content\/uploads\/2024\/12\/evelyn-lorena-actriz-guatemalteca-2.webp\" class=\"attachment-large size-large wp-image-17213\" alt=\"Relajaci\u00f3n y moda en la cultura migrante, mujer con pijama de sat\u00edn en interior acogedor, simboliza la presencia y estilo de la comunidad latina en el extranjero.\" srcset=\"https:\/\/soymigrante.com\/revista\/wp-content\/uploads\/2024\/12\/evelyn-lorena-actriz-guatemalteca-2.webp 1013w, https:\/\/soymigrante.com\/revista\/wp-content\/uploads\/2024\/12\/evelyn-lorena-actriz-guatemalteca-2-300x203.jpg 300w, https:\/\/soymigrante.com\/revista\/wp-content\/uploads\/2024\/12\/evelyn-lorena-actriz-guatemalteca-2-768x519.jpg 768w, https:\/\/soymigrante.com\/revista\/wp-content\/uploads\/2024\/12\/evelyn-lorena-actriz-guatemalteca-2-750x506.webp 750w\" sizes=\"(max-width: 768px) 100vw, 768px\" title=\"Evelyn Lorena atribuye a sus ra\u00edces guatemaltecas, inculcadas a trav\u00e9s de sus padres, la capacidad de tener los pies siempre en la tierra para continuar avanzando en busca de sus sue\u00f1os. \u2013 SoyMigrante.com REVISTA\" \/>\t\t\t\t\t\t\t\t\t\t\t<figcaption class=\"widget-image-caption wp-caption-text\">Mujer en pijama de sat\u00edn en una sala acogedora, reflejando el estilo y la cultura migrante en un ambiente hogare\u00f1o y c\u00e1lido.<\/figcaption>\n\t\t\t\t\t\t\t\t\t\t<\/figure>\n\t\t\t\t\t\t\t\t\t<\/div>\n\t\t\t\t\t<\/div>\n\t\t\t\t<\/div>\n\t\t<div data-particle_enable=\"false\" data-particle-mobile-disabled=\"false\" class=\"elementor-element elementor-element-f33805d e-flex e-con-boxed e-con e-parent\" data-id=\"f33805d\" data-element_type=\"container\" data-e-type=\"container\">\n\t\t\t\t\t<div class=\"e-con-inner\">\n\t\t\t\t<div class=\"elementor-element elementor-element-ecf5e12 elementor-widget elementor-widget-text-editor\" data-id=\"ecf5e12\" data-element_type=\"widget\" data-e-type=\"widget\" data-widget_type=\"text-editor.default\">\n\t\t\t\t\t\t\t\t\t<p>\u00a0<\/p>\n<h4><span style=\"color: var( --e-global-color-text ); text-align: var(--text-align);\">\u00bfEn qu\u00e9 momento te naci\u00f3 el deseo de estudiar cine?<\/span><\/h4>\n<p>Ten\u00eda unos 11 a\u00f1os en una presentaci\u00f3n de teatro. Hice el papel de Dorothy en el Mago de Oz. Fue como una ilusi\u00f3n, pero una muy fuerte. Como a los 15 a\u00f1os de nuevo identifiqu\u00e9 ese rumbo: quer\u00eda hacer cine. ;Mis pap\u00e1s creo que no lo ve\u00edan como algo muy realista quiz\u00e1.<\/p>\n<h4 style=\"font-style: normal; font-variant-ligatures: normal; font-variant-caps: normal;\"><span style=\"color: var( --e-global-color-text ); text-align: var(--text-align);\">Quiz\u00e1 se preguntaban \u00bfde qu\u00e9 va a vivir?\u00a0\u00a0<\/span><\/h4>\n<p style=\"font-style: normal; font-variant-ligatures: normal; font-variant-caps: normal; font-weight: 400; font-size: 16px; font-family: Roboto, sans-serif;\">Quiz\u00e1 ve\u00edan la vida de ciertas celebridades y dec\u00edan: eso es un poquito vac\u00edo. Pero yo no estaba all\u00ed por la fama sino por el arte, para crear historias, aprender de las personas como actriz y crear un impacto en la audiencia.\u00a0<span style=\"font-style: normal; font-variant-ligatures: normal; font-variant-caps: normal; font-weight: 400; font-size: 16px; font-family: Roboto, sans-serif; color: var( --e-global-color-text ); text-align: var(--text-align);\">Gan\u00e9 el ingreso a la Universidad de Nueva York para arte y\u00a0 drama. Ellos se sintieron orgullosos y vieron que yo estaba hablando en serio.<\/span><span style=\"font-style: normal; font-variant-ligatures: normal; font-variant-caps: normal; font-weight: 400; font-size: 16px; font-family: Roboto, sans-serif; color: var( --e-global-color-text ); text-align: var(--text-align);\">\u00a0<\/span><\/p>\n<h4 style=\"font-style: normal; font-variant-ligatures: normal; font-variant-caps: normal;\"><span style=\"color: var( --e-global-color-text ); text-align: var(--text-align);\">\u00bfHas actuado en obras de teatro?<\/span><\/h4>\n<p style=\"font-style: normal; font-variant-ligatures: normal; font-variant-caps: normal; font-weight: 400; font-size: 16px; font-family: Roboto, sans-serif;\"><span style=\"color: var( --e-global-color-text ); text-align: var(--text-align);\">S\u00ed, fue lo primero que hice. Me encanta esa conexi\u00f3n que se entabla con el p\u00fablico.\u00a0<\/span><\/p>\n<h4 style=\"font-style: normal; font-variant-ligatures: normal; font-variant-caps: normal;\"><span style=\"color: var( --e-global-color-text ); text-align: var(--text-align);\">\u00bfAlguna vez te has puesto nerviosa al actuar?\u00a0<\/span><\/h4>\n<p style=\"font-style: normal; font-variant-ligatures: normal; font-variant-caps: normal; font-weight: 400; font-size: 16px; font-family: Roboto, sans-serif;\"><span style=\"color: var( --e-global-color-text ); text-align: var(--text-align);\">Todo el tiempo. No es como ansiedad sino ese preguntarte: \u00bfMe gusta lo que estoy haciendo? \u00bfLo puedo hacer mejor? Esto es como probar a crear magia y es algo que cae del cielo. La experiencia de dirigir y actuar me\u00a0 hizo empoderarme m\u00e1s con el personaje y desarrollarlo.\u00a0<\/span><\/p>\n<p>\u00a0<\/p>\t\t\t\t\t\t\t\t<\/div>\n\t\t\t\t\t<\/div>\n\t\t\t\t<\/div>\n\t\t<div data-particle_enable=\"false\" data-particle-mobile-disabled=\"false\" class=\"elementor-element elementor-element-96e0f8e e-flex e-con-boxed e-con e-parent\" data-id=\"96e0f8e\" data-element_type=\"container\" data-e-type=\"container\">\n\t\t\t\t\t<div class=\"e-con-inner\">\n\t\t\t\t<div class=\"elementor-element elementor-element-e8768ed elementor-widget elementor-widget-image\" data-id=\"e8768ed\" data-element_type=\"widget\" data-e-type=\"widget\" data-widget_type=\"image.default\">\n\t\t\t\t\t\t\t\t\t\t\t\t<figure class=\"wp-caption\">\n\t\t\t\t\t\t\t\t\t\t<img decoding=\"async\" width=\"768\" height=\"956\" src=\"https:\/\/soymigrante.com\/revista\/wp-content\/uploads\/2024\/12\/evelyn-lorena-actriz-guatemalteca-3-823x1024.jpg\" class=\"attachment-large size-large wp-image-17214\" alt=\"Fotograf\u00eda de una mujer con flores y una claqueta de cine, promoviendo la revista SoyMigrante.com REVISTA, en un entorno lleno de flores y creatividad orientada a inmigrantes y cultura.\" srcset=\"https:\/\/soymigrante.com\/revista\/wp-content\/uploads\/2024\/12\/evelyn-lorena-actriz-guatemalteca-3-823x1024.jpg 823w, https:\/\/soymigrante.com\/revista\/wp-content\/uploads\/2024\/12\/evelyn-lorena-actriz-guatemalteca-3-241x300.jpg 241w, https:\/\/soymigrante.com\/revista\/wp-content\/uploads\/2024\/12\/evelyn-lorena-actriz-guatemalteca-3-768x956.jpg 768w, https:\/\/soymigrante.com\/revista\/wp-content\/uploads\/2024\/12\/evelyn-lorena-actriz-guatemalteca-3-750x933.webp 750w, https:\/\/soymigrante.com\/revista\/wp-content\/uploads\/2024\/12\/evelyn-lorena-actriz-guatemalteca-3.webp 876w\" sizes=\"(max-width: 768px) 100vw, 768px\" title=\"No es el af\u00e1n de fama lo que impulsa a Evelyn Gabriela, sino la necesidad de expresar y proyectar emociones compartidas con el p\u00fablico, desde su perspectiva como mujer hispana y guatemalteca. (Imagen de Instagram) \u2013 SoyMigrante.com REVISTA\" \/>\t\t\t\t\t\t\t\t\t\t\t<figcaption class=\"widget-image-caption wp-caption-text\">Mujer con flores y claqueta, representando temas culturales y migratorios en SoyMigrante.com REVISTA, enfocados en derechos y experiencias de migrantes latinoamericanos.<\/figcaption>\n\t\t\t\t\t\t\t\t\t\t<\/figure>\n\t\t\t\t\t\t\t\t\t<\/div>\n\t\t\t\t\t<\/div>\n\t\t\t\t<\/div>\n\t\t<div data-particle_enable=\"false\" data-particle-mobile-disabled=\"false\" class=\"elementor-element elementor-element-636b437 e-flex e-con-boxed e-con e-parent\" data-id=\"636b437\" data-element_type=\"container\" data-e-type=\"container\">\n\t\t\t\t\t<div class=\"e-con-inner\">\n\t\t\t\t<div class=\"elementor-element elementor-element-f11a263 elementor-widget elementor-widget-heading\" data-id=\"f11a263\" data-element_type=\"widget\" data-e-type=\"widget\" data-widget_type=\"heading.default\">\n\t\t\t\t\t<h3 class=\"elementor-heading-title elementor-size-default\">Orgullosa de ser y sentirse guatemalteca<\/h3>\t\t\t\t<\/div>\n\t\t\t\t\t<\/div>\n\t\t\t\t<\/div>\n\t\t<div data-particle_enable=\"false\" data-particle-mobile-disabled=\"false\" class=\"elementor-element elementor-element-2368632 e-flex e-con-boxed e-con e-parent\" data-id=\"2368632\" data-element_type=\"container\" data-e-type=\"container\">\n\t\t\t\t\t<div class=\"e-con-inner\">\n\t\t\t\t<div class=\"elementor-element elementor-element-3776a6b elementor-widget elementor-widget-text-editor\" data-id=\"3776a6b\" data-element_type=\"widget\" data-e-type=\"widget\" data-widget_type=\"text-editor.default\">\n\t\t\t\t\t\t\t\t\t<p><span style=\"color: var( --e-global-color-text ); text-align: var(--text-align);\">A Evelyn Lorena le encanta Guatemala, ha estado en el pa\u00eds varias veces, aunque tiene varios a\u00f1os de no viajar, por trabajo, estudios. Su mam\u00e1 naci\u00f3 en Colomba, Quetzaltenango y su pap\u00e1, en la capital. Se siente muy orgullosa y agradecida de todo el apoyo que le han dado.\u00a0<\/span><\/p>\n<p>Para Evelyn es muy fuerte la presencia guatemalteca en EE.UU., sobre todo en Carolina del Norte. &#8220;Ha crecido mucho la presencia guatemalteca y me preocupo en el buen sentido, pues pienso. Las cosas no est\u00e1n bien en Guatemala como para que tanta gente necesite venir a EE.UU. a luchar por una oportunidad. Me preocupa, pero es alegre encontrar a tantos chapines&#8221;<\/p>\n<p>\u00a0<\/p>\t\t\t\t\t\t\t\t<\/div>\n\t\t\t\t\t<\/div>\n\t\t\t\t<\/div>\n\t\t<div data-particle_enable=\"false\" data-particle-mobile-disabled=\"false\" class=\"elementor-element elementor-element-c15dd79 e-flex e-con-boxed e-con e-parent\" data-id=\"c15dd79\" data-element_type=\"container\" data-e-type=\"container\">\n\t\t\t\t\t<div class=\"e-con-inner\">\n\t\t\t\t<div class=\"elementor-element elementor-element-59b573a elementor-widget elementor-widget-image\" data-id=\"59b573a\" data-element_type=\"widget\" data-e-type=\"widget\" data-widget_type=\"image.default\">\n\t\t\t\t\t\t\t\t\t\t\t\t<figure class=\"wp-caption\">\n\t\t\t\t\t\t\t\t\t\t\t<a href=\"https:\/\/www.instagram.com\/gabriela_film\/\">\n\t\t\t\t\t\t\t<img decoding=\"async\" width=\"768\" height=\"354\" src=\"https:\/\/soymigrante.com\/revista\/wp-content\/uploads\/2024\/12\/evelyn-lorena-corto-gabriela-1024x472.jpg\" class=\"attachment-large size-large wp-image-17215\" alt=\"Pasajeros de migrantes en la playa disfrutando del mar y la naturaleza en la portada de la revista SoyMigrante.com REVISTA, destacando relatos de inmigrantes y temas de migraci\u00f3n.\" srcset=\"https:\/\/soymigrante.com\/revista\/wp-content\/uploads\/2024\/12\/evelyn-lorena-corto-gabriela-1024x472.jpg 1024w, https:\/\/soymigrante.com\/revista\/wp-content\/uploads\/2024\/12\/evelyn-lorena-corto-gabriela-300x138.jpg 300w, https:\/\/soymigrante.com\/revista\/wp-content\/uploads\/2024\/12\/evelyn-lorena-corto-gabriela-768x354.jpg 768w, https:\/\/soymigrante.com\/revista\/wp-content\/uploads\/2024\/12\/evelyn-lorena-corto-gabriela-750x346.webp 750w, https:\/\/soymigrante.com\/revista\/wp-content\/uploads\/2024\/12\/evelyn-lorena-corto-gabriela.webp 1080w\" sizes=\"(max-width: 768px) 100vw, 768px\" title=\"El cortometraje Gabriela ha tenido un exitoso recorrido por festivales f\u00edlmicos y ha obtenido varios premios. \u2013 SoyMigrante.com REVISTA\" \/>\t\t\t\t\t\t\t\t<\/a>\n\t\t\t\t\t\t\t\t\t\t\t<figcaption class=\"widget-image-caption wp-caption-text\">Una escena de dos personas caminando en la playa con mochilas, ilustrando historias de migraci\u00f3n y esperanza en la revista SoyMigrante.com REVISTA.<\/figcaption>\n\t\t\t\t\t\t\t\t\t\t<\/figure>\n\t\t\t\t\t\t\t\t\t<\/div>\n\t\t\t\t\t<\/div>\n\t\t\t\t<\/div>\n\t\t<div data-particle_enable=\"false\" data-particle-mobile-disabled=\"false\" class=\"elementor-element elementor-element-0d6925e e-flex e-con-boxed e-con e-parent\" data-id=\"0d6925e\" data-element_type=\"container\" data-e-type=\"container\">\n\t\t\t\t\t<div class=\"e-con-inner\">\n\t\t\t\t<div class=\"elementor-element elementor-element-0e92598 elementor-widget elementor-widget-text-editor\" data-id=\"0e92598\" data-element_type=\"widget\" data-e-type=\"widget\" data-widget_type=\"text-editor.default\">\n\t\t\t\t\t\t\t\t\t<p>Algunos de los premios que ha obtenido Gabriela, escrita y dirigida por Evelyn Lorena<\/p>\n<p><b><span style=\"background-color: var( --e-global-color-0e21a48 ); color: var( --e-global-color-text );\">Mejor Cortometraje (Herencia Hispana) &#8211; Festival de Cine de Tacoma<br><\/span><span style=\"background-color: var( --e-global-color-0e21a48 ); color: var( --e-global-color-text );\">Mejor Cortometraje Ind\u00edgena &#8211; Cannes World Shorts<br><\/span><span style=\"background-color: var( --e-global-color-0e21a48 ); color: var( --e-global-color-text );\">Mejor Cortometraje Estadounidense &#8211; Festival Internacional de Cine de Caracas<br><\/span><span style=\"background-color: var( --e-global-color-0e21a48 ); color: var( --e-global-color-text );\">Mejor Cortometraje Estadounidense &#8211; Festival Internacional de Cine de Green Mountain<br><\/span><span style=\"background-color: var( --e-global-color-0e21a48 ); color: var( --e-global-color-text );\">Mejor Director &#8211; Festival Internacional de Cine de Green Mountain<br><\/span><span style=\"background-color: var( --e-global-color-0e21a48 ); color: var( --e-global-color-text );\">Premio al Talento &#8211; Festival de Cine LOMA de Los \u00c1ngeles<br><\/span><span style=\"background-color: var( --e-global-color-0e21a48 ); color: var( --e-global-color-text );\">Mejor Cineasta Debutante &#8211; Festival de Cine de Worchester<\/span><\/b><\/p>\n<p><\/p>\t\t\t\t\t\t\t\t<\/div>\n\t\t\t\t\t<\/div>\n\t\t\t\t<\/div>\n\t\t<div data-particle_enable=\"false\" data-particle-mobile-disabled=\"false\" class=\"elementor-element elementor-element-c3e91bc e-flex e-con-boxed e-con e-parent\" data-id=\"c3e91bc\" data-element_type=\"container\" data-e-type=\"container\">\n\t\t\t\t\t<div class=\"e-con-inner\">\n\t\t\t\t<div class=\"elementor-element elementor-element-5e117d1 elementor-widget elementor-widget-text-editor\" data-id=\"5e117d1\" data-element_type=\"widget\" data-e-type=\"widget\" data-widget_type=\"text-editor.default\">\n\t\t\t\t\t\t\t\t\t<h4><span style=\"color: var( --e-global-color-text ); text-align: var(--text-align);\">El corto Gabriela es en efecto sobre el tema migrante<\/span><\/h4>\n<p>S\u00ed. Creo que Gabriela se siente un poco dividida: est\u00e1 entre ser guatemalteca y ser americana, estar en un pa\u00eds pero a\u00fan tener sus ra\u00edces ind\u00edgenas. Ella est\u00e1 tratando de integrarse a s\u00ed misma y a la vida.<\/p>\n<h4 style=\"font-style: normal; font-variant-ligatures: normal; font-variant-caps: normal;\"><span style=\"color: var( --e-global-color-text ); text-align: var(--text-align);\">\u00bfC\u00f3mo fue crecer en un hogar migrante guatemalteco?<\/span><\/h4>\n<p style=\"font-style: normal; font-variant-ligatures: normal; font-variant-caps: normal; font-weight: 400; font-size: 16px; font-family: Roboto, sans-serif;\">La perspectiva de mis padres me ayud\u00f3 mucho a tener los pies en la tierra. Creo que mucha gente americana no siente, no valora el privilegio que tiene en este pa\u00eds. Agradezco a mis pap\u00e1s el esfuerzo que ellos hicieron para que yo saliera adelante. Me dieron valores y una ra\u00edz de identidad que amor y respeto.<\/p>\n<h4 style=\"font-style: normal; font-variant-ligatures: normal; font-variant-caps: normal;\"><span style=\"color: var( --e-global-color-text ); text-align: var(--text-align);\">\u00bfCu\u00e1l es ahora tu gran sue\u00f1o?<\/span><\/h4>\n<p style=\"font-style: normal; font-variant-ligatures: normal; font-variant-caps: normal; font-weight: 400; font-size: 16px; font-family: Roboto, sans-serif;\">Cuando yo me gradu\u00e9 de High School me preguntaron \u00bfC\u00f3mo quer\u00e9s estar en 10 a\u00f1os? (Aqu\u00ed ya saben bien que soy de Guatemala porque hablo de &#8220;vos&#8221; y digo &#8220;cabal&#8221;, aclara sonriendo) A todos nos hicieron esa pregunta. Y todos respondieron: quiero este carro, quiero esta casa, quiero esta fama, quiero esto. Y yo solo dije: quiero estar feliz. Y para m\u00ed, desde todo lo que me pas\u00f3 con mi salud y todo, realmente ese es mi sue\u00f1o. Ser feliz cada d\u00eda.<\/p>\n<p style=\"font-style: normal; font-variant-ligatures: normal; font-variant-caps: normal; font-weight: 400; font-size: 16px; font-family: Roboto, sans-serif;\">O sea, no lo siento como sue\u00f1o porque en este momento pruebo crear mi felicidad y tener esa paz espiritual. Eso es lo que quiero tambi\u00e9n en todos los trabajos y papeles que hago. Y es parte de Gabriela tambi\u00e9n: tener paz y fortaleza. Y yo siento que ese es el sue\u00f1o americano:tener esa fortaleza espiritual y esa paz\u00a0 en comunidad para transmitirla a tus hijos y\u00a0 seguir adelante.<\/p>\t\t\t\t\t\t\t\t<\/div>\n\t\t\t\t\t<\/div>\n\t\t\t\t<\/div>\n\t\t<div data-particle_enable=\"false\" data-particle-mobile-disabled=\"false\" class=\"elementor-element elementor-element-5ab406d e-flex e-con-boxed e-con e-parent\" data-id=\"5ab406d\" data-element_type=\"container\" data-e-type=\"container\">\n\t\t\t\t\t<div class=\"e-con-inner\">\n\t\t\t\t<div class=\"elementor-element elementor-element-9ba1c8a elementor-invisible elementor-widget elementor-widget-testimonial\" data-id=\"9ba1c8a\" data-element_type=\"widget\" data-e-type=\"widget\" data-settings=\"{&quot;_animation&quot;:&quot;rotateInUpRight&quot;}\" data-widget_type=\"testimonial.default\">\n\t\t\t\t\t\t\t<div class=\"elementor-testimonial-wrapper\">\n\t\t\t\t\t\t\t<div class=\"elementor-testimonial-content\">\"El sue\u00f1o americano es tener esa fortaleza y paz espiritual, en persona y comunidad, para poder transmitirla a tus hijos y seguir adelante\" <\/div>\n\t\t\t\n\t\t\t\t\t\t<div class=\"elementor-testimonial-meta elementor-has-image elementor-testimonial-image-position-aside\">\n\t\t\t\t<div class=\"elementor-testimonial-meta-inner\">\n\t\t\t\t\t\t\t\t\t\t\t<div class=\"elementor-testimonial-image\">\n\t\t\t\t\t\t\t<img loading=\"lazy\" decoding=\"async\" width=\"452\" height=\"563\" src=\"https:\/\/soymigrante.com\/revista\/wp-content\/uploads\/2024\/12\/Captura-de-pantalla-2024-12-19-080404.webp\" class=\"attachment-full size-full wp-image-17216\" alt=\"Belleza femenina con cabello rizado y expresi\u00f3n segura, vestida con rojo, en fotograf\u00eda profesional para revista SoyMigrante.com REVISTA, enfocada en migraci\u00f3n y cultura.\" title=\"Captura de pantalla 2024-12-19 080404 \u2013 SoyMigrante.com REVISTA\" srcset=\"https:\/\/soymigrante.com\/revista\/wp-content\/uploads\/2024\/12\/Captura-de-pantalla-2024-12-19-080404.webp 452w, https:\/\/soymigrante.com\/revista\/wp-content\/uploads\/2024\/12\/Captura-de-pantalla-2024-12-19-080404-241x300.jpg 241w\" sizes=\"(max-width: 452px) 100vw, 452px\" \/>\t\t\t\t\t\t<\/div>\n\t\t\t\t\t\n\t\t\t\t\t\t\t\t\t\t<div class=\"elementor-testimonial-details\">\n\t\t\t\t\t\t\t\t\t\t\t\t\t\t<div class=\"elementor-testimonial-name\">Evelyn Lorena<\/div>\n\t\t\t\t\t\t\t\t\t\t\t\t\t\t\t\t\t\t\t\t\t\t<div class=\"elementor-testimonial-job\">Cineasta guatemalteca, \nhija de migrantes<\/div>\n\t\t\t\t\t\t\t\t\t\t\t\t\t<\/div>\n\t\t\t\t\t\t\t\t\t<\/div>\n\t\t\t<\/div>\n\t\t\t\t\t<\/div>\n\t\t\t\t\t\t<\/div>\n\t\t\t\t\t<\/div>\n\t\t\t\t<\/div>\n\t\t<div data-particle_enable=\"false\" data-particle-mobile-disabled=\"false\" class=\"elementor-element elementor-element-856f806 e-flex e-con-boxed e-con e-parent\" data-id=\"856f806\" data-element_type=\"container\" data-e-type=\"container\">\n\t\t\t\t\t<div class=\"e-con-inner\">\n\t\t\t\t<div class=\"elementor-element elementor-element-4bff9c9 elementor-widget elementor-widget-text-editor\" data-id=\"4bff9c9\" data-element_type=\"widget\" data-e-type=\"widget\" data-widget_type=\"text-editor.default\">\n\t\t\t\t\t\t\t\t\t<h4><span style=\"color: var( --e-global-color-text ); text-align: var(--text-align);\">Y ya que sos y te sent\u00eds chapina, seguro conoc\u00e9s la palabra &#8220;shute&#8221;&#8230;<\/span><\/h4>\n<p>(Evelyn Lorena se r\u00ede y dice..) \u00a1S\u00ed!\u00a0<\/p>\n<h4 style=\"font-style: normal; font-variant-ligatures: normal; font-variant-caps: normal;\"><span style=\"color: var( --e-global-color-text ); text-align: var(--text-align);\">Pues a riesgo de ser shute, quisiera saber si ser\u00eda muy atrevido preguntar qu\u00e9 fue lo que pas\u00f3 con tu salud, qu\u00e9 te ocurri\u00f3\u00a0<\/span><\/h4>\n<div style=\"font-style: normal; font-variant-ligatures: normal; font-variant-caps: normal; font-weight: 400; font-size: 16px; font-family: Roboto, sans-serif;\"><span style=\"color: var( --e-global-color-text ); text-align: var(--text-align);\">S\u00ed, es privado, porque son cosas que siento como sagradas. Pero te puedo decir que pas\u00e9 varias semanas en una especie de coma. Un mes. Cuando despert\u00e9, tuve que volver a aprender a caminar, a mover el dedo, todas esas cosas, porque el cuerpo se atrofia, se debilita. Entonces fue un problema de salud muy fuerte pero lo super\u00e9 y ahora estoy bien, estable, Gracias a Dios.<\/span><\/div>\n<div style=\"font-style: normal; font-variant-ligatures: normal; font-variant-caps: normal; font-weight: 400; font-size: 16px; font-family: Roboto, sans-serif;\">\n<h4 style=\"font-style: normal; font-variant-ligatures: normal; font-variant-caps: normal;\"><span style=\"color: var( --e-global-color-text ); text-align: var(--text-align);\">Y esto cambi\u00f3 tu perspectiva de la vida\u00a0<\/span><\/h4>\n<div style=\"font-style: normal; font-variant-ligatures: normal; font-variant-caps: normal; font-weight: 400; font-size: 16px; font-family: Roboto, sans-serif;\"><span style=\"color: var( --e-global-color-text ); text-align: var(--text-align);\">Totalmente. Hasta mis pap\u00e1s me dicen que es una nueva persona la que est\u00e1 enfrente de ellos. O sea, hay cosas en las que soy igual, por supuesto. Pero hay incertidumbres, temores, dudas que ya no siento ahora. Es como creer m\u00e1s en lo que uno puede hacer. No s\u00e9 como describirlo.<\/span><\/div>\n<\/div>\t\t\t\t\t\t\t\t<\/div>\n\t\t\t\t\t<\/div>\n\t\t\t\t<\/div>\n\t\t<div data-particle_enable=\"false\" data-particle-mobile-disabled=\"false\" class=\"elementor-element elementor-element-7992c4e e-flex e-con-boxed e-con e-parent\" data-id=\"7992c4e\" data-element_type=\"container\" data-e-type=\"container\">\n\t\t\t\t\t<div class=\"e-con-inner\">\n\t\t\t\t<div class=\"elementor-element elementor-element-2a28f38 elementor-widget elementor-widget-image\" data-id=\"2a28f38\" data-element_type=\"widget\" data-e-type=\"widget\" data-widget_type=\"image.default\">\n\t\t\t\t\t\t\t\t\t\t\t\t<figure class=\"wp-caption\">\n\t\t\t\t\t\t\t\t\t\t<img loading=\"lazy\" decoding=\"async\" width=\"768\" height=\"745\" src=\"https:\/\/soymigrante.com\/revista\/wp-content\/uploads\/2024\/12\/evelyn-gabreila.webp\" class=\"attachment-large size-large wp-image-17217\" alt=\"Desgaste emocional y ansiedad en migrantes: historia y desaf\u00edos en destinos migratorios en Am\u00e9rica Latina.\" srcset=\"https:\/\/soymigrante.com\/revista\/wp-content\/uploads\/2024\/12\/evelyn-gabreila.webp 820w, https:\/\/soymigrante.com\/revista\/wp-content\/uploads\/2024\/12\/evelyn-gabreila-300x291.jpg 300w, https:\/\/soymigrante.com\/revista\/wp-content\/uploads\/2024\/12\/evelyn-gabreila-768x745.jpg 768w, https:\/\/soymigrante.com\/revista\/wp-content\/uploads\/2024\/12\/evelyn-gabreila-750x727.webp 750w\" sizes=\"(max-width: 768px) 100vw, 768px\" title=\"Fotograma del cortometraje Gabriela, escrido, dirigido y protagonizado por Evelyn Lorena, quien  refiere que comparte algunos rasgos con el personaje para lograr una mayor empat\u00eda y reforzar el mensaje. \u2013 SoyMigrante.com REVISTA\" \/>\t\t\t\t\t\t\t\t\t\t\t<figcaption class=\"widget-image-caption wp-caption-text\">Un joven descansando en c\u00e9sped, s\u00edmbolo de bienestar y reflexi\u00f3n sobre los desaf\u00edos migratorios y la salud mental en Latinoam\u00e9rica.<\/figcaption>\n\t\t\t\t\t\t\t\t\t\t<\/figure>\n\t\t\t\t\t\t\t\t\t<\/div>\n\t\t\t\t\t<\/div>\n\t\t\t\t<\/div>\n\t\t<div data-particle_enable=\"false\" data-particle-mobile-disabled=\"false\" class=\"elementor-element elementor-element-1599ab4 e-flex e-con-boxed e-con e-parent\" data-id=\"1599ab4\" data-element_type=\"container\" data-e-type=\"container\">\n\t\t\t\t\t<div class=\"e-con-inner\">\n\t\t\t\t<div class=\"elementor-element elementor-element-8720123 elementor-widget elementor-widget-text-editor\" data-id=\"8720123\" data-element_type=\"widget\" data-e-type=\"widget\" data-widget_type=\"text-editor.default\">\n\t\t\t\t\t\t\t\t\t<h4><span style=\"color: var( --e-global-color-text ); text-align: var(--text-align);\">Es que en la vida hay vivencias dif\u00edciles que cambian la perspectiva de todo&#8230;<\/span><\/h4>\n<p>\u00bfSabes que me dio? M\u00e1s que todo: agradecimiento. Si sientes que solo viv\u00eds una vez y tienes otra oportunidad, tienes menos miedo.<\/p>\n<h4><span style=\"color: var( --e-global-color-text ); text-align: var(--text-align);\">Se va el miedo a equivocarse, porque con la nueva visi\u00f3n, si te equivoc\u00e1s: aprend\u00e9s&#8230;\u00a0\u00a0<\/span><\/h4>\n<p>S\u00ed y ya no lo miras como el fin del mundo o algo as\u00ed. Porque cuando yo estaba en secundaria sent\u00eda tanto miedo de fracasar.\u00a0<\/p>\n<h4 style=\"font-style: normal; font-variant-ligatures: normal; font-variant-caps: normal;\"><span style=\"color: var( --e-global-color-text ); text-align: var(--text-align);\">Descubr\u00eds que para triunfar s\u00f3lo ten\u00e9s que ser vos misma\u00a0<\/span><\/h4>\n<div style=\"font-style: normal; font-variant-ligatures: normal; font-variant-caps: normal; font-weight: 400; font-size: 16px; font-family: Roboto, sans-serif;\">\u00a1Es la historia de Gabriela!<\/div>\t\t\t\t\t\t\t\t<\/div>\n\t\t\t\t\t<\/div>\n\t\t\t\t<\/div>\n\t\t<div data-particle_enable=\"false\" data-particle-mobile-disabled=\"false\" class=\"elementor-element elementor-element-a2b9d72 e-flex e-con-boxed e-con e-parent\" data-id=\"a2b9d72\" data-element_type=\"container\" data-e-type=\"container\">\n\t\t\t\t\t<div class=\"e-con-inner\">\n\t\t\t\t<div class=\"elementor-element elementor-element-66255bd elementor-widget-divider--view-line elementor-widget elementor-widget-divider\" data-id=\"66255bd\" data-element_type=\"widget\" data-e-type=\"widget\" data-widget_type=\"divider.default\">\n\t\t\t\t\t\t\t<div class=\"elementor-divider\">\n\t\t\t<span class=\"elementor-divider-separator\">\n\t\t\t\t\t\t<\/span>\n\t\t<\/div>\n\t\t\t\t\t\t<\/div>\n\t\t\t\t\t<\/div>\n\t\t\t\t<\/div>\n\t\t<div data-particle_enable=\"false\" data-particle-mobile-disabled=\"false\" class=\"elementor-element elementor-element-cf13f2e e-flex e-con-boxed e-con e-parent\" data-id=\"cf13f2e\" data-element_type=\"container\" data-e-type=\"container\">\n\t\t\t\t\t<div class=\"e-con-inner\">\n\t\t\t\t<div class=\"elementor-element elementor-element-c074367 elementor-widget elementor-widget-heading\" data-id=\"c074367\" data-element_type=\"widget\" data-e-type=\"widget\" data-widget_type=\"heading.default\">\n\t\t\t\t\t<h2 class=\"elementor-heading-title elementor-size-default\">Hay mucho talento cinematogr\u00e1fico guatemalteco y es un orgullo reconocerlo<\/h2>\t\t\t\t<\/div>\n\t\t\t\t\t<\/div>\n\t\t\t\t<\/div>\n\t\t<div data-particle_enable=\"false\" data-particle-mobile-disabled=\"false\" class=\"elementor-element elementor-element-9637b7b e-flex e-con-boxed e-con e-parent\" data-id=\"9637b7b\" data-element_type=\"container\" data-e-type=\"container\">\n\t\t\t\t\t<div class=\"e-con-inner\">\n\t\t\t\t<div class=\"elementor-element elementor-element-d0ab9f3 elementor-grid-eael-col-3 elementor-grid-tablet-eael-col-2 elementor-grid-mobile-eael-col-1 elementor-widget elementor-widget-eael-post-grid\" data-id=\"d0ab9f3\" data-element_type=\"widget\" data-e-type=\"widget\" data-settings=\"{&quot;eael_post_grid_columns&quot;:&quot;eael-col-3&quot;,&quot;eael_post_grid_columns_tablet&quot;:&quot;eael-col-2&quot;,&quot;eael_post_grid_columns_mobile&quot;:&quot;eael-col-1&quot;}\" data-widget_type=\"eael-post-grid.default\">\n\t\t\t\t\t<div id=\"eael-post-grid-d0ab9f3\" class=\"eael-post-grid-container\">\n            <div class=\"eael-post-grid eael-post-appender eael-post-appender-d0ab9f3 eael-post-grid-style-one\" data-layout-mode=\"masonry\"><article class=\"eael-grid-post  eael-post-grid-column eael-pg-post-3056 category-exitos\" data-id=\"3056\">\n        <div class=\"eael-grid-post-holder\">\n            <div class=\"eael-grid-post-holder-inner\"><div class=\"eael-entry-media\"><div class=\"eael-entry-overlay fade-in\"><i class=\"far fa-hand-pointer\" aria-hidden=\"true\"><\/i><a href=\"https:\/\/soymigrante.com\/revista\/actriz-migrante-y-defensora-del-talento-de-la-mujer-hispana-sandra-chavarria\/\"><\/a><\/div><div class=\"eael-entry-thumbnail \">\n                <img loading=\"lazy\" decoding=\"async\" width=\"900\" height=\"855\" src=\"https:\/\/soymigrante.com\/revista\/wp-content\/uploads\/2024\/09\/actriz-sandra-chavarria.webp\" class=\"attachment-large size-large wp-image-9813\" alt=\"Medalla de oro en igualdad y migraci\u00f3n, mujer sonriendo con vestido colorido y fondo de ladrillos en revista SoyMigrante.com REVISTA.\" srcset=\"https:\/\/soymigrante.com\/revista\/wp-content\/uploads\/2024\/09\/actriz-sandra-chavarria.webp 900w, https:\/\/soymigrante.com\/revista\/wp-content\/uploads\/2024\/09\/actriz-sandra-chavarria-300x285.webp 300w, https:\/\/soymigrante.com\/revista\/wp-content\/uploads\/2024\/09\/actriz-sandra-chavarria-768x730.webp 768w, https:\/\/soymigrante.com\/revista\/wp-content\/uploads\/2024\/09\/actriz-sandra-chavarria-750x713.webp 750w\" sizes=\"(max-width: 900px) 100vw, 900px\" \/>\n            <\/div>\n        <\/div><div class=\"eael-entry-wrapper\"><header class=\"eael-entry-header\"><h2 class=\"eael-entry-title\"><a class=\"eael-grid-post-link\" href=\"https:\/\/soymigrante.com\/revista\/actriz-migrante-y-defensora-del-talento-de-la-mujer-hispana-sandra-chavarria\/\" title=\"Actriz guatemalteca Sandra Chavarr\u00eda cosecha \u00e9xitos en teatro y cine\">Actriz guatemalteca Sandra Chavarr\u00eda cosecha \u00e9xitos en teatro y cine<\/a><\/h2><\/header><div class=\"eael-entry-content\">\n                        <div class=\"eael-grid-post-excerpt\"><a href=\"https:\/\/soymigrante.com\/revista\/actriz-migrante-y-defensora-del-talento-de-la-mujer-hispana-sandra-chavarria\/\" class=\"eael-post-elements-readmore-btn\">CONOCE SU HISTORIA <\/a><\/div>\n                    <\/div><\/div><\/div>\n        <\/div>\n    <\/article><article class=\"eael-grid-post  eael-post-grid-column eael-pg-post-4741 category-exitos\" data-id=\"4741\">\n        <div class=\"eael-grid-post-holder\">\n            <div class=\"eael-grid-post-holder-inner\"><div class=\"eael-entry-media\"><div class=\"eael-entry-overlay fade-in\"><i class=\"far fa-hand-pointer\" aria-hidden=\"true\"><\/i><a href=\"https:\/\/soymigrante.com\/revista\/actor-maya-guatemalteco-dionicio-virvez-aconseja-nunca-rendirse-al-buscar-un-sueno\/\"><\/a><\/div><div class=\"eael-entry-thumbnail \">\n                <img loading=\"lazy\" decoding=\"async\" width=\"1024\" height=\"733\" src=\"https:\/\/soymigrante.com\/revista\/wp-content\/uploads\/2024\/02\/dionix-1024x733.webp\" class=\"attachment-large size-large wp-image-4751\" alt=\"\" srcset=\"https:\/\/soymigrante.com\/revista\/wp-content\/uploads\/2024\/02\/dionix-1024x733.webp 1024w, https:\/\/soymigrante.com\/revista\/wp-content\/uploads\/2024\/02\/dionix-300x215.webp 300w, https:\/\/soymigrante.com\/revista\/wp-content\/uploads\/2024\/02\/dionix-768x550.webp 768w, https:\/\/soymigrante.com\/revista\/wp-content\/uploads\/2024\/02\/dionix-1536x1099.webp 1536w, https:\/\/soymigrante.com\/revista\/wp-content\/uploads\/2024\/02\/dionix-120x86.webp 120w, https:\/\/soymigrante.com\/revista\/wp-content\/uploads\/2024\/02\/dionix-350x250.webp 350w, https:\/\/soymigrante.com\/revista\/wp-content\/uploads\/2024\/02\/dionix-750x537.webp 750w, https:\/\/soymigrante.com\/revista\/wp-content\/uploads\/2024\/02\/dionix-1140x816.webp 1140w, https:\/\/soymigrante.com\/revista\/wp-content\/uploads\/2024\/02\/dionix.webp 1601w\" sizes=\"(max-width: 1024px) 100vw, 1024px\" \/>\n            <\/div>\n        <\/div><div class=\"eael-entry-wrapper\"><header class=\"eael-entry-header\"><h2 class=\"eael-entry-title\"><a class=\"eael-grid-post-link\" href=\"https:\/\/soymigrante.com\/revista\/actor-maya-guatemalteco-dionicio-virvez-aconseja-nunca-rendirse-al-buscar-un-sueno\/\" title=\"Acci\u00f3n, drama y ficci\u00f3n cruzan la vida del actor migrante maya Dionicio Virvez\">Acci\u00f3n, drama y ficci\u00f3n cruzan la vida del actor migrante maya Dionicio Virvez<\/a><\/h2><\/header><div class=\"eael-entry-content\">\n                        <div class=\"eael-grid-post-excerpt\"><a href=\"https:\/\/soymigrante.com\/revista\/actor-maya-guatemalteco-dionicio-virvez-aconseja-nunca-rendirse-al-buscar-un-sueno\/\" class=\"eael-post-elements-readmore-btn\">CONOCE SU HISTORIA <\/a><\/div>\n                    <\/div><\/div><\/div>\n        <\/div>\n    <\/article><article class=\"eael-grid-post  eael-post-grid-column eael-pg-post-223 category-exitos-guatemala tags-nueva-york\" data-id=\"223\">\n        <div class=\"eael-grid-post-holder\">\n            <div class=\"eael-grid-post-holder-inner\"><div class=\"eael-entry-media\"><div class=\"eael-entry-overlay fade-in\"><i class=\"far fa-hand-pointer\" aria-hidden=\"true\"><\/i><a href=\"https:\/\/soymigrante.com\/revista\/actor-arturo-castro\/\"><\/a><\/div><div class=\"eael-entry-thumbnail \">\n                <img loading=\"lazy\" decoding=\"async\" width=\"1024\" height=\"576\" src=\"https:\/\/soymigrante.com\/revista\/wp-content\/uploads\/2023\/02\/artennat-1024x576.jpg\" class=\"attachment-large size-large wp-image-739\" alt=\"\" srcset=\"https:\/\/soymigrante.com\/revista\/wp-content\/uploads\/2023\/02\/artennat-1024x576.jpg 1024w, https:\/\/soymigrante.com\/revista\/wp-content\/uploads\/2023\/02\/artennat-300x169.webp 300w, https:\/\/soymigrante.com\/revista\/wp-content\/uploads\/2023\/02\/artennat-768x432.jpg 768w, https:\/\/soymigrante.com\/revista\/wp-content\/uploads\/2023\/02\/artennat-750x422.webp 750w, https:\/\/soymigrante.com\/revista\/wp-content\/uploads\/2023\/02\/artennat-1140x641.jpg 1140w, https:\/\/soymigrante.com\/revista\/wp-content\/uploads\/2023\/02\/artennat.webp 1280w\" sizes=\"(max-width: 1024px) 100vw, 1024px\" \/>\n            <\/div>\n        <\/div><div class=\"eael-entry-wrapper\"><header class=\"eael-entry-header\"><h2 class=\"eael-entry-title\"><a class=\"eael-grid-post-link\" href=\"https:\/\/soymigrante.com\/revista\/actor-arturo-castro\/\" title=\"&#8220;Cuando uno tiene un sue\u00f1o, no hay plan B&#8221;: actor Arturo Castro\">&#8220;Cuando uno tiene un sue\u00f1o, no hay plan B&#8221;: actor Arturo Castro<\/a><\/h2><\/header><div class=\"eael-entry-content\">\n                        <div class=\"eael-grid-post-excerpt\"><a href=\"https:\/\/soymigrante.com\/revista\/actor-arturo-castro\/\" class=\"eael-post-elements-readmore-btn\">CONOCE SU HISTORIA <\/a><\/div>\n                    <\/div><\/div><\/div>\n        <\/div>\n    <\/article><\/div>\n            <div class=\"clearfix\"><\/div>\n        <\/div>\t\t\t\t<\/div>\n\t\t\t\t\t<\/div>\n\t\t\t\t<\/div>\n\t\t\t\t<\/div>\n\t\t","protected":false},"excerpt":{"rendered":"<p>Cineasta y actriz guatemalteca, creci\u00f3 en un hogar migrante donde aprendi\u00f3 a valorar la vida y tener los pies en la tierra, dice. En entrevista cuenta detalles de su vida y de su galardonado cortometraje Gabriela, escrito en 2021, dirigido en 2022 y presentado en m\u00e1s de 50 festivales desde 2022. &#8220;Hay elementos de mi [&hellip;]<\/p>\n","protected":false},"author":7,"featured_media":17203,"comment_status":"open","ping_status":"open","sticky":false,"template":"","format":"standard","meta":{"_acf_changed":false,"_eb_attr":"","footnotes":""},"categories":[50],"tags":[],"class_list":["post-17201","post","type-post","status-publish","format-standard","has-post-thumbnail","hentry","category-exitos"],"acf":[],"aioseo_notices":[],"aioseo_head":"\n\t\t<!-- All in One SEO Pro 4.9.6.2 - aioseo.com -->\n\t<meta name=\"description\" content=\"Considera el ser guatemalteco un \u201csuperpoder\u201d y ve en los migrantes hispanos radicados de EE.UU. una hermandad sin fronteras. Se r\u00ede de los estereotipos discriminatorios precisamente para desarmarlos a trav\u00e9s de su participaci\u00f3n en la serie Alternatino.\u200b El actor Arturo Castro figura en el reparto de The Menu, una pel\u00edcula elogiada por la cr\u00edtica y\" \/>\n\t<meta name=\"robots\" content=\"max-snippet:-1, max-image-preview:large, max-video-preview:-1\" \/>\n\t<meta name=\"author\" content=\"Gustavo Montenegro\"\/>\n\t<link rel=\"canonical\" href=\"https:\/\/soymigrante.com\/revista\/actor-arturo-castro\/\" \/>\n\t<meta name=\"generator\" content=\"All in One SEO Pro (AIOSEO) 4.9.6.2\" \/>\n\n\t\t<link rel=\"preconnect\" href=\"https:\/\/fonts.googleapis.com\" crossorigin>\n<link rel=\"preconnect\" href=\"https:\/\/fonts.gstatic.com\" crossorigin>\n\t\t<meta property=\"og:locale\" content=\"es_ES\" \/>\n\t\t<meta property=\"og:site_name\" content=\"SoyMigrante.com REVISTA \u2013 Nuestra misi\u00f3n es reconocer y dignificar al migrante.\" \/>\n\t\t<meta property=\"og:type\" content=\"article\" \/>\n\t\t<meta property=\"og:title\" content=\"\u201cCuando uno tiene un sue\u00f1o, no hay plan B\u201d: actor Arturo Castro\" \/>\n\t\t<meta property=\"og:description\" content=\"Considera el ser guatemalteco un \u201csuperpoder\u201d y ve en los migrantes hispanos radicados de EE.UU. una hermandad sin fronteras. Se r\u00ede de los estereotipos discriminatorios precisamente para desarmarlos a trav\u00e9s de su participaci\u00f3n en la serie Alternatino.\u200b El actor Arturo Castro figura en el reparto de The Menu, una pel\u00edcula elogiada por la cr\u00edtica y\" \/>\n\t\t<meta property=\"og:url\" content=\"https:\/\/soymigrante.com\/revista\/actor-arturo-castro\/\" \/>\n\t\t<meta property=\"og:image\" content=\"https:\/\/soymigrante.com\/revista\/wp-content\/uploads\/2023\/02\/artennat.webp\" \/>\n\t\t<meta property=\"og:image:secure_url\" content=\"https:\/\/soymigrante.com\/revista\/wp-content\/uploads\/2023\/02\/artennat.webp\" \/>\n\t\t<meta property=\"og:image:width\" content=\"1280\" \/>\n\t\t<meta property=\"og:image:height\" content=\"720\" \/>\n\t\t<meta property=\"article:published_time\" content=\"2023-05-26T00:12:51+00:00\" \/>\n\t\t<meta property=\"article:modified_time\" content=\"2026-03-11T20:41:43+00:00\" \/>\n\t\t<meta property=\"article:publisher\" content=\"https:\/\/www.facebook.com\/soymigrantecom\" \/>\n\t\t<meta name=\"twitter:card\" content=\"summary_large_image\" \/>\n\t\t<meta name=\"twitter:site\" content=\"@SoyMigrante_com\" \/>\n\t\t<meta name=\"twitter:title\" content=\"\u201cCuando uno tiene un sue\u00f1o, no hay plan B\u201d: actor Arturo Castro\" \/>\n\t\t<meta name=\"twitter:description\" content=\"Considera el ser guatemalteco un \u201csuperpoder\u201d y ve en los migrantes hispanos radicados de EE.UU. una hermandad sin fronteras. Se r\u00ede de los estereotipos discriminatorios precisamente para desarmarlos a trav\u00e9s de su participaci\u00f3n en la serie Alternatino.\u200b El actor Arturo Castro figura en el reparto de The Menu, una pel\u00edcula elogiada por la cr\u00edtica y\" \/>\n\t\t<meta name=\"twitter:creator\" content=\"@SoyMigrante_com\" \/>\n\t\t<meta name=\"twitter:image\" content=\"https:\/\/soymigrante.com\/revista\/wp-content\/uploads\/2023\/02\/artennat.webp\" \/>\n\t\t<!-- All in One SEO Pro -->\r\n\t\t<title>\u201cCuando uno tiene un sue\u00f1o, no hay plan B\u201d: actor Arturo Castro<\/title>\n\n","aioseo_head_json":{"title":"\u201cCuando uno tiene un sue\u00f1o, no hay plan B\u201d: actor Arturo Castro","description":"Considera el ser guatemalteco un \u201csuperpoder\u201d y ve en los migrantes hispanos radicados de EE.UU. una hermandad sin fronteras. Se r\u00ede de los estereotipos discriminatorios precisamente para desarmarlos a trav\u00e9s de su participaci\u00f3n en la serie Alternatino.\u200b El actor Arturo Castro figura en el reparto de The Menu, una pel\u00edcula elogiada por la cr\u00edtica y","canonical_url":"https:\/\/soymigrante.com\/revista\/actor-arturo-castro\/","robots":"max-snippet:-1, max-image-preview:large, max-video-preview:-1","keywords":"","webmasterTools":{"miscellaneous":"&lt;link rel=\"preconnect\" href=\"https:\/\/fonts.googleapis.com\" crossorigin&gt;\n&lt;link rel=\"preconnect\" href=\"https:\/\/fonts.gstatic.com\" crossorigin&gt;"},"schema":null,"og:locale":"es_ES","og:site_name":"SoyMigrante.com REVISTA \u2013 Nuestra misi\u00f3n es reconocer y dignificar al migrante.","og:type":"article","og:title":"\u201cCuando uno tiene un sue\u00f1o, no hay plan B\u201d: actor Arturo Castro","og:description":"Considera el ser guatemalteco un \u201csuperpoder\u201d y ve en los migrantes hispanos radicados de EE.UU. una hermandad sin fronteras. Se r\u00ede de los estereotipos discriminatorios precisamente para desarmarlos a trav\u00e9s de su participaci\u00f3n en la serie Alternatino.\u200b El actor Arturo Castro figura en el reparto de The Menu, una pel\u00edcula elogiada por la cr\u00edtica y","og:url":"https:\/\/soymigrante.com\/revista\/actor-arturo-castro\/","og:image":"https:\/\/soymigrante.com\/revista\/wp-content\/uploads\/2023\/02\/artennat.webp","og:image:secure_url":"https:\/\/soymigrante.com\/revista\/wp-content\/uploads\/2023\/02\/artennat.webp","og:image:width":1280,"og:image:height":720,"article:published_time":"2023-05-26T00:12:51+00:00","article:modified_time":"2026-03-11T20:41:43+00:00","article:publisher":"https:\/\/www.facebook.com\/soymigrantecom","twitter:card":"summary_large_image","twitter:site":"@SoyMigrante_com","twitter:title":"\u201cCuando uno tiene un sue\u00f1o, no hay plan B\u201d: actor Arturo Castro","twitter:description":"Considera el ser guatemalteco un \u201csuperpoder\u201d y ve en los migrantes hispanos radicados de EE.UU. una hermandad sin fronteras. Se r\u00ede de los estereotipos discriminatorios precisamente para desarmarlos a trav\u00e9s de su participaci\u00f3n en la serie Alternatino.\u200b El actor Arturo Castro figura en el reparto de The Menu, una pel\u00edcula elogiada por la cr\u00edtica y","twitter:creator":"@SoyMigrante_com","twitter:image":"https:\/\/soymigrante.com\/revista\/wp-content\/uploads\/2023\/02\/artennat.webp"},"aioseo_meta_data":{"post_id":"17201","title":null,"description":"Entrevista con la cineasta y actriz guatemalteca, hija de migrantes en USA. Comparte sobre su vida y su galardonado cortometraje Gabriela, en el que act\u00faa.","keywords":null,"keyphrases":{"focus":{"keyphrase":"Actriz","score":54,"analysis":{"keyphraseInTitle":{"score":3,"maxScore":9,"error":1},"keyphraseInDescription":{"score":9,"maxScore":9,"error":0},"keyphraseLength":{"score":9,"maxScore":9,"error":0,"length":1},"keyphraseInURL":{"score":1,"maxScore":5,"error":1},"keyphraseInIntroduction":{"score":3,"maxScore":9,"error":1},"keyphraseInSubHeadings":{"score":3,"maxScore":9,"error":1},"keyphraseInImageAlt":{"score":9,"maxScore":9,"error":0},"keywordDensity":{"score":0,"type":"low","maxScore":9,"error":1}}},"additional":[{"keyphrase":"Guatemalteca","score":87,"analysis":{"keyphraseInDescription":{"score":9,"maxScore":9,"error":0},"keyphraseLength":{"score":9,"maxScore":9,"error":0,"length":1},"keyphraseInIntroduction":{"score":3,"maxScore":9,"error":1},"keyphraseInImageAlt":{"score":9,"maxScore":9,"error":0},"keywordDensity":{"type":"best","score":9,"maxScore":9,"error":0}}},{"keyphrase":"Historia","score":60,"analysis":{"keyphraseInDescription":{"score":3,"maxScore":9,"error":1},"keyphraseLength":{"score":9,"maxScore":9,"error":0,"length":1},"keyphraseInIntroduction":{"score":3,"maxScore":9,"error":1},"keyphraseInImageAlt":{"score":3,"maxScore":9,"error":1},"keywordDensity":{"type":"best","score":9,"maxScore":9,"error":0}}},{"keyphrase":"Cineasta","score":53,"analysis":{"keyphraseInDescription":{"score":9,"maxScore":9,"error":0},"keyphraseLength":{"score":9,"maxScore":9,"error":0,"length":1},"keyphraseInIntroduction":{"score":3,"maxScore":9,"error":1},"keyphraseInImageAlt":{"score":3,"maxScore":9,"error":1},"keywordDensity":{"score":0,"type":"low","maxScore":9,"error":1}}}]},"primary_term":null,"canonical_url":null,"og_title":null,"og_description":null,"og_object_type":"default","og_image_type":"default","og_image_url":null,"og_image_width":null,"og_image_height":null,"og_image_custom_url":null,"og_image_custom_fields":null,"og_video":"","og_custom_url":null,"og_article_section":null,"og_article_tags":null,"twitter_use_og":false,"twitter_card":"default","twitter_image_type":"default","twitter_image_url":null,"twitter_image_custom_url":null,"twitter_image_custom_fields":null,"twitter_title":null,"twitter_description":null,"schema":{"blockGraphs":[],"customGraphs":[],"default":{"data":{"Article":[],"Course":[],"Dataset":[],"FAQPage":[],"Movie":[],"Person":[],"Product":[],"ProductReview":[],"Car":[],"Recipe":[],"Service":[],"SoftwareApplication":[],"WebPage":[]},"graphName":"BlogPosting","isEnabled":true},"graphs":[]},"schema_type":"default","schema_type_options":null,"pillar_content":false,"robots_default":true,"robots_noindex":false,"robots_noarchive":false,"robots_nosnippet":false,"robots_nofollow":false,"robots_noimageindex":false,"robots_noodp":false,"robots_notranslate":false,"robots_max_snippet":"-1","robots_max_videopreview":"-1","robots_max_imagepreview":"large","priority":null,"frequency":"default","local_seo":null,"seo_analyzer_scan_date":"2025-10-09 01:10:14","breadcrumb_settings":null,"limit_modified_date":false,"reviewed_by":null,"open_ai":"{\"title\":{\"suggestions\":[],\"usage\":0},\"description\":{\"suggestions\":[],\"usage\":0}}","ai":null,"created":"2024-12-19 14:11:48","updated":"2026-02-04 18:30:08"},"aioseo_breadcrumb":"<div class=\"aioseo-breadcrumbs\"><span class=\"aioseo-breadcrumb\">\n\t<a href=\"https:\/\/soymigrante.com\/revista\" title=\"Home\">Home<\/a>\n<\/span><span class=\"aioseo-breadcrumb-separator\">\u00bb<\/span><span class=\"aioseo-breadcrumb\">\n\t<a href=\"https:\/\/soymigrante.com\/revista\/category\/exitos\/\" title=\"\u00c9xitos\">\u00c9xitos<\/a>\n<\/span><span class=\"aioseo-breadcrumb-separator\">\u00bb<\/span><span class=\"aioseo-breadcrumb\">\n\tY cuando Evelyn despert\u00f3, su gran sue\u00f1o de cine todav\u00eda estaba all\u00ed\n<\/span><\/div>","aioseo_breadcrumb_json":[{"label":"Home","link":"https:\/\/soymigrante.com\/revista"},{"label":"\u00c9xitos","link":"https:\/\/soymigrante.com\/revista\/category\/exitos\/"},{"label":"Y cuando Evelyn despert\u00f3, su gran sue\u00f1o de cine todav\u00eda estaba all\u00ed","link":"https:\/\/soymigrante.com\/revista\/y-cuando-evelyn-desperto-su-gran-sueno-todavia-estaba-alli\/"}],"_links":{"self":[{"href":"https:\/\/soymigrante.com\/revista\/wp-json\/wp\/v2\/posts\/17201","targetHints":{"allow":["GET"]}}],"collection":[{"href":"https:\/\/soymigrante.com\/revista\/wp-json\/wp\/v2\/posts"}],"about":[{"href":"https:\/\/soymigrante.com\/revista\/wp-json\/wp\/v2\/types\/post"}],"author":[{"embeddable":true,"href":"https:\/\/soymigrante.com\/revista\/wp-json\/wp\/v2\/users\/7"}],"replies":[{"embeddable":true,"href":"https:\/\/soymigrante.com\/revista\/wp-json\/wp\/v2\/comments?post=17201"}],"version-history":[{"count":0,"href":"https:\/\/soymigrante.com\/revista\/wp-json\/wp\/v2\/posts\/17201\/revisions"}],"wp:featuredmedia":[{"embeddable":true,"href":"https:\/\/soymigrante.com\/revista\/wp-json\/wp\/v2\/media\/17203"}],"wp:attachment":[{"href":"https:\/\/soymigrante.com\/revista\/wp-json\/wp\/v2\/media?parent=17201"}],"wp:term":[{"taxonomy":"category","embeddable":true,"href":"https:\/\/soymigrante.com\/revista\/wp-json\/wp\/v2\/categories?post=17201"},{"taxonomy":"post_tag","embeddable":true,"href":"https:\/\/soymigrante.com\/revista\/wp-json\/wp\/v2\/tags?post=17201"}],"curies":[{"name":"wp","href":"https:\/\/api.w.org\/{rel}","templated":true}]}}