{"id":17163,"date":"2025-01-06T06:00:00","date_gmt":"2025-01-06T12:00:00","guid":{"rendered":"https:\/\/soymigrante.com\/revista\/?p=17163"},"modified":"2025-01-05T21:59:50","modified_gmt":"2025-01-06T03:59:50","slug":"retomando-las-clases-pasos-para-liberar-el-potencial-matematico-de-tus-hijos","status":"publish","type":"post","link":"https:\/\/soymigrante.com\/revista\/retomando-las-clases-pasos-para-liberar-el-potencial-matematico-de-tus-hijos\/","title":{"rendered":"Retomando las clases: pasos para liberar el potencial matem\u00e1tico de tus hijos"},"content":{"rendered":"\t\t<div data-elementor-type=\"wp-post\" data-elementor-id=\"17163\" class=\"elementor elementor-17163\" data-elementor-post-type=\"post\">\n\t\t\t\t<div data-particle_enable=\"false\" data-particle-mobile-disabled=\"false\" class=\"elementor-element elementor-element-bb86317 e-flex e-con-boxed e-con e-parent\" data-id=\"bb86317\" data-element_type=\"container\" data-e-type=\"container\">\n\t\t\t\t\t<div class=\"e-con-inner\">\n\t\t\t\t<div class=\"elementor-element elementor-element-eb4a737 elementor-widget elementor-widget-heading\" data-id=\"eb4a737\" data-element_type=\"widget\" data-e-type=\"widget\" data-widget_type=\"heading.default\">\n\t\t\t\t\t<h3 class=\"elementor-heading-title elementor-size-default\">El potencial matem\u00e1tico de los ni\u00f1os no depende \u00fanicamente de sus habilidades innatas, sino de la forma en que se les motiva y gu\u00eda en su aprendizaje. \n<\/h3>\t\t\t\t<\/div>\n\t\t\t\t\t<\/div>\n\t\t\t\t<\/div>\n\t\t<div data-particle_enable=\"false\" data-particle-mobile-disabled=\"false\" class=\"elementor-element elementor-element-c5ab9f2 e-flex e-con-boxed e-con e-parent\" data-id=\"c5ab9f2\" data-element_type=\"container\" data-e-type=\"container\">\n\t\t\t\t\t<div class=\"e-con-inner\">\n\t\t\t\t<div class=\"elementor-element elementor-element-92865b7 elementor-widget elementor-widget-text-editor\" data-id=\"92865b7\" data-element_type=\"widget\" data-e-type=\"widget\" data-widget_type=\"text-editor.default\">\n\t\t\t\t\t\t\t\t\t<p>Las matem\u00e1ticas son una herramienta esencial para comprender el mundo y <a href=\"https:\/\/soymigrante.com\/revista\/category\/mejor\/\" target=\"_blank\" rel=\"noopener\">desarrollar habilidades cr\u00edticas como el razonamiento l\u00f3gico, la resoluci\u00f3n de problemas y la creatividad.<\/a> Sin embargo, muchos ni\u00f1os enfrentan dificultades en esta \u00e1rea debido a la falta de confianza o m\u00e9todos de aprendizaje poco efectivos.<\/p><p>Como padres, podemos desempe\u00f1ar un papel clave para ayudar a nuestros hijos a liberar su potencial matem\u00e1tico.<\/p><p>Aqu\u00ed te presentamos cuatro pasos pr\u00e1cticos y respaldados por expertos para lograrlo.<\/p>\t\t\t\t\t\t\t\t<\/div>\n\t\t\t\t\t<\/div>\n\t\t\t\t<\/div>\n\t\t<div data-particle_enable=\"false\" data-particle-mobile-disabled=\"false\" class=\"elementor-element elementor-element-93e1c98 e-flex e-con-boxed e-con e-parent\" data-id=\"93e1c98\" data-element_type=\"container\" data-e-type=\"container\">\n\t\t\t\t\t<div class=\"e-con-inner\">\n\t\t\t\t<div class=\"elementor-element elementor-element-60cc74c elementor-widget elementor-widget-heading\" data-id=\"60cc74c\" data-element_type=\"widget\" data-e-type=\"widget\" data-widget_type=\"heading.default\">\n\t\t\t\t\t<h3 class=\"elementor-heading-title elementor-size-default\">1. Fomenta una mentalidad positiva hacia las matem\u00e1ticas<\/h3>\t\t\t\t<\/div>\n\t\t\t\t\t<\/div>\n\t\t\t\t<\/div>\n\t\t<div data-particle_enable=\"false\" data-particle-mobile-disabled=\"false\" class=\"elementor-element elementor-element-38b7bb9 e-flex e-con-boxed e-con e-parent\" data-id=\"38b7bb9\" data-element_type=\"container\" data-e-type=\"container\">\n\t\t\t\t\t<div class=\"e-con-inner\">\n\t\t\t\t<div class=\"elementor-element elementor-element-5e37140 elementor-widget elementor-widget-text-editor\" data-id=\"5e37140\" data-element_type=\"widget\" data-e-type=\"widget\" data-widget_type=\"text-editor.default\">\n\t\t\t\t\t\t\t\t\t<div>Uno de los mayores obst\u00e1culos para el aprendizaje matem\u00e1tico es el miedo al error. Frases como \u201cno soy bueno en matem\u00e1ticas\u201d pueden limitar el progreso de los ni\u00f1os.\u00a0<\/div><div>\u00a0<\/div><div><a href=\"https:\/\/soymigrante.com\/revista\/category\/mejor\/\" target=\"_blank\" rel=\"noopener\">Es importante transmitirles que las matem\u00e1ticas no son una habilidad innata,<\/a> sino algo que se puede desarrollar con pr\u00e1ctica y esfuerzo.<\/div><div>\u00a0<\/div><div><strong>C\u00f3mo hacerlo:<\/strong><\/div><div>\u2022Refuerza la idea de que cometer errores es parte del aprendizaje.<\/div><div>\u2022Celebra los esfuerzos de tu hijo m\u00e1s que los resultados.<\/div><div>\u2022Relaciona las matem\u00e1ticas con situaciones cotidianas, como medir ingredientes al cocinar o calcular descuentos en una tienda, para mostrar su utilidad y relevancia.<\/div><div>\u00a0<\/div><div>Seg\u00fan estudios de Carol Dweck, psic\u00f3loga y autora del concepto de \u201cmentalidad de crecimiento\u201d, los ni\u00f1os que creen que pueden mejorar sus habilidades con pr\u00e1ctica tienen m\u00e1s probabilidades de superar desaf\u00edos matem\u00e1ticos.<\/div>\t\t\t\t\t\t\t\t<\/div>\n\t\t\t\t\t<\/div>\n\t\t\t\t<\/div>\n\t\t<div data-particle_enable=\"false\" data-particle-mobile-disabled=\"false\" class=\"elementor-element elementor-element-01c1c64 e-flex e-con-boxed e-con e-parent\" data-id=\"01c1c64\" data-element_type=\"container\" data-e-type=\"container\">\n\t\t\t\t\t<div class=\"e-con-inner\">\n\t\t\t\t<div class=\"elementor-element elementor-element-5a7edf5 elementor-widget elementor-widget-image\" data-id=\"5a7edf5\" data-element_type=\"widget\" data-e-type=\"widget\" data-widget_type=\"image.default\">\n\t\t\t\t\t\t\t\t\t\t\t\t\t\t\t<img fetchpriority=\"high\" decoding=\"async\" width=\"768\" height=\"512\" src=\"https:\/\/soymigrante.com\/revista\/wp-content\/uploads\/2024\/12\/Pasos-para-liberar-el-potencial-matema\u0301tico-de-tu-hijo3-1024x682.jpeg\" class=\"attachment-large size-large wp-image-17182\" alt=\"Pasos para liberar el potencial matem\u00e1tico de tu hijo\" srcset=\"https:\/\/soymigrante.com\/revista\/wp-content\/uploads\/2024\/12\/Pasos-para-liberar-el-potencial-matema\u0301tico-de-tu-hijo3-1024x682.jpeg 1024w, https:\/\/soymigrante.com\/revista\/wp-content\/uploads\/2024\/12\/Pasos-para-liberar-el-potencial-matema\u0301tico-de-tu-hijo3-300x200.jpeg 300w, https:\/\/soymigrante.com\/revista\/wp-content\/uploads\/2024\/12\/Pasos-para-liberar-el-potencial-matema\u0301tico-de-tu-hijo3-768x512.jpeg 768w, https:\/\/soymigrante.com\/revista\/wp-content\/uploads\/2024\/12\/Pasos-para-liberar-el-potencial-matema\u0301tico-de-tu-hijo3-1536x1023.jpeg 1536w, https:\/\/soymigrante.com\/revista\/wp-content\/uploads\/2024\/12\/Pasos-para-liberar-el-potencial-matema\u0301tico-de-tu-hijo3-750x500.webp 750w, https:\/\/soymigrante.com\/revista\/wp-content\/uploads\/2024\/12\/Pasos-para-liberar-el-potencial-matema\u0301tico-de-tu-hijo3-1140x760.webp 1140w, https:\/\/soymigrante.com\/revista\/wp-content\/uploads\/2024\/12\/Pasos-para-liberar-el-potencial-matema\u0301tico-de-tu-hijo3.webp 1600w\" sizes=\"(max-width: 768px) 100vw, 768px\" title=\"Pasos para liberar el potencial matema\u0301tico de tu hijo3 \u2013 SoyMigrante.com REVISTA\" \/>\t\t\t\t\t\t\t\t\t\t\t\t\t\t\t<\/div>\n\t\t\t\t\t<\/div>\n\t\t\t\t<\/div>\n\t\t<div data-particle_enable=\"false\" data-particle-mobile-disabled=\"false\" class=\"elementor-element elementor-element-d1ae456 e-flex e-con-boxed e-con e-parent\" data-id=\"d1ae456\" data-element_type=\"container\" data-e-type=\"container\">\n\t\t\t\t\t<div class=\"e-con-inner\">\n\t\t\t\t<div class=\"elementor-element elementor-element-b474567 elementor-widget elementor-widget-heading\" data-id=\"b474567\" data-element_type=\"widget\" data-e-type=\"widget\" data-widget_type=\"heading.default\">\n\t\t\t\t\t<h3 class=\"elementor-heading-title elementor-size-default\">2. Introduce juegos y actividades interactivas<\/h3>\t\t\t\t<\/div>\n\t\t\t\t\t<\/div>\n\t\t\t\t<\/div>\n\t\t<div data-particle_enable=\"false\" data-particle-mobile-disabled=\"false\" class=\"elementor-element elementor-element-78dd043 e-flex e-con-boxed e-con e-parent\" data-id=\"78dd043\" data-element_type=\"container\" data-e-type=\"container\">\n\t\t\t\t\t<div class=\"e-con-inner\">\n\t\t\t\t<div class=\"elementor-element elementor-element-e4b9705 elementor-widget elementor-widget-text-editor\" data-id=\"e4b9705\" data-element_type=\"widget\" data-e-type=\"widget\" data-widget_type=\"text-editor.default\">\n\t\t\t\t\t\t\t\t\t<div>El aprendizaje no tiene que ser aburrido ni restrictivo. <a href=\"https:\/\/soymigrante.com\/revista\/category\/mejor\/\" target=\"_blank\" rel=\"noopener\">Utilizar juegos y actividades divertidas puede hacer que las matem\u00e1ticas sean m\u00e1s atractivas<\/a> para los ni\u00f1os.\u00a0<\/div><div>\u00a0<\/div><div>Estos m\u00e9todos no solo estimulan su inter\u00e9s, sino que tambi\u00e9n refuerzan conceptos b\u00e1sicos de una manera pr\u00e1ctica y comprensible.<\/div><div>\u00a0<\/div><div><strong>C\u00f3mo hacerlo:<\/strong><\/div><div>\u2022Usa juegos de mesa como Monopoly para trabajar habilidades de suma, resta y estrategia.<\/div><div>\u2022Descarga aplicaciones educativas como Prodigy o Khan Academy Kids que combinan entretenimiento y aprendizaje.<\/div><div>\u2022Realiza actividades como resolver acertijos matem\u00e1ticos o construir formas geom\u00e9tricas con bloques.<\/div><div>\u00a0<\/div><div>\u201cLa gamificaci\u00f3n del aprendizaje es una manera efectiva de conectar con los ni\u00f1os, especialmente en \u00e1reas complejas como las matem\u00e1ticas\u201d, se\u00f1ala la pedagoga Mar\u00eda Elena L\u00f3pez.<\/div>\t\t\t\t\t\t\t\t<\/div>\n\t\t\t\t\t<\/div>\n\t\t\t\t<\/div>\n\t\t<div data-particle_enable=\"false\" data-particle-mobile-disabled=\"false\" class=\"elementor-element elementor-element-5033ed9 e-flex e-con-boxed e-con e-parent\" data-id=\"5033ed9\" data-element_type=\"container\" data-e-type=\"container\">\n\t\t\t\t\t<div class=\"e-con-inner\">\n\t\t\t\t<div class=\"elementor-element elementor-element-4a878ff elementor-widget elementor-widget-heading\" data-id=\"4a878ff\" data-element_type=\"widget\" data-e-type=\"widget\" data-widget_type=\"heading.default\">\n\t\t\t\t\t<h3 class=\"elementor-heading-title elementor-size-default\">3. Establece una rutina de estudio personalizada<\/h3>\t\t\t\t<\/div>\n\t\t\t\t\t<\/div>\n\t\t\t\t<\/div>\n\t\t<div data-particle_enable=\"false\" data-particle-mobile-disabled=\"false\" class=\"elementor-element elementor-element-39294a4 e-flex e-con-boxed e-con e-parent\" data-id=\"39294a4\" data-element_type=\"container\" data-e-type=\"container\">\n\t\t\t\t\t<div class=\"e-con-inner\">\n\t\t\t\t<div class=\"elementor-element elementor-element-2331e0a elementor-widget elementor-widget-text-editor\" data-id=\"2331e0a\" data-element_type=\"widget\" data-e-type=\"widget\" data-widget_type=\"text-editor.default\">\n\t\t\t\t\t\t\t\t\t<div>Cada ni\u00f1o aprende a su propio ritmo y de maneras diferentes. <a href=\"https:\/\/soymigrante.com\/revista\/category\/mejor\/\" target=\"_blank\" rel=\"noopener\">Algunos necesitan practicar conceptos b\u00e1sicos con m\u00e1s frecuencia,<\/a> mientras que otros se benefician de desaf\u00edos m\u00e1s avanzados. Crear una rutina adaptada a las necesidades de tu hijo puede marcar la diferencia.<\/div><div>\u00a0<\/div><div><strong>C\u00f3mo hacerlo:<\/strong><\/div><div>\u2022Dedica un tiempo fijo cada d\u00eda para practicar matem\u00e1ticas, idealmente cuando el ni\u00f1o est\u00e9 m\u00e1s receptivo y concentrado.<\/div><div>\u2022Incluye variedad en las actividades, combinando ejercicios escritos, recursos digitales y explicaciones visuales.<\/div><div>\u2022Trabaja en intervalos cortos, de 15 a 20 minutos, para mantener el inter\u00e9s y evitar el agotamiento.<\/div><div>\u00a0<\/div><div>Adem\u00e1s, es crucial identificar las \u00e1reas espec\u00edficas donde el ni\u00f1o necesita apoyo. Si tiene problemas con fracciones o \u00e1lgebra, por ejemplo, enf\u00f3cate en esos temas antes de avanzar a conceptos m\u00e1s complejos.<\/div>\t\t\t\t\t\t\t\t<\/div>\n\t\t\t\t\t<\/div>\n\t\t\t\t<\/div>\n\t\t<div data-particle_enable=\"false\" data-particle-mobile-disabled=\"false\" class=\"elementor-element elementor-element-a6ce2b4 e-flex e-con-boxed e-con e-parent\" data-id=\"a6ce2b4\" data-element_type=\"container\" data-e-type=\"container\">\n\t\t\t\t\t<div class=\"e-con-inner\">\n\t\t\t\t<div class=\"elementor-element elementor-element-fc48dae elementor-widget elementor-widget-image\" data-id=\"fc48dae\" data-element_type=\"widget\" data-e-type=\"widget\" data-widget_type=\"image.default\">\n\t\t\t\t\t\t\t\t\t\t\t\t\t\t\t<img decoding=\"async\" width=\"768\" height=\"512\" src=\"https:\/\/soymigrante.com\/revista\/wp-content\/uploads\/2024\/12\/Pasos-para-liberar-el-potencial-matema\u0301tico-de-tu-hijo4-1024x682.jpeg\" class=\"attachment-large size-large wp-image-17183\" alt=\"Pasos para liberar el potencial matem\u00e1tico de tu hijo\" srcset=\"https:\/\/soymigrante.com\/revista\/wp-content\/uploads\/2024\/12\/Pasos-para-liberar-el-potencial-matema\u0301tico-de-tu-hijo4-1024x682.jpeg 1024w, https:\/\/soymigrante.com\/revista\/wp-content\/uploads\/2024\/12\/Pasos-para-liberar-el-potencial-matema\u0301tico-de-tu-hijo4-300x200.jpeg 300w, https:\/\/soymigrante.com\/revista\/wp-content\/uploads\/2024\/12\/Pasos-para-liberar-el-potencial-matema\u0301tico-de-tu-hijo4-768x512.jpeg 768w, https:\/\/soymigrante.com\/revista\/wp-content\/uploads\/2024\/12\/Pasos-para-liberar-el-potencial-matema\u0301tico-de-tu-hijo4-1536x1023.jpeg 1536w, https:\/\/soymigrante.com\/revista\/wp-content\/uploads\/2024\/12\/Pasos-para-liberar-el-potencial-matema\u0301tico-de-tu-hijo4-750x500.webp 750w, https:\/\/soymigrante.com\/revista\/wp-content\/uploads\/2024\/12\/Pasos-para-liberar-el-potencial-matema\u0301tico-de-tu-hijo4-1140x760.webp 1140w, https:\/\/soymigrante.com\/revista\/wp-content\/uploads\/2024\/12\/Pasos-para-liberar-el-potencial-matema\u0301tico-de-tu-hijo4.webp 1600w\" sizes=\"(max-width: 768px) 100vw, 768px\" title=\"Pasos para liberar el potencial matem\u00e1tico de tu hijo \u2013 SoyMigrante.com REVISTA\" \/>\t\t\t\t\t\t\t\t\t\t\t\t\t\t\t<\/div>\n\t\t\t\t\t<\/div>\n\t\t\t\t<\/div>\n\t\t<div data-particle_enable=\"false\" data-particle-mobile-disabled=\"false\" class=\"elementor-element elementor-element-66201af e-flex e-con-boxed e-con e-parent\" data-id=\"66201af\" data-element_type=\"container\" data-e-type=\"container\">\n\t\t\t\t\t<div class=\"e-con-inner\">\n\t\t\t\t<div class=\"elementor-element elementor-element-6707484 elementor-widget elementor-widget-heading\" data-id=\"6707484\" data-element_type=\"widget\" data-e-type=\"widget\" data-widget_type=\"heading.default\">\n\t\t\t\t\t<h3 class=\"elementor-heading-title elementor-size-default\">4. Busca apoyo profesional cuando sea necesario<\/h3>\t\t\t\t<\/div>\n\t\t\t\t\t<\/div>\n\t\t\t\t<\/div>\n\t\t<div data-particle_enable=\"false\" data-particle-mobile-disabled=\"false\" class=\"elementor-element elementor-element-939bdb2 e-flex e-con-boxed e-con e-parent\" data-id=\"939bdb2\" data-element_type=\"container\" data-e-type=\"container\">\n\t\t\t\t\t<div class=\"e-con-inner\">\n\t\t\t\t<div class=\"elementor-element elementor-element-7445890 elementor-widget elementor-widget-text-editor\" data-id=\"7445890\" data-element_type=\"widget\" data-e-type=\"widget\" data-widget_type=\"text-editor.default\">\n\t\t\t\t\t\t\t\t\t<div>Aunque los padres pueden desempe\u00f1ar un papel fundamental en la educaci\u00f3n matem\u00e1tica de sus hijos, no siempre tenemos las herramientas necesarias para abordar ciertos problemas de aprendizaje. <a href=\"https:\/\/soymigrante.com\/revista\/category\/mejor\/\" target=\"_blank\" rel=\"noopener\">En esos casos, buscar ayuda profesional puede ser una gran soluci\u00f3n.<\/a><\/div><div>\u00a0<\/div><div><strong>C\u00f3mo hacerlo:<\/strong><\/div><div>\u2022Considera la opci\u00f3n de inscribir a tu hijo en clases particulares o programas extracurriculares enfocados en matem\u00e1ticas.<\/div><div>\u2022Habla con los maestros para obtener recomendaciones y entender mejor el desempe\u00f1o del ni\u00f1o en la escuela.<\/div><div>\u2022Utiliza recursos como plataformas de tutor\u00eda en l\u00ednea, que ofrecen asistencia personalizada y flexible.<\/div><div>\u00a0<\/div><div>Seg\u00fan el profesor de matem\u00e1ticas, Juan Carlos Mendoza, \u201cla combinaci\u00f3n de apoyo en casa y orientaci\u00f3n profesional puede acelerar significativamente el progreso de un ni\u00f1o\u201d.<\/div><div>\u00a0<\/div>\t\t\t\t\t\t\t\t<\/div>\n\t\t\t\t\t<\/div>\n\t\t\t\t<\/div>\n\t\t<div data-particle_enable=\"false\" data-particle-mobile-disabled=\"false\" class=\"elementor-element elementor-element-c977cc5 e-flex e-con-boxed e-con e-parent\" data-id=\"c977cc5\" data-element_type=\"container\" data-e-type=\"container\">\n\t\t\t\t\t<div class=\"e-con-inner\">\n\t\t\t\t<div class=\"elementor-element elementor-element-b5eb521 elementor-widget elementor-widget-text-editor\" data-id=\"b5eb521\" data-element_type=\"widget\" data-e-type=\"widget\" data-widget_type=\"text-editor.default\">\n\t\t\t\t\t\t\t\t\t<p>Al fomentar una mentalidad positiva, introducir actividades interactivas, establecer una rutina personalizada y buscar ayuda profesional cuando sea necesario, <a href=\"https:\/\/soymigrante.com\/revista\/category\/mejor\/\" target=\"_blank\" rel=\"noopener\">puedes ayudar a tu hijo no solo a mejorar en matem\u00e1ticas, sino tambi\u00e9n a desarrollar habilidades esenciales para el futuro.<\/a><\/p><p>Las matem\u00e1ticas no tienen que ser vistas como un obst\u00e1culo; con las estrategias adecuadas, pueden convertirse en una puerta abierta al descubrimiento, la creatividad y el \u00e9xito acad\u00e9mico.<\/p>\t\t\t\t\t\t\t\t<\/div>\n\t\t\t\t\t<\/div>\n\t\t\t\t<\/div>\n\t\t<div data-particle_enable=\"false\" data-particle-mobile-disabled=\"false\" class=\"elementor-element elementor-element-15b5abf e-flex e-con-boxed e-con e-parent\" data-id=\"15b5abf\" data-element_type=\"container\" data-e-type=\"container\">\n\t\t\t\t\t<div class=\"e-con-inner\">\n\t\t\t\t<div class=\"elementor-element elementor-element-620b34a elementor-widget elementor-widget-heading\" data-id=\"620b34a\" data-element_type=\"widget\" data-e-type=\"widget\" data-widget_type=\"heading.default\">\n\t\t\t\t\t<h2 class=\"elementor-heading-title elementor-size-default\">Aprende m\u00e1s ac\u00e1...<\/h2>\t\t\t\t<\/div>\n\t\t\t\t\t<\/div>\n\t\t\t\t<\/div>\n\t\t<div data-particle_enable=\"false\" data-particle-mobile-disabled=\"false\" class=\"elementor-element elementor-element-e7c3432 e-flex e-con-boxed e-con e-parent\" data-id=\"e7c3432\" data-element_type=\"container\" data-e-type=\"container\">\n\t\t\t\t\t<div class=\"e-con-inner\">\n\t\t\t\t<div class=\"elementor-element elementor-element-0f1abf1 elementor-widget elementor-widget-blfe-post-grid\" data-id=\"0f1abf1\" data-element_type=\"widget\" data-e-type=\"widget\" data-settings=\"{&quot;columns&quot;:&quot;3&quot;,&quot;columns_tablet&quot;:&quot;6&quot;,&quot;columns_mobile&quot;:&quot;12&quot;,&quot;hero1_layout_column_gap&quot;:{&quot;unit&quot;:&quot;px&quot;,&quot;size&quot;:30,&quot;sizes&quot;:[]},&quot;hero1_layout_column_gap_tablet&quot;:{&quot;unit&quot;:&quot;px&quot;,&quot;size&quot;:&quot;&quot;,&quot;sizes&quot;:[]},&quot;hero1_layout_column_gap_mobile&quot;:{&quot;unit&quot;:&quot;px&quot;,&quot;size&quot;:&quot;&quot;,&quot;sizes&quot;:[]},&quot;hero1_layout_row_gap&quot;:{&quot;unit&quot;:&quot;px&quot;,&quot;size&quot;:30,&quot;sizes&quot;:[]},&quot;hero1_layout_row_gap_tablet&quot;:{&quot;unit&quot;:&quot;px&quot;,&quot;size&quot;:&quot;&quot;,&quot;sizes&quot;:[]},&quot;hero1_layout_row_gap_mobile&quot;:{&quot;unit&quot;:&quot;px&quot;,&quot;size&quot;:&quot;&quot;,&quot;sizes&quot;:[]}}\" data-widget_type=\"blfe-post-grid.hero1\">\n\t\t\t\t<div class=\"elementor-widget-container\">\n\t\t\t\t\t\n                        <div class=\"blfe-post-grid-container \">\n            \n                <div data-skin=\"hero1\" class=\"blfe-row blfe-posts-inner blfe-hero1 blfe-posts-inner blfe-col-3 blfe-col-tab-6 blfe-col-mob-12     \">\n                            <div class=\"blfe-post-grid-item\">\n            <div class=\"blfe-post-grid-item-inner blfe-modern-zoom\">\n                        <div class=\"blfe-post-grid-bg-image\">\n            <a class=\"blfe-post-grid-image-inner\" href=\"https:\/\/soymigrante.com\/revista\/cuida-tus-oidos-existen-practicas-comunes-que-pueden-causar-dano-auditivo-evitalas\/\" title=\"\u00a1Cuida  tus o\u00eddos! Existen pr\u00e1cticas comunes que pueden causar da\u00f1o auditivo. Ev\u00edtalas\" rel=\"nofollow\" target=\"_blank\"><img decoding=\"async\" src=\"https:\/\/soymigrante.com\/revista\/wp-content\/uploads\/2025\/05\/\u00a1Cuidado-con-tus-oidos-Practicas-comunes-que-pueden-causar-dano-auditivo1-e1748028025314.webp\" alt=\"\u00a1Cuida  tus o\u00eddos! Existen pr\u00e1cticas comunes que pueden causar da\u00f1o auditivo. Ev\u00edtalas\"\/><\/a>        <\/div>\n                        <div class=\"blfe-post-grid-details\">\n                    <div class=\"blfe-post-grid-details-inner\">\n                        <span class=\"blfe-post-category\"><a href=\"https:\/\/soymigrante.com\/revista\/category\/bienestar\/\">Bienestar<\/a><\/span>                        <h3 class=\"blfe-post-grid-title\">\n            <a href=\"https:\/\/soymigrante.com\/revista\/cuida-tus-oidos-existen-practicas-comunes-que-pueden-causar-dano-auditivo-evitalas\/\" title=\"\u00a1Cuida  tus o\u00eddos! Existen pr\u00e1cticas comunes que pueden causar da\u00f1o auditivo. Ev\u00edtalas\" rel=\"nofollow\" target=\"_blank\">\u00a1Cuida  tus o\u00eddos! Existen pr\u00e1cticas comunes que pueden causar da\u00f1o auditivo. Ev\u00edtalas<\/a>\n            <\/h3>                                                            <div class=\"blfe-post-grid-meta\">\n                <span class=\"blfe-post-grid-time\"><i class=\"fas fa-book-reader\"><\/i>4 Min read<\/span>            <\/div>\n                                                        <\/div>\n                <\/div>\n\n            <\/div>\n        <\/div>\n                <div class=\"blfe-post-grid-item\">\n            <div class=\"blfe-post-grid-item-inner blfe-modern-zoom\">\n                        <div class=\"blfe-post-grid-bg-image\">\n            <a class=\"blfe-post-grid-image-inner\" href=\"https:\/\/soymigrante.com\/revista\/feliz-dia-del-padre-migrantes-recuerdan-sabios-consejos-de-papa\/\" title=\"\u00a1Feliz d\u00eda del Padre!: Migrantes recuerdan sabios consejos  de pap\u00e1\" rel=\"nofollow\" target=\"_blank\"><img decoding=\"async\" src=\"https:\/\/soymigrante.com\/revista\/wp-content\/uploads\/2024\/06\/Captura-de-pantalla-2024-06-12-102148.webp\" alt=\"\u00a1Feliz d\u00eda del Padre!: Migrantes recuerdan sabios consejos  de pap\u00e1\"\/><\/a>        <\/div>\n                        <div class=\"blfe-post-grid-details\">\n                    <div class=\"blfe-post-grid-details-inner\">\n                        <span class=\"blfe-post-category\"><a href=\"https:\/\/soymigrante.com\/revista\/category\/bienestar\/\">Bienestar<\/a><\/span>                        <h3 class=\"blfe-post-grid-title\">\n            <a href=\"https:\/\/soymigrante.com\/revista\/feliz-dia-del-padre-migrantes-recuerdan-sabios-consejos-de-papa\/\" title=\"\u00a1Feliz d\u00eda del Padre!: Migrantes recuerdan sabios consejos  de pap\u00e1\" rel=\"nofollow\" target=\"_blank\">\u00a1Feliz d\u00eda del Padre!: Migrantes recuerdan sabios consejos  de pap\u00e1<\/a>\n            <\/h3>                                                            <div class=\"blfe-post-grid-meta\">\n                <span class=\"blfe-post-grid-time\"><i class=\"fas fa-book-reader\"><\/i>6 Min read<\/span>            <\/div>\n                                                        <\/div>\n                <\/div>\n\n            <\/div>\n        <\/div>\n                <div class=\"blfe-post-grid-item\">\n            <div class=\"blfe-post-grid-item-inner blfe-modern-zoom\">\n                        <div class=\"blfe-post-grid-bg-image\">\n            <a class=\"blfe-post-grid-image-inner\" href=\"https:\/\/soymigrante.com\/revista\/mucho-ojo-senales-de-una-pareja-potencialmente-violenta\/\" title=\"\u00a1Mucho ojo! Se\u00f1ales de  una pareja potencialmente violenta\" rel=\"nofollow\" target=\"_blank\"><img decoding=\"async\" src=\"https:\/\/soymigrante.com\/revista\/wp-content\/uploads\/2024\/10\/emprendedor-feature-soy-migrante-scaled.webp\" alt=\"\u00a1Mucho ojo! Se\u00f1ales de  una pareja potencialmente violenta\"\/><\/a>        <\/div>\n                        <div class=\"blfe-post-grid-details\">\n                    <div class=\"blfe-post-grid-details-inner\">\n                        <span class=\"blfe-post-category\"><a href=\"https:\/\/soymigrante.com\/revista\/category\/bienestar\/salud-emocional\/\">Salud Emocional<\/a><\/span>                        <h3 class=\"blfe-post-grid-title\">\n            <a href=\"https:\/\/soymigrante.com\/revista\/mucho-ojo-senales-de-una-pareja-potencialmente-violenta\/\" title=\"\u00a1Mucho ojo! Se\u00f1ales de  una pareja potencialmente violenta\" rel=\"nofollow\" target=\"_blank\">\u00a1Mucho ojo! Se\u00f1ales de  una pareja potencialmente violenta<\/a>\n            <\/h3>                                                            <div class=\"blfe-post-grid-meta\">\n                <span class=\"blfe-post-grid-time\"><i class=\"fas fa-book-reader\"><\/i>3 Min read<\/span>            <\/div>\n                                                        <\/div>\n                <\/div>\n\n            <\/div>\n        <\/div>\n                        <\/div>\n\n                        <\/div>\n            \n                        <div class=\"blfe-post-footer\">\n                        <\/div>\n            \t\t\t\t<\/div>\n\t\t\t\t<\/div>\n\t\t\t\t\t<\/div>\n\t\t\t\t<\/div>\n\t\t\t\t<\/div>\n\t\t","protected":false},"excerpt":{"rendered":"<p>El potencial matem\u00e1tico de los ni\u00f1os no depende \u00fanicamente de sus habilidades innatas, sino de la forma en que se les motiva y gu\u00eda en su aprendizaje. Las matem\u00e1ticas son una herramienta esencial para comprender el mundo y desarrollar habilidades cr\u00edticas como el razonamiento l\u00f3gico, la resoluci\u00f3n de problemas y la creatividad. Sin embargo, muchos [&hellip;]<\/p>\n","protected":false},"author":19,"featured_media":17181,"comment_status":"open","ping_status":"open","sticky":false,"template":"","format":"standard","meta":{"_acf_changed":false,"_eb_attr":"","footnotes":""},"categories":[55],"tags":[],"class_list":["post-17163","post","type-post","status-publish","format-standard","has-post-thumbnail","hentry","category-bienestar"],"acf":[],"aioseo_notices":[],"aioseo_head":"\n\t\t<!-- All in One SEO Pro 4.9.6.2 - aioseo.com -->\n\t<meta name=\"description\" content=\"Las se\u00f1ales de estar con una pareja violenta, algunas veces no son claras, pero estas se\u00f1ales te pueden ayudar.\" \/>\n\t<meta name=\"robots\" content=\"max-snippet:-1, max-image-preview:large, max-video-preview:-1\" \/>\n\t<meta name=\"author\" content=\"Marysabel Aldana\"\/>\n\t<link rel=\"canonical\" href=\"https:\/\/soymigrante.com\/revista\/mucho-ojo-senales-de-una-pareja-potencialmente-violenta\/\" \/>\n\t<meta name=\"generator\" content=\"All in One SEO Pro (AIOSEO) 4.9.6.2\" \/>\n\n\t\t<link rel=\"preconnect\" href=\"https:\/\/fonts.googleapis.com\" crossorigin>\n<link rel=\"preconnect\" href=\"https:\/\/fonts.gstatic.com\" crossorigin>\n\t\t<meta property=\"og:locale\" content=\"es_ES\" \/>\n\t\t<meta property=\"og:site_name\" content=\"SoyMigrante.com REVISTA \u2013 Nuestra misi\u00f3n es reconocer y dignificar al migrante.\" \/>\n\t\t<meta property=\"og:type\" content=\"article\" \/>\n\t\t<meta property=\"og:title\" content=\"\u00a1Mucho ojo! Se\u00f1ales de una pareja potencialmente violenta\" \/>\n\t\t<meta property=\"og:description\" content=\"Las se\u00f1ales de estar con una pareja violenta, algunas veces no son claras, pero estas se\u00f1ales te pueden ayudar.\" \/>\n\t\t<meta property=\"og:url\" content=\"https:\/\/soymigrante.com\/revista\/mucho-ojo-senales-de-una-pareja-potencialmente-violenta\/\" \/>\n\t\t<meta property=\"og:image\" content=\"https:\/\/soymigrante.com\/revista\/wp-content\/uploads\/2024\/10\/emprendedor-feature-soy-migrante-scaled.webp\" \/>\n\t\t<meta property=\"og:image:secure_url\" content=\"https:\/\/soymigrante.com\/revista\/wp-content\/uploads\/2024\/10\/emprendedor-feature-soy-migrante-scaled.webp\" \/>\n\t\t<meta property=\"og:image:width\" content=\"1920\" \/>\n\t\t<meta property=\"og:image:height\" content=\"1920\" \/>\n\t\t<meta property=\"article:published_time\" content=\"2025-08-21T17:14:06+00:00\" \/>\n\t\t<meta property=\"article:modified_time\" content=\"2025-08-27T17:21:59+00:00\" \/>\n\t\t<meta property=\"article:publisher\" content=\"https:\/\/www.facebook.com\/soymigrantecom\" \/>\n\t\t<meta name=\"twitter:card\" content=\"summary_large_image\" \/>\n\t\t<meta name=\"twitter:site\" content=\"@SoyMigrante_com\" \/>\n\t\t<meta name=\"twitter:title\" content=\"\u00a1Mucho ojo! Se\u00f1ales de una pareja potencialmente violenta\" \/>\n\t\t<meta name=\"twitter:description\" content=\"Las se\u00f1ales de estar con una pareja violenta, algunas veces no son claras, pero estas se\u00f1ales te pueden ayudar.\" \/>\n\t\t<meta name=\"twitter:creator\" content=\"@SoyMigrante_com\" \/>\n\t\t<meta name=\"twitter:image\" content=\"https:\/\/soymigrante.com\/revista\/wp-content\/uploads\/2024\/10\/emprendedor-feature-soy-migrante-scaled.webp\" \/>\n\t\t<!-- All in One SEO Pro -->\r\n\t\t<title>\u00a1Mucho ojo! Se\u00f1ales de una pareja potencialmente violenta<\/title>\n\n","aioseo_head_json":{"title":"\u00a1Mucho ojo! Se\u00f1ales de una pareja potencialmente violenta","description":"Las se\u00f1ales de estar con una pareja violenta, algunas veces no son claras, pero estas se\u00f1ales te pueden ayudar.","canonical_url":"https:\/\/soymigrante.com\/revista\/mucho-ojo-senales-de-una-pareja-potencialmente-violenta\/","robots":"max-snippet:-1, max-image-preview:large, max-video-preview:-1","keywords":"","webmasterTools":{"miscellaneous":"&lt;link rel=\"preconnect\" href=\"https:\/\/fonts.googleapis.com\" crossorigin&gt;\n&lt;link rel=\"preconnect\" href=\"https:\/\/fonts.gstatic.com\" crossorigin&gt;"},"schema":null,"og:locale":"es_ES","og:site_name":"SoyMigrante.com REVISTA \u2013 Nuestra misi\u00f3n es reconocer y dignificar al migrante.","og:type":"article","og:title":"\u00a1Mucho ojo! Se\u00f1ales de una pareja potencialmente violenta","og:description":"Las se\u00f1ales de estar con una pareja violenta, algunas veces no son claras, pero estas se\u00f1ales te pueden ayudar.","og:url":"https:\/\/soymigrante.com\/revista\/mucho-ojo-senales-de-una-pareja-potencialmente-violenta\/","og:image":"https:\/\/soymigrante.com\/revista\/wp-content\/uploads\/2024\/10\/emprendedor-feature-soy-migrante-scaled.webp","og:image:secure_url":"https:\/\/soymigrante.com\/revista\/wp-content\/uploads\/2024\/10\/emprendedor-feature-soy-migrante-scaled.webp","og:image:width":1920,"og:image:height":1920,"article:published_time":"2025-08-21T17:14:06+00:00","article:modified_time":"2025-08-27T17:21:59+00:00","article:publisher":"https:\/\/www.facebook.com\/soymigrantecom","twitter:card":"summary_large_image","twitter:site":"@SoyMigrante_com","twitter:title":"\u00a1Mucho ojo! Se\u00f1ales de una pareja potencialmente violenta","twitter:description":"Las se\u00f1ales de estar con una pareja violenta, algunas veces no son claras, pero estas se\u00f1ales te pueden ayudar.","twitter:creator":"@SoyMigrante_com","twitter:image":"https:\/\/soymigrante.com\/revista\/wp-content\/uploads\/2024\/10\/emprendedor-feature-soy-migrante-scaled.webp"},"aioseo_meta_data":{"post_id":"17163","title":"Retomando clases: cultiva potencial matem\u00e1tico de tus hijos","description":null,"keywords":null,"keyphrases":{"focus":{"keyphrase":"matem\u00e1tico","score":82,"analysis":{"keyphraseInTitle":{"score":9,"maxScore":9,"error":0},"keyphraseInDescription":{"score":9,"maxScore":9,"error":0},"keyphraseLength":{"score":9,"maxScore":9,"error":0,"length":2},"keyphraseInURL":{"score":5,"maxScore":5,"error":0},"keyphraseInIntroduction":{"score":3,"maxScore":9,"error":1},"keyphraseInSubHeadings":{"score":3,"maxScore":9,"error":1},"keyphraseInImageAlt":{"score":9,"maxScore":9,"error":0},"keywordDensity":{"type":"best","score":9,"maxScore":9,"error":0}}},"additional":[{"keyphrase":"matem\u00e1tica","score":73,"analysis":{"keyphraseInDescription":{"score":9,"maxScore":9,"error":0},"keyphraseLength":{"score":9,"maxScore":9,"error":0,"length":2},"keyphraseInIntroduction":{"score":3,"maxScore":9,"error":1},"keyphraseInImageAlt":{"score":3,"maxScore":9,"error":1},"keywordDensity":{"type":"best","score":9,"maxScore":9,"error":0}}},{"keyphrase":"Estudios","score":53,"analysis":{"keyphraseInDescription":{"score":9,"maxScore":9,"error":0},"keyphraseLength":{"score":9,"maxScore":9,"error":0,"length":1},"keyphraseInIntroduction":{"score":3,"maxScore":9,"error":1},"keyphraseInImageAlt":{"score":3,"maxScore":9,"error":1},"keywordDensity":{"score":0,"type":"low","maxScore":9,"error":1}}}]},"primary_term":null,"canonical_url":null,"og_title":null,"og_description":null,"og_object_type":"default","og_image_type":"default","og_image_url":null,"og_image_width":null,"og_image_height":null,"og_image_custom_url":null,"og_image_custom_fields":null,"og_video":"","og_custom_url":null,"og_article_section":null,"og_article_tags":null,"twitter_use_og":false,"twitter_card":"default","twitter_image_type":"default","twitter_image_url":null,"twitter_image_custom_url":null,"twitter_image_custom_fields":null,"twitter_title":null,"twitter_description":null,"schema":{"blockGraphs":[],"customGraphs":[],"default":{"data":{"Article":[],"Course":[],"Dataset":[],"FAQPage":[],"Movie":[],"Person":[],"Product":[],"ProductReview":[],"Car":[],"Recipe":[],"Service":[],"SoftwareApplication":[],"WebPage":[]},"graphName":"BlogPosting","isEnabled":true},"graphs":[]},"schema_type":"default","schema_type_options":null,"pillar_content":false,"robots_default":true,"robots_noindex":false,"robots_noarchive":false,"robots_nosnippet":false,"robots_nofollow":false,"robots_noimageindex":false,"robots_noodp":false,"robots_notranslate":false,"robots_max_snippet":"-1","robots_max_videopreview":"-1","robots_max_imagepreview":"large","priority":null,"frequency":"default","local_seo":null,"seo_analyzer_scan_date":"2025-10-09 01:33:09","breadcrumb_settings":null,"limit_modified_date":false,"reviewed_by":null,"open_ai":"{\"title\":{\"suggestions\":[],\"usage\":0},\"description\":{\"suggestions\":[],\"usage\":0}}","ai":null,"created":"2024-12-18 22:27:16","updated":"2026-02-04 18:47:14"},"aioseo_breadcrumb":"<div class=\"aioseo-breadcrumbs\"><span class=\"aioseo-breadcrumb\">\n\t<a href=\"https:\/\/soymigrante.com\/revista\" title=\"Home\">Home<\/a>\n<\/span><span class=\"aioseo-breadcrumb-separator\">\u00bb<\/span><span class=\"aioseo-breadcrumb\">\n\t<a href=\"https:\/\/soymigrante.com\/revista\/category\/bienestar\/\" title=\"Bienestar\">Bienestar<\/a>\n<\/span><span class=\"aioseo-breadcrumb-separator\">\u00bb<\/span><span class=\"aioseo-breadcrumb\">\n\tRetomando las clases: pasos para liberar el potencial matem\u00e1tico de tus hijos\n<\/span><\/div>","aioseo_breadcrumb_json":[{"label":"Home","link":"https:\/\/soymigrante.com\/revista"},{"label":"Bienestar","link":"https:\/\/soymigrante.com\/revista\/category\/bienestar\/"},{"label":"Retomando las clases: pasos para liberar el potencial matem\u00e1tico de tus hijos","link":"https:\/\/soymigrante.com\/revista\/retomando-las-clases-pasos-para-liberar-el-potencial-matematico-de-tus-hijos\/"}],"_links":{"self":[{"href":"https:\/\/soymigrante.com\/revista\/wp-json\/wp\/v2\/posts\/17163","targetHints":{"allow":["GET"]}}],"collection":[{"href":"https:\/\/soymigrante.com\/revista\/wp-json\/wp\/v2\/posts"}],"about":[{"href":"https:\/\/soymigrante.com\/revista\/wp-json\/wp\/v2\/types\/post"}],"author":[{"embeddable":true,"href":"https:\/\/soymigrante.com\/revista\/wp-json\/wp\/v2\/users\/19"}],"replies":[{"embeddable":true,"href":"https:\/\/soymigrante.com\/revista\/wp-json\/wp\/v2\/comments?post=17163"}],"version-history":[{"count":0,"href":"https:\/\/soymigrante.com\/revista\/wp-json\/wp\/v2\/posts\/17163\/revisions"}],"wp:featuredmedia":[{"embeddable":true,"href":"https:\/\/soymigrante.com\/revista\/wp-json\/wp\/v2\/media\/17181"}],"wp:attachment":[{"href":"https:\/\/soymigrante.com\/revista\/wp-json\/wp\/v2\/media?parent=17163"}],"wp:term":[{"taxonomy":"category","embeddable":true,"href":"https:\/\/soymigrante.com\/revista\/wp-json\/wp\/v2\/categories?post=17163"},{"taxonomy":"post_tag","embeddable":true,"href":"https:\/\/soymigrante.com\/revista\/wp-json\/wp\/v2\/tags?post=17163"}],"curies":[{"name":"wp","href":"https:\/\/api.w.org\/{rel}","templated":true}]}}