{"id":1716,"date":"2023-07-25T18:29:43","date_gmt":"2023-07-25T18:29:43","guid":{"rendered":"https:\/\/soymigrante.com\/revista\/?p=1716"},"modified":"2024-07-31T11:11:54","modified_gmt":"2024-07-31T17:11:54","slug":"cultura-migrante-tigre-lazo-baile","status":"publish","type":"post","link":"https:\/\/soymigrante.com\/revista\/cultura-migrante-tigre-lazo-baile\/","title":{"rendered":"Recordando el Tigre, Lazo y Baile: Tradiciones Migrantes"},"content":{"rendered":"\t\t<div data-elementor-type=\"wp-post\" data-elementor-id=\"1716\" class=\"elementor elementor-1716\" data-elementor-post-type=\"post\">\n\t\t\t\t\t\t<section data-particle_enable=\"false\" data-particle-mobile-disabled=\"false\" class=\"elementor-section elementor-top-section elementor-element elementor-element-c10093c elementor-section-boxed elementor-section-height-default elementor-section-height-default\" data-id=\"c10093c\" data-element_type=\"section\" data-e-type=\"section\">\n\t\t\t\t\t\t<div class=\"elementor-container elementor-column-gap-default\">\n\t\t\t\t\t<div class=\"elementor-column elementor-col-100 elementor-top-column elementor-element elementor-element-3b7510f\" data-id=\"3b7510f\" data-element_type=\"column\" data-e-type=\"column\">\n\t\t\t<div class=\"elementor-widget-wrap elementor-element-populated\">\n\t\t\t\t\t\t<div class=\"elementor-element elementor-element-4cb94be elementor-widget elementor-widget-heading\" data-id=\"4cb94be\" data-element_type=\"widget\" data-e-type=\"widget\" data-widget_type=\"heading.default\">\n\t\t\t\t\t<h2 class=\"elementor-heading-title elementor-size-default\">Tradici\u00f3n y cultura  un recordatorio para todos los guatemaltecos. El silbido y jugueteo son parte de la presentaci\u00f3n, una multitud que se deslumbra por las acrobacias y agilidad, el baile ancestral de Momostenango, Totonicap\u00e1n.<\/h2>\t\t\t\t<\/div>\n\t\t\t\t\t<\/div>\n\t\t<\/div>\n\t\t\t\t\t<\/div>\n\t\t<\/section>\n\t\t\t\t<section data-particle_enable=\"false\" data-particle-mobile-disabled=\"false\" class=\"elementor-section elementor-top-section elementor-element elementor-element-a663cda elementor-section-boxed elementor-section-height-default elementor-section-height-default\" data-id=\"a663cda\" data-element_type=\"section\" data-e-type=\"section\">\n\t\t\t\t\t\t<div class=\"elementor-container elementor-column-gap-default\">\n\t\t\t\t\t<div class=\"elementor-column elementor-col-100 elementor-top-column elementor-element elementor-element-391eec2\" data-id=\"391eec2\" data-element_type=\"column\" data-e-type=\"column\">\n\t\t\t<div class=\"elementor-widget-wrap elementor-element-populated\">\n\t\t\t\t\t\t<div class=\"elementor-element elementor-element-f3a9159 elementor-widget elementor-widget-image\" data-id=\"f3a9159\" data-element_type=\"widget\" data-e-type=\"widget\" data-widget_type=\"image.default\">\n\t\t\t\t\t\t\t\t\t\t\t\t<figure class=\"wp-caption\">\n\t\t\t\t\t\t\t\t\t\t<img fetchpriority=\"high\" decoding=\"async\" width=\"768\" height=\"548\" src=\"https:\/\/soymigrante.com\/revista\/wp-content\/uploads\/2023\/07\/seguimiento-presetacion-1024x731.webp\" class=\"attachment-large size-large wp-image-1733\" alt=\"seguimiento presentaci\u00f3n\" srcset=\"https:\/\/soymigrante.com\/revista\/wp-content\/uploads\/2023\/07\/seguimiento-presetacion-1024x731.webp 1024w, https:\/\/soymigrante.com\/revista\/wp-content\/uploads\/2023\/07\/seguimiento-presetacion-300x214.webp 300w, https:\/\/soymigrante.com\/revista\/wp-content\/uploads\/2023\/07\/seguimiento-presetacion-768x549.webp 768w, https:\/\/soymigrante.com\/revista\/wp-content\/uploads\/2023\/07\/seguimiento-presetacion-120x86.webp 120w, https:\/\/soymigrante.com\/revista\/wp-content\/uploads\/2023\/07\/seguimiento-presetacion-350x250.webp 350w, https:\/\/soymigrante.com\/revista\/wp-content\/uploads\/2023\/07\/seguimiento-presetacion-750x536.webp 750w, https:\/\/soymigrante.com\/revista\/wp-content\/uploads\/2023\/07\/seguimiento-presetacion-1140x814.webp 1140w, https:\/\/soymigrante.com\/revista\/wp-content\/uploads\/2023\/07\/seguimiento-presetacion.webp 1512w\" sizes=\"(max-width: 768px) 100vw, 768px\" title=\"seguimiento presetaci\u00f3n \u2013 SoyMigrante.com REVISTA\" \/>\t\t\t\t\t\t\t\t\t\t\t<figcaption class=\"widget-image-caption wp-caption-text\">Altura, colores y jugueteo, baile ancestral tigres y monos de Momostenango Foto: Soy Maynor, Feria titular de Momostenango  a\u00f1o 2019\n<\/figcaption>\n\t\t\t\t\t\t\t\t\t\t<\/figure>\n\t\t\t\t\t\t\t\t\t<\/div>\n\t\t\t\t\t<\/div>\n\t\t<\/div>\n\t\t\t\t\t<\/div>\n\t\t<\/section>\n\t\t\t\t<section data-particle_enable=\"false\" data-particle-mobile-disabled=\"false\" class=\"elementor-section elementor-top-section elementor-element elementor-element-de79dc2 elementor-section-boxed elementor-section-height-default elementor-section-height-default\" data-id=\"de79dc2\" data-element_type=\"section\" data-e-type=\"section\">\n\t\t\t\t\t\t<div class=\"elementor-container elementor-column-gap-default\">\n\t\t\t\t\t<div class=\"elementor-column elementor-col-100 elementor-top-column elementor-element elementor-element-41e0075\" data-id=\"41e0075\" data-element_type=\"column\" data-e-type=\"column\">\n\t\t\t<div class=\"elementor-widget-wrap elementor-element-populated\">\n\t\t\t\t\t\t<div class=\"elementor-element elementor-element-14b372c elementor-widget elementor-widget-text-editor\" data-id=\"14b372c\" data-element_type=\"widget\" data-e-type=\"widget\" data-widget_type=\"text-editor.default\">\n\t\t\t\t\t\t\t\t\t<p><span style=\"font-weight: 400;\">Los bailes folcl\u00f3ricos son la esencia de varias ferias patronales, tal como lo es el municipio de Momostenango, Totonicap\u00e1n. Presenta el tradicional baile o danza de tigres y monos, este se realiza frete a la Parroquia Santiago el Mayor del municipio.<\/span><\/p><p><span style=\"font-weight: 400;\">La feria titular se celebra en honor al santo patrono \u201cSantiago Ap\u00f3stol\u201d. Indican locales que del 21 de julio al 4 de agosto se desarrollan varias actividades religiosas, culturales y sociales, recalcando que los d\u00edas principales son el 25, 31 de julio y 1 de agosto.<\/span><\/p><p><span style=\"font-weight: 400;\">El fot\u00f3grafo y creador audiovisual Marcos Z\u00e1rate registra en video los sonidos de esta danza.<\/span><\/p>\t\t\t\t\t\t\t\t<\/div>\n\t\t\t\t\t<\/div>\n\t\t<\/div>\n\t\t\t\t\t<\/div>\n\t\t<\/section>\n\t\t\t\t<section data-particle_enable=\"false\" data-particle-mobile-disabled=\"false\" class=\"elementor-section elementor-top-section elementor-element elementor-element-7ff261a elementor-section-boxed elementor-section-height-default elementor-section-height-default\" data-id=\"7ff261a\" data-element_type=\"section\" data-e-type=\"section\">\n\t\t\t\t\t\t<div class=\"elementor-container elementor-column-gap-default\">\n\t\t\t\t\t<div class=\"elementor-column elementor-col-100 elementor-top-column elementor-element elementor-element-33533b1\" data-id=\"33533b1\" data-element_type=\"column\" data-e-type=\"column\">\n\t\t\t<div class=\"elementor-widget-wrap elementor-element-populated\">\n\t\t\t\t\t\t<div class=\"elementor-element elementor-element-2dba814 elementor-widget elementor-widget-facebook-embed\" data-id=\"2dba814\" data-element_type=\"widget\" data-e-type=\"widget\" data-widget_type=\"facebook-embed.default\">\n\t\t\t\t\t<div style=\"min-height: 1px\" class=\"elementor-facebook-widget fb-post\" data-href=\"https:\/\/www.facebook.com\/mrcoszaratephoto\/videos\/1637519520065972\" data-show-text=\"false\"><\/div>\t\t\t\t<\/div>\n\t\t\t\t\t<\/div>\n\t\t<\/div>\n\t\t\t\t\t<\/div>\n\t\t<\/section>\n\t\t\t\t<section data-particle_enable=\"false\" data-particle-mobile-disabled=\"false\" class=\"elementor-section elementor-top-section elementor-element elementor-element-325acc3 elementor-section-boxed elementor-section-height-default elementor-section-height-default\" data-id=\"325acc3\" data-element_type=\"section\" data-e-type=\"section\">\n\t\t\t\t\t\t<div class=\"elementor-container elementor-column-gap-default\">\n\t\t\t\t\t<div class=\"elementor-column elementor-col-100 elementor-top-column elementor-element elementor-element-3636bc7\" data-id=\"3636bc7\" data-element_type=\"column\" data-e-type=\"column\">\n\t\t\t<div class=\"elementor-widget-wrap elementor-element-populated\">\n\t\t\t\t\t\t<div class=\"elementor-element elementor-element-78c26be elementor-widget elementor-widget-heading\" data-id=\"78c26be\" data-element_type=\"widget\" data-e-type=\"widget\" data-widget_type=\"heading.default\">\n\t\t\t\t\t<h3 class=\"elementor-heading-title elementor-size-default\">A\u00f1os de tradici\u00f3n<\/h3>\t\t\t\t<\/div>\n\t\t\t\t<div class=\"elementor-element elementor-element-77b0056 elementor-widget elementor-widget-text-editor\" data-id=\"77b0056\" data-element_type=\"widget\" data-e-type=\"widget\" data-widget_type=\"text-editor.default\">\n\t\t\t\t\t\t\t\t\t<p><span style=\"font-weight: 400\">Quienes integran la agrupaci\u00f3n llevan a\u00f1os de preparaci\u00f3n f\u00edsica y mental, durante el mes de enero se hace una presentaci\u00f3n en la plaza del municipio para dar a conocer a la poblaci\u00f3n que se aproxima el evento titular, una de las Aldeas como: Xequemeya se contin\u00faan con los preparativos.<\/span><\/p><p><span style=\"font-weight: 400\">Nueve meses antes se preparan para la gran presentaci\u00f3n, los participantes del baile folcl\u00f3rico, est\u00e1n integrados por: cuatro venados, seis Segales, Pedro Botones, La catrina, dos perros, y los personajes principales el Tigre, el Le\u00f3n y Mono.<\/span><\/p><p><span style=\"font-weight: 400\">Con 204 a\u00f1os de tradici\u00f3n, trasladan a los pobladores hacia un recordatorio de la identidad y cultura como guatemaltecos, los sonidos, los colores y el mensaje son el v\u00ednculo con nuestros ancestros, la comunicaci\u00f3n fluye de una manera personal.<\/span><\/p><p><span style=\"font-weight: 400\">En el mes de enero se siembra un palo; se instala frente a la iglesia donde se presentan los distintos bailes folcl\u00f3ricos como: Los Venados, Tigre, Le\u00f3n y los Monos, presentaci\u00f3n que realizan frente a la iglesia del municipio. Santos Valent\u00edn Mej\u00eda Ajanel, es uno de los autores del baile folcl\u00f3rico de Monos y venados en el municipio de Momostenango. <\/span><\/p>\t\t\t\t\t\t\t\t<\/div>\n\t\t\t\t\t<\/div>\n\t\t<\/div>\n\t\t\t\t\t<\/div>\n\t\t<\/section>\n\t\t\t\t<section data-particle_enable=\"false\" data-particle-mobile-disabled=\"false\" class=\"elementor-section elementor-top-section elementor-element elementor-element-47600b6 elementor-section-boxed elementor-section-height-default elementor-section-height-default\" data-id=\"47600b6\" data-element_type=\"section\" data-e-type=\"section\">\n\t\t\t\t\t\t<div class=\"elementor-container elementor-column-gap-default\">\n\t\t\t\t\t<div class=\"elementor-column elementor-col-100 elementor-top-column elementor-element elementor-element-b735737\" data-id=\"b735737\" data-element_type=\"column\" data-e-type=\"column\">\n\t\t\t<div class=\"elementor-widget-wrap elementor-element-populated\">\n\t\t\t\t\t\t<div class=\"elementor-element elementor-element-950690f elementor-widget elementor-widget-image\" data-id=\"950690f\" data-element_type=\"widget\" data-e-type=\"widget\" data-widget_type=\"image.default\">\n\t\t\t\t\t\t\t\t\t\t\t\t<figure class=\"wp-caption\">\n\t\t\t\t\t\t\t\t\t\t<img decoding=\"async\" width=\"731\" height=\"1024\" src=\"https:\/\/soymigrante.com\/revista\/wp-content\/uploads\/2023\/07\/visitantes-y-locales-731x1024.webp\" class=\"attachment-large size-large wp-image-1737\" alt=\"visitantes y locales\" srcset=\"https:\/\/soymigrante.com\/revista\/wp-content\/uploads\/2023\/07\/visitantes-y-locales-731x1024.webp 731w, https:\/\/soymigrante.com\/revista\/wp-content\/uploads\/2023\/07\/visitantes-y-locales-214x300.webp 214w, https:\/\/soymigrante.com\/revista\/wp-content\/uploads\/2023\/07\/visitantes-y-locales-768x1075.webp 768w, https:\/\/soymigrante.com\/revista\/wp-content\/uploads\/2023\/07\/visitantes-y-locales-360x504.webp 360w, https:\/\/soymigrante.com\/revista\/wp-content\/uploads\/2023\/07\/visitantes-y-locales-750x1050.webp 750w, https:\/\/soymigrante.com\/revista\/wp-content\/uploads\/2023\/07\/visitantes-y-locales.webp 1080w\" sizes=\"(max-width: 731px) 100vw, 731px\" title=\"visitantes y locales \u2013 SoyMigrante.com REVISTA\" \/>\t\t\t\t\t\t\t\t\t\t\t<figcaption class=\"widget-image-caption wp-caption-text\">Una conexi\u00f3n con la vida, los colores, los sonidos y silbidos. Foto: Soy Maynor, Feria titular de Momostenango a\u00f1o 2019 <\/figcaption>\n\t\t\t\t\t\t\t\t\t\t<\/figure>\n\t\t\t\t\t\t\t\t\t<\/div>\n\t\t\t\t\t<\/div>\n\t\t<\/div>\n\t\t\t\t\t<\/div>\n\t\t<\/section>\n\t\t\t\t<section data-particle_enable=\"false\" data-particle-mobile-disabled=\"false\" class=\"elementor-section elementor-top-section elementor-element elementor-element-6d8b941 elementor-section-boxed elementor-section-height-default elementor-section-height-default\" data-id=\"6d8b941\" data-element_type=\"section\" data-e-type=\"section\">\n\t\t\t\t\t\t<div class=\"elementor-container elementor-column-gap-default\">\n\t\t\t\t\t<div class=\"elementor-column elementor-col-100 elementor-top-column elementor-element elementor-element-571b901\" data-id=\"571b901\" data-element_type=\"column\" data-e-type=\"column\">\n\t\t\t<div class=\"elementor-widget-wrap elementor-element-populated\">\n\t\t\t\t\t\t<div class=\"elementor-element elementor-element-ab4ffc6 elementor-widget elementor-widget-heading\" data-id=\"ab4ffc6\" data-element_type=\"widget\" data-e-type=\"widget\" data-widget_type=\"heading.default\">\n\t\t\t\t\t<h3 class=\"elementor-heading-title elementor-size-default\">La marimba y la flauta de ca\u00f1a<\/h3>\t\t\t\t<\/div>\n\t\t\t\t<div class=\"elementor-element elementor-element-51edfae elementor-widget elementor-widget-text-editor\" data-id=\"51edfae\" data-element_type=\"widget\" data-e-type=\"widget\" data-widget_type=\"text-editor.default\">\n\t\t\t\t\t\t\t\t\t<p><b>\u00a0<\/b><span style=\"font-weight: 400\">Los sonidos que emiten dos instrumentos aut\u00f3ctonos se convierten en melod\u00edas \u00fanicas, son la representaci\u00f3n de un pueblo y su tradici\u00f3n. La edad avanzada de los m\u00fasicos hace recordar lo importante de mantener viva las tradiciones.<\/span><\/p><p><span style=\"font-weight: 400\">Desde lo alto de las estructuras del lugar, se nota la presentaci\u00f3n del mono, anunciando su llegada, transmite una ruleta de emociones; miedo, emoci\u00f3n y sobre todo una conexi\u00f3n con la vida, la naturaleza y el mensaje; una interpretaci\u00f3n basada de la observaci\u00f3n e imaginaci\u00f3n.<\/span><\/p>\t\t\t\t\t\t\t\t<\/div>\n\t\t\t\t\t<\/div>\n\t\t<\/div>\n\t\t\t\t\t<\/div>\n\t\t<\/section>\n\t\t\t\t<section data-particle_enable=\"false\" data-particle-mobile-disabled=\"false\" class=\"elementor-section elementor-top-section elementor-element elementor-element-e5d91b9 elementor-section-boxed elementor-section-height-default elementor-section-height-default\" data-id=\"e5d91b9\" data-element_type=\"section\" data-e-type=\"section\">\n\t\t\t\t\t\t<div class=\"elementor-container elementor-column-gap-default\">\n\t\t\t\t\t<div class=\"elementor-column elementor-col-100 elementor-top-column elementor-element elementor-element-442bd38\" data-id=\"442bd38\" data-element_type=\"column\" data-e-type=\"column\">\n\t\t\t<div class=\"elementor-widget-wrap elementor-element-populated\">\n\t\t\t\t\t\t<div class=\"elementor-element elementor-element-27f0eb1 elementor-widget elementor-widget-video\" data-id=\"27f0eb1\" data-element_type=\"widget\" data-e-type=\"widget\" data-settings=\"{&quot;youtube_url&quot;:&quot;https:\\\/\\\/www.youtube.com\\\/watch?v=FUIKuy7GoIE&quot;,&quot;video_type&quot;:&quot;youtube&quot;,&quot;controls&quot;:&quot;yes&quot;}\" data-widget_type=\"video.default\">\n\t\t\t\t\t\t\t<div class=\"elementor-wrapper elementor-open-inline\">\n\t\t\t<div class=\"elementor-video\"><\/div>\t\t<\/div>\n\t\t\t\t\t\t<\/div>\n\t\t\t\t\t<\/div>\n\t\t<\/div>\n\t\t\t\t\t<\/div>\n\t\t<\/section>\n\t\t\t\t<section data-particle_enable=\"false\" data-particle-mobile-disabled=\"false\" class=\"elementor-section elementor-top-section elementor-element elementor-element-0107025 elementor-section-boxed elementor-section-height-default elementor-section-height-default\" data-id=\"0107025\" data-element_type=\"section\" data-e-type=\"section\">\n\t\t\t\t\t\t<div class=\"elementor-container elementor-column-gap-default\">\n\t\t\t\t\t<div class=\"elementor-column elementor-col-100 elementor-top-column elementor-element elementor-element-8622b86\" data-id=\"8622b86\" data-element_type=\"column\" data-e-type=\"column\">\n\t\t\t<div class=\"elementor-widget-wrap elementor-element-populated\">\n\t\t\t\t\t\t<div class=\"elementor-element elementor-element-27b8a2e elementor-widget elementor-widget-text-editor\" data-id=\"27b8a2e\" data-element_type=\"widget\" data-e-type=\"widget\" data-widget_type=\"text-editor.default\">\n\t\t\t\t\t\t\t\t\t<p><span style=\"font-weight: 400;\">Estas im\u00e1genes son el recordatorio para mantener vivas las tradiciones, los bailes folcl\u00f3ricos est\u00e1n en peligro de desaparecer, requiere de una inversi\u00f3n econ\u00f3mica y una apreciaci\u00f3n cultural de toda una poblaci\u00f3n.<\/span><\/p><p><span style=\"font-weight: 400;\">La feria patronal en que se escenifica esta colorida danza se desarrolla entre el 21 de julio y el 4 de agosto de cada a\u00f1o.<\/span><\/p>\t\t\t\t\t\t\t\t<\/div>\n\t\t\t\t\t<\/div>\n\t\t<\/div>\n\t\t\t\t\t<\/div>\n\t\t<\/section>\n\t\t\t\t<section data-particle_enable=\"false\" data-particle-mobile-disabled=\"false\" class=\"elementor-section elementor-top-section elementor-element elementor-element-7f725d2 elementor-section-boxed elementor-section-height-default elementor-section-height-default\" data-id=\"7f725d2\" data-element_type=\"section\" data-e-type=\"section\">\n\t\t\t\t\t\t<div class=\"elementor-container elementor-column-gap-default\">\n\t\t\t\t\t<div class=\"elementor-column elementor-col-100 elementor-top-column elementor-element elementor-element-0bf99cd\" data-id=\"0bf99cd\" data-element_type=\"column\" data-e-type=\"column\">\n\t\t\t<div class=\"elementor-widget-wrap elementor-element-populated\">\n\t\t\t\t\t\t<div class=\"elementor-element elementor-element-75bba65 elementor-skin-slideshow elementor-arrows-yes elementor-widget elementor-widget-media-carousel\" data-id=\"75bba65\" data-element_type=\"widget\" data-e-type=\"widget\" data-settings=\"{&quot;skin&quot;:&quot;slideshow&quot;,&quot;effect&quot;:&quot;slide&quot;,&quot;show_arrows&quot;:&quot;yes&quot;,&quot;speed&quot;:500,&quot;autoplay&quot;:&quot;yes&quot;,&quot;autoplay_speed&quot;:5000,&quot;loop&quot;:&quot;yes&quot;,&quot;pause_on_hover&quot;:&quot;yes&quot;,&quot;pause_on_interaction&quot;:&quot;yes&quot;,&quot;space_between&quot;:{&quot;unit&quot;:&quot;px&quot;,&quot;size&quot;:10,&quot;sizes&quot;:[]},&quot;space_between_tablet&quot;:{&quot;unit&quot;:&quot;px&quot;,&quot;size&quot;:10,&quot;sizes&quot;:[]},&quot;space_between_mobile&quot;:{&quot;unit&quot;:&quot;px&quot;,&quot;size&quot;:10,&quot;sizes&quot;:[]}}\" data-widget_type=\"media-carousel.default\">\n\t\t\t\t\t\t\t\t\t\t<div class=\"elementor-main-swiper swiper\" role=\"region\" aria-roledescription=\"carousel\" aria-label=\"Diapositivas\">\n\t\t\t\t<div class=\"swiper-wrapper\">\n\t\t\t\t\t\t\t\t\t\t\t<div class=\"swiper-slide\" role=\"group\" aria-roledescription=\"slide\">\n\t\t\t\t\t\t\t\t\t<div class=\"elementor-carousel-image\" role=\"img\" aria-label=\"Acrobacias y presentaci\u00f3n\" style=\"background-image: url(&#039;https:\/\/soymigrante.com\/revista\/wp-content\/uploads\/2023\/07\/Acrobacias.webp&#039;)\">\n\n\t\t\t\n\t\t\t\t\t<\/div>\n\t\t\t\t\t\t\t\t<\/div>\n\t\t\t\t\t\t\t\t\t\t\t<div class=\"swiper-slide\" role=\"group\" aria-roledescription=\"slide\">\n\t\t\t\t\t\t\t\t\t<div class=\"elementor-carousel-image\" role=\"img\" aria-label=\"sonidos, concentraci\u00f3n y un baile ancestral\" style=\"background-image: url(&#039;https:\/\/soymigrante.com\/revista\/wp-content\/uploads\/2023\/07\/seguimiento-de-acrobacia.webp&#039;)\">\n\n\t\t\t\n\t\t\t\t\t<\/div>\n\t\t\t\t\t\t\t\t<\/div>\n\t\t\t\t\t\t\t\t\t\t\t<div class=\"swiper-slide\" role=\"group\" aria-roledescription=\"slide\">\n\t\t\t\t\t\t\t\t\t<div class=\"elementor-carousel-image\" role=\"img\" aria-label=\"Acrobacia\" style=\"background-image: url(&#039;https:\/\/soymigrante.com\/revista\/wp-content\/uploads\/2023\/07\/Acrobacia-seguimiento-final.webp&#039;)\">\n\n\t\t\t\n\t\t\t\t\t<\/div>\n\t\t\t\t\t\t\t\t<\/div>\n\t\t\t\t\t\t\t\t\t\t\t<div class=\"swiper-slide\" role=\"group\" aria-roledescription=\"slide\">\n\t\t\t\t\t\t\t\t\t<div class=\"elementor-carousel-image\" role=\"img\" aria-label=\"Desde las alturas de la iglesia\" style=\"background-image: url(&#039;https:\/\/soymigrante.com\/revista\/wp-content\/uploads\/2023\/07\/Desde-las-alturas-de-la-iglesia.webp&#039;)\">\n\n\t\t\t\n\t\t\t\t\t<\/div>\n\t\t\t\t\t\t\t\t<\/div>\n\t\t\t\t\t\t\t\t\t\t\t<div class=\"swiper-slide\" role=\"group\" aria-roledescription=\"slide\">\n\t\t\t\t\t\t\t\t\t<div class=\"elementor-carousel-image\" role=\"img\" aria-label=\"Seguimiento presentaci\u00f3n\" style=\"background-image: url(&#039;https:\/\/soymigrante.com\/revista\/wp-content\/uploads\/2023\/07\/seguimiento.webp&#039;)\">\n\n\t\t\t\n\t\t\t\t\t<\/div>\n\t\t\t\t\t\t\t\t<\/div>\n\t\t\t\t\t\t\t\t\t\t\t<div class=\"swiper-slide\" role=\"group\" aria-roledescription=\"slide\">\n\t\t\t\t\t\t\t\t\t<div class=\"elementor-carousel-image\" role=\"img\" aria-label=\"multitud y apoyo de Momostenango\" style=\"background-image: url(&#039;https:\/\/soymigrante.com\/revista\/wp-content\/uploads\/2023\/07\/multitud-y-apoyo-de-momostenango.webp&#039;)\">\n\n\t\t\t\n\t\t\t\t\t<\/div>\n\t\t\t\t\t\t\t\t<\/div>\n\t\t\t\t\t\t\t\t\t\t\t<div class=\"swiper-slide\" role=\"group\" aria-roledescription=\"slide\">\n\t\t\t\t\t\t\t\t\t<div class=\"elementor-carousel-image\" role=\"img\" aria-label=\"trajes coloridos y llamativos\" style=\"background-image: url(&#039;https:\/\/soymigrante.com\/revista\/wp-content\/uploads\/2023\/07\/trajes-coloridos-y-llamativos.webp&#039;)\">\n\n\t\t\t\n\t\t\t\t\t<\/div>\n\t\t\t\t\t\t\t\t<\/div>\n\t\t\t\t\t\t\t\t\t\t\t<div class=\"swiper-slide\" role=\"group\" aria-roledescription=\"slide\">\n\t\t\t\t\t\t\t\t\t<div class=\"elementor-carousel-image\" role=\"img\" aria-label=\"Personajes\" style=\"background-image: url(&#039;https:\/\/soymigrante.com\/revista\/wp-content\/uploads\/2023\/07\/Personajes.webp&#039;)\">\n\n\t\t\t\n\t\t\t\t\t<\/div>\n\t\t\t\t\t\t\t\t<\/div>\n\t\t\t\t\t\t\t\t\t<\/div>\n\t\t\t\t\t\t\t\t\t\t\t\t\t\t\t<div class=\"elementor-swiper-button elementor-swiper-button-prev\" role=\"button\" tabindex=\"0\" aria-label=\"Anterior\">\n\t\t\t\t\t\t\t<i aria-hidden=\"true\" class=\"eicon-chevron-left\"><\/i>\t\t\t\t\t\t<\/div>\n\t\t\t\t\t\t<div class=\"elementor-swiper-button elementor-swiper-button-next\" role=\"button\" tabindex=\"0\" aria-label=\"Siguiente\">\n\t\t\t\t\t\t\t<i aria-hidden=\"true\" class=\"eicon-chevron-right\"><\/i>\t\t\t\t\t\t<\/div>\n\t\t\t\t\t\t\t\t\t\t\t\t\t\t\t\t\t<\/div>\n\t\t\t\t\t\t\t\t\t<div class=\"elementor-main-swiper swiper elementor-thumbnails-swiper swiper\" role=\"region region\" aria-roledescription=\"carousel carousel\" aria-label=\"Diapositivas Diapositivas\">\n\t\t\t\t<div class=\"swiper-wrapper\">\n\t\t\t\t\t\t\t\t\t\t\t<div class=\"swiper-slide\" role=\"group\" aria-roledescription=\"slide\">\n\t\t\t\t\t\t\t\t\t<div class=\"elementor-carousel-image\" role=\"img\" aria-label=\"Acrobacias y presentaci\u00f3n\" style=\"background-image: url(&#039;https:\/\/soymigrante.com\/revista\/wp-content\/uploads\/2023\/07\/Acrobacias.webp&#039;)\">\n\n\t\t\t\n\t\t\t\t\t<\/div>\n\t\t\t\t\t\t\t\t<\/div>\n\t\t\t\t\t\t\t\t\t\t\t<div class=\"swiper-slide\" role=\"group\" aria-roledescription=\"slide\">\n\t\t\t\t\t\t\t\t\t<div class=\"elementor-carousel-image\" role=\"img\" aria-label=\"sonidos, concentraci\u00f3n y un baile ancestral\" style=\"background-image: url(&#039;https:\/\/soymigrante.com\/revista\/wp-content\/uploads\/2023\/07\/seguimiento-de-acrobacia.webp&#039;)\">\n\n\t\t\t\n\t\t\t\t\t<\/div>\n\t\t\t\t\t\t\t\t<\/div>\n\t\t\t\t\t\t\t\t\t\t\t<div class=\"swiper-slide\" role=\"group\" aria-roledescription=\"slide\">\n\t\t\t\t\t\t\t\t\t<div class=\"elementor-carousel-image\" role=\"img\" aria-label=\"Acrobacia\" style=\"background-image: url(&#039;https:\/\/soymigrante.com\/revista\/wp-content\/uploads\/2023\/07\/Acrobacia-seguimiento-final.webp&#039;)\">\n\n\t\t\t\n\t\t\t\t\t<\/div>\n\t\t\t\t\t\t\t\t<\/div>\n\t\t\t\t\t\t\t\t\t\t\t<div class=\"swiper-slide\" role=\"group\" aria-roledescription=\"slide\">\n\t\t\t\t\t\t\t\t\t<div class=\"elementor-carousel-image\" role=\"img\" aria-label=\"Desde las alturas de la iglesia\" style=\"background-image: url(&#039;https:\/\/soymigrante.com\/revista\/wp-content\/uploads\/2023\/07\/Desde-las-alturas-de-la-iglesia.webp&#039;)\">\n\n\t\t\t\n\t\t\t\t\t<\/div>\n\t\t\t\t\t\t\t\t<\/div>\n\t\t\t\t\t\t\t\t\t\t\t<div class=\"swiper-slide\" role=\"group\" aria-roledescription=\"slide\">\n\t\t\t\t\t\t\t\t\t<div class=\"elementor-carousel-image\" role=\"img\" aria-label=\"Seguimiento presentaci\u00f3n\" style=\"background-image: url(&#039;https:\/\/soymigrante.com\/revista\/wp-content\/uploads\/2023\/07\/seguimiento.webp&#039;)\">\n\n\t\t\t\n\t\t\t\t\t<\/div>\n\t\t\t\t\t\t\t\t<\/div>\n\t\t\t\t\t\t\t\t\t\t\t<div class=\"swiper-slide\" role=\"group\" aria-roledescription=\"slide\">\n\t\t\t\t\t\t\t\t\t<div class=\"elementor-carousel-image\" role=\"img\" aria-label=\"multitud y apoyo de Momostenango\" style=\"background-image: url(&#039;https:\/\/soymigrante.com\/revista\/wp-content\/uploads\/2023\/07\/multitud-y-apoyo-de-momostenango.webp&#039;)\">\n\n\t\t\t\n\t\t\t\t\t<\/div>\n\t\t\t\t\t\t\t\t<\/div>\n\t\t\t\t\t\t\t\t\t\t\t<div class=\"swiper-slide\" role=\"group\" aria-roledescription=\"slide\">\n\t\t\t\t\t\t\t\t\t<div class=\"elementor-carousel-image\" role=\"img\" aria-label=\"trajes coloridos y llamativos\" style=\"background-image: url(&#039;https:\/\/soymigrante.com\/revista\/wp-content\/uploads\/2023\/07\/trajes-coloridos-y-llamativos.webp&#039;)\">\n\n\t\t\t\n\t\t\t\t\t<\/div>\n\t\t\t\t\t\t\t\t<\/div>\n\t\t\t\t\t\t\t\t\t\t\t<div class=\"swiper-slide\" role=\"group\" aria-roledescription=\"slide\">\n\t\t\t\t\t\t\t\t\t<div class=\"elementor-carousel-image\" role=\"img\" aria-label=\"Personajes\" style=\"background-image: url(&#039;https:\/\/soymigrante.com\/revista\/wp-content\/uploads\/2023\/07\/Personajes.webp&#039;)\">\n\n\t\t\t\n\t\t\t\t\t<\/div>\n\t\t\t\t\t\t\t\t<\/div>\n\t\t\t\t\t\t\t\t\t<\/div>\n\t\t\t\t\t\t\t\t\t\t\t\t\t\t\t\t\t\t\t\t\t<\/div>\n\t\t\t\t\t\t\t\t<\/div>\n\t\t\t\t\t<\/div>\n\t\t<\/div>\n\t\t\t\t\t<\/div>\n\t\t<\/section>\n\t\t\t\t<section data-particle_enable=\"false\" data-particle-mobile-disabled=\"false\" class=\"elementor-section elementor-top-section elementor-element elementor-element-aeaab69 elementor-section-boxed elementor-section-height-default elementor-section-height-default\" data-id=\"aeaab69\" data-element_type=\"section\" data-e-type=\"section\">\n\t\t\t\t\t\t<div class=\"elementor-container elementor-column-gap-default\">\n\t\t\t\t\t<div class=\"elementor-column elementor-col-100 elementor-top-column elementor-element elementor-element-17eb8ef\" data-id=\"17eb8ef\" data-element_type=\"column\" data-e-type=\"column\">\n\t\t\t<div class=\"elementor-widget-wrap elementor-element-populated\">\n\t\t\t\t\t\t<div class=\"elementor-element elementor-element-1b1c505 elementor-widget elementor-widget-text-editor\" data-id=\"1b1c505\" data-element_type=\"widget\" data-e-type=\"widget\" data-widget_type=\"text-editor.default\">\n\t\t\t\t\t\t\t\t\t<p><span style=\"font-weight: 400\">Los organizadores incentivan a locales, migrantes y extranjeros el apoyo para mantener las tradiciones a trav\u00e9s de aportes econ\u00f3micos, suministros y pertenencia de las actividades locales.<\/span><\/p>\t\t\t\t\t\t\t\t<\/div>\n\t\t\t\t\t<\/div>\n\t\t<\/div>\n\t\t\t\t\t<\/div>\n\t\t<\/section>\n\t\t\t\t<section data-particle_enable=\"false\" data-particle-mobile-disabled=\"false\" class=\"elementor-section elementor-top-section elementor-element elementor-element-0eed7e9 elementor-section-boxed elementor-section-height-default elementor-section-height-default\" data-id=\"0eed7e9\" data-element_type=\"section\" data-e-type=\"section\">\n\t\t\t\t\t\t<div class=\"elementor-container elementor-column-gap-default\">\n\t\t\t\t\t<div class=\"elementor-column elementor-col-100 elementor-top-column elementor-element elementor-element-c47f2e7\" data-id=\"c47f2e7\" data-element_type=\"column\" data-e-type=\"column\">\n\t\t\t<div class=\"elementor-widget-wrap elementor-element-populated\">\n\t\t\t\t\t\t<div class=\"elementor-element elementor-element-77252a6 elementor-widget elementor-widget-image\" data-id=\"77252a6\" data-element_type=\"widget\" data-e-type=\"widget\" data-widget_type=\"image.default\">\n\t\t\t\t\t\t\t\t\t\t\t\t<figure class=\"wp-caption\">\n\t\t\t\t\t\t\t\t\t\t<img decoding=\"async\" width=\"768\" height=\"548\" src=\"https:\/\/soymigrante.com\/revista\/wp-content\/uploads\/2023\/07\/monos-y-tigres-en-momostenango-1024x731.webp\" class=\"attachment-large size-large wp-image-1724\" alt=\"Baile de monos y tigres en Momostenango\" srcset=\"https:\/\/soymigrante.com\/revista\/wp-content\/uploads\/2023\/07\/monos-y-tigres-en-momostenango-1024x731.webp 1024w, https:\/\/soymigrante.com\/revista\/wp-content\/uploads\/2023\/07\/monos-y-tigres-en-momostenango-300x214.webp 300w, https:\/\/soymigrante.com\/revista\/wp-content\/uploads\/2023\/07\/monos-y-tigres-en-momostenango-768x549.webp 768w, https:\/\/soymigrante.com\/revista\/wp-content\/uploads\/2023\/07\/monos-y-tigres-en-momostenango-120x86.webp 120w, https:\/\/soymigrante.com\/revista\/wp-content\/uploads\/2023\/07\/monos-y-tigres-en-momostenango-350x250.webp 350w, https:\/\/soymigrante.com\/revista\/wp-content\/uploads\/2023\/07\/monos-y-tigres-en-momostenango-750x536.webp 750w, https:\/\/soymigrante.com\/revista\/wp-content\/uploads\/2023\/07\/monos-y-tigres-en-momostenango-1140x814.webp 1140w, https:\/\/soymigrante.com\/revista\/wp-content\/uploads\/2023\/07\/monos-y-tigres-en-momostenango.webp 1512w\" sizes=\"(max-width: 768px) 100vw, 768px\" title=\"Baile de monos y tigres monos y tigres en Momostenango \u2013 SoyMigrante.com REVISTA\" \/>\t\t\t\t\t\t\t\t\t\t\t<figcaption class=\"widget-image-caption wp-caption-text\">La simulaci\u00f3n y adaptaci\u00f3n a un animal del bosque, acrobacias y la agilidad son \u00fanicos, la representaci\u00f3n de vida y sentimiento de la naturaleza y la identidad cultural, Foto: Soy Maynor, Feria Titular en Momostenango, Totonicap\u00e1n a\u00f1o 2019. <\/figcaption>\n\t\t\t\t\t\t\t\t\t\t<\/figure>\n\t\t\t\t\t\t\t\t\t<\/div>\n\t\t\t\t\t<\/div>\n\t\t<\/div>\n\t\t\t\t\t<\/div>\n\t\t<\/section>\n\t\t\t\t<section data-particle_enable=\"false\" data-particle-mobile-disabled=\"false\" class=\"elementor-section elementor-top-section elementor-element elementor-element-41bc1db elementor-section-boxed elementor-section-height-default elementor-section-height-default\" data-id=\"41bc1db\" data-element_type=\"section\" data-e-type=\"section\">\n\t\t\t\t\t\t<div class=\"elementor-container elementor-column-gap-default\">\n\t\t\t\t\t<div class=\"elementor-column elementor-col-100 elementor-top-column elementor-element elementor-element-9710591\" data-id=\"9710591\" data-element_type=\"column\" data-e-type=\"column\">\n\t\t\t<div class=\"elementor-widget-wrap elementor-element-populated\">\n\t\t\t\t\t\t<div class=\"elementor-element elementor-element-edc76f0 elementor-widget elementor-widget-facebook-page\" data-id=\"edc76f0\" data-element_type=\"widget\" data-e-type=\"widget\" data-widget_type=\"facebook-page.default\">\n\t\t\t\t\t<div class=\"elementor-facebook-widget fb-page\" data-href=\"https:\/\/www.facebook.com\/mrcoszaratephoto\" data-tabs=\"timeline\" data-height=\"500px\" data-width=\"500px\" data-small-header=\"false\" data-hide-cover=\"true\" data-show-facepile=\"false\" data-hide-cta=\"false\" style=\"min-height: 1px;height:500px\"><\/div>\t\t\t\t<\/div>\n\t\t\t\t\t<\/div>\n\t\t<\/div>\n\t\t\t\t\t<\/div>\n\t\t<\/section>\n\t\t\t\t<section data-particle_enable=\"false\" data-particle-mobile-disabled=\"false\" class=\"elementor-section elementor-top-section elementor-element elementor-element-4781e85 elementor-section-boxed elementor-section-height-default elementor-section-height-default\" data-id=\"4781e85\" data-element_type=\"section\" data-e-type=\"section\">\n\t\t\t\t\t\t<div class=\"elementor-container elementor-column-gap-default\">\n\t\t\t\t\t<div class=\"elementor-column elementor-col-100 elementor-top-column elementor-element elementor-element-2fa7b58\" data-id=\"2fa7b58\" data-element_type=\"column\" data-e-type=\"column\">\n\t\t\t<div class=\"elementor-widget-wrap elementor-element-populated\">\n\t\t\t\t\t\t<div class=\"elementor-element elementor-element-10762a3 elementor-widget elementor-widget-eael-facebook-feed\" data-id=\"10762a3\" data-element_type=\"widget\" data-e-type=\"widget\" data-widget_type=\"eael-facebook-feed.default\">\n\t\t\t\t\t        <div class=\"eael-facebook-feed eael-col-3 eael-facebook-feed-card\" id=\"eael-facebook-feed-10762a3\">\n                    <\/div>\n        <div class=\"clearfix\"><\/div>\n        \t\t\t\t<\/div>\n\t\t\t\t\t<\/div>\n\t\t<\/div>\n\t\t\t\t\t<\/div>\n\t\t<\/section>\n\t\t\t\t<section data-particle_enable=\"false\" data-particle-mobile-disabled=\"false\" class=\"elementor-section elementor-top-section elementor-element elementor-element-60c1c8a elementor-section-boxed elementor-section-height-default elementor-section-height-default\" data-id=\"60c1c8a\" data-element_type=\"section\" data-e-type=\"section\">\n\t\t\t\t\t\t<div class=\"elementor-container elementor-column-gap-default\">\n\t\t\t\t\t<div class=\"elementor-column elementor-col-100 elementor-top-column elementor-element elementor-element-9c46d5f\" data-id=\"9c46d5f\" data-element_type=\"column\" data-e-type=\"column\">\n\t\t\t<div class=\"elementor-widget-wrap elementor-element-populated\">\n\t\t\t\t\t\t<div class=\"elementor-element elementor-element-174a276 elementor-widget elementor-widget-eael-facebook-feed\" data-id=\"174a276\" data-element_type=\"widget\" data-e-type=\"widget\" data-widget_type=\"eael-facebook-feed.default\">\n\t\t\t\t\t        <div class=\"eael-facebook-feed eael-col-3 eael-facebook-feed-card\" id=\"eael-facebook-feed-174a276\">\n                    <\/div>\n        <div class=\"clearfix\"><\/div>\n        \t\t\t\t<\/div>\n\t\t\t\t\t<\/div>\n\t\t<\/div>\n\t\t\t\t\t<\/div>\n\t\t<\/section>\n\t\t\t\t<\/div>\n\t\t","protected":false},"excerpt":{"rendered":"<p>Tradici\u00f3n y cultura un recordatorio para todos los guatemaltecos. El silbido y jugueteo son parte de la presentaci\u00f3n, una multitud que se deslumbra por las acrobacias y agilidad, el baile ancestral de Momostenango, Totonicap\u00e1n. Altura, colores y jugueteo, baile ancestral tigres y monos de Momostenango Foto: Soy Maynor, Feria titular de Momostenango a\u00f1o 2019 Los [&hellip;]<\/p>\n","protected":false},"author":10,"featured_media":1735,"comment_status":"open","ping_status":"open","sticky":false,"template":"","format":"standard","meta":{"_acf_changed":false,"_eb_attr":"","footnotes":""},"categories":[58],"tags":[],"class_list":["post-1716","post","type-post","status-publish","format-standard","has-post-thumbnail","hentry","category-guate-nuestra"],"acf":[],"aioseo_notices":[],"aioseo_head":"\n\t\t<!-- All in One SEO Pro 4.9.6.2 - aioseo.com -->\n\t<meta name=\"description\" content=\"La memoria de migrantes guarda tradiciones como el Tigre, Lazo y Baile Ancestral. Descubre la riqueza cultural que llevan consigo\" \/>\n\t<meta name=\"robots\" content=\"max-snippet:-1, max-image-preview:large, max-video-preview:-1\" \/>\n\t<meta name=\"author\" content=\"Diana Batz\"\/>\n\t<link rel=\"canonical\" href=\"https:\/\/soymigrante.com\/revista\/cultura-migrante-tigre-lazo-baile\/\" \/>\n\t<meta name=\"generator\" content=\"All in One SEO Pro (AIOSEO) 4.9.6.2\" \/>\n\n\t\t<link rel=\"preconnect\" href=\"https:\/\/fonts.googleapis.com\" crossorigin>\n<link rel=\"preconnect\" href=\"https:\/\/fonts.gstatic.com\" crossorigin>\n\t\t<meta property=\"og:locale\" content=\"es_ES\" \/>\n\t\t<meta property=\"og:site_name\" content=\"SoyMigrante.com REVISTA \u2013 Nuestra misi\u00f3n es reconocer y dignificar al migrante.\" \/>\n\t\t<meta property=\"og:type\" content=\"article\" \/>\n\t\t<meta property=\"og:title\" content=\"Recordando el Tigre, Lazo y Baile: Tradiciones Migrantes\" \/>\n\t\t<meta property=\"og:description\" content=\"La memoria de migrantes guarda tradiciones como el Tigre, Lazo y Baile Ancestral. Descubre la riqueza cultural que llevan consigo\" \/>\n\t\t<meta property=\"og:url\" content=\"https:\/\/soymigrante.com\/revista\/cultura-migrante-tigre-lazo-baile\/\" \/>\n\t\t<meta property=\"og:image\" content=\"https:\/\/soymigrante.com\/revista\/wp-content\/uploads\/2023\/07\/seuimiento-monos-y-tigres.webp\" \/>\n\t\t<meta property=\"og:image:secure_url\" content=\"https:\/\/soymigrante.com\/revista\/wp-content\/uploads\/2023\/07\/seuimiento-monos-y-tigres.webp\" \/>\n\t\t<meta property=\"og:image:width\" content=\"1512\" \/>\n\t\t<meta property=\"og:image:height\" content=\"1080\" \/>\n\t\t<meta property=\"article:published_time\" content=\"2023-07-25T18:29:43+00:00\" \/>\n\t\t<meta property=\"article:modified_time\" content=\"2024-07-31T17:11:54+00:00\" \/>\n\t\t<meta property=\"article:publisher\" content=\"https:\/\/www.facebook.com\/soymigrantecom\" \/>\n\t\t<meta name=\"twitter:card\" content=\"summary_large_image\" \/>\n\t\t<meta name=\"twitter:site\" content=\"@SoyMigrante_com\" \/>\n\t\t<meta name=\"twitter:title\" content=\"Recordando el Tigre, Lazo y Baile: Tradiciones Migrantes\" \/>\n\t\t<meta name=\"twitter:description\" content=\"La memoria de migrantes guarda tradiciones como el Tigre, Lazo y Baile Ancestral. Descubre la riqueza cultural que llevan consigo\" \/>\n\t\t<meta name=\"twitter:creator\" content=\"@SoyMigrante_com\" \/>\n\t\t<meta name=\"twitter:image\" content=\"https:\/\/soymigrante.com\/revista\/wp-content\/uploads\/2023\/07\/seuimiento-monos-y-tigres.webp\" \/>\n\t\t<!-- All in One SEO Pro -->\r\n\t\t<title>Recordando el Tigre, Lazo y Baile: Tradiciones Migrantes<\/title>\n\n","aioseo_head_json":{"title":"Recordando el Tigre, Lazo y Baile: Tradiciones Migrantes","description":"La memoria de migrantes guarda tradiciones como el Tigre, Lazo y Baile Ancestral. Descubre la riqueza cultural que llevan consigo","canonical_url":"https:\/\/soymigrante.com\/revista\/cultura-migrante-tigre-lazo-baile\/","robots":"max-snippet:-1, max-image-preview:large, max-video-preview:-1","keywords":"","webmasterTools":{"miscellaneous":"&lt;link rel=\"preconnect\" href=\"https:\/\/fonts.googleapis.com\" crossorigin&gt;\n&lt;link rel=\"preconnect\" href=\"https:\/\/fonts.gstatic.com\" crossorigin&gt;"},"schema":null,"og:locale":"es_ES","og:site_name":"SoyMigrante.com REVISTA \u2013 Nuestra misi\u00f3n es reconocer y dignificar al migrante.","og:type":"article","og:title":"Recordando el Tigre, Lazo y Baile: Tradiciones Migrantes","og:description":"La memoria de migrantes guarda tradiciones como el Tigre, Lazo y Baile Ancestral. Descubre la riqueza cultural que llevan consigo","og:url":"https:\/\/soymigrante.com\/revista\/cultura-migrante-tigre-lazo-baile\/","og:image":"https:\/\/soymigrante.com\/revista\/wp-content\/uploads\/2023\/07\/seuimiento-monos-y-tigres.webp","og:image:secure_url":"https:\/\/soymigrante.com\/revista\/wp-content\/uploads\/2023\/07\/seuimiento-monos-y-tigres.webp","og:image:width":1512,"og:image:height":1080,"article:published_time":"2023-07-25T18:29:43+00:00","article:modified_time":"2024-07-31T17:11:54+00:00","article:publisher":"https:\/\/www.facebook.com\/soymigrantecom","twitter:card":"summary_large_image","twitter:site":"@SoyMigrante_com","twitter:title":"Recordando el Tigre, Lazo y Baile: Tradiciones Migrantes","twitter:description":"La memoria de migrantes guarda tradiciones como el Tigre, Lazo y Baile Ancestral. Descubre la riqueza cultural que llevan consigo","twitter:creator":"@SoyMigrante_com","twitter:image":"https:\/\/soymigrante.com\/revista\/wp-content\/uploads\/2023\/07\/seuimiento-monos-y-tigres.webp"},"aioseo_meta_data":{"post_id":"1716","title":"#post_title","description":"La memoria de migrantes guarda tradiciones como el Tigre, Lazo y Baile Ancestral. Descubre la riqueza cultural que llevan consigo","keywords":[],"keyphrases":{"focus":{"keyphrase":"migrantes","score":54,"analysis":{"keyphraseInTitle":{"score":9,"maxScore":9,"error":0},"keyphraseInDescription":{"score":9,"maxScore":9,"error":0},"keyphraseLength":{"score":9,"maxScore":9,"error":0,"length":1},"keyphraseInURL":{"score":1,"maxScore":5,"error":1},"keyphraseInIntroduction":{"score":3,"maxScore":9,"error":1},"keyphraseInSubHeadings":{"score":3,"maxScore":9,"error":1},"keyphraseInImageAlt":{"score":3,"maxScore":9,"error":1},"keywordDensity":{"score":0,"type":"low","maxScore":9,"error":1}}},"additional":[]},"primary_term":null,"canonical_url":null,"og_title":null,"og_description":null,"og_object_type":"default","og_image_type":"default","og_image_url":null,"og_image_width":null,"og_image_height":null,"og_image_custom_url":null,"og_image_custom_fields":null,"og_video":"","og_custom_url":null,"og_article_section":null,"og_article_tags":[],"twitter_use_og":false,"twitter_card":"default","twitter_image_type":"default","twitter_image_url":null,"twitter_image_custom_url":null,"twitter_image_custom_fields":null,"twitter_title":null,"twitter_description":null,"schema":{"blockGraphs":[],"customGraphs":[],"default":{"data":{"Article":[],"Course":[],"Dataset":[],"FAQPage":[],"Movie":[],"Person":[],"Product":[],"ProductReview":[],"Car":[],"Recipe":[],"Service":[],"SoftwareApplication":[],"WebPage":[]},"graphName":"BlogPosting","isEnabled":true},"graphs":[]},"schema_type":"default","schema_type_options":null,"pillar_content":false,"robots_default":true,"robots_noindex":false,"robots_noarchive":false,"robots_nosnippet":false,"robots_nofollow":false,"robots_noimageindex":false,"robots_noodp":false,"robots_notranslate":false,"robots_max_snippet":"-1","robots_max_videopreview":"-1","robots_max_imagepreview":"large","priority":null,"frequency":"default","local_seo":null,"seo_analyzer_scan_date":"2025-10-08 20:08:09","breadcrumb_settings":null,"limit_modified_date":false,"reviewed_by":null,"open_ai":null,"ai":null,"created":"2023-08-18 14:06:21","updated":"2026-02-04 09:11:45"},"aioseo_breadcrumb":"<div class=\"aioseo-breadcrumbs\"><span class=\"aioseo-breadcrumb\">\n\t<a href=\"https:\/\/soymigrante.com\/revista\" title=\"Home\">Home<\/a>\n<\/span><span class=\"aioseo-breadcrumb-separator\">\u00bb<\/span><span class=\"aioseo-breadcrumb\">\n\t<a href=\"https:\/\/soymigrante.com\/revista\/category\/guate-nuestra\/\" title=\"Guate Nuestra\">Guate Nuestra<\/a>\n<\/span><span class=\"aioseo-breadcrumb-separator\">\u00bb<\/span><span class=\"aioseo-breadcrumb\">\n\tRecordando el Tigre, Lazo y Baile: Tradiciones Migrantes\n<\/span><\/div>","aioseo_breadcrumb_json":[{"label":"Home","link":"https:\/\/soymigrante.com\/revista"},{"label":"Guate Nuestra","link":"https:\/\/soymigrante.com\/revista\/category\/guate-nuestra\/"},{"label":"Recordando el Tigre, Lazo y Baile: Tradiciones Migrantes","link":"https:\/\/soymigrante.com\/revista\/cultura-migrante-tigre-lazo-baile\/"}],"_links":{"self":[{"href":"https:\/\/soymigrante.com\/revista\/wp-json\/wp\/v2\/posts\/1716","targetHints":{"allow":["GET"]}}],"collection":[{"href":"https:\/\/soymigrante.com\/revista\/wp-json\/wp\/v2\/posts"}],"about":[{"href":"https:\/\/soymigrante.com\/revista\/wp-json\/wp\/v2\/types\/post"}],"author":[{"embeddable":true,"href":"https:\/\/soymigrante.com\/revista\/wp-json\/wp\/v2\/users\/10"}],"replies":[{"embeddable":true,"href":"https:\/\/soymigrante.com\/revista\/wp-json\/wp\/v2\/comments?post=1716"}],"version-history":[{"count":0,"href":"https:\/\/soymigrante.com\/revista\/wp-json\/wp\/v2\/posts\/1716\/revisions"}],"wp:featuredmedia":[{"embeddable":true,"href":"https:\/\/soymigrante.com\/revista\/wp-json\/wp\/v2\/media\/1735"}],"wp:attachment":[{"href":"https:\/\/soymigrante.com\/revista\/wp-json\/wp\/v2\/media?parent=1716"}],"wp:term":[{"taxonomy":"category","embeddable":true,"href":"https:\/\/soymigrante.com\/revista\/wp-json\/wp\/v2\/categories?post=1716"},{"taxonomy":"post_tag","embeddable":true,"href":"https:\/\/soymigrante.com\/revista\/wp-json\/wp\/v2\/tags?post=1716"}],"curies":[{"name":"wp","href":"https:\/\/api.w.org\/{rel}","templated":true}]}}