{"id":17093,"date":"2024-12-19T06:30:00","date_gmt":"2024-12-19T12:30:00","guid":{"rendered":"https:\/\/soymigrante.com\/revista\/?p=17093"},"modified":"2024-12-21T18:21:20","modified_gmt":"2024-12-22T00:21:20","slug":"san-juan-la-laguna-tesoro-cultural-a-la-orilla-del-lago-de-atitlan-fue-aspirante-a-best-tourism-villages","status":"publish","type":"post","link":"https:\/\/soymigrante.com\/revista\/san-juan-la-laguna-tesoro-cultural-a-la-orilla-del-lago-de-atitlan-fue-aspirante-a-best-tourism-villages\/","title":{"rendered":"San Juan La Laguna: Tesoro cultural a la orilla del lago de Atitl\u00e1n, fue aspirante a Best Tourism Villages"},"content":{"rendered":"\t\t<div data-elementor-type=\"wp-post\" data-elementor-id=\"17093\" class=\"elementor elementor-17093\" data-elementor-post-type=\"post\">\n\t\t\t\t<div data-particle_enable=\"false\" data-particle-mobile-disabled=\"false\" class=\"elementor-element elementor-element-fe4b656 e-flex e-con-boxed e-con e-parent\" data-id=\"fe4b656\" data-element_type=\"container\" data-e-type=\"container\">\n\t\t\t\t\t<div class=\"e-con-inner\">\n\t\t\t\t<div class=\"elementor-element elementor-element-b7adfc3 elementor-widget elementor-widget-heading\" data-id=\"b7adfc3\" data-element_type=\"widget\" data-e-type=\"widget\" data-widget_type=\"heading.default\">\n\t\t\t\t\t<h2 class=\"elementor-heading-title elementor-size-default\">San Juan La Laguna estuvo propuesta para ser incluida en la lista Best Tourist Villages 2024 de   la Organizaci\u00f3n Mundial del Turismo. No fue elegida pero eso no resta un \u00e1pice de sus mayas vibrantes, belleza natural impresionante y un fuerte compromiso hospitalario de la comunidad.<\/h2>\t\t\t\t<\/div>\n\t\t\t\t\t<\/div>\n\t\t\t\t<\/div>\n\t\t<div data-particle_enable=\"false\" data-particle-mobile-disabled=\"false\" class=\"elementor-element elementor-element-a255801 e-flex e-con-boxed e-con e-parent\" data-id=\"a255801\" data-element_type=\"container\" data-e-type=\"container\">\n\t\t\t\t\t<div class=\"e-con-inner\">\n\t\t\t\t<div class=\"elementor-element elementor-element-79a8a30 elementor-widget elementor-widget-text-editor\" data-id=\"79a8a30\" data-element_type=\"widget\" data-e-type=\"widget\" data-widget_type=\"text-editor.default\">\n\t\t\t\t\t\t\t\t\t<p>San Juan La Laguna es un pintoresco pueblo a orillas del Lago de Atitl\u00e1n que ofrece a los visitantes una experiencia \u00fanica que celebra la autenticidad y la inclusi\u00f3n.<\/p><p>El municipio est\u00e1 ubicado a orillas del majestuoso Lago de Atitl\u00e1n en el departamento de Solol\u00e1, Guatemala, ha sido recientemente reconocido como uno de los Best Tourist Villages por la Organizaci\u00f3n Mundial del Turismo (OMT). Este prestigioso reconocimiento destaca a las localidades que ofrecen experiencias tur\u00edsticas aut\u00e9nticas mientras promueven la sostenibilidad,<a style=\"text-align: var(--text-align)\" href=\"https:\/\/soymigrante.com\/revista\/black-and-white-piezas-artesanales-de-mostacilla-e-ingenio\/\" target=\"_blank\" rel=\"noopener\">la cultura y el desarrollo inclusivo.<\/a><\/p>\t\t\t\t\t\t\t\t<\/div>\n\t\t\t\t\t<\/div>\n\t\t\t\t<\/div>\n\t\t<div data-particle_enable=\"false\" data-particle-mobile-disabled=\"false\" class=\"elementor-element elementor-element-af844f1 e-flex e-con-boxed e-con e-parent\" data-id=\"af844f1\" data-element_type=\"container\" data-e-type=\"container\">\n\t\t\t\t\t<div class=\"e-con-inner\">\n\t\t\t\t<div class=\"elementor-element elementor-element-b4c42aa elementor-widget elementor-widget-image\" data-id=\"b4c42aa\" data-element_type=\"widget\" data-e-type=\"widget\" data-widget_type=\"image.default\">\n\t\t\t\t\t\t\t\t\t\t\t\t<figure class=\"wp-caption\">\n\t\t\t\t\t\t\t\t\t\t<img fetchpriority=\"high\" decoding=\"async\" width=\"768\" height=\"512\" src=\"https:\/\/soymigrante.com\/revista\/wp-content\/uploads\/2024\/12\/san-juan-la-laguna-inguat-1024x683.jpg\" class=\"attachment-large size-large wp-image-17107\" alt=\"Colorido callej\u00f3n en San Juan con murales y decoraciones tradicionales mexicanas, personas felices en triciclo turista, cultura y arte en lugares tur\u00edsticos de M\u00e9xico, decoraci\u00f3n vibrante y un ambiente festivo.\" srcset=\"https:\/\/soymigrante.com\/revista\/wp-content\/uploads\/2024\/12\/san-juan-la-laguna-inguat-1024x683.jpg 1024w, https:\/\/soymigrante.com\/revista\/wp-content\/uploads\/2024\/12\/san-juan-la-laguna-inguat-300x200.jpg 300w, https:\/\/soymigrante.com\/revista\/wp-content\/uploads\/2024\/12\/san-juan-la-laguna-inguat-768x512.jpg 768w, https:\/\/soymigrante.com\/revista\/wp-content\/uploads\/2024\/12\/san-juan-la-laguna-inguat-1536x1025.jpg 1536w, https:\/\/soymigrante.com\/revista\/wp-content\/uploads\/2024\/12\/san-juan-la-laguna-inguat-750x500.webp 750w, https:\/\/soymigrante.com\/revista\/wp-content\/uploads\/2024\/12\/san-juan-la-laguna-inguat-1140x760.webp 1140w, https:\/\/soymigrante.com\/revista\/wp-content\/uploads\/2024\/12\/san-juan-la-laguna-inguat.webp 1920w\" sizes=\"(max-width: 768px) 100vw, 768px\" title=\"san juan la laguna inguat \u2013 SoyMigrante.com REVISTA\" \/>\t\t\t\t\t\t\t\t\t\t\t<figcaption class=\"widget-image-caption wp-caption-text\">Una escena colorida en San Juan con un mural pintado, una triciclo tur\u00edstico y turistas disfrutando del arte callejero en un d\u00eda soleado.<\/figcaption>\n\t\t\t\t\t\t\t\t\t\t<\/figure>\n\t\t\t\t\t\t\t\t\t<\/div>\n\t\t\t\t\t<\/div>\n\t\t\t\t<\/div>\n\t\t<div data-particle_enable=\"false\" data-particle-mobile-disabled=\"false\" class=\"elementor-element elementor-element-7d5d8b5 e-flex e-con-boxed e-con e-parent\" data-id=\"7d5d8b5\" data-element_type=\"container\" data-e-type=\"container\">\n\t\t\t\t\t<div class=\"e-con-inner\">\n\t\t\t\t<div class=\"elementor-element elementor-element-e1ee003 elementor-widget elementor-widget-heading\" data-id=\"e1ee003\" data-element_type=\"widget\" data-e-type=\"widget\" data-widget_type=\"heading.default\">\n\t\t\t\t\t<h3 class=\"elementor-heading-title elementor-size-default\">Un pueblo con encanto y tradici\u00f3n<\/h3>\t\t\t\t<\/div>\n\t\t\t\t\t<\/div>\n\t\t\t\t<\/div>\n\t\t<div data-particle_enable=\"false\" data-particle-mobile-disabled=\"false\" class=\"elementor-element elementor-element-4310235 e-flex e-con-boxed e-con e-parent\" data-id=\"4310235\" data-element_type=\"container\" data-e-type=\"container\">\n\t\t\t\t\t<div class=\"e-con-inner\">\n\t\t\t\t<div class=\"elementor-element elementor-element-5463b30 elementor-widget elementor-widget-text-editor\" data-id=\"5463b30\" data-element_type=\"widget\" data-e-type=\"widget\" data-widget_type=\"text-editor.default\">\n\t\t\t\t\t\t\t\t\t<p>Este prestigioso reconocimiento destaca a las localidades que ofrecen experiencias tur\u00edsticas aut\u00e9nticas mientras promueven la sostenibilidad, la cultura y el desarrollo inclusivo.<\/p><p>San Juan La Laguna es conocido\u00a0<a href=\"https:\/\/soymigrante.com\/revista\/textiles-mayas-a-favor-de-la-educacion-asi-vuela-quetzal-project\/\" target=\"_blank\" rel=\"noopener\">por su rica herencia cultural<\/a>\u00a0y sus vibrantes tradiciones mayas. El pueblo es hogar de la comunidad Tz\u2019utujil, que conserva su lengua, costumbres y vestimenta tradicional. Al pasear por sus calles adoquinadas, los visitantes pueden admirar los murales que decoran las fachadas de las casas, los cuales narran historias de la cultura local, la naturaleza y la cosmovisi\u00f3n maya.<\/p><p>Uno de los principales atractivos de San Juan La Laguna es su enfoque en el turismo comunitario y sostenible. Las cooperativas locales, dirigidas en su mayor\u00eda por mujeres, ofrecen una variedad de productos artesanales, como textiles tejidos a mano, pinturas y caf\u00e9 org\u00e1nico. Los talleres de textiles, en particular, son populares entre los turistas, ya que permiten aprender sobre el proceso de tintura natural y tejido, pr\u00e1cticas transmitidas de generaci\u00f3n en generaci\u00f3n.<\/p>\t\t\t\t\t\t\t\t<\/div>\n\t\t\t\t\t<\/div>\n\t\t\t\t<\/div>\n\t\t<div data-particle_enable=\"false\" data-particle-mobile-disabled=\"false\" class=\"elementor-element elementor-element-3a88474 e-flex e-con-boxed e-con e-parent\" data-id=\"3a88474\" data-element_type=\"container\" data-e-type=\"container\">\n\t\t\t\t\t<div class=\"e-con-inner\">\n\t\t\t\t<div class=\"elementor-element elementor-element-a8761fa elementor-widget elementor-widget-image\" data-id=\"a8761fa\" data-element_type=\"widget\" data-e-type=\"widget\" data-widget_type=\"image.default\">\n\t\t\t\t\t\t\t\t\t\t\t\t\t\t\t<img decoding=\"async\" width=\"768\" height=\"576\" src=\"https:\/\/soymigrante.com\/revista\/wp-content\/uploads\/2024\/12\/san-juan-la-laguna-solola-6-1024x768.jpg\" class=\"attachment-large size-large wp-image-17108\" alt=\"Fiesta tradicional mexicana con m\u00fasicos y personas vestidas con ropas tradicionales durante celebraci\u00f3n con carro aleg\u00f3rico y decoraciones coloridas, resaltando la cultura y cultura popular.\" srcset=\"https:\/\/soymigrante.com\/revista\/wp-content\/uploads\/2024\/12\/san-juan-la-laguna-solola-6-1024x768.jpg 1024w, https:\/\/soymigrante.com\/revista\/wp-content\/uploads\/2024\/12\/san-juan-la-laguna-solola-6-300x225.jpg 300w, https:\/\/soymigrante.com\/revista\/wp-content\/uploads\/2024\/12\/san-juan-la-laguna-solola-6-768x576.jpg 768w, https:\/\/soymigrante.com\/revista\/wp-content\/uploads\/2024\/12\/san-juan-la-laguna-solola-6-1536x1152.jpg 1536w, https:\/\/soymigrante.com\/revista\/wp-content\/uploads\/2024\/12\/san-juan-la-laguna-solola-6-750x563.webp 750w, https:\/\/soymigrante.com\/revista\/wp-content\/uploads\/2024\/12\/san-juan-la-laguna-solola-6-1140x855.webp 1140w, https:\/\/soymigrante.com\/revista\/wp-content\/uploads\/2024\/12\/san-juan-la-laguna-solola-6.webp 1600w\" sizes=\"(max-width: 768px) 100vw, 768px\" title=\"san juan la laguna solola 6 \u2013 SoyMigrante.com REVISTA\" \/>\t\t\t\t\t\t\t\t\t\t\t\t\t\t\t<\/div>\n\t\t\t\t\t<\/div>\n\t\t\t\t<\/div>\n\t\t<div data-particle_enable=\"false\" data-particle-mobile-disabled=\"false\" class=\"elementor-element elementor-element-2d08eb4 e-flex e-con-boxed e-con e-parent\" data-id=\"2d08eb4\" data-element_type=\"container\" data-e-type=\"container\">\n\t\t\t\t\t<div class=\"e-con-inner\">\n\t\t\t\t<div class=\"elementor-element elementor-element-10a4928 elementor-widget elementor-widget-heading\" data-id=\"10a4928\" data-element_type=\"widget\" data-e-type=\"widget\" data-widget_type=\"heading.default\">\n\t\t\t\t\t<h3 class=\"elementor-heading-title elementor-size-default\">Belleza natural y espiritualidad<\/h3>\t\t\t\t<\/div>\n\t\t\t\t\t<\/div>\n\t\t\t\t<\/div>\n\t\t<div data-particle_enable=\"false\" data-particle-mobile-disabled=\"false\" class=\"elementor-element elementor-element-7d8ae96 e-flex e-con-boxed e-con e-parent\" data-id=\"7d8ae96\" data-element_type=\"container\" data-e-type=\"container\">\n\t\t\t\t\t<div class=\"e-con-inner\">\n\t\t\t\t<div class=\"elementor-element elementor-element-f6dcc04 elementor-widget elementor-widget-text-editor\" data-id=\"f6dcc04\" data-element_type=\"widget\" data-e-type=\"widget\" data-widget_type=\"text-editor.default\">\n\t\t\t\t\t\t\t\t\t<p>El entorno natural de San Juan La Laguna es igualmente impresionante. Situado en un punto privilegiado del Lago de Atitl\u00e1n, los visitantes pueden disfrutar de vistas espectaculares del agua cristalina y los imponentes volcanes que rodean la regi\u00f3n.<\/p><p>Entre las actividades al aire libre m\u00e1s destacadas se encuentran las caminatas al Mirador K\u2019aqasiiwaan, desde donde se pueden apreciar vistas panor\u00e1micas, y los paseos en kayak por el lago.<\/p><p><a style=\"text-align: var(--text-align)\" href=\"https:\/\/soymigrante.com\/revista\/guatemala-danza-una-legendaria-batalla-de-moros-y-cristianos-en-la-cual-hay-a-veces-un-divertido-mico\/\" target=\"_blank\" rel=\"noopener\">San Juan tambi\u00e9n es conocido por su fuerte conexi\u00f3n con la espiritualidad.<\/a>Los rituales mayas y las ceremonias en sitios sagrados son una parte integral de la vida comunitaria, y algunos tours permiten a los visitantes conocer estas pr\u00e1cticas ancestrales de manera respetuosa.<\/p>\t\t\t\t\t\t\t\t<\/div>\n\t\t\t\t\t<\/div>\n\t\t\t\t<\/div>\n\t\t<div data-particle_enable=\"false\" data-particle-mobile-disabled=\"false\" class=\"elementor-element elementor-element-2dc6060 e-flex e-con-boxed e-con e-parent\" data-id=\"2dc6060\" data-element_type=\"container\" data-e-type=\"container\">\n\t\t\t\t\t<div class=\"e-con-inner\">\n\t\t\t\t<div class=\"elementor-element elementor-element-7d50250 elementor-invisible elementor-widget elementor-widget-facebook-embed\" data-id=\"7d50250\" data-element_type=\"widget\" data-e-type=\"widget\" data-settings=\"{&quot;_animation&quot;:&quot;zoomInDown&quot;}\" data-widget_type=\"facebook-embed.default\">\n\t\t\t\t\t<div style=\"min-height: 1px\" class=\"elementor-facebook-widget fb-video\" data-href=\"https:\/\/www.facebook.com\/inguatoficial\/videos\/1191487768720786\" data-show-text=\"false\" data-allowfullscreen=\"false\" data-autoplay=\"false\" data-show-captions=\"false\"><\/div>\t\t\t\t<\/div>\n\t\t\t\t\t<\/div>\n\t\t\t\t<\/div>\n\t\t<div data-particle_enable=\"false\" data-particle-mobile-disabled=\"false\" class=\"elementor-element elementor-element-a8c103b e-flex e-con-boxed e-con e-parent\" data-id=\"a8c103b\" data-element_type=\"container\" data-e-type=\"container\">\n\t\t\t\t\t<div class=\"e-con-inner\">\n\t\t\t\t<div class=\"elementor-element elementor-element-5249c47 elementor-widget elementor-widget-heading\" data-id=\"5249c47\" data-element_type=\"widget\" data-e-type=\"widget\" data-widget_type=\"heading.default\">\n\t\t\t\t\t<h3 class=\"elementor-heading-title elementor-size-default\">Reconocimiento internacional<\/h3>\t\t\t\t<\/div>\n\t\t\t\t\t<\/div>\n\t\t\t\t<\/div>\n\t\t<div data-particle_enable=\"false\" data-particle-mobile-disabled=\"false\" class=\"elementor-element elementor-element-113a13b e-flex e-con-boxed e-con e-parent\" data-id=\"113a13b\" data-element_type=\"container\" data-e-type=\"container\">\n\t\t\t\t\t<div class=\"e-con-inner\">\n\t\t\t\t<div class=\"elementor-element elementor-element-b057daf elementor-widget elementor-widget-text-editor\" data-id=\"b057daf\" data-element_type=\"widget\" data-e-type=\"widget\" data-widget_type=\"text-editor.default\">\n\t\t\t\t\t\t\t\t\t<p>El reconocimiento de la OMT como uno de los Best Tourist Villages resalta los esfuerzos del municipio por integrar el turismo en su estrategia de desarrollo sostenible. Este galard\u00f3n valora aspectos como la preservaci\u00f3n del patrimonio cultural, la promoci\u00f3n de la biodiversidad y la inclusi\u00f3n de las comunidades locales en la actividad tur\u00edstica.<\/p><p>San Juan La Laguna es un modelo de c\u00f3mo\u00a0<a href=\"https:\/\/soymigrante.com\/revista\/como-tramitar-la-visa-de-turismo-americana-en-guatemala-con-asesoria-legal\/\" target=\"_blank\" rel=\"noopener\">el turismo\u00a0<\/a>puede ser una herramienta poderosa para mejorar la calidad de vida de las comunidades, mientras se conserva la identidad cultural y el medio ambiente. Este galard\u00f3n no solo posiciona al pueblo en el mapa tur\u00edstico mundial, sino que tambi\u00e9n inspira a otras localidades a seguir su ejemplo.<\/p>\t\t\t\t\t\t\t\t<\/div>\n\t\t\t\t\t<\/div>\n\t\t\t\t<\/div>\n\t\t<div data-particle_enable=\"false\" data-particle-mobile-disabled=\"false\" class=\"elementor-element elementor-element-914e099 e-flex e-con-boxed e-con e-parent\" data-id=\"914e099\" data-element_type=\"container\" data-e-type=\"container\">\n\t\t\t\t\t<div class=\"e-con-inner\">\n\t\t\t\t<div class=\"elementor-element elementor-element-19d8f64 elementor-grid-eael-col-1 elementor-grid-tablet-eael-col-2 elementor-grid-mobile-eael-col-1 elementor-widget elementor-widget-eael-post-grid\" data-id=\"19d8f64\" data-element_type=\"widget\" data-e-type=\"widget\" data-settings=\"{&quot;eael_post_grid_columns&quot;:&quot;eael-col-1&quot;,&quot;eael_post_grid_columns_tablet&quot;:&quot;eael-col-2&quot;,&quot;eael_post_grid_columns_mobile&quot;:&quot;eael-col-1&quot;}\" data-widget_type=\"eael-post-grid.default\">\n\t\t\t\t\t<div id=\"eael-post-grid-19d8f64\" class=\"eael-post-grid-container\">\n            <div class=\"eael-post-grid eael-post-appender eael-post-appender-19d8f64 eael-post-grid-style-one\" data-layout-mode=\"masonry\"><article class=\"eael-grid-post  eael-post-grid-column eael-pg-post-7433 category-estamos-unidos\" data-id=\"7433\">\n        <div class=\"eael-grid-post-holder\">\n            <div class=\"eael-grid-post-holder-inner\"><div class=\"eael-entry-media\"><div class=\"eael-entry-overlay fade-in\"><i class=\"far fa-hand-pointer\" aria-hidden=\"true\"><\/i><a href=\"https:\/\/soymigrante.com\/revista\/migrantes-guatemaltecos-en-ny-abren-su-primer-hotel-en-san-juan-la-laguna\/\"><\/a><\/div><div class=\"eael-entry-thumbnail \">\n                <img decoding=\"async\" width=\"580\" height=\"580\" src=\"https:\/\/soymigrante.com\/revista\/wp-content\/uploads\/2024\/07\/hotel-migrantes-san-juan-la-laguna-11-1.webp\" class=\"attachment-large size-large wp-image-7445\" alt=\"Puente peatonal en un edificio moderno con vistas a la naturaleza, ideado para facilitar el acceso y la movilidad en espacios residenciales y culturales.\" srcset=\"https:\/\/soymigrante.com\/revista\/wp-content\/uploads\/2024\/07\/hotel-migrantes-san-juan-la-laguna-11-1.webp 580w, https:\/\/soymigrante.com\/revista\/wp-content\/uploads\/2024\/07\/hotel-migrantes-san-juan-la-laguna-11-1-300x300.webp 300w, https:\/\/soymigrante.com\/revista\/wp-content\/uploads\/2024\/07\/hotel-migrantes-san-juan-la-laguna-11-1-150x150.webp 150w, https:\/\/soymigrante.com\/revista\/wp-content\/uploads\/2024\/07\/hotel-migrantes-san-juan-la-laguna-11-1-75x75.webp 75w\" sizes=\"(max-width: 580px) 100vw, 580px\" \/>\n            <\/div>\n        <\/div><div class=\"eael-entry-wrapper\"><header class=\"eael-entry-header\"><h2 class=\"eael-entry-title\"><a class=\"eael-grid-post-link\" href=\"https:\/\/soymigrante.com\/revista\/migrantes-guatemaltecos-en-ny-abren-su-primer-hotel-en-san-juan-la-laguna\/\" title=\"Migrantes guatemaltecos en NY abren su primer hotel en San Juan La Laguna\">Migrantes guatemaltecos en NY abren su primer hotel en San Juan La Laguna<\/a><\/h2><\/header><div class=\"eael-entry-content\">\n                        <div class=\"eael-grid-post-excerpt\"><a href=\"https:\/\/soymigrante.com\/revista\/migrantes-guatemaltecos-en-ny-abren-su-primer-hotel-en-san-juan-la-laguna\/\" class=\"eael-post-elements-readmore-btn\">CONOCE SU HISTORIA <\/a><\/div>\n                    <\/div><\/div><\/div>\n        <\/div>\n    <\/article><\/div>\n            <div class=\"clearfix\"><\/div>\n        <\/div>\t\t\t\t<\/div>\n\t\t\t\t\t<\/div>\n\t\t\t\t<\/div>\n\t\t<div data-particle_enable=\"false\" data-particle-mobile-disabled=\"false\" class=\"elementor-element elementor-element-0187f5f e-flex e-con-boxed e-con e-parent\" data-id=\"0187f5f\" data-element_type=\"container\" data-e-type=\"container\">\n\t\t\t\t\t<div class=\"e-con-inner\">\n\t\t\t\t<div class=\"elementor-element elementor-element-bd18243 elementor-widget elementor-widget-heading\" data-id=\"bd18243\" data-element_type=\"widget\" data-e-type=\"widget\" data-widget_type=\"heading.default\">\n\t\t\t\t\t<h3 class=\"elementor-heading-title elementor-size-default\">Planifica tu visita<\/h3>\t\t\t\t<\/div>\n\t\t\t\t\t<\/div>\n\t\t\t\t<\/div>\n\t\t<div data-particle_enable=\"false\" data-particle-mobile-disabled=\"false\" class=\"elementor-element elementor-element-722884d e-flex e-con-boxed e-con e-parent\" data-id=\"722884d\" data-element_type=\"container\" data-e-type=\"container\">\n\t\t\t\t\t<div class=\"e-con-inner\">\n\t\t\t\t<div class=\"elementor-element elementor-element-2014b74 elementor-widget elementor-widget-text-editor\" data-id=\"2014b74\" data-element_type=\"widget\" data-e-type=\"widget\" data-widget_type=\"text-editor.default\">\n\t\t\t\t\t\t\t\t\t<p>Visitar San Juan La Laguna es una experiencia inolvidable para quienes buscan autenticidad, tranquilidad y contacto con una cultura viva. Ya sea que desees explorar sus senderos naturales, aprender de sus tradiciones o simplemente disfrutar de la hospitalidad de su gente, este pueblo promete dejar una huella imborrable en tu coraz\u00f3n.<\/p><p>Con su reconocimiento internacional, San Juan La Laguna reafirma su compromiso con el turismo responsable, convirti\u00e9ndolo en un destino que no solo encanta, sino que tambi\u00e9n inspira.<\/p>\t\t\t\t\t\t\t\t<\/div>\n\t\t\t\t\t<\/div>\n\t\t\t\t<\/div>\n\t\t<div data-particle_enable=\"false\" data-particle-mobile-disabled=\"false\" class=\"elementor-element elementor-element-4c354cb e-flex e-con-boxed e-con e-parent\" data-id=\"4c354cb\" data-element_type=\"container\" data-e-type=\"container\">\n\t\t\t\t\t<div class=\"e-con-inner\">\n\t\t\t\t<div class=\"elementor-element elementor-element-d62c107 elementor-widget elementor-widget-heading\" data-id=\"d62c107\" data-element_type=\"widget\" data-e-type=\"widget\" data-widget_type=\"heading.default\">\n\t\t\t\t\t<h3 class=\"elementor-heading-title elementor-size-default\">Conoce m\u00e1s de la cosmovisi\u00f3n maya<\/h3>\t\t\t\t<\/div>\n\t\t\t\t\t<\/div>\n\t\t\t\t<\/div>\n\t\t<div data-particle_enable=\"false\" data-particle-mobile-disabled=\"false\" class=\"elementor-element elementor-element-131ff0d e-flex e-con-boxed e-con e-parent\" data-id=\"131ff0d\" data-element_type=\"container\" data-e-type=\"container\">\n\t\t\t\t\t<div class=\"e-con-inner\">\n\t\t\t\t<div class=\"elementor-element elementor-element-f11c48a elementor-grid-eael-col-3 elementor-grid-tablet-eael-col-2 elementor-grid-mobile-eael-col-1 elementor-widget elementor-widget-eael-post-grid\" data-id=\"f11c48a\" data-element_type=\"widget\" data-e-type=\"widget\" data-settings=\"{&quot;eael_post_grid_columns&quot;:&quot;eael-col-3&quot;,&quot;eael_post_grid_columns_tablet&quot;:&quot;eael-col-2&quot;,&quot;eael_post_grid_columns_mobile&quot;:&quot;eael-col-1&quot;}\" data-widget_type=\"eael-post-grid.default\">\n\t\t\t\t\t<div id=\"eael-post-grid-f11c48a\" class=\"eael-post-grid-container\">\n            <div class=\"eael-post-grid eael-post-appender eael-post-appender-f11c48a eael-post-grid-style-one\" data-layout-mode=\"masonry\"><article class=\"eael-grid-post  eael-post-grid-column eael-pg-post-1185 category-estamos-unidos\" data-id=\"1185\">\n        <div class=\"eael-grid-post-holder\">\n            <div class=\"eael-grid-post-holder-inner\"><div class=\"eael-entry-media\"><div class=\"eael-entry-overlay fade-in\"><i class=\"far fa-hand-pointer\" aria-hidden=\"true\"><\/i><a href=\"https:\/\/soymigrante.com\/revista\/danza-maya-de-las-guacamayas-impresiona-en-estados-unidos\/\"><\/a><\/div><div class=\"eael-entry-thumbnail \">\n                <img loading=\"lazy\" decoding=\"async\" width=\"949\" height=\"971\" src=\"https:\/\/soymigrante.com\/revista\/wp-content\/uploads\/2023\/06\/xixo-rax-danza-de-las-guacamayas-2.webp\" class=\"attachment-large size-large wp-image-29236\" alt=\"Artista en vestimenta tradicional ind\u00edgena mexicana en una presentaci\u00f3n cultural en SoyMigrante.com REVISTA.\" srcset=\"https:\/\/soymigrante.com\/revista\/wp-content\/uploads\/2023\/06\/xixo-rax-danza-de-las-guacamayas-2.webp 949w, https:\/\/soymigrante.com\/revista\/wp-content\/uploads\/2023\/06\/xixo-rax-danza-de-las-guacamayas-2-293x300.jpg 293w, https:\/\/soymigrante.com\/revista\/wp-content\/uploads\/2023\/06\/xixo-rax-danza-de-las-guacamayas-2-768x786.jpg 768w, https:\/\/soymigrante.com\/revista\/wp-content\/uploads\/2023\/06\/xixo-rax-danza-de-las-guacamayas-2-750x767.webp 750w\" sizes=\"(max-width: 949px) 100vw, 949px\" \/>\n            <\/div>\n        <\/div><div class=\"eael-entry-wrapper\"><header class=\"eael-entry-header\"><h2 class=\"eael-entry-title\"><a class=\"eael-grid-post-link\" href=\"https:\/\/soymigrante.com\/revista\/danza-maya-de-las-guacamayas-impresiona-en-estados-unidos\/\" title=\"Danza de las Guacamayas de Santa Cruz Verapaz vuela por 7 ciudades de Estados Unidos\">Danza de las Guacamayas de Santa Cruz Verapaz vuela por 7 ciudades de Estados Unidos<\/a><\/h2><\/header><div class=\"eael-entry-content\">\n                        <div class=\"eael-grid-post-excerpt\"><a href=\"https:\/\/soymigrante.com\/revista\/danza-maya-de-las-guacamayas-impresiona-en-estados-unidos\/\" class=\"eael-post-elements-readmore-btn\">CONOCE SU HISTORIA <\/a><\/div>\n                    <\/div><\/div><\/div>\n        <\/div>\n    <\/article><article class=\"eael-grid-post  eael-post-grid-column eael-pg-post-6853 category-estamos-unidos\" data-id=\"6853\">\n        <div class=\"eael-grid-post-holder\">\n            <div class=\"eael-grid-post-holder-inner\"><div class=\"eael-entry-media\"><div class=\"eael-entry-overlay fade-in\"><i class=\"far fa-hand-pointer\" aria-hidden=\"true\"><\/i><a href=\"https:\/\/soymigrante.com\/revista\/pueblos-mayas-migrantes-fortalecen-su-identidad-en-usa\/\"><\/a><\/div><div class=\"eael-entry-thumbnail \">\n                <img loading=\"lazy\" decoding=\"async\" width=\"1024\" height=\"1024\" src=\"https:\/\/soymigrante.com\/revista\/wp-content\/uploads\/2024\/06\/308795749_3429886927300826_7022547667218469045_n-1024x1024.webp\" class=\"attachment-large size-large wp-image-6854\" alt=\"Ejemplo de hijas migrantes con vestimenta t\u00edpica durante una manifestaci\u00f3n en una calle de ciudad estadounidense.\" srcset=\"https:\/\/soymigrante.com\/revista\/wp-content\/uploads\/2024\/06\/308795749_3429886927300826_7022547667218469045_n-1024x1024.webp 1024w, https:\/\/soymigrante.com\/revista\/wp-content\/uploads\/2024\/06\/308795749_3429886927300826_7022547667218469045_n-300x300.webp 300w, https:\/\/soymigrante.com\/revista\/wp-content\/uploads\/2024\/06\/308795749_3429886927300826_7022547667218469045_n-150x150.webp 150w, https:\/\/soymigrante.com\/revista\/wp-content\/uploads\/2024\/06\/308795749_3429886927300826_7022547667218469045_n-768x768.webp 768w, https:\/\/soymigrante.com\/revista\/wp-content\/uploads\/2024\/06\/308795749_3429886927300826_7022547667218469045_n-75x75.webp 75w, https:\/\/soymigrante.com\/revista\/wp-content\/uploads\/2024\/06\/308795749_3429886927300826_7022547667218469045_n-750x750.webp 750w, https:\/\/soymigrante.com\/revista\/wp-content\/uploads\/2024\/06\/308795749_3429886927300826_7022547667218469045_n-1140x1140.webp 1140w, https:\/\/soymigrante.com\/revista\/wp-content\/uploads\/2024\/06\/308795749_3429886927300826_7022547667218469045_n.webp 1326w\" sizes=\"(max-width: 1024px) 100vw, 1024px\" \/>\n            <\/div>\n        <\/div><div class=\"eael-entry-wrapper\"><header class=\"eael-entry-header\"><h2 class=\"eael-entry-title\"><a class=\"eael-grid-post-link\" href=\"https:\/\/soymigrante.com\/revista\/pueblos-mayas-migrantes-fortalecen-su-identidad-en-usa\/\" title=\"Mapa refleja comunidades mayas migrantes en USA\">Mapa refleja comunidades mayas migrantes en USA<\/a><\/h2><\/header><div class=\"eael-entry-content\">\n                        <div class=\"eael-grid-post-excerpt\"><a href=\"https:\/\/soymigrante.com\/revista\/pueblos-mayas-migrantes-fortalecen-su-identidad-en-usa\/\" class=\"eael-post-elements-readmore-btn\">CONOCE SU HISTORIA <\/a><\/div>\n                    <\/div><\/div><\/div>\n        <\/div>\n    <\/article><article class=\"eael-grid-post  eael-post-grid-column eael-pg-post-2176 category-editorial-estamos-unidos\" data-id=\"2176\">\n        <div class=\"eael-grid-post-holder\">\n            <div class=\"eael-grid-post-holder-inner\"><div class=\"eael-entry-media\"><div class=\"eael-entry-overlay fade-in\"><i class=\"far fa-hand-pointer\" aria-hidden=\"true\"><\/i><a href=\"https:\/\/soymigrante.com\/revista\/migrantes-mayas-identidad-eeuu\/\"><\/a><\/div><div class=\"eael-entry-thumbnail \">\n                <img loading=\"lazy\" decoding=\"async\" width=\"1024\" height=\"793\" src=\"https:\/\/soymigrante.com\/revista\/wp-content\/uploads\/2023\/08\/364713116_6469948403053215_6539418826854478968_n-1024x793.webp\" class=\"attachment-large size-large wp-image-2179\" alt=\"Es enorme, multifac\u00e9tica y transmitida de generaci\u00f3n en generaci\u00f3n la gama de s\u00edmbolos, danzas y tradiciones mayas de Guatemala, que sobreviven dentro y fuera del pa\u00eds. (Baile del venado, pintura de Alex\u00e1nder Ambrocio artista momosteco.\" srcset=\"https:\/\/soymigrante.com\/revista\/wp-content\/uploads\/2023\/08\/364713116_6469948403053215_6539418826854478968_n-1024x793.webp 1024w, https:\/\/soymigrante.com\/revista\/wp-content\/uploads\/2023\/08\/364713116_6469948403053215_6539418826854478968_n-300x232.webp 300w, https:\/\/soymigrante.com\/revista\/wp-content\/uploads\/2023\/08\/364713116_6469948403053215_6539418826854478968_n-768x595.webp 768w, https:\/\/soymigrante.com\/revista\/wp-content\/uploads\/2023\/08\/364713116_6469948403053215_6539418826854478968_n-750x581.webp 750w, https:\/\/soymigrante.com\/revista\/wp-content\/uploads\/2023\/08\/364713116_6469948403053215_6539418826854478968_n-1140x883.webp 1140w, https:\/\/soymigrante.com\/revista\/wp-content\/uploads\/2023\/08\/364713116_6469948403053215_6539418826854478968_n.webp 1487w\" sizes=\"(max-width: 1024px) 100vw, 1024px\" \/>\n            <\/div>\n        <\/div><div class=\"eael-entry-wrapper\"><header class=\"eael-entry-header\"><h2 class=\"eael-entry-title\"><a class=\"eael-grid-post-link\" href=\"https:\/\/soymigrante.com\/revista\/migrantes-mayas-identidad-eeuu\/\" title=\"D\u00eda de los Pueblos Ind\u00edgenas: Migrantes mayas guatemaltecos luchan por conservar su identidad\">D\u00eda de los Pueblos Ind\u00edgenas: Migrantes mayas guatemaltecos luchan por conservar su identidad<\/a><\/h2><\/header><div class=\"eael-entry-content\">\n                        <div class=\"eael-grid-post-excerpt\"><a href=\"https:\/\/soymigrante.com\/revista\/migrantes-mayas-identidad-eeuu\/\" class=\"eael-post-elements-readmore-btn\">CONOCE SU HISTORIA <\/a><\/div>\n                    <\/div><\/div><\/div>\n        <\/div>\n    <\/article><\/div>\n            <div class=\"clearfix\"><\/div>\n        <\/div>\t\t\t\t<\/div>\n\t\t\t\t\t<\/div>\n\t\t\t\t<\/div>\n\t\t\t\t<\/div>\n\t\t","protected":false},"excerpt":{"rendered":"<p>San Juan La Laguna estuvo propuesta para ser incluida en la lista Best Tourist Villages 2024 de la Organizaci\u00f3n Mundial del Turismo. No fue elegida pero eso no resta un \u00e1pice de sus mayas vibrantes, belleza natural impresionante y un fuerte compromiso hospitalario de la comunidad. San Juan La Laguna es un pintoresco pueblo a [&hellip;]<\/p>\n","protected":false},"author":23,"featured_media":17126,"comment_status":"open","ping_status":"open","sticky":false,"template":"","format":"standard","meta":{"_acf_changed":false,"_eb_attr":"","footnotes":""},"categories":[58],"tags":[],"class_list":["post-17093","post","type-post","status-publish","format-standard","has-post-thumbnail","hentry","category-guate-nuestra"],"acf":[],"aioseo_notices":[],"aioseo_head":"\n\t\t<!-- All in One SEO Pro 4.9.6.2 - aioseo.com -->\n\t<meta name=\"description\" content=\"Miles de migrantes mayas en EE.UU. conservan con orgullo su cultura y tradiciones. En el D\u00eda Internacional de los Pueblos Ind\u00edgenas, reconocemos su lucha y esfuerzo\" \/>\n\t<meta name=\"robots\" content=\"max-snippet:-1, max-image-preview:large, max-video-preview:-1\" \/>\n\t<meta name=\"author\" content=\"SoyMigrante.com REVISTA\"\/>\n\t<link rel=\"canonical\" href=\"https:\/\/soymigrante.com\/revista\/migrantes-mayas-identidad-eeuu\/\" \/>\n\t<meta name=\"generator\" content=\"All in One SEO Pro (AIOSEO) 4.9.6.2\" \/>\n\n\t\t<link rel=\"preconnect\" href=\"https:\/\/fonts.googleapis.com\" crossorigin>\n<link rel=\"preconnect\" href=\"https:\/\/fonts.gstatic.com\" crossorigin>\n\t\t<meta property=\"og:locale\" content=\"es_ES\" \/>\n\t\t<meta property=\"og:site_name\" content=\"SoyMigrante.com REVISTA \u2013 Nuestra misi\u00f3n es reconocer y dignificar al migrante.\" \/>\n\t\t<meta property=\"og:type\" content=\"article\" \/>\n\t\t<meta property=\"og:title\" content=\"Identidad Maya en EE.UU.: M\u00e1s All\u00e1 de las Fronteras\" \/>\n\t\t<meta property=\"og:description\" content=\"Miles de migrantes mayas en EE.UU. conservan con orgullo su cultura y tradiciones. En el D\u00eda Internacional de los Pueblos Ind\u00edgenas, reconocemos su lucha y esfuerzo\" \/>\n\t\t<meta property=\"og:url\" content=\"https:\/\/soymigrante.com\/revista\/migrantes-mayas-identidad-eeuu\/\" \/>\n\t\t<meta property=\"og:image\" content=\"https:\/\/soymigrante.com\/revista\/wp-content\/uploads\/2023\/08\/364713116_6469948403053215_6539418826854478968_n.webp\" \/>\n\t\t<meta property=\"og:image:secure_url\" content=\"https:\/\/soymigrante.com\/revista\/wp-content\/uploads\/2023\/08\/364713116_6469948403053215_6539418826854478968_n.webp\" \/>\n\t\t<meta property=\"og:image:width\" content=\"1487\" \/>\n\t\t<meta property=\"og:image:height\" content=\"1152\" \/>\n\t\t<meta property=\"article:published_time\" content=\"2023-08-09T16:43:08+00:00\" \/>\n\t\t<meta property=\"article:modified_time\" content=\"2024-11-06T16:00:22+00:00\" \/>\n\t\t<meta property=\"article:publisher\" content=\"https:\/\/www.facebook.com\/soymigrantecom\" \/>\n\t\t<meta name=\"twitter:card\" content=\"summary_large_image\" \/>\n\t\t<meta name=\"twitter:site\" content=\"@SoyMigrante_com\" \/>\n\t\t<meta name=\"twitter:title\" content=\"Identidad Maya en EE.UU.: M\u00e1s All\u00e1 de las Fronteras\" \/>\n\t\t<meta name=\"twitter:description\" content=\"Miles de migrantes mayas en EE.UU. conservan con orgullo su cultura y tradiciones. En el D\u00eda Internacional de los Pueblos Ind\u00edgenas, reconocemos su lucha y esfuerzo\" \/>\n\t\t<meta name=\"twitter:creator\" content=\"@SoyMigrante_com\" \/>\n\t\t<meta name=\"twitter:image\" content=\"https:\/\/soymigrante.com\/revista\/wp-content\/uploads\/2023\/08\/364713116_6469948403053215_6539418826854478968_n.webp\" \/>\n\t\t<!-- All in One SEO Pro -->\r\n\t\t<title>Identidad Maya en EE.UU.: M\u00e1s All\u00e1 de las Fronteras<\/title>\n\n","aioseo_head_json":{"title":"Identidad Maya en EE.UU.: M\u00e1s All\u00e1 de las Fronteras","description":"Miles de migrantes mayas en EE.UU. conservan con orgullo su cultura y tradiciones. En el D\u00eda Internacional de los Pueblos Ind\u00edgenas, reconocemos su lucha y esfuerzo","canonical_url":"https:\/\/soymigrante.com\/revista\/migrantes-mayas-identidad-eeuu\/","robots":"max-snippet:-1, max-image-preview:large, max-video-preview:-1","keywords":"","webmasterTools":{"miscellaneous":"&lt;link rel=\"preconnect\" href=\"https:\/\/fonts.googleapis.com\" crossorigin&gt;\n&lt;link rel=\"preconnect\" href=\"https:\/\/fonts.gstatic.com\" crossorigin&gt;"},"schema":null,"og:locale":"es_ES","og:site_name":"SoyMigrante.com REVISTA \u2013 Nuestra misi\u00f3n es reconocer y dignificar al migrante.","og:type":"article","og:title":"Identidad Maya en EE.UU.: M\u00e1s All\u00e1 de las Fronteras","og:description":"Miles de migrantes mayas en EE.UU. conservan con orgullo su cultura y tradiciones. En el D\u00eda Internacional de los Pueblos Ind\u00edgenas, reconocemos su lucha y esfuerzo","og:url":"https:\/\/soymigrante.com\/revista\/migrantes-mayas-identidad-eeuu\/","og:image":"https:\/\/soymigrante.com\/revista\/wp-content\/uploads\/2023\/08\/364713116_6469948403053215_6539418826854478968_n.webp","og:image:secure_url":"https:\/\/soymigrante.com\/revista\/wp-content\/uploads\/2023\/08\/364713116_6469948403053215_6539418826854478968_n.webp","og:image:width":1487,"og:image:height":1152,"article:published_time":"2023-08-09T16:43:08+00:00","article:modified_time":"2024-11-06T16:00:22+00:00","article:publisher":"https:\/\/www.facebook.com\/soymigrantecom","twitter:card":"summary_large_image","twitter:site":"@SoyMigrante_com","twitter:title":"Identidad Maya en EE.UU.: M\u00e1s All\u00e1 de las Fronteras","twitter:description":"Miles de migrantes mayas en EE.UU. conservan con orgullo su cultura y tradiciones. En el D\u00eda Internacional de los Pueblos Ind\u00edgenas, reconocemos su lucha y esfuerzo","twitter:creator":"@SoyMigrante_com","twitter:image":"https:\/\/soymigrante.com\/revista\/wp-content\/uploads\/2023\/08\/364713116_6469948403053215_6539418826854478968_n.webp"},"aioseo_meta_data":{"post_id":"17093","title":"San Juan La Laguna: Un tesoro cultural en el lago de Atitl\u00e1n","description":"San Juan La Laguna fue una de las 6 propuestas para la lista Best Tourist Villages de la ONU. No fue elegida, pero ello no le resta nada a su encanto. Conoce m\u00e1s","keywords":null,"keyphrases":{"focus":{"keyphrase":"san juna la laguna","score":37,"analysis":{"keyphraseInTitle":{"score":3,"maxScore":9,"error":1},"keyphraseInDescription":{"score":3,"maxScore":9,"error":1},"keyphraseLength":{"score":9,"maxScore":9,"error":0,"length":4},"keyphraseInURL":{"score":1,"maxScore":5,"error":1},"keyphraseInIntroduction":{"score":3,"maxScore":9,"error":1},"keyphraseInSubHeadings":{"score":3,"maxScore":9,"error":1},"keyphraseInImageAlt":{"score":3,"maxScore":9,"error":1},"keywordDensity":{"score":0,"type":"low","maxScore":9,"error":1}}},"additional":[{"keyphrase":"tesoro cultural","score":40,"analysis":{"keyphraseInDescription":{"score":3,"maxScore":9,"error":1},"keyphraseLength":{"score":9,"maxScore":9,"error":0,"length":2},"keyphraseInIntroduction":{"score":3,"maxScore":9,"error":1},"keyphraseInImageAlt":{"score":3,"maxScore":9,"error":1},"keywordDensity":{"score":0,"type":"low","maxScore":9,"error":1}}},{"keyphrase":"lago de atitl\u00e1n","score":53,"analysis":{"keyphraseInDescription":{"score":3,"maxScore":9,"error":1},"keyphraseLength":{"score":9,"maxScore":9,"error":0,"length":4},"keyphraseInIntroduction":{"score":9,"maxScore":9,"error":0},"keyphraseInImageAlt":{"score":3,"maxScore":9,"error":1},"keywordDensity":{"score":0,"type":"low","maxScore":9,"error":1}}}]},"primary_term":null,"canonical_url":null,"og_title":null,"og_description":null,"og_object_type":"default","og_image_type":"default","og_image_url":null,"og_image_width":null,"og_image_height":null,"og_image_custom_url":null,"og_image_custom_fields":null,"og_video":"","og_custom_url":null,"og_article_section":null,"og_article_tags":null,"twitter_use_og":false,"twitter_card":"default","twitter_image_type":"default","twitter_image_url":null,"twitter_image_custom_url":null,"twitter_image_custom_fields":null,"twitter_title":null,"twitter_description":null,"schema":{"blockGraphs":[],"customGraphs":[],"default":{"data":{"Article":[],"Course":[],"Dataset":[],"FAQPage":[],"Movie":[],"Person":[],"Product":[],"ProductReview":[],"Car":[],"Recipe":[],"Service":[],"SoftwareApplication":[],"WebPage":[]},"graphName":"Article","isEnabled":true},"graphs":[]},"schema_type":"default","schema_type_options":null,"pillar_content":false,"robots_default":true,"robots_noindex":false,"robots_noarchive":false,"robots_nosnippet":false,"robots_nofollow":false,"robots_noimageindex":false,"robots_noodp":false,"robots_notranslate":false,"robots_max_snippet":"-1","robots_max_videopreview":"-1","robots_max_imagepreview":"large","priority":null,"frequency":"default","local_seo":null,"seo_analyzer_scan_date":"2025-10-09 01:10:13","breadcrumb_settings":null,"limit_modified_date":false,"reviewed_by":null,"open_ai":"{\"title\":{\"suggestions\":[],\"usage\":0},\"description\":{\"suggestions\":[],\"usage\":0}}","ai":null,"created":"2024-12-18 21:13:02","updated":"2026-02-04 18:30:07"},"aioseo_breadcrumb":"<div class=\"aioseo-breadcrumbs\"><span class=\"aioseo-breadcrumb\">\n\t<a href=\"https:\/\/soymigrante.com\/revista\" title=\"Home\">Home<\/a>\n<\/span><span class=\"aioseo-breadcrumb-separator\">\u00bb<\/span><span class=\"aioseo-breadcrumb\">\n\t<a href=\"https:\/\/soymigrante.com\/revista\/category\/guate-nuestra\/\" title=\"Guate Nuestra\">Guate Nuestra<\/a>\n<\/span><span class=\"aioseo-breadcrumb-separator\">\u00bb<\/span><span class=\"aioseo-breadcrumb\">\n\tSan Juan La Laguna: Tesoro cultural a la orilla del lago de Atitl\u00e1n, fue aspirante a Best Tourism Villages\n<\/span><\/div>","aioseo_breadcrumb_json":[{"label":"Home","link":"https:\/\/soymigrante.com\/revista"},{"label":"Guate Nuestra","link":"https:\/\/soymigrante.com\/revista\/category\/guate-nuestra\/"},{"label":"San Juan La Laguna: Tesoro cultural a la orilla del lago de Atitl\u00e1n, fue aspirante a Best Tourism Villages","link":"https:\/\/soymigrante.com\/revista\/san-juan-la-laguna-tesoro-cultural-a-la-orilla-del-lago-de-atitlan-fue-aspirante-a-best-tourism-villages\/"}],"_links":{"self":[{"href":"https:\/\/soymigrante.com\/revista\/wp-json\/wp\/v2\/posts\/17093","targetHints":{"allow":["GET"]}}],"collection":[{"href":"https:\/\/soymigrante.com\/revista\/wp-json\/wp\/v2\/posts"}],"about":[{"href":"https:\/\/soymigrante.com\/revista\/wp-json\/wp\/v2\/types\/post"}],"author":[{"embeddable":true,"href":"https:\/\/soymigrante.com\/revista\/wp-json\/wp\/v2\/users\/23"}],"replies":[{"embeddable":true,"href":"https:\/\/soymigrante.com\/revista\/wp-json\/wp\/v2\/comments?post=17093"}],"version-history":[{"count":0,"href":"https:\/\/soymigrante.com\/revista\/wp-json\/wp\/v2\/posts\/17093\/revisions"}],"wp:featuredmedia":[{"embeddable":true,"href":"https:\/\/soymigrante.com\/revista\/wp-json\/wp\/v2\/media\/17126"}],"wp:attachment":[{"href":"https:\/\/soymigrante.com\/revista\/wp-json\/wp\/v2\/media?parent=17093"}],"wp:term":[{"taxonomy":"category","embeddable":true,"href":"https:\/\/soymigrante.com\/revista\/wp-json\/wp\/v2\/categories?post=17093"},{"taxonomy":"post_tag","embeddable":true,"href":"https:\/\/soymigrante.com\/revista\/wp-json\/wp\/v2\/tags?post=17093"}],"curies":[{"name":"wp","href":"https:\/\/api.w.org\/{rel}","templated":true}]}}