{"id":17069,"date":"2024-12-18T07:00:00","date_gmt":"2024-12-18T13:00:00","guid":{"rendered":"https:\/\/soymigrante.com\/revista\/?p=17069"},"modified":"2024-12-21T18:26:33","modified_gmt":"2024-12-22T00:26:33","slug":"corazon-migrante-vuela-alto-trabaja-duro-y-suena-una-patria-mejor","status":"publish","type":"post","link":"https:\/\/soymigrante.com\/revista\/corazon-migrante-vuela-alto-trabaja-duro-y-suena-una-patria-mejor\/","title":{"rendered":"Coraz\u00f3n migrante vuela alto, trabaja duro y sue\u00f1a una patria mejor"},"content":{"rendered":"\t\t<div data-elementor-type=\"wp-post\" data-elementor-id=\"17069\" class=\"elementor elementor-17069\" data-elementor-post-type=\"post\">\n\t\t\t\t<div data-particle_enable=\"false\" data-particle-mobile-disabled=\"false\" class=\"elementor-element elementor-element-419cdc2 e-flex e-con-boxed e-con e-parent\" data-id=\"419cdc2\" data-element_type=\"container\" data-e-type=\"container\">\n\t\t\t\t\t<div class=\"e-con-inner\">\n\t\t\t\t<div class=\"elementor-element elementor-element-14eb5dc elementor-widget elementor-widget-heading\" data-id=\"14eb5dc\" data-element_type=\"widget\" data-e-type=\"widget\" data-widget_type=\"heading.default\">\n\t\t\t\t\t<h2 class=\"elementor-heading-title elementor-size-default\">En el D\u00eda Internacional del Migrante reconocemos el aporte, el esfuerzo y tambi\u00e9n el profundo amor que impulsa a diario a los guatemaltecos que est\u00e1n fuera de Guatemala pero que llevan a su pa\u00eds y a sus seres amados en el coraz\u00f3n.<\/h2>\t\t\t\t<\/div>\n\t\t\t\t\t<\/div>\n\t\t\t\t<\/div>\n\t\t<div data-particle_enable=\"false\" data-particle-mobile-disabled=\"false\" class=\"elementor-element elementor-element-9c6764f e-flex e-con-boxed e-con e-parent\" data-id=\"9c6764f\" data-element_type=\"container\" data-e-type=\"container\">\n\t\t\t\t\t<div class=\"e-con-inner\">\n\t\t\t\t<div class=\"elementor-element elementor-element-a0480b9 elementor-widget elementor-widget-text-editor\" data-id=\"a0480b9\" data-element_type=\"widget\" data-e-type=\"widget\" data-widget_type=\"text-editor.default\">\n\t\t\t\t\t\t\t\t\t<p>Un d\u00eda antes antes del D\u00eda Internacional del Migrante, una guatemalteca laboriosa, <a href=\"https:\/\/soymigrante.com\/revista\/historia-de-migrante-arminda-housecleaning-exito-california\/\">Arminda Z\u00fa\u00f1iga,<\/a> quien trabaja muy fuerte y con excelencia diaria en Los Angeles, California recibi\u00f3 una noticia que nunca dese\u00f3 escuchar: su mam\u00e1 hab\u00eda fallecido en Jutiapa, su tierra natal. No puede viajar para el sepelio porque est\u00e1 recuper\u00e1ndose de un complicado y largo padecimiento. Va saliendo adelante pero le llega el aviso. &#8220;Le ayud\u00e9 cuanto pude a mi mam\u00e1, le d\u00ed todo lo que pod\u00eda darle con mi trabajo&#8221;, expresa con un dolor indecible y una distancia que est\u00e1 hecha de kil\u00f3metros y a\u00f1os.<\/p><p>Los migrantes guatemaltecos aportan la quinta parte de la econom\u00eda guatemalteca gracias a sus remesas y reciben elogios por ello. Pero no lo hacen para que los feliciten, sino como un acto de amor, de constante y abnegada responsabilidad para con sus seres queridos: padres, hijos, c\u00f3nyuges, hermanos. El costo de esta oportunidad es muy alto, porque implica separarse de la familia, vivir en soledad o con limitaciones para poder enviar 100 o 200 d\u00f3lares a la semana o a la quincena.<\/p>\t\t\t\t\t\t\t\t<\/div>\n\t\t\t\t\t<\/div>\n\t\t\t\t<\/div>\n\t\t<div data-particle_enable=\"false\" data-particle-mobile-disabled=\"false\" class=\"elementor-element elementor-element-bb24501 e-flex e-con-boxed e-con e-parent\" data-id=\"bb24501\" data-element_type=\"container\" data-e-type=\"container\">\n\t\t\t\t\t<div class=\"e-con-inner\">\n\t\t\t\t<div class=\"elementor-element elementor-element-55d2a3c elementor-widget elementor-widget-image\" data-id=\"55d2a3c\" data-element_type=\"widget\" data-e-type=\"widget\" data-widget_type=\"image.default\">\n\t\t\t\t\t\t\t\t\t\t\t\t<figure class=\"wp-caption\">\n\t\t\t\t\t\t\t\t\t\t<img fetchpriority=\"high\" decoding=\"async\" width=\"768\" height=\"328\" src=\"https:\/\/soymigrante.com\/revista\/wp-content\/uploads\/2024\/12\/MURAL-DE-CLAUDIA-SIAN-1024x437.jpg\" class=\"attachment-large size-large wp-image-17075\" alt=\"Colorido mural de un colibr\u00ed con plumas verdes y rojas, rodeado de flores rosadas y verdes, en un fondo amarillo con cielo azul, promoviendo la cultura y arte en la comunidad.\" srcset=\"https:\/\/soymigrante.com\/revista\/wp-content\/uploads\/2024\/12\/MURAL-DE-CLAUDIA-SIAN-1024x437.jpg 1024w, https:\/\/soymigrante.com\/revista\/wp-content\/uploads\/2024\/12\/MURAL-DE-CLAUDIA-SIAN-300x128.jpg 300w, https:\/\/soymigrante.com\/revista\/wp-content\/uploads\/2024\/12\/MURAL-DE-CLAUDIA-SIAN-768x328.jpg 768w, https:\/\/soymigrante.com\/revista\/wp-content\/uploads\/2024\/12\/MURAL-DE-CLAUDIA-SIAN-750x320.webp 750w, https:\/\/soymigrante.com\/revista\/wp-content\/uploads\/2024\/12\/MURAL-DE-CLAUDIA-SIAN-1140x487.webp 1140w, https:\/\/soymigrante.com\/revista\/wp-content\/uploads\/2024\/12\/MURAL-DE-CLAUDIA-SIAN.webp 1517w\" sizes=\"(max-width: 768px) 100vw, 768px\" title=\"Mural de la artista guatemalteca Claudia Sian en un muro de San Miguel Petapa, Guatemala. Al ver este quetzal en pleno vuelo pero con alambre de p\u00faas y dejando un rastro de flores puede imaginarse una met\u00e1fora del sacrificio migrante. \u2013 SoyMigrante.com REVISTA\" \/>\t\t\t\t\t\t\t\t\t\t\t<figcaption class=\"widget-image-caption wp-caption-text\">Un mural colorido y art\u00edstico que representa un colibr\u00ed en vuelo, rodeado de flores y hojas, como parte de una obra de arte que integra naturaleza, cultura y expresi\u00f3n art\u00edstica en el espacio p\u00fablico.<\/figcaption>\n\t\t\t\t\t\t\t\t\t\t<\/figure>\n\t\t\t\t\t\t\t\t\t<\/div>\n\t\t\t\t\t<\/div>\n\t\t\t\t<\/div>\n\t\t<div data-particle_enable=\"false\" data-particle-mobile-disabled=\"false\" class=\"elementor-element elementor-element-acc1499 e-flex e-con-boxed e-con e-parent\" data-id=\"acc1499\" data-element_type=\"container\" data-e-type=\"container\">\n\t\t\t\t\t<div class=\"e-con-inner\">\n\t\t\t\t<div class=\"elementor-element elementor-element-57c43e9 elementor-widget elementor-widget-heading\" data-id=\"57c43e9\" data-element_type=\"widget\" data-e-type=\"widget\" data-widget_type=\"heading.default\">\n\t\t\t\t\t<h3 class=\"elementor-heading-title elementor-size-default\">Madrugones, nostalgias y un anhelo constante<\/h3>\t\t\t\t<\/div>\n\t\t\t\t\t<\/div>\n\t\t\t\t<\/div>\n\t\t<div data-particle_enable=\"false\" data-particle-mobile-disabled=\"false\" class=\"elementor-element elementor-element-5f28dc4 e-flex e-con-boxed e-con e-parent\" data-id=\"5f28dc4\" data-element_type=\"container\" data-e-type=\"container\">\n\t\t\t\t\t<div class=\"e-con-inner\">\n\t\t\t\t<div class=\"elementor-element elementor-element-7d2c30d elementor-widget elementor-widget-text-editor\" data-id=\"7d2c30d\" data-element_type=\"widget\" data-e-type=\"widget\" data-widget_type=\"text-editor.default\">\n\t\t\t\t\t\t\t\t\t<p><span style=\"color: var( --e-global-color-text ); text-align: var(--text-align);\">Los migrantes guatemaltecos son considerados un talento laboral excelente en Estados Unidos, pero muchos de ellos est\u00e1n indocumentados y la esperanza de que les otorguen un <\/span><a style=\"text-align: var(--text-align);\" href=\"https:\/\/soymigrante.com\/revista\/lideres-de-red-migrante-son-recibidos-en-casa-blanca-y-reiteran-la-esperanza-de-un-tps-para-guatemala\/\">TPS<\/a><span style=\"color: var( --e-global-color-text ); text-align: var(--text-align);\"> parece diluirse con un gobierno que se va y otro que llega con otros planes. Pero con uno u otro gobierno, el migrante sale a trabajar a las 3 o 4 de la ma\u00f1ana para estar en punto de las 5 en la construcci\u00f3n, el restaurante, el hotel, el edificio, el taller&#8230; Trabaja hasta las 3 de la tarde, come algo y a las 5 en lugar de irse a descansar entra al otro empleo.\u00a0<\/span><\/p><p>Aqu\u00ed en SoyMigrante.com Revista hemos o\u00eddo las historias que integran ese fuerte choque cultural, ese desarraigo y adaptaci\u00f3n a un nuevo entorno, aprendizajes r\u00e1pidos con esa chispa que el chap\u00edn tiene. Aprende de todo, pero nunca olvida la calle de su barrio, las pl\u00e1ticas con los amigos, las fiestas de diciembre cuando en Guatemala hac\u00eda fr\u00edo sin imaginar que a\u00f1os despu\u00e9s el fr\u00edo se multiplicar\u00eda en Nueva York o Nevada, al igual que la nostalgia y tambi\u00e9n el dolor cuando recibe la noticia que no quiere recibir desde Guatemala.<\/p>\t\t\t\t\t\t\t\t<\/div>\n\t\t\t\t\t<\/div>\n\t\t\t\t<\/div>\n\t\t<div data-particle_enable=\"false\" data-particle-mobile-disabled=\"false\" class=\"elementor-element elementor-element-eeb5107 e-flex e-con-boxed e-con e-parent\" data-id=\"eeb5107\" data-element_type=\"container\" data-e-type=\"container\">\n\t\t\t\t\t<div class=\"e-con-inner\">\n\t\t\t\t<div class=\"elementor-element elementor-element-7251afe elementor-widget elementor-widget-image\" data-id=\"7251afe\" data-element_type=\"widget\" data-e-type=\"widget\" data-widget_type=\"image.default\">\n\t\t\t\t\t\t\t\t\t\t\t\t<figure class=\"wp-caption\">\n\t\t\t\t\t\t\t\t\t\t<img decoding=\"async\" width=\"768\" height=\"768\" src=\"https:\/\/soymigrante.com\/revista\/wp-content\/uploads\/2024\/12\/dia-del-migrante-2.webp\" class=\"attachment-large size-large wp-image-17071\" alt=\"Guatemaltecos y estadounidenses participan en una manifestaci\u00f3n con banderas de Guatemala y Estados Unidos en un parque al aire libre.\" srcset=\"https:\/\/soymigrante.com\/revista\/wp-content\/uploads\/2024\/12\/dia-del-migrante-2.webp 810w, https:\/\/soymigrante.com\/revista\/wp-content\/uploads\/2024\/12\/dia-del-migrante-2-300x300.jpg 300w, https:\/\/soymigrante.com\/revista\/wp-content\/uploads\/2024\/12\/dia-del-migrante-2-150x150.jpg 150w, https:\/\/soymigrante.com\/revista\/wp-content\/uploads\/2024\/12\/dia-del-migrante-2-768x768.jpg 768w, https:\/\/soymigrante.com\/revista\/wp-content\/uploads\/2024\/12\/dia-del-migrante-2-75x75.webp 75w, https:\/\/soymigrante.com\/revista\/wp-content\/uploads\/2024\/12\/dia-del-migrante-2-750x750.webp 750w\" sizes=\"(max-width: 768px) 100vw, 768px\" title=\"Migrantes guatemaltecos en el festival del mes patrio en New England. \u2013 SoyMigrante.com REVISTA\" \/>\t\t\t\t\t\t\t\t\t\t\t<figcaption class=\"widget-image-caption wp-caption-text\">Celebraci\u00f3n de la comunidad migrante, integraci\u00f3n cultural y derechos migratorios en un evento al aire libre.<\/figcaption>\n\t\t\t\t\t\t\t\t\t\t<\/figure>\n\t\t\t\t\t\t\t\t\t<\/div>\n\t\t\t\t\t<\/div>\n\t\t\t\t<\/div>\n\t\t<div data-particle_enable=\"false\" data-particle-mobile-disabled=\"false\" class=\"elementor-element elementor-element-d7d3985 e-flex e-con-boxed e-con e-parent\" data-id=\"d7d3985\" data-element_type=\"container\" data-e-type=\"container\">\n\t\t\t\t\t<div class=\"e-con-inner\">\n\t\t\t\t<div class=\"elementor-element elementor-element-9d9623c elementor-widget elementor-widget-heading\" data-id=\"9d9623c\" data-element_type=\"widget\" data-e-type=\"widget\" data-widget_type=\"heading.default\">\n\t\t\t\t\t<h3 class=\"elementor-heading-title elementor-size-default\">El sue\u00f1o  de un mejor futuro guatemalteco<\/h3>\t\t\t\t<\/div>\n\t\t\t\t\t<\/div>\n\t\t\t\t<\/div>\n\t\t<div data-particle_enable=\"false\" data-particle-mobile-disabled=\"false\" class=\"elementor-element elementor-element-ccbd3a2 e-flex e-con-boxed e-con e-parent\" data-id=\"ccbd3a2\" data-element_type=\"container\" data-e-type=\"container\">\n\t\t\t\t\t<div class=\"e-con-inner\">\n\t\t\t\t<div class=\"elementor-element elementor-element-06ebf5d elementor-widget elementor-widget-text-editor\" data-id=\"06ebf5d\" data-element_type=\"widget\" data-e-type=\"widget\" data-widget_type=\"text-editor.default\">\n\t\t\t\t\t\t\t\t\t<p><span style=\"color: var( --e-global-color-text ); text-align: var(--text-align);\">Quienes consiguen regresar al cabo de los a\u00f1os para abrazar de nuevo a su mam\u00e1, a su pap\u00e1, a sus hijos, se dan cuenta de que el tiempo ha pasado m\u00e1s r\u00e1pido de lo previsto.&nbsp; Es un alto precio el de la remesa. Pero no qued\u00f3 otro camino ante la falta de empleo, ante la precariedad de la vida en la aldea, quiz\u00e1 ante la violencia y la necesidad que siempre apremia. A\u00fan as\u00ed, vuelven agradecidos, con ideas nuevas y grandes ideales para ayudar a que su pa\u00eds, ese mismo que los expuls\u00f3, sea mejor.<\/span><\/p>\n<p>Por eso el migrante guatemalteco, la migrante guatemalteca merece ser reconocido y dignificado. Es mucho m\u00e1s que un recibo de remesa. A cada campa\u00f1a llegan los pol\u00edticos a ofrecer m\u00e1s pasaportes, m\u00e1s consulados y mejores tr\u00e1mites. Pero los migrantes son m\u00e1s que eso: son ciudadanos que merecen tener plenos derechos, porque se lo ganan a pulso. Necesitan generar una mejor patria y lo hacen pagando el alto precio de la separaci\u00f3n forzosa. Necesitan construir un sue\u00f1o que no es americano sino guatemalteco, para poder volver un d\u00eda a recuperar algo de ese tiempo invertido entre rascacielos que no dejan ver el cielo del amanecer de su pueblo y autopistas que conducen a todas partes menos a su casa.&nbsp;<\/p>\n<p>El migrante trabaja, lucha, se esfuerza y progresa, pero su coraz\u00f3n sigue latiendo por su Guatemala y Guatemala debe reconocerlo, integrarlo y dignificarlo como hijo, como padre, como hermano. Para ellos escribimos y registramos historias de inspiraci\u00f3n que son testimonio de ese amor por la anhelada Tierra del Quetzal. Es un honor conocer y divulgar a los compatriotas y al mundo cada testimonio.<\/p>\t\t\t\t\t\t\t\t<\/div>\n\t\t\t\t\t<\/div>\n\t\t\t\t<\/div>\n\t\t<div data-particle_enable=\"false\" data-particle-mobile-disabled=\"false\" class=\"elementor-element elementor-element-5b1bdcc e-flex e-con-boxed e-con e-parent\" data-id=\"5b1bdcc\" data-element_type=\"container\" data-e-type=\"container\">\n\t\t\t\t\t<div class=\"e-con-inner\">\n\t\t\t\t<div class=\"elementor-element elementor-element-25bfeff elementor-widget elementor-widget-video\" data-id=\"25bfeff\" data-element_type=\"widget\" data-e-type=\"widget\" data-settings=\"{&quot;youtube_url&quot;:&quot;https:\\\/\\\/www.youtube.com\\\/watch?v=zTEARpOCRQ0&quot;,&quot;video_type&quot;:&quot;youtube&quot;,&quot;controls&quot;:&quot;yes&quot;}\" data-widget_type=\"video.default\">\n\t\t\t\t\t\t\t<div class=\"elementor-wrapper elementor-open-inline\">\n\t\t\t<div class=\"elementor-video\"><\/div>\t\t<\/div>\n\t\t\t\t\t\t<\/div>\n\t\t\t\t\t<\/div>\n\t\t\t\t<\/div>\n\t\t<div data-particle_enable=\"false\" data-particle-mobile-disabled=\"false\" class=\"elementor-element elementor-element-d6c5d0b e-flex e-con-boxed e-con e-parent\" data-id=\"d6c5d0b\" data-element_type=\"container\" data-e-type=\"container\">\n\t\t\t\t\t<div class=\"e-con-inner\">\n\t\t\t\t<div class=\"elementor-element elementor-element-21b0b9d elementor-widget elementor-widget-heading\" data-id=\"21b0b9d\" data-element_type=\"widget\" data-e-type=\"widget\" data-widget_type=\"heading.default\">\n\t\t\t\t\t<h2 class=\"elementor-heading-title elementor-size-default\">Testimonios inspiradores de guatemaltecos<\/h2>\t\t\t\t<\/div>\n\t\t\t\t\t<\/div>\n\t\t\t\t<\/div>\n\t\t<div data-particle_enable=\"false\" data-particle-mobile-disabled=\"false\" class=\"elementor-element elementor-element-71a9be7 e-flex e-con-boxed e-con e-parent\" data-id=\"71a9be7\" data-element_type=\"container\" data-e-type=\"container\">\n\t\t\t\t\t<div class=\"e-con-inner\">\n\t\t\t\t<div class=\"elementor-element elementor-element-b5ca3b5 elementor-grid-eael-col-3 elementor-grid-tablet-eael-col-2 elementor-grid-mobile-eael-col-1 elementor-widget elementor-widget-eael-post-grid\" data-id=\"b5ca3b5\" data-element_type=\"widget\" data-e-type=\"widget\" data-settings=\"{&quot;eael_post_grid_columns&quot;:&quot;eael-col-3&quot;,&quot;eael_post_grid_columns_tablet&quot;:&quot;eael-col-2&quot;,&quot;eael_post_grid_columns_mobile&quot;:&quot;eael-col-1&quot;}\" data-widget_type=\"eael-post-grid.default\">\n\t\t\t\t\t<div id=\"eael-post-grid-b5ca3b5\" class=\"eael-post-grid-container\">\n            <div class=\"eael-post-grid eael-post-appender eael-post-appender-b5ca3b5 eael-post-grid-style-one\" data-layout-mode=\"masonry\"><article class=\"eael-grid-post  eael-post-grid-column eael-pg-post-8258 category-exitos\" data-id=\"8258\">\n        <div class=\"eael-grid-post-holder\">\n            <div class=\"eael-grid-post-holder-inner\"><div class=\"eael-entry-media\"><div class=\"eael-entry-overlay fade-in\"><i class=\"far fa-hand-pointer\" aria-hidden=\"true\"><\/i><a href=\"https:\/\/soymigrante.com\/revista\/jose-coronado-dreamer-guatemalteco-y-graduado-de-harvard-apoya-tps-para-migrantes\/\"><\/a><\/div><div class=\"eael-entry-thumbnail \">\n                <img decoding=\"async\" width=\"608\" height=\"602\" src=\"https:\/\/soymigrante.com\/revista\/wp-content\/uploads\/2024\/08\/jose-gonzalo-coronado.webp\" class=\"attachment-large size-large wp-image-8259\" alt=\"Trabajador migrante en protesta en M\u00e9xico, derechos laborales, inmigrantes, movilizaci\u00f3n social, SoyMigrante.com REVISTA.\" srcset=\"https:\/\/soymigrante.com\/revista\/wp-content\/uploads\/2024\/08\/jose-gonzalo-coronado.webp 608w, https:\/\/soymigrante.com\/revista\/wp-content\/uploads\/2024\/08\/jose-gonzalo-coronado-300x297.webp 300w, https:\/\/soymigrante.com\/revista\/wp-content\/uploads\/2024\/08\/jose-gonzalo-coronado-150x150.webp 150w, https:\/\/soymigrante.com\/revista\/wp-content\/uploads\/2024\/08\/jose-gonzalo-coronado-75x75.webp 75w\" sizes=\"(max-width: 608px) 100vw, 608px\" \/>\n            <\/div>\n        <\/div><div class=\"eael-entry-wrapper\"><header class=\"eael-entry-header\"><h2 class=\"eael-entry-title\"><a class=\"eael-grid-post-link\" href=\"https:\/\/soymigrante.com\/revista\/jose-coronado-dreamer-guatemalteco-y-graduado-de-harvard-apoya-tps-para-migrantes\/\" title=\"Jos\u00e9 Coronado,  dreamer guatemalteco y graduado de Harvard, apoya TPS para compatriotas\">Jos\u00e9 Coronado,  dreamer guatemalteco y graduado de Harvard, apoya TPS para compatriotas<\/a><\/h2><\/header><div class=\"eael-entry-content\">\n                        <div class=\"eael-grid-post-excerpt\"><a href=\"https:\/\/soymigrante.com\/revista\/jose-coronado-dreamer-guatemalteco-y-graduado-de-harvard-apoya-tps-para-migrantes\/\" class=\"eael-post-elements-readmore-btn\">CONOCE SU HISTORIA <\/a><\/div>\n                    <\/div><\/div><\/div>\n        <\/div>\n    <\/article><article class=\"eael-grid-post  eael-post-grid-column eael-pg-post-6150 category-exitos\" data-id=\"6150\">\n        <div class=\"eael-grid-post-holder\">\n            <div class=\"eael-grid-post-holder-inner\"><div class=\"eael-entry-media\"><div class=\"eael-entry-overlay fade-in\"><i class=\"far fa-hand-pointer\" aria-hidden=\"true\"><\/i><a href=\"https:\/\/soymigrante.com\/revista\/historia-de-migrante-arminda-housecleaning-exito-california\/\"><\/a><\/div><div class=\"eael-entry-thumbnail \">\n                <img loading=\"lazy\" decoding=\"async\" width=\"1024\" height=\"790\" src=\"https:\/\/soymigrante.com\/revista\/wp-content\/uploads\/2024\/04\/Captura-de-pantalla-2024-04-25-111631-1024x790.webp\" class=\"attachment-large size-large wp-image-6167\" alt=\"Persona migrante entrando a su vivienda en un d\u00eda soleado en Estados Unidos, mostrando la experiencia de migrantes en el hogar y la integraci\u00f3n en nuevas comunidades.\" srcset=\"https:\/\/soymigrante.com\/revista\/wp-content\/uploads\/2024\/04\/Captura-de-pantalla-2024-04-25-111631-1024x790.webp 1024w, https:\/\/soymigrante.com\/revista\/wp-content\/uploads\/2024\/04\/Captura-de-pantalla-2024-04-25-111631-300x231.webp 300w, https:\/\/soymigrante.com\/revista\/wp-content\/uploads\/2024\/04\/Captura-de-pantalla-2024-04-25-111631-768x592.webp 768w, https:\/\/soymigrante.com\/revista\/wp-content\/uploads\/2024\/04\/Captura-de-pantalla-2024-04-25-111631-750x578.webp 750w, https:\/\/soymigrante.com\/revista\/wp-content\/uploads\/2024\/04\/Captura-de-pantalla-2024-04-25-111631.webp 1027w\" sizes=\"(max-width: 1024px) 100vw, 1024px\" \/>\n            <\/div>\n        <\/div><div class=\"eael-entry-wrapper\"><header class=\"eael-entry-header\"><h2 class=\"eael-entry-title\"><a class=\"eael-grid-post-link\" href=\"https:\/\/soymigrante.com\/revista\/historia-de-migrante-arminda-housecleaning-exito-california\/\" title=\"Excelencia y honradez: la estrategia  de Arminda&#8217;s Housecleaning en California\">Excelencia y honradez: la estrategia  de Arminda&#8217;s Housecleaning en California<\/a><\/h2><\/header><div class=\"eael-entry-content\">\n                        <div class=\"eael-grid-post-excerpt\"><a href=\"https:\/\/soymigrante.com\/revista\/historia-de-migrante-arminda-housecleaning-exito-california\/\" class=\"eael-post-elements-readmore-btn\">CONOCE SU HISTORIA <\/a><\/div>\n                    <\/div><\/div><\/div>\n        <\/div>\n    <\/article><article class=\"eael-grid-post  eael-post-grid-column eael-pg-post-763 category-exitos-guatemala tags-california\" data-id=\"763\">\n        <div class=\"eael-grid-post-holder\">\n            <div class=\"eael-grid-post-holder-inner\"><div class=\"eael-entry-media\"><div class=\"eael-entry-overlay fade-in\"><i class=\"far fa-hand-pointer\" aria-hidden=\"true\"><\/i><a href=\"https:\/\/soymigrante.com\/revista\/biologo-lustra-el-mayor-tesoro-de-guatemala\/\"><\/a><\/div><div class=\"eael-entry-thumbnail \">\n                <img loading=\"lazy\" decoding=\"async\" width=\"1024\" height=\"769\" src=\"https:\/\/soymigrante.com\/revista\/wp-content\/uploads\/2023\/03\/SOY-MIGRANTE-RENE-CORADO-BIOLOGO-4-1024x769.jpg\" class=\"attachment-large size-large wp-image-809\" alt=\"Ren\u00e9 Corado, migrante y biologo director del museo de aves de Oxnard, California\" srcset=\"https:\/\/soymigrante.com\/revista\/wp-content\/uploads\/2023\/03\/SOY-MIGRANTE-RENE-CORADO-BIOLOGO-4-1024x769.jpg 1024w, https:\/\/soymigrante.com\/revista\/wp-content\/uploads\/2023\/03\/SOY-MIGRANTE-RENE-CORADO-BIOLOGO-4-300x225.webp 300w, https:\/\/soymigrante.com\/revista\/wp-content\/uploads\/2023\/03\/SOY-MIGRANTE-RENE-CORADO-BIOLOGO-4-768x577.jpg 768w, https:\/\/soymigrante.com\/revista\/wp-content\/uploads\/2023\/03\/SOY-MIGRANTE-RENE-CORADO-BIOLOGO-4-1536x1154.jpg 1536w, https:\/\/soymigrante.com\/revista\/wp-content\/uploads\/2023\/03\/SOY-MIGRANTE-RENE-CORADO-BIOLOGO-4-2048x1539.jpg 2048w, https:\/\/soymigrante.com\/revista\/wp-content\/uploads\/2023\/03\/SOY-MIGRANTE-RENE-CORADO-BIOLOGO-4-750x563.webp 750w, https:\/\/soymigrante.com\/revista\/wp-content\/uploads\/2023\/03\/SOY-MIGRANTE-RENE-CORADO-BIOLOGO-4-1140x856.jpg 1140w, https:\/\/soymigrante.com\/revista\/wp-content\/uploads\/2023\/03\/SOY-MIGRANTE-RENE-CORADO-BIOLOGO-4-scaled.webp 1920w\" sizes=\"(max-width: 1024px) 100vw, 1024px\" \/>\n            <\/div>\n        <\/div><div class=\"eael-entry-wrapper\"><header class=\"eael-entry-header\"><h2 class=\"eael-entry-title\"><a class=\"eael-grid-post-link\" href=\"https:\/\/soymigrante.com\/revista\/biologo-lustra-el-mayor-tesoro-de-guatemala\/\" title=\"Bi\u00f3logo migrante Ren\u00e9 Corado lustra el mayor tesoro de Guatemala\">Bi\u00f3logo migrante Ren\u00e9 Corado lustra el mayor tesoro de Guatemala<\/a><\/h2><\/header><div class=\"eael-entry-content\">\n                        <div class=\"eael-grid-post-excerpt\"><a href=\"https:\/\/soymigrante.com\/revista\/biologo-lustra-el-mayor-tesoro-de-guatemala\/\" class=\"eael-post-elements-readmore-btn\">CONOCE SU HISTORIA <\/a><\/div>\n                    <\/div><\/div><\/div>\n        <\/div>\n    <\/article><\/div>\n            <div class=\"clearfix\"><\/div>\n        <\/div>\t\t\t\t<\/div>\n\t\t\t\t\t<\/div>\n\t\t\t\t<\/div>\n\t\t\t\t<\/div>\n\t\t","protected":false},"excerpt":{"rendered":"<p>En el D\u00eda Internacional del Migrante reconocemos el aporte, el esfuerzo y tambi\u00e9n el profundo amor que impulsa a diario a los guatemaltecos que est\u00e1n fuera de Guatemala pero que llevan a su pa\u00eds y a sus seres amados en el coraz\u00f3n. Un d\u00eda antes antes del D\u00eda Internacional del Migrante, una guatemalteca laboriosa, Arminda [&hellip;]<\/p>\n","protected":false},"author":1,"featured_media":17071,"comment_status":"open","ping_status":"open","sticky":false,"template":"","format":"standard","meta":{"_acf_changed":false,"_eb_attr":"","footnotes":""},"categories":[126],"tags":[],"class_list":["post-17069","post","type-post","status-publish","format-standard","has-post-thumbnail","hentry","category-editorial"],"acf":[],"aioseo_notices":[],"aioseo_head":"\n\t\t<!-- All in One SEO Pro 4.9.6.2 - aioseo.com -->\n\t<meta name=\"description\" content=\"El bi\u00f3logo, escritor y migrante Ren\u00e9 Corado dirige el museo de aves de Camarillo, California; su ni\u00f1ez en Guatemala fue dif\u00edcil y por eso impulsa la educaci\u00f3n en su pa\u00eds. La vida del migrante guatemalteco Ren\u00e9 Corado est\u00e1 hecha de imposibles convertidos en posibilidad. \u00bfC\u00f3mo un ni\u00f1o lustrador llega a ser director de uno de\" \/>\n\t<meta name=\"robots\" content=\"max-snippet:-1, max-image-preview:large, max-video-preview:-1\" \/>\n\t<meta name=\"author\" content=\"SoyMigrante.com REVISTA\"\/>\n\t<link rel=\"canonical\" href=\"https:\/\/soymigrante.com\/revista\/corazon-migrante-vuela-alto-trabaja-duro-y-suena-una-patria-mejor\/\" \/>\n\t<meta name=\"generator\" content=\"All in One SEO Pro (AIOSEO) 4.9.6.2\" \/>\n\n\t\t<link rel=\"preconnect\" href=\"https:\/\/fonts.googleapis.com\" crossorigin>\n<link rel=\"preconnect\" href=\"https:\/\/fonts.gstatic.com\" crossorigin>\n\t\t<meta property=\"og:locale\" content=\"es_ES\" \/>\n\t\t<meta property=\"og:site_name\" content=\"SoyMigrante.com REVISTA \u2013 Nuestra misi\u00f3n es reconocer y dignificar al migrante.\" \/>\n\t\t<meta property=\"og:type\" content=\"article\" \/>\n\t\t<meta property=\"og:title\" content=\"Coraz\u00f3n migrante ama, trabaja y sue\u00f1a por una patria mejor\" \/>\n\t\t<meta property=\"og:description\" content=\"En este D\u00eda Internacional del Migrante es justo justipreciar el esfuerzo diario de los guatemaltecos que viven fuera de Guatemala pero que la llevan en el alma.\" \/>\n\t\t<meta property=\"og:url\" content=\"https:\/\/soymigrante.com\/revista\/corazon-migrante-vuela-alto-trabaja-duro-y-suena-una-patria-mejor\/\" \/>\n\t\t<meta property=\"og:image\" content=\"https:\/\/soymigrante.com\/revista\/wp-content\/uploads\/2024\/12\/dia-del-migrante-2.webp\" \/>\n\t\t<meta property=\"og:image:secure_url\" content=\"https:\/\/soymigrante.com\/revista\/wp-content\/uploads\/2024\/12\/dia-del-migrante-2.webp\" \/>\n\t\t<meta property=\"og:image:width\" content=\"810\" \/>\n\t\t<meta property=\"og:image:height\" content=\"810\" \/>\n\t\t<meta property=\"article:published_time\" content=\"2024-12-18T13:00:00+00:00\" \/>\n\t\t<meta property=\"article:modified_time\" content=\"2024-12-22T00:26:33+00:00\" \/>\n\t\t<meta property=\"article:publisher\" content=\"https:\/\/www.facebook.com\/soymigrantecom\" \/>\n\t\t<meta name=\"twitter:card\" content=\"summary_large_image\" \/>\n\t\t<meta name=\"twitter:site\" content=\"@SoyMigrante_com\" \/>\n\t\t<meta name=\"twitter:title\" content=\"Coraz\u00f3n migrante ama, trabaja y sue\u00f1a por una patria mejor\" \/>\n\t\t<meta name=\"twitter:description\" content=\"En este D\u00eda Internacional del Migrante es justo justipreciar el esfuerzo diario de los guatemaltecos que viven fuera de Guatemala pero que la llevan en el alma.\" \/>\n\t\t<meta name=\"twitter:creator\" content=\"@SoyMigrante_com\" \/>\n\t\t<meta name=\"twitter:image\" content=\"https:\/\/soymigrante.com\/revista\/wp-content\/uploads\/2024\/12\/dia-del-migrante-2.webp\" \/>\n\t\t<!-- All in One SEO Pro -->\r\n\t\t<title>Coraz\u00f3n migrante ama, trabaja y sue\u00f1a por una patria mejor<\/title>\n\n","aioseo_head_json":{"title":"Coraz\u00f3n migrante ama, trabaja y sue\u00f1a por una patria mejor","description":"En este D\u00eda Internacional del Migrante es justo justipreciar el esfuerzo diario de los guatemaltecos que viven fuera de Guatemala pero que la llevan en el alma.","canonical_url":"https:\/\/soymigrante.com\/revista\/corazon-migrante-vuela-alto-trabaja-duro-y-suena-una-patria-mejor\/","robots":"max-snippet:-1, max-image-preview:large, max-video-preview:-1","keywords":"","webmasterTools":{"miscellaneous":"&lt;link rel=\"preconnect\" href=\"https:\/\/fonts.googleapis.com\" crossorigin&gt;\n&lt;link rel=\"preconnect\" href=\"https:\/\/fonts.gstatic.com\" crossorigin&gt;"},"schema":null,"og:locale":"es_ES","og:site_name":"SoyMigrante.com REVISTA \u2013 Nuestra misi\u00f3n es reconocer y dignificar al migrante.","og:type":"article","og:title":"Coraz\u00f3n migrante ama, trabaja y sue\u00f1a por una patria mejor","og:description":"En este D\u00eda Internacional del Migrante es justo justipreciar el esfuerzo diario de los guatemaltecos que viven fuera de Guatemala pero que la llevan en el alma.","og:url":"https:\/\/soymigrante.com\/revista\/corazon-migrante-vuela-alto-trabaja-duro-y-suena-una-patria-mejor\/","og:image":"https:\/\/soymigrante.com\/revista\/wp-content\/uploads\/2024\/12\/dia-del-migrante-2.webp","og:image:secure_url":"https:\/\/soymigrante.com\/revista\/wp-content\/uploads\/2024\/12\/dia-del-migrante-2.webp","og:image:width":810,"og:image:height":810,"article:published_time":"2024-12-18T13:00:00+00:00","article:modified_time":"2024-12-22T00:26:33+00:00","article:publisher":"https:\/\/www.facebook.com\/soymigrantecom","twitter:card":"summary_large_image","twitter:site":"@SoyMigrante_com","twitter:title":"Coraz\u00f3n migrante ama, trabaja y sue\u00f1a por una patria mejor","twitter:description":"En este D\u00eda Internacional del Migrante es justo justipreciar el esfuerzo diario de los guatemaltecos que viven fuera de Guatemala pero que la llevan en el alma.","twitter:creator":"@SoyMigrante_com","twitter:image":"https:\/\/soymigrante.com\/revista\/wp-content\/uploads\/2024\/12\/dia-del-migrante-2.webp"},"aioseo_meta_data":{"post_id":"17069","title":"Coraz\u00f3n migrante ama, trabaja y sue\u00f1a por una patria mejor","description":"En este D\u00eda Internacional del Migrante es justo justipreciar el esfuerzo diario de los guatemaltecos que viven fuera de Guatemala pero que la llevan en el alma.","keywords":null,"keyphrases":{"focus":{"keyphrase":"D\u00eda Internacional del Migrante","score":50,"analysis":{"keyphraseInTitle":{"score":3,"maxScore":9,"error":1},"keyphraseInDescription":{"score":9,"maxScore":9,"error":0},"keyphraseLength":{"score":6,"maxScore":9,"error":1,"length":5},"keyphraseInURL":{"score":1,"maxScore":5,"error":1},"keyphraseInIntroduction":{"score":9,"maxScore":9,"error":0},"keyphraseInSubHeadings":{"score":3,"maxScore":9,"error":1},"keyphraseInImageAlt":{"score":3,"maxScore":9,"error":1},"keywordDensity":{"score":0,"type":"low","maxScore":9,"error":1}}},"additional":[{"keyphrase":"Migrante","score":100,"analysis":{"keyphraseInDescription":{"score":9,"maxScore":9,"error":0},"keyphraseLength":{"score":9,"maxScore":9,"error":0,"length":1},"keyphraseInIntroduction":{"score":9,"maxScore":9,"error":0},"keyphraseInImageAlt":{"score":9,"maxScore":9,"error":0},"keywordDensity":{"type":"best","score":9,"maxScore":9,"error":0}}},{"keyphrase":"Guatemaltecos","score":87,"analysis":{"keyphraseInDescription":{"score":9,"maxScore":9,"error":0},"keyphraseLength":{"score":9,"maxScore":9,"error":0,"length":1},"keyphraseInIntroduction":{"score":3,"maxScore":9,"error":1},"keyphraseInImageAlt":{"score":9,"maxScore":9,"error":0},"keywordDensity":{"type":"best","score":9,"maxScore":9,"error":0}}}]},"primary_term":null,"canonical_url":null,"og_title":null,"og_description":null,"og_object_type":"default","og_image_type":"default","og_image_url":null,"og_image_width":null,"og_image_height":null,"og_image_custom_url":null,"og_image_custom_fields":null,"og_video":"","og_custom_url":null,"og_article_section":null,"og_article_tags":null,"twitter_use_og":false,"twitter_card":"default","twitter_image_type":"default","twitter_image_url":null,"twitter_image_custom_url":null,"twitter_image_custom_fields":null,"twitter_title":null,"twitter_description":null,"schema":{"blockGraphs":[],"customGraphs":[],"default":{"data":{"Article":[],"Course":[],"Dataset":[],"FAQPage":[],"Movie":[],"Person":[],"Product":[],"ProductReview":[],"Car":[],"Recipe":[],"Service":[],"SoftwareApplication":[],"WebPage":[]},"graphName":"Article","isEnabled":true},"graphs":[]},"schema_type":"default","schema_type_options":null,"pillar_content":false,"robots_default":true,"robots_noindex":false,"robots_noarchive":false,"robots_nosnippet":false,"robots_nofollow":false,"robots_noimageindex":false,"robots_noodp":false,"robots_notranslate":false,"robots_max_snippet":"-1","robots_max_videopreview":"-1","robots_max_imagepreview":"large","priority":null,"frequency":"default","local_seo":null,"seo_analyzer_scan_date":"2025-10-09 01:07:53","breadcrumb_settings":null,"limit_modified_date":false,"reviewed_by":null,"open_ai":"{\"title\":{\"suggestions\":[],\"usage\":0},\"description\":{\"suggestions\":[],\"usage\":0}}","ai":null,"created":"2024-12-18 04:53:37","updated":"2026-02-04 18:30:06"},"aioseo_breadcrumb":"<div class=\"aioseo-breadcrumbs\"><span class=\"aioseo-breadcrumb\">\n\t<a href=\"https:\/\/soymigrante.com\/revista\" title=\"Home\">Home<\/a>\n<\/span><span class=\"aioseo-breadcrumb-separator\">\u00bb<\/span><span class=\"aioseo-breadcrumb\">\n\t<a href=\"https:\/\/soymigrante.com\/revista\/category\/estamos-unidos\/\" title=\"Estamos Unidos\">Estamos Unidos<\/a>\n<\/span><span class=\"aioseo-breadcrumb-separator\">\u00bb<\/span><span class=\"aioseo-breadcrumb\">\n\t<a href=\"https:\/\/soymigrante.com\/revista\/category\/estamos-unidos\/editorial\/\" title=\"Editorial\">Editorial<\/a>\n<\/span><span class=\"aioseo-breadcrumb-separator\">\u00bb<\/span><span class=\"aioseo-breadcrumb\">\n\tCoraz\u00f3n migrante vuela alto, trabaja duro y sue\u00f1a una patria mejor\n<\/span><\/div>","aioseo_breadcrumb_json":[{"label":"Home","link":"https:\/\/soymigrante.com\/revista"},{"label":"Estamos Unidos","link":"https:\/\/soymigrante.com\/revista\/category\/estamos-unidos\/"},{"label":"Editorial","link":"https:\/\/soymigrante.com\/revista\/category\/estamos-unidos\/editorial\/"},{"label":"Coraz\u00f3n migrante vuela alto, trabaja duro y sue\u00f1a una patria mejor","link":"https:\/\/soymigrante.com\/revista\/corazon-migrante-vuela-alto-trabaja-duro-y-suena-una-patria-mejor\/"}],"_links":{"self":[{"href":"https:\/\/soymigrante.com\/revista\/wp-json\/wp\/v2\/posts\/17069","targetHints":{"allow":["GET"]}}],"collection":[{"href":"https:\/\/soymigrante.com\/revista\/wp-json\/wp\/v2\/posts"}],"about":[{"href":"https:\/\/soymigrante.com\/revista\/wp-json\/wp\/v2\/types\/post"}],"author":[{"embeddable":true,"href":"https:\/\/soymigrante.com\/revista\/wp-json\/wp\/v2\/users\/1"}],"replies":[{"embeddable":true,"href":"https:\/\/soymigrante.com\/revista\/wp-json\/wp\/v2\/comments?post=17069"}],"version-history":[{"count":0,"href":"https:\/\/soymigrante.com\/revista\/wp-json\/wp\/v2\/posts\/17069\/revisions"}],"wp:featuredmedia":[{"embeddable":true,"href":"https:\/\/soymigrante.com\/revista\/wp-json\/wp\/v2\/media\/17071"}],"wp:attachment":[{"href":"https:\/\/soymigrante.com\/revista\/wp-json\/wp\/v2\/media?parent=17069"}],"wp:term":[{"taxonomy":"category","embeddable":true,"href":"https:\/\/soymigrante.com\/revista\/wp-json\/wp\/v2\/categories?post=17069"},{"taxonomy":"post_tag","embeddable":true,"href":"https:\/\/soymigrante.com\/revista\/wp-json\/wp\/v2\/tags?post=17069"}],"curies":[{"name":"wp","href":"https:\/\/api.w.org\/{rel}","templated":true}]}}