{"id":17022,"date":"2024-12-17T17:23:37","date_gmt":"2024-12-17T23:23:37","guid":{"rendered":"https:\/\/soymigrante.com\/revista\/?p=17022"},"modified":"2025-04-15T09:59:24","modified_gmt":"2025-04-15T15:59:24","slug":"significado-personajes-nacimiento-gigante-de-esquipulas","status":"publish","type":"post","link":"https:\/\/soymigrante.com\/revista\/significado-personajes-nacimiento-gigante-de-esquipulas\/","title":{"rendered":"Significado de los personajes de la Natividad, en Nacimiento Gigante de Esquipulas"},"content":{"rendered":"\t\t<div data-elementor-type=\"wp-post\" data-elementor-id=\"17022\" class=\"elementor elementor-17022\" data-elementor-post-type=\"post\">\n\t\t\t\t<div data-particle_enable=\"false\" data-particle-mobile-disabled=\"false\" class=\"elementor-element elementor-element-22fc40b e-flex e-con-boxed e-con e-parent\" data-id=\"22fc40b\" data-element_type=\"container\" data-e-type=\"container\">\n\t\t\t\t\t<div class=\"e-con-inner\">\n\t\t\t\t<div class=\"elementor-element elementor-element-5d97278 elementor-widget elementor-widget-heading\" data-id=\"5d97278\" data-element_type=\"widget\" data-e-type=\"widget\" data-widget_type=\"heading.default\">\n\t\t\t\t\t<h2 class=\"elementor-heading-title elementor-size-default\">El nacimiento guatemalteco es una tradici\u00f3n que se arraig\u00f3 con la llegada del Santo Hermano Pedro en el siglo XVII. Cada figura tiene un significado espiritual y el Bel\u00e9n gigante instalado en el atrio de la Bas\u00edlica del Santo Cristo de ESquipulas as\u00ed lo demuestra. Te explicamos el simbolismo y mensaje.<\/h2>\t\t\t\t<\/div>\n\t\t\t\t\t<\/div>\n\t\t\t\t<\/div>\n\t\t<div data-particle_enable=\"false\" data-particle-mobile-disabled=\"false\" class=\"elementor-element elementor-element-6c87398 e-flex e-con-boxed e-con e-parent\" data-id=\"6c87398\" data-element_type=\"container\" data-e-type=\"container\">\n\t\t\t\t\t<div class=\"e-con-inner\">\n\t\t\t\t<div class=\"elementor-element elementor-element-627591f elementor-widget elementor-widget-text-editor\" data-id=\"627591f\" data-element_type=\"widget\" data-e-type=\"widget\" data-widget_type=\"text-editor.default\">\n\t\t\t\t\t\t\t\t\t<p>Cada personaje, cada figura presente en el Nacimiento guatemalteco tiene un significado espiritual: es un s\u00edmbolo de virtudes, actitudes y dones que brillan en\u00a0 cada Navidad, cuando el Hijo de Dios nace en un humilde establo de Bel\u00e9n, representado de muchas formas, en millones de hogares, pero tambi\u00e9n en centenares de templos en todo el mundo y en Guatemala.<\/p><p>Este a\u00f1o, la Bas\u00edlica del Santo Cristo de Esquipulas estrena un nacimiento gigante, con figuras de tama\u00f1o natural, que deja asombrados a los miles de fieles que visitan este lugar santo. Las figuras fueron elaboradas en Antigua Guatemala por un artista local que se esmer\u00f3 en plasmar con realismo, sentimiento y criterio est\u00e9tico a cada una: desde el Misterio de San Jos\u00e9 y la Virgen Mar\u00eda, hasta la Oveja.<\/p><p>-\u00a1Mira qu\u00e9 gran mula! se oye decir a un feligr\u00e9s que observa el nacimient\u00f3n gigante. La gente alrededor sonr\u00ede. Y es que una escena de este tama\u00f1o, en verdad invita a visualizar c\u00f3mo pudo haber sido aquella primera Navidad, pero tambi\u00e9n a preguntarse \u00bfqu\u00e9 nos dice hoy esta conmemoraci\u00f3n que ya se acerca?<\/p><p>Por ello a continuaci\u00f3n una breve descripci\u00f3n del simbolismo de cada personaje y figura, como un mensaje de esperanza y alegr\u00eda.<\/p>\t\t\t\t\t\t\t\t<\/div>\n\t\t\t\t\t<\/div>\n\t\t\t\t<\/div>\n\t\t<div data-particle_enable=\"false\" data-particle-mobile-disabled=\"false\" class=\"elementor-element elementor-element-f12fb35 e-flex e-con-boxed e-con e-parent\" data-id=\"f12fb35\" data-element_type=\"container\" data-e-type=\"container\">\n\t\t\t\t\t<div class=\"e-con-inner\">\n\t\t\t\t<div class=\"elementor-element elementor-element-f099fd6 elementor-invisible elementor-widget elementor-widget-video\" data-id=\"f099fd6\" data-element_type=\"widget\" data-e-type=\"widget\" data-settings=\"{&quot;youtube_url&quot;:&quot;https:\\\/\\\/www.youtube.com\\\/watch?v=Q8j2PSqEXes&quot;,&quot;_animation&quot;:&quot;fadeInLeft&quot;,&quot;video_type&quot;:&quot;youtube&quot;,&quot;controls&quot;:&quot;yes&quot;}\" data-widget_type=\"video.default\">\n\t\t\t\t\t\t\t<div class=\"elementor-wrapper elementor-open-inline\">\n\t\t\t<div class=\"elementor-video\"><\/div>\t\t<\/div>\n\t\t\t\t\t\t<\/div>\n\t\t\t\t\t<\/div>\n\t\t\t\t<\/div>\n\t\t<div data-particle_enable=\"false\" data-particle-mobile-disabled=\"false\" class=\"elementor-element elementor-element-9c8e77f e-flex e-con-boxed e-con e-parent\" data-id=\"9c8e77f\" data-element_type=\"container\" data-e-type=\"container\">\n\t\t\t\t\t<div class=\"e-con-inner\">\n\t\t\t\t<div class=\"elementor-element elementor-element-c0ebc38 elementor-widget elementor-widget-heading\" data-id=\"c0ebc38\" data-element_type=\"widget\" data-e-type=\"widget\" data-widget_type=\"heading.default\">\n\t\t\t\t\t<h2 class=\"elementor-heading-title elementor-size-default\">El ni\u00f1o Jes\u00fas <\/h2>\t\t\t\t<\/div>\n\t\t\t\t\t<\/div>\n\t\t\t\t<\/div>\n\t\t<div data-particle_enable=\"false\" data-particle-mobile-disabled=\"false\" class=\"elementor-element elementor-element-b15eca4 e-flex e-con-boxed e-con e-parent\" data-id=\"b15eca4\" data-element_type=\"container\" data-e-type=\"container\">\n\t\t\t\t\t<div class=\"e-con-inner\">\n\t\t\t\t<div class=\"elementor-element elementor-element-7e27c32 elementor-widget elementor-widget-text-editor\" data-id=\"7e27c32\" data-element_type=\"widget\" data-e-type=\"widget\" data-widget_type=\"text-editor.default\">\n\t\t\t\t\t\t\t\t\t<p>Se coloca hasta la medianoche del 24 de diciembre, es decir las cero horas del 25 de diciembre: el momento en que comienza el nuevo d\u00eda en el cual el sol que baja de lo alto nace para iluminar al mundo como donaci\u00f3n de Dios Padre a todos los seres humanos: entrega a su propio Hijo, que asume toda la condici\u00f3n humana, menos el pecado. &#8220;La virgen lo envolvi\u00f3 en pa\u00f1ales y lo acost\u00f3 en un pesebre&#8221;, dice la escritura.\u00a0<\/p><p>Es un rey que nace en en un lugar pobre, entre animales, porque no hab\u00eda albergue para \u00e9l en ning\u00fan lugar. As\u00ed hoy, en esta Navidad hay muchas personas que no tienen lo suficiente para comer, que pasan precariedades de vivienda o son migrantes sin donde pasar la noche. La invitaci\u00f3n es a ver en ellos al Ni\u00f1o de Bel\u00e9n.<\/p>\t\t\t\t\t\t\t\t<\/div>\n\t\t\t\t\t<\/div>\n\t\t\t\t<\/div>\n\t\t<div data-particle_enable=\"false\" data-particle-mobile-disabled=\"false\" class=\"elementor-element elementor-element-b2f2c98 e-flex e-con-boxed e-con e-parent\" data-id=\"b2f2c98\" data-element_type=\"container\" data-e-type=\"container\">\n\t\t\t\t\t<div class=\"e-con-inner\">\n\t\t\t\t<div class=\"elementor-element elementor-element-e6a0509 elementor-invisible elementor-widget elementor-widget-image\" data-id=\"e6a0509\" data-element_type=\"widget\" data-e-type=\"widget\" data-settings=\"{&quot;_animation&quot;:&quot;bounceInRight&quot;}\" data-widget_type=\"image.default\">\n\t\t\t\t\t\t\t\t\t\t\t\t<figure class=\"wp-caption\">\n\t\t\t\t\t\t\t\t\t\t<img fetchpriority=\"high\" decoding=\"async\" width=\"768\" height=\"560\" src=\"https:\/\/soymigrante.com\/revista\/wp-content\/uploads\/2024\/12\/san-jose-y-la-virgen-1024x746.jpg\" class=\"attachment-large size-large wp-image-17049\" alt=\"Esculturas de nacimiento navide\u00f1o con figuras de Mar\u00eda, Jos\u00e9, animales y decoraciones tradicionales para celebrar la temporada navide\u00f1a.\" srcset=\"https:\/\/soymigrante.com\/revista\/wp-content\/uploads\/2024\/12\/san-jose-y-la-virgen-1024x746.jpg 1024w, https:\/\/soymigrante.com\/revista\/wp-content\/uploads\/2024\/12\/san-jose-y-la-virgen-300x218.jpg 300w, https:\/\/soymigrante.com\/revista\/wp-content\/uploads\/2024\/12\/san-jose-y-la-virgen-768x559.jpg 768w, https:\/\/soymigrante.com\/revista\/wp-content\/uploads\/2024\/12\/san-jose-y-la-virgen-750x546.webp 750w, https:\/\/soymigrante.com\/revista\/wp-content\/uploads\/2024\/12\/san-jose-y-la-virgen.webp 1074w\" sizes=\"(max-width: 768px) 100vw, 768px\" title=\"san jos\u00e9 y la virgen \u2013 SoyMigrante.com REVISTA\" \/>\t\t\t\t\t\t\t\t\t\t\t<figcaption class=\"widget-image-caption wp-caption-text\">Esculturas de nacimientos navide\u00f1os; figuras de Mar\u00eda, Jos\u00e9 y animales en decoraci\u00f3n navide\u00f1a tradicional; arte y cultura para celebrar la Navidad.<\/figcaption>\n\t\t\t\t\t\t\t\t\t\t<\/figure>\n\t\t\t\t\t\t\t\t\t<\/div>\n\t\t\t\t\t<\/div>\n\t\t\t\t<\/div>\n\t\t<div data-particle_enable=\"false\" data-particle-mobile-disabled=\"false\" class=\"elementor-element elementor-element-4f95b58 e-flex e-con-boxed e-con e-parent\" data-id=\"4f95b58\" data-element_type=\"container\" data-e-type=\"container\">\n\t\t\t\t\t<div class=\"e-con-inner\">\n\t\t\t\t<div class=\"elementor-element elementor-element-fc3e7b3 elementor-widget elementor-widget-heading\" data-id=\"fc3e7b3\" data-element_type=\"widget\" data-e-type=\"widget\" data-widget_type=\"heading.default\">\n\t\t\t\t\t<h2 class=\"elementor-heading-title elementor-size-default\">La Virgen Mar\u00eda y San Jos\u00e9<\/h2>\t\t\t\t<\/div>\n\t\t\t\t\t<\/div>\n\t\t\t\t<\/div>\n\t\t<div data-particle_enable=\"false\" data-particle-mobile-disabled=\"false\" class=\"elementor-element elementor-element-b0abf00 e-flex e-con-boxed e-con e-parent\" data-id=\"b0abf00\" data-element_type=\"container\" data-e-type=\"container\">\n\t\t\t\t\t<div class=\"e-con-inner\">\n\t\t\t\t<div class=\"elementor-element elementor-element-4778847 elementor-widget elementor-widget-text-editor\" data-id=\"4778847\" data-element_type=\"widget\" data-e-type=\"widget\" data-widget_type=\"text-editor.default\">\n\t\t\t\t\t\t\t\t\t<p>Jos\u00e9 era un joven carpintero de Nazareth, originario de Bel\u00e9n, la aldea del rey David. Se desposa con Mar\u00eda, hija de Joaqu\u00edn y Ana. Mar\u00eda recibi\u00f3 nueve meses antes la visita del Angel Gabriel, quien le anunci\u00f3: &#8220;No temas, Mar\u00eda, porque Dios te ha favorecido. Concebir\u00e1s y dar\u00e1s a luz un hijo y le pondr\u00e1s por nombre Jes\u00fas. \u00c9l ser\u00e1 grande y ser\u00e1 llamado Hijo del Alt\u00edsimo&#8221;.\u00a0<\/p><p>Mar\u00eda fue librada del Pecado Original en su aoncepci\u00f3n por gracia especial de Dios, para poder recibir en su seno al Salvador, por obra del Esp\u00edritu Santo. Al ver que estaba embarazada, Jos\u00e9 pens\u00f3 huir,\u00a0 para que lo culparan a \u00e9l. Seg\u00fan la tradici\u00f3n jud\u00eda,\u00a0 ella deb\u00eda ser apedreada hasta morir. Pero en sue\u00f1os un \u00c1ngel le dijo que el ni\u00f1o que ella estaba esperando es el Hijo de Dios.\u00a0<\/p><p>Jos\u00e9 acept\u00f3 y fue esposo casto de Mar\u00eda, padre adoptivo de Jes\u00fas.\u00a0 Ambos fueron a Bel\u00e9n para empadronarse, siguiendo \u00f3rdenes del emperador romano. Sin embargo, ya estaba profetizado que Bel\u00e9n (que significa Casa del Pan) ser\u00eda el lugar de nacimiento del Mes\u00edas. Al llegar, todos los alojamientos estaban llenos y por ello Mar\u00eda dio a luz en un establo, con el cobijo de dos animales de campo.<\/p>\t\t\t\t\t\t\t\t<\/div>\n\t\t\t\t\t<\/div>\n\t\t\t\t<\/div>\n\t\t<div data-particle_enable=\"false\" data-particle-mobile-disabled=\"false\" class=\"elementor-element elementor-element-0162a0b e-flex e-con-boxed e-con e-parent\" data-id=\"0162a0b\" data-element_type=\"container\" data-e-type=\"container\">\n\t\t\t\t\t<div class=\"e-con-inner\">\n\t\t\t\t<div class=\"elementor-element elementor-element-7b393c4 elementor-widget elementor-widget-image\" data-id=\"7b393c4\" data-element_type=\"widget\" data-e-type=\"widget\" data-widget_type=\"image.default\">\n\t\t\t\t\t\t\t\t\t\t\t\t<figure class=\"wp-caption\">\n\t\t\t\t\t\t\t\t\t\t<img decoding=\"async\" width=\"555\" height=\"1024\" src=\"https:\/\/soymigrante.com\/revista\/wp-content\/uploads\/2024\/12\/PASTOR-HUGO-DAVID-555x1024.jpg\" class=\"attachment-large size-large wp-image-17031\" alt=\"Pareja de figuras religiosas representando a Jes\u00fas y un cordero, decoradas en un nativity scene navide\u00f1o, con detalles de vegetaci\u00f3n y estructura de ladrillos en el fondo.\" srcset=\"https:\/\/soymigrante.com\/revista\/wp-content\/uploads\/2024\/12\/PASTOR-HUGO-DAVID-555x1024.jpg 555w, https:\/\/soymigrante.com\/revista\/wp-content\/uploads\/2024\/12\/PASTOR-HUGO-DAVID-163x300.jpg 163w, https:\/\/soymigrante.com\/revista\/wp-content\/uploads\/2024\/12\/PASTOR-HUGO-DAVID-768x1417.jpg 768w, https:\/\/soymigrante.com\/revista\/wp-content\/uploads\/2024\/12\/PASTOR-HUGO-DAVID-833x1536.jpg 833w, https:\/\/soymigrante.com\/revista\/wp-content\/uploads\/2024\/12\/PASTOR-HUGO-DAVID-750x1384.webp 750w, https:\/\/soymigrante.com\/revista\/wp-content\/uploads\/2024\/12\/PASTOR-HUGO-DAVID.webp 1041w\" sizes=\"(max-width: 555px) 100vw, 555px\" title=\"Los detalles del ropaje y las facciones se cuidaron al m\u00e1ximo para que el Nacimiento de Esquipulas tenga m\u00e1ximo realismo. Los peregrinos se sorprenfden al verlo, ya sea de dia o de noche. \u2013 SoyMigrante.com REVISTA\" \/>\t\t\t\t\t\t\t\t\t\t\t<figcaption class=\"widget-image-caption wp-caption-text\">Escena navide\u00f1a con figuras religiosas, representando a Jes\u00fas y un cordero en un nacimiento decorativo con elementos naturales y estructura de ladrillos.<\/figcaption>\n\t\t\t\t\t\t\t\t\t\t<\/figure>\n\t\t\t\t\t\t\t\t\t<\/div>\n\t\t\t\t\t<\/div>\n\t\t\t\t<\/div>\n\t\t<div data-particle_enable=\"false\" data-particle-mobile-disabled=\"false\" class=\"elementor-element elementor-element-9068672 e-flex e-con-boxed e-con e-parent\" data-id=\"9068672\" data-element_type=\"container\" data-e-type=\"container\">\n\t\t\t\t\t<div class=\"e-con-inner\">\n\t\t\t\t<div class=\"elementor-element elementor-element-e56e286 elementor-widget elementor-widget-heading\" data-id=\"e56e286\" data-element_type=\"widget\" data-e-type=\"widget\" data-widget_type=\"heading.default\">\n\t\t\t\t\t<h2 class=\"elementor-heading-title elementor-size-default\">Pastor<\/h2>\t\t\t\t<\/div>\n\t\t\t\t\t<\/div>\n\t\t\t\t<\/div>\n\t\t<div data-particle_enable=\"false\" data-particle-mobile-disabled=\"false\" class=\"elementor-element elementor-element-1cef8ec e-flex e-con-boxed e-con e-parent\" data-id=\"1cef8ec\" data-element_type=\"container\" data-e-type=\"container\">\n\t\t\t\t\t<div class=\"e-con-inner\">\n\t\t\t\t<div class=\"elementor-element elementor-element-6d10304 elementor-widget elementor-widget-text-editor\" data-id=\"6d10304\" data-element_type=\"widget\" data-e-type=\"widget\" data-widget_type=\"text-editor.default\">\n\t\t\t\t\t\t\t\t\t<p>Tiene un doble significado: los pastores ten\u00edan el m\u00e1s bajo rango social en la comunidad jud\u00eda. Viv\u00edan en descampado, usualmente en pobreza. Cuando nace Jes\u00fas, los \u00e1ngeles no salen a invitar a los gobernantes o a los adinerados, sino a los pastores: se\u00f1al de que Jes\u00fas llega a los corazones humildes y sencillos.<\/p><p>Por otro lado, se trata de una prefiguraci\u00f3n de la misi\u00f3n de Jes\u00fas, que un d\u00eda dir\u00e1: &#8220;Yo soy el Buen Pastor y doy la vida por mis ovejas&#8221;.\u00a0<\/p>\t\t\t\t\t\t\t\t<\/div>\n\t\t\t\t\t<\/div>\n\t\t\t\t<\/div>\n\t\t<div data-particle_enable=\"false\" data-particle-mobile-disabled=\"false\" class=\"elementor-element elementor-element-3fd4011 e-flex e-con-boxed e-con e-parent\" data-id=\"3fd4011\" data-element_type=\"container\" data-e-type=\"container\">\n\t\t\t\t\t<div class=\"e-con-inner\">\n\t\t\t\t<div class=\"elementor-element elementor-element-432f745 elementor-widget elementor-widget-heading\" data-id=\"432f745\" data-element_type=\"widget\" data-e-type=\"widget\" data-widget_type=\"heading.default\">\n\t\t\t\t\t<h2 class=\"elementor-heading-title elementor-size-default\">Ovejas<\/h2>\t\t\t\t<\/div>\n\t\t\t\t\t<\/div>\n\t\t\t\t<\/div>\n\t\t<div data-particle_enable=\"false\" data-particle-mobile-disabled=\"false\" class=\"elementor-element elementor-element-a5c1935 e-flex e-con-boxed e-con e-parent\" data-id=\"a5c1935\" data-element_type=\"container\" data-e-type=\"container\">\n\t\t\t\t\t<div class=\"e-con-inner\">\n\t\t\t\t<div class=\"elementor-element elementor-element-cd13141 elementor-widget elementor-widget-text-editor\" data-id=\"cd13141\" data-element_type=\"widget\" data-e-type=\"widget\" data-widget_type=\"text-editor.default\">\n\t\t\t\t\t\t\t\t\t<p>Las ovejas simbolizan mansedumbre y obediencia. Jes\u00fas tambi\u00e9n dir\u00e1 &#8220;Mis ovejas conocen mi voz y me siguen&#8221;, en una clara alusi\u00f3n a la decisi\u00f3n del cristiano de asumir con libertad, pero tambi\u00e9n con fidelidad el mensaje de amor que se predica con palabras pero tambi\u00e9n con acciones.<\/p><p>Jes\u00fas mismo es tambi\u00e9n el &#8220;Cordero de Dios&#8221;. Los corderos, es decir, las cr\u00edas de las ovejas, eran v\u00edctima de sacrificios en la religiosidad jud\u00eda. Sobre un cordero blanco las familias colocaban las manos como s\u00edmbolo de purificaci\u00f3n y despu\u00e9s lo sacrificaban. Jes\u00fas, como un cordero manso, libremente acepta el sacrificio como sacerdote, altar y v\u00edctima para redenci\u00f3n de los hombres.<\/p>\t\t\t\t\t\t\t\t<\/div>\n\t\t\t\t\t<\/div>\n\t\t\t\t<\/div>\n\t\t<div data-particle_enable=\"false\" data-particle-mobile-disabled=\"false\" class=\"elementor-element elementor-element-14d1139 e-flex e-con-boxed e-con e-parent\" data-id=\"14d1139\" data-element_type=\"container\" data-e-type=\"container\">\n\t\t\t\t\t<div class=\"e-con-inner\">\n\t\t\t\t<div class=\"elementor-element elementor-element-be322e2 elementor-widget elementor-widget-image\" data-id=\"be322e2\" data-element_type=\"widget\" data-e-type=\"widget\" data-widget_type=\"image.default\">\n\t\t\t\t\t\t\t\t\t\t\t\t<figure class=\"wp-caption\">\n\t\t\t\t\t\t\t\t\t\t<img decoding=\"async\" width=\"768\" height=\"1024\" src=\"https:\/\/soymigrante.com\/revista\/wp-content\/uploads\/2024\/12\/ANGEL-ESQUIPULAS-768x1024.jpg\" class=\"attachment-large size-large wp-image-17032\" alt=\"Figura de la Virgen de Guadalupe con alas doradas, vestida con ropajes beige y marr\u00f3n, en un altar decorado en un entorno con palmeras y cielo azul, representando la cultura y tradiciones mexicanas.\" srcset=\"https:\/\/soymigrante.com\/revista\/wp-content\/uploads\/2024\/12\/ANGEL-ESQUIPULAS-768x1024.jpg 768w, https:\/\/soymigrante.com\/revista\/wp-content\/uploads\/2024\/12\/ANGEL-ESQUIPULAS-225x300.jpg 225w, https:\/\/soymigrante.com\/revista\/wp-content\/uploads\/2024\/12\/ANGEL-ESQUIPULAS-1152x1536.jpg 1152w, https:\/\/soymigrante.com\/revista\/wp-content\/uploads\/2024\/12\/ANGEL-ESQUIPULAS-750x1000.webp 750w, https:\/\/soymigrante.com\/revista\/wp-content\/uploads\/2024\/12\/ANGEL-ESQUIPULAS-1140x1520.webp 1140w, https:\/\/soymigrante.com\/revista\/wp-content\/uploads\/2024\/12\/ANGEL-ESQUIPULAS.webp 1200w\" sizes=\"(max-width: 768px) 100vw, 768px\" title=\"La vestimenta de cada personaje se adecu\u00f3 de tal manera que reflejara movimiento y realismo. \u2013 SoyMigrante.com REVISTA\" \/>\t\t\t\t\t\t\t\t\t\t\t<figcaption class=\"widget-image-caption wp-caption-text\">La vestimenta de cada personaje se adecu\u00f3 de tal manera que reflejara movimiento y realismo.<\/figcaption>\n\t\t\t\t\t\t\t\t\t\t<\/figure>\n\t\t\t\t\t\t\t\t\t<\/div>\n\t\t\t\t\t<\/div>\n\t\t\t\t<\/div>\n\t\t<div data-particle_enable=\"false\" data-particle-mobile-disabled=\"false\" class=\"elementor-element elementor-element-2996728 e-flex e-con-boxed e-con e-parent\" data-id=\"2996728\" data-element_type=\"container\" data-e-type=\"container\">\n\t\t\t\t\t<div class=\"e-con-inner\">\n\t\t\t\t<div class=\"elementor-element elementor-element-79feac1 elementor-widget elementor-widget-heading\" data-id=\"79feac1\" data-element_type=\"widget\" data-e-type=\"widget\" data-widget_type=\"heading.default\">\n\t\t\t\t\t<h2 class=\"elementor-heading-title elementor-size-default\">\u00c1ngel<\/h2>\t\t\t\t<\/div>\n\t\t\t\t\t<\/div>\n\t\t\t\t<\/div>\n\t\t<div data-particle_enable=\"false\" data-particle-mobile-disabled=\"false\" class=\"elementor-element elementor-element-a810530 e-flex e-con-boxed e-con e-parent\" data-id=\"a810530\" data-element_type=\"container\" data-e-type=\"container\">\n\t\t\t\t\t<div class=\"e-con-inner\">\n\t\t\t\t<div class=\"elementor-element elementor-element-c891750 elementor-widget elementor-widget-text-editor\" data-id=\"c891750\" data-element_type=\"widget\" data-e-type=\"widget\" data-widget_type=\"text-editor.default\">\n\t\t\t\t\t\t\t\t\t<p>La palabra Angel viene del griego y significa Mensajero. Fue el arc\u00e1ngel Gabriel quien llev\u00f3 a Mar\u00eda el anuncio de la concepci\u00f3n milagrosa de Jes\u00fas; tambi\u00e9n fue quien le habl\u00f3 en sue\u00f1os a Jos\u00e9 para que la aceptara como esposa y le advirti\u00f3 del peligro que representaba el Rey Herodes, indic\u00e1ndole que se marcharan a Egipto para salvar a Jes\u00fas de la matanza ordenada por el monarca.<\/p><p>Cuando Jes\u00fas nace, seg\u00fan la escritura, aparecieron en el cielo muchos \u00e1ngeles cantando &#8220;Gloria a Dios en el Cielo y Paz en la Tierra a los Hombres que ama el Se\u00f1or&#8221;. Los Angeles son seres espirituales que sirven a Dios y contemplan su rostro constantemente. Por ello son enlaces, mensajeros y defensores.<\/p>\t\t\t\t\t\t\t\t<\/div>\n\t\t\t\t\t<\/div>\n\t\t\t\t<\/div>\n\t\t<div data-particle_enable=\"false\" data-particle-mobile-disabled=\"false\" class=\"elementor-element elementor-element-433a0ac e-flex e-con-boxed e-con e-parent\" data-id=\"433a0ac\" data-element_type=\"container\" data-e-type=\"container\">\n\t\t\t\t\t<div class=\"e-con-inner\">\n\t\t\t\t<div class=\"elementor-element elementor-element-5b84cbb elementor-widget elementor-widget-image\" data-id=\"5b84cbb\" data-element_type=\"widget\" data-e-type=\"widget\" data-widget_type=\"image.default\">\n\t\t\t\t\t\t\t\t\t\t\t\t<figure class=\"wp-caption\">\n\t\t\t\t\t\t\t\t\t\t<img loading=\"lazy\" decoding=\"async\" width=\"768\" height=\"499\" src=\"https:\/\/soymigrante.com\/revista\/wp-content\/uploads\/2024\/12\/nacimiento-gutemalteco-gigante-en-Esquipulas-7-1.webp\" class=\"attachment-large size-large wp-image-17033\" alt=\"Nazarenos de Navidad en un nacimiento tradicional con figuras religiosas y animales, decoraciones navide\u00f1as y detalles artesanales para celebrar la temporada navide\u00f1a.\" srcset=\"https:\/\/soymigrante.com\/revista\/wp-content\/uploads\/2024\/12\/nacimiento-gutemalteco-gigante-en-Esquipulas-7-1.webp 803w, https:\/\/soymigrante.com\/revista\/wp-content\/uploads\/2024\/12\/nacimiento-gutemalteco-gigante-en-Esquipulas-7-1-300x195.jpg 300w, https:\/\/soymigrante.com\/revista\/wp-content\/uploads\/2024\/12\/nacimiento-gutemalteco-gigante-en-Esquipulas-7-1-768x499.jpg 768w, https:\/\/soymigrante.com\/revista\/wp-content\/uploads\/2024\/12\/nacimiento-gutemalteco-gigante-en-Esquipulas-7-1-750x488.webp 750w\" sizes=\"(max-width: 768px) 100vw, 768px\" title=\"Cada mago de oriente fue inspirado por un cuadro distinto, para lograr un conjunto arm\u00f3nico, con movimiento y viveza que conmoviera al espectador. \u2013 SoyMigrante.com REVISTA\" \/>\t\t\t\t\t\t\t\t\t\t\t<figcaption class=\"widget-image-caption wp-caption-text\">Esculturas de la Natividad y figuras religiosas en una decoraci\u00f3n navide\u00f1a, incluyendo escenas b\u00edblicas, en un ambiente decorativo que resalta el esp\u00edritu navide\u00f1o y las tradiciones cristianas.<\/figcaption>\n\t\t\t\t\t\t\t\t\t\t<\/figure>\n\t\t\t\t\t\t\t\t\t<\/div>\n\t\t\t\t\t<\/div>\n\t\t\t\t<\/div>\n\t\t<div data-particle_enable=\"false\" data-particle-mobile-disabled=\"false\" class=\"elementor-element elementor-element-790d05f e-flex e-con-boxed e-con e-parent\" data-id=\"790d05f\" data-element_type=\"container\" data-e-type=\"container\">\n\t\t\t\t\t<div class=\"e-con-inner\">\n\t\t\t\t<div class=\"elementor-element elementor-element-478ee4f elementor-widget elementor-widget-heading\" data-id=\"478ee4f\" data-element_type=\"widget\" data-e-type=\"widget\" data-widget_type=\"heading.default\">\n\t\t\t\t\t<h2 class=\"elementor-heading-title elementor-size-default\">Los Reyes Magos<\/h2>\t\t\t\t<\/div>\n\t\t\t\t\t<\/div>\n\t\t\t\t<\/div>\n\t\t<div data-particle_enable=\"false\" data-particle-mobile-disabled=\"false\" class=\"elementor-element elementor-element-3d09da0 e-flex e-con-boxed e-con e-parent\" data-id=\"3d09da0\" data-element_type=\"container\" data-e-type=\"container\">\n\t\t\t\t\t<div class=\"e-con-inner\">\n\t\t\t\t<div class=\"elementor-element elementor-element-5a0a208 elementor-widget elementor-widget-text-editor\" data-id=\"5a0a208\" data-element_type=\"widget\" data-e-type=\"widget\" data-widget_type=\"text-editor.default\">\n\t\t\t\t\t\t\t\t\t<p>El evangelio solo habla de 3 magos de Oriente que llegaron a Jerusal\u00e9n siguiendo una estrella, que era la se\u00f1al del nacimiento de un nuevo Rey. Herodes, hip\u00f3critamente, les dijo que cuando lo hallaran le avisaran para ir a &#8220;adorarlo&#8221; tambi\u00e9n. Lo que quer\u00eda era matarlo. Por eso, despu\u00e9s de visitar a Jes\u00fas y a sus padres, adem\u00e1s de entregarle sus regalos, los Magos de Oriente se marcharon por otra ruta. Era com\u00fan llamar &#8220;magos&#8221; a los astr\u00f3logos y sabios.<\/p><p>Nunca se indican sus nombres en el Evangelio, pero las tradiciones refieren que uno se llamaba Melchor, otro Gaspar y Baltazar.\u00a0 Tampoco existe ninguna descripci\u00f3n de ellos, en cuanto a sus rasgos f\u00edsicos. Pero emblem\u00e1ticamente se les representa como uno\u00a0 de raza blanca, otro de tono mestizo y uno m\u00e1s moreno, para simbolizar que Jes\u00fas lleg\u00f3 para todos los pueblos de la Tierra. El 6 de enero se celebra la fiesta de la Epifan\u00eda del Se\u00f1or o Fiesta de los Santos Reyes, es decir esa manifestaci\u00f3n sin l\u00edmites ni discriminaci\u00f3n alguna.<\/p><p>Los regalos que entregaron a Jes\u00fas tambi\u00e9n tiene alto simbolismo: El oro, obsequio para el gran Rey que llega a la Tierra por amor. El incienso, para el Dios eterno de inmensa misericordia. Y la mirra, utilizada para sepultar a los muertos, para representar la humanidad de Jes\u00fas y su obediencia que lo llevar\u00eda hasta la muerte y una muerte de Cruz.\u00a0<\/p>\t\t\t\t\t\t\t\t<\/div>\n\t\t\t\t\t<\/div>\n\t\t\t\t<\/div>\n\t\t<div data-particle_enable=\"false\" data-particle-mobile-disabled=\"false\" class=\"elementor-element elementor-element-2cbe25f e-flex e-con-boxed e-con e-parent\" data-id=\"2cbe25f\" data-element_type=\"container\" data-e-type=\"container\">\n\t\t\t\t\t<div class=\"e-con-inner\">\n\t\t\t\t<div class=\"elementor-element elementor-element-5095f57 elementor-widget elementor-widget-image\" data-id=\"5095f57\" data-element_type=\"widget\" data-e-type=\"widget\" data-widget_type=\"image.default\">\n\t\t\t\t\t\t\t\t\t\t\t\t<figure class=\"wp-caption\">\n\t\t\t\t\t\t\t\t\t\t<img loading=\"lazy\" decoding=\"async\" width=\"768\" height=\"355\" src=\"https:\/\/soymigrante.com\/revista\/wp-content\/uploads\/2024\/12\/nacimiento-gutemalteco-gigante-en-Esquipulas-2-1024x473.jpg\" class=\"attachment-large size-large wp-image-17034\" alt=\"Vivienda religiosa con figuras de pesebre iluminadas por la noche en un entorno natural con palmeras, para la celebraci\u00f3n navide\u00f1a y cultura popular mexicana, en la revista SoyMigrante.com.\" srcset=\"https:\/\/soymigrante.com\/revista\/wp-content\/uploads\/2024\/12\/nacimiento-gutemalteco-gigante-en-Esquipulas-2-1024x473.jpg 1024w, https:\/\/soymigrante.com\/revista\/wp-content\/uploads\/2024\/12\/nacimiento-gutemalteco-gigante-en-Esquipulas-2-300x139.jpg 300w, https:\/\/soymigrante.com\/revista\/wp-content\/uploads\/2024\/12\/nacimiento-gutemalteco-gigante-en-Esquipulas-2-768x355.jpg 768w, https:\/\/soymigrante.com\/revista\/wp-content\/uploads\/2024\/12\/nacimiento-gutemalteco-gigante-en-Esquipulas-2-1536x710.jpg 1536w, https:\/\/soymigrante.com\/revista\/wp-content\/uploads\/2024\/12\/nacimiento-gutemalteco-gigante-en-Esquipulas-2-750x346.webp 750w, https:\/\/soymigrante.com\/revista\/wp-content\/uploads\/2024\/12\/nacimiento-gutemalteco-gigante-en-Esquipulas-2-1140x527.webp 1140w, https:\/\/soymigrante.com\/revista\/wp-content\/uploads\/2024\/12\/nacimiento-gutemalteco-gigante-en-Esquipulas-2.webp 1920w\" sizes=\"(max-width: 768px) 100vw, 768px\" title=\"Panor\u00e1mica de todo el nacimiento en la cual se aprecia la dimensi\u00f3n real del buey y la mula en el establo, mudos testigos de la Natividad de Jes\u00fas en la Sagrada FAmilia. \u2013 SoyMigrante.com REVISTA\" \/>\t\t\t\t\t\t\t\t\t\t\t<figcaption class=\"widget-image-caption wp-caption-text\">Representaci\u00f3n luminosa del nacimiento de Jes\u00fas en Navidad, con figuras religiosas y animales, en un entorno al aire libre durante la noche, promoviendo las tradiciones culturales y religiosas mexicanas.<\/figcaption>\n\t\t\t\t\t\t\t\t\t\t<\/figure>\n\t\t\t\t\t\t\t\t\t<\/div>\n\t\t\t\t\t<\/div>\n\t\t\t\t<\/div>\n\t\t<div data-particle_enable=\"false\" data-particle-mobile-disabled=\"false\" class=\"elementor-element elementor-element-eaa9410 e-flex e-con-boxed e-con e-parent\" data-id=\"eaa9410\" data-element_type=\"container\" data-e-type=\"container\">\n\t\t\t\t\t<div class=\"e-con-inner\">\n\t\t\t\t<div class=\"elementor-element elementor-element-3a7a57f elementor-widget elementor-widget-heading\" data-id=\"3a7a57f\" data-element_type=\"widget\" data-e-type=\"widget\" data-widget_type=\"heading.default\">\n\t\t\t\t\t<h2 class=\"elementor-heading-title elementor-size-default\">La mula y el buey<\/h2>\t\t\t\t<\/div>\n\t\t\t\t\t<\/div>\n\t\t\t\t<\/div>\n\t\t<div data-particle_enable=\"false\" data-particle-mobile-disabled=\"false\" class=\"elementor-element elementor-element-e079d79 e-flex e-con-boxed e-con e-parent\" data-id=\"e079d79\" data-element_type=\"container\" data-e-type=\"container\">\n\t\t\t\t\t<div class=\"e-con-inner\">\n\t\t\t\t<div class=\"elementor-element elementor-element-ce95dae elementor-widget elementor-widget-text-editor\" data-id=\"ce95dae\" data-element_type=\"widget\" data-e-type=\"widget\" data-widget_type=\"text-editor.default\">\n\t\t\t\t\t\t\t\t\t<p>Animales mansos que sol\u00edan desempe\u00f1ar duros trabajos en el campo. La cueva o establo donde estaban guardados, el \u00fanico lugar disponible para el Salvador, hizo que se convirtieran en quienes le dan abrigo y calor al peque\u00f1o Ni\u00f1o Dios.\u00a0 \u00a0En el Evangelio no figuran, pero s\u00ed en relatos de tradici\u00f3n. Representan el don de servicio.<\/p>\t\t\t\t\t\t\t\t<\/div>\n\t\t\t\t\t<\/div>\n\t\t\t\t<\/div>\n\t\t<div data-particle_enable=\"false\" data-particle-mobile-disabled=\"false\" class=\"elementor-element elementor-element-0c3d227 e-flex e-con-boxed e-con e-parent\" data-id=\"0c3d227\" data-element_type=\"container\" data-e-type=\"container\">\n\t\t\t\t\t<div class=\"e-con-inner\">\n\t\t\t\t<div class=\"elementor-element elementor-element-6dfcfba elementor-widget elementor-widget-html\" data-id=\"6dfcfba\" data-element_type=\"widget\" data-e-type=\"widget\" data-widget_type=\"html.default\">\n\t\t\t\t\t<iframe src=\"https:\/\/www.facebook.com\/plugins\/video.php?height=476&href=https%3A%2F%2Fwww.facebook.com%2Fbasilicadelsantocristodeesquipulas%2Fvideos%2F8818626318223262%2F&show_text=true&width=267&t=0\" width=\"267\" height=\"591\" style=\"border:none;overflow:hidden\" scrolling=\"no\" frameborder=\"0\" allowfullscreen=\"true\" allow=\"autoplay; clipboard-write; encrypted-media; picture-in-picture; web-share\" allowFullScreen=\"true\"><\/iframe>\t\t\t\t<\/div>\n\t\t\t\t\t<\/div>\n\t\t\t\t<\/div>\n\t\t<div data-particle_enable=\"false\" data-particle-mobile-disabled=\"false\" class=\"elementor-element elementor-element-b630a85 e-flex e-con-boxed e-con e-parent\" data-id=\"b630a85\" data-element_type=\"container\" data-e-type=\"container\">\n\t\t\t\t\t<div class=\"e-con-inner\">\n\t\t\t\t<div class=\"elementor-element elementor-element-17c1c2a elementor-widget elementor-widget-heading\" data-id=\"17c1c2a\" data-element_type=\"widget\" data-e-type=\"widget\" data-widget_type=\"heading.default\">\n\t\t\t\t\t<h2 class=\"elementor-heading-title elementor-size-default\">Fin de a\u00f1o en Guatemala, plet\u00f3rico de memorias y tradiciones<\/h2>\t\t\t\t<\/div>\n\t\t\t\t\t<\/div>\n\t\t\t\t<\/div>\n\t\t<div data-particle_enable=\"false\" data-particle-mobile-disabled=\"false\" class=\"elementor-element elementor-element-083ad39 e-flex e-con-boxed e-con e-parent\" data-id=\"083ad39\" data-element_type=\"container\" data-e-type=\"container\">\n\t\t\t\t\t<div class=\"e-con-inner\">\n\t\t\t\t<div class=\"elementor-element elementor-element-ab36b8e elementor-grid-eael-col-3 elementor-grid-tablet-eael-col-2 elementor-grid-mobile-eael-col-1 elementor-widget elementor-widget-eael-post-grid\" data-id=\"ab36b8e\" data-element_type=\"widget\" data-e-type=\"widget\" data-settings=\"{&quot;eael_post_grid_columns&quot;:&quot;eael-col-3&quot;,&quot;eael_post_grid_columns_tablet&quot;:&quot;eael-col-2&quot;,&quot;eael_post_grid_columns_mobile&quot;:&quot;eael-col-1&quot;}\" data-widget_type=\"eael-post-grid.default\">\n\t\t\t\t\t<div id=\"eael-post-grid-ab36b8e\" class=\"eael-post-grid-container\">\n            <div class=\"eael-post-grid eael-post-appender eael-post-appender-ab36b8e eael-post-grid-style-one\" data-layout-mode=\"masonry\"><article class=\"eael-grid-post  eael-post-grid-column eael-pg-post-7781 category-recetas-guatemaltecas\" data-id=\"7781\">\n        <div class=\"eael-grid-post-holder\">\n            <div class=\"eael-grid-post-holder-inner\"><div class=\"eael-entry-media\"><div class=\"eael-entry-overlay fade-in\"><i class=\"far fa-hand-pointer\" aria-hidden=\"true\"><\/i><a href=\"https:\/\/soymigrante.com\/revista\/tamales-de-guatemala-variedad-y-recetas-de-una-tradicion-de-sabor\/\"><\/a><\/div><div class=\"eael-entry-thumbnail \">\n                <img loading=\"lazy\" decoding=\"async\" width=\"480\" height=\"480\" src=\"https:\/\/soymigrante.com\/revista\/wp-content\/uploads\/2024\/08\/tamales-de-Guatemala.webp\" class=\"attachment-large size-large wp-image-7782\" alt=\"Mochilas de hoja de pl\u00e1tano envueltas en cuerda, utilizadas en festividades tradicionales mexicanas y eventos culturales. Perfectas para specialidades gastron\u00f3micas y celebraciones folcl\u00f3ricas.\" srcset=\"https:\/\/soymigrante.com\/revista\/wp-content\/uploads\/2024\/08\/tamales-de-Guatemala.webp 480w, https:\/\/soymigrante.com\/revista\/wp-content\/uploads\/2024\/08\/tamales-de-Guatemala-300x300.webp 300w, https:\/\/soymigrante.com\/revista\/wp-content\/uploads\/2024\/08\/tamales-de-Guatemala-150x150.webp 150w, https:\/\/soymigrante.com\/revista\/wp-content\/uploads\/2024\/08\/tamales-de-Guatemala-75x75.webp 75w\" sizes=\"(max-width: 480px) 100vw, 480px\" \/>\n            <\/div>\n        <\/div><div class=\"eael-entry-wrapper\"><header class=\"eael-entry-header\"><h2 class=\"eael-entry-title\"><a class=\"eael-grid-post-link\" href=\"https:\/\/soymigrante.com\/revista\/tamales-de-guatemala-variedad-y-recetas-de-una-tradicion-de-sabor\/\" title=\"Tamales guatemaltecos: variedad y recetascon una misma tradici\u00f3n sin fronteras\">Tamales guatemaltecos: variedad y recetascon una misma tradici\u00f3n sin fronteras<\/a><\/h2><\/header><div class=\"eael-entry-content\">\n                        <div class=\"eael-grid-post-excerpt\"><a href=\"https:\/\/soymigrante.com\/revista\/tamales-de-guatemala-variedad-y-recetas-de-una-tradicion-de-sabor\/\" class=\"eael-post-elements-readmore-btn\">CONOCE SU HISTORIA <\/a><\/div>\n                    <\/div><\/div><\/div>\n        <\/div>\n    <\/article><article class=\"eael-grid-post  eael-post-grid-column eael-pg-post-3842 category-estamos-unidos\" data-id=\"3842\">\n        <div class=\"eael-grid-post-holder\">\n            <div class=\"eael-grid-post-holder-inner\"><div class=\"eael-entry-media\"><div class=\"eael-entry-overlay fade-in\"><i class=\"far fa-hand-pointer\" aria-hidden=\"true\"><\/i><a href=\"https:\/\/soymigrante.com\/revista\/migrantes-guatemaltecos-recuerdan-navidad-ano-nuevo-guatemala\/\"><\/a><\/div><div class=\"eael-entry-thumbnail \">\n                <img loading=\"lazy\" decoding=\"async\" width=\"1001\" height=\"726\" src=\"https:\/\/soymigrante.com\/revista\/wp-content\/uploads\/2023\/12\/Captura-de-pantalla-2023-12-13-082616.webp\" class=\"attachment-large size-large wp-image-3846\" alt=\"\" srcset=\"https:\/\/soymigrante.com\/revista\/wp-content\/uploads\/2023\/12\/Captura-de-pantalla-2023-12-13-082616.webp 1001w, https:\/\/soymigrante.com\/revista\/wp-content\/uploads\/2023\/12\/Captura-de-pantalla-2023-12-13-082616-300x218.webp 300w, https:\/\/soymigrante.com\/revista\/wp-content\/uploads\/2023\/12\/Captura-de-pantalla-2023-12-13-082616-768x557.webp 768w, https:\/\/soymigrante.com\/revista\/wp-content\/uploads\/2023\/12\/Captura-de-pantalla-2023-12-13-082616-120x86.webp 120w, https:\/\/soymigrante.com\/revista\/wp-content\/uploads\/2023\/12\/Captura-de-pantalla-2023-12-13-082616-750x544.webp 750w\" sizes=\"(max-width: 1001px) 100vw, 1001px\" \/>\n            <\/div>\n        <\/div><div class=\"eael-entry-wrapper\"><header class=\"eael-entry-header\"><h2 class=\"eael-entry-title\"><a class=\"eael-grid-post-link\" href=\"https:\/\/soymigrante.com\/revista\/migrantes-guatemaltecos-recuerdan-navidad-ano-nuevo-guatemala\/\" title=\"Migrantes recuerdan con cari\u00f1o y nostalgia la Navidad en Guatemala\">Migrantes recuerdan con cari\u00f1o y nostalgia la Navidad en Guatemala<\/a><\/h2><\/header><div class=\"eael-entry-content\">\n                        <div class=\"eael-grid-post-excerpt\"><a href=\"https:\/\/soymigrante.com\/revista\/migrantes-guatemaltecos-recuerdan-navidad-ano-nuevo-guatemala\/\" class=\"eael-post-elements-readmore-btn\">CONOCE SU HISTORIA <\/a><\/div>\n                    <\/div><\/div><\/div>\n        <\/div>\n    <\/article><article class=\"eael-grid-post  eael-post-grid-column eael-pg-post-3738 category-guate-nuestra\" data-id=\"3738\">\n        <div class=\"eael-grid-post-holder\">\n            <div class=\"eael-grid-post-holder-inner\"><div class=\"eael-entry-media\"><div class=\"eael-entry-overlay fade-in\"><i class=\"far fa-hand-pointer\" aria-hidden=\"true\"><\/i><a href=\"https:\/\/soymigrante.com\/revista\/tradiciones-de-fin-de-ano-encienden-la-nostalgia-migrante\/\"><\/a><\/div><div class=\"eael-entry-thumbnail \">\n                <img loading=\"lazy\" decoding=\"async\" width=\"1024\" height=\"1024\" src=\"https:\/\/soymigrante.com\/revista\/wp-content\/uploads\/2024\/11\/virgen-concepcion-quema-diablo-oscar-rivas-4-1-1024x1024.jpg\" class=\"attachment-large size-large wp-image-15152\" alt=\"\" srcset=\"https:\/\/soymigrante.com\/revista\/wp-content\/uploads\/2024\/11\/virgen-concepcion-quema-diablo-oscar-rivas-4-1-1024x1024.jpg 1024w, https:\/\/soymigrante.com\/revista\/wp-content\/uploads\/2024\/11\/virgen-concepcion-quema-diablo-oscar-rivas-4-1-300x300.jpg 300w, https:\/\/soymigrante.com\/revista\/wp-content\/uploads\/2024\/11\/virgen-concepcion-quema-diablo-oscar-rivas-4-1-150x150.jpg 150w, https:\/\/soymigrante.com\/revista\/wp-content\/uploads\/2024\/11\/virgen-concepcion-quema-diablo-oscar-rivas-4-1-768x768.jpg 768w, https:\/\/soymigrante.com\/revista\/wp-content\/uploads\/2024\/11\/virgen-concepcion-quema-diablo-oscar-rivas-4-1-75x75.webp 75w, https:\/\/soymigrante.com\/revista\/wp-content\/uploads\/2024\/11\/virgen-concepcion-quema-diablo-oscar-rivas-4-1-750x750.webp 750w, https:\/\/soymigrante.com\/revista\/wp-content\/uploads\/2024\/11\/virgen-concepcion-quema-diablo-oscar-rivas-4-1-1140x1140.webp 1140w, https:\/\/soymigrante.com\/revista\/wp-content\/uploads\/2024\/11\/virgen-concepcion-quema-diablo-oscar-rivas-4-1.webp 1338w\" sizes=\"(max-width: 1024px) 100vw, 1024px\" \/>\n            <\/div>\n        <\/div><div class=\"eael-entry-wrapper\"><header class=\"eael-entry-header\"><h2 class=\"eael-entry-title\"><a class=\"eael-grid-post-link\" href=\"https:\/\/soymigrante.com\/revista\/tradiciones-de-fin-de-ano-encienden-la-nostalgia-migrante\/\" title=\"Tradiciones y recuerdos de diciembre en Guatemala encienden nostalgia migrante\">Tradiciones y recuerdos de diciembre en Guatemala encienden nostalgia migrante<\/a><\/h2><\/header><div class=\"eael-entry-content\">\n                        <div class=\"eael-grid-post-excerpt\"><a href=\"https:\/\/soymigrante.com\/revista\/tradiciones-de-fin-de-ano-encienden-la-nostalgia-migrante\/\" class=\"eael-post-elements-readmore-btn\">CONOCE SU HISTORIA <\/a><\/div>\n                    <\/div><\/div><\/div>\n        <\/div>\n    <\/article><\/div>\n            <div class=\"clearfix\"><\/div>\n        <\/div>\t\t\t\t<\/div>\n\t\t\t\t\t<\/div>\n\t\t\t\t<\/div>\n\t\t\t\t<\/div>\n\t\t","protected":false},"excerpt":{"rendered":"<p>El nacimiento guatemalteco es una tradici\u00f3n que se arraig\u00f3 con la llegada del Santo Hermano Pedro en el siglo XVII. Cada figura tiene un significado espiritual y el Bel\u00e9n gigante instalado en el atrio de la Bas\u00edlica del Santo Cristo de ESquipulas as\u00ed lo demuestra. Te explicamos el simbolismo y mensaje. Cada personaje, cada figura [&hellip;]<\/p>\n","protected":false},"author":7,"featured_media":17024,"comment_status":"open","ping_status":"open","sticky":false,"template":"","format":"standard","meta":{"_acf_changed":false,"_eb_attr":"","footnotes":""},"categories":[58],"tags":[],"class_list":["post-17022","post","type-post","status-publish","format-standard","has-post-thumbnail","hentry","category-guate-nuestra"],"acf":[],"aioseo_notices":[],"aioseo_head":"\n\t\t<!-- All in One SEO Pro 4.9.6.2 - aioseo.com -->\n\t<meta name=\"description\" content=\"Son sonidos y recuerdos atesorados en la memoria y el coraz\u00f3n; vivencias de pueblo y barrio, sonrisas con familia y amigos. Estas son algunas tradiciones decembrinas que migrantes guatemaltecos llevan en el alma. Fogarones 2023 en la colonia Jocotales, Chinautla, cerca del mercado y la parada de buses. Video cortes\u00eda de Juan Marcos Morales. Los\" \/>\n\t<meta name=\"robots\" content=\"max-snippet:-1, max-image-preview:large, max-video-preview:-1\" \/>\n\t<meta name=\"author\" content=\"Gustavo Montenegro\"\/>\n\t<link rel=\"canonical\" href=\"https:\/\/soymigrante.com\/revista\/tradiciones-de-fin-de-ano-encienden-la-nostalgia-migrante\/\" \/>\n\t<meta name=\"generator\" content=\"All in One SEO Pro (AIOSEO) 4.9.6.2\" \/>\n\n\t\t<link rel=\"preconnect\" href=\"https:\/\/fonts.googleapis.com\" crossorigin>\n<link rel=\"preconnect\" href=\"https:\/\/fonts.gstatic.com\" crossorigin>\n\t\t<meta property=\"og:locale\" content=\"es_ES\" \/>\n\t\t<meta property=\"og:site_name\" content=\"SoyMigrante.com REVISTA \u2013 Nuestra misi\u00f3n es reconocer y dignificar al migrante.\" \/>\n\t\t<meta property=\"og:type\" content=\"article\" \/>\n\t\t<meta property=\"og:title\" content=\"Tradiciones y recuerdos de diciembre en Guatemala encienden nostalgia migrante\" \/>\n\t\t<meta property=\"og:description\" content=\"Son sonidos y recuerdos atesorados en la memoria y el coraz\u00f3n; vivencias de pueblo y barrio, sonrisas con familia y amigos. Estas son algunas tradiciones decembrinas que migrantes guatemaltecos llevan en el alma. Fogarones 2023 en la colonia Jocotales, Chinautla, cerca del mercado y la parada de buses. Video cortes\u00eda de Juan Marcos Morales. Los\" \/>\n\t\t<meta property=\"og:url\" content=\"https:\/\/soymigrante.com\/revista\/tradiciones-de-fin-de-ano-encienden-la-nostalgia-migrante\/\" \/>\n\t\t<meta property=\"og:image\" content=\"https:\/\/soymigrante.com\/revista\/wp-content\/uploads\/2024\/11\/virgen-concepcion-quema-diablo-oscar-rivas-4-1.webp\" \/>\n\t\t<meta property=\"og:image:secure_url\" content=\"https:\/\/soymigrante.com\/revista\/wp-content\/uploads\/2024\/11\/virgen-concepcion-quema-diablo-oscar-rivas-4-1.webp\" \/>\n\t\t<meta property=\"og:image:width\" content=\"1338\" \/>\n\t\t<meta property=\"og:image:height\" content=\"1338\" \/>\n\t\t<meta property=\"article:published_time\" content=\"2023-12-08T19:26:11+00:00\" \/>\n\t\t<meta property=\"article:modified_time\" content=\"2024-11-30T19:28:52+00:00\" \/>\n\t\t<meta property=\"article:publisher\" content=\"https:\/\/www.facebook.com\/soymigrantecom\" \/>\n\t\t<meta name=\"twitter:card\" content=\"summary_large_image\" \/>\n\t\t<meta name=\"twitter:site\" content=\"@SoyMigrante_com\" \/>\n\t\t<meta name=\"twitter:title\" content=\"Tradiciones y recuerdos de diciembre en Guatemala encienden nostalgia migrante\" \/>\n\t\t<meta name=\"twitter:description\" content=\"Son sonidos y recuerdos atesorados en la memoria y el coraz\u00f3n; vivencias de pueblo y barrio, sonrisas con familia y amigos. Estas son algunas tradiciones decembrinas que migrantes guatemaltecos llevan en el alma. Fogarones 2023 en la colonia Jocotales, Chinautla, cerca del mercado y la parada de buses. Video cortes\u00eda de Juan Marcos Morales. Los\" \/>\n\t\t<meta name=\"twitter:creator\" content=\"@SoyMigrante_com\" \/>\n\t\t<meta name=\"twitter:image\" content=\"https:\/\/soymigrante.com\/revista\/wp-content\/uploads\/2024\/11\/virgen-concepcion-quema-diablo-oscar-rivas-4-1.webp\" \/>\n\t\t<!-- All in One SEO Pro -->\r\n\t\t<title>Tradiciones y recuerdos de diciembre en Guatemala encienden nostalgia migrante<\/title>\n\n","aioseo_head_json":{"title":"Tradiciones y recuerdos de diciembre en Guatemala encienden nostalgia migrante","description":"Son sonidos y recuerdos atesorados en la memoria y el coraz\u00f3n; vivencias de pueblo y barrio, sonrisas con familia y amigos. Estas son algunas tradiciones decembrinas que migrantes guatemaltecos llevan en el alma. Fogarones 2023 en la colonia Jocotales, Chinautla, cerca del mercado y la parada de buses. Video cortes\u00eda de Juan Marcos Morales. Los","canonical_url":"https:\/\/soymigrante.com\/revista\/tradiciones-de-fin-de-ano-encienden-la-nostalgia-migrante\/","robots":"max-snippet:-1, max-image-preview:large, max-video-preview:-1","keywords":"","webmasterTools":{"miscellaneous":"&lt;link rel=\"preconnect\" href=\"https:\/\/fonts.googleapis.com\" crossorigin&gt;\n&lt;link rel=\"preconnect\" href=\"https:\/\/fonts.gstatic.com\" crossorigin&gt;"},"schema":null,"og:locale":"es_ES","og:site_name":"SoyMigrante.com REVISTA \u2013 Nuestra misi\u00f3n es reconocer y dignificar al migrante.","og:type":"article","og:title":"Tradiciones y recuerdos de diciembre en Guatemala encienden nostalgia migrante","og:description":"Son sonidos y recuerdos atesorados en la memoria y el coraz\u00f3n; vivencias de pueblo y barrio, sonrisas con familia y amigos. Estas son algunas tradiciones decembrinas que migrantes guatemaltecos llevan en el alma. Fogarones 2023 en la colonia Jocotales, Chinautla, cerca del mercado y la parada de buses. Video cortes\u00eda de Juan Marcos Morales. Los","og:url":"https:\/\/soymigrante.com\/revista\/tradiciones-de-fin-de-ano-encienden-la-nostalgia-migrante\/","og:image":"https:\/\/soymigrante.com\/revista\/wp-content\/uploads\/2024\/11\/virgen-concepcion-quema-diablo-oscar-rivas-4-1.webp","og:image:secure_url":"https:\/\/soymigrante.com\/revista\/wp-content\/uploads\/2024\/11\/virgen-concepcion-quema-diablo-oscar-rivas-4-1.webp","og:image:width":1338,"og:image:height":1338,"article:published_time":"2023-12-08T19:26:11+00:00","article:modified_time":"2024-11-30T19:28:52+00:00","article:publisher":"https:\/\/www.facebook.com\/soymigrantecom","twitter:card":"summary_large_image","twitter:site":"@SoyMigrante_com","twitter:title":"Tradiciones y recuerdos de diciembre en Guatemala encienden nostalgia migrante","twitter:description":"Son sonidos y recuerdos atesorados en la memoria y el coraz\u00f3n; vivencias de pueblo y barrio, sonrisas con familia y amigos. Estas son algunas tradiciones decembrinas que migrantes guatemaltecos llevan en el alma. Fogarones 2023 en la colonia Jocotales, Chinautla, cerca del mercado y la parada de buses. Video cortes\u00eda de Juan Marcos Morales. Los","twitter:creator":"@SoyMigrante_com","twitter:image":"https:\/\/soymigrante.com\/revista\/wp-content\/uploads\/2024\/11\/virgen-concepcion-quema-diablo-oscar-rivas-4-1.webp"},"aioseo_meta_data":{"post_id":"17022","title":"Significado de personajes en nacimiento gigante de Esquipulas","description":"A un costado de la Bas\u00edlica del Santo Cristo de Esquipulas se erigi\u00f3 un nacimiento gigante, con personajes de tama\u00f1o natural. \u00bfQu\u00e9 simboliza cada uno? Ent\u00e9rate","keywords":null,"keyphrases":{"focus":{"keyphrase":"Nacimiento","score":78,"analysis":{"keyphraseInTitle":{"score":9,"maxScore":9,"error":0},"keyphraseInDescription":{"score":9,"maxScore":9,"error":0},"keyphraseLength":{"score":9,"maxScore":9,"error":0,"length":1},"keyphraseInURL":{"score":5,"maxScore":5,"error":0},"keyphraseInIntroduction":{"score":9,"maxScore":9,"error":0},"keyphraseInSubHeadings":{"score":3,"maxScore":9,"error":1},"keyphraseInImageAlt":{"score":9,"maxScore":9,"error":0},"keywordDensity":{"score":0,"type":"low","maxScore":9,"error":1}}},"additional":[{"keyphrase":"Esquipulas","score":67,"analysis":{"keyphraseInDescription":{"score":9,"maxScore":9,"error":0},"keyphraseLength":{"score":9,"maxScore":9,"error":0,"length":1},"keyphraseInIntroduction":{"score":3,"maxScore":9,"error":1},"keyphraseInImageAlt":{"score":9,"maxScore":9,"error":0},"keywordDensity":{"score":0,"type":"low","maxScore":9,"error":1}}},{"keyphrase":"Natividad","score":53,"analysis":{"keyphraseInDescription":{"score":3,"maxScore":9,"error":1},"keyphraseLength":{"score":9,"maxScore":9,"error":0,"length":1},"keyphraseInIntroduction":{"score":3,"maxScore":9,"error":1},"keyphraseInImageAlt":{"score":9,"maxScore":9,"error":0},"keywordDensity":{"score":0,"type":"low","maxScore":9,"error":1}}}]},"primary_term":null,"canonical_url":null,"og_title":null,"og_description":null,"og_object_type":"default","og_image_type":"default","og_image_url":null,"og_image_width":null,"og_image_height":null,"og_image_custom_url":null,"og_image_custom_fields":null,"og_video":"","og_custom_url":null,"og_article_section":null,"og_article_tags":null,"twitter_use_og":false,"twitter_card":"default","twitter_image_type":"default","twitter_image_url":null,"twitter_image_custom_url":null,"twitter_image_custom_fields":null,"twitter_title":null,"twitter_description":null,"schema":{"blockGraphs":[],"customGraphs":[],"default":{"data":{"Article":[],"Course":[],"Dataset":[],"FAQPage":[],"Movie":[],"Person":[],"Product":[],"ProductReview":[],"Car":[],"Recipe":[],"Service":[],"SoftwareApplication":[],"WebPage":[]},"graphName":"none","isEnabled":true},"graphs":[]},"schema_type":"default","schema_type_options":null,"pillar_content":false,"robots_default":true,"robots_noindex":false,"robots_noarchive":false,"robots_nosnippet":false,"robots_nofollow":false,"robots_noimageindex":false,"robots_noodp":false,"robots_notranslate":false,"robots_max_snippet":"-1","robots_max_videopreview":"-1","robots_max_imagepreview":"large","priority":null,"frequency":"default","local_seo":null,"seo_analyzer_scan_date":"2025-10-09 01:07:51","breadcrumb_settings":null,"limit_modified_date":false,"reviewed_by":null,"open_ai":"{\"title\":{\"suggestions\":[],\"usage\":0},\"description\":{\"suggestions\":[],\"usage\":0}}","ai":null,"created":"2024-12-17 22:00:58","updated":"2026-02-04 18:30:05"},"aioseo_breadcrumb":"<div class=\"aioseo-breadcrumbs\"><span class=\"aioseo-breadcrumb\">\n\t<a href=\"https:\/\/soymigrante.com\/revista\" title=\"Home\">Home<\/a>\n<\/span><span class=\"aioseo-breadcrumb-separator\">\u00bb<\/span><span class=\"aioseo-breadcrumb\">\n\t<a href=\"https:\/\/soymigrante.com\/revista\/category\/guate-nuestra\/\" title=\"Guate Nuestra\">Guate Nuestra<\/a>\n<\/span><span class=\"aioseo-breadcrumb-separator\">\u00bb<\/span><span class=\"aioseo-breadcrumb\">\n\tSignificado de los personajes de la Natividad, en Nacimiento Gigante de Esquipulas\n<\/span><\/div>","aioseo_breadcrumb_json":[{"label":"Home","link":"https:\/\/soymigrante.com\/revista"},{"label":"Guate Nuestra","link":"https:\/\/soymigrante.com\/revista\/category\/guate-nuestra\/"},{"label":"Significado de los personajes de la Natividad, en Nacimiento Gigante de Esquipulas","link":"https:\/\/soymigrante.com\/revista\/significado-personajes-nacimiento-gigante-de-esquipulas\/"}],"_links":{"self":[{"href":"https:\/\/soymigrante.com\/revista\/wp-json\/wp\/v2\/posts\/17022","targetHints":{"allow":["GET"]}}],"collection":[{"href":"https:\/\/soymigrante.com\/revista\/wp-json\/wp\/v2\/posts"}],"about":[{"href":"https:\/\/soymigrante.com\/revista\/wp-json\/wp\/v2\/types\/post"}],"author":[{"embeddable":true,"href":"https:\/\/soymigrante.com\/revista\/wp-json\/wp\/v2\/users\/7"}],"replies":[{"embeddable":true,"href":"https:\/\/soymigrante.com\/revista\/wp-json\/wp\/v2\/comments?post=17022"}],"version-history":[{"count":1,"href":"https:\/\/soymigrante.com\/revista\/wp-json\/wp\/v2\/posts\/17022\/revisions"}],"predecessor-version":[{"id":31079,"href":"https:\/\/soymigrante.com\/revista\/wp-json\/wp\/v2\/posts\/17022\/revisions\/31079"}],"wp:featuredmedia":[{"embeddable":true,"href":"https:\/\/soymigrante.com\/revista\/wp-json\/wp\/v2\/media\/17024"}],"wp:attachment":[{"href":"https:\/\/soymigrante.com\/revista\/wp-json\/wp\/v2\/media?parent=17022"}],"wp:term":[{"taxonomy":"category","embeddable":true,"href":"https:\/\/soymigrante.com\/revista\/wp-json\/wp\/v2\/categories?post=17022"},{"taxonomy":"post_tag","embeddable":true,"href":"https:\/\/soymigrante.com\/revista\/wp-json\/wp\/v2\/tags?post=17022"}],"curies":[{"name":"wp","href":"https:\/\/api.w.org\/{rel}","templated":true}]}}